{"id":7438,"date":"2022-05-10T10:00:04","date_gmt":"2022-05-10T08:00:04","guid":{"rendered":"https:\/\/www.anovapeneira.gal\/?p=7438"},"modified":"2022-05-06T09:44:51","modified_gmt":"2022-05-06T07:44:51","slug":"a-lingua-galega-contara-coa-sua-primeira-editorial-especializada-en-activismo","status":"publish","type":"post","link":"https:\/\/www.anovapeneira.gal\/index.php\/2022\/05\/10\/a-lingua-galega-contara-coa-sua-primeira-editorial-especializada-en-activismo\/","title":{"rendered":"A lingua galega contar\u00e1 coa s\u00faa primeira editorial especializada en activismo"},"content":{"rendered":"\n<h2 class=\"wp-block-heading\">O activismo, a mobilizaci\u00f3n social e o pensamento cr\u00edtico ser\u00e1n os alicerces sobre os que se soster\u00e1 este novo proxecto editorial<\/h2>\n\n\n\n<p>Galicia, 03 de Maio de 2022. O vindeiro s\u00e1bado 14 de maio ter\u00e1 lugar a presentaci\u00f3n de 13<br>editora (Espacio Simia, 20:00 horas; apertura de portas 19:30). O selo abre unha nova v\u00eda para<br>a literatura galega a trav\u00e9s da s\u00faa especializaci\u00f3n en textos centrados no activismo e nos<br>procesos de construci\u00f3n de contrapoder.<\/p>\n\n\n\n<p>O obxectivo central da editorial \u00e9 \u201cpropiciar a construci\u00f3n dun tecido social proactivo e anal\u00edtico<br>que contrib\u00faa a conformar un mundo m\u00e1is xusto a trav\u00e9s de olladas e discursos de car\u00e1cter<br>plural\u201d. Para iso publicar\u00e1 manuais e ensaios, tanto acad\u00e9micos como divulgativos, relacionados<br>co eido do empoderamento e a organizaci\u00f3n colectiva.<\/p>\n\n\n\n<p>O cat\u00e1logo conformarase por t\u00edtulos de autor\u00edas e xeograf\u00edas diversas que tratar\u00e1n cuesti\u00f3ns<br>relacionadas coa construci\u00f3n de alternativas e resposta social. Os libros permitir\u00e1n que as<br>persoas e as organizaci\u00f3ns dispo\u00f1an de materiais de calidade cos que mellorar o seu<br>funcionamento e impacto, as\u00ed como a s\u00faa an\u00e1lise da realidade.<\/p>\n\n\n\n<p>A editora, que tivo que adiar a s\u00faa sa\u00edda por mor do COVID-19, desenvolver\u00e1 a s\u00faa presentaci\u00f3n<br>no contexto da celebraci\u00f3n do d\u00eda das letras galegas expo\u00f1endo as li\u00f1as principais do proxecto<br>as\u00ed como tam\u00e9n po\u00f1endo a disposici\u00f3n das persoas presentes os seus materiais.<\/p>\n\n\n\n<p><strong>13 editora<\/strong><br>O selo 13 editora \u00e9 un proxecto editorial sen \u00e1nimo de lucro de car\u00e1cter independente que xorde<br>ao abeiro de ECOAR))). A editorial \u00e9 un proxecto de formaci\u00f3n e informaci\u00f3n social, econ\u00f3mica,<br>pol\u00edtica e cultural que pretende producir contidos que espallen o pensamento cr\u00edtico e alternativo<br>as\u00ed como o co\u00f1ecemento relacionado co eido do activismo e a mobilizaci\u00f3n social.<\/p>\n\n\n\n<p>A editorial 13 editora \u00e9 un proxecto sostible e autoxestionado, que traballa dende un enfoque<br>cr\u00edtico, emancipador e contracultural para ofrecer materiais de diverso tipo relacionados coa<br>construci\u00f3n de alternativas e resposta social. A editora pretende propiciar a construci\u00f3n dun<br>tecido social proactivo e anal\u00edtico que contrib\u00faa conformar un mundo m\u00e1is xusto a trav\u00e9s de<br>olladas e discursos de car\u00e1cter plural.<\/p>\n","protected":false},"excerpt":{"rendered":"<div class=\"mh-excerpt\"><p>O activismo, a mobilizaci\u00f3n social e o pensamento cr\u00edtico ser\u00e1n os alicerces sobre os que se soster\u00e1 este novo proxecto editorial <a class=\"mh-excerpt-more\" href=\"https:\/\/www.anovapeneira.gal\/index.php\/2022\/05\/10\/a-lingua-galega-contara-coa-sua-primeira-editorial-especializada-en-activismo\/\" title=\"A lingua galega contar\u00e1 coa s\u00faa primeira editorial especializada en activismo\">[&#8230;]<\/a><\/p>\n<\/div>","protected":false},"author":3,"featured_media":7439,"comment_status":"open","ping_status":"open","sticky":false,"template":"","format":"standard","meta":{"_exactmetrics_skip_tracking":false,"_exactmetrics_sitenote_active":false,"_exactmetrics_sitenote_note":"","_exactmetrics_sitenote_category":0,"footnotes":""},"categories":[19],"tags":[227],"class_list":{"0":"post-7438","1":"post","2":"type-post","3":"status-publish","4":"format-standard","5":"has-post-thumbnail","7":"category-vigo","8":"tag-concello-de-vigo"},"yoast_head":"<!-- This site is optimized with the Yoast SEO plugin v27.4 - https:\/\/yoast.com\/product\/yoast-seo-wordpress\/ -->\n<title>A lingua galega contar\u00e1 coa s\u00faa primeira editorial especializada en activismo -<\/title>\n<meta name=\"description\" content=\"O activismo, a mobilizaci\u00f3n social e o pensamento cr\u00edtico ser\u00e1n os alicerces sobre os que se soster\u00e1 este novo proxecto editorial\" \/>\n<meta name=\"robots\" content=\"index, follow, max-snippet:-1, max-image-preview:large, max-video-preview:-1\" \/>\n<link rel=\"canonical\" href=\"https:\/\/www.anovapeneira.gal\/index.php\/2022\/05\/10\/a-lingua-galega-contara-coa-sua-primeira-editorial-especializada-en-activismo\/\" \/>\n<meta property=\"og:locale\" content=\"gl_ES\" \/>\n<meta property=\"og:type\" content=\"article\" \/>\n<meta property=\"og:title\" content=\"A lingua galega contar\u00e1 coa s\u00faa primeira editorial especializada en activismo -\" \/>\n<meta property=\"og:description\" content=\"O activismo, a mobilizaci\u00f3n social e o pensamento cr\u00edtico ser\u00e1n os alicerces sobre os que se soster\u00e1 este novo proxecto editorial\" \/>\n<meta property=\"og:url\" content=\"https:\/\/www.anovapeneira.gal\/index.php\/2022\/05\/10\/a-lingua-galega-contara-coa-sua-primeira-editorial-especializada-en-activismo\/\" \/>\n<meta property=\"article:publisher\" content=\"https:\/\/www.facebook.com\/anovapeneira\" \/>\n<meta property=\"article:published_time\" content=\"2022-05-10T08:00:04+00:00\" \/>\n<meta property=\"og:image\" content=\"https:\/\/www.anovapeneira.gal\/wp-content\/uploads\/2022\/05\/editora13.jpg\" \/>\n\t<meta property=\"og:image:width\" content=\"720\" \/>\n\t<meta property=\"og:image:height\" content=\"432\" \/>\n\t<meta property=\"og:image:type\" content=\"image\/jpeg\" \/>\n<meta name=\"author\" content=\"Redacci\u00f3n A Nova Peneira\" \/>\n<meta name=\"twitter:card\" content=\"summary_large_image\" \/>\n<meta name=\"twitter:creator\" content=\"@APeneira\" \/>\n<meta name=\"twitter:site\" content=\"@APeneira\" \/>\n<meta name=\"twitter:label1\" content=\"Escrito por\" \/>\n\t<meta name=\"twitter:data1\" content=\"Redacci\u00f3n A Nova Peneira\" \/>\n\t<meta name=\"twitter:label2\" content=\"Tempo de lectura\" \/>\n\t<meta name=\"twitter:data2\" content=\"2 minutos\" \/>\n<script type=\"application\/ld+json\" class=\"yoast-schema-graph\">{\"@context\":\"https:\\\/\\\/schema.org\",\"@graph\":[{\"@type\":\"Article\",\"@id\":\"https:\\\/\\\/www.anovapeneira.gal\\\/index.php\\\/2022\\\/05\\\/10\\\/a-lingua-galega-contara-coa-sua-primeira-editorial-especializada-en-activismo\\\/#article\",\"isPartOf\":{\"@id\":\"https:\\\/\\\/www.anovapeneira.gal\\\/index.php\\\/2022\\\/05\\\/10\\\/a-lingua-galega-contara-coa-sua-primeira-editorial-especializada-en-activismo\\\/\"},\"author\":{\"name\":\"Redacci\u00f3n A Nova Peneira\",\"@id\":\"https:\\\/\\\/www.anovapeneira.gal\\\/#\\\/schema\\\/person\\\/b93e3f8932e3f8da96334607eb6ac6aa\"},\"headline\":\"A lingua galega contar\u00e1 coa s\u00faa primeira editorial especializada en activismo\",\"datePublished\":\"2022-05-10T08:00:04+00:00\",\"mainEntityOfPage\":{\"@id\":\"https:\\\/\\\/www.anovapeneira.gal\\\/index.php\\\/2022\\\/05\\\/10\\\/a-lingua-galega-contara-coa-sua-primeira-editorial-especializada-en-activismo\\\/\"},\"wordCount\":382,\"commentCount\":0,\"publisher\":{\"@id\":\"https:\\\/\\\/www.anovapeneira.gal\\\/#organization\"},\"image\":{\"@id\":\"https:\\\/\\\/www.anovapeneira.gal\\\/index.php\\\/2022\\\/05\\\/10\\\/a-lingua-galega-contara-coa-sua-primeira-editorial-especializada-en-activismo\\\/#primaryimage\"},\"thumbnailUrl\":\"https:\\\/\\\/www.anovapeneira.gal\\\/wp-content\\\/uploads\\\/2022\\\/05\\\/editora13.jpg\",\"keywords\":[\"Concello de Vigo\"],\"articleSection\":[\"Vigo\"],\"inLanguage\":\"gl-ES\",\"potentialAction\":[{\"@type\":\"CommentAction\",\"name\":\"Comment\",\"target\":[\"https:\\\/\\\/www.anovapeneira.gal\\\/index.php\\\/2022\\\/05\\\/10\\\/a-lingua-galega-contara-coa-sua-primeira-editorial-especializada-en-activismo\\\/#respond\"]}]},{\"@type\":\"WebPage\",\"@id\":\"https:\\\/\\\/www.anovapeneira.gal\\\/index.php\\\/2022\\\/05\\\/10\\\/a-lingua-galega-contara-coa-sua-primeira-editorial-especializada-en-activismo\\\/\",\"url\":\"https:\\\/\\\/www.anovapeneira.gal\\\/index.php\\\/2022\\\/05\\\/10\\\/a-lingua-galega-contara-coa-sua-primeira-editorial-especializada-en-activismo\\\/\",\"name\":\"A lingua galega contar\u00e1 coa s\u00faa primeira editorial especializada en activismo -\",\"isPartOf\":{\"@id\":\"https:\\\/\\\/www.anovapeneira.gal\\\/#website\"},\"primaryImageOfPage\":{\"@id\":\"https:\\\/\\\/www.anovapeneira.gal\\\/index.php\\\/2022\\\/05\\\/10\\\/a-lingua-galega-contara-coa-sua-primeira-editorial-especializada-en-activismo\\\/#primaryimage\"},\"image\":{\"@id\":\"https:\\\/\\\/www.anovapeneira.gal\\\/index.php\\\/2022\\\/05\\\/10\\\/a-lingua-galega-contara-coa-sua-primeira-editorial-especializada-en-activismo\\\/#primaryimage\"},\"thumbnailUrl\":\"https:\\\/\\\/www.anovapeneira.gal\\\/wp-content\\\/uploads\\\/2022\\\/05\\\/editora13.jpg\",\"datePublished\":\"2022-05-10T08:00:04+00:00\",\"description\":\"O activismo, a mobilizaci\u00f3n social e o pensamento cr\u00edtico ser\u00e1n os alicerces sobre os que se soster\u00e1 este novo proxecto editorial\",\"breadcrumb\":{\"@id\":\"https:\\\/\\\/www.anovapeneira.gal\\\/index.php\\\/2022\\\/05\\\/10\\\/a-lingua-galega-contara-coa-sua-primeira-editorial-especializada-en-activismo\\\/#breadcrumb\"},\"inLanguage\":\"gl-ES\",\"potentialAction\":[{\"@type\":\"ReadAction\",\"target\":[\"https:\\\/\\\/www.anovapeneira.gal\\\/index.php\\\/2022\\\/05\\\/10\\\/a-lingua-galega-contara-coa-sua-primeira-editorial-especializada-en-activismo\\\/\"]}]},{\"@type\":\"ImageObject\",\"inLanguage\":\"gl-ES\",\"@id\":\"https:\\\/\\\/www.anovapeneira.gal\\\/index.php\\\/2022\\\/05\\\/10\\\/a-lingua-galega-contara-coa-sua-primeira-editorial-especializada-en-activismo\\\/#primaryimage\",\"url\":\"https:\\\/\\\/www.anovapeneira.gal\\\/wp-content\\\/uploads\\\/2022\\\/05\\\/editora13.jpg\",\"contentUrl\":\"https:\\\/\\\/www.anovapeneira.gal\\\/wp-content\\\/uploads\\\/2022\\\/05\\\/editora13.jpg\",\"width\":720,\"height\":432,\"caption\":\"Editora 13\"},{\"@type\":\"BreadcrumbList\",\"@id\":\"https:\\\/\\\/www.anovapeneira.gal\\\/index.php\\\/2022\\\/05\\\/10\\\/a-lingua-galega-contara-coa-sua-primeira-editorial-especializada-en-activismo\\\/#breadcrumb\",\"itemListElement\":[{\"@type\":\"ListItem\",\"position\":1,\"name\":\"Portada\",\"item\":\"https:\\\/\\\/www.anovapeneira.gal\\\/\"},{\"@type\":\"ListItem\",\"position\":2,\"name\":\"A lingua galega contar\u00e1 coa s\u00faa primeira editorial especializada en activismo\"}]},{\"@type\":\"WebSite\",\"@id\":\"https:\\\/\\\/www.anovapeneira.gal\\\/#website\",\"url\":\"https:\\\/\\\/www.anovapeneira.gal\\\/\",\"name\":\"\",\"description\":\"Xornal galego de informaci\u00f3n xeral Publicaci\u00f3n mensual de novas de Galicia e en especial dos Concellos da sur da provincia de Pontevedra.\",\"publisher\":{\"@id\":\"https:\\\/\\\/www.anovapeneira.gal\\\/#organization\"},\"potentialAction\":[{\"@type\":\"SearchAction\",\"target\":{\"@type\":\"EntryPoint\",\"urlTemplate\":\"https:\\\/\\\/www.anovapeneira.gal\\\/?s={search_term_string}\"},\"query-input\":{\"@type\":\"PropertyValueSpecification\",\"valueRequired\":true,\"valueName\":\"search_term_string\"}}],\"inLanguage\":\"gl-ES\"},{\"@type\":\"Organization\",\"@id\":\"https:\\\/\\\/www.anovapeneira.gal\\\/#organization\",\"name\":\"A Nova Peneira\",\"url\":\"https:\\\/\\\/www.anovapeneira.gal\\\/\",\"logo\":{\"@type\":\"ImageObject\",\"inLanguage\":\"gl-ES\",\"@id\":\"https:\\\/\\\/www.anovapeneira.gal\\\/#\\\/schema\\\/logo\\\/image\\\/\",\"url\":\"http:\\\/\\\/www.anovapeneira.gal\\\/wp-content\\\/uploads\\\/2019\\\/06\\\/logo_a_nova_peneira_portal_web.png\",\"contentUrl\":\"http:\\\/\\\/www.anovapeneira.gal\\\/wp-content\\\/uploads\\\/2019\\\/06\\\/logo_a_nova_peneira_portal_web.png\",\"width\":300,\"height\":100,\"caption\":\"A Nova Peneira\"},\"image\":{\"@id\":\"https:\\\/\\\/www.anovapeneira.gal\\\/#\\\/schema\\\/logo\\\/image\\\/\"},\"sameAs\":[\"https:\\\/\\\/www.facebook.com\\\/anovapeneira\",\"https:\\\/\\\/x.com\\\/APeneira\"]},{\"@type\":\"Person\",\"@id\":\"https:\\\/\\\/www.anovapeneira.gal\\\/#\\\/schema\\\/person\\\/b93e3f8932e3f8da96334607eb6ac6aa\",\"name\":\"Redacci\u00f3n A Nova Peneira\",\"image\":{\"@type\":\"ImageObject\",\"inLanguage\":\"gl-ES\",\"@id\":\"https:\\\/\\\/secure.gravatar.com\\\/avatar\\\/c052a2551a06e23fac63626232eaa90abd78dbcf1700fc46a2b2c89fd27b735f?s=96&d=mm&r=g\",\"url\":\"https:\\\/\\\/secure.gravatar.com\\\/avatar\\\/c052a2551a06e23fac63626232eaa90abd78dbcf1700fc46a2b2c89fd27b735f?s=96&d=mm&r=g\",\"contentUrl\":\"https:\\\/\\\/secure.gravatar.com\\\/avatar\\\/c052a2551a06e23fac63626232eaa90abd78dbcf1700fc46a2b2c89fd27b735f?s=96&d=mm&r=g\",\"caption\":\"Redacci\u00f3n A Nova Peneira\"},\"sameAs\":[\"http:\\\/\\\/www.anovapeneira.gal\\\/\"],\"url\":\"https:\\\/\\\/www.anovapeneira.gal\\\/index.php\\\/author\\\/redactor\\\/\"}]}<\/script>\n<!-- \/ Yoast SEO plugin. -->","yoast_head_json":{"title":"A lingua galega contar\u00e1 coa s\u00faa primeira editorial especializada en activismo -","description":"O activismo, a mobilizaci\u00f3n social e o pensamento cr\u00edtico ser\u00e1n os alicerces sobre os que se soster\u00e1 este novo proxecto editorial","robots":{"index":"index","follow":"follow","max-snippet":"max-snippet:-1","max-image-preview":"max-image-preview:large","max-video-preview":"max-video-preview:-1"},"canonical":"https:\/\/www.anovapeneira.gal\/index.php\/2022\/05\/10\/a-lingua-galega-contara-coa-sua-primeira-editorial-especializada-en-activismo\/","og_locale":"gl_ES","og_type":"article","og_title":"A lingua galega contar\u00e1 coa s\u00faa primeira editorial especializada en activismo -","og_description":"O activismo, a mobilizaci\u00f3n social e o pensamento cr\u00edtico ser\u00e1n os alicerces sobre os que se soster\u00e1 este novo proxecto editorial","og_url":"https:\/\/www.anovapeneira.gal\/index.php\/2022\/05\/10\/a-lingua-galega-contara-coa-sua-primeira-editorial-especializada-en-activismo\/","article_publisher":"https:\/\/www.facebook.com\/anovapeneira","article_published_time":"2022-05-10T08:00:04+00:00","og_image":[{"width":720,"height":432,"url":"https:\/\/www.anovapeneira.gal\/wp-content\/uploads\/2022\/05\/editora13.jpg","type":"image\/jpeg"}],"author":"Redacci\u00f3n A Nova Peneira","twitter_card":"summary_large_image","twitter_creator":"@APeneira","twitter_site":"@APeneira","twitter_misc":{"Escrito por":"Redacci\u00f3n A Nova Peneira","Tempo de lectura":"2 minutos"},"schema":{"@context":"https:\/\/schema.org","@graph":[{"@type":"Article","@id":"https:\/\/www.anovapeneira.gal\/index.php\/2022\/05\/10\/a-lingua-galega-contara-coa-sua-primeira-editorial-especializada-en-activismo\/#article","isPartOf":{"@id":"https:\/\/www.anovapeneira.gal\/index.php\/2022\/05\/10\/a-lingua-galega-contara-coa-sua-primeira-editorial-especializada-en-activismo\/"},"author":{"name":"Redacci\u00f3n A Nova Peneira","@id":"https:\/\/www.anovapeneira.gal\/#\/schema\/person\/b93e3f8932e3f8da96334607eb6ac6aa"},"headline":"A lingua galega contar\u00e1 coa s\u00faa primeira editorial especializada en activismo","datePublished":"2022-05-10T08:00:04+00:00","mainEntityOfPage":{"@id":"https:\/\/www.anovapeneira.gal\/index.php\/2022\/05\/10\/a-lingua-galega-contara-coa-sua-primeira-editorial-especializada-en-activismo\/"},"wordCount":382,"commentCount":0,"publisher":{"@id":"https:\/\/www.anovapeneira.gal\/#organization"},"image":{"@id":"https:\/\/www.anovapeneira.gal\/index.php\/2022\/05\/10\/a-lingua-galega-contara-coa-sua-primeira-editorial-especializada-en-activismo\/#primaryimage"},"thumbnailUrl":"https:\/\/www.anovapeneira.gal\/wp-content\/uploads\/2022\/05\/editora13.jpg","keywords":["Concello de Vigo"],"articleSection":["Vigo"],"inLanguage":"gl-ES","potentialAction":[{"@type":"CommentAction","name":"Comment","target":["https:\/\/www.anovapeneira.gal\/index.php\/2022\/05\/10\/a-lingua-galega-contara-coa-sua-primeira-editorial-especializada-en-activismo\/#respond"]}]},{"@type":"WebPage","@id":"https:\/\/www.anovapeneira.gal\/index.php\/2022\/05\/10\/a-lingua-galega-contara-coa-sua-primeira-editorial-especializada-en-activismo\/","url":"https:\/\/www.anovapeneira.gal\/index.php\/2022\/05\/10\/a-lingua-galega-contara-coa-sua-primeira-editorial-especializada-en-activismo\/","name":"A lingua galega contar\u00e1 coa s\u00faa primeira editorial especializada en activismo -","isPartOf":{"@id":"https:\/\/www.anovapeneira.gal\/#website"},"primaryImageOfPage":{"@id":"https:\/\/www.anovapeneira.gal\/index.php\/2022\/05\/10\/a-lingua-galega-contara-coa-sua-primeira-editorial-especializada-en-activismo\/#primaryimage"},"image":{"@id":"https:\/\/www.anovapeneira.gal\/index.php\/2022\/05\/10\/a-lingua-galega-contara-coa-sua-primeira-editorial-especializada-en-activismo\/#primaryimage"},"thumbnailUrl":"https:\/\/www.anovapeneira.gal\/wp-content\/uploads\/2022\/05\/editora13.jpg","datePublished":"2022-05-10T08:00:04+00:00","description":"O activismo, a mobilizaci\u00f3n social e o pensamento cr\u00edtico ser\u00e1n os alicerces sobre os que se soster\u00e1 este novo proxecto editorial","breadcrumb":{"@id":"https:\/\/www.anovapeneira.gal\/index.php\/2022\/05\/10\/a-lingua-galega-contara-coa-sua-primeira-editorial-especializada-en-activismo\/#breadcrumb"},"inLanguage":"gl-ES","potentialAction":[{"@type":"ReadAction","target":["https:\/\/www.anovapeneira.gal\/index.php\/2022\/05\/10\/a-lingua-galega-contara-coa-sua-primeira-editorial-especializada-en-activismo\/"]}]},{"@type":"ImageObject","inLanguage":"gl-ES","@id":"https:\/\/www.anovapeneira.gal\/index.php\/2022\/05\/10\/a-lingua-galega-contara-coa-sua-primeira-editorial-especializada-en-activismo\/#primaryimage","url":"https:\/\/www.anovapeneira.gal\/wp-content\/uploads\/2022\/05\/editora13.jpg","contentUrl":"https:\/\/www.anovapeneira.gal\/wp-content\/uploads\/2022\/05\/editora13.jpg","width":720,"height":432,"caption":"Editora 13"},{"@type":"BreadcrumbList","@id":"https:\/\/www.anovapeneira.gal\/index.php\/2022\/05\/10\/a-lingua-galega-contara-coa-sua-primeira-editorial-especializada-en-activismo\/#breadcrumb","itemListElement":[{"@type":"ListItem","position":1,"name":"Portada","item":"https:\/\/www.anovapeneira.gal\/"},{"@type":"ListItem","position":2,"name":"A lingua galega contar\u00e1 coa s\u00faa primeira editorial especializada en activismo"}]},{"@type":"WebSite","@id":"https:\/\/www.anovapeneira.gal\/#website","url":"https:\/\/www.anovapeneira.gal\/","name":"","description":"Xornal galego de informaci\u00f3n xeral Publicaci\u00f3n mensual de novas de Galicia e en especial dos Concellos da sur da provincia de Pontevedra.","publisher":{"@id":"https:\/\/www.anovapeneira.gal\/#organization"},"potentialAction":[{"@type":"SearchAction","target":{"@type":"EntryPoint","urlTemplate":"https:\/\/www.anovapeneira.gal\/?s={search_term_string}"},"query-input":{"@type":"PropertyValueSpecification","valueRequired":true,"valueName":"search_term_string"}}],"inLanguage":"gl-ES"},{"@type":"Organization","@id":"https:\/\/www.anovapeneira.gal\/#organization","name":"A Nova Peneira","url":"https:\/\/www.anovapeneira.gal\/","logo":{"@type":"ImageObject","inLanguage":"gl-ES","@id":"https:\/\/www.anovapeneira.gal\/#\/schema\/logo\/image\/","url":"http:\/\/www.anovapeneira.gal\/wp-content\/uploads\/2019\/06\/logo_a_nova_peneira_portal_web.png","contentUrl":"http:\/\/www.anovapeneira.gal\/wp-content\/uploads\/2019\/06\/logo_a_nova_peneira_portal_web.png","width":300,"height":100,"caption":"A Nova Peneira"},"image":{"@id":"https:\/\/www.anovapeneira.gal\/#\/schema\/logo\/image\/"},"sameAs":["https:\/\/www.facebook.com\/anovapeneira","https:\/\/x.com\/APeneira"]},{"@type":"Person","@id":"https:\/\/www.anovapeneira.gal\/#\/schema\/person\/b93e3f8932e3f8da96334607eb6ac6aa","name":"Redacci\u00f3n A Nova Peneira","image":{"@type":"ImageObject","inLanguage":"gl-ES","@id":"https:\/\/secure.gravatar.com\/avatar\/c052a2551a06e23fac63626232eaa90abd78dbcf1700fc46a2b2c89fd27b735f?s=96&d=mm&r=g","url":"https:\/\/secure.gravatar.com\/avatar\/c052a2551a06e23fac63626232eaa90abd78dbcf1700fc46a2b2c89fd27b735f?s=96&d=mm&r=g","contentUrl":"https:\/\/secure.gravatar.com\/avatar\/c052a2551a06e23fac63626232eaa90abd78dbcf1700fc46a2b2c89fd27b735f?s=96&d=mm&r=g","caption":"Redacci\u00f3n A Nova Peneira"},"sameAs":["http:\/\/www.anovapeneira.gal\/"],"url":"https:\/\/www.anovapeneira.gal\/index.php\/author\/redactor\/"}]}},"jetpack_featured_media_url":"https:\/\/www.anovapeneira.gal\/wp-content\/uploads\/2022\/05\/editora13.jpg","_links":{"self":[{"href":"https:\/\/www.anovapeneira.gal\/index.php\/wp-json\/wp\/v2\/posts\/7438","targetHints":{"allow":["GET"]}}],"collection":[{"href":"https:\/\/www.anovapeneira.gal\/index.php\/wp-json\/wp\/v2\/posts"}],"about":[{"href":"https:\/\/www.anovapeneira.gal\/index.php\/wp-json\/wp\/v2\/types\/post"}],"author":[{"embeddable":true,"href":"https:\/\/www.anovapeneira.gal\/index.php\/wp-json\/wp\/v2\/users\/3"}],"replies":[{"embeddable":true,"href":"https:\/\/www.anovapeneira.gal\/index.php\/wp-json\/wp\/v2\/comments?post=7438"}],"version-history":[{"count":1,"href":"https:\/\/www.anovapeneira.gal\/index.php\/wp-json\/wp\/v2\/posts\/7438\/revisions"}],"predecessor-version":[{"id":7440,"href":"https:\/\/www.anovapeneira.gal\/index.php\/wp-json\/wp\/v2\/posts\/7438\/revisions\/7440"}],"wp:featuredmedia":[{"embeddable":true,"href":"https:\/\/www.anovapeneira.gal\/index.php\/wp-json\/wp\/v2\/media\/7439"}],"wp:attachment":[{"href":"https:\/\/www.anovapeneira.gal\/index.php\/wp-json\/wp\/v2\/media?parent=7438"}],"wp:term":[{"taxonomy":"category","embeddable":true,"href":"https:\/\/www.anovapeneira.gal\/index.php\/wp-json\/wp\/v2\/categories?post=7438"},{"taxonomy":"post_tag","embeddable":true,"href":"https:\/\/www.anovapeneira.gal\/index.php\/wp-json\/wp\/v2\/tags?post=7438"}],"curies":[{"name":"wp","href":"https:\/\/api.w.org\/{rel}","templated":true}]}}