{"id":7445,"date":"2022-05-10T12:00:03","date_gmt":"2022-05-10T10:00:03","guid":{"rendered":"https:\/\/www.anovapeneira.gal\/?p=7445"},"modified":"2022-05-06T09:44:42","modified_gmt":"2022-05-06T07:44:42","slug":"o-neno-vigues-diego-ibanez-campion-galego-sub-12-de-xadrez","status":"publish","type":"post","link":"https:\/\/www.anovapeneira.gal\/index.php\/2022\/05\/10\/o-neno-vigues-diego-ibanez-campion-galego-sub-12-de-xadrez\/","title":{"rendered":"O neno Vigu\u00e9s Diego Ib\u00e1\u00f1ez campi\u00f3n galego sub 12 de Xadrez"},"content":{"rendered":"\n<p><strong>Con 11 anos cumpridos no mes de abril Diego acaba de se proclamar campi\u00f3n galego de xadrez sub 12. El \u00e9 un alumno do noso amigo Roberto, de xadrez galego na r\u00faa Reise\u00f1or de Vigo, e para n\u00f3s foi un pracer co\u00f1ecer a quen leva cami\u00f1o de se converter nun grande mestre deste marabilloso deporte. E as\u00ed pois conversamos con el e co seu pai Jorge.<\/strong><\/p>\n\n\n\n<p><strong>Cont\u00e1ronme que es moi activo e fas moitas actividades, cales son?<\/strong><\/p>\n\n\n\n<blockquote class=\"wp-block-quote is-layout-flow wp-block-quote-is-layout-flow\"><p>Principalmente fago f\u00fatbol e xadrez.<\/p><\/blockquote>\n\n\n\n<p><strong>Cal das d\u00faas che gusta m\u00e1is?<\/strong><\/p>\n\n\n\n<blockquote class=\"wp-block-quote is-layout-flow wp-block-quote-is-layout-flow\"><p>As d\u00faas por igual.<\/p><\/blockquote>\n\n\n\n<p><strong>A que anos comezaches a xogar ao xadrez?<\/strong><\/p>\n\n\n\n<blockquote class=\"wp-block-quote is-layout-flow wp-block-quote-is-layout-flow\"><p>Aos cinco anos.<\/p><\/blockquote>\n\n\n\n<p><strong>E porque motivo idade tan temper\u00e1?<\/strong><\/p>\n\n\n\n<blockquote class=\"wp-block-quote is-layout-flow wp-block-quote-is-layout-flow\"><p>Por casualidade, vinlle un taboleiro a meu t\u00edo na s\u00faa casa, pregunteille por el, botamos unha partida e encantoume. Cando tiven a oportunidade de facer unha actividade extraescolar no cole anoteime.<\/p><\/blockquote>\n\n\n\n<p><strong>Tes paciencia para xogar ?<\/strong><\/p>\n\n\n\n<blockquote class=\"wp-block-quote is-layout-flow wp-block-quote-is-layout-flow\"><p>Si, son bastante tranquilo, te\u00f1o moita paciencia e son de partidas longas.<\/p><\/blockquote>\n\n\n\n<p><strong>Es competitivo, g\u00fastache ganar?<\/strong><\/p>\n\n\n\n<blockquote class=\"wp-block-quote is-layout-flow wp-block-quote-is-layout-flow\"><p>Si, enf\u00e1dame perder, a calquera cousa.<\/p><\/blockquote>\n\n\n\n<p><strong>Cando comezaches no Club de Xadrez con Roberto?<\/strong><\/p>\n\n\n\n<blockquote class=\"wp-block-quote is-layout-flow wp-block-quote-is-layout-flow\"><p>Aos seis ou sete anos.<\/p><\/blockquote>\n\n\n\n<p><strong>Como se lle deu aos teus pais levarche ao Club de xadrez?<\/strong><\/p>\n\n\n\n<blockquote class=\"wp-block-quote is-layout-flow wp-block-quote-is-layout-flow\"><p><em><strong>Pap\u00e1 Jorge<\/strong><\/em>: cando comezou nas clases extraescolares de xadrez xa axi\u00f1a destacou e ao ano, m\u00e1is ou menos, leveino ao club de xadrez. Son amigo da infancia de Roberto e por iso decid\u00edn levalo al\u00ed.<\/p><\/blockquote>\n\n\n\n<p><strong>Adapt\u00e1cheste ben ao club?<\/strong><\/p>\n\n\n\n<blockquote class=\"wp-block-quote is-layout-flow wp-block-quote-is-layout-flow\"><p><em><strong>Papa Jorge<\/strong><\/em>: Ao principio aburr\u00edase. Roberto meteuno no grupo dos da s\u00faa idade e estaba desmotivado, chegou ao punto de querer deixalo. Aqu\u00ed foi cando falei con Roberto para explicarlle o que pasaba e decidiu inclu\u00edlo no grupo dos nenos maiores. Foi un salto moi grande pero aqu\u00ed estaba c\u00f3modo e volveuse enganchar ao xadrez. Xogaba con nenos de m\u00e1is de doce anos neste grupo.<\/p><\/blockquote>\n\n\n\n<p><strong>Cal foi o primeiro campionato no que competiches?<\/strong><\/p>\n\n\n\n<blockquote class=\"wp-block-quote is-layout-flow wp-block-quote-is-layout-flow\"><p>Un torneo en Pontevedra, neste quedei mal.<\/p><\/blockquote>\n\n\n\n<p><strong>E agora competiches no Campionato Galego?<\/strong><\/p>\n\n\n\n<blockquote class=\"wp-block-quote is-layout-flow wp-block-quote-is-layout-flow\"><p>Antes deste ga\u00f1ar este campionato galego compet\u00edn noutros. Comecei facendo unhas probas que se chaman Circu\u00edto Escolar de Promoci\u00f3n. Son dez probas, por idades, ao longo do anos por distintas vilas galegas. Aqu\u00ed vas sumando puntos coas probas. No segundo ano que compet\u00edn ga\u00f1ei a mi\u00f1a categor\u00eda.<\/p><\/blockquote>\n\n\n\n<blockquote class=\"wp-block-quote is-layout-flow wp-block-quote-is-layout-flow\"><p>Tam\u00e9n quedei sexto no Campionato Provincial. Xoguei por primeira vez no Campionato Galego con oito anos. Ao ano seguinte xa pasei a categor\u00eda sub10 e ga\u00f1ei o Provincial e o Galego. Este ano xoguei na categor\u00eda sub12 e volv\u00edn ga\u00f1ar o provincial e o galego.<\/p><\/blockquote>\n\n\n\n<p><strong>Cantos nenos e nenas competiron neste campionato?<\/strong><\/p>\n\n\n\n<blockquote class=\"wp-block-quote is-layout-flow wp-block-quote-is-layout-flow\"><p>64 nenos e nenas de toda Galicia.<\/p><\/blockquote>\n\n\n\n<p><strong>Cantas partidas disputaches?<\/strong><\/p>\n\n\n\n<blockquote class=\"wp-block-quote is-layout-flow wp-block-quote-is-layout-flow\"><p>Oito partidas. Ga\u00f1ei cinco partidas e tres foron t\u00e1boas. P\u00faxenme nervioso na \u00faltima partida, se a ga\u00f1aba ,ga\u00f1aba o campionato, pero fixen unha mala xogada e quedamos en t\u00e1boas, aos outros dous contrincantes tam\u00e9n lles pasou o mesmo e quedaron en t\u00e1boas tam\u00e9n. Ao final ga\u00f1ei polo Buchholz (desempate).<\/p><\/blockquote>\n\n\n\n<p><strong>Supo\u00f1o que quedar\u00eda moi contento. Cal foi o premio?<\/strong><\/p>\n\n\n\n<blockquote class=\"wp-block-quote is-layout-flow wp-block-quote-is-layout-flow\"><p>Si claro. O premio foi un trofeo e unha bolsa para o campionato de Espa\u00f1a.<\/p><\/blockquote>\n\n\n\n<p><strong>Para cando \u00e9?<\/strong><\/p>\n\n\n\n<blockquote class=\"wp-block-quote is-layout-flow wp-block-quote-is-layout-flow\"><p>Pare mediados de Xullo m\u00e1is ou menos.<\/p><\/blockquote>\n\n\n\n<p><strong>Onde se xoga?<\/strong><\/p>\n\n\n\n<blockquote class=\"wp-block-quote is-layout-flow wp-block-quote-is-layout-flow\"><p>En Salobre\u00f1a, Granada.<\/p><\/blockquote>\n\n\n\n<p><strong>Con quen vas a ir, con t\u00faa irm\u00e1, mam\u00e1 e pap\u00e1?<\/strong><\/p>\n\n\n\n<blockquote class=\"wp-block-quote is-layout-flow wp-block-quote-is-layout-flow\"><p><em><strong>Papa Jorge<\/strong>:<\/em> Non, vai a ir coa s\u00faa nai, eu quedo coa irm\u00e1 na casa. Sae moi caro viaxar toda a familia xa que a bolsa s\u00f3 \u00e9 para el non para ning\u00fan acompa\u00f1ante.<\/p><\/blockquote>\n\n\n\n<p><strong>Faiche ilusi\u00f3n desfrutar o campionato de Espa\u00f1a supo\u00f1o, con cantos nenas e nenas vas competir?<\/strong><\/p>\n\n\n\n<blockquote class=\"wp-block-quote is-layout-flow wp-block-quote-is-layout-flow\"><p>Creo que somos entre 100 e 120 participantes.<\/p><\/blockquote>\n\n\n\n<p><strong>Onde se vai desenrolar o campionato?<\/strong><\/p>\n\n\n\n<blockquote class=\"wp-block-quote is-layout-flow wp-block-quote-is-layout-flow\"><p>Nun hotel, con piscina e todo. As partidas poden durar m\u00e1is de tres horas e non sei se terei moito tempo para facer turismo, <em><strong>risas\u2026<\/strong><\/em><\/p><\/blockquote>\n\n\n\n<p><strong>Cantas horas lle dedicas ao d\u00eda ao xadrez?<\/strong><\/p>\n\n\n\n<blockquote class=\"wp-block-quote is-layout-flow wp-block-quote-is-layout-flow\"><p>Vou dous d\u00edas ao club e as fins de semana xogo algo tam\u00e9n. En total unhas cinco horas m\u00e1is ou menos.<\/p><\/blockquote>\n\n\n\n<p><strong>Como \u00e9 o teu adestramento?<\/strong><\/p>\n\n\n\n<blockquote class=\"wp-block-quote is-layout-flow wp-block-quote-is-layout-flow\"><p>Depende do d\u00eda. A veces fago aperturas, a veces t\u00e1cticas, estratexias.<\/p><\/blockquote>\n\n\n\n<p><strong>Do xadrez, p\u00f3dese vivir?<\/strong><\/p>\n\n\n\n<blockquote class=\"wp-block-quote is-layout-flow wp-block-quote-is-layout-flow\"><p><em><strong>Pap\u00e1 Jorge<\/strong><\/em>: aqu\u00ed \u00e9 moi dif\u00edcil. Unicamente se es dos mellores e ded\u00edcasche ao ensino. Xogando \u00e9 moi dif\u00edcil. De feito, Roberto era unha eminencia no xadrez e vive disto porque escribe libros e ensina na academia, non xogando.<\/p><\/blockquote>\n\n\n\n<p><strong>Moi ben Diego, moitas grazas e moita sorte.<\/strong><\/p>\n","protected":false},"excerpt":{"rendered":"<div class=\"mh-excerpt\"><p>Con 11 anos cumpridos no mes de abril Diego acaba de se proclamar campi\u00f3n galego de xadrez sub 12. El \u00e9 un alumno do noso amigo Roberto, de xadrez galego na r\u00faa Reise\u00f1or de Vigo, e para n\u00f3s foi un pracer co\u00f1ecer a quen leva cami\u00f1o de se converter nun grande mestre deste marabilloso deporte <a class=\"mh-excerpt-more\" href=\"https:\/\/www.anovapeneira.gal\/index.php\/2022\/05\/10\/o-neno-vigues-diego-ibanez-campion-galego-sub-12-de-xadrez\/\" title=\"O neno Vigu\u00e9s Diego Ib\u00e1\u00f1ez campi\u00f3n galego sub 12 de Xadrez\">[&#8230;]<\/a><\/p>\n<\/div>","protected":false},"author":3,"featured_media":7447,"comment_status":"open","ping_status":"open","sticky":false,"template":"","format":"standard","meta":{"_exactmetrics_skip_tracking":false,"_exactmetrics_sitenote_active":false,"_exactmetrics_sitenote_note":"","_exactmetrics_sitenote_category":0,"footnotes":""},"categories":[497],"tags":[227],"class_list":{"0":"post-7445","1":"post","2":"type-post","3":"status-publish","4":"format-standard","5":"has-post-thumbnail","7":"category-vigo-reportaxes","8":"tag-concello-de-vigo"},"yoast_head":"<!-- This site is optimized with the Yoast SEO plugin v27.4 - https:\/\/yoast.com\/product\/yoast-seo-wordpress\/ -->\n<title>O neno Vigu\u00e9s Diego Ib\u00e1\u00f1ez campi\u00f3n galego sub 12 de Xadrez -<\/title>\n<meta name=\"description\" content=\"Con 11 anos cumpridos no mes de abril Diego acaba de se proclamar campi\u00f3n galego de xadrez sub 12. El \u00e9 un alumno do noso amigo Roberto, de xadrez galego na r\u00faa Reise\u00f1or de Vigo, e para n\u00f3s foi un pracer co\u00f1ecer a quen leva cami\u00f1o de se converter nun grande mestre deste marabilloso deporte\" \/>\n<meta name=\"robots\" content=\"index, follow, max-snippet:-1, max-image-preview:large, max-video-preview:-1\" \/>\n<link rel=\"canonical\" href=\"https:\/\/www.anovapeneira.gal\/index.php\/2022\/05\/10\/o-neno-vigues-diego-ibanez-campion-galego-sub-12-de-xadrez\/\" \/>\n<meta property=\"og:locale\" content=\"gl_ES\" \/>\n<meta property=\"og:type\" content=\"article\" \/>\n<meta property=\"og:title\" content=\"O neno Vigu\u00e9s Diego Ib\u00e1\u00f1ez campi\u00f3n galego sub 12 de Xadrez -\" \/>\n<meta property=\"og:description\" content=\"Con 11 anos cumpridos no mes de abril Diego acaba de se proclamar campi\u00f3n galego de xadrez sub 12. El \u00e9 un alumno do noso amigo Roberto, de xadrez galego na r\u00faa Reise\u00f1or de Vigo, e para n\u00f3s foi un pracer co\u00f1ecer a quen leva cami\u00f1o de se converter nun grande mestre deste marabilloso deporte\" \/>\n<meta property=\"og:url\" content=\"https:\/\/www.anovapeneira.gal\/index.php\/2022\/05\/10\/o-neno-vigues-diego-ibanez-campion-galego-sub-12-de-xadrez\/\" \/>\n<meta property=\"article:publisher\" content=\"https:\/\/www.facebook.com\/anovapeneira\" \/>\n<meta property=\"article:published_time\" content=\"2022-05-10T10:00:03+00:00\" \/>\n<meta property=\"og:image\" content=\"https:\/\/www.anovapeneira.gal\/wp-content\/uploads\/2022\/05\/diego_axedrez.jpg\" \/>\n\t<meta property=\"og:image:width\" content=\"720\" \/>\n\t<meta property=\"og:image:height\" content=\"432\" \/>\n\t<meta property=\"og:image:type\" content=\"image\/jpeg\" \/>\n<meta name=\"author\" content=\"Redacci\u00f3n A Nova Peneira\" \/>\n<meta name=\"twitter:card\" content=\"summary_large_image\" \/>\n<meta name=\"twitter:creator\" content=\"@APeneira\" \/>\n<meta name=\"twitter:site\" content=\"@APeneira\" \/>\n<meta name=\"twitter:label1\" content=\"Escrito por\" \/>\n\t<meta name=\"twitter:data1\" content=\"Redacci\u00f3n A Nova Peneira\" \/>\n\t<meta name=\"twitter:label2\" content=\"Tempo de lectura\" \/>\n\t<meta name=\"twitter:data2\" content=\"4 minutos\" \/>\n<script type=\"application\/ld+json\" class=\"yoast-schema-graph\">{\"@context\":\"https:\\\/\\\/schema.org\",\"@graph\":[{\"@type\":\"Article\",\"@id\":\"https:\\\/\\\/www.anovapeneira.gal\\\/index.php\\\/2022\\\/05\\\/10\\\/o-neno-vigues-diego-ibanez-campion-galego-sub-12-de-xadrez\\\/#article\",\"isPartOf\":{\"@id\":\"https:\\\/\\\/www.anovapeneira.gal\\\/index.php\\\/2022\\\/05\\\/10\\\/o-neno-vigues-diego-ibanez-campion-galego-sub-12-de-xadrez\\\/\"},\"author\":{\"name\":\"Redacci\u00f3n A Nova Peneira\",\"@id\":\"https:\\\/\\\/www.anovapeneira.gal\\\/#\\\/schema\\\/person\\\/b93e3f8932e3f8da96334607eb6ac6aa\"},\"headline\":\"O neno Vigu\u00e9s Diego Ib\u00e1\u00f1ez campi\u00f3n galego sub 12 de Xadrez\",\"datePublished\":\"2022-05-10T10:00:03+00:00\",\"mainEntityOfPage\":{\"@id\":\"https:\\\/\\\/www.anovapeneira.gal\\\/index.php\\\/2022\\\/05\\\/10\\\/o-neno-vigues-diego-ibanez-campion-galego-sub-12-de-xadrez\\\/\"},\"wordCount\":783,\"commentCount\":0,\"publisher\":{\"@id\":\"https:\\\/\\\/www.anovapeneira.gal\\\/#organization\"},\"image\":{\"@id\":\"https:\\\/\\\/www.anovapeneira.gal\\\/index.php\\\/2022\\\/05\\\/10\\\/o-neno-vigues-diego-ibanez-campion-galego-sub-12-de-xadrez\\\/#primaryimage\"},\"thumbnailUrl\":\"https:\\\/\\\/www.anovapeneira.gal\\\/wp-content\\\/uploads\\\/2022\\\/05\\\/diego_axedrez.jpg\",\"keywords\":[\"Concello de Vigo\"],\"articleSection\":[\"Vigo\"],\"inLanguage\":\"gl-ES\",\"potentialAction\":[{\"@type\":\"CommentAction\",\"name\":\"Comment\",\"target\":[\"https:\\\/\\\/www.anovapeneira.gal\\\/index.php\\\/2022\\\/05\\\/10\\\/o-neno-vigues-diego-ibanez-campion-galego-sub-12-de-xadrez\\\/#respond\"]}]},{\"@type\":\"WebPage\",\"@id\":\"https:\\\/\\\/www.anovapeneira.gal\\\/index.php\\\/2022\\\/05\\\/10\\\/o-neno-vigues-diego-ibanez-campion-galego-sub-12-de-xadrez\\\/\",\"url\":\"https:\\\/\\\/www.anovapeneira.gal\\\/index.php\\\/2022\\\/05\\\/10\\\/o-neno-vigues-diego-ibanez-campion-galego-sub-12-de-xadrez\\\/\",\"name\":\"O neno Vigu\u00e9s Diego Ib\u00e1\u00f1ez campi\u00f3n galego sub 12 de Xadrez -\",\"isPartOf\":{\"@id\":\"https:\\\/\\\/www.anovapeneira.gal\\\/#website\"},\"primaryImageOfPage\":{\"@id\":\"https:\\\/\\\/www.anovapeneira.gal\\\/index.php\\\/2022\\\/05\\\/10\\\/o-neno-vigues-diego-ibanez-campion-galego-sub-12-de-xadrez\\\/#primaryimage\"},\"image\":{\"@id\":\"https:\\\/\\\/www.anovapeneira.gal\\\/index.php\\\/2022\\\/05\\\/10\\\/o-neno-vigues-diego-ibanez-campion-galego-sub-12-de-xadrez\\\/#primaryimage\"},\"thumbnailUrl\":\"https:\\\/\\\/www.anovapeneira.gal\\\/wp-content\\\/uploads\\\/2022\\\/05\\\/diego_axedrez.jpg\",\"datePublished\":\"2022-05-10T10:00:03+00:00\",\"description\":\"Con 11 anos cumpridos no mes de abril Diego acaba de se proclamar campi\u00f3n galego de xadrez sub 12. El \u00e9 un alumno do noso amigo Roberto, de xadrez galego na r\u00faa Reise\u00f1or de Vigo, e para n\u00f3s foi un pracer co\u00f1ecer a quen leva cami\u00f1o de se converter nun grande mestre deste marabilloso deporte\",\"breadcrumb\":{\"@id\":\"https:\\\/\\\/www.anovapeneira.gal\\\/index.php\\\/2022\\\/05\\\/10\\\/o-neno-vigues-diego-ibanez-campion-galego-sub-12-de-xadrez\\\/#breadcrumb\"},\"inLanguage\":\"gl-ES\",\"potentialAction\":[{\"@type\":\"ReadAction\",\"target\":[\"https:\\\/\\\/www.anovapeneira.gal\\\/index.php\\\/2022\\\/05\\\/10\\\/o-neno-vigues-diego-ibanez-campion-galego-sub-12-de-xadrez\\\/\"]}]},{\"@type\":\"ImageObject\",\"inLanguage\":\"gl-ES\",\"@id\":\"https:\\\/\\\/www.anovapeneira.gal\\\/index.php\\\/2022\\\/05\\\/10\\\/o-neno-vigues-diego-ibanez-campion-galego-sub-12-de-xadrez\\\/#primaryimage\",\"url\":\"https:\\\/\\\/www.anovapeneira.gal\\\/wp-content\\\/uploads\\\/2022\\\/05\\\/diego_axedrez.jpg\",\"contentUrl\":\"https:\\\/\\\/www.anovapeneira.gal\\\/wp-content\\\/uploads\\\/2022\\\/05\\\/diego_axedrez.jpg\",\"width\":720,\"height\":432,\"caption\":\"O neno Vigu\u00e9s Diego Ib\u00e1\u00f1ez campi\u00f3n galego sub 12 de Xadrez\"},{\"@type\":\"BreadcrumbList\",\"@id\":\"https:\\\/\\\/www.anovapeneira.gal\\\/index.php\\\/2022\\\/05\\\/10\\\/o-neno-vigues-diego-ibanez-campion-galego-sub-12-de-xadrez\\\/#breadcrumb\",\"itemListElement\":[{\"@type\":\"ListItem\",\"position\":1,\"name\":\"Portada\",\"item\":\"https:\\\/\\\/www.anovapeneira.gal\\\/\"},{\"@type\":\"ListItem\",\"position\":2,\"name\":\"O neno Vigu\u00e9s Diego Ib\u00e1\u00f1ez campi\u00f3n galego sub 12 de Xadrez\"}]},{\"@type\":\"WebSite\",\"@id\":\"https:\\\/\\\/www.anovapeneira.gal\\\/#website\",\"url\":\"https:\\\/\\\/www.anovapeneira.gal\\\/\",\"name\":\"\",\"description\":\"Xornal galego de informaci\u00f3n xeral Publicaci\u00f3n mensual de novas de Galicia e en especial dos Concellos da sur da provincia de Pontevedra.\",\"publisher\":{\"@id\":\"https:\\\/\\\/www.anovapeneira.gal\\\/#organization\"},\"potentialAction\":[{\"@type\":\"SearchAction\",\"target\":{\"@type\":\"EntryPoint\",\"urlTemplate\":\"https:\\\/\\\/www.anovapeneira.gal\\\/?s={search_term_string}\"},\"query-input\":{\"@type\":\"PropertyValueSpecification\",\"valueRequired\":true,\"valueName\":\"search_term_string\"}}],\"inLanguage\":\"gl-ES\"},{\"@type\":\"Organization\",\"@id\":\"https:\\\/\\\/www.anovapeneira.gal\\\/#organization\",\"name\":\"A Nova Peneira\",\"url\":\"https:\\\/\\\/www.anovapeneira.gal\\\/\",\"logo\":{\"@type\":\"ImageObject\",\"inLanguage\":\"gl-ES\",\"@id\":\"https:\\\/\\\/www.anovapeneira.gal\\\/#\\\/schema\\\/logo\\\/image\\\/\",\"url\":\"http:\\\/\\\/www.anovapeneira.gal\\\/wp-content\\\/uploads\\\/2019\\\/06\\\/logo_a_nova_peneira_portal_web.png\",\"contentUrl\":\"http:\\\/\\\/www.anovapeneira.gal\\\/wp-content\\\/uploads\\\/2019\\\/06\\\/logo_a_nova_peneira_portal_web.png\",\"width\":300,\"height\":100,\"caption\":\"A Nova Peneira\"},\"image\":{\"@id\":\"https:\\\/\\\/www.anovapeneira.gal\\\/#\\\/schema\\\/logo\\\/image\\\/\"},\"sameAs\":[\"https:\\\/\\\/www.facebook.com\\\/anovapeneira\",\"https:\\\/\\\/x.com\\\/APeneira\"]},{\"@type\":\"Person\",\"@id\":\"https:\\\/\\\/www.anovapeneira.gal\\\/#\\\/schema\\\/person\\\/b93e3f8932e3f8da96334607eb6ac6aa\",\"name\":\"Redacci\u00f3n A Nova Peneira\",\"image\":{\"@type\":\"ImageObject\",\"inLanguage\":\"gl-ES\",\"@id\":\"https:\\\/\\\/secure.gravatar.com\\\/avatar\\\/c052a2551a06e23fac63626232eaa90abd78dbcf1700fc46a2b2c89fd27b735f?s=96&d=mm&r=g\",\"url\":\"https:\\\/\\\/secure.gravatar.com\\\/avatar\\\/c052a2551a06e23fac63626232eaa90abd78dbcf1700fc46a2b2c89fd27b735f?s=96&d=mm&r=g\",\"contentUrl\":\"https:\\\/\\\/secure.gravatar.com\\\/avatar\\\/c052a2551a06e23fac63626232eaa90abd78dbcf1700fc46a2b2c89fd27b735f?s=96&d=mm&r=g\",\"caption\":\"Redacci\u00f3n A Nova Peneira\"},\"sameAs\":[\"http:\\\/\\\/www.anovapeneira.gal\\\/\"],\"url\":\"https:\\\/\\\/www.anovapeneira.gal\\\/index.php\\\/author\\\/redactor\\\/\"}]}<\/script>\n<!-- \/ Yoast SEO plugin. -->","yoast_head_json":{"title":"O neno Vigu\u00e9s Diego Ib\u00e1\u00f1ez campi\u00f3n galego sub 12 de Xadrez -","description":"Con 11 anos cumpridos no mes de abril Diego acaba de se proclamar campi\u00f3n galego de xadrez sub 12. El \u00e9 un alumno do noso amigo Roberto, de xadrez galego na r\u00faa Reise\u00f1or de Vigo, e para n\u00f3s foi un pracer co\u00f1ecer a quen leva cami\u00f1o de se converter nun grande mestre deste marabilloso deporte","robots":{"index":"index","follow":"follow","max-snippet":"max-snippet:-1","max-image-preview":"max-image-preview:large","max-video-preview":"max-video-preview:-1"},"canonical":"https:\/\/www.anovapeneira.gal\/index.php\/2022\/05\/10\/o-neno-vigues-diego-ibanez-campion-galego-sub-12-de-xadrez\/","og_locale":"gl_ES","og_type":"article","og_title":"O neno Vigu\u00e9s Diego Ib\u00e1\u00f1ez campi\u00f3n galego sub 12 de Xadrez -","og_description":"Con 11 anos cumpridos no mes de abril Diego acaba de se proclamar campi\u00f3n galego de xadrez sub 12. El \u00e9 un alumno do noso amigo Roberto, de xadrez galego na r\u00faa Reise\u00f1or de Vigo, e para n\u00f3s foi un pracer co\u00f1ecer a quen leva cami\u00f1o de se converter nun grande mestre deste marabilloso deporte","og_url":"https:\/\/www.anovapeneira.gal\/index.php\/2022\/05\/10\/o-neno-vigues-diego-ibanez-campion-galego-sub-12-de-xadrez\/","article_publisher":"https:\/\/www.facebook.com\/anovapeneira","article_published_time":"2022-05-10T10:00:03+00:00","og_image":[{"width":720,"height":432,"url":"https:\/\/www.anovapeneira.gal\/wp-content\/uploads\/2022\/05\/diego_axedrez.jpg","type":"image\/jpeg"}],"author":"Redacci\u00f3n A Nova Peneira","twitter_card":"summary_large_image","twitter_creator":"@APeneira","twitter_site":"@APeneira","twitter_misc":{"Escrito por":"Redacci\u00f3n A Nova Peneira","Tempo de lectura":"4 minutos"},"schema":{"@context":"https:\/\/schema.org","@graph":[{"@type":"Article","@id":"https:\/\/www.anovapeneira.gal\/index.php\/2022\/05\/10\/o-neno-vigues-diego-ibanez-campion-galego-sub-12-de-xadrez\/#article","isPartOf":{"@id":"https:\/\/www.anovapeneira.gal\/index.php\/2022\/05\/10\/o-neno-vigues-diego-ibanez-campion-galego-sub-12-de-xadrez\/"},"author":{"name":"Redacci\u00f3n A Nova Peneira","@id":"https:\/\/www.anovapeneira.gal\/#\/schema\/person\/b93e3f8932e3f8da96334607eb6ac6aa"},"headline":"O neno Vigu\u00e9s Diego Ib\u00e1\u00f1ez campi\u00f3n galego sub 12 de Xadrez","datePublished":"2022-05-10T10:00:03+00:00","mainEntityOfPage":{"@id":"https:\/\/www.anovapeneira.gal\/index.php\/2022\/05\/10\/o-neno-vigues-diego-ibanez-campion-galego-sub-12-de-xadrez\/"},"wordCount":783,"commentCount":0,"publisher":{"@id":"https:\/\/www.anovapeneira.gal\/#organization"},"image":{"@id":"https:\/\/www.anovapeneira.gal\/index.php\/2022\/05\/10\/o-neno-vigues-diego-ibanez-campion-galego-sub-12-de-xadrez\/#primaryimage"},"thumbnailUrl":"https:\/\/www.anovapeneira.gal\/wp-content\/uploads\/2022\/05\/diego_axedrez.jpg","keywords":["Concello de Vigo"],"articleSection":["Vigo"],"inLanguage":"gl-ES","potentialAction":[{"@type":"CommentAction","name":"Comment","target":["https:\/\/www.anovapeneira.gal\/index.php\/2022\/05\/10\/o-neno-vigues-diego-ibanez-campion-galego-sub-12-de-xadrez\/#respond"]}]},{"@type":"WebPage","@id":"https:\/\/www.anovapeneira.gal\/index.php\/2022\/05\/10\/o-neno-vigues-diego-ibanez-campion-galego-sub-12-de-xadrez\/","url":"https:\/\/www.anovapeneira.gal\/index.php\/2022\/05\/10\/o-neno-vigues-diego-ibanez-campion-galego-sub-12-de-xadrez\/","name":"O neno Vigu\u00e9s Diego Ib\u00e1\u00f1ez campi\u00f3n galego sub 12 de Xadrez -","isPartOf":{"@id":"https:\/\/www.anovapeneira.gal\/#website"},"primaryImageOfPage":{"@id":"https:\/\/www.anovapeneira.gal\/index.php\/2022\/05\/10\/o-neno-vigues-diego-ibanez-campion-galego-sub-12-de-xadrez\/#primaryimage"},"image":{"@id":"https:\/\/www.anovapeneira.gal\/index.php\/2022\/05\/10\/o-neno-vigues-diego-ibanez-campion-galego-sub-12-de-xadrez\/#primaryimage"},"thumbnailUrl":"https:\/\/www.anovapeneira.gal\/wp-content\/uploads\/2022\/05\/diego_axedrez.jpg","datePublished":"2022-05-10T10:00:03+00:00","description":"Con 11 anos cumpridos no mes de abril Diego acaba de se proclamar campi\u00f3n galego de xadrez sub 12. El \u00e9 un alumno do noso amigo Roberto, de xadrez galego na r\u00faa Reise\u00f1or de Vigo, e para n\u00f3s foi un pracer co\u00f1ecer a quen leva cami\u00f1o de se converter nun grande mestre deste marabilloso deporte","breadcrumb":{"@id":"https:\/\/www.anovapeneira.gal\/index.php\/2022\/05\/10\/o-neno-vigues-diego-ibanez-campion-galego-sub-12-de-xadrez\/#breadcrumb"},"inLanguage":"gl-ES","potentialAction":[{"@type":"ReadAction","target":["https:\/\/www.anovapeneira.gal\/index.php\/2022\/05\/10\/o-neno-vigues-diego-ibanez-campion-galego-sub-12-de-xadrez\/"]}]},{"@type":"ImageObject","inLanguage":"gl-ES","@id":"https:\/\/www.anovapeneira.gal\/index.php\/2022\/05\/10\/o-neno-vigues-diego-ibanez-campion-galego-sub-12-de-xadrez\/#primaryimage","url":"https:\/\/www.anovapeneira.gal\/wp-content\/uploads\/2022\/05\/diego_axedrez.jpg","contentUrl":"https:\/\/www.anovapeneira.gal\/wp-content\/uploads\/2022\/05\/diego_axedrez.jpg","width":720,"height":432,"caption":"O neno Vigu\u00e9s Diego Ib\u00e1\u00f1ez campi\u00f3n galego sub 12 de Xadrez"},{"@type":"BreadcrumbList","@id":"https:\/\/www.anovapeneira.gal\/index.php\/2022\/05\/10\/o-neno-vigues-diego-ibanez-campion-galego-sub-12-de-xadrez\/#breadcrumb","itemListElement":[{"@type":"ListItem","position":1,"name":"Portada","item":"https:\/\/www.anovapeneira.gal\/"},{"@type":"ListItem","position":2,"name":"O neno Vigu\u00e9s Diego Ib\u00e1\u00f1ez campi\u00f3n galego sub 12 de Xadrez"}]},{"@type":"WebSite","@id":"https:\/\/www.anovapeneira.gal\/#website","url":"https:\/\/www.anovapeneira.gal\/","name":"","description":"Xornal galego de informaci\u00f3n xeral Publicaci\u00f3n mensual de novas de Galicia e en especial dos Concellos da sur da provincia de Pontevedra.","publisher":{"@id":"https:\/\/www.anovapeneira.gal\/#organization"},"potentialAction":[{"@type":"SearchAction","target":{"@type":"EntryPoint","urlTemplate":"https:\/\/www.anovapeneira.gal\/?s={search_term_string}"},"query-input":{"@type":"PropertyValueSpecification","valueRequired":true,"valueName":"search_term_string"}}],"inLanguage":"gl-ES"},{"@type":"Organization","@id":"https:\/\/www.anovapeneira.gal\/#organization","name":"A Nova Peneira","url":"https:\/\/www.anovapeneira.gal\/","logo":{"@type":"ImageObject","inLanguage":"gl-ES","@id":"https:\/\/www.anovapeneira.gal\/#\/schema\/logo\/image\/","url":"http:\/\/www.anovapeneira.gal\/wp-content\/uploads\/2019\/06\/logo_a_nova_peneira_portal_web.png","contentUrl":"http:\/\/www.anovapeneira.gal\/wp-content\/uploads\/2019\/06\/logo_a_nova_peneira_portal_web.png","width":300,"height":100,"caption":"A Nova Peneira"},"image":{"@id":"https:\/\/www.anovapeneira.gal\/#\/schema\/logo\/image\/"},"sameAs":["https:\/\/www.facebook.com\/anovapeneira","https:\/\/x.com\/APeneira"]},{"@type":"Person","@id":"https:\/\/www.anovapeneira.gal\/#\/schema\/person\/b93e3f8932e3f8da96334607eb6ac6aa","name":"Redacci\u00f3n A Nova Peneira","image":{"@type":"ImageObject","inLanguage":"gl-ES","@id":"https:\/\/secure.gravatar.com\/avatar\/c052a2551a06e23fac63626232eaa90abd78dbcf1700fc46a2b2c89fd27b735f?s=96&d=mm&r=g","url":"https:\/\/secure.gravatar.com\/avatar\/c052a2551a06e23fac63626232eaa90abd78dbcf1700fc46a2b2c89fd27b735f?s=96&d=mm&r=g","contentUrl":"https:\/\/secure.gravatar.com\/avatar\/c052a2551a06e23fac63626232eaa90abd78dbcf1700fc46a2b2c89fd27b735f?s=96&d=mm&r=g","caption":"Redacci\u00f3n A Nova Peneira"},"sameAs":["http:\/\/www.anovapeneira.gal\/"],"url":"https:\/\/www.anovapeneira.gal\/index.php\/author\/redactor\/"}]}},"jetpack_featured_media_url":"https:\/\/www.anovapeneira.gal\/wp-content\/uploads\/2022\/05\/diego_axedrez.jpg","_links":{"self":[{"href":"https:\/\/www.anovapeneira.gal\/index.php\/wp-json\/wp\/v2\/posts\/7445","targetHints":{"allow":["GET"]}}],"collection":[{"href":"https:\/\/www.anovapeneira.gal\/index.php\/wp-json\/wp\/v2\/posts"}],"about":[{"href":"https:\/\/www.anovapeneira.gal\/index.php\/wp-json\/wp\/v2\/types\/post"}],"author":[{"embeddable":true,"href":"https:\/\/www.anovapeneira.gal\/index.php\/wp-json\/wp\/v2\/users\/3"}],"replies":[{"embeddable":true,"href":"https:\/\/www.anovapeneira.gal\/index.php\/wp-json\/wp\/v2\/comments?post=7445"}],"version-history":[{"count":1,"href":"https:\/\/www.anovapeneira.gal\/index.php\/wp-json\/wp\/v2\/posts\/7445\/revisions"}],"predecessor-version":[{"id":7446,"href":"https:\/\/www.anovapeneira.gal\/index.php\/wp-json\/wp\/v2\/posts\/7445\/revisions\/7446"}],"wp:featuredmedia":[{"embeddable":true,"href":"https:\/\/www.anovapeneira.gal\/index.php\/wp-json\/wp\/v2\/media\/7447"}],"wp:attachment":[{"href":"https:\/\/www.anovapeneira.gal\/index.php\/wp-json\/wp\/v2\/media?parent=7445"}],"wp:term":[{"taxonomy":"category","embeddable":true,"href":"https:\/\/www.anovapeneira.gal\/index.php\/wp-json\/wp\/v2\/categories?post=7445"},{"taxonomy":"post_tag","embeddable":true,"href":"https:\/\/www.anovapeneira.gal\/index.php\/wp-json\/wp\/v2\/tags?post=7445"}],"curies":[{"name":"wp","href":"https:\/\/api.w.org\/{rel}","templated":true}]}}