{"id":7453,"date":"2022-05-11T12:00:47","date_gmt":"2022-05-11T10:00:47","guid":{"rendered":"https:\/\/www.anovapeneira.gal\/?p=7453"},"modified":"2022-05-09T10:01:13","modified_gmt":"2022-05-09T08:01:13","slug":"o-xerente-da-area-sanitaria-de-vigo-explica-aos-voceiros-de-tomino-a-situacion-sanitaria-da-comarca","status":"publish","type":"post","link":"https:\/\/www.anovapeneira.gal\/index.php\/2022\/05\/11\/o-xerente-da-area-sanitaria-de-vigo-explica-aos-voceiros-de-tomino-a-situacion-sanitaria-da-comarca\/","title":{"rendered":"O xerente da \u00e1rea sanitaria de Vigo explica aos voceiros de Tomi\u00f1o a situaci\u00f3n sanitaria da comarca"},"content":{"rendered":"\n<h2 class=\"wp-block-heading\"><strong>Os representantes dos grupos pol\u00edticos plantexaron ao mandatario as condici\u00f3ns deficientes da atenci\u00f3n primaria no centro de sa\u00fade local<\/strong><\/h2>\n\n\n\n<p><strong>Tomi\u00f1o, 6 de maio de 2022.<\/strong><\/p>\n\n\n\n<p>Francisco Javier Puente, xerente da <strong>\u00e1rea sanitaria de Vigo,<\/strong> visitou onte o Concello de Tomi\u00f1o, co fin de manter unha reuni\u00f3n cos voceiros dos tres grupos pol\u00edticos que integran a Corporaci\u00f3n Municipal, despois de que se solicitara o encontro en outubro do ano pasado e de que se reiterara a petici\u00f3n varias veces nos \u00faltimos meses.<\/p>\n\n\n\n<p><a><\/a>Os grupos pol\u00edticos da corporaci\u00f3n (BNG, PP e PSdG-PSOE) plantexaron a trav\u00e9s dos seus voceiros, a situaci\u00f3n alarmante na que se atopa o centro de sa\u00fade tomi\u00f1\u00e9s ante a falta de persoal e as conseguintes deficiencias na asistencia primaria. Tam\u00e9n abordaron a reapertura do consultorio de Goi\u00e1n, que leva pechado dende o comezo da pandemia.<\/p>\n\n\n\n<p>Logo da manter a reuni\u00f3n coa alcaldesa e voceiros dos grupos da oposici\u00f3n, Puente conversou con membros da plataforma de defensa pola sanidade p\u00fablica.<\/p>\n\n\n\n<p>\u201cAgradecemos moito que o xerente se trasladara hoxe a Tomi\u00f1o, para ter unha reuni\u00f3n que vimos pedindo desde o mes de outubro conxuntamente coa oposici\u00f3n\u201d, explicou en primeiro lugar a alcaldesa de Tomi\u00f1o, Sandra Gonz\u00e1lez.<\/p>\n\n\n\n<p>O xerente da \u00e1rea sanitaria viguesa comentou en primeiro lugar que gran parte da soluci\u00f3n \u00e1 falta de m\u00e9dicos existente, poder\u00eda vir a trav\u00e9s do sistema de xesti\u00f3n de demanda (SIXD) que se est\u00e1 aplicando de forma experimental, polo que os facultativos deixar\u00edan de facer tarefas que non sexan exclusivamente m\u00e9dicas.<\/p>\n\n\n\n<p>Respecto \u00e1 cobertura das prazas, comentou que se emprender\u00eda o tema a final do ver\u00e1n, \u201ccousa que agardamos sexa as\u00ed, xa que nestes momentos est\u00e1n a\u00ednda sen cubrir as prazas vacantes ou as substituci\u00f3ns, e cremos que no ver\u00e1n a situaci\u00f3n ser\u00e1 a\u00ednda peor polo tema das vacaci\u00f3ns\u201d.<\/p>\n\n\n\n<p>Outro tema que abordaron durante a xuntanza, foi o da reapertura do consultorio de Goi\u00e1n, que se pechou ca pandemia. O xerente comprometeuse a estudar a situaci\u00f3n e valorar a reapertura deste punto de atenci\u00f3n.<\/p>\n","protected":false},"excerpt":{"rendered":"<div class=\"mh-excerpt\"><p>Os representantes dos grupos pol\u00edticos plantexaron ao mandatario as condici\u00f3ns deficientes da atenci\u00f3n primaria no centro de sa\u00fade local <a class=\"mh-excerpt-more\" href=\"https:\/\/www.anovapeneira.gal\/index.php\/2022\/05\/11\/o-xerente-da-area-sanitaria-de-vigo-explica-aos-voceiros-de-tomino-a-situacion-sanitaria-da-comarca\/\" title=\"O xerente da \u00e1rea sanitaria de Vigo explica aos voceiros de Tomi\u00f1o a situaci\u00f3n sanitaria da comarca\">[&#8230;]<\/a><\/p>\n<\/div>","protected":false},"author":3,"featured_media":7454,"comment_status":"open","ping_status":"open","sticky":false,"template":"","format":"standard","meta":{"_exactmetrics_skip_tracking":false,"_exactmetrics_sitenote_active":false,"_exactmetrics_sitenote_note":"","_exactmetrics_sitenote_category":0,"footnotes":""},"categories":[21],"tags":[81],"class_list":{"0":"post-7453","1":"post","2":"type-post","3":"status-publish","4":"format-standard","5":"has-post-thumbnail","7":"category-baixo-mino","8":"tag-concello-de-tomino"},"yoast_head":"<!-- This site is optimized with the Yoast SEO plugin v27.4 - https:\/\/yoast.com\/product\/yoast-seo-wordpress\/ -->\n<title>O xerente da \u00e1rea sanitaria de Vigo explica aos voceiros de Tomi\u00f1o a situaci\u00f3n sanitaria da comarca -<\/title>\n<meta name=\"description\" content=\"Os representantes dos grupos pol\u00edticos plantexaron ao mandatario as condici\u00f3ns deficientes da atenci\u00f3n primaria no centro de sa\u00fade local\" \/>\n<meta name=\"robots\" content=\"index, follow, max-snippet:-1, max-image-preview:large, max-video-preview:-1\" \/>\n<link rel=\"canonical\" href=\"https:\/\/www.anovapeneira.gal\/index.php\/2022\/05\/11\/o-xerente-da-area-sanitaria-de-vigo-explica-aos-voceiros-de-tomino-a-situacion-sanitaria-da-comarca\/\" \/>\n<meta property=\"og:locale\" content=\"gl_ES\" \/>\n<meta property=\"og:type\" content=\"article\" \/>\n<meta property=\"og:title\" content=\"O xerente da \u00e1rea sanitaria de Vigo explica aos voceiros de Tomi\u00f1o a situaci\u00f3n sanitaria da comarca -\" \/>\n<meta property=\"og:description\" content=\"Os representantes dos grupos pol\u00edticos plantexaron ao mandatario as condici\u00f3ns deficientes da atenci\u00f3n primaria no centro de sa\u00fade local\" \/>\n<meta property=\"og:url\" content=\"https:\/\/www.anovapeneira.gal\/index.php\/2022\/05\/11\/o-xerente-da-area-sanitaria-de-vigo-explica-aos-voceiros-de-tomino-a-situacion-sanitaria-da-comarca\/\" \/>\n<meta property=\"article:publisher\" content=\"https:\/\/www.facebook.com\/anovapeneira\" \/>\n<meta property=\"article:published_time\" content=\"2022-05-11T10:00:47+00:00\" \/>\n<meta property=\"og:image\" content=\"https:\/\/www.anovapeneira.gal\/wp-content\/uploads\/2022\/05\/reunion-xerente-area-sanitaria.jpg\" \/>\n\t<meta property=\"og:image:width\" content=\"720\" \/>\n\t<meta property=\"og:image:height\" content=\"432\" \/>\n\t<meta property=\"og:image:type\" content=\"image\/jpeg\" \/>\n<meta name=\"author\" content=\"Redacci\u00f3n A Nova Peneira\" \/>\n<meta name=\"twitter:card\" content=\"summary_large_image\" \/>\n<meta name=\"twitter:creator\" content=\"@APeneira\" \/>\n<meta name=\"twitter:site\" content=\"@APeneira\" \/>\n<meta name=\"twitter:label1\" content=\"Escrito por\" \/>\n\t<meta name=\"twitter:data1\" content=\"Redacci\u00f3n A Nova Peneira\" \/>\n\t<meta name=\"twitter:label2\" content=\"Tempo de lectura\" \/>\n\t<meta name=\"twitter:data2\" content=\"2 minutos\" \/>\n<script type=\"application\/ld+json\" class=\"yoast-schema-graph\">{\"@context\":\"https:\\\/\\\/schema.org\",\"@graph\":[{\"@type\":\"Article\",\"@id\":\"https:\\\/\\\/www.anovapeneira.gal\\\/index.php\\\/2022\\\/05\\\/11\\\/o-xerente-da-area-sanitaria-de-vigo-explica-aos-voceiros-de-tomino-a-situacion-sanitaria-da-comarca\\\/#article\",\"isPartOf\":{\"@id\":\"https:\\\/\\\/www.anovapeneira.gal\\\/index.php\\\/2022\\\/05\\\/11\\\/o-xerente-da-area-sanitaria-de-vigo-explica-aos-voceiros-de-tomino-a-situacion-sanitaria-da-comarca\\\/\"},\"author\":{\"name\":\"Redacci\u00f3n A Nova Peneira\",\"@id\":\"https:\\\/\\\/www.anovapeneira.gal\\\/#\\\/schema\\\/person\\\/b93e3f8932e3f8da96334607eb6ac6aa\"},\"headline\":\"O xerente da \u00e1rea sanitaria de Vigo explica aos voceiros de Tomi\u00f1o a situaci\u00f3n sanitaria da comarca\",\"datePublished\":\"2022-05-11T10:00:47+00:00\",\"mainEntityOfPage\":{\"@id\":\"https:\\\/\\\/www.anovapeneira.gal\\\/index.php\\\/2022\\\/05\\\/11\\\/o-xerente-da-area-sanitaria-de-vigo-explica-aos-voceiros-de-tomino-a-situacion-sanitaria-da-comarca\\\/\"},\"wordCount\":389,\"commentCount\":0,\"publisher\":{\"@id\":\"https:\\\/\\\/www.anovapeneira.gal\\\/#organization\"},\"image\":{\"@id\":\"https:\\\/\\\/www.anovapeneira.gal\\\/index.php\\\/2022\\\/05\\\/11\\\/o-xerente-da-area-sanitaria-de-vigo-explica-aos-voceiros-de-tomino-a-situacion-sanitaria-da-comarca\\\/#primaryimage\"},\"thumbnailUrl\":\"https:\\\/\\\/www.anovapeneira.gal\\\/wp-content\\\/uploads\\\/2022\\\/05\\\/reunion-xerente-area-sanitaria.jpg\",\"keywords\":[\"Concello de Tomi\u00f1o\"],\"articleSection\":[\"Baixo Mi\u00f1o\"],\"inLanguage\":\"gl-ES\",\"potentialAction\":[{\"@type\":\"CommentAction\",\"name\":\"Comment\",\"target\":[\"https:\\\/\\\/www.anovapeneira.gal\\\/index.php\\\/2022\\\/05\\\/11\\\/o-xerente-da-area-sanitaria-de-vigo-explica-aos-voceiros-de-tomino-a-situacion-sanitaria-da-comarca\\\/#respond\"]}]},{\"@type\":\"WebPage\",\"@id\":\"https:\\\/\\\/www.anovapeneira.gal\\\/index.php\\\/2022\\\/05\\\/11\\\/o-xerente-da-area-sanitaria-de-vigo-explica-aos-voceiros-de-tomino-a-situacion-sanitaria-da-comarca\\\/\",\"url\":\"https:\\\/\\\/www.anovapeneira.gal\\\/index.php\\\/2022\\\/05\\\/11\\\/o-xerente-da-area-sanitaria-de-vigo-explica-aos-voceiros-de-tomino-a-situacion-sanitaria-da-comarca\\\/\",\"name\":\"O xerente da \u00e1rea sanitaria de Vigo explica aos voceiros de Tomi\u00f1o a situaci\u00f3n sanitaria da comarca -\",\"isPartOf\":{\"@id\":\"https:\\\/\\\/www.anovapeneira.gal\\\/#website\"},\"primaryImageOfPage\":{\"@id\":\"https:\\\/\\\/www.anovapeneira.gal\\\/index.php\\\/2022\\\/05\\\/11\\\/o-xerente-da-area-sanitaria-de-vigo-explica-aos-voceiros-de-tomino-a-situacion-sanitaria-da-comarca\\\/#primaryimage\"},\"image\":{\"@id\":\"https:\\\/\\\/www.anovapeneira.gal\\\/index.php\\\/2022\\\/05\\\/11\\\/o-xerente-da-area-sanitaria-de-vigo-explica-aos-voceiros-de-tomino-a-situacion-sanitaria-da-comarca\\\/#primaryimage\"},\"thumbnailUrl\":\"https:\\\/\\\/www.anovapeneira.gal\\\/wp-content\\\/uploads\\\/2022\\\/05\\\/reunion-xerente-area-sanitaria.jpg\",\"datePublished\":\"2022-05-11T10:00:47+00:00\",\"description\":\"Os representantes dos grupos pol\u00edticos plantexaron ao mandatario as condici\u00f3ns deficientes da atenci\u00f3n primaria no centro de sa\u00fade local\",\"breadcrumb\":{\"@id\":\"https:\\\/\\\/www.anovapeneira.gal\\\/index.php\\\/2022\\\/05\\\/11\\\/o-xerente-da-area-sanitaria-de-vigo-explica-aos-voceiros-de-tomino-a-situacion-sanitaria-da-comarca\\\/#breadcrumb\"},\"inLanguage\":\"gl-ES\",\"potentialAction\":[{\"@type\":\"ReadAction\",\"target\":[\"https:\\\/\\\/www.anovapeneira.gal\\\/index.php\\\/2022\\\/05\\\/11\\\/o-xerente-da-area-sanitaria-de-vigo-explica-aos-voceiros-de-tomino-a-situacion-sanitaria-da-comarca\\\/\"]}]},{\"@type\":\"ImageObject\",\"inLanguage\":\"gl-ES\",\"@id\":\"https:\\\/\\\/www.anovapeneira.gal\\\/index.php\\\/2022\\\/05\\\/11\\\/o-xerente-da-area-sanitaria-de-vigo-explica-aos-voceiros-de-tomino-a-situacion-sanitaria-da-comarca\\\/#primaryimage\",\"url\":\"https:\\\/\\\/www.anovapeneira.gal\\\/wp-content\\\/uploads\\\/2022\\\/05\\\/reunion-xerente-area-sanitaria.jpg\",\"contentUrl\":\"https:\\\/\\\/www.anovapeneira.gal\\\/wp-content\\\/uploads\\\/2022\\\/05\\\/reunion-xerente-area-sanitaria.jpg\",\"width\":720,\"height\":432,\"caption\":\"O xerente da \u00e1rea sanitaria de Vigo explica aos voceiros de Tomi\u00f1o a situaci\u00f3n sanitaria da comarca\"},{\"@type\":\"BreadcrumbList\",\"@id\":\"https:\\\/\\\/www.anovapeneira.gal\\\/index.php\\\/2022\\\/05\\\/11\\\/o-xerente-da-area-sanitaria-de-vigo-explica-aos-voceiros-de-tomino-a-situacion-sanitaria-da-comarca\\\/#breadcrumb\",\"itemListElement\":[{\"@type\":\"ListItem\",\"position\":1,\"name\":\"Portada\",\"item\":\"https:\\\/\\\/www.anovapeneira.gal\\\/\"},{\"@type\":\"ListItem\",\"position\":2,\"name\":\"O xerente da \u00e1rea sanitaria de Vigo explica aos voceiros de Tomi\u00f1o a situaci\u00f3n sanitaria da comarca\"}]},{\"@type\":\"WebSite\",\"@id\":\"https:\\\/\\\/www.anovapeneira.gal\\\/#website\",\"url\":\"https:\\\/\\\/www.anovapeneira.gal\\\/\",\"name\":\"\",\"description\":\"Xornal galego de informaci\u00f3n xeral Publicaci\u00f3n mensual de novas de Galicia e en especial dos Concellos da sur da provincia de Pontevedra.\",\"publisher\":{\"@id\":\"https:\\\/\\\/www.anovapeneira.gal\\\/#organization\"},\"potentialAction\":[{\"@type\":\"SearchAction\",\"target\":{\"@type\":\"EntryPoint\",\"urlTemplate\":\"https:\\\/\\\/www.anovapeneira.gal\\\/?s={search_term_string}\"},\"query-input\":{\"@type\":\"PropertyValueSpecification\",\"valueRequired\":true,\"valueName\":\"search_term_string\"}}],\"inLanguage\":\"gl-ES\"},{\"@type\":\"Organization\",\"@id\":\"https:\\\/\\\/www.anovapeneira.gal\\\/#organization\",\"name\":\"A Nova Peneira\",\"url\":\"https:\\\/\\\/www.anovapeneira.gal\\\/\",\"logo\":{\"@type\":\"ImageObject\",\"inLanguage\":\"gl-ES\",\"@id\":\"https:\\\/\\\/www.anovapeneira.gal\\\/#\\\/schema\\\/logo\\\/image\\\/\",\"url\":\"http:\\\/\\\/www.anovapeneira.gal\\\/wp-content\\\/uploads\\\/2019\\\/06\\\/logo_a_nova_peneira_portal_web.png\",\"contentUrl\":\"http:\\\/\\\/www.anovapeneira.gal\\\/wp-content\\\/uploads\\\/2019\\\/06\\\/logo_a_nova_peneira_portal_web.png\",\"width\":300,\"height\":100,\"caption\":\"A Nova Peneira\"},\"image\":{\"@id\":\"https:\\\/\\\/www.anovapeneira.gal\\\/#\\\/schema\\\/logo\\\/image\\\/\"},\"sameAs\":[\"https:\\\/\\\/www.facebook.com\\\/anovapeneira\",\"https:\\\/\\\/x.com\\\/APeneira\"]},{\"@type\":\"Person\",\"@id\":\"https:\\\/\\\/www.anovapeneira.gal\\\/#\\\/schema\\\/person\\\/b93e3f8932e3f8da96334607eb6ac6aa\",\"name\":\"Redacci\u00f3n A Nova Peneira\",\"image\":{\"@type\":\"ImageObject\",\"inLanguage\":\"gl-ES\",\"@id\":\"https:\\\/\\\/secure.gravatar.com\\\/avatar\\\/c052a2551a06e23fac63626232eaa90abd78dbcf1700fc46a2b2c89fd27b735f?s=96&d=mm&r=g\",\"url\":\"https:\\\/\\\/secure.gravatar.com\\\/avatar\\\/c052a2551a06e23fac63626232eaa90abd78dbcf1700fc46a2b2c89fd27b735f?s=96&d=mm&r=g\",\"contentUrl\":\"https:\\\/\\\/secure.gravatar.com\\\/avatar\\\/c052a2551a06e23fac63626232eaa90abd78dbcf1700fc46a2b2c89fd27b735f?s=96&d=mm&r=g\",\"caption\":\"Redacci\u00f3n A Nova Peneira\"},\"sameAs\":[\"http:\\\/\\\/www.anovapeneira.gal\\\/\"],\"url\":\"https:\\\/\\\/www.anovapeneira.gal\\\/index.php\\\/author\\\/redactor\\\/\"}]}<\/script>\n<!-- \/ Yoast SEO plugin. -->","yoast_head_json":{"title":"O xerente da \u00e1rea sanitaria de Vigo explica aos voceiros de Tomi\u00f1o a situaci\u00f3n sanitaria da comarca -","description":"Os representantes dos grupos pol\u00edticos plantexaron ao mandatario as condici\u00f3ns deficientes da atenci\u00f3n primaria no centro de sa\u00fade local","robots":{"index":"index","follow":"follow","max-snippet":"max-snippet:-1","max-image-preview":"max-image-preview:large","max-video-preview":"max-video-preview:-1"},"canonical":"https:\/\/www.anovapeneira.gal\/index.php\/2022\/05\/11\/o-xerente-da-area-sanitaria-de-vigo-explica-aos-voceiros-de-tomino-a-situacion-sanitaria-da-comarca\/","og_locale":"gl_ES","og_type":"article","og_title":"O xerente da \u00e1rea sanitaria de Vigo explica aos voceiros de Tomi\u00f1o a situaci\u00f3n sanitaria da comarca -","og_description":"Os representantes dos grupos pol\u00edticos plantexaron ao mandatario as condici\u00f3ns deficientes da atenci\u00f3n primaria no centro de sa\u00fade local","og_url":"https:\/\/www.anovapeneira.gal\/index.php\/2022\/05\/11\/o-xerente-da-area-sanitaria-de-vigo-explica-aos-voceiros-de-tomino-a-situacion-sanitaria-da-comarca\/","article_publisher":"https:\/\/www.facebook.com\/anovapeneira","article_published_time":"2022-05-11T10:00:47+00:00","og_image":[{"width":720,"height":432,"url":"https:\/\/www.anovapeneira.gal\/wp-content\/uploads\/2022\/05\/reunion-xerente-area-sanitaria.jpg","type":"image\/jpeg"}],"author":"Redacci\u00f3n A Nova Peneira","twitter_card":"summary_large_image","twitter_creator":"@APeneira","twitter_site":"@APeneira","twitter_misc":{"Escrito por":"Redacci\u00f3n A Nova Peneira","Tempo de lectura":"2 minutos"},"schema":{"@context":"https:\/\/schema.org","@graph":[{"@type":"Article","@id":"https:\/\/www.anovapeneira.gal\/index.php\/2022\/05\/11\/o-xerente-da-area-sanitaria-de-vigo-explica-aos-voceiros-de-tomino-a-situacion-sanitaria-da-comarca\/#article","isPartOf":{"@id":"https:\/\/www.anovapeneira.gal\/index.php\/2022\/05\/11\/o-xerente-da-area-sanitaria-de-vigo-explica-aos-voceiros-de-tomino-a-situacion-sanitaria-da-comarca\/"},"author":{"name":"Redacci\u00f3n A Nova Peneira","@id":"https:\/\/www.anovapeneira.gal\/#\/schema\/person\/b93e3f8932e3f8da96334607eb6ac6aa"},"headline":"O xerente da \u00e1rea sanitaria de Vigo explica aos voceiros de Tomi\u00f1o a situaci\u00f3n sanitaria da comarca","datePublished":"2022-05-11T10:00:47+00:00","mainEntityOfPage":{"@id":"https:\/\/www.anovapeneira.gal\/index.php\/2022\/05\/11\/o-xerente-da-area-sanitaria-de-vigo-explica-aos-voceiros-de-tomino-a-situacion-sanitaria-da-comarca\/"},"wordCount":389,"commentCount":0,"publisher":{"@id":"https:\/\/www.anovapeneira.gal\/#organization"},"image":{"@id":"https:\/\/www.anovapeneira.gal\/index.php\/2022\/05\/11\/o-xerente-da-area-sanitaria-de-vigo-explica-aos-voceiros-de-tomino-a-situacion-sanitaria-da-comarca\/#primaryimage"},"thumbnailUrl":"https:\/\/www.anovapeneira.gal\/wp-content\/uploads\/2022\/05\/reunion-xerente-area-sanitaria.jpg","keywords":["Concello de Tomi\u00f1o"],"articleSection":["Baixo Mi\u00f1o"],"inLanguage":"gl-ES","potentialAction":[{"@type":"CommentAction","name":"Comment","target":["https:\/\/www.anovapeneira.gal\/index.php\/2022\/05\/11\/o-xerente-da-area-sanitaria-de-vigo-explica-aos-voceiros-de-tomino-a-situacion-sanitaria-da-comarca\/#respond"]}]},{"@type":"WebPage","@id":"https:\/\/www.anovapeneira.gal\/index.php\/2022\/05\/11\/o-xerente-da-area-sanitaria-de-vigo-explica-aos-voceiros-de-tomino-a-situacion-sanitaria-da-comarca\/","url":"https:\/\/www.anovapeneira.gal\/index.php\/2022\/05\/11\/o-xerente-da-area-sanitaria-de-vigo-explica-aos-voceiros-de-tomino-a-situacion-sanitaria-da-comarca\/","name":"O xerente da \u00e1rea sanitaria de Vigo explica aos voceiros de Tomi\u00f1o a situaci\u00f3n sanitaria da comarca -","isPartOf":{"@id":"https:\/\/www.anovapeneira.gal\/#website"},"primaryImageOfPage":{"@id":"https:\/\/www.anovapeneira.gal\/index.php\/2022\/05\/11\/o-xerente-da-area-sanitaria-de-vigo-explica-aos-voceiros-de-tomino-a-situacion-sanitaria-da-comarca\/#primaryimage"},"image":{"@id":"https:\/\/www.anovapeneira.gal\/index.php\/2022\/05\/11\/o-xerente-da-area-sanitaria-de-vigo-explica-aos-voceiros-de-tomino-a-situacion-sanitaria-da-comarca\/#primaryimage"},"thumbnailUrl":"https:\/\/www.anovapeneira.gal\/wp-content\/uploads\/2022\/05\/reunion-xerente-area-sanitaria.jpg","datePublished":"2022-05-11T10:00:47+00:00","description":"Os representantes dos grupos pol\u00edticos plantexaron ao mandatario as condici\u00f3ns deficientes da atenci\u00f3n primaria no centro de sa\u00fade local","breadcrumb":{"@id":"https:\/\/www.anovapeneira.gal\/index.php\/2022\/05\/11\/o-xerente-da-area-sanitaria-de-vigo-explica-aos-voceiros-de-tomino-a-situacion-sanitaria-da-comarca\/#breadcrumb"},"inLanguage":"gl-ES","potentialAction":[{"@type":"ReadAction","target":["https:\/\/www.anovapeneira.gal\/index.php\/2022\/05\/11\/o-xerente-da-area-sanitaria-de-vigo-explica-aos-voceiros-de-tomino-a-situacion-sanitaria-da-comarca\/"]}]},{"@type":"ImageObject","inLanguage":"gl-ES","@id":"https:\/\/www.anovapeneira.gal\/index.php\/2022\/05\/11\/o-xerente-da-area-sanitaria-de-vigo-explica-aos-voceiros-de-tomino-a-situacion-sanitaria-da-comarca\/#primaryimage","url":"https:\/\/www.anovapeneira.gal\/wp-content\/uploads\/2022\/05\/reunion-xerente-area-sanitaria.jpg","contentUrl":"https:\/\/www.anovapeneira.gal\/wp-content\/uploads\/2022\/05\/reunion-xerente-area-sanitaria.jpg","width":720,"height":432,"caption":"O xerente da \u00e1rea sanitaria de Vigo explica aos voceiros de Tomi\u00f1o a situaci\u00f3n sanitaria da comarca"},{"@type":"BreadcrumbList","@id":"https:\/\/www.anovapeneira.gal\/index.php\/2022\/05\/11\/o-xerente-da-area-sanitaria-de-vigo-explica-aos-voceiros-de-tomino-a-situacion-sanitaria-da-comarca\/#breadcrumb","itemListElement":[{"@type":"ListItem","position":1,"name":"Portada","item":"https:\/\/www.anovapeneira.gal\/"},{"@type":"ListItem","position":2,"name":"O xerente da \u00e1rea sanitaria de Vigo explica aos voceiros de Tomi\u00f1o a situaci\u00f3n sanitaria da comarca"}]},{"@type":"WebSite","@id":"https:\/\/www.anovapeneira.gal\/#website","url":"https:\/\/www.anovapeneira.gal\/","name":"","description":"Xornal galego de informaci\u00f3n xeral Publicaci\u00f3n mensual de novas de Galicia e en especial dos Concellos da sur da provincia de Pontevedra.","publisher":{"@id":"https:\/\/www.anovapeneira.gal\/#organization"},"potentialAction":[{"@type":"SearchAction","target":{"@type":"EntryPoint","urlTemplate":"https:\/\/www.anovapeneira.gal\/?s={search_term_string}"},"query-input":{"@type":"PropertyValueSpecification","valueRequired":true,"valueName":"search_term_string"}}],"inLanguage":"gl-ES"},{"@type":"Organization","@id":"https:\/\/www.anovapeneira.gal\/#organization","name":"A Nova Peneira","url":"https:\/\/www.anovapeneira.gal\/","logo":{"@type":"ImageObject","inLanguage":"gl-ES","@id":"https:\/\/www.anovapeneira.gal\/#\/schema\/logo\/image\/","url":"http:\/\/www.anovapeneira.gal\/wp-content\/uploads\/2019\/06\/logo_a_nova_peneira_portal_web.png","contentUrl":"http:\/\/www.anovapeneira.gal\/wp-content\/uploads\/2019\/06\/logo_a_nova_peneira_portal_web.png","width":300,"height":100,"caption":"A Nova Peneira"},"image":{"@id":"https:\/\/www.anovapeneira.gal\/#\/schema\/logo\/image\/"},"sameAs":["https:\/\/www.facebook.com\/anovapeneira","https:\/\/x.com\/APeneira"]},{"@type":"Person","@id":"https:\/\/www.anovapeneira.gal\/#\/schema\/person\/b93e3f8932e3f8da96334607eb6ac6aa","name":"Redacci\u00f3n A Nova Peneira","image":{"@type":"ImageObject","inLanguage":"gl-ES","@id":"https:\/\/secure.gravatar.com\/avatar\/c052a2551a06e23fac63626232eaa90abd78dbcf1700fc46a2b2c89fd27b735f?s=96&d=mm&r=g","url":"https:\/\/secure.gravatar.com\/avatar\/c052a2551a06e23fac63626232eaa90abd78dbcf1700fc46a2b2c89fd27b735f?s=96&d=mm&r=g","contentUrl":"https:\/\/secure.gravatar.com\/avatar\/c052a2551a06e23fac63626232eaa90abd78dbcf1700fc46a2b2c89fd27b735f?s=96&d=mm&r=g","caption":"Redacci\u00f3n A Nova Peneira"},"sameAs":["http:\/\/www.anovapeneira.gal\/"],"url":"https:\/\/www.anovapeneira.gal\/index.php\/author\/redactor\/"}]}},"jetpack_featured_media_url":"https:\/\/www.anovapeneira.gal\/wp-content\/uploads\/2022\/05\/reunion-xerente-area-sanitaria.jpg","_links":{"self":[{"href":"https:\/\/www.anovapeneira.gal\/index.php\/wp-json\/wp\/v2\/posts\/7453","targetHints":{"allow":["GET"]}}],"collection":[{"href":"https:\/\/www.anovapeneira.gal\/index.php\/wp-json\/wp\/v2\/posts"}],"about":[{"href":"https:\/\/www.anovapeneira.gal\/index.php\/wp-json\/wp\/v2\/types\/post"}],"author":[{"embeddable":true,"href":"https:\/\/www.anovapeneira.gal\/index.php\/wp-json\/wp\/v2\/users\/3"}],"replies":[{"embeddable":true,"href":"https:\/\/www.anovapeneira.gal\/index.php\/wp-json\/wp\/v2\/comments?post=7453"}],"version-history":[{"count":1,"href":"https:\/\/www.anovapeneira.gal\/index.php\/wp-json\/wp\/v2\/posts\/7453\/revisions"}],"predecessor-version":[{"id":7455,"href":"https:\/\/www.anovapeneira.gal\/index.php\/wp-json\/wp\/v2\/posts\/7453\/revisions\/7455"}],"wp:featuredmedia":[{"embeddable":true,"href":"https:\/\/www.anovapeneira.gal\/index.php\/wp-json\/wp\/v2\/media\/7454"}],"wp:attachment":[{"href":"https:\/\/www.anovapeneira.gal\/index.php\/wp-json\/wp\/v2\/media?parent=7453"}],"wp:term":[{"taxonomy":"category","embeddable":true,"href":"https:\/\/www.anovapeneira.gal\/index.php\/wp-json\/wp\/v2\/categories?post=7453"},{"taxonomy":"post_tag","embeddable":true,"href":"https:\/\/www.anovapeneira.gal\/index.php\/wp-json\/wp\/v2\/tags?post=7453"}],"curies":[{"name":"wp","href":"https:\/\/api.w.org\/{rel}","templated":true}]}}