{"id":7459,"date":"2022-05-12T12:00:44","date_gmt":"2022-05-12T10:00:44","guid":{"rendered":"https:\/\/www.anovapeneira.gal\/?p=7459"},"modified":"2022-05-10T11:43:08","modified_gmt":"2022-05-10T09:43:08","slug":"preto-de-2-000-persoas-participan-na-manifestacion-contra-o-expolio-de-ponte-caldelas-o-berro-de-nin-trasvase-nin-encoro","status":"publish","type":"post","link":"https:\/\/www.anovapeneira.gal\/index.php\/2022\/05\/12\/preto-de-2-000-persoas-participan-na-manifestacion-contra-o-expolio-de-ponte-caldelas-o-berro-de-nin-trasvase-nin-encoro\/","title":{"rendered":"Preto de 2.000 persoas participan na manifestaci\u00f3n contra o expolio de Ponte Caldelas, \u00f3 berro de \u201cNin trasvase, nin encoro\u201d"},"content":{"rendered":"\n<h2 class=\"wp-block-heading\">A concentraci\u00f3n polas r\u00faas de Ponte Caldelas evidenciou o rexeitamento un\u00e1nime da poboaci\u00f3n do municipio e dos concellos da contorna contra a agresi\u00f3n medioambiental que se plantexa sobre os r\u00edos Verdugo e Oitav\u00e9n<\/h2>\n\n\n\n<p><strong>Ponte Caldelas, 8 de maio de 2022<\/strong><\/p>\n\n\n\n<p>Ao berro de \u2018Nin trasvase nin encoro\u201d preto de 2.000 persoas sairon hoxe \u00e1s r\u00faas de Ponte Caldelas para evidenciar o rexeitamento social contra a gresi\u00f3n medioambital que se plantexa sobre os r\u00edos Verdugo e Oitav\u00e9n. A concentraci\u00f3n partiu \u00e1s 12.00 horas de diante da Casa do Concello e discorreu polas r\u00faas Avenida de Galicia, Avenida de Pontevedra, R\u00faa da Ponte e R\u00faa Emigrante para rematar na Alameda de Ponte Caldelas, onde o alcalde, Andr\u00e9s D\u00edaz, fixo lectura do manifesto elaborado polo Goberno de Ponte Caldelas \u00e1 veci\u00f1anza participante na multitudinaria manifestaci\u00f3n.<\/p>\n\n\n\n<p>Con silbatos, bubucelas, cacerolas, sart\u00e9n e latas, a veci\u00f1anza amosou o desacordo e a falta de respecto que amosan coa poboaci\u00f3n de Ponte Caldelas e dos concellos da contorna as tres administraci\u00f3n implicadas en dar soluci\u00f3n \u00f3s problemas de auga do sur da provincia de Pontevedra. Xunta de Galicia, Goberno do Estado e Concello de Vigo un\u00edronse e pagaron a escote un estudo que prop\u00f3n soluci\u00f3ns para dotar de maior abastecemento de auga a once concellos, pero en embargo ning\u00fan dos tres da a cara para amosar o estudo ou falar de outras alternativas co Goberno de Ponte Caldelas.<\/p>\n\n\n\n<p>\u201cDende o sill\u00f3n dun despacho pintan no mapa un trasvase, debuxan encoros e parques e\u00f3licos e incluso trazan li\u00f1as de alta tensi\u00f3n. Para eles o rural son catro casas, catro veci\u00f1os que non importamos nada. Pero non \u00e9 as\u00ed, e hoxe est\u00e1molo demostrando xuntos, unidos\u201d, indicou D\u00edaz, que recordou que en 2017 o Goberno pontecaldel\u00e1n conseguiu frear o trasvase e en 2022 farao de novo. \u201cOnte, hoxe e sempre defenderemos o r\u00edo Verdugo porque \u00e9 o noso futuro. Porque Ponte Caldelas ten 33 lugares, 33 aldeas con tra\u00eddas veci\u00f1ais que en anos de seca precisan auga e este concello ten que darlla. E de onde lla damos? Do r\u00edo Verdugo. \u00c9 a nosa fonte, a nosa vida. O presente e o futuro do noso pobo depende de que te\u00f1amos auga\u201d.<\/p>\n\n\n\n<p>A manifestaci\u00f3n rematou con todos os participantes entonando o Himno Galego na Alameda de Ponte Caldelas, logo de berrar \u201cpara que nos escoiten en Santiago, en Madrid e en todo o mundo: O rural ten voz. O rural ten vida. O rural ten futuro\u201d.<\/p>\n\n\n\n<p>DISCURSO DO ALCALDE DE PONTE CALDELAS, ANDR\u00c9S D\u00cdAZ<\/p>\n\n\n\n<p>Quero comezar dando as grazas a todas e cada unha das persoas que participades hoxe nesta manifestaci\u00f3n. \u00c9 unha protesta necesaria para protexer os r\u00edos Verdugo e Oitav\u00e9n e \u00e1 vez important\u00edsima para reivindicar o valor do rural, porque as persoas que apostamos polo rural, que vivimos nel, vemos como temos as mesmas obrigaci\u00f3ns ca calquera veci\u00f1o da cidade, pero sentimos que as grandes administraci\u00f3ns non gobernan para n\u00f3s e as grandes empresas buscan sacar un rendemento da nosa terra a custe cero.<\/p>\n\n\n\n<p>Dende o sill\u00f3n dun despacho pintan no mapa un trasvase, debuxan encoros e parques e\u00f3licos e incluso trazan li\u00f1as de alta tensi\u00f3n. Para eles o rural son catro casas, catro veci\u00f1os que non importamos nada. Pero non \u00e9 as\u00ed, e hoxe est\u00e1molo demostrando xuntos, unidos.<\/p>\n\n\n\n<p>Fai tres semanas que nos enteramos a trav\u00e9s dos medios de comunicaci\u00f3n que a Xunta de Galicia, Goberno de Espa\u00f1a e Concello de Vigo se uniron para pagar a escote un estudo que busca solucionar o problema da sequ\u00eda en once concellos do sur da provincia de Pontevedra. Ningunha das tres administraci\u00f3ns tivo a decencia de comunicar \u00f3 Concello de Ponte Caldelas, \u00f3 Concello da Lama ou \u00f3 Concello de Fornelos de Montes que unha desas propostas \u00e9 a construir un encoro en terreos da nosa competencia, en terreos que viven persoas, nos que temos patrimonio, nos que temos un r\u00edo vivo que queren arrasar.<\/p>\n\n\n\n<p>E o que xa me parece unha falta de respecto total \u00e9 que cando esiximos que nos reciban, que nos env\u00eden o estudo para saber a que nos enfrontamos, todos miran cara outro lado: despois de case un mes nin nos recibiron na Xunta, nin no Ministerio de Transici\u00f3n Ecol\u00f3xica, nin a Confederaci\u00f3n Hidrogr\u00e1fica nos enviou o estudo de alternativas pese a terllo pedido por escrito. Par\u00e9ceme intolerable.<\/p>\n\n\n\n<p>E que dicir do noso r\u00edo Verdugo? Un r\u00edo que vive nun constante desafogo temendo unha nova proposta de trasvase. En 2017 xa estivemos manifest\u00e1ndonos aqu\u00ed mesmo porque nos quer\u00edan roubar o noso r\u00edo. Xa ti\u00f1an o proxecto e Augas de Galicia enviara xa os top\u00f3grafos a facer as medici\u00f3ns e o trasvase era inminente. Pero destapamos un informe de 2011 que dic\u00eda que o r\u00edo Verdugo non ten auga suficiente para manter o caudal ecol\u00f3xico 7 de cada 10 anos e, o m\u00e1is importante, toda Ponte Caldelas saiu \u00e1 r\u00faa a defender o seu r\u00edo.<\/p>\n\n\n\n<p>Agora o trasvase xa o plantexan augas abaixo de Ponte Caldelas, en Soutomaior, pero contin\u00faa o ataque contra o noso r\u00edo e non llo imos permitir. Onte, hoxe e sempre defenderemos o r\u00edo Verdugo porque \u00e9 o noso futuro. Porque Ponte Caldelas ten 33 lugares, 33 aldeas con tra\u00eddas veci\u00f1ais que en anos de seca precisan auga e este concello ten que darlla. E de onde lla damos? Do r\u00edo Verdugo. \u00c9 a nosa fonte, a nosa vida. O presente e o futuro do noso pobo depende de que te\u00f1amos auga.<\/p>\n\n\n\n<p>Por iso, non queda outra que berrar alto e claro, con rotundidade, que non imos permitir que se cometa ningunha barbaridade ambiental sobre o r\u00edo Verdugo nin sobre o r\u00edo Oitav\u00e9n. Os encoros foron as grandes obras da dictadura, pero en pleno s\u00e9culo XXI non imos permitir que asolaguen terras f\u00e9rtiles, patrimonio, flora, fauna e vida baixo as augas dunha presa. Nin que nos leven a auga que non temos, porque a Galicia dos mil r\u00edos esmoreceu.<\/p>\n\n\n\n<p>Entendemos que hai 11 concellos que te\u00f1en un problema de auga, agora ben, ningu\u00e9n est\u00e1 pendando no problema que xa temos n\u00f3s. Debemos cambiar h\u00e1bitos de consumo e de xesti\u00f3n da auga por parte das administraci\u00f3ns e barallar seriamente outras alternativas a travases e encoros menos agresivas co medio ambiente, como as potabilizadoras ou desalinizadoras,<\/p>\n\n\n\n<p>Xa basta de asoballarnos con centos de parques e\u00f3licos fragmentados, sin estudos de impacto ambiental rigorosos, con mui\u00f1os de 200 metros pegados \u00e1s casas e con li\u00f1as de alta tensi\u00f3n atravesando os nosos concellos. Deixan aldeas enteiras dentro das poligonais dos parques, deval\u00faan os nosos terreos e incentivan a despoboaci\u00f3n do rural.<\/p>\n\n\n\n<p>Vivimos aqu\u00ed e queremos vivir sempre aqu\u00ed. Estamos fartos de que vac\u00eden Galicia, de que vac\u00eden Espa\u00f1a. E por iso hoxe berramos dende Ponte Caldelas, para que nos escoiten en Santiago, en Madrid e en todo o mundo:<\/p>\n\n\n\n<p>O rural ten voz.<\/p>\n\n\n\n<p>O rural ten vida.<\/p>\n\n\n\n<p>O rural ten futuro<\/p>\n\n\n\n<p>Grazas!!!<\/p>\n","protected":false},"excerpt":{"rendered":"<div class=\"mh-excerpt\"><p>A concentraci\u00f3n polas r\u00faas de Ponte Caldelas evidenciou o rexeitamento un\u00e1nime da poboaci\u00f3n do municipio e dos concellos da contorna contra a agresi\u00f3n medioambiental que se plantexa sobre os r\u00edos Verdugo e Oitav\u00e9n <a class=\"mh-excerpt-more\" href=\"https:\/\/www.anovapeneira.gal\/index.php\/2022\/05\/12\/preto-de-2-000-persoas-participan-na-manifestacion-contra-o-expolio-de-ponte-caldelas-o-berro-de-nin-trasvase-nin-encoro\/\" title=\"Preto de 2.000 persoas participan na manifestaci\u00f3n contra o expolio de Ponte Caldelas, \u00f3 berro de \u201cNin trasvase, nin encoro\u201d\">[&#8230;]<\/a><\/p>\n<\/div>","protected":false},"author":3,"featured_media":3219,"comment_status":"open","ping_status":"open","sticky":false,"template":"","format":"standard","meta":{"_exactmetrics_skip_tracking":false,"_exactmetrics_sitenote_active":false,"_exactmetrics_sitenote_note":"","_exactmetrics_sitenote_category":0,"footnotes":""},"categories":[26],"tags":[128],"class_list":{"0":"post-7459","1":"post","2":"type-post","3":"status-publish","4":"format-standard","5":"has-post-thumbnail","7":"category-pontevedra","8":"tag-concello-de-ponte-caldelas"},"yoast_head":"<!-- This site is optimized with the Yoast SEO plugin v27.4 - https:\/\/yoast.com\/product\/yoast-seo-wordpress\/ -->\n<title>Preto de 2.000 persoas participan na manifestaci\u00f3n contra o expolio de Ponte Caldelas, \u00f3 berro de \u201cNin trasvase, nin encoro\u201d -<\/title>\n<meta name=\"description\" content=\"A concentraci\u00f3n polas r\u00faas de Ponte Caldelas evidenciou o rexeitamento un\u00e1nime da poboaci\u00f3n do municipio e dos concellos da contorna contra a agresi\u00f3n medioambiental que se plantexa sobre os r\u00edos Verdugo e Oitav\u00e9n\" \/>\n<meta name=\"robots\" content=\"index, follow, max-snippet:-1, max-image-preview:large, max-video-preview:-1\" \/>\n<link rel=\"canonical\" href=\"https:\/\/www.anovapeneira.gal\/index.php\/2022\/05\/12\/preto-de-2-000-persoas-participan-na-manifestacion-contra-o-expolio-de-ponte-caldelas-o-berro-de-nin-trasvase-nin-encoro\/\" \/>\n<meta property=\"og:locale\" content=\"gl_ES\" \/>\n<meta property=\"og:type\" content=\"article\" \/>\n<meta property=\"og:title\" content=\"Preto de 2.000 persoas participan na manifestaci\u00f3n contra o expolio de Ponte Caldelas, \u00f3 berro de \u201cNin trasvase, nin encoro\u201d -\" \/>\n<meta property=\"og:description\" content=\"A concentraci\u00f3n polas r\u00faas de Ponte Caldelas evidenciou o rexeitamento un\u00e1nime da poboaci\u00f3n do municipio e dos concellos da contorna contra a agresi\u00f3n medioambiental que se plantexa sobre os r\u00edos Verdugo e Oitav\u00e9n\" \/>\n<meta property=\"og:url\" content=\"https:\/\/www.anovapeneira.gal\/index.php\/2022\/05\/12\/preto-de-2-000-persoas-participan-na-manifestacion-contra-o-expolio-de-ponte-caldelas-o-berro-de-nin-trasvase-nin-encoro\/\" \/>\n<meta property=\"article:publisher\" content=\"https:\/\/www.facebook.com\/anovapeneira\" \/>\n<meta property=\"article:published_time\" content=\"2022-05-12T10:00:44+00:00\" \/>\n<meta property=\"og:image\" content=\"https:\/\/www.anovapeneira.gal\/wp-content\/uploads\/2020\/05\/logo_ponte_caldelas_a_nova_peneira.jpg\" \/>\n\t<meta property=\"og:image:width\" content=\"720\" \/>\n\t<meta property=\"og:image:height\" content=\"432\" \/>\n\t<meta property=\"og:image:type\" content=\"image\/jpeg\" \/>\n<meta name=\"author\" content=\"Redacci\u00f3n A Nova Peneira\" \/>\n<meta name=\"twitter:card\" content=\"summary_large_image\" \/>\n<meta name=\"twitter:creator\" content=\"@APeneira\" \/>\n<meta name=\"twitter:site\" content=\"@APeneira\" \/>\n<meta name=\"twitter:label1\" content=\"Escrito por\" \/>\n\t<meta name=\"twitter:data1\" content=\"Redacci\u00f3n A Nova Peneira\" \/>\n\t<meta name=\"twitter:label2\" content=\"Tempo de lectura\" \/>\n\t<meta name=\"twitter:data2\" content=\"7 minutos\" \/>\n<script type=\"application\/ld+json\" class=\"yoast-schema-graph\">{\"@context\":\"https:\\\/\\\/schema.org\",\"@graph\":[{\"@type\":\"Article\",\"@id\":\"https:\\\/\\\/www.anovapeneira.gal\\\/index.php\\\/2022\\\/05\\\/12\\\/preto-de-2-000-persoas-participan-na-manifestacion-contra-o-expolio-de-ponte-caldelas-o-berro-de-nin-trasvase-nin-encoro\\\/#article\",\"isPartOf\":{\"@id\":\"https:\\\/\\\/www.anovapeneira.gal\\\/index.php\\\/2022\\\/05\\\/12\\\/preto-de-2-000-persoas-participan-na-manifestacion-contra-o-expolio-de-ponte-caldelas-o-berro-de-nin-trasvase-nin-encoro\\\/\"},\"author\":{\"name\":\"Redacci\u00f3n A Nova Peneira\",\"@id\":\"https:\\\/\\\/www.anovapeneira.gal\\\/#\\\/schema\\\/person\\\/b93e3f8932e3f8da96334607eb6ac6aa\"},\"headline\":\"Preto de 2.000 persoas participan na manifestaci\u00f3n contra o expolio de Ponte Caldelas, \u00f3 berro de \u201cNin trasvase, nin encoro\u201d\",\"datePublished\":\"2022-05-12T10:00:44+00:00\",\"mainEntityOfPage\":{\"@id\":\"https:\\\/\\\/www.anovapeneira.gal\\\/index.php\\\/2022\\\/05\\\/12\\\/preto-de-2-000-persoas-participan-na-manifestacion-contra-o-expolio-de-ponte-caldelas-o-berro-de-nin-trasvase-nin-encoro\\\/\"},\"wordCount\":1236,\"commentCount\":0,\"publisher\":{\"@id\":\"https:\\\/\\\/www.anovapeneira.gal\\\/#organization\"},\"image\":{\"@id\":\"https:\\\/\\\/www.anovapeneira.gal\\\/index.php\\\/2022\\\/05\\\/12\\\/preto-de-2-000-persoas-participan-na-manifestacion-contra-o-expolio-de-ponte-caldelas-o-berro-de-nin-trasvase-nin-encoro\\\/#primaryimage\"},\"thumbnailUrl\":\"https:\\\/\\\/www.anovapeneira.gal\\\/wp-content\\\/uploads\\\/2020\\\/05\\\/logo_ponte_caldelas_a_nova_peneira.jpg\",\"keywords\":[\"Concello de Ponte Caldelas\"],\"articleSection\":[\"Pontevedra\"],\"inLanguage\":\"gl-ES\",\"potentialAction\":[{\"@type\":\"CommentAction\",\"name\":\"Comment\",\"target\":[\"https:\\\/\\\/www.anovapeneira.gal\\\/index.php\\\/2022\\\/05\\\/12\\\/preto-de-2-000-persoas-participan-na-manifestacion-contra-o-expolio-de-ponte-caldelas-o-berro-de-nin-trasvase-nin-encoro\\\/#respond\"]}]},{\"@type\":\"WebPage\",\"@id\":\"https:\\\/\\\/www.anovapeneira.gal\\\/index.php\\\/2022\\\/05\\\/12\\\/preto-de-2-000-persoas-participan-na-manifestacion-contra-o-expolio-de-ponte-caldelas-o-berro-de-nin-trasvase-nin-encoro\\\/\",\"url\":\"https:\\\/\\\/www.anovapeneira.gal\\\/index.php\\\/2022\\\/05\\\/12\\\/preto-de-2-000-persoas-participan-na-manifestacion-contra-o-expolio-de-ponte-caldelas-o-berro-de-nin-trasvase-nin-encoro\\\/\",\"name\":\"Preto de 2.000 persoas participan na manifestaci\u00f3n contra o expolio de Ponte Caldelas, \u00f3 berro de \u201cNin trasvase, nin encoro\u201d -\",\"isPartOf\":{\"@id\":\"https:\\\/\\\/www.anovapeneira.gal\\\/#website\"},\"primaryImageOfPage\":{\"@id\":\"https:\\\/\\\/www.anovapeneira.gal\\\/index.php\\\/2022\\\/05\\\/12\\\/preto-de-2-000-persoas-participan-na-manifestacion-contra-o-expolio-de-ponte-caldelas-o-berro-de-nin-trasvase-nin-encoro\\\/#primaryimage\"},\"image\":{\"@id\":\"https:\\\/\\\/www.anovapeneira.gal\\\/index.php\\\/2022\\\/05\\\/12\\\/preto-de-2-000-persoas-participan-na-manifestacion-contra-o-expolio-de-ponte-caldelas-o-berro-de-nin-trasvase-nin-encoro\\\/#primaryimage\"},\"thumbnailUrl\":\"https:\\\/\\\/www.anovapeneira.gal\\\/wp-content\\\/uploads\\\/2020\\\/05\\\/logo_ponte_caldelas_a_nova_peneira.jpg\",\"datePublished\":\"2022-05-12T10:00:44+00:00\",\"description\":\"A concentraci\u00f3n polas r\u00faas de Ponte Caldelas evidenciou o rexeitamento un\u00e1nime da poboaci\u00f3n do municipio e dos concellos da contorna contra a agresi\u00f3n medioambiental que se plantexa sobre os r\u00edos Verdugo e Oitav\u00e9n\",\"breadcrumb\":{\"@id\":\"https:\\\/\\\/www.anovapeneira.gal\\\/index.php\\\/2022\\\/05\\\/12\\\/preto-de-2-000-persoas-participan-na-manifestacion-contra-o-expolio-de-ponte-caldelas-o-berro-de-nin-trasvase-nin-encoro\\\/#breadcrumb\"},\"inLanguage\":\"gl-ES\",\"potentialAction\":[{\"@type\":\"ReadAction\",\"target\":[\"https:\\\/\\\/www.anovapeneira.gal\\\/index.php\\\/2022\\\/05\\\/12\\\/preto-de-2-000-persoas-participan-na-manifestacion-contra-o-expolio-de-ponte-caldelas-o-berro-de-nin-trasvase-nin-encoro\\\/\"]}]},{\"@type\":\"ImageObject\",\"inLanguage\":\"gl-ES\",\"@id\":\"https:\\\/\\\/www.anovapeneira.gal\\\/index.php\\\/2022\\\/05\\\/12\\\/preto-de-2-000-persoas-participan-na-manifestacion-contra-o-expolio-de-ponte-caldelas-o-berro-de-nin-trasvase-nin-encoro\\\/#primaryimage\",\"url\":\"https:\\\/\\\/www.anovapeneira.gal\\\/wp-content\\\/uploads\\\/2020\\\/05\\\/logo_ponte_caldelas_a_nova_peneira.jpg\",\"contentUrl\":\"https:\\\/\\\/www.anovapeneira.gal\\\/wp-content\\\/uploads\\\/2020\\\/05\\\/logo_ponte_caldelas_a_nova_peneira.jpg\",\"width\":720,\"height\":432,\"caption\":\"Concello de Ponte Caldelas A Nova Peneira\"},{\"@type\":\"BreadcrumbList\",\"@id\":\"https:\\\/\\\/www.anovapeneira.gal\\\/index.php\\\/2022\\\/05\\\/12\\\/preto-de-2-000-persoas-participan-na-manifestacion-contra-o-expolio-de-ponte-caldelas-o-berro-de-nin-trasvase-nin-encoro\\\/#breadcrumb\",\"itemListElement\":[{\"@type\":\"ListItem\",\"position\":1,\"name\":\"Portada\",\"item\":\"https:\\\/\\\/www.anovapeneira.gal\\\/\"},{\"@type\":\"ListItem\",\"position\":2,\"name\":\"Preto de 2.000 persoas participan na manifestaci\u00f3n contra o expolio de Ponte Caldelas, \u00f3 berro de \u201cNin trasvase, nin encoro\u201d\"}]},{\"@type\":\"WebSite\",\"@id\":\"https:\\\/\\\/www.anovapeneira.gal\\\/#website\",\"url\":\"https:\\\/\\\/www.anovapeneira.gal\\\/\",\"name\":\"\",\"description\":\"Xornal galego de informaci\u00f3n xeral Publicaci\u00f3n mensual de novas de Galicia e en especial dos Concellos da sur da provincia de Pontevedra.\",\"publisher\":{\"@id\":\"https:\\\/\\\/www.anovapeneira.gal\\\/#organization\"},\"potentialAction\":[{\"@type\":\"SearchAction\",\"target\":{\"@type\":\"EntryPoint\",\"urlTemplate\":\"https:\\\/\\\/www.anovapeneira.gal\\\/?s={search_term_string}\"},\"query-input\":{\"@type\":\"PropertyValueSpecification\",\"valueRequired\":true,\"valueName\":\"search_term_string\"}}],\"inLanguage\":\"gl-ES\"},{\"@type\":\"Organization\",\"@id\":\"https:\\\/\\\/www.anovapeneira.gal\\\/#organization\",\"name\":\"A Nova Peneira\",\"url\":\"https:\\\/\\\/www.anovapeneira.gal\\\/\",\"logo\":{\"@type\":\"ImageObject\",\"inLanguage\":\"gl-ES\",\"@id\":\"https:\\\/\\\/www.anovapeneira.gal\\\/#\\\/schema\\\/logo\\\/image\\\/\",\"url\":\"http:\\\/\\\/www.anovapeneira.gal\\\/wp-content\\\/uploads\\\/2019\\\/06\\\/logo_a_nova_peneira_portal_web.png\",\"contentUrl\":\"http:\\\/\\\/www.anovapeneira.gal\\\/wp-content\\\/uploads\\\/2019\\\/06\\\/logo_a_nova_peneira_portal_web.png\",\"width\":300,\"height\":100,\"caption\":\"A Nova Peneira\"},\"image\":{\"@id\":\"https:\\\/\\\/www.anovapeneira.gal\\\/#\\\/schema\\\/logo\\\/image\\\/\"},\"sameAs\":[\"https:\\\/\\\/www.facebook.com\\\/anovapeneira\",\"https:\\\/\\\/x.com\\\/APeneira\"]},{\"@type\":\"Person\",\"@id\":\"https:\\\/\\\/www.anovapeneira.gal\\\/#\\\/schema\\\/person\\\/b93e3f8932e3f8da96334607eb6ac6aa\",\"name\":\"Redacci\u00f3n A Nova Peneira\",\"image\":{\"@type\":\"ImageObject\",\"inLanguage\":\"gl-ES\",\"@id\":\"https:\\\/\\\/secure.gravatar.com\\\/avatar\\\/c052a2551a06e23fac63626232eaa90abd78dbcf1700fc46a2b2c89fd27b735f?s=96&d=mm&r=g\",\"url\":\"https:\\\/\\\/secure.gravatar.com\\\/avatar\\\/c052a2551a06e23fac63626232eaa90abd78dbcf1700fc46a2b2c89fd27b735f?s=96&d=mm&r=g\",\"contentUrl\":\"https:\\\/\\\/secure.gravatar.com\\\/avatar\\\/c052a2551a06e23fac63626232eaa90abd78dbcf1700fc46a2b2c89fd27b735f?s=96&d=mm&r=g\",\"caption\":\"Redacci\u00f3n A Nova Peneira\"},\"sameAs\":[\"http:\\\/\\\/www.anovapeneira.gal\\\/\"],\"url\":\"https:\\\/\\\/www.anovapeneira.gal\\\/index.php\\\/author\\\/redactor\\\/\"}]}<\/script>\n<!-- \/ Yoast SEO plugin. -->","yoast_head_json":{"title":"Preto de 2.000 persoas participan na manifestaci\u00f3n contra o expolio de Ponte Caldelas, \u00f3 berro de \u201cNin trasvase, nin encoro\u201d -","description":"A concentraci\u00f3n polas r\u00faas de Ponte Caldelas evidenciou o rexeitamento un\u00e1nime da poboaci\u00f3n do municipio e dos concellos da contorna contra a agresi\u00f3n medioambiental que se plantexa sobre os r\u00edos Verdugo e Oitav\u00e9n","robots":{"index":"index","follow":"follow","max-snippet":"max-snippet:-1","max-image-preview":"max-image-preview:large","max-video-preview":"max-video-preview:-1"},"canonical":"https:\/\/www.anovapeneira.gal\/index.php\/2022\/05\/12\/preto-de-2-000-persoas-participan-na-manifestacion-contra-o-expolio-de-ponte-caldelas-o-berro-de-nin-trasvase-nin-encoro\/","og_locale":"gl_ES","og_type":"article","og_title":"Preto de 2.000 persoas participan na manifestaci\u00f3n contra o expolio de Ponte Caldelas, \u00f3 berro de \u201cNin trasvase, nin encoro\u201d -","og_description":"A concentraci\u00f3n polas r\u00faas de Ponte Caldelas evidenciou o rexeitamento un\u00e1nime da poboaci\u00f3n do municipio e dos concellos da contorna contra a agresi\u00f3n medioambiental que se plantexa sobre os r\u00edos Verdugo e Oitav\u00e9n","og_url":"https:\/\/www.anovapeneira.gal\/index.php\/2022\/05\/12\/preto-de-2-000-persoas-participan-na-manifestacion-contra-o-expolio-de-ponte-caldelas-o-berro-de-nin-trasvase-nin-encoro\/","article_publisher":"https:\/\/www.facebook.com\/anovapeneira","article_published_time":"2022-05-12T10:00:44+00:00","og_image":[{"width":720,"height":432,"url":"https:\/\/www.anovapeneira.gal\/wp-content\/uploads\/2020\/05\/logo_ponte_caldelas_a_nova_peneira.jpg","type":"image\/jpeg"}],"author":"Redacci\u00f3n A Nova Peneira","twitter_card":"summary_large_image","twitter_creator":"@APeneira","twitter_site":"@APeneira","twitter_misc":{"Escrito por":"Redacci\u00f3n A Nova Peneira","Tempo de lectura":"7 minutos"},"schema":{"@context":"https:\/\/schema.org","@graph":[{"@type":"Article","@id":"https:\/\/www.anovapeneira.gal\/index.php\/2022\/05\/12\/preto-de-2-000-persoas-participan-na-manifestacion-contra-o-expolio-de-ponte-caldelas-o-berro-de-nin-trasvase-nin-encoro\/#article","isPartOf":{"@id":"https:\/\/www.anovapeneira.gal\/index.php\/2022\/05\/12\/preto-de-2-000-persoas-participan-na-manifestacion-contra-o-expolio-de-ponte-caldelas-o-berro-de-nin-trasvase-nin-encoro\/"},"author":{"name":"Redacci\u00f3n A Nova Peneira","@id":"https:\/\/www.anovapeneira.gal\/#\/schema\/person\/b93e3f8932e3f8da96334607eb6ac6aa"},"headline":"Preto de 2.000 persoas participan na manifestaci\u00f3n contra o expolio de Ponte Caldelas, \u00f3 berro de \u201cNin trasvase, nin encoro\u201d","datePublished":"2022-05-12T10:00:44+00:00","mainEntityOfPage":{"@id":"https:\/\/www.anovapeneira.gal\/index.php\/2022\/05\/12\/preto-de-2-000-persoas-participan-na-manifestacion-contra-o-expolio-de-ponte-caldelas-o-berro-de-nin-trasvase-nin-encoro\/"},"wordCount":1236,"commentCount":0,"publisher":{"@id":"https:\/\/www.anovapeneira.gal\/#organization"},"image":{"@id":"https:\/\/www.anovapeneira.gal\/index.php\/2022\/05\/12\/preto-de-2-000-persoas-participan-na-manifestacion-contra-o-expolio-de-ponte-caldelas-o-berro-de-nin-trasvase-nin-encoro\/#primaryimage"},"thumbnailUrl":"https:\/\/www.anovapeneira.gal\/wp-content\/uploads\/2020\/05\/logo_ponte_caldelas_a_nova_peneira.jpg","keywords":["Concello de Ponte Caldelas"],"articleSection":["Pontevedra"],"inLanguage":"gl-ES","potentialAction":[{"@type":"CommentAction","name":"Comment","target":["https:\/\/www.anovapeneira.gal\/index.php\/2022\/05\/12\/preto-de-2-000-persoas-participan-na-manifestacion-contra-o-expolio-de-ponte-caldelas-o-berro-de-nin-trasvase-nin-encoro\/#respond"]}]},{"@type":"WebPage","@id":"https:\/\/www.anovapeneira.gal\/index.php\/2022\/05\/12\/preto-de-2-000-persoas-participan-na-manifestacion-contra-o-expolio-de-ponte-caldelas-o-berro-de-nin-trasvase-nin-encoro\/","url":"https:\/\/www.anovapeneira.gal\/index.php\/2022\/05\/12\/preto-de-2-000-persoas-participan-na-manifestacion-contra-o-expolio-de-ponte-caldelas-o-berro-de-nin-trasvase-nin-encoro\/","name":"Preto de 2.000 persoas participan na manifestaci\u00f3n contra o expolio de Ponte Caldelas, \u00f3 berro de \u201cNin trasvase, nin encoro\u201d -","isPartOf":{"@id":"https:\/\/www.anovapeneira.gal\/#website"},"primaryImageOfPage":{"@id":"https:\/\/www.anovapeneira.gal\/index.php\/2022\/05\/12\/preto-de-2-000-persoas-participan-na-manifestacion-contra-o-expolio-de-ponte-caldelas-o-berro-de-nin-trasvase-nin-encoro\/#primaryimage"},"image":{"@id":"https:\/\/www.anovapeneira.gal\/index.php\/2022\/05\/12\/preto-de-2-000-persoas-participan-na-manifestacion-contra-o-expolio-de-ponte-caldelas-o-berro-de-nin-trasvase-nin-encoro\/#primaryimage"},"thumbnailUrl":"https:\/\/www.anovapeneira.gal\/wp-content\/uploads\/2020\/05\/logo_ponte_caldelas_a_nova_peneira.jpg","datePublished":"2022-05-12T10:00:44+00:00","description":"A concentraci\u00f3n polas r\u00faas de Ponte Caldelas evidenciou o rexeitamento un\u00e1nime da poboaci\u00f3n do municipio e dos concellos da contorna contra a agresi\u00f3n medioambiental que se plantexa sobre os r\u00edos Verdugo e Oitav\u00e9n","breadcrumb":{"@id":"https:\/\/www.anovapeneira.gal\/index.php\/2022\/05\/12\/preto-de-2-000-persoas-participan-na-manifestacion-contra-o-expolio-de-ponte-caldelas-o-berro-de-nin-trasvase-nin-encoro\/#breadcrumb"},"inLanguage":"gl-ES","potentialAction":[{"@type":"ReadAction","target":["https:\/\/www.anovapeneira.gal\/index.php\/2022\/05\/12\/preto-de-2-000-persoas-participan-na-manifestacion-contra-o-expolio-de-ponte-caldelas-o-berro-de-nin-trasvase-nin-encoro\/"]}]},{"@type":"ImageObject","inLanguage":"gl-ES","@id":"https:\/\/www.anovapeneira.gal\/index.php\/2022\/05\/12\/preto-de-2-000-persoas-participan-na-manifestacion-contra-o-expolio-de-ponte-caldelas-o-berro-de-nin-trasvase-nin-encoro\/#primaryimage","url":"https:\/\/www.anovapeneira.gal\/wp-content\/uploads\/2020\/05\/logo_ponte_caldelas_a_nova_peneira.jpg","contentUrl":"https:\/\/www.anovapeneira.gal\/wp-content\/uploads\/2020\/05\/logo_ponte_caldelas_a_nova_peneira.jpg","width":720,"height":432,"caption":"Concello de Ponte Caldelas A Nova Peneira"},{"@type":"BreadcrumbList","@id":"https:\/\/www.anovapeneira.gal\/index.php\/2022\/05\/12\/preto-de-2-000-persoas-participan-na-manifestacion-contra-o-expolio-de-ponte-caldelas-o-berro-de-nin-trasvase-nin-encoro\/#breadcrumb","itemListElement":[{"@type":"ListItem","position":1,"name":"Portada","item":"https:\/\/www.anovapeneira.gal\/"},{"@type":"ListItem","position":2,"name":"Preto de 2.000 persoas participan na manifestaci\u00f3n contra o expolio de Ponte Caldelas, \u00f3 berro de \u201cNin trasvase, nin encoro\u201d"}]},{"@type":"WebSite","@id":"https:\/\/www.anovapeneira.gal\/#website","url":"https:\/\/www.anovapeneira.gal\/","name":"","description":"Xornal galego de informaci\u00f3n xeral Publicaci\u00f3n mensual de novas de Galicia e en especial dos Concellos da sur da provincia de Pontevedra.","publisher":{"@id":"https:\/\/www.anovapeneira.gal\/#organization"},"potentialAction":[{"@type":"SearchAction","target":{"@type":"EntryPoint","urlTemplate":"https:\/\/www.anovapeneira.gal\/?s={search_term_string}"},"query-input":{"@type":"PropertyValueSpecification","valueRequired":true,"valueName":"search_term_string"}}],"inLanguage":"gl-ES"},{"@type":"Organization","@id":"https:\/\/www.anovapeneira.gal\/#organization","name":"A Nova Peneira","url":"https:\/\/www.anovapeneira.gal\/","logo":{"@type":"ImageObject","inLanguage":"gl-ES","@id":"https:\/\/www.anovapeneira.gal\/#\/schema\/logo\/image\/","url":"http:\/\/www.anovapeneira.gal\/wp-content\/uploads\/2019\/06\/logo_a_nova_peneira_portal_web.png","contentUrl":"http:\/\/www.anovapeneira.gal\/wp-content\/uploads\/2019\/06\/logo_a_nova_peneira_portal_web.png","width":300,"height":100,"caption":"A Nova Peneira"},"image":{"@id":"https:\/\/www.anovapeneira.gal\/#\/schema\/logo\/image\/"},"sameAs":["https:\/\/www.facebook.com\/anovapeneira","https:\/\/x.com\/APeneira"]},{"@type":"Person","@id":"https:\/\/www.anovapeneira.gal\/#\/schema\/person\/b93e3f8932e3f8da96334607eb6ac6aa","name":"Redacci\u00f3n A Nova Peneira","image":{"@type":"ImageObject","inLanguage":"gl-ES","@id":"https:\/\/secure.gravatar.com\/avatar\/c052a2551a06e23fac63626232eaa90abd78dbcf1700fc46a2b2c89fd27b735f?s=96&d=mm&r=g","url":"https:\/\/secure.gravatar.com\/avatar\/c052a2551a06e23fac63626232eaa90abd78dbcf1700fc46a2b2c89fd27b735f?s=96&d=mm&r=g","contentUrl":"https:\/\/secure.gravatar.com\/avatar\/c052a2551a06e23fac63626232eaa90abd78dbcf1700fc46a2b2c89fd27b735f?s=96&d=mm&r=g","caption":"Redacci\u00f3n A Nova Peneira"},"sameAs":["http:\/\/www.anovapeneira.gal\/"],"url":"https:\/\/www.anovapeneira.gal\/index.php\/author\/redactor\/"}]}},"jetpack_featured_media_url":"https:\/\/www.anovapeneira.gal\/wp-content\/uploads\/2020\/05\/logo_ponte_caldelas_a_nova_peneira.jpg","_links":{"self":[{"href":"https:\/\/www.anovapeneira.gal\/index.php\/wp-json\/wp\/v2\/posts\/7459","targetHints":{"allow":["GET"]}}],"collection":[{"href":"https:\/\/www.anovapeneira.gal\/index.php\/wp-json\/wp\/v2\/posts"}],"about":[{"href":"https:\/\/www.anovapeneira.gal\/index.php\/wp-json\/wp\/v2\/types\/post"}],"author":[{"embeddable":true,"href":"https:\/\/www.anovapeneira.gal\/index.php\/wp-json\/wp\/v2\/users\/3"}],"replies":[{"embeddable":true,"href":"https:\/\/www.anovapeneira.gal\/index.php\/wp-json\/wp\/v2\/comments?post=7459"}],"version-history":[{"count":1,"href":"https:\/\/www.anovapeneira.gal\/index.php\/wp-json\/wp\/v2\/posts\/7459\/revisions"}],"predecessor-version":[{"id":7460,"href":"https:\/\/www.anovapeneira.gal\/index.php\/wp-json\/wp\/v2\/posts\/7459\/revisions\/7460"}],"wp:featuredmedia":[{"embeddable":true,"href":"https:\/\/www.anovapeneira.gal\/index.php\/wp-json\/wp\/v2\/media\/3219"}],"wp:attachment":[{"href":"https:\/\/www.anovapeneira.gal\/index.php\/wp-json\/wp\/v2\/media?parent=7459"}],"wp:term":[{"taxonomy":"category","embeddable":true,"href":"https:\/\/www.anovapeneira.gal\/index.php\/wp-json\/wp\/v2\/categories?post=7459"},{"taxonomy":"post_tag","embeddable":true,"href":"https:\/\/www.anovapeneira.gal\/index.php\/wp-json\/wp\/v2\/tags?post=7459"}],"curies":[{"name":"wp","href":"https:\/\/api.w.org\/{rel}","templated":true}]}}