{"id":7464,"date":"2022-05-13T12:00:49","date_gmt":"2022-05-13T10:00:49","guid":{"rendered":"https:\/\/www.anovapeneira.gal\/?p=7464"},"modified":"2022-05-10T12:05:12","modified_gmt":"2022-05-10T10:05:12","slug":"sobre-parvos-listos-miserables-e-sobre-a-monstruosidade-do-liberalismo-economico","status":"publish","type":"post","link":"https:\/\/www.anovapeneira.gal\/index.php\/2022\/05\/13\/sobre-parvos-listos-miserables-e-sobre-a-monstruosidade-do-liberalismo-economico\/","title":{"rendered":"Sobre parvos, listos, miserables e sobre a monstruosidade do liberalismo econ\u00f3mico"},"content":{"rendered":"\n<figure class=\"wp-block-image size-full is-resized\"><img loading=\"lazy\" decoding=\"async\" src=\"https:\/\/www.anovapeneira.gal\/wp-content\/uploads\/2019\/05\/tino_lago_director_a_nova_peneira.jpg\" alt=\"Tino Lago director a Nova Peneira\" class=\"wp-image-189\" width=\"95\" height=\"111\"\/><figcaption>Tino Lago director a Nova Peneira<\/figcaption><\/figure>\n\n\n\n<p>A principios deste mes de maio o presidente de Iberdrola, Ignacio S\u00e1nchez Gal\u00e1n, cualificaba de parvos a un segmento dos consumidores espa\u00f1ois. En concreto a aqueles que mante\u00f1en a tarifa el\u00e9ctrica regulada que seica son mill\u00f3ns de persoas.<\/p>\n\n\n\n<p>A electricidade \u00e9 un ben b\u00e1sico sen o que \u00e9 imposible vivir nuns m\u00ednimos par\u00e1metros de normalidade. Por\u00e9n nos \u00faltimos tempos a suba do prezo da factura da luz alcanza uns niveis que exceden calquera l\u00edmite da decencia. Recibos estratosf\u00e9ricos que superan en moitas ocasi\u00f3ns os 150 ou 200\u20ac mensuais para familias que con sorte poden cualificarse como mileuristas, ou incluso m\u00e1is de 1.000\u20ac para pequenos negocios que ven angustiados como o disparatado prezo da electricidade pon en serio risco o seu modo de vida. Este aut\u00e9ntico atraco \u00e1s persoas normais sup\u00f3n que \u00e1s compa\u00f1\u00edas el\u00e9ctricas non lles vaia nada mal. As\u00ed por exemplo Iberdrola, a compa\u00f1\u00eda presidida polo listo de S\u00e1nchez Gal\u00e1n, segundo informa o xornal El Pa\u00eds, tivo no ano 2021 un astron\u00f3mico beneficio que chegou ata 3.885 mill\u00f3ns de \u20ac, un 7,6% m\u00e1is co ano anterior. Os accionistas da empresa, que preside o listo de S\u00e1nchez Gal\u00e1n, han de estar moi contentos pois van percibir este ano 0,44\u20ac por acci\u00f3n con cargo aos beneficios do ano pasado. E xa se marcan o obxectivo para este 2022 de chegar ao n\u00famero m\u00e1xico de 4.000 mill\u00f3ns de \u20ac beneficio .<\/p>\n\n\n\n<p>Para que se fagan unha idea os beneficios do Iberdrola do ano anterior multiplican por 11 ao orzamento da cidade de Vigo para o ano en curso, e son o 33% do presuposto de todo o pa\u00eds galego.<\/p>\n\n\n\n<p>Si, sen d\u00fabida Ignacio S\u00e1nchez Gal\u00e1n \u00e9 un t\u00edo listo, de feito a el non lle vai nada mal neste sistema depredador, sen alma e cruel que \u00e9 capaz de deixar a centos de nenas e nenos sen electricidade na Ca\u00f1ada Real de Madrid pero que a listos como el f\u00edxolles ga\u00f1ar 13.000.000 de \u20ac( segundo nos informa a 6\u00ba TV) o ano anterior.<\/p>\n\n\n\n<p>Ignacio \u00e9 un tipo listo, claro que si, as\u00ed pois foi un dos 3 executivos do IBEX 35 que m\u00e1is cobrou sub\u00edndose o soldo un 8%. Al\u00e9n dun tipo listo, seguro que Ignacio \u00e9 un tipo sensible co sufrimento alleo de feito ap\u00f3s de chamar parvos a mill\u00f3ns de espa\u00f1ois ped\u00eda desculpas nun ch\u00edo \u201c &#8230;en el caso de que alguien se hubiera sentido ofendido\u201d .O exercicio de sensibilidade que fixo o listo de Ignacio chega \u00e1s m\u00e1is insondables profundidades da alma humana e \u00e9 para emocionarse, xa que despois de mofarse, en modo\u201d coloquial\u201d iso si , de quen non pode pagar o recibo da luz chega a contemplar a hip\u00f3tese de que pode darse o caso de que algu\u00e9n se sentise ofendido.<\/p>\n\n\n\n<p>Segundo os datos do Eurostat de xaneiro do 2020 a pobreza enerx\u00e9tica, definida como a tesitura de ter que escoller entre comer ou quentar o fogar, afecta ao 9,1% da poboaci\u00f3n espa\u00f1ola. \u00c9 dicir, de cada 100 persoas que a diario nos cruzamos na r\u00faa, no mercado, no ascensor, en calquera momento da vida coti\u00e1 ,9 non poden quentar a s\u00faa casa e a previsi\u00f3n \u00e9 que a situaci\u00f3n vaia a peor. Pero outros listos como S\u00e1nchez Gal\u00e1n ga\u00f1an m\u00e1is dun mill\u00f3n de \u20ac ao mes a conta de que os recibos da luz cheguen a uns prezos inasumibles.<\/p>\n\n\n\n<p>Analizar este episodio en termos morais non resulta moi complicado pois quen insulta a quen sofre, a quen non pode acceder a un ben b\u00e1sico como a electricidade, est\u00e1 amosando unha actitude miserable. Pero non , non \u00e9 iso, non creo que s\u00f3 sexa iso. O problema \u00e9 sist\u00e9mico. A forma na que estamos organizados fai posible que uns poucos se forren a conta de que moitos non poidan chegar a vivir con dignidade. E iso, o sistema, si que \u00e9 unha monstruosidade.<\/p>\n","protected":false},"excerpt":{"rendered":"<div class=\"mh-excerpt\"><p>A principios deste mes de maio o presidente de Iberdrola, Ignacio S\u00e1nchez Gal\u00e1n, cualificaba de parvos a un segmento dos consumidores espa\u00f1ois. En concreto a aqueles que mante\u00f1en a tarifa el\u00e9ctrica regulada que seica son mill\u00f3ns de persoas <a class=\"mh-excerpt-more\" href=\"https:\/\/www.anovapeneira.gal\/index.php\/2022\/05\/13\/sobre-parvos-listos-miserables-e-sobre-a-monstruosidade-do-liberalismo-economico\/\" title=\"Sobre parvos, listos, miserables e sobre a monstruosidade do liberalismo econ\u00f3mico\">[&#8230;]<\/a><\/p>\n<\/div>","protected":false},"author":2,"featured_media":7467,"comment_status":"open","ping_status":"open","sticky":false,"template":"","format":"standard","meta":{"_exactmetrics_skip_tracking":false,"_exactmetrics_sitenote_active":false,"_exactmetrics_sitenote_note":"","_exactmetrics_sitenote_category":0,"footnotes":""},"categories":[61],"tags":[],"class_list":{"0":"post-7464","1":"post","2":"type-post","3":"status-publish","4":"format-standard","5":"has-post-thumbnail","7":"category-artigo-editorial"},"yoast_head":"<!-- This site is optimized with the Yoast SEO plugin v27.5 - https:\/\/yoast.com\/product\/yoast-seo-wordpress\/ -->\n<title>Sobre parvos, listos, miserables e sobre a monstruosidade do liberalismo econ\u00f3mico -<\/title>\n<meta name=\"robots\" content=\"index, follow, max-snippet:-1, max-image-preview:large, max-video-preview:-1\" \/>\n<link rel=\"canonical\" href=\"https:\/\/www.anovapeneira.gal\/index.php\/2022\/05\/13\/sobre-parvos-listos-miserables-e-sobre-a-monstruosidade-do-liberalismo-economico\/\" \/>\n<meta property=\"og:locale\" content=\"gl_ES\" \/>\n<meta property=\"og:type\" content=\"article\" \/>\n<meta property=\"og:title\" content=\"Sobre parvos, listos, miserables e sobre a monstruosidade do liberalismo econ\u00f3mico -\" \/>\n<meta property=\"og:description\" content=\"A principios deste mes de maio o presidente de Iberdrola, Ignacio S\u00e1nchez Gal\u00e1n, cualificaba de parvos a un segmento dos consumidores espa\u00f1ois. En concreto a aqueles que mante\u00f1en a tarifa el\u00e9ctrica regulada que seica son mill\u00f3ns de persoas [...]\" \/>\n<meta property=\"og:url\" content=\"https:\/\/www.anovapeneira.gal\/index.php\/2022\/05\/13\/sobre-parvos-listos-miserables-e-sobre-a-monstruosidade-do-liberalismo-economico\/\" \/>\n<meta property=\"article:publisher\" content=\"https:\/\/www.facebook.com\/anovapeneira\" \/>\n<meta property=\"article:published_time\" content=\"2022-05-13T10:00:49+00:00\" \/>\n<meta property=\"og:image\" content=\"https:\/\/www.anovapeneira.gal\/wp-content\/uploads\/2022\/05\/ignacio-sanchez-galan.jpg\" \/>\n\t<meta property=\"og:image:width\" content=\"720\" \/>\n\t<meta property=\"og:image:height\" content=\"432\" \/>\n\t<meta property=\"og:image:type\" content=\"image\/jpeg\" \/>\n<meta name=\"author\" content=\"Tino Lago\" \/>\n<meta name=\"twitter:card\" content=\"summary_large_image\" \/>\n<meta name=\"twitter:image\" content=\"https:\/\/www.anovapeneira.gal\/wp-content\/uploads\/2022\/05\/ignacio-sanchez-galan.jpg\" \/>\n<meta name=\"twitter:creator\" content=\"@APeneira\" \/>\n<meta name=\"twitter:site\" content=\"@APeneira\" \/>\n<meta name=\"twitter:label1\" content=\"Escrito por\" \/>\n\t<meta name=\"twitter:data1\" content=\"Tino Lago\" \/>\n\t<meta name=\"twitter:label2\" content=\"Tempo de lectura\" \/>\n\t<meta name=\"twitter:data2\" content=\"4 minutos\" \/>\n<script type=\"application\/ld+json\" class=\"yoast-schema-graph\">{\"@context\":\"https:\\\/\\\/schema.org\",\"@graph\":[{\"@type\":\"Article\",\"@id\":\"https:\\\/\\\/www.anovapeneira.gal\\\/index.php\\\/2022\\\/05\\\/13\\\/sobre-parvos-listos-miserables-e-sobre-a-monstruosidade-do-liberalismo-economico\\\/#article\",\"isPartOf\":{\"@id\":\"https:\\\/\\\/www.anovapeneira.gal\\\/index.php\\\/2022\\\/05\\\/13\\\/sobre-parvos-listos-miserables-e-sobre-a-monstruosidade-do-liberalismo-economico\\\/\"},\"author\":{\"name\":\"Tino Lago\",\"@id\":\"https:\\\/\\\/www.anovapeneira.gal\\\/#\\\/schema\\\/person\\\/424dfe65e3070fd8a44d22d2c088762a\"},\"headline\":\"Sobre parvos, listos, miserables e sobre a monstruosidade do liberalismo econ\u00f3mico\",\"datePublished\":\"2022-05-13T10:00:49+00:00\",\"mainEntityOfPage\":{\"@id\":\"https:\\\/\\\/www.anovapeneira.gal\\\/index.php\\\/2022\\\/05\\\/13\\\/sobre-parvos-listos-miserables-e-sobre-a-monstruosidade-do-liberalismo-economico\\\/\"},\"wordCount\":679,\"commentCount\":0,\"publisher\":{\"@id\":\"https:\\\/\\\/www.anovapeneira.gal\\\/#organization\"},\"image\":{\"@id\":\"https:\\\/\\\/www.anovapeneira.gal\\\/index.php\\\/2022\\\/05\\\/13\\\/sobre-parvos-listos-miserables-e-sobre-a-monstruosidade-do-liberalismo-economico\\\/#primaryimage\"},\"thumbnailUrl\":\"https:\\\/\\\/www.anovapeneira.gal\\\/wp-content\\\/uploads\\\/2022\\\/05\\\/ignacio-sanchez-galan.jpg\",\"articleSection\":[\"Artigo editorial\"],\"inLanguage\":\"gl-ES\",\"potentialAction\":[{\"@type\":\"CommentAction\",\"name\":\"Comment\",\"target\":[\"https:\\\/\\\/www.anovapeneira.gal\\\/index.php\\\/2022\\\/05\\\/13\\\/sobre-parvos-listos-miserables-e-sobre-a-monstruosidade-do-liberalismo-economico\\\/#respond\"]}]},{\"@type\":\"WebPage\",\"@id\":\"https:\\\/\\\/www.anovapeneira.gal\\\/index.php\\\/2022\\\/05\\\/13\\\/sobre-parvos-listos-miserables-e-sobre-a-monstruosidade-do-liberalismo-economico\\\/\",\"url\":\"https:\\\/\\\/www.anovapeneira.gal\\\/index.php\\\/2022\\\/05\\\/13\\\/sobre-parvos-listos-miserables-e-sobre-a-monstruosidade-do-liberalismo-economico\\\/\",\"name\":\"Sobre parvos, listos, miserables e sobre a monstruosidade do liberalismo econ\u00f3mico -\",\"isPartOf\":{\"@id\":\"https:\\\/\\\/www.anovapeneira.gal\\\/#website\"},\"primaryImageOfPage\":{\"@id\":\"https:\\\/\\\/www.anovapeneira.gal\\\/index.php\\\/2022\\\/05\\\/13\\\/sobre-parvos-listos-miserables-e-sobre-a-monstruosidade-do-liberalismo-economico\\\/#primaryimage\"},\"image\":{\"@id\":\"https:\\\/\\\/www.anovapeneira.gal\\\/index.php\\\/2022\\\/05\\\/13\\\/sobre-parvos-listos-miserables-e-sobre-a-monstruosidade-do-liberalismo-economico\\\/#primaryimage\"},\"thumbnailUrl\":\"https:\\\/\\\/www.anovapeneira.gal\\\/wp-content\\\/uploads\\\/2022\\\/05\\\/ignacio-sanchez-galan.jpg\",\"datePublished\":\"2022-05-13T10:00:49+00:00\",\"breadcrumb\":{\"@id\":\"https:\\\/\\\/www.anovapeneira.gal\\\/index.php\\\/2022\\\/05\\\/13\\\/sobre-parvos-listos-miserables-e-sobre-a-monstruosidade-do-liberalismo-economico\\\/#breadcrumb\"},\"inLanguage\":\"gl-ES\",\"potentialAction\":[{\"@type\":\"ReadAction\",\"target\":[\"https:\\\/\\\/www.anovapeneira.gal\\\/index.php\\\/2022\\\/05\\\/13\\\/sobre-parvos-listos-miserables-e-sobre-a-monstruosidade-do-liberalismo-economico\\\/\"]}]},{\"@type\":\"ImageObject\",\"inLanguage\":\"gl-ES\",\"@id\":\"https:\\\/\\\/www.anovapeneira.gal\\\/index.php\\\/2022\\\/05\\\/13\\\/sobre-parvos-listos-miserables-e-sobre-a-monstruosidade-do-liberalismo-economico\\\/#primaryimage\",\"url\":\"https:\\\/\\\/www.anovapeneira.gal\\\/wp-content\\\/uploads\\\/2022\\\/05\\\/ignacio-sanchez-galan.jpg\",\"contentUrl\":\"https:\\\/\\\/www.anovapeneira.gal\\\/wp-content\\\/uploads\\\/2022\\\/05\\\/ignacio-sanchez-galan.jpg\",\"width\":720,\"height\":432},{\"@type\":\"BreadcrumbList\",\"@id\":\"https:\\\/\\\/www.anovapeneira.gal\\\/index.php\\\/2022\\\/05\\\/13\\\/sobre-parvos-listos-miserables-e-sobre-a-monstruosidade-do-liberalismo-economico\\\/#breadcrumb\",\"itemListElement\":[{\"@type\":\"ListItem\",\"position\":1,\"name\":\"Portada\",\"item\":\"https:\\\/\\\/www.anovapeneira.gal\\\/\"},{\"@type\":\"ListItem\",\"position\":2,\"name\":\"Sobre parvos, listos, miserables e sobre a monstruosidade do liberalismo econ\u00f3mico\"}]},{\"@type\":\"WebSite\",\"@id\":\"https:\\\/\\\/www.anovapeneira.gal\\\/#website\",\"url\":\"https:\\\/\\\/www.anovapeneira.gal\\\/\",\"name\":\"\",\"description\":\"Xornal galego de informaci\u00f3n xeral Publicaci\u00f3n mensual de novas de Galicia e en especial dos Concellos da sur da provincia de Pontevedra.\",\"publisher\":{\"@id\":\"https:\\\/\\\/www.anovapeneira.gal\\\/#organization\"},\"potentialAction\":[{\"@type\":\"SearchAction\",\"target\":{\"@type\":\"EntryPoint\",\"urlTemplate\":\"https:\\\/\\\/www.anovapeneira.gal\\\/?s={search_term_string}\"},\"query-input\":{\"@type\":\"PropertyValueSpecification\",\"valueRequired\":true,\"valueName\":\"search_term_string\"}}],\"inLanguage\":\"gl-ES\"},{\"@type\":\"Organization\",\"@id\":\"https:\\\/\\\/www.anovapeneira.gal\\\/#organization\",\"name\":\"A Nova Peneira\",\"url\":\"https:\\\/\\\/www.anovapeneira.gal\\\/\",\"logo\":{\"@type\":\"ImageObject\",\"inLanguage\":\"gl-ES\",\"@id\":\"https:\\\/\\\/www.anovapeneira.gal\\\/#\\\/schema\\\/logo\\\/image\\\/\",\"url\":\"http:\\\/\\\/www.anovapeneira.gal\\\/wp-content\\\/uploads\\\/2019\\\/06\\\/logo_a_nova_peneira_portal_web.png\",\"contentUrl\":\"http:\\\/\\\/www.anovapeneira.gal\\\/wp-content\\\/uploads\\\/2019\\\/06\\\/logo_a_nova_peneira_portal_web.png\",\"width\":300,\"height\":100,\"caption\":\"A Nova Peneira\"},\"image\":{\"@id\":\"https:\\\/\\\/www.anovapeneira.gal\\\/#\\\/schema\\\/logo\\\/image\\\/\"},\"sameAs\":[\"https:\\\/\\\/www.facebook.com\\\/anovapeneira\",\"https:\\\/\\\/x.com\\\/APeneira\"]},{\"@type\":\"Person\",\"@id\":\"https:\\\/\\\/www.anovapeneira.gal\\\/#\\\/schema\\\/person\\\/424dfe65e3070fd8a44d22d2c088762a\",\"name\":\"Tino Lago\",\"image\":{\"@type\":\"ImageObject\",\"inLanguage\":\"gl-ES\",\"@id\":\"https:\\\/\\\/secure.gravatar.com\\\/avatar\\\/b3df6a06e44bab3111583b90f0f33a0379ee5e3d22cbadd232d39f21c30c62be?s=96&d=mm&r=g\",\"url\":\"https:\\\/\\\/secure.gravatar.com\\\/avatar\\\/b3df6a06e44bab3111583b90f0f33a0379ee5e3d22cbadd232d39f21c30c62be?s=96&d=mm&r=g\",\"contentUrl\":\"https:\\\/\\\/secure.gravatar.com\\\/avatar\\\/b3df6a06e44bab3111583b90f0f33a0379ee5e3d22cbadd232d39f21c30c62be?s=96&d=mm&r=g\",\"caption\":\"Tino Lago\"},\"sameAs\":[\"http:\\\/\\\/www.anovapeneira.gal\"],\"url\":\"https:\\\/\\\/www.anovapeneira.gal\\\/index.php\\\/author\\\/director\\\/\"}]}<\/script>\n<!-- \/ Yoast SEO plugin. -->","yoast_head_json":{"title":"Sobre parvos, listos, miserables e sobre a monstruosidade do liberalismo econ\u00f3mico -","robots":{"index":"index","follow":"follow","max-snippet":"max-snippet:-1","max-image-preview":"max-image-preview:large","max-video-preview":"max-video-preview:-1"},"canonical":"https:\/\/www.anovapeneira.gal\/index.php\/2022\/05\/13\/sobre-parvos-listos-miserables-e-sobre-a-monstruosidade-do-liberalismo-economico\/","og_locale":"gl_ES","og_type":"article","og_title":"Sobre parvos, listos, miserables e sobre a monstruosidade do liberalismo econ\u00f3mico -","og_description":"A principios deste mes de maio o presidente de Iberdrola, Ignacio S\u00e1nchez Gal\u00e1n, cualificaba de parvos a un segmento dos consumidores espa\u00f1ois. En concreto a aqueles que mante\u00f1en a tarifa el\u00e9ctrica regulada que seica son mill\u00f3ns de persoas [...]","og_url":"https:\/\/www.anovapeneira.gal\/index.php\/2022\/05\/13\/sobre-parvos-listos-miserables-e-sobre-a-monstruosidade-do-liberalismo-economico\/","article_publisher":"https:\/\/www.facebook.com\/anovapeneira","article_published_time":"2022-05-13T10:00:49+00:00","og_image":[{"width":720,"height":432,"url":"https:\/\/www.anovapeneira.gal\/wp-content\/uploads\/2022\/05\/ignacio-sanchez-galan.jpg","type":"image\/jpeg"}],"author":"Tino Lago","twitter_card":"summary_large_image","twitter_image":"https:\/\/www.anovapeneira.gal\/wp-content\/uploads\/2022\/05\/ignacio-sanchez-galan.jpg","twitter_creator":"@APeneira","twitter_site":"@APeneira","twitter_misc":{"Escrito por":"Tino Lago","Tempo de lectura":"4 minutos"},"schema":{"@context":"https:\/\/schema.org","@graph":[{"@type":"Article","@id":"https:\/\/www.anovapeneira.gal\/index.php\/2022\/05\/13\/sobre-parvos-listos-miserables-e-sobre-a-monstruosidade-do-liberalismo-economico\/#article","isPartOf":{"@id":"https:\/\/www.anovapeneira.gal\/index.php\/2022\/05\/13\/sobre-parvos-listos-miserables-e-sobre-a-monstruosidade-do-liberalismo-economico\/"},"author":{"name":"Tino Lago","@id":"https:\/\/www.anovapeneira.gal\/#\/schema\/person\/424dfe65e3070fd8a44d22d2c088762a"},"headline":"Sobre parvos, listos, miserables e sobre a monstruosidade do liberalismo econ\u00f3mico","datePublished":"2022-05-13T10:00:49+00:00","mainEntityOfPage":{"@id":"https:\/\/www.anovapeneira.gal\/index.php\/2022\/05\/13\/sobre-parvos-listos-miserables-e-sobre-a-monstruosidade-do-liberalismo-economico\/"},"wordCount":679,"commentCount":0,"publisher":{"@id":"https:\/\/www.anovapeneira.gal\/#organization"},"image":{"@id":"https:\/\/www.anovapeneira.gal\/index.php\/2022\/05\/13\/sobre-parvos-listos-miserables-e-sobre-a-monstruosidade-do-liberalismo-economico\/#primaryimage"},"thumbnailUrl":"https:\/\/www.anovapeneira.gal\/wp-content\/uploads\/2022\/05\/ignacio-sanchez-galan.jpg","articleSection":["Artigo editorial"],"inLanguage":"gl-ES","potentialAction":[{"@type":"CommentAction","name":"Comment","target":["https:\/\/www.anovapeneira.gal\/index.php\/2022\/05\/13\/sobre-parvos-listos-miserables-e-sobre-a-monstruosidade-do-liberalismo-economico\/#respond"]}]},{"@type":"WebPage","@id":"https:\/\/www.anovapeneira.gal\/index.php\/2022\/05\/13\/sobre-parvos-listos-miserables-e-sobre-a-monstruosidade-do-liberalismo-economico\/","url":"https:\/\/www.anovapeneira.gal\/index.php\/2022\/05\/13\/sobre-parvos-listos-miserables-e-sobre-a-monstruosidade-do-liberalismo-economico\/","name":"Sobre parvos, listos, miserables e sobre a monstruosidade do liberalismo econ\u00f3mico -","isPartOf":{"@id":"https:\/\/www.anovapeneira.gal\/#website"},"primaryImageOfPage":{"@id":"https:\/\/www.anovapeneira.gal\/index.php\/2022\/05\/13\/sobre-parvos-listos-miserables-e-sobre-a-monstruosidade-do-liberalismo-economico\/#primaryimage"},"image":{"@id":"https:\/\/www.anovapeneira.gal\/index.php\/2022\/05\/13\/sobre-parvos-listos-miserables-e-sobre-a-monstruosidade-do-liberalismo-economico\/#primaryimage"},"thumbnailUrl":"https:\/\/www.anovapeneira.gal\/wp-content\/uploads\/2022\/05\/ignacio-sanchez-galan.jpg","datePublished":"2022-05-13T10:00:49+00:00","breadcrumb":{"@id":"https:\/\/www.anovapeneira.gal\/index.php\/2022\/05\/13\/sobre-parvos-listos-miserables-e-sobre-a-monstruosidade-do-liberalismo-economico\/#breadcrumb"},"inLanguage":"gl-ES","potentialAction":[{"@type":"ReadAction","target":["https:\/\/www.anovapeneira.gal\/index.php\/2022\/05\/13\/sobre-parvos-listos-miserables-e-sobre-a-monstruosidade-do-liberalismo-economico\/"]}]},{"@type":"ImageObject","inLanguage":"gl-ES","@id":"https:\/\/www.anovapeneira.gal\/index.php\/2022\/05\/13\/sobre-parvos-listos-miserables-e-sobre-a-monstruosidade-do-liberalismo-economico\/#primaryimage","url":"https:\/\/www.anovapeneira.gal\/wp-content\/uploads\/2022\/05\/ignacio-sanchez-galan.jpg","contentUrl":"https:\/\/www.anovapeneira.gal\/wp-content\/uploads\/2022\/05\/ignacio-sanchez-galan.jpg","width":720,"height":432},{"@type":"BreadcrumbList","@id":"https:\/\/www.anovapeneira.gal\/index.php\/2022\/05\/13\/sobre-parvos-listos-miserables-e-sobre-a-monstruosidade-do-liberalismo-economico\/#breadcrumb","itemListElement":[{"@type":"ListItem","position":1,"name":"Portada","item":"https:\/\/www.anovapeneira.gal\/"},{"@type":"ListItem","position":2,"name":"Sobre parvos, listos, miserables e sobre a monstruosidade do liberalismo econ\u00f3mico"}]},{"@type":"WebSite","@id":"https:\/\/www.anovapeneira.gal\/#website","url":"https:\/\/www.anovapeneira.gal\/","name":"","description":"Xornal galego de informaci\u00f3n xeral Publicaci\u00f3n mensual de novas de Galicia e en especial dos Concellos da sur da provincia de Pontevedra.","publisher":{"@id":"https:\/\/www.anovapeneira.gal\/#organization"},"potentialAction":[{"@type":"SearchAction","target":{"@type":"EntryPoint","urlTemplate":"https:\/\/www.anovapeneira.gal\/?s={search_term_string}"},"query-input":{"@type":"PropertyValueSpecification","valueRequired":true,"valueName":"search_term_string"}}],"inLanguage":"gl-ES"},{"@type":"Organization","@id":"https:\/\/www.anovapeneira.gal\/#organization","name":"A Nova Peneira","url":"https:\/\/www.anovapeneira.gal\/","logo":{"@type":"ImageObject","inLanguage":"gl-ES","@id":"https:\/\/www.anovapeneira.gal\/#\/schema\/logo\/image\/","url":"http:\/\/www.anovapeneira.gal\/wp-content\/uploads\/2019\/06\/logo_a_nova_peneira_portal_web.png","contentUrl":"http:\/\/www.anovapeneira.gal\/wp-content\/uploads\/2019\/06\/logo_a_nova_peneira_portal_web.png","width":300,"height":100,"caption":"A Nova Peneira"},"image":{"@id":"https:\/\/www.anovapeneira.gal\/#\/schema\/logo\/image\/"},"sameAs":["https:\/\/www.facebook.com\/anovapeneira","https:\/\/x.com\/APeneira"]},{"@type":"Person","@id":"https:\/\/www.anovapeneira.gal\/#\/schema\/person\/424dfe65e3070fd8a44d22d2c088762a","name":"Tino Lago","image":{"@type":"ImageObject","inLanguage":"gl-ES","@id":"https:\/\/secure.gravatar.com\/avatar\/b3df6a06e44bab3111583b90f0f33a0379ee5e3d22cbadd232d39f21c30c62be?s=96&d=mm&r=g","url":"https:\/\/secure.gravatar.com\/avatar\/b3df6a06e44bab3111583b90f0f33a0379ee5e3d22cbadd232d39f21c30c62be?s=96&d=mm&r=g","contentUrl":"https:\/\/secure.gravatar.com\/avatar\/b3df6a06e44bab3111583b90f0f33a0379ee5e3d22cbadd232d39f21c30c62be?s=96&d=mm&r=g","caption":"Tino Lago"},"sameAs":["http:\/\/www.anovapeneira.gal"],"url":"https:\/\/www.anovapeneira.gal\/index.php\/author\/director\/"}]}},"jetpack_featured_media_url":"https:\/\/www.anovapeneira.gal\/wp-content\/uploads\/2022\/05\/ignacio-sanchez-galan.jpg","_links":{"self":[{"href":"https:\/\/www.anovapeneira.gal\/index.php\/wp-json\/wp\/v2\/posts\/7464","targetHints":{"allow":["GET"]}}],"collection":[{"href":"https:\/\/www.anovapeneira.gal\/index.php\/wp-json\/wp\/v2\/posts"}],"about":[{"href":"https:\/\/www.anovapeneira.gal\/index.php\/wp-json\/wp\/v2\/types\/post"}],"author":[{"embeddable":true,"href":"https:\/\/www.anovapeneira.gal\/index.php\/wp-json\/wp\/v2\/users\/2"}],"replies":[{"embeddable":true,"href":"https:\/\/www.anovapeneira.gal\/index.php\/wp-json\/wp\/v2\/comments?post=7464"}],"version-history":[{"count":1,"href":"https:\/\/www.anovapeneira.gal\/index.php\/wp-json\/wp\/v2\/posts\/7464\/revisions"}],"predecessor-version":[{"id":7465,"href":"https:\/\/www.anovapeneira.gal\/index.php\/wp-json\/wp\/v2\/posts\/7464\/revisions\/7465"}],"wp:featuredmedia":[{"embeddable":true,"href":"https:\/\/www.anovapeneira.gal\/index.php\/wp-json\/wp\/v2\/media\/7467"}],"wp:attachment":[{"href":"https:\/\/www.anovapeneira.gal\/index.php\/wp-json\/wp\/v2\/media?parent=7464"}],"wp:term":[{"taxonomy":"category","embeddable":true,"href":"https:\/\/www.anovapeneira.gal\/index.php\/wp-json\/wp\/v2\/categories?post=7464"},{"taxonomy":"post_tag","embeddable":true,"href":"https:\/\/www.anovapeneira.gal\/index.php\/wp-json\/wp\/v2\/tags?post=7464"}],"curies":[{"name":"wp","href":"https:\/\/api.w.org\/{rel}","templated":true}]}}