{"id":7469,"date":"2022-05-16T12:00:51","date_gmt":"2022-05-16T10:00:51","guid":{"rendered":"https:\/\/www.anovapeneira.gal\/?p=7469"},"modified":"2022-05-13T19:03:35","modified_gmt":"2022-05-13T17:03:35","slug":"a-dor-allea-non-nos-debe-ser-indiferente","status":"publish","type":"post","link":"https:\/\/www.anovapeneira.gal\/index.php\/2022\/05\/16\/a-dor-allea-non-nos-debe-ser-indiferente\/","title":{"rendered":"A dor allea non nos debe ser indiferente"},"content":{"rendered":"\n<figure class=\"wp-block-image size-full is-resized\"><img loading=\"lazy\" decoding=\"async\" src=\"https:\/\/www.anovapeneira.gal\/wp-content\/uploads\/2022\/03\/celso-posada.jpg\" alt=\"\" class=\"wp-image-7235\" width=\"95\" height=\"115\"\/><figcaption>Celso\u00a0Posada\u00a0Fern\u00e1ndez. Diplomado<br>en\u00a0Maxisterio\u00a0de\u00a0Educaci\u00f3n\u00a0Primaria\u00a0pola\u00a0UDC\u00a0e\u00a0Activista\u00a0Social<\/figcaption><\/figure>\n\n\n\n<p>Vivimos tempos de salvaxe dictadura do capital, de hexemon\u00eda do neoliberalismo no que cada d\u00eda se concentra m\u00e1is e m\u00e1is a riqueza,os privilexios e o poder nas mans dunha minor\u00eda privilexiada a costa do recorte dos dereitos, da dignidade, dos salarios da clase traballadora e das maior\u00edas sociais e todo isto \u00e9 debido a decisi\u00f3ns pol\u00edticas tomadas por organizaci\u00f3ns pol\u00edticas e por gobernos act\u00faan como esbirros e lacaios e como o brazo executor das pol\u00edticas neoliberais e de salvaxes recortes dictadas o servizo das \u00e9lites econ\u00f3micas e financieiras e das grandes trasnacionais.<br><br>Ante isto e ante o perigoso e preocupante avance da ultradereita e o fascismo tanto no estado espa\u00f1ol, como na Europa e no mundo toca organizarse social, sindical e pol\u00edticamente, dar a batalla cultural e ideol\u00f3xica dende unha pedagox\u00eda democr\u00e1tica e antifascista, crear comunidade e moverse polos principios e valores do apoio mutuo, da<br>solidariedade internacionalista, pola empat\u00eda e pola colectividade constru\u00edda dende abaixo e de forma transversal e democr\u00e1tica.<br><br>Hai que dar unha resposta pol\u00edtica e loitar fronte os valores neoliberais como son: o individualismo salvaxe, o consumismo exacervado de bens innecesarios e a competitividade extrema e de fomentar valores como son : os do compa\u00f1erismo, a igualdade, a solidariedade, a colectividade e loita polo ben com\u00fan e pola defensa do p\u00fablico, da democracia e das liberdades tanto colectivas como individuais.<br><br>Non hai democracia cando a riqueza e o poder est\u00e1n concentrados nunha plutocracia que vive a todo luxo a costa do recorte de dereitos, dos salarios, da dignidade e da liberdade da clase traballadora e das maior\u00edas sociais.<br><br>Toca pasar a acci\u00f3n pol\u00edtica e o compromiso social e pol\u00edtico que a cidadan\u00eda e a sociedade civil se organicen en todos os \u00e1mbitos(socialis, pol\u00edticos, culturais, veci\u00f1ais, sindicais, estudant\u00eds )tanto dende os movimentos sociais, como nas asociaci\u00f3ns culturais, veci\u00f1ais, no movemento ecoloxista, feminista, nos sindicatos de clase, nas plataformas na defensa da sanidade e do ensino p\u00fablico, na defensa<br>das pensi\u00f3ns e dos servizos p\u00fablicos, nas PAHS e Stop Desafiuzamentos, nos centros sociais , nas radios libres e comunitarias, nas organizaci\u00f3ns pol\u00edticas de esquerdas.<br><br>Son tempos nos que as nosas liberdades e os nosos dereitos est\u00e1n seriamente ameazados pola ultradereita e por organizaci\u00f3ns pol\u00edticas racistas, machistas, clasistas, fascistas, lgtbif\u00f3bicas que enfrentan o \u00faltimo co pen\u00faltimo pra defender os privilexios dos seus amos a \u00e9lites econ\u00f3micas.<br><br>Non deixemos que a resignaci\u00f3n, a apat\u00eda, o medo, a represi\u00f3n nos desmovilicen e nos hagan persoas ego\u00edstas, individualistas e alleas o sufrimento, a dor e as inxustizas alleas xa que nos afectan directamente tam\u00e9n a n\u00f3s mesm@s xa que MORREMOS CANDO<\/p>\n\n\n\n<p>GARDAMOS SILENCIO FORNTE AS INXUSTIZAS.<br><br>ANTE ELAS EMPAT\u00cdA, SOLIDARIEDADE, COLECTIVIDADE, COMUNIDADE, APOIO<br>MUTUO, LOITA, ORGANIZACI\u00d3N E MOBILIZACI\u00d3N COLECTIVA<\/p>\n","protected":false},"excerpt":{"rendered":"<div class=\"mh-excerpt\"><p>Vivimos tempos de salvaxe dictadura do capital, de hexemon\u00eda do neoliberalismo no que cada d\u00eda se concentra m\u00e1is e m\u00e1is a riqueza,os privilexios e o poder nas mans dunha minor\u00eda privilexiada a costa do recorte dos dereitos, da dignidade, dos salarios da clase traballadora e das maior\u00edas sociais e todo isto \u00e9 debido a decisi\u00f3ns pol\u00edticas tomadas por organizaci\u00f3ns pol\u00edticas e por gobernos act\u00faan como esbirros e lacaios e como o brazo executor das pol\u00edticas neoliberais e de salvaxes recortes dictadas o servizo das \u00e9lites econ\u00f3micas e financieiras e das grandes trasnacionais <a class=\"mh-excerpt-more\" href=\"https:\/\/www.anovapeneira.gal\/index.php\/2022\/05\/16\/a-dor-allea-non-nos-debe-ser-indiferente\/\" title=\"A dor allea non nos debe ser indiferente\">[&#8230;]<\/a><\/p>\n<\/div>","protected":false},"author":12,"featured_media":584,"comment_status":"open","ping_status":"open","sticky":false,"template":"","format":"standard","meta":{"_exactmetrics_skip_tracking":false,"_exactmetrics_sitenote_active":false,"_exactmetrics_sitenote_note":"","_exactmetrics_sitenote_category":0,"footnotes":""},"categories":[7],"tags":[1309],"class_list":{"0":"post-7469","1":"post","2":"type-post","3":"status-publish","4":"format-standard","5":"has-post-thumbnail","7":"category-artigos-de-opinion","8":"tag-celso-posada-fernandez"},"yoast_head":"<!-- This site is optimized with the Yoast SEO plugin v27.4 - https:\/\/yoast.com\/product\/yoast-seo-wordpress\/ -->\n<title>A dor allea non nos debe ser indiferente -<\/title>\n<meta name=\"description\" content=\"Vivimos tempos de salvaxe dictadura do capital, de hexemon\u00eda do neoliberalismo no que cada d\u00eda se concentra m\u00e1is e m\u00e1is a riqueza,os privilexios e o poder nas mans dunha minor\u00eda privilexiada a costa do recorte dos dereitos, da dignidade, dos salarios da clase traballadora e das maior\u00edas sociais e todo isto \u00e9 debido a decisi\u00f3ns pol\u00edticas tomadas por organizaci\u00f3ns pol\u00edticas e por gobernos act\u00faan como esbirros e lacaios e como o brazo executor das pol\u00edticas neoliberais e de salvaxes recortes dictadas o servizo das \u00e9lites econ\u00f3micas e financieiras e das grandes trasnacionais\" \/>\n<meta name=\"robots\" content=\"index, follow, max-snippet:-1, max-image-preview:large, max-video-preview:-1\" \/>\n<link rel=\"canonical\" href=\"https:\/\/www.anovapeneira.gal\/index.php\/2022\/05\/16\/a-dor-allea-non-nos-debe-ser-indiferente\/\" \/>\n<meta property=\"og:locale\" content=\"gl_ES\" \/>\n<meta property=\"og:type\" content=\"article\" \/>\n<meta property=\"og:title\" content=\"A dor allea non nos debe ser indiferente -\" \/>\n<meta property=\"og:description\" content=\"Vivimos tempos de salvaxe dictadura do capital, de hexemon\u00eda do neoliberalismo no que cada d\u00eda se concentra m\u00e1is e m\u00e1is a riqueza,os privilexios e o poder nas mans dunha minor\u00eda privilexiada a costa do recorte dos dereitos, da dignidade, dos salarios da clase traballadora e das maior\u00edas sociais e todo isto \u00e9 debido a decisi\u00f3ns pol\u00edticas tomadas por organizaci\u00f3ns pol\u00edticas e por gobernos act\u00faan como esbirros e lacaios e como o brazo executor das pol\u00edticas neoliberais e de salvaxes recortes dictadas o servizo das \u00e9lites econ\u00f3micas e financieiras e das grandes trasnacionais\" \/>\n<meta property=\"og:url\" content=\"https:\/\/www.anovapeneira.gal\/index.php\/2022\/05\/16\/a-dor-allea-non-nos-debe-ser-indiferente\/\" \/>\n<meta property=\"article:publisher\" content=\"https:\/\/www.facebook.com\/anovapeneira\" \/>\n<meta property=\"article:published_time\" content=\"2022-05-16T10:00:51+00:00\" \/>\n<meta property=\"og:image\" content=\"https:\/\/www.anovapeneira.gal\/wp-content\/uploads\/2019\/07\/ARTIGO_DE_OPINION_A_NOVA_PENEIRA.jpg\" \/>\n\t<meta property=\"og:image:width\" content=\"720\" \/>\n\t<meta property=\"og:image:height\" content=\"473\" \/>\n\t<meta property=\"og:image:type\" content=\"image\/jpeg\" \/>\n<meta name=\"author\" content=\"Artigos Opini\u00f3n\" \/>\n<meta name=\"twitter:card\" content=\"summary_large_image\" \/>\n<meta name=\"twitter:image\" content=\"https:\/\/www.anovapeneira.gal\/wp-content\/uploads\/2019\/07\/ARTIGO_DE_OPINION_A_NOVA_PENEIRA.jpg\" \/>\n<meta name=\"twitter:creator\" content=\"@APeneira\" \/>\n<meta name=\"twitter:site\" content=\"@APeneira\" \/>\n<meta name=\"twitter:label1\" content=\"Escrito por\" \/>\n\t<meta name=\"twitter:data1\" content=\"Artigos Opini\u00f3n\" \/>\n\t<meta name=\"twitter:label2\" content=\"Tempo de lectura\" \/>\n\t<meta name=\"twitter:data2\" content=\"3 minutos\" \/>\n<script type=\"application\/ld+json\" class=\"yoast-schema-graph\">{\"@context\":\"https:\\\/\\\/schema.org\",\"@graph\":[{\"@type\":\"Article\",\"@id\":\"https:\\\/\\\/www.anovapeneira.gal\\\/index.php\\\/2022\\\/05\\\/16\\\/a-dor-allea-non-nos-debe-ser-indiferente\\\/#article\",\"isPartOf\":{\"@id\":\"https:\\\/\\\/www.anovapeneira.gal\\\/index.php\\\/2022\\\/05\\\/16\\\/a-dor-allea-non-nos-debe-ser-indiferente\\\/\"},\"author\":{\"name\":\"Artigos Opini\u00f3n\",\"@id\":\"https:\\\/\\\/www.anovapeneira.gal\\\/#\\\/schema\\\/person\\\/f18a4feb302e8f20bcef4490b5b60bb3\"},\"headline\":\"A dor allea non nos debe ser indiferente\",\"datePublished\":\"2022-05-16T10:00:51+00:00\",\"mainEntityOfPage\":{\"@id\":\"https:\\\/\\\/www.anovapeneira.gal\\\/index.php\\\/2022\\\/05\\\/16\\\/a-dor-allea-non-nos-debe-ser-indiferente\\\/\"},\"wordCount\":523,\"commentCount\":0,\"publisher\":{\"@id\":\"https:\\\/\\\/www.anovapeneira.gal\\\/#organization\"},\"image\":{\"@id\":\"https:\\\/\\\/www.anovapeneira.gal\\\/index.php\\\/2022\\\/05\\\/16\\\/a-dor-allea-non-nos-debe-ser-indiferente\\\/#primaryimage\"},\"thumbnailUrl\":\"https:\\\/\\\/www.anovapeneira.gal\\\/wp-content\\\/uploads\\\/2019\\\/07\\\/ARTIGO_DE_OPINION_A_NOVA_PENEIRA.jpg\",\"keywords\":[\"Celso Posada Fern\u00e1ndez\"],\"articleSection\":[\"Artigos de opini\u00f3n\"],\"inLanguage\":\"gl-ES\",\"potentialAction\":[{\"@type\":\"CommentAction\",\"name\":\"Comment\",\"target\":[\"https:\\\/\\\/www.anovapeneira.gal\\\/index.php\\\/2022\\\/05\\\/16\\\/a-dor-allea-non-nos-debe-ser-indiferente\\\/#respond\"]}]},{\"@type\":\"WebPage\",\"@id\":\"https:\\\/\\\/www.anovapeneira.gal\\\/index.php\\\/2022\\\/05\\\/16\\\/a-dor-allea-non-nos-debe-ser-indiferente\\\/\",\"url\":\"https:\\\/\\\/www.anovapeneira.gal\\\/index.php\\\/2022\\\/05\\\/16\\\/a-dor-allea-non-nos-debe-ser-indiferente\\\/\",\"name\":\"A dor allea non nos debe ser indiferente -\",\"isPartOf\":{\"@id\":\"https:\\\/\\\/www.anovapeneira.gal\\\/#website\"},\"primaryImageOfPage\":{\"@id\":\"https:\\\/\\\/www.anovapeneira.gal\\\/index.php\\\/2022\\\/05\\\/16\\\/a-dor-allea-non-nos-debe-ser-indiferente\\\/#primaryimage\"},\"image\":{\"@id\":\"https:\\\/\\\/www.anovapeneira.gal\\\/index.php\\\/2022\\\/05\\\/16\\\/a-dor-allea-non-nos-debe-ser-indiferente\\\/#primaryimage\"},\"thumbnailUrl\":\"https:\\\/\\\/www.anovapeneira.gal\\\/wp-content\\\/uploads\\\/2019\\\/07\\\/ARTIGO_DE_OPINION_A_NOVA_PENEIRA.jpg\",\"datePublished\":\"2022-05-16T10:00:51+00:00\",\"description\":\"Vivimos tempos de salvaxe dictadura do capital, de hexemon\u00eda do neoliberalismo no que cada d\u00eda se concentra m\u00e1is e m\u00e1is a riqueza,os privilexios e o poder nas mans dunha minor\u00eda privilexiada a costa do recorte dos dereitos, da dignidade, dos salarios da clase traballadora e das maior\u00edas sociais e todo isto \u00e9 debido a decisi\u00f3ns pol\u00edticas tomadas por organizaci\u00f3ns pol\u00edticas e por gobernos act\u00faan como esbirros e lacaios e como o brazo executor das pol\u00edticas neoliberais e de salvaxes recortes dictadas o servizo das \u00e9lites econ\u00f3micas e financieiras e das grandes trasnacionais\",\"breadcrumb\":{\"@id\":\"https:\\\/\\\/www.anovapeneira.gal\\\/index.php\\\/2022\\\/05\\\/16\\\/a-dor-allea-non-nos-debe-ser-indiferente\\\/#breadcrumb\"},\"inLanguage\":\"gl-ES\",\"potentialAction\":[{\"@type\":\"ReadAction\",\"target\":[\"https:\\\/\\\/www.anovapeneira.gal\\\/index.php\\\/2022\\\/05\\\/16\\\/a-dor-allea-non-nos-debe-ser-indiferente\\\/\"]}]},{\"@type\":\"ImageObject\",\"inLanguage\":\"gl-ES\",\"@id\":\"https:\\\/\\\/www.anovapeneira.gal\\\/index.php\\\/2022\\\/05\\\/16\\\/a-dor-allea-non-nos-debe-ser-indiferente\\\/#primaryimage\",\"url\":\"https:\\\/\\\/www.anovapeneira.gal\\\/wp-content\\\/uploads\\\/2019\\\/07\\\/ARTIGO_DE_OPINION_A_NOVA_PENEIRA.jpg\",\"contentUrl\":\"https:\\\/\\\/www.anovapeneira.gal\\\/wp-content\\\/uploads\\\/2019\\\/07\\\/ARTIGO_DE_OPINION_A_NOVA_PENEIRA.jpg\",\"width\":720,\"height\":473,\"caption\":\"Artigo de opini\u00f3n A Nova Peneira\"},{\"@type\":\"BreadcrumbList\",\"@id\":\"https:\\\/\\\/www.anovapeneira.gal\\\/index.php\\\/2022\\\/05\\\/16\\\/a-dor-allea-non-nos-debe-ser-indiferente\\\/#breadcrumb\",\"itemListElement\":[{\"@type\":\"ListItem\",\"position\":1,\"name\":\"Portada\",\"item\":\"https:\\\/\\\/www.anovapeneira.gal\\\/\"},{\"@type\":\"ListItem\",\"position\":2,\"name\":\"A dor allea non nos debe ser indiferente\"}]},{\"@type\":\"WebSite\",\"@id\":\"https:\\\/\\\/www.anovapeneira.gal\\\/#website\",\"url\":\"https:\\\/\\\/www.anovapeneira.gal\\\/\",\"name\":\"\",\"description\":\"Xornal galego de informaci\u00f3n xeral Publicaci\u00f3n mensual de novas de Galicia e en especial dos Concellos da sur da provincia de Pontevedra.\",\"publisher\":{\"@id\":\"https:\\\/\\\/www.anovapeneira.gal\\\/#organization\"},\"potentialAction\":[{\"@type\":\"SearchAction\",\"target\":{\"@type\":\"EntryPoint\",\"urlTemplate\":\"https:\\\/\\\/www.anovapeneira.gal\\\/?s={search_term_string}\"},\"query-input\":{\"@type\":\"PropertyValueSpecification\",\"valueRequired\":true,\"valueName\":\"search_term_string\"}}],\"inLanguage\":\"gl-ES\"},{\"@type\":\"Organization\",\"@id\":\"https:\\\/\\\/www.anovapeneira.gal\\\/#organization\",\"name\":\"A Nova Peneira\",\"url\":\"https:\\\/\\\/www.anovapeneira.gal\\\/\",\"logo\":{\"@type\":\"ImageObject\",\"inLanguage\":\"gl-ES\",\"@id\":\"https:\\\/\\\/www.anovapeneira.gal\\\/#\\\/schema\\\/logo\\\/image\\\/\",\"url\":\"http:\\\/\\\/www.anovapeneira.gal\\\/wp-content\\\/uploads\\\/2019\\\/06\\\/logo_a_nova_peneira_portal_web.png\",\"contentUrl\":\"http:\\\/\\\/www.anovapeneira.gal\\\/wp-content\\\/uploads\\\/2019\\\/06\\\/logo_a_nova_peneira_portal_web.png\",\"width\":300,\"height\":100,\"caption\":\"A Nova Peneira\"},\"image\":{\"@id\":\"https:\\\/\\\/www.anovapeneira.gal\\\/#\\\/schema\\\/logo\\\/image\\\/\"},\"sameAs\":[\"https:\\\/\\\/www.facebook.com\\\/anovapeneira\",\"https:\\\/\\\/x.com\\\/APeneira\"]},{\"@type\":\"Person\",\"@id\":\"https:\\\/\\\/www.anovapeneira.gal\\\/#\\\/schema\\\/person\\\/f18a4feb302e8f20bcef4490b5b60bb3\",\"name\":\"Artigos Opini\u00f3n\",\"image\":{\"@type\":\"ImageObject\",\"inLanguage\":\"gl-ES\",\"@id\":\"https:\\\/\\\/secure.gravatar.com\\\/avatar\\\/072844300f4881150aee2da4278f7a65d16eefdf8262eb67085f1e702de2b959?s=96&d=mm&r=g\",\"url\":\"https:\\\/\\\/secure.gravatar.com\\\/avatar\\\/072844300f4881150aee2da4278f7a65d16eefdf8262eb67085f1e702de2b959?s=96&d=mm&r=g\",\"contentUrl\":\"https:\\\/\\\/secure.gravatar.com\\\/avatar\\\/072844300f4881150aee2da4278f7a65d16eefdf8262eb67085f1e702de2b959?s=96&d=mm&r=g\",\"caption\":\"Artigos Opini\u00f3n\"},\"sameAs\":[\"http:\\\/\\\/anovapeneira.gal\"],\"url\":\"https:\\\/\\\/www.anovapeneira.gal\\\/index.php\\\/author\\\/artigosopinion\\\/\"}]}<\/script>\n<!-- \/ Yoast SEO plugin. -->","yoast_head_json":{"title":"A dor allea non nos debe ser indiferente -","description":"Vivimos tempos de salvaxe dictadura do capital, de hexemon\u00eda do neoliberalismo no que cada d\u00eda se concentra m\u00e1is e m\u00e1is a riqueza,os privilexios e o poder nas mans dunha minor\u00eda privilexiada a costa do recorte dos dereitos, da dignidade, dos salarios da clase traballadora e das maior\u00edas sociais e todo isto \u00e9 debido a decisi\u00f3ns pol\u00edticas tomadas por organizaci\u00f3ns pol\u00edticas e por gobernos act\u00faan como esbirros e lacaios e como o brazo executor das pol\u00edticas neoliberais e de salvaxes recortes dictadas o servizo das \u00e9lites econ\u00f3micas e financieiras e das grandes trasnacionais","robots":{"index":"index","follow":"follow","max-snippet":"max-snippet:-1","max-image-preview":"max-image-preview:large","max-video-preview":"max-video-preview:-1"},"canonical":"https:\/\/www.anovapeneira.gal\/index.php\/2022\/05\/16\/a-dor-allea-non-nos-debe-ser-indiferente\/","og_locale":"gl_ES","og_type":"article","og_title":"A dor allea non nos debe ser indiferente -","og_description":"Vivimos tempos de salvaxe dictadura do capital, de hexemon\u00eda do neoliberalismo no que cada d\u00eda se concentra m\u00e1is e m\u00e1is a riqueza,os privilexios e o poder nas mans dunha minor\u00eda privilexiada a costa do recorte dos dereitos, da dignidade, dos salarios da clase traballadora e das maior\u00edas sociais e todo isto \u00e9 debido a decisi\u00f3ns pol\u00edticas tomadas por organizaci\u00f3ns pol\u00edticas e por gobernos act\u00faan como esbirros e lacaios e como o brazo executor das pol\u00edticas neoliberais e de salvaxes recortes dictadas o servizo das \u00e9lites econ\u00f3micas e financieiras e das grandes trasnacionais","og_url":"https:\/\/www.anovapeneira.gal\/index.php\/2022\/05\/16\/a-dor-allea-non-nos-debe-ser-indiferente\/","article_publisher":"https:\/\/www.facebook.com\/anovapeneira","article_published_time":"2022-05-16T10:00:51+00:00","og_image":[{"width":720,"height":473,"url":"https:\/\/www.anovapeneira.gal\/wp-content\/uploads\/2019\/07\/ARTIGO_DE_OPINION_A_NOVA_PENEIRA.jpg","type":"image\/jpeg"}],"author":"Artigos Opini\u00f3n","twitter_card":"summary_large_image","twitter_image":"https:\/\/www.anovapeneira.gal\/wp-content\/uploads\/2019\/07\/ARTIGO_DE_OPINION_A_NOVA_PENEIRA.jpg","twitter_creator":"@APeneira","twitter_site":"@APeneira","twitter_misc":{"Escrito por":"Artigos Opini\u00f3n","Tempo de lectura":"3 minutos"},"schema":{"@context":"https:\/\/schema.org","@graph":[{"@type":"Article","@id":"https:\/\/www.anovapeneira.gal\/index.php\/2022\/05\/16\/a-dor-allea-non-nos-debe-ser-indiferente\/#article","isPartOf":{"@id":"https:\/\/www.anovapeneira.gal\/index.php\/2022\/05\/16\/a-dor-allea-non-nos-debe-ser-indiferente\/"},"author":{"name":"Artigos Opini\u00f3n","@id":"https:\/\/www.anovapeneira.gal\/#\/schema\/person\/f18a4feb302e8f20bcef4490b5b60bb3"},"headline":"A dor allea non nos debe ser indiferente","datePublished":"2022-05-16T10:00:51+00:00","mainEntityOfPage":{"@id":"https:\/\/www.anovapeneira.gal\/index.php\/2022\/05\/16\/a-dor-allea-non-nos-debe-ser-indiferente\/"},"wordCount":523,"commentCount":0,"publisher":{"@id":"https:\/\/www.anovapeneira.gal\/#organization"},"image":{"@id":"https:\/\/www.anovapeneira.gal\/index.php\/2022\/05\/16\/a-dor-allea-non-nos-debe-ser-indiferente\/#primaryimage"},"thumbnailUrl":"https:\/\/www.anovapeneira.gal\/wp-content\/uploads\/2019\/07\/ARTIGO_DE_OPINION_A_NOVA_PENEIRA.jpg","keywords":["Celso Posada Fern\u00e1ndez"],"articleSection":["Artigos de opini\u00f3n"],"inLanguage":"gl-ES","potentialAction":[{"@type":"CommentAction","name":"Comment","target":["https:\/\/www.anovapeneira.gal\/index.php\/2022\/05\/16\/a-dor-allea-non-nos-debe-ser-indiferente\/#respond"]}]},{"@type":"WebPage","@id":"https:\/\/www.anovapeneira.gal\/index.php\/2022\/05\/16\/a-dor-allea-non-nos-debe-ser-indiferente\/","url":"https:\/\/www.anovapeneira.gal\/index.php\/2022\/05\/16\/a-dor-allea-non-nos-debe-ser-indiferente\/","name":"A dor allea non nos debe ser indiferente -","isPartOf":{"@id":"https:\/\/www.anovapeneira.gal\/#website"},"primaryImageOfPage":{"@id":"https:\/\/www.anovapeneira.gal\/index.php\/2022\/05\/16\/a-dor-allea-non-nos-debe-ser-indiferente\/#primaryimage"},"image":{"@id":"https:\/\/www.anovapeneira.gal\/index.php\/2022\/05\/16\/a-dor-allea-non-nos-debe-ser-indiferente\/#primaryimage"},"thumbnailUrl":"https:\/\/www.anovapeneira.gal\/wp-content\/uploads\/2019\/07\/ARTIGO_DE_OPINION_A_NOVA_PENEIRA.jpg","datePublished":"2022-05-16T10:00:51+00:00","description":"Vivimos tempos de salvaxe dictadura do capital, de hexemon\u00eda do neoliberalismo no que cada d\u00eda se concentra m\u00e1is e m\u00e1is a riqueza,os privilexios e o poder nas mans dunha minor\u00eda privilexiada a costa do recorte dos dereitos, da dignidade, dos salarios da clase traballadora e das maior\u00edas sociais e todo isto \u00e9 debido a decisi\u00f3ns pol\u00edticas tomadas por organizaci\u00f3ns pol\u00edticas e por gobernos act\u00faan como esbirros e lacaios e como o brazo executor das pol\u00edticas neoliberais e de salvaxes recortes dictadas o servizo das \u00e9lites econ\u00f3micas e financieiras e das grandes trasnacionais","breadcrumb":{"@id":"https:\/\/www.anovapeneira.gal\/index.php\/2022\/05\/16\/a-dor-allea-non-nos-debe-ser-indiferente\/#breadcrumb"},"inLanguage":"gl-ES","potentialAction":[{"@type":"ReadAction","target":["https:\/\/www.anovapeneira.gal\/index.php\/2022\/05\/16\/a-dor-allea-non-nos-debe-ser-indiferente\/"]}]},{"@type":"ImageObject","inLanguage":"gl-ES","@id":"https:\/\/www.anovapeneira.gal\/index.php\/2022\/05\/16\/a-dor-allea-non-nos-debe-ser-indiferente\/#primaryimage","url":"https:\/\/www.anovapeneira.gal\/wp-content\/uploads\/2019\/07\/ARTIGO_DE_OPINION_A_NOVA_PENEIRA.jpg","contentUrl":"https:\/\/www.anovapeneira.gal\/wp-content\/uploads\/2019\/07\/ARTIGO_DE_OPINION_A_NOVA_PENEIRA.jpg","width":720,"height":473,"caption":"Artigo de opini\u00f3n A Nova Peneira"},{"@type":"BreadcrumbList","@id":"https:\/\/www.anovapeneira.gal\/index.php\/2022\/05\/16\/a-dor-allea-non-nos-debe-ser-indiferente\/#breadcrumb","itemListElement":[{"@type":"ListItem","position":1,"name":"Portada","item":"https:\/\/www.anovapeneira.gal\/"},{"@type":"ListItem","position":2,"name":"A dor allea non nos debe ser indiferente"}]},{"@type":"WebSite","@id":"https:\/\/www.anovapeneira.gal\/#website","url":"https:\/\/www.anovapeneira.gal\/","name":"","description":"Xornal galego de informaci\u00f3n xeral Publicaci\u00f3n mensual de novas de Galicia e en especial dos Concellos da sur da provincia de Pontevedra.","publisher":{"@id":"https:\/\/www.anovapeneira.gal\/#organization"},"potentialAction":[{"@type":"SearchAction","target":{"@type":"EntryPoint","urlTemplate":"https:\/\/www.anovapeneira.gal\/?s={search_term_string}"},"query-input":{"@type":"PropertyValueSpecification","valueRequired":true,"valueName":"search_term_string"}}],"inLanguage":"gl-ES"},{"@type":"Organization","@id":"https:\/\/www.anovapeneira.gal\/#organization","name":"A Nova Peneira","url":"https:\/\/www.anovapeneira.gal\/","logo":{"@type":"ImageObject","inLanguage":"gl-ES","@id":"https:\/\/www.anovapeneira.gal\/#\/schema\/logo\/image\/","url":"http:\/\/www.anovapeneira.gal\/wp-content\/uploads\/2019\/06\/logo_a_nova_peneira_portal_web.png","contentUrl":"http:\/\/www.anovapeneira.gal\/wp-content\/uploads\/2019\/06\/logo_a_nova_peneira_portal_web.png","width":300,"height":100,"caption":"A Nova Peneira"},"image":{"@id":"https:\/\/www.anovapeneira.gal\/#\/schema\/logo\/image\/"},"sameAs":["https:\/\/www.facebook.com\/anovapeneira","https:\/\/x.com\/APeneira"]},{"@type":"Person","@id":"https:\/\/www.anovapeneira.gal\/#\/schema\/person\/f18a4feb302e8f20bcef4490b5b60bb3","name":"Artigos Opini\u00f3n","image":{"@type":"ImageObject","inLanguage":"gl-ES","@id":"https:\/\/secure.gravatar.com\/avatar\/072844300f4881150aee2da4278f7a65d16eefdf8262eb67085f1e702de2b959?s=96&d=mm&r=g","url":"https:\/\/secure.gravatar.com\/avatar\/072844300f4881150aee2da4278f7a65d16eefdf8262eb67085f1e702de2b959?s=96&d=mm&r=g","contentUrl":"https:\/\/secure.gravatar.com\/avatar\/072844300f4881150aee2da4278f7a65d16eefdf8262eb67085f1e702de2b959?s=96&d=mm&r=g","caption":"Artigos Opini\u00f3n"},"sameAs":["http:\/\/anovapeneira.gal"],"url":"https:\/\/www.anovapeneira.gal\/index.php\/author\/artigosopinion\/"}]}},"jetpack_featured_media_url":"https:\/\/www.anovapeneira.gal\/wp-content\/uploads\/2019\/07\/ARTIGO_DE_OPINION_A_NOVA_PENEIRA.jpg","_links":{"self":[{"href":"https:\/\/www.anovapeneira.gal\/index.php\/wp-json\/wp\/v2\/posts\/7469","targetHints":{"allow":["GET"]}}],"collection":[{"href":"https:\/\/www.anovapeneira.gal\/index.php\/wp-json\/wp\/v2\/posts"}],"about":[{"href":"https:\/\/www.anovapeneira.gal\/index.php\/wp-json\/wp\/v2\/types\/post"}],"author":[{"embeddable":true,"href":"https:\/\/www.anovapeneira.gal\/index.php\/wp-json\/wp\/v2\/users\/12"}],"replies":[{"embeddable":true,"href":"https:\/\/www.anovapeneira.gal\/index.php\/wp-json\/wp\/v2\/comments?post=7469"}],"version-history":[{"count":1,"href":"https:\/\/www.anovapeneira.gal\/index.php\/wp-json\/wp\/v2\/posts\/7469\/revisions"}],"predecessor-version":[{"id":7470,"href":"https:\/\/www.anovapeneira.gal\/index.php\/wp-json\/wp\/v2\/posts\/7469\/revisions\/7470"}],"wp:featuredmedia":[{"embeddable":true,"href":"https:\/\/www.anovapeneira.gal\/index.php\/wp-json\/wp\/v2\/media\/584"}],"wp:attachment":[{"href":"https:\/\/www.anovapeneira.gal\/index.php\/wp-json\/wp\/v2\/media?parent=7469"}],"wp:term":[{"taxonomy":"category","embeddable":true,"href":"https:\/\/www.anovapeneira.gal\/index.php\/wp-json\/wp\/v2\/categories?post=7469"},{"taxonomy":"post_tag","embeddable":true,"href":"https:\/\/www.anovapeneira.gal\/index.php\/wp-json\/wp\/v2\/tags?post=7469"}],"curies":[{"name":"wp","href":"https:\/\/api.w.org\/{rel}","templated":true}]}}