{"id":7471,"date":"2022-05-16T10:00:33","date_gmt":"2022-05-16T08:00:33","guid":{"rendered":"https:\/\/www.anovapeneira.gal\/?p=7471"},"modified":"2022-05-11T14:05:04","modified_gmt":"2022-05-11T12:05:04","slug":"bombeiros-forestais-da-xunta-denuncian-a-falta-de-prevision-da-administracion-autonomica","status":"publish","type":"post","link":"https:\/\/www.anovapeneira.gal\/index.php\/2022\/05\/16\/bombeiros-forestais-da-xunta-denuncian-a-falta-de-prevision-da-administracion-autonomica\/","title":{"rendered":"\u201cBombeiros forestais da Xunta denuncian a falta de previsi\u00f3n da administraci\u00f3n auton\u00f3mica\u201d"},"content":{"rendered":"\n<p>O pasado xoves 5 de maio celebrouse no Centro Cultural da Comunidade de Montes Veci\u00f1al da parroquia de Borreiros en Gondomar unha rolda de prensa na que intervi\u00f1eron membros da ORGCCMM (organizaci\u00f3n galega de comunidades de montes) e bombeiros e bombeiras Forestais de 6 meses. \u00c1 rolda de prensa asistiron Xan Lois Cabreira Bombeiro Forestal de 6 meses, e Latino Rodr\u00edguez Areal por a ORGCCVMMS. Tratou sobre estado dos nosos montes e da non chegada este ano dunha li\u00f1a de axudas (subvenci\u00f3ns). As CCVMMS denuncian que tampouco recibiron axudas da administraci\u00f3n auton\u00f3mica para poder realizar funci\u00f3ns preventivas e as que se fixeron foron cos fondos propios. Os bombeiros e bombeiras denuncian a falta de previsi\u00f3n un ano m\u00e1is no que non se contou con case mil traballadores para realizar labores preventivas e poder no ver\u00e1n mitigar os efectos do lume, ver\u00e1n que se prev\u00e9 que sexa adverso e seco. Os bombeiros non te\u00f1en que incorporarse ata o 18 de maio.<\/p>\n\n\n\n<p>A conseller\u00eda do medio Rural ven de prohibir calquera tipo de queima de maneira indefinida desde o primeiro venres deste mes de maio xa que se prev\u00e9 que este ano vai ser complicado cara os incendios despois dun inverno e dunha primavera anormalmente secos. Por esta raz\u00f3n bombeiros forestais e responsables das comunidades de montes ofrecen o seu punto de vista.<\/p>\n\n\n\n<p>Bombeiros e bombeiras advertiron que <em>\u201cO risco de incendios tan virulentos coma os de hai cinco anos, no 2017, \u00e9 m\u00e1ximo\u201d, \u201cen todo o inverno perdemos un tempo precioso para executar labores de prevenci\u00f3n\u201d, \u201clevamos tres ver\u00e1ns seguidos chuviosos e temos un volume de biomasa bastante alto nos montes\u201d,<\/em> Xan Lois denuncia que \u201c<em>para que os montes estean limpos \u00e9 preciso man de obra todo o ano<\/em>\u201d. Eles est\u00e1n contratados como fixos descontinuos durante seis meses, dos cales s\u00f3 dous son para labores de prevenci\u00f3n dependendo das condici\u00f3ns meteorol\u00f3xicas de cada tempada. Levan varios anos demandando que os contraten todo o inverno para <em>\u201cpoder mitigar calquera vaga de lumes que ningu\u00e9n desexa<\/em>\u201d e que para isto non hai ningunha estratexia definida, engaden que \u201c<em>os nosos montes agora xa non se traballan como antes, que s\u00f3 te\u00f1en monocultivo de pino e eucalipto e isto \u00e9 un problema engadido<\/em>\u201d e fai un chamamento \u00e1 administraci\u00f3n galega a ser seria e responsable, a tomar cartas no asunto e aconsella que tomen como exemplo as comunidades de montes engadindo que \u201c<em>son un exemplo de como ano tras ano, co seu traballo poden mitigar a vaga de lumes<\/em>\u201d. Denuncia e recrimina tam\u00e9n que <em>\u201cpoder\u00edase actuar nos terreos invadidos pola maleza pero a Xunta prefire manter unha actitude impositiva cos particulares e multalos, a\u00ednda que se dean casos de persoas maiores que non poden afrontar os gastos de rozar os seus terreos pr\u00f3ximos as zonas de vivendas\u201d.<\/em><\/p>\n\n\n\n<p>Pola s\u00faa banda,Latino, en representaci\u00f3n das asociaci\u00f3n comunais asegurou que \u201c<em>as axudas auton\u00f3micas \u00e1s comunidades para tarefas de prevenci\u00f3n chegan en setembro ou outubro, este ano nin se convocaron a\u00ednda. Os montes son de todos e podemos desfrutalos todos pero os responsables de mantelos decentes somos os comuneiros e a Xunta esqu\u00e9cese de n\u00f3s, e non t\u00f3dalas entidades temos os recursos necesarios para manter os montes como un xard\u00edn\u201d. \u201cA d\u00eda de hoxe case o 90% do di\u00f1eiro que recadamos na venda de madeira temos que investilo en limpalos para facer n\u00f3s a prevenci\u00f3n dos lumes\u201d.\u201dNon invisten en prevenci\u00f3n e logo aportan mill\u00f3ns de euros para a extinci\u00f3n destes lumes e isto s\u00f3 beneficia \u00e1s empresas adxudicadas a dedo para este fin tomando aos noso montes como un negocio para os seus amigos\u201d. \u201cAs nosas administraci\u00f3n non lle importa o noso rural nin as xentes do rural\u201d.<\/em><\/p>\n","protected":false},"excerpt":{"rendered":"<div class=\"mh-excerpt\"><p>O pasado xoves 5 de maio celebrouse no Centro Cultural da Comunidade de Montes Veci\u00f1al da parroquia de Borreiros en Gondomar unha rolda de prensa na que intervi\u00f1eron membros da ORGCCMM (organizaci\u00f3n galega de comunidades de montes) e bombeiros e bombeiras Forestais de 6 meses <a class=\"mh-excerpt-more\" href=\"https:\/\/www.anovapeneira.gal\/index.php\/2022\/05\/16\/bombeiros-forestais-da-xunta-denuncian-a-falta-de-prevision-da-administracion-autonomica\/\" title=\"\u201cBombeiros forestais da Xunta denuncian a falta de previsi\u00f3n da administraci\u00f3n auton\u00f3mica\u201d\">[&#8230;]<\/a><\/p>\n<\/div>","protected":false},"author":3,"featured_media":7473,"comment_status":"open","ping_status":"open","sticky":false,"template":"","format":"standard","meta":{"_exactmetrics_skip_tracking":false,"_exactmetrics_sitenote_active":false,"_exactmetrics_sitenote_note":"","_exactmetrics_sitenote_category":0,"footnotes":""},"categories":[20],"tags":[149],"class_list":{"0":"post-7471","1":"post","2":"type-post","3":"status-publish","4":"format-standard","5":"has-post-thumbnail","7":"category-val-minor","8":"tag-concello-de-gondomar"},"yoast_head":"<!-- This site is optimized with the Yoast SEO plugin v27.4 - https:\/\/yoast.com\/product\/yoast-seo-wordpress\/ -->\n<title>\u201cBombeiros forestais da Xunta denuncian a falta de previsi\u00f3n da administraci\u00f3n auton\u00f3mica\u201d -<\/title>\n<meta name=\"description\" content=\"O pasado xoves 5 de maio celebrouse no Centro Cultural da Comunidade de Montes Veci\u00f1al da parroquia de Borreiros en Gondomar unha rolda de prensa na que intervi\u00f1eron membros da ORGCCMM (organizaci\u00f3n galega de comunidades de montes) e bombeiros e bombeiras Forestais de 6 meses\" \/>\n<meta name=\"robots\" content=\"index, follow, max-snippet:-1, max-image-preview:large, max-video-preview:-1\" \/>\n<link rel=\"canonical\" href=\"https:\/\/www.anovapeneira.gal\/index.php\/2022\/05\/16\/bombeiros-forestais-da-xunta-denuncian-a-falta-de-prevision-da-administracion-autonomica\/\" \/>\n<meta property=\"og:locale\" content=\"gl_ES\" \/>\n<meta property=\"og:type\" content=\"article\" \/>\n<meta property=\"og:title\" content=\"\u201cBombeiros forestais da Xunta denuncian a falta de previsi\u00f3n da administraci\u00f3n auton\u00f3mica\u201d -\" \/>\n<meta property=\"og:description\" content=\"O pasado xoves 5 de maio celebrouse no Centro Cultural da Comunidade de Montes Veci\u00f1al da parroquia de Borreiros en Gondomar unha rolda de prensa na que intervi\u00f1eron membros da ORGCCMM (organizaci\u00f3n galega de comunidades de montes) e bombeiros e bombeiras Forestais de 6 meses\" \/>\n<meta property=\"og:url\" content=\"https:\/\/www.anovapeneira.gal\/index.php\/2022\/05\/16\/bombeiros-forestais-da-xunta-denuncian-a-falta-de-prevision-da-administracion-autonomica\/\" \/>\n<meta property=\"article:publisher\" content=\"https:\/\/www.facebook.com\/anovapeneira\" \/>\n<meta property=\"article:published_time\" content=\"2022-05-16T08:00:33+00:00\" \/>\n<meta property=\"og:image\" content=\"https:\/\/www.anovapeneira.gal\/wp-content\/uploads\/2022\/05\/traballo-digno-incendios.jpg\" \/>\n\t<meta property=\"og:image:width\" content=\"1500\" \/>\n\t<meta property=\"og:image:height\" content=\"790\" \/>\n\t<meta property=\"og:image:type\" content=\"image\/jpeg\" \/>\n<meta name=\"author\" content=\"Redacci\u00f3n A Nova Peneira\" \/>\n<meta name=\"twitter:card\" content=\"summary_large_image\" \/>\n<meta name=\"twitter:creator\" content=\"@APeneira\" \/>\n<meta name=\"twitter:site\" content=\"@APeneira\" \/>\n<meta name=\"twitter:label1\" content=\"Escrito por\" \/>\n\t<meta name=\"twitter:data1\" content=\"Redacci\u00f3n A Nova Peneira\" \/>\n\t<meta name=\"twitter:label2\" content=\"Tempo de lectura\" \/>\n\t<meta name=\"twitter:data2\" content=\"4 minutos\" \/>\n<script type=\"application\/ld+json\" class=\"yoast-schema-graph\">{\"@context\":\"https:\\\/\\\/schema.org\",\"@graph\":[{\"@type\":\"Article\",\"@id\":\"https:\\\/\\\/www.anovapeneira.gal\\\/index.php\\\/2022\\\/05\\\/16\\\/bombeiros-forestais-da-xunta-denuncian-a-falta-de-prevision-da-administracion-autonomica\\\/#article\",\"isPartOf\":{\"@id\":\"https:\\\/\\\/www.anovapeneira.gal\\\/index.php\\\/2022\\\/05\\\/16\\\/bombeiros-forestais-da-xunta-denuncian-a-falta-de-prevision-da-administracion-autonomica\\\/\"},\"author\":{\"name\":\"Redacci\u00f3n A Nova Peneira\",\"@id\":\"https:\\\/\\\/www.anovapeneira.gal\\\/#\\\/schema\\\/person\\\/b93e3f8932e3f8da96334607eb6ac6aa\"},\"headline\":\"\u201cBombeiros forestais da Xunta denuncian a falta de previsi\u00f3n da administraci\u00f3n auton\u00f3mica\u201d\",\"datePublished\":\"2022-05-16T08:00:33+00:00\",\"mainEntityOfPage\":{\"@id\":\"https:\\\/\\\/www.anovapeneira.gal\\\/index.php\\\/2022\\\/05\\\/16\\\/bombeiros-forestais-da-xunta-denuncian-a-falta-de-prevision-da-administracion-autonomica\\\/\"},\"wordCount\":663,\"commentCount\":0,\"publisher\":{\"@id\":\"https:\\\/\\\/www.anovapeneira.gal\\\/#organization\"},\"image\":{\"@id\":\"https:\\\/\\\/www.anovapeneira.gal\\\/index.php\\\/2022\\\/05\\\/16\\\/bombeiros-forestais-da-xunta-denuncian-a-falta-de-prevision-da-administracion-autonomica\\\/#primaryimage\"},\"thumbnailUrl\":\"https:\\\/\\\/www.anovapeneira.gal\\\/wp-content\\\/uploads\\\/2022\\\/05\\\/traballo-digno-incendios.jpg\",\"keywords\":[\"Concello de Gondomar\"],\"articleSection\":[\"Val Mi\u00f1or\"],\"inLanguage\":\"gl-ES\",\"potentialAction\":[{\"@type\":\"CommentAction\",\"name\":\"Comment\",\"target\":[\"https:\\\/\\\/www.anovapeneira.gal\\\/index.php\\\/2022\\\/05\\\/16\\\/bombeiros-forestais-da-xunta-denuncian-a-falta-de-prevision-da-administracion-autonomica\\\/#respond\"]}]},{\"@type\":\"WebPage\",\"@id\":\"https:\\\/\\\/www.anovapeneira.gal\\\/index.php\\\/2022\\\/05\\\/16\\\/bombeiros-forestais-da-xunta-denuncian-a-falta-de-prevision-da-administracion-autonomica\\\/\",\"url\":\"https:\\\/\\\/www.anovapeneira.gal\\\/index.php\\\/2022\\\/05\\\/16\\\/bombeiros-forestais-da-xunta-denuncian-a-falta-de-prevision-da-administracion-autonomica\\\/\",\"name\":\"\u201cBombeiros forestais da Xunta denuncian a falta de previsi\u00f3n da administraci\u00f3n auton\u00f3mica\u201d -\",\"isPartOf\":{\"@id\":\"https:\\\/\\\/www.anovapeneira.gal\\\/#website\"},\"primaryImageOfPage\":{\"@id\":\"https:\\\/\\\/www.anovapeneira.gal\\\/index.php\\\/2022\\\/05\\\/16\\\/bombeiros-forestais-da-xunta-denuncian-a-falta-de-prevision-da-administracion-autonomica\\\/#primaryimage\"},\"image\":{\"@id\":\"https:\\\/\\\/www.anovapeneira.gal\\\/index.php\\\/2022\\\/05\\\/16\\\/bombeiros-forestais-da-xunta-denuncian-a-falta-de-prevision-da-administracion-autonomica\\\/#primaryimage\"},\"thumbnailUrl\":\"https:\\\/\\\/www.anovapeneira.gal\\\/wp-content\\\/uploads\\\/2022\\\/05\\\/traballo-digno-incendios.jpg\",\"datePublished\":\"2022-05-16T08:00:33+00:00\",\"description\":\"O pasado xoves 5 de maio celebrouse no Centro Cultural da Comunidade de Montes Veci\u00f1al da parroquia de Borreiros en Gondomar unha rolda de prensa na que intervi\u00f1eron membros da ORGCCMM (organizaci\u00f3n galega de comunidades de montes) e bombeiros e bombeiras Forestais de 6 meses\",\"breadcrumb\":{\"@id\":\"https:\\\/\\\/www.anovapeneira.gal\\\/index.php\\\/2022\\\/05\\\/16\\\/bombeiros-forestais-da-xunta-denuncian-a-falta-de-prevision-da-administracion-autonomica\\\/#breadcrumb\"},\"inLanguage\":\"gl-ES\",\"potentialAction\":[{\"@type\":\"ReadAction\",\"target\":[\"https:\\\/\\\/www.anovapeneira.gal\\\/index.php\\\/2022\\\/05\\\/16\\\/bombeiros-forestais-da-xunta-denuncian-a-falta-de-prevision-da-administracion-autonomica\\\/\"]}]},{\"@type\":\"ImageObject\",\"inLanguage\":\"gl-ES\",\"@id\":\"https:\\\/\\\/www.anovapeneira.gal\\\/index.php\\\/2022\\\/05\\\/16\\\/bombeiros-forestais-da-xunta-denuncian-a-falta-de-prevision-da-administracion-autonomica\\\/#primaryimage\",\"url\":\"https:\\\/\\\/www.anovapeneira.gal\\\/wp-content\\\/uploads\\\/2022\\\/05\\\/traballo-digno-incendios.jpg\",\"contentUrl\":\"https:\\\/\\\/www.anovapeneira.gal\\\/wp-content\\\/uploads\\\/2022\\\/05\\\/traballo-digno-incendios.jpg\",\"width\":1500,\"height\":790,\"caption\":\"Traballo digno todo o ano\"},{\"@type\":\"BreadcrumbList\",\"@id\":\"https:\\\/\\\/www.anovapeneira.gal\\\/index.php\\\/2022\\\/05\\\/16\\\/bombeiros-forestais-da-xunta-denuncian-a-falta-de-prevision-da-administracion-autonomica\\\/#breadcrumb\",\"itemListElement\":[{\"@type\":\"ListItem\",\"position\":1,\"name\":\"Portada\",\"item\":\"https:\\\/\\\/www.anovapeneira.gal\\\/\"},{\"@type\":\"ListItem\",\"position\":2,\"name\":\"\u201cBombeiros forestais da Xunta denuncian a falta de previsi\u00f3n da administraci\u00f3n auton\u00f3mica\u201d\"}]},{\"@type\":\"WebSite\",\"@id\":\"https:\\\/\\\/www.anovapeneira.gal\\\/#website\",\"url\":\"https:\\\/\\\/www.anovapeneira.gal\\\/\",\"name\":\"\",\"description\":\"Xornal galego de informaci\u00f3n xeral Publicaci\u00f3n mensual de novas de Galicia e en especial dos Concellos da sur da provincia de Pontevedra.\",\"publisher\":{\"@id\":\"https:\\\/\\\/www.anovapeneira.gal\\\/#organization\"},\"potentialAction\":[{\"@type\":\"SearchAction\",\"target\":{\"@type\":\"EntryPoint\",\"urlTemplate\":\"https:\\\/\\\/www.anovapeneira.gal\\\/?s={search_term_string}\"},\"query-input\":{\"@type\":\"PropertyValueSpecification\",\"valueRequired\":true,\"valueName\":\"search_term_string\"}}],\"inLanguage\":\"gl-ES\"},{\"@type\":\"Organization\",\"@id\":\"https:\\\/\\\/www.anovapeneira.gal\\\/#organization\",\"name\":\"A Nova Peneira\",\"url\":\"https:\\\/\\\/www.anovapeneira.gal\\\/\",\"logo\":{\"@type\":\"ImageObject\",\"inLanguage\":\"gl-ES\",\"@id\":\"https:\\\/\\\/www.anovapeneira.gal\\\/#\\\/schema\\\/logo\\\/image\\\/\",\"url\":\"http:\\\/\\\/www.anovapeneira.gal\\\/wp-content\\\/uploads\\\/2019\\\/06\\\/logo_a_nova_peneira_portal_web.png\",\"contentUrl\":\"http:\\\/\\\/www.anovapeneira.gal\\\/wp-content\\\/uploads\\\/2019\\\/06\\\/logo_a_nova_peneira_portal_web.png\",\"width\":300,\"height\":100,\"caption\":\"A Nova Peneira\"},\"image\":{\"@id\":\"https:\\\/\\\/www.anovapeneira.gal\\\/#\\\/schema\\\/logo\\\/image\\\/\"},\"sameAs\":[\"https:\\\/\\\/www.facebook.com\\\/anovapeneira\",\"https:\\\/\\\/x.com\\\/APeneira\"]},{\"@type\":\"Person\",\"@id\":\"https:\\\/\\\/www.anovapeneira.gal\\\/#\\\/schema\\\/person\\\/b93e3f8932e3f8da96334607eb6ac6aa\",\"name\":\"Redacci\u00f3n A Nova Peneira\",\"image\":{\"@type\":\"ImageObject\",\"inLanguage\":\"gl-ES\",\"@id\":\"https:\\\/\\\/secure.gravatar.com\\\/avatar\\\/c052a2551a06e23fac63626232eaa90abd78dbcf1700fc46a2b2c89fd27b735f?s=96&d=mm&r=g\",\"url\":\"https:\\\/\\\/secure.gravatar.com\\\/avatar\\\/c052a2551a06e23fac63626232eaa90abd78dbcf1700fc46a2b2c89fd27b735f?s=96&d=mm&r=g\",\"contentUrl\":\"https:\\\/\\\/secure.gravatar.com\\\/avatar\\\/c052a2551a06e23fac63626232eaa90abd78dbcf1700fc46a2b2c89fd27b735f?s=96&d=mm&r=g\",\"caption\":\"Redacci\u00f3n A Nova Peneira\"},\"sameAs\":[\"http:\\\/\\\/www.anovapeneira.gal\\\/\"],\"url\":\"https:\\\/\\\/www.anovapeneira.gal\\\/index.php\\\/author\\\/redactor\\\/\"}]}<\/script>\n<!-- \/ Yoast SEO plugin. -->","yoast_head_json":{"title":"\u201cBombeiros forestais da Xunta denuncian a falta de previsi\u00f3n da administraci\u00f3n auton\u00f3mica\u201d -","description":"O pasado xoves 5 de maio celebrouse no Centro Cultural da Comunidade de Montes Veci\u00f1al da parroquia de Borreiros en Gondomar unha rolda de prensa na que intervi\u00f1eron membros da ORGCCMM (organizaci\u00f3n galega de comunidades de montes) e bombeiros e bombeiras Forestais de 6 meses","robots":{"index":"index","follow":"follow","max-snippet":"max-snippet:-1","max-image-preview":"max-image-preview:large","max-video-preview":"max-video-preview:-1"},"canonical":"https:\/\/www.anovapeneira.gal\/index.php\/2022\/05\/16\/bombeiros-forestais-da-xunta-denuncian-a-falta-de-prevision-da-administracion-autonomica\/","og_locale":"gl_ES","og_type":"article","og_title":"\u201cBombeiros forestais da Xunta denuncian a falta de previsi\u00f3n da administraci\u00f3n auton\u00f3mica\u201d -","og_description":"O pasado xoves 5 de maio celebrouse no Centro Cultural da Comunidade de Montes Veci\u00f1al da parroquia de Borreiros en Gondomar unha rolda de prensa na que intervi\u00f1eron membros da ORGCCMM (organizaci\u00f3n galega de comunidades de montes) e bombeiros e bombeiras Forestais de 6 meses","og_url":"https:\/\/www.anovapeneira.gal\/index.php\/2022\/05\/16\/bombeiros-forestais-da-xunta-denuncian-a-falta-de-prevision-da-administracion-autonomica\/","article_publisher":"https:\/\/www.facebook.com\/anovapeneira","article_published_time":"2022-05-16T08:00:33+00:00","og_image":[{"width":1500,"height":790,"url":"https:\/\/www.anovapeneira.gal\/wp-content\/uploads\/2022\/05\/traballo-digno-incendios.jpg","type":"image\/jpeg"}],"author":"Redacci\u00f3n A Nova Peneira","twitter_card":"summary_large_image","twitter_creator":"@APeneira","twitter_site":"@APeneira","twitter_misc":{"Escrito por":"Redacci\u00f3n A Nova Peneira","Tempo de lectura":"4 minutos"},"schema":{"@context":"https:\/\/schema.org","@graph":[{"@type":"Article","@id":"https:\/\/www.anovapeneira.gal\/index.php\/2022\/05\/16\/bombeiros-forestais-da-xunta-denuncian-a-falta-de-prevision-da-administracion-autonomica\/#article","isPartOf":{"@id":"https:\/\/www.anovapeneira.gal\/index.php\/2022\/05\/16\/bombeiros-forestais-da-xunta-denuncian-a-falta-de-prevision-da-administracion-autonomica\/"},"author":{"name":"Redacci\u00f3n A Nova Peneira","@id":"https:\/\/www.anovapeneira.gal\/#\/schema\/person\/b93e3f8932e3f8da96334607eb6ac6aa"},"headline":"\u201cBombeiros forestais da Xunta denuncian a falta de previsi\u00f3n da administraci\u00f3n auton\u00f3mica\u201d","datePublished":"2022-05-16T08:00:33+00:00","mainEntityOfPage":{"@id":"https:\/\/www.anovapeneira.gal\/index.php\/2022\/05\/16\/bombeiros-forestais-da-xunta-denuncian-a-falta-de-prevision-da-administracion-autonomica\/"},"wordCount":663,"commentCount":0,"publisher":{"@id":"https:\/\/www.anovapeneira.gal\/#organization"},"image":{"@id":"https:\/\/www.anovapeneira.gal\/index.php\/2022\/05\/16\/bombeiros-forestais-da-xunta-denuncian-a-falta-de-prevision-da-administracion-autonomica\/#primaryimage"},"thumbnailUrl":"https:\/\/www.anovapeneira.gal\/wp-content\/uploads\/2022\/05\/traballo-digno-incendios.jpg","keywords":["Concello de Gondomar"],"articleSection":["Val Mi\u00f1or"],"inLanguage":"gl-ES","potentialAction":[{"@type":"CommentAction","name":"Comment","target":["https:\/\/www.anovapeneira.gal\/index.php\/2022\/05\/16\/bombeiros-forestais-da-xunta-denuncian-a-falta-de-prevision-da-administracion-autonomica\/#respond"]}]},{"@type":"WebPage","@id":"https:\/\/www.anovapeneira.gal\/index.php\/2022\/05\/16\/bombeiros-forestais-da-xunta-denuncian-a-falta-de-prevision-da-administracion-autonomica\/","url":"https:\/\/www.anovapeneira.gal\/index.php\/2022\/05\/16\/bombeiros-forestais-da-xunta-denuncian-a-falta-de-prevision-da-administracion-autonomica\/","name":"\u201cBombeiros forestais da Xunta denuncian a falta de previsi\u00f3n da administraci\u00f3n auton\u00f3mica\u201d -","isPartOf":{"@id":"https:\/\/www.anovapeneira.gal\/#website"},"primaryImageOfPage":{"@id":"https:\/\/www.anovapeneira.gal\/index.php\/2022\/05\/16\/bombeiros-forestais-da-xunta-denuncian-a-falta-de-prevision-da-administracion-autonomica\/#primaryimage"},"image":{"@id":"https:\/\/www.anovapeneira.gal\/index.php\/2022\/05\/16\/bombeiros-forestais-da-xunta-denuncian-a-falta-de-prevision-da-administracion-autonomica\/#primaryimage"},"thumbnailUrl":"https:\/\/www.anovapeneira.gal\/wp-content\/uploads\/2022\/05\/traballo-digno-incendios.jpg","datePublished":"2022-05-16T08:00:33+00:00","description":"O pasado xoves 5 de maio celebrouse no Centro Cultural da Comunidade de Montes Veci\u00f1al da parroquia de Borreiros en Gondomar unha rolda de prensa na que intervi\u00f1eron membros da ORGCCMM (organizaci\u00f3n galega de comunidades de montes) e bombeiros e bombeiras Forestais de 6 meses","breadcrumb":{"@id":"https:\/\/www.anovapeneira.gal\/index.php\/2022\/05\/16\/bombeiros-forestais-da-xunta-denuncian-a-falta-de-prevision-da-administracion-autonomica\/#breadcrumb"},"inLanguage":"gl-ES","potentialAction":[{"@type":"ReadAction","target":["https:\/\/www.anovapeneira.gal\/index.php\/2022\/05\/16\/bombeiros-forestais-da-xunta-denuncian-a-falta-de-prevision-da-administracion-autonomica\/"]}]},{"@type":"ImageObject","inLanguage":"gl-ES","@id":"https:\/\/www.anovapeneira.gal\/index.php\/2022\/05\/16\/bombeiros-forestais-da-xunta-denuncian-a-falta-de-prevision-da-administracion-autonomica\/#primaryimage","url":"https:\/\/www.anovapeneira.gal\/wp-content\/uploads\/2022\/05\/traballo-digno-incendios.jpg","contentUrl":"https:\/\/www.anovapeneira.gal\/wp-content\/uploads\/2022\/05\/traballo-digno-incendios.jpg","width":1500,"height":790,"caption":"Traballo digno todo o ano"},{"@type":"BreadcrumbList","@id":"https:\/\/www.anovapeneira.gal\/index.php\/2022\/05\/16\/bombeiros-forestais-da-xunta-denuncian-a-falta-de-prevision-da-administracion-autonomica\/#breadcrumb","itemListElement":[{"@type":"ListItem","position":1,"name":"Portada","item":"https:\/\/www.anovapeneira.gal\/"},{"@type":"ListItem","position":2,"name":"\u201cBombeiros forestais da Xunta denuncian a falta de previsi\u00f3n da administraci\u00f3n auton\u00f3mica\u201d"}]},{"@type":"WebSite","@id":"https:\/\/www.anovapeneira.gal\/#website","url":"https:\/\/www.anovapeneira.gal\/","name":"","description":"Xornal galego de informaci\u00f3n xeral Publicaci\u00f3n mensual de novas de Galicia e en especial dos Concellos da sur da provincia de Pontevedra.","publisher":{"@id":"https:\/\/www.anovapeneira.gal\/#organization"},"potentialAction":[{"@type":"SearchAction","target":{"@type":"EntryPoint","urlTemplate":"https:\/\/www.anovapeneira.gal\/?s={search_term_string}"},"query-input":{"@type":"PropertyValueSpecification","valueRequired":true,"valueName":"search_term_string"}}],"inLanguage":"gl-ES"},{"@type":"Organization","@id":"https:\/\/www.anovapeneira.gal\/#organization","name":"A Nova Peneira","url":"https:\/\/www.anovapeneira.gal\/","logo":{"@type":"ImageObject","inLanguage":"gl-ES","@id":"https:\/\/www.anovapeneira.gal\/#\/schema\/logo\/image\/","url":"http:\/\/www.anovapeneira.gal\/wp-content\/uploads\/2019\/06\/logo_a_nova_peneira_portal_web.png","contentUrl":"http:\/\/www.anovapeneira.gal\/wp-content\/uploads\/2019\/06\/logo_a_nova_peneira_portal_web.png","width":300,"height":100,"caption":"A Nova Peneira"},"image":{"@id":"https:\/\/www.anovapeneira.gal\/#\/schema\/logo\/image\/"},"sameAs":["https:\/\/www.facebook.com\/anovapeneira","https:\/\/x.com\/APeneira"]},{"@type":"Person","@id":"https:\/\/www.anovapeneira.gal\/#\/schema\/person\/b93e3f8932e3f8da96334607eb6ac6aa","name":"Redacci\u00f3n A Nova Peneira","image":{"@type":"ImageObject","inLanguage":"gl-ES","@id":"https:\/\/secure.gravatar.com\/avatar\/c052a2551a06e23fac63626232eaa90abd78dbcf1700fc46a2b2c89fd27b735f?s=96&d=mm&r=g","url":"https:\/\/secure.gravatar.com\/avatar\/c052a2551a06e23fac63626232eaa90abd78dbcf1700fc46a2b2c89fd27b735f?s=96&d=mm&r=g","contentUrl":"https:\/\/secure.gravatar.com\/avatar\/c052a2551a06e23fac63626232eaa90abd78dbcf1700fc46a2b2c89fd27b735f?s=96&d=mm&r=g","caption":"Redacci\u00f3n A Nova Peneira"},"sameAs":["http:\/\/www.anovapeneira.gal\/"],"url":"https:\/\/www.anovapeneira.gal\/index.php\/author\/redactor\/"}]}},"jetpack_featured_media_url":"https:\/\/www.anovapeneira.gal\/wp-content\/uploads\/2022\/05\/traballo-digno-incendios.jpg","_links":{"self":[{"href":"https:\/\/www.anovapeneira.gal\/index.php\/wp-json\/wp\/v2\/posts\/7471","targetHints":{"allow":["GET"]}}],"collection":[{"href":"https:\/\/www.anovapeneira.gal\/index.php\/wp-json\/wp\/v2\/posts"}],"about":[{"href":"https:\/\/www.anovapeneira.gal\/index.php\/wp-json\/wp\/v2\/types\/post"}],"author":[{"embeddable":true,"href":"https:\/\/www.anovapeneira.gal\/index.php\/wp-json\/wp\/v2\/users\/3"}],"replies":[{"embeddable":true,"href":"https:\/\/www.anovapeneira.gal\/index.php\/wp-json\/wp\/v2\/comments?post=7471"}],"version-history":[{"count":1,"href":"https:\/\/www.anovapeneira.gal\/index.php\/wp-json\/wp\/v2\/posts\/7471\/revisions"}],"predecessor-version":[{"id":7472,"href":"https:\/\/www.anovapeneira.gal\/index.php\/wp-json\/wp\/v2\/posts\/7471\/revisions\/7472"}],"wp:featuredmedia":[{"embeddable":true,"href":"https:\/\/www.anovapeneira.gal\/index.php\/wp-json\/wp\/v2\/media\/7473"}],"wp:attachment":[{"href":"https:\/\/www.anovapeneira.gal\/index.php\/wp-json\/wp\/v2\/media?parent=7471"}],"wp:term":[{"taxonomy":"category","embeddable":true,"href":"https:\/\/www.anovapeneira.gal\/index.php\/wp-json\/wp\/v2\/categories?post=7471"},{"taxonomy":"post_tag","embeddable":true,"href":"https:\/\/www.anovapeneira.gal\/index.php\/wp-json\/wp\/v2\/tags?post=7471"}],"curies":[{"name":"wp","href":"https:\/\/api.w.org\/{rel}","templated":true}]}}