{"id":7477,"date":"2022-05-17T12:00:25","date_gmt":"2022-05-17T10:00:25","guid":{"rendered":"https:\/\/www.anovapeneira.gal\/?p=7477"},"modified":"2022-05-13T12:16:57","modified_gmt":"2022-05-13T10:16:57","slug":"carme-nunez-voceira-do-bng-de-tui","status":"publish","type":"post","link":"https:\/\/www.anovapeneira.gal\/index.php\/2022\/05\/17\/carme-nunez-voceira-do-bng-de-tui\/","title":{"rendered":"Carme N\u00fa\u00f1ez voceira do BNG de Tui"},"content":{"rendered":"\n<pre class=\"wp-block-verse\"><strong>Tino Lago<\/strong><\/pre>\n\n\n\n<p><strong>Hai d\u00faas caracter\u00edsticas que me resultan arrebatadoras nas persoas, que me seducen e que me levan irremediablemente a buscar a s\u00faa compa\u00f1\u00eda e a s\u00faa opini\u00f3n. Son a bondade e a intelixencia. Carme \u00e9 desas persoas que, de cando en vez, moi de cando en vez, atopa un no medio dos cami\u00f1os da vida e que pos\u00fae as d\u00faas en cantidades industriais. Unha vez m\u00e1is foi un pracer para min compartir un caf\u00e9 con ela no fermoso casco vello da antiga capital do pa\u00eds galego.<\/strong><\/p>\n\n\n\n<p>\u201c<em>Todo o BNG de Tui est\u00e1 moi ilusionado co seguinte proceso electoral. Queremos gobernar e imos a por todas\u201d<\/em><\/p>\n\n\n\n<p><strong>Comezamos pola actualidade m\u00e1is rabiosa, Carme: hoxe, 6 de maio, hai unha charla do goberno municipal en Pexegueiro, a t\u00faa parroquia. Vas ir?<\/strong><\/p>\n\n\n\n<blockquote class=\"wp-block-quote is-layout-flow wp-block-quote-is-layout-flow\"><p>A charla vai tratar sobre o plan da compostaxe municipal. Lamentablemente por un compromiso persoal non vou poder ir. E aseg\u00faroche Tino, que me d\u00e1 moita pena por d\u00faas raz\u00f3ns:1) porque \u00e9 nunha parroquia,algo que non se fai moito.2)porque a compostaxe \u00e9 unha das bandeiras da pol\u00edtica ambiental do BNG e te\u00f1o moito interese en co\u00f1ecer como a pretenden desenvolver<\/p><\/blockquote>\n\n\n\n<p><strong>Segues pensando que o goberno municipal non trata por igual \u00e1s parroquias c\u00f3 casco ?<\/strong><\/p>\n\n\n\n<blockquote class=\"wp-block-quote is-layout-flow wp-block-quote-is-layout-flow\"><p>Si, sigo pensado o mesmo. De feito, moitas das medidas que se fan no casco urbano prexudican \u00e1s parroquias como, por exemplo, o do aparcamento. A xente das parroquias non ten transporte p\u00fablico para vir ao centro, te\u00f1en que desprazarse en coche e agora van ter que pagar o aparcadoiro. O \u00fanico que se fai para as parroquias \u00e9 arranxar algunha carreteira e pouco m\u00e1is.<\/p><\/blockquote>\n\n\n\n<p><strong>Ti vives en Pexegueiro. Na t\u00faa parroquia, por exemplo, hai servizos suficientes para poder desenvolver a vida con normalidade?<\/strong><\/p>\n\n\n\n<blockquote class=\"wp-block-quote is-layout-flow wp-block-quote-is-layout-flow\"><p>Podo dicirche que a mi\u00f1a vellez non a vexo e Pexegueiro. E non porque non me gustar\u00eda, que me encantar\u00eda, sen\u00f3n porque non o vexo posible. Onde vivo te\u00f1o que desprazarme en coche para calquera cousa e se de maior xa non podes conducir vives illada. Temos feito propostas desde o BNG para que o concello utilice os espazos baleiros que ten cheos de maleza, para acondicionalos con bancos, xard\u00edns ou calquera outra actuaci\u00f3n que facilite que a xente poida reunirse e socializar .<\/p><\/blockquote>\n\n\n\n<p><strong>Estamos a un ano das elecci\u00f3ns, cal \u00e9 a t\u00faa valoraci\u00f3n do goberno municipal neste mandato.<\/strong><\/p>\n\n\n\n<blockquote class=\"wp-block-quote is-layout-flow wp-block-quote-is-layout-flow\"><p>Moi decepcionante. \u00c9 a primeira vez que Tui est\u00e1 gobernada pola esquerda, con maior\u00eda absoluta, e est\u00e1n a gobernar exactamente igual que o fac\u00eda o PP. Sen ning\u00fan tipo de consenso, totalmente o contrario. Un concelleiro do PSOE dic\u00eda que co BNG non se pod\u00eda dialogar. Pero \u00e9 que nunca nos aceptan nada.<\/p><\/blockquote>\n\n\n\n<p><strong>Pois a versi\u00f3n do PSOE \u00e9 que con v\u00f3s non \u00e9 posible dialogar?<\/strong><\/p>\n\n\n\n<blockquote class=\"wp-block-quote is-layout-flow wp-block-quote-is-layout-flow\"><p>E de que imos dialogar se en 3 anos non nos fixeron nin unha soa proposta\u00a1\u00a1, e cando facemos algunha proposta n\u00f3s \u00e9 desbotada<\/p><\/blockquote>\n\n\n\n<p><strong>Por exemplo?<\/strong><\/p>\n\n\n\n<blockquote class=\"wp-block-quote is-layout-flow wp-block-quote-is-layout-flow\"><p>Hai pouco propuxemos que o edificio de Cam Fran, que est\u00e1 abandonado, se arranxara para facer un espazo para que se reunisen as distintas asociaci\u00f3ns do concello, facer un local de ensaio para a banda da Tui\u2026 Propo\u00f1iamos un espazo como unha zona de multi actividade. Isto lev\u00e1molo a dous plenos. O alcalde p\u00faxoo encima da mesa como proposta a estudar, cando chegamos a esa comisi\u00f3n informativa xa hab\u00eda un anteproxecto onde valor\u00e1base po\u00f1er polic\u00eda local, centro de d\u00eda, centro para reunir \u00e1s asociaci\u00f3ns, isto como decisi\u00f3n unilateral do PSOE .<\/p><\/blockquote>\n\n\n\n<p><strong>Ent\u00f3n, non ves cambios substanciais entre este goberno e os que tivo o PP?<\/strong><\/p>\n\n\n\n<blockquote class=\"wp-block-quote is-layout-flow wp-block-quote-is-layout-flow\"><p>Eu creo que a d\u00eda de hoxe ata empeora. Nin o problema do aparcamento est\u00e1 resolto, nin ten v\u00edas de resolverse porque a maneira que te\u00f1en de abordalo considero que vai provocar que vaia a peor.<\/p><\/blockquote>\n\n\n\n<p><strong>F\u00edxate \u00eda preguntarche agora polo do aparcadoiro?<\/strong><\/p>\n\n\n\n<blockquote class=\"wp-block-quote is-layout-flow wp-block-quote-is-layout-flow\"><p>No \u00faltimo pleno o alcalde volveu insistir en facer o proxecto que ten pensado dun aparcadoiro privado e de pago, cunha concesi\u00f3n de 40 anos a unha empresa. Un aparcamento con 298 prazas, das que 36 van ser destinadas ao centro de sa\u00fade. Isto o que vai levar \u00e9 a suprimir 430 prazas de aparcamento gratis que hai agora mesmo en superficie. Exactamente, non sei a que altura est\u00e1 o proxecto pero, para empezar, houbo que desembolsar 1.700.000\u20ac para comprar 75 prazas de garaxe para o concello e para o mantemento de todo o ano. D\u00e1 a impresi\u00f3n de que \u00e9 o concello o que vai pagar \u00e9 a construci\u00f3n do aparcadoiro para logo ceder a explotaci\u00f3n a unha empresa privada durante 40 anos. A experiencia doutros concellos lim\u00edtrofes di que isto non funciona.<\/p><\/blockquote>\n\n\n\n<p><strong>Con este tema xa houbo problemas desde o principio, non?<\/strong><\/p>\n\n\n\n<blockquote class=\"wp-block-quote is-layout-flow wp-block-quote-is-layout-flow\"><p>Si. A este concurso present\u00e1ronse d\u00faas empresas, ao principio ga\u00f1ou unha delas, a segunda reclamou e admit\u00edronlle o recurso. Volveuse sacar a concurso e ga\u00f1ou a segunda. Agora sospeitase que a que perdeu vai volver reclamar.<\/p><\/blockquote>\n\n\n\n<p><strong>A suposta falta de capacidade para o di\u00e1logo do goberno foi, ao teu xu\u00edzo, o motivo da ruptura do goberno municipal?<\/strong><\/p>\n\n\n\n<blockquote class=\"wp-block-quote is-layout-flow wp-block-quote-is-layout-flow\"><p>Realmente non o sei, pero creo que pode ter algo que ver. N\u00f3s gobernamos dous anos co Partido Socialista e tivemos que aguantar moito, \u00e1s veces non foi nada f\u00e1cil.<\/p><\/blockquote>\n\n\n\n<p><strong>E que tipo de posici\u00f3n ten Lano Alonso agora na oposici\u00f3n<\/strong><\/p>\n\n\n\n<blockquote class=\"wp-block-quote is-layout-flow wp-block-quote-is-layout-flow\"><p>Ten unha posici\u00f3n bastante cr\u00edtica.<\/p><\/blockquote>\n\n\n\n<p><strong>Creo que un dos motivos do enfrontamento de Lano co PSOE foi a taxa do lixo. Como est\u00e1 ese tema e cal \u00e9 a posici\u00f3n do Bloque?<\/strong><\/p>\n\n\n\n<blockquote class=\"wp-block-quote is-layout-flow wp-block-quote-is-layout-flow\"><p>Laureano e os hostaleiros te\u00f1en raz\u00f3n, hai que cambiala. Hai que elaborar unha nova taxa e c\u00f3ntase co compromiso do alcalde de que o van a facer.<\/p><\/blockquote>\n\n\n\n<p><strong>Quen \u00e9, ao teu xu\u00edzo, responsable de que en Tui haxa unha taxa de lixo anormalmente elevada ?<\/strong><\/p>\n\n\n\n<blockquote class=\"wp-block-quote is-layout-flow wp-block-quote-is-layout-flow\"><p>O PP. Isto xa ven de antes<\/p><\/blockquote>\n\n\n\n<p><strong>A apertura da r\u00faa Ourense que efectos tivo no tr\u00e1fico de Tui?<\/strong><\/p>\n\n\n\n<blockquote class=\"wp-block-quote is-layout-flow wp-block-quote-is-layout-flow\"><p>Empeorou lixeiramente a situaci\u00f3n. Esta r\u00faa fai como un embude nas horas fortes de m\u00e1is tr\u00e1fico. Para non ser Tui tan grande, o tr\u00e1fico \u00e9 tremendo. Penso que deber\u00eda de facerse doutra forma, porque creo que esta rotonda empeorou o tr\u00e1fico substancialmente.<\/p><\/blockquote>\n\n\n\n<p><strong>Hai pouco presentastes unha moci\u00f3n referente ao Sahara. Cal \u00e9 o resultado?<\/strong><\/p>\n\n\n\n<blockquote class=\"wp-block-quote is-layout-flow wp-block-quote-is-layout-flow\"><p>Ben, sa\u00edu aprobada. Votamos todos os grupos a favor.<\/p><\/blockquote>\n\n\n\n<p><strong>E non lle custou ao goberno municipal do PSOE votar en contra da posici\u00f3n do PSOE do Estado?<\/strong><\/p>\n\n\n\n<blockquote class=\"wp-block-quote is-layout-flow wp-block-quote-is-layout-flow\"><p>Creo que o alcalde dixo que a\u00ednda que non estaba cento por cento de acordo co texto \u00eda votar a favor.<\/p><\/blockquote>\n\n\n\n<p><strong>Faime unha s\u00edntese das vosas li\u00f1as de traballo pol\u00edtico m\u00e1is significativas?<\/strong><\/p>\n\n\n\n<blockquote class=\"wp-block-quote is-layout-flow wp-block-quote-is-layout-flow\"><p>Presentamos moitas moci\u00f3ns en cada pleno e insistimos moito en t\u00f3dalas melloras medioambientais, cremos que temos que ser pioneiros nisto e non chega con colocar un contedor de reciclaxe.Temos que ser valentes e estar comprometidos con pol\u00edticas medio ambientais realmente transformadoras<\/p><\/blockquote>\n\n\n\n<blockquote class=\"wp-block-quote is-layout-flow wp-block-quote-is-layout-flow\"><p>Aprob\u00e1ronnos unha moci\u00f3n para mudar a xesti\u00f3n do punto limpo, outra para intentar mellorar a reciclaxe nas parroquias, tam\u00e9n outra para a sinalizaci\u00f3n das parroquias e a recuperaci\u00f3n do seu patrimonio. Todas aprobadas e en ningunha se fixo nada de momento.<\/p><\/blockquote>\n\n\n\n<blockquote class=\"wp-block-quote is-layout-flow wp-block-quote-is-layout-flow\"><p>O que non entendemos foi a actuaci\u00f3n na praia de Areeiros en Guillarei, asfaltaron para que os coches puideran aparcar xusto ao car\u00f3n, con isto somos moi cr\u00edticos.<\/p><\/blockquote>\n\n\n\n<blockquote class=\"wp-block-quote is-layout-flow wp-block-quote-is-layout-flow\"><p>Tema tallante pola nosa parte foi o do aparcadoiro que desde un principio dixemos que non e fixemos campa\u00f1a en contra.<\/p><\/blockquote>\n\n\n\n<blockquote class=\"wp-block-quote is-layout-flow wp-block-quote-is-layout-flow\"><p>Tam\u00e9n defendemos o valor que ten o mercado dos xoves e a s\u00faa tradici\u00f3n hist\u00f3rica. Traslad\u00e1rona para abaixo ao car\u00f3n de Cam Fram e n\u00f3s non o compartimos. Perdeu a hostaler\u00eda, os vendedores do mercado e a xente do comercio local co cambio de localizaci\u00f3n. Fixemos a proposta de establecela na Corredoira e na R\u00faa Augusto Gonz\u00e1lez Besada para recuperar o seu poder de tradici\u00f3n.<\/p><\/blockquote>\n\n\n\n<p><strong>Que ambiente percibes polas r\u00faas de Tui en relaci\u00f3n ao goberno e en relaci\u00f3n ao BNG?<\/strong><\/p>\n\n\n\n<blockquote class=\"wp-block-quote is-layout-flow wp-block-quote-is-layout-flow\"><p>Penso que valoran o traballo que facemos pois intentamos ser moi serios e moi responsables.<\/p><\/blockquote>\n\n\n\n<blockquote class=\"wp-block-quote is-layout-flow wp-block-quote-is-layout-flow\"><p>Co goberno percibo certa decepci\u00f3n, hab\u00eda moita expectativa e detecto malestar, sobre todo polo casco urbano.<\/p><\/blockquote>\n\n\n\n<p><strong>Rematamos Carme. Est\u00e1s animada para ser candidata no 2023?<\/strong><\/p>\n\n\n\n<blockquote class=\"wp-block-quote is-layout-flow wp-block-quote-is-layout-flow\"><p>Eu estou ao dispor das mi\u00f1as compa\u00f1eiras e compa\u00f1eiros do bloque de Tui para situarme no posto que consideren. En calquera caso, tanto eu coma as demais persoas do bloque temos unha enorme ilusi\u00f3n neste proceso electoral e a nosa vontade \u00e9 gobernar .Temos un proxecto realmente transformador para Tui e con toda a humildade atr\u00e9vome a pedir a confianza para podermos facer de Tui unha cidade da que nos sintamos orgullosas e orgullosos, e na que a procura do ben com\u00fan de maneira equitativa e xusta sexa o sinal de identidade do seu goberno.<\/p><\/blockquote>\n","protected":false},"excerpt":{"rendered":"<div class=\"mh-excerpt\"><p>Hai d\u00faas caracter\u00edsticas que me resultan arrebatadoras nas persoas, que me seducen e que me levan irremediablemente a buscar a s\u00faa compa\u00f1\u00eda e a s\u00faa opini\u00f3n. Son a bondade e a intelixencia. Carme \u00e9 desas persoas que, de cando en vez, moi de cando en vez, atopa un no medio dos cami\u00f1os da vida e que pos\u00fae as d\u00faas en cantidades industriais <a class=\"mh-excerpt-more\" href=\"https:\/\/www.anovapeneira.gal\/index.php\/2022\/05\/17\/carme-nunez-voceira-do-bng-de-tui\/\" title=\"Carme N\u00fa\u00f1ez voceira do BNG de Tui\">[&#8230;]<\/a><\/p>\n<\/div>","protected":false},"author":2,"featured_media":7478,"comment_status":"open","ping_status":"open","sticky":false,"template":"","format":"standard","meta":{"_exactmetrics_skip_tracking":false,"_exactmetrics_sitenote_active":false,"_exactmetrics_sitenote_note":"","_exactmetrics_sitenote_category":0,"footnotes":""},"categories":[21],"tags":[426],"class_list":{"0":"post-7477","1":"post","2":"type-post","3":"status-publish","4":"format-standard","5":"has-post-thumbnail","7":"category-baixo-mino","8":"tag-concello-de-tui"},"yoast_head":"<!-- This site is optimized with the Yoast SEO plugin v27.4 - https:\/\/yoast.com\/product\/yoast-seo-wordpress\/ -->\n<title>Carme N\u00fa\u00f1ez voceira do BNG de Tui -<\/title>\n<meta name=\"description\" content=\"Hai d\u00faas caracter\u00edsticas que me resultan arrebatadoras nas persoas, que me seducen e que me levan irremediablemente a buscar a s\u00faa compa\u00f1\u00eda e a s\u00faa opini\u00f3n. Son a bondade e a intelixencia. Carme \u00e9 desas persoas que, de cando en vez, moi de cando en vez, atopa un no medio dos cami\u00f1os da vida e que pos\u00fae as d\u00faas en cantidades industriais\" \/>\n<meta name=\"robots\" content=\"index, follow, max-snippet:-1, max-image-preview:large, max-video-preview:-1\" \/>\n<link rel=\"canonical\" href=\"https:\/\/www.anovapeneira.gal\/index.php\/2022\/05\/17\/carme-nunez-voceira-do-bng-de-tui\/\" \/>\n<meta property=\"og:locale\" content=\"gl_ES\" \/>\n<meta property=\"og:type\" content=\"article\" \/>\n<meta property=\"og:title\" content=\"Carme N\u00fa\u00f1ez voceira do BNG de Tui -\" \/>\n<meta property=\"og:description\" content=\"Hai d\u00faas caracter\u00edsticas que me resultan arrebatadoras nas persoas, que me seducen e que me levan irremediablemente a buscar a s\u00faa compa\u00f1\u00eda e a s\u00faa opini\u00f3n. Son a bondade e a intelixencia. Carme \u00e9 desas persoas que, de cando en vez, moi de cando en vez, atopa un no medio dos cami\u00f1os da vida e que pos\u00fae as d\u00faas en cantidades industriais\" \/>\n<meta property=\"og:url\" content=\"https:\/\/www.anovapeneira.gal\/index.php\/2022\/05\/17\/carme-nunez-voceira-do-bng-de-tui\/\" \/>\n<meta property=\"article:publisher\" content=\"https:\/\/www.facebook.com\/anovapeneira\" \/>\n<meta property=\"article:published_time\" content=\"2022-05-17T10:00:25+00:00\" \/>\n<meta property=\"og:image\" content=\"https:\/\/www.anovapeneira.gal\/wp-content\/uploads\/2022\/05\/Carme-tui.jpg\" \/>\n\t<meta property=\"og:image:width\" content=\"720\" \/>\n\t<meta property=\"og:image:height\" content=\"432\" \/>\n\t<meta property=\"og:image:type\" content=\"image\/jpeg\" \/>\n<meta name=\"author\" content=\"Tino Lago\" \/>\n<meta name=\"twitter:card\" content=\"summary_large_image\" \/>\n<meta name=\"twitter:creator\" content=\"@APeneira\" \/>\n<meta name=\"twitter:site\" content=\"@APeneira\" \/>\n<meta name=\"twitter:label1\" content=\"Escrito por\" \/>\n\t<meta name=\"twitter:data1\" content=\"Tino Lago\" \/>\n\t<meta name=\"twitter:label2\" content=\"Tempo de lectura\" \/>\n\t<meta name=\"twitter:data2\" content=\"8 minutos\" \/>\n<script type=\"application\/ld+json\" class=\"yoast-schema-graph\">{\"@context\":\"https:\\\/\\\/schema.org\",\"@graph\":[{\"@type\":\"Article\",\"@id\":\"https:\\\/\\\/www.anovapeneira.gal\\\/index.php\\\/2022\\\/05\\\/17\\\/carme-nunez-voceira-do-bng-de-tui\\\/#article\",\"isPartOf\":{\"@id\":\"https:\\\/\\\/www.anovapeneira.gal\\\/index.php\\\/2022\\\/05\\\/17\\\/carme-nunez-voceira-do-bng-de-tui\\\/\"},\"author\":{\"name\":\"Tino Lago\",\"@id\":\"https:\\\/\\\/www.anovapeneira.gal\\\/#\\\/schema\\\/person\\\/424dfe65e3070fd8a44d22d2c088762a\"},\"headline\":\"Carme N\u00fa\u00f1ez voceira do BNG de Tui\",\"datePublished\":\"2022-05-17T10:00:25+00:00\",\"mainEntityOfPage\":{\"@id\":\"https:\\\/\\\/www.anovapeneira.gal\\\/index.php\\\/2022\\\/05\\\/17\\\/carme-nunez-voceira-do-bng-de-tui\\\/\"},\"wordCount\":1540,\"commentCount\":0,\"publisher\":{\"@id\":\"https:\\\/\\\/www.anovapeneira.gal\\\/#organization\"},\"image\":{\"@id\":\"https:\\\/\\\/www.anovapeneira.gal\\\/index.php\\\/2022\\\/05\\\/17\\\/carme-nunez-voceira-do-bng-de-tui\\\/#primaryimage\"},\"thumbnailUrl\":\"https:\\\/\\\/www.anovapeneira.gal\\\/wp-content\\\/uploads\\\/2022\\\/05\\\/Carme-tui.jpg\",\"keywords\":[\"Concello de Tui\"],\"articleSection\":[\"Baixo Mi\u00f1o\"],\"inLanguage\":\"gl-ES\",\"potentialAction\":[{\"@type\":\"CommentAction\",\"name\":\"Comment\",\"target\":[\"https:\\\/\\\/www.anovapeneira.gal\\\/index.php\\\/2022\\\/05\\\/17\\\/carme-nunez-voceira-do-bng-de-tui\\\/#respond\"]}]},{\"@type\":\"WebPage\",\"@id\":\"https:\\\/\\\/www.anovapeneira.gal\\\/index.php\\\/2022\\\/05\\\/17\\\/carme-nunez-voceira-do-bng-de-tui\\\/\",\"url\":\"https:\\\/\\\/www.anovapeneira.gal\\\/index.php\\\/2022\\\/05\\\/17\\\/carme-nunez-voceira-do-bng-de-tui\\\/\",\"name\":\"Carme N\u00fa\u00f1ez voceira do BNG de Tui -\",\"isPartOf\":{\"@id\":\"https:\\\/\\\/www.anovapeneira.gal\\\/#website\"},\"primaryImageOfPage\":{\"@id\":\"https:\\\/\\\/www.anovapeneira.gal\\\/index.php\\\/2022\\\/05\\\/17\\\/carme-nunez-voceira-do-bng-de-tui\\\/#primaryimage\"},\"image\":{\"@id\":\"https:\\\/\\\/www.anovapeneira.gal\\\/index.php\\\/2022\\\/05\\\/17\\\/carme-nunez-voceira-do-bng-de-tui\\\/#primaryimage\"},\"thumbnailUrl\":\"https:\\\/\\\/www.anovapeneira.gal\\\/wp-content\\\/uploads\\\/2022\\\/05\\\/Carme-tui.jpg\",\"datePublished\":\"2022-05-17T10:00:25+00:00\",\"description\":\"Hai d\u00faas caracter\u00edsticas que me resultan arrebatadoras nas persoas, que me seducen e que me levan irremediablemente a buscar a s\u00faa compa\u00f1\u00eda e a s\u00faa opini\u00f3n. Son a bondade e a intelixencia. Carme \u00e9 desas persoas que, de cando en vez, moi de cando en vez, atopa un no medio dos cami\u00f1os da vida e que pos\u00fae as d\u00faas en cantidades industriais\",\"breadcrumb\":{\"@id\":\"https:\\\/\\\/www.anovapeneira.gal\\\/index.php\\\/2022\\\/05\\\/17\\\/carme-nunez-voceira-do-bng-de-tui\\\/#breadcrumb\"},\"inLanguage\":\"gl-ES\",\"potentialAction\":[{\"@type\":\"ReadAction\",\"target\":[\"https:\\\/\\\/www.anovapeneira.gal\\\/index.php\\\/2022\\\/05\\\/17\\\/carme-nunez-voceira-do-bng-de-tui\\\/\"]}]},{\"@type\":\"ImageObject\",\"inLanguage\":\"gl-ES\",\"@id\":\"https:\\\/\\\/www.anovapeneira.gal\\\/index.php\\\/2022\\\/05\\\/17\\\/carme-nunez-voceira-do-bng-de-tui\\\/#primaryimage\",\"url\":\"https:\\\/\\\/www.anovapeneira.gal\\\/wp-content\\\/uploads\\\/2022\\\/05\\\/Carme-tui.jpg\",\"contentUrl\":\"https:\\\/\\\/www.anovapeneira.gal\\\/wp-content\\\/uploads\\\/2022\\\/05\\\/Carme-tui.jpg\",\"width\":720,\"height\":432,\"caption\":\"Carme Tui BNG\"},{\"@type\":\"BreadcrumbList\",\"@id\":\"https:\\\/\\\/www.anovapeneira.gal\\\/index.php\\\/2022\\\/05\\\/17\\\/carme-nunez-voceira-do-bng-de-tui\\\/#breadcrumb\",\"itemListElement\":[{\"@type\":\"ListItem\",\"position\":1,\"name\":\"Portada\",\"item\":\"https:\\\/\\\/www.anovapeneira.gal\\\/\"},{\"@type\":\"ListItem\",\"position\":2,\"name\":\"Carme N\u00fa\u00f1ez voceira do BNG de Tui\"}]},{\"@type\":\"WebSite\",\"@id\":\"https:\\\/\\\/www.anovapeneira.gal\\\/#website\",\"url\":\"https:\\\/\\\/www.anovapeneira.gal\\\/\",\"name\":\"\",\"description\":\"Xornal galego de informaci\u00f3n xeral Publicaci\u00f3n mensual de novas de Galicia e en especial dos Concellos da sur da provincia de Pontevedra.\",\"publisher\":{\"@id\":\"https:\\\/\\\/www.anovapeneira.gal\\\/#organization\"},\"potentialAction\":[{\"@type\":\"SearchAction\",\"target\":{\"@type\":\"EntryPoint\",\"urlTemplate\":\"https:\\\/\\\/www.anovapeneira.gal\\\/?s={search_term_string}\"},\"query-input\":{\"@type\":\"PropertyValueSpecification\",\"valueRequired\":true,\"valueName\":\"search_term_string\"}}],\"inLanguage\":\"gl-ES\"},{\"@type\":\"Organization\",\"@id\":\"https:\\\/\\\/www.anovapeneira.gal\\\/#organization\",\"name\":\"A Nova Peneira\",\"url\":\"https:\\\/\\\/www.anovapeneira.gal\\\/\",\"logo\":{\"@type\":\"ImageObject\",\"inLanguage\":\"gl-ES\",\"@id\":\"https:\\\/\\\/www.anovapeneira.gal\\\/#\\\/schema\\\/logo\\\/image\\\/\",\"url\":\"http:\\\/\\\/www.anovapeneira.gal\\\/wp-content\\\/uploads\\\/2019\\\/06\\\/logo_a_nova_peneira_portal_web.png\",\"contentUrl\":\"http:\\\/\\\/www.anovapeneira.gal\\\/wp-content\\\/uploads\\\/2019\\\/06\\\/logo_a_nova_peneira_portal_web.png\",\"width\":300,\"height\":100,\"caption\":\"A Nova Peneira\"},\"image\":{\"@id\":\"https:\\\/\\\/www.anovapeneira.gal\\\/#\\\/schema\\\/logo\\\/image\\\/\"},\"sameAs\":[\"https:\\\/\\\/www.facebook.com\\\/anovapeneira\",\"https:\\\/\\\/x.com\\\/APeneira\"]},{\"@type\":\"Person\",\"@id\":\"https:\\\/\\\/www.anovapeneira.gal\\\/#\\\/schema\\\/person\\\/424dfe65e3070fd8a44d22d2c088762a\",\"name\":\"Tino Lago\",\"image\":{\"@type\":\"ImageObject\",\"inLanguage\":\"gl-ES\",\"@id\":\"https:\\\/\\\/secure.gravatar.com\\\/avatar\\\/b3df6a06e44bab3111583b90f0f33a0379ee5e3d22cbadd232d39f21c30c62be?s=96&d=mm&r=g\",\"url\":\"https:\\\/\\\/secure.gravatar.com\\\/avatar\\\/b3df6a06e44bab3111583b90f0f33a0379ee5e3d22cbadd232d39f21c30c62be?s=96&d=mm&r=g\",\"contentUrl\":\"https:\\\/\\\/secure.gravatar.com\\\/avatar\\\/b3df6a06e44bab3111583b90f0f33a0379ee5e3d22cbadd232d39f21c30c62be?s=96&d=mm&r=g\",\"caption\":\"Tino Lago\"},\"sameAs\":[\"http:\\\/\\\/www.anovapeneira.gal\"],\"url\":\"https:\\\/\\\/www.anovapeneira.gal\\\/index.php\\\/author\\\/director\\\/\"}]}<\/script>\n<!-- \/ Yoast SEO plugin. -->","yoast_head_json":{"title":"Carme N\u00fa\u00f1ez voceira do BNG de Tui -","description":"Hai d\u00faas caracter\u00edsticas que me resultan arrebatadoras nas persoas, que me seducen e que me levan irremediablemente a buscar a s\u00faa compa\u00f1\u00eda e a s\u00faa opini\u00f3n. Son a bondade e a intelixencia. Carme \u00e9 desas persoas que, de cando en vez, moi de cando en vez, atopa un no medio dos cami\u00f1os da vida e que pos\u00fae as d\u00faas en cantidades industriais","robots":{"index":"index","follow":"follow","max-snippet":"max-snippet:-1","max-image-preview":"max-image-preview:large","max-video-preview":"max-video-preview:-1"},"canonical":"https:\/\/www.anovapeneira.gal\/index.php\/2022\/05\/17\/carme-nunez-voceira-do-bng-de-tui\/","og_locale":"gl_ES","og_type":"article","og_title":"Carme N\u00fa\u00f1ez voceira do BNG de Tui -","og_description":"Hai d\u00faas caracter\u00edsticas que me resultan arrebatadoras nas persoas, que me seducen e que me levan irremediablemente a buscar a s\u00faa compa\u00f1\u00eda e a s\u00faa opini\u00f3n. Son a bondade e a intelixencia. Carme \u00e9 desas persoas que, de cando en vez, moi de cando en vez, atopa un no medio dos cami\u00f1os da vida e que pos\u00fae as d\u00faas en cantidades industriais","og_url":"https:\/\/www.anovapeneira.gal\/index.php\/2022\/05\/17\/carme-nunez-voceira-do-bng-de-tui\/","article_publisher":"https:\/\/www.facebook.com\/anovapeneira","article_published_time":"2022-05-17T10:00:25+00:00","og_image":[{"width":720,"height":432,"url":"https:\/\/www.anovapeneira.gal\/wp-content\/uploads\/2022\/05\/Carme-tui.jpg","type":"image\/jpeg"}],"author":"Tino Lago","twitter_card":"summary_large_image","twitter_creator":"@APeneira","twitter_site":"@APeneira","twitter_misc":{"Escrito por":"Tino Lago","Tempo de lectura":"8 minutos"},"schema":{"@context":"https:\/\/schema.org","@graph":[{"@type":"Article","@id":"https:\/\/www.anovapeneira.gal\/index.php\/2022\/05\/17\/carme-nunez-voceira-do-bng-de-tui\/#article","isPartOf":{"@id":"https:\/\/www.anovapeneira.gal\/index.php\/2022\/05\/17\/carme-nunez-voceira-do-bng-de-tui\/"},"author":{"name":"Tino Lago","@id":"https:\/\/www.anovapeneira.gal\/#\/schema\/person\/424dfe65e3070fd8a44d22d2c088762a"},"headline":"Carme N\u00fa\u00f1ez voceira do BNG de Tui","datePublished":"2022-05-17T10:00:25+00:00","mainEntityOfPage":{"@id":"https:\/\/www.anovapeneira.gal\/index.php\/2022\/05\/17\/carme-nunez-voceira-do-bng-de-tui\/"},"wordCount":1540,"commentCount":0,"publisher":{"@id":"https:\/\/www.anovapeneira.gal\/#organization"},"image":{"@id":"https:\/\/www.anovapeneira.gal\/index.php\/2022\/05\/17\/carme-nunez-voceira-do-bng-de-tui\/#primaryimage"},"thumbnailUrl":"https:\/\/www.anovapeneira.gal\/wp-content\/uploads\/2022\/05\/Carme-tui.jpg","keywords":["Concello de Tui"],"articleSection":["Baixo Mi\u00f1o"],"inLanguage":"gl-ES","potentialAction":[{"@type":"CommentAction","name":"Comment","target":["https:\/\/www.anovapeneira.gal\/index.php\/2022\/05\/17\/carme-nunez-voceira-do-bng-de-tui\/#respond"]}]},{"@type":"WebPage","@id":"https:\/\/www.anovapeneira.gal\/index.php\/2022\/05\/17\/carme-nunez-voceira-do-bng-de-tui\/","url":"https:\/\/www.anovapeneira.gal\/index.php\/2022\/05\/17\/carme-nunez-voceira-do-bng-de-tui\/","name":"Carme N\u00fa\u00f1ez voceira do BNG de Tui -","isPartOf":{"@id":"https:\/\/www.anovapeneira.gal\/#website"},"primaryImageOfPage":{"@id":"https:\/\/www.anovapeneira.gal\/index.php\/2022\/05\/17\/carme-nunez-voceira-do-bng-de-tui\/#primaryimage"},"image":{"@id":"https:\/\/www.anovapeneira.gal\/index.php\/2022\/05\/17\/carme-nunez-voceira-do-bng-de-tui\/#primaryimage"},"thumbnailUrl":"https:\/\/www.anovapeneira.gal\/wp-content\/uploads\/2022\/05\/Carme-tui.jpg","datePublished":"2022-05-17T10:00:25+00:00","description":"Hai d\u00faas caracter\u00edsticas que me resultan arrebatadoras nas persoas, que me seducen e que me levan irremediablemente a buscar a s\u00faa compa\u00f1\u00eda e a s\u00faa opini\u00f3n. Son a bondade e a intelixencia. Carme \u00e9 desas persoas que, de cando en vez, moi de cando en vez, atopa un no medio dos cami\u00f1os da vida e que pos\u00fae as d\u00faas en cantidades industriais","breadcrumb":{"@id":"https:\/\/www.anovapeneira.gal\/index.php\/2022\/05\/17\/carme-nunez-voceira-do-bng-de-tui\/#breadcrumb"},"inLanguage":"gl-ES","potentialAction":[{"@type":"ReadAction","target":["https:\/\/www.anovapeneira.gal\/index.php\/2022\/05\/17\/carme-nunez-voceira-do-bng-de-tui\/"]}]},{"@type":"ImageObject","inLanguage":"gl-ES","@id":"https:\/\/www.anovapeneira.gal\/index.php\/2022\/05\/17\/carme-nunez-voceira-do-bng-de-tui\/#primaryimage","url":"https:\/\/www.anovapeneira.gal\/wp-content\/uploads\/2022\/05\/Carme-tui.jpg","contentUrl":"https:\/\/www.anovapeneira.gal\/wp-content\/uploads\/2022\/05\/Carme-tui.jpg","width":720,"height":432,"caption":"Carme Tui BNG"},{"@type":"BreadcrumbList","@id":"https:\/\/www.anovapeneira.gal\/index.php\/2022\/05\/17\/carme-nunez-voceira-do-bng-de-tui\/#breadcrumb","itemListElement":[{"@type":"ListItem","position":1,"name":"Portada","item":"https:\/\/www.anovapeneira.gal\/"},{"@type":"ListItem","position":2,"name":"Carme N\u00fa\u00f1ez voceira do BNG de Tui"}]},{"@type":"WebSite","@id":"https:\/\/www.anovapeneira.gal\/#website","url":"https:\/\/www.anovapeneira.gal\/","name":"","description":"Xornal galego de informaci\u00f3n xeral Publicaci\u00f3n mensual de novas de Galicia e en especial dos Concellos da sur da provincia de Pontevedra.","publisher":{"@id":"https:\/\/www.anovapeneira.gal\/#organization"},"potentialAction":[{"@type":"SearchAction","target":{"@type":"EntryPoint","urlTemplate":"https:\/\/www.anovapeneira.gal\/?s={search_term_string}"},"query-input":{"@type":"PropertyValueSpecification","valueRequired":true,"valueName":"search_term_string"}}],"inLanguage":"gl-ES"},{"@type":"Organization","@id":"https:\/\/www.anovapeneira.gal\/#organization","name":"A Nova Peneira","url":"https:\/\/www.anovapeneira.gal\/","logo":{"@type":"ImageObject","inLanguage":"gl-ES","@id":"https:\/\/www.anovapeneira.gal\/#\/schema\/logo\/image\/","url":"http:\/\/www.anovapeneira.gal\/wp-content\/uploads\/2019\/06\/logo_a_nova_peneira_portal_web.png","contentUrl":"http:\/\/www.anovapeneira.gal\/wp-content\/uploads\/2019\/06\/logo_a_nova_peneira_portal_web.png","width":300,"height":100,"caption":"A Nova Peneira"},"image":{"@id":"https:\/\/www.anovapeneira.gal\/#\/schema\/logo\/image\/"},"sameAs":["https:\/\/www.facebook.com\/anovapeneira","https:\/\/x.com\/APeneira"]},{"@type":"Person","@id":"https:\/\/www.anovapeneira.gal\/#\/schema\/person\/424dfe65e3070fd8a44d22d2c088762a","name":"Tino Lago","image":{"@type":"ImageObject","inLanguage":"gl-ES","@id":"https:\/\/secure.gravatar.com\/avatar\/b3df6a06e44bab3111583b90f0f33a0379ee5e3d22cbadd232d39f21c30c62be?s=96&d=mm&r=g","url":"https:\/\/secure.gravatar.com\/avatar\/b3df6a06e44bab3111583b90f0f33a0379ee5e3d22cbadd232d39f21c30c62be?s=96&d=mm&r=g","contentUrl":"https:\/\/secure.gravatar.com\/avatar\/b3df6a06e44bab3111583b90f0f33a0379ee5e3d22cbadd232d39f21c30c62be?s=96&d=mm&r=g","caption":"Tino Lago"},"sameAs":["http:\/\/www.anovapeneira.gal"],"url":"https:\/\/www.anovapeneira.gal\/index.php\/author\/director\/"}]}},"jetpack_featured_media_url":"https:\/\/www.anovapeneira.gal\/wp-content\/uploads\/2022\/05\/Carme-tui.jpg","_links":{"self":[{"href":"https:\/\/www.anovapeneira.gal\/index.php\/wp-json\/wp\/v2\/posts\/7477","targetHints":{"allow":["GET"]}}],"collection":[{"href":"https:\/\/www.anovapeneira.gal\/index.php\/wp-json\/wp\/v2\/posts"}],"about":[{"href":"https:\/\/www.anovapeneira.gal\/index.php\/wp-json\/wp\/v2\/types\/post"}],"author":[{"embeddable":true,"href":"https:\/\/www.anovapeneira.gal\/index.php\/wp-json\/wp\/v2\/users\/2"}],"replies":[{"embeddable":true,"href":"https:\/\/www.anovapeneira.gal\/index.php\/wp-json\/wp\/v2\/comments?post=7477"}],"version-history":[{"count":1,"href":"https:\/\/www.anovapeneira.gal\/index.php\/wp-json\/wp\/v2\/posts\/7477\/revisions"}],"predecessor-version":[{"id":7479,"href":"https:\/\/www.anovapeneira.gal\/index.php\/wp-json\/wp\/v2\/posts\/7477\/revisions\/7479"}],"wp:featuredmedia":[{"embeddable":true,"href":"https:\/\/www.anovapeneira.gal\/index.php\/wp-json\/wp\/v2\/media\/7478"}],"wp:attachment":[{"href":"https:\/\/www.anovapeneira.gal\/index.php\/wp-json\/wp\/v2\/media?parent=7477"}],"wp:term":[{"taxonomy":"category","embeddable":true,"href":"https:\/\/www.anovapeneira.gal\/index.php\/wp-json\/wp\/v2\/categories?post=7477"},{"taxonomy":"post_tag","embeddable":true,"href":"https:\/\/www.anovapeneira.gal\/index.php\/wp-json\/wp\/v2\/tags?post=7477"}],"curies":[{"name":"wp","href":"https:\/\/api.w.org\/{rel}","templated":true}]}}