{"id":7482,"date":"2022-05-18T12:00:01","date_gmt":"2022-05-18T10:00:01","guid":{"rendered":"https:\/\/www.anovapeneira.gal\/?p=7482"},"modified":"2022-05-13T13:28:25","modified_gmt":"2022-05-13T11:28:25","slug":"cara-a-outro-modo-de-entender-a-vida","status":"publish","type":"post","link":"https:\/\/www.anovapeneira.gal\/index.php\/2022\/05\/18\/cara-a-outro-modo-de-entender-a-vida\/","title":{"rendered":"Cara a outro modo de entender a vida"},"content":{"rendered":"\n<figure class=\"wp-block-image size-large is-resized\"><img loading=\"lazy\" decoding=\"async\" src=\"http:\/\/www.anovapeneira.gal\/wp-content\/uploads\/2019\/07\/Baldomero_Iglesias_Dobarrio_Mero.jpg\" alt=\"Baldomero Iglesias Dobarrio Mero artigos de opini\u00f3n A Nova Peneira\" class=\"wp-image-482\" width=\"95\" height=\"111\"\/><figcaption>Baldomero Iglesias Dobarrio, Mero<\/figcaption><\/figure>\n\n\n\n<p>Fomos vindo a poucos sen nos dar conta a onde chegamos, a onde nos trouxeron os acontecementos. E chegamos aqu\u00ed, a estoutro mundo no que estamos, este que se move torpemente a partir de novas circunstancias e sen saber moi ben cara a onde imos.<br><br>A pandemia trouxo secuelas imprevisibles e complicou o sistema, pensado para consumir e dar consumo, para negociar mesmo aqueles bens b\u00e1sicos de sobre-vivencia. Un virus a\u00ednda latente e con ansias de anovarse anda por a\u00ed repartindo avisos, en cada curro, en cada recanto da antiga vida. A pandemia complicou o subministro e toda a engrenaxe que hab\u00eda<br>montada no arredor de cadeas de consumo, transporte e localizaci\u00f3n, das grandes \u00e1reas e pequenas tendas de distribuci\u00f3n, nese movemento social -ao que estabamos tan afeitos- de ir \u00e1 compra e gastar cartos, nese intercambio estrutural de beneficios.<br><br>Non nos demos conta que tam\u00e9n, nese arredor, estaba a medrar o illamento, a marxinaci\u00f3n, o vicio de non querer saber e ignorar intencionadamente, alentado pola sospeita e pola pugna dos recursos, pola desconfianza nos demais. Iso trae sempre consigo un aumento de problemas que se volven autoritarismos, consellos e f\u00f3rmulas<br>impositivas que van determinar un menor grao de liberdade. Tam\u00e9n, xa se fai, cunha linguaxe moito m\u00e1is agresiva e b\u00e9lica que se aprecia nos parlamentos, nos xornais, nas entrevistas e faladoiros. Violencia de todo tipo e a todas horas, en calquera sitio. Iso trae tam\u00e9n aparellada unha disfunci\u00f3n vers\u00e1til, unha guerra de fronteiras e de apa\u00f1os, un roubo do equilibrio non que nos buscamos a\u00ednda, con certa nostalxia do pasado.<br><br>Non hai que ir moi lonxe para ver enormes masas de pensamentos desconformes, negacionistas de calquera causa e raz\u00f3n, de todo, mesmo deles. Por un lado que se as vacinas non son boas e s\u00f3 nos prexudican, que se a terra \u00e9 plana e levan engan\u00e1ndonos moito tempo, que se somos o que somos, ou non somos. Cuestion\u00e1ndonos absolutamente todo, s\u00f3 por contradicir e contrapo\u00f1er, para establecer unha confrontaci\u00f3n, case sempre irracional na que o que quebranta a raz\u00f3n quere darse a co\u00f1ecer, quere tam\u00e9n destacar. Sabendo de antem\u00e1n que non chegaremos a entendernos, e ademais mostr\u00e1monos belixerantes en estado supino, porque caemos na provocaci\u00f3n.<br><br>Mentres, nos m\u00f3biles, as pantallas cospen miles de datos nun segundo, as fontes informativas dan conta das novas ocorrencias dos cerebros desasociados en ameazas. Mill\u00f3ns de ideas, lisas e retortas. Mill\u00f3ns de mentiras con aspecto de verdade. A realidade ponnos a andar. Por un lado os prezos da enerx\u00eda desmedrados, as el\u00e9ctricas f\u00f3rranse sen raz\u00f3n nin motivo, s\u00f3 por comparaci\u00f3n de prezos os combustibles ven a tallada e multiplican o custo atendendo \u00e1 forraxe de que se fan obxecto as el\u00e9ctricas, os transportistas qu\u00e9ixanse e protestan parando, o traballo d\u00e1lles perdas. Os pescadores perden cartos sa\u00edndo ao mar, as xentes do reparto paran e esixen cordura porque non lles d\u00e1 para pagar o gas o\u00edl, os produtos soben e p\u00f3\u00f1ense inalcanzables. Xa est\u00e1 liada. Pagamos, coma sempre, n\u00f3s. Os cidad\u00e1ns do d\u00eda a d\u00eda, os que pretendemos vivir a poucos levados das rutinas e das convulsas realidades que nos ofrecen os nosos representantes. E se por riba hai un foco de guerra inxusta, todas son, na que o agresor abusa dun veci\u00f1o moito m\u00e1is d\u00e9bil, estamos xa no medio do furac\u00e1n, do caos.<br>Multipl\u00edcanse as mentiras. Nada \u00e9 certo, todo \u00e9 unha pantalla. Quen apelar\u00e1, agora, ao estado de dereito e a establecer de novo unhas relaci\u00f3ns comerciais estables, capaces de manter unha suposta democracia representativa?<br><br>De momento ser\u00eda bo reco\u00f1ecer os erros e non po\u00f1er, xa de comezo, no mesmo p\u00e9 de igualdade ao agresor e ao agredido, costume moi com\u00fan na pretendida resoluci\u00f3n de conflitos e, que ao final, nada resolve sen\u00f3n que crea unha nova inxustiza. Polo medio hai moreas de intereses comerciais e de subministraci\u00f3ns. Hai tam\u00e9n moitas reticencias, por riba hai que dar imaxe de unidade, mais todo non cabe no saco. Sanci\u00f3ns, encarecementos, descontento, falta de servizo, parada da din\u00e1mica de emprego, non hai materiais, non hai consumo, non hai emprego, morte, tiran\u00edas, feridos, escarmentos, guerra, confinamentos, obsesi\u00f3ns, fames, perdas, abusos, desaf\u00edos, soidade, &#8230; Perdemos todos, anque sobre todo n\u00f3s, os de sempre. \u00c9 dif\u00edcil recuperar tempos. Cando volvamos, far\u00e9molo moito m\u00e1is pobres e empobrecidos, no desprestixio de sabernos incapaces de falar para entendernos, para chegar a alg\u00fan acordo feliz sen perdedores.<\/p>\n","protected":false},"excerpt":{"rendered":"<div class=\"mh-excerpt\"><p>Fomos vindo a poucos sen nos dar conta a onde chegamos, a onde nos trouxeron os acontecementos. E chegamos aqu\u00ed, a estoutro mundo no que estamos, este que se move torpemente a partir de novas circunstancias e sen saber moi ben cara a onde imos <a class=\"mh-excerpt-more\" href=\"https:\/\/www.anovapeneira.gal\/index.php\/2022\/05\/18\/cara-a-outro-modo-de-entender-a-vida\/\" title=\"Cara a outro modo de entender a vida\">[&#8230;]<\/a><\/p>\n<\/div>","protected":false},"author":5,"featured_media":584,"comment_status":"open","ping_status":"open","sticky":false,"template":"","format":"standard","meta":{"_exactmetrics_skip_tracking":false,"_exactmetrics_sitenote_active":false,"_exactmetrics_sitenote_note":"","_exactmetrics_sitenote_category":0,"footnotes":""},"categories":[7],"tags":[],"class_list":{"0":"post-7482","1":"post","2":"type-post","3":"status-publish","4":"format-standard","5":"has-post-thumbnail","7":"category-artigos-de-opinion"},"yoast_head":"<!-- This site is optimized with the Yoast SEO plugin v27.4 - https:\/\/yoast.com\/product\/yoast-seo-wordpress\/ -->\n<title>Cara a outro modo de entender a vida -<\/title>\n<meta name=\"description\" content=\"Fomos vindo a poucos sen nos dar conta a onde chegamos, a onde nos trouxeron os acontecementos.\" \/>\n<meta name=\"robots\" content=\"index, follow, max-snippet:-1, max-image-preview:large, max-video-preview:-1\" \/>\n<link rel=\"canonical\" href=\"https:\/\/www.anovapeneira.gal\/index.php\/2022\/05\/18\/cara-a-outro-modo-de-entender-a-vida\/\" \/>\n<meta property=\"og:locale\" content=\"gl_ES\" \/>\n<meta property=\"og:type\" content=\"article\" \/>\n<meta property=\"og:title\" content=\"Cara a outro modo de entender a vida -\" \/>\n<meta property=\"og:description\" content=\"Fomos vindo a poucos sen nos dar conta a onde chegamos, a onde nos trouxeron os acontecementos.\" \/>\n<meta property=\"og:url\" content=\"https:\/\/www.anovapeneira.gal\/index.php\/2022\/05\/18\/cara-a-outro-modo-de-entender-a-vida\/\" \/>\n<meta property=\"article:publisher\" content=\"https:\/\/www.facebook.com\/anovapeneira\" \/>\n<meta property=\"article:published_time\" content=\"2022-05-18T10:00:01+00:00\" \/>\n<meta property=\"og:image\" content=\"https:\/\/www.anovapeneira.gal\/wp-content\/uploads\/2019\/07\/ARTIGO_DE_OPINION_A_NOVA_PENEIRA.jpg\" \/>\n\t<meta property=\"og:image:width\" content=\"720\" \/>\n\t<meta property=\"og:image:height\" content=\"473\" \/>\n\t<meta property=\"og:image:type\" content=\"image\/jpeg\" \/>\n<meta name=\"author\" content=\"Baldomero Iglesias Dobarrio, Mero\" \/>\n<meta name=\"twitter:card\" content=\"summary_large_image\" \/>\n<meta name=\"twitter:image\" content=\"https:\/\/www.anovapeneira.gal\/wp-content\/uploads\/2019\/07\/ARTIGO_DE_OPINION_A_NOVA_PENEIRA.jpg\" \/>\n<meta name=\"twitter:creator\" content=\"@APeneira\" \/>\n<meta name=\"twitter:site\" content=\"@APeneira\" \/>\n<meta name=\"twitter:label1\" content=\"Escrito por\" \/>\n\t<meta name=\"twitter:data1\" content=\"Baldomero Iglesias Dobarrio, Mero\" \/>\n\t<meta name=\"twitter:label2\" content=\"Tempo de lectura\" \/>\n\t<meta name=\"twitter:data2\" content=\"4 minutos\" \/>\n<script type=\"application\/ld+json\" class=\"yoast-schema-graph\">{\"@context\":\"https:\\\/\\\/schema.org\",\"@graph\":[{\"@type\":\"Article\",\"@id\":\"https:\\\/\\\/www.anovapeneira.gal\\\/index.php\\\/2022\\\/05\\\/18\\\/cara-a-outro-modo-de-entender-a-vida\\\/#article\",\"isPartOf\":{\"@id\":\"https:\\\/\\\/www.anovapeneira.gal\\\/index.php\\\/2022\\\/05\\\/18\\\/cara-a-outro-modo-de-entender-a-vida\\\/\"},\"author\":{\"name\":\"Baldomero Iglesias Dobarrio, Mero\",\"@id\":\"https:\\\/\\\/www.anovapeneira.gal\\\/#\\\/schema\\\/person\\\/b051ed40cfc100e281476674783b32fc\"},\"headline\":\"Cara a outro modo de entender a vida\",\"datePublished\":\"2022-05-18T10:00:01+00:00\",\"mainEntityOfPage\":{\"@id\":\"https:\\\/\\\/www.anovapeneira.gal\\\/index.php\\\/2022\\\/05\\\/18\\\/cara-a-outro-modo-de-entender-a-vida\\\/\"},\"wordCount\":792,\"commentCount\":0,\"publisher\":{\"@id\":\"https:\\\/\\\/www.anovapeneira.gal\\\/#organization\"},\"image\":{\"@id\":\"https:\\\/\\\/www.anovapeneira.gal\\\/index.php\\\/2022\\\/05\\\/18\\\/cara-a-outro-modo-de-entender-a-vida\\\/#primaryimage\"},\"thumbnailUrl\":\"https:\\\/\\\/www.anovapeneira.gal\\\/wp-content\\\/uploads\\\/2019\\\/07\\\/ARTIGO_DE_OPINION_A_NOVA_PENEIRA.jpg\",\"articleSection\":[\"Artigos de opini\u00f3n\"],\"inLanguage\":\"gl-ES\",\"potentialAction\":[{\"@type\":\"CommentAction\",\"name\":\"Comment\",\"target\":[\"https:\\\/\\\/www.anovapeneira.gal\\\/index.php\\\/2022\\\/05\\\/18\\\/cara-a-outro-modo-de-entender-a-vida\\\/#respond\"]}]},{\"@type\":\"WebPage\",\"@id\":\"https:\\\/\\\/www.anovapeneira.gal\\\/index.php\\\/2022\\\/05\\\/18\\\/cara-a-outro-modo-de-entender-a-vida\\\/\",\"url\":\"https:\\\/\\\/www.anovapeneira.gal\\\/index.php\\\/2022\\\/05\\\/18\\\/cara-a-outro-modo-de-entender-a-vida\\\/\",\"name\":\"Cara a outro modo de entender a vida -\",\"isPartOf\":{\"@id\":\"https:\\\/\\\/www.anovapeneira.gal\\\/#website\"},\"primaryImageOfPage\":{\"@id\":\"https:\\\/\\\/www.anovapeneira.gal\\\/index.php\\\/2022\\\/05\\\/18\\\/cara-a-outro-modo-de-entender-a-vida\\\/#primaryimage\"},\"image\":{\"@id\":\"https:\\\/\\\/www.anovapeneira.gal\\\/index.php\\\/2022\\\/05\\\/18\\\/cara-a-outro-modo-de-entender-a-vida\\\/#primaryimage\"},\"thumbnailUrl\":\"https:\\\/\\\/www.anovapeneira.gal\\\/wp-content\\\/uploads\\\/2019\\\/07\\\/ARTIGO_DE_OPINION_A_NOVA_PENEIRA.jpg\",\"datePublished\":\"2022-05-18T10:00:01+00:00\",\"description\":\"Fomos vindo a poucos sen nos dar conta a onde chegamos, a onde nos trouxeron os acontecementos.\",\"breadcrumb\":{\"@id\":\"https:\\\/\\\/www.anovapeneira.gal\\\/index.php\\\/2022\\\/05\\\/18\\\/cara-a-outro-modo-de-entender-a-vida\\\/#breadcrumb\"},\"inLanguage\":\"gl-ES\",\"potentialAction\":[{\"@type\":\"ReadAction\",\"target\":[\"https:\\\/\\\/www.anovapeneira.gal\\\/index.php\\\/2022\\\/05\\\/18\\\/cara-a-outro-modo-de-entender-a-vida\\\/\"]}]},{\"@type\":\"ImageObject\",\"inLanguage\":\"gl-ES\",\"@id\":\"https:\\\/\\\/www.anovapeneira.gal\\\/index.php\\\/2022\\\/05\\\/18\\\/cara-a-outro-modo-de-entender-a-vida\\\/#primaryimage\",\"url\":\"https:\\\/\\\/www.anovapeneira.gal\\\/wp-content\\\/uploads\\\/2019\\\/07\\\/ARTIGO_DE_OPINION_A_NOVA_PENEIRA.jpg\",\"contentUrl\":\"https:\\\/\\\/www.anovapeneira.gal\\\/wp-content\\\/uploads\\\/2019\\\/07\\\/ARTIGO_DE_OPINION_A_NOVA_PENEIRA.jpg\",\"width\":720,\"height\":473,\"caption\":\"Artigo de opini\u00f3n A Nova Peneira\"},{\"@type\":\"BreadcrumbList\",\"@id\":\"https:\\\/\\\/www.anovapeneira.gal\\\/index.php\\\/2022\\\/05\\\/18\\\/cara-a-outro-modo-de-entender-a-vida\\\/#breadcrumb\",\"itemListElement\":[{\"@type\":\"ListItem\",\"position\":1,\"name\":\"Portada\",\"item\":\"https:\\\/\\\/www.anovapeneira.gal\\\/\"},{\"@type\":\"ListItem\",\"position\":2,\"name\":\"Cara a outro modo de entender a vida\"}]},{\"@type\":\"WebSite\",\"@id\":\"https:\\\/\\\/www.anovapeneira.gal\\\/#website\",\"url\":\"https:\\\/\\\/www.anovapeneira.gal\\\/\",\"name\":\"\",\"description\":\"Xornal galego de informaci\u00f3n xeral Publicaci\u00f3n mensual de novas de Galicia e en especial dos Concellos da sur da provincia de Pontevedra.\",\"publisher\":{\"@id\":\"https:\\\/\\\/www.anovapeneira.gal\\\/#organization\"},\"potentialAction\":[{\"@type\":\"SearchAction\",\"target\":{\"@type\":\"EntryPoint\",\"urlTemplate\":\"https:\\\/\\\/www.anovapeneira.gal\\\/?s={search_term_string}\"},\"query-input\":{\"@type\":\"PropertyValueSpecification\",\"valueRequired\":true,\"valueName\":\"search_term_string\"}}],\"inLanguage\":\"gl-ES\"},{\"@type\":\"Organization\",\"@id\":\"https:\\\/\\\/www.anovapeneira.gal\\\/#organization\",\"name\":\"A Nova Peneira\",\"url\":\"https:\\\/\\\/www.anovapeneira.gal\\\/\",\"logo\":{\"@type\":\"ImageObject\",\"inLanguage\":\"gl-ES\",\"@id\":\"https:\\\/\\\/www.anovapeneira.gal\\\/#\\\/schema\\\/logo\\\/image\\\/\",\"url\":\"http:\\\/\\\/www.anovapeneira.gal\\\/wp-content\\\/uploads\\\/2019\\\/06\\\/logo_a_nova_peneira_portal_web.png\",\"contentUrl\":\"http:\\\/\\\/www.anovapeneira.gal\\\/wp-content\\\/uploads\\\/2019\\\/06\\\/logo_a_nova_peneira_portal_web.png\",\"width\":300,\"height\":100,\"caption\":\"A Nova Peneira\"},\"image\":{\"@id\":\"https:\\\/\\\/www.anovapeneira.gal\\\/#\\\/schema\\\/logo\\\/image\\\/\"},\"sameAs\":[\"https:\\\/\\\/www.facebook.com\\\/anovapeneira\",\"https:\\\/\\\/x.com\\\/APeneira\"]},{\"@type\":\"Person\",\"@id\":\"https:\\\/\\\/www.anovapeneira.gal\\\/#\\\/schema\\\/person\\\/b051ed40cfc100e281476674783b32fc\",\"name\":\"Baldomero Iglesias Dobarrio, Mero\",\"image\":{\"@type\":\"ImageObject\",\"inLanguage\":\"gl-ES\",\"@id\":\"https:\\\/\\\/secure.gravatar.com\\\/avatar\\\/ca78fc089f8cf28197f88de2c9ac213e2f7d2097d8e359d9359b8778b539c59d?s=96&d=mm&r=g\",\"url\":\"https:\\\/\\\/secure.gravatar.com\\\/avatar\\\/ca78fc089f8cf28197f88de2c9ac213e2f7d2097d8e359d9359b8778b539c59d?s=96&d=mm&r=g\",\"contentUrl\":\"https:\\\/\\\/secure.gravatar.com\\\/avatar\\\/ca78fc089f8cf28197f88de2c9ac213e2f7d2097d8e359d9359b8778b539c59d?s=96&d=mm&r=g\",\"caption\":\"Baldomero Iglesias Dobarrio, Mero\"},\"sameAs\":[\"http:\\\/\\\/anovapeneira.gal\"],\"url\":\"https:\\\/\\\/www.anovapeneira.gal\\\/index.php\\\/author\\\/opinionmero\\\/\"}]}<\/script>\n<!-- \/ Yoast SEO plugin. -->","yoast_head_json":{"title":"Cara a outro modo de entender a vida -","description":"Fomos vindo a poucos sen nos dar conta a onde chegamos, a onde nos trouxeron os acontecementos.","robots":{"index":"index","follow":"follow","max-snippet":"max-snippet:-1","max-image-preview":"max-image-preview:large","max-video-preview":"max-video-preview:-1"},"canonical":"https:\/\/www.anovapeneira.gal\/index.php\/2022\/05\/18\/cara-a-outro-modo-de-entender-a-vida\/","og_locale":"gl_ES","og_type":"article","og_title":"Cara a outro modo de entender a vida -","og_description":"Fomos vindo a poucos sen nos dar conta a onde chegamos, a onde nos trouxeron os acontecementos.","og_url":"https:\/\/www.anovapeneira.gal\/index.php\/2022\/05\/18\/cara-a-outro-modo-de-entender-a-vida\/","article_publisher":"https:\/\/www.facebook.com\/anovapeneira","article_published_time":"2022-05-18T10:00:01+00:00","og_image":[{"width":720,"height":473,"url":"https:\/\/www.anovapeneira.gal\/wp-content\/uploads\/2019\/07\/ARTIGO_DE_OPINION_A_NOVA_PENEIRA.jpg","type":"image\/jpeg"}],"author":"Baldomero Iglesias Dobarrio, Mero","twitter_card":"summary_large_image","twitter_image":"https:\/\/www.anovapeneira.gal\/wp-content\/uploads\/2019\/07\/ARTIGO_DE_OPINION_A_NOVA_PENEIRA.jpg","twitter_creator":"@APeneira","twitter_site":"@APeneira","twitter_misc":{"Escrito por":"Baldomero Iglesias Dobarrio, Mero","Tempo de lectura":"4 minutos"},"schema":{"@context":"https:\/\/schema.org","@graph":[{"@type":"Article","@id":"https:\/\/www.anovapeneira.gal\/index.php\/2022\/05\/18\/cara-a-outro-modo-de-entender-a-vida\/#article","isPartOf":{"@id":"https:\/\/www.anovapeneira.gal\/index.php\/2022\/05\/18\/cara-a-outro-modo-de-entender-a-vida\/"},"author":{"name":"Baldomero Iglesias Dobarrio, Mero","@id":"https:\/\/www.anovapeneira.gal\/#\/schema\/person\/b051ed40cfc100e281476674783b32fc"},"headline":"Cara a outro modo de entender a vida","datePublished":"2022-05-18T10:00:01+00:00","mainEntityOfPage":{"@id":"https:\/\/www.anovapeneira.gal\/index.php\/2022\/05\/18\/cara-a-outro-modo-de-entender-a-vida\/"},"wordCount":792,"commentCount":0,"publisher":{"@id":"https:\/\/www.anovapeneira.gal\/#organization"},"image":{"@id":"https:\/\/www.anovapeneira.gal\/index.php\/2022\/05\/18\/cara-a-outro-modo-de-entender-a-vida\/#primaryimage"},"thumbnailUrl":"https:\/\/www.anovapeneira.gal\/wp-content\/uploads\/2019\/07\/ARTIGO_DE_OPINION_A_NOVA_PENEIRA.jpg","articleSection":["Artigos de opini\u00f3n"],"inLanguage":"gl-ES","potentialAction":[{"@type":"CommentAction","name":"Comment","target":["https:\/\/www.anovapeneira.gal\/index.php\/2022\/05\/18\/cara-a-outro-modo-de-entender-a-vida\/#respond"]}]},{"@type":"WebPage","@id":"https:\/\/www.anovapeneira.gal\/index.php\/2022\/05\/18\/cara-a-outro-modo-de-entender-a-vida\/","url":"https:\/\/www.anovapeneira.gal\/index.php\/2022\/05\/18\/cara-a-outro-modo-de-entender-a-vida\/","name":"Cara a outro modo de entender a vida -","isPartOf":{"@id":"https:\/\/www.anovapeneira.gal\/#website"},"primaryImageOfPage":{"@id":"https:\/\/www.anovapeneira.gal\/index.php\/2022\/05\/18\/cara-a-outro-modo-de-entender-a-vida\/#primaryimage"},"image":{"@id":"https:\/\/www.anovapeneira.gal\/index.php\/2022\/05\/18\/cara-a-outro-modo-de-entender-a-vida\/#primaryimage"},"thumbnailUrl":"https:\/\/www.anovapeneira.gal\/wp-content\/uploads\/2019\/07\/ARTIGO_DE_OPINION_A_NOVA_PENEIRA.jpg","datePublished":"2022-05-18T10:00:01+00:00","description":"Fomos vindo a poucos sen nos dar conta a onde chegamos, a onde nos trouxeron os acontecementos.","breadcrumb":{"@id":"https:\/\/www.anovapeneira.gal\/index.php\/2022\/05\/18\/cara-a-outro-modo-de-entender-a-vida\/#breadcrumb"},"inLanguage":"gl-ES","potentialAction":[{"@type":"ReadAction","target":["https:\/\/www.anovapeneira.gal\/index.php\/2022\/05\/18\/cara-a-outro-modo-de-entender-a-vida\/"]}]},{"@type":"ImageObject","inLanguage":"gl-ES","@id":"https:\/\/www.anovapeneira.gal\/index.php\/2022\/05\/18\/cara-a-outro-modo-de-entender-a-vida\/#primaryimage","url":"https:\/\/www.anovapeneira.gal\/wp-content\/uploads\/2019\/07\/ARTIGO_DE_OPINION_A_NOVA_PENEIRA.jpg","contentUrl":"https:\/\/www.anovapeneira.gal\/wp-content\/uploads\/2019\/07\/ARTIGO_DE_OPINION_A_NOVA_PENEIRA.jpg","width":720,"height":473,"caption":"Artigo de opini\u00f3n A Nova Peneira"},{"@type":"BreadcrumbList","@id":"https:\/\/www.anovapeneira.gal\/index.php\/2022\/05\/18\/cara-a-outro-modo-de-entender-a-vida\/#breadcrumb","itemListElement":[{"@type":"ListItem","position":1,"name":"Portada","item":"https:\/\/www.anovapeneira.gal\/"},{"@type":"ListItem","position":2,"name":"Cara a outro modo de entender a vida"}]},{"@type":"WebSite","@id":"https:\/\/www.anovapeneira.gal\/#website","url":"https:\/\/www.anovapeneira.gal\/","name":"","description":"Xornal galego de informaci\u00f3n xeral Publicaci\u00f3n mensual de novas de Galicia e en especial dos Concellos da sur da provincia de Pontevedra.","publisher":{"@id":"https:\/\/www.anovapeneira.gal\/#organization"},"potentialAction":[{"@type":"SearchAction","target":{"@type":"EntryPoint","urlTemplate":"https:\/\/www.anovapeneira.gal\/?s={search_term_string}"},"query-input":{"@type":"PropertyValueSpecification","valueRequired":true,"valueName":"search_term_string"}}],"inLanguage":"gl-ES"},{"@type":"Organization","@id":"https:\/\/www.anovapeneira.gal\/#organization","name":"A Nova Peneira","url":"https:\/\/www.anovapeneira.gal\/","logo":{"@type":"ImageObject","inLanguage":"gl-ES","@id":"https:\/\/www.anovapeneira.gal\/#\/schema\/logo\/image\/","url":"http:\/\/www.anovapeneira.gal\/wp-content\/uploads\/2019\/06\/logo_a_nova_peneira_portal_web.png","contentUrl":"http:\/\/www.anovapeneira.gal\/wp-content\/uploads\/2019\/06\/logo_a_nova_peneira_portal_web.png","width":300,"height":100,"caption":"A Nova Peneira"},"image":{"@id":"https:\/\/www.anovapeneira.gal\/#\/schema\/logo\/image\/"},"sameAs":["https:\/\/www.facebook.com\/anovapeneira","https:\/\/x.com\/APeneira"]},{"@type":"Person","@id":"https:\/\/www.anovapeneira.gal\/#\/schema\/person\/b051ed40cfc100e281476674783b32fc","name":"Baldomero Iglesias Dobarrio, Mero","image":{"@type":"ImageObject","inLanguage":"gl-ES","@id":"https:\/\/secure.gravatar.com\/avatar\/ca78fc089f8cf28197f88de2c9ac213e2f7d2097d8e359d9359b8778b539c59d?s=96&d=mm&r=g","url":"https:\/\/secure.gravatar.com\/avatar\/ca78fc089f8cf28197f88de2c9ac213e2f7d2097d8e359d9359b8778b539c59d?s=96&d=mm&r=g","contentUrl":"https:\/\/secure.gravatar.com\/avatar\/ca78fc089f8cf28197f88de2c9ac213e2f7d2097d8e359d9359b8778b539c59d?s=96&d=mm&r=g","caption":"Baldomero Iglesias Dobarrio, Mero"},"sameAs":["http:\/\/anovapeneira.gal"],"url":"https:\/\/www.anovapeneira.gal\/index.php\/author\/opinionmero\/"}]}},"jetpack_featured_media_url":"https:\/\/www.anovapeneira.gal\/wp-content\/uploads\/2019\/07\/ARTIGO_DE_OPINION_A_NOVA_PENEIRA.jpg","_links":{"self":[{"href":"https:\/\/www.anovapeneira.gal\/index.php\/wp-json\/wp\/v2\/posts\/7482","targetHints":{"allow":["GET"]}}],"collection":[{"href":"https:\/\/www.anovapeneira.gal\/index.php\/wp-json\/wp\/v2\/posts"}],"about":[{"href":"https:\/\/www.anovapeneira.gal\/index.php\/wp-json\/wp\/v2\/types\/post"}],"author":[{"embeddable":true,"href":"https:\/\/www.anovapeneira.gal\/index.php\/wp-json\/wp\/v2\/users\/5"}],"replies":[{"embeddable":true,"href":"https:\/\/www.anovapeneira.gal\/index.php\/wp-json\/wp\/v2\/comments?post=7482"}],"version-history":[{"count":1,"href":"https:\/\/www.anovapeneira.gal\/index.php\/wp-json\/wp\/v2\/posts\/7482\/revisions"}],"predecessor-version":[{"id":7483,"href":"https:\/\/www.anovapeneira.gal\/index.php\/wp-json\/wp\/v2\/posts\/7482\/revisions\/7483"}],"wp:featuredmedia":[{"embeddable":true,"href":"https:\/\/www.anovapeneira.gal\/index.php\/wp-json\/wp\/v2\/media\/584"}],"wp:attachment":[{"href":"https:\/\/www.anovapeneira.gal\/index.php\/wp-json\/wp\/v2\/media?parent=7482"}],"wp:term":[{"taxonomy":"category","embeddable":true,"href":"https:\/\/www.anovapeneira.gal\/index.php\/wp-json\/wp\/v2\/categories?post=7482"},{"taxonomy":"post_tag","embeddable":true,"href":"https:\/\/www.anovapeneira.gal\/index.php\/wp-json\/wp\/v2\/tags?post=7482"}],"curies":[{"name":"wp","href":"https:\/\/api.w.org\/{rel}","templated":true}]}}