{"id":7484,"date":"2022-05-19T10:00:18","date_gmt":"2022-05-19T08:00:18","guid":{"rendered":"https:\/\/www.anovapeneira.gal\/?p=7484"},"modified":"2022-05-13T13:54:26","modified_gmt":"2022-05-13T11:54:26","slug":"ruby-almacen-todo-o-universo-da-roupa-en-pleno-corazon-de-petelos","status":"publish","type":"post","link":"https:\/\/www.anovapeneira.gal\/index.php\/2022\/05\/19\/ruby-almacen-todo-o-universo-da-roupa-en-pleno-corazon-de-petelos\/","title":{"rendered":"Ruby almac\u00e9n, todo o universo da roupa en pleno coraz\u00f3n de Petelos"},"content":{"rendered":"\n<p><strong>Na parroquia de Petelos, moi preto do edificio do noso concello est\u00e1 Ruby Almac\u00e9n o negocio da nosa amiga Val de Irene. Ela \u00e9 unha muller valente e moi traballadora que con moito esforzo e ilusi\u00f3n xestiona un punto de venda de roupa moi variada , moi econ\u00f3mica e de grande calidade. N\u00f3s co\u00f1ec\u00e9mola un pouco mellor. Vela\u00ed vai o que deu de si a conversa<\/strong><\/p>\n\n\n\n<p><strong>Val de Irene Silva<\/strong><\/p>\n\n\n\n<p><strong>Como chega unha muller do Brasil \u00e1s terras da Louri\u00f1a, Val?<\/strong><\/p>\n\n\n\n<blockquote class=\"wp-block-quote is-layout-flow wp-block-quote-is-layout-flow\"><p>\u00c9 unha longa historia. A mi\u00f1a familia \u00e9 de procedencia italiana. O meu av\u00f3 chegou ao Brasil fuxindo da guerra mundial. E eu acabei volvendo a Italia co meu pai. Estiven uns anos e volv\u00edn para Brasil. Al\u00ed comecei a traballar cunha se\u00f1ora que \u00e9 t\u00eda do meu home que \u00e9 portugu\u00e9s. E eu vin a Portugal con ela e al\u00ed co\u00f1ec\u00edn a quen logo ser\u00eda o meu marido.<\/p><\/blockquote>\n\n\n\n<p><strong>E comezou a t\u00faa vida profesional en Portugal?.<\/strong><\/p>\n\n\n\n<blockquote class=\"wp-block-quote is-layout-flow wp-block-quote-is-layout-flow\"><p>Si estabamos nun pobo moi bonito cerca de Braga. Al\u00ed estivemos 4 anos dedicados ao sector do t\u00e9xtil e \u00e1 hostalar\u00eda. Pero os negocios non \u00edan moi ben, pois \u00e9 unha zona un tanto deprimida economicamente \u00e1 que lle afectou moit\u00edsimo a chegada do \u20ac. Ent\u00f3n o meu home veu traballar aqu\u00ed. Encantounos Galicia e aqu\u00ed estamos<\/p><\/blockquote>\n\n\n\n<p><strong>Ademais creo que polo teu traballo co\u00f1eces ben o pa\u00eds?<\/strong><\/p>\n\n\n\n<blockquote class=\"wp-block-quote is-layout-flow wp-block-quote-is-layout-flow\"><p>Pois si, porque n\u00f3s imos vender \u00e1s feiras e estamos a viaxar constantemente por Galicia adiante. Estivemos 8 anos vivindo en Peinador ata que n\u00f3s decidimos a abrir o noso en negocio en Petelos. Sempre estivemos no sector do t\u00e9xtil. Inicialmente s\u00f3 vendiamos en feiras e agora seguimos fac\u00e9ndoo pero sumamos a venda no noso local de Petelos.<\/p><\/blockquote>\n\n\n\n<p><strong>Cando abristes almacenes Rub\u00ed?<\/strong><\/p>\n\n\n\n<blockquote class=\"wp-block-quote is-layout-flow wp-block-quote-is-layout-flow\"><p>No ano 2014<\/p><\/blockquote>\n\n\n\n<p><strong>Como valoras os seus primeiros 8 anos de vida?<\/strong><\/p>\n\n\n\n<blockquote class=\"wp-block-quote is-layout-flow wp-block-quote-is-layout-flow\"><p>Val\u00f3roos moi ben. A mi\u00f1a veci\u00f1anza e a mi\u00f1a clientela son moi boa xente. Eu estoulles moi agradecida pola s\u00faa acollida e pola s\u00faa confianza. A verdade d\u00e1me m\u00e1goa non poderlle dedicar m\u00e1is tempo ao negocio pero coas feiras \u00e1s que vou resulta moi complicado<\/p><\/blockquote>\n\n\n\n<p><strong>Que tipo de roupa vendedes?<\/strong><\/p>\n\n\n\n<blockquote class=\"wp-block-quote is-layout-flow wp-block-quote-is-layout-flow\"><p>Vendemos fundamentalmente mercador\u00eda para o fogar: sabas,manteis,edred\u00f3ns, cortinas, alfombras, almofadas&#8230;todo o referente ao fogar<\/p><\/blockquote>\n\n\n\n<p><strong>Tam\u00e9n roupa para vestir verdade?<\/strong><\/p>\n\n\n\n<blockquote class=\"wp-block-quote is-layout-flow wp-block-quote-is-layout-flow\"><p>Si, para se\u00f1ora, cabaleiro e para nenos e nenas<\/p><\/blockquote>\n\n\n\n<p><strong>Para todas as idades?<\/strong><\/p>\n\n\n\n<blockquote class=\"wp-block-quote is-layout-flow wp-block-quote-is-layout-flow\"><p>Si desde os dous anos ata as persoas adultas temos material de moi boa calidade.<\/p><\/blockquote>\n\n\n\n<p><strong>Quen son os vosos provedores?<\/strong><\/p>\n\n\n\n<blockquote class=\"wp-block-quote is-layout-flow wp-block-quote-is-layout-flow\"><p>Son todos portugueses, os mellores fabricantes do pa\u00eds irm\u00e1n, de feito como che dixen a nosa roupa \u00e9 de moi boa calidade. E o prezo \u00e9 moi econ\u00f3mico en relaci\u00f3n coa boa calidade da roupa. Agora mesmo por exemplo temos unha promoci\u00f3n excelente; sabas de microfibra de calquera medida , primavera ver\u00e1n, a 10\u20ac<\/p><\/blockquote>\n\n\n\n<p><strong>En li\u00f1as xerais ao cliente inter\u00e9salle m\u00e1is o prezo ou a calidade?<\/strong><\/p>\n\n\n\n<blockquote class=\"wp-block-quote is-layout-flow wp-block-quote-is-layout-flow\"><p>Neste momento o prezo. Un sinal evidente de que a situaci\u00f3n econ\u00f3mica non \u00e9 boa<\/p><\/blockquote>\n\n\n\n<p><strong>Cal \u00e9 o perfil de cliente m\u00e1is abundante que tes?<\/strong><\/p>\n\n\n\n<blockquote class=\"wp-block-quote is-layout-flow wp-block-quote-is-layout-flow\"><p>Te\u00f1o clientes de todo tipo , desde persoas moi humildes ata quen ten unha posici\u00f3n econ\u00f3mica moi elevada. E en canto \u00e1s idades igual , ve\u00f1en xente de todas as idades.<\/p><\/blockquote>\n\n\n\n<p><strong>Tes alg\u00fan cliente ou s\u00f3 clientas?, quero dicir se os homes xa vemos como normal ir mercar roupa n\u00f3s s\u00f3s de maneira natural?<\/strong><\/p>\n\n\n\n<blockquote class=\"wp-block-quote is-layout-flow wp-block-quote-is-layout-flow\"><p>Te\u00f1o alg\u00fan cliente home, si. Pero a maior\u00eda seguen sendo mulleres<\/p><\/blockquote>\n\n\n\n<p><strong>Preguntarche polo horario \u00e9 complicado verdade?<\/strong><\/p>\n\n\n\n<blockquote class=\"wp-block-quote is-layout-flow wp-block-quote-is-layout-flow\"><p>Si, \u00e9 complicado dicir un horario fixo porque eu m\u00f3vome moito en funci\u00f3n das feiras que vaia habendo. O mellor \u00e9 que as persoas interesadas contacten comigo e concertemos unha cita previa. Poden facelo:<\/p><\/blockquote>\n\n\n\n<p>-Cham\u00e1ndome ou envi\u00e1ndome un whats app ao <strong>655664528<\/strong><\/p>\n\n\n\n<p><strong>&#8211;<\/strong> Na nosa web: <strong>ruby tienda.com<\/strong>( se non \u00e9 moi lonxe levamos o pedido ao enderezo do cliente sen cobrarlles nada)<\/p>\n\n\n\n<p>-A trav\u00e9s do noso facebook: <strong>Ruby Almac\u00e9n<\/strong><\/p>\n\n\n\n<blockquote class=\"wp-block-quote is-layout-flow wp-block-quote-is-layout-flow\"><p>Por \u00faltimo convido aos lectores e lectoras a que a demais de co\u00f1ecer a nosa roupa ve\u00f1an a degustar as mellores cereixas do mundo, pois agora que comeza a temporada desa froita poremos un posto diante do noso local<\/p><\/blockquote>\n\n\n\n<p><strong>Que ricas\u00a1\u00a1.Conta comigo seguro.<\/strong><\/p>\n","protected":false},"excerpt":{"rendered":"<div class=\"mh-excerpt\"><p>Na parroquia de Petelos, moi preto do edificio do noso concello est\u00e1 Ruby Almac\u00e9n o negocio da nosa amiga Val de Irene. Ela \u00e9 unha muller valente e moi traballadora que con moito esforzo e ilusi\u00f3n xestiona un punto de venda de roupa moi variada , moi econ\u00f3mica e de grande calidade <a class=\"mh-excerpt-more\" href=\"https:\/\/www.anovapeneira.gal\/index.php\/2022\/05\/19\/ruby-almacen-todo-o-universo-da-roupa-en-pleno-corazon-de-petelos\/\" title=\"Ruby almac\u00e9n, todo o universo da roupa en pleno coraz\u00f3n de Petelos\">[&#8230;]<\/a><\/p>\n<\/div>","protected":false},"author":1,"featured_media":7486,"comment_status":"open","ping_status":"open","sticky":false,"template":"","format":"standard","meta":{"_exactmetrics_skip_tracking":false,"_exactmetrics_sitenote_active":false,"_exactmetrics_sitenote_note":"","_exactmetrics_sitenote_category":0,"footnotes":""},"categories":[490,1],"tags":[218],"class_list":{"0":"post-7484","1":"post","2":"type-post","3":"status-publish","4":"format-standard","5":"has-post-thumbnail","7":"category-a-lourina-reportaxes","8":"category-sin-categoria","9":"tag-concello-de-mos"},"yoast_head":"<!-- This site is optimized with the Yoast SEO plugin v27.4 - https:\/\/yoast.com\/product\/yoast-seo-wordpress\/ -->\n<title>Ruby almac\u00e9n, todo o universo da roupa en pleno coraz\u00f3n de Petelos -<\/title>\n<meta name=\"description\" content=\"Na parroquia de Petelos, moi preto do edificio do noso concello est\u00e1 Ruby Almac\u00e9n o negocio da nosa amiga Val de Irene.\" \/>\n<meta name=\"robots\" content=\"index, follow, max-snippet:-1, max-image-preview:large, max-video-preview:-1\" \/>\n<link rel=\"canonical\" href=\"https:\/\/www.anovapeneira.gal\/index.php\/2022\/05\/19\/ruby-almacen-todo-o-universo-da-roupa-en-pleno-corazon-de-petelos\/\" \/>\n<meta property=\"og:locale\" content=\"gl_ES\" \/>\n<meta property=\"og:type\" content=\"article\" \/>\n<meta property=\"og:title\" content=\"Ruby almac\u00e9n, todo o universo da roupa en pleno coraz\u00f3n de Petelos -\" \/>\n<meta property=\"og:description\" content=\"Na parroquia de Petelos, moi preto do edificio do noso concello est\u00e1 Ruby Almac\u00e9n o negocio da nosa amiga Val de Irene.\" \/>\n<meta property=\"og:url\" content=\"https:\/\/www.anovapeneira.gal\/index.php\/2022\/05\/19\/ruby-almacen-todo-o-universo-da-roupa-en-pleno-corazon-de-petelos\/\" \/>\n<meta property=\"article:publisher\" content=\"https:\/\/www.facebook.com\/anovapeneira\" \/>\n<meta property=\"article:author\" content=\"https:\/\/www.facebook.com\/anovapeneira\/\" \/>\n<meta property=\"article:published_time\" content=\"2022-05-19T08:00:18+00:00\" \/>\n<meta property=\"og:image\" content=\"https:\/\/www.anovapeneira.gal\/wp-content\/uploads\/2022\/05\/ruby.jpg\" \/>\n\t<meta property=\"og:image:width\" content=\"720\" \/>\n\t<meta property=\"og:image:height\" content=\"432\" \/>\n\t<meta property=\"og:image:type\" content=\"image\/jpeg\" \/>\n<meta name=\"author\" content=\"admin\" \/>\n<meta name=\"twitter:card\" content=\"summary_large_image\" \/>\n<meta name=\"twitter:creator\" content=\"@APeneira\" \/>\n<meta name=\"twitter:site\" content=\"@APeneira\" \/>\n<meta name=\"twitter:label1\" content=\"Escrito por\" \/>\n\t<meta name=\"twitter:data1\" content=\"admin\" \/>\n\t<meta name=\"twitter:label2\" content=\"Tempo de lectura\" \/>\n\t<meta name=\"twitter:data2\" content=\"4 minutos\" \/>\n<script type=\"application\/ld+json\" class=\"yoast-schema-graph\">{\"@context\":\"https:\\\/\\\/schema.org\",\"@graph\":[{\"@type\":\"Article\",\"@id\":\"https:\\\/\\\/www.anovapeneira.gal\\\/index.php\\\/2022\\\/05\\\/19\\\/ruby-almacen-todo-o-universo-da-roupa-en-pleno-corazon-de-petelos\\\/#article\",\"isPartOf\":{\"@id\":\"https:\\\/\\\/www.anovapeneira.gal\\\/index.php\\\/2022\\\/05\\\/19\\\/ruby-almacen-todo-o-universo-da-roupa-en-pleno-corazon-de-petelos\\\/\"},\"author\":{\"name\":\"admin\",\"@id\":\"https:\\\/\\\/www.anovapeneira.gal\\\/#\\\/schema\\\/person\\\/fb77575328c93684dae4b0075f90c2cb\"},\"headline\":\"Ruby almac\u00e9n, todo o universo da roupa en pleno coraz\u00f3n de Petelos\",\"datePublished\":\"2022-05-19T08:00:18+00:00\",\"mainEntityOfPage\":{\"@id\":\"https:\\\/\\\/www.anovapeneira.gal\\\/index.php\\\/2022\\\/05\\\/19\\\/ruby-almacen-todo-o-universo-da-roupa-en-pleno-corazon-de-petelos\\\/\"},\"wordCount\":737,\"commentCount\":0,\"publisher\":{\"@id\":\"https:\\\/\\\/www.anovapeneira.gal\\\/#organization\"},\"image\":{\"@id\":\"https:\\\/\\\/www.anovapeneira.gal\\\/index.php\\\/2022\\\/05\\\/19\\\/ruby-almacen-todo-o-universo-da-roupa-en-pleno-corazon-de-petelos\\\/#primaryimage\"},\"thumbnailUrl\":\"https:\\\/\\\/www.anovapeneira.gal\\\/wp-content\\\/uploads\\\/2022\\\/05\\\/ruby.jpg\",\"keywords\":[\"Concello de Mos\"],\"articleSection\":[\"A Louri\u00f1a\",\"Sin categor\u00eda\"],\"inLanguage\":\"gl-ES\",\"potentialAction\":[{\"@type\":\"CommentAction\",\"name\":\"Comment\",\"target\":[\"https:\\\/\\\/www.anovapeneira.gal\\\/index.php\\\/2022\\\/05\\\/19\\\/ruby-almacen-todo-o-universo-da-roupa-en-pleno-corazon-de-petelos\\\/#respond\"]}]},{\"@type\":\"WebPage\",\"@id\":\"https:\\\/\\\/www.anovapeneira.gal\\\/index.php\\\/2022\\\/05\\\/19\\\/ruby-almacen-todo-o-universo-da-roupa-en-pleno-corazon-de-petelos\\\/\",\"url\":\"https:\\\/\\\/www.anovapeneira.gal\\\/index.php\\\/2022\\\/05\\\/19\\\/ruby-almacen-todo-o-universo-da-roupa-en-pleno-corazon-de-petelos\\\/\",\"name\":\"Ruby almac\u00e9n, todo o universo da roupa en pleno coraz\u00f3n de Petelos -\",\"isPartOf\":{\"@id\":\"https:\\\/\\\/www.anovapeneira.gal\\\/#website\"},\"primaryImageOfPage\":{\"@id\":\"https:\\\/\\\/www.anovapeneira.gal\\\/index.php\\\/2022\\\/05\\\/19\\\/ruby-almacen-todo-o-universo-da-roupa-en-pleno-corazon-de-petelos\\\/#primaryimage\"},\"image\":{\"@id\":\"https:\\\/\\\/www.anovapeneira.gal\\\/index.php\\\/2022\\\/05\\\/19\\\/ruby-almacen-todo-o-universo-da-roupa-en-pleno-corazon-de-petelos\\\/#primaryimage\"},\"thumbnailUrl\":\"https:\\\/\\\/www.anovapeneira.gal\\\/wp-content\\\/uploads\\\/2022\\\/05\\\/ruby.jpg\",\"datePublished\":\"2022-05-19T08:00:18+00:00\",\"description\":\"Na parroquia de Petelos, moi preto do edificio do noso concello est\u00e1 Ruby Almac\u00e9n o negocio da nosa amiga Val de Irene.\",\"breadcrumb\":{\"@id\":\"https:\\\/\\\/www.anovapeneira.gal\\\/index.php\\\/2022\\\/05\\\/19\\\/ruby-almacen-todo-o-universo-da-roupa-en-pleno-corazon-de-petelos\\\/#breadcrumb\"},\"inLanguage\":\"gl-ES\",\"potentialAction\":[{\"@type\":\"ReadAction\",\"target\":[\"https:\\\/\\\/www.anovapeneira.gal\\\/index.php\\\/2022\\\/05\\\/19\\\/ruby-almacen-todo-o-universo-da-roupa-en-pleno-corazon-de-petelos\\\/\"]}]},{\"@type\":\"ImageObject\",\"inLanguage\":\"gl-ES\",\"@id\":\"https:\\\/\\\/www.anovapeneira.gal\\\/index.php\\\/2022\\\/05\\\/19\\\/ruby-almacen-todo-o-universo-da-roupa-en-pleno-corazon-de-petelos\\\/#primaryimage\",\"url\":\"https:\\\/\\\/www.anovapeneira.gal\\\/wp-content\\\/uploads\\\/2022\\\/05\\\/ruby.jpg\",\"contentUrl\":\"https:\\\/\\\/www.anovapeneira.gal\\\/wp-content\\\/uploads\\\/2022\\\/05\\\/ruby.jpg\",\"width\":720,\"height\":432,\"caption\":\"Ruby\"},{\"@type\":\"BreadcrumbList\",\"@id\":\"https:\\\/\\\/www.anovapeneira.gal\\\/index.php\\\/2022\\\/05\\\/19\\\/ruby-almacen-todo-o-universo-da-roupa-en-pleno-corazon-de-petelos\\\/#breadcrumb\",\"itemListElement\":[{\"@type\":\"ListItem\",\"position\":1,\"name\":\"Portada\",\"item\":\"https:\\\/\\\/www.anovapeneira.gal\\\/\"},{\"@type\":\"ListItem\",\"position\":2,\"name\":\"Ruby almac\u00e9n, todo o universo da roupa en pleno coraz\u00f3n de Petelos\"}]},{\"@type\":\"WebSite\",\"@id\":\"https:\\\/\\\/www.anovapeneira.gal\\\/#website\",\"url\":\"https:\\\/\\\/www.anovapeneira.gal\\\/\",\"name\":\"\",\"description\":\"Xornal galego de informaci\u00f3n xeral Publicaci\u00f3n mensual de novas de Galicia e en especial dos Concellos da sur da provincia de Pontevedra.\",\"publisher\":{\"@id\":\"https:\\\/\\\/www.anovapeneira.gal\\\/#organization\"},\"potentialAction\":[{\"@type\":\"SearchAction\",\"target\":{\"@type\":\"EntryPoint\",\"urlTemplate\":\"https:\\\/\\\/www.anovapeneira.gal\\\/?s={search_term_string}\"},\"query-input\":{\"@type\":\"PropertyValueSpecification\",\"valueRequired\":true,\"valueName\":\"search_term_string\"}}],\"inLanguage\":\"gl-ES\"},{\"@type\":\"Organization\",\"@id\":\"https:\\\/\\\/www.anovapeneira.gal\\\/#organization\",\"name\":\"A Nova Peneira\",\"url\":\"https:\\\/\\\/www.anovapeneira.gal\\\/\",\"logo\":{\"@type\":\"ImageObject\",\"inLanguage\":\"gl-ES\",\"@id\":\"https:\\\/\\\/www.anovapeneira.gal\\\/#\\\/schema\\\/logo\\\/image\\\/\",\"url\":\"http:\\\/\\\/www.anovapeneira.gal\\\/wp-content\\\/uploads\\\/2019\\\/06\\\/logo_a_nova_peneira_portal_web.png\",\"contentUrl\":\"http:\\\/\\\/www.anovapeneira.gal\\\/wp-content\\\/uploads\\\/2019\\\/06\\\/logo_a_nova_peneira_portal_web.png\",\"width\":300,\"height\":100,\"caption\":\"A Nova Peneira\"},\"image\":{\"@id\":\"https:\\\/\\\/www.anovapeneira.gal\\\/#\\\/schema\\\/logo\\\/image\\\/\"},\"sameAs\":[\"https:\\\/\\\/www.facebook.com\\\/anovapeneira\",\"https:\\\/\\\/x.com\\\/APeneira\"]},{\"@type\":\"Person\",\"@id\":\"https:\\\/\\\/www.anovapeneira.gal\\\/#\\\/schema\\\/person\\\/fb77575328c93684dae4b0075f90c2cb\",\"name\":\"admin\",\"image\":{\"@type\":\"ImageObject\",\"inLanguage\":\"gl-ES\",\"@id\":\"https:\\\/\\\/secure.gravatar.com\\\/avatar\\\/df15c36ce375448325e0bc870e91bbee95947a002eb98dcfd6c2b053e18843e9?s=96&d=mm&r=g\",\"url\":\"https:\\\/\\\/secure.gravatar.com\\\/avatar\\\/df15c36ce375448325e0bc870e91bbee95947a002eb98dcfd6c2b053e18843e9?s=96&d=mm&r=g\",\"contentUrl\":\"https:\\\/\\\/secure.gravatar.com\\\/avatar\\\/df15c36ce375448325e0bc870e91bbee95947a002eb98dcfd6c2b053e18843e9?s=96&d=mm&r=g\",\"caption\":\"admin\"},\"description\":\"Xornal galego de informaci\u00f3n xeral Publicaci\u00f3n mensual de novas de Galicia e en especial dos Concellos da sur da provincia de Pontevedra.\",\"sameAs\":[\"http:\\\/\\\/www.anovapeneira.gal\\\/\",\"https:\\\/\\\/www.facebook.com\\\/anovapeneira\\\/\"],\"url\":\"https:\\\/\\\/www.anovapeneira.gal\\\/index.php\\\/author\\\/admin\\\/\"}]}<\/script>\n<!-- \/ Yoast SEO plugin. -->","yoast_head_json":{"title":"Ruby almac\u00e9n, todo o universo da roupa en pleno coraz\u00f3n de Petelos -","description":"Na parroquia de Petelos, moi preto do edificio do noso concello est\u00e1 Ruby Almac\u00e9n o negocio da nosa amiga Val de Irene.","robots":{"index":"index","follow":"follow","max-snippet":"max-snippet:-1","max-image-preview":"max-image-preview:large","max-video-preview":"max-video-preview:-1"},"canonical":"https:\/\/www.anovapeneira.gal\/index.php\/2022\/05\/19\/ruby-almacen-todo-o-universo-da-roupa-en-pleno-corazon-de-petelos\/","og_locale":"gl_ES","og_type":"article","og_title":"Ruby almac\u00e9n, todo o universo da roupa en pleno coraz\u00f3n de Petelos -","og_description":"Na parroquia de Petelos, moi preto do edificio do noso concello est\u00e1 Ruby Almac\u00e9n o negocio da nosa amiga Val de Irene.","og_url":"https:\/\/www.anovapeneira.gal\/index.php\/2022\/05\/19\/ruby-almacen-todo-o-universo-da-roupa-en-pleno-corazon-de-petelos\/","article_publisher":"https:\/\/www.facebook.com\/anovapeneira","article_author":"https:\/\/www.facebook.com\/anovapeneira\/","article_published_time":"2022-05-19T08:00:18+00:00","og_image":[{"width":720,"height":432,"url":"https:\/\/www.anovapeneira.gal\/wp-content\/uploads\/2022\/05\/ruby.jpg","type":"image\/jpeg"}],"author":"admin","twitter_card":"summary_large_image","twitter_creator":"@APeneira","twitter_site":"@APeneira","twitter_misc":{"Escrito por":"admin","Tempo de lectura":"4 minutos"},"schema":{"@context":"https:\/\/schema.org","@graph":[{"@type":"Article","@id":"https:\/\/www.anovapeneira.gal\/index.php\/2022\/05\/19\/ruby-almacen-todo-o-universo-da-roupa-en-pleno-corazon-de-petelos\/#article","isPartOf":{"@id":"https:\/\/www.anovapeneira.gal\/index.php\/2022\/05\/19\/ruby-almacen-todo-o-universo-da-roupa-en-pleno-corazon-de-petelos\/"},"author":{"name":"admin","@id":"https:\/\/www.anovapeneira.gal\/#\/schema\/person\/fb77575328c93684dae4b0075f90c2cb"},"headline":"Ruby almac\u00e9n, todo o universo da roupa en pleno coraz\u00f3n de Petelos","datePublished":"2022-05-19T08:00:18+00:00","mainEntityOfPage":{"@id":"https:\/\/www.anovapeneira.gal\/index.php\/2022\/05\/19\/ruby-almacen-todo-o-universo-da-roupa-en-pleno-corazon-de-petelos\/"},"wordCount":737,"commentCount":0,"publisher":{"@id":"https:\/\/www.anovapeneira.gal\/#organization"},"image":{"@id":"https:\/\/www.anovapeneira.gal\/index.php\/2022\/05\/19\/ruby-almacen-todo-o-universo-da-roupa-en-pleno-corazon-de-petelos\/#primaryimage"},"thumbnailUrl":"https:\/\/www.anovapeneira.gal\/wp-content\/uploads\/2022\/05\/ruby.jpg","keywords":["Concello de Mos"],"articleSection":["A Louri\u00f1a","Sin categor\u00eda"],"inLanguage":"gl-ES","potentialAction":[{"@type":"CommentAction","name":"Comment","target":["https:\/\/www.anovapeneira.gal\/index.php\/2022\/05\/19\/ruby-almacen-todo-o-universo-da-roupa-en-pleno-corazon-de-petelos\/#respond"]}]},{"@type":"WebPage","@id":"https:\/\/www.anovapeneira.gal\/index.php\/2022\/05\/19\/ruby-almacen-todo-o-universo-da-roupa-en-pleno-corazon-de-petelos\/","url":"https:\/\/www.anovapeneira.gal\/index.php\/2022\/05\/19\/ruby-almacen-todo-o-universo-da-roupa-en-pleno-corazon-de-petelos\/","name":"Ruby almac\u00e9n, todo o universo da roupa en pleno coraz\u00f3n de Petelos -","isPartOf":{"@id":"https:\/\/www.anovapeneira.gal\/#website"},"primaryImageOfPage":{"@id":"https:\/\/www.anovapeneira.gal\/index.php\/2022\/05\/19\/ruby-almacen-todo-o-universo-da-roupa-en-pleno-corazon-de-petelos\/#primaryimage"},"image":{"@id":"https:\/\/www.anovapeneira.gal\/index.php\/2022\/05\/19\/ruby-almacen-todo-o-universo-da-roupa-en-pleno-corazon-de-petelos\/#primaryimage"},"thumbnailUrl":"https:\/\/www.anovapeneira.gal\/wp-content\/uploads\/2022\/05\/ruby.jpg","datePublished":"2022-05-19T08:00:18+00:00","description":"Na parroquia de Petelos, moi preto do edificio do noso concello est\u00e1 Ruby Almac\u00e9n o negocio da nosa amiga Val de Irene.","breadcrumb":{"@id":"https:\/\/www.anovapeneira.gal\/index.php\/2022\/05\/19\/ruby-almacen-todo-o-universo-da-roupa-en-pleno-corazon-de-petelos\/#breadcrumb"},"inLanguage":"gl-ES","potentialAction":[{"@type":"ReadAction","target":["https:\/\/www.anovapeneira.gal\/index.php\/2022\/05\/19\/ruby-almacen-todo-o-universo-da-roupa-en-pleno-corazon-de-petelos\/"]}]},{"@type":"ImageObject","inLanguage":"gl-ES","@id":"https:\/\/www.anovapeneira.gal\/index.php\/2022\/05\/19\/ruby-almacen-todo-o-universo-da-roupa-en-pleno-corazon-de-petelos\/#primaryimage","url":"https:\/\/www.anovapeneira.gal\/wp-content\/uploads\/2022\/05\/ruby.jpg","contentUrl":"https:\/\/www.anovapeneira.gal\/wp-content\/uploads\/2022\/05\/ruby.jpg","width":720,"height":432,"caption":"Ruby"},{"@type":"BreadcrumbList","@id":"https:\/\/www.anovapeneira.gal\/index.php\/2022\/05\/19\/ruby-almacen-todo-o-universo-da-roupa-en-pleno-corazon-de-petelos\/#breadcrumb","itemListElement":[{"@type":"ListItem","position":1,"name":"Portada","item":"https:\/\/www.anovapeneira.gal\/"},{"@type":"ListItem","position":2,"name":"Ruby almac\u00e9n, todo o universo da roupa en pleno coraz\u00f3n de Petelos"}]},{"@type":"WebSite","@id":"https:\/\/www.anovapeneira.gal\/#website","url":"https:\/\/www.anovapeneira.gal\/","name":"","description":"Xornal galego de informaci\u00f3n xeral Publicaci\u00f3n mensual de novas de Galicia e en especial dos Concellos da sur da provincia de Pontevedra.","publisher":{"@id":"https:\/\/www.anovapeneira.gal\/#organization"},"potentialAction":[{"@type":"SearchAction","target":{"@type":"EntryPoint","urlTemplate":"https:\/\/www.anovapeneira.gal\/?s={search_term_string}"},"query-input":{"@type":"PropertyValueSpecification","valueRequired":true,"valueName":"search_term_string"}}],"inLanguage":"gl-ES"},{"@type":"Organization","@id":"https:\/\/www.anovapeneira.gal\/#organization","name":"A Nova Peneira","url":"https:\/\/www.anovapeneira.gal\/","logo":{"@type":"ImageObject","inLanguage":"gl-ES","@id":"https:\/\/www.anovapeneira.gal\/#\/schema\/logo\/image\/","url":"http:\/\/www.anovapeneira.gal\/wp-content\/uploads\/2019\/06\/logo_a_nova_peneira_portal_web.png","contentUrl":"http:\/\/www.anovapeneira.gal\/wp-content\/uploads\/2019\/06\/logo_a_nova_peneira_portal_web.png","width":300,"height":100,"caption":"A Nova Peneira"},"image":{"@id":"https:\/\/www.anovapeneira.gal\/#\/schema\/logo\/image\/"},"sameAs":["https:\/\/www.facebook.com\/anovapeneira","https:\/\/x.com\/APeneira"]},{"@type":"Person","@id":"https:\/\/www.anovapeneira.gal\/#\/schema\/person\/fb77575328c93684dae4b0075f90c2cb","name":"admin","image":{"@type":"ImageObject","inLanguage":"gl-ES","@id":"https:\/\/secure.gravatar.com\/avatar\/df15c36ce375448325e0bc870e91bbee95947a002eb98dcfd6c2b053e18843e9?s=96&d=mm&r=g","url":"https:\/\/secure.gravatar.com\/avatar\/df15c36ce375448325e0bc870e91bbee95947a002eb98dcfd6c2b053e18843e9?s=96&d=mm&r=g","contentUrl":"https:\/\/secure.gravatar.com\/avatar\/df15c36ce375448325e0bc870e91bbee95947a002eb98dcfd6c2b053e18843e9?s=96&d=mm&r=g","caption":"admin"},"description":"Xornal galego de informaci\u00f3n xeral Publicaci\u00f3n mensual de novas de Galicia e en especial dos Concellos da sur da provincia de Pontevedra.","sameAs":["http:\/\/www.anovapeneira.gal\/","https:\/\/www.facebook.com\/anovapeneira\/"],"url":"https:\/\/www.anovapeneira.gal\/index.php\/author\/admin\/"}]}},"jetpack_featured_media_url":"https:\/\/www.anovapeneira.gal\/wp-content\/uploads\/2022\/05\/ruby.jpg","_links":{"self":[{"href":"https:\/\/www.anovapeneira.gal\/index.php\/wp-json\/wp\/v2\/posts\/7484","targetHints":{"allow":["GET"]}}],"collection":[{"href":"https:\/\/www.anovapeneira.gal\/index.php\/wp-json\/wp\/v2\/posts"}],"about":[{"href":"https:\/\/www.anovapeneira.gal\/index.php\/wp-json\/wp\/v2\/types\/post"}],"author":[{"embeddable":true,"href":"https:\/\/www.anovapeneira.gal\/index.php\/wp-json\/wp\/v2\/users\/1"}],"replies":[{"embeddable":true,"href":"https:\/\/www.anovapeneira.gal\/index.php\/wp-json\/wp\/v2\/comments?post=7484"}],"version-history":[{"count":2,"href":"https:\/\/www.anovapeneira.gal\/index.php\/wp-json\/wp\/v2\/posts\/7484\/revisions"}],"predecessor-version":[{"id":7487,"href":"https:\/\/www.anovapeneira.gal\/index.php\/wp-json\/wp\/v2\/posts\/7484\/revisions\/7487"}],"wp:featuredmedia":[{"embeddable":true,"href":"https:\/\/www.anovapeneira.gal\/index.php\/wp-json\/wp\/v2\/media\/7486"}],"wp:attachment":[{"href":"https:\/\/www.anovapeneira.gal\/index.php\/wp-json\/wp\/v2\/media?parent=7484"}],"wp:term":[{"taxonomy":"category","embeddable":true,"href":"https:\/\/www.anovapeneira.gal\/index.php\/wp-json\/wp\/v2\/categories?post=7484"},{"taxonomy":"post_tag","embeddable":true,"href":"https:\/\/www.anovapeneira.gal\/index.php\/wp-json\/wp\/v2\/tags?post=7484"}],"curies":[{"name":"wp","href":"https:\/\/api.w.org\/{rel}","templated":true}]}}