{"id":7488,"date":"2022-05-19T12:00:48","date_gmt":"2022-05-19T10:00:48","guid":{"rendered":"https:\/\/www.anovapeneira.gal\/?p=7488"},"modified":"2022-05-13T19:03:05","modified_gmt":"2022-05-13T17:03:05","slug":"o-fondo-galego-de-cooperacion-supervisa-en-mozambique-os-proxectos-de-infancia-e-vivenda","status":"publish","type":"post","link":"https:\/\/www.anovapeneira.gal\/index.php\/2022\/05\/19\/o-fondo-galego-de-cooperacion-supervisa-en-mozambique-os-proxectos-de-infancia-e-vivenda\/","title":{"rendered":"O Fondo Galego de Cooperaci\u00f3n supervisa en Mozambique os proxectos de infancia e vivenda"},"content":{"rendered":"\n<h2 class=\"wp-block-heading\"><strong>Representantes da asociaci\u00f3n municipalista e dos concellos de Nigr\u00e1n, Cartelle e Cambre afianzan a colaboraci\u00f3n coas entidades locais do pa\u00eds<\/strong><\/h2>\n\n\n\n<p><em>Pontevedra, 13 de maio de 2022.<\/em> Unha delegaci\u00f3n do <a href=\"http:\/\/www.fondogalego.org\/web\/\">Fondo Galego de Cooperaci\u00f3n e Solidariedade<\/a> \u00e1chase desde o m\u00e9rcores en Mozambique para supervisar os proxectos apoiados no pa\u00eds lus\u00f3fono no eido dos <strong>dereitos da infancia, construci\u00f3n de vivendas ou dotaci\u00f3n dos servizos de auga e alumeado<\/strong> p\u00fablico, entre outros. O presidente da entidade e alcalde de Nigr\u00e1n, Juan Gonz\u00e1lez; o tesoureiro e edil de Cartelle, Daniel Fern\u00e1ndez, e mais a concelleira de Benestar Social de Cambre, L\u00faa Sangui\u00f1edo, acompa\u00f1ados por unha responsable t\u00e9cnica, aproveitar\u00e1n tam\u00e9n para a fortalecer a colaboraci\u00f3n coa Asociaci\u00f3n Nacional de Municipios Mozambicanos (ANAMM) e outras organizaci\u00f3ns locais.<\/p>\n\n\n\n<p>A axenda incl\u00fae a visita a distintas acci\u00f3ns de post emerxencia xurdidas tras o paso do cicl\u00f3n Idai e outros furac\u00e1ns que nos \u00faltimos anos asolaron o pa\u00eds africano, considerado un dos m\u00e1is <strong>vulnerables perante o cambio clim\u00e1tico<\/strong>. Entre elas, a construci\u00f3n de catro vivendas resilientes en Boane, que sup\u00f3n un investimento de 42.000 euros cofinanciado polo Fondo Galego e a Xunta de Galicia. Tam\u00e9n a reparaci\u00f3n e ampliaci\u00f3n da cobertura dos servizos de <a href=\"https:\/\/fondogalego.gal\/o-fondo-galego-apoia-a-expansion-da-auga-e-a-luz-no-municipio-mozambicano-de-nhamatanda\/\">auga e iluminaci\u00f3n p\u00fablica<\/a> no municipio de Nhamatanda, \u00e1s que o Fondo Galego de Cooperaci\u00f3n e Solidariedade destinou 42.600 euros, tras canalizar previamente outros 10.000 euros de urxencia para a dotaci\u00f3n de <a href=\"https:\/\/fondogalego.gal\/deputacions-e-concellos-estan-chamados-a-apoiar-a-mozambique-tras-o-devastador-ciclon\/\">dep\u00f3sitos de auga<\/a>, produtos para o seu tratamento, \u00fatiles de hixiene e limpeza e mais materiais de construci\u00f3n para rehabilitar infraestruturas.<\/p>\n\n\n\n<p>A delegaci\u00f3n poder\u00e1 co\u00f1ecer ademais o programa de promoci\u00f3n dos <a href=\"https:\/\/fondogalego.gal\/o-concello-de-cambre-e-o-fondo-galego-promoven-o-dereito-a-saude-e-a-educacion-en-mozambique\/\">dereitos da infancia<\/a> no medio rural impulsado pola Funda\u00e7\u00e3o Encontro, ao que o Fondo Galego leva varios anos contribu\u00edndo e que contou tam\u00e9n cunha achega extraordinaria de 15.000 euros por parte do Concello de Cambre. No marco desta iniciativa, centos de nenas e nenos reciben <strong>apoio nutricional nas escolas, trab\u00e1llase na desestruturaci\u00f3n dos estereotipos de x\u00e9nero<\/strong> e mell\u00f3rase a asistencia sanitaria. Por outra parte, a misi\u00f3n a terreo incorporou as\u00ed mesmo a visita ao <strong>centro de acollida de menores<\/strong> \u20181\u00ba de Maio\u2019, que no pasado recibiu axuda do Fondo Galego para atender necesidades b\u00e1sicas e que a d\u00eda de hoxe contin\u00faa desbordado.<\/p>\n\n\n\n<p>Doutra banda, a comitiva galega aproveitou para facer entrega dos materiais adquiridos no marco da campa\u00f1a <strong>\u2018Unha rapariga, un paquete de compresas\u2019<\/strong>, que proporciona bragui\u00f1as menstruais \u00e1s rapazas para que non falten \u00e1s aulas mentres te\u00f1en a regra, freando as\u00ed o abandono escolar e reducindo tanto o gasto como o impacto ambiental, xa que son lavables e reutilizables. Esta iniciativa local vai dirixida \u00e1s mozas con menos recursos e complem\u00e9ntase con xornadas de reflexi\u00f3n sobre os problemas que lles afectan, po\u00f1endo o foco no matrimonio prematuro, <strong>o embarazo precoz, a violencia de x\u00e9nero<\/strong> e o abuso sexual.<\/p>\n\n\n\n<p>As e os representantes municipais mantiveron asemade <strong>encontros institucionais <\/strong>coa Axencia Espa\u00f1ola de Cooperaci\u00f3n Internacional ao Desenvolvemento, o Instituto Nacional de Xesti\u00f3n de Desastres e a propia ANAMM, a fin de facer balance e establecer futuras li\u00f1as de colaboraci\u00f3n. A maiores, persoal dos concellos galegos achegar\u00e1 asesoramento aos actuais proxectos a trav\u00e9s do <strong>programa de cooperaci\u00f3n t\u00e9cnica <\/strong><a href=\"https:\/\/fondogalego.gal\/o-programa-especialistas-en-cooperar-enviara-a-mozambique-a-persoal-da-administracion-local\/\">Especialistas en Cooperar<\/a>.<\/p>\n\n\n\n<p><strong>Un dos pa\u00edses m\u00e1is empobrecidos<\/strong><\/p>\n\n\n\n<p>Mozambique ten experimentado avances considerables desde os Acordos de Paz de 1992, pero o seu \u00cdndice de Desenvolvemento Humano (IDH) segue a ser un dos m\u00e1is baixos do planeta, ao ocupar o posto 181 entre os 188 contemplados. <strong>A pobreza atinxe ao 55% da poboaci\u00f3n<\/strong>, especialmente as mulleres, mentres que a esperanza de vida se sit\u00faa nos 54 anos. Os datos de alfabetizaci\u00f3n, mortalidade infantil e incidencia do VIH son tam\u00e9n alarmantes. No entanto, tr\u00e1tase dun pa\u00eds cun gran potencial e existen iniciativas locais desde as que se loita cada d\u00eda por reverter a situaci\u00f3n, algunhas con colaboraci\u00f3n internacional.<\/p>\n\n\n\n<figure class=\"wp-block-gallery has-nested-images columns-default is-cropped wp-block-gallery-1 is-layout-flex wp-block-gallery-is-layout-flex\">\n<figure class=\"wp-block-image size-large\"><img loading=\"lazy\" decoding=\"async\" width=\"1024\" height=\"768\" data-id=\"7492\" src=\"https:\/\/www.anovapeneira.gal\/wp-content\/uploads\/2022\/05\/charla_boane2-1024x768.jpg\" alt=\"\" class=\"wp-image-7492\" srcset=\"https:\/\/www.anovapeneira.gal\/wp-content\/uploads\/2022\/05\/charla_boane2-1024x768.jpg 1024w, https:\/\/www.anovapeneira.gal\/wp-content\/uploads\/2022\/05\/charla_boane2-300x225.jpg 300w, https:\/\/www.anovapeneira.gal\/wp-content\/uploads\/2022\/05\/charla_boane2-768x576.jpg 768w, https:\/\/www.anovapeneira.gal\/wp-content\/uploads\/2022\/05\/charla_boane2-1536x1152.jpg 1536w, https:\/\/www.anovapeneira.gal\/wp-content\/uploads\/2022\/05\/charla_boane2-678x509.jpg 678w, https:\/\/www.anovapeneira.gal\/wp-content\/uploads\/2022\/05\/charla_boane2-326x245.jpg 326w, https:\/\/www.anovapeneira.gal\/wp-content\/uploads\/2022\/05\/charla_boane2-80x60.jpg 80w, https:\/\/www.anovapeneira.gal\/wp-content\/uploads\/2022\/05\/charla_boane2.jpg 1600w\" sizes=\"auto, (max-width: 1024px) 100vw, 1024px\" \/><\/figure>\n\n\n\n<figure class=\"wp-block-image size-large\"><img loading=\"lazy\" decoding=\"async\" width=\"1024\" height=\"683\" data-id=\"7493\" src=\"https:\/\/www.anovapeneira.gal\/wp-content\/uploads\/2022\/05\/centro_acollida-1024x683.jpg\" alt=\"\" class=\"wp-image-7493\" srcset=\"https:\/\/www.anovapeneira.gal\/wp-content\/uploads\/2022\/05\/centro_acollida-1024x683.jpg 1024w, https:\/\/www.anovapeneira.gal\/wp-content\/uploads\/2022\/05\/centro_acollida-300x200.jpg 300w, https:\/\/www.anovapeneira.gal\/wp-content\/uploads\/2022\/05\/centro_acollida-768x512.jpg 768w, https:\/\/www.anovapeneira.gal\/wp-content\/uploads\/2022\/05\/centro_acollida-1536x1024.jpg 1536w, https:\/\/www.anovapeneira.gal\/wp-content\/uploads\/2022\/05\/centro_acollida.jpg 1920w\" sizes=\"auto, (max-width: 1024px) 100vw, 1024px\" \/><\/figure>\n\n\n\n<figure class=\"wp-block-image size-large\"><img loading=\"lazy\" decoding=\"async\" width=\"1024\" height=\"768\" data-id=\"7490\" src=\"https:\/\/www.anovapeneira.gal\/wp-content\/uploads\/2022\/05\/vivendas1-1024x768.jpg\" alt=\"\" class=\"wp-image-7490\" srcset=\"https:\/\/www.anovapeneira.gal\/wp-content\/uploads\/2022\/05\/vivendas1-1024x768.jpg 1024w, https:\/\/www.anovapeneira.gal\/wp-content\/uploads\/2022\/05\/vivendas1-300x225.jpg 300w, https:\/\/www.anovapeneira.gal\/wp-content\/uploads\/2022\/05\/vivendas1-768x576.jpg 768w, https:\/\/www.anovapeneira.gal\/wp-content\/uploads\/2022\/05\/vivendas1-1536x1152.jpg 1536w, https:\/\/www.anovapeneira.gal\/wp-content\/uploads\/2022\/05\/vivendas1-678x509.jpg 678w, https:\/\/www.anovapeneira.gal\/wp-content\/uploads\/2022\/05\/vivendas1-326x245.jpg 326w, https:\/\/www.anovapeneira.gal\/wp-content\/uploads\/2022\/05\/vivendas1-80x60.jpg 80w, https:\/\/www.anovapeneira.gal\/wp-content\/uploads\/2022\/05\/vivendas1.jpg 1600w\" sizes=\"auto, (max-width: 1024px) 100vw, 1024px\" \/><\/figure>\n\n\n\n<figure class=\"wp-block-image size-large\"><img loading=\"lazy\" decoding=\"async\" width=\"1024\" height=\"768\" data-id=\"7491\" src=\"https:\/\/www.anovapeneira.gal\/wp-content\/uploads\/2022\/05\/bragas_menstruais-1024x768.jpg\" alt=\"\" class=\"wp-image-7491\" srcset=\"https:\/\/www.anovapeneira.gal\/wp-content\/uploads\/2022\/05\/bragas_menstruais-1024x768.jpg 1024w, https:\/\/www.anovapeneira.gal\/wp-content\/uploads\/2022\/05\/bragas_menstruais-300x225.jpg 300w, https:\/\/www.anovapeneira.gal\/wp-content\/uploads\/2022\/05\/bragas_menstruais-768x576.jpg 768w, https:\/\/www.anovapeneira.gal\/wp-content\/uploads\/2022\/05\/bragas_menstruais-1536x1152.jpg 1536w, https:\/\/www.anovapeneira.gal\/wp-content\/uploads\/2022\/05\/bragas_menstruais-678x509.jpg 678w, https:\/\/www.anovapeneira.gal\/wp-content\/uploads\/2022\/05\/bragas_menstruais-326x245.jpg 326w, https:\/\/www.anovapeneira.gal\/wp-content\/uploads\/2022\/05\/bragas_menstruais-80x60.jpg 80w, https:\/\/www.anovapeneira.gal\/wp-content\/uploads\/2022\/05\/bragas_menstruais.jpg 1600w\" sizes=\"auto, (max-width: 1024px) 100vw, 1024px\" \/><\/figure>\n<\/figure>\n\n\n\n<p>Tal \u00e9 o caso dos municipios e organizaci\u00f3ns apoiadas polo Fondo Galego de Cooperaci\u00f3n e Solidariedade, que impulsou ata o momento <strong>unha vintena de proxectos no pa\u00eds africano cuns 350.000 euros<\/strong> de investimento, canalizando as\u00ed as inquedanzas de m\u00e1is dun cento de concellos e deputaci\u00f3ns de Galicia para contribu\u00edr \u00e1 construci\u00f3n dun mundo m\u00e1is xusto. Mozambique est\u00e1 considerado pa\u00eds prioritario tanto polo Fondo Galego como pola Cooperaci\u00f3n Galega e a Cooperaci\u00f3n Espa\u00f1ola.<\/p>\n\n\n\n<p><strong>O Fondo Galego<\/strong><\/p>\n\n\n\n<p>O Fondo Galego de Cooperaci\u00f3n e Solidariedade est\u00e1 integrado por 100 concellos e as deputaci\u00f3ns de Pontevedra, A Coru\u00f1a e Lugo, que concentran a trav\u00e9s desta rede os seus esforzos no eido da cooperaci\u00f3n ao desenvolvemento. Gar\u00e1ntese deste xeito unha xesti\u00f3n profesional e transparente, as\u00ed como a realizaci\u00f3n de proxectos con impacto nos pa\u00edses do Sur Global e a sensibilizaci\u00f3n da sociedade galega a prol da solidariedade internacional. <strong>Reco\u00f1ecido como axencia municipal da cooperaci\u00f3n galega<\/strong>, o Fondo Galego chega ao seu 25 aniversario tendo desenvolvido m\u00e1is de 170 proxectos en 32 pa\u00edses e promovendo numerosas actividades e materiais en relaci\u00f3n aos desequilibrios Norte-Sur e a Axenda 2030.<\/p>\n","protected":false},"excerpt":{"rendered":"<div class=\"mh-excerpt\"><p>Representantes da asociaci\u00f3n municipalista e dos concellos de Nigr\u00e1n, Cartelle e Cambre afianzan a colaboraci\u00f3n coas entidades locais do pa\u00eds <a class=\"mh-excerpt-more\" href=\"https:\/\/www.anovapeneira.gal\/index.php\/2022\/05\/19\/o-fondo-galego-de-cooperacion-supervisa-en-mozambique-os-proxectos-de-infancia-e-vivenda\/\" title=\"O Fondo Galego de Cooperaci\u00f3n supervisa en Mozambique os proxectos de infancia e vivenda\">[&#8230;]<\/a><\/p>\n<\/div>","protected":false},"author":3,"featured_media":7489,"comment_status":"open","ping_status":"open","sticky":false,"template":"","format":"standard","meta":{"_exactmetrics_skip_tracking":false,"_exactmetrics_sitenote_active":false,"_exactmetrics_sitenote_note":"","_exactmetrics_sitenote_category":0,"footnotes":""},"categories":[496],"tags":[135],"class_list":{"0":"post-7488","1":"post","2":"type-post","3":"status-publish","4":"format-standard","5":"has-post-thumbnail","7":"category-val-minor-reportaxes","8":"tag-concello-de-nigran"},"yoast_head":"<!-- This site is optimized with the Yoast SEO plugin v27.4 - https:\/\/yoast.com\/product\/yoast-seo-wordpress\/ -->\n<title>O Fondo Galego de Cooperaci\u00f3n supervisa en Mozambique os proxectos de infancia e vivenda -<\/title>\n<meta name=\"description\" content=\"Representantes da asociaci\u00f3n municipalista e dos concellos de Nigr\u00e1n, Cartelle e Cambre afianzan a colaboraci\u00f3n coas entidades locais do pa\u00eds\" \/>\n<meta name=\"robots\" content=\"index, follow, max-snippet:-1, max-image-preview:large, max-video-preview:-1\" \/>\n<link rel=\"canonical\" href=\"https:\/\/www.anovapeneira.gal\/index.php\/2022\/05\/19\/o-fondo-galego-de-cooperacion-supervisa-en-mozambique-os-proxectos-de-infancia-e-vivenda\/\" \/>\n<meta property=\"og:locale\" content=\"gl_ES\" \/>\n<meta property=\"og:type\" content=\"article\" \/>\n<meta property=\"og:title\" content=\"O Fondo Galego de Cooperaci\u00f3n supervisa en Mozambique os proxectos de infancia e vivenda -\" \/>\n<meta property=\"og:description\" content=\"Representantes da asociaci\u00f3n municipalista e dos concellos de Nigr\u00e1n, Cartelle e Cambre afianzan a colaboraci\u00f3n coas entidades locais do pa\u00eds\" \/>\n<meta property=\"og:url\" content=\"https:\/\/www.anovapeneira.gal\/index.php\/2022\/05\/19\/o-fondo-galego-de-cooperacion-supervisa-en-mozambique-os-proxectos-de-infancia-e-vivenda\/\" \/>\n<meta property=\"article:publisher\" content=\"https:\/\/www.facebook.com\/anovapeneira\" \/>\n<meta property=\"article:published_time\" content=\"2022-05-19T10:00:48+00:00\" \/>\n<meta property=\"og:image\" content=\"https:\/\/www.anovapeneira.gal\/wp-content\/uploads\/2022\/05\/ingd-fondo-galego.jpg\" \/>\n\t<meta property=\"og:image:width\" content=\"720\" \/>\n\t<meta property=\"og:image:height\" content=\"432\" \/>\n\t<meta property=\"og:image:type\" content=\"image\/jpeg\" \/>\n<meta name=\"author\" content=\"Redacci\u00f3n A Nova Peneira\" \/>\n<meta name=\"twitter:card\" content=\"summary_large_image\" \/>\n<meta name=\"twitter:creator\" content=\"@APeneira\" \/>\n<meta name=\"twitter:site\" content=\"@APeneira\" \/>\n<meta name=\"twitter:label1\" content=\"Escrito por\" \/>\n\t<meta name=\"twitter:data1\" content=\"Redacci\u00f3n A Nova Peneira\" \/>\n\t<meta name=\"twitter:label2\" content=\"Tempo de lectura\" \/>\n\t<meta name=\"twitter:data2\" content=\"6 minutos\" \/>\n<script type=\"application\/ld+json\" class=\"yoast-schema-graph\">{\"@context\":\"https:\\\/\\\/schema.org\",\"@graph\":[{\"@type\":\"Article\",\"@id\":\"https:\\\/\\\/www.anovapeneira.gal\\\/index.php\\\/2022\\\/05\\\/19\\\/o-fondo-galego-de-cooperacion-supervisa-en-mozambique-os-proxectos-de-infancia-e-vivenda\\\/#article\",\"isPartOf\":{\"@id\":\"https:\\\/\\\/www.anovapeneira.gal\\\/index.php\\\/2022\\\/05\\\/19\\\/o-fondo-galego-de-cooperacion-supervisa-en-mozambique-os-proxectos-de-infancia-e-vivenda\\\/\"},\"author\":{\"name\":\"Redacci\u00f3n A Nova Peneira\",\"@id\":\"https:\\\/\\\/www.anovapeneira.gal\\\/#\\\/schema\\\/person\\\/b93e3f8932e3f8da96334607eb6ac6aa\"},\"headline\":\"O Fondo Galego de Cooperaci\u00f3n supervisa en Mozambique os proxectos de infancia e vivenda\",\"datePublished\":\"2022-05-19T10:00:48+00:00\",\"mainEntityOfPage\":{\"@id\":\"https:\\\/\\\/www.anovapeneira.gal\\\/index.php\\\/2022\\\/05\\\/19\\\/o-fondo-galego-de-cooperacion-supervisa-en-mozambique-os-proxectos-de-infancia-e-vivenda\\\/\"},\"wordCount\":908,\"commentCount\":0,\"publisher\":{\"@id\":\"https:\\\/\\\/www.anovapeneira.gal\\\/#organization\"},\"image\":{\"@id\":\"https:\\\/\\\/www.anovapeneira.gal\\\/index.php\\\/2022\\\/05\\\/19\\\/o-fondo-galego-de-cooperacion-supervisa-en-mozambique-os-proxectos-de-infancia-e-vivenda\\\/#primaryimage\"},\"thumbnailUrl\":\"https:\\\/\\\/www.anovapeneira.gal\\\/wp-content\\\/uploads\\\/2022\\\/05\\\/ingd-fondo-galego.jpg\",\"keywords\":[\"Concello de Nigr\u00e1n\"],\"articleSection\":[\"Val Mi\u00f1or\"],\"inLanguage\":\"gl-ES\",\"potentialAction\":[{\"@type\":\"CommentAction\",\"name\":\"Comment\",\"target\":[\"https:\\\/\\\/www.anovapeneira.gal\\\/index.php\\\/2022\\\/05\\\/19\\\/o-fondo-galego-de-cooperacion-supervisa-en-mozambique-os-proxectos-de-infancia-e-vivenda\\\/#respond\"]}]},{\"@type\":\"WebPage\",\"@id\":\"https:\\\/\\\/www.anovapeneira.gal\\\/index.php\\\/2022\\\/05\\\/19\\\/o-fondo-galego-de-cooperacion-supervisa-en-mozambique-os-proxectos-de-infancia-e-vivenda\\\/\",\"url\":\"https:\\\/\\\/www.anovapeneira.gal\\\/index.php\\\/2022\\\/05\\\/19\\\/o-fondo-galego-de-cooperacion-supervisa-en-mozambique-os-proxectos-de-infancia-e-vivenda\\\/\",\"name\":\"O Fondo Galego de Cooperaci\u00f3n supervisa en Mozambique os proxectos de infancia e vivenda -\",\"isPartOf\":{\"@id\":\"https:\\\/\\\/www.anovapeneira.gal\\\/#website\"},\"primaryImageOfPage\":{\"@id\":\"https:\\\/\\\/www.anovapeneira.gal\\\/index.php\\\/2022\\\/05\\\/19\\\/o-fondo-galego-de-cooperacion-supervisa-en-mozambique-os-proxectos-de-infancia-e-vivenda\\\/#primaryimage\"},\"image\":{\"@id\":\"https:\\\/\\\/www.anovapeneira.gal\\\/index.php\\\/2022\\\/05\\\/19\\\/o-fondo-galego-de-cooperacion-supervisa-en-mozambique-os-proxectos-de-infancia-e-vivenda\\\/#primaryimage\"},\"thumbnailUrl\":\"https:\\\/\\\/www.anovapeneira.gal\\\/wp-content\\\/uploads\\\/2022\\\/05\\\/ingd-fondo-galego.jpg\",\"datePublished\":\"2022-05-19T10:00:48+00:00\",\"description\":\"Representantes da asociaci\u00f3n municipalista e dos concellos de Nigr\u00e1n, Cartelle e Cambre afianzan a colaboraci\u00f3n coas entidades locais do pa\u00eds\",\"breadcrumb\":{\"@id\":\"https:\\\/\\\/www.anovapeneira.gal\\\/index.php\\\/2022\\\/05\\\/19\\\/o-fondo-galego-de-cooperacion-supervisa-en-mozambique-os-proxectos-de-infancia-e-vivenda\\\/#breadcrumb\"},\"inLanguage\":\"gl-ES\",\"potentialAction\":[{\"@type\":\"ReadAction\",\"target\":[\"https:\\\/\\\/www.anovapeneira.gal\\\/index.php\\\/2022\\\/05\\\/19\\\/o-fondo-galego-de-cooperacion-supervisa-en-mozambique-os-proxectos-de-infancia-e-vivenda\\\/\"]}]},{\"@type\":\"ImageObject\",\"inLanguage\":\"gl-ES\",\"@id\":\"https:\\\/\\\/www.anovapeneira.gal\\\/index.php\\\/2022\\\/05\\\/19\\\/o-fondo-galego-de-cooperacion-supervisa-en-mozambique-os-proxectos-de-infancia-e-vivenda\\\/#primaryimage\",\"url\":\"https:\\\/\\\/www.anovapeneira.gal\\\/wp-content\\\/uploads\\\/2022\\\/05\\\/ingd-fondo-galego.jpg\",\"contentUrl\":\"https:\\\/\\\/www.anovapeneira.gal\\\/wp-content\\\/uploads\\\/2022\\\/05\\\/ingd-fondo-galego.jpg\",\"width\":720,\"height\":432,\"caption\":\"O Fondo Galego de Cooperaci\u00f3n supervisa en Mozambique os proxectos de infancia e vivenda\"},{\"@type\":\"BreadcrumbList\",\"@id\":\"https:\\\/\\\/www.anovapeneira.gal\\\/index.php\\\/2022\\\/05\\\/19\\\/o-fondo-galego-de-cooperacion-supervisa-en-mozambique-os-proxectos-de-infancia-e-vivenda\\\/#breadcrumb\",\"itemListElement\":[{\"@type\":\"ListItem\",\"position\":1,\"name\":\"Portada\",\"item\":\"https:\\\/\\\/www.anovapeneira.gal\\\/\"},{\"@type\":\"ListItem\",\"position\":2,\"name\":\"O Fondo Galego de Cooperaci\u00f3n supervisa en Mozambique os proxectos de infancia e vivenda\"}]},{\"@type\":\"WebSite\",\"@id\":\"https:\\\/\\\/www.anovapeneira.gal\\\/#website\",\"url\":\"https:\\\/\\\/www.anovapeneira.gal\\\/\",\"name\":\"\",\"description\":\"Xornal galego de informaci\u00f3n xeral Publicaci\u00f3n mensual de novas de Galicia e en especial dos Concellos da sur da provincia de Pontevedra.\",\"publisher\":{\"@id\":\"https:\\\/\\\/www.anovapeneira.gal\\\/#organization\"},\"potentialAction\":[{\"@type\":\"SearchAction\",\"target\":{\"@type\":\"EntryPoint\",\"urlTemplate\":\"https:\\\/\\\/www.anovapeneira.gal\\\/?s={search_term_string}\"},\"query-input\":{\"@type\":\"PropertyValueSpecification\",\"valueRequired\":true,\"valueName\":\"search_term_string\"}}],\"inLanguage\":\"gl-ES\"},{\"@type\":\"Organization\",\"@id\":\"https:\\\/\\\/www.anovapeneira.gal\\\/#organization\",\"name\":\"A Nova Peneira\",\"url\":\"https:\\\/\\\/www.anovapeneira.gal\\\/\",\"logo\":{\"@type\":\"ImageObject\",\"inLanguage\":\"gl-ES\",\"@id\":\"https:\\\/\\\/www.anovapeneira.gal\\\/#\\\/schema\\\/logo\\\/image\\\/\",\"url\":\"http:\\\/\\\/www.anovapeneira.gal\\\/wp-content\\\/uploads\\\/2019\\\/06\\\/logo_a_nova_peneira_portal_web.png\",\"contentUrl\":\"http:\\\/\\\/www.anovapeneira.gal\\\/wp-content\\\/uploads\\\/2019\\\/06\\\/logo_a_nova_peneira_portal_web.png\",\"width\":300,\"height\":100,\"caption\":\"A Nova Peneira\"},\"image\":{\"@id\":\"https:\\\/\\\/www.anovapeneira.gal\\\/#\\\/schema\\\/logo\\\/image\\\/\"},\"sameAs\":[\"https:\\\/\\\/www.facebook.com\\\/anovapeneira\",\"https:\\\/\\\/x.com\\\/APeneira\"]},{\"@type\":\"Person\",\"@id\":\"https:\\\/\\\/www.anovapeneira.gal\\\/#\\\/schema\\\/person\\\/b93e3f8932e3f8da96334607eb6ac6aa\",\"name\":\"Redacci\u00f3n A Nova Peneira\",\"image\":{\"@type\":\"ImageObject\",\"inLanguage\":\"gl-ES\",\"@id\":\"https:\\\/\\\/secure.gravatar.com\\\/avatar\\\/c052a2551a06e23fac63626232eaa90abd78dbcf1700fc46a2b2c89fd27b735f?s=96&d=mm&r=g\",\"url\":\"https:\\\/\\\/secure.gravatar.com\\\/avatar\\\/c052a2551a06e23fac63626232eaa90abd78dbcf1700fc46a2b2c89fd27b735f?s=96&d=mm&r=g\",\"contentUrl\":\"https:\\\/\\\/secure.gravatar.com\\\/avatar\\\/c052a2551a06e23fac63626232eaa90abd78dbcf1700fc46a2b2c89fd27b735f?s=96&d=mm&r=g\",\"caption\":\"Redacci\u00f3n A Nova Peneira\"},\"sameAs\":[\"http:\\\/\\\/www.anovapeneira.gal\\\/\"],\"url\":\"https:\\\/\\\/www.anovapeneira.gal\\\/index.php\\\/author\\\/redactor\\\/\"}]}<\/script>\n<!-- \/ Yoast SEO plugin. -->","yoast_head_json":{"title":"O Fondo Galego de Cooperaci\u00f3n supervisa en Mozambique os proxectos de infancia e vivenda -","description":"Representantes da asociaci\u00f3n municipalista e dos concellos de Nigr\u00e1n, Cartelle e Cambre afianzan a colaboraci\u00f3n coas entidades locais do pa\u00eds","robots":{"index":"index","follow":"follow","max-snippet":"max-snippet:-1","max-image-preview":"max-image-preview:large","max-video-preview":"max-video-preview:-1"},"canonical":"https:\/\/www.anovapeneira.gal\/index.php\/2022\/05\/19\/o-fondo-galego-de-cooperacion-supervisa-en-mozambique-os-proxectos-de-infancia-e-vivenda\/","og_locale":"gl_ES","og_type":"article","og_title":"O Fondo Galego de Cooperaci\u00f3n supervisa en Mozambique os proxectos de infancia e vivenda -","og_description":"Representantes da asociaci\u00f3n municipalista e dos concellos de Nigr\u00e1n, Cartelle e Cambre afianzan a colaboraci\u00f3n coas entidades locais do pa\u00eds","og_url":"https:\/\/www.anovapeneira.gal\/index.php\/2022\/05\/19\/o-fondo-galego-de-cooperacion-supervisa-en-mozambique-os-proxectos-de-infancia-e-vivenda\/","article_publisher":"https:\/\/www.facebook.com\/anovapeneira","article_published_time":"2022-05-19T10:00:48+00:00","og_image":[{"width":720,"height":432,"url":"https:\/\/www.anovapeneira.gal\/wp-content\/uploads\/2022\/05\/ingd-fondo-galego.jpg","type":"image\/jpeg"}],"author":"Redacci\u00f3n A Nova Peneira","twitter_card":"summary_large_image","twitter_creator":"@APeneira","twitter_site":"@APeneira","twitter_misc":{"Escrito por":"Redacci\u00f3n A Nova Peneira","Tempo de lectura":"6 minutos"},"schema":{"@context":"https:\/\/schema.org","@graph":[{"@type":"Article","@id":"https:\/\/www.anovapeneira.gal\/index.php\/2022\/05\/19\/o-fondo-galego-de-cooperacion-supervisa-en-mozambique-os-proxectos-de-infancia-e-vivenda\/#article","isPartOf":{"@id":"https:\/\/www.anovapeneira.gal\/index.php\/2022\/05\/19\/o-fondo-galego-de-cooperacion-supervisa-en-mozambique-os-proxectos-de-infancia-e-vivenda\/"},"author":{"name":"Redacci\u00f3n A Nova Peneira","@id":"https:\/\/www.anovapeneira.gal\/#\/schema\/person\/b93e3f8932e3f8da96334607eb6ac6aa"},"headline":"O Fondo Galego de Cooperaci\u00f3n supervisa en Mozambique os proxectos de infancia e vivenda","datePublished":"2022-05-19T10:00:48+00:00","mainEntityOfPage":{"@id":"https:\/\/www.anovapeneira.gal\/index.php\/2022\/05\/19\/o-fondo-galego-de-cooperacion-supervisa-en-mozambique-os-proxectos-de-infancia-e-vivenda\/"},"wordCount":908,"commentCount":0,"publisher":{"@id":"https:\/\/www.anovapeneira.gal\/#organization"},"image":{"@id":"https:\/\/www.anovapeneira.gal\/index.php\/2022\/05\/19\/o-fondo-galego-de-cooperacion-supervisa-en-mozambique-os-proxectos-de-infancia-e-vivenda\/#primaryimage"},"thumbnailUrl":"https:\/\/www.anovapeneira.gal\/wp-content\/uploads\/2022\/05\/ingd-fondo-galego.jpg","keywords":["Concello de Nigr\u00e1n"],"articleSection":["Val Mi\u00f1or"],"inLanguage":"gl-ES","potentialAction":[{"@type":"CommentAction","name":"Comment","target":["https:\/\/www.anovapeneira.gal\/index.php\/2022\/05\/19\/o-fondo-galego-de-cooperacion-supervisa-en-mozambique-os-proxectos-de-infancia-e-vivenda\/#respond"]}]},{"@type":"WebPage","@id":"https:\/\/www.anovapeneira.gal\/index.php\/2022\/05\/19\/o-fondo-galego-de-cooperacion-supervisa-en-mozambique-os-proxectos-de-infancia-e-vivenda\/","url":"https:\/\/www.anovapeneira.gal\/index.php\/2022\/05\/19\/o-fondo-galego-de-cooperacion-supervisa-en-mozambique-os-proxectos-de-infancia-e-vivenda\/","name":"O Fondo Galego de Cooperaci\u00f3n supervisa en Mozambique os proxectos de infancia e vivenda -","isPartOf":{"@id":"https:\/\/www.anovapeneira.gal\/#website"},"primaryImageOfPage":{"@id":"https:\/\/www.anovapeneira.gal\/index.php\/2022\/05\/19\/o-fondo-galego-de-cooperacion-supervisa-en-mozambique-os-proxectos-de-infancia-e-vivenda\/#primaryimage"},"image":{"@id":"https:\/\/www.anovapeneira.gal\/index.php\/2022\/05\/19\/o-fondo-galego-de-cooperacion-supervisa-en-mozambique-os-proxectos-de-infancia-e-vivenda\/#primaryimage"},"thumbnailUrl":"https:\/\/www.anovapeneira.gal\/wp-content\/uploads\/2022\/05\/ingd-fondo-galego.jpg","datePublished":"2022-05-19T10:00:48+00:00","description":"Representantes da asociaci\u00f3n municipalista e dos concellos de Nigr\u00e1n, Cartelle e Cambre afianzan a colaboraci\u00f3n coas entidades locais do pa\u00eds","breadcrumb":{"@id":"https:\/\/www.anovapeneira.gal\/index.php\/2022\/05\/19\/o-fondo-galego-de-cooperacion-supervisa-en-mozambique-os-proxectos-de-infancia-e-vivenda\/#breadcrumb"},"inLanguage":"gl-ES","potentialAction":[{"@type":"ReadAction","target":["https:\/\/www.anovapeneira.gal\/index.php\/2022\/05\/19\/o-fondo-galego-de-cooperacion-supervisa-en-mozambique-os-proxectos-de-infancia-e-vivenda\/"]}]},{"@type":"ImageObject","inLanguage":"gl-ES","@id":"https:\/\/www.anovapeneira.gal\/index.php\/2022\/05\/19\/o-fondo-galego-de-cooperacion-supervisa-en-mozambique-os-proxectos-de-infancia-e-vivenda\/#primaryimage","url":"https:\/\/www.anovapeneira.gal\/wp-content\/uploads\/2022\/05\/ingd-fondo-galego.jpg","contentUrl":"https:\/\/www.anovapeneira.gal\/wp-content\/uploads\/2022\/05\/ingd-fondo-galego.jpg","width":720,"height":432,"caption":"O Fondo Galego de Cooperaci\u00f3n supervisa en Mozambique os proxectos de infancia e vivenda"},{"@type":"BreadcrumbList","@id":"https:\/\/www.anovapeneira.gal\/index.php\/2022\/05\/19\/o-fondo-galego-de-cooperacion-supervisa-en-mozambique-os-proxectos-de-infancia-e-vivenda\/#breadcrumb","itemListElement":[{"@type":"ListItem","position":1,"name":"Portada","item":"https:\/\/www.anovapeneira.gal\/"},{"@type":"ListItem","position":2,"name":"O Fondo Galego de Cooperaci\u00f3n supervisa en Mozambique os proxectos de infancia e vivenda"}]},{"@type":"WebSite","@id":"https:\/\/www.anovapeneira.gal\/#website","url":"https:\/\/www.anovapeneira.gal\/","name":"","description":"Xornal galego de informaci\u00f3n xeral Publicaci\u00f3n mensual de novas de Galicia e en especial dos Concellos da sur da provincia de Pontevedra.","publisher":{"@id":"https:\/\/www.anovapeneira.gal\/#organization"},"potentialAction":[{"@type":"SearchAction","target":{"@type":"EntryPoint","urlTemplate":"https:\/\/www.anovapeneira.gal\/?s={search_term_string}"},"query-input":{"@type":"PropertyValueSpecification","valueRequired":true,"valueName":"search_term_string"}}],"inLanguage":"gl-ES"},{"@type":"Organization","@id":"https:\/\/www.anovapeneira.gal\/#organization","name":"A Nova Peneira","url":"https:\/\/www.anovapeneira.gal\/","logo":{"@type":"ImageObject","inLanguage":"gl-ES","@id":"https:\/\/www.anovapeneira.gal\/#\/schema\/logo\/image\/","url":"http:\/\/www.anovapeneira.gal\/wp-content\/uploads\/2019\/06\/logo_a_nova_peneira_portal_web.png","contentUrl":"http:\/\/www.anovapeneira.gal\/wp-content\/uploads\/2019\/06\/logo_a_nova_peneira_portal_web.png","width":300,"height":100,"caption":"A Nova Peneira"},"image":{"@id":"https:\/\/www.anovapeneira.gal\/#\/schema\/logo\/image\/"},"sameAs":["https:\/\/www.facebook.com\/anovapeneira","https:\/\/x.com\/APeneira"]},{"@type":"Person","@id":"https:\/\/www.anovapeneira.gal\/#\/schema\/person\/b93e3f8932e3f8da96334607eb6ac6aa","name":"Redacci\u00f3n A Nova Peneira","image":{"@type":"ImageObject","inLanguage":"gl-ES","@id":"https:\/\/secure.gravatar.com\/avatar\/c052a2551a06e23fac63626232eaa90abd78dbcf1700fc46a2b2c89fd27b735f?s=96&d=mm&r=g","url":"https:\/\/secure.gravatar.com\/avatar\/c052a2551a06e23fac63626232eaa90abd78dbcf1700fc46a2b2c89fd27b735f?s=96&d=mm&r=g","contentUrl":"https:\/\/secure.gravatar.com\/avatar\/c052a2551a06e23fac63626232eaa90abd78dbcf1700fc46a2b2c89fd27b735f?s=96&d=mm&r=g","caption":"Redacci\u00f3n A Nova Peneira"},"sameAs":["http:\/\/www.anovapeneira.gal\/"],"url":"https:\/\/www.anovapeneira.gal\/index.php\/author\/redactor\/"}]}},"jetpack_featured_media_url":"https:\/\/www.anovapeneira.gal\/wp-content\/uploads\/2022\/05\/ingd-fondo-galego.jpg","_links":{"self":[{"href":"https:\/\/www.anovapeneira.gal\/index.php\/wp-json\/wp\/v2\/posts\/7488","targetHints":{"allow":["GET"]}}],"collection":[{"href":"https:\/\/www.anovapeneira.gal\/index.php\/wp-json\/wp\/v2\/posts"}],"about":[{"href":"https:\/\/www.anovapeneira.gal\/index.php\/wp-json\/wp\/v2\/types\/post"}],"author":[{"embeddable":true,"href":"https:\/\/www.anovapeneira.gal\/index.php\/wp-json\/wp\/v2\/users\/3"}],"replies":[{"embeddable":true,"href":"https:\/\/www.anovapeneira.gal\/index.php\/wp-json\/wp\/v2\/comments?post=7488"}],"version-history":[{"count":1,"href":"https:\/\/www.anovapeneira.gal\/index.php\/wp-json\/wp\/v2\/posts\/7488\/revisions"}],"predecessor-version":[{"id":7494,"href":"https:\/\/www.anovapeneira.gal\/index.php\/wp-json\/wp\/v2\/posts\/7488\/revisions\/7494"}],"wp:featuredmedia":[{"embeddable":true,"href":"https:\/\/www.anovapeneira.gal\/index.php\/wp-json\/wp\/v2\/media\/7489"}],"wp:attachment":[{"href":"https:\/\/www.anovapeneira.gal\/index.php\/wp-json\/wp\/v2\/media?parent=7488"}],"wp:term":[{"taxonomy":"category","embeddable":true,"href":"https:\/\/www.anovapeneira.gal\/index.php\/wp-json\/wp\/v2\/categories?post=7488"},{"taxonomy":"post_tag","embeddable":true,"href":"https:\/\/www.anovapeneira.gal\/index.php\/wp-json\/wp\/v2\/tags?post=7488"}],"curies":[{"name":"wp","href":"https:\/\/api.w.org\/{rel}","templated":true}]}}