{"id":7495,"date":"2022-05-20T10:00:13","date_gmt":"2022-05-20T08:00:13","guid":{"rendered":"https:\/\/www.anovapeneira.gal\/?p=7495"},"modified":"2022-05-14T12:17:37","modified_gmt":"2022-05-14T10:17:37","slug":"a-depuradora-de-vilasobroso-segue-sen-funcionar-10-meses-despois-do-remate-das-obras","status":"publish","type":"post","link":"https:\/\/www.anovapeneira.gal\/index.php\/2022\/05\/20\/a-depuradora-de-vilasobroso-segue-sen-funcionar-10-meses-despois-do-remate-das-obras\/","title":{"rendered":"A depuradora de Vilasobroso segue sen funcionar 10 meses despois do remate das obras"},"content":{"rendered":"\n<p>Os concelleiros Xo\u00e1n C. Montes e Tino Men\u00e9ndez comprobaron que a EDAR, pensada para dar servizo aos barrios da Pena e O Cruceiro, segue sen servizo despois de investir m\u00e1is de 137.000 \u20ac<\/p>\n\n\n\n<p>O concelleiro de AporM Tino Men\u00e9ndez e o portavoz municipal Xo\u00e1n C. Montes Bugar\u00edn ve\u00f1en de visitar a depuradora que \u00eda prestar servizo aos barrios da Pena e O Cruceiro, na parroquia de Vilasobroso. Al\u00ed comprobaron que, case un ano despois da s\u00faa recepci\u00f3n por parte do Concello de Mondariz, segue sen entrar en funcionamento. O goberno municipal leva 10 meses sen contratar a conexi\u00f3n el\u00e9ctrica desta instalaci\u00f3n, polo que a depuradora non pode entrar en servizo<\/p>\n\n\n\n<p>Estas actuaci\u00f3ns consisten na construci\u00f3n dunha depuradora de augas residuais, mediante humidais artificiais para fluxo subsuperficial de aireaci\u00f3n forzada. Este proxecto foi redactado no mandato anterior, sendo alcalde Montes Bugar\u00edn.<\/p>\n\n\n\n<p>Ambos os dous ed\u00eds consideran que, cando se contratou a obra, xa se deber\u00eda ter inclu\u00eddo no orzamento a conexi\u00f3n el\u00e9ctrica da instalaci\u00f3n para aforrarlle cartos ao concello e para acelerar a s\u00faa entrada en servizo, o que evitar\u00eda a situaci\u00f3n actual, na que as obras executadas non permiten solucionar o problema da depuraci\u00f3n de augas sucias \u00e1 veci\u00f1anza: 180 veci\u00f1os do barrio da Pena.<\/p>\n\n\n\n<p>Conexi\u00f3n inmediata<\/p>\n\n\n\n<p>As obras executadas, nas que se investiron 157.718 euros, inclu\u00edron unha baixa de 20.188 \u20ac a cargo da empresa contratista, de tal forma que o investimento final foi de 137.530 euros. Por esta raz\u00f3n, o noso grupo esixe que eses 20.188 \u20ac sexan investidos \u00e1 maior brevidade na dotaci\u00f3n da conexi\u00f3n el\u00e9ctrica da depuradora \u201cpara que poida entrar en servizo canto antes\u201d.<\/p>\n\n\n\n<p>Os ed\u00eds municipalistas defenden que, \u201c\u00e1 maior brevidade posible ser\u00eda necesario constru\u00edr o colector que permita conectarse a esta depuradora aos veci\u00f1os e veci\u00f1as do barrio do Cruceiro\u201d, algo que neste momento non est\u00e1 previsto.<\/p>\n","protected":false},"excerpt":{"rendered":"<div class=\"mh-excerpt\"><p>Os concelleiros Xo\u00e1n C. Montes e Tino Men\u00e9ndez comprobaron que a EDAR, pensada para dar servizo aos barrios da Pena e O Cruceiro, segue sen servizo despois de investir m\u00e1is de 137.000 \u20ac <a class=\"mh-excerpt-more\" href=\"https:\/\/www.anovapeneira.gal\/index.php\/2022\/05\/20\/a-depuradora-de-vilasobroso-segue-sen-funcionar-10-meses-despois-do-remate-das-obras\/\" title=\"A depuradora de Vilasobroso segue sen funcionar 10 meses despois do remate das obras\">[&#8230;]<\/a><\/p>\n<\/div>","protected":false},"author":3,"featured_media":7497,"comment_status":"open","ping_status":"open","sticky":false,"template":"","format":"standard","meta":{"_exactmetrics_skip_tracking":false,"_exactmetrics_sitenote_active":false,"_exactmetrics_sitenote_note":"","_exactmetrics_sitenote_category":0,"footnotes":""},"categories":[25],"tags":[405],"class_list":{"0":"post-7495","1":"post","2":"type-post","3":"status-publish","4":"format-standard","5":"has-post-thumbnail","7":"category-condado","8":"tag-concello-de-mondariz"},"yoast_head":"<!-- This site is optimized with the Yoast SEO plugin v27.4 - https:\/\/yoast.com\/product\/yoast-seo-wordpress\/ -->\n<title>A depuradora de Vilasobroso segue sen funcionar 10 meses despois do remate das obras -<\/title>\n<meta name=\"description\" content=\"Os concelleiros Xo\u00e1n C. Montes e Tino Men\u00e9ndez comprobaron que a EDAR, pensada para dar servizo aos barrios da Pena e O Cruceiro, segue sen servizo despois de investir m\u00e1is de 137.000 \u20ac\" \/>\n<meta name=\"robots\" content=\"index, follow, max-snippet:-1, max-image-preview:large, max-video-preview:-1\" \/>\n<link rel=\"canonical\" href=\"https:\/\/www.anovapeneira.gal\/index.php\/2022\/05\/20\/a-depuradora-de-vilasobroso-segue-sen-funcionar-10-meses-despois-do-remate-das-obras\/\" \/>\n<meta property=\"og:locale\" content=\"gl_ES\" \/>\n<meta property=\"og:type\" content=\"article\" \/>\n<meta property=\"og:title\" content=\"A depuradora de Vilasobroso segue sen funcionar 10 meses despois do remate das obras -\" \/>\n<meta property=\"og:description\" content=\"Os concelleiros Xo\u00e1n C. Montes e Tino Men\u00e9ndez comprobaron que a EDAR, pensada para dar servizo aos barrios da Pena e O Cruceiro, segue sen servizo despois de investir m\u00e1is de 137.000 \u20ac\" \/>\n<meta property=\"og:url\" content=\"https:\/\/www.anovapeneira.gal\/index.php\/2022\/05\/20\/a-depuradora-de-vilasobroso-segue-sen-funcionar-10-meses-despois-do-remate-das-obras\/\" \/>\n<meta property=\"article:publisher\" content=\"https:\/\/www.facebook.com\/anovapeneira\" \/>\n<meta property=\"article:published_time\" content=\"2022-05-20T08:00:13+00:00\" \/>\n<meta property=\"og:image\" content=\"https:\/\/www.anovapeneira.gal\/wp-content\/uploads\/2022\/05\/depuradora.jpg\" \/>\n\t<meta property=\"og:image:width\" content=\"720\" \/>\n\t<meta property=\"og:image:height\" content=\"432\" \/>\n\t<meta property=\"og:image:type\" content=\"image\/jpeg\" \/>\n<meta name=\"author\" content=\"Redacci\u00f3n A Nova Peneira\" \/>\n<meta name=\"twitter:card\" content=\"summary_large_image\" \/>\n<meta name=\"twitter:creator\" content=\"@APeneira\" \/>\n<meta name=\"twitter:site\" content=\"@APeneira\" \/>\n<meta name=\"twitter:label1\" content=\"Escrito por\" \/>\n\t<meta name=\"twitter:data1\" content=\"Redacci\u00f3n A Nova Peneira\" \/>\n\t<meta name=\"twitter:label2\" content=\"Tempo de lectura\" \/>\n\t<meta name=\"twitter:data2\" content=\"2 minutos\" \/>\n<script type=\"application\/ld+json\" class=\"yoast-schema-graph\">{\"@context\":\"https:\\\/\\\/schema.org\",\"@graph\":[{\"@type\":\"Article\",\"@id\":\"https:\\\/\\\/www.anovapeneira.gal\\\/index.php\\\/2022\\\/05\\\/20\\\/a-depuradora-de-vilasobroso-segue-sen-funcionar-10-meses-despois-do-remate-das-obras\\\/#article\",\"isPartOf\":{\"@id\":\"https:\\\/\\\/www.anovapeneira.gal\\\/index.php\\\/2022\\\/05\\\/20\\\/a-depuradora-de-vilasobroso-segue-sen-funcionar-10-meses-despois-do-remate-das-obras\\\/\"},\"author\":{\"name\":\"Redacci\u00f3n A Nova Peneira\",\"@id\":\"https:\\\/\\\/www.anovapeneira.gal\\\/#\\\/schema\\\/person\\\/b93e3f8932e3f8da96334607eb6ac6aa\"},\"headline\":\"A depuradora de Vilasobroso segue sen funcionar 10 meses despois do remate das obras\",\"datePublished\":\"2022-05-20T08:00:13+00:00\",\"mainEntityOfPage\":{\"@id\":\"https:\\\/\\\/www.anovapeneira.gal\\\/index.php\\\/2022\\\/05\\\/20\\\/a-depuradora-de-vilasobroso-segue-sen-funcionar-10-meses-despois-do-remate-das-obras\\\/\"},\"wordCount\":343,\"commentCount\":0,\"publisher\":{\"@id\":\"https:\\\/\\\/www.anovapeneira.gal\\\/#organization\"},\"image\":{\"@id\":\"https:\\\/\\\/www.anovapeneira.gal\\\/index.php\\\/2022\\\/05\\\/20\\\/a-depuradora-de-vilasobroso-segue-sen-funcionar-10-meses-despois-do-remate-das-obras\\\/#primaryimage\"},\"thumbnailUrl\":\"https:\\\/\\\/www.anovapeneira.gal\\\/wp-content\\\/uploads\\\/2022\\\/05\\\/depuradora.jpg\",\"keywords\":[\"Concello de Mondariz\"],\"articleSection\":[\"Condado\"],\"inLanguage\":\"gl-ES\",\"potentialAction\":[{\"@type\":\"CommentAction\",\"name\":\"Comment\",\"target\":[\"https:\\\/\\\/www.anovapeneira.gal\\\/index.php\\\/2022\\\/05\\\/20\\\/a-depuradora-de-vilasobroso-segue-sen-funcionar-10-meses-despois-do-remate-das-obras\\\/#respond\"]}]},{\"@type\":\"WebPage\",\"@id\":\"https:\\\/\\\/www.anovapeneira.gal\\\/index.php\\\/2022\\\/05\\\/20\\\/a-depuradora-de-vilasobroso-segue-sen-funcionar-10-meses-despois-do-remate-das-obras\\\/\",\"url\":\"https:\\\/\\\/www.anovapeneira.gal\\\/index.php\\\/2022\\\/05\\\/20\\\/a-depuradora-de-vilasobroso-segue-sen-funcionar-10-meses-despois-do-remate-das-obras\\\/\",\"name\":\"A depuradora de Vilasobroso segue sen funcionar 10 meses despois do remate das obras -\",\"isPartOf\":{\"@id\":\"https:\\\/\\\/www.anovapeneira.gal\\\/#website\"},\"primaryImageOfPage\":{\"@id\":\"https:\\\/\\\/www.anovapeneira.gal\\\/index.php\\\/2022\\\/05\\\/20\\\/a-depuradora-de-vilasobroso-segue-sen-funcionar-10-meses-despois-do-remate-das-obras\\\/#primaryimage\"},\"image\":{\"@id\":\"https:\\\/\\\/www.anovapeneira.gal\\\/index.php\\\/2022\\\/05\\\/20\\\/a-depuradora-de-vilasobroso-segue-sen-funcionar-10-meses-despois-do-remate-das-obras\\\/#primaryimage\"},\"thumbnailUrl\":\"https:\\\/\\\/www.anovapeneira.gal\\\/wp-content\\\/uploads\\\/2022\\\/05\\\/depuradora.jpg\",\"datePublished\":\"2022-05-20T08:00:13+00:00\",\"description\":\"Os concelleiros Xo\u00e1n C. Montes e Tino Men\u00e9ndez comprobaron que a EDAR, pensada para dar servizo aos barrios da Pena e O Cruceiro, segue sen servizo despois de investir m\u00e1is de 137.000 \u20ac\",\"breadcrumb\":{\"@id\":\"https:\\\/\\\/www.anovapeneira.gal\\\/index.php\\\/2022\\\/05\\\/20\\\/a-depuradora-de-vilasobroso-segue-sen-funcionar-10-meses-despois-do-remate-das-obras\\\/#breadcrumb\"},\"inLanguage\":\"gl-ES\",\"potentialAction\":[{\"@type\":\"ReadAction\",\"target\":[\"https:\\\/\\\/www.anovapeneira.gal\\\/index.php\\\/2022\\\/05\\\/20\\\/a-depuradora-de-vilasobroso-segue-sen-funcionar-10-meses-despois-do-remate-das-obras\\\/\"]}]},{\"@type\":\"ImageObject\",\"inLanguage\":\"gl-ES\",\"@id\":\"https:\\\/\\\/www.anovapeneira.gal\\\/index.php\\\/2022\\\/05\\\/20\\\/a-depuradora-de-vilasobroso-segue-sen-funcionar-10-meses-despois-do-remate-das-obras\\\/#primaryimage\",\"url\":\"https:\\\/\\\/www.anovapeneira.gal\\\/wp-content\\\/uploads\\\/2022\\\/05\\\/depuradora.jpg\",\"contentUrl\":\"https:\\\/\\\/www.anovapeneira.gal\\\/wp-content\\\/uploads\\\/2022\\\/05\\\/depuradora.jpg\",\"width\":720,\"height\":432,\"caption\":\"Depuradora Vilasobroso\"},{\"@type\":\"BreadcrumbList\",\"@id\":\"https:\\\/\\\/www.anovapeneira.gal\\\/index.php\\\/2022\\\/05\\\/20\\\/a-depuradora-de-vilasobroso-segue-sen-funcionar-10-meses-despois-do-remate-das-obras\\\/#breadcrumb\",\"itemListElement\":[{\"@type\":\"ListItem\",\"position\":1,\"name\":\"Portada\",\"item\":\"https:\\\/\\\/www.anovapeneira.gal\\\/\"},{\"@type\":\"ListItem\",\"position\":2,\"name\":\"A depuradora de Vilasobroso segue sen funcionar 10 meses despois do remate das obras\"}]},{\"@type\":\"WebSite\",\"@id\":\"https:\\\/\\\/www.anovapeneira.gal\\\/#website\",\"url\":\"https:\\\/\\\/www.anovapeneira.gal\\\/\",\"name\":\"\",\"description\":\"Xornal galego de informaci\u00f3n xeral Publicaci\u00f3n mensual de novas de Galicia e en especial dos Concellos da sur da provincia de Pontevedra.\",\"publisher\":{\"@id\":\"https:\\\/\\\/www.anovapeneira.gal\\\/#organization\"},\"potentialAction\":[{\"@type\":\"SearchAction\",\"target\":{\"@type\":\"EntryPoint\",\"urlTemplate\":\"https:\\\/\\\/www.anovapeneira.gal\\\/?s={search_term_string}\"},\"query-input\":{\"@type\":\"PropertyValueSpecification\",\"valueRequired\":true,\"valueName\":\"search_term_string\"}}],\"inLanguage\":\"gl-ES\"},{\"@type\":\"Organization\",\"@id\":\"https:\\\/\\\/www.anovapeneira.gal\\\/#organization\",\"name\":\"A Nova Peneira\",\"url\":\"https:\\\/\\\/www.anovapeneira.gal\\\/\",\"logo\":{\"@type\":\"ImageObject\",\"inLanguage\":\"gl-ES\",\"@id\":\"https:\\\/\\\/www.anovapeneira.gal\\\/#\\\/schema\\\/logo\\\/image\\\/\",\"url\":\"http:\\\/\\\/www.anovapeneira.gal\\\/wp-content\\\/uploads\\\/2019\\\/06\\\/logo_a_nova_peneira_portal_web.png\",\"contentUrl\":\"http:\\\/\\\/www.anovapeneira.gal\\\/wp-content\\\/uploads\\\/2019\\\/06\\\/logo_a_nova_peneira_portal_web.png\",\"width\":300,\"height\":100,\"caption\":\"A Nova Peneira\"},\"image\":{\"@id\":\"https:\\\/\\\/www.anovapeneira.gal\\\/#\\\/schema\\\/logo\\\/image\\\/\"},\"sameAs\":[\"https:\\\/\\\/www.facebook.com\\\/anovapeneira\",\"https:\\\/\\\/x.com\\\/APeneira\"]},{\"@type\":\"Person\",\"@id\":\"https:\\\/\\\/www.anovapeneira.gal\\\/#\\\/schema\\\/person\\\/b93e3f8932e3f8da96334607eb6ac6aa\",\"name\":\"Redacci\u00f3n A Nova Peneira\",\"image\":{\"@type\":\"ImageObject\",\"inLanguage\":\"gl-ES\",\"@id\":\"https:\\\/\\\/secure.gravatar.com\\\/avatar\\\/c052a2551a06e23fac63626232eaa90abd78dbcf1700fc46a2b2c89fd27b735f?s=96&d=mm&r=g\",\"url\":\"https:\\\/\\\/secure.gravatar.com\\\/avatar\\\/c052a2551a06e23fac63626232eaa90abd78dbcf1700fc46a2b2c89fd27b735f?s=96&d=mm&r=g\",\"contentUrl\":\"https:\\\/\\\/secure.gravatar.com\\\/avatar\\\/c052a2551a06e23fac63626232eaa90abd78dbcf1700fc46a2b2c89fd27b735f?s=96&d=mm&r=g\",\"caption\":\"Redacci\u00f3n A Nova Peneira\"},\"sameAs\":[\"http:\\\/\\\/www.anovapeneira.gal\\\/\"],\"url\":\"https:\\\/\\\/www.anovapeneira.gal\\\/index.php\\\/author\\\/redactor\\\/\"}]}<\/script>\n<!-- \/ Yoast SEO plugin. -->","yoast_head_json":{"title":"A depuradora de Vilasobroso segue sen funcionar 10 meses despois do remate das obras -","description":"Os concelleiros Xo\u00e1n C. Montes e Tino Men\u00e9ndez comprobaron que a EDAR, pensada para dar servizo aos barrios da Pena e O Cruceiro, segue sen servizo despois de investir m\u00e1is de 137.000 \u20ac","robots":{"index":"index","follow":"follow","max-snippet":"max-snippet:-1","max-image-preview":"max-image-preview:large","max-video-preview":"max-video-preview:-1"},"canonical":"https:\/\/www.anovapeneira.gal\/index.php\/2022\/05\/20\/a-depuradora-de-vilasobroso-segue-sen-funcionar-10-meses-despois-do-remate-das-obras\/","og_locale":"gl_ES","og_type":"article","og_title":"A depuradora de Vilasobroso segue sen funcionar 10 meses despois do remate das obras -","og_description":"Os concelleiros Xo\u00e1n C. Montes e Tino Men\u00e9ndez comprobaron que a EDAR, pensada para dar servizo aos barrios da Pena e O Cruceiro, segue sen servizo despois de investir m\u00e1is de 137.000 \u20ac","og_url":"https:\/\/www.anovapeneira.gal\/index.php\/2022\/05\/20\/a-depuradora-de-vilasobroso-segue-sen-funcionar-10-meses-despois-do-remate-das-obras\/","article_publisher":"https:\/\/www.facebook.com\/anovapeneira","article_published_time":"2022-05-20T08:00:13+00:00","og_image":[{"width":720,"height":432,"url":"https:\/\/www.anovapeneira.gal\/wp-content\/uploads\/2022\/05\/depuradora.jpg","type":"image\/jpeg"}],"author":"Redacci\u00f3n A Nova Peneira","twitter_card":"summary_large_image","twitter_creator":"@APeneira","twitter_site":"@APeneira","twitter_misc":{"Escrito por":"Redacci\u00f3n A Nova Peneira","Tempo de lectura":"2 minutos"},"schema":{"@context":"https:\/\/schema.org","@graph":[{"@type":"Article","@id":"https:\/\/www.anovapeneira.gal\/index.php\/2022\/05\/20\/a-depuradora-de-vilasobroso-segue-sen-funcionar-10-meses-despois-do-remate-das-obras\/#article","isPartOf":{"@id":"https:\/\/www.anovapeneira.gal\/index.php\/2022\/05\/20\/a-depuradora-de-vilasobroso-segue-sen-funcionar-10-meses-despois-do-remate-das-obras\/"},"author":{"name":"Redacci\u00f3n A Nova Peneira","@id":"https:\/\/www.anovapeneira.gal\/#\/schema\/person\/b93e3f8932e3f8da96334607eb6ac6aa"},"headline":"A depuradora de Vilasobroso segue sen funcionar 10 meses despois do remate das obras","datePublished":"2022-05-20T08:00:13+00:00","mainEntityOfPage":{"@id":"https:\/\/www.anovapeneira.gal\/index.php\/2022\/05\/20\/a-depuradora-de-vilasobroso-segue-sen-funcionar-10-meses-despois-do-remate-das-obras\/"},"wordCount":343,"commentCount":0,"publisher":{"@id":"https:\/\/www.anovapeneira.gal\/#organization"},"image":{"@id":"https:\/\/www.anovapeneira.gal\/index.php\/2022\/05\/20\/a-depuradora-de-vilasobroso-segue-sen-funcionar-10-meses-despois-do-remate-das-obras\/#primaryimage"},"thumbnailUrl":"https:\/\/www.anovapeneira.gal\/wp-content\/uploads\/2022\/05\/depuradora.jpg","keywords":["Concello de Mondariz"],"articleSection":["Condado"],"inLanguage":"gl-ES","potentialAction":[{"@type":"CommentAction","name":"Comment","target":["https:\/\/www.anovapeneira.gal\/index.php\/2022\/05\/20\/a-depuradora-de-vilasobroso-segue-sen-funcionar-10-meses-despois-do-remate-das-obras\/#respond"]}]},{"@type":"WebPage","@id":"https:\/\/www.anovapeneira.gal\/index.php\/2022\/05\/20\/a-depuradora-de-vilasobroso-segue-sen-funcionar-10-meses-despois-do-remate-das-obras\/","url":"https:\/\/www.anovapeneira.gal\/index.php\/2022\/05\/20\/a-depuradora-de-vilasobroso-segue-sen-funcionar-10-meses-despois-do-remate-das-obras\/","name":"A depuradora de Vilasobroso segue sen funcionar 10 meses despois do remate das obras -","isPartOf":{"@id":"https:\/\/www.anovapeneira.gal\/#website"},"primaryImageOfPage":{"@id":"https:\/\/www.anovapeneira.gal\/index.php\/2022\/05\/20\/a-depuradora-de-vilasobroso-segue-sen-funcionar-10-meses-despois-do-remate-das-obras\/#primaryimage"},"image":{"@id":"https:\/\/www.anovapeneira.gal\/index.php\/2022\/05\/20\/a-depuradora-de-vilasobroso-segue-sen-funcionar-10-meses-despois-do-remate-das-obras\/#primaryimage"},"thumbnailUrl":"https:\/\/www.anovapeneira.gal\/wp-content\/uploads\/2022\/05\/depuradora.jpg","datePublished":"2022-05-20T08:00:13+00:00","description":"Os concelleiros Xo\u00e1n C. Montes e Tino Men\u00e9ndez comprobaron que a EDAR, pensada para dar servizo aos barrios da Pena e O Cruceiro, segue sen servizo despois de investir m\u00e1is de 137.000 \u20ac","breadcrumb":{"@id":"https:\/\/www.anovapeneira.gal\/index.php\/2022\/05\/20\/a-depuradora-de-vilasobroso-segue-sen-funcionar-10-meses-despois-do-remate-das-obras\/#breadcrumb"},"inLanguage":"gl-ES","potentialAction":[{"@type":"ReadAction","target":["https:\/\/www.anovapeneira.gal\/index.php\/2022\/05\/20\/a-depuradora-de-vilasobroso-segue-sen-funcionar-10-meses-despois-do-remate-das-obras\/"]}]},{"@type":"ImageObject","inLanguage":"gl-ES","@id":"https:\/\/www.anovapeneira.gal\/index.php\/2022\/05\/20\/a-depuradora-de-vilasobroso-segue-sen-funcionar-10-meses-despois-do-remate-das-obras\/#primaryimage","url":"https:\/\/www.anovapeneira.gal\/wp-content\/uploads\/2022\/05\/depuradora.jpg","contentUrl":"https:\/\/www.anovapeneira.gal\/wp-content\/uploads\/2022\/05\/depuradora.jpg","width":720,"height":432,"caption":"Depuradora Vilasobroso"},{"@type":"BreadcrumbList","@id":"https:\/\/www.anovapeneira.gal\/index.php\/2022\/05\/20\/a-depuradora-de-vilasobroso-segue-sen-funcionar-10-meses-despois-do-remate-das-obras\/#breadcrumb","itemListElement":[{"@type":"ListItem","position":1,"name":"Portada","item":"https:\/\/www.anovapeneira.gal\/"},{"@type":"ListItem","position":2,"name":"A depuradora de Vilasobroso segue sen funcionar 10 meses despois do remate das obras"}]},{"@type":"WebSite","@id":"https:\/\/www.anovapeneira.gal\/#website","url":"https:\/\/www.anovapeneira.gal\/","name":"","description":"Xornal galego de informaci\u00f3n xeral Publicaci\u00f3n mensual de novas de Galicia e en especial dos Concellos da sur da provincia de Pontevedra.","publisher":{"@id":"https:\/\/www.anovapeneira.gal\/#organization"},"potentialAction":[{"@type":"SearchAction","target":{"@type":"EntryPoint","urlTemplate":"https:\/\/www.anovapeneira.gal\/?s={search_term_string}"},"query-input":{"@type":"PropertyValueSpecification","valueRequired":true,"valueName":"search_term_string"}}],"inLanguage":"gl-ES"},{"@type":"Organization","@id":"https:\/\/www.anovapeneira.gal\/#organization","name":"A Nova Peneira","url":"https:\/\/www.anovapeneira.gal\/","logo":{"@type":"ImageObject","inLanguage":"gl-ES","@id":"https:\/\/www.anovapeneira.gal\/#\/schema\/logo\/image\/","url":"http:\/\/www.anovapeneira.gal\/wp-content\/uploads\/2019\/06\/logo_a_nova_peneira_portal_web.png","contentUrl":"http:\/\/www.anovapeneira.gal\/wp-content\/uploads\/2019\/06\/logo_a_nova_peneira_portal_web.png","width":300,"height":100,"caption":"A Nova Peneira"},"image":{"@id":"https:\/\/www.anovapeneira.gal\/#\/schema\/logo\/image\/"},"sameAs":["https:\/\/www.facebook.com\/anovapeneira","https:\/\/x.com\/APeneira"]},{"@type":"Person","@id":"https:\/\/www.anovapeneira.gal\/#\/schema\/person\/b93e3f8932e3f8da96334607eb6ac6aa","name":"Redacci\u00f3n A Nova Peneira","image":{"@type":"ImageObject","inLanguage":"gl-ES","@id":"https:\/\/secure.gravatar.com\/avatar\/c052a2551a06e23fac63626232eaa90abd78dbcf1700fc46a2b2c89fd27b735f?s=96&d=mm&r=g","url":"https:\/\/secure.gravatar.com\/avatar\/c052a2551a06e23fac63626232eaa90abd78dbcf1700fc46a2b2c89fd27b735f?s=96&d=mm&r=g","contentUrl":"https:\/\/secure.gravatar.com\/avatar\/c052a2551a06e23fac63626232eaa90abd78dbcf1700fc46a2b2c89fd27b735f?s=96&d=mm&r=g","caption":"Redacci\u00f3n A Nova Peneira"},"sameAs":["http:\/\/www.anovapeneira.gal\/"],"url":"https:\/\/www.anovapeneira.gal\/index.php\/author\/redactor\/"}]}},"jetpack_featured_media_url":"https:\/\/www.anovapeneira.gal\/wp-content\/uploads\/2022\/05\/depuradora.jpg","_links":{"self":[{"href":"https:\/\/www.anovapeneira.gal\/index.php\/wp-json\/wp\/v2\/posts\/7495","targetHints":{"allow":["GET"]}}],"collection":[{"href":"https:\/\/www.anovapeneira.gal\/index.php\/wp-json\/wp\/v2\/posts"}],"about":[{"href":"https:\/\/www.anovapeneira.gal\/index.php\/wp-json\/wp\/v2\/types\/post"}],"author":[{"embeddable":true,"href":"https:\/\/www.anovapeneira.gal\/index.php\/wp-json\/wp\/v2\/users\/3"}],"replies":[{"embeddable":true,"href":"https:\/\/www.anovapeneira.gal\/index.php\/wp-json\/wp\/v2\/comments?post=7495"}],"version-history":[{"count":1,"href":"https:\/\/www.anovapeneira.gal\/index.php\/wp-json\/wp\/v2\/posts\/7495\/revisions"}],"predecessor-version":[{"id":7496,"href":"https:\/\/www.anovapeneira.gal\/index.php\/wp-json\/wp\/v2\/posts\/7495\/revisions\/7496"}],"wp:featuredmedia":[{"embeddable":true,"href":"https:\/\/www.anovapeneira.gal\/index.php\/wp-json\/wp\/v2\/media\/7497"}],"wp:attachment":[{"href":"https:\/\/www.anovapeneira.gal\/index.php\/wp-json\/wp\/v2\/media?parent=7495"}],"wp:term":[{"taxonomy":"category","embeddable":true,"href":"https:\/\/www.anovapeneira.gal\/index.php\/wp-json\/wp\/v2\/categories?post=7495"},{"taxonomy":"post_tag","embeddable":true,"href":"https:\/\/www.anovapeneira.gal\/index.php\/wp-json\/wp\/v2\/tags?post=7495"}],"curies":[{"name":"wp","href":"https:\/\/api.w.org\/{rel}","templated":true}]}}