{"id":7498,"date":"2022-05-20T12:00:04","date_gmt":"2022-05-20T10:00:04","guid":{"rendered":"https:\/\/www.anovapeneira.gal\/?p=7498"},"modified":"2022-05-14T12:25:24","modified_gmt":"2022-05-14T10:25:24","slug":"somos-mos-e-o-mos-que-non-e-mos","status":"publish","type":"post","link":"https:\/\/www.anovapeneira.gal\/index.php\/2022\/05\/20\/somos-mos-e-o-mos-que-non-e-mos\/","title":{"rendered":"\u201c Somos Mos\u201d e o Mos que non \u00e9 Mos"},"content":{"rendered":"\n<pre class=\"wp-block-verse\"><strong>Tino Lago<\/strong><\/pre>\n\n\n\n<p>\u201c<strong>O Patriotismo \u00e9 o \u00faltimo refuxio dun canalla\u201d<\/strong><\/p>\n\n\n\n<p><strong>Samuel Jhonson<\/strong><\/p>\n\n\n\n<p><strong>O slogan cacof\u00f3nico, oco, e carente de significado real \u201cSomos Mos\u201d \u00e9 co que o goberno pretende que os veci\u00f1os e veci\u00f1as deste concello sintan o orgullo de pertencer ao devandito municipio. Pero o problema \u00e9 que non \u00e9 verdade, pois este goberno non amosa na s\u00faa praxe ning\u00fan fundamento para que ningu\u00e9n, que te\u00f1a ollos para ver e o\u00eddos para escoitar, poida sentirse orgulloso de nada. A menos que te\u00f1a alg\u00fan interese persoal en que a situaci\u00f3n pol\u00edtica do concello non mude claro. Como \u00e9 posible sentir orgullo de quen practica o cancro que leva padecendo Galicia desde a noite dos tempos?: a polarizaci\u00f3n da sociedade en amigos, para os que hai todo, e inimigos, para os que s\u00f3 hai desprezo. Hai un Mos digno, libre, valente e combativo que non cabe no pueril slogan de pacotilla que non significa nada do que pretende significar. Ese Mos que traballa polo ben com\u00fan pero que non lle ri as grazas a quen non ten ningunha graza ,e que non se deixa mercar por unha palmadi\u00f1a no lombo, \u00e9 o que si \u00e9 Mos de verdade pois \u00e9 parte do m\u00e1is decente da s\u00faa sociedade. A Asociaci\u00f3n viaxaMos no tempo leva m\u00e1is de 20 anos dedicando tempo, esforzo e toneladas de ilusi\u00f3n na organizaci\u00f3n de actividades culturais e l\u00fadicas do seu concello. E o \u00fanico que reciben do goberno municipal \u00e9 desprezo. N\u00f3s falamos con Marcos Escudero, un dos seus integrantes<\/strong><\/p>\n\n\n\n<p><strong>Marcos Escudero da asociaci\u00f3n cultural \u201cViaxaMos no tempo\u201d de Mos<\/strong><\/p>\n\n\n\n<p><strong>A festa de Arde o Pazo organ\u00edzaa a vosa asociaci\u00f3n verdade?<\/strong><\/p>\n\n\n\n<blockquote class=\"wp-block-quote is-layout-flow wp-block-quote-is-layout-flow\"><p>Si, organ\u00edzaa a nosa asociaci\u00f3n<\/p><\/blockquote>\n\n\n\n<p><strong>Cando se creou esta asociaci\u00f3n?<\/strong><\/p>\n\n\n\n<blockquote class=\"wp-block-quote is-layout-flow wp-block-quote-is-layout-flow\"><p>Xa ten uns ani\u00f1os. Foi en 1999 pero con outro nome. Inicialmente fomos a asociaci\u00f3n xuvenil \u201c Mosqueo colectivo\u201d, logo fomos a \u201cAsociaci\u00f3n Festa da Prehistoria\u201d e finalmente chegamos a \u201cViaxamos no tempo\u201d<\/p><\/blockquote>\n\n\n\n<p><strong>Cales son as actividades da asociaci\u00f3n Viaxamos no Tempo?<\/strong><\/p>\n\n\n\n<blockquote class=\"wp-block-quote is-layout-flow wp-block-quote-is-layout-flow\"><p>As m\u00e1is importantes son a organizaci\u00f3n de \u201cArde o Pazo\u201d, e da \u201cFesta da Prehistoria\u201d. Tam\u00e9n levamos o mantemento do sendeiro hist\u00f3rico de Mos e a conservaci\u00f3n do patrimonio arqueol\u00f3xico.<\/p><\/blockquote>\n\n\n\n<p><strong>Que \u00e9 o sendeiro hist\u00f3rico de Mos?<\/strong><\/p>\n\n\n\n<blockquote class=\"wp-block-quote is-layout-flow wp-block-quote-is-layout-flow\"><p>\u00c9 o primeiro sendeiro homologado pola federaci\u00f3n de monta\u00f1ismo que hai no Concello de Mos.<\/p><\/blockquote>\n\n\n\n<p><strong>Desde onde e ata onde vai?<\/strong><\/p>\n\n\n\n<blockquote class=\"wp-block-quote is-layout-flow wp-block-quote-is-layout-flow\"><p>Sae e regresa ao Pazo de Mos, pasando polos puntos m\u00e1is importantes do patrimonio que hai na parroquia de Mos.<\/p><\/blockquote>\n\n\n\n<p><strong>Que lonxitude ten?<\/strong><\/p>\n\n\n\n<blockquote class=\"wp-block-quote is-layout-flow wp-block-quote-is-layout-flow\"><p>Ten sobre 17 km e faise nunhas 5 horas. Sae do n\u00facleo hist\u00f3rico que foi capital do Concello, sobe polo monte, chega ata a extrema con Ponteareas e logo baixa.Neste sendeiro tam\u00e9n tratamos desde o inicio facer labores de mantemento para que estea en boas condici\u00f3ns para facer o roteiro. Cando comezamos gobernaba o bipartito con Chus Escudeiro de alcaldesa e Diego L\u00f3pez de concelleiro, axud\u00e1bannos a manter o carreiro, pero cada ano isto vai a menos. Xa non temos esa axuda. Non nos po\u00f1en nin nos seus cat\u00e1logos de promoci\u00f3n do Concello.<\/p><\/blockquote>\n\n\n\n<p><strong>Cando comezastes coa festa da prehistoria?<\/strong><\/p>\n\n\n\n<blockquote class=\"wp-block-quote is-layout-flow wp-block-quote-is-layout-flow\"><p>A festa da prehistoria empezou no ano 2001-2002 ata hoxe.<\/p><\/blockquote>\n\n\n\n<p><strong>Tivestes que parar pola pandemia?<\/strong><\/p>\n\n\n\n<blockquote class=\"wp-block-quote is-layout-flow wp-block-quote-is-layout-flow\"><p>Si, paramos dous anos.<\/p><\/blockquote>\n\n\n\n<p><strong>En que data se celebra?<\/strong><\/p>\n\n\n\n<blockquote class=\"wp-block-quote is-layout-flow wp-block-quote-is-layout-flow\"><p>Sempre na segunda fin de semana de agosto.<\/p><\/blockquote>\n\n\n\n<blockquote class=\"wp-block-quote is-layout-flow wp-block-quote-is-layout-flow\"><p>Nesta festa tivemos que cambiar a formulaci\u00f3n. Entre os 10 ou 12 primeiros anos a festa creceu moit\u00edsimo e evolucionou a un punto que non nos gustaba nada pois estaba a converterse nun botell\u00f3n. Tivemos que reverter esta situaci\u00f3n e centramos as actividades en facer escavaci\u00f3ns arqueol\u00f3xicas e a sinalizaci\u00f3n de Petr\u00f3glifos. Logo facemos unha pequena festa para dar conta ao p\u00fablico dos resultados destas intervenci\u00f3ns.<\/p><\/blockquote>\n\n\n\n<p><strong>A festa de arde Pazo. Cando xurdiu?<\/strong><\/p>\n\n\n\n<blockquote class=\"wp-block-quote is-layout-flow wp-block-quote-is-layout-flow\"><p>Xurdiu xusto no bicentenario do incendio do Pazo de Mos por parte das tropas francesas en 1809. No 2009, ano no que se reinauguraba o Pazo despois da intervenci\u00f3n dos veci\u00f1os que investiron o di\u00f1eiro da Comunidade de Montes e os seus esforzos en rehabilitalo. Levamos 12 edici\u00f3ns pois tam\u00e9n tivemos que parar dous por mor da pandemia.<\/p><\/blockquote>\n\n\n\n<p><strong>En que consiste e cando se celebra esta festa?<\/strong><\/p>\n\n\n\n<blockquote class=\"wp-block-quote is-layout-flow wp-block-quote-is-layout-flow\"><p>Cel\u00e9brase no mes de abril, data na que os franceses chegaron de Tui e plant\u00e1ronlle lume. Consiste en recrear ese d\u00eda para dar a co\u00f1ecer a a historia do Pazo. Hai veci\u00f1os importantes do lugar que loitaron contra os franceses. F\u00edxate se foi relevante a presencia de Mos que cando caeu a primeira porta de Vigo, a da Gamboa, nela estaba a loitar xente de San Antoni\u00f1o.<\/p><\/blockquote>\n\n\n\n<p><strong>Ben, xa fixestes Arde o Pazo e agora toca a prehistoria?<\/strong><\/p>\n\n\n\n<blockquote class=\"wp-block-quote is-layout-flow wp-block-quote-is-layout-flow\"><p>Veremos. A verdade \u00e9 que os meus \u00e1nimos non est\u00e1n por investir moito m\u00e1is tempo en Mos.<\/p><\/blockquote>\n\n\n\n<p><strong>Por que?<\/strong><\/p>\n\n\n\n<blockquote class=\"wp-block-quote is-layout-flow wp-block-quote-is-layout-flow\"><p>Desde hai anos vimos vendo que ese slogan tan co\u00f1ecido do noso pobo \u201cSomos Mos\u201d non se aplica no noso caso.<\/p><\/blockquote>\n\n\n\n<p><strong>E logo, v\u00f3s non sodes amigos do goberno local?<\/strong><\/p>\n\n\n\n<blockquote class=\"wp-block-quote is-layout-flow wp-block-quote-is-layout-flow\"><p>Non quero entrar nesas cualificaci\u00f3ns de amigos si ou non. O que podo dicir \u00e9 que n\u00f3s non Somos Mos.<\/p><\/blockquote>\n\n\n\n<p><strong>Como valoras esta primeira edici\u00f3n de Arde o Pazo despois da pandemia?<\/strong><\/p>\n\n\n\n<blockquote class=\"wp-block-quote is-layout-flow wp-block-quote-is-layout-flow\"><p>O p\u00fablico valorouna moi ben e quedou moi contento cos cambios que houbo. Eu, como formo parte da organizaci\u00f3n, quero facelo de forma moi cauta. Dicir tam\u00e9n que como organizaci\u00f3n tivemos moit\u00edsimos problemas.<\/p><\/blockquote>\n\n\n\n<p><strong>Por que?<\/strong><\/p>\n\n\n\n<blockquote class=\"wp-block-quote is-layout-flow wp-block-quote-is-layout-flow\"><p>A \u00faltima hora tivemos que buscar a empresa que nos fac\u00eda o espect\u00e1culo do incendio e a empresa de c\u00e1tering de comida para os participantes. Todo por accidentes dos empresarios que ti\u00f1amos contratados, mesmo alg\u00fan tivo que pasar por quir\u00f3fano, ou problemas de sa\u00fade de familiares de membros da organizaci\u00f3n, chegamos a pensar que ti\u00f1amos alg\u00fan encantamento. Todos os anos temos participaci\u00f3n de carros de bois e o xoves, antes da festa morreu un dos bois, todo foron problemas e accidentes.<\/p><\/blockquote>\n\n\n\n<blockquote class=\"wp-block-quote is-layout-flow wp-block-quote-is-layout-flow\"><p>Mesmo tivemos que loitar contra as previsi\u00f3ns do tempo, daban choiva para toda esa semana e xusto o d\u00eda da festa deu unha tregua e non choveu, pero estivemos toda a semana valorando se hab\u00eda que suspendela festa.<\/p><\/blockquote>\n\n\n\n<p><strong>Co Concello, que tal?<\/strong><\/p>\n\n\n\n<blockquote class=\"wp-block-quote is-layout-flow wp-block-quote-is-layout-flow\"><p>O Concello pasa de n\u00f3s .<\/p><\/blockquote>\n\n\n\n<p><strong>Cando se iniciou este desleixo co Arde o Pazo por parte do Concello?<\/strong><\/p>\n\n\n\n<blockquote class=\"wp-block-quote is-layout-flow wp-block-quote-is-layout-flow\"><p>Eu creo que o concello non sabe diferenciar entre as opini\u00f3ns persoais que puideramos ter os membros da nosa asociaci\u00f3n e a organizaci\u00f3n da festa. N\u00f3s como organizaci\u00f3n, de calquera das d\u00faas festas que facemos ,nunca dixemos 1\/2 palabra mala do noso Concello.<\/p><\/blockquote>\n\n\n\n<p><strong>Ent\u00f3n ent\u00e9ndese que como non sodes af\u00edn ao Goberno d\u00e9ixanvos de lado?<\/strong><\/p>\n\n\n\n<blockquote class=\"wp-block-quote is-layout-flow wp-block-quote-is-layout-flow\"><p>Penso que \u00e9 isto claramente.<\/p><\/blockquote>\n\n\n\n<p><strong>Como se financia Arde o Pazo ?<\/strong><\/p>\n\n\n\n<blockquote class=\"wp-block-quote is-layout-flow wp-block-quote-is-layout-flow\"><p>Desde hai 5 anos con recursos propios procedentes dun grupo de teatro, de monicreques . Tam\u00e9n buscamos colaboraci\u00f3ns publicitarias de empresas. Contamos coa axuda da Comunidade de Montes de Mos e unha colaboraci\u00f3n importante da Deputaci\u00f3n de Pontevedra.<\/p><\/blockquote>\n\n\n\n<p><strong>Coment\u00e1basme, Marcos, que os teus \u00e1nimos non estaban por investir moito tempo en Mos. A opini\u00f3n do resto de membros da organizaci\u00f3n de ViaxaMos no Tempo \u00e9 a mesma?<\/strong><\/p>\n\n\n\n<blockquote class=\"wp-block-quote is-layout-flow wp-block-quote-is-layout-flow\"><p>En Arde o Pazo si que a\u00ednda hai algo de \u00e1nimo porque \u00e9 unha festa que d\u00e1 satisfacci\u00f3n, pero nas outras actividades, vendo que a falta de apoio \u00e9 considerable, non temos moito \u00e1nimo.<\/p><\/blockquote>\n\n\n\n<p><strong>Hai posibilidades de que desapareza a festa da prehistoria?<\/strong><\/p>\n\n\n\n<blockquote class=\"wp-block-quote is-layout-flow wp-block-quote-is-layout-flow\"><p>Pois non o sei. A asociaci\u00f3n ViaxaMos no Tempo \u00edmonos trasladar ao Concello de Cangas, imos facer unha festa neste Concello. Como non Somos Mos o goberno de Mos ign\u00f3ranos ,pero afortunadamente somos ben recibidos noutros concellos.<\/p><\/blockquote>\n\n\n\n<blockquote class=\"wp-block-quote is-layout-flow wp-block-quote-is-layout-flow\"><p>En Cangas imos facer a Festa do Canteiro coa colaboraci\u00f3n co Concello a trav\u00e9s da concelleira de Cultura, Aurora, e coa Asociaci\u00f3n de Veci\u00f1os de H\u00edo.<\/p><\/blockquote>\n\n\n\n<p><strong>Para terminar Marcos, hai posibilidades de que para o 2023 non exista Arde o Pazo?<\/strong><\/p>\n\n\n\n<blockquote class=\"wp-block-quote is-layout-flow wp-block-quote-is-layout-flow\"><p>Non son futur\u00f3logo, pero o noso \u00e1nimo \u00e9 seguir con esta festa. Dicirche que si hai cousas que nos botan para atr\u00e1s ou nos desaniman. Por exemplo, a parroquia de Pereiras fixo unha intervenci\u00f3n arqueol\u00f3xica o ano pasado no Castro de Pereiras pola que recibiu axuda do Concello e da Xunta de Galicia. N\u00f3s alegr\u00e1monos por isto porque un dos nosos obxectivos \u00e9 a defensa do patrimonio arqueol\u00f3xico do Concello, pero n\u00f3s fixemos d\u00faas intervenci\u00f3ns arqueol\u00f3xicas no Castelo de Mos nos anos 2018 e 2019. Investimos uns 16.000\u20ac e non recibimos ningunha axuda, nin do Concello nin da Xunta de Galicia. Ver como a outras parroquias se lles dan axudas e a n\u00f3s non, non nos parece xusto.<\/p><\/blockquote>\n","protected":false},"excerpt":{"rendered":"<div class=\"mh-excerpt\"><p>O slogan cacof\u00f3nico, oco, e carente de significado real \u201cSomos Mos\u201d \u00e9 co que o goberno pretende que os veci\u00f1os e veci\u00f1as deste concello sintan o orgullo de pertencer ao devandito municipio <a class=\"mh-excerpt-more\" href=\"https:\/\/www.anovapeneira.gal\/index.php\/2022\/05\/20\/somos-mos-e-o-mos-que-non-e-mos\/\" title=\"\u201c Somos Mos\u201d e o Mos que non \u00e9 Mos\">[&#8230;]<\/a><\/p>\n<\/div>","protected":false},"author":2,"featured_media":7499,"comment_status":"open","ping_status":"open","sticky":false,"template":"","format":"standard","meta":{"_exactmetrics_skip_tracking":false,"_exactmetrics_sitenote_active":false,"_exactmetrics_sitenote_note":"","_exactmetrics_sitenote_category":0,"footnotes":""},"categories":[23],"tags":[218],"class_list":{"0":"post-7498","1":"post","2":"type-post","3":"status-publish","4":"format-standard","5":"has-post-thumbnail","7":"category-a-lourina","8":"tag-concello-de-mos"},"yoast_head":"<!-- This site is optimized with the Yoast SEO plugin v27.4 - https:\/\/yoast.com\/product\/yoast-seo-wordpress\/ -->\n<title>\u201c Somos Mos\u201d e o Mos que non \u00e9 Mos -<\/title>\n<meta name=\"description\" content=\"O slogan cacof\u00f3nico, oco, e carente de significado real \u201cSomos Mos\u201d \u00e9 co que o goberno pretende que os veci\u00f1os e veci\u00f1as deste concello sintan o orgullo de pertencer ao devandito municipio\" \/>\n<meta name=\"robots\" content=\"index, follow, max-snippet:-1, max-image-preview:large, max-video-preview:-1\" \/>\n<link rel=\"canonical\" href=\"https:\/\/www.anovapeneira.gal\/index.php\/2022\/05\/20\/somos-mos-e-o-mos-que-non-e-mos\/\" \/>\n<meta property=\"og:locale\" content=\"gl_ES\" \/>\n<meta property=\"og:type\" content=\"article\" \/>\n<meta property=\"og:title\" content=\"\u201c Somos Mos\u201d e o Mos que non \u00e9 Mos -\" \/>\n<meta property=\"og:description\" content=\"O slogan cacof\u00f3nico, oco, e carente de significado real \u201cSomos Mos\u201d \u00e9 co que o goberno pretende que os veci\u00f1os e veci\u00f1as deste concello sintan o orgullo de pertencer ao devandito municipio\" \/>\n<meta property=\"og:url\" content=\"https:\/\/www.anovapeneira.gal\/index.php\/2022\/05\/20\/somos-mos-e-o-mos-que-non-e-mos\/\" \/>\n<meta property=\"article:publisher\" content=\"https:\/\/www.facebook.com\/anovapeneira\" \/>\n<meta property=\"article:published_time\" content=\"2022-05-20T10:00:04+00:00\" \/>\n<meta property=\"og:image\" content=\"https:\/\/www.anovapeneira.gal\/wp-content\/uploads\/2022\/05\/Marcos-Mos-scaled.jpg\" \/>\n\t<meta property=\"og:image:width\" content=\"2560\" \/>\n\t<meta property=\"og:image:height\" content=\"1920\" \/>\n\t<meta property=\"og:image:type\" content=\"image\/jpeg\" \/>\n<meta name=\"author\" content=\"Tino Lago\" \/>\n<meta name=\"twitter:card\" content=\"summary_large_image\" \/>\n<meta name=\"twitter:creator\" content=\"@APeneira\" \/>\n<meta name=\"twitter:site\" content=\"@APeneira\" \/>\n<meta name=\"twitter:label1\" content=\"Escrito por\" \/>\n\t<meta name=\"twitter:data1\" content=\"Tino Lago\" \/>\n\t<meta name=\"twitter:label2\" content=\"Tempo de lectura\" \/>\n\t<meta name=\"twitter:data2\" content=\"8 minutos\" \/>\n<script type=\"application\/ld+json\" class=\"yoast-schema-graph\">{\"@context\":\"https:\\\/\\\/schema.org\",\"@graph\":[{\"@type\":\"Article\",\"@id\":\"https:\\\/\\\/www.anovapeneira.gal\\\/index.php\\\/2022\\\/05\\\/20\\\/somos-mos-e-o-mos-que-non-e-mos\\\/#article\",\"isPartOf\":{\"@id\":\"https:\\\/\\\/www.anovapeneira.gal\\\/index.php\\\/2022\\\/05\\\/20\\\/somos-mos-e-o-mos-que-non-e-mos\\\/\"},\"author\":{\"name\":\"Tino Lago\",\"@id\":\"https:\\\/\\\/www.anovapeneira.gal\\\/#\\\/schema\\\/person\\\/424dfe65e3070fd8a44d22d2c088762a\"},\"headline\":\"\u201c Somos Mos\u201d e o Mos que non \u00e9 Mos\",\"datePublished\":\"2022-05-20T10:00:04+00:00\",\"mainEntityOfPage\":{\"@id\":\"https:\\\/\\\/www.anovapeneira.gal\\\/index.php\\\/2022\\\/05\\\/20\\\/somos-mos-e-o-mos-que-non-e-mos\\\/\"},\"wordCount\":1494,\"commentCount\":0,\"publisher\":{\"@id\":\"https:\\\/\\\/www.anovapeneira.gal\\\/#organization\"},\"image\":{\"@id\":\"https:\\\/\\\/www.anovapeneira.gal\\\/index.php\\\/2022\\\/05\\\/20\\\/somos-mos-e-o-mos-que-non-e-mos\\\/#primaryimage\"},\"thumbnailUrl\":\"https:\\\/\\\/www.anovapeneira.gal\\\/wp-content\\\/uploads\\\/2022\\\/05\\\/Marcos-Mos-scaled.jpg\",\"keywords\":[\"Concello de Mos\"],\"articleSection\":[\"A Louri\u00f1a\"],\"inLanguage\":\"gl-ES\",\"potentialAction\":[{\"@type\":\"CommentAction\",\"name\":\"Comment\",\"target\":[\"https:\\\/\\\/www.anovapeneira.gal\\\/index.php\\\/2022\\\/05\\\/20\\\/somos-mos-e-o-mos-que-non-e-mos\\\/#respond\"]}]},{\"@type\":\"WebPage\",\"@id\":\"https:\\\/\\\/www.anovapeneira.gal\\\/index.php\\\/2022\\\/05\\\/20\\\/somos-mos-e-o-mos-que-non-e-mos\\\/\",\"url\":\"https:\\\/\\\/www.anovapeneira.gal\\\/index.php\\\/2022\\\/05\\\/20\\\/somos-mos-e-o-mos-que-non-e-mos\\\/\",\"name\":\"\u201c Somos Mos\u201d e o Mos que non \u00e9 Mos -\",\"isPartOf\":{\"@id\":\"https:\\\/\\\/www.anovapeneira.gal\\\/#website\"},\"primaryImageOfPage\":{\"@id\":\"https:\\\/\\\/www.anovapeneira.gal\\\/index.php\\\/2022\\\/05\\\/20\\\/somos-mos-e-o-mos-que-non-e-mos\\\/#primaryimage\"},\"image\":{\"@id\":\"https:\\\/\\\/www.anovapeneira.gal\\\/index.php\\\/2022\\\/05\\\/20\\\/somos-mos-e-o-mos-que-non-e-mos\\\/#primaryimage\"},\"thumbnailUrl\":\"https:\\\/\\\/www.anovapeneira.gal\\\/wp-content\\\/uploads\\\/2022\\\/05\\\/Marcos-Mos-scaled.jpg\",\"datePublished\":\"2022-05-20T10:00:04+00:00\",\"description\":\"O slogan cacof\u00f3nico, oco, e carente de significado real \u201cSomos Mos\u201d \u00e9 co que o goberno pretende que os veci\u00f1os e veci\u00f1as deste concello sintan o orgullo de pertencer ao devandito municipio\",\"breadcrumb\":{\"@id\":\"https:\\\/\\\/www.anovapeneira.gal\\\/index.php\\\/2022\\\/05\\\/20\\\/somos-mos-e-o-mos-que-non-e-mos\\\/#breadcrumb\"},\"inLanguage\":\"gl-ES\",\"potentialAction\":[{\"@type\":\"ReadAction\",\"target\":[\"https:\\\/\\\/www.anovapeneira.gal\\\/index.php\\\/2022\\\/05\\\/20\\\/somos-mos-e-o-mos-que-non-e-mos\\\/\"]}]},{\"@type\":\"ImageObject\",\"inLanguage\":\"gl-ES\",\"@id\":\"https:\\\/\\\/www.anovapeneira.gal\\\/index.php\\\/2022\\\/05\\\/20\\\/somos-mos-e-o-mos-que-non-e-mos\\\/#primaryimage\",\"url\":\"https:\\\/\\\/www.anovapeneira.gal\\\/wp-content\\\/uploads\\\/2022\\\/05\\\/Marcos-Mos-scaled.jpg\",\"contentUrl\":\"https:\\\/\\\/www.anovapeneira.gal\\\/wp-content\\\/uploads\\\/2022\\\/05\\\/Marcos-Mos-scaled.jpg\",\"width\":2560,\"height\":1920,\"caption\":\"\u201c Somos Mos\u201d e o Mos que non \u00e9 Mos\"},{\"@type\":\"BreadcrumbList\",\"@id\":\"https:\\\/\\\/www.anovapeneira.gal\\\/index.php\\\/2022\\\/05\\\/20\\\/somos-mos-e-o-mos-que-non-e-mos\\\/#breadcrumb\",\"itemListElement\":[{\"@type\":\"ListItem\",\"position\":1,\"name\":\"Portada\",\"item\":\"https:\\\/\\\/www.anovapeneira.gal\\\/\"},{\"@type\":\"ListItem\",\"position\":2,\"name\":\"\u201c Somos Mos\u201d e o Mos que non \u00e9 Mos\"}]},{\"@type\":\"WebSite\",\"@id\":\"https:\\\/\\\/www.anovapeneira.gal\\\/#website\",\"url\":\"https:\\\/\\\/www.anovapeneira.gal\\\/\",\"name\":\"\",\"description\":\"Xornal galego de informaci\u00f3n xeral Publicaci\u00f3n mensual de novas de Galicia e en especial dos Concellos da sur da provincia de Pontevedra.\",\"publisher\":{\"@id\":\"https:\\\/\\\/www.anovapeneira.gal\\\/#organization\"},\"potentialAction\":[{\"@type\":\"SearchAction\",\"target\":{\"@type\":\"EntryPoint\",\"urlTemplate\":\"https:\\\/\\\/www.anovapeneira.gal\\\/?s={search_term_string}\"},\"query-input\":{\"@type\":\"PropertyValueSpecification\",\"valueRequired\":true,\"valueName\":\"search_term_string\"}}],\"inLanguage\":\"gl-ES\"},{\"@type\":\"Organization\",\"@id\":\"https:\\\/\\\/www.anovapeneira.gal\\\/#organization\",\"name\":\"A Nova Peneira\",\"url\":\"https:\\\/\\\/www.anovapeneira.gal\\\/\",\"logo\":{\"@type\":\"ImageObject\",\"inLanguage\":\"gl-ES\",\"@id\":\"https:\\\/\\\/www.anovapeneira.gal\\\/#\\\/schema\\\/logo\\\/image\\\/\",\"url\":\"http:\\\/\\\/www.anovapeneira.gal\\\/wp-content\\\/uploads\\\/2019\\\/06\\\/logo_a_nova_peneira_portal_web.png\",\"contentUrl\":\"http:\\\/\\\/www.anovapeneira.gal\\\/wp-content\\\/uploads\\\/2019\\\/06\\\/logo_a_nova_peneira_portal_web.png\",\"width\":300,\"height\":100,\"caption\":\"A Nova Peneira\"},\"image\":{\"@id\":\"https:\\\/\\\/www.anovapeneira.gal\\\/#\\\/schema\\\/logo\\\/image\\\/\"},\"sameAs\":[\"https:\\\/\\\/www.facebook.com\\\/anovapeneira\",\"https:\\\/\\\/x.com\\\/APeneira\"]},{\"@type\":\"Person\",\"@id\":\"https:\\\/\\\/www.anovapeneira.gal\\\/#\\\/schema\\\/person\\\/424dfe65e3070fd8a44d22d2c088762a\",\"name\":\"Tino Lago\",\"image\":{\"@type\":\"ImageObject\",\"inLanguage\":\"gl-ES\",\"@id\":\"https:\\\/\\\/secure.gravatar.com\\\/avatar\\\/b3df6a06e44bab3111583b90f0f33a0379ee5e3d22cbadd232d39f21c30c62be?s=96&d=mm&r=g\",\"url\":\"https:\\\/\\\/secure.gravatar.com\\\/avatar\\\/b3df6a06e44bab3111583b90f0f33a0379ee5e3d22cbadd232d39f21c30c62be?s=96&d=mm&r=g\",\"contentUrl\":\"https:\\\/\\\/secure.gravatar.com\\\/avatar\\\/b3df6a06e44bab3111583b90f0f33a0379ee5e3d22cbadd232d39f21c30c62be?s=96&d=mm&r=g\",\"caption\":\"Tino Lago\"},\"sameAs\":[\"http:\\\/\\\/www.anovapeneira.gal\"],\"url\":\"https:\\\/\\\/www.anovapeneira.gal\\\/index.php\\\/author\\\/director\\\/\"}]}<\/script>\n<!-- \/ Yoast SEO plugin. -->","yoast_head_json":{"title":"\u201c Somos Mos\u201d e o Mos que non \u00e9 Mos -","description":"O slogan cacof\u00f3nico, oco, e carente de significado real \u201cSomos Mos\u201d \u00e9 co que o goberno pretende que os veci\u00f1os e veci\u00f1as deste concello sintan o orgullo de pertencer ao devandito municipio","robots":{"index":"index","follow":"follow","max-snippet":"max-snippet:-1","max-image-preview":"max-image-preview:large","max-video-preview":"max-video-preview:-1"},"canonical":"https:\/\/www.anovapeneira.gal\/index.php\/2022\/05\/20\/somos-mos-e-o-mos-que-non-e-mos\/","og_locale":"gl_ES","og_type":"article","og_title":"\u201c Somos Mos\u201d e o Mos que non \u00e9 Mos -","og_description":"O slogan cacof\u00f3nico, oco, e carente de significado real \u201cSomos Mos\u201d \u00e9 co que o goberno pretende que os veci\u00f1os e veci\u00f1as deste concello sintan o orgullo de pertencer ao devandito municipio","og_url":"https:\/\/www.anovapeneira.gal\/index.php\/2022\/05\/20\/somos-mos-e-o-mos-que-non-e-mos\/","article_publisher":"https:\/\/www.facebook.com\/anovapeneira","article_published_time":"2022-05-20T10:00:04+00:00","og_image":[{"width":2560,"height":1920,"url":"https:\/\/www.anovapeneira.gal\/wp-content\/uploads\/2022\/05\/Marcos-Mos-scaled.jpg","type":"image\/jpeg"}],"author":"Tino Lago","twitter_card":"summary_large_image","twitter_creator":"@APeneira","twitter_site":"@APeneira","twitter_misc":{"Escrito por":"Tino Lago","Tempo de lectura":"8 minutos"},"schema":{"@context":"https:\/\/schema.org","@graph":[{"@type":"Article","@id":"https:\/\/www.anovapeneira.gal\/index.php\/2022\/05\/20\/somos-mos-e-o-mos-que-non-e-mos\/#article","isPartOf":{"@id":"https:\/\/www.anovapeneira.gal\/index.php\/2022\/05\/20\/somos-mos-e-o-mos-que-non-e-mos\/"},"author":{"name":"Tino Lago","@id":"https:\/\/www.anovapeneira.gal\/#\/schema\/person\/424dfe65e3070fd8a44d22d2c088762a"},"headline":"\u201c Somos Mos\u201d e o Mos que non \u00e9 Mos","datePublished":"2022-05-20T10:00:04+00:00","mainEntityOfPage":{"@id":"https:\/\/www.anovapeneira.gal\/index.php\/2022\/05\/20\/somos-mos-e-o-mos-que-non-e-mos\/"},"wordCount":1494,"commentCount":0,"publisher":{"@id":"https:\/\/www.anovapeneira.gal\/#organization"},"image":{"@id":"https:\/\/www.anovapeneira.gal\/index.php\/2022\/05\/20\/somos-mos-e-o-mos-que-non-e-mos\/#primaryimage"},"thumbnailUrl":"https:\/\/www.anovapeneira.gal\/wp-content\/uploads\/2022\/05\/Marcos-Mos-scaled.jpg","keywords":["Concello de Mos"],"articleSection":["A Louri\u00f1a"],"inLanguage":"gl-ES","potentialAction":[{"@type":"CommentAction","name":"Comment","target":["https:\/\/www.anovapeneira.gal\/index.php\/2022\/05\/20\/somos-mos-e-o-mos-que-non-e-mos\/#respond"]}]},{"@type":"WebPage","@id":"https:\/\/www.anovapeneira.gal\/index.php\/2022\/05\/20\/somos-mos-e-o-mos-que-non-e-mos\/","url":"https:\/\/www.anovapeneira.gal\/index.php\/2022\/05\/20\/somos-mos-e-o-mos-que-non-e-mos\/","name":"\u201c Somos Mos\u201d e o Mos que non \u00e9 Mos -","isPartOf":{"@id":"https:\/\/www.anovapeneira.gal\/#website"},"primaryImageOfPage":{"@id":"https:\/\/www.anovapeneira.gal\/index.php\/2022\/05\/20\/somos-mos-e-o-mos-que-non-e-mos\/#primaryimage"},"image":{"@id":"https:\/\/www.anovapeneira.gal\/index.php\/2022\/05\/20\/somos-mos-e-o-mos-que-non-e-mos\/#primaryimage"},"thumbnailUrl":"https:\/\/www.anovapeneira.gal\/wp-content\/uploads\/2022\/05\/Marcos-Mos-scaled.jpg","datePublished":"2022-05-20T10:00:04+00:00","description":"O slogan cacof\u00f3nico, oco, e carente de significado real \u201cSomos Mos\u201d \u00e9 co que o goberno pretende que os veci\u00f1os e veci\u00f1as deste concello sintan o orgullo de pertencer ao devandito municipio","breadcrumb":{"@id":"https:\/\/www.anovapeneira.gal\/index.php\/2022\/05\/20\/somos-mos-e-o-mos-que-non-e-mos\/#breadcrumb"},"inLanguage":"gl-ES","potentialAction":[{"@type":"ReadAction","target":["https:\/\/www.anovapeneira.gal\/index.php\/2022\/05\/20\/somos-mos-e-o-mos-que-non-e-mos\/"]}]},{"@type":"ImageObject","inLanguage":"gl-ES","@id":"https:\/\/www.anovapeneira.gal\/index.php\/2022\/05\/20\/somos-mos-e-o-mos-que-non-e-mos\/#primaryimage","url":"https:\/\/www.anovapeneira.gal\/wp-content\/uploads\/2022\/05\/Marcos-Mos-scaled.jpg","contentUrl":"https:\/\/www.anovapeneira.gal\/wp-content\/uploads\/2022\/05\/Marcos-Mos-scaled.jpg","width":2560,"height":1920,"caption":"\u201c Somos Mos\u201d e o Mos que non \u00e9 Mos"},{"@type":"BreadcrumbList","@id":"https:\/\/www.anovapeneira.gal\/index.php\/2022\/05\/20\/somos-mos-e-o-mos-que-non-e-mos\/#breadcrumb","itemListElement":[{"@type":"ListItem","position":1,"name":"Portada","item":"https:\/\/www.anovapeneira.gal\/"},{"@type":"ListItem","position":2,"name":"\u201c Somos Mos\u201d e o Mos que non \u00e9 Mos"}]},{"@type":"WebSite","@id":"https:\/\/www.anovapeneira.gal\/#website","url":"https:\/\/www.anovapeneira.gal\/","name":"","description":"Xornal galego de informaci\u00f3n xeral Publicaci\u00f3n mensual de novas de Galicia e en especial dos Concellos da sur da provincia de Pontevedra.","publisher":{"@id":"https:\/\/www.anovapeneira.gal\/#organization"},"potentialAction":[{"@type":"SearchAction","target":{"@type":"EntryPoint","urlTemplate":"https:\/\/www.anovapeneira.gal\/?s={search_term_string}"},"query-input":{"@type":"PropertyValueSpecification","valueRequired":true,"valueName":"search_term_string"}}],"inLanguage":"gl-ES"},{"@type":"Organization","@id":"https:\/\/www.anovapeneira.gal\/#organization","name":"A Nova Peneira","url":"https:\/\/www.anovapeneira.gal\/","logo":{"@type":"ImageObject","inLanguage":"gl-ES","@id":"https:\/\/www.anovapeneira.gal\/#\/schema\/logo\/image\/","url":"http:\/\/www.anovapeneira.gal\/wp-content\/uploads\/2019\/06\/logo_a_nova_peneira_portal_web.png","contentUrl":"http:\/\/www.anovapeneira.gal\/wp-content\/uploads\/2019\/06\/logo_a_nova_peneira_portal_web.png","width":300,"height":100,"caption":"A Nova Peneira"},"image":{"@id":"https:\/\/www.anovapeneira.gal\/#\/schema\/logo\/image\/"},"sameAs":["https:\/\/www.facebook.com\/anovapeneira","https:\/\/x.com\/APeneira"]},{"@type":"Person","@id":"https:\/\/www.anovapeneira.gal\/#\/schema\/person\/424dfe65e3070fd8a44d22d2c088762a","name":"Tino Lago","image":{"@type":"ImageObject","inLanguage":"gl-ES","@id":"https:\/\/secure.gravatar.com\/avatar\/b3df6a06e44bab3111583b90f0f33a0379ee5e3d22cbadd232d39f21c30c62be?s=96&d=mm&r=g","url":"https:\/\/secure.gravatar.com\/avatar\/b3df6a06e44bab3111583b90f0f33a0379ee5e3d22cbadd232d39f21c30c62be?s=96&d=mm&r=g","contentUrl":"https:\/\/secure.gravatar.com\/avatar\/b3df6a06e44bab3111583b90f0f33a0379ee5e3d22cbadd232d39f21c30c62be?s=96&d=mm&r=g","caption":"Tino Lago"},"sameAs":["http:\/\/www.anovapeneira.gal"],"url":"https:\/\/www.anovapeneira.gal\/index.php\/author\/director\/"}]}},"jetpack_featured_media_url":"https:\/\/www.anovapeneira.gal\/wp-content\/uploads\/2022\/05\/Marcos-Mos-scaled.jpg","_links":{"self":[{"href":"https:\/\/www.anovapeneira.gal\/index.php\/wp-json\/wp\/v2\/posts\/7498","targetHints":{"allow":["GET"]}}],"collection":[{"href":"https:\/\/www.anovapeneira.gal\/index.php\/wp-json\/wp\/v2\/posts"}],"about":[{"href":"https:\/\/www.anovapeneira.gal\/index.php\/wp-json\/wp\/v2\/types\/post"}],"author":[{"embeddable":true,"href":"https:\/\/www.anovapeneira.gal\/index.php\/wp-json\/wp\/v2\/users\/2"}],"replies":[{"embeddable":true,"href":"https:\/\/www.anovapeneira.gal\/index.php\/wp-json\/wp\/v2\/comments?post=7498"}],"version-history":[{"count":1,"href":"https:\/\/www.anovapeneira.gal\/index.php\/wp-json\/wp\/v2\/posts\/7498\/revisions"}],"predecessor-version":[{"id":7500,"href":"https:\/\/www.anovapeneira.gal\/index.php\/wp-json\/wp\/v2\/posts\/7498\/revisions\/7500"}],"wp:featuredmedia":[{"embeddable":true,"href":"https:\/\/www.anovapeneira.gal\/index.php\/wp-json\/wp\/v2\/media\/7499"}],"wp:attachment":[{"href":"https:\/\/www.anovapeneira.gal\/index.php\/wp-json\/wp\/v2\/media?parent=7498"}],"wp:term":[{"taxonomy":"category","embeddable":true,"href":"https:\/\/www.anovapeneira.gal\/index.php\/wp-json\/wp\/v2\/categories?post=7498"},{"taxonomy":"post_tag","embeddable":true,"href":"https:\/\/www.anovapeneira.gal\/index.php\/wp-json\/wp\/v2\/tags?post=7498"}],"curies":[{"name":"wp","href":"https:\/\/api.w.org\/{rel}","templated":true}]}}