{"id":7503,"date":"2022-05-23T10:00:52","date_gmt":"2022-05-23T08:00:52","guid":{"rendered":"https:\/\/www.anovapeneira.gal\/?p=7503"},"modified":"2022-05-20T19:08:08","modified_gmt":"2022-05-20T17:08:08","slug":"o-bacharelato-de-artes-chega-a-redondela","status":"publish","type":"post","link":"https:\/\/www.anovapeneira.gal\/index.php\/2022\/05\/23\/o-bacharelato-de-artes-chega-a-redondela\/","title":{"rendered":"O bacharelato de artes chega a Redondela"},"content":{"rendered":"\n<p><strong>Neste medio de comunicaci\u00f3n temos defendido en moitas ocasi\u00f3ns que \u00e9 a sociedade civil organizada a maneira m\u00e1is adecuada de combater contra calquera inxustiza. E un bo exemplo deuse na nosa vila pois foi a presi\u00f3n social a que acadou por fin que as mozas e os mozos de Redondela, que queiran cursar esta modalidade de bacharelato, poidan facelo na s\u00faa localidade. Un dos episodios m\u00e1is emocionantes desta pugna en prol dos intereses de Redondela deuse cando unha moza interesada en cursar este bacharelato, Estela, leu un manifesto diante do pleno da corporaci\u00f3n demand\u00e1ndoo. E n\u00f3s falamos con ela e co seu pai Carlos<\/strong><\/p>\n\n\n\n<p><strong>Carlos e Estela Mouri\u00f1o<\/strong><\/p>\n\n\n\n<p><strong>Que estudas na actualidade?<\/strong><\/p>\n\n\n\n<blockquote class=\"wp-block-quote is-layout-flow wp-block-quote-is-layout-flow\"><p>Estou rematando 4\u00ba da ESO no Mendi\u00f1o<\/p><\/blockquote>\n\n\n\n<p><strong>Vaiche ben?<\/strong><\/p>\n\n\n\n<blockquote class=\"wp-block-quote is-layout-flow wp-block-quote-is-layout-flow\"><p>Si vaime ben a\u00ednda que esta non \u00e9 moi boa \u00e9poca para responder a esta pregunta pois te\u00f1o todos os exames enriba e \u00e9 unha etapa de moita presi\u00f3n<\/p><\/blockquote>\n\n\n\n<p><strong>E ti como respondes \u00e1 presi\u00f3n, con tranquilidade?<\/strong><\/p>\n\n\n\n<blockquote class=\"wp-block-quote is-layout-flow wp-block-quote-is-layout-flow\"><p>Si, si<\/p><\/blockquote>\n\n\n\n<p><strong>Nota do entrevistador: Polo sorriso que botou o pai non sei eu se estar\u00e1 moi de acordo coa s\u00faa filla<\/strong><\/p>\n\n\n\n<p><strong>Cando tiveches claro que quer\u00edas facer este bacharelato?<\/strong><\/p>\n\n\n\n<blockquote class=\"wp-block-quote is-layout-flow wp-block-quote-is-layout-flow\"><p>En terceiro da ESO cando a orientadora nos deu unha charla informativa sobre as distintas opci\u00f3ns existentes. Eu ti\u00f1a a ilusi\u00f3n de estudar audiovisuais e despois da conversa coa orientadora xa tiven perfectamente claro por onde quer\u00eda enfocar o meu cami\u00f1o.<\/p><\/blockquote>\n\n\n\n<p><strong>Pero xa saber\u00edas que en Redondela non o hab\u00eda claro?<\/strong><\/p>\n\n\n\n<blockquote class=\"wp-block-quote is-layout-flow wp-block-quote-is-layout-flow\"><p>Si, d\u00edxomo a orientadora.<\/p><\/blockquote>\n\n\n\n<p><strong>Como comezaches a participar da presi\u00f3n que exerceu a sociedade redondel\u00e1 para que o bacharelato de artes chegase \u00e1 nosa vila?<\/strong><\/p>\n\n\n\n<blockquote class=\"wp-block-quote is-layout-flow wp-block-quote-is-layout-flow\"><p>Polo meu pai que era un activo participante das protestas que o demandaban<\/p><\/blockquote>\n\n\n\n<p><strong>Ti xa estabas metido no allo ent\u00f3n, Carlos?<\/strong><\/p>\n\n\n\n<blockquote class=\"wp-block-quote is-layout-flow wp-block-quote-is-layout-flow\"><p>Eu son un dos promotores desta petici\u00f3n, si. Quero destacar, porque o merece, a axuda que nos deu o deputado do BNG, Manu Lourenzo xa desde o primeiro momento<\/p><\/blockquote>\n\n\n\n<p><strong>Esta batalla foi como un tobog\u00e1n de emoci\u00f3ns verdade Carlos, parec\u00eda que non, logo que si, logo que xa veriamos&#8230;.?<\/strong><\/p>\n\n\n\n<blockquote class=\"wp-block-quote is-layout-flow wp-block-quote-is-layout-flow\"><p>Si porque o se\u00f1or do PP de Redondela que est\u00e1 en Santiago no parlamento parec\u00eda que nos abr\u00eda as portas de par en par pero logo houbo algunha votaci\u00f3n na que o seu partido votou que non. Ent\u00f3n non sabes que pensar<\/p><\/blockquote>\n\n\n\n<p><strong>Est\u00e1s falando de Alberto Pazos?<\/strong><\/p>\n\n\n\n<blockquote class=\"wp-block-quote is-layout-flow wp-block-quote-is-layout-flow\"><p>Si. Logo votaron que si pero nunca deixamos de ter a sensaci\u00f3n de que estaban a p\u00f3r paus nas rodas constantemente.<\/p><\/blockquote>\n\n\n\n<p><strong>Non che transmit\u00edan ent\u00f3n que desde a Xunta houbese unha vontade real de traelo a Redondela?<\/strong><\/p>\n\n\n\n<blockquote class=\"wp-block-quote is-layout-flow wp-block-quote-is-layout-flow\"><p>Non, de ning\u00fan modo. Incluso nesta \u00faltima fase cando todo depend\u00eda do n\u00famero de persoas que o solicitasen , deixaron moi poucos d\u00edas para anotarse<\/p><\/blockquote>\n\n\n\n<p><strong>Volvamos a Estela. C\u00f3ntame como foi o da lectura do manifesto?<\/strong><\/p>\n\n\n\n<blockquote class=\"wp-block-quote is-layout-flow wp-block-quote-is-layout-flow\"><p>Eu un d\u00eda volv\u00eda do instituto e foi o meu pai o que me espetou se quer\u00eda ler o texto<\/p><\/blockquote>\n\n\n\n<p><strong>Cal foi a t\u00faa reacci\u00f3n?<\/strong><\/p>\n\n\n\n<blockquote class=\"wp-block-quote is-layout-flow wp-block-quote-is-layout-flow\"><p>Flipei, alucinei. Pero xa decid\u00edn facelo nese mesmo instante<\/p><\/blockquote>\n\n\n\n<p><strong>Canto tempo pasou desde que cho propuxeron ata que se concretou?<\/strong><\/p>\n\n\n\n<blockquote class=\"wp-block-quote is-layout-flow wp-block-quote-is-layout-flow\"><p>Non recordo exactamente pero foi moi pouco tempo<\/p><\/blockquote>\n\n\n\n<p><strong>Ensaiar\u00edas na casa non?<\/strong><\/p>\n\n\n\n<blockquote class=\"wp-block-quote is-layout-flow wp-block-quote-is-layout-flow\"><p>Si, un pouco si. De feito preparei un mini texto que xa foi puramente persoal para sumar ao propio manifesto.<\/p><\/blockquote>\n\n\n\n<p><strong>Cando liches no pleno hab\u00eda moita xente?<\/strong><\/p>\n\n\n\n<blockquote class=\"wp-block-quote is-layout-flow wp-block-quote-is-layout-flow\"><p>Si, bastante<\/p><\/blockquote>\n\n\n\n<p><strong>Con sinceridade Estela estabas tranquila ou nerviosa?<\/strong><\/p>\n\n\n\n<blockquote class=\"wp-block-quote is-layout-flow wp-block-quote-is-layout-flow\"><p>Algo nerviosa ao principio pero creo que esencialmente tranquila<\/p><\/blockquote>\n\n\n\n<p><strong>Not\u00e1ronselle os nervios Carlos?<\/strong><\/p>\n\n\n\n<blockquote class=\"wp-block-quote is-layout-flow wp-block-quote-is-layout-flow\"><p>Eu creo que non.<\/p><\/blockquote>\n\n\n\n<p><strong>Levar\u00edas alg\u00fan colega a que che vise non Estela?<\/strong><\/p>\n\n\n\n<blockquote class=\"wp-block-quote is-layout-flow wp-block-quote-is-layout-flow\"><p>Ao meu mozo<\/p><\/blockquote>\n\n\n\n<p><strong>Moitas grazas, parab\u00e9ns e moita sorte<\/strong><\/p>\n","protected":false},"excerpt":{"rendered":"<div class=\"mh-excerpt\"><p>Neste medio de comunicaci\u00f3n temos defendido en moitas ocasi\u00f3ns que \u00e9 a sociedade civil organizada a maneira m\u00e1is adecuada de combater contra calquera inxustiza. E un bo exemplo deuse na nosa vila pois foi a presi\u00f3n social a que acadou por fin que as mozas e os mozos de Redondela <a class=\"mh-excerpt-more\" href=\"https:\/\/www.anovapeneira.gal\/index.php\/2022\/05\/23\/o-bacharelato-de-artes-chega-a-redondela\/\" title=\"O bacharelato de artes chega a Redondela\">[&#8230;]<\/a><\/p>\n<\/div>","protected":false},"author":3,"featured_media":7504,"comment_status":"open","ping_status":"open","sticky":false,"template":"","format":"standard","meta":{"_exactmetrics_skip_tracking":false,"_exactmetrics_sitenote_active":false,"_exactmetrics_sitenote_note":"","_exactmetrics_sitenote_category":0,"footnotes":""},"categories":[270],"tags":[171],"class_list":{"0":"post-7503","1":"post","2":"type-post","3":"status-publish","4":"format-standard","5":"has-post-thumbnail","7":"category-redondela-entrevistas","8":"tag-concello-de-redondela"},"yoast_head":"<!-- This site is optimized with the Yoast SEO plugin v27.4 - https:\/\/yoast.com\/product\/yoast-seo-wordpress\/ -->\n<title>O bacharelato de artes chega a Redondela -<\/title>\n<meta name=\"description\" content=\"Neste medio de comunicaci\u00f3n temos defendido en moitas ocasi\u00f3ns que \u00e9 a sociedade civil organizada a maneira m\u00e1is adecuada de combater contra calquera inxustiza.\" \/>\n<meta name=\"robots\" content=\"index, follow, max-snippet:-1, max-image-preview:large, max-video-preview:-1\" \/>\n<link rel=\"canonical\" href=\"https:\/\/www.anovapeneira.gal\/index.php\/2022\/05\/23\/o-bacharelato-de-artes-chega-a-redondela\/\" \/>\n<meta property=\"og:locale\" content=\"gl_ES\" \/>\n<meta property=\"og:type\" content=\"article\" \/>\n<meta property=\"og:title\" content=\"O bacharelato de artes chega a Redondela -\" \/>\n<meta property=\"og:description\" content=\"Neste medio de comunicaci\u00f3n temos defendido en moitas ocasi\u00f3ns que \u00e9 a sociedade civil organizada a maneira m\u00e1is adecuada de combater contra calquera inxustiza.\" \/>\n<meta property=\"og:url\" content=\"https:\/\/www.anovapeneira.gal\/index.php\/2022\/05\/23\/o-bacharelato-de-artes-chega-a-redondela\/\" \/>\n<meta property=\"article:publisher\" content=\"https:\/\/www.facebook.com\/anovapeneira\" \/>\n<meta property=\"article:published_time\" content=\"2022-05-23T08:00:52+00:00\" \/>\n<meta property=\"og:image\" content=\"https:\/\/www.anovapeneira.gal\/wp-content\/uploads\/2022\/05\/estela-mourin\u0303o.jpg\" \/>\n\t<meta property=\"og:image:width\" content=\"720\" \/>\n\t<meta property=\"og:image:height\" content=\"432\" \/>\n\t<meta property=\"og:image:type\" content=\"image\/jpeg\" \/>\n<meta name=\"author\" content=\"Redacci\u00f3n A Nova Peneira\" \/>\n<meta name=\"twitter:card\" content=\"summary_large_image\" \/>\n<meta name=\"twitter:creator\" content=\"@APeneira\" \/>\n<meta name=\"twitter:site\" content=\"@APeneira\" \/>\n<meta name=\"twitter:label1\" content=\"Escrito por\" \/>\n\t<meta name=\"twitter:data1\" content=\"Redacci\u00f3n A Nova Peneira\" \/>\n\t<meta name=\"twitter:label2\" content=\"Tempo de lectura\" \/>\n\t<meta name=\"twitter:data2\" content=\"4 minutos\" \/>\n<script type=\"application\/ld+json\" class=\"yoast-schema-graph\">{\"@context\":\"https:\\\/\\\/schema.org\",\"@graph\":[{\"@type\":\"Article\",\"@id\":\"https:\\\/\\\/www.anovapeneira.gal\\\/index.php\\\/2022\\\/05\\\/23\\\/o-bacharelato-de-artes-chega-a-redondela\\\/#article\",\"isPartOf\":{\"@id\":\"https:\\\/\\\/www.anovapeneira.gal\\\/index.php\\\/2022\\\/05\\\/23\\\/o-bacharelato-de-artes-chega-a-redondela\\\/\"},\"author\":{\"name\":\"Redacci\u00f3n A Nova Peneira\",\"@id\":\"https:\\\/\\\/www.anovapeneira.gal\\\/#\\\/schema\\\/person\\\/b93e3f8932e3f8da96334607eb6ac6aa\"},\"headline\":\"O bacharelato de artes chega a Redondela\",\"datePublished\":\"2022-05-23T08:00:52+00:00\",\"mainEntityOfPage\":{\"@id\":\"https:\\\/\\\/www.anovapeneira.gal\\\/index.php\\\/2022\\\/05\\\/23\\\/o-bacharelato-de-artes-chega-a-redondela\\\/\"},\"wordCount\":640,\"commentCount\":0,\"publisher\":{\"@id\":\"https:\\\/\\\/www.anovapeneira.gal\\\/#organization\"},\"image\":{\"@id\":\"https:\\\/\\\/www.anovapeneira.gal\\\/index.php\\\/2022\\\/05\\\/23\\\/o-bacharelato-de-artes-chega-a-redondela\\\/#primaryimage\"},\"thumbnailUrl\":\"https:\\\/\\\/www.anovapeneira.gal\\\/wp-content\\\/uploads\\\/2022\\\/05\\\/estela-mourin\u0303o.jpg\",\"keywords\":[\"Concello de Redondela\"],\"articleSection\":[\"Redondela\"],\"inLanguage\":\"gl-ES\",\"potentialAction\":[{\"@type\":\"CommentAction\",\"name\":\"Comment\",\"target\":[\"https:\\\/\\\/www.anovapeneira.gal\\\/index.php\\\/2022\\\/05\\\/23\\\/o-bacharelato-de-artes-chega-a-redondela\\\/#respond\"]}]},{\"@type\":\"WebPage\",\"@id\":\"https:\\\/\\\/www.anovapeneira.gal\\\/index.php\\\/2022\\\/05\\\/23\\\/o-bacharelato-de-artes-chega-a-redondela\\\/\",\"url\":\"https:\\\/\\\/www.anovapeneira.gal\\\/index.php\\\/2022\\\/05\\\/23\\\/o-bacharelato-de-artes-chega-a-redondela\\\/\",\"name\":\"O bacharelato de artes chega a Redondela -\",\"isPartOf\":{\"@id\":\"https:\\\/\\\/www.anovapeneira.gal\\\/#website\"},\"primaryImageOfPage\":{\"@id\":\"https:\\\/\\\/www.anovapeneira.gal\\\/index.php\\\/2022\\\/05\\\/23\\\/o-bacharelato-de-artes-chega-a-redondela\\\/#primaryimage\"},\"image\":{\"@id\":\"https:\\\/\\\/www.anovapeneira.gal\\\/index.php\\\/2022\\\/05\\\/23\\\/o-bacharelato-de-artes-chega-a-redondela\\\/#primaryimage\"},\"thumbnailUrl\":\"https:\\\/\\\/www.anovapeneira.gal\\\/wp-content\\\/uploads\\\/2022\\\/05\\\/estela-mourin\u0303o.jpg\",\"datePublished\":\"2022-05-23T08:00:52+00:00\",\"description\":\"Neste medio de comunicaci\u00f3n temos defendido en moitas ocasi\u00f3ns que \u00e9 a sociedade civil organizada a maneira m\u00e1is adecuada de combater contra calquera inxustiza.\",\"breadcrumb\":{\"@id\":\"https:\\\/\\\/www.anovapeneira.gal\\\/index.php\\\/2022\\\/05\\\/23\\\/o-bacharelato-de-artes-chega-a-redondela\\\/#breadcrumb\"},\"inLanguage\":\"gl-ES\",\"potentialAction\":[{\"@type\":\"ReadAction\",\"target\":[\"https:\\\/\\\/www.anovapeneira.gal\\\/index.php\\\/2022\\\/05\\\/23\\\/o-bacharelato-de-artes-chega-a-redondela\\\/\"]}]},{\"@type\":\"ImageObject\",\"inLanguage\":\"gl-ES\",\"@id\":\"https:\\\/\\\/www.anovapeneira.gal\\\/index.php\\\/2022\\\/05\\\/23\\\/o-bacharelato-de-artes-chega-a-redondela\\\/#primaryimage\",\"url\":\"https:\\\/\\\/www.anovapeneira.gal\\\/wp-content\\\/uploads\\\/2022\\\/05\\\/estela-mourin\u0303o.jpg\",\"contentUrl\":\"https:\\\/\\\/www.anovapeneira.gal\\\/wp-content\\\/uploads\\\/2022\\\/05\\\/estela-mourin\u0303o.jpg\",\"width\":720,\"height\":432,\"caption\":\"Estela Mouri\u00f1o\"},{\"@type\":\"BreadcrumbList\",\"@id\":\"https:\\\/\\\/www.anovapeneira.gal\\\/index.php\\\/2022\\\/05\\\/23\\\/o-bacharelato-de-artes-chega-a-redondela\\\/#breadcrumb\",\"itemListElement\":[{\"@type\":\"ListItem\",\"position\":1,\"name\":\"Portada\",\"item\":\"https:\\\/\\\/www.anovapeneira.gal\\\/\"},{\"@type\":\"ListItem\",\"position\":2,\"name\":\"O bacharelato de artes chega a Redondela\"}]},{\"@type\":\"WebSite\",\"@id\":\"https:\\\/\\\/www.anovapeneira.gal\\\/#website\",\"url\":\"https:\\\/\\\/www.anovapeneira.gal\\\/\",\"name\":\"\",\"description\":\"Xornal galego de informaci\u00f3n xeral Publicaci\u00f3n mensual de novas de Galicia e en especial dos Concellos da sur da provincia de Pontevedra.\",\"publisher\":{\"@id\":\"https:\\\/\\\/www.anovapeneira.gal\\\/#organization\"},\"potentialAction\":[{\"@type\":\"SearchAction\",\"target\":{\"@type\":\"EntryPoint\",\"urlTemplate\":\"https:\\\/\\\/www.anovapeneira.gal\\\/?s={search_term_string}\"},\"query-input\":{\"@type\":\"PropertyValueSpecification\",\"valueRequired\":true,\"valueName\":\"search_term_string\"}}],\"inLanguage\":\"gl-ES\"},{\"@type\":\"Organization\",\"@id\":\"https:\\\/\\\/www.anovapeneira.gal\\\/#organization\",\"name\":\"A Nova Peneira\",\"url\":\"https:\\\/\\\/www.anovapeneira.gal\\\/\",\"logo\":{\"@type\":\"ImageObject\",\"inLanguage\":\"gl-ES\",\"@id\":\"https:\\\/\\\/www.anovapeneira.gal\\\/#\\\/schema\\\/logo\\\/image\\\/\",\"url\":\"http:\\\/\\\/www.anovapeneira.gal\\\/wp-content\\\/uploads\\\/2019\\\/06\\\/logo_a_nova_peneira_portal_web.png\",\"contentUrl\":\"http:\\\/\\\/www.anovapeneira.gal\\\/wp-content\\\/uploads\\\/2019\\\/06\\\/logo_a_nova_peneira_portal_web.png\",\"width\":300,\"height\":100,\"caption\":\"A Nova Peneira\"},\"image\":{\"@id\":\"https:\\\/\\\/www.anovapeneira.gal\\\/#\\\/schema\\\/logo\\\/image\\\/\"},\"sameAs\":[\"https:\\\/\\\/www.facebook.com\\\/anovapeneira\",\"https:\\\/\\\/x.com\\\/APeneira\"]},{\"@type\":\"Person\",\"@id\":\"https:\\\/\\\/www.anovapeneira.gal\\\/#\\\/schema\\\/person\\\/b93e3f8932e3f8da96334607eb6ac6aa\",\"name\":\"Redacci\u00f3n A Nova Peneira\",\"image\":{\"@type\":\"ImageObject\",\"inLanguage\":\"gl-ES\",\"@id\":\"https:\\\/\\\/secure.gravatar.com\\\/avatar\\\/c052a2551a06e23fac63626232eaa90abd78dbcf1700fc46a2b2c89fd27b735f?s=96&d=mm&r=g\",\"url\":\"https:\\\/\\\/secure.gravatar.com\\\/avatar\\\/c052a2551a06e23fac63626232eaa90abd78dbcf1700fc46a2b2c89fd27b735f?s=96&d=mm&r=g\",\"contentUrl\":\"https:\\\/\\\/secure.gravatar.com\\\/avatar\\\/c052a2551a06e23fac63626232eaa90abd78dbcf1700fc46a2b2c89fd27b735f?s=96&d=mm&r=g\",\"caption\":\"Redacci\u00f3n A Nova Peneira\"},\"sameAs\":[\"http:\\\/\\\/www.anovapeneira.gal\\\/\"],\"url\":\"https:\\\/\\\/www.anovapeneira.gal\\\/index.php\\\/author\\\/redactor\\\/\"}]}<\/script>\n<!-- \/ Yoast SEO plugin. -->","yoast_head_json":{"title":"O bacharelato de artes chega a Redondela -","description":"Neste medio de comunicaci\u00f3n temos defendido en moitas ocasi\u00f3ns que \u00e9 a sociedade civil organizada a maneira m\u00e1is adecuada de combater contra calquera inxustiza.","robots":{"index":"index","follow":"follow","max-snippet":"max-snippet:-1","max-image-preview":"max-image-preview:large","max-video-preview":"max-video-preview:-1"},"canonical":"https:\/\/www.anovapeneira.gal\/index.php\/2022\/05\/23\/o-bacharelato-de-artes-chega-a-redondela\/","og_locale":"gl_ES","og_type":"article","og_title":"O bacharelato de artes chega a Redondela -","og_description":"Neste medio de comunicaci\u00f3n temos defendido en moitas ocasi\u00f3ns que \u00e9 a sociedade civil organizada a maneira m\u00e1is adecuada de combater contra calquera inxustiza.","og_url":"https:\/\/www.anovapeneira.gal\/index.php\/2022\/05\/23\/o-bacharelato-de-artes-chega-a-redondela\/","article_publisher":"https:\/\/www.facebook.com\/anovapeneira","article_published_time":"2022-05-23T08:00:52+00:00","og_image":[{"width":720,"height":432,"url":"https:\/\/www.anovapeneira.gal\/wp-content\/uploads\/2022\/05\/estela-mourin\u0303o.jpg","type":"image\/jpeg"}],"author":"Redacci\u00f3n A Nova Peneira","twitter_card":"summary_large_image","twitter_creator":"@APeneira","twitter_site":"@APeneira","twitter_misc":{"Escrito por":"Redacci\u00f3n A Nova Peneira","Tempo de lectura":"4 minutos"},"schema":{"@context":"https:\/\/schema.org","@graph":[{"@type":"Article","@id":"https:\/\/www.anovapeneira.gal\/index.php\/2022\/05\/23\/o-bacharelato-de-artes-chega-a-redondela\/#article","isPartOf":{"@id":"https:\/\/www.anovapeneira.gal\/index.php\/2022\/05\/23\/o-bacharelato-de-artes-chega-a-redondela\/"},"author":{"name":"Redacci\u00f3n A Nova Peneira","@id":"https:\/\/www.anovapeneira.gal\/#\/schema\/person\/b93e3f8932e3f8da96334607eb6ac6aa"},"headline":"O bacharelato de artes chega a Redondela","datePublished":"2022-05-23T08:00:52+00:00","mainEntityOfPage":{"@id":"https:\/\/www.anovapeneira.gal\/index.php\/2022\/05\/23\/o-bacharelato-de-artes-chega-a-redondela\/"},"wordCount":640,"commentCount":0,"publisher":{"@id":"https:\/\/www.anovapeneira.gal\/#organization"},"image":{"@id":"https:\/\/www.anovapeneira.gal\/index.php\/2022\/05\/23\/o-bacharelato-de-artes-chega-a-redondela\/#primaryimage"},"thumbnailUrl":"https:\/\/www.anovapeneira.gal\/wp-content\/uploads\/2022\/05\/estela-mourin\u0303o.jpg","keywords":["Concello de Redondela"],"articleSection":["Redondela"],"inLanguage":"gl-ES","potentialAction":[{"@type":"CommentAction","name":"Comment","target":["https:\/\/www.anovapeneira.gal\/index.php\/2022\/05\/23\/o-bacharelato-de-artes-chega-a-redondela\/#respond"]}]},{"@type":"WebPage","@id":"https:\/\/www.anovapeneira.gal\/index.php\/2022\/05\/23\/o-bacharelato-de-artes-chega-a-redondela\/","url":"https:\/\/www.anovapeneira.gal\/index.php\/2022\/05\/23\/o-bacharelato-de-artes-chega-a-redondela\/","name":"O bacharelato de artes chega a Redondela -","isPartOf":{"@id":"https:\/\/www.anovapeneira.gal\/#website"},"primaryImageOfPage":{"@id":"https:\/\/www.anovapeneira.gal\/index.php\/2022\/05\/23\/o-bacharelato-de-artes-chega-a-redondela\/#primaryimage"},"image":{"@id":"https:\/\/www.anovapeneira.gal\/index.php\/2022\/05\/23\/o-bacharelato-de-artes-chega-a-redondela\/#primaryimage"},"thumbnailUrl":"https:\/\/www.anovapeneira.gal\/wp-content\/uploads\/2022\/05\/estela-mourin\u0303o.jpg","datePublished":"2022-05-23T08:00:52+00:00","description":"Neste medio de comunicaci\u00f3n temos defendido en moitas ocasi\u00f3ns que \u00e9 a sociedade civil organizada a maneira m\u00e1is adecuada de combater contra calquera inxustiza.","breadcrumb":{"@id":"https:\/\/www.anovapeneira.gal\/index.php\/2022\/05\/23\/o-bacharelato-de-artes-chega-a-redondela\/#breadcrumb"},"inLanguage":"gl-ES","potentialAction":[{"@type":"ReadAction","target":["https:\/\/www.anovapeneira.gal\/index.php\/2022\/05\/23\/o-bacharelato-de-artes-chega-a-redondela\/"]}]},{"@type":"ImageObject","inLanguage":"gl-ES","@id":"https:\/\/www.anovapeneira.gal\/index.php\/2022\/05\/23\/o-bacharelato-de-artes-chega-a-redondela\/#primaryimage","url":"https:\/\/www.anovapeneira.gal\/wp-content\/uploads\/2022\/05\/estela-mourin\u0303o.jpg","contentUrl":"https:\/\/www.anovapeneira.gal\/wp-content\/uploads\/2022\/05\/estela-mourin\u0303o.jpg","width":720,"height":432,"caption":"Estela Mouri\u00f1o"},{"@type":"BreadcrumbList","@id":"https:\/\/www.anovapeneira.gal\/index.php\/2022\/05\/23\/o-bacharelato-de-artes-chega-a-redondela\/#breadcrumb","itemListElement":[{"@type":"ListItem","position":1,"name":"Portada","item":"https:\/\/www.anovapeneira.gal\/"},{"@type":"ListItem","position":2,"name":"O bacharelato de artes chega a Redondela"}]},{"@type":"WebSite","@id":"https:\/\/www.anovapeneira.gal\/#website","url":"https:\/\/www.anovapeneira.gal\/","name":"","description":"Xornal galego de informaci\u00f3n xeral Publicaci\u00f3n mensual de novas de Galicia e en especial dos Concellos da sur da provincia de Pontevedra.","publisher":{"@id":"https:\/\/www.anovapeneira.gal\/#organization"},"potentialAction":[{"@type":"SearchAction","target":{"@type":"EntryPoint","urlTemplate":"https:\/\/www.anovapeneira.gal\/?s={search_term_string}"},"query-input":{"@type":"PropertyValueSpecification","valueRequired":true,"valueName":"search_term_string"}}],"inLanguage":"gl-ES"},{"@type":"Organization","@id":"https:\/\/www.anovapeneira.gal\/#organization","name":"A Nova Peneira","url":"https:\/\/www.anovapeneira.gal\/","logo":{"@type":"ImageObject","inLanguage":"gl-ES","@id":"https:\/\/www.anovapeneira.gal\/#\/schema\/logo\/image\/","url":"http:\/\/www.anovapeneira.gal\/wp-content\/uploads\/2019\/06\/logo_a_nova_peneira_portal_web.png","contentUrl":"http:\/\/www.anovapeneira.gal\/wp-content\/uploads\/2019\/06\/logo_a_nova_peneira_portal_web.png","width":300,"height":100,"caption":"A Nova Peneira"},"image":{"@id":"https:\/\/www.anovapeneira.gal\/#\/schema\/logo\/image\/"},"sameAs":["https:\/\/www.facebook.com\/anovapeneira","https:\/\/x.com\/APeneira"]},{"@type":"Person","@id":"https:\/\/www.anovapeneira.gal\/#\/schema\/person\/b93e3f8932e3f8da96334607eb6ac6aa","name":"Redacci\u00f3n A Nova Peneira","image":{"@type":"ImageObject","inLanguage":"gl-ES","@id":"https:\/\/secure.gravatar.com\/avatar\/c052a2551a06e23fac63626232eaa90abd78dbcf1700fc46a2b2c89fd27b735f?s=96&d=mm&r=g","url":"https:\/\/secure.gravatar.com\/avatar\/c052a2551a06e23fac63626232eaa90abd78dbcf1700fc46a2b2c89fd27b735f?s=96&d=mm&r=g","contentUrl":"https:\/\/secure.gravatar.com\/avatar\/c052a2551a06e23fac63626232eaa90abd78dbcf1700fc46a2b2c89fd27b735f?s=96&d=mm&r=g","caption":"Redacci\u00f3n A Nova Peneira"},"sameAs":["http:\/\/www.anovapeneira.gal\/"],"url":"https:\/\/www.anovapeneira.gal\/index.php\/author\/redactor\/"}]}},"jetpack_featured_media_url":"https:\/\/www.anovapeneira.gal\/wp-content\/uploads\/2022\/05\/estela-mourin\u0303o.jpg","_links":{"self":[{"href":"https:\/\/www.anovapeneira.gal\/index.php\/wp-json\/wp\/v2\/posts\/7503","targetHints":{"allow":["GET"]}}],"collection":[{"href":"https:\/\/www.anovapeneira.gal\/index.php\/wp-json\/wp\/v2\/posts"}],"about":[{"href":"https:\/\/www.anovapeneira.gal\/index.php\/wp-json\/wp\/v2\/types\/post"}],"author":[{"embeddable":true,"href":"https:\/\/www.anovapeneira.gal\/index.php\/wp-json\/wp\/v2\/users\/3"}],"replies":[{"embeddable":true,"href":"https:\/\/www.anovapeneira.gal\/index.php\/wp-json\/wp\/v2\/comments?post=7503"}],"version-history":[{"count":1,"href":"https:\/\/www.anovapeneira.gal\/index.php\/wp-json\/wp\/v2\/posts\/7503\/revisions"}],"predecessor-version":[{"id":7505,"href":"https:\/\/www.anovapeneira.gal\/index.php\/wp-json\/wp\/v2\/posts\/7503\/revisions\/7505"}],"wp:featuredmedia":[{"embeddable":true,"href":"https:\/\/www.anovapeneira.gal\/index.php\/wp-json\/wp\/v2\/media\/7504"}],"wp:attachment":[{"href":"https:\/\/www.anovapeneira.gal\/index.php\/wp-json\/wp\/v2\/media?parent=7503"}],"wp:term":[{"taxonomy":"category","embeddable":true,"href":"https:\/\/www.anovapeneira.gal\/index.php\/wp-json\/wp\/v2\/categories?post=7503"},{"taxonomy":"post_tag","embeddable":true,"href":"https:\/\/www.anovapeneira.gal\/index.php\/wp-json\/wp\/v2\/tags?post=7503"}],"curies":[{"name":"wp","href":"https:\/\/api.w.org\/{rel}","templated":true}]}}