{"id":7506,"date":"2022-05-23T12:00:41","date_gmt":"2022-05-23T10:00:41","guid":{"rendered":"https:\/\/www.anovapeneira.gal\/?p=7506"},"modified":"2022-05-20T19:09:55","modified_gmt":"2022-05-20T17:09:55","slug":"presentada-13-editora-a-primeira-editorial-de-activismo-en-lingua-galega","status":"publish","type":"post","link":"https:\/\/www.anovapeneira.gal\/index.php\/2022\/05\/23\/presentada-13-editora-a-primeira-editorial-de-activismo-en-lingua-galega\/","title":{"rendered":"Presentada 13 Editora, a primeira editorial de activismo en lingua galega"},"content":{"rendered":"\n<h2 class=\"wp-block-heading\"><strong>O acto de presentaci\u00f3n do novo selo editorial contou con ducias de persoas que ateigaron o local para co\u00f1ecer as principais li\u00f1as do proxecto.<\/strong><\/h2>\n\n\n\n<p><strong>Galicia, 14 de Maio de 2022.<\/strong><\/p>\n\n\n\n<p>O s\u00e1bado tivo lugar a presentaci\u00f3n de <a href=\"https:\/\/13editora.org\/gl\/\">13 editora<\/a> nunha sala completamente chea por m\u00e1is de 70 persoas. O evento serviu para dar a co\u00f1ecer o novo selo que busca converterse nun espazo de referencia para todas aquelas persoas e organizaci\u00f3ns que queiran afondar no seu co\u00f1ecemento sobre o activismo ou sobre a an\u00e1lise cr\u00edtica da realidade.<\/p>\n\n\n\n<p>Durante o acto debull\u00e1ronse as li\u00f1as principais desta editorial que busca fornecer de ferramentas \u00e1 cidadan\u00eda e aos colectivos para que poidan desenvolver con \u00e9xito as s\u00faas actuaci\u00f3ns. O selo editorial entende os seus manuais e ensaios como instrumentos de an\u00e1lise, empoderamento e organizaci\u00f3n colectiva.<\/p>\n\n\n\n<p>Ademais, no evento, puideron adquirirse os primeiros libros dun cat\u00e1logo que se conformar\u00e1 por t\u00edtulos procedentes de autor\u00edas de diversos pa\u00edses que te\u00f1en como denominador com\u00fan a construci\u00f3n de alternativas e resposta social.<\/p>\n\n\n\n<p>A editora abre as\u00ed un novo vieiro para a literatura galega no que o activismo, o contrapoder e o pensamento cr\u00edtico ter\u00e1n un espazo propio. A lingua galega contar\u00e1 con materiais de calidade cos que mellorar o funcionamento e o impacto das persoas e as organizaci\u00f3ns, en particular, e da sociedade, en xeral.<\/p>\n\n\n\n<p><strong>13 editora<\/strong><\/p>\n\n\n\n<p>O selo <em>13 editora<\/em> \u00e9 un proxecto editorial sen \u00e1nimo de lucro de car\u00e1cter independente que xorde ao abeiro de ECOAR))). A editorial \u00e9 un proxecto de formaci\u00f3n e informaci\u00f3n social, econ\u00f3mica, pol\u00edtica e cultural que pretende producir contidos que espallen o pensamento cr\u00edtico e alternativo as\u00ed como o co\u00f1ecemento relacionado co eido do activismo e a mobilizaci\u00f3n social.<\/p>\n\n\n\n<p>A editorial <em>13 editora<\/em> \u00e9 un proxecto sostible e autoxestionado, que traballa dende un enfoque cr\u00edtico, emancipador e contracultural para ofrecer materiais de diverso tipo relacionados coa construci\u00f3n de alternativas e resposta social. A editora pretende propiciar a construci\u00f3n dun tecido social proactivo e anal\u00edtico que contrib\u00faa conformar un mundo m\u00e1is xusto a trav\u00e9s de olladas e discursos de car\u00e1cter plural.<\/p>\n","protected":false},"excerpt":{"rendered":"<div class=\"mh-excerpt\"><p>O acto de presentaci\u00f3n do novo selo editorial contou con ducias de persoas que ateigaron o local para co\u00f1ecer as principais li\u00f1as do proxecto. Galicia, 14 de Maio de 2022. O s\u00e1bado tivo lugar a <a class=\"mh-excerpt-more\" href=\"https:\/\/www.anovapeneira.gal\/index.php\/2022\/05\/23\/presentada-13-editora-a-primeira-editorial-de-activismo-en-lingua-galega\/\" title=\"Presentada 13 Editora, a primeira editorial de activismo en lingua galega\">[&#8230;]<\/a><\/p>\n<\/div>","protected":false},"author":3,"featured_media":7439,"comment_status":"open","ping_status":"open","sticky":false,"template":"","format":"standard","meta":{"_exactmetrics_skip_tracking":false,"_exactmetrics_sitenote_active":false,"_exactmetrics_sitenote_note":"","_exactmetrics_sitenote_category":0,"footnotes":""},"categories":[263],"tags":[],"class_list":{"0":"post-7506","1":"post","2":"type-post","3":"status-publish","4":"format-standard","5":"has-post-thumbnail","7":"category-novas"},"yoast_head":"<!-- This site is optimized with the Yoast SEO plugin v27.4 - https:\/\/yoast.com\/product\/yoast-seo-wordpress\/ -->\n<title>Presentada 13 Editora, a primeira editorial de activismo en lingua galega -<\/title>\n<meta name=\"robots\" content=\"index, follow, max-snippet:-1, max-image-preview:large, max-video-preview:-1\" \/>\n<link rel=\"canonical\" href=\"https:\/\/www.anovapeneira.gal\/index.php\/2022\/05\/23\/presentada-13-editora-a-primeira-editorial-de-activismo-en-lingua-galega\/\" \/>\n<meta property=\"og:locale\" content=\"gl_ES\" \/>\n<meta property=\"og:type\" content=\"article\" \/>\n<meta property=\"og:title\" content=\"Presentada 13 Editora, a primeira editorial de activismo en lingua galega -\" \/>\n<meta property=\"og:description\" content=\"O acto de presentaci\u00f3n do novo selo editorial contou con ducias de persoas que ateigaron o local para co\u00f1ecer as principais li\u00f1as do proxecto. Galicia, 14 de Maio de 2022. O s\u00e1bado tivo lugar a [...]\" \/>\n<meta property=\"og:url\" content=\"https:\/\/www.anovapeneira.gal\/index.php\/2022\/05\/23\/presentada-13-editora-a-primeira-editorial-de-activismo-en-lingua-galega\/\" \/>\n<meta property=\"article:publisher\" content=\"https:\/\/www.facebook.com\/anovapeneira\" \/>\n<meta property=\"article:published_time\" content=\"2022-05-23T10:00:41+00:00\" \/>\n<meta property=\"og:image\" content=\"https:\/\/www.anovapeneira.gal\/wp-content\/uploads\/2022\/05\/editora13.jpg\" \/>\n\t<meta property=\"og:image:width\" content=\"720\" \/>\n\t<meta property=\"og:image:height\" content=\"432\" \/>\n\t<meta property=\"og:image:type\" content=\"image\/jpeg\" \/>\n<meta name=\"author\" content=\"Redacci\u00f3n A Nova Peneira\" \/>\n<meta name=\"twitter:card\" content=\"summary_large_image\" \/>\n<meta name=\"twitter:creator\" content=\"@APeneira\" \/>\n<meta name=\"twitter:site\" content=\"@APeneira\" \/>\n<meta name=\"twitter:label1\" content=\"Escrito por\" \/>\n\t<meta name=\"twitter:data1\" content=\"Redacci\u00f3n A Nova Peneira\" \/>\n\t<meta name=\"twitter:label2\" content=\"Tempo de lectura\" \/>\n\t<meta name=\"twitter:data2\" content=\"2 minutos\" \/>\n<script type=\"application\/ld+json\" class=\"yoast-schema-graph\">{\"@context\":\"https:\\\/\\\/schema.org\",\"@graph\":[{\"@type\":\"Article\",\"@id\":\"https:\\\/\\\/www.anovapeneira.gal\\\/index.php\\\/2022\\\/05\\\/23\\\/presentada-13-editora-a-primeira-editorial-de-activismo-en-lingua-galega\\\/#article\",\"isPartOf\":{\"@id\":\"https:\\\/\\\/www.anovapeneira.gal\\\/index.php\\\/2022\\\/05\\\/23\\\/presentada-13-editora-a-primeira-editorial-de-activismo-en-lingua-galega\\\/\"},\"author\":{\"name\":\"Redacci\u00f3n A Nova Peneira\",\"@id\":\"https:\\\/\\\/www.anovapeneira.gal\\\/#\\\/schema\\\/person\\\/b93e3f8932e3f8da96334607eb6ac6aa\"},\"headline\":\"Presentada 13 Editora, a primeira editorial de activismo en lingua galega\",\"datePublished\":\"2022-05-23T10:00:41+00:00\",\"mainEntityOfPage\":{\"@id\":\"https:\\\/\\\/www.anovapeneira.gal\\\/index.php\\\/2022\\\/05\\\/23\\\/presentada-13-editora-a-primeira-editorial-de-activismo-en-lingua-galega\\\/\"},\"wordCount\":383,\"commentCount\":0,\"publisher\":{\"@id\":\"https:\\\/\\\/www.anovapeneira.gal\\\/#organization\"},\"image\":{\"@id\":\"https:\\\/\\\/www.anovapeneira.gal\\\/index.php\\\/2022\\\/05\\\/23\\\/presentada-13-editora-a-primeira-editorial-de-activismo-en-lingua-galega\\\/#primaryimage\"},\"thumbnailUrl\":\"https:\\\/\\\/www.anovapeneira.gal\\\/wp-content\\\/uploads\\\/2022\\\/05\\\/editora13.jpg\",\"articleSection\":[\"Novas\"],\"inLanguage\":\"gl-ES\",\"potentialAction\":[{\"@type\":\"CommentAction\",\"name\":\"Comment\",\"target\":[\"https:\\\/\\\/www.anovapeneira.gal\\\/index.php\\\/2022\\\/05\\\/23\\\/presentada-13-editora-a-primeira-editorial-de-activismo-en-lingua-galega\\\/#respond\"]}]},{\"@type\":\"WebPage\",\"@id\":\"https:\\\/\\\/www.anovapeneira.gal\\\/index.php\\\/2022\\\/05\\\/23\\\/presentada-13-editora-a-primeira-editorial-de-activismo-en-lingua-galega\\\/\",\"url\":\"https:\\\/\\\/www.anovapeneira.gal\\\/index.php\\\/2022\\\/05\\\/23\\\/presentada-13-editora-a-primeira-editorial-de-activismo-en-lingua-galega\\\/\",\"name\":\"Presentada 13 Editora, a primeira editorial de activismo en lingua galega -\",\"isPartOf\":{\"@id\":\"https:\\\/\\\/www.anovapeneira.gal\\\/#website\"},\"primaryImageOfPage\":{\"@id\":\"https:\\\/\\\/www.anovapeneira.gal\\\/index.php\\\/2022\\\/05\\\/23\\\/presentada-13-editora-a-primeira-editorial-de-activismo-en-lingua-galega\\\/#primaryimage\"},\"image\":{\"@id\":\"https:\\\/\\\/www.anovapeneira.gal\\\/index.php\\\/2022\\\/05\\\/23\\\/presentada-13-editora-a-primeira-editorial-de-activismo-en-lingua-galega\\\/#primaryimage\"},\"thumbnailUrl\":\"https:\\\/\\\/www.anovapeneira.gal\\\/wp-content\\\/uploads\\\/2022\\\/05\\\/editora13.jpg\",\"datePublished\":\"2022-05-23T10:00:41+00:00\",\"breadcrumb\":{\"@id\":\"https:\\\/\\\/www.anovapeneira.gal\\\/index.php\\\/2022\\\/05\\\/23\\\/presentada-13-editora-a-primeira-editorial-de-activismo-en-lingua-galega\\\/#breadcrumb\"},\"inLanguage\":\"gl-ES\",\"potentialAction\":[{\"@type\":\"ReadAction\",\"target\":[\"https:\\\/\\\/www.anovapeneira.gal\\\/index.php\\\/2022\\\/05\\\/23\\\/presentada-13-editora-a-primeira-editorial-de-activismo-en-lingua-galega\\\/\"]}]},{\"@type\":\"ImageObject\",\"inLanguage\":\"gl-ES\",\"@id\":\"https:\\\/\\\/www.anovapeneira.gal\\\/index.php\\\/2022\\\/05\\\/23\\\/presentada-13-editora-a-primeira-editorial-de-activismo-en-lingua-galega\\\/#primaryimage\",\"url\":\"https:\\\/\\\/www.anovapeneira.gal\\\/wp-content\\\/uploads\\\/2022\\\/05\\\/editora13.jpg\",\"contentUrl\":\"https:\\\/\\\/www.anovapeneira.gal\\\/wp-content\\\/uploads\\\/2022\\\/05\\\/editora13.jpg\",\"width\":720,\"height\":432,\"caption\":\"Editora 13\"},{\"@type\":\"BreadcrumbList\",\"@id\":\"https:\\\/\\\/www.anovapeneira.gal\\\/index.php\\\/2022\\\/05\\\/23\\\/presentada-13-editora-a-primeira-editorial-de-activismo-en-lingua-galega\\\/#breadcrumb\",\"itemListElement\":[{\"@type\":\"ListItem\",\"position\":1,\"name\":\"Portada\",\"item\":\"https:\\\/\\\/www.anovapeneira.gal\\\/\"},{\"@type\":\"ListItem\",\"position\":2,\"name\":\"Presentada 13 Editora, a primeira editorial de activismo en lingua galega\"}]},{\"@type\":\"WebSite\",\"@id\":\"https:\\\/\\\/www.anovapeneira.gal\\\/#website\",\"url\":\"https:\\\/\\\/www.anovapeneira.gal\\\/\",\"name\":\"\",\"description\":\"Xornal galego de informaci\u00f3n xeral Publicaci\u00f3n mensual de novas de Galicia e en especial dos Concellos da sur da provincia de Pontevedra.\",\"publisher\":{\"@id\":\"https:\\\/\\\/www.anovapeneira.gal\\\/#organization\"},\"potentialAction\":[{\"@type\":\"SearchAction\",\"target\":{\"@type\":\"EntryPoint\",\"urlTemplate\":\"https:\\\/\\\/www.anovapeneira.gal\\\/?s={search_term_string}\"},\"query-input\":{\"@type\":\"PropertyValueSpecification\",\"valueRequired\":true,\"valueName\":\"search_term_string\"}}],\"inLanguage\":\"gl-ES\"},{\"@type\":\"Organization\",\"@id\":\"https:\\\/\\\/www.anovapeneira.gal\\\/#organization\",\"name\":\"A Nova Peneira\",\"url\":\"https:\\\/\\\/www.anovapeneira.gal\\\/\",\"logo\":{\"@type\":\"ImageObject\",\"inLanguage\":\"gl-ES\",\"@id\":\"https:\\\/\\\/www.anovapeneira.gal\\\/#\\\/schema\\\/logo\\\/image\\\/\",\"url\":\"http:\\\/\\\/www.anovapeneira.gal\\\/wp-content\\\/uploads\\\/2019\\\/06\\\/logo_a_nova_peneira_portal_web.png\",\"contentUrl\":\"http:\\\/\\\/www.anovapeneira.gal\\\/wp-content\\\/uploads\\\/2019\\\/06\\\/logo_a_nova_peneira_portal_web.png\",\"width\":300,\"height\":100,\"caption\":\"A Nova Peneira\"},\"image\":{\"@id\":\"https:\\\/\\\/www.anovapeneira.gal\\\/#\\\/schema\\\/logo\\\/image\\\/\"},\"sameAs\":[\"https:\\\/\\\/www.facebook.com\\\/anovapeneira\",\"https:\\\/\\\/x.com\\\/APeneira\"]},{\"@type\":\"Person\",\"@id\":\"https:\\\/\\\/www.anovapeneira.gal\\\/#\\\/schema\\\/person\\\/b93e3f8932e3f8da96334607eb6ac6aa\",\"name\":\"Redacci\u00f3n A Nova Peneira\",\"image\":{\"@type\":\"ImageObject\",\"inLanguage\":\"gl-ES\",\"@id\":\"https:\\\/\\\/secure.gravatar.com\\\/avatar\\\/c052a2551a06e23fac63626232eaa90abd78dbcf1700fc46a2b2c89fd27b735f?s=96&d=mm&r=g\",\"url\":\"https:\\\/\\\/secure.gravatar.com\\\/avatar\\\/c052a2551a06e23fac63626232eaa90abd78dbcf1700fc46a2b2c89fd27b735f?s=96&d=mm&r=g\",\"contentUrl\":\"https:\\\/\\\/secure.gravatar.com\\\/avatar\\\/c052a2551a06e23fac63626232eaa90abd78dbcf1700fc46a2b2c89fd27b735f?s=96&d=mm&r=g\",\"caption\":\"Redacci\u00f3n A Nova Peneira\"},\"sameAs\":[\"http:\\\/\\\/www.anovapeneira.gal\\\/\"],\"url\":\"https:\\\/\\\/www.anovapeneira.gal\\\/index.php\\\/author\\\/redactor\\\/\"}]}<\/script>\n<!-- \/ Yoast SEO plugin. -->","yoast_head_json":{"title":"Presentada 13 Editora, a primeira editorial de activismo en lingua galega -","robots":{"index":"index","follow":"follow","max-snippet":"max-snippet:-1","max-image-preview":"max-image-preview:large","max-video-preview":"max-video-preview:-1"},"canonical":"https:\/\/www.anovapeneira.gal\/index.php\/2022\/05\/23\/presentada-13-editora-a-primeira-editorial-de-activismo-en-lingua-galega\/","og_locale":"gl_ES","og_type":"article","og_title":"Presentada 13 Editora, a primeira editorial de activismo en lingua galega -","og_description":"O acto de presentaci\u00f3n do novo selo editorial contou con ducias de persoas que ateigaron o local para co\u00f1ecer as principais li\u00f1as do proxecto. Galicia, 14 de Maio de 2022. O s\u00e1bado tivo lugar a [...]","og_url":"https:\/\/www.anovapeneira.gal\/index.php\/2022\/05\/23\/presentada-13-editora-a-primeira-editorial-de-activismo-en-lingua-galega\/","article_publisher":"https:\/\/www.facebook.com\/anovapeneira","article_published_time":"2022-05-23T10:00:41+00:00","og_image":[{"width":720,"height":432,"url":"https:\/\/www.anovapeneira.gal\/wp-content\/uploads\/2022\/05\/editora13.jpg","type":"image\/jpeg"}],"author":"Redacci\u00f3n A Nova Peneira","twitter_card":"summary_large_image","twitter_creator":"@APeneira","twitter_site":"@APeneira","twitter_misc":{"Escrito por":"Redacci\u00f3n A Nova Peneira","Tempo de lectura":"2 minutos"},"schema":{"@context":"https:\/\/schema.org","@graph":[{"@type":"Article","@id":"https:\/\/www.anovapeneira.gal\/index.php\/2022\/05\/23\/presentada-13-editora-a-primeira-editorial-de-activismo-en-lingua-galega\/#article","isPartOf":{"@id":"https:\/\/www.anovapeneira.gal\/index.php\/2022\/05\/23\/presentada-13-editora-a-primeira-editorial-de-activismo-en-lingua-galega\/"},"author":{"name":"Redacci\u00f3n A Nova Peneira","@id":"https:\/\/www.anovapeneira.gal\/#\/schema\/person\/b93e3f8932e3f8da96334607eb6ac6aa"},"headline":"Presentada 13 Editora, a primeira editorial de activismo en lingua galega","datePublished":"2022-05-23T10:00:41+00:00","mainEntityOfPage":{"@id":"https:\/\/www.anovapeneira.gal\/index.php\/2022\/05\/23\/presentada-13-editora-a-primeira-editorial-de-activismo-en-lingua-galega\/"},"wordCount":383,"commentCount":0,"publisher":{"@id":"https:\/\/www.anovapeneira.gal\/#organization"},"image":{"@id":"https:\/\/www.anovapeneira.gal\/index.php\/2022\/05\/23\/presentada-13-editora-a-primeira-editorial-de-activismo-en-lingua-galega\/#primaryimage"},"thumbnailUrl":"https:\/\/www.anovapeneira.gal\/wp-content\/uploads\/2022\/05\/editora13.jpg","articleSection":["Novas"],"inLanguage":"gl-ES","potentialAction":[{"@type":"CommentAction","name":"Comment","target":["https:\/\/www.anovapeneira.gal\/index.php\/2022\/05\/23\/presentada-13-editora-a-primeira-editorial-de-activismo-en-lingua-galega\/#respond"]}]},{"@type":"WebPage","@id":"https:\/\/www.anovapeneira.gal\/index.php\/2022\/05\/23\/presentada-13-editora-a-primeira-editorial-de-activismo-en-lingua-galega\/","url":"https:\/\/www.anovapeneira.gal\/index.php\/2022\/05\/23\/presentada-13-editora-a-primeira-editorial-de-activismo-en-lingua-galega\/","name":"Presentada 13 Editora, a primeira editorial de activismo en lingua galega -","isPartOf":{"@id":"https:\/\/www.anovapeneira.gal\/#website"},"primaryImageOfPage":{"@id":"https:\/\/www.anovapeneira.gal\/index.php\/2022\/05\/23\/presentada-13-editora-a-primeira-editorial-de-activismo-en-lingua-galega\/#primaryimage"},"image":{"@id":"https:\/\/www.anovapeneira.gal\/index.php\/2022\/05\/23\/presentada-13-editora-a-primeira-editorial-de-activismo-en-lingua-galega\/#primaryimage"},"thumbnailUrl":"https:\/\/www.anovapeneira.gal\/wp-content\/uploads\/2022\/05\/editora13.jpg","datePublished":"2022-05-23T10:00:41+00:00","breadcrumb":{"@id":"https:\/\/www.anovapeneira.gal\/index.php\/2022\/05\/23\/presentada-13-editora-a-primeira-editorial-de-activismo-en-lingua-galega\/#breadcrumb"},"inLanguage":"gl-ES","potentialAction":[{"@type":"ReadAction","target":["https:\/\/www.anovapeneira.gal\/index.php\/2022\/05\/23\/presentada-13-editora-a-primeira-editorial-de-activismo-en-lingua-galega\/"]}]},{"@type":"ImageObject","inLanguage":"gl-ES","@id":"https:\/\/www.anovapeneira.gal\/index.php\/2022\/05\/23\/presentada-13-editora-a-primeira-editorial-de-activismo-en-lingua-galega\/#primaryimage","url":"https:\/\/www.anovapeneira.gal\/wp-content\/uploads\/2022\/05\/editora13.jpg","contentUrl":"https:\/\/www.anovapeneira.gal\/wp-content\/uploads\/2022\/05\/editora13.jpg","width":720,"height":432,"caption":"Editora 13"},{"@type":"BreadcrumbList","@id":"https:\/\/www.anovapeneira.gal\/index.php\/2022\/05\/23\/presentada-13-editora-a-primeira-editorial-de-activismo-en-lingua-galega\/#breadcrumb","itemListElement":[{"@type":"ListItem","position":1,"name":"Portada","item":"https:\/\/www.anovapeneira.gal\/"},{"@type":"ListItem","position":2,"name":"Presentada 13 Editora, a primeira editorial de activismo en lingua galega"}]},{"@type":"WebSite","@id":"https:\/\/www.anovapeneira.gal\/#website","url":"https:\/\/www.anovapeneira.gal\/","name":"","description":"Xornal galego de informaci\u00f3n xeral Publicaci\u00f3n mensual de novas de Galicia e en especial dos Concellos da sur da provincia de Pontevedra.","publisher":{"@id":"https:\/\/www.anovapeneira.gal\/#organization"},"potentialAction":[{"@type":"SearchAction","target":{"@type":"EntryPoint","urlTemplate":"https:\/\/www.anovapeneira.gal\/?s={search_term_string}"},"query-input":{"@type":"PropertyValueSpecification","valueRequired":true,"valueName":"search_term_string"}}],"inLanguage":"gl-ES"},{"@type":"Organization","@id":"https:\/\/www.anovapeneira.gal\/#organization","name":"A Nova Peneira","url":"https:\/\/www.anovapeneira.gal\/","logo":{"@type":"ImageObject","inLanguage":"gl-ES","@id":"https:\/\/www.anovapeneira.gal\/#\/schema\/logo\/image\/","url":"http:\/\/www.anovapeneira.gal\/wp-content\/uploads\/2019\/06\/logo_a_nova_peneira_portal_web.png","contentUrl":"http:\/\/www.anovapeneira.gal\/wp-content\/uploads\/2019\/06\/logo_a_nova_peneira_portal_web.png","width":300,"height":100,"caption":"A Nova Peneira"},"image":{"@id":"https:\/\/www.anovapeneira.gal\/#\/schema\/logo\/image\/"},"sameAs":["https:\/\/www.facebook.com\/anovapeneira","https:\/\/x.com\/APeneira"]},{"@type":"Person","@id":"https:\/\/www.anovapeneira.gal\/#\/schema\/person\/b93e3f8932e3f8da96334607eb6ac6aa","name":"Redacci\u00f3n A Nova Peneira","image":{"@type":"ImageObject","inLanguage":"gl-ES","@id":"https:\/\/secure.gravatar.com\/avatar\/c052a2551a06e23fac63626232eaa90abd78dbcf1700fc46a2b2c89fd27b735f?s=96&d=mm&r=g","url":"https:\/\/secure.gravatar.com\/avatar\/c052a2551a06e23fac63626232eaa90abd78dbcf1700fc46a2b2c89fd27b735f?s=96&d=mm&r=g","contentUrl":"https:\/\/secure.gravatar.com\/avatar\/c052a2551a06e23fac63626232eaa90abd78dbcf1700fc46a2b2c89fd27b735f?s=96&d=mm&r=g","caption":"Redacci\u00f3n A Nova Peneira"},"sameAs":["http:\/\/www.anovapeneira.gal\/"],"url":"https:\/\/www.anovapeneira.gal\/index.php\/author\/redactor\/"}]}},"jetpack_featured_media_url":"https:\/\/www.anovapeneira.gal\/wp-content\/uploads\/2022\/05\/editora13.jpg","_links":{"self":[{"href":"https:\/\/www.anovapeneira.gal\/index.php\/wp-json\/wp\/v2\/posts\/7506","targetHints":{"allow":["GET"]}}],"collection":[{"href":"https:\/\/www.anovapeneira.gal\/index.php\/wp-json\/wp\/v2\/posts"}],"about":[{"href":"https:\/\/www.anovapeneira.gal\/index.php\/wp-json\/wp\/v2\/types\/post"}],"author":[{"embeddable":true,"href":"https:\/\/www.anovapeneira.gal\/index.php\/wp-json\/wp\/v2\/users\/3"}],"replies":[{"embeddable":true,"href":"https:\/\/www.anovapeneira.gal\/index.php\/wp-json\/wp\/v2\/comments?post=7506"}],"version-history":[{"count":1,"href":"https:\/\/www.anovapeneira.gal\/index.php\/wp-json\/wp\/v2\/posts\/7506\/revisions"}],"predecessor-version":[{"id":7507,"href":"https:\/\/www.anovapeneira.gal\/index.php\/wp-json\/wp\/v2\/posts\/7506\/revisions\/7507"}],"wp:featuredmedia":[{"embeddable":true,"href":"https:\/\/www.anovapeneira.gal\/index.php\/wp-json\/wp\/v2\/media\/7439"}],"wp:attachment":[{"href":"https:\/\/www.anovapeneira.gal\/index.php\/wp-json\/wp\/v2\/media?parent=7506"}],"wp:term":[{"taxonomy":"category","embeddable":true,"href":"https:\/\/www.anovapeneira.gal\/index.php\/wp-json\/wp\/v2\/categories?post=7506"},{"taxonomy":"post_tag","embeddable":true,"href":"https:\/\/www.anovapeneira.gal\/index.php\/wp-json\/wp\/v2\/tags?post=7506"}],"curies":[{"name":"wp","href":"https:\/\/api.w.org\/{rel}","templated":true}]}}