{"id":7533,"date":"2022-05-27T12:00:22","date_gmt":"2022-05-27T10:00:22","guid":{"rendered":"https:\/\/www.anovapeneira.gal\/?p=7533"},"modified":"2022-05-23T11:10:50","modified_gmt":"2022-05-23T09:10:50","slug":"liv-festa-da-troita-de-ponte-caldelas","status":"publish","type":"post","link":"https:\/\/www.anovapeneira.gal\/index.php\/2022\/05\/27\/liv-festa-da-troita-de-ponte-caldelas\/","title":{"rendered":"LIV Festa da troita de Ponte Caldelas"},"content":{"rendered":"\n<p>Despois de dous anos de parada pola pandemia de Covid19 , o Concello de Ponte Caldelas retoma unha das s\u00faas festas m\u00e1is antigas e destacadas, a <em><strong>\u201cFesta d\u00e1 Troita<\/strong><\/em><em>\u201d. <\/em>Este ano c\u00famprense 54 edici\u00f3ns dunha festa gastron\u00f3mica declarada de interese tur\u00edstico e ret\u00f3mase con moita ilusi\u00f3n, forza e ganas de festa.<\/p>\n\n\n\n<p>A s\u00faa andaina comezou al\u00e1 polo ano 1.967, o \u00faltimo domingo do mes de maio, botaba a andar esta festa destacando a gastronom\u00eda e o Concurso Internacional de Pesca modalidade de salm\u00f3nidos. A festa nace pola iniciativa dun grupo de amigos afeccionados \u00e1 pesca: Rafael L\u00f3pez, Luis Blanco, Enrique Puga e Luciano Mart\u00ednez, alcalde daquela \u00e9poca, vendo que hab\u00eda gran afluencia de troitas nos r\u00edos que atravesan o termo municipal, \u00f3 mesmo tempo que promocionaban a vila.<br>A festa conta cunha particularidade, edita t\u00f3dolos anos o <em><strong>&#8220;Libro da Festa da Troita&#8221;<\/strong><\/em> no que se recollen os programas de festexos, o regulamento do concurso de pesca, os acontecementos m\u00e1is destacados da vida, as\u00ed como achegas da vida cultural galega de todos estes anos. Por todo elo estes exemplares supo\u00f1en para t\u00f3dolos habitantes de Ponte Caldelas o recordo \u00f3 longo do tempo de todo aquilo que foron e foi o seu pobo e o cami\u00f1o que recorreu ata os nosos d\u00edas.<\/p>\n\n\n\n<figure class=\"wp-block-image size-large\"><img loading=\"lazy\" decoding=\"async\" width=\"712\" height=\"1024\" src=\"https:\/\/www.anovapeneira.gal\/wp-content\/uploads\/2022\/05\/cartel-festa-da-troita-712x1024.jpg\" alt=\"Festa da troita\" class=\"wp-image-7537\" srcset=\"https:\/\/www.anovapeneira.gal\/wp-content\/uploads\/2022\/05\/cartel-festa-da-troita-712x1024.jpg 712w, https:\/\/www.anovapeneira.gal\/wp-content\/uploads\/2022\/05\/cartel-festa-da-troita-209x300.jpg 209w, https:\/\/www.anovapeneira.gal\/wp-content\/uploads\/2022\/05\/cartel-festa-da-troita-768x1104.jpg 768w, https:\/\/www.anovapeneira.gal\/wp-content\/uploads\/2022\/05\/cartel-festa-da-troita-1068x1536.jpg 1068w, https:\/\/www.anovapeneira.gal\/wp-content\/uploads\/2022\/05\/cartel-festa-da-troita-1424x2048.jpg 1424w, https:\/\/www.anovapeneira.gal\/wp-content\/uploads\/2022\/05\/cartel-festa-da-troita-scaled.jpg 1781w\" sizes=\"auto, (max-width: 712px) 100vw, 712px\" \/><\/figure>\n\n\n\n<p>Pero non s\u00f3 destaca pola co\u00f1ecida achega \u00e1 cultura desta revista na que mesmo contou no primeiro n\u00famero un artigo titulado &#8220;Laude de la Trucha&#8221; asinado por \u00c1lvaro Cunqueiro, ou, neste mesmo n\u00famero apareceu outra colaboraci\u00f3n titulada &#8220;Quodlibet de la Trucha&#8221; do historiador Jos\u00e9 Filgueira Valverde, personaxes ilustres que repiten noutras Edici\u00f3ns, sen\u00f3n tam\u00e9n polo deporte. En todas e cada un destes anos cel\u00e9brase o \u201c<em><strong>Concurso Internacional de Pesca<\/strong><\/em>\u201d que \u00e9 co\u00f1ecido polos afeccionados a esta disciplina de toda Galicia e incluso Portugal, e que en consecuencia aglutina a grande cantidade de pescadores que agardan cada ano tan ansiada cita.<\/p>\n\n\n\n<p>O Concurso desenv\u00f3lvese durante tres d\u00edas nos que se fan competici\u00f3ns de t\u00f3dalas modalidades e categor\u00edas. A organizaci\u00f3n corre a cargo da Sociedade de Caza e Pesca Verdeseixo de Ponte Caldelas co asesoramento da Federaci\u00f3n Galega deste deporte. Proba da magnitude do evento, \u00e9 que todas e cada unha das sociedades de pesca existente no noso pa\u00eds son invitadas a participar na competici\u00f3n, d\u00e1ndoselle toda clase de facilidades para que poidan acudir \u00e1 ansiada cita respondendo as mesmas de forma moi positiva. Outra proba desta magnitude \u00e9 que no ano 1.973 ese Concurso foi valido para o Campionato de Espa\u00f1a da especialidade.<\/p>\n\n\n\n<p>No que \u00e1 gastronom\u00eda se refire, p\u00f3dese degustar a troita en t\u00f3dalas s\u00faas formas de preparaci\u00f3n, estando a disposici\u00f3n dos visitantes en t\u00f3dolos restaurantes da vila xa durante os d\u00edas anteriores e posteriores \u00e1 data da festa.<\/p>\n\n\n\n<p>A degustaci\u00f3n, nos d\u00edas de festa, l\u00e9vase a cabo na Alameda de Ponte Caldelas, lugar pr\u00f3ximo \u00f3 r\u00edo e que serve como escaparate destas festas por diversos motivos: cel\u00e9brase o s\u00e1bado pola tarde en horario que coincide co final do concurso de pesca, polo que o citado recinto serve de lugar de reuni\u00f3n de pescadores, afeccionados, turistas e prensa. Lugar tam\u00e9n onde se concentra o campo da actividade cultural, como exemplo os encontros polif\u00f3nicos organizados nestas datas pola Coral Valdarrosa de Ponte Caldelas, anfitriona de tal evento, e na que participan outras corais da provincia. Como colof\u00f3n a todo o evento non poden faltar as cl\u00e1sicas e populares verbenas que alegran a vila con distintos pasar\u00faas e actuaci\u00f3ns para t\u00f3dolos p\u00fablicos.<br>Tratamento aparte requiren a entrega de trofeos do Concurso de Pesca: nel re\u00fanense numerosas autoridades do entorno auton\u00f3mico que participan nesta entrega, as\u00ed como os vencedores, participantes, afeccionados e prensa que participan na ma\u00f1\u00e1 do domingo do punto e final de tan singular concurso. V\u00f3lvese a encher a alameda de Ponte Caldelas con xentes de toda Galicia.<br>Como colof\u00f3n destes actos est\u00e1 o banquete oficial, a el asisten as autoridades, organizadores, participantes no concurso de pesca e afeccionados que as\u00ed o desexen. Cel\u00e9brase no marco do Hostal El Verdugo, situado \u00e1 marxe do mesmo r\u00edo, e que fora o antigo &#8220;Balneario de Ponte Caldelas&#8221;. Conclu\u00edndo, poderiamos dicir que nos atopamos cunha festa que aglutina \u00e1 perfecci\u00f3n o aspecto cultural, folcl\u00f3rico, de ocio e gastron\u00f3mico que toda celebraci\u00f3n deste tipo debe ter.<\/p>\n\n\n\n<p>Para engalanar ao r\u00edo Verdugo, para a s\u00faa competici\u00f3n de pesca, o pasado 18 de maio recibiu 100 exemplares que foron liberados polo alcalde de Ponte Caldelas, Andr\u00e9s D\u00edaz, e Santi P\u00e9rez, en representaci\u00f3n da directiva da Sociedade de Caza e Pesca Verdeseixo, coa colaboraci\u00f3n do t\u00e9cnico do Servizo de Conservaci\u00f3n da Natureza da Conseller\u00eda de Medio Ambiente, V\u00edctor Rial. Estaba tam\u00e9n prevista a participaci\u00f3n, como nos anos anteriores, dos nenos dos colexios Manuel Cordo Boullosa e A Reigosa, pero a choiva que ese d\u00eda asolou o pa\u00eds non deu tregua durante a ma\u00f1\u00e1 e impediu a s\u00faa asistencia.<\/p>\n\n\n\n<p>As troitas co\u00f1eceron as\u00ed o seu novo h\u00e1bitat e ter\u00e1n tempo de adaptarse antes do concurso internacional de pesca que se celebra con motivo da festa m\u00e1is senlleira de Ponte Caldelas. Os exemplares eran maioritariamente duns 20 cent\u00edmetros de lonxitude, pero tam\u00e9n hab\u00eda varios con envergaduras de ata case 30 cent\u00edmetros. O peixe foi liberado no couto dedicado \u00e1 captura sen morte, \u00e9 dicir, con obriga de devolver as pezas que piquen ao r\u00edo.<\/p>\n\n\n\n<p>A Casa da Cultura de Ponte Caldelas tam\u00e9n ten o seu protagonismo este ano na festa e conta cunha exposici\u00f3n, <em><strong>\u201c O esmalte ao lume<\/strong><\/em><em>\u201d<\/em> ata o domingo 29 de maio.<\/p>\n\n\n\n<p>O esmalte ao lume, unha t\u00e9cnica artes\u00e1n en extinci\u00f3n, chega da man de Olga Dur\u00e1n e Isabel Perea cunha mostra que levan un tempo investigando as posibilidades de cadros e xoier\u00eda con cristais e metais e empregando t\u00e9cnicas moi detallistas e perfeccionistas.<\/p>\n\n\n\n<p>Tr\u00e1tase de amosar a expresi\u00f3n art\u00edstica dunha t\u00e9cnica cada vez m\u00e1is rara e que mesmo corre o risco de perderse e que estas d\u00faas artistas viguesas, Olga Dur\u00e1n afincada na parroquia pontecaldel\u00e1 de Forz\u00e1ns, expor\u00e1n pezas que van da bixuter\u00eda m\u00e1is cl\u00e1sica a cadros elaborados con paciencia e sabedor\u00eda, seguindo os pasos dun proceso inventado hai s\u00e9culos, non se sabe ben se polos gregos ou polos exipcios.<\/p>\n\n\n\n<p>Como vedes unha festa na que non se pode desbotar nada, exposici\u00f3ns, m\u00fasica, comida, deporte e ganas de gozar despois deste dous duros anos de dura pandemia sen poder asistir a ning\u00fan destes eventos tan esperados polos veci\u00f1os e veci\u00f1as das vilas de todo o pa\u00eds.<\/p>\n","protected":false},"excerpt":{"rendered":"<div class=\"mh-excerpt\"><p>Despois de dous anos de parada pola pandemia de Covid19 , o Concello de Ponte Caldelas retoma unha das s\u00faas festas m\u00e1is antigas e destacadas, a \u201cFesta d\u00e1 Troita\u201d.  <a class=\"mh-excerpt-more\" href=\"https:\/\/www.anovapeneira.gal\/index.php\/2022\/05\/27\/liv-festa-da-troita-de-ponte-caldelas\/\" title=\"LIV Festa da troita de Ponte Caldelas\">[&#8230;]<\/a><\/p>\n<\/div>","protected":false},"author":17,"featured_media":0,"comment_status":"open","ping_status":"open","sticky":false,"template":"","format":"standard","meta":{"_exactmetrics_skip_tracking":false,"_exactmetrics_sitenote_active":false,"_exactmetrics_sitenote_note":"","_exactmetrics_sitenote_category":0,"footnotes":""},"categories":[26],"tags":[],"class_list":{"0":"post-7533","1":"post","2":"type-post","3":"status-publish","4":"format-standard","6":"category-pontevedra"},"yoast_head":"<!-- This site is optimized with the Yoast SEO plugin v27.4 - https:\/\/yoast.com\/product\/yoast-seo-wordpress\/ -->\n<title>LIV Festa da troita de Ponte Caldelas -<\/title>\n<meta name=\"description\" content=\"Despois de dous anos de parada pola pandemia de Covid19 , o Concello de Ponte Caldelas retoma unha das s\u00faas festas m\u00e1is antigas e destacadas, a \u201cFesta d\u00e1 Troita\u201d.\" \/>\n<meta name=\"robots\" content=\"index, follow, max-snippet:-1, max-image-preview:large, max-video-preview:-1\" \/>\n<link rel=\"canonical\" href=\"https:\/\/www.anovapeneira.gal\/index.php\/2022\/05\/27\/liv-festa-da-troita-de-ponte-caldelas\/\" \/>\n<meta property=\"og:locale\" content=\"gl_ES\" \/>\n<meta property=\"og:type\" content=\"article\" \/>\n<meta property=\"og:title\" content=\"LIV Festa da troita de Ponte Caldelas -\" \/>\n<meta property=\"og:description\" content=\"Despois de dous anos de parada pola pandemia de Covid19 , o Concello de Ponte Caldelas retoma unha das s\u00faas festas m\u00e1is antigas e destacadas, a \u201cFesta d\u00e1 Troita\u201d.\" \/>\n<meta property=\"og:url\" content=\"https:\/\/www.anovapeneira.gal\/index.php\/2022\/05\/27\/liv-festa-da-troita-de-ponte-caldelas\/\" \/>\n<meta property=\"article:publisher\" content=\"https:\/\/www.facebook.com\/anovapeneira\" \/>\n<meta property=\"article:published_time\" content=\"2022-05-27T10:00:22+00:00\" \/>\n<meta property=\"og:image\" content=\"https:\/\/www.anovapeneira.gal\/wp-content\/uploads\/2022\/05\/portada_festa_da_troita.jpg\" \/>\n\t<meta property=\"og:image:width\" content=\"720\" \/>\n\t<meta property=\"og:image:height\" content=\"432\" \/>\n\t<meta property=\"og:image:type\" content=\"image\/jpeg\" \/>\n<meta name=\"author\" content=\"G. Figueiredo\" \/>\n<meta name=\"twitter:card\" content=\"summary_large_image\" \/>\n<meta name=\"twitter:creator\" content=\"@APeneira\" \/>\n<meta name=\"twitter:site\" content=\"@APeneira\" \/>\n<meta name=\"twitter:label1\" content=\"Escrito por\" \/>\n\t<meta name=\"twitter:data1\" content=\"G. Figueiredo\" \/>\n\t<meta name=\"twitter:label2\" content=\"Tempo de lectura\" \/>\n\t<meta name=\"twitter:data2\" content=\"6 minutos\" \/>\n<script type=\"application\/ld+json\" class=\"yoast-schema-graph\">{\"@context\":\"https:\\\/\\\/schema.org\",\"@graph\":[{\"@type\":\"Article\",\"@id\":\"https:\\\/\\\/www.anovapeneira.gal\\\/index.php\\\/2022\\\/05\\\/27\\\/liv-festa-da-troita-de-ponte-caldelas\\\/#article\",\"isPartOf\":{\"@id\":\"https:\\\/\\\/www.anovapeneira.gal\\\/index.php\\\/2022\\\/05\\\/27\\\/liv-festa-da-troita-de-ponte-caldelas\\\/\"},\"author\":{\"name\":\"G. Figueiredo\",\"@id\":\"https:\\\/\\\/www.anovapeneira.gal\\\/#\\\/schema\\\/person\\\/42f904d7cac80cf3f5a31494dd82a9b6\"},\"headline\":\"LIV Festa da troita de Ponte Caldelas\",\"datePublished\":\"2022-05-27T10:00:22+00:00\",\"mainEntityOfPage\":{\"@id\":\"https:\\\/\\\/www.anovapeneira.gal\\\/index.php\\\/2022\\\/05\\\/27\\\/liv-festa-da-troita-de-ponte-caldelas\\\/\"},\"wordCount\":1172,\"commentCount\":0,\"publisher\":{\"@id\":\"https:\\\/\\\/www.anovapeneira.gal\\\/#organization\"},\"image\":{\"@id\":\"https:\\\/\\\/www.anovapeneira.gal\\\/index.php\\\/2022\\\/05\\\/27\\\/liv-festa-da-troita-de-ponte-caldelas\\\/#primaryimage\"},\"thumbnailUrl\":\"https:\\\/\\\/www.anovapeneira.gal\\\/wp-content\\\/uploads\\\/2022\\\/05\\\/cartel-festa-da-troita-712x1024.jpg\",\"articleSection\":[\"Pontevedra\"],\"inLanguage\":\"gl-ES\",\"potentialAction\":[{\"@type\":\"CommentAction\",\"name\":\"Comment\",\"target\":[\"https:\\\/\\\/www.anovapeneira.gal\\\/index.php\\\/2022\\\/05\\\/27\\\/liv-festa-da-troita-de-ponte-caldelas\\\/#respond\"]}]},{\"@type\":\"WebPage\",\"@id\":\"https:\\\/\\\/www.anovapeneira.gal\\\/index.php\\\/2022\\\/05\\\/27\\\/liv-festa-da-troita-de-ponte-caldelas\\\/\",\"url\":\"https:\\\/\\\/www.anovapeneira.gal\\\/index.php\\\/2022\\\/05\\\/27\\\/liv-festa-da-troita-de-ponte-caldelas\\\/\",\"name\":\"LIV Festa da troita de Ponte Caldelas -\",\"isPartOf\":{\"@id\":\"https:\\\/\\\/www.anovapeneira.gal\\\/#website\"},\"primaryImageOfPage\":{\"@id\":\"https:\\\/\\\/www.anovapeneira.gal\\\/index.php\\\/2022\\\/05\\\/27\\\/liv-festa-da-troita-de-ponte-caldelas\\\/#primaryimage\"},\"image\":{\"@id\":\"https:\\\/\\\/www.anovapeneira.gal\\\/index.php\\\/2022\\\/05\\\/27\\\/liv-festa-da-troita-de-ponte-caldelas\\\/#primaryimage\"},\"thumbnailUrl\":\"https:\\\/\\\/www.anovapeneira.gal\\\/wp-content\\\/uploads\\\/2022\\\/05\\\/cartel-festa-da-troita-712x1024.jpg\",\"datePublished\":\"2022-05-27T10:00:22+00:00\",\"description\":\"Despois de dous anos de parada pola pandemia de Covid19 , o Concello de Ponte Caldelas retoma unha das s\u00faas festas m\u00e1is antigas e destacadas, a \u201cFesta d\u00e1 Troita\u201d.\",\"breadcrumb\":{\"@id\":\"https:\\\/\\\/www.anovapeneira.gal\\\/index.php\\\/2022\\\/05\\\/27\\\/liv-festa-da-troita-de-ponte-caldelas\\\/#breadcrumb\"},\"inLanguage\":\"gl-ES\",\"potentialAction\":[{\"@type\":\"ReadAction\",\"target\":[\"https:\\\/\\\/www.anovapeneira.gal\\\/index.php\\\/2022\\\/05\\\/27\\\/liv-festa-da-troita-de-ponte-caldelas\\\/\"]}]},{\"@type\":\"ImageObject\",\"inLanguage\":\"gl-ES\",\"@id\":\"https:\\\/\\\/www.anovapeneira.gal\\\/index.php\\\/2022\\\/05\\\/27\\\/liv-festa-da-troita-de-ponte-caldelas\\\/#primaryimage\",\"url\":\"https:\\\/\\\/www.anovapeneira.gal\\\/wp-content\\\/uploads\\\/2022\\\/05\\\/cartel-festa-da-troita-712x1024.jpg\",\"contentUrl\":\"https:\\\/\\\/www.anovapeneira.gal\\\/wp-content\\\/uploads\\\/2022\\\/05\\\/cartel-festa-da-troita-712x1024.jpg\"},{\"@type\":\"BreadcrumbList\",\"@id\":\"https:\\\/\\\/www.anovapeneira.gal\\\/index.php\\\/2022\\\/05\\\/27\\\/liv-festa-da-troita-de-ponte-caldelas\\\/#breadcrumb\",\"itemListElement\":[{\"@type\":\"ListItem\",\"position\":1,\"name\":\"Portada\",\"item\":\"https:\\\/\\\/www.anovapeneira.gal\\\/\"},{\"@type\":\"ListItem\",\"position\":2,\"name\":\"LIV Festa da troita de Ponte Caldelas\"}]},{\"@type\":\"WebSite\",\"@id\":\"https:\\\/\\\/www.anovapeneira.gal\\\/#website\",\"url\":\"https:\\\/\\\/www.anovapeneira.gal\\\/\",\"name\":\"\",\"description\":\"Xornal galego de informaci\u00f3n xeral Publicaci\u00f3n mensual de novas de Galicia e en especial dos Concellos da sur da provincia de Pontevedra.\",\"publisher\":{\"@id\":\"https:\\\/\\\/www.anovapeneira.gal\\\/#organization\"},\"potentialAction\":[{\"@type\":\"SearchAction\",\"target\":{\"@type\":\"EntryPoint\",\"urlTemplate\":\"https:\\\/\\\/www.anovapeneira.gal\\\/?s={search_term_string}\"},\"query-input\":{\"@type\":\"PropertyValueSpecification\",\"valueRequired\":true,\"valueName\":\"search_term_string\"}}],\"inLanguage\":\"gl-ES\"},{\"@type\":\"Organization\",\"@id\":\"https:\\\/\\\/www.anovapeneira.gal\\\/#organization\",\"name\":\"A Nova Peneira\",\"url\":\"https:\\\/\\\/www.anovapeneira.gal\\\/\",\"logo\":{\"@type\":\"ImageObject\",\"inLanguage\":\"gl-ES\",\"@id\":\"https:\\\/\\\/www.anovapeneira.gal\\\/#\\\/schema\\\/logo\\\/image\\\/\",\"url\":\"http:\\\/\\\/www.anovapeneira.gal\\\/wp-content\\\/uploads\\\/2019\\\/06\\\/logo_a_nova_peneira_portal_web.png\",\"contentUrl\":\"http:\\\/\\\/www.anovapeneira.gal\\\/wp-content\\\/uploads\\\/2019\\\/06\\\/logo_a_nova_peneira_portal_web.png\",\"width\":300,\"height\":100,\"caption\":\"A Nova Peneira\"},\"image\":{\"@id\":\"https:\\\/\\\/www.anovapeneira.gal\\\/#\\\/schema\\\/logo\\\/image\\\/\"},\"sameAs\":[\"https:\\\/\\\/www.facebook.com\\\/anovapeneira\",\"https:\\\/\\\/x.com\\\/APeneira\"]},{\"@type\":\"Person\",\"@id\":\"https:\\\/\\\/www.anovapeneira.gal\\\/#\\\/schema\\\/person\\\/42f904d7cac80cf3f5a31494dd82a9b6\",\"name\":\"G. Figueiredo\",\"image\":{\"@type\":\"ImageObject\",\"inLanguage\":\"gl-ES\",\"@id\":\"https:\\\/\\\/secure.gravatar.com\\\/avatar\\\/2d970086688458e0398ef8b84f5cbb8cc1ec3ab115aeb8435135a9f556af97b3?s=96&d=mm&r=g\",\"url\":\"https:\\\/\\\/secure.gravatar.com\\\/avatar\\\/2d970086688458e0398ef8b84f5cbb8cc1ec3ab115aeb8435135a9f556af97b3?s=96&d=mm&r=g\",\"contentUrl\":\"https:\\\/\\\/secure.gravatar.com\\\/avatar\\\/2d970086688458e0398ef8b84f5cbb8cc1ec3ab115aeb8435135a9f556af97b3?s=96&d=mm&r=g\",\"caption\":\"G. Figueiredo\"},\"sameAs\":[\"http:\\\/\\\/www.anovapeneira.gal\\\/\"],\"url\":\"https:\\\/\\\/www.anovapeneira.gal\\\/index.php\\\/author\\\/g-figueiredo\\\/\"}]}<\/script>\n<!-- \/ Yoast SEO plugin. -->","yoast_head_json":{"title":"LIV Festa da troita de Ponte Caldelas -","description":"Despois de dous anos de parada pola pandemia de Covid19 , o Concello de Ponte Caldelas retoma unha das s\u00faas festas m\u00e1is antigas e destacadas, a \u201cFesta d\u00e1 Troita\u201d.","robots":{"index":"index","follow":"follow","max-snippet":"max-snippet:-1","max-image-preview":"max-image-preview:large","max-video-preview":"max-video-preview:-1"},"canonical":"https:\/\/www.anovapeneira.gal\/index.php\/2022\/05\/27\/liv-festa-da-troita-de-ponte-caldelas\/","og_locale":"gl_ES","og_type":"article","og_title":"LIV Festa da troita de Ponte Caldelas -","og_description":"Despois de dous anos de parada pola pandemia de Covid19 , o Concello de Ponte Caldelas retoma unha das s\u00faas festas m\u00e1is antigas e destacadas, a \u201cFesta d\u00e1 Troita\u201d.","og_url":"https:\/\/www.anovapeneira.gal\/index.php\/2022\/05\/27\/liv-festa-da-troita-de-ponte-caldelas\/","article_publisher":"https:\/\/www.facebook.com\/anovapeneira","article_published_time":"2022-05-27T10:00:22+00:00","og_image":[{"width":720,"height":432,"url":"https:\/\/www.anovapeneira.gal\/wp-content\/uploads\/2022\/05\/portada_festa_da_troita.jpg","type":"image\/jpeg"}],"author":"G. Figueiredo","twitter_card":"summary_large_image","twitter_creator":"@APeneira","twitter_site":"@APeneira","twitter_misc":{"Escrito por":"G. Figueiredo","Tempo de lectura":"6 minutos"},"schema":{"@context":"https:\/\/schema.org","@graph":[{"@type":"Article","@id":"https:\/\/www.anovapeneira.gal\/index.php\/2022\/05\/27\/liv-festa-da-troita-de-ponte-caldelas\/#article","isPartOf":{"@id":"https:\/\/www.anovapeneira.gal\/index.php\/2022\/05\/27\/liv-festa-da-troita-de-ponte-caldelas\/"},"author":{"name":"G. Figueiredo","@id":"https:\/\/www.anovapeneira.gal\/#\/schema\/person\/42f904d7cac80cf3f5a31494dd82a9b6"},"headline":"LIV Festa da troita de Ponte Caldelas","datePublished":"2022-05-27T10:00:22+00:00","mainEntityOfPage":{"@id":"https:\/\/www.anovapeneira.gal\/index.php\/2022\/05\/27\/liv-festa-da-troita-de-ponte-caldelas\/"},"wordCount":1172,"commentCount":0,"publisher":{"@id":"https:\/\/www.anovapeneira.gal\/#organization"},"image":{"@id":"https:\/\/www.anovapeneira.gal\/index.php\/2022\/05\/27\/liv-festa-da-troita-de-ponte-caldelas\/#primaryimage"},"thumbnailUrl":"https:\/\/www.anovapeneira.gal\/wp-content\/uploads\/2022\/05\/cartel-festa-da-troita-712x1024.jpg","articleSection":["Pontevedra"],"inLanguage":"gl-ES","potentialAction":[{"@type":"CommentAction","name":"Comment","target":["https:\/\/www.anovapeneira.gal\/index.php\/2022\/05\/27\/liv-festa-da-troita-de-ponte-caldelas\/#respond"]}]},{"@type":"WebPage","@id":"https:\/\/www.anovapeneira.gal\/index.php\/2022\/05\/27\/liv-festa-da-troita-de-ponte-caldelas\/","url":"https:\/\/www.anovapeneira.gal\/index.php\/2022\/05\/27\/liv-festa-da-troita-de-ponte-caldelas\/","name":"LIV Festa da troita de Ponte Caldelas -","isPartOf":{"@id":"https:\/\/www.anovapeneira.gal\/#website"},"primaryImageOfPage":{"@id":"https:\/\/www.anovapeneira.gal\/index.php\/2022\/05\/27\/liv-festa-da-troita-de-ponte-caldelas\/#primaryimage"},"image":{"@id":"https:\/\/www.anovapeneira.gal\/index.php\/2022\/05\/27\/liv-festa-da-troita-de-ponte-caldelas\/#primaryimage"},"thumbnailUrl":"https:\/\/www.anovapeneira.gal\/wp-content\/uploads\/2022\/05\/cartel-festa-da-troita-712x1024.jpg","datePublished":"2022-05-27T10:00:22+00:00","description":"Despois de dous anos de parada pola pandemia de Covid19 , o Concello de Ponte Caldelas retoma unha das s\u00faas festas m\u00e1is antigas e destacadas, a \u201cFesta d\u00e1 Troita\u201d.","breadcrumb":{"@id":"https:\/\/www.anovapeneira.gal\/index.php\/2022\/05\/27\/liv-festa-da-troita-de-ponte-caldelas\/#breadcrumb"},"inLanguage":"gl-ES","potentialAction":[{"@type":"ReadAction","target":["https:\/\/www.anovapeneira.gal\/index.php\/2022\/05\/27\/liv-festa-da-troita-de-ponte-caldelas\/"]}]},{"@type":"ImageObject","inLanguage":"gl-ES","@id":"https:\/\/www.anovapeneira.gal\/index.php\/2022\/05\/27\/liv-festa-da-troita-de-ponte-caldelas\/#primaryimage","url":"https:\/\/www.anovapeneira.gal\/wp-content\/uploads\/2022\/05\/cartel-festa-da-troita-712x1024.jpg","contentUrl":"https:\/\/www.anovapeneira.gal\/wp-content\/uploads\/2022\/05\/cartel-festa-da-troita-712x1024.jpg"},{"@type":"BreadcrumbList","@id":"https:\/\/www.anovapeneira.gal\/index.php\/2022\/05\/27\/liv-festa-da-troita-de-ponte-caldelas\/#breadcrumb","itemListElement":[{"@type":"ListItem","position":1,"name":"Portada","item":"https:\/\/www.anovapeneira.gal\/"},{"@type":"ListItem","position":2,"name":"LIV Festa da troita de Ponte Caldelas"}]},{"@type":"WebSite","@id":"https:\/\/www.anovapeneira.gal\/#website","url":"https:\/\/www.anovapeneira.gal\/","name":"","description":"Xornal galego de informaci\u00f3n xeral Publicaci\u00f3n mensual de novas de Galicia e en especial dos Concellos da sur da provincia de Pontevedra.","publisher":{"@id":"https:\/\/www.anovapeneira.gal\/#organization"},"potentialAction":[{"@type":"SearchAction","target":{"@type":"EntryPoint","urlTemplate":"https:\/\/www.anovapeneira.gal\/?s={search_term_string}"},"query-input":{"@type":"PropertyValueSpecification","valueRequired":true,"valueName":"search_term_string"}}],"inLanguage":"gl-ES"},{"@type":"Organization","@id":"https:\/\/www.anovapeneira.gal\/#organization","name":"A Nova Peneira","url":"https:\/\/www.anovapeneira.gal\/","logo":{"@type":"ImageObject","inLanguage":"gl-ES","@id":"https:\/\/www.anovapeneira.gal\/#\/schema\/logo\/image\/","url":"http:\/\/www.anovapeneira.gal\/wp-content\/uploads\/2019\/06\/logo_a_nova_peneira_portal_web.png","contentUrl":"http:\/\/www.anovapeneira.gal\/wp-content\/uploads\/2019\/06\/logo_a_nova_peneira_portal_web.png","width":300,"height":100,"caption":"A Nova Peneira"},"image":{"@id":"https:\/\/www.anovapeneira.gal\/#\/schema\/logo\/image\/"},"sameAs":["https:\/\/www.facebook.com\/anovapeneira","https:\/\/x.com\/APeneira"]},{"@type":"Person","@id":"https:\/\/www.anovapeneira.gal\/#\/schema\/person\/42f904d7cac80cf3f5a31494dd82a9b6","name":"G. Figueiredo","image":{"@type":"ImageObject","inLanguage":"gl-ES","@id":"https:\/\/secure.gravatar.com\/avatar\/2d970086688458e0398ef8b84f5cbb8cc1ec3ab115aeb8435135a9f556af97b3?s=96&d=mm&r=g","url":"https:\/\/secure.gravatar.com\/avatar\/2d970086688458e0398ef8b84f5cbb8cc1ec3ab115aeb8435135a9f556af97b3?s=96&d=mm&r=g","contentUrl":"https:\/\/secure.gravatar.com\/avatar\/2d970086688458e0398ef8b84f5cbb8cc1ec3ab115aeb8435135a9f556af97b3?s=96&d=mm&r=g","caption":"G. Figueiredo"},"sameAs":["http:\/\/www.anovapeneira.gal\/"],"url":"https:\/\/www.anovapeneira.gal\/index.php\/author\/g-figueiredo\/"}]}},"jetpack_featured_media_url":"","_links":{"self":[{"href":"https:\/\/www.anovapeneira.gal\/index.php\/wp-json\/wp\/v2\/posts\/7533","targetHints":{"allow":["GET"]}}],"collection":[{"href":"https:\/\/www.anovapeneira.gal\/index.php\/wp-json\/wp\/v2\/posts"}],"about":[{"href":"https:\/\/www.anovapeneira.gal\/index.php\/wp-json\/wp\/v2\/types\/post"}],"author":[{"embeddable":true,"href":"https:\/\/www.anovapeneira.gal\/index.php\/wp-json\/wp\/v2\/users\/17"}],"replies":[{"embeddable":true,"href":"https:\/\/www.anovapeneira.gal\/index.php\/wp-json\/wp\/v2\/comments?post=7533"}],"version-history":[{"count":2,"href":"https:\/\/www.anovapeneira.gal\/index.php\/wp-json\/wp\/v2\/posts\/7533\/revisions"}],"predecessor-version":[{"id":7538,"href":"https:\/\/www.anovapeneira.gal\/index.php\/wp-json\/wp\/v2\/posts\/7533\/revisions\/7538"}],"wp:attachment":[{"href":"https:\/\/www.anovapeneira.gal\/index.php\/wp-json\/wp\/v2\/media?parent=7533"}],"wp:term":[{"taxonomy":"category","embeddable":true,"href":"https:\/\/www.anovapeneira.gal\/index.php\/wp-json\/wp\/v2\/categories?post=7533"},{"taxonomy":"post_tag","embeddable":true,"href":"https:\/\/www.anovapeneira.gal\/index.php\/wp-json\/wp\/v2\/tags?post=7533"}],"curies":[{"name":"wp","href":"https:\/\/api.w.org\/{rel}","templated":true}]}}