{"id":7554,"date":"2022-06-01T10:00:01","date_gmt":"2022-06-01T08:00:01","guid":{"rendered":"https:\/\/www.anovapeneira.gal\/?p=7554"},"modified":"2022-05-30T09:34:31","modified_gmt":"2022-05-30T07:34:31","slug":"o-tempo-de-manter-a-dignidade","status":"publish","type":"post","link":"https:\/\/www.anovapeneira.gal\/index.php\/2022\/06\/01\/o-tempo-de-manter-a-dignidade\/","title":{"rendered":"O tempo de manter a dignidade"},"content":{"rendered":"\n<pre class=\"wp-block-verse\">Mari Carmen Amoedo voceira do PP de Redondela<\/pre>\n\n\n\n<p>Moitas veces temos escoitado comentarios e declaraci\u00f3ns de respons\u00e1beis p\u00fablicos nas que afirman que a atenci\u00f3n social, o benestar, non \u00e9 unha competencia das administraci\u00f3ns locais. Non estou dacordo. En absoluto.<\/p>\n\n\n\n<p>Durante moitos anos tiven cargos de responsabilidade no goberno de Redondela, en distintas \u00e1reas, e en ningunha delas \u00e9 tan patente a responsabilidade de atender os problemas dos nosos veci\u00f1os e veci\u00f1as, como na Conceller\u00eda de Servizos Sociais.<\/p>\n\n\n\n<p>Vou a\u00ednda m\u00e1is al\u00f3:a esencia da acci\u00f3n de calquera Concello ten que ser procurar que ningu\u00e9n vexa desatendidas a s\u00faas necesidades b\u00e1sicas: fogar, comida, educaci\u00f3n, seguridade e liberdade. \u00c9 a obriga dos respons\u00e1beis p\u00fablicos, da igual que nos sentemos na Xunta de Goberno ou nas cadeiras da oposici\u00f3n, garantir esas atenci\u00f3ns e, adem\u00e1is, de xeito que as persoas non perdan a s\u00faa dignidade.<\/p>\n\n\n\n<p>Non facemos, as\u00ed, outra cousa respectar a promesa que realizamos ao acceder a un cargo p\u00fablico que \u00e9 a de cumprir e facer cumprir a Constituci\u00f3n que consagra, literalmente, dacordo coa Declaraci\u00f3n Universal dos Dereitos Humanos, &#8220;a dignidade das persoas, os seus dereitos inviolabeis o libre desenrolo da personalidade&#8230;&#8221;. Ese \u00e9 o comezo do noso traballo.<\/p>\n\n\n\n<p>Sempre fun da opini\u00f3n de que a \u00e1rea de Benestar Social ten que estar a marxe da contenda partidista o cal non \u00e9 facil e, adem\u00e1is require algo que en pol\u00edtica \u00e9 case imposible: que os representantes p\u00fablicos deixemos de pensar en n\u00f3s mesmos e pensemos nos dem\u00e1is.<\/p>\n\n\n\n<p>Reco\u00f1ezo que algo as\u00ed require un esforzo constante que non sempre o conseguimos e que a atraci\u00f3n da cr\u00edtica \u00e9 tan forte como a atraci\u00f3n gravitatoria&#8230;pero se queremos lograr resultados hai que renunciar sentirse pol\u00edtico para sentirnos veci\u00f1os e poder sentarnos, tomarnos algo e chegar a acordos.<\/p>\n\n\n\n<p>Eses acordos son a base para garantir que as persoas maiores estar\u00e1n acompa\u00f1adas; que quen perda o seu emprego non quedar\u00e1 sen casa; que a quen non te\u00f1a recursos non lle faltar\u00e1 comida na mesa e non lle cortar\u00e1n a luz; que podemos protexer \u00e1s mulleres que son agredidas, ameazadas e que ven en risco a s\u00faa vida; que poderemos axudar, de verdade, a quen busca un emprego ou que ning\u00fan neno o nena deixr\u00e1 de ir ao colexio porque a s\u00faa familia non poida pagar a matr\u00edcula ou os libros.<\/p>\n\n\n\n<p>Agora \u00e9, pode que m\u00e1is que antes, o momento do servizo social. Regresamos dunha pandemia que atacou a base do sustento de moitas familias; afrontamos a obriga moral de acoller a quen fuxe da guerra e enfrontamos a suba de suministros b\u00e1sicos, como a electricidade, os combustibles e os alimentos. Que m\u00e1is argumentos precisamos?<\/p>\n\n\n\n<p>Os recursos municipais te\u00f1en que ser os primeiros en chegar, porque somos os que m\u00e1is preto estamos das persoas, os que co\u00f1ecemos a s\u00faa angustia antes que ningu\u00e9n, os que temos que botar a primeira man e os que vivimos con eles porque, antes que nada, somos os seus veci\u00f1os.<\/p>\n","protected":false},"excerpt":{"rendered":"<div class=\"mh-excerpt\"><p>Moitas veces temos escoitado comentarios e declaraci\u00f3ns de respons\u00e1beis p\u00fablicos nas que afirman que a atenci\u00f3n social, o benestar, non \u00e9 unha competencia das administraci\u00f3ns locais. Non estou dacordo. En absoluto <a class=\"mh-excerpt-more\" href=\"https:\/\/www.anovapeneira.gal\/index.php\/2022\/06\/01\/o-tempo-de-manter-a-dignidade\/\" title=\"O tempo de manter a dignidade\">[&#8230;]<\/a><\/p>\n<\/div>","protected":false},"author":12,"featured_media":4917,"comment_status":"open","ping_status":"open","sticky":false,"template":"","format":"standard","meta":{"_exactmetrics_skip_tracking":false,"_exactmetrics_sitenote_active":false,"_exactmetrics_sitenote_note":"","_exactmetrics_sitenote_category":0,"footnotes":""},"categories":[7],"tags":[1312],"class_list":{"0":"post-7554","1":"post","2":"type-post","3":"status-publish","4":"format-standard","5":"has-post-thumbnail","7":"category-artigos-de-opinion","8":"tag-mari-carmen-amoedo"},"yoast_head":"<!-- This site is optimized with the Yoast SEO plugin v27.4 - https:\/\/yoast.com\/product\/yoast-seo-wordpress\/ -->\n<title>O tempo de manter a dignidade -<\/title>\n<meta name=\"description\" content=\"Moitas veces temos escoitado comentarios e declaraci\u00f3ns de respons\u00e1beis p\u00fablicos nas que afirman que a atenci\u00f3n social, o benestar, non \u00e9 unha competencia das administraci\u00f3ns locais. Non estou dacordo. En absoluto\" \/>\n<meta name=\"robots\" content=\"index, follow, max-snippet:-1, max-image-preview:large, max-video-preview:-1\" \/>\n<link rel=\"canonical\" href=\"https:\/\/www.anovapeneira.gal\/index.php\/2022\/06\/01\/o-tempo-de-manter-a-dignidade\/\" \/>\n<meta property=\"og:locale\" content=\"gl_ES\" \/>\n<meta property=\"og:type\" content=\"article\" \/>\n<meta property=\"og:title\" content=\"O tempo de manter a dignidade -\" \/>\n<meta property=\"og:description\" content=\"Moitas veces temos escoitado comentarios e declaraci\u00f3ns de respons\u00e1beis p\u00fablicos nas que afirman que a atenci\u00f3n social, o benestar, non \u00e9 unha competencia das administraci\u00f3ns locais. Non estou dacordo. En absoluto\" \/>\n<meta property=\"og:url\" content=\"https:\/\/www.anovapeneira.gal\/index.php\/2022\/06\/01\/o-tempo-de-manter-a-dignidade\/\" \/>\n<meta property=\"article:publisher\" content=\"https:\/\/www.facebook.com\/anovapeneira\" \/>\n<meta property=\"article:published_time\" content=\"2022-06-01T08:00:01+00:00\" \/>\n<meta property=\"og:image\" content=\"https:\/\/www.anovapeneira.gal\/wp-content\/uploads\/2021\/02\/carmen_amoedo_redondela.jpg\" \/>\n\t<meta property=\"og:image:width\" content=\"720\" \/>\n\t<meta property=\"og:image:height\" content=\"432\" \/>\n\t<meta property=\"og:image:type\" content=\"image\/jpeg\" \/>\n<meta name=\"author\" content=\"Artigos Opini\u00f3n\" \/>\n<meta name=\"twitter:card\" content=\"summary_large_image\" \/>\n<meta name=\"twitter:creator\" content=\"@APeneira\" \/>\n<meta name=\"twitter:site\" content=\"@APeneira\" \/>\n<meta name=\"twitter:label1\" content=\"Escrito por\" \/>\n\t<meta name=\"twitter:data1\" content=\"Artigos Opini\u00f3n\" \/>\n\t<meta name=\"twitter:label2\" content=\"Tempo de lectura\" \/>\n\t<meta name=\"twitter:data2\" content=\"3 minutos\" \/>\n<script type=\"application\/ld+json\" class=\"yoast-schema-graph\">{\"@context\":\"https:\\\/\\\/schema.org\",\"@graph\":[{\"@type\":\"Article\",\"@id\":\"https:\\\/\\\/www.anovapeneira.gal\\\/index.php\\\/2022\\\/06\\\/01\\\/o-tempo-de-manter-a-dignidade\\\/#article\",\"isPartOf\":{\"@id\":\"https:\\\/\\\/www.anovapeneira.gal\\\/index.php\\\/2022\\\/06\\\/01\\\/o-tempo-de-manter-a-dignidade\\\/\"},\"author\":{\"name\":\"Artigos Opini\u00f3n\",\"@id\":\"https:\\\/\\\/www.anovapeneira.gal\\\/#\\\/schema\\\/person\\\/f18a4feb302e8f20bcef4490b5b60bb3\"},\"headline\":\"O tempo de manter a dignidade\",\"datePublished\":\"2022-06-01T08:00:01+00:00\",\"mainEntityOfPage\":{\"@id\":\"https:\\\/\\\/www.anovapeneira.gal\\\/index.php\\\/2022\\\/06\\\/01\\\/o-tempo-de-manter-a-dignidade\\\/\"},\"wordCount\":530,\"commentCount\":0,\"publisher\":{\"@id\":\"https:\\\/\\\/www.anovapeneira.gal\\\/#organization\"},\"image\":{\"@id\":\"https:\\\/\\\/www.anovapeneira.gal\\\/index.php\\\/2022\\\/06\\\/01\\\/o-tempo-de-manter-a-dignidade\\\/#primaryimage\"},\"thumbnailUrl\":\"https:\\\/\\\/www.anovapeneira.gal\\\/wp-content\\\/uploads\\\/2021\\\/02\\\/carmen_amoedo_redondela.jpg\",\"keywords\":[\"Mari Carmen Amoedo\"],\"articleSection\":[\"Artigos de opini\u00f3n\"],\"inLanguage\":\"gl-ES\",\"potentialAction\":[{\"@type\":\"CommentAction\",\"name\":\"Comment\",\"target\":[\"https:\\\/\\\/www.anovapeneira.gal\\\/index.php\\\/2022\\\/06\\\/01\\\/o-tempo-de-manter-a-dignidade\\\/#respond\"]}]},{\"@type\":\"WebPage\",\"@id\":\"https:\\\/\\\/www.anovapeneira.gal\\\/index.php\\\/2022\\\/06\\\/01\\\/o-tempo-de-manter-a-dignidade\\\/\",\"url\":\"https:\\\/\\\/www.anovapeneira.gal\\\/index.php\\\/2022\\\/06\\\/01\\\/o-tempo-de-manter-a-dignidade\\\/\",\"name\":\"O tempo de manter a dignidade -\",\"isPartOf\":{\"@id\":\"https:\\\/\\\/www.anovapeneira.gal\\\/#website\"},\"primaryImageOfPage\":{\"@id\":\"https:\\\/\\\/www.anovapeneira.gal\\\/index.php\\\/2022\\\/06\\\/01\\\/o-tempo-de-manter-a-dignidade\\\/#primaryimage\"},\"image\":{\"@id\":\"https:\\\/\\\/www.anovapeneira.gal\\\/index.php\\\/2022\\\/06\\\/01\\\/o-tempo-de-manter-a-dignidade\\\/#primaryimage\"},\"thumbnailUrl\":\"https:\\\/\\\/www.anovapeneira.gal\\\/wp-content\\\/uploads\\\/2021\\\/02\\\/carmen_amoedo_redondela.jpg\",\"datePublished\":\"2022-06-01T08:00:01+00:00\",\"description\":\"Moitas veces temos escoitado comentarios e declaraci\u00f3ns de respons\u00e1beis p\u00fablicos nas que afirman que a atenci\u00f3n social, o benestar, non \u00e9 unha competencia das administraci\u00f3ns locais. Non estou dacordo. En absoluto\",\"breadcrumb\":{\"@id\":\"https:\\\/\\\/www.anovapeneira.gal\\\/index.php\\\/2022\\\/06\\\/01\\\/o-tempo-de-manter-a-dignidade\\\/#breadcrumb\"},\"inLanguage\":\"gl-ES\",\"potentialAction\":[{\"@type\":\"ReadAction\",\"target\":[\"https:\\\/\\\/www.anovapeneira.gal\\\/index.php\\\/2022\\\/06\\\/01\\\/o-tempo-de-manter-a-dignidade\\\/\"]}]},{\"@type\":\"ImageObject\",\"inLanguage\":\"gl-ES\",\"@id\":\"https:\\\/\\\/www.anovapeneira.gal\\\/index.php\\\/2022\\\/06\\\/01\\\/o-tempo-de-manter-a-dignidade\\\/#primaryimage\",\"url\":\"https:\\\/\\\/www.anovapeneira.gal\\\/wp-content\\\/uploads\\\/2021\\\/02\\\/carmen_amoedo_redondela.jpg\",\"contentUrl\":\"https:\\\/\\\/www.anovapeneira.gal\\\/wp-content\\\/uploads\\\/2021\\\/02\\\/carmen_amoedo_redondela.jpg\",\"width\":720,\"height\":432},{\"@type\":\"BreadcrumbList\",\"@id\":\"https:\\\/\\\/www.anovapeneira.gal\\\/index.php\\\/2022\\\/06\\\/01\\\/o-tempo-de-manter-a-dignidade\\\/#breadcrumb\",\"itemListElement\":[{\"@type\":\"ListItem\",\"position\":1,\"name\":\"Portada\",\"item\":\"https:\\\/\\\/www.anovapeneira.gal\\\/\"},{\"@type\":\"ListItem\",\"position\":2,\"name\":\"O tempo de manter a dignidade\"}]},{\"@type\":\"WebSite\",\"@id\":\"https:\\\/\\\/www.anovapeneira.gal\\\/#website\",\"url\":\"https:\\\/\\\/www.anovapeneira.gal\\\/\",\"name\":\"\",\"description\":\"Xornal galego de informaci\u00f3n xeral Publicaci\u00f3n mensual de novas de Galicia e en especial dos Concellos da sur da provincia de Pontevedra.\",\"publisher\":{\"@id\":\"https:\\\/\\\/www.anovapeneira.gal\\\/#organization\"},\"potentialAction\":[{\"@type\":\"SearchAction\",\"target\":{\"@type\":\"EntryPoint\",\"urlTemplate\":\"https:\\\/\\\/www.anovapeneira.gal\\\/?s={search_term_string}\"},\"query-input\":{\"@type\":\"PropertyValueSpecification\",\"valueRequired\":true,\"valueName\":\"search_term_string\"}}],\"inLanguage\":\"gl-ES\"},{\"@type\":\"Organization\",\"@id\":\"https:\\\/\\\/www.anovapeneira.gal\\\/#organization\",\"name\":\"A Nova Peneira\",\"url\":\"https:\\\/\\\/www.anovapeneira.gal\\\/\",\"logo\":{\"@type\":\"ImageObject\",\"inLanguage\":\"gl-ES\",\"@id\":\"https:\\\/\\\/www.anovapeneira.gal\\\/#\\\/schema\\\/logo\\\/image\\\/\",\"url\":\"http:\\\/\\\/www.anovapeneira.gal\\\/wp-content\\\/uploads\\\/2019\\\/06\\\/logo_a_nova_peneira_portal_web.png\",\"contentUrl\":\"http:\\\/\\\/www.anovapeneira.gal\\\/wp-content\\\/uploads\\\/2019\\\/06\\\/logo_a_nova_peneira_portal_web.png\",\"width\":300,\"height\":100,\"caption\":\"A Nova Peneira\"},\"image\":{\"@id\":\"https:\\\/\\\/www.anovapeneira.gal\\\/#\\\/schema\\\/logo\\\/image\\\/\"},\"sameAs\":[\"https:\\\/\\\/www.facebook.com\\\/anovapeneira\",\"https:\\\/\\\/x.com\\\/APeneira\"]},{\"@type\":\"Person\",\"@id\":\"https:\\\/\\\/www.anovapeneira.gal\\\/#\\\/schema\\\/person\\\/f18a4feb302e8f20bcef4490b5b60bb3\",\"name\":\"Artigos Opini\u00f3n\",\"image\":{\"@type\":\"ImageObject\",\"inLanguage\":\"gl-ES\",\"@id\":\"https:\\\/\\\/secure.gravatar.com\\\/avatar\\\/072844300f4881150aee2da4278f7a65d16eefdf8262eb67085f1e702de2b959?s=96&d=mm&r=g\",\"url\":\"https:\\\/\\\/secure.gravatar.com\\\/avatar\\\/072844300f4881150aee2da4278f7a65d16eefdf8262eb67085f1e702de2b959?s=96&d=mm&r=g\",\"contentUrl\":\"https:\\\/\\\/secure.gravatar.com\\\/avatar\\\/072844300f4881150aee2da4278f7a65d16eefdf8262eb67085f1e702de2b959?s=96&d=mm&r=g\",\"caption\":\"Artigos Opini\u00f3n\"},\"sameAs\":[\"http:\\\/\\\/anovapeneira.gal\"],\"url\":\"https:\\\/\\\/www.anovapeneira.gal\\\/index.php\\\/author\\\/artigosopinion\\\/\"}]}<\/script>\n<!-- \/ Yoast SEO plugin. -->","yoast_head_json":{"title":"O tempo de manter a dignidade -","description":"Moitas veces temos escoitado comentarios e declaraci\u00f3ns de respons\u00e1beis p\u00fablicos nas que afirman que a atenci\u00f3n social, o benestar, non \u00e9 unha competencia das administraci\u00f3ns locais. Non estou dacordo. En absoluto","robots":{"index":"index","follow":"follow","max-snippet":"max-snippet:-1","max-image-preview":"max-image-preview:large","max-video-preview":"max-video-preview:-1"},"canonical":"https:\/\/www.anovapeneira.gal\/index.php\/2022\/06\/01\/o-tempo-de-manter-a-dignidade\/","og_locale":"gl_ES","og_type":"article","og_title":"O tempo de manter a dignidade -","og_description":"Moitas veces temos escoitado comentarios e declaraci\u00f3ns de respons\u00e1beis p\u00fablicos nas que afirman que a atenci\u00f3n social, o benestar, non \u00e9 unha competencia das administraci\u00f3ns locais. Non estou dacordo. En absoluto","og_url":"https:\/\/www.anovapeneira.gal\/index.php\/2022\/06\/01\/o-tempo-de-manter-a-dignidade\/","article_publisher":"https:\/\/www.facebook.com\/anovapeneira","article_published_time":"2022-06-01T08:00:01+00:00","og_image":[{"width":720,"height":432,"url":"https:\/\/www.anovapeneira.gal\/wp-content\/uploads\/2021\/02\/carmen_amoedo_redondela.jpg","type":"image\/jpeg"}],"author":"Artigos Opini\u00f3n","twitter_card":"summary_large_image","twitter_creator":"@APeneira","twitter_site":"@APeneira","twitter_misc":{"Escrito por":"Artigos Opini\u00f3n","Tempo de lectura":"3 minutos"},"schema":{"@context":"https:\/\/schema.org","@graph":[{"@type":"Article","@id":"https:\/\/www.anovapeneira.gal\/index.php\/2022\/06\/01\/o-tempo-de-manter-a-dignidade\/#article","isPartOf":{"@id":"https:\/\/www.anovapeneira.gal\/index.php\/2022\/06\/01\/o-tempo-de-manter-a-dignidade\/"},"author":{"name":"Artigos Opini\u00f3n","@id":"https:\/\/www.anovapeneira.gal\/#\/schema\/person\/f18a4feb302e8f20bcef4490b5b60bb3"},"headline":"O tempo de manter a dignidade","datePublished":"2022-06-01T08:00:01+00:00","mainEntityOfPage":{"@id":"https:\/\/www.anovapeneira.gal\/index.php\/2022\/06\/01\/o-tempo-de-manter-a-dignidade\/"},"wordCount":530,"commentCount":0,"publisher":{"@id":"https:\/\/www.anovapeneira.gal\/#organization"},"image":{"@id":"https:\/\/www.anovapeneira.gal\/index.php\/2022\/06\/01\/o-tempo-de-manter-a-dignidade\/#primaryimage"},"thumbnailUrl":"https:\/\/www.anovapeneira.gal\/wp-content\/uploads\/2021\/02\/carmen_amoedo_redondela.jpg","keywords":["Mari Carmen Amoedo"],"articleSection":["Artigos de opini\u00f3n"],"inLanguage":"gl-ES","potentialAction":[{"@type":"CommentAction","name":"Comment","target":["https:\/\/www.anovapeneira.gal\/index.php\/2022\/06\/01\/o-tempo-de-manter-a-dignidade\/#respond"]}]},{"@type":"WebPage","@id":"https:\/\/www.anovapeneira.gal\/index.php\/2022\/06\/01\/o-tempo-de-manter-a-dignidade\/","url":"https:\/\/www.anovapeneira.gal\/index.php\/2022\/06\/01\/o-tempo-de-manter-a-dignidade\/","name":"O tempo de manter a dignidade -","isPartOf":{"@id":"https:\/\/www.anovapeneira.gal\/#website"},"primaryImageOfPage":{"@id":"https:\/\/www.anovapeneira.gal\/index.php\/2022\/06\/01\/o-tempo-de-manter-a-dignidade\/#primaryimage"},"image":{"@id":"https:\/\/www.anovapeneira.gal\/index.php\/2022\/06\/01\/o-tempo-de-manter-a-dignidade\/#primaryimage"},"thumbnailUrl":"https:\/\/www.anovapeneira.gal\/wp-content\/uploads\/2021\/02\/carmen_amoedo_redondela.jpg","datePublished":"2022-06-01T08:00:01+00:00","description":"Moitas veces temos escoitado comentarios e declaraci\u00f3ns de respons\u00e1beis p\u00fablicos nas que afirman que a atenci\u00f3n social, o benestar, non \u00e9 unha competencia das administraci\u00f3ns locais. Non estou dacordo. En absoluto","breadcrumb":{"@id":"https:\/\/www.anovapeneira.gal\/index.php\/2022\/06\/01\/o-tempo-de-manter-a-dignidade\/#breadcrumb"},"inLanguage":"gl-ES","potentialAction":[{"@type":"ReadAction","target":["https:\/\/www.anovapeneira.gal\/index.php\/2022\/06\/01\/o-tempo-de-manter-a-dignidade\/"]}]},{"@type":"ImageObject","inLanguage":"gl-ES","@id":"https:\/\/www.anovapeneira.gal\/index.php\/2022\/06\/01\/o-tempo-de-manter-a-dignidade\/#primaryimage","url":"https:\/\/www.anovapeneira.gal\/wp-content\/uploads\/2021\/02\/carmen_amoedo_redondela.jpg","contentUrl":"https:\/\/www.anovapeneira.gal\/wp-content\/uploads\/2021\/02\/carmen_amoedo_redondela.jpg","width":720,"height":432},{"@type":"BreadcrumbList","@id":"https:\/\/www.anovapeneira.gal\/index.php\/2022\/06\/01\/o-tempo-de-manter-a-dignidade\/#breadcrumb","itemListElement":[{"@type":"ListItem","position":1,"name":"Portada","item":"https:\/\/www.anovapeneira.gal\/"},{"@type":"ListItem","position":2,"name":"O tempo de manter a dignidade"}]},{"@type":"WebSite","@id":"https:\/\/www.anovapeneira.gal\/#website","url":"https:\/\/www.anovapeneira.gal\/","name":"","description":"Xornal galego de informaci\u00f3n xeral Publicaci\u00f3n mensual de novas de Galicia e en especial dos Concellos da sur da provincia de Pontevedra.","publisher":{"@id":"https:\/\/www.anovapeneira.gal\/#organization"},"potentialAction":[{"@type":"SearchAction","target":{"@type":"EntryPoint","urlTemplate":"https:\/\/www.anovapeneira.gal\/?s={search_term_string}"},"query-input":{"@type":"PropertyValueSpecification","valueRequired":true,"valueName":"search_term_string"}}],"inLanguage":"gl-ES"},{"@type":"Organization","@id":"https:\/\/www.anovapeneira.gal\/#organization","name":"A Nova Peneira","url":"https:\/\/www.anovapeneira.gal\/","logo":{"@type":"ImageObject","inLanguage":"gl-ES","@id":"https:\/\/www.anovapeneira.gal\/#\/schema\/logo\/image\/","url":"http:\/\/www.anovapeneira.gal\/wp-content\/uploads\/2019\/06\/logo_a_nova_peneira_portal_web.png","contentUrl":"http:\/\/www.anovapeneira.gal\/wp-content\/uploads\/2019\/06\/logo_a_nova_peneira_portal_web.png","width":300,"height":100,"caption":"A Nova Peneira"},"image":{"@id":"https:\/\/www.anovapeneira.gal\/#\/schema\/logo\/image\/"},"sameAs":["https:\/\/www.facebook.com\/anovapeneira","https:\/\/x.com\/APeneira"]},{"@type":"Person","@id":"https:\/\/www.anovapeneira.gal\/#\/schema\/person\/f18a4feb302e8f20bcef4490b5b60bb3","name":"Artigos Opini\u00f3n","image":{"@type":"ImageObject","inLanguage":"gl-ES","@id":"https:\/\/secure.gravatar.com\/avatar\/072844300f4881150aee2da4278f7a65d16eefdf8262eb67085f1e702de2b959?s=96&d=mm&r=g","url":"https:\/\/secure.gravatar.com\/avatar\/072844300f4881150aee2da4278f7a65d16eefdf8262eb67085f1e702de2b959?s=96&d=mm&r=g","contentUrl":"https:\/\/secure.gravatar.com\/avatar\/072844300f4881150aee2da4278f7a65d16eefdf8262eb67085f1e702de2b959?s=96&d=mm&r=g","caption":"Artigos Opini\u00f3n"},"sameAs":["http:\/\/anovapeneira.gal"],"url":"https:\/\/www.anovapeneira.gal\/index.php\/author\/artigosopinion\/"}]}},"jetpack_featured_media_url":"https:\/\/www.anovapeneira.gal\/wp-content\/uploads\/2021\/02\/carmen_amoedo_redondela.jpg","_links":{"self":[{"href":"https:\/\/www.anovapeneira.gal\/index.php\/wp-json\/wp\/v2\/posts\/7554","targetHints":{"allow":["GET"]}}],"collection":[{"href":"https:\/\/www.anovapeneira.gal\/index.php\/wp-json\/wp\/v2\/posts"}],"about":[{"href":"https:\/\/www.anovapeneira.gal\/index.php\/wp-json\/wp\/v2\/types\/post"}],"author":[{"embeddable":true,"href":"https:\/\/www.anovapeneira.gal\/index.php\/wp-json\/wp\/v2\/users\/12"}],"replies":[{"embeddable":true,"href":"https:\/\/www.anovapeneira.gal\/index.php\/wp-json\/wp\/v2\/comments?post=7554"}],"version-history":[{"count":1,"href":"https:\/\/www.anovapeneira.gal\/index.php\/wp-json\/wp\/v2\/posts\/7554\/revisions"}],"predecessor-version":[{"id":7556,"href":"https:\/\/www.anovapeneira.gal\/index.php\/wp-json\/wp\/v2\/posts\/7554\/revisions\/7556"}],"wp:featuredmedia":[{"embeddable":true,"href":"https:\/\/www.anovapeneira.gal\/index.php\/wp-json\/wp\/v2\/media\/4917"}],"wp:attachment":[{"href":"https:\/\/www.anovapeneira.gal\/index.php\/wp-json\/wp\/v2\/media?parent=7554"}],"wp:term":[{"taxonomy":"category","embeddable":true,"href":"https:\/\/www.anovapeneira.gal\/index.php\/wp-json\/wp\/v2\/categories?post=7554"},{"taxonomy":"post_tag","embeddable":true,"href":"https:\/\/www.anovapeneira.gal\/index.php\/wp-json\/wp\/v2\/tags?post=7554"}],"curies":[{"name":"wp","href":"https:\/\/api.w.org\/{rel}","templated":true}]}}