{"id":7562,"date":"2022-06-02T12:00:48","date_gmt":"2022-06-02T10:00:48","guid":{"rendered":"https:\/\/www.anovapeneira.gal\/?p=7562"},"modified":"2022-05-30T09:55:19","modified_gmt":"2022-05-30T07:55:19","slug":"a-situacion-esixe-un-cambio-de-rumbo","status":"publish","type":"post","link":"https:\/\/www.anovapeneira.gal\/index.php\/2022\/06\/02\/a-situacion-esixe-un-cambio-de-rumbo\/","title":{"rendered":"A situaci\u00f3n esixe un cambio de rumbo"},"content":{"rendered":"\n<pre class=\"wp-block-verse\"><em>Luc\u00eda Santos Omil \u2013 Portavoz Municipal do BNG de Mar\u00edn<\/em><\/pre>\n\n\n\n<p>Mar\u00edn at\u00f3pase en ca\u00edde libre desde 2011. Mar\u00edn \u00e9 un concello que vi\u00f1a medrando en poboaci\u00f3n desde o ano 1986, mais coa chegada do PP da Sra. Mar\u00eda Ramallo ao goberno local prod\u00facese un profundo cambio de tendencia.<\/p>\n\n\n\n<p>En tan s\u00f3 11 anos de goberno popular, Mar\u00edn pasou de 25.997 a 24.248 habitantes, perdendo nada m\u00e1is e nada menos que 1.749 habitantes, nun contexto no que os concellos veci\u00f1os ga\u00f1an poboaci\u00f3n. Mar\u00edn pasou de ser o concello m\u00e1is grande da comarca do Morrazo a ver como hoxe Cangas nos supera en 2.460 habitantes, e ocupa o pouco honroso t\u00edtulo de ser o segundo concello galego de entre 20.000 e 50.000 habitantes cos peores datos demogr\u00e1ficos.<\/p>\n\n\n\n<p>Resulta evidente, \u00e1 luz dos datos do Instituto Galego de Estat\u00edstica, que algo se est\u00e1 a facer moi mal en Mar\u00edn. Mar\u00edn padece un goberno do PP que non s\u00f3 est\u00e1 amosando unha incapacidade manifesta \u00e1 hora de frear este declive, se non que \u00e9 responsable do mesmo, consecuencia da pobre xesti\u00f3n dun goberno municipal carente de proxecto e de iniciativa.<\/p>\n\n\n\n<p>Nestes 11 anos o goberno do PP da Sra. Ramallo ven amosando sobradamente a falta de proxecto, gobernando a base de ocorrencias, improvisaci\u00f3ns e contradici\u00f3ns; a ausencia de iniciativa; sen ganas de abordar os importantes problemas que presenta o noso concello; e sen ter en conta as propostas que o BNG leva facendo durante todos estes anos.<\/p>\n\n\n\n<p>Mar\u00edn \u00e9 un concello cun gran potencial, ubicado nun enclave privilexiado, porta de entrada \u00e1 comarca do Morrazo e a escasos minutos de Pontevedra e do acceso \u00e1 autoestrada do Atl\u00e1ntico. Mais sofre un goberno paralizado, incapaz de desenvolver o PXOM, carente dun modelo urbano definido, falto de ideas para atraer turismo, incompetente \u00e1 hora de aproveitar os espectaculares recursos naturais, como o Lago de Casti\u00f1eiras, e o rico patrimonio natural, etnogr\u00e1fico e arqueol\u00f3xico do noso concello.<\/p>\n\n\n\n<p>O comercio languidece ante a falta de decisi\u00f3n do goberno local e o noso concello carece de zonas de implantaci\u00f3n comercial por falla de interese do PP. A pol\u00edtica dirixida \u00e1 mocidade \u00e9 inexistente, nun Concello que presenta unha absoluta falta de programaci\u00f3n cultural por parte do goberno local e cunha oferta de lecer realmente pobre.<\/p>\n\n\n\n<p>Cun goberno adicado \u00fanica e exclusivamente a proxectar imaxe, propaganda e publicidade, mais baleiro de contido, o resultado \u00e9 un concello en decadencia.<\/p>\n\n\n\n<p>Estamos a un ano dunhas elecci\u00f3ns municipais que non son unhas m\u00e1is. Mar\u00edn x\u00f3gase moito. Mar\u00edn non pode continuar con este decaemento, vendo como todos os concellos do noso arredor medran e van cara arriba, mentres Mar\u00edn retrocede aos anos 90, cando non aos anos 60.<\/p>\n\n\n\n<p>Mar\u00edn precisa reverter a situaci\u00f3n, cun proxecto definido orientado a mellorar a calidade de vida da veci\u00f1anza e capaz de impulsar o dinamismo socio-econ\u00f3mico do noso concello. Un proxecto como o que o BNG ten implantado con \u00e9xito naqueles concellos como Pontevedra ou Allariz, e tantos outros, que hoxe son referencia a nivel mundial.<\/p>\n\n\n\n<p>Mais no BNG tam\u00e9n somos conscientes de que \u00e9 fundamental escoitar \u00e1 xente e recoller as s\u00faas impresi\u00f3ns. E as\u00ed, o pasado mes de decembro iniciamos a campa\u00f1a \u201cPensar Mar\u00edn\u201d, un debate colectivo coa veci\u00f1anza e cos principais axentes sociais de Mar\u00edn para detectar os problemas do noso concello e atopar soluci\u00f3ns entre todos e todas.<\/p>\n\n\n\n<p>No BNG estamos traballando para conformar un proxecto ambicioso para Mar\u00edn, integrando a todas aquelas persoas dispostas a facer un Mar\u00edn mellor e recollendo todas as achegas e colaboraci\u00f3ns coa finalidade de construir o Mar\u00edn din\u00e1mico, vivo e con futuro que todos e todas os marinenses so\u00f1amos.<\/p>\n\n\n\n<p>Somos conscientes tam\u00e9n da gran responsabilidade que temos en relaci\u00f3n a evitar repetir os erros, nomeadamente a excesiva fragmentaci\u00f3n da alternativa ao PP, cometidos en 2019 que lle entregaron non s\u00f3 a maior\u00eda absoluta ao PP, se non unha evidente sobrerrepresentaci\u00f3n. Desde o BNG tendemos a man e facemos un chamamento \u00e1 responsabilidade de todos e todas en aras a acadar a m\u00e1xima unidade. Mar\u00edn non pode permitirse 4 anos m\u00e1is de goberno popular.<\/p>\n","protected":false},"excerpt":{"rendered":"<div class=\"mh-excerpt\"><p>Mar\u00edn at\u00f3pase en ca\u00edde libre desde 2011. Mar\u00edn \u00e9 un concello que vi\u00f1a medrando en poboaci\u00f3n desde o ano 1986, mais coa chegada do PP da Sra. Mar\u00eda Ramallo ao goberno local prod\u00facese un profundo cambio de tendencia <a class=\"mh-excerpt-more\" href=\"https:\/\/www.anovapeneira.gal\/index.php\/2022\/06\/02\/a-situacion-esixe-un-cambio-de-rumbo\/\" title=\"A situaci\u00f3n esixe un cambio de rumbo\">[&#8230;]<\/a><\/p>\n<\/div>","protected":false},"author":12,"featured_media":7564,"comment_status":"open","ping_status":"open","sticky":false,"template":"","format":"standard","meta":{"_exactmetrics_skip_tracking":false,"_exactmetrics_sitenote_active":false,"_exactmetrics_sitenote_note":"","_exactmetrics_sitenote_category":0,"footnotes":""},"categories":[7],"tags":[1314],"class_list":{"0":"post-7562","1":"post","2":"type-post","3":"status-publish","4":"format-standard","5":"has-post-thumbnail","7":"category-artigos-de-opinion","8":"tag-lucia-santos-omil"},"yoast_head":"<!-- This site is optimized with the Yoast SEO plugin v27.4 - https:\/\/yoast.com\/product\/yoast-seo-wordpress\/ -->\n<title>A situaci\u00f3n esixe un cambio de rumbo -<\/title>\n<meta name=\"robots\" content=\"index, follow, max-snippet:-1, max-image-preview:large, max-video-preview:-1\" \/>\n<link rel=\"canonical\" href=\"https:\/\/www.anovapeneira.gal\/index.php\/2022\/06\/02\/a-situacion-esixe-un-cambio-de-rumbo\/\" \/>\n<meta property=\"og:locale\" content=\"gl_ES\" \/>\n<meta property=\"og:type\" content=\"article\" \/>\n<meta property=\"og:title\" content=\"A situaci\u00f3n esixe un cambio de rumbo -\" \/>\n<meta property=\"og:description\" content=\"Mar\u00edn at\u00f3pase en ca\u00edde libre desde 2011. Mar\u00edn \u00e9 un concello que vi\u00f1a medrando en poboaci\u00f3n desde o ano 1986, mais coa chegada do PP da Sra. Mar\u00eda Ramallo ao goberno local prod\u00facese un profundo cambio de tendencia [...]\" \/>\n<meta property=\"og:url\" content=\"https:\/\/www.anovapeneira.gal\/index.php\/2022\/06\/02\/a-situacion-esixe-un-cambio-de-rumbo\/\" \/>\n<meta property=\"article:publisher\" content=\"https:\/\/www.facebook.com\/anovapeneira\" \/>\n<meta property=\"article:published_time\" content=\"2022-06-02T10:00:48+00:00\" \/>\n<meta property=\"og:image\" content=\"https:\/\/www.anovapeneira.gal\/wp-content\/uploads\/2022\/05\/lucia_Santos.jpg\" \/>\n\t<meta property=\"og:image:width\" content=\"1500\" \/>\n\t<meta property=\"og:image:height\" content=\"790\" \/>\n\t<meta property=\"og:image:type\" content=\"image\/jpeg\" \/>\n<meta name=\"author\" content=\"Artigos Opini\u00f3n\" \/>\n<meta name=\"twitter:card\" content=\"summary_large_image\" \/>\n<meta name=\"twitter:creator\" content=\"@APeneira\" \/>\n<meta name=\"twitter:site\" content=\"@APeneira\" \/>\n<meta name=\"twitter:label1\" content=\"Escrito por\" \/>\n\t<meta name=\"twitter:data1\" content=\"Artigos Opini\u00f3n\" \/>\n\t<meta name=\"twitter:label2\" content=\"Tempo de lectura\" \/>\n\t<meta name=\"twitter:data2\" content=\"4 minutos\" \/>\n<script type=\"application\/ld+json\" class=\"yoast-schema-graph\">{\"@context\":\"https:\\\/\\\/schema.org\",\"@graph\":[{\"@type\":\"Article\",\"@id\":\"https:\\\/\\\/www.anovapeneira.gal\\\/index.php\\\/2022\\\/06\\\/02\\\/a-situacion-esixe-un-cambio-de-rumbo\\\/#article\",\"isPartOf\":{\"@id\":\"https:\\\/\\\/www.anovapeneira.gal\\\/index.php\\\/2022\\\/06\\\/02\\\/a-situacion-esixe-un-cambio-de-rumbo\\\/\"},\"author\":{\"name\":\"Artigos Opini\u00f3n\",\"@id\":\"https:\\\/\\\/www.anovapeneira.gal\\\/#\\\/schema\\\/person\\\/f18a4feb302e8f20bcef4490b5b60bb3\"},\"headline\":\"A situaci\u00f3n esixe un cambio de rumbo\",\"datePublished\":\"2022-06-02T10:00:48+00:00\",\"mainEntityOfPage\":{\"@id\":\"https:\\\/\\\/www.anovapeneira.gal\\\/index.php\\\/2022\\\/06\\\/02\\\/a-situacion-esixe-un-cambio-de-rumbo\\\/\"},\"wordCount\":710,\"commentCount\":0,\"publisher\":{\"@id\":\"https:\\\/\\\/www.anovapeneira.gal\\\/#organization\"},\"image\":{\"@id\":\"https:\\\/\\\/www.anovapeneira.gal\\\/index.php\\\/2022\\\/06\\\/02\\\/a-situacion-esixe-un-cambio-de-rumbo\\\/#primaryimage\"},\"thumbnailUrl\":\"https:\\\/\\\/www.anovapeneira.gal\\\/wp-content\\\/uploads\\\/2022\\\/05\\\/lucia_Santos.jpg\",\"keywords\":[\"Luc\u00eda Santos Omil\"],\"articleSection\":[\"Artigos de opini\u00f3n\"],\"inLanguage\":\"gl-ES\",\"potentialAction\":[{\"@type\":\"CommentAction\",\"name\":\"Comment\",\"target\":[\"https:\\\/\\\/www.anovapeneira.gal\\\/index.php\\\/2022\\\/06\\\/02\\\/a-situacion-esixe-un-cambio-de-rumbo\\\/#respond\"]}]},{\"@type\":\"WebPage\",\"@id\":\"https:\\\/\\\/www.anovapeneira.gal\\\/index.php\\\/2022\\\/06\\\/02\\\/a-situacion-esixe-un-cambio-de-rumbo\\\/\",\"url\":\"https:\\\/\\\/www.anovapeneira.gal\\\/index.php\\\/2022\\\/06\\\/02\\\/a-situacion-esixe-un-cambio-de-rumbo\\\/\",\"name\":\"A situaci\u00f3n esixe un cambio de rumbo -\",\"isPartOf\":{\"@id\":\"https:\\\/\\\/www.anovapeneira.gal\\\/#website\"},\"primaryImageOfPage\":{\"@id\":\"https:\\\/\\\/www.anovapeneira.gal\\\/index.php\\\/2022\\\/06\\\/02\\\/a-situacion-esixe-un-cambio-de-rumbo\\\/#primaryimage\"},\"image\":{\"@id\":\"https:\\\/\\\/www.anovapeneira.gal\\\/index.php\\\/2022\\\/06\\\/02\\\/a-situacion-esixe-un-cambio-de-rumbo\\\/#primaryimage\"},\"thumbnailUrl\":\"https:\\\/\\\/www.anovapeneira.gal\\\/wp-content\\\/uploads\\\/2022\\\/05\\\/lucia_Santos.jpg\",\"datePublished\":\"2022-06-02T10:00:48+00:00\",\"breadcrumb\":{\"@id\":\"https:\\\/\\\/www.anovapeneira.gal\\\/index.php\\\/2022\\\/06\\\/02\\\/a-situacion-esixe-un-cambio-de-rumbo\\\/#breadcrumb\"},\"inLanguage\":\"gl-ES\",\"potentialAction\":[{\"@type\":\"ReadAction\",\"target\":[\"https:\\\/\\\/www.anovapeneira.gal\\\/index.php\\\/2022\\\/06\\\/02\\\/a-situacion-esixe-un-cambio-de-rumbo\\\/\"]}]},{\"@type\":\"ImageObject\",\"inLanguage\":\"gl-ES\",\"@id\":\"https:\\\/\\\/www.anovapeneira.gal\\\/index.php\\\/2022\\\/06\\\/02\\\/a-situacion-esixe-un-cambio-de-rumbo\\\/#primaryimage\",\"url\":\"https:\\\/\\\/www.anovapeneira.gal\\\/wp-content\\\/uploads\\\/2022\\\/05\\\/lucia_Santos.jpg\",\"contentUrl\":\"https:\\\/\\\/www.anovapeneira.gal\\\/wp-content\\\/uploads\\\/2022\\\/05\\\/lucia_Santos.jpg\",\"width\":1500,\"height\":790,\"caption\":\"Luc\u00eda Santos BNG Mar\u00edn\"},{\"@type\":\"BreadcrumbList\",\"@id\":\"https:\\\/\\\/www.anovapeneira.gal\\\/index.php\\\/2022\\\/06\\\/02\\\/a-situacion-esixe-un-cambio-de-rumbo\\\/#breadcrumb\",\"itemListElement\":[{\"@type\":\"ListItem\",\"position\":1,\"name\":\"Portada\",\"item\":\"https:\\\/\\\/www.anovapeneira.gal\\\/\"},{\"@type\":\"ListItem\",\"position\":2,\"name\":\"A situaci\u00f3n esixe un cambio de rumbo\"}]},{\"@type\":\"WebSite\",\"@id\":\"https:\\\/\\\/www.anovapeneira.gal\\\/#website\",\"url\":\"https:\\\/\\\/www.anovapeneira.gal\\\/\",\"name\":\"\",\"description\":\"Xornal galego de informaci\u00f3n xeral Publicaci\u00f3n mensual de novas de Galicia e en especial dos Concellos da sur da provincia de Pontevedra.\",\"publisher\":{\"@id\":\"https:\\\/\\\/www.anovapeneira.gal\\\/#organization\"},\"potentialAction\":[{\"@type\":\"SearchAction\",\"target\":{\"@type\":\"EntryPoint\",\"urlTemplate\":\"https:\\\/\\\/www.anovapeneira.gal\\\/?s={search_term_string}\"},\"query-input\":{\"@type\":\"PropertyValueSpecification\",\"valueRequired\":true,\"valueName\":\"search_term_string\"}}],\"inLanguage\":\"gl-ES\"},{\"@type\":\"Organization\",\"@id\":\"https:\\\/\\\/www.anovapeneira.gal\\\/#organization\",\"name\":\"A Nova Peneira\",\"url\":\"https:\\\/\\\/www.anovapeneira.gal\\\/\",\"logo\":{\"@type\":\"ImageObject\",\"inLanguage\":\"gl-ES\",\"@id\":\"https:\\\/\\\/www.anovapeneira.gal\\\/#\\\/schema\\\/logo\\\/image\\\/\",\"url\":\"http:\\\/\\\/www.anovapeneira.gal\\\/wp-content\\\/uploads\\\/2019\\\/06\\\/logo_a_nova_peneira_portal_web.png\",\"contentUrl\":\"http:\\\/\\\/www.anovapeneira.gal\\\/wp-content\\\/uploads\\\/2019\\\/06\\\/logo_a_nova_peneira_portal_web.png\",\"width\":300,\"height\":100,\"caption\":\"A Nova Peneira\"},\"image\":{\"@id\":\"https:\\\/\\\/www.anovapeneira.gal\\\/#\\\/schema\\\/logo\\\/image\\\/\"},\"sameAs\":[\"https:\\\/\\\/www.facebook.com\\\/anovapeneira\",\"https:\\\/\\\/x.com\\\/APeneira\"]},{\"@type\":\"Person\",\"@id\":\"https:\\\/\\\/www.anovapeneira.gal\\\/#\\\/schema\\\/person\\\/f18a4feb302e8f20bcef4490b5b60bb3\",\"name\":\"Artigos Opini\u00f3n\",\"image\":{\"@type\":\"ImageObject\",\"inLanguage\":\"gl-ES\",\"@id\":\"https:\\\/\\\/secure.gravatar.com\\\/avatar\\\/072844300f4881150aee2da4278f7a65d16eefdf8262eb67085f1e702de2b959?s=96&d=mm&r=g\",\"url\":\"https:\\\/\\\/secure.gravatar.com\\\/avatar\\\/072844300f4881150aee2da4278f7a65d16eefdf8262eb67085f1e702de2b959?s=96&d=mm&r=g\",\"contentUrl\":\"https:\\\/\\\/secure.gravatar.com\\\/avatar\\\/072844300f4881150aee2da4278f7a65d16eefdf8262eb67085f1e702de2b959?s=96&d=mm&r=g\",\"caption\":\"Artigos Opini\u00f3n\"},\"sameAs\":[\"http:\\\/\\\/anovapeneira.gal\"],\"url\":\"https:\\\/\\\/www.anovapeneira.gal\\\/index.php\\\/author\\\/artigosopinion\\\/\"}]}<\/script>\n<!-- \/ Yoast SEO plugin. -->","yoast_head_json":{"title":"A situaci\u00f3n esixe un cambio de rumbo -","robots":{"index":"index","follow":"follow","max-snippet":"max-snippet:-1","max-image-preview":"max-image-preview:large","max-video-preview":"max-video-preview:-1"},"canonical":"https:\/\/www.anovapeneira.gal\/index.php\/2022\/06\/02\/a-situacion-esixe-un-cambio-de-rumbo\/","og_locale":"gl_ES","og_type":"article","og_title":"A situaci\u00f3n esixe un cambio de rumbo -","og_description":"Mar\u00edn at\u00f3pase en ca\u00edde libre desde 2011. Mar\u00edn \u00e9 un concello que vi\u00f1a medrando en poboaci\u00f3n desde o ano 1986, mais coa chegada do PP da Sra. Mar\u00eda Ramallo ao goberno local prod\u00facese un profundo cambio de tendencia [...]","og_url":"https:\/\/www.anovapeneira.gal\/index.php\/2022\/06\/02\/a-situacion-esixe-un-cambio-de-rumbo\/","article_publisher":"https:\/\/www.facebook.com\/anovapeneira","article_published_time":"2022-06-02T10:00:48+00:00","og_image":[{"width":1500,"height":790,"url":"https:\/\/www.anovapeneira.gal\/wp-content\/uploads\/2022\/05\/lucia_Santos.jpg","type":"image\/jpeg"}],"author":"Artigos Opini\u00f3n","twitter_card":"summary_large_image","twitter_creator":"@APeneira","twitter_site":"@APeneira","twitter_misc":{"Escrito por":"Artigos Opini\u00f3n","Tempo de lectura":"4 minutos"},"schema":{"@context":"https:\/\/schema.org","@graph":[{"@type":"Article","@id":"https:\/\/www.anovapeneira.gal\/index.php\/2022\/06\/02\/a-situacion-esixe-un-cambio-de-rumbo\/#article","isPartOf":{"@id":"https:\/\/www.anovapeneira.gal\/index.php\/2022\/06\/02\/a-situacion-esixe-un-cambio-de-rumbo\/"},"author":{"name":"Artigos Opini\u00f3n","@id":"https:\/\/www.anovapeneira.gal\/#\/schema\/person\/f18a4feb302e8f20bcef4490b5b60bb3"},"headline":"A situaci\u00f3n esixe un cambio de rumbo","datePublished":"2022-06-02T10:00:48+00:00","mainEntityOfPage":{"@id":"https:\/\/www.anovapeneira.gal\/index.php\/2022\/06\/02\/a-situacion-esixe-un-cambio-de-rumbo\/"},"wordCount":710,"commentCount":0,"publisher":{"@id":"https:\/\/www.anovapeneira.gal\/#organization"},"image":{"@id":"https:\/\/www.anovapeneira.gal\/index.php\/2022\/06\/02\/a-situacion-esixe-un-cambio-de-rumbo\/#primaryimage"},"thumbnailUrl":"https:\/\/www.anovapeneira.gal\/wp-content\/uploads\/2022\/05\/lucia_Santos.jpg","keywords":["Luc\u00eda Santos Omil"],"articleSection":["Artigos de opini\u00f3n"],"inLanguage":"gl-ES","potentialAction":[{"@type":"CommentAction","name":"Comment","target":["https:\/\/www.anovapeneira.gal\/index.php\/2022\/06\/02\/a-situacion-esixe-un-cambio-de-rumbo\/#respond"]}]},{"@type":"WebPage","@id":"https:\/\/www.anovapeneira.gal\/index.php\/2022\/06\/02\/a-situacion-esixe-un-cambio-de-rumbo\/","url":"https:\/\/www.anovapeneira.gal\/index.php\/2022\/06\/02\/a-situacion-esixe-un-cambio-de-rumbo\/","name":"A situaci\u00f3n esixe un cambio de rumbo -","isPartOf":{"@id":"https:\/\/www.anovapeneira.gal\/#website"},"primaryImageOfPage":{"@id":"https:\/\/www.anovapeneira.gal\/index.php\/2022\/06\/02\/a-situacion-esixe-un-cambio-de-rumbo\/#primaryimage"},"image":{"@id":"https:\/\/www.anovapeneira.gal\/index.php\/2022\/06\/02\/a-situacion-esixe-un-cambio-de-rumbo\/#primaryimage"},"thumbnailUrl":"https:\/\/www.anovapeneira.gal\/wp-content\/uploads\/2022\/05\/lucia_Santos.jpg","datePublished":"2022-06-02T10:00:48+00:00","breadcrumb":{"@id":"https:\/\/www.anovapeneira.gal\/index.php\/2022\/06\/02\/a-situacion-esixe-un-cambio-de-rumbo\/#breadcrumb"},"inLanguage":"gl-ES","potentialAction":[{"@type":"ReadAction","target":["https:\/\/www.anovapeneira.gal\/index.php\/2022\/06\/02\/a-situacion-esixe-un-cambio-de-rumbo\/"]}]},{"@type":"ImageObject","inLanguage":"gl-ES","@id":"https:\/\/www.anovapeneira.gal\/index.php\/2022\/06\/02\/a-situacion-esixe-un-cambio-de-rumbo\/#primaryimage","url":"https:\/\/www.anovapeneira.gal\/wp-content\/uploads\/2022\/05\/lucia_Santos.jpg","contentUrl":"https:\/\/www.anovapeneira.gal\/wp-content\/uploads\/2022\/05\/lucia_Santos.jpg","width":1500,"height":790,"caption":"Luc\u00eda Santos BNG Mar\u00edn"},{"@type":"BreadcrumbList","@id":"https:\/\/www.anovapeneira.gal\/index.php\/2022\/06\/02\/a-situacion-esixe-un-cambio-de-rumbo\/#breadcrumb","itemListElement":[{"@type":"ListItem","position":1,"name":"Portada","item":"https:\/\/www.anovapeneira.gal\/"},{"@type":"ListItem","position":2,"name":"A situaci\u00f3n esixe un cambio de rumbo"}]},{"@type":"WebSite","@id":"https:\/\/www.anovapeneira.gal\/#website","url":"https:\/\/www.anovapeneira.gal\/","name":"","description":"Xornal galego de informaci\u00f3n xeral Publicaci\u00f3n mensual de novas de Galicia e en especial dos Concellos da sur da provincia de Pontevedra.","publisher":{"@id":"https:\/\/www.anovapeneira.gal\/#organization"},"potentialAction":[{"@type":"SearchAction","target":{"@type":"EntryPoint","urlTemplate":"https:\/\/www.anovapeneira.gal\/?s={search_term_string}"},"query-input":{"@type":"PropertyValueSpecification","valueRequired":true,"valueName":"search_term_string"}}],"inLanguage":"gl-ES"},{"@type":"Organization","@id":"https:\/\/www.anovapeneira.gal\/#organization","name":"A Nova Peneira","url":"https:\/\/www.anovapeneira.gal\/","logo":{"@type":"ImageObject","inLanguage":"gl-ES","@id":"https:\/\/www.anovapeneira.gal\/#\/schema\/logo\/image\/","url":"http:\/\/www.anovapeneira.gal\/wp-content\/uploads\/2019\/06\/logo_a_nova_peneira_portal_web.png","contentUrl":"http:\/\/www.anovapeneira.gal\/wp-content\/uploads\/2019\/06\/logo_a_nova_peneira_portal_web.png","width":300,"height":100,"caption":"A Nova Peneira"},"image":{"@id":"https:\/\/www.anovapeneira.gal\/#\/schema\/logo\/image\/"},"sameAs":["https:\/\/www.facebook.com\/anovapeneira","https:\/\/x.com\/APeneira"]},{"@type":"Person","@id":"https:\/\/www.anovapeneira.gal\/#\/schema\/person\/f18a4feb302e8f20bcef4490b5b60bb3","name":"Artigos Opini\u00f3n","image":{"@type":"ImageObject","inLanguage":"gl-ES","@id":"https:\/\/secure.gravatar.com\/avatar\/072844300f4881150aee2da4278f7a65d16eefdf8262eb67085f1e702de2b959?s=96&d=mm&r=g","url":"https:\/\/secure.gravatar.com\/avatar\/072844300f4881150aee2da4278f7a65d16eefdf8262eb67085f1e702de2b959?s=96&d=mm&r=g","contentUrl":"https:\/\/secure.gravatar.com\/avatar\/072844300f4881150aee2da4278f7a65d16eefdf8262eb67085f1e702de2b959?s=96&d=mm&r=g","caption":"Artigos Opini\u00f3n"},"sameAs":["http:\/\/anovapeneira.gal"],"url":"https:\/\/www.anovapeneira.gal\/index.php\/author\/artigosopinion\/"}]}},"jetpack_featured_media_url":"https:\/\/www.anovapeneira.gal\/wp-content\/uploads\/2022\/05\/lucia_Santos.jpg","_links":{"self":[{"href":"https:\/\/www.anovapeneira.gal\/index.php\/wp-json\/wp\/v2\/posts\/7562","targetHints":{"allow":["GET"]}}],"collection":[{"href":"https:\/\/www.anovapeneira.gal\/index.php\/wp-json\/wp\/v2\/posts"}],"about":[{"href":"https:\/\/www.anovapeneira.gal\/index.php\/wp-json\/wp\/v2\/types\/post"}],"author":[{"embeddable":true,"href":"https:\/\/www.anovapeneira.gal\/index.php\/wp-json\/wp\/v2\/users\/12"}],"replies":[{"embeddable":true,"href":"https:\/\/www.anovapeneira.gal\/index.php\/wp-json\/wp\/v2\/comments?post=7562"}],"version-history":[{"count":1,"href":"https:\/\/www.anovapeneira.gal\/index.php\/wp-json\/wp\/v2\/posts\/7562\/revisions"}],"predecessor-version":[{"id":7563,"href":"https:\/\/www.anovapeneira.gal\/index.php\/wp-json\/wp\/v2\/posts\/7562\/revisions\/7563"}],"wp:featuredmedia":[{"embeddable":true,"href":"https:\/\/www.anovapeneira.gal\/index.php\/wp-json\/wp\/v2\/media\/7564"}],"wp:attachment":[{"href":"https:\/\/www.anovapeneira.gal\/index.php\/wp-json\/wp\/v2\/media?parent=7562"}],"wp:term":[{"taxonomy":"category","embeddable":true,"href":"https:\/\/www.anovapeneira.gal\/index.php\/wp-json\/wp\/v2\/categories?post=7562"},{"taxonomy":"post_tag","embeddable":true,"href":"https:\/\/www.anovapeneira.gal\/index.php\/wp-json\/wp\/v2\/tags?post=7562"}],"curies":[{"name":"wp","href":"https:\/\/api.w.org\/{rel}","templated":true}]}}