{"id":7584,"date":"2022-06-08T12:00:02","date_gmt":"2022-06-08T10:00:02","guid":{"rendered":"https:\/\/www.anovapeneira.gal\/?p=7584"},"modified":"2022-06-03T16:03:51","modified_gmt":"2022-06-03T14:03:51","slug":"nace-a-copa-morling-de-dornas-a-vela-un-circuito-de-cinco-regatas-entre-os-meses-de-xuno-e-agosto","status":"publish","type":"post","link":"https:\/\/www.anovapeneira.gal\/index.php\/2022\/06\/08\/nace-a-copa-morling-de-dornas-a-vela-un-circuito-de-cinco-regatas-entre-os-meses-de-xuno-e-agosto\/","title":{"rendered":"Nace a \u2018Copa M\u00f6rling\u2019 de dornas a vela, un circuito de cinco regatas entre os meses de xu\u00f1o e agosto"},"content":{"rendered":"\n<h2 class=\"wp-block-heading\"><em>Esta primeira edici\u00f3n celebrarase nas vilas de Portonovo, Cambados, O Grove, A Illa de Arousa e Combarro<\/em><\/h2>\n\n\n\n<p><strong>Bueu 21 de maio de 2022<\/strong><\/p>\n\n\n\n<p>A Federaci\u00f3n Galega pola Cultura Mar\u00edtima e Fluvial (Culturmar) retoma a extinta \u2018Copa Galicia de dornas a vela\u2019, rebautiz\u00e1ndoa co nome de \u2018Copa M\u00f6rling\u2019, como mostra de agradecemento a toda a labor realizada en prol da salvagarda das embarcaci\u00f3ns tradicionais galegas polo etn\u00f3logo e antrop\u00f3logo sueco Staffan M\u00f6rling. Culturmar considera \u201cque non hai mellor forma de homenaxear a figura deste bueuense de adopci\u00f3n que fomentando a exhibici\u00f3n de saberes de navegaci\u00f3n tradicional e de embarcaci\u00f3ns que supo\u00f1en as regatas de dornas a vela\u201d.<\/p>\n\n\n\n<p>O Museo de Mass\u00f3 de Bueu foi o lugar elixido para presentar esta primeira edici\u00f3n da copa. Ao acto asistiu o concelleiro de Cultura, Xos\u00e9 Leal, quen lembrou o legado de Staffan M\u00f6rling, fillo adoptivo do Concello de Bueu desde 2006. \u201cO legado de M\u00f6rling sempre estar\u00e1 vivo mentres haxa embarcaci\u00f3ns no mar\u201d, afirmou.<\/p>\n\n\n\n<p>Entre os meses de xullo e agosto, as vilas de Portonovo (18 de xu\u00f1o), Cambados (2 de xullo), O Grove (30 de xullo), A Illa de Arousa (6 de agosto) e Combarro (27 de agosto) ser\u00e1n escenario das cinco regatas desta primeira edici\u00f3n da \u2018Copa M\u00f3rling\u2019. Ser\u00e1n competici\u00f3ns de, aproximadamente, d\u00faas horas de duraci\u00f3n e que ter\u00e1n lugar os s\u00e1bados pola tarde, excepto a de Combarro, que ser\u00e1 pola ma\u00f1\u00e1.<\/p>\n\n\n<div class=\"wp-block-image\">\n<figure class=\"aligncenter size-large\"><img loading=\"lazy\" decoding=\"async\" width=\"576\" height=\"1024\" src=\"https:\/\/www.anovapeneira.gal\/wp-content\/uploads\/2022\/06\/CALENDARIO-REGATAS--576x1024.png\" alt=\"\" class=\"wp-image-7585\" srcset=\"https:\/\/www.anovapeneira.gal\/wp-content\/uploads\/2022\/06\/CALENDARIO-REGATAS--576x1024.png 576w, https:\/\/www.anovapeneira.gal\/wp-content\/uploads\/2022\/06\/CALENDARIO-REGATAS--169x300.png 169w, https:\/\/www.anovapeneira.gal\/wp-content\/uploads\/2022\/06\/CALENDARIO-REGATAS-.png 750w\" sizes=\"auto, (max-width: 576px) 100vw, 576px\" \/><\/figure>\n<\/div>\n\n\n<p>As regatas de dornas a vela, lonxe son unha demostraci\u00f3n de saberes tradicionais que forman parte do rico patrimonio inmaterial que sup\u00f3n a navegaci\u00f3n tradicional con vela de relinga. Co obxectivo de promover e estimular a participaci\u00f3n neste tipo de eventos, Culturmar conseguiu unificar catro regatas de dornas a vela que xa exist\u00edan en Galicia (Portonovo, Cambados, O Grove e A Illa de Arousa) e engadir unha en Combarro para crear a \u2018Copa M\u00f6rling\u2019.<\/p>\n\n\n\n<p>A organizaci\u00f3n deste evento persegue, sobre todo, conseguir unha maior difusi\u00f3n entre o p\u00fablico xeral das dornas como patrimonio material e do seu xeito de navegar como patrimonio inmaterial, as\u00ed como dar a co\u00f1ecer para que se empregaban estas embarcaci\u00f3ns profesionalmente e en que contexto xorden estas competici\u00f3ns informais.<\/p>\n\n\n\n<p>O presidente de Culturmar, Xos\u00e9 Luis Sacau, destacou na presentaci\u00f3n deste circuito de regatas que, a\u00ednda que existe un aspecto competitivo, \u201ca finalidade \u00faltima \u00e9 a convivencia e a cooperaci\u00f3n entre embarcaci\u00f3ns e colectivos de diferentes partes de Galicia\u201d. Deste xeito, a \u2018Copa M\u00f6rling\u2019 servir\u00e1 para afianzar os lazos de uni\u00f3n e xerar impacto tur\u00edstico nas vilas costeiras onde se celebra cada unha das xornadas. \u201cQueremos barcos vivos no mar, non mortos nas rotondas\u201d, rematou Sacau.<\/p>\n\n\n\n<p>Os colectivos de Culturmar que organizan as regatas son a Asociaci\u00f3n A Torre de Cambados, A Reiboa de Combarro, a Asociaci\u00f3n Amigos da Dorna de Portonovo, a Asociaci\u00f3n Cultural e Deportiva Dorna da Illa de Arousa e a Dorna Meca do Grove.<\/p>\n\n\n\n<p>Ux\u00edo Allo, da Asociaci\u00f3n Cultural Dorna da Illa da Arousa, un dos colectivos m\u00e1is veteranos de Culturmar, fixo un chamamento \u00e1 participaci\u00f3n do m\u00e1ximo n\u00famero de embarcaci\u00f3ns e colectivos para axudar a medrar esta competici\u00f3n e \u201cespallar a cultura mari\u00f1eira das dornas\u201d. Pola s\u00faa banda, Iago Otero, da Asociaci\u00f3n A Torre de Cambados, falou da importancia de \u201cmimar e coidar as embarcaci\u00f3ns\u201d para manter a tradici\u00f3n. \u201cA xente m\u00e1is nova que nos gusta este mundo debemos buscar embarcaci\u00f3ns que est\u00e1n desfeitas para darlles unha nova vida\u201d, engadiu.<\/p>\n\n\n\n<p>As cinco regatas previstas ao longo do ver\u00e1n ser\u00e1n de tipo triangular e preto das radas de cada vila para, deste xeito, mellorar a visibilidade para o p\u00fablico desde terra. A \u2018Copa M\u00f6rling\u2019 ter\u00e1 un sistema de puntuaci\u00f3n para estimular a participaci\u00f3n das dornas. Ao final desta competici\u00f3n, haber\u00e1 un trofeo para as embarcaci\u00f3ns que queden nas tres primeiras posici\u00f3ns no c\u00f3mputo xeral. No caso de empate, as dornas far\u00eda un largo barlovento-sotavento para desempatar. Ao finalizar cada regata, haber\u00e1 unha xornada de convivencia entre as persoas participantes.<\/p>\n","protected":false},"excerpt":{"rendered":"<div class=\"mh-excerpt\"><p>Esta primeira edici\u00f3n celebrarase nas vilas de Portonovo, Cambados, O Grove, A Illa de Arousa e Combarro <a class=\"mh-excerpt-more\" href=\"https:\/\/www.anovapeneira.gal\/index.php\/2022\/06\/08\/nace-a-copa-morling-de-dornas-a-vela-un-circuito-de-cinco-regatas-entre-os-meses-de-xuno-e-agosto\/\" title=\"Nace a \u2018Copa M\u00f6rling\u2019 de dornas a vela, un circuito de cinco regatas entre os meses de xu\u00f1o e agosto\">[&#8230;]<\/a><\/p>\n<\/div>","protected":false},"author":3,"featured_media":7587,"comment_status":"open","ping_status":"open","sticky":false,"template":"","format":"standard","meta":{"_exactmetrics_skip_tracking":false,"_exactmetrics_sitenote_active":false,"_exactmetrics_sitenote_note":"","_exactmetrics_sitenote_category":0,"footnotes":""},"categories":[22],"tags":[440],"class_list":{"0":"post-7584","1":"post","2":"type-post","3":"status-publish","4":"format-standard","5":"has-post-thumbnail","7":"category-morrazo","8":"tag-concello-de-bueu"},"yoast_head":"<!-- This site is optimized with the Yoast SEO plugin v27.4 - https:\/\/yoast.com\/product\/yoast-seo-wordpress\/ -->\n<title>Nace a \u2018Copa M\u00f6rling\u2019 de dornas a vela, un circuito de cinco regatas entre os meses de xu\u00f1o e agosto -<\/title>\n<meta name=\"description\" content=\"Esta primeira edici\u00f3n celebrarase nas vilas de Portonovo, Cambados, O Grove, A Illa de Arousa e Combarro\" \/>\n<meta name=\"robots\" content=\"index, follow, max-snippet:-1, max-image-preview:large, max-video-preview:-1\" \/>\n<link rel=\"canonical\" href=\"https:\/\/www.anovapeneira.gal\/index.php\/2022\/06\/08\/nace-a-copa-morling-de-dornas-a-vela-un-circuito-de-cinco-regatas-entre-os-meses-de-xuno-e-agosto\/\" \/>\n<meta property=\"og:locale\" content=\"gl_ES\" \/>\n<meta property=\"og:type\" content=\"article\" \/>\n<meta property=\"og:title\" content=\"Nace a \u2018Copa M\u00f6rling\u2019 de dornas a vela, un circuito de cinco regatas entre os meses de xu\u00f1o e agosto -\" \/>\n<meta property=\"og:description\" content=\"Esta primeira edici\u00f3n celebrarase nas vilas de Portonovo, Cambados, O Grove, A Illa de Arousa e Combarro\" \/>\n<meta property=\"og:url\" content=\"https:\/\/www.anovapeneira.gal\/index.php\/2022\/06\/08\/nace-a-copa-morling-de-dornas-a-vela-un-circuito-de-cinco-regatas-entre-os-meses-de-xuno-e-agosto\/\" \/>\n<meta property=\"article:publisher\" content=\"https:\/\/www.facebook.com\/anovapeneira\" \/>\n<meta property=\"article:published_time\" content=\"2022-06-08T10:00:02+00:00\" \/>\n<meta property=\"og:image\" content=\"https:\/\/www.anovapeneira.gal\/wp-content\/uploads\/2022\/06\/copa_morling.jpg\" \/>\n\t<meta property=\"og:image:width\" content=\"720\" \/>\n\t<meta property=\"og:image:height\" content=\"432\" \/>\n\t<meta property=\"og:image:type\" content=\"image\/jpeg\" \/>\n<meta name=\"author\" content=\"Redacci\u00f3n A Nova Peneira\" \/>\n<meta name=\"twitter:card\" content=\"summary_large_image\" \/>\n<meta name=\"twitter:creator\" content=\"@APeneira\" \/>\n<meta name=\"twitter:site\" content=\"@APeneira\" \/>\n<meta name=\"twitter:label1\" content=\"Escrito por\" \/>\n\t<meta name=\"twitter:data1\" content=\"Redacci\u00f3n A Nova Peneira\" \/>\n\t<meta name=\"twitter:label2\" content=\"Tempo de lectura\" \/>\n\t<meta name=\"twitter:data2\" content=\"4 minutos\" \/>\n<script type=\"application\/ld+json\" class=\"yoast-schema-graph\">{\"@context\":\"https:\\\/\\\/schema.org\",\"@graph\":[{\"@type\":\"Article\",\"@id\":\"https:\\\/\\\/www.anovapeneira.gal\\\/index.php\\\/2022\\\/06\\\/08\\\/nace-a-copa-morling-de-dornas-a-vela-un-circuito-de-cinco-regatas-entre-os-meses-de-xuno-e-agosto\\\/#article\",\"isPartOf\":{\"@id\":\"https:\\\/\\\/www.anovapeneira.gal\\\/index.php\\\/2022\\\/06\\\/08\\\/nace-a-copa-morling-de-dornas-a-vela-un-circuito-de-cinco-regatas-entre-os-meses-de-xuno-e-agosto\\\/\"},\"author\":{\"name\":\"Redacci\u00f3n A Nova Peneira\",\"@id\":\"https:\\\/\\\/www.anovapeneira.gal\\\/#\\\/schema\\\/person\\\/b93e3f8932e3f8da96334607eb6ac6aa\"},\"headline\":\"Nace a \u2018Copa M\u00f6rling\u2019 de dornas a vela, un circuito de cinco regatas entre os meses de xu\u00f1o e agosto\",\"datePublished\":\"2022-06-08T10:00:02+00:00\",\"mainEntityOfPage\":{\"@id\":\"https:\\\/\\\/www.anovapeneira.gal\\\/index.php\\\/2022\\\/06\\\/08\\\/nace-a-copa-morling-de-dornas-a-vela-un-circuito-de-cinco-regatas-entre-os-meses-de-xuno-e-agosto\\\/\"},\"wordCount\":735,\"commentCount\":0,\"publisher\":{\"@id\":\"https:\\\/\\\/www.anovapeneira.gal\\\/#organization\"},\"image\":{\"@id\":\"https:\\\/\\\/www.anovapeneira.gal\\\/index.php\\\/2022\\\/06\\\/08\\\/nace-a-copa-morling-de-dornas-a-vela-un-circuito-de-cinco-regatas-entre-os-meses-de-xuno-e-agosto\\\/#primaryimage\"},\"thumbnailUrl\":\"https:\\\/\\\/www.anovapeneira.gal\\\/wp-content\\\/uploads\\\/2022\\\/06\\\/copa_morling.jpg\",\"keywords\":[\"Concello de Bueu\"],\"articleSection\":[\"Morrazo\"],\"inLanguage\":\"gl-ES\",\"potentialAction\":[{\"@type\":\"CommentAction\",\"name\":\"Comment\",\"target\":[\"https:\\\/\\\/www.anovapeneira.gal\\\/index.php\\\/2022\\\/06\\\/08\\\/nace-a-copa-morling-de-dornas-a-vela-un-circuito-de-cinco-regatas-entre-os-meses-de-xuno-e-agosto\\\/#respond\"]}]},{\"@type\":\"WebPage\",\"@id\":\"https:\\\/\\\/www.anovapeneira.gal\\\/index.php\\\/2022\\\/06\\\/08\\\/nace-a-copa-morling-de-dornas-a-vela-un-circuito-de-cinco-regatas-entre-os-meses-de-xuno-e-agosto\\\/\",\"url\":\"https:\\\/\\\/www.anovapeneira.gal\\\/index.php\\\/2022\\\/06\\\/08\\\/nace-a-copa-morling-de-dornas-a-vela-un-circuito-de-cinco-regatas-entre-os-meses-de-xuno-e-agosto\\\/\",\"name\":\"Nace a \u2018Copa M\u00f6rling\u2019 de dornas a vela, un circuito de cinco regatas entre os meses de xu\u00f1o e agosto -\",\"isPartOf\":{\"@id\":\"https:\\\/\\\/www.anovapeneira.gal\\\/#website\"},\"primaryImageOfPage\":{\"@id\":\"https:\\\/\\\/www.anovapeneira.gal\\\/index.php\\\/2022\\\/06\\\/08\\\/nace-a-copa-morling-de-dornas-a-vela-un-circuito-de-cinco-regatas-entre-os-meses-de-xuno-e-agosto\\\/#primaryimage\"},\"image\":{\"@id\":\"https:\\\/\\\/www.anovapeneira.gal\\\/index.php\\\/2022\\\/06\\\/08\\\/nace-a-copa-morling-de-dornas-a-vela-un-circuito-de-cinco-regatas-entre-os-meses-de-xuno-e-agosto\\\/#primaryimage\"},\"thumbnailUrl\":\"https:\\\/\\\/www.anovapeneira.gal\\\/wp-content\\\/uploads\\\/2022\\\/06\\\/copa_morling.jpg\",\"datePublished\":\"2022-06-08T10:00:02+00:00\",\"description\":\"Esta primeira edici\u00f3n celebrarase nas vilas de Portonovo, Cambados, O Grove, A Illa de Arousa e Combarro\",\"breadcrumb\":{\"@id\":\"https:\\\/\\\/www.anovapeneira.gal\\\/index.php\\\/2022\\\/06\\\/08\\\/nace-a-copa-morling-de-dornas-a-vela-un-circuito-de-cinco-regatas-entre-os-meses-de-xuno-e-agosto\\\/#breadcrumb\"},\"inLanguage\":\"gl-ES\",\"potentialAction\":[{\"@type\":\"ReadAction\",\"target\":[\"https:\\\/\\\/www.anovapeneira.gal\\\/index.php\\\/2022\\\/06\\\/08\\\/nace-a-copa-morling-de-dornas-a-vela-un-circuito-de-cinco-regatas-entre-os-meses-de-xuno-e-agosto\\\/\"]}]},{\"@type\":\"ImageObject\",\"inLanguage\":\"gl-ES\",\"@id\":\"https:\\\/\\\/www.anovapeneira.gal\\\/index.php\\\/2022\\\/06\\\/08\\\/nace-a-copa-morling-de-dornas-a-vela-un-circuito-de-cinco-regatas-entre-os-meses-de-xuno-e-agosto\\\/#primaryimage\",\"url\":\"https:\\\/\\\/www.anovapeneira.gal\\\/wp-content\\\/uploads\\\/2022\\\/06\\\/copa_morling.jpg\",\"contentUrl\":\"https:\\\/\\\/www.anovapeneira.gal\\\/wp-content\\\/uploads\\\/2022\\\/06\\\/copa_morling.jpg\",\"width\":720,\"height\":432,\"caption\":\"primera edici\u00f3n da 'Copa M\u00f6rling' de dornas a vela\"},{\"@type\":\"BreadcrumbList\",\"@id\":\"https:\\\/\\\/www.anovapeneira.gal\\\/index.php\\\/2022\\\/06\\\/08\\\/nace-a-copa-morling-de-dornas-a-vela-un-circuito-de-cinco-regatas-entre-os-meses-de-xuno-e-agosto\\\/#breadcrumb\",\"itemListElement\":[{\"@type\":\"ListItem\",\"position\":1,\"name\":\"Portada\",\"item\":\"https:\\\/\\\/www.anovapeneira.gal\\\/\"},{\"@type\":\"ListItem\",\"position\":2,\"name\":\"Nace a \u2018Copa M\u00f6rling\u2019 de dornas a vela, un circuito de cinco regatas entre os meses de xu\u00f1o e agosto\"}]},{\"@type\":\"WebSite\",\"@id\":\"https:\\\/\\\/www.anovapeneira.gal\\\/#website\",\"url\":\"https:\\\/\\\/www.anovapeneira.gal\\\/\",\"name\":\"\",\"description\":\"Xornal galego de informaci\u00f3n xeral Publicaci\u00f3n mensual de novas de Galicia e en especial dos Concellos da sur da provincia de Pontevedra.\",\"publisher\":{\"@id\":\"https:\\\/\\\/www.anovapeneira.gal\\\/#organization\"},\"potentialAction\":[{\"@type\":\"SearchAction\",\"target\":{\"@type\":\"EntryPoint\",\"urlTemplate\":\"https:\\\/\\\/www.anovapeneira.gal\\\/?s={search_term_string}\"},\"query-input\":{\"@type\":\"PropertyValueSpecification\",\"valueRequired\":true,\"valueName\":\"search_term_string\"}}],\"inLanguage\":\"gl-ES\"},{\"@type\":\"Organization\",\"@id\":\"https:\\\/\\\/www.anovapeneira.gal\\\/#organization\",\"name\":\"A Nova Peneira\",\"url\":\"https:\\\/\\\/www.anovapeneira.gal\\\/\",\"logo\":{\"@type\":\"ImageObject\",\"inLanguage\":\"gl-ES\",\"@id\":\"https:\\\/\\\/www.anovapeneira.gal\\\/#\\\/schema\\\/logo\\\/image\\\/\",\"url\":\"http:\\\/\\\/www.anovapeneira.gal\\\/wp-content\\\/uploads\\\/2019\\\/06\\\/logo_a_nova_peneira_portal_web.png\",\"contentUrl\":\"http:\\\/\\\/www.anovapeneira.gal\\\/wp-content\\\/uploads\\\/2019\\\/06\\\/logo_a_nova_peneira_portal_web.png\",\"width\":300,\"height\":100,\"caption\":\"A Nova Peneira\"},\"image\":{\"@id\":\"https:\\\/\\\/www.anovapeneira.gal\\\/#\\\/schema\\\/logo\\\/image\\\/\"},\"sameAs\":[\"https:\\\/\\\/www.facebook.com\\\/anovapeneira\",\"https:\\\/\\\/x.com\\\/APeneira\"]},{\"@type\":\"Person\",\"@id\":\"https:\\\/\\\/www.anovapeneira.gal\\\/#\\\/schema\\\/person\\\/b93e3f8932e3f8da96334607eb6ac6aa\",\"name\":\"Redacci\u00f3n A Nova Peneira\",\"image\":{\"@type\":\"ImageObject\",\"inLanguage\":\"gl-ES\",\"@id\":\"https:\\\/\\\/secure.gravatar.com\\\/avatar\\\/c052a2551a06e23fac63626232eaa90abd78dbcf1700fc46a2b2c89fd27b735f?s=96&d=mm&r=g\",\"url\":\"https:\\\/\\\/secure.gravatar.com\\\/avatar\\\/c052a2551a06e23fac63626232eaa90abd78dbcf1700fc46a2b2c89fd27b735f?s=96&d=mm&r=g\",\"contentUrl\":\"https:\\\/\\\/secure.gravatar.com\\\/avatar\\\/c052a2551a06e23fac63626232eaa90abd78dbcf1700fc46a2b2c89fd27b735f?s=96&d=mm&r=g\",\"caption\":\"Redacci\u00f3n A Nova Peneira\"},\"sameAs\":[\"http:\\\/\\\/www.anovapeneira.gal\\\/\"],\"url\":\"https:\\\/\\\/www.anovapeneira.gal\\\/index.php\\\/author\\\/redactor\\\/\"}]}<\/script>\n<!-- \/ Yoast SEO plugin. -->","yoast_head_json":{"title":"Nace a \u2018Copa M\u00f6rling\u2019 de dornas a vela, un circuito de cinco regatas entre os meses de xu\u00f1o e agosto -","description":"Esta primeira edici\u00f3n celebrarase nas vilas de Portonovo, Cambados, O Grove, A Illa de Arousa e Combarro","robots":{"index":"index","follow":"follow","max-snippet":"max-snippet:-1","max-image-preview":"max-image-preview:large","max-video-preview":"max-video-preview:-1"},"canonical":"https:\/\/www.anovapeneira.gal\/index.php\/2022\/06\/08\/nace-a-copa-morling-de-dornas-a-vela-un-circuito-de-cinco-regatas-entre-os-meses-de-xuno-e-agosto\/","og_locale":"gl_ES","og_type":"article","og_title":"Nace a \u2018Copa M\u00f6rling\u2019 de dornas a vela, un circuito de cinco regatas entre os meses de xu\u00f1o e agosto -","og_description":"Esta primeira edici\u00f3n celebrarase nas vilas de Portonovo, Cambados, O Grove, A Illa de Arousa e Combarro","og_url":"https:\/\/www.anovapeneira.gal\/index.php\/2022\/06\/08\/nace-a-copa-morling-de-dornas-a-vela-un-circuito-de-cinco-regatas-entre-os-meses-de-xuno-e-agosto\/","article_publisher":"https:\/\/www.facebook.com\/anovapeneira","article_published_time":"2022-06-08T10:00:02+00:00","og_image":[{"width":720,"height":432,"url":"https:\/\/www.anovapeneira.gal\/wp-content\/uploads\/2022\/06\/copa_morling.jpg","type":"image\/jpeg"}],"author":"Redacci\u00f3n A Nova Peneira","twitter_card":"summary_large_image","twitter_creator":"@APeneira","twitter_site":"@APeneira","twitter_misc":{"Escrito por":"Redacci\u00f3n A Nova Peneira","Tempo de lectura":"4 minutos"},"schema":{"@context":"https:\/\/schema.org","@graph":[{"@type":"Article","@id":"https:\/\/www.anovapeneira.gal\/index.php\/2022\/06\/08\/nace-a-copa-morling-de-dornas-a-vela-un-circuito-de-cinco-regatas-entre-os-meses-de-xuno-e-agosto\/#article","isPartOf":{"@id":"https:\/\/www.anovapeneira.gal\/index.php\/2022\/06\/08\/nace-a-copa-morling-de-dornas-a-vela-un-circuito-de-cinco-regatas-entre-os-meses-de-xuno-e-agosto\/"},"author":{"name":"Redacci\u00f3n A Nova Peneira","@id":"https:\/\/www.anovapeneira.gal\/#\/schema\/person\/b93e3f8932e3f8da96334607eb6ac6aa"},"headline":"Nace a \u2018Copa M\u00f6rling\u2019 de dornas a vela, un circuito de cinco regatas entre os meses de xu\u00f1o e agosto","datePublished":"2022-06-08T10:00:02+00:00","mainEntityOfPage":{"@id":"https:\/\/www.anovapeneira.gal\/index.php\/2022\/06\/08\/nace-a-copa-morling-de-dornas-a-vela-un-circuito-de-cinco-regatas-entre-os-meses-de-xuno-e-agosto\/"},"wordCount":735,"commentCount":0,"publisher":{"@id":"https:\/\/www.anovapeneira.gal\/#organization"},"image":{"@id":"https:\/\/www.anovapeneira.gal\/index.php\/2022\/06\/08\/nace-a-copa-morling-de-dornas-a-vela-un-circuito-de-cinco-regatas-entre-os-meses-de-xuno-e-agosto\/#primaryimage"},"thumbnailUrl":"https:\/\/www.anovapeneira.gal\/wp-content\/uploads\/2022\/06\/copa_morling.jpg","keywords":["Concello de Bueu"],"articleSection":["Morrazo"],"inLanguage":"gl-ES","potentialAction":[{"@type":"CommentAction","name":"Comment","target":["https:\/\/www.anovapeneira.gal\/index.php\/2022\/06\/08\/nace-a-copa-morling-de-dornas-a-vela-un-circuito-de-cinco-regatas-entre-os-meses-de-xuno-e-agosto\/#respond"]}]},{"@type":"WebPage","@id":"https:\/\/www.anovapeneira.gal\/index.php\/2022\/06\/08\/nace-a-copa-morling-de-dornas-a-vela-un-circuito-de-cinco-regatas-entre-os-meses-de-xuno-e-agosto\/","url":"https:\/\/www.anovapeneira.gal\/index.php\/2022\/06\/08\/nace-a-copa-morling-de-dornas-a-vela-un-circuito-de-cinco-regatas-entre-os-meses-de-xuno-e-agosto\/","name":"Nace a \u2018Copa M\u00f6rling\u2019 de dornas a vela, un circuito de cinco regatas entre os meses de xu\u00f1o e agosto -","isPartOf":{"@id":"https:\/\/www.anovapeneira.gal\/#website"},"primaryImageOfPage":{"@id":"https:\/\/www.anovapeneira.gal\/index.php\/2022\/06\/08\/nace-a-copa-morling-de-dornas-a-vela-un-circuito-de-cinco-regatas-entre-os-meses-de-xuno-e-agosto\/#primaryimage"},"image":{"@id":"https:\/\/www.anovapeneira.gal\/index.php\/2022\/06\/08\/nace-a-copa-morling-de-dornas-a-vela-un-circuito-de-cinco-regatas-entre-os-meses-de-xuno-e-agosto\/#primaryimage"},"thumbnailUrl":"https:\/\/www.anovapeneira.gal\/wp-content\/uploads\/2022\/06\/copa_morling.jpg","datePublished":"2022-06-08T10:00:02+00:00","description":"Esta primeira edici\u00f3n celebrarase nas vilas de Portonovo, Cambados, O Grove, A Illa de Arousa e Combarro","breadcrumb":{"@id":"https:\/\/www.anovapeneira.gal\/index.php\/2022\/06\/08\/nace-a-copa-morling-de-dornas-a-vela-un-circuito-de-cinco-regatas-entre-os-meses-de-xuno-e-agosto\/#breadcrumb"},"inLanguage":"gl-ES","potentialAction":[{"@type":"ReadAction","target":["https:\/\/www.anovapeneira.gal\/index.php\/2022\/06\/08\/nace-a-copa-morling-de-dornas-a-vela-un-circuito-de-cinco-regatas-entre-os-meses-de-xuno-e-agosto\/"]}]},{"@type":"ImageObject","inLanguage":"gl-ES","@id":"https:\/\/www.anovapeneira.gal\/index.php\/2022\/06\/08\/nace-a-copa-morling-de-dornas-a-vela-un-circuito-de-cinco-regatas-entre-os-meses-de-xuno-e-agosto\/#primaryimage","url":"https:\/\/www.anovapeneira.gal\/wp-content\/uploads\/2022\/06\/copa_morling.jpg","contentUrl":"https:\/\/www.anovapeneira.gal\/wp-content\/uploads\/2022\/06\/copa_morling.jpg","width":720,"height":432,"caption":"primera edici\u00f3n da 'Copa M\u00f6rling' de dornas a vela"},{"@type":"BreadcrumbList","@id":"https:\/\/www.anovapeneira.gal\/index.php\/2022\/06\/08\/nace-a-copa-morling-de-dornas-a-vela-un-circuito-de-cinco-regatas-entre-os-meses-de-xuno-e-agosto\/#breadcrumb","itemListElement":[{"@type":"ListItem","position":1,"name":"Portada","item":"https:\/\/www.anovapeneira.gal\/"},{"@type":"ListItem","position":2,"name":"Nace a \u2018Copa M\u00f6rling\u2019 de dornas a vela, un circuito de cinco regatas entre os meses de xu\u00f1o e agosto"}]},{"@type":"WebSite","@id":"https:\/\/www.anovapeneira.gal\/#website","url":"https:\/\/www.anovapeneira.gal\/","name":"","description":"Xornal galego de informaci\u00f3n xeral Publicaci\u00f3n mensual de novas de Galicia e en especial dos Concellos da sur da provincia de Pontevedra.","publisher":{"@id":"https:\/\/www.anovapeneira.gal\/#organization"},"potentialAction":[{"@type":"SearchAction","target":{"@type":"EntryPoint","urlTemplate":"https:\/\/www.anovapeneira.gal\/?s={search_term_string}"},"query-input":{"@type":"PropertyValueSpecification","valueRequired":true,"valueName":"search_term_string"}}],"inLanguage":"gl-ES"},{"@type":"Organization","@id":"https:\/\/www.anovapeneira.gal\/#organization","name":"A Nova Peneira","url":"https:\/\/www.anovapeneira.gal\/","logo":{"@type":"ImageObject","inLanguage":"gl-ES","@id":"https:\/\/www.anovapeneira.gal\/#\/schema\/logo\/image\/","url":"http:\/\/www.anovapeneira.gal\/wp-content\/uploads\/2019\/06\/logo_a_nova_peneira_portal_web.png","contentUrl":"http:\/\/www.anovapeneira.gal\/wp-content\/uploads\/2019\/06\/logo_a_nova_peneira_portal_web.png","width":300,"height":100,"caption":"A Nova Peneira"},"image":{"@id":"https:\/\/www.anovapeneira.gal\/#\/schema\/logo\/image\/"},"sameAs":["https:\/\/www.facebook.com\/anovapeneira","https:\/\/x.com\/APeneira"]},{"@type":"Person","@id":"https:\/\/www.anovapeneira.gal\/#\/schema\/person\/b93e3f8932e3f8da96334607eb6ac6aa","name":"Redacci\u00f3n A Nova Peneira","image":{"@type":"ImageObject","inLanguage":"gl-ES","@id":"https:\/\/secure.gravatar.com\/avatar\/c052a2551a06e23fac63626232eaa90abd78dbcf1700fc46a2b2c89fd27b735f?s=96&d=mm&r=g","url":"https:\/\/secure.gravatar.com\/avatar\/c052a2551a06e23fac63626232eaa90abd78dbcf1700fc46a2b2c89fd27b735f?s=96&d=mm&r=g","contentUrl":"https:\/\/secure.gravatar.com\/avatar\/c052a2551a06e23fac63626232eaa90abd78dbcf1700fc46a2b2c89fd27b735f?s=96&d=mm&r=g","caption":"Redacci\u00f3n A Nova Peneira"},"sameAs":["http:\/\/www.anovapeneira.gal\/"],"url":"https:\/\/www.anovapeneira.gal\/index.php\/author\/redactor\/"}]}},"jetpack_featured_media_url":"https:\/\/www.anovapeneira.gal\/wp-content\/uploads\/2022\/06\/copa_morling.jpg","_links":{"self":[{"href":"https:\/\/www.anovapeneira.gal\/index.php\/wp-json\/wp\/v2\/posts\/7584","targetHints":{"allow":["GET"]}}],"collection":[{"href":"https:\/\/www.anovapeneira.gal\/index.php\/wp-json\/wp\/v2\/posts"}],"about":[{"href":"https:\/\/www.anovapeneira.gal\/index.php\/wp-json\/wp\/v2\/types\/post"}],"author":[{"embeddable":true,"href":"https:\/\/www.anovapeneira.gal\/index.php\/wp-json\/wp\/v2\/users\/3"}],"replies":[{"embeddable":true,"href":"https:\/\/www.anovapeneira.gal\/index.php\/wp-json\/wp\/v2\/comments?post=7584"}],"version-history":[{"count":2,"href":"https:\/\/www.anovapeneira.gal\/index.php\/wp-json\/wp\/v2\/posts\/7584\/revisions"}],"predecessor-version":[{"id":7589,"href":"https:\/\/www.anovapeneira.gal\/index.php\/wp-json\/wp\/v2\/posts\/7584\/revisions\/7589"}],"wp:featuredmedia":[{"embeddable":true,"href":"https:\/\/www.anovapeneira.gal\/index.php\/wp-json\/wp\/v2\/media\/7587"}],"wp:attachment":[{"href":"https:\/\/www.anovapeneira.gal\/index.php\/wp-json\/wp\/v2\/media?parent=7584"}],"wp:term":[{"taxonomy":"category","embeddable":true,"href":"https:\/\/www.anovapeneira.gal\/index.php\/wp-json\/wp\/v2\/categories?post=7584"},{"taxonomy":"post_tag","embeddable":true,"href":"https:\/\/www.anovapeneira.gal\/index.php\/wp-json\/wp\/v2\/tags?post=7584"}],"curies":[{"name":"wp","href":"https:\/\/api.w.org\/{rel}","templated":true}]}}