{"id":7590,"date":"2022-06-09T10:00:20","date_gmt":"2022-06-09T08:00:20","guid":{"rendered":"https:\/\/www.anovapeneira.gal\/?p=7590"},"modified":"2022-06-03T16:05:54","modified_gmt":"2022-06-03T14:05:54","slug":"o-60-dos-contratos-indefinidos-asinados-en-galiza-en-maio-foron-fixos-descontinuos-ou-a-tempo-parcial","status":"publish","type":"post","link":"https:\/\/www.anovapeneira.gal\/index.php\/2022\/06\/09\/o-60-dos-contratos-indefinidos-asinados-en-galiza-en-maio-foron-fixos-descontinuos-ou-a-tempo-parcial\/","title":{"rendered":"O 60% dos contratos indefinidos asinados en Galiza en maio foron fixos descontinuos ou a tempo parcial"},"content":{"rendered":"\n<h2 class=\"wp-block-heading\">O paro volve descender no noso pa\u00eds por debaixo da media estatal e ligado maioritariamente ao sector servizos<\/h2>\n\n\n\n<p><strong>Galiza, 2 de xu\u00f1o de 2022.<\/strong><\/p>\n\n\n\n<p>Galiza pechou o mes de de maio cun total de 146.120 persoas rexistradas como desempregadas no SEPE, o que sup\u00f3n 4482 persoas paradas menos con respecto a abril. O descenso do paro no noso pa\u00eds atinxiu o 2,98%, mentres no conxunto do Estado espa\u00f1ol foi do 3,29%. O sector servizos, con maior precariedade laboral e parcialidade na contrataci\u00f3n, foi novamente no que m\u00e1is novos contratos se rexistraron. De feito, arredor do 60% dos contratos indefinidos subscritos neste per\u00edodo foron fixos descontinuos ou parciais.<\/p>\n\n\n\n<p>Estes datos colocan a Galiza como o quinto territorio do Estado onde menos descendeu o desemprego, nunha \u00e9poca na que adoita producirse un descenso estacional do desemprego vinculado \u00e1 proximidade do ver\u00e1n. No que ten a ver coa aplicaci\u00f3n da nova reforma laboral, o 60% dos contratos indefinidos que se asinaron son fixos descontinuos ou a tempo parcial.<\/p>\n\n\n\n<p>Segundo advirte o secretario confederal de Negociaci\u00f3n Colectiva, Emprego e Industria da CIG, Paco S\u00edo, isto vai provocar un descenso nas rendas que agudizar\u00e1 a carest\u00eda da vida que est\u00e1 a sufrer en especial a clase traballadora. \u201cM\u00e1is tendo en conta que a inflaci\u00f3n en Galiza est\u00e1 no 9,1%, o prezo dos alimentos medou por enriba do 10% e a enerx\u00eda encareceuse un 40%, e a\u00ednda por riba soben os prezos da vivenda e van aumentar tam\u00e9n as hipotecas\u201d. Polo tanto, para o respons\u00e1bel sindical atop\u00e1monos \u201cna peor das situaci\u00f3ns, porque nun momento especialmente grave pola carest\u00eda da vida vaise producir unha reduci\u00f3n dos nosos salarios\u201d.<\/p>\n\n\n\n<p>Ao mesmo tempo, os datos amosan que coa aplicaci\u00f3n da reforma laboral o n\u00famero de contratos indefinidos descendeu con respecto ao total dos contratos, mant\u00e9ndose m\u00e1is ou menos nos mesmos n\u00fameros que en 2021: preto de 70.000. \u201cO \u00fanico que sucedeu, que temos comprobado, \u00e9 que os contratos de obra e servizo que eran temporais e que pod\u00edan ter at\u00e9 tres anos de contrataci\u00f3n continuada pasan a transformarse en contratos fixos descontinuos\u201d. Por iso S\u00edo critica que \u201cese foi o gran &#8216;logro&#8217; da reforma laboral: vai haber moitas persoas traballadoras con contrato indefinido pero van estar longas tempadas da s\u00faa contrataci\u00f3n na casa e cobrando o desemprego, se o te\u00f1en, ou sen\u00f3n intentando ter dous empregos\u201d.<\/p>\n\n\n\n<p>Ademais, a taxa de desemprego sit\u00faase no 11,4%, cando a media europea \u00e9 do 6,8%, \u201cpolo que no Estado espa\u00f1ol no est\u00e1 a suceder nada que non suceda en pa\u00edses de Europa nos que o descenso do paro \u00e9 moito m\u00e1is acentuado; por moito que se congratule o Goberno espa\u00f1ol, somos o segundo pa\u00eds coa taxa de paro m\u00e1is alta despois de Grecia; estamos na cola e non deberiamos ser tan triunfalistas nunha situaci\u00f3n de tanta dificultade, mesmo para as persoas que te\u00f1en traballo; non se pode actuar como se estiv\u00e9semos na mellor das situaci\u00f3ns pos\u00edbeis, cando nos atopamos nunha situaci\u00f3n moi preocupante, como se pode ver todos os d\u00edas coa mobilizaci\u00f3n social, sobre todo pola negociaci\u00f3n colectiva, que hai nas empresas e na r\u00faa\u201d.<\/p>\n\n\n\n<p>De feito, segundo os datos de Facenda hai 400.000 persoas (o 40% da clase traballadora) que declaran como ingresos o SMI, \u201ccantidade que vai aumentar exponencialmente na situaci\u00f3n na que estamos\u201d. A xu\u00edzo de S\u00edo, todos estes factores van po\u00f1ernos nun contexto \u201cmoi grave e perigoso\u201d no que ten ver coa situaci\u00f3n econ\u00f3mica de moitas familias.<\/p>\n\n\n\n<p>Especialmente polo aumento da parcialidade, \u201cxa que estamos vendo que a pesar de que descende a contrataci\u00f3n temporal os contratos temporais a tempo parcial que se realizan son m\u00e1is do 36%, polo que as persoas traballadoras temporais van ter tam\u00e9n o seu salario parcializado nun momento tan complicado\u201d.<\/p>\n\n\n\n<p>En consecuencia, considera necesario revisar o concepto precariedade, xa que haber\u00eda que ter en conta os ingresos mensuais dunha persoa e non tanto a situaci\u00f3n da s\u00faa contrataci\u00f3n, \u201cque queda moi deturpada coa entrada do contrato fixo descontinuo\u201d.<\/p>\n","protected":false},"excerpt":{"rendered":"<div class=\"mh-excerpt\"><p>O paro volve descender no noso pa\u00eds por debaixo da media estatal e ligado maioritariamente ao sector servizos <a class=\"mh-excerpt-more\" href=\"https:\/\/www.anovapeneira.gal\/index.php\/2022\/06\/09\/o-60-dos-contratos-indefinidos-asinados-en-galiza-en-maio-foron-fixos-descontinuos-ou-a-tempo-parcial\/\" title=\"O 60% dos contratos indefinidos asinados en Galiza en maio foron fixos descontinuos ou a tempo parcial\">[&#8230;]<\/a><\/p>\n<\/div>","protected":false},"author":3,"featured_media":632,"comment_status":"open","ping_status":"open","sticky":false,"template":"","format":"standard","meta":{"_exactmetrics_skip_tracking":false,"_exactmetrics_sitenote_active":false,"_exactmetrics_sitenote_note":"","_exactmetrics_sitenote_category":0,"footnotes":""},"categories":[263],"tags":[88],"class_list":{"0":"post-7590","1":"post","2":"type-post","3":"status-publish","4":"format-standard","5":"has-post-thumbnail","7":"category-novas","8":"tag-cig"},"yoast_head":"<!-- This site is optimized with the Yoast SEO plugin v27.4 - https:\/\/yoast.com\/product\/yoast-seo-wordpress\/ -->\n<title>O 60% dos contratos indefinidos asinados en Galiza en maio foron fixos descontinuos ou a tempo parcial -<\/title>\n<meta name=\"description\" content=\"O paro volve descender no noso pa\u00eds por debaixo da media estatal e ligado maioritariamente ao sector servizos\" \/>\n<meta name=\"robots\" content=\"index, follow, max-snippet:-1, max-image-preview:large, max-video-preview:-1\" \/>\n<link rel=\"canonical\" href=\"https:\/\/www.anovapeneira.gal\/index.php\/2022\/06\/09\/o-60-dos-contratos-indefinidos-asinados-en-galiza-en-maio-foron-fixos-descontinuos-ou-a-tempo-parcial\/\" \/>\n<meta property=\"og:locale\" content=\"gl_ES\" \/>\n<meta property=\"og:type\" content=\"article\" \/>\n<meta property=\"og:title\" content=\"O 60% dos contratos indefinidos asinados en Galiza en maio foron fixos descontinuos ou a tempo parcial -\" \/>\n<meta property=\"og:description\" content=\"O paro volve descender no noso pa\u00eds por debaixo da media estatal e ligado maioritariamente ao sector servizos\" \/>\n<meta property=\"og:url\" content=\"https:\/\/www.anovapeneira.gal\/index.php\/2022\/06\/09\/o-60-dos-contratos-indefinidos-asinados-en-galiza-en-maio-foron-fixos-descontinuos-ou-a-tempo-parcial\/\" \/>\n<meta property=\"article:publisher\" content=\"https:\/\/www.facebook.com\/anovapeneira\" \/>\n<meta property=\"article:published_time\" content=\"2022-06-09T08:00:20+00:00\" \/>\n<meta property=\"og:image\" content=\"https:\/\/www.anovapeneira.gal\/wp-content\/uploads\/2019\/07\/CIG_a_nova_peneira.png\" \/>\n\t<meta property=\"og:image:width\" content=\"720\" \/>\n\t<meta property=\"og:image:height\" content=\"473\" \/>\n\t<meta property=\"og:image:type\" content=\"image\/png\" \/>\n<meta name=\"author\" content=\"Redacci\u00f3n A Nova Peneira\" \/>\n<meta name=\"twitter:card\" content=\"summary_large_image\" \/>\n<meta name=\"twitter:creator\" content=\"@APeneira\" \/>\n<meta name=\"twitter:site\" content=\"@APeneira\" \/>\n<meta name=\"twitter:label1\" content=\"Escrito por\" \/>\n\t<meta name=\"twitter:data1\" content=\"Redacci\u00f3n A Nova Peneira\" \/>\n\t<meta name=\"twitter:label2\" content=\"Tempo de lectura\" \/>\n\t<meta name=\"twitter:data2\" content=\"4 minutos\" \/>\n<script type=\"application\/ld+json\" class=\"yoast-schema-graph\">{\"@context\":\"https:\\\/\\\/schema.org\",\"@graph\":[{\"@type\":\"Article\",\"@id\":\"https:\\\/\\\/www.anovapeneira.gal\\\/index.php\\\/2022\\\/06\\\/09\\\/o-60-dos-contratos-indefinidos-asinados-en-galiza-en-maio-foron-fixos-descontinuos-ou-a-tempo-parcial\\\/#article\",\"isPartOf\":{\"@id\":\"https:\\\/\\\/www.anovapeneira.gal\\\/index.php\\\/2022\\\/06\\\/09\\\/o-60-dos-contratos-indefinidos-asinados-en-galiza-en-maio-foron-fixos-descontinuos-ou-a-tempo-parcial\\\/\"},\"author\":{\"name\":\"Redacci\u00f3n A Nova Peneira\",\"@id\":\"https:\\\/\\\/www.anovapeneira.gal\\\/#\\\/schema\\\/person\\\/b93e3f8932e3f8da96334607eb6ac6aa\"},\"headline\":\"O 60% dos contratos indefinidos asinados en Galiza en maio foron fixos descontinuos ou a tempo parcial\",\"datePublished\":\"2022-06-09T08:00:20+00:00\",\"mainEntityOfPage\":{\"@id\":\"https:\\\/\\\/www.anovapeneira.gal\\\/index.php\\\/2022\\\/06\\\/09\\\/o-60-dos-contratos-indefinidos-asinados-en-galiza-en-maio-foron-fixos-descontinuos-ou-a-tempo-parcial\\\/\"},\"wordCount\":713,\"commentCount\":0,\"publisher\":{\"@id\":\"https:\\\/\\\/www.anovapeneira.gal\\\/#organization\"},\"image\":{\"@id\":\"https:\\\/\\\/www.anovapeneira.gal\\\/index.php\\\/2022\\\/06\\\/09\\\/o-60-dos-contratos-indefinidos-asinados-en-galiza-en-maio-foron-fixos-descontinuos-ou-a-tempo-parcial\\\/#primaryimage\"},\"thumbnailUrl\":\"https:\\\/\\\/www.anovapeneira.gal\\\/wp-content\\\/uploads\\\/2019\\\/07\\\/CIG_a_nova_peneira.png\",\"keywords\":[\"CIG\"],\"articleSection\":[\"Novas\"],\"inLanguage\":\"gl-ES\",\"potentialAction\":[{\"@type\":\"CommentAction\",\"name\":\"Comment\",\"target\":[\"https:\\\/\\\/www.anovapeneira.gal\\\/index.php\\\/2022\\\/06\\\/09\\\/o-60-dos-contratos-indefinidos-asinados-en-galiza-en-maio-foron-fixos-descontinuos-ou-a-tempo-parcial\\\/#respond\"]}]},{\"@type\":\"WebPage\",\"@id\":\"https:\\\/\\\/www.anovapeneira.gal\\\/index.php\\\/2022\\\/06\\\/09\\\/o-60-dos-contratos-indefinidos-asinados-en-galiza-en-maio-foron-fixos-descontinuos-ou-a-tempo-parcial\\\/\",\"url\":\"https:\\\/\\\/www.anovapeneira.gal\\\/index.php\\\/2022\\\/06\\\/09\\\/o-60-dos-contratos-indefinidos-asinados-en-galiza-en-maio-foron-fixos-descontinuos-ou-a-tempo-parcial\\\/\",\"name\":\"O 60% dos contratos indefinidos asinados en Galiza en maio foron fixos descontinuos ou a tempo parcial -\",\"isPartOf\":{\"@id\":\"https:\\\/\\\/www.anovapeneira.gal\\\/#website\"},\"primaryImageOfPage\":{\"@id\":\"https:\\\/\\\/www.anovapeneira.gal\\\/index.php\\\/2022\\\/06\\\/09\\\/o-60-dos-contratos-indefinidos-asinados-en-galiza-en-maio-foron-fixos-descontinuos-ou-a-tempo-parcial\\\/#primaryimage\"},\"image\":{\"@id\":\"https:\\\/\\\/www.anovapeneira.gal\\\/index.php\\\/2022\\\/06\\\/09\\\/o-60-dos-contratos-indefinidos-asinados-en-galiza-en-maio-foron-fixos-descontinuos-ou-a-tempo-parcial\\\/#primaryimage\"},\"thumbnailUrl\":\"https:\\\/\\\/www.anovapeneira.gal\\\/wp-content\\\/uploads\\\/2019\\\/07\\\/CIG_a_nova_peneira.png\",\"datePublished\":\"2022-06-09T08:00:20+00:00\",\"description\":\"O paro volve descender no noso pa\u00eds por debaixo da media estatal e ligado maioritariamente ao sector servizos\",\"breadcrumb\":{\"@id\":\"https:\\\/\\\/www.anovapeneira.gal\\\/index.php\\\/2022\\\/06\\\/09\\\/o-60-dos-contratos-indefinidos-asinados-en-galiza-en-maio-foron-fixos-descontinuos-ou-a-tempo-parcial\\\/#breadcrumb\"},\"inLanguage\":\"gl-ES\",\"potentialAction\":[{\"@type\":\"ReadAction\",\"target\":[\"https:\\\/\\\/www.anovapeneira.gal\\\/index.php\\\/2022\\\/06\\\/09\\\/o-60-dos-contratos-indefinidos-asinados-en-galiza-en-maio-foron-fixos-descontinuos-ou-a-tempo-parcial\\\/\"]}]},{\"@type\":\"ImageObject\",\"inLanguage\":\"gl-ES\",\"@id\":\"https:\\\/\\\/www.anovapeneira.gal\\\/index.php\\\/2022\\\/06\\\/09\\\/o-60-dos-contratos-indefinidos-asinados-en-galiza-en-maio-foron-fixos-descontinuos-ou-a-tempo-parcial\\\/#primaryimage\",\"url\":\"https:\\\/\\\/www.anovapeneira.gal\\\/wp-content\\\/uploads\\\/2019\\\/07\\\/CIG_a_nova_peneira.png\",\"contentUrl\":\"https:\\\/\\\/www.anovapeneira.gal\\\/wp-content\\\/uploads\\\/2019\\\/07\\\/CIG_a_nova_peneira.png\",\"width\":720,\"height\":473,\"caption\":\"Confederaci\u00f3n Intersindical Galega A Nova Peneira\"},{\"@type\":\"BreadcrumbList\",\"@id\":\"https:\\\/\\\/www.anovapeneira.gal\\\/index.php\\\/2022\\\/06\\\/09\\\/o-60-dos-contratos-indefinidos-asinados-en-galiza-en-maio-foron-fixos-descontinuos-ou-a-tempo-parcial\\\/#breadcrumb\",\"itemListElement\":[{\"@type\":\"ListItem\",\"position\":1,\"name\":\"Portada\",\"item\":\"https:\\\/\\\/www.anovapeneira.gal\\\/\"},{\"@type\":\"ListItem\",\"position\":2,\"name\":\"O 60% dos contratos indefinidos asinados en Galiza en maio foron fixos descontinuos ou a tempo parcial\"}]},{\"@type\":\"WebSite\",\"@id\":\"https:\\\/\\\/www.anovapeneira.gal\\\/#website\",\"url\":\"https:\\\/\\\/www.anovapeneira.gal\\\/\",\"name\":\"\",\"description\":\"Xornal galego de informaci\u00f3n xeral Publicaci\u00f3n mensual de novas de Galicia e en especial dos Concellos da sur da provincia de Pontevedra.\",\"publisher\":{\"@id\":\"https:\\\/\\\/www.anovapeneira.gal\\\/#organization\"},\"potentialAction\":[{\"@type\":\"SearchAction\",\"target\":{\"@type\":\"EntryPoint\",\"urlTemplate\":\"https:\\\/\\\/www.anovapeneira.gal\\\/?s={search_term_string}\"},\"query-input\":{\"@type\":\"PropertyValueSpecification\",\"valueRequired\":true,\"valueName\":\"search_term_string\"}}],\"inLanguage\":\"gl-ES\"},{\"@type\":\"Organization\",\"@id\":\"https:\\\/\\\/www.anovapeneira.gal\\\/#organization\",\"name\":\"A Nova Peneira\",\"url\":\"https:\\\/\\\/www.anovapeneira.gal\\\/\",\"logo\":{\"@type\":\"ImageObject\",\"inLanguage\":\"gl-ES\",\"@id\":\"https:\\\/\\\/www.anovapeneira.gal\\\/#\\\/schema\\\/logo\\\/image\\\/\",\"url\":\"http:\\\/\\\/www.anovapeneira.gal\\\/wp-content\\\/uploads\\\/2019\\\/06\\\/logo_a_nova_peneira_portal_web.png\",\"contentUrl\":\"http:\\\/\\\/www.anovapeneira.gal\\\/wp-content\\\/uploads\\\/2019\\\/06\\\/logo_a_nova_peneira_portal_web.png\",\"width\":300,\"height\":100,\"caption\":\"A Nova Peneira\"},\"image\":{\"@id\":\"https:\\\/\\\/www.anovapeneira.gal\\\/#\\\/schema\\\/logo\\\/image\\\/\"},\"sameAs\":[\"https:\\\/\\\/www.facebook.com\\\/anovapeneira\",\"https:\\\/\\\/x.com\\\/APeneira\"]},{\"@type\":\"Person\",\"@id\":\"https:\\\/\\\/www.anovapeneira.gal\\\/#\\\/schema\\\/person\\\/b93e3f8932e3f8da96334607eb6ac6aa\",\"name\":\"Redacci\u00f3n A Nova Peneira\",\"image\":{\"@type\":\"ImageObject\",\"inLanguage\":\"gl-ES\",\"@id\":\"https:\\\/\\\/secure.gravatar.com\\\/avatar\\\/c052a2551a06e23fac63626232eaa90abd78dbcf1700fc46a2b2c89fd27b735f?s=96&d=mm&r=g\",\"url\":\"https:\\\/\\\/secure.gravatar.com\\\/avatar\\\/c052a2551a06e23fac63626232eaa90abd78dbcf1700fc46a2b2c89fd27b735f?s=96&d=mm&r=g\",\"contentUrl\":\"https:\\\/\\\/secure.gravatar.com\\\/avatar\\\/c052a2551a06e23fac63626232eaa90abd78dbcf1700fc46a2b2c89fd27b735f?s=96&d=mm&r=g\",\"caption\":\"Redacci\u00f3n A Nova Peneira\"},\"sameAs\":[\"http:\\\/\\\/www.anovapeneira.gal\\\/\"],\"url\":\"https:\\\/\\\/www.anovapeneira.gal\\\/index.php\\\/author\\\/redactor\\\/\"}]}<\/script>\n<!-- \/ Yoast SEO plugin. -->","yoast_head_json":{"title":"O 60% dos contratos indefinidos asinados en Galiza en maio foron fixos descontinuos ou a tempo parcial -","description":"O paro volve descender no noso pa\u00eds por debaixo da media estatal e ligado maioritariamente ao sector servizos","robots":{"index":"index","follow":"follow","max-snippet":"max-snippet:-1","max-image-preview":"max-image-preview:large","max-video-preview":"max-video-preview:-1"},"canonical":"https:\/\/www.anovapeneira.gal\/index.php\/2022\/06\/09\/o-60-dos-contratos-indefinidos-asinados-en-galiza-en-maio-foron-fixos-descontinuos-ou-a-tempo-parcial\/","og_locale":"gl_ES","og_type":"article","og_title":"O 60% dos contratos indefinidos asinados en Galiza en maio foron fixos descontinuos ou a tempo parcial -","og_description":"O paro volve descender no noso pa\u00eds por debaixo da media estatal e ligado maioritariamente ao sector servizos","og_url":"https:\/\/www.anovapeneira.gal\/index.php\/2022\/06\/09\/o-60-dos-contratos-indefinidos-asinados-en-galiza-en-maio-foron-fixos-descontinuos-ou-a-tempo-parcial\/","article_publisher":"https:\/\/www.facebook.com\/anovapeneira","article_published_time":"2022-06-09T08:00:20+00:00","og_image":[{"width":720,"height":473,"url":"https:\/\/www.anovapeneira.gal\/wp-content\/uploads\/2019\/07\/CIG_a_nova_peneira.png","type":"image\/png"}],"author":"Redacci\u00f3n A Nova Peneira","twitter_card":"summary_large_image","twitter_creator":"@APeneira","twitter_site":"@APeneira","twitter_misc":{"Escrito por":"Redacci\u00f3n A Nova Peneira","Tempo de lectura":"4 minutos"},"schema":{"@context":"https:\/\/schema.org","@graph":[{"@type":"Article","@id":"https:\/\/www.anovapeneira.gal\/index.php\/2022\/06\/09\/o-60-dos-contratos-indefinidos-asinados-en-galiza-en-maio-foron-fixos-descontinuos-ou-a-tempo-parcial\/#article","isPartOf":{"@id":"https:\/\/www.anovapeneira.gal\/index.php\/2022\/06\/09\/o-60-dos-contratos-indefinidos-asinados-en-galiza-en-maio-foron-fixos-descontinuos-ou-a-tempo-parcial\/"},"author":{"name":"Redacci\u00f3n A Nova Peneira","@id":"https:\/\/www.anovapeneira.gal\/#\/schema\/person\/b93e3f8932e3f8da96334607eb6ac6aa"},"headline":"O 60% dos contratos indefinidos asinados en Galiza en maio foron fixos descontinuos ou a tempo parcial","datePublished":"2022-06-09T08:00:20+00:00","mainEntityOfPage":{"@id":"https:\/\/www.anovapeneira.gal\/index.php\/2022\/06\/09\/o-60-dos-contratos-indefinidos-asinados-en-galiza-en-maio-foron-fixos-descontinuos-ou-a-tempo-parcial\/"},"wordCount":713,"commentCount":0,"publisher":{"@id":"https:\/\/www.anovapeneira.gal\/#organization"},"image":{"@id":"https:\/\/www.anovapeneira.gal\/index.php\/2022\/06\/09\/o-60-dos-contratos-indefinidos-asinados-en-galiza-en-maio-foron-fixos-descontinuos-ou-a-tempo-parcial\/#primaryimage"},"thumbnailUrl":"https:\/\/www.anovapeneira.gal\/wp-content\/uploads\/2019\/07\/CIG_a_nova_peneira.png","keywords":["CIG"],"articleSection":["Novas"],"inLanguage":"gl-ES","potentialAction":[{"@type":"CommentAction","name":"Comment","target":["https:\/\/www.anovapeneira.gal\/index.php\/2022\/06\/09\/o-60-dos-contratos-indefinidos-asinados-en-galiza-en-maio-foron-fixos-descontinuos-ou-a-tempo-parcial\/#respond"]}]},{"@type":"WebPage","@id":"https:\/\/www.anovapeneira.gal\/index.php\/2022\/06\/09\/o-60-dos-contratos-indefinidos-asinados-en-galiza-en-maio-foron-fixos-descontinuos-ou-a-tempo-parcial\/","url":"https:\/\/www.anovapeneira.gal\/index.php\/2022\/06\/09\/o-60-dos-contratos-indefinidos-asinados-en-galiza-en-maio-foron-fixos-descontinuos-ou-a-tempo-parcial\/","name":"O 60% dos contratos indefinidos asinados en Galiza en maio foron fixos descontinuos ou a tempo parcial -","isPartOf":{"@id":"https:\/\/www.anovapeneira.gal\/#website"},"primaryImageOfPage":{"@id":"https:\/\/www.anovapeneira.gal\/index.php\/2022\/06\/09\/o-60-dos-contratos-indefinidos-asinados-en-galiza-en-maio-foron-fixos-descontinuos-ou-a-tempo-parcial\/#primaryimage"},"image":{"@id":"https:\/\/www.anovapeneira.gal\/index.php\/2022\/06\/09\/o-60-dos-contratos-indefinidos-asinados-en-galiza-en-maio-foron-fixos-descontinuos-ou-a-tempo-parcial\/#primaryimage"},"thumbnailUrl":"https:\/\/www.anovapeneira.gal\/wp-content\/uploads\/2019\/07\/CIG_a_nova_peneira.png","datePublished":"2022-06-09T08:00:20+00:00","description":"O paro volve descender no noso pa\u00eds por debaixo da media estatal e ligado maioritariamente ao sector servizos","breadcrumb":{"@id":"https:\/\/www.anovapeneira.gal\/index.php\/2022\/06\/09\/o-60-dos-contratos-indefinidos-asinados-en-galiza-en-maio-foron-fixos-descontinuos-ou-a-tempo-parcial\/#breadcrumb"},"inLanguage":"gl-ES","potentialAction":[{"@type":"ReadAction","target":["https:\/\/www.anovapeneira.gal\/index.php\/2022\/06\/09\/o-60-dos-contratos-indefinidos-asinados-en-galiza-en-maio-foron-fixos-descontinuos-ou-a-tempo-parcial\/"]}]},{"@type":"ImageObject","inLanguage":"gl-ES","@id":"https:\/\/www.anovapeneira.gal\/index.php\/2022\/06\/09\/o-60-dos-contratos-indefinidos-asinados-en-galiza-en-maio-foron-fixos-descontinuos-ou-a-tempo-parcial\/#primaryimage","url":"https:\/\/www.anovapeneira.gal\/wp-content\/uploads\/2019\/07\/CIG_a_nova_peneira.png","contentUrl":"https:\/\/www.anovapeneira.gal\/wp-content\/uploads\/2019\/07\/CIG_a_nova_peneira.png","width":720,"height":473,"caption":"Confederaci\u00f3n Intersindical Galega A Nova Peneira"},{"@type":"BreadcrumbList","@id":"https:\/\/www.anovapeneira.gal\/index.php\/2022\/06\/09\/o-60-dos-contratos-indefinidos-asinados-en-galiza-en-maio-foron-fixos-descontinuos-ou-a-tempo-parcial\/#breadcrumb","itemListElement":[{"@type":"ListItem","position":1,"name":"Portada","item":"https:\/\/www.anovapeneira.gal\/"},{"@type":"ListItem","position":2,"name":"O 60% dos contratos indefinidos asinados en Galiza en maio foron fixos descontinuos ou a tempo parcial"}]},{"@type":"WebSite","@id":"https:\/\/www.anovapeneira.gal\/#website","url":"https:\/\/www.anovapeneira.gal\/","name":"","description":"Xornal galego de informaci\u00f3n xeral Publicaci\u00f3n mensual de novas de Galicia e en especial dos Concellos da sur da provincia de Pontevedra.","publisher":{"@id":"https:\/\/www.anovapeneira.gal\/#organization"},"potentialAction":[{"@type":"SearchAction","target":{"@type":"EntryPoint","urlTemplate":"https:\/\/www.anovapeneira.gal\/?s={search_term_string}"},"query-input":{"@type":"PropertyValueSpecification","valueRequired":true,"valueName":"search_term_string"}}],"inLanguage":"gl-ES"},{"@type":"Organization","@id":"https:\/\/www.anovapeneira.gal\/#organization","name":"A Nova Peneira","url":"https:\/\/www.anovapeneira.gal\/","logo":{"@type":"ImageObject","inLanguage":"gl-ES","@id":"https:\/\/www.anovapeneira.gal\/#\/schema\/logo\/image\/","url":"http:\/\/www.anovapeneira.gal\/wp-content\/uploads\/2019\/06\/logo_a_nova_peneira_portal_web.png","contentUrl":"http:\/\/www.anovapeneira.gal\/wp-content\/uploads\/2019\/06\/logo_a_nova_peneira_portal_web.png","width":300,"height":100,"caption":"A Nova Peneira"},"image":{"@id":"https:\/\/www.anovapeneira.gal\/#\/schema\/logo\/image\/"},"sameAs":["https:\/\/www.facebook.com\/anovapeneira","https:\/\/x.com\/APeneira"]},{"@type":"Person","@id":"https:\/\/www.anovapeneira.gal\/#\/schema\/person\/b93e3f8932e3f8da96334607eb6ac6aa","name":"Redacci\u00f3n A Nova Peneira","image":{"@type":"ImageObject","inLanguage":"gl-ES","@id":"https:\/\/secure.gravatar.com\/avatar\/c052a2551a06e23fac63626232eaa90abd78dbcf1700fc46a2b2c89fd27b735f?s=96&d=mm&r=g","url":"https:\/\/secure.gravatar.com\/avatar\/c052a2551a06e23fac63626232eaa90abd78dbcf1700fc46a2b2c89fd27b735f?s=96&d=mm&r=g","contentUrl":"https:\/\/secure.gravatar.com\/avatar\/c052a2551a06e23fac63626232eaa90abd78dbcf1700fc46a2b2c89fd27b735f?s=96&d=mm&r=g","caption":"Redacci\u00f3n A Nova Peneira"},"sameAs":["http:\/\/www.anovapeneira.gal\/"],"url":"https:\/\/www.anovapeneira.gal\/index.php\/author\/redactor\/"}]}},"jetpack_featured_media_url":"https:\/\/www.anovapeneira.gal\/wp-content\/uploads\/2019\/07\/CIG_a_nova_peneira.png","_links":{"self":[{"href":"https:\/\/www.anovapeneira.gal\/index.php\/wp-json\/wp\/v2\/posts\/7590","targetHints":{"allow":["GET"]}}],"collection":[{"href":"https:\/\/www.anovapeneira.gal\/index.php\/wp-json\/wp\/v2\/posts"}],"about":[{"href":"https:\/\/www.anovapeneira.gal\/index.php\/wp-json\/wp\/v2\/types\/post"}],"author":[{"embeddable":true,"href":"https:\/\/www.anovapeneira.gal\/index.php\/wp-json\/wp\/v2\/users\/3"}],"replies":[{"embeddable":true,"href":"https:\/\/www.anovapeneira.gal\/index.php\/wp-json\/wp\/v2\/comments?post=7590"}],"version-history":[{"count":1,"href":"https:\/\/www.anovapeneira.gal\/index.php\/wp-json\/wp\/v2\/posts\/7590\/revisions"}],"predecessor-version":[{"id":7591,"href":"https:\/\/www.anovapeneira.gal\/index.php\/wp-json\/wp\/v2\/posts\/7590\/revisions\/7591"}],"wp:featuredmedia":[{"embeddable":true,"href":"https:\/\/www.anovapeneira.gal\/index.php\/wp-json\/wp\/v2\/media\/632"}],"wp:attachment":[{"href":"https:\/\/www.anovapeneira.gal\/index.php\/wp-json\/wp\/v2\/media?parent=7590"}],"wp:term":[{"taxonomy":"category","embeddable":true,"href":"https:\/\/www.anovapeneira.gal\/index.php\/wp-json\/wp\/v2\/categories?post=7590"},{"taxonomy":"post_tag","embeddable":true,"href":"https:\/\/www.anovapeneira.gal\/index.php\/wp-json\/wp\/v2\/tags?post=7590"}],"curies":[{"name":"wp","href":"https:\/\/api.w.org\/{rel}","templated":true}]}}