{"id":7599,"date":"2022-06-10T10:00:21","date_gmt":"2022-06-10T08:00:21","guid":{"rendered":"https:\/\/www.anovapeneira.gal\/?p=7599"},"modified":"2022-06-06T22:50:15","modified_gmt":"2022-06-06T20:50:15","slug":"bng-e-cig-defenden-garantir-plenamente-os-dereitos-das-persoas-usuarias-da-banca","status":"publish","type":"post","link":"https:\/\/www.anovapeneira.gal\/index.php\/2022\/06\/10\/bng-e-cig-defenden-garantir-plenamente-os-dereitos-das-persoas-usuarias-da-banca\/","title":{"rendered":"BNG e CIG defenden garantir plenamente os dereitos das persoas usuarias da banca"},"content":{"rendered":"\n<h2 class=\"wp-block-heading\"><strong>N\u00e9stor Rego lamenta a oportunidade perdida que sup\u00f3n o Anteproxeto de Lei de Creaci\u00f3n da Autoridade Administrativa Independente de Defensa do Cliente Financeiro por non avanzar nos dereitos das e dos usuarios<\/strong><\/h2>\n\n\n\n<h2 class=\"wp-block-heading\"><strong>CIG e BNG alertan da invasi\u00f3n de competencias exclusivas, como \u00e9 a defensa das e dos consumidores, que supor\u00e1 esta Lei promovida polo Goberno do Estado<\/strong><\/h2>\n\n\n\n<p><strong>Madrid, 2 de xu\u00f1o de 2022<\/strong>.<\/p>\n\n\n\n<p>O deputado do BNG no Congreso, N\u00e9stor Rego, e o deputado no Parlamento de Galiza, Ram\u00f3n Fern\u00e1ndez, mante\u00f1en unha reuni\u00f3n con representantes da CIG-Banca, Rosa Conde como respons\u00e1bel nacional, Clodomiro Montero da CiG-Abanca e Miguel Fern\u00e1ndez da CIG-BBVA. Durante a reuni\u00f3n abordaron o anteproxecto de Lei de creaci\u00f3n dunha autoridade administrativa independente de defensa do cliente financeiro, que sup\u00f3n unha oportunidade perdida de avanzar na protecci\u00f3n e no reco\u00f1ecemento de dereitos das persoas usuarias. As\u00ed mesmo, alertan da invasi\u00f3n de competencias que realiza o executivo central, posto que \u00e9 a Xunta \u00e1 que lle corresponde as materias referidas \u00e1 defensa de consumidores e usuarios. Reclaman a regulaci\u00f3n do sector as\u00ed como a creaci\u00f3n dunha banca p\u00fablica para garantir un servizo de calidade.<\/p>\n\n\n\n<p>Ambas organizaci\u00f3ns, CIG e BNG, coincidiron durante a xuntanza que este anteproxecto \u00e9 unha oportunidade perdida en avanzar realmente e garantir un servizo de calidade. Para o deputado do BNG no Congreso, tr\u00e1tase mais unha vez, dunha invasi\u00f3n das competencias auton\u00f3micas pois a materia de defensa de consumidores e usuarios \u00e9 competencia da Xunta de Galiza.<\/p>\n\n\n\n<p>\u201cNa anterior crise bancaria, a mobilizaci\u00f3n social polo esc\u00e1ndalo das preferentes logrou que se puxese en marcha un sistema de arbitraxe promovido pola Xunta de Galiza no exercicio das s\u00faas competencias propias, mais agora con esta nova \u201cautoridade de defensa da clientela\u201d ese sistema de arbitraxe ou conciliaci\u00f3n centralizar\u00edase en Madrid, roubando capacidade de actuaci\u00f3n e afastando o lugar de decisi\u00f3n, en prexu\u00edzo das persoas usuarias\u201d lembra N\u00e9stor Rego. De facto, naquel conflito tanto o Banco de Espa\u00f1a como a Comisi\u00f3n Nacional do Mercado e Valores tiveron responsabilidade, pois deron orde ou autorizaron a venda de preferentes. Agora, estes entes formar\u00edan parte da autoridade, e de terse que investigar agora ese proceso, ser\u00edan xu\u00edz e parte, ter\u00edan que tomar decisi\u00f3ns contra os seus propios actos.<\/p>\n\n\n\n<p>Ao longo de todo o anteproxecto f\u00e1lase da autorregulaci\u00f3n dos bancos mais a organizaci\u00f3ns nacionalistas entenden que o Goberno non pode dar por bo o que os poderes financeiros entenden que \u00e9 m\u00e1is vantaxoso, o executivo debe apostar por unha regulaci\u00f3n do sector que de cumprimento \u00e1 normativa europea e garanta os dereitos das persoas consumidoras e usuarias da banca. De non facelo, \u201ccontinuar\u00e1 habendo restrici\u00f3n de servizos, peche de oficinas, un incremento das comisi\u00f3ns por prestar un peor servizo e o fomento da dixitalizaci\u00f3n en detrimento da atenci\u00f3n presencial sen que os bancos asuman ningunha responsabilidade\u201d.<\/p>\n\n\n\n<p>As\u00ed mesmo, Rego destacou que no caso da Galiza, a dispersi\u00f3n poboacional ou o envellecemento da poboaci\u00f3n son factores que deber\u00edan terse en conta para manter a atenci\u00f3n presencial \u201c\u00c9 fundamental garantir este dereito b\u00e1sico e non validar o modelo actual que non fai m\u00e1is que pechar oficinas bancarias no rural galego ou reducir os horarios de atenci\u00f3n, m\u00e1is, despois de que rescatasen os bancos con di\u00f1eiro p\u00fablico\u201d subli\u00f1a Rego. Por \u00faltimo, a organizaci\u00f3n nacionalista tam\u00e9n critica que se defenda como un avance do anteproxecto o dereito \u00e1 atenci\u00f3n telef\u00f3nica das persoas usuarias de Banca, cuesti\u00f3n que utilizan as entidades financeiras s\u00f3 para a televenta, o que debe garantir a lei \u00e9 a atenci\u00f3n presencial en oficinas pr\u00f3ximas \u00e1 persoa consumidora.<\/p>\n\n\n\n<p>O Goberno, non debe dar por boa esa \u201cautoregulaci\u00f3n\u201d, debe asegurar que as entidades cumpran coa lei, como por exemplo coa Directiva sobre comercializaci\u00f3n de produtos financeiros complexos que estabelece que as entidades non poden estabelecer a regulaci\u00f3n de redementos do traballo asociado \u00e1 venda de produtos complexos\u201d reivindica Rego, \u201cou a Directiva sobre Contas B\u00e1sicas sen Comisi\u00f3n, que tampouco cumpren\u201d pero o Misterio non est\u00e1 actuando neste \u00e1mbito.<\/p>\n\n\n\n<p><strong>Unha banca p\u00fablica para garantir un servizo de calidade<\/strong><\/p>\n\n\n\n<p>Tal e como ven defendendo a organizaci\u00f3n nacionalista, \u201c\u00e9 necesario contar cunha Banca p\u00fablica Galega que sirva para financiar, propo\u00f1er e acompa\u00f1ar os proxectos das entidades p\u00fablicas locais, colectivos emprendedores e PEMES e dar unha sa\u00edda m\u00e1is xusta \u00e1 crise econ\u00f3mica\u201d. O BNG defende tam\u00e9n a creaci\u00f3n dunha Banca P\u00fablica Galega que garanta que o aforro dos galegos e galegas se traduza en investimentos no propio Pa\u00eds. Unha Banca p\u00fablica que ofreza servizos pr\u00f3ximos e de calidade, e que pense en facilitar oportunidades, en promover un verdadeiro servizo que hoxe \u00e9 esencial, non na conta de resultados.<\/p>\n","protected":false},"excerpt":{"rendered":"<div class=\"mh-excerpt\"><p>N\u00e9stor Rego lamenta a oportunidade perdida que sup\u00f3n o Anteproxeto de Lei de Creaci\u00f3n da Autoridade Administrativa Independente de Defensa do Cliente Financeiro por non avanzar nos dereitos das e dos usuarios <a class=\"mh-excerpt-more\" href=\"https:\/\/www.anovapeneira.gal\/index.php\/2022\/06\/10\/bng-e-cig-defenden-garantir-plenamente-os-dereitos-das-persoas-usuarias-da-banca\/\" title=\"BNG e CIG defenden garantir plenamente os dereitos das persoas usuarias da banca\">[&#8230;]<\/a><\/p>\n<\/div>","protected":false},"author":3,"featured_media":7602,"comment_status":"open","ping_status":"open","sticky":false,"template":"","format":"standard","meta":{"_exactmetrics_skip_tracking":false,"_exactmetrics_sitenote_active":false,"_exactmetrics_sitenote_note":"","_exactmetrics_sitenote_category":0,"footnotes":""},"categories":[263],"tags":[631],"class_list":{"0":"post-7599","1":"post","2":"type-post","3":"status-publish","4":"format-standard","5":"has-post-thumbnail","7":"category-novas","8":"tag-nestor-rego"},"yoast_head":"<!-- This site is optimized with the Yoast SEO plugin v27.4 - https:\/\/yoast.com\/product\/yoast-seo-wordpress\/ -->\n<title>BNG e CIG defenden garantir plenamente os dereitos das persoas usuarias da banca -<\/title>\n<meta name=\"description\" content=\"N\u00e9stor Rego lamenta a oportunidade perdida que sup\u00f3n o Anteproxeto de Lei de Creaci\u00f3n da Autoridade Administrativa Independente de Defensa do Cliente Financeiro por non avanzar nos dereitos das e dos usuarios\" \/>\n<meta name=\"robots\" content=\"index, follow, max-snippet:-1, max-image-preview:large, max-video-preview:-1\" \/>\n<link rel=\"canonical\" href=\"https:\/\/www.anovapeneira.gal\/index.php\/2022\/06\/10\/bng-e-cig-defenden-garantir-plenamente-os-dereitos-das-persoas-usuarias-da-banca\/\" \/>\n<meta property=\"og:locale\" content=\"gl_ES\" \/>\n<meta property=\"og:type\" content=\"article\" \/>\n<meta property=\"og:title\" content=\"BNG e CIG defenden garantir plenamente os dereitos das persoas usuarias da banca -\" \/>\n<meta property=\"og:description\" content=\"N\u00e9stor Rego lamenta a oportunidade perdida que sup\u00f3n o Anteproxeto de Lei de Creaci\u00f3n da Autoridade Administrativa Independente de Defensa do Cliente Financeiro por non avanzar nos dereitos das e dos usuarios\" \/>\n<meta property=\"og:url\" content=\"https:\/\/www.anovapeneira.gal\/index.php\/2022\/06\/10\/bng-e-cig-defenden-garantir-plenamente-os-dereitos-das-persoas-usuarias-da-banca\/\" \/>\n<meta property=\"article:publisher\" content=\"https:\/\/www.facebook.com\/anovapeneira\" \/>\n<meta property=\"article:published_time\" content=\"2022-06-10T08:00:21+00:00\" \/>\n<meta property=\"og:image\" content=\"https:\/\/www.anovapeneira.gal\/wp-content\/uploads\/2022\/06\/bng_dereitos_banca.jpg\" \/>\n\t<meta property=\"og:image:width\" content=\"720\" \/>\n\t<meta property=\"og:image:height\" content=\"432\" \/>\n\t<meta property=\"og:image:type\" content=\"image\/jpeg\" \/>\n<meta name=\"author\" content=\"Redacci\u00f3n A Nova Peneira\" \/>\n<meta name=\"twitter:card\" content=\"summary_large_image\" \/>\n<meta name=\"twitter:creator\" content=\"@APeneira\" \/>\n<meta name=\"twitter:site\" content=\"@APeneira\" \/>\n<meta name=\"twitter:label1\" content=\"Escrito por\" \/>\n\t<meta name=\"twitter:data1\" content=\"Redacci\u00f3n A Nova Peneira\" \/>\n\t<meta name=\"twitter:label2\" content=\"Tempo de lectura\" \/>\n\t<meta name=\"twitter:data2\" content=\"5 minutos\" \/>\n<script type=\"application\/ld+json\" class=\"yoast-schema-graph\">{\"@context\":\"https:\\\/\\\/schema.org\",\"@graph\":[{\"@type\":\"Article\",\"@id\":\"https:\\\/\\\/www.anovapeneira.gal\\\/index.php\\\/2022\\\/06\\\/10\\\/bng-e-cig-defenden-garantir-plenamente-os-dereitos-das-persoas-usuarias-da-banca\\\/#article\",\"isPartOf\":{\"@id\":\"https:\\\/\\\/www.anovapeneira.gal\\\/index.php\\\/2022\\\/06\\\/10\\\/bng-e-cig-defenden-garantir-plenamente-os-dereitos-das-persoas-usuarias-da-banca\\\/\"},\"author\":{\"name\":\"Redacci\u00f3n A Nova Peneira\",\"@id\":\"https:\\\/\\\/www.anovapeneira.gal\\\/#\\\/schema\\\/person\\\/b93e3f8932e3f8da96334607eb6ac6aa\"},\"headline\":\"BNG e CIG defenden garantir plenamente os dereitos das persoas usuarias da banca\",\"datePublished\":\"2022-06-10T08:00:21+00:00\",\"mainEntityOfPage\":{\"@id\":\"https:\\\/\\\/www.anovapeneira.gal\\\/index.php\\\/2022\\\/06\\\/10\\\/bng-e-cig-defenden-garantir-plenamente-os-dereitos-das-persoas-usuarias-da-banca\\\/\"},\"wordCount\":843,\"commentCount\":0,\"publisher\":{\"@id\":\"https:\\\/\\\/www.anovapeneira.gal\\\/#organization\"},\"image\":{\"@id\":\"https:\\\/\\\/www.anovapeneira.gal\\\/index.php\\\/2022\\\/06\\\/10\\\/bng-e-cig-defenden-garantir-plenamente-os-dereitos-das-persoas-usuarias-da-banca\\\/#primaryimage\"},\"thumbnailUrl\":\"https:\\\/\\\/www.anovapeneira.gal\\\/wp-content\\\/uploads\\\/2022\\\/06\\\/bng_dereitos_banca.jpg\",\"keywords\":[\"N\u00e9stor Rego\"],\"articleSection\":[\"Novas\"],\"inLanguage\":\"gl-ES\",\"potentialAction\":[{\"@type\":\"CommentAction\",\"name\":\"Comment\",\"target\":[\"https:\\\/\\\/www.anovapeneira.gal\\\/index.php\\\/2022\\\/06\\\/10\\\/bng-e-cig-defenden-garantir-plenamente-os-dereitos-das-persoas-usuarias-da-banca\\\/#respond\"]}]},{\"@type\":\"WebPage\",\"@id\":\"https:\\\/\\\/www.anovapeneira.gal\\\/index.php\\\/2022\\\/06\\\/10\\\/bng-e-cig-defenden-garantir-plenamente-os-dereitos-das-persoas-usuarias-da-banca\\\/\",\"url\":\"https:\\\/\\\/www.anovapeneira.gal\\\/index.php\\\/2022\\\/06\\\/10\\\/bng-e-cig-defenden-garantir-plenamente-os-dereitos-das-persoas-usuarias-da-banca\\\/\",\"name\":\"BNG e CIG defenden garantir plenamente os dereitos das persoas usuarias da banca -\",\"isPartOf\":{\"@id\":\"https:\\\/\\\/www.anovapeneira.gal\\\/#website\"},\"primaryImageOfPage\":{\"@id\":\"https:\\\/\\\/www.anovapeneira.gal\\\/index.php\\\/2022\\\/06\\\/10\\\/bng-e-cig-defenden-garantir-plenamente-os-dereitos-das-persoas-usuarias-da-banca\\\/#primaryimage\"},\"image\":{\"@id\":\"https:\\\/\\\/www.anovapeneira.gal\\\/index.php\\\/2022\\\/06\\\/10\\\/bng-e-cig-defenden-garantir-plenamente-os-dereitos-das-persoas-usuarias-da-banca\\\/#primaryimage\"},\"thumbnailUrl\":\"https:\\\/\\\/www.anovapeneira.gal\\\/wp-content\\\/uploads\\\/2022\\\/06\\\/bng_dereitos_banca.jpg\",\"datePublished\":\"2022-06-10T08:00:21+00:00\",\"description\":\"N\u00e9stor Rego lamenta a oportunidade perdida que sup\u00f3n o Anteproxeto de Lei de Creaci\u00f3n da Autoridade Administrativa Independente de Defensa do Cliente Financeiro por non avanzar nos dereitos das e dos usuarios\",\"breadcrumb\":{\"@id\":\"https:\\\/\\\/www.anovapeneira.gal\\\/index.php\\\/2022\\\/06\\\/10\\\/bng-e-cig-defenden-garantir-plenamente-os-dereitos-das-persoas-usuarias-da-banca\\\/#breadcrumb\"},\"inLanguage\":\"gl-ES\",\"potentialAction\":[{\"@type\":\"ReadAction\",\"target\":[\"https:\\\/\\\/www.anovapeneira.gal\\\/index.php\\\/2022\\\/06\\\/10\\\/bng-e-cig-defenden-garantir-plenamente-os-dereitos-das-persoas-usuarias-da-banca\\\/\"]}]},{\"@type\":\"ImageObject\",\"inLanguage\":\"gl-ES\",\"@id\":\"https:\\\/\\\/www.anovapeneira.gal\\\/index.php\\\/2022\\\/06\\\/10\\\/bng-e-cig-defenden-garantir-plenamente-os-dereitos-das-persoas-usuarias-da-banca\\\/#primaryimage\",\"url\":\"https:\\\/\\\/www.anovapeneira.gal\\\/wp-content\\\/uploads\\\/2022\\\/06\\\/bng_dereitos_banca.jpg\",\"contentUrl\":\"https:\\\/\\\/www.anovapeneira.gal\\\/wp-content\\\/uploads\\\/2022\\\/06\\\/bng_dereitos_banca.jpg\",\"width\":720,\"height\":432,\"caption\":\"BNG e CIG defenden garantir plenamente os dereitos das persoas usuarias da banca\"},{\"@type\":\"BreadcrumbList\",\"@id\":\"https:\\\/\\\/www.anovapeneira.gal\\\/index.php\\\/2022\\\/06\\\/10\\\/bng-e-cig-defenden-garantir-plenamente-os-dereitos-das-persoas-usuarias-da-banca\\\/#breadcrumb\",\"itemListElement\":[{\"@type\":\"ListItem\",\"position\":1,\"name\":\"Portada\",\"item\":\"https:\\\/\\\/www.anovapeneira.gal\\\/\"},{\"@type\":\"ListItem\",\"position\":2,\"name\":\"BNG e CIG defenden garantir plenamente os dereitos das persoas usuarias da banca\"}]},{\"@type\":\"WebSite\",\"@id\":\"https:\\\/\\\/www.anovapeneira.gal\\\/#website\",\"url\":\"https:\\\/\\\/www.anovapeneira.gal\\\/\",\"name\":\"\",\"description\":\"Xornal galego de informaci\u00f3n xeral Publicaci\u00f3n mensual de novas de Galicia e en especial dos Concellos da sur da provincia de Pontevedra.\",\"publisher\":{\"@id\":\"https:\\\/\\\/www.anovapeneira.gal\\\/#organization\"},\"potentialAction\":[{\"@type\":\"SearchAction\",\"target\":{\"@type\":\"EntryPoint\",\"urlTemplate\":\"https:\\\/\\\/www.anovapeneira.gal\\\/?s={search_term_string}\"},\"query-input\":{\"@type\":\"PropertyValueSpecification\",\"valueRequired\":true,\"valueName\":\"search_term_string\"}}],\"inLanguage\":\"gl-ES\"},{\"@type\":\"Organization\",\"@id\":\"https:\\\/\\\/www.anovapeneira.gal\\\/#organization\",\"name\":\"A Nova Peneira\",\"url\":\"https:\\\/\\\/www.anovapeneira.gal\\\/\",\"logo\":{\"@type\":\"ImageObject\",\"inLanguage\":\"gl-ES\",\"@id\":\"https:\\\/\\\/www.anovapeneira.gal\\\/#\\\/schema\\\/logo\\\/image\\\/\",\"url\":\"http:\\\/\\\/www.anovapeneira.gal\\\/wp-content\\\/uploads\\\/2019\\\/06\\\/logo_a_nova_peneira_portal_web.png\",\"contentUrl\":\"http:\\\/\\\/www.anovapeneira.gal\\\/wp-content\\\/uploads\\\/2019\\\/06\\\/logo_a_nova_peneira_portal_web.png\",\"width\":300,\"height\":100,\"caption\":\"A Nova Peneira\"},\"image\":{\"@id\":\"https:\\\/\\\/www.anovapeneira.gal\\\/#\\\/schema\\\/logo\\\/image\\\/\"},\"sameAs\":[\"https:\\\/\\\/www.facebook.com\\\/anovapeneira\",\"https:\\\/\\\/x.com\\\/APeneira\"]},{\"@type\":\"Person\",\"@id\":\"https:\\\/\\\/www.anovapeneira.gal\\\/#\\\/schema\\\/person\\\/b93e3f8932e3f8da96334607eb6ac6aa\",\"name\":\"Redacci\u00f3n A Nova Peneira\",\"image\":{\"@type\":\"ImageObject\",\"inLanguage\":\"gl-ES\",\"@id\":\"https:\\\/\\\/secure.gravatar.com\\\/avatar\\\/c052a2551a06e23fac63626232eaa90abd78dbcf1700fc46a2b2c89fd27b735f?s=96&d=mm&r=g\",\"url\":\"https:\\\/\\\/secure.gravatar.com\\\/avatar\\\/c052a2551a06e23fac63626232eaa90abd78dbcf1700fc46a2b2c89fd27b735f?s=96&d=mm&r=g\",\"contentUrl\":\"https:\\\/\\\/secure.gravatar.com\\\/avatar\\\/c052a2551a06e23fac63626232eaa90abd78dbcf1700fc46a2b2c89fd27b735f?s=96&d=mm&r=g\",\"caption\":\"Redacci\u00f3n A Nova Peneira\"},\"sameAs\":[\"http:\\\/\\\/www.anovapeneira.gal\\\/\"],\"url\":\"https:\\\/\\\/www.anovapeneira.gal\\\/index.php\\\/author\\\/redactor\\\/\"}]}<\/script>\n<!-- \/ Yoast SEO plugin. -->","yoast_head_json":{"title":"BNG e CIG defenden garantir plenamente os dereitos das persoas usuarias da banca -","description":"N\u00e9stor Rego lamenta a oportunidade perdida que sup\u00f3n o Anteproxeto de Lei de Creaci\u00f3n da Autoridade Administrativa Independente de Defensa do Cliente Financeiro por non avanzar nos dereitos das e dos usuarios","robots":{"index":"index","follow":"follow","max-snippet":"max-snippet:-1","max-image-preview":"max-image-preview:large","max-video-preview":"max-video-preview:-1"},"canonical":"https:\/\/www.anovapeneira.gal\/index.php\/2022\/06\/10\/bng-e-cig-defenden-garantir-plenamente-os-dereitos-das-persoas-usuarias-da-banca\/","og_locale":"gl_ES","og_type":"article","og_title":"BNG e CIG defenden garantir plenamente os dereitos das persoas usuarias da banca -","og_description":"N\u00e9stor Rego lamenta a oportunidade perdida que sup\u00f3n o Anteproxeto de Lei de Creaci\u00f3n da Autoridade Administrativa Independente de Defensa do Cliente Financeiro por non avanzar nos dereitos das e dos usuarios","og_url":"https:\/\/www.anovapeneira.gal\/index.php\/2022\/06\/10\/bng-e-cig-defenden-garantir-plenamente-os-dereitos-das-persoas-usuarias-da-banca\/","article_publisher":"https:\/\/www.facebook.com\/anovapeneira","article_published_time":"2022-06-10T08:00:21+00:00","og_image":[{"width":720,"height":432,"url":"https:\/\/www.anovapeneira.gal\/wp-content\/uploads\/2022\/06\/bng_dereitos_banca.jpg","type":"image\/jpeg"}],"author":"Redacci\u00f3n A Nova Peneira","twitter_card":"summary_large_image","twitter_creator":"@APeneira","twitter_site":"@APeneira","twitter_misc":{"Escrito por":"Redacci\u00f3n A Nova Peneira","Tempo de lectura":"5 minutos"},"schema":{"@context":"https:\/\/schema.org","@graph":[{"@type":"Article","@id":"https:\/\/www.anovapeneira.gal\/index.php\/2022\/06\/10\/bng-e-cig-defenden-garantir-plenamente-os-dereitos-das-persoas-usuarias-da-banca\/#article","isPartOf":{"@id":"https:\/\/www.anovapeneira.gal\/index.php\/2022\/06\/10\/bng-e-cig-defenden-garantir-plenamente-os-dereitos-das-persoas-usuarias-da-banca\/"},"author":{"name":"Redacci\u00f3n A Nova Peneira","@id":"https:\/\/www.anovapeneira.gal\/#\/schema\/person\/b93e3f8932e3f8da96334607eb6ac6aa"},"headline":"BNG e CIG defenden garantir plenamente os dereitos das persoas usuarias da banca","datePublished":"2022-06-10T08:00:21+00:00","mainEntityOfPage":{"@id":"https:\/\/www.anovapeneira.gal\/index.php\/2022\/06\/10\/bng-e-cig-defenden-garantir-plenamente-os-dereitos-das-persoas-usuarias-da-banca\/"},"wordCount":843,"commentCount":0,"publisher":{"@id":"https:\/\/www.anovapeneira.gal\/#organization"},"image":{"@id":"https:\/\/www.anovapeneira.gal\/index.php\/2022\/06\/10\/bng-e-cig-defenden-garantir-plenamente-os-dereitos-das-persoas-usuarias-da-banca\/#primaryimage"},"thumbnailUrl":"https:\/\/www.anovapeneira.gal\/wp-content\/uploads\/2022\/06\/bng_dereitos_banca.jpg","keywords":["N\u00e9stor Rego"],"articleSection":["Novas"],"inLanguage":"gl-ES","potentialAction":[{"@type":"CommentAction","name":"Comment","target":["https:\/\/www.anovapeneira.gal\/index.php\/2022\/06\/10\/bng-e-cig-defenden-garantir-plenamente-os-dereitos-das-persoas-usuarias-da-banca\/#respond"]}]},{"@type":"WebPage","@id":"https:\/\/www.anovapeneira.gal\/index.php\/2022\/06\/10\/bng-e-cig-defenden-garantir-plenamente-os-dereitos-das-persoas-usuarias-da-banca\/","url":"https:\/\/www.anovapeneira.gal\/index.php\/2022\/06\/10\/bng-e-cig-defenden-garantir-plenamente-os-dereitos-das-persoas-usuarias-da-banca\/","name":"BNG e CIG defenden garantir plenamente os dereitos das persoas usuarias da banca -","isPartOf":{"@id":"https:\/\/www.anovapeneira.gal\/#website"},"primaryImageOfPage":{"@id":"https:\/\/www.anovapeneira.gal\/index.php\/2022\/06\/10\/bng-e-cig-defenden-garantir-plenamente-os-dereitos-das-persoas-usuarias-da-banca\/#primaryimage"},"image":{"@id":"https:\/\/www.anovapeneira.gal\/index.php\/2022\/06\/10\/bng-e-cig-defenden-garantir-plenamente-os-dereitos-das-persoas-usuarias-da-banca\/#primaryimage"},"thumbnailUrl":"https:\/\/www.anovapeneira.gal\/wp-content\/uploads\/2022\/06\/bng_dereitos_banca.jpg","datePublished":"2022-06-10T08:00:21+00:00","description":"N\u00e9stor Rego lamenta a oportunidade perdida que sup\u00f3n o Anteproxeto de Lei de Creaci\u00f3n da Autoridade Administrativa Independente de Defensa do Cliente Financeiro por non avanzar nos dereitos das e dos usuarios","breadcrumb":{"@id":"https:\/\/www.anovapeneira.gal\/index.php\/2022\/06\/10\/bng-e-cig-defenden-garantir-plenamente-os-dereitos-das-persoas-usuarias-da-banca\/#breadcrumb"},"inLanguage":"gl-ES","potentialAction":[{"@type":"ReadAction","target":["https:\/\/www.anovapeneira.gal\/index.php\/2022\/06\/10\/bng-e-cig-defenden-garantir-plenamente-os-dereitos-das-persoas-usuarias-da-banca\/"]}]},{"@type":"ImageObject","inLanguage":"gl-ES","@id":"https:\/\/www.anovapeneira.gal\/index.php\/2022\/06\/10\/bng-e-cig-defenden-garantir-plenamente-os-dereitos-das-persoas-usuarias-da-banca\/#primaryimage","url":"https:\/\/www.anovapeneira.gal\/wp-content\/uploads\/2022\/06\/bng_dereitos_banca.jpg","contentUrl":"https:\/\/www.anovapeneira.gal\/wp-content\/uploads\/2022\/06\/bng_dereitos_banca.jpg","width":720,"height":432,"caption":"BNG e CIG defenden garantir plenamente os dereitos das persoas usuarias da banca"},{"@type":"BreadcrumbList","@id":"https:\/\/www.anovapeneira.gal\/index.php\/2022\/06\/10\/bng-e-cig-defenden-garantir-plenamente-os-dereitos-das-persoas-usuarias-da-banca\/#breadcrumb","itemListElement":[{"@type":"ListItem","position":1,"name":"Portada","item":"https:\/\/www.anovapeneira.gal\/"},{"@type":"ListItem","position":2,"name":"BNG e CIG defenden garantir plenamente os dereitos das persoas usuarias da banca"}]},{"@type":"WebSite","@id":"https:\/\/www.anovapeneira.gal\/#website","url":"https:\/\/www.anovapeneira.gal\/","name":"","description":"Xornal galego de informaci\u00f3n xeral Publicaci\u00f3n mensual de novas de Galicia e en especial dos Concellos da sur da provincia de Pontevedra.","publisher":{"@id":"https:\/\/www.anovapeneira.gal\/#organization"},"potentialAction":[{"@type":"SearchAction","target":{"@type":"EntryPoint","urlTemplate":"https:\/\/www.anovapeneira.gal\/?s={search_term_string}"},"query-input":{"@type":"PropertyValueSpecification","valueRequired":true,"valueName":"search_term_string"}}],"inLanguage":"gl-ES"},{"@type":"Organization","@id":"https:\/\/www.anovapeneira.gal\/#organization","name":"A Nova Peneira","url":"https:\/\/www.anovapeneira.gal\/","logo":{"@type":"ImageObject","inLanguage":"gl-ES","@id":"https:\/\/www.anovapeneira.gal\/#\/schema\/logo\/image\/","url":"http:\/\/www.anovapeneira.gal\/wp-content\/uploads\/2019\/06\/logo_a_nova_peneira_portal_web.png","contentUrl":"http:\/\/www.anovapeneira.gal\/wp-content\/uploads\/2019\/06\/logo_a_nova_peneira_portal_web.png","width":300,"height":100,"caption":"A Nova Peneira"},"image":{"@id":"https:\/\/www.anovapeneira.gal\/#\/schema\/logo\/image\/"},"sameAs":["https:\/\/www.facebook.com\/anovapeneira","https:\/\/x.com\/APeneira"]},{"@type":"Person","@id":"https:\/\/www.anovapeneira.gal\/#\/schema\/person\/b93e3f8932e3f8da96334607eb6ac6aa","name":"Redacci\u00f3n A Nova Peneira","image":{"@type":"ImageObject","inLanguage":"gl-ES","@id":"https:\/\/secure.gravatar.com\/avatar\/c052a2551a06e23fac63626232eaa90abd78dbcf1700fc46a2b2c89fd27b735f?s=96&d=mm&r=g","url":"https:\/\/secure.gravatar.com\/avatar\/c052a2551a06e23fac63626232eaa90abd78dbcf1700fc46a2b2c89fd27b735f?s=96&d=mm&r=g","contentUrl":"https:\/\/secure.gravatar.com\/avatar\/c052a2551a06e23fac63626232eaa90abd78dbcf1700fc46a2b2c89fd27b735f?s=96&d=mm&r=g","caption":"Redacci\u00f3n A Nova Peneira"},"sameAs":["http:\/\/www.anovapeneira.gal\/"],"url":"https:\/\/www.anovapeneira.gal\/index.php\/author\/redactor\/"}]}},"jetpack_featured_media_url":"https:\/\/www.anovapeneira.gal\/wp-content\/uploads\/2022\/06\/bng_dereitos_banca.jpg","_links":{"self":[{"href":"https:\/\/www.anovapeneira.gal\/index.php\/wp-json\/wp\/v2\/posts\/7599","targetHints":{"allow":["GET"]}}],"collection":[{"href":"https:\/\/www.anovapeneira.gal\/index.php\/wp-json\/wp\/v2\/posts"}],"about":[{"href":"https:\/\/www.anovapeneira.gal\/index.php\/wp-json\/wp\/v2\/types\/post"}],"author":[{"embeddable":true,"href":"https:\/\/www.anovapeneira.gal\/index.php\/wp-json\/wp\/v2\/users\/3"}],"replies":[{"embeddable":true,"href":"https:\/\/www.anovapeneira.gal\/index.php\/wp-json\/wp\/v2\/comments?post=7599"}],"version-history":[{"count":2,"href":"https:\/\/www.anovapeneira.gal\/index.php\/wp-json\/wp\/v2\/posts\/7599\/revisions"}],"predecessor-version":[{"id":7601,"href":"https:\/\/www.anovapeneira.gal\/index.php\/wp-json\/wp\/v2\/posts\/7599\/revisions\/7601"}],"wp:featuredmedia":[{"embeddable":true,"href":"https:\/\/www.anovapeneira.gal\/index.php\/wp-json\/wp\/v2\/media\/7602"}],"wp:attachment":[{"href":"https:\/\/www.anovapeneira.gal\/index.php\/wp-json\/wp\/v2\/media?parent=7599"}],"wp:term":[{"taxonomy":"category","embeddable":true,"href":"https:\/\/www.anovapeneira.gal\/index.php\/wp-json\/wp\/v2\/categories?post=7599"},{"taxonomy":"post_tag","embeddable":true,"href":"https:\/\/www.anovapeneira.gal\/index.php\/wp-json\/wp\/v2\/tags?post=7599"}],"curies":[{"name":"wp","href":"https:\/\/api.w.org\/{rel}","templated":true}]}}