{"id":7609,"date":"2022-06-10T12:00:37","date_gmt":"2022-06-10T10:00:37","guid":{"rendered":"https:\/\/www.anovapeneira.gal\/?p=7609"},"modified":"2022-06-06T22:56:12","modified_gmt":"2022-06-06T20:56:12","slug":"patrioteticos","status":"publish","type":"post","link":"https:\/\/www.anovapeneira.gal\/index.php\/2022\/06\/10\/patrioteticos\/","title":{"rendered":"Patriot\u00e9ticos"},"content":{"rendered":"\n<pre class=\"wp-block-verse\"><strong>Mart\u00edn V\u00e1zquez Fern\u00e1ndez<\/strong><\/pre>\n\n\n\n<pre class=\"wp-block-verse\"><a><\/a>Veci\u00f1o de Mos, membro de Ga\u00f1aMos Asemblea Veci\u00f1al<\/pre>\n\n\n\n<p>Que pode necesitar un concello situado na periferia da maior cidade de Galicia, atravesado pola autoestrada da morte, cunha extrema contaminaci\u00f3n ambiental e ac\u00fastica derivada desta, cun d\u00e9ficit evidente de conexi\u00f3n entre as s\u00faas diferentes parroquias, coa falta de asistencia nos coidados dos nosos maiores sumado \u00e1 falta de acceso \u00e1 vivenda para a mocidade que decide facer a s\u00faa vida aqu\u00ed? Exacto, un himno. Un himno patri\u00f3tico!<\/p>\n\n\n\n<p>O chauvinismo ou patrioteirismo consiste en facer exaltaci\u00f3n do evidente, isto \u00e9, que todos nacemos nalg\u00fan lugar, que todos nos identificamos coa terra pola que corremos e caemos de nenos, e que lle temos un cari\u00f1o a todo isto que dificilmente podemos racionalizar. Concretamente, o caracter\u00edstico deste chauvinismo ou patrioteirismo \u00e9 que esta apelaci\u00f3n \u00e1s emoci\u00f3ns est\u00e1 baleira de contido, non pretende transformar as condici\u00f3ns nas que vivimos, non responde aos problemas do d\u00eda a d\u00eda. Tanto no pasado coma hoxe, \u00e9 usado para encubrir as propias miserias ou, directamente, para encubrir pol\u00edticas que van en contra das maior\u00edas sociais.<\/p>\n\n\n\n<p><em>Orgullo espa\u00f1ol! Vive la France!<\/em> E, por que non?, <em>Vivamos como galegos!<\/em> Proclamas de grandes imperios en descomposici\u00f3ns ou meros artefactos comerciais con baixo compromiso co que pregoan excitan a nosa inclinaci\u00f3n ao grupismo. Discursos baleiros, significantes flotantes, que nada te\u00f1en que ofrecer \u00e1s necesidades deses \u201cespa\u00f1ois\u201d, \u201cfranceses\u201d ou \u201dgalegos\u201d. S\u00f3 cando estas proclamas implican transformaci\u00f3ns materiais, s\u00f3 cando un <em>Vivamos como galegos! <\/em>reclama o dereito \u00e1 vivenda, \u00e1 educaci\u00f3n p\u00fablica, \u00e1 sanidade universal ou \u00e1 redistribuci\u00f3n da riqueza, s\u00f3 nese xusto momento, \u00e9 cando escoitamos o estrondoso silencio dos que antes berregaban coma becerros.<\/p>\n\n\n\n<p>En Mos, este proceso de propagaci\u00f3n e banalizaci\u00f3n dos s\u00edmbolos leva tempo en marcha. Exemplo disto \u00e9 o gasto en bandeiras de 4.900\u20ac entre o 2020 e o 2021. Seguindo vulgarmente a mesma estratexia que Abel Caballero, a alcald\u00eda non escatima recursos en propaganda. Unha estratexia publicitaria que cobra formas grotescas como o das rotondas patri\u00f3ticas que delimitan toda a contorna do concello, sempre ben coroadas co slogan institucional. <em>Somos Mos!<\/em> Berra, ela, desde o seu particular <em>gueto de Toraia<\/em>! Esta li\u00f1a pol\u00edtica saturada de insubstanciais lada\u00ed\u00f1as cantonalistas ten a s\u00faa \u00faltima ocorrencia na necesidade dun himno.<\/p>\n\n\n\n<p>Non val\u00eda s\u00f3 cunha m\u00fasica, m\u00e1is ou menos ben tra\u00edda segundo os gustos de cadaqu\u00e9n, non. Houbo que acompa\u00f1ala dunha letra que puxera de relevo as propias miserias e contradici\u00f3ns. As\u00ed, os mesmos que afirman que Espa\u00f1a \u201cno es ni ser\u00e1 un Estado plurinacional\u201d, tal e como dic\u00eda Feij\u00f3o hai uns d\u00edas, son os que agora cantan a \u201chistoria da Naci\u00f3n de Breog\u00e1n\u201d. Os mesmos que est\u00e1n tramitando unha nova lei de montes no Parlamento Galego que elimina o car\u00e1cter xerm\u00e1nico da s\u00faa propiedade, \u00e9 dicir, que a herdanza da propiedade se atope en man com\u00fan, unha particularidade nada trivial, son os que agora cantan \u00e1 \u201chistoria e tradici\u00f3n\u201d de Mos. Os mesmos mesmi\u00f1os que no \u00faltimo pleno do concello de Mos tombaron unha moci\u00f3n promovida pola Organizaci\u00f3n Galega de Comunidades de Montes a prol dunha Iniciativa Lexislativa Popular para preservar as Comunidades de Montes en Galicia.<\/p>\n\n\n\n<p>Os me(s)mos que cantan \u00e1 paisaxe, \u201conde a terra fai o berce do solpor\u201d, son os que pechan o himno dun concello introducindo o lema dunha sociedade mercantil \u2013travestida de equipo de f\u00fatbol\u2013 que asedia os montes de Tameiga e Pereiras: \u201cA t\u00faa bandeira \u00e9 a <em>afouteza<\/em>\u201d, cantan. Este esperpento acontece mentres o TSXG se reafirma sobre a ilegalidade das licenzas concedidas para o macrocomplexo deportivo do empresario Carlos Mouri\u00f1o. Acontece mentres o cambio clim\u00e1tico segue o seu curso.<\/p>\n\n\n\n<p>A vinculaci\u00f3n entre os intereses de letristas, empresarios e pol\u00edticos \u00e9 tan evidente que o l\u00f3xico ser\u00eda que o inicio do himno fora acompa\u00f1ado por un aviso que rezara \u201cespazo patrocinado\u201d. Pese as aparencias, estes que din unha cousa e a s\u00faa contraria non son diferente persoas. Son sempre os mesmos. Os mesmos que militan no partido de sempre, que posan xuntos nas mesmas fotos, que enchen as barrigas nas mesmas mesas e que refregan os mesmos lombos que logo palmean entre si en sinal de camarader\u00eda. Bandullo e papo cheos, nunca fartos de engulir da p\u00eda do p\u00fablico e sempre fam\u00e9licos de atenci\u00f3n medi\u00e1tica, fozan e escaravellan a terra produtiva ata a converter en bald\u00eda.<\/p>\n\n\n\n<p>De forma paradoxal, este proceso de construci\u00f3n de s\u00edmbolos <em>patriot\u00e9ticos<\/em>, esa desafortunada mestura entre o patri\u00f3tico e o pat\u00e9tico, debuxan un Mos m\u00e1is estreito, un concello manexado por uns poucos pensado para os menos. Para este goberno alg\u00fans xa non \u201cSomos Mos\u201d, simplemente somos \u201cdeMos\u201d, como di a brincadeira popular. Isto refl\u00edctese na aprobaci\u00f3n no pleno municipal dun himno con tan s\u00f3 o voto favorable do Partido Popular xunto aos dous tr\u00e1nsfugas que nos tocou aturar esta lexislatura. Velaqu\u00ed toda a visi\u00f3n de Concello \u00e1 que chega o goberno municipal, maior\u00edas simples sen intenci\u00f3n de consenso institucional para s\u00edmbolos que acaban por insultar a nosa <em>afouteza<\/em>. Unha vez m\u00e1is, pouco pan e p\u00e9simo circo!<\/p>\n","protected":false},"excerpt":{"rendered":"<div class=\"mh-excerpt\"><p>Que pode necesitar un concello situado na periferia da maior cidade de Galicia, atravesado pola autoestrada da morte, cunha extrema contaminaci\u00f3n ambiental e ac\u00fastica derivada desta, cun d\u00e9ficit evidente de conexi\u00f3n entre as s\u00faas diferentes parroquias, coa falta de asistencia nos coidados dos nosos maiores sumado \u00e1 falta de acceso \u00e1 vivenda para a mocidade que decide facer a s\u00faa vida aqu\u00ed? Exacto, un himno. Un himno patri\u00f3tico! <a class=\"mh-excerpt-more\" href=\"https:\/\/www.anovapeneira.gal\/index.php\/2022\/06\/10\/patrioteticos\/\" title=\"Patriot\u00e9ticos\">[&#8230;]<\/a><\/p>\n<\/div>","protected":false},"author":12,"featured_media":7610,"comment_status":"open","ping_status":"open","sticky":false,"template":"","format":"standard","meta":{"_exactmetrics_skip_tracking":false,"_exactmetrics_sitenote_active":false,"_exactmetrics_sitenote_note":"","_exactmetrics_sitenote_category":0,"footnotes":""},"categories":[7],"tags":[218],"class_list":{"0":"post-7609","1":"post","2":"type-post","3":"status-publish","4":"format-standard","5":"has-post-thumbnail","7":"category-artigos-de-opinion","8":"tag-concello-de-mos"},"yoast_head":"<!-- This site is optimized with the Yoast SEO plugin v27.4 - https:\/\/yoast.com\/product\/yoast-seo-wordpress\/ -->\n<title>Patriot\u00e9ticos -<\/title>\n<meta name=\"description\" content=\"Que pode necesitar un concello situado na periferia da maior cidade de Galicia, atravesado pola autoestrada da morte, cunha extrema contaminaci\u00f3n ambiental e ac\u00fastica derivada desta, cun d\u00e9ficit evidente de conexi\u00f3n entre as s\u00faas diferentes parroquias, coa falta de asistencia nos coidados dos nosos maiores sumado \u00e1 falta de acceso \u00e1 vivenda para a mocidade que decide facer a s\u00faa vida aqu\u00ed? Exacto, un himno. Un himno patri\u00f3tico!\" \/>\n<meta name=\"robots\" content=\"index, follow, max-snippet:-1, max-image-preview:large, max-video-preview:-1\" \/>\n<link rel=\"canonical\" href=\"https:\/\/www.anovapeneira.gal\/index.php\/2022\/06\/10\/patrioteticos\/\" \/>\n<meta property=\"og:locale\" content=\"gl_ES\" \/>\n<meta property=\"og:type\" content=\"article\" \/>\n<meta property=\"og:title\" content=\"Patriot\u00e9ticos -\" \/>\n<meta property=\"og:description\" content=\"Que pode necesitar un concello situado na periferia da maior cidade de Galicia, atravesado pola autoestrada da morte, cunha extrema contaminaci\u00f3n ambiental e ac\u00fastica derivada desta, cun d\u00e9ficit evidente de conexi\u00f3n entre as s\u00faas diferentes parroquias, coa falta de asistencia nos coidados dos nosos maiores sumado \u00e1 falta de acceso \u00e1 vivenda para a mocidade que decide facer a s\u00faa vida aqu\u00ed? Exacto, un himno. Un himno patri\u00f3tico!\" \/>\n<meta property=\"og:url\" content=\"https:\/\/www.anovapeneira.gal\/index.php\/2022\/06\/10\/patrioteticos\/\" \/>\n<meta property=\"article:publisher\" content=\"https:\/\/www.facebook.com\/anovapeneira\" \/>\n<meta property=\"article:published_time\" content=\"2022-06-10T10:00:37+00:00\" \/>\n<meta property=\"og:image\" content=\"https:\/\/www.anovapeneira.gal\/wp-content\/uploads\/2022\/06\/martin_vazquez_fernandez.jpg\" \/>\n\t<meta property=\"og:image:width\" content=\"720\" \/>\n\t<meta property=\"og:image:height\" content=\"432\" \/>\n\t<meta property=\"og:image:type\" content=\"image\/jpeg\" \/>\n<meta name=\"author\" content=\"Artigos Opini\u00f3n\" \/>\n<meta name=\"twitter:card\" content=\"summary_large_image\" \/>\n<meta name=\"twitter:creator\" content=\"@APeneira\" \/>\n<meta name=\"twitter:site\" content=\"@APeneira\" \/>\n<meta name=\"twitter:label1\" content=\"Escrito por\" \/>\n\t<meta name=\"twitter:data1\" content=\"Artigos Opini\u00f3n\" \/>\n\t<meta name=\"twitter:label2\" content=\"Tempo de lectura\" \/>\n\t<meta name=\"twitter:data2\" content=\"5 minutos\" \/>\n<script type=\"application\/ld+json\" class=\"yoast-schema-graph\">{\"@context\":\"https:\\\/\\\/schema.org\",\"@graph\":[{\"@type\":\"Article\",\"@id\":\"https:\\\/\\\/www.anovapeneira.gal\\\/index.php\\\/2022\\\/06\\\/10\\\/patrioteticos\\\/#article\",\"isPartOf\":{\"@id\":\"https:\\\/\\\/www.anovapeneira.gal\\\/index.php\\\/2022\\\/06\\\/10\\\/patrioteticos\\\/\"},\"author\":{\"name\":\"Artigos Opini\u00f3n\",\"@id\":\"https:\\\/\\\/www.anovapeneira.gal\\\/#\\\/schema\\\/person\\\/f18a4feb302e8f20bcef4490b5b60bb3\"},\"headline\":\"Patriot\u00e9ticos\",\"datePublished\":\"2022-06-10T10:00:37+00:00\",\"mainEntityOfPage\":{\"@id\":\"https:\\\/\\\/www.anovapeneira.gal\\\/index.php\\\/2022\\\/06\\\/10\\\/patrioteticos\\\/\"},\"wordCount\":891,\"commentCount\":0,\"publisher\":{\"@id\":\"https:\\\/\\\/www.anovapeneira.gal\\\/#organization\"},\"image\":{\"@id\":\"https:\\\/\\\/www.anovapeneira.gal\\\/index.php\\\/2022\\\/06\\\/10\\\/patrioteticos\\\/#primaryimage\"},\"thumbnailUrl\":\"https:\\\/\\\/www.anovapeneira.gal\\\/wp-content\\\/uploads\\\/2022\\\/06\\\/martin_vazquez_fernandez.jpg\",\"keywords\":[\"Concello de Mos\"],\"articleSection\":[\"Artigos de opini\u00f3n\"],\"inLanguage\":\"gl-ES\",\"potentialAction\":[{\"@type\":\"CommentAction\",\"name\":\"Comment\",\"target\":[\"https:\\\/\\\/www.anovapeneira.gal\\\/index.php\\\/2022\\\/06\\\/10\\\/patrioteticos\\\/#respond\"]}]},{\"@type\":\"WebPage\",\"@id\":\"https:\\\/\\\/www.anovapeneira.gal\\\/index.php\\\/2022\\\/06\\\/10\\\/patrioteticos\\\/\",\"url\":\"https:\\\/\\\/www.anovapeneira.gal\\\/index.php\\\/2022\\\/06\\\/10\\\/patrioteticos\\\/\",\"name\":\"Patriot\u00e9ticos -\",\"isPartOf\":{\"@id\":\"https:\\\/\\\/www.anovapeneira.gal\\\/#website\"},\"primaryImageOfPage\":{\"@id\":\"https:\\\/\\\/www.anovapeneira.gal\\\/index.php\\\/2022\\\/06\\\/10\\\/patrioteticos\\\/#primaryimage\"},\"image\":{\"@id\":\"https:\\\/\\\/www.anovapeneira.gal\\\/index.php\\\/2022\\\/06\\\/10\\\/patrioteticos\\\/#primaryimage\"},\"thumbnailUrl\":\"https:\\\/\\\/www.anovapeneira.gal\\\/wp-content\\\/uploads\\\/2022\\\/06\\\/martin_vazquez_fernandez.jpg\",\"datePublished\":\"2022-06-10T10:00:37+00:00\",\"description\":\"Que pode necesitar un concello situado na periferia da maior cidade de Galicia, atravesado pola autoestrada da morte, cunha extrema contaminaci\u00f3n ambiental e ac\u00fastica derivada desta, cun d\u00e9ficit evidente de conexi\u00f3n entre as s\u00faas diferentes parroquias, coa falta de asistencia nos coidados dos nosos maiores sumado \u00e1 falta de acceso \u00e1 vivenda para a mocidade que decide facer a s\u00faa vida aqu\u00ed? Exacto, un himno. Un himno patri\u00f3tico!\",\"breadcrumb\":{\"@id\":\"https:\\\/\\\/www.anovapeneira.gal\\\/index.php\\\/2022\\\/06\\\/10\\\/patrioteticos\\\/#breadcrumb\"},\"inLanguage\":\"gl-ES\",\"potentialAction\":[{\"@type\":\"ReadAction\",\"target\":[\"https:\\\/\\\/www.anovapeneira.gal\\\/index.php\\\/2022\\\/06\\\/10\\\/patrioteticos\\\/\"]}]},{\"@type\":\"ImageObject\",\"inLanguage\":\"gl-ES\",\"@id\":\"https:\\\/\\\/www.anovapeneira.gal\\\/index.php\\\/2022\\\/06\\\/10\\\/patrioteticos\\\/#primaryimage\",\"url\":\"https:\\\/\\\/www.anovapeneira.gal\\\/wp-content\\\/uploads\\\/2022\\\/06\\\/martin_vazquez_fernandez.jpg\",\"contentUrl\":\"https:\\\/\\\/www.anovapeneira.gal\\\/wp-content\\\/uploads\\\/2022\\\/06\\\/martin_vazquez_fernandez.jpg\",\"width\":720,\"height\":432,\"caption\":\"Mart\u00edn V\u00e1zquez Fern\u00e1ndez\"},{\"@type\":\"BreadcrumbList\",\"@id\":\"https:\\\/\\\/www.anovapeneira.gal\\\/index.php\\\/2022\\\/06\\\/10\\\/patrioteticos\\\/#breadcrumb\",\"itemListElement\":[{\"@type\":\"ListItem\",\"position\":1,\"name\":\"Portada\",\"item\":\"https:\\\/\\\/www.anovapeneira.gal\\\/\"},{\"@type\":\"ListItem\",\"position\":2,\"name\":\"Patriot\u00e9ticos\"}]},{\"@type\":\"WebSite\",\"@id\":\"https:\\\/\\\/www.anovapeneira.gal\\\/#website\",\"url\":\"https:\\\/\\\/www.anovapeneira.gal\\\/\",\"name\":\"\",\"description\":\"Xornal galego de informaci\u00f3n xeral Publicaci\u00f3n mensual de novas de Galicia e en especial dos Concellos da sur da provincia de Pontevedra.\",\"publisher\":{\"@id\":\"https:\\\/\\\/www.anovapeneira.gal\\\/#organization\"},\"potentialAction\":[{\"@type\":\"SearchAction\",\"target\":{\"@type\":\"EntryPoint\",\"urlTemplate\":\"https:\\\/\\\/www.anovapeneira.gal\\\/?s={search_term_string}\"},\"query-input\":{\"@type\":\"PropertyValueSpecification\",\"valueRequired\":true,\"valueName\":\"search_term_string\"}}],\"inLanguage\":\"gl-ES\"},{\"@type\":\"Organization\",\"@id\":\"https:\\\/\\\/www.anovapeneira.gal\\\/#organization\",\"name\":\"A Nova Peneira\",\"url\":\"https:\\\/\\\/www.anovapeneira.gal\\\/\",\"logo\":{\"@type\":\"ImageObject\",\"inLanguage\":\"gl-ES\",\"@id\":\"https:\\\/\\\/www.anovapeneira.gal\\\/#\\\/schema\\\/logo\\\/image\\\/\",\"url\":\"http:\\\/\\\/www.anovapeneira.gal\\\/wp-content\\\/uploads\\\/2019\\\/06\\\/logo_a_nova_peneira_portal_web.png\",\"contentUrl\":\"http:\\\/\\\/www.anovapeneira.gal\\\/wp-content\\\/uploads\\\/2019\\\/06\\\/logo_a_nova_peneira_portal_web.png\",\"width\":300,\"height\":100,\"caption\":\"A Nova Peneira\"},\"image\":{\"@id\":\"https:\\\/\\\/www.anovapeneira.gal\\\/#\\\/schema\\\/logo\\\/image\\\/\"},\"sameAs\":[\"https:\\\/\\\/www.facebook.com\\\/anovapeneira\",\"https:\\\/\\\/x.com\\\/APeneira\"]},{\"@type\":\"Person\",\"@id\":\"https:\\\/\\\/www.anovapeneira.gal\\\/#\\\/schema\\\/person\\\/f18a4feb302e8f20bcef4490b5b60bb3\",\"name\":\"Artigos Opini\u00f3n\",\"image\":{\"@type\":\"ImageObject\",\"inLanguage\":\"gl-ES\",\"@id\":\"https:\\\/\\\/secure.gravatar.com\\\/avatar\\\/072844300f4881150aee2da4278f7a65d16eefdf8262eb67085f1e702de2b959?s=96&d=mm&r=g\",\"url\":\"https:\\\/\\\/secure.gravatar.com\\\/avatar\\\/072844300f4881150aee2da4278f7a65d16eefdf8262eb67085f1e702de2b959?s=96&d=mm&r=g\",\"contentUrl\":\"https:\\\/\\\/secure.gravatar.com\\\/avatar\\\/072844300f4881150aee2da4278f7a65d16eefdf8262eb67085f1e702de2b959?s=96&d=mm&r=g\",\"caption\":\"Artigos Opini\u00f3n\"},\"sameAs\":[\"http:\\\/\\\/anovapeneira.gal\"],\"url\":\"https:\\\/\\\/www.anovapeneira.gal\\\/index.php\\\/author\\\/artigosopinion\\\/\"}]}<\/script>\n<!-- \/ Yoast SEO plugin. -->","yoast_head_json":{"title":"Patriot\u00e9ticos -","description":"Que pode necesitar un concello situado na periferia da maior cidade de Galicia, atravesado pola autoestrada da morte, cunha extrema contaminaci\u00f3n ambiental e ac\u00fastica derivada desta, cun d\u00e9ficit evidente de conexi\u00f3n entre as s\u00faas diferentes parroquias, coa falta de asistencia nos coidados dos nosos maiores sumado \u00e1 falta de acceso \u00e1 vivenda para a mocidade que decide facer a s\u00faa vida aqu\u00ed? Exacto, un himno. Un himno patri\u00f3tico!","robots":{"index":"index","follow":"follow","max-snippet":"max-snippet:-1","max-image-preview":"max-image-preview:large","max-video-preview":"max-video-preview:-1"},"canonical":"https:\/\/www.anovapeneira.gal\/index.php\/2022\/06\/10\/patrioteticos\/","og_locale":"gl_ES","og_type":"article","og_title":"Patriot\u00e9ticos -","og_description":"Que pode necesitar un concello situado na periferia da maior cidade de Galicia, atravesado pola autoestrada da morte, cunha extrema contaminaci\u00f3n ambiental e ac\u00fastica derivada desta, cun d\u00e9ficit evidente de conexi\u00f3n entre as s\u00faas diferentes parroquias, coa falta de asistencia nos coidados dos nosos maiores sumado \u00e1 falta de acceso \u00e1 vivenda para a mocidade que decide facer a s\u00faa vida aqu\u00ed? Exacto, un himno. Un himno patri\u00f3tico!","og_url":"https:\/\/www.anovapeneira.gal\/index.php\/2022\/06\/10\/patrioteticos\/","article_publisher":"https:\/\/www.facebook.com\/anovapeneira","article_published_time":"2022-06-10T10:00:37+00:00","og_image":[{"width":720,"height":432,"url":"https:\/\/www.anovapeneira.gal\/wp-content\/uploads\/2022\/06\/martin_vazquez_fernandez.jpg","type":"image\/jpeg"}],"author":"Artigos Opini\u00f3n","twitter_card":"summary_large_image","twitter_creator":"@APeneira","twitter_site":"@APeneira","twitter_misc":{"Escrito por":"Artigos Opini\u00f3n","Tempo de lectura":"5 minutos"},"schema":{"@context":"https:\/\/schema.org","@graph":[{"@type":"Article","@id":"https:\/\/www.anovapeneira.gal\/index.php\/2022\/06\/10\/patrioteticos\/#article","isPartOf":{"@id":"https:\/\/www.anovapeneira.gal\/index.php\/2022\/06\/10\/patrioteticos\/"},"author":{"name":"Artigos Opini\u00f3n","@id":"https:\/\/www.anovapeneira.gal\/#\/schema\/person\/f18a4feb302e8f20bcef4490b5b60bb3"},"headline":"Patriot\u00e9ticos","datePublished":"2022-06-10T10:00:37+00:00","mainEntityOfPage":{"@id":"https:\/\/www.anovapeneira.gal\/index.php\/2022\/06\/10\/patrioteticos\/"},"wordCount":891,"commentCount":0,"publisher":{"@id":"https:\/\/www.anovapeneira.gal\/#organization"},"image":{"@id":"https:\/\/www.anovapeneira.gal\/index.php\/2022\/06\/10\/patrioteticos\/#primaryimage"},"thumbnailUrl":"https:\/\/www.anovapeneira.gal\/wp-content\/uploads\/2022\/06\/martin_vazquez_fernandez.jpg","keywords":["Concello de Mos"],"articleSection":["Artigos de opini\u00f3n"],"inLanguage":"gl-ES","potentialAction":[{"@type":"CommentAction","name":"Comment","target":["https:\/\/www.anovapeneira.gal\/index.php\/2022\/06\/10\/patrioteticos\/#respond"]}]},{"@type":"WebPage","@id":"https:\/\/www.anovapeneira.gal\/index.php\/2022\/06\/10\/patrioteticos\/","url":"https:\/\/www.anovapeneira.gal\/index.php\/2022\/06\/10\/patrioteticos\/","name":"Patriot\u00e9ticos -","isPartOf":{"@id":"https:\/\/www.anovapeneira.gal\/#website"},"primaryImageOfPage":{"@id":"https:\/\/www.anovapeneira.gal\/index.php\/2022\/06\/10\/patrioteticos\/#primaryimage"},"image":{"@id":"https:\/\/www.anovapeneira.gal\/index.php\/2022\/06\/10\/patrioteticos\/#primaryimage"},"thumbnailUrl":"https:\/\/www.anovapeneira.gal\/wp-content\/uploads\/2022\/06\/martin_vazquez_fernandez.jpg","datePublished":"2022-06-10T10:00:37+00:00","description":"Que pode necesitar un concello situado na periferia da maior cidade de Galicia, atravesado pola autoestrada da morte, cunha extrema contaminaci\u00f3n ambiental e ac\u00fastica derivada desta, cun d\u00e9ficit evidente de conexi\u00f3n entre as s\u00faas diferentes parroquias, coa falta de asistencia nos coidados dos nosos maiores sumado \u00e1 falta de acceso \u00e1 vivenda para a mocidade que decide facer a s\u00faa vida aqu\u00ed? Exacto, un himno. Un himno patri\u00f3tico!","breadcrumb":{"@id":"https:\/\/www.anovapeneira.gal\/index.php\/2022\/06\/10\/patrioteticos\/#breadcrumb"},"inLanguage":"gl-ES","potentialAction":[{"@type":"ReadAction","target":["https:\/\/www.anovapeneira.gal\/index.php\/2022\/06\/10\/patrioteticos\/"]}]},{"@type":"ImageObject","inLanguage":"gl-ES","@id":"https:\/\/www.anovapeneira.gal\/index.php\/2022\/06\/10\/patrioteticos\/#primaryimage","url":"https:\/\/www.anovapeneira.gal\/wp-content\/uploads\/2022\/06\/martin_vazquez_fernandez.jpg","contentUrl":"https:\/\/www.anovapeneira.gal\/wp-content\/uploads\/2022\/06\/martin_vazquez_fernandez.jpg","width":720,"height":432,"caption":"Mart\u00edn V\u00e1zquez Fern\u00e1ndez"},{"@type":"BreadcrumbList","@id":"https:\/\/www.anovapeneira.gal\/index.php\/2022\/06\/10\/patrioteticos\/#breadcrumb","itemListElement":[{"@type":"ListItem","position":1,"name":"Portada","item":"https:\/\/www.anovapeneira.gal\/"},{"@type":"ListItem","position":2,"name":"Patriot\u00e9ticos"}]},{"@type":"WebSite","@id":"https:\/\/www.anovapeneira.gal\/#website","url":"https:\/\/www.anovapeneira.gal\/","name":"","description":"Xornal galego de informaci\u00f3n xeral Publicaci\u00f3n mensual de novas de Galicia e en especial dos Concellos da sur da provincia de Pontevedra.","publisher":{"@id":"https:\/\/www.anovapeneira.gal\/#organization"},"potentialAction":[{"@type":"SearchAction","target":{"@type":"EntryPoint","urlTemplate":"https:\/\/www.anovapeneira.gal\/?s={search_term_string}"},"query-input":{"@type":"PropertyValueSpecification","valueRequired":true,"valueName":"search_term_string"}}],"inLanguage":"gl-ES"},{"@type":"Organization","@id":"https:\/\/www.anovapeneira.gal\/#organization","name":"A Nova Peneira","url":"https:\/\/www.anovapeneira.gal\/","logo":{"@type":"ImageObject","inLanguage":"gl-ES","@id":"https:\/\/www.anovapeneira.gal\/#\/schema\/logo\/image\/","url":"http:\/\/www.anovapeneira.gal\/wp-content\/uploads\/2019\/06\/logo_a_nova_peneira_portal_web.png","contentUrl":"http:\/\/www.anovapeneira.gal\/wp-content\/uploads\/2019\/06\/logo_a_nova_peneira_portal_web.png","width":300,"height":100,"caption":"A Nova Peneira"},"image":{"@id":"https:\/\/www.anovapeneira.gal\/#\/schema\/logo\/image\/"},"sameAs":["https:\/\/www.facebook.com\/anovapeneira","https:\/\/x.com\/APeneira"]},{"@type":"Person","@id":"https:\/\/www.anovapeneira.gal\/#\/schema\/person\/f18a4feb302e8f20bcef4490b5b60bb3","name":"Artigos Opini\u00f3n","image":{"@type":"ImageObject","inLanguage":"gl-ES","@id":"https:\/\/secure.gravatar.com\/avatar\/072844300f4881150aee2da4278f7a65d16eefdf8262eb67085f1e702de2b959?s=96&d=mm&r=g","url":"https:\/\/secure.gravatar.com\/avatar\/072844300f4881150aee2da4278f7a65d16eefdf8262eb67085f1e702de2b959?s=96&d=mm&r=g","contentUrl":"https:\/\/secure.gravatar.com\/avatar\/072844300f4881150aee2da4278f7a65d16eefdf8262eb67085f1e702de2b959?s=96&d=mm&r=g","caption":"Artigos Opini\u00f3n"},"sameAs":["http:\/\/anovapeneira.gal"],"url":"https:\/\/www.anovapeneira.gal\/index.php\/author\/artigosopinion\/"}]}},"jetpack_featured_media_url":"https:\/\/www.anovapeneira.gal\/wp-content\/uploads\/2022\/06\/martin_vazquez_fernandez.jpg","_links":{"self":[{"href":"https:\/\/www.anovapeneira.gal\/index.php\/wp-json\/wp\/v2\/posts\/7609","targetHints":{"allow":["GET"]}}],"collection":[{"href":"https:\/\/www.anovapeneira.gal\/index.php\/wp-json\/wp\/v2\/posts"}],"about":[{"href":"https:\/\/www.anovapeneira.gal\/index.php\/wp-json\/wp\/v2\/types\/post"}],"author":[{"embeddable":true,"href":"https:\/\/www.anovapeneira.gal\/index.php\/wp-json\/wp\/v2\/users\/12"}],"replies":[{"embeddable":true,"href":"https:\/\/www.anovapeneira.gal\/index.php\/wp-json\/wp\/v2\/comments?post=7609"}],"version-history":[{"count":1,"href":"https:\/\/www.anovapeneira.gal\/index.php\/wp-json\/wp\/v2\/posts\/7609\/revisions"}],"predecessor-version":[{"id":7611,"href":"https:\/\/www.anovapeneira.gal\/index.php\/wp-json\/wp\/v2\/posts\/7609\/revisions\/7611"}],"wp:featuredmedia":[{"embeddable":true,"href":"https:\/\/www.anovapeneira.gal\/index.php\/wp-json\/wp\/v2\/media\/7610"}],"wp:attachment":[{"href":"https:\/\/www.anovapeneira.gal\/index.php\/wp-json\/wp\/v2\/media?parent=7609"}],"wp:term":[{"taxonomy":"category","embeddable":true,"href":"https:\/\/www.anovapeneira.gal\/index.php\/wp-json\/wp\/v2\/categories?post=7609"},{"taxonomy":"post_tag","embeddable":true,"href":"https:\/\/www.anovapeneira.gal\/index.php\/wp-json\/wp\/v2\/tags?post=7609"}],"curies":[{"name":"wp","href":"https:\/\/api.w.org\/{rel}","templated":true}]}}