{"id":7612,"date":"2022-06-13T10:00:32","date_gmt":"2022-06-13T08:00:32","guid":{"rendered":"https:\/\/www.anovapeneira.gal\/?p=7612"},"modified":"2022-06-06T23:02:00","modified_gmt":"2022-06-06T21:02:00","slug":"patricia-sio-voceira-do-grupo-municipal-de-eu-son-porrino","status":"publish","type":"post","link":"https:\/\/www.anovapeneira.gal\/index.php\/2022\/06\/13\/patricia-sio-voceira-do-grupo-municipal-de-eu-son-porrino\/","title":{"rendered":"Patricia S\u00edo voceira do grupo municipal de EU Son Porri\u00f1o"},"content":{"rendered":"\n<p><strong>Patricia S\u00edo \u00e9 a voceira de EU Son no concello do Porri\u00f1o. Ela unha muller valente, coherente que cre no que fai e m\u00f3vese naqueles par\u00e1metros do programa, programa e programa que defend\u00eda o seu admirado Julio Anguita. N\u00f3s tivemos unha extensa conversa con ela na que analizamos polo mi\u00fado a situaci\u00f3n pol\u00edtica do Porri\u00f1o. Vela\u00ed vai o que deu de si<\/strong><\/p>\n\n\n\n<p>\u201c<strong>EU Son sempre cumpriu todos os seus compromisos. Quen non estivo \u00e1 altura, e d\u00edgoo con todas as letras, foi o partido socialista\u201d<\/strong><\/p>\n\n\n\n<p><strong>D\u00e1nos unha primeira valoraci\u00f3n pol\u00edtica do novo goberno do Porri\u00f1o?<\/strong><\/p>\n\n\n\n<blockquote class=\"wp-block-quote is-layout-flow wp-block-quote-is-layout-flow\"><p>\u00c9 un goberno que carece de proxecto. O goberno do PP da nosa vila, que non contaba con ser goberno, non ten proxecto para Porri\u00f1o.<\/p><\/blockquote>\n\n\n\n<p><strong>S\u00e9nteste responsable de que o PP estea neste momento gobernando no Porri\u00f1o?<\/strong><\/p>\n\n\n\n<blockquote class=\"wp-block-quote is-layout-flow wp-block-quote-is-layout-flow\"><p>De ning\u00fan modo. Do que nos sentimos responsables \u00e9 de pensar que hab\u00eda un m\u00ednimo de seriedade no grupo municipal socialista<\/p><\/blockquote>\n\n\n\n<p><strong>E non hai ese \u201cm\u00ednimo de seriedade\u201d no grupo municipal socialista?<\/strong><\/p>\n\n\n\n<blockquote class=\"wp-block-quote is-layout-flow wp-block-quote-is-layout-flow\"><p>Pois tal como se desenvolveron os acontecementos referentes ao cambio de goberno te\u00f1o que dicir que en absoluto. N\u00f3s non podemos responder polas disputas internas que existan no PSOE<\/p><\/blockquote>\n\n\n\n<p><strong>A alcald\u00eda do PP decidiuna a abstenci\u00f3n de Manuel Carrera. Este concelleiro traballa na DEP que goberna o partido socialista. Resulta incrible que David Regades non fose capaz de convencer a Carrera para que votase a favor da candidata \u00e1 alcald\u00eda que naquel momento propuxo o PSOE. Contemplas a posibilidade de que ao PSOE non lle interesase conservar a alcald\u00eda do Porri\u00f1o?<\/strong><\/p>\n\n\n\n<blockquote class=\"wp-block-quote is-layout-flow wp-block-quote-is-layout-flow\"><p>Eu tampouco mo explico. O que pasou naquel momento \u00e9 inconcibible. Se conseguiron o voto favorable de Carrera para a investidura de Eva, non resulta entendible como non o conseguiron tam\u00e9n para a candidata que presentaron os socialistas cando Eva dimitiu. N\u00f3s desde logo cumprimos o noso compromiso tanto o que demos desde O Porri\u00f1o como o que lle deu a nosa coordinadora Eva Solla a David Regades que era votar \u00e1 candidata ou candidato que presentasen eles.<\/p><\/blockquote>\n\n\n\n<p><strong>A sa\u00fade interna do grupo socialista non ten moi boa pinta pois a candidata que eles presentaron no seu momento xa deixou o grupo municipal non?<\/strong><\/p>\n\n\n\n<blockquote class=\"wp-block-quote is-layout-flow wp-block-quote-is-layout-flow\"><p>Si, non te\u00f1o idea de cales puideron ser as raz\u00f3ns m\u00e1is que polo que sa\u00edu na prensa. Pero ela \u00e9 agora concelleira non adscrita si.<\/p><\/blockquote>\n\n\n\n<p><strong>O paso do tempo Patricia, que fai ver as cousas con maior frialdade, ratif\u00edcache no cami\u00f1o pol\u00edtico que tomou EU Son naquel momento? Ou cambiar\u00edas algo se puideses?<\/strong><\/p>\n\n\n\n<blockquote class=\"wp-block-quote is-layout-flow wp-block-quote-is-layout-flow\"><p>Ratif\u00edcome absolutamente en todas as decisi\u00f3ns pol\u00edticas que tomamos nos momentos pol\u00edticos que propiciaron a dimisi\u00f3n de Eva Garc\u00eda De La Torre. N\u00f3s somos unha organizaci\u00f3n pol\u00edtica que, cos seus erros e acertos, sempre vai de fronte e sempre act\u00faa con honestidade intelectual. Podemos equivocarnos desde logo, pero EU Son sempre fai o que considera correcto, non o que sexa conveniente. O mesmo que lle pediamos ao PSOE cando gobernaba, ped\u00edmosllo ao PP agora que goberna:orzamentos e un proxecto de vila para O Porri\u00f1o.<\/p><\/blockquote>\n\n\n\n<p><strong>Cando se iniciaron as tensi\u00f3ns que desembocaron na fin do goberno socialista v\u00f3s recibistes moito, de moitos sitios diferentes. Pouco menos que vos acusaron de conivencia coa dereita .Como vos afectou a situaci\u00f3n tanto a ti persoalmente, como a agrupaci\u00f3n local de Esquerda Unida?<\/strong><\/p>\n\n\n\n<blockquote class=\"wp-block-quote is-layout-flow wp-block-quote-is-layout-flow\"><p>A min persoalmente afectoume desde o momento en que se estivo tocando \u00e1 mi\u00f1a familia<\/p><\/blockquote>\n\n\n\n<p><strong>A que te refires?<\/strong><\/p>\n\n\n\n<blockquote class=\"wp-block-quote is-layout-flow wp-block-quote-is-layout-flow\"><p>Prefiro non entrar en detalles,non paga a pena. No que se refire \u00e1 organizaci\u00f3n todas as decisi\u00f3ns foron, como non pod\u00eda ser doutra maneira, tomadas en asemblea e de maneira escrupulosamente democr\u00e1tica. O noso modo de actuar \u00e9 moi claro: programa, programa e programa. A pesar de todo foron momentos emocionalmente dur\u00edsimos polos ataques inxustos, desproporcionados, e en moitas ocasi\u00f3ns sen ter ning\u00fan tipo de relaci\u00f3n coa realidade, que recibimos.<\/p><\/blockquote>\n\n\n\n<p><strong>Os ataques non s\u00f3 foron es\u00f3xenos .Tam\u00e9n recibistes da vosa propia organizaci\u00f3n e non de calquera militante. Rub\u00e9n P\u00e9rez chegou a cualificar de \u201cinfame\u201d o voso proceder pol\u00edtico<\/strong><\/p>\n\n\n\n<blockquote class=\"wp-block-quote is-layout-flow wp-block-quote-is-layout-flow\"><p>Foi un comentario absolutamente desafortunado. Nin nos gustou nin o esperabamos. Entre compa\u00f1eiros o debate debe de ser pol\u00edtico nos organismos pertinentes. O debate moral \u00e9 desapropiado.<\/p><\/blockquote>\n\n\n\n<p><strong>Con Eva Solla que tal tedes as relaci\u00f3ns?<\/strong><\/p>\n\n\n\n<blockquote class=\"wp-block-quote is-layout-flow wp-block-quote-is-layout-flow\"><p>Perfectamente, de feito tanto Pedro Ocampo coma min formamos parte da coordinadora nacional. Ese balbordo que alg\u00fans trasladaron \u00e1s redes sociais non se reflicte na vida org\u00e1nica de Esquerda Unida. N\u00f3s cumprimos sempre os nosos compromisos, quen non estivo \u00e1 altura foi o partido socialista e d\u00edgoo con todas as letras.<\/p><\/blockquote>\n\n\n\n<p><strong>Con Alejandro Lorenzo na alcald\u00eda , ao voso xu\u00edzo, algo melloraron as cousas ou segue todo igual?<\/strong><\/p>\n\n\n\n<blockquote class=\"wp-block-quote is-layout-flow wp-block-quote-is-layout-flow\"><p>Como che dixen antes o PP do Porri\u00f1o non ten proxecto, pero o que si se lle ven \u00e9 ga\u00f1as e moita capacidade de traballo. Hai certas cousas que melloraron .Tam\u00e9n \u00e9 certo que peor era imposible<\/p><\/blockquote>\n\n\n\n<p><strong>As\u00ed de claro?<\/strong><\/p>\n\n\n\n<blockquote class=\"wp-block-quote is-layout-flow wp-block-quote-is-layout-flow\"><p>Si, as\u00ed de claro.<\/p><\/blockquote>\n\n\n\n<p><strong>Que cousas melloraron?<\/strong><\/p>\n\n\n\n<blockquote class=\"wp-block-quote is-layout-flow wp-block-quote-is-layout-flow\"><p>A limpeza e a atenci\u00f3n a algunhas zonas do casco urbano. Pero as parroquias seguen a estar igual de desatendidas. Eu insisto, traballar traballan si, pero ao chou , de maneira improvisada e sen proxecto para Porri\u00f1o<\/p><\/blockquote>\n\n\n\n<p><strong>C\u00f3ntanos o m\u00e1is importante da vosa actividade pol\u00edtica nestes meses?<\/strong><\/p>\n\n\n\n<blockquote class=\"wp-block-quote is-layout-flow wp-block-quote-is-layout-flow\"><p>Seguimos a facer achegas de maneira constate nos plenos en forma de moci\u00f3ns e rogos e preguntas. Por exemplo: xa est\u00e1 en marcha un proxecto para mellorar os aparcadoiros en Torneiros, a ra\u00edz dunha moci\u00f3n nosa, levamos unha proposta para elaborar un regulamento de participaci\u00f3n cidad\u00e1,levamos unha moci\u00f3n para que se faga unha auditor\u00eda do estado das contas do Concello<\/p><\/blockquote>\n\n\n\n<p><strong>Iso xa dixo o alcalde que o \u00eda facer non?<\/strong><\/p>\n\n\n\n<blockquote class=\"wp-block-quote is-layout-flow wp-block-quote-is-layout-flow\"><p>Si, d\u00edxoo. Pero est\u00e1 a escapar<\/p><\/blockquote>\n\n\n\n<p><strong>O estado da conta 413( aquela que recolle as facturas pendentes de pago sen partida asignada) segue sendo calamitoso?<\/strong><\/p>\n\n\n\n<blockquote class=\"wp-block-quote is-layout-flow wp-block-quote-is-layout-flow\"><p>Quitouse algo m\u00e1is dun mill\u00f3n de \u20ac pero segue sendo desastroso.<\/p><\/blockquote>\n\n\n\n<p><strong>Seguides traballando cos orzamentos do 2018 prorrogados?<\/strong><\/p>\n\n\n\n<blockquote class=\"wp-block-quote is-layout-flow wp-block-quote-is-layout-flow\"><p>Si, aprobados co noso voto coa promesa dun investimento dun mill\u00f3n de \u20ac en Torneiros<\/p><\/blockquote>\n\n\n\n<p><strong>Cumpriuse esa promesa?<\/strong><\/p>\n\n\n\n<blockquote class=\"wp-block-quote is-layout-flow wp-block-quote-is-layout-flow\"><p>Non, en absoluto.<\/p><\/blockquote>\n\n\n\n<p><strong>Non se fixo ning\u00fan tipo de investimento en Torneiros?<\/strong><\/p>\n\n\n\n<blockquote class=\"wp-block-quote is-layout-flow wp-block-quote-is-layout-flow\"><p>S\u00f3 mantemento ordinario. N\u00f3s o que pedimos foi un estudo multi disciplinar sobre a situaci\u00f3n de Torneiros para desenvolver un proxecto integral de actuaci\u00f3n global nesa parroquia<\/p><\/blockquote>\n\n\n\n<p><strong>Que \u00e9 na que vives ti?<\/strong><\/p>\n\n\n\n<blockquote class=\"wp-block-quote is-layout-flow wp-block-quote-is-layout-flow\"><p>Efectivamente e sei ben do que falo. En Torneiros, que \u00e9 o segundo n\u00facleo de poboaci\u00f3n m\u00e1is importante despois do casco urbano, estamos illados en todos os aspectos. E Torneiros require actuaci\u00f3ns urxentes de todas as administraci\u00f3ns que debe liderar o noso Concello.<\/p><\/blockquote>\n\n\n\n<p><strong>Como est\u00e1 o asunto da ampliaci\u00f3n do centro de sa\u00fade?<\/strong><\/p>\n\n\n\n<blockquote class=\"wp-block-quote is-layout-flow wp-block-quote-is-layout-flow\"><p>O 14 de febreiro formalizouse o contrato de ampliaci\u00f3n. Todo isto ven do 2007 que foi cando o concello cedeu a parcela. Seica van arrincar as obras .Te\u00f1en 18 meses de prazo de execuci\u00f3n sen posibilidade de pr\u00f3rroga. O que parece \u00e9 que os tempos van casando para que cadre coa campa\u00f1a electoral das municipais do ano pr\u00f3ximo<\/p><\/blockquote>\n\n\n\n<p><strong>Antes falamos de Torneiros e eu quero preguntarche por dous temas relevantes que atinxen a esa parroquia: O Lindano e o Centro de transportes.<\/strong><\/p>\n\n\n\n<p><strong>Vaiamos co Lindano?<\/strong><\/p>\n\n\n\n<blockquote class=\"wp-block-quote is-layout-flow wp-block-quote-is-layout-flow\"><p>Aos poucos de tomar posesi\u00f3n o goberno do PP re\u00fanense coa delegada da Xunta e anuncian unha cantidade moi importante para comezar a descontaminar a zona do Contrasto. E desde esa non se fixo nada en absoluto. Ese problema,lonxe de diminu\u00edr, medrou. A d\u00eda de hoxe do Porri\u00f1o non se quitou Lindano<\/p><\/blockquote>\n\n\n\n<p><strong>Agora co Centro de transporte?<\/strong><\/p>\n\n\n\n<blockquote class=\"wp-block-quote is-layout-flow wp-block-quote-is-layout-flow\"><p>A finais do ano pasado comezou o ruxe ruxe que apuntaba a que consorcio da Zona Franca de Vigo quer\u00eda instalalo na parroquia de Torneiros. Todo foi notas de prensa e informaci\u00f3n que penduraron na s\u00faa p\u00e1xina porque ao Concello non lle comunicaron nada. A xente comezou a alarmarse pois queda ao lado dos pol\u00edgonos de vivendas e cando digo ao lado estou a falar literalmente. Ser\u00edan centos de cami\u00f3ns os que mover\u00eda ao d\u00eda, haber\u00eda unha estaci\u00f3n de servizo, un hotel e varios establecementos de hostalar\u00eda<\/p><\/blockquote>\n\n\n\n<p><strong>Xa vexo que a t\u00faa valoraci\u00f3n \u00e9 negativa?<\/strong><\/p>\n\n\n\n<blockquote class=\"wp-block-quote is-layout-flow wp-block-quote-is-layout-flow\"><p>Absolutamente, pois a calidade de vida da veci\u00f1anza de Torneiros ver\u00edase notablemente prexudicada. Haber\u00eda ru\u00eddos, gases,mercador\u00edas perigosas, contaminaci\u00f3n lum\u00ednica, un volume xigantesco de tr\u00e1fico e todo tipo de molestias&#8230;..<\/p><\/blockquote>\n\n\n\n<p><strong>Cal \u00e9 a posici\u00f3n do goberno?<\/strong><\/p>\n\n\n\n<blockquote class=\"wp-block-quote is-layout-flow wp-block-quote-is-layout-flow\"><p>Eu o que vexo e que nin PP nin PSOE se queren significar neste asunto. N\u00f3s o que non queremos \u00e9 converternos no cortello de Vigo. E se tragamos coa central de transporte o que fariamos ser\u00eda asumilo. Por outra parte quixera deixar claro que quen ten que liderar esta loita \u00e9 o alcalde. El di que haber\u00e1 unha resposta contundente por parte do Concello pero eu non lla vexo por ningunha parte.<\/p><\/blockquote>\n\n\n\n<p><strong>Queda pouco para as vindeiras municipais. Vas ser a candidata a alcald\u00eda do teu espazo pol\u00edtico?<\/strong><\/p>\n\n\n\n<blockquote class=\"wp-block-quote is-layout-flow wp-block-quote-is-layout-flow\"><p>Eu son unha militante disciplinada que sempre vai estar no lugar que me sit\u00faen os compa\u00f1eiros e compa\u00f1eiras<\/p><\/blockquote>\n\n\n\n<p><strong>Se tes a confianza maioritaria do corpo de militantes do Porri\u00f1o ti queres ser a candidata a alcald\u00eda?<\/strong><\/p>\n\n\n\n<blockquote class=\"wp-block-quote is-layout-flow wp-block-quote-is-layout-flow\"><p>Eu estou moi ben, con moitos \u00e1nimos e con folgos de abondo para tratar de conquistar os coraz\u00f3ns de moitos m\u00e1is porri\u00f1eses e porri\u00f1esas. Con toda a humildade pero tam\u00e9n con toda a contundencia quixera dicir que EU Son Porri\u00f1o ten moito que achegar para contribu\u00edr ao ben com\u00fan. Ese e non outro, o ben com\u00fan da maior\u00eda, \u00e9 o motivo polo que estamos en pol\u00edtica.<\/p><\/blockquote>\n","protected":false},"excerpt":{"rendered":"<div class=\"mh-excerpt\"><p>Patricia S\u00edo \u00e9 a voceira de EU Son no concello do Porri\u00f1o. Ela unha muller valente, coherente que cre no que fai e m\u00f3vese naqueles par\u00e1metros do programa, programa e programa que defend\u00eda o seu admirado Julio Anguita <a class=\"mh-excerpt-more\" href=\"https:\/\/www.anovapeneira.gal\/index.php\/2022\/06\/13\/patricia-sio-voceira-do-grupo-municipal-de-eu-son-porrino\/\" title=\"Patricia S\u00edo voceira do grupo municipal de EU Son Porri\u00f1o\">[&#8230;]<\/a><\/p>\n<\/div>","protected":false},"author":3,"featured_media":7614,"comment_status":"open","ping_status":"open","sticky":false,"template":"","format":"standard","meta":{"_exactmetrics_skip_tracking":false,"_exactmetrics_sitenote_active":false,"_exactmetrics_sitenote_note":"","_exactmetrics_sitenote_category":0,"footnotes":""},"categories":[23],"tags":[411],"class_list":{"0":"post-7612","1":"post","2":"type-post","3":"status-publish","4":"format-standard","5":"has-post-thumbnail","7":"category-a-lourina","8":"tag-concello-do-porrino"},"yoast_head":"<!-- This site is optimized with the Yoast SEO plugin v27.4 - https:\/\/yoast.com\/product\/yoast-seo-wordpress\/ -->\n<title>Patricia S\u00edo voceira do grupo municipal de EU Son Porri\u00f1o -<\/title>\n<meta name=\"description\" content=\"Patricia S\u00edo \u00e9 a voceira de EU Son no concello do Porri\u00f1o. Ela unha muller valente, coherente que cre no que fai e m\u00f3vese naqueles par\u00e1metros do programa, programa e programa que defend\u00eda o seu admirado Julio Anguita\" \/>\n<meta name=\"robots\" content=\"index, follow, max-snippet:-1, max-image-preview:large, max-video-preview:-1\" \/>\n<link rel=\"canonical\" href=\"https:\/\/www.anovapeneira.gal\/index.php\/2022\/06\/13\/patricia-sio-voceira-do-grupo-municipal-de-eu-son-porrino\/\" \/>\n<meta property=\"og:locale\" content=\"gl_ES\" \/>\n<meta property=\"og:type\" content=\"article\" \/>\n<meta property=\"og:title\" content=\"Patricia S\u00edo voceira do grupo municipal de EU Son Porri\u00f1o -\" \/>\n<meta property=\"og:description\" content=\"Patricia S\u00edo \u00e9 a voceira de EU Son no concello do Porri\u00f1o. Ela unha muller valente, coherente que cre no que fai e m\u00f3vese naqueles par\u00e1metros do programa, programa e programa que defend\u00eda o seu admirado Julio Anguita\" \/>\n<meta property=\"og:url\" content=\"https:\/\/www.anovapeneira.gal\/index.php\/2022\/06\/13\/patricia-sio-voceira-do-grupo-municipal-de-eu-son-porrino\/\" \/>\n<meta property=\"article:publisher\" content=\"https:\/\/www.facebook.com\/anovapeneira\" \/>\n<meta property=\"article:published_time\" content=\"2022-06-13T08:00:32+00:00\" \/>\n<meta property=\"og:image\" content=\"https:\/\/www.anovapeneira.gal\/wp-content\/uploads\/2022\/06\/patricia_sio.jpg\" \/>\n\t<meta property=\"og:image:width\" content=\"720\" \/>\n\t<meta property=\"og:image:height\" content=\"432\" \/>\n\t<meta property=\"og:image:type\" content=\"image\/jpeg\" \/>\n<meta name=\"author\" content=\"Redacci\u00f3n A Nova Peneira\" \/>\n<meta name=\"twitter:card\" content=\"summary_large_image\" \/>\n<meta name=\"twitter:creator\" content=\"@APeneira\" \/>\n<meta name=\"twitter:site\" content=\"@APeneira\" \/>\n<meta name=\"twitter:label1\" content=\"Escrito por\" \/>\n\t<meta name=\"twitter:data1\" content=\"Redacci\u00f3n A Nova Peneira\" \/>\n\t<meta name=\"twitter:label2\" content=\"Tempo de lectura\" \/>\n\t<meta name=\"twitter:data2\" content=\"9 minutos\" \/>\n<script type=\"application\/ld+json\" class=\"yoast-schema-graph\">{\"@context\":\"https:\\\/\\\/schema.org\",\"@graph\":[{\"@type\":\"Article\",\"@id\":\"https:\\\/\\\/www.anovapeneira.gal\\\/index.php\\\/2022\\\/06\\\/13\\\/patricia-sio-voceira-do-grupo-municipal-de-eu-son-porrino\\\/#article\",\"isPartOf\":{\"@id\":\"https:\\\/\\\/www.anovapeneira.gal\\\/index.php\\\/2022\\\/06\\\/13\\\/patricia-sio-voceira-do-grupo-municipal-de-eu-son-porrino\\\/\"},\"author\":{\"name\":\"Redacci\u00f3n A Nova Peneira\",\"@id\":\"https:\\\/\\\/www.anovapeneira.gal\\\/#\\\/schema\\\/person\\\/b93e3f8932e3f8da96334607eb6ac6aa\"},\"headline\":\"Patricia S\u00edo voceira do grupo municipal de EU Son Porri\u00f1o\",\"datePublished\":\"2022-06-13T08:00:32+00:00\",\"mainEntityOfPage\":{\"@id\":\"https:\\\/\\\/www.anovapeneira.gal\\\/index.php\\\/2022\\\/06\\\/13\\\/patricia-sio-voceira-do-grupo-municipal-de-eu-son-porrino\\\/\"},\"wordCount\":1695,\"commentCount\":0,\"publisher\":{\"@id\":\"https:\\\/\\\/www.anovapeneira.gal\\\/#organization\"},\"image\":{\"@id\":\"https:\\\/\\\/www.anovapeneira.gal\\\/index.php\\\/2022\\\/06\\\/13\\\/patricia-sio-voceira-do-grupo-municipal-de-eu-son-porrino\\\/#primaryimage\"},\"thumbnailUrl\":\"https:\\\/\\\/www.anovapeneira.gal\\\/wp-content\\\/uploads\\\/2022\\\/06\\\/patricia_sio.jpg\",\"keywords\":[\"Concello do Porri\u00f1o\"],\"articleSection\":[\"A Louri\u00f1a\"],\"inLanguage\":\"gl-ES\",\"potentialAction\":[{\"@type\":\"CommentAction\",\"name\":\"Comment\",\"target\":[\"https:\\\/\\\/www.anovapeneira.gal\\\/index.php\\\/2022\\\/06\\\/13\\\/patricia-sio-voceira-do-grupo-municipal-de-eu-son-porrino\\\/#respond\"]}]},{\"@type\":\"WebPage\",\"@id\":\"https:\\\/\\\/www.anovapeneira.gal\\\/index.php\\\/2022\\\/06\\\/13\\\/patricia-sio-voceira-do-grupo-municipal-de-eu-son-porrino\\\/\",\"url\":\"https:\\\/\\\/www.anovapeneira.gal\\\/index.php\\\/2022\\\/06\\\/13\\\/patricia-sio-voceira-do-grupo-municipal-de-eu-son-porrino\\\/\",\"name\":\"Patricia S\u00edo voceira do grupo municipal de EU Son Porri\u00f1o -\",\"isPartOf\":{\"@id\":\"https:\\\/\\\/www.anovapeneira.gal\\\/#website\"},\"primaryImageOfPage\":{\"@id\":\"https:\\\/\\\/www.anovapeneira.gal\\\/index.php\\\/2022\\\/06\\\/13\\\/patricia-sio-voceira-do-grupo-municipal-de-eu-son-porrino\\\/#primaryimage\"},\"image\":{\"@id\":\"https:\\\/\\\/www.anovapeneira.gal\\\/index.php\\\/2022\\\/06\\\/13\\\/patricia-sio-voceira-do-grupo-municipal-de-eu-son-porrino\\\/#primaryimage\"},\"thumbnailUrl\":\"https:\\\/\\\/www.anovapeneira.gal\\\/wp-content\\\/uploads\\\/2022\\\/06\\\/patricia_sio.jpg\",\"datePublished\":\"2022-06-13T08:00:32+00:00\",\"description\":\"Patricia S\u00edo \u00e9 a voceira de EU Son no concello do Porri\u00f1o. Ela unha muller valente, coherente que cre no que fai e m\u00f3vese naqueles par\u00e1metros do programa, programa e programa que defend\u00eda o seu admirado Julio Anguita\",\"breadcrumb\":{\"@id\":\"https:\\\/\\\/www.anovapeneira.gal\\\/index.php\\\/2022\\\/06\\\/13\\\/patricia-sio-voceira-do-grupo-municipal-de-eu-son-porrino\\\/#breadcrumb\"},\"inLanguage\":\"gl-ES\",\"potentialAction\":[{\"@type\":\"ReadAction\",\"target\":[\"https:\\\/\\\/www.anovapeneira.gal\\\/index.php\\\/2022\\\/06\\\/13\\\/patricia-sio-voceira-do-grupo-municipal-de-eu-son-porrino\\\/\"]}]},{\"@type\":\"ImageObject\",\"inLanguage\":\"gl-ES\",\"@id\":\"https:\\\/\\\/www.anovapeneira.gal\\\/index.php\\\/2022\\\/06\\\/13\\\/patricia-sio-voceira-do-grupo-municipal-de-eu-son-porrino\\\/#primaryimage\",\"url\":\"https:\\\/\\\/www.anovapeneira.gal\\\/wp-content\\\/uploads\\\/2022\\\/06\\\/patricia_sio.jpg\",\"contentUrl\":\"https:\\\/\\\/www.anovapeneira.gal\\\/wp-content\\\/uploads\\\/2022\\\/06\\\/patricia_sio.jpg\",\"width\":720,\"height\":432,\"caption\":\"Patricia S\u00edo\"},{\"@type\":\"BreadcrumbList\",\"@id\":\"https:\\\/\\\/www.anovapeneira.gal\\\/index.php\\\/2022\\\/06\\\/13\\\/patricia-sio-voceira-do-grupo-municipal-de-eu-son-porrino\\\/#breadcrumb\",\"itemListElement\":[{\"@type\":\"ListItem\",\"position\":1,\"name\":\"Portada\",\"item\":\"https:\\\/\\\/www.anovapeneira.gal\\\/\"},{\"@type\":\"ListItem\",\"position\":2,\"name\":\"Patricia S\u00edo voceira do grupo municipal de EU Son Porri\u00f1o\"}]},{\"@type\":\"WebSite\",\"@id\":\"https:\\\/\\\/www.anovapeneira.gal\\\/#website\",\"url\":\"https:\\\/\\\/www.anovapeneira.gal\\\/\",\"name\":\"\",\"description\":\"Xornal galego de informaci\u00f3n xeral Publicaci\u00f3n mensual de novas de Galicia e en especial dos Concellos da sur da provincia de Pontevedra.\",\"publisher\":{\"@id\":\"https:\\\/\\\/www.anovapeneira.gal\\\/#organization\"},\"potentialAction\":[{\"@type\":\"SearchAction\",\"target\":{\"@type\":\"EntryPoint\",\"urlTemplate\":\"https:\\\/\\\/www.anovapeneira.gal\\\/?s={search_term_string}\"},\"query-input\":{\"@type\":\"PropertyValueSpecification\",\"valueRequired\":true,\"valueName\":\"search_term_string\"}}],\"inLanguage\":\"gl-ES\"},{\"@type\":\"Organization\",\"@id\":\"https:\\\/\\\/www.anovapeneira.gal\\\/#organization\",\"name\":\"A Nova Peneira\",\"url\":\"https:\\\/\\\/www.anovapeneira.gal\\\/\",\"logo\":{\"@type\":\"ImageObject\",\"inLanguage\":\"gl-ES\",\"@id\":\"https:\\\/\\\/www.anovapeneira.gal\\\/#\\\/schema\\\/logo\\\/image\\\/\",\"url\":\"http:\\\/\\\/www.anovapeneira.gal\\\/wp-content\\\/uploads\\\/2019\\\/06\\\/logo_a_nova_peneira_portal_web.png\",\"contentUrl\":\"http:\\\/\\\/www.anovapeneira.gal\\\/wp-content\\\/uploads\\\/2019\\\/06\\\/logo_a_nova_peneira_portal_web.png\",\"width\":300,\"height\":100,\"caption\":\"A Nova Peneira\"},\"image\":{\"@id\":\"https:\\\/\\\/www.anovapeneira.gal\\\/#\\\/schema\\\/logo\\\/image\\\/\"},\"sameAs\":[\"https:\\\/\\\/www.facebook.com\\\/anovapeneira\",\"https:\\\/\\\/x.com\\\/APeneira\"]},{\"@type\":\"Person\",\"@id\":\"https:\\\/\\\/www.anovapeneira.gal\\\/#\\\/schema\\\/person\\\/b93e3f8932e3f8da96334607eb6ac6aa\",\"name\":\"Redacci\u00f3n A Nova Peneira\",\"image\":{\"@type\":\"ImageObject\",\"inLanguage\":\"gl-ES\",\"@id\":\"https:\\\/\\\/secure.gravatar.com\\\/avatar\\\/c052a2551a06e23fac63626232eaa90abd78dbcf1700fc46a2b2c89fd27b735f?s=96&d=mm&r=g\",\"url\":\"https:\\\/\\\/secure.gravatar.com\\\/avatar\\\/c052a2551a06e23fac63626232eaa90abd78dbcf1700fc46a2b2c89fd27b735f?s=96&d=mm&r=g\",\"contentUrl\":\"https:\\\/\\\/secure.gravatar.com\\\/avatar\\\/c052a2551a06e23fac63626232eaa90abd78dbcf1700fc46a2b2c89fd27b735f?s=96&d=mm&r=g\",\"caption\":\"Redacci\u00f3n A Nova Peneira\"},\"sameAs\":[\"http:\\\/\\\/www.anovapeneira.gal\\\/\"],\"url\":\"https:\\\/\\\/www.anovapeneira.gal\\\/index.php\\\/author\\\/redactor\\\/\"}]}<\/script>\n<!-- \/ Yoast SEO plugin. -->","yoast_head_json":{"title":"Patricia S\u00edo voceira do grupo municipal de EU Son Porri\u00f1o -","description":"Patricia S\u00edo \u00e9 a voceira de EU Son no concello do Porri\u00f1o. Ela unha muller valente, coherente que cre no que fai e m\u00f3vese naqueles par\u00e1metros do programa, programa e programa que defend\u00eda o seu admirado Julio Anguita","robots":{"index":"index","follow":"follow","max-snippet":"max-snippet:-1","max-image-preview":"max-image-preview:large","max-video-preview":"max-video-preview:-1"},"canonical":"https:\/\/www.anovapeneira.gal\/index.php\/2022\/06\/13\/patricia-sio-voceira-do-grupo-municipal-de-eu-son-porrino\/","og_locale":"gl_ES","og_type":"article","og_title":"Patricia S\u00edo voceira do grupo municipal de EU Son Porri\u00f1o -","og_description":"Patricia S\u00edo \u00e9 a voceira de EU Son no concello do Porri\u00f1o. Ela unha muller valente, coherente que cre no que fai e m\u00f3vese naqueles par\u00e1metros do programa, programa e programa que defend\u00eda o seu admirado Julio Anguita","og_url":"https:\/\/www.anovapeneira.gal\/index.php\/2022\/06\/13\/patricia-sio-voceira-do-grupo-municipal-de-eu-son-porrino\/","article_publisher":"https:\/\/www.facebook.com\/anovapeneira","article_published_time":"2022-06-13T08:00:32+00:00","og_image":[{"width":720,"height":432,"url":"https:\/\/www.anovapeneira.gal\/wp-content\/uploads\/2022\/06\/patricia_sio.jpg","type":"image\/jpeg"}],"author":"Redacci\u00f3n A Nova Peneira","twitter_card":"summary_large_image","twitter_creator":"@APeneira","twitter_site":"@APeneira","twitter_misc":{"Escrito por":"Redacci\u00f3n A Nova Peneira","Tempo de lectura":"9 minutos"},"schema":{"@context":"https:\/\/schema.org","@graph":[{"@type":"Article","@id":"https:\/\/www.anovapeneira.gal\/index.php\/2022\/06\/13\/patricia-sio-voceira-do-grupo-municipal-de-eu-son-porrino\/#article","isPartOf":{"@id":"https:\/\/www.anovapeneira.gal\/index.php\/2022\/06\/13\/patricia-sio-voceira-do-grupo-municipal-de-eu-son-porrino\/"},"author":{"name":"Redacci\u00f3n A Nova Peneira","@id":"https:\/\/www.anovapeneira.gal\/#\/schema\/person\/b93e3f8932e3f8da96334607eb6ac6aa"},"headline":"Patricia S\u00edo voceira do grupo municipal de EU Son Porri\u00f1o","datePublished":"2022-06-13T08:00:32+00:00","mainEntityOfPage":{"@id":"https:\/\/www.anovapeneira.gal\/index.php\/2022\/06\/13\/patricia-sio-voceira-do-grupo-municipal-de-eu-son-porrino\/"},"wordCount":1695,"commentCount":0,"publisher":{"@id":"https:\/\/www.anovapeneira.gal\/#organization"},"image":{"@id":"https:\/\/www.anovapeneira.gal\/index.php\/2022\/06\/13\/patricia-sio-voceira-do-grupo-municipal-de-eu-son-porrino\/#primaryimage"},"thumbnailUrl":"https:\/\/www.anovapeneira.gal\/wp-content\/uploads\/2022\/06\/patricia_sio.jpg","keywords":["Concello do Porri\u00f1o"],"articleSection":["A Louri\u00f1a"],"inLanguage":"gl-ES","potentialAction":[{"@type":"CommentAction","name":"Comment","target":["https:\/\/www.anovapeneira.gal\/index.php\/2022\/06\/13\/patricia-sio-voceira-do-grupo-municipal-de-eu-son-porrino\/#respond"]}]},{"@type":"WebPage","@id":"https:\/\/www.anovapeneira.gal\/index.php\/2022\/06\/13\/patricia-sio-voceira-do-grupo-municipal-de-eu-son-porrino\/","url":"https:\/\/www.anovapeneira.gal\/index.php\/2022\/06\/13\/patricia-sio-voceira-do-grupo-municipal-de-eu-son-porrino\/","name":"Patricia S\u00edo voceira do grupo municipal de EU Son Porri\u00f1o -","isPartOf":{"@id":"https:\/\/www.anovapeneira.gal\/#website"},"primaryImageOfPage":{"@id":"https:\/\/www.anovapeneira.gal\/index.php\/2022\/06\/13\/patricia-sio-voceira-do-grupo-municipal-de-eu-son-porrino\/#primaryimage"},"image":{"@id":"https:\/\/www.anovapeneira.gal\/index.php\/2022\/06\/13\/patricia-sio-voceira-do-grupo-municipal-de-eu-son-porrino\/#primaryimage"},"thumbnailUrl":"https:\/\/www.anovapeneira.gal\/wp-content\/uploads\/2022\/06\/patricia_sio.jpg","datePublished":"2022-06-13T08:00:32+00:00","description":"Patricia S\u00edo \u00e9 a voceira de EU Son no concello do Porri\u00f1o. Ela unha muller valente, coherente que cre no que fai e m\u00f3vese naqueles par\u00e1metros do programa, programa e programa que defend\u00eda o seu admirado Julio Anguita","breadcrumb":{"@id":"https:\/\/www.anovapeneira.gal\/index.php\/2022\/06\/13\/patricia-sio-voceira-do-grupo-municipal-de-eu-son-porrino\/#breadcrumb"},"inLanguage":"gl-ES","potentialAction":[{"@type":"ReadAction","target":["https:\/\/www.anovapeneira.gal\/index.php\/2022\/06\/13\/patricia-sio-voceira-do-grupo-municipal-de-eu-son-porrino\/"]}]},{"@type":"ImageObject","inLanguage":"gl-ES","@id":"https:\/\/www.anovapeneira.gal\/index.php\/2022\/06\/13\/patricia-sio-voceira-do-grupo-municipal-de-eu-son-porrino\/#primaryimage","url":"https:\/\/www.anovapeneira.gal\/wp-content\/uploads\/2022\/06\/patricia_sio.jpg","contentUrl":"https:\/\/www.anovapeneira.gal\/wp-content\/uploads\/2022\/06\/patricia_sio.jpg","width":720,"height":432,"caption":"Patricia S\u00edo"},{"@type":"BreadcrumbList","@id":"https:\/\/www.anovapeneira.gal\/index.php\/2022\/06\/13\/patricia-sio-voceira-do-grupo-municipal-de-eu-son-porrino\/#breadcrumb","itemListElement":[{"@type":"ListItem","position":1,"name":"Portada","item":"https:\/\/www.anovapeneira.gal\/"},{"@type":"ListItem","position":2,"name":"Patricia S\u00edo voceira do grupo municipal de EU Son Porri\u00f1o"}]},{"@type":"WebSite","@id":"https:\/\/www.anovapeneira.gal\/#website","url":"https:\/\/www.anovapeneira.gal\/","name":"","description":"Xornal galego de informaci\u00f3n xeral Publicaci\u00f3n mensual de novas de Galicia e en especial dos Concellos da sur da provincia de Pontevedra.","publisher":{"@id":"https:\/\/www.anovapeneira.gal\/#organization"},"potentialAction":[{"@type":"SearchAction","target":{"@type":"EntryPoint","urlTemplate":"https:\/\/www.anovapeneira.gal\/?s={search_term_string}"},"query-input":{"@type":"PropertyValueSpecification","valueRequired":true,"valueName":"search_term_string"}}],"inLanguage":"gl-ES"},{"@type":"Organization","@id":"https:\/\/www.anovapeneira.gal\/#organization","name":"A Nova Peneira","url":"https:\/\/www.anovapeneira.gal\/","logo":{"@type":"ImageObject","inLanguage":"gl-ES","@id":"https:\/\/www.anovapeneira.gal\/#\/schema\/logo\/image\/","url":"http:\/\/www.anovapeneira.gal\/wp-content\/uploads\/2019\/06\/logo_a_nova_peneira_portal_web.png","contentUrl":"http:\/\/www.anovapeneira.gal\/wp-content\/uploads\/2019\/06\/logo_a_nova_peneira_portal_web.png","width":300,"height":100,"caption":"A Nova Peneira"},"image":{"@id":"https:\/\/www.anovapeneira.gal\/#\/schema\/logo\/image\/"},"sameAs":["https:\/\/www.facebook.com\/anovapeneira","https:\/\/x.com\/APeneira"]},{"@type":"Person","@id":"https:\/\/www.anovapeneira.gal\/#\/schema\/person\/b93e3f8932e3f8da96334607eb6ac6aa","name":"Redacci\u00f3n A Nova Peneira","image":{"@type":"ImageObject","inLanguage":"gl-ES","@id":"https:\/\/secure.gravatar.com\/avatar\/c052a2551a06e23fac63626232eaa90abd78dbcf1700fc46a2b2c89fd27b735f?s=96&d=mm&r=g","url":"https:\/\/secure.gravatar.com\/avatar\/c052a2551a06e23fac63626232eaa90abd78dbcf1700fc46a2b2c89fd27b735f?s=96&d=mm&r=g","contentUrl":"https:\/\/secure.gravatar.com\/avatar\/c052a2551a06e23fac63626232eaa90abd78dbcf1700fc46a2b2c89fd27b735f?s=96&d=mm&r=g","caption":"Redacci\u00f3n A Nova Peneira"},"sameAs":["http:\/\/www.anovapeneira.gal\/"],"url":"https:\/\/www.anovapeneira.gal\/index.php\/author\/redactor\/"}]}},"jetpack_featured_media_url":"https:\/\/www.anovapeneira.gal\/wp-content\/uploads\/2022\/06\/patricia_sio.jpg","_links":{"self":[{"href":"https:\/\/www.anovapeneira.gal\/index.php\/wp-json\/wp\/v2\/posts\/7612","targetHints":{"allow":["GET"]}}],"collection":[{"href":"https:\/\/www.anovapeneira.gal\/index.php\/wp-json\/wp\/v2\/posts"}],"about":[{"href":"https:\/\/www.anovapeneira.gal\/index.php\/wp-json\/wp\/v2\/types\/post"}],"author":[{"embeddable":true,"href":"https:\/\/www.anovapeneira.gal\/index.php\/wp-json\/wp\/v2\/users\/3"}],"replies":[{"embeddable":true,"href":"https:\/\/www.anovapeneira.gal\/index.php\/wp-json\/wp\/v2\/comments?post=7612"}],"version-history":[{"count":1,"href":"https:\/\/www.anovapeneira.gal\/index.php\/wp-json\/wp\/v2\/posts\/7612\/revisions"}],"predecessor-version":[{"id":7613,"href":"https:\/\/www.anovapeneira.gal\/index.php\/wp-json\/wp\/v2\/posts\/7612\/revisions\/7613"}],"wp:featuredmedia":[{"embeddable":true,"href":"https:\/\/www.anovapeneira.gal\/index.php\/wp-json\/wp\/v2\/media\/7614"}],"wp:attachment":[{"href":"https:\/\/www.anovapeneira.gal\/index.php\/wp-json\/wp\/v2\/media?parent=7612"}],"wp:term":[{"taxonomy":"category","embeddable":true,"href":"https:\/\/www.anovapeneira.gal\/index.php\/wp-json\/wp\/v2\/categories?post=7612"},{"taxonomy":"post_tag","embeddable":true,"href":"https:\/\/www.anovapeneira.gal\/index.php\/wp-json\/wp\/v2\/tags?post=7612"}],"curies":[{"name":"wp","href":"https:\/\/api.w.org\/{rel}","templated":true}]}}