{"id":7615,"date":"2022-06-13T12:00:26","date_gmt":"2022-06-13T10:00:26","guid":{"rendered":"https:\/\/www.anovapeneira.gal\/?p=7615"},"modified":"2022-06-06T23:07:37","modified_gmt":"2022-06-06T21:07:37","slug":"lano-alonso-concelleiro-de-en-marea-en-tui","status":"publish","type":"post","link":"https:\/\/www.anovapeneira.gal\/index.php\/2022\/06\/13\/lano-alonso-concelleiro-de-en-marea-en-tui\/","title":{"rendered":"Lano Alonso concelleiro de En Marea en Tui"},"content":{"rendered":"\n<p><strong>Nas elecci\u00f3ns municipais do 19 o socialista Enrique Cabaleiro estivo a un pelo da maior\u00eda absoluta pois obtivo oito actas( case nove) de 17, e foi Lano Alonso, concelleiro de En Marea o que lle deu a maior\u00eda aritm\u00e9tica da corporaci\u00f3n ao entrar a formar parte dese goberno. Por\u00e9n, en setembro do ano anterior, Lano decidiu deixar o goberno e pasar a formar parte da oposici\u00f3n despois de non lograr o compromiso do alcalde para mudar a elevad\u00edsima taxa de lixo que pagan os hoteis da cidade tudense. N\u00f3s conversamos con el<\/strong><\/p>\n\n\n\n<p>\u201c <strong>A mi\u00f1a decisi\u00f3n de abandonar o goberno de Tui foi absolutamente coherente\u201d<\/strong><\/p>\n\n\n\n<p><strong>A decisi\u00f3n que tomaches hai 9 meses de deixar o goberno de Tui ,hoxe, consid\u00e9rala acertada ou desacertada?<\/strong><\/p>\n\n\n\n<blockquote class=\"wp-block-quote is-layout-flow wp-block-quote-is-layout-flow\"><p>Consid\u00e9roa coherente. Cando constitu\u00edmos o goberno acordamos unha serie de medidas, unha delas a modificaci\u00f3n da ordenanza do lixo, porque hai sete empresas que est\u00e1n a pagar unha barbaridade e eu ti\u00f1a o compromiso de acabar con esa flagrante inxustiza.<\/p><\/blockquote>\n\n\n\n<p><strong>Non se fixo nada ao respecto?<\/strong><\/p>\n\n\n\n<blockquote class=\"wp-block-quote is-layout-flow wp-block-quote-is-layout-flow\"><p>Si, pero houbo certo desleixo por parte da conceller\u00eda de facenda do PSOE, ata o punto de que tardaron 7 meses en contestar un correo da empresa , coa que contactei, para que comezara a traballar sobre este asunto. Eu levaba dous anos e medio pregunt\u00e1ndolle ao alcalde constantemente sobre este tema e el sempre me dic\u00eda que que estaban co estudo de custes. Cando eu co\u00f1ezo que o devandito estudo levaba 7 meses na mesa dunha concelleira cabr\u00e9ome e po\u00f1o unha data l\u00edmite<\/p><\/blockquote>\n\n\n\n<p><strong>E pux\u00e9chela?<\/strong><\/p>\n\n\n\n<blockquote class=\"wp-block-quote is-layout-flow wp-block-quote-is-layout-flow\"><p>Si, no mes de marzo do ano pasado dixen que se no pleno de xullo non hab\u00eda ning\u00fan movemento ao respecto abandonariamos o goberno<\/p><\/blockquote>\n\n\n\n<p><strong>Este problema s\u00f3 afecta a 7 hoteis, para eles \u00e9 moi relevante claro, pero para o concello non parece importante a minoraci\u00f3n de ingresos que resultar\u00eda da diminuci\u00f3n desa taxa, non?<\/strong><\/p>\n\n\n\n<blockquote class=\"wp-block-quote is-layout-flow wp-block-quote-is-layout-flow\"><p>Si, e non \u00e9 s\u00f3 iso, pois para un concello que xera 4 mill\u00f3ns de \u20ac de remanente de tesourer\u00eda non sup\u00f3n nada o feito de recadar un pouco menos nesa taxa. Por outra parte a veci\u00f1anza das parroquias de Tui paga unha taxa de lixo moi baixa, algo m\u00e1is de 13\u20ac ao trimestre, e unha proposta razoable ser\u00eda que pagasen 1\u20ac e pico m\u00e1is ao trimestre ata 15\u20ac, \u00e9 dicir 60\u20ac ao ano , co que xa se compensar\u00eda de sobra a rebaixa aos hoteis. Esa taxa dos hoteis \u00e9 das m\u00e1is caras de Espa\u00f1a e est\u00e1 totalmente inxustificada<\/p><\/blockquote>\n\n\n\n<p><strong>Nove meses despois da t\u00faa sa\u00edda do goberno o problema segue sen solucionarse?<\/strong><\/p>\n\n\n\n<blockquote class=\"wp-block-quote is-layout-flow wp-block-quote-is-layout-flow\"><p>Si, e moito me temo que non se arranxe porque non hai vontade pol\u00edtica de facelo. O partido socialista non soubo calibrar que a decisi\u00f3n de En Marea \u00eda ser firme e iso que desde o mes de marzo do ano pasado estaban m\u00e1is que avisados.<\/p><\/blockquote>\n\n\n\n<p><strong>Sufriches presi\u00f3ns para que non deixaras o goberno?<\/strong><\/p>\n\n\n\n<blockquote class=\"wp-block-quote is-layout-flow wp-block-quote-is-layout-flow\"><p>Non. Alg\u00fans compa\u00f1eiros do PSOE dix\u00e9ronme que non o fixera que o problema \u00edase arranxar &#8230;pero eu non as cualificar\u00eda como presi\u00f3ns. Pero eu era concelleiro de Turismo e non pod\u00eda mirar para outro lado: 8.800\u20ac pagan 3 hoteis, 7.500\u20ac pagan dous e 5.700\u20ac pagan outros dous. E f\u00edxate que cando pecharon pola pandemia, facturando 0\u20ac, a taxa tiveron que pagala igual. Esta taxa \u00e9 unha barbaridade para os hoteis que xa est\u00e1n e impide que ve\u00f1an outros. Quero deixar claro que o problema provocouno o PP, pero que , non entendo por que , non quere solucionar o partido socialista<\/p><\/blockquote>\n\n\n\n<p><strong>Emocionalmente como levaches pasar do goberno \u00e1 oposici\u00f3n?<\/strong><\/p>\n\n\n\n<blockquote class=\"wp-block-quote is-layout-flow wp-block-quote-is-layout-flow\"><p>\u00c9 unha situaci\u00f3n inc\u00f3moda. Hai moitas cousas que se est\u00e1n a facer agora que forman parte da mi\u00f1a xesti\u00f3n<\/p><\/blockquote>\n\n\n\n<p><strong>Por exemplo?<\/strong><\/p>\n\n\n\n<blockquote class=\"wp-block-quote is-layout-flow wp-block-quote-is-layout-flow\"><p>A rehabilitaci\u00f3n do c\u00e1rcere vello, a posible do teatro principal a modificaci\u00f3n do plan especial do casco hist\u00f3rico, a humanizaci\u00f3n do r\u00edo Mu\u00ed\u00f1os, o arranxo de Antero Rub\u00edn&#8230;&#8230;.Hai outros aspectos nos que si estamos en desacordo como o que pasou no \u00faltimo pleno<\/p><\/blockquote>\n\n\n\n<p><strong>A que te refires?<\/strong><\/p>\n\n\n\n<blockquote class=\"wp-block-quote is-layout-flow wp-block-quote-is-layout-flow\"><p>Levaron por v\u00eda de urxencia, sen pasar por comisi\u00f3n previa , unhas modificaci\u00f3ns de cr\u00e9dito por un importe de 4.000.000 de \u20ac para ir a remanente de tesourer\u00eda. Iso hai que facelo con luz e taqu\u00edgrafos. Non se pode comprometer tal cantidade de cartos cando falta arredor dun ano para rematar o mandato en proxectos que non vai dar tempo a rematar. E pola contra deixando atr\u00e1s partidas para actuaci\u00f3ns moi necesarias como por exemplo rozar nas v\u00edas. Iso se fai porque hai unha divisi\u00f3n dentro do propio goberno.<\/p><\/blockquote>\n\n\n\n<p><strong>Sa\u00edu aprobado esa modificaci\u00f3n de cr\u00e9dito?<\/strong><\/p>\n\n\n\n<blockquote class=\"wp-block-quote is-layout-flow wp-block-quote-is-layout-flow\"><p>Non se chegou a votar. No pleno os grupos da oposici\u00f3n pux\u00e9monos moi serios e o alcalde decidiu retiralo.<\/p><\/blockquote>\n\n\n\n<p><strong>Quero preguntarche pola t\u00faa posici\u00f3n sobre o aparcadoiro?<\/strong><\/p>\n\n\n\n<blockquote class=\"wp-block-quote is-layout-flow wp-block-quote-is-layout-flow\"><p>Eu te\u00f1o que ser coherente. Cando estaba no goberno apoiei a construci\u00f3n dun aparcadoiro debaixo da traseira da \u00e1rea panor\u00e1mica. Agora desde f\u00f3ra entendo que non d\u00e1 tempo a facelo no mandato e que meterse en obras \u00e9 un erro. Pero si se poden facer cousas paralelas como pintar a zona azul de balde na maior\u00eda das r\u00faas da zona nova para que haxa rotaci\u00f3n de veh\u00edculos. Iso ser\u00eda o inmediato pero hai que buscar unha soluci\u00f3n porque no caso contrario o comercio de Tui morre<\/p><\/blockquote>\n\n\n\n<p><strong>Pero non me quedou moi claro se segues estando de acordo ou non coa construci\u00f3n do aparcadoiro?<\/strong><\/p>\n\n\n\n<blockquote class=\"wp-block-quote is-layout-flow wp-block-quote-is-layout-flow\"><p>Eu estou de acordo cos que propo\u00f1en unha zona verde no centro de Tui, pero creo que non ten sentido facer a zona axardinada e non aproveitar o espazo do subsolo. Agora, pola situaci\u00f3n de xudicializaci\u00f3n na que se encontra, non d\u00e1 tempo a facer as obras e eu creo que o m\u00e1is prudente e deixalo e logo volvelo valorar no seguinte mandato. O que te\u00f1o claro \u00e9 que non hai moitas alternativas<\/p><\/blockquote>\n\n\n\n<p><strong>Os aparcadoiros disuasorios dos que fala o BNG?<\/strong><\/p>\n\n\n\n<blockquote class=\"wp-block-quote is-layout-flow wp-block-quote-is-layout-flow\"><p>Hai que ter un aparcadoiro no centro. A unha persoa que ve\u00f1a cargada con bolsas ou que vaia ao centro nun d\u00eda de chuvia non se lle pode obrigar a dar unha cami\u00f1ada para coller o coche. Facer o aparcadoiro \u00e9 fundamental para o turismo , para o comercio e para o centro de sa\u00fade<\/p><\/blockquote>\n\n\n\n<p><strong>Como est\u00e1 a situaci\u00f3n do tr\u00e1fico no centro da cidade?<\/strong><\/p>\n\n\n\n<blockquote class=\"wp-block-quote is-layout-flow wp-block-quote-is-layout-flow\"><p>Empeorou. Hai que buscar unha soluci\u00f3n para evitar os colapsos de tr\u00e1fico que se producen no centro. A soluci\u00f3n pasa pola apertura da r\u00faa Ourense<\/p><\/blockquote>\n\n\n\n<p><strong>Que facemos co mercado?<\/strong><\/p>\n\n\n\n<blockquote class=\"wp-block-quote is-layout-flow wp-block-quote-is-layout-flow\"><p>O esencial \u00e9 escoitar aos vendedores. No emprazamento actual ten a vantaxe do aparcadoiro pero carece de servizos sanitarios. Por outra parte os vendedores piden unha reordenaci\u00f3n dos postos. Debemos de tomar exemplo das vilas de Portugal e habilitar un espazo digno para que aparquen os visitantes e os vendedores poidan exercer o seu traballo con comodidade e iso s\u00f3 se pode dar na zona nova<\/p><\/blockquote>\n\n\n\n<p><strong>Rematamos Lano pregunt\u00e1ndoche polo teu futuro pol\u00edtico?<\/strong><\/p>\n\n\n\n<blockquote class=\"wp-block-quote is-layout-flow wp-block-quote-is-layout-flow\"><p>En principio a mi\u00f1a idea \u00e9 rematar a mi\u00f1a vida pol\u00edtica coa fin deste mandato. Non hai ning\u00fan grupo pol\u00edtico no panorama actual que me seduza para continuar<\/p><\/blockquote>\n\n\n\n<p><strong>E se eses movementos que est\u00e1n a facer as persoas de Cerna para crear plataformas municipais callasen?, supo\u00f1o que ser\u00e1s co\u00f1ecedor do cocido que artellou en Chantada o amigo Palleiro?<\/strong><\/p>\n\n\n\n<blockquote class=\"wp-block-quote is-layout-flow wp-block-quote-is-layout-flow\"><p>Ha ha ha, si, sei dese cocido que me falas. Pero o tema est\u00e1 moi complicado. Se houbese alg\u00fan movemento que me convencese eu apoiar\u00edao claro, pero en ning\u00fan caso volverei a encabezar unha lista.<\/p><\/blockquote>\n","protected":false},"excerpt":{"rendered":"<div class=\"mh-excerpt\"><p>Nas elecci\u00f3ns municipais do 19 o socialista Enrique Cabaleiro estivo a un pelo da maior\u00eda absoluta pois obtivo oito actas( case nove) de 17, e foi Lano Alonso, concelleiro de En Marea o que lle deu a maior\u00eda aritm\u00e9tica da corporaci\u00f3n ao entrar a formar parte dese goberno <a class=\"mh-excerpt-more\" href=\"https:\/\/www.anovapeneira.gal\/index.php\/2022\/06\/13\/lano-alonso-concelleiro-de-en-marea-en-tui\/\" title=\"Lano Alonso concelleiro de En Marea en Tui\">[&#8230;]<\/a><\/p>\n<\/div>","protected":false},"author":3,"featured_media":7617,"comment_status":"open","ping_status":"open","sticky":false,"template":"","format":"standard","meta":{"_exactmetrics_skip_tracking":false,"_exactmetrics_sitenote_active":false,"_exactmetrics_sitenote_note":"","_exactmetrics_sitenote_category":0,"footnotes":""},"categories":[21],"tags":[426],"class_list":{"0":"post-7615","1":"post","2":"type-post","3":"status-publish","4":"format-standard","5":"has-post-thumbnail","7":"category-baixo-mino","8":"tag-concello-de-tui"},"yoast_head":"<!-- This site is optimized with the Yoast SEO plugin v27.4 - https:\/\/yoast.com\/product\/yoast-seo-wordpress\/ -->\n<title>Lano Alonso concelleiro de En Marea en Tui -<\/title>\n<meta name=\"description\" content=\"Nas elecci\u00f3ns municipais do 19 o socialista Enrique Cabaleiro estivo a un pelo da maior\u00eda absoluta pois obtivo oito actas( case nove) de 17, e foi Lano Alonso, concelleiro de En Marea o que lle deu a maior\u00eda aritm\u00e9tica da corporaci\u00f3n ao entrar a formar parte dese goberno\" \/>\n<meta name=\"robots\" content=\"index, follow, max-snippet:-1, max-image-preview:large, max-video-preview:-1\" \/>\n<link rel=\"canonical\" href=\"https:\/\/www.anovapeneira.gal\/index.php\/2022\/06\/13\/lano-alonso-concelleiro-de-en-marea-en-tui\/\" \/>\n<meta property=\"og:locale\" content=\"gl_ES\" \/>\n<meta property=\"og:type\" content=\"article\" \/>\n<meta property=\"og:title\" content=\"Lano Alonso concelleiro de En Marea en Tui -\" \/>\n<meta property=\"og:description\" content=\"Nas elecci\u00f3ns municipais do 19 o socialista Enrique Cabaleiro estivo a un pelo da maior\u00eda absoluta pois obtivo oito actas( case nove) de 17, e foi Lano Alonso, concelleiro de En Marea o que lle deu a maior\u00eda aritm\u00e9tica da corporaci\u00f3n ao entrar a formar parte dese goberno\" \/>\n<meta property=\"og:url\" content=\"https:\/\/www.anovapeneira.gal\/index.php\/2022\/06\/13\/lano-alonso-concelleiro-de-en-marea-en-tui\/\" \/>\n<meta property=\"article:publisher\" content=\"https:\/\/www.facebook.com\/anovapeneira\" \/>\n<meta property=\"article:published_time\" content=\"2022-06-13T10:00:26+00:00\" \/>\n<meta property=\"og:image\" content=\"https:\/\/www.anovapeneira.gal\/wp-content\/uploads\/2022\/06\/lano_tui_marea.jpg\" \/>\n\t<meta property=\"og:image:width\" content=\"720\" \/>\n\t<meta property=\"og:image:height\" content=\"432\" \/>\n\t<meta property=\"og:image:type\" content=\"image\/jpeg\" \/>\n<meta name=\"author\" content=\"Redacci\u00f3n A Nova Peneira\" \/>\n<meta name=\"twitter:card\" content=\"summary_large_image\" \/>\n<meta name=\"twitter:creator\" content=\"@APeneira\" \/>\n<meta name=\"twitter:site\" content=\"@APeneira\" \/>\n<meta name=\"twitter:label1\" content=\"Escrito por\" \/>\n\t<meta name=\"twitter:data1\" content=\"Redacci\u00f3n A Nova Peneira\" \/>\n\t<meta name=\"twitter:label2\" content=\"Tempo de lectura\" \/>\n\t<meta name=\"twitter:data2\" content=\"7 minutos\" \/>\n<script type=\"application\/ld+json\" class=\"yoast-schema-graph\">{\"@context\":\"https:\\\/\\\/schema.org\",\"@graph\":[{\"@type\":\"Article\",\"@id\":\"https:\\\/\\\/www.anovapeneira.gal\\\/index.php\\\/2022\\\/06\\\/13\\\/lano-alonso-concelleiro-de-en-marea-en-tui\\\/#article\",\"isPartOf\":{\"@id\":\"https:\\\/\\\/www.anovapeneira.gal\\\/index.php\\\/2022\\\/06\\\/13\\\/lano-alonso-concelleiro-de-en-marea-en-tui\\\/\"},\"author\":{\"name\":\"Redacci\u00f3n A Nova Peneira\",\"@id\":\"https:\\\/\\\/www.anovapeneira.gal\\\/#\\\/schema\\\/person\\\/b93e3f8932e3f8da96334607eb6ac6aa\"},\"headline\":\"Lano Alonso concelleiro de En Marea en Tui\",\"datePublished\":\"2022-06-13T10:00:26+00:00\",\"mainEntityOfPage\":{\"@id\":\"https:\\\/\\\/www.anovapeneira.gal\\\/index.php\\\/2022\\\/06\\\/13\\\/lano-alonso-concelleiro-de-en-marea-en-tui\\\/\"},\"wordCount\":1319,\"commentCount\":0,\"publisher\":{\"@id\":\"https:\\\/\\\/www.anovapeneira.gal\\\/#organization\"},\"image\":{\"@id\":\"https:\\\/\\\/www.anovapeneira.gal\\\/index.php\\\/2022\\\/06\\\/13\\\/lano-alonso-concelleiro-de-en-marea-en-tui\\\/#primaryimage\"},\"thumbnailUrl\":\"https:\\\/\\\/www.anovapeneira.gal\\\/wp-content\\\/uploads\\\/2022\\\/06\\\/lano_tui_marea.jpg\",\"keywords\":[\"Concello de Tui\"],\"articleSection\":[\"Baixo Mi\u00f1o\"],\"inLanguage\":\"gl-ES\",\"potentialAction\":[{\"@type\":\"CommentAction\",\"name\":\"Comment\",\"target\":[\"https:\\\/\\\/www.anovapeneira.gal\\\/index.php\\\/2022\\\/06\\\/13\\\/lano-alonso-concelleiro-de-en-marea-en-tui\\\/#respond\"]}]},{\"@type\":\"WebPage\",\"@id\":\"https:\\\/\\\/www.anovapeneira.gal\\\/index.php\\\/2022\\\/06\\\/13\\\/lano-alonso-concelleiro-de-en-marea-en-tui\\\/\",\"url\":\"https:\\\/\\\/www.anovapeneira.gal\\\/index.php\\\/2022\\\/06\\\/13\\\/lano-alonso-concelleiro-de-en-marea-en-tui\\\/\",\"name\":\"Lano Alonso concelleiro de En Marea en Tui -\",\"isPartOf\":{\"@id\":\"https:\\\/\\\/www.anovapeneira.gal\\\/#website\"},\"primaryImageOfPage\":{\"@id\":\"https:\\\/\\\/www.anovapeneira.gal\\\/index.php\\\/2022\\\/06\\\/13\\\/lano-alonso-concelleiro-de-en-marea-en-tui\\\/#primaryimage\"},\"image\":{\"@id\":\"https:\\\/\\\/www.anovapeneira.gal\\\/index.php\\\/2022\\\/06\\\/13\\\/lano-alonso-concelleiro-de-en-marea-en-tui\\\/#primaryimage\"},\"thumbnailUrl\":\"https:\\\/\\\/www.anovapeneira.gal\\\/wp-content\\\/uploads\\\/2022\\\/06\\\/lano_tui_marea.jpg\",\"datePublished\":\"2022-06-13T10:00:26+00:00\",\"description\":\"Nas elecci\u00f3ns municipais do 19 o socialista Enrique Cabaleiro estivo a un pelo da maior\u00eda absoluta pois obtivo oito actas( case nove) de 17, e foi Lano Alonso, concelleiro de En Marea o que lle deu a maior\u00eda aritm\u00e9tica da corporaci\u00f3n ao entrar a formar parte dese goberno\",\"breadcrumb\":{\"@id\":\"https:\\\/\\\/www.anovapeneira.gal\\\/index.php\\\/2022\\\/06\\\/13\\\/lano-alonso-concelleiro-de-en-marea-en-tui\\\/#breadcrumb\"},\"inLanguage\":\"gl-ES\",\"potentialAction\":[{\"@type\":\"ReadAction\",\"target\":[\"https:\\\/\\\/www.anovapeneira.gal\\\/index.php\\\/2022\\\/06\\\/13\\\/lano-alonso-concelleiro-de-en-marea-en-tui\\\/\"]}]},{\"@type\":\"ImageObject\",\"inLanguage\":\"gl-ES\",\"@id\":\"https:\\\/\\\/www.anovapeneira.gal\\\/index.php\\\/2022\\\/06\\\/13\\\/lano-alonso-concelleiro-de-en-marea-en-tui\\\/#primaryimage\",\"url\":\"https:\\\/\\\/www.anovapeneira.gal\\\/wp-content\\\/uploads\\\/2022\\\/06\\\/lano_tui_marea.jpg\",\"contentUrl\":\"https:\\\/\\\/www.anovapeneira.gal\\\/wp-content\\\/uploads\\\/2022\\\/06\\\/lano_tui_marea.jpg\",\"width\":720,\"height\":432,\"caption\":\"Lano Alonso concelleiro Marea\"},{\"@type\":\"BreadcrumbList\",\"@id\":\"https:\\\/\\\/www.anovapeneira.gal\\\/index.php\\\/2022\\\/06\\\/13\\\/lano-alonso-concelleiro-de-en-marea-en-tui\\\/#breadcrumb\",\"itemListElement\":[{\"@type\":\"ListItem\",\"position\":1,\"name\":\"Portada\",\"item\":\"https:\\\/\\\/www.anovapeneira.gal\\\/\"},{\"@type\":\"ListItem\",\"position\":2,\"name\":\"Lano Alonso concelleiro de En Marea en Tui\"}]},{\"@type\":\"WebSite\",\"@id\":\"https:\\\/\\\/www.anovapeneira.gal\\\/#website\",\"url\":\"https:\\\/\\\/www.anovapeneira.gal\\\/\",\"name\":\"\",\"description\":\"Xornal galego de informaci\u00f3n xeral Publicaci\u00f3n mensual de novas de Galicia e en especial dos Concellos da sur da provincia de Pontevedra.\",\"publisher\":{\"@id\":\"https:\\\/\\\/www.anovapeneira.gal\\\/#organization\"},\"potentialAction\":[{\"@type\":\"SearchAction\",\"target\":{\"@type\":\"EntryPoint\",\"urlTemplate\":\"https:\\\/\\\/www.anovapeneira.gal\\\/?s={search_term_string}\"},\"query-input\":{\"@type\":\"PropertyValueSpecification\",\"valueRequired\":true,\"valueName\":\"search_term_string\"}}],\"inLanguage\":\"gl-ES\"},{\"@type\":\"Organization\",\"@id\":\"https:\\\/\\\/www.anovapeneira.gal\\\/#organization\",\"name\":\"A Nova Peneira\",\"url\":\"https:\\\/\\\/www.anovapeneira.gal\\\/\",\"logo\":{\"@type\":\"ImageObject\",\"inLanguage\":\"gl-ES\",\"@id\":\"https:\\\/\\\/www.anovapeneira.gal\\\/#\\\/schema\\\/logo\\\/image\\\/\",\"url\":\"http:\\\/\\\/www.anovapeneira.gal\\\/wp-content\\\/uploads\\\/2019\\\/06\\\/logo_a_nova_peneira_portal_web.png\",\"contentUrl\":\"http:\\\/\\\/www.anovapeneira.gal\\\/wp-content\\\/uploads\\\/2019\\\/06\\\/logo_a_nova_peneira_portal_web.png\",\"width\":300,\"height\":100,\"caption\":\"A Nova Peneira\"},\"image\":{\"@id\":\"https:\\\/\\\/www.anovapeneira.gal\\\/#\\\/schema\\\/logo\\\/image\\\/\"},\"sameAs\":[\"https:\\\/\\\/www.facebook.com\\\/anovapeneira\",\"https:\\\/\\\/x.com\\\/APeneira\"]},{\"@type\":\"Person\",\"@id\":\"https:\\\/\\\/www.anovapeneira.gal\\\/#\\\/schema\\\/person\\\/b93e3f8932e3f8da96334607eb6ac6aa\",\"name\":\"Redacci\u00f3n A Nova Peneira\",\"image\":{\"@type\":\"ImageObject\",\"inLanguage\":\"gl-ES\",\"@id\":\"https:\\\/\\\/secure.gravatar.com\\\/avatar\\\/c052a2551a06e23fac63626232eaa90abd78dbcf1700fc46a2b2c89fd27b735f?s=96&d=mm&r=g\",\"url\":\"https:\\\/\\\/secure.gravatar.com\\\/avatar\\\/c052a2551a06e23fac63626232eaa90abd78dbcf1700fc46a2b2c89fd27b735f?s=96&d=mm&r=g\",\"contentUrl\":\"https:\\\/\\\/secure.gravatar.com\\\/avatar\\\/c052a2551a06e23fac63626232eaa90abd78dbcf1700fc46a2b2c89fd27b735f?s=96&d=mm&r=g\",\"caption\":\"Redacci\u00f3n A Nova Peneira\"},\"sameAs\":[\"http:\\\/\\\/www.anovapeneira.gal\\\/\"],\"url\":\"https:\\\/\\\/www.anovapeneira.gal\\\/index.php\\\/author\\\/redactor\\\/\"}]}<\/script>\n<!-- \/ Yoast SEO plugin. -->","yoast_head_json":{"title":"Lano Alonso concelleiro de En Marea en Tui -","description":"Nas elecci\u00f3ns municipais do 19 o socialista Enrique Cabaleiro estivo a un pelo da maior\u00eda absoluta pois obtivo oito actas( case nove) de 17, e foi Lano Alonso, concelleiro de En Marea o que lle deu a maior\u00eda aritm\u00e9tica da corporaci\u00f3n ao entrar a formar parte dese goberno","robots":{"index":"index","follow":"follow","max-snippet":"max-snippet:-1","max-image-preview":"max-image-preview:large","max-video-preview":"max-video-preview:-1"},"canonical":"https:\/\/www.anovapeneira.gal\/index.php\/2022\/06\/13\/lano-alonso-concelleiro-de-en-marea-en-tui\/","og_locale":"gl_ES","og_type":"article","og_title":"Lano Alonso concelleiro de En Marea en Tui -","og_description":"Nas elecci\u00f3ns municipais do 19 o socialista Enrique Cabaleiro estivo a un pelo da maior\u00eda absoluta pois obtivo oito actas( case nove) de 17, e foi Lano Alonso, concelleiro de En Marea o que lle deu a maior\u00eda aritm\u00e9tica da corporaci\u00f3n ao entrar a formar parte dese goberno","og_url":"https:\/\/www.anovapeneira.gal\/index.php\/2022\/06\/13\/lano-alonso-concelleiro-de-en-marea-en-tui\/","article_publisher":"https:\/\/www.facebook.com\/anovapeneira","article_published_time":"2022-06-13T10:00:26+00:00","og_image":[{"width":720,"height":432,"url":"https:\/\/www.anovapeneira.gal\/wp-content\/uploads\/2022\/06\/lano_tui_marea.jpg","type":"image\/jpeg"}],"author":"Redacci\u00f3n A Nova Peneira","twitter_card":"summary_large_image","twitter_creator":"@APeneira","twitter_site":"@APeneira","twitter_misc":{"Escrito por":"Redacci\u00f3n A Nova Peneira","Tempo de lectura":"7 minutos"},"schema":{"@context":"https:\/\/schema.org","@graph":[{"@type":"Article","@id":"https:\/\/www.anovapeneira.gal\/index.php\/2022\/06\/13\/lano-alonso-concelleiro-de-en-marea-en-tui\/#article","isPartOf":{"@id":"https:\/\/www.anovapeneira.gal\/index.php\/2022\/06\/13\/lano-alonso-concelleiro-de-en-marea-en-tui\/"},"author":{"name":"Redacci\u00f3n A Nova Peneira","@id":"https:\/\/www.anovapeneira.gal\/#\/schema\/person\/b93e3f8932e3f8da96334607eb6ac6aa"},"headline":"Lano Alonso concelleiro de En Marea en Tui","datePublished":"2022-06-13T10:00:26+00:00","mainEntityOfPage":{"@id":"https:\/\/www.anovapeneira.gal\/index.php\/2022\/06\/13\/lano-alonso-concelleiro-de-en-marea-en-tui\/"},"wordCount":1319,"commentCount":0,"publisher":{"@id":"https:\/\/www.anovapeneira.gal\/#organization"},"image":{"@id":"https:\/\/www.anovapeneira.gal\/index.php\/2022\/06\/13\/lano-alonso-concelleiro-de-en-marea-en-tui\/#primaryimage"},"thumbnailUrl":"https:\/\/www.anovapeneira.gal\/wp-content\/uploads\/2022\/06\/lano_tui_marea.jpg","keywords":["Concello de Tui"],"articleSection":["Baixo Mi\u00f1o"],"inLanguage":"gl-ES","potentialAction":[{"@type":"CommentAction","name":"Comment","target":["https:\/\/www.anovapeneira.gal\/index.php\/2022\/06\/13\/lano-alonso-concelleiro-de-en-marea-en-tui\/#respond"]}]},{"@type":"WebPage","@id":"https:\/\/www.anovapeneira.gal\/index.php\/2022\/06\/13\/lano-alonso-concelleiro-de-en-marea-en-tui\/","url":"https:\/\/www.anovapeneira.gal\/index.php\/2022\/06\/13\/lano-alonso-concelleiro-de-en-marea-en-tui\/","name":"Lano Alonso concelleiro de En Marea en Tui -","isPartOf":{"@id":"https:\/\/www.anovapeneira.gal\/#website"},"primaryImageOfPage":{"@id":"https:\/\/www.anovapeneira.gal\/index.php\/2022\/06\/13\/lano-alonso-concelleiro-de-en-marea-en-tui\/#primaryimage"},"image":{"@id":"https:\/\/www.anovapeneira.gal\/index.php\/2022\/06\/13\/lano-alonso-concelleiro-de-en-marea-en-tui\/#primaryimage"},"thumbnailUrl":"https:\/\/www.anovapeneira.gal\/wp-content\/uploads\/2022\/06\/lano_tui_marea.jpg","datePublished":"2022-06-13T10:00:26+00:00","description":"Nas elecci\u00f3ns municipais do 19 o socialista Enrique Cabaleiro estivo a un pelo da maior\u00eda absoluta pois obtivo oito actas( case nove) de 17, e foi Lano Alonso, concelleiro de En Marea o que lle deu a maior\u00eda aritm\u00e9tica da corporaci\u00f3n ao entrar a formar parte dese goberno","breadcrumb":{"@id":"https:\/\/www.anovapeneira.gal\/index.php\/2022\/06\/13\/lano-alonso-concelleiro-de-en-marea-en-tui\/#breadcrumb"},"inLanguage":"gl-ES","potentialAction":[{"@type":"ReadAction","target":["https:\/\/www.anovapeneira.gal\/index.php\/2022\/06\/13\/lano-alonso-concelleiro-de-en-marea-en-tui\/"]}]},{"@type":"ImageObject","inLanguage":"gl-ES","@id":"https:\/\/www.anovapeneira.gal\/index.php\/2022\/06\/13\/lano-alonso-concelleiro-de-en-marea-en-tui\/#primaryimage","url":"https:\/\/www.anovapeneira.gal\/wp-content\/uploads\/2022\/06\/lano_tui_marea.jpg","contentUrl":"https:\/\/www.anovapeneira.gal\/wp-content\/uploads\/2022\/06\/lano_tui_marea.jpg","width":720,"height":432,"caption":"Lano Alonso concelleiro Marea"},{"@type":"BreadcrumbList","@id":"https:\/\/www.anovapeneira.gal\/index.php\/2022\/06\/13\/lano-alonso-concelleiro-de-en-marea-en-tui\/#breadcrumb","itemListElement":[{"@type":"ListItem","position":1,"name":"Portada","item":"https:\/\/www.anovapeneira.gal\/"},{"@type":"ListItem","position":2,"name":"Lano Alonso concelleiro de En Marea en Tui"}]},{"@type":"WebSite","@id":"https:\/\/www.anovapeneira.gal\/#website","url":"https:\/\/www.anovapeneira.gal\/","name":"","description":"Xornal galego de informaci\u00f3n xeral Publicaci\u00f3n mensual de novas de Galicia e en especial dos Concellos da sur da provincia de Pontevedra.","publisher":{"@id":"https:\/\/www.anovapeneira.gal\/#organization"},"potentialAction":[{"@type":"SearchAction","target":{"@type":"EntryPoint","urlTemplate":"https:\/\/www.anovapeneira.gal\/?s={search_term_string}"},"query-input":{"@type":"PropertyValueSpecification","valueRequired":true,"valueName":"search_term_string"}}],"inLanguage":"gl-ES"},{"@type":"Organization","@id":"https:\/\/www.anovapeneira.gal\/#organization","name":"A Nova Peneira","url":"https:\/\/www.anovapeneira.gal\/","logo":{"@type":"ImageObject","inLanguage":"gl-ES","@id":"https:\/\/www.anovapeneira.gal\/#\/schema\/logo\/image\/","url":"http:\/\/www.anovapeneira.gal\/wp-content\/uploads\/2019\/06\/logo_a_nova_peneira_portal_web.png","contentUrl":"http:\/\/www.anovapeneira.gal\/wp-content\/uploads\/2019\/06\/logo_a_nova_peneira_portal_web.png","width":300,"height":100,"caption":"A Nova Peneira"},"image":{"@id":"https:\/\/www.anovapeneira.gal\/#\/schema\/logo\/image\/"},"sameAs":["https:\/\/www.facebook.com\/anovapeneira","https:\/\/x.com\/APeneira"]},{"@type":"Person","@id":"https:\/\/www.anovapeneira.gal\/#\/schema\/person\/b93e3f8932e3f8da96334607eb6ac6aa","name":"Redacci\u00f3n A Nova Peneira","image":{"@type":"ImageObject","inLanguage":"gl-ES","@id":"https:\/\/secure.gravatar.com\/avatar\/c052a2551a06e23fac63626232eaa90abd78dbcf1700fc46a2b2c89fd27b735f?s=96&d=mm&r=g","url":"https:\/\/secure.gravatar.com\/avatar\/c052a2551a06e23fac63626232eaa90abd78dbcf1700fc46a2b2c89fd27b735f?s=96&d=mm&r=g","contentUrl":"https:\/\/secure.gravatar.com\/avatar\/c052a2551a06e23fac63626232eaa90abd78dbcf1700fc46a2b2c89fd27b735f?s=96&d=mm&r=g","caption":"Redacci\u00f3n A Nova Peneira"},"sameAs":["http:\/\/www.anovapeneira.gal\/"],"url":"https:\/\/www.anovapeneira.gal\/index.php\/author\/redactor\/"}]}},"jetpack_featured_media_url":"https:\/\/www.anovapeneira.gal\/wp-content\/uploads\/2022\/06\/lano_tui_marea.jpg","_links":{"self":[{"href":"https:\/\/www.anovapeneira.gal\/index.php\/wp-json\/wp\/v2\/posts\/7615","targetHints":{"allow":["GET"]}}],"collection":[{"href":"https:\/\/www.anovapeneira.gal\/index.php\/wp-json\/wp\/v2\/posts"}],"about":[{"href":"https:\/\/www.anovapeneira.gal\/index.php\/wp-json\/wp\/v2\/types\/post"}],"author":[{"embeddable":true,"href":"https:\/\/www.anovapeneira.gal\/index.php\/wp-json\/wp\/v2\/users\/3"}],"replies":[{"embeddable":true,"href":"https:\/\/www.anovapeneira.gal\/index.php\/wp-json\/wp\/v2\/comments?post=7615"}],"version-history":[{"count":1,"href":"https:\/\/www.anovapeneira.gal\/index.php\/wp-json\/wp\/v2\/posts\/7615\/revisions"}],"predecessor-version":[{"id":7616,"href":"https:\/\/www.anovapeneira.gal\/index.php\/wp-json\/wp\/v2\/posts\/7615\/revisions\/7616"}],"wp:featuredmedia":[{"embeddable":true,"href":"https:\/\/www.anovapeneira.gal\/index.php\/wp-json\/wp\/v2\/media\/7617"}],"wp:attachment":[{"href":"https:\/\/www.anovapeneira.gal\/index.php\/wp-json\/wp\/v2\/media?parent=7615"}],"wp:term":[{"taxonomy":"category","embeddable":true,"href":"https:\/\/www.anovapeneira.gal\/index.php\/wp-json\/wp\/v2\/categories?post=7615"},{"taxonomy":"post_tag","embeddable":true,"href":"https:\/\/www.anovapeneira.gal\/index.php\/wp-json\/wp\/v2\/tags?post=7615"}],"curies":[{"name":"wp","href":"https:\/\/api.w.org\/{rel}","templated":true}]}}