{"id":7618,"date":"2022-06-14T10:00:57","date_gmt":"2022-06-14T08:00:57","guid":{"rendered":"https:\/\/www.anovapeneira.gal\/?p=7618"},"modified":"2022-06-06T23:12:30","modified_gmt":"2022-06-06T21:12:30","slug":"o-concello-de-cangas-mellora-a-iluminacion-na-baixada-a-menduina-coa-instalacion-de-31-luminarias-led","status":"publish","type":"post","link":"https:\/\/www.anovapeneira.gal\/index.php\/2022\/06\/14\/o-concello-de-cangas-mellora-a-iluminacion-na-baixada-a-menduina-coa-instalacion-de-31-luminarias-led\/","title":{"rendered":"O Concello de Cangas mellora a iluminaci\u00f3n na baixada a Mendu\u00ed\u00f1a coa instalaci\u00f3n de 31 luminarias led"},"content":{"rendered":"\n<h2 class=\"wp-block-heading\"><strong>A alcaldesa, Victoria Portas, supervisou o remate dos traballos e recordou que esta actuaci\u00f3n \u00e9 unha \u201cd\u00e9beda cos veci\u00f1os neste entorno\u201d<\/strong><\/h2>\n\n\n\n<p><strong>Cangas, 10 de maio de 2022<\/strong><\/p>\n\n\n\n<p>A Baixada \u00e1 praia de Mendu\u00ed\u00f1a, na parroquia de Ald\u00e1n, estrenou hai uns d\u00edas un novo sistema de iluminaci\u00f3n p\u00fablica de baixo consumo enmarcado no obxectivo global do Concello de implantar un modelo m\u00e1is sostible e reducir o coste enerx\u00e9tico de edificios e instalaci\u00f3ns municipais.<\/p>\n\n\n\n<p>A iniciativa enm\u00e1rcase no plan de eficiencia enerx\u00e9tica a trav\u00e9s do cal o Concello de Cangas est\u00e1 a sustituir as obsoletas luminarias do termo municipal por outras de baixo consumo, o que sup\u00f3n un significativo aforro \u00e1s arcas municipais e que neste tramo sup\u00f3n unha considerable mellora na calidade da iluminaci\u00f3n.<\/p>\n\n\n\n<p>A alcaldesa de Cangas, Victoria Portas, supervisou o remate dos traballos de renovaci\u00f3n do alumeado nun tramo cunha forte demandada veci\u00f1al xa que cando se construiron as beirarr\u00faas nesta zona e se soterraron as li\u00f1as a\u00e9reas, foron eliminados a meirande parte dos apoios que sustentaban as antigas luminarias deixando no entorno unha iluminaci\u00f3n moi deficiente. \u201cEsta actuaci\u00f3n era unha d\u00e9beda que ti\u00f1amos cos veci\u00f1os deste contorno que levan tempo padecendo os inconvintes dunha iluminaci\u00f3n moi deficiente\u201d, apuntou.<\/p>\n\n\n\n<p>A UTE Alumeado Cangas foi a encargada da instalaci\u00f3n dun total de 31 columnas troncoc\u00f3nicas de 7 metros con luminarias de tecnolox\u00eda Led de 53 W en todo o tramo de beirarr\u00faas. A actuaci\u00f3n incluiu a retirada dos vellos apoios de formig\u00f3n que suxeitaban as li\u00f1as a\u00e9reas e as escasas luminarias existentes.<\/p>\n\n\n\n<p>Esta transformaci\u00f3n do sistema de iluminaci\u00f3n que est\u00e1 a rexistrar Cangas en todo o termo municipal \u00e9 posible a trav\u00e9s dunha subvenci\u00f3n de tres mill\u00f3ns de euros<\/p>\n\n\n\n<p>procedentes dos fondos FEDER xestionada polo goberno local que preside Victoria Portas.<\/p>\n","protected":false},"excerpt":{"rendered":"<div class=\"mh-excerpt\"><p>A alcaldesa, Victoria Portas, supervisou o remate dos traballos e recordou que esta actuaci\u00f3n \u00e9 unha \u201cd\u00e9beda cos veci\u00f1os neste entorno\u201d <a class=\"mh-excerpt-more\" href=\"https:\/\/www.anovapeneira.gal\/index.php\/2022\/06\/14\/o-concello-de-cangas-mellora-a-iluminacion-na-baixada-a-menduina-coa-instalacion-de-31-luminarias-led\/\" title=\"O Concello de Cangas mellora a iluminaci\u00f3n na baixada a Mendu\u00ed\u00f1a coa instalaci\u00f3n de 31 luminarias led\">[&#8230;]<\/a><\/p>\n<\/div>","protected":false},"author":3,"featured_media":7619,"comment_status":"open","ping_status":"open","sticky":false,"template":"","format":"standard","meta":{"_exactmetrics_skip_tracking":false,"_exactmetrics_sitenote_active":false,"_exactmetrics_sitenote_note":"","_exactmetrics_sitenote_category":0,"footnotes":""},"categories":[22],"tags":[681],"class_list":{"0":"post-7618","1":"post","2":"type-post","3":"status-publish","4":"format-standard","5":"has-post-thumbnail","7":"category-morrazo","8":"tag-concello-de-cangas-do-morrazo"},"yoast_head":"<!-- This site is optimized with the Yoast SEO plugin v27.4 - https:\/\/yoast.com\/product\/yoast-seo-wordpress\/ -->\n<title>O Concello de Cangas mellora a iluminaci\u00f3n na baixada a Mendu\u00ed\u00f1a coa instalaci\u00f3n de 31 luminarias led -<\/title>\n<meta name=\"robots\" content=\"index, follow, max-snippet:-1, max-image-preview:large, max-video-preview:-1\" \/>\n<link rel=\"canonical\" href=\"https:\/\/www.anovapeneira.gal\/index.php\/2022\/06\/14\/o-concello-de-cangas-mellora-a-iluminacion-na-baixada-a-menduina-coa-instalacion-de-31-luminarias-led\/\" \/>\n<meta property=\"og:locale\" content=\"gl_ES\" \/>\n<meta property=\"og:type\" content=\"article\" \/>\n<meta property=\"og:title\" content=\"O Concello de Cangas mellora a iluminaci\u00f3n na baixada a Mendu\u00ed\u00f1a coa instalaci\u00f3n de 31 luminarias led -\" \/>\n<meta property=\"og:description\" content=\"A alcaldesa, Victoria Portas, supervisou o remate dos traballos e recordou que esta actuaci\u00f3n \u00e9 unha \u201cd\u00e9beda cos veci\u00f1os neste entorno\u201d [...]\" \/>\n<meta property=\"og:url\" content=\"https:\/\/www.anovapeneira.gal\/index.php\/2022\/06\/14\/o-concello-de-cangas-mellora-a-iluminacion-na-baixada-a-menduina-coa-instalacion-de-31-luminarias-led\/\" \/>\n<meta property=\"article:publisher\" content=\"https:\/\/www.facebook.com\/anovapeneira\" \/>\n<meta property=\"article:published_time\" content=\"2022-06-14T08:00:57+00:00\" \/>\n<meta property=\"og:image\" content=\"https:\/\/www.anovapeneira.gal\/wp-content\/uploads\/2022\/06\/led_menduina.jpg\" \/>\n\t<meta property=\"og:image:width\" content=\"720\" \/>\n\t<meta property=\"og:image:height\" content=\"432\" \/>\n\t<meta property=\"og:image:type\" content=\"image\/jpeg\" \/>\n<meta name=\"author\" content=\"Redacci\u00f3n A Nova Peneira\" \/>\n<meta name=\"twitter:card\" content=\"summary_large_image\" \/>\n<meta name=\"twitter:creator\" content=\"@APeneira\" \/>\n<meta name=\"twitter:site\" content=\"@APeneira\" \/>\n<meta name=\"twitter:label1\" content=\"Escrito por\" \/>\n\t<meta name=\"twitter:data1\" content=\"Redacci\u00f3n A Nova Peneira\" \/>\n\t<meta name=\"twitter:label2\" content=\"Tempo de lectura\" \/>\n\t<meta name=\"twitter:data2\" content=\"2 minutos\" \/>\n<script type=\"application\/ld+json\" class=\"yoast-schema-graph\">{\"@context\":\"https:\\\/\\\/schema.org\",\"@graph\":[{\"@type\":\"Article\",\"@id\":\"https:\\\/\\\/www.anovapeneira.gal\\\/index.php\\\/2022\\\/06\\\/14\\\/o-concello-de-cangas-mellora-a-iluminacion-na-baixada-a-menduina-coa-instalacion-de-31-luminarias-led\\\/#article\",\"isPartOf\":{\"@id\":\"https:\\\/\\\/www.anovapeneira.gal\\\/index.php\\\/2022\\\/06\\\/14\\\/o-concello-de-cangas-mellora-a-iluminacion-na-baixada-a-menduina-coa-instalacion-de-31-luminarias-led\\\/\"},\"author\":{\"name\":\"Redacci\u00f3n A Nova Peneira\",\"@id\":\"https:\\\/\\\/www.anovapeneira.gal\\\/#\\\/schema\\\/person\\\/b93e3f8932e3f8da96334607eb6ac6aa\"},\"headline\":\"O Concello de Cangas mellora a iluminaci\u00f3n na baixada a Mendu\u00ed\u00f1a coa instalaci\u00f3n de 31 luminarias led\",\"datePublished\":\"2022-06-14T08:00:57+00:00\",\"mainEntityOfPage\":{\"@id\":\"https:\\\/\\\/www.anovapeneira.gal\\\/index.php\\\/2022\\\/06\\\/14\\\/o-concello-de-cangas-mellora-a-iluminacion-na-baixada-a-menduina-coa-instalacion-de-31-luminarias-led\\\/\"},\"wordCount\":343,\"commentCount\":0,\"publisher\":{\"@id\":\"https:\\\/\\\/www.anovapeneira.gal\\\/#organization\"},\"image\":{\"@id\":\"https:\\\/\\\/www.anovapeneira.gal\\\/index.php\\\/2022\\\/06\\\/14\\\/o-concello-de-cangas-mellora-a-iluminacion-na-baixada-a-menduina-coa-instalacion-de-31-luminarias-led\\\/#primaryimage\"},\"thumbnailUrl\":\"https:\\\/\\\/www.anovapeneira.gal\\\/wp-content\\\/uploads\\\/2022\\\/06\\\/led_menduina.jpg\",\"keywords\":[\"Concello de Cangas do Morrazo\"],\"articleSection\":[\"Morrazo\"],\"inLanguage\":\"gl-ES\",\"potentialAction\":[{\"@type\":\"CommentAction\",\"name\":\"Comment\",\"target\":[\"https:\\\/\\\/www.anovapeneira.gal\\\/index.php\\\/2022\\\/06\\\/14\\\/o-concello-de-cangas-mellora-a-iluminacion-na-baixada-a-menduina-coa-instalacion-de-31-luminarias-led\\\/#respond\"]}]},{\"@type\":\"WebPage\",\"@id\":\"https:\\\/\\\/www.anovapeneira.gal\\\/index.php\\\/2022\\\/06\\\/14\\\/o-concello-de-cangas-mellora-a-iluminacion-na-baixada-a-menduina-coa-instalacion-de-31-luminarias-led\\\/\",\"url\":\"https:\\\/\\\/www.anovapeneira.gal\\\/index.php\\\/2022\\\/06\\\/14\\\/o-concello-de-cangas-mellora-a-iluminacion-na-baixada-a-menduina-coa-instalacion-de-31-luminarias-led\\\/\",\"name\":\"O Concello de Cangas mellora a iluminaci\u00f3n na baixada a Mendu\u00ed\u00f1a coa instalaci\u00f3n de 31 luminarias led -\",\"isPartOf\":{\"@id\":\"https:\\\/\\\/www.anovapeneira.gal\\\/#website\"},\"primaryImageOfPage\":{\"@id\":\"https:\\\/\\\/www.anovapeneira.gal\\\/index.php\\\/2022\\\/06\\\/14\\\/o-concello-de-cangas-mellora-a-iluminacion-na-baixada-a-menduina-coa-instalacion-de-31-luminarias-led\\\/#primaryimage\"},\"image\":{\"@id\":\"https:\\\/\\\/www.anovapeneira.gal\\\/index.php\\\/2022\\\/06\\\/14\\\/o-concello-de-cangas-mellora-a-iluminacion-na-baixada-a-menduina-coa-instalacion-de-31-luminarias-led\\\/#primaryimage\"},\"thumbnailUrl\":\"https:\\\/\\\/www.anovapeneira.gal\\\/wp-content\\\/uploads\\\/2022\\\/06\\\/led_menduina.jpg\",\"datePublished\":\"2022-06-14T08:00:57+00:00\",\"breadcrumb\":{\"@id\":\"https:\\\/\\\/www.anovapeneira.gal\\\/index.php\\\/2022\\\/06\\\/14\\\/o-concello-de-cangas-mellora-a-iluminacion-na-baixada-a-menduina-coa-instalacion-de-31-luminarias-led\\\/#breadcrumb\"},\"inLanguage\":\"gl-ES\",\"potentialAction\":[{\"@type\":\"ReadAction\",\"target\":[\"https:\\\/\\\/www.anovapeneira.gal\\\/index.php\\\/2022\\\/06\\\/14\\\/o-concello-de-cangas-mellora-a-iluminacion-na-baixada-a-menduina-coa-instalacion-de-31-luminarias-led\\\/\"]}]},{\"@type\":\"ImageObject\",\"inLanguage\":\"gl-ES\",\"@id\":\"https:\\\/\\\/www.anovapeneira.gal\\\/index.php\\\/2022\\\/06\\\/14\\\/o-concello-de-cangas-mellora-a-iluminacion-na-baixada-a-menduina-coa-instalacion-de-31-luminarias-led\\\/#primaryimage\",\"url\":\"https:\\\/\\\/www.anovapeneira.gal\\\/wp-content\\\/uploads\\\/2022\\\/06\\\/led_menduina.jpg\",\"contentUrl\":\"https:\\\/\\\/www.anovapeneira.gal\\\/wp-content\\\/uploads\\\/2022\\\/06\\\/led_menduina.jpg\",\"width\":720,\"height\":432,\"caption\":\"Iluminaci\u00f3n mendui\u00f1a\"},{\"@type\":\"BreadcrumbList\",\"@id\":\"https:\\\/\\\/www.anovapeneira.gal\\\/index.php\\\/2022\\\/06\\\/14\\\/o-concello-de-cangas-mellora-a-iluminacion-na-baixada-a-menduina-coa-instalacion-de-31-luminarias-led\\\/#breadcrumb\",\"itemListElement\":[{\"@type\":\"ListItem\",\"position\":1,\"name\":\"Portada\",\"item\":\"https:\\\/\\\/www.anovapeneira.gal\\\/\"},{\"@type\":\"ListItem\",\"position\":2,\"name\":\"O Concello de Cangas mellora a iluminaci\u00f3n na baixada a Mendu\u00ed\u00f1a coa instalaci\u00f3n de 31 luminarias led\"}]},{\"@type\":\"WebSite\",\"@id\":\"https:\\\/\\\/www.anovapeneira.gal\\\/#website\",\"url\":\"https:\\\/\\\/www.anovapeneira.gal\\\/\",\"name\":\"\",\"description\":\"Xornal galego de informaci\u00f3n xeral Publicaci\u00f3n mensual de novas de Galicia e en especial dos Concellos da sur da provincia de Pontevedra.\",\"publisher\":{\"@id\":\"https:\\\/\\\/www.anovapeneira.gal\\\/#organization\"},\"potentialAction\":[{\"@type\":\"SearchAction\",\"target\":{\"@type\":\"EntryPoint\",\"urlTemplate\":\"https:\\\/\\\/www.anovapeneira.gal\\\/?s={search_term_string}\"},\"query-input\":{\"@type\":\"PropertyValueSpecification\",\"valueRequired\":true,\"valueName\":\"search_term_string\"}}],\"inLanguage\":\"gl-ES\"},{\"@type\":\"Organization\",\"@id\":\"https:\\\/\\\/www.anovapeneira.gal\\\/#organization\",\"name\":\"A Nova Peneira\",\"url\":\"https:\\\/\\\/www.anovapeneira.gal\\\/\",\"logo\":{\"@type\":\"ImageObject\",\"inLanguage\":\"gl-ES\",\"@id\":\"https:\\\/\\\/www.anovapeneira.gal\\\/#\\\/schema\\\/logo\\\/image\\\/\",\"url\":\"http:\\\/\\\/www.anovapeneira.gal\\\/wp-content\\\/uploads\\\/2019\\\/06\\\/logo_a_nova_peneira_portal_web.png\",\"contentUrl\":\"http:\\\/\\\/www.anovapeneira.gal\\\/wp-content\\\/uploads\\\/2019\\\/06\\\/logo_a_nova_peneira_portal_web.png\",\"width\":300,\"height\":100,\"caption\":\"A Nova Peneira\"},\"image\":{\"@id\":\"https:\\\/\\\/www.anovapeneira.gal\\\/#\\\/schema\\\/logo\\\/image\\\/\"},\"sameAs\":[\"https:\\\/\\\/www.facebook.com\\\/anovapeneira\",\"https:\\\/\\\/x.com\\\/APeneira\"]},{\"@type\":\"Person\",\"@id\":\"https:\\\/\\\/www.anovapeneira.gal\\\/#\\\/schema\\\/person\\\/b93e3f8932e3f8da96334607eb6ac6aa\",\"name\":\"Redacci\u00f3n A Nova Peneira\",\"image\":{\"@type\":\"ImageObject\",\"inLanguage\":\"gl-ES\",\"@id\":\"https:\\\/\\\/secure.gravatar.com\\\/avatar\\\/c052a2551a06e23fac63626232eaa90abd78dbcf1700fc46a2b2c89fd27b735f?s=96&d=mm&r=g\",\"url\":\"https:\\\/\\\/secure.gravatar.com\\\/avatar\\\/c052a2551a06e23fac63626232eaa90abd78dbcf1700fc46a2b2c89fd27b735f?s=96&d=mm&r=g\",\"contentUrl\":\"https:\\\/\\\/secure.gravatar.com\\\/avatar\\\/c052a2551a06e23fac63626232eaa90abd78dbcf1700fc46a2b2c89fd27b735f?s=96&d=mm&r=g\",\"caption\":\"Redacci\u00f3n A Nova Peneira\"},\"sameAs\":[\"http:\\\/\\\/www.anovapeneira.gal\\\/\"],\"url\":\"https:\\\/\\\/www.anovapeneira.gal\\\/index.php\\\/author\\\/redactor\\\/\"}]}<\/script>\n<!-- \/ Yoast SEO plugin. -->","yoast_head_json":{"title":"O Concello de Cangas mellora a iluminaci\u00f3n na baixada a Mendu\u00ed\u00f1a coa instalaci\u00f3n de 31 luminarias led -","robots":{"index":"index","follow":"follow","max-snippet":"max-snippet:-1","max-image-preview":"max-image-preview:large","max-video-preview":"max-video-preview:-1"},"canonical":"https:\/\/www.anovapeneira.gal\/index.php\/2022\/06\/14\/o-concello-de-cangas-mellora-a-iluminacion-na-baixada-a-menduina-coa-instalacion-de-31-luminarias-led\/","og_locale":"gl_ES","og_type":"article","og_title":"O Concello de Cangas mellora a iluminaci\u00f3n na baixada a Mendu\u00ed\u00f1a coa instalaci\u00f3n de 31 luminarias led -","og_description":"A alcaldesa, Victoria Portas, supervisou o remate dos traballos e recordou que esta actuaci\u00f3n \u00e9 unha \u201cd\u00e9beda cos veci\u00f1os neste entorno\u201d [...]","og_url":"https:\/\/www.anovapeneira.gal\/index.php\/2022\/06\/14\/o-concello-de-cangas-mellora-a-iluminacion-na-baixada-a-menduina-coa-instalacion-de-31-luminarias-led\/","article_publisher":"https:\/\/www.facebook.com\/anovapeneira","article_published_time":"2022-06-14T08:00:57+00:00","og_image":[{"width":720,"height":432,"url":"https:\/\/www.anovapeneira.gal\/wp-content\/uploads\/2022\/06\/led_menduina.jpg","type":"image\/jpeg"}],"author":"Redacci\u00f3n A Nova Peneira","twitter_card":"summary_large_image","twitter_creator":"@APeneira","twitter_site":"@APeneira","twitter_misc":{"Escrito por":"Redacci\u00f3n A Nova Peneira","Tempo de lectura":"2 minutos"},"schema":{"@context":"https:\/\/schema.org","@graph":[{"@type":"Article","@id":"https:\/\/www.anovapeneira.gal\/index.php\/2022\/06\/14\/o-concello-de-cangas-mellora-a-iluminacion-na-baixada-a-menduina-coa-instalacion-de-31-luminarias-led\/#article","isPartOf":{"@id":"https:\/\/www.anovapeneira.gal\/index.php\/2022\/06\/14\/o-concello-de-cangas-mellora-a-iluminacion-na-baixada-a-menduina-coa-instalacion-de-31-luminarias-led\/"},"author":{"name":"Redacci\u00f3n A Nova Peneira","@id":"https:\/\/www.anovapeneira.gal\/#\/schema\/person\/b93e3f8932e3f8da96334607eb6ac6aa"},"headline":"O Concello de Cangas mellora a iluminaci\u00f3n na baixada a Mendu\u00ed\u00f1a coa instalaci\u00f3n de 31 luminarias led","datePublished":"2022-06-14T08:00:57+00:00","mainEntityOfPage":{"@id":"https:\/\/www.anovapeneira.gal\/index.php\/2022\/06\/14\/o-concello-de-cangas-mellora-a-iluminacion-na-baixada-a-menduina-coa-instalacion-de-31-luminarias-led\/"},"wordCount":343,"commentCount":0,"publisher":{"@id":"https:\/\/www.anovapeneira.gal\/#organization"},"image":{"@id":"https:\/\/www.anovapeneira.gal\/index.php\/2022\/06\/14\/o-concello-de-cangas-mellora-a-iluminacion-na-baixada-a-menduina-coa-instalacion-de-31-luminarias-led\/#primaryimage"},"thumbnailUrl":"https:\/\/www.anovapeneira.gal\/wp-content\/uploads\/2022\/06\/led_menduina.jpg","keywords":["Concello de Cangas do Morrazo"],"articleSection":["Morrazo"],"inLanguage":"gl-ES","potentialAction":[{"@type":"CommentAction","name":"Comment","target":["https:\/\/www.anovapeneira.gal\/index.php\/2022\/06\/14\/o-concello-de-cangas-mellora-a-iluminacion-na-baixada-a-menduina-coa-instalacion-de-31-luminarias-led\/#respond"]}]},{"@type":"WebPage","@id":"https:\/\/www.anovapeneira.gal\/index.php\/2022\/06\/14\/o-concello-de-cangas-mellora-a-iluminacion-na-baixada-a-menduina-coa-instalacion-de-31-luminarias-led\/","url":"https:\/\/www.anovapeneira.gal\/index.php\/2022\/06\/14\/o-concello-de-cangas-mellora-a-iluminacion-na-baixada-a-menduina-coa-instalacion-de-31-luminarias-led\/","name":"O Concello de Cangas mellora a iluminaci\u00f3n na baixada a Mendu\u00ed\u00f1a coa instalaci\u00f3n de 31 luminarias led -","isPartOf":{"@id":"https:\/\/www.anovapeneira.gal\/#website"},"primaryImageOfPage":{"@id":"https:\/\/www.anovapeneira.gal\/index.php\/2022\/06\/14\/o-concello-de-cangas-mellora-a-iluminacion-na-baixada-a-menduina-coa-instalacion-de-31-luminarias-led\/#primaryimage"},"image":{"@id":"https:\/\/www.anovapeneira.gal\/index.php\/2022\/06\/14\/o-concello-de-cangas-mellora-a-iluminacion-na-baixada-a-menduina-coa-instalacion-de-31-luminarias-led\/#primaryimage"},"thumbnailUrl":"https:\/\/www.anovapeneira.gal\/wp-content\/uploads\/2022\/06\/led_menduina.jpg","datePublished":"2022-06-14T08:00:57+00:00","breadcrumb":{"@id":"https:\/\/www.anovapeneira.gal\/index.php\/2022\/06\/14\/o-concello-de-cangas-mellora-a-iluminacion-na-baixada-a-menduina-coa-instalacion-de-31-luminarias-led\/#breadcrumb"},"inLanguage":"gl-ES","potentialAction":[{"@type":"ReadAction","target":["https:\/\/www.anovapeneira.gal\/index.php\/2022\/06\/14\/o-concello-de-cangas-mellora-a-iluminacion-na-baixada-a-menduina-coa-instalacion-de-31-luminarias-led\/"]}]},{"@type":"ImageObject","inLanguage":"gl-ES","@id":"https:\/\/www.anovapeneira.gal\/index.php\/2022\/06\/14\/o-concello-de-cangas-mellora-a-iluminacion-na-baixada-a-menduina-coa-instalacion-de-31-luminarias-led\/#primaryimage","url":"https:\/\/www.anovapeneira.gal\/wp-content\/uploads\/2022\/06\/led_menduina.jpg","contentUrl":"https:\/\/www.anovapeneira.gal\/wp-content\/uploads\/2022\/06\/led_menduina.jpg","width":720,"height":432,"caption":"Iluminaci\u00f3n mendui\u00f1a"},{"@type":"BreadcrumbList","@id":"https:\/\/www.anovapeneira.gal\/index.php\/2022\/06\/14\/o-concello-de-cangas-mellora-a-iluminacion-na-baixada-a-menduina-coa-instalacion-de-31-luminarias-led\/#breadcrumb","itemListElement":[{"@type":"ListItem","position":1,"name":"Portada","item":"https:\/\/www.anovapeneira.gal\/"},{"@type":"ListItem","position":2,"name":"O Concello de Cangas mellora a iluminaci\u00f3n na baixada a Mendu\u00ed\u00f1a coa instalaci\u00f3n de 31 luminarias led"}]},{"@type":"WebSite","@id":"https:\/\/www.anovapeneira.gal\/#website","url":"https:\/\/www.anovapeneira.gal\/","name":"","description":"Xornal galego de informaci\u00f3n xeral Publicaci\u00f3n mensual de novas de Galicia e en especial dos Concellos da sur da provincia de Pontevedra.","publisher":{"@id":"https:\/\/www.anovapeneira.gal\/#organization"},"potentialAction":[{"@type":"SearchAction","target":{"@type":"EntryPoint","urlTemplate":"https:\/\/www.anovapeneira.gal\/?s={search_term_string}"},"query-input":{"@type":"PropertyValueSpecification","valueRequired":true,"valueName":"search_term_string"}}],"inLanguage":"gl-ES"},{"@type":"Organization","@id":"https:\/\/www.anovapeneira.gal\/#organization","name":"A Nova Peneira","url":"https:\/\/www.anovapeneira.gal\/","logo":{"@type":"ImageObject","inLanguage":"gl-ES","@id":"https:\/\/www.anovapeneira.gal\/#\/schema\/logo\/image\/","url":"http:\/\/www.anovapeneira.gal\/wp-content\/uploads\/2019\/06\/logo_a_nova_peneira_portal_web.png","contentUrl":"http:\/\/www.anovapeneira.gal\/wp-content\/uploads\/2019\/06\/logo_a_nova_peneira_portal_web.png","width":300,"height":100,"caption":"A Nova Peneira"},"image":{"@id":"https:\/\/www.anovapeneira.gal\/#\/schema\/logo\/image\/"},"sameAs":["https:\/\/www.facebook.com\/anovapeneira","https:\/\/x.com\/APeneira"]},{"@type":"Person","@id":"https:\/\/www.anovapeneira.gal\/#\/schema\/person\/b93e3f8932e3f8da96334607eb6ac6aa","name":"Redacci\u00f3n A Nova Peneira","image":{"@type":"ImageObject","inLanguage":"gl-ES","@id":"https:\/\/secure.gravatar.com\/avatar\/c052a2551a06e23fac63626232eaa90abd78dbcf1700fc46a2b2c89fd27b735f?s=96&d=mm&r=g","url":"https:\/\/secure.gravatar.com\/avatar\/c052a2551a06e23fac63626232eaa90abd78dbcf1700fc46a2b2c89fd27b735f?s=96&d=mm&r=g","contentUrl":"https:\/\/secure.gravatar.com\/avatar\/c052a2551a06e23fac63626232eaa90abd78dbcf1700fc46a2b2c89fd27b735f?s=96&d=mm&r=g","caption":"Redacci\u00f3n A Nova Peneira"},"sameAs":["http:\/\/www.anovapeneira.gal\/"],"url":"https:\/\/www.anovapeneira.gal\/index.php\/author\/redactor\/"}]}},"jetpack_featured_media_url":"https:\/\/www.anovapeneira.gal\/wp-content\/uploads\/2022\/06\/led_menduina.jpg","_links":{"self":[{"href":"https:\/\/www.anovapeneira.gal\/index.php\/wp-json\/wp\/v2\/posts\/7618","targetHints":{"allow":["GET"]}}],"collection":[{"href":"https:\/\/www.anovapeneira.gal\/index.php\/wp-json\/wp\/v2\/posts"}],"about":[{"href":"https:\/\/www.anovapeneira.gal\/index.php\/wp-json\/wp\/v2\/types\/post"}],"author":[{"embeddable":true,"href":"https:\/\/www.anovapeneira.gal\/index.php\/wp-json\/wp\/v2\/users\/3"}],"replies":[{"embeddable":true,"href":"https:\/\/www.anovapeneira.gal\/index.php\/wp-json\/wp\/v2\/comments?post=7618"}],"version-history":[{"count":1,"href":"https:\/\/www.anovapeneira.gal\/index.php\/wp-json\/wp\/v2\/posts\/7618\/revisions"}],"predecessor-version":[{"id":7620,"href":"https:\/\/www.anovapeneira.gal\/index.php\/wp-json\/wp\/v2\/posts\/7618\/revisions\/7620"}],"wp:featuredmedia":[{"embeddable":true,"href":"https:\/\/www.anovapeneira.gal\/index.php\/wp-json\/wp\/v2\/media\/7619"}],"wp:attachment":[{"href":"https:\/\/www.anovapeneira.gal\/index.php\/wp-json\/wp\/v2\/media?parent=7618"}],"wp:term":[{"taxonomy":"category","embeddable":true,"href":"https:\/\/www.anovapeneira.gal\/index.php\/wp-json\/wp\/v2\/categories?post=7618"},{"taxonomy":"post_tag","embeddable":true,"href":"https:\/\/www.anovapeneira.gal\/index.php\/wp-json\/wp\/v2\/tags?post=7618"}],"curies":[{"name":"wp","href":"https:\/\/api.w.org\/{rel}","templated":true}]}}