{"id":7621,"date":"2022-06-14T12:00:50","date_gmt":"2022-06-14T10:00:50","guid":{"rendered":"https:\/\/www.anovapeneira.gal\/?p=7621"},"modified":"2022-06-06T23:17:11","modified_gmt":"2022-06-06T21:17:11","slug":"o-concello-de-salvaterra-inicia-as-obras-para-a-apertura-da-nova-rua-no-centro-da-vila","status":"publish","type":"post","link":"https:\/\/www.anovapeneira.gal\/index.php\/2022\/06\/14\/o-concello-de-salvaterra-inicia-as-obras-para-a-apertura-da-nova-rua-no-centro-da-vila\/","title":{"rendered":"O Concello de Salvaterra inicia as obras para a apertura da nova r\u00faa no centro da vila"},"content":{"rendered":"\n<p>En decembro do pasado ano publicabamos a historia de Cristina Gonz\u00e1lez. Ela \u00e9 unha veci\u00f1a da r\u00faa Castelao de Salvaterra cuxa vivenda est\u00e1 afectada, seriamente afectada , pola apertura dunha nova r\u00faa. O proxecto desta v\u00eda xa ven do lonxano 1997, pero despois de m\u00e1is de d\u00faas d\u00e9cadas na neveira todo parec\u00eda apuntar que era inminente o inicio das obras. Cristina manifestounos que nin ela nin ning\u00fan membro da s\u00faa familia nunca se opuxeron a que se fixera esta r\u00faa pois consid\u00e9rana unha obra que si pode ser necesaria. Por\u00e9n ped\u00eda encarecidamente unha pequena modificaci\u00f3n do seu trazado pois tal como est\u00e1 formulado vaille levar unha parte moi importante da s\u00faa finca al\u00e9n ocasionar que a r\u00faa pase a car\u00f3n mesmo da s\u00faa casa. E con esta pequena modificaci\u00f3n boa parte da finca poder\u00eda salvarse.<\/p>\n\n\n\n<p>Cristina xudicializou o asunto e xa est\u00e1 fixada a data na que se debe celebrar o xu\u00edzo que ser\u00e1 o vindeiro 7 de xullo. Sen embargo o concello decidiu tomar o cami\u00f1o da pol\u00edtica de feitos consumados e iniciar as obras antes da resoluci\u00f3n do proceso xudicial.<\/p>\n\n\n\n<p>A mediados do pasado mes de maio Cristina recibe un escrito no que lle informan do inicio das obras para o 18 de maio. Ela en principio ti\u00f1a a idea de non deixar pasar a ningu\u00e9n ao seu domicilio pero despois de recibir a visita dun axente da polic\u00eda local e do avogado do Concello \u00e9 informada de que se o inicio das obras se atrasa e o xu\u00edz, que ter\u00e1 que decidir sobre a demanda que interpuxo Cristina, falla a favor do Concello ser\u00e1 ela mesma a que ter\u00e1 que abonar os custes derivados da demora no inicio das obras.<\/p>\n\n\n\n<p>Nese momento, que eu imaxino de especial tensi\u00f3n ,o avogado do Concello informa de que dar\u00e1n comezo \u00e1s obras o luns 23, pero en realidade non \u00e9 as\u00ed pois segundo nos manifesta Xose, o irm\u00e1n de Cristina, foi ao d\u00eda seguinte da visita, o 18 de maio cando entraron na s\u00faa propiedade.<\/p>\n\n\n\n<p>O inicio da actividade ocasionoulle serios prexu\u00edzos a Cristina pois seica non se fixo coa dilixencia debida e esa mesma noite a s\u00faa casa apareceu asolagada de auga polos catro currunchos .O deterioro foi tal que incluso chegou a mollar as l\u00e1mpadas das distintas habitaci\u00f3ns da casa. Foron arredor dunha ducia de veci\u00f1os os que de madrugada axudaron a Cristina a achicar a auga que o inicio das obras da r\u00faa ocasionou que inundara o seu domicilio. A Garda civil e un notario acudiron \u00e1 vivenda de Cristina para dar conta de todos os estragos que est\u00e1 a sofrer a casa de Cristina.<\/p>\n\n\n\n<p>Os cartos para indemnizar a Cristina pola expropiaci\u00f3n de boa parte da s\u00faa propiedade xa est\u00e1n depositados no xulgado pero ela naturalmente non os vai recoller ata que o xulgado dite sentenza que poder\u00e1 validar a decisi\u00f3n do concello ou non. E que pasa se a xustiza d\u00e1 a raz\u00f3n en todo \u00e1s petici\u00f3ns de Cristina?, quen lle devolve a s\u00faa propiedade?. Porque ningunha indemnizaci\u00f3n por elevada que sexa pode pagar o impacto emocional que sup\u00f3n ver violentada a t\u00faa vivenda , al\u00ed onde naciches, onde pasaches os azuis e luminosos d\u00edas da infancia , e onde residen os teus recordos m\u00e1is \u00edntimos e persoais. Sen d\u00fabida a aplicaci\u00f3n da pol\u00edtica de feitos consumados nun asunto tan sensible como este foi unha decisi\u00f3n totalmente desafortunada do concello de Salvaterra.<\/p>\n\n\n\n<p>\u201cComunismo ou liberdade\u201d dic\u00eda a futura l\u00edder dos populares espa\u00f1ois. M\u00e1goa que iso da liberdade s\u00f3 se aplique cando \u00e9 en beneficio propio.<\/p>\n","protected":false},"excerpt":{"rendered":"<div class=\"mh-excerpt\"><p>En decembro do pasado ano publicabamos a historia de Cristina Gonz\u00e1lez. Ela \u00e9 unha veci\u00f1a da r\u00faa Castelao de Salvaterra cuxa vivenda est\u00e1 afectada, seriamente afectada , pola apertura dunha nova r\u00faa. O proxecto desta v\u00eda xa ven do lonxano 1997, pero despois de m\u00e1is de d\u00faas d\u00e9cadas na neveira todo parec\u00eda apuntar que era inminente o inicio das obras <a class=\"mh-excerpt-more\" href=\"https:\/\/www.anovapeneira.gal\/index.php\/2022\/06\/14\/o-concello-de-salvaterra-inicia-as-obras-para-a-apertura-da-nova-rua-no-centro-da-vila\/\" title=\"O Concello de Salvaterra inicia as obras para a apertura da nova r\u00faa no centro da vila\">[&#8230;]<\/a><\/p>\n<\/div>","protected":false},"author":3,"featured_media":7623,"comment_status":"open","ping_status":"open","sticky":false,"template":"","format":"standard","meta":{"_exactmetrics_skip_tracking":false,"_exactmetrics_sitenote_active":false,"_exactmetrics_sitenote_note":"","_exactmetrics_sitenote_category":0,"footnotes":""},"categories":[25],"tags":[186],"class_list":{"0":"post-7621","1":"post","2":"type-post","3":"status-publish","4":"format-standard","5":"has-post-thumbnail","7":"category-condado","8":"tag-concello-de-salvaterra-do-mino"},"yoast_head":"<!-- This site is optimized with the Yoast SEO plugin v27.4 - https:\/\/yoast.com\/product\/yoast-seo-wordpress\/ -->\n<title>O Concello de Salvaterra inicia as obras para a apertura da nova r\u00faa no centro da vila -<\/title>\n<meta name=\"description\" content=\"En decembro do pasado ano publicabamos a historia de Cristina Gonz\u00e1lez.\" \/>\n<meta name=\"robots\" content=\"index, follow, max-snippet:-1, max-image-preview:large, max-video-preview:-1\" \/>\n<link rel=\"canonical\" href=\"https:\/\/www.anovapeneira.gal\/index.php\/2022\/06\/14\/o-concello-de-salvaterra-inicia-as-obras-para-a-apertura-da-nova-rua-no-centro-da-vila\/\" \/>\n<meta property=\"og:locale\" content=\"gl_ES\" \/>\n<meta property=\"og:type\" content=\"article\" \/>\n<meta property=\"og:title\" content=\"O Concello de Salvaterra inicia as obras para a apertura da nova r\u00faa no centro da vila -\" \/>\n<meta property=\"og:description\" content=\"En decembro do pasado ano publicabamos a historia de Cristina Gonz\u00e1lez.\" \/>\n<meta property=\"og:url\" content=\"https:\/\/www.anovapeneira.gal\/index.php\/2022\/06\/14\/o-concello-de-salvaterra-inicia-as-obras-para-a-apertura-da-nova-rua-no-centro-da-vila\/\" \/>\n<meta property=\"article:publisher\" content=\"https:\/\/www.facebook.com\/anovapeneira\" \/>\n<meta property=\"article:published_time\" content=\"2022-06-14T10:00:50+00:00\" \/>\n<meta property=\"og:image\" content=\"https:\/\/www.anovapeneira.gal\/wp-content\/uploads\/2022\/06\/centro_vila_salvaterra.jpg\" \/>\n\t<meta property=\"og:image:width\" content=\"720\" \/>\n\t<meta property=\"og:image:height\" content=\"432\" \/>\n\t<meta property=\"og:image:type\" content=\"image\/jpeg\" \/>\n<meta name=\"author\" content=\"Redacci\u00f3n A Nova Peneira\" \/>\n<meta name=\"twitter:card\" content=\"summary_large_image\" \/>\n<meta name=\"twitter:creator\" content=\"@APeneira\" \/>\n<meta name=\"twitter:site\" content=\"@APeneira\" \/>\n<meta name=\"twitter:label1\" content=\"Escrito por\" \/>\n\t<meta name=\"twitter:data1\" content=\"Redacci\u00f3n A Nova Peneira\" \/>\n\t<meta name=\"twitter:label2\" content=\"Tempo de lectura\" \/>\n\t<meta name=\"twitter:data2\" content=\"4 minutos\" \/>\n<script type=\"application\/ld+json\" class=\"yoast-schema-graph\">{\"@context\":\"https:\\\/\\\/schema.org\",\"@graph\":[{\"@type\":\"Article\",\"@id\":\"https:\\\/\\\/www.anovapeneira.gal\\\/index.php\\\/2022\\\/06\\\/14\\\/o-concello-de-salvaterra-inicia-as-obras-para-a-apertura-da-nova-rua-no-centro-da-vila\\\/#article\",\"isPartOf\":{\"@id\":\"https:\\\/\\\/www.anovapeneira.gal\\\/index.php\\\/2022\\\/06\\\/14\\\/o-concello-de-salvaterra-inicia-as-obras-para-a-apertura-da-nova-rua-no-centro-da-vila\\\/\"},\"author\":{\"name\":\"Redacci\u00f3n A Nova Peneira\",\"@id\":\"https:\\\/\\\/www.anovapeneira.gal\\\/#\\\/schema\\\/person\\\/b93e3f8932e3f8da96334607eb6ac6aa\"},\"headline\":\"O Concello de Salvaterra inicia as obras para a apertura da nova r\u00faa no centro da vila\",\"datePublished\":\"2022-06-14T10:00:50+00:00\",\"mainEntityOfPage\":{\"@id\":\"https:\\\/\\\/www.anovapeneira.gal\\\/index.php\\\/2022\\\/06\\\/14\\\/o-concello-de-salvaterra-inicia-as-obras-para-a-apertura-da-nova-rua-no-centro-da-vila\\\/\"},\"wordCount\":657,\"commentCount\":0,\"publisher\":{\"@id\":\"https:\\\/\\\/www.anovapeneira.gal\\\/#organization\"},\"image\":{\"@id\":\"https:\\\/\\\/www.anovapeneira.gal\\\/index.php\\\/2022\\\/06\\\/14\\\/o-concello-de-salvaterra-inicia-as-obras-para-a-apertura-da-nova-rua-no-centro-da-vila\\\/#primaryimage\"},\"thumbnailUrl\":\"https:\\\/\\\/www.anovapeneira.gal\\\/wp-content\\\/uploads\\\/2022\\\/06\\\/centro_vila_salvaterra.jpg\",\"keywords\":[\"Concello de Salvaterra do Mi\u00f1o\"],\"articleSection\":[\"Condado\"],\"inLanguage\":\"gl-ES\",\"potentialAction\":[{\"@type\":\"CommentAction\",\"name\":\"Comment\",\"target\":[\"https:\\\/\\\/www.anovapeneira.gal\\\/index.php\\\/2022\\\/06\\\/14\\\/o-concello-de-salvaterra-inicia-as-obras-para-a-apertura-da-nova-rua-no-centro-da-vila\\\/#respond\"]}]},{\"@type\":\"WebPage\",\"@id\":\"https:\\\/\\\/www.anovapeneira.gal\\\/index.php\\\/2022\\\/06\\\/14\\\/o-concello-de-salvaterra-inicia-as-obras-para-a-apertura-da-nova-rua-no-centro-da-vila\\\/\",\"url\":\"https:\\\/\\\/www.anovapeneira.gal\\\/index.php\\\/2022\\\/06\\\/14\\\/o-concello-de-salvaterra-inicia-as-obras-para-a-apertura-da-nova-rua-no-centro-da-vila\\\/\",\"name\":\"O Concello de Salvaterra inicia as obras para a apertura da nova r\u00faa no centro da vila -\",\"isPartOf\":{\"@id\":\"https:\\\/\\\/www.anovapeneira.gal\\\/#website\"},\"primaryImageOfPage\":{\"@id\":\"https:\\\/\\\/www.anovapeneira.gal\\\/index.php\\\/2022\\\/06\\\/14\\\/o-concello-de-salvaterra-inicia-as-obras-para-a-apertura-da-nova-rua-no-centro-da-vila\\\/#primaryimage\"},\"image\":{\"@id\":\"https:\\\/\\\/www.anovapeneira.gal\\\/index.php\\\/2022\\\/06\\\/14\\\/o-concello-de-salvaterra-inicia-as-obras-para-a-apertura-da-nova-rua-no-centro-da-vila\\\/#primaryimage\"},\"thumbnailUrl\":\"https:\\\/\\\/www.anovapeneira.gal\\\/wp-content\\\/uploads\\\/2022\\\/06\\\/centro_vila_salvaterra.jpg\",\"datePublished\":\"2022-06-14T10:00:50+00:00\",\"description\":\"En decembro do pasado ano publicabamos a historia de Cristina Gonz\u00e1lez.\",\"breadcrumb\":{\"@id\":\"https:\\\/\\\/www.anovapeneira.gal\\\/index.php\\\/2022\\\/06\\\/14\\\/o-concello-de-salvaterra-inicia-as-obras-para-a-apertura-da-nova-rua-no-centro-da-vila\\\/#breadcrumb\"},\"inLanguage\":\"gl-ES\",\"potentialAction\":[{\"@type\":\"ReadAction\",\"target\":[\"https:\\\/\\\/www.anovapeneira.gal\\\/index.php\\\/2022\\\/06\\\/14\\\/o-concello-de-salvaterra-inicia-as-obras-para-a-apertura-da-nova-rua-no-centro-da-vila\\\/\"]}]},{\"@type\":\"ImageObject\",\"inLanguage\":\"gl-ES\",\"@id\":\"https:\\\/\\\/www.anovapeneira.gal\\\/index.php\\\/2022\\\/06\\\/14\\\/o-concello-de-salvaterra-inicia-as-obras-para-a-apertura-da-nova-rua-no-centro-da-vila\\\/#primaryimage\",\"url\":\"https:\\\/\\\/www.anovapeneira.gal\\\/wp-content\\\/uploads\\\/2022\\\/06\\\/centro_vila_salvaterra.jpg\",\"contentUrl\":\"https:\\\/\\\/www.anovapeneira.gal\\\/wp-content\\\/uploads\\\/2022\\\/06\\\/centro_vila_salvaterra.jpg\",\"width\":720,\"height\":432,\"caption\":\"Centro Vila Salvaterra\"},{\"@type\":\"BreadcrumbList\",\"@id\":\"https:\\\/\\\/www.anovapeneira.gal\\\/index.php\\\/2022\\\/06\\\/14\\\/o-concello-de-salvaterra-inicia-as-obras-para-a-apertura-da-nova-rua-no-centro-da-vila\\\/#breadcrumb\",\"itemListElement\":[{\"@type\":\"ListItem\",\"position\":1,\"name\":\"Portada\",\"item\":\"https:\\\/\\\/www.anovapeneira.gal\\\/\"},{\"@type\":\"ListItem\",\"position\":2,\"name\":\"O Concello de Salvaterra inicia as obras para a apertura da nova r\u00faa no centro da vila\"}]},{\"@type\":\"WebSite\",\"@id\":\"https:\\\/\\\/www.anovapeneira.gal\\\/#website\",\"url\":\"https:\\\/\\\/www.anovapeneira.gal\\\/\",\"name\":\"\",\"description\":\"Xornal galego de informaci\u00f3n xeral Publicaci\u00f3n mensual de novas de Galicia e en especial dos Concellos da sur da provincia de Pontevedra.\",\"publisher\":{\"@id\":\"https:\\\/\\\/www.anovapeneira.gal\\\/#organization\"},\"potentialAction\":[{\"@type\":\"SearchAction\",\"target\":{\"@type\":\"EntryPoint\",\"urlTemplate\":\"https:\\\/\\\/www.anovapeneira.gal\\\/?s={search_term_string}\"},\"query-input\":{\"@type\":\"PropertyValueSpecification\",\"valueRequired\":true,\"valueName\":\"search_term_string\"}}],\"inLanguage\":\"gl-ES\"},{\"@type\":\"Organization\",\"@id\":\"https:\\\/\\\/www.anovapeneira.gal\\\/#organization\",\"name\":\"A Nova Peneira\",\"url\":\"https:\\\/\\\/www.anovapeneira.gal\\\/\",\"logo\":{\"@type\":\"ImageObject\",\"inLanguage\":\"gl-ES\",\"@id\":\"https:\\\/\\\/www.anovapeneira.gal\\\/#\\\/schema\\\/logo\\\/image\\\/\",\"url\":\"http:\\\/\\\/www.anovapeneira.gal\\\/wp-content\\\/uploads\\\/2019\\\/06\\\/logo_a_nova_peneira_portal_web.png\",\"contentUrl\":\"http:\\\/\\\/www.anovapeneira.gal\\\/wp-content\\\/uploads\\\/2019\\\/06\\\/logo_a_nova_peneira_portal_web.png\",\"width\":300,\"height\":100,\"caption\":\"A Nova Peneira\"},\"image\":{\"@id\":\"https:\\\/\\\/www.anovapeneira.gal\\\/#\\\/schema\\\/logo\\\/image\\\/\"},\"sameAs\":[\"https:\\\/\\\/www.facebook.com\\\/anovapeneira\",\"https:\\\/\\\/x.com\\\/APeneira\"]},{\"@type\":\"Person\",\"@id\":\"https:\\\/\\\/www.anovapeneira.gal\\\/#\\\/schema\\\/person\\\/b93e3f8932e3f8da96334607eb6ac6aa\",\"name\":\"Redacci\u00f3n A Nova Peneira\",\"image\":{\"@type\":\"ImageObject\",\"inLanguage\":\"gl-ES\",\"@id\":\"https:\\\/\\\/secure.gravatar.com\\\/avatar\\\/c052a2551a06e23fac63626232eaa90abd78dbcf1700fc46a2b2c89fd27b735f?s=96&d=mm&r=g\",\"url\":\"https:\\\/\\\/secure.gravatar.com\\\/avatar\\\/c052a2551a06e23fac63626232eaa90abd78dbcf1700fc46a2b2c89fd27b735f?s=96&d=mm&r=g\",\"contentUrl\":\"https:\\\/\\\/secure.gravatar.com\\\/avatar\\\/c052a2551a06e23fac63626232eaa90abd78dbcf1700fc46a2b2c89fd27b735f?s=96&d=mm&r=g\",\"caption\":\"Redacci\u00f3n A Nova Peneira\"},\"sameAs\":[\"http:\\\/\\\/www.anovapeneira.gal\\\/\"],\"url\":\"https:\\\/\\\/www.anovapeneira.gal\\\/index.php\\\/author\\\/redactor\\\/\"}]}<\/script>\n<!-- \/ Yoast SEO plugin. -->","yoast_head_json":{"title":"O Concello de Salvaterra inicia as obras para a apertura da nova r\u00faa no centro da vila -","description":"En decembro do pasado ano publicabamos a historia de Cristina Gonz\u00e1lez.","robots":{"index":"index","follow":"follow","max-snippet":"max-snippet:-1","max-image-preview":"max-image-preview:large","max-video-preview":"max-video-preview:-1"},"canonical":"https:\/\/www.anovapeneira.gal\/index.php\/2022\/06\/14\/o-concello-de-salvaterra-inicia-as-obras-para-a-apertura-da-nova-rua-no-centro-da-vila\/","og_locale":"gl_ES","og_type":"article","og_title":"O Concello de Salvaterra inicia as obras para a apertura da nova r\u00faa no centro da vila -","og_description":"En decembro do pasado ano publicabamos a historia de Cristina Gonz\u00e1lez.","og_url":"https:\/\/www.anovapeneira.gal\/index.php\/2022\/06\/14\/o-concello-de-salvaterra-inicia-as-obras-para-a-apertura-da-nova-rua-no-centro-da-vila\/","article_publisher":"https:\/\/www.facebook.com\/anovapeneira","article_published_time":"2022-06-14T10:00:50+00:00","og_image":[{"width":720,"height":432,"url":"https:\/\/www.anovapeneira.gal\/wp-content\/uploads\/2022\/06\/centro_vila_salvaterra.jpg","type":"image\/jpeg"}],"author":"Redacci\u00f3n A Nova Peneira","twitter_card":"summary_large_image","twitter_creator":"@APeneira","twitter_site":"@APeneira","twitter_misc":{"Escrito por":"Redacci\u00f3n A Nova Peneira","Tempo de lectura":"4 minutos"},"schema":{"@context":"https:\/\/schema.org","@graph":[{"@type":"Article","@id":"https:\/\/www.anovapeneira.gal\/index.php\/2022\/06\/14\/o-concello-de-salvaterra-inicia-as-obras-para-a-apertura-da-nova-rua-no-centro-da-vila\/#article","isPartOf":{"@id":"https:\/\/www.anovapeneira.gal\/index.php\/2022\/06\/14\/o-concello-de-salvaterra-inicia-as-obras-para-a-apertura-da-nova-rua-no-centro-da-vila\/"},"author":{"name":"Redacci\u00f3n A Nova Peneira","@id":"https:\/\/www.anovapeneira.gal\/#\/schema\/person\/b93e3f8932e3f8da96334607eb6ac6aa"},"headline":"O Concello de Salvaterra inicia as obras para a apertura da nova r\u00faa no centro da vila","datePublished":"2022-06-14T10:00:50+00:00","mainEntityOfPage":{"@id":"https:\/\/www.anovapeneira.gal\/index.php\/2022\/06\/14\/o-concello-de-salvaterra-inicia-as-obras-para-a-apertura-da-nova-rua-no-centro-da-vila\/"},"wordCount":657,"commentCount":0,"publisher":{"@id":"https:\/\/www.anovapeneira.gal\/#organization"},"image":{"@id":"https:\/\/www.anovapeneira.gal\/index.php\/2022\/06\/14\/o-concello-de-salvaterra-inicia-as-obras-para-a-apertura-da-nova-rua-no-centro-da-vila\/#primaryimage"},"thumbnailUrl":"https:\/\/www.anovapeneira.gal\/wp-content\/uploads\/2022\/06\/centro_vila_salvaterra.jpg","keywords":["Concello de Salvaterra do Mi\u00f1o"],"articleSection":["Condado"],"inLanguage":"gl-ES","potentialAction":[{"@type":"CommentAction","name":"Comment","target":["https:\/\/www.anovapeneira.gal\/index.php\/2022\/06\/14\/o-concello-de-salvaterra-inicia-as-obras-para-a-apertura-da-nova-rua-no-centro-da-vila\/#respond"]}]},{"@type":"WebPage","@id":"https:\/\/www.anovapeneira.gal\/index.php\/2022\/06\/14\/o-concello-de-salvaterra-inicia-as-obras-para-a-apertura-da-nova-rua-no-centro-da-vila\/","url":"https:\/\/www.anovapeneira.gal\/index.php\/2022\/06\/14\/o-concello-de-salvaterra-inicia-as-obras-para-a-apertura-da-nova-rua-no-centro-da-vila\/","name":"O Concello de Salvaterra inicia as obras para a apertura da nova r\u00faa no centro da vila -","isPartOf":{"@id":"https:\/\/www.anovapeneira.gal\/#website"},"primaryImageOfPage":{"@id":"https:\/\/www.anovapeneira.gal\/index.php\/2022\/06\/14\/o-concello-de-salvaterra-inicia-as-obras-para-a-apertura-da-nova-rua-no-centro-da-vila\/#primaryimage"},"image":{"@id":"https:\/\/www.anovapeneira.gal\/index.php\/2022\/06\/14\/o-concello-de-salvaterra-inicia-as-obras-para-a-apertura-da-nova-rua-no-centro-da-vila\/#primaryimage"},"thumbnailUrl":"https:\/\/www.anovapeneira.gal\/wp-content\/uploads\/2022\/06\/centro_vila_salvaterra.jpg","datePublished":"2022-06-14T10:00:50+00:00","description":"En decembro do pasado ano publicabamos a historia de Cristina Gonz\u00e1lez.","breadcrumb":{"@id":"https:\/\/www.anovapeneira.gal\/index.php\/2022\/06\/14\/o-concello-de-salvaterra-inicia-as-obras-para-a-apertura-da-nova-rua-no-centro-da-vila\/#breadcrumb"},"inLanguage":"gl-ES","potentialAction":[{"@type":"ReadAction","target":["https:\/\/www.anovapeneira.gal\/index.php\/2022\/06\/14\/o-concello-de-salvaterra-inicia-as-obras-para-a-apertura-da-nova-rua-no-centro-da-vila\/"]}]},{"@type":"ImageObject","inLanguage":"gl-ES","@id":"https:\/\/www.anovapeneira.gal\/index.php\/2022\/06\/14\/o-concello-de-salvaterra-inicia-as-obras-para-a-apertura-da-nova-rua-no-centro-da-vila\/#primaryimage","url":"https:\/\/www.anovapeneira.gal\/wp-content\/uploads\/2022\/06\/centro_vila_salvaterra.jpg","contentUrl":"https:\/\/www.anovapeneira.gal\/wp-content\/uploads\/2022\/06\/centro_vila_salvaterra.jpg","width":720,"height":432,"caption":"Centro Vila Salvaterra"},{"@type":"BreadcrumbList","@id":"https:\/\/www.anovapeneira.gal\/index.php\/2022\/06\/14\/o-concello-de-salvaterra-inicia-as-obras-para-a-apertura-da-nova-rua-no-centro-da-vila\/#breadcrumb","itemListElement":[{"@type":"ListItem","position":1,"name":"Portada","item":"https:\/\/www.anovapeneira.gal\/"},{"@type":"ListItem","position":2,"name":"O Concello de Salvaterra inicia as obras para a apertura da nova r\u00faa no centro da vila"}]},{"@type":"WebSite","@id":"https:\/\/www.anovapeneira.gal\/#website","url":"https:\/\/www.anovapeneira.gal\/","name":"","description":"Xornal galego de informaci\u00f3n xeral Publicaci\u00f3n mensual de novas de Galicia e en especial dos Concellos da sur da provincia de Pontevedra.","publisher":{"@id":"https:\/\/www.anovapeneira.gal\/#organization"},"potentialAction":[{"@type":"SearchAction","target":{"@type":"EntryPoint","urlTemplate":"https:\/\/www.anovapeneira.gal\/?s={search_term_string}"},"query-input":{"@type":"PropertyValueSpecification","valueRequired":true,"valueName":"search_term_string"}}],"inLanguage":"gl-ES"},{"@type":"Organization","@id":"https:\/\/www.anovapeneira.gal\/#organization","name":"A Nova Peneira","url":"https:\/\/www.anovapeneira.gal\/","logo":{"@type":"ImageObject","inLanguage":"gl-ES","@id":"https:\/\/www.anovapeneira.gal\/#\/schema\/logo\/image\/","url":"http:\/\/www.anovapeneira.gal\/wp-content\/uploads\/2019\/06\/logo_a_nova_peneira_portal_web.png","contentUrl":"http:\/\/www.anovapeneira.gal\/wp-content\/uploads\/2019\/06\/logo_a_nova_peneira_portal_web.png","width":300,"height":100,"caption":"A Nova Peneira"},"image":{"@id":"https:\/\/www.anovapeneira.gal\/#\/schema\/logo\/image\/"},"sameAs":["https:\/\/www.facebook.com\/anovapeneira","https:\/\/x.com\/APeneira"]},{"@type":"Person","@id":"https:\/\/www.anovapeneira.gal\/#\/schema\/person\/b93e3f8932e3f8da96334607eb6ac6aa","name":"Redacci\u00f3n A Nova Peneira","image":{"@type":"ImageObject","inLanguage":"gl-ES","@id":"https:\/\/secure.gravatar.com\/avatar\/c052a2551a06e23fac63626232eaa90abd78dbcf1700fc46a2b2c89fd27b735f?s=96&d=mm&r=g","url":"https:\/\/secure.gravatar.com\/avatar\/c052a2551a06e23fac63626232eaa90abd78dbcf1700fc46a2b2c89fd27b735f?s=96&d=mm&r=g","contentUrl":"https:\/\/secure.gravatar.com\/avatar\/c052a2551a06e23fac63626232eaa90abd78dbcf1700fc46a2b2c89fd27b735f?s=96&d=mm&r=g","caption":"Redacci\u00f3n A Nova Peneira"},"sameAs":["http:\/\/www.anovapeneira.gal\/"],"url":"https:\/\/www.anovapeneira.gal\/index.php\/author\/redactor\/"}]}},"jetpack_featured_media_url":"https:\/\/www.anovapeneira.gal\/wp-content\/uploads\/2022\/06\/centro_vila_salvaterra.jpg","_links":{"self":[{"href":"https:\/\/www.anovapeneira.gal\/index.php\/wp-json\/wp\/v2\/posts\/7621","targetHints":{"allow":["GET"]}}],"collection":[{"href":"https:\/\/www.anovapeneira.gal\/index.php\/wp-json\/wp\/v2\/posts"}],"about":[{"href":"https:\/\/www.anovapeneira.gal\/index.php\/wp-json\/wp\/v2\/types\/post"}],"author":[{"embeddable":true,"href":"https:\/\/www.anovapeneira.gal\/index.php\/wp-json\/wp\/v2\/users\/3"}],"replies":[{"embeddable":true,"href":"https:\/\/www.anovapeneira.gal\/index.php\/wp-json\/wp\/v2\/comments?post=7621"}],"version-history":[{"count":2,"href":"https:\/\/www.anovapeneira.gal\/index.php\/wp-json\/wp\/v2\/posts\/7621\/revisions"}],"predecessor-version":[{"id":7624,"href":"https:\/\/www.anovapeneira.gal\/index.php\/wp-json\/wp\/v2\/posts\/7621\/revisions\/7624"}],"wp:featuredmedia":[{"embeddable":true,"href":"https:\/\/www.anovapeneira.gal\/index.php\/wp-json\/wp\/v2\/media\/7623"}],"wp:attachment":[{"href":"https:\/\/www.anovapeneira.gal\/index.php\/wp-json\/wp\/v2\/media?parent=7621"}],"wp:term":[{"taxonomy":"category","embeddable":true,"href":"https:\/\/www.anovapeneira.gal\/index.php\/wp-json\/wp\/v2\/categories?post=7621"},{"taxonomy":"post_tag","embeddable":true,"href":"https:\/\/www.anovapeneira.gal\/index.php\/wp-json\/wp\/v2\/tags?post=7621"}],"curies":[{"name":"wp","href":"https:\/\/api.w.org\/{rel}","templated":true}]}}