{"id":7625,"date":"2022-06-15T10:00:19","date_gmt":"2022-06-15T08:00:19","guid":{"rendered":"https:\/\/www.anovapeneira.gal\/?p=7625"},"modified":"2022-06-06T23:22:46","modified_gmt":"2022-06-06T21:22:46","slug":"iv-gala-de-entrega-de-premios-a-nova-peneira-2","status":"publish","type":"post","link":"https:\/\/www.anovapeneira.gal\/index.php\/2022\/06\/15\/iv-gala-de-entrega-de-premios-a-nova-peneira-2\/","title":{"rendered":"IV Gala de entrega de premios A Nova Peneira"},"content":{"rendered":"\n<p>En xaneiro do 2015 celebramos a primeira edici\u00f3n das nosas galas. O evento ti\u00f1a unha motivaci\u00f3n dupla, pois por unha banda pretendiamos premiar a persoas e colectivos cuxa produci\u00f3n intelectual, actividade pol\u00edtica ou elevados valores morais fosen, ao noso xu\u00edzo, de especial relevancia na sociedade galega e por outra parte quixemos agradecer a compa\u00f1\u00eda dos centos de anunciantes , subscritores e subscritoras sen cuxa axuda un medio como o noso non ter\u00eda a m\u00e1is m\u00ednima oportunidade de existir. O \u00e9xito daquela primeira edici\u00f3n, m\u00e1is de 100 amigas e amigos honr\u00e1ronnos coa s\u00faa presenza no Porri\u00f1o, animounos a regularizar as nosas galas e as\u00ed pois decidimos que tiveran unha periodicidade bienal, sempre no mesmo sitio, o restaurante Manolo desa vila da Louri\u00f1a. En xaneiro do 2017 fixemos a segunda edici\u00f3n e o mesmo mes do 2019 gozamos coa terceira cunha asistencia superior \u00e1s 150 persoas en cada unha delas. E para xaneiro do 2021 ti\u00f1amos programada a IV. Por\u00e9n as circunstancias pand\u00e9micas que atravesou a humanidade fixeron imposible a s\u00faa celebraci\u00f3n e obrig\u00e1ronnos a adiala en varias ocasi\u00f3ns.<\/p>\n\n\n\n<p>Por fin, se non hai unha nova hecatombe mundial que o impida, chegou o momento de xuntarnos de novo, brindarmos pola vida e agradecer a compa\u00f1\u00eda de tantos e tantas que coa s\u00faa xenerosidade fan posible que A Nova Peneira xa leve 11 anos cami\u00f1ando, \u201c sen tutelas nin tu t\u00edas\u201d polas r\u00faas, cami\u00f1os e corredoiras do sur do pa\u00eds galego. O vindeiro s\u00e1bado 17de setembro \u00e1s 14,00 h celebraremos no sitio habitual a nosa IV gala de entrega de premios. Al\u00ed reco\u00f1eceremos aos nosos 5 mellores anunciantes deste per\u00edodo , a un dos nosos colaboradores ou colaboradoras, premiaremos a unha das administraci\u00f3ns que m\u00e1is nos apoia, agradeceremos a compa\u00f1\u00eda a un dos nosos mellores amigos ou amigas nun premio novo que chamamos \u201c amigo\/a de A Nova Peneira\u201d e remataremos como sempre entregando os dous premios de maior carga emotiva que, como seguro que sabedes, son :-\u201dBo\/a e xeneroso\/a\u201d e-\u201dToda unha vida no compromiso social\u201d. Non ser\u00e1 doado acertar coas persoas premiadas nesta IV edici\u00f3n para igualar \u00e1s persoas ou colectivos que xa foron galardoados: Elvira Souto, Camilo Nogueira, o colectivo de pensionistas da CIG, Carlos M\u00e9ixome&#8230;. son alg\u00fans dos que xa recibiron o noso humilde reco\u00f1ecemento en pasadas edici\u00f3ns das nosas galas e cada vez ponse m\u00e1is complexo non baixar o nivel das persoas \u00e1s que premiamos.<\/p>\n\n\n\n<p>Conf\u00edo en que saberemos estar \u00e1 altura e que, unha vez m\u00e1is, todas as persoas que suban a recoller o seu galard\u00f3n recollan o cari\u00f1o e reco\u00f1ecemento un\u00e1nime das amigas e amigos que nos acompa\u00f1en. Como non pod\u00eda ser doutra maneira haber\u00e1 actuaci\u00f3n musical e algunhas sorpresas que non podo comentar a\u00ednda. E sobre todo, quen te\u00f1a a bondade de prestarnos a s\u00faa compa\u00f1\u00eda recibir\u00e1 o afecto m\u00e1is profundo, de significante e de significado, de todas as persoas que aqu\u00ed traballamos e en particular de quen isto escribe.<\/p>\n\n\n\n<p>S\u00e1bado 17 de setembro \u00e1s 14,00 h no restaurante Manolo de O Porri\u00f1o IV Gala de entrega de premios A Nova Peneira.<\/p>\n","protected":false},"excerpt":{"rendered":"<div class=\"mh-excerpt\"><p>En xaneiro do 2015 celebramos a primeira edici\u00f3n das nosas galas. O evento ti\u00f1a unha motivaci\u00f3n dupla, pois por unha banda pretendiamos premiar a persoas e colectivos cuxa produci\u00f3n intelectual, actividade pol\u00edtica ou elevados valores morais fosen, ao noso xu\u00edzo, de especial relevancia na sociedade galega <a class=\"mh-excerpt-more\" href=\"https:\/\/www.anovapeneira.gal\/index.php\/2022\/06\/15\/iv-gala-de-entrega-de-premios-a-nova-peneira-2\/\" title=\"IV Gala de entrega de premios A Nova Peneira\">[&#8230;]<\/a><\/p>\n<\/div>","protected":false},"author":3,"featured_media":7627,"comment_status":"open","ping_status":"open","sticky":false,"template":"","format":"standard","meta":{"_exactmetrics_skip_tracking":false,"_exactmetrics_sitenote_active":false,"_exactmetrics_sitenote_note":"","_exactmetrics_sitenote_category":0,"footnotes":""},"categories":[263],"tags":[],"class_list":{"0":"post-7625","1":"post","2":"type-post","3":"status-publish","4":"format-standard","5":"has-post-thumbnail","7":"category-novas"},"yoast_head":"<!-- This site is optimized with the Yoast SEO plugin v27.4 - https:\/\/yoast.com\/product\/yoast-seo-wordpress\/ -->\n<title>IV Gala de entrega de premios A Nova Peneira -<\/title>\n<meta name=\"description\" content=\"En xaneiro do 2015 celebramos a primeira edici\u00f3n das nosas galas. O evento ti\u00f1a unha motivaci\u00f3n dupla, pois por unha banda pretendiamos premiar a persoas e colectivos cuxa produci\u00f3n intelectual, actividade pol\u00edtica ou elevados valores morais fosen, ao noso xu\u00edzo, de especial relevancia na sociedade galega\" \/>\n<meta name=\"robots\" content=\"index, follow, max-snippet:-1, max-image-preview:large, max-video-preview:-1\" \/>\n<link rel=\"canonical\" href=\"https:\/\/www.anovapeneira.gal\/index.php\/2022\/06\/15\/iv-gala-de-entrega-de-premios-a-nova-peneira-2\/\" \/>\n<meta property=\"og:locale\" content=\"gl_ES\" \/>\n<meta property=\"og:type\" content=\"article\" \/>\n<meta property=\"og:title\" content=\"IV Gala de entrega de premios A Nova Peneira -\" \/>\n<meta property=\"og:description\" content=\"En xaneiro do 2015 celebramos a primeira edici\u00f3n das nosas galas. O evento ti\u00f1a unha motivaci\u00f3n dupla, pois por unha banda pretendiamos premiar a persoas e colectivos cuxa produci\u00f3n intelectual, actividade pol\u00edtica ou elevados valores morais fosen, ao noso xu\u00edzo, de especial relevancia na sociedade galega\" \/>\n<meta property=\"og:url\" content=\"https:\/\/www.anovapeneira.gal\/index.php\/2022\/06\/15\/iv-gala-de-entrega-de-premios-a-nova-peneira-2\/\" \/>\n<meta property=\"article:publisher\" content=\"https:\/\/www.facebook.com\/anovapeneira\" \/>\n<meta property=\"article:published_time\" content=\"2022-06-15T08:00:19+00:00\" \/>\n<meta property=\"og:image\" content=\"https:\/\/www.anovapeneira.gal\/wp-content\/uploads\/2022\/06\/gala_de_premios_a_nova_peneira.jpg\" \/>\n\t<meta property=\"og:image:width\" content=\"720\" \/>\n\t<meta property=\"og:image:height\" content=\"432\" \/>\n\t<meta property=\"og:image:type\" content=\"image\/jpeg\" \/>\n<meta name=\"author\" content=\"Redacci\u00f3n A Nova Peneira\" \/>\n<meta name=\"twitter:card\" content=\"summary_large_image\" \/>\n<meta name=\"twitter:creator\" content=\"@APeneira\" \/>\n<meta name=\"twitter:site\" content=\"@APeneira\" \/>\n<meta name=\"twitter:label1\" content=\"Escrito por\" \/>\n\t<meta name=\"twitter:data1\" content=\"Redacci\u00f3n A Nova Peneira\" \/>\n\t<meta name=\"twitter:label2\" content=\"Tempo de lectura\" \/>\n\t<meta name=\"twitter:data2\" content=\"3 minutos\" \/>\n<script type=\"application\/ld+json\" class=\"yoast-schema-graph\">{\"@context\":\"https:\\\/\\\/schema.org\",\"@graph\":[{\"@type\":\"Article\",\"@id\":\"https:\\\/\\\/www.anovapeneira.gal\\\/index.php\\\/2022\\\/06\\\/15\\\/iv-gala-de-entrega-de-premios-a-nova-peneira-2\\\/#article\",\"isPartOf\":{\"@id\":\"https:\\\/\\\/www.anovapeneira.gal\\\/index.php\\\/2022\\\/06\\\/15\\\/iv-gala-de-entrega-de-premios-a-nova-peneira-2\\\/\"},\"author\":{\"name\":\"Redacci\u00f3n A Nova Peneira\",\"@id\":\"https:\\\/\\\/www.anovapeneira.gal\\\/#\\\/schema\\\/person\\\/b93e3f8932e3f8da96334607eb6ac6aa\"},\"headline\":\"IV Gala de entrega de premios A Nova Peneira\",\"datePublished\":\"2022-06-15T08:00:19+00:00\",\"mainEntityOfPage\":{\"@id\":\"https:\\\/\\\/www.anovapeneira.gal\\\/index.php\\\/2022\\\/06\\\/15\\\/iv-gala-de-entrega-de-premios-a-nova-peneira-2\\\/\"},\"wordCount\":563,\"commentCount\":0,\"publisher\":{\"@id\":\"https:\\\/\\\/www.anovapeneira.gal\\\/#organization\"},\"image\":{\"@id\":\"https:\\\/\\\/www.anovapeneira.gal\\\/index.php\\\/2022\\\/06\\\/15\\\/iv-gala-de-entrega-de-premios-a-nova-peneira-2\\\/#primaryimage\"},\"thumbnailUrl\":\"https:\\\/\\\/www.anovapeneira.gal\\\/wp-content\\\/uploads\\\/2022\\\/06\\\/gala_de_premios_a_nova_peneira.jpg\",\"articleSection\":[\"Novas\"],\"inLanguage\":\"gl-ES\",\"potentialAction\":[{\"@type\":\"CommentAction\",\"name\":\"Comment\",\"target\":[\"https:\\\/\\\/www.anovapeneira.gal\\\/index.php\\\/2022\\\/06\\\/15\\\/iv-gala-de-entrega-de-premios-a-nova-peneira-2\\\/#respond\"]}]},{\"@type\":\"WebPage\",\"@id\":\"https:\\\/\\\/www.anovapeneira.gal\\\/index.php\\\/2022\\\/06\\\/15\\\/iv-gala-de-entrega-de-premios-a-nova-peneira-2\\\/\",\"url\":\"https:\\\/\\\/www.anovapeneira.gal\\\/index.php\\\/2022\\\/06\\\/15\\\/iv-gala-de-entrega-de-premios-a-nova-peneira-2\\\/\",\"name\":\"IV Gala de entrega de premios A Nova Peneira -\",\"isPartOf\":{\"@id\":\"https:\\\/\\\/www.anovapeneira.gal\\\/#website\"},\"primaryImageOfPage\":{\"@id\":\"https:\\\/\\\/www.anovapeneira.gal\\\/index.php\\\/2022\\\/06\\\/15\\\/iv-gala-de-entrega-de-premios-a-nova-peneira-2\\\/#primaryimage\"},\"image\":{\"@id\":\"https:\\\/\\\/www.anovapeneira.gal\\\/index.php\\\/2022\\\/06\\\/15\\\/iv-gala-de-entrega-de-premios-a-nova-peneira-2\\\/#primaryimage\"},\"thumbnailUrl\":\"https:\\\/\\\/www.anovapeneira.gal\\\/wp-content\\\/uploads\\\/2022\\\/06\\\/gala_de_premios_a_nova_peneira.jpg\",\"datePublished\":\"2022-06-15T08:00:19+00:00\",\"description\":\"En xaneiro do 2015 celebramos a primeira edici\u00f3n das nosas galas. O evento ti\u00f1a unha motivaci\u00f3n dupla, pois por unha banda pretendiamos premiar a persoas e colectivos cuxa produci\u00f3n intelectual, actividade pol\u00edtica ou elevados valores morais fosen, ao noso xu\u00edzo, de especial relevancia na sociedade galega\",\"breadcrumb\":{\"@id\":\"https:\\\/\\\/www.anovapeneira.gal\\\/index.php\\\/2022\\\/06\\\/15\\\/iv-gala-de-entrega-de-premios-a-nova-peneira-2\\\/#breadcrumb\"},\"inLanguage\":\"gl-ES\",\"potentialAction\":[{\"@type\":\"ReadAction\",\"target\":[\"https:\\\/\\\/www.anovapeneira.gal\\\/index.php\\\/2022\\\/06\\\/15\\\/iv-gala-de-entrega-de-premios-a-nova-peneira-2\\\/\"]}]},{\"@type\":\"ImageObject\",\"inLanguage\":\"gl-ES\",\"@id\":\"https:\\\/\\\/www.anovapeneira.gal\\\/index.php\\\/2022\\\/06\\\/15\\\/iv-gala-de-entrega-de-premios-a-nova-peneira-2\\\/#primaryimage\",\"url\":\"https:\\\/\\\/www.anovapeneira.gal\\\/wp-content\\\/uploads\\\/2022\\\/06\\\/gala_de_premios_a_nova_peneira.jpg\",\"contentUrl\":\"https:\\\/\\\/www.anovapeneira.gal\\\/wp-content\\\/uploads\\\/2022\\\/06\\\/gala_de_premios_a_nova_peneira.jpg\",\"width\":720,\"height\":432,\"caption\":\"Gala premios A Nova Peneira\"},{\"@type\":\"BreadcrumbList\",\"@id\":\"https:\\\/\\\/www.anovapeneira.gal\\\/index.php\\\/2022\\\/06\\\/15\\\/iv-gala-de-entrega-de-premios-a-nova-peneira-2\\\/#breadcrumb\",\"itemListElement\":[{\"@type\":\"ListItem\",\"position\":1,\"name\":\"Portada\",\"item\":\"https:\\\/\\\/www.anovapeneira.gal\\\/\"},{\"@type\":\"ListItem\",\"position\":2,\"name\":\"IV Gala de entrega de premios A Nova Peneira\"}]},{\"@type\":\"WebSite\",\"@id\":\"https:\\\/\\\/www.anovapeneira.gal\\\/#website\",\"url\":\"https:\\\/\\\/www.anovapeneira.gal\\\/\",\"name\":\"\",\"description\":\"Xornal galego de informaci\u00f3n xeral Publicaci\u00f3n mensual de novas de Galicia e en especial dos Concellos da sur da provincia de Pontevedra.\",\"publisher\":{\"@id\":\"https:\\\/\\\/www.anovapeneira.gal\\\/#organization\"},\"potentialAction\":[{\"@type\":\"SearchAction\",\"target\":{\"@type\":\"EntryPoint\",\"urlTemplate\":\"https:\\\/\\\/www.anovapeneira.gal\\\/?s={search_term_string}\"},\"query-input\":{\"@type\":\"PropertyValueSpecification\",\"valueRequired\":true,\"valueName\":\"search_term_string\"}}],\"inLanguage\":\"gl-ES\"},{\"@type\":\"Organization\",\"@id\":\"https:\\\/\\\/www.anovapeneira.gal\\\/#organization\",\"name\":\"A Nova Peneira\",\"url\":\"https:\\\/\\\/www.anovapeneira.gal\\\/\",\"logo\":{\"@type\":\"ImageObject\",\"inLanguage\":\"gl-ES\",\"@id\":\"https:\\\/\\\/www.anovapeneira.gal\\\/#\\\/schema\\\/logo\\\/image\\\/\",\"url\":\"http:\\\/\\\/www.anovapeneira.gal\\\/wp-content\\\/uploads\\\/2019\\\/06\\\/logo_a_nova_peneira_portal_web.png\",\"contentUrl\":\"http:\\\/\\\/www.anovapeneira.gal\\\/wp-content\\\/uploads\\\/2019\\\/06\\\/logo_a_nova_peneira_portal_web.png\",\"width\":300,\"height\":100,\"caption\":\"A Nova Peneira\"},\"image\":{\"@id\":\"https:\\\/\\\/www.anovapeneira.gal\\\/#\\\/schema\\\/logo\\\/image\\\/\"},\"sameAs\":[\"https:\\\/\\\/www.facebook.com\\\/anovapeneira\",\"https:\\\/\\\/x.com\\\/APeneira\"]},{\"@type\":\"Person\",\"@id\":\"https:\\\/\\\/www.anovapeneira.gal\\\/#\\\/schema\\\/person\\\/b93e3f8932e3f8da96334607eb6ac6aa\",\"name\":\"Redacci\u00f3n A Nova Peneira\",\"image\":{\"@type\":\"ImageObject\",\"inLanguage\":\"gl-ES\",\"@id\":\"https:\\\/\\\/secure.gravatar.com\\\/avatar\\\/c052a2551a06e23fac63626232eaa90abd78dbcf1700fc46a2b2c89fd27b735f?s=96&d=mm&r=g\",\"url\":\"https:\\\/\\\/secure.gravatar.com\\\/avatar\\\/c052a2551a06e23fac63626232eaa90abd78dbcf1700fc46a2b2c89fd27b735f?s=96&d=mm&r=g\",\"contentUrl\":\"https:\\\/\\\/secure.gravatar.com\\\/avatar\\\/c052a2551a06e23fac63626232eaa90abd78dbcf1700fc46a2b2c89fd27b735f?s=96&d=mm&r=g\",\"caption\":\"Redacci\u00f3n A Nova Peneira\"},\"sameAs\":[\"http:\\\/\\\/www.anovapeneira.gal\\\/\"],\"url\":\"https:\\\/\\\/www.anovapeneira.gal\\\/index.php\\\/author\\\/redactor\\\/\"}]}<\/script>\n<!-- \/ Yoast SEO plugin. -->","yoast_head_json":{"title":"IV Gala de entrega de premios A Nova Peneira -","description":"En xaneiro do 2015 celebramos a primeira edici\u00f3n das nosas galas. O evento ti\u00f1a unha motivaci\u00f3n dupla, pois por unha banda pretendiamos premiar a persoas e colectivos cuxa produci\u00f3n intelectual, actividade pol\u00edtica ou elevados valores morais fosen, ao noso xu\u00edzo, de especial relevancia na sociedade galega","robots":{"index":"index","follow":"follow","max-snippet":"max-snippet:-1","max-image-preview":"max-image-preview:large","max-video-preview":"max-video-preview:-1"},"canonical":"https:\/\/www.anovapeneira.gal\/index.php\/2022\/06\/15\/iv-gala-de-entrega-de-premios-a-nova-peneira-2\/","og_locale":"gl_ES","og_type":"article","og_title":"IV Gala de entrega de premios A Nova Peneira -","og_description":"En xaneiro do 2015 celebramos a primeira edici\u00f3n das nosas galas. O evento ti\u00f1a unha motivaci\u00f3n dupla, pois por unha banda pretendiamos premiar a persoas e colectivos cuxa produci\u00f3n intelectual, actividade pol\u00edtica ou elevados valores morais fosen, ao noso xu\u00edzo, de especial relevancia na sociedade galega","og_url":"https:\/\/www.anovapeneira.gal\/index.php\/2022\/06\/15\/iv-gala-de-entrega-de-premios-a-nova-peneira-2\/","article_publisher":"https:\/\/www.facebook.com\/anovapeneira","article_published_time":"2022-06-15T08:00:19+00:00","og_image":[{"width":720,"height":432,"url":"https:\/\/www.anovapeneira.gal\/wp-content\/uploads\/2022\/06\/gala_de_premios_a_nova_peneira.jpg","type":"image\/jpeg"}],"author":"Redacci\u00f3n A Nova Peneira","twitter_card":"summary_large_image","twitter_creator":"@APeneira","twitter_site":"@APeneira","twitter_misc":{"Escrito por":"Redacci\u00f3n A Nova Peneira","Tempo de lectura":"3 minutos"},"schema":{"@context":"https:\/\/schema.org","@graph":[{"@type":"Article","@id":"https:\/\/www.anovapeneira.gal\/index.php\/2022\/06\/15\/iv-gala-de-entrega-de-premios-a-nova-peneira-2\/#article","isPartOf":{"@id":"https:\/\/www.anovapeneira.gal\/index.php\/2022\/06\/15\/iv-gala-de-entrega-de-premios-a-nova-peneira-2\/"},"author":{"name":"Redacci\u00f3n A Nova Peneira","@id":"https:\/\/www.anovapeneira.gal\/#\/schema\/person\/b93e3f8932e3f8da96334607eb6ac6aa"},"headline":"IV Gala de entrega de premios A Nova Peneira","datePublished":"2022-06-15T08:00:19+00:00","mainEntityOfPage":{"@id":"https:\/\/www.anovapeneira.gal\/index.php\/2022\/06\/15\/iv-gala-de-entrega-de-premios-a-nova-peneira-2\/"},"wordCount":563,"commentCount":0,"publisher":{"@id":"https:\/\/www.anovapeneira.gal\/#organization"},"image":{"@id":"https:\/\/www.anovapeneira.gal\/index.php\/2022\/06\/15\/iv-gala-de-entrega-de-premios-a-nova-peneira-2\/#primaryimage"},"thumbnailUrl":"https:\/\/www.anovapeneira.gal\/wp-content\/uploads\/2022\/06\/gala_de_premios_a_nova_peneira.jpg","articleSection":["Novas"],"inLanguage":"gl-ES","potentialAction":[{"@type":"CommentAction","name":"Comment","target":["https:\/\/www.anovapeneira.gal\/index.php\/2022\/06\/15\/iv-gala-de-entrega-de-premios-a-nova-peneira-2\/#respond"]}]},{"@type":"WebPage","@id":"https:\/\/www.anovapeneira.gal\/index.php\/2022\/06\/15\/iv-gala-de-entrega-de-premios-a-nova-peneira-2\/","url":"https:\/\/www.anovapeneira.gal\/index.php\/2022\/06\/15\/iv-gala-de-entrega-de-premios-a-nova-peneira-2\/","name":"IV Gala de entrega de premios A Nova Peneira -","isPartOf":{"@id":"https:\/\/www.anovapeneira.gal\/#website"},"primaryImageOfPage":{"@id":"https:\/\/www.anovapeneira.gal\/index.php\/2022\/06\/15\/iv-gala-de-entrega-de-premios-a-nova-peneira-2\/#primaryimage"},"image":{"@id":"https:\/\/www.anovapeneira.gal\/index.php\/2022\/06\/15\/iv-gala-de-entrega-de-premios-a-nova-peneira-2\/#primaryimage"},"thumbnailUrl":"https:\/\/www.anovapeneira.gal\/wp-content\/uploads\/2022\/06\/gala_de_premios_a_nova_peneira.jpg","datePublished":"2022-06-15T08:00:19+00:00","description":"En xaneiro do 2015 celebramos a primeira edici\u00f3n das nosas galas. O evento ti\u00f1a unha motivaci\u00f3n dupla, pois por unha banda pretendiamos premiar a persoas e colectivos cuxa produci\u00f3n intelectual, actividade pol\u00edtica ou elevados valores morais fosen, ao noso xu\u00edzo, de especial relevancia na sociedade galega","breadcrumb":{"@id":"https:\/\/www.anovapeneira.gal\/index.php\/2022\/06\/15\/iv-gala-de-entrega-de-premios-a-nova-peneira-2\/#breadcrumb"},"inLanguage":"gl-ES","potentialAction":[{"@type":"ReadAction","target":["https:\/\/www.anovapeneira.gal\/index.php\/2022\/06\/15\/iv-gala-de-entrega-de-premios-a-nova-peneira-2\/"]}]},{"@type":"ImageObject","inLanguage":"gl-ES","@id":"https:\/\/www.anovapeneira.gal\/index.php\/2022\/06\/15\/iv-gala-de-entrega-de-premios-a-nova-peneira-2\/#primaryimage","url":"https:\/\/www.anovapeneira.gal\/wp-content\/uploads\/2022\/06\/gala_de_premios_a_nova_peneira.jpg","contentUrl":"https:\/\/www.anovapeneira.gal\/wp-content\/uploads\/2022\/06\/gala_de_premios_a_nova_peneira.jpg","width":720,"height":432,"caption":"Gala premios A Nova Peneira"},{"@type":"BreadcrumbList","@id":"https:\/\/www.anovapeneira.gal\/index.php\/2022\/06\/15\/iv-gala-de-entrega-de-premios-a-nova-peneira-2\/#breadcrumb","itemListElement":[{"@type":"ListItem","position":1,"name":"Portada","item":"https:\/\/www.anovapeneira.gal\/"},{"@type":"ListItem","position":2,"name":"IV Gala de entrega de premios A Nova Peneira"}]},{"@type":"WebSite","@id":"https:\/\/www.anovapeneira.gal\/#website","url":"https:\/\/www.anovapeneira.gal\/","name":"","description":"Xornal galego de informaci\u00f3n xeral Publicaci\u00f3n mensual de novas de Galicia e en especial dos Concellos da sur da provincia de Pontevedra.","publisher":{"@id":"https:\/\/www.anovapeneira.gal\/#organization"},"potentialAction":[{"@type":"SearchAction","target":{"@type":"EntryPoint","urlTemplate":"https:\/\/www.anovapeneira.gal\/?s={search_term_string}"},"query-input":{"@type":"PropertyValueSpecification","valueRequired":true,"valueName":"search_term_string"}}],"inLanguage":"gl-ES"},{"@type":"Organization","@id":"https:\/\/www.anovapeneira.gal\/#organization","name":"A Nova Peneira","url":"https:\/\/www.anovapeneira.gal\/","logo":{"@type":"ImageObject","inLanguage":"gl-ES","@id":"https:\/\/www.anovapeneira.gal\/#\/schema\/logo\/image\/","url":"http:\/\/www.anovapeneira.gal\/wp-content\/uploads\/2019\/06\/logo_a_nova_peneira_portal_web.png","contentUrl":"http:\/\/www.anovapeneira.gal\/wp-content\/uploads\/2019\/06\/logo_a_nova_peneira_portal_web.png","width":300,"height":100,"caption":"A Nova Peneira"},"image":{"@id":"https:\/\/www.anovapeneira.gal\/#\/schema\/logo\/image\/"},"sameAs":["https:\/\/www.facebook.com\/anovapeneira","https:\/\/x.com\/APeneira"]},{"@type":"Person","@id":"https:\/\/www.anovapeneira.gal\/#\/schema\/person\/b93e3f8932e3f8da96334607eb6ac6aa","name":"Redacci\u00f3n A Nova Peneira","image":{"@type":"ImageObject","inLanguage":"gl-ES","@id":"https:\/\/secure.gravatar.com\/avatar\/c052a2551a06e23fac63626232eaa90abd78dbcf1700fc46a2b2c89fd27b735f?s=96&d=mm&r=g","url":"https:\/\/secure.gravatar.com\/avatar\/c052a2551a06e23fac63626232eaa90abd78dbcf1700fc46a2b2c89fd27b735f?s=96&d=mm&r=g","contentUrl":"https:\/\/secure.gravatar.com\/avatar\/c052a2551a06e23fac63626232eaa90abd78dbcf1700fc46a2b2c89fd27b735f?s=96&d=mm&r=g","caption":"Redacci\u00f3n A Nova Peneira"},"sameAs":["http:\/\/www.anovapeneira.gal\/"],"url":"https:\/\/www.anovapeneira.gal\/index.php\/author\/redactor\/"}]}},"jetpack_featured_media_url":"https:\/\/www.anovapeneira.gal\/wp-content\/uploads\/2022\/06\/gala_de_premios_a_nova_peneira.jpg","_links":{"self":[{"href":"https:\/\/www.anovapeneira.gal\/index.php\/wp-json\/wp\/v2\/posts\/7625","targetHints":{"allow":["GET"]}}],"collection":[{"href":"https:\/\/www.anovapeneira.gal\/index.php\/wp-json\/wp\/v2\/posts"}],"about":[{"href":"https:\/\/www.anovapeneira.gal\/index.php\/wp-json\/wp\/v2\/types\/post"}],"author":[{"embeddable":true,"href":"https:\/\/www.anovapeneira.gal\/index.php\/wp-json\/wp\/v2\/users\/3"}],"replies":[{"embeddable":true,"href":"https:\/\/www.anovapeneira.gal\/index.php\/wp-json\/wp\/v2\/comments?post=7625"}],"version-history":[{"count":1,"href":"https:\/\/www.anovapeneira.gal\/index.php\/wp-json\/wp\/v2\/posts\/7625\/revisions"}],"predecessor-version":[{"id":7626,"href":"https:\/\/www.anovapeneira.gal\/index.php\/wp-json\/wp\/v2\/posts\/7625\/revisions\/7626"}],"wp:featuredmedia":[{"embeddable":true,"href":"https:\/\/www.anovapeneira.gal\/index.php\/wp-json\/wp\/v2\/media\/7627"}],"wp:attachment":[{"href":"https:\/\/www.anovapeneira.gal\/index.php\/wp-json\/wp\/v2\/media?parent=7625"}],"wp:term":[{"taxonomy":"category","embeddable":true,"href":"https:\/\/www.anovapeneira.gal\/index.php\/wp-json\/wp\/v2\/categories?post=7625"},{"taxonomy":"post_tag","embeddable":true,"href":"https:\/\/www.anovapeneira.gal\/index.php\/wp-json\/wp\/v2\/tags?post=7625"}],"curies":[{"name":"wp","href":"https:\/\/api.w.org\/{rel}","templated":true}]}}