{"id":7638,"date":"2022-06-16T12:00:40","date_gmt":"2022-06-16T10:00:40","guid":{"rendered":"https:\/\/www.anovapeneira.gal\/?p=7638"},"modified":"2022-06-15T07:27:03","modified_gmt":"2022-06-15T05:27:03","slug":"as-consecuencias-da-guerra","status":"publish","type":"post","link":"https:\/\/www.anovapeneira.gal\/index.php\/2022\/06\/16\/as-consecuencias-da-guerra\/","title":{"rendered":"As consecuencias da guerra"},"content":{"rendered":"\n<figure class=\"wp-block-image size-large is-resized\"><img loading=\"lazy\" decoding=\"async\" src=\"http:\/\/www.anovapeneira.gal\/wp-content\/uploads\/2019\/07\/pedro_cortegoso_opinion_a_nova_peneira_bn.jpg\" alt=\"Pedro M. Cortegoso Gago Artigo Opini\u00f3n A Nova Peneira\" class=\"wp-image-464\" width=\"95\" height=\"111\"\/><figcaption>Pedro M. Cortegoso Gago Traballador do Centro de Sa\u00fade de Moa\u00f1a<\/figcaption><\/figure>\n\n\n\n<p>Mar\u00edn, 3 de xu\u00f1o de 2022<\/p>\n\n\n\n<p>Cando xa van m\u00e1is de tres meses de guerra na Ucra\u00edna, e Rusia parece que est\u00e1 acadando os seus obxectivos militares, os medios de comunicaci\u00f3n comezan a prestar menos atenci\u00f3n ao que al\u00ed acontece. A predici\u00f3n da inminente derrota de Rusia que aventuraban comentaristas, tertulianos e dirixentes pol\u00edticos non se est\u00e1 a cumprir.<\/p>\n\n\n\n<p>Pasada a euforia dos primeiros d\u00edas e vendo que os intentos de censurar o que realmente estaba pasando, de tapar as barbaridades nazis que fan os nazis ucra\u00ednos e mercenarios de outros pa\u00edses, pode ser bo momento para valorar como nos afecta este conflito e as decisi\u00f3ns que est\u00e1n tomando os gobernos da UE.<\/p>\n\n\n\n<p><strong>As sanci\u00f3ns econ\u00f3micas baleiran os nosos petos.<\/strong><\/p>\n\n\n\n<p>As sanci\u00f3ns contra Rusia que xa van pola s\u00faa quinta ou sexta edici\u00f3n non est\u00e1n facendo efecto nese pa\u00eds, pola contra estamos vendo como na UE os prezos dos produtos b\u00e1sicos e dos combust\u00edbeis non paran de subir.<\/p>\n\n\n\n<p>A Uni\u00f3n Europa trab\u00facase ao sumarse ao enfrontamento con Rusia e xa estamos vendo como a s\u00faa econom\u00eda comeza a resentirse ao renunciar ao gas e ao petr\u00f3leo ruso s\u00f3 para satisfacer as demandas dos EEUU, sen importarlle o sacrificio da poboaci\u00f3n.<\/p>\n\n\n\n<p>O futuro non pinta moi ben e temos que prepararnos para novos incrementos de prezos e recortes de servizos p\u00fablicos, n\u00f3s imos pagar as sanci\u00f3ns para manter a taxa de ganancia do capital.<\/p>\n\n\n\n<p><strong>Imponse a censura, imponse o discurso e o pensamento \u00fanico.<\/strong><\/p>\n\n\n\n<p>Sen que Rusia declarara a guerra a ning\u00fan pa\u00eds da UE e sen que ning\u00fan pa\u00eds da UE declarara a guerra a Rusia, vemos como se toman decisi\u00f3ns que recortan o noso dereito a libre informaci\u00f3n e \u00e1 liberdade de expresi\u00f3n.<\/p>\n\n\n\n<p>Da noite para a ma\u00f1\u00e1 os gobernos dos pa\u00edses da UE impuxeron a censura previa sen ning\u00fan tipo de decisi\u00f3n xudicial, salt\u00e1ndose sen ning\u00fan tipo de rubor e co aplauso xeral do \u201cstablisment pol\u00edtico\u201d a constituci\u00f3n espa\u00f1ola.<\/p>\n\n\n\n<p>Ag\u00e1s algunha voz discrepante o conxunto dos partidos pol\u00edticos e dos medios de comunicaci\u00f3n p\u00fablicos e privados impuxeron o relato ditado desde Washington. Hoxe \u00e9 impos\u00edbel distinguir un medio de comunicaci\u00f3n de outro no tema de Ucra\u00edna, todos din as mesmas mentiras, todos publican v\u00eddeos falsos ou traducen mal as persoas que fan declaraci\u00f3ns sobre o conflito.<\/p>\n\n\n\n<p>Por se isto non fora abondo decidiron prohibir as emisi\u00f3ns de Russia Today e Mundo Sputnik para que non poderamos comparar outras versi\u00f3ns do que acontece.<\/p>\n\n\n\n<p>A censura tam\u00e9n chegou \u00e1 Internet onde as grandes redes sociais privadas coma Facebook e Twitter clausuran contas que non se apuntan ao relato oficial.<\/p>\n\n\n\n<p>O obxectivo de todo isto \u00e9 que te\u00f1amos unha \u00fanica versi\u00f3n do que acontece, a versi\u00f3n imperialista. Todos os medios p\u00fablicos e privados de \u201coccidente\u201d repiten as mesmas consignas, as mesmas noticias manipuladas, as mesmas mentiras. S\u00f3 podemos o\u00edr uha voz, a voz de sempre, a que n\u00f3s chega do outro lado do Atl\u00e1ntico. Os EEUU impo\u00f1en o seu relato.<\/p>\n\n\n\n<p>E con esta censura pretende agochar o que pasou estes anos no Dombas. Un golpe de estado promovido por EEUU na Ucra\u00edna e a imposici\u00f3n dun goberno ditatorial que pretend\u00eda eliminar a lingua e a cultura rusa e servir de instrumento de desestabilizaci\u00f3n buscando o enfrontamento con Rusia. Un goberno que bombardeou indiscriminadamente \u00e1 poboaci\u00f3n civil co benepl\u00e1cito dos EEUU e a Uni\u00f3n Europea.<\/p>\n\n\n\n<p><strong>Menos liberdades e m\u00e1is gastos militares.<\/strong><\/p>\n\n\n\n<p>Por\u00e9n, os gobernos da UE est\u00e1n sacando a careta e deixando ver que o enramado institucional que n\u00f3s venden como garda das esencias da democracia \u00e9 mentira. A UE foi e \u00e9 un proxecto autoritario, subsidiario dos EEUU, ao servizo do capital e contra os intereses dos pobos.<\/p>\n\n\n\n<p>As sanci\u00f3ns contra Rusia son sanci\u00f3ns contra n\u00f3s, contra os pobos que padecemos o incremento especulativo dos prezos dos produtos de primeira necesidade e dos combust\u00edbeis. Tam\u00e9n somos os que imos padecer o incremento do gastos en armamento a costa do gasto social, da sanidade, da educaci\u00f3n, etc.<\/p>\n\n\n\n<p>Os EEUU levan anos preparando esta guerra coa finalidade de facer desaparecer a Rusia. Para que ti\u00f1an os EEUU 30 laboratorios clandestinos de armas biol\u00f3xicas, para que armaron e entrenaron aos batall\u00f3ns nazis que aterrorizan Ucra\u00edna, para que quer\u00edan dotar a este pa\u00eds de armas nucleares? Ucra\u00edna \u00e9 un xoguete en mans dos intereses ianquis para acosar a Rusia e Bielorusia, un xoguete que non te\u00f1en problema en sacrificar para levar o caos a esa parte do mundo como xa fixeron en Irak ou Libia.<\/p>\n\n\n\n<p>Hoxe \u00e9 Rusia, onte foron Corea, Vietnam, Cuba, Nicaragua, Venezuela, Irak, Afganist\u00e1n, Libia, Siria&#8230;, ma\u00f1\u00e1 ser\u00e1 China, o obxectivo final do imperialismo Ianki.<\/p>\n\n\n\n<p>Con esta guerra o que est\u00e1 en cuesti\u00f3n e a configuraci\u00f3n do mundo, e temos que escoller. Queremos un mundo unipolar onde os EEUU impo\u00f1an as s\u00faas condici\u00f3ns ou queremos un mundo multipolar onde cada naci\u00f3n poida decidir libremente o seu destino?<\/p>\n","protected":false},"excerpt":{"rendered":"<div class=\"mh-excerpt\"><p>Cando xa van m\u00e1is de tres meses de guerra na Ucra\u00edna, e Rusia parece que est\u00e1 acadando os seus obxectivos militares, os medios de comunicaci\u00f3n comezan a prestar menos atenci\u00f3n ao que al\u00ed acontece <a class=\"mh-excerpt-more\" href=\"https:\/\/www.anovapeneira.gal\/index.php\/2022\/06\/16\/as-consecuencias-da-guerra\/\" title=\"As consecuencias da guerra\">[&#8230;]<\/a><\/p>\n<\/div>","protected":false},"author":4,"featured_media":584,"comment_status":"open","ping_status":"open","sticky":false,"template":"","format":"standard","meta":{"_exactmetrics_skip_tracking":false,"_exactmetrics_sitenote_active":false,"_exactmetrics_sitenote_note":"","_exactmetrics_sitenote_category":0,"footnotes":""},"categories":[7],"tags":[129],"class_list":{"0":"post-7638","1":"post","2":"type-post","3":"status-publish","4":"format-standard","5":"has-post-thumbnail","7":"category-artigos-de-opinion","8":"tag-sanidade"},"yoast_head":"<!-- This site is optimized with the Yoast SEO plugin v27.4 - https:\/\/yoast.com\/product\/yoast-seo-wordpress\/ -->\n<title>As consecuencias da guerra -<\/title>\n<meta name=\"description\" content=\"Cando xa van m\u00e1is de tres meses de guerra na Ucra\u00edna, e Rusia parece que est\u00e1 acadando os seus obxectivos militares, os medios de comunicaci\u00f3n comezan a prestar menos atenci\u00f3n ao que al\u00ed acontece\" \/>\n<meta name=\"robots\" content=\"index, follow, max-snippet:-1, max-image-preview:large, max-video-preview:-1\" \/>\n<link rel=\"canonical\" href=\"https:\/\/www.anovapeneira.gal\/index.php\/2022\/06\/16\/as-consecuencias-da-guerra\/\" \/>\n<meta property=\"og:locale\" content=\"gl_ES\" \/>\n<meta property=\"og:type\" content=\"article\" \/>\n<meta property=\"og:title\" content=\"As consecuencias da guerra -\" \/>\n<meta property=\"og:description\" content=\"Cando xa van m\u00e1is de tres meses de guerra na Ucra\u00edna, e Rusia parece que est\u00e1 acadando os seus obxectivos militares, os medios de comunicaci\u00f3n comezan a prestar menos atenci\u00f3n ao que al\u00ed acontece\" \/>\n<meta property=\"og:url\" content=\"https:\/\/www.anovapeneira.gal\/index.php\/2022\/06\/16\/as-consecuencias-da-guerra\/\" \/>\n<meta property=\"article:publisher\" content=\"https:\/\/www.facebook.com\/anovapeneira\" \/>\n<meta property=\"article:published_time\" content=\"2022-06-16T10:00:40+00:00\" \/>\n<meta property=\"og:image\" content=\"https:\/\/www.anovapeneira.gal\/wp-content\/uploads\/2019\/07\/ARTIGO_DE_OPINION_A_NOVA_PENEIRA.jpg\" \/>\n\t<meta property=\"og:image:width\" content=\"720\" \/>\n\t<meta property=\"og:image:height\" content=\"473\" \/>\n\t<meta property=\"og:image:type\" content=\"image\/jpeg\" \/>\n<meta name=\"author\" content=\"Pedro M. Cortegoso Gago\" \/>\n<meta name=\"twitter:card\" content=\"summary_large_image\" \/>\n<meta name=\"twitter:image\" content=\"https:\/\/www.anovapeneira.gal\/wp-content\/uploads\/2019\/07\/ARTIGO_DE_OPINION_A_NOVA_PENEIRA.jpg\" \/>\n<meta name=\"twitter:creator\" content=\"@APeneira\" \/>\n<meta name=\"twitter:site\" content=\"@APeneira\" \/>\n<meta name=\"twitter:label1\" content=\"Escrito por\" \/>\n\t<meta name=\"twitter:data1\" content=\"Pedro M. Cortegoso Gago\" \/>\n\t<meta name=\"twitter:label2\" content=\"Tempo de lectura\" \/>\n\t<meta name=\"twitter:data2\" content=\"5 minutos\" \/>\n<script type=\"application\/ld+json\" class=\"yoast-schema-graph\">{\"@context\":\"https:\\\/\\\/schema.org\",\"@graph\":[{\"@type\":\"Article\",\"@id\":\"https:\\\/\\\/www.anovapeneira.gal\\\/index.php\\\/2022\\\/06\\\/16\\\/as-consecuencias-da-guerra\\\/#article\",\"isPartOf\":{\"@id\":\"https:\\\/\\\/www.anovapeneira.gal\\\/index.php\\\/2022\\\/06\\\/16\\\/as-consecuencias-da-guerra\\\/\"},\"author\":{\"name\":\"Pedro M. Cortegoso Gago\",\"@id\":\"https:\\\/\\\/www.anovapeneira.gal\\\/#\\\/schema\\\/person\\\/c04a9c9f722c9446e71ae434c0353337\"},\"headline\":\"As consecuencias da guerra\",\"datePublished\":\"2022-06-16T10:00:40+00:00\",\"mainEntityOfPage\":{\"@id\":\"https:\\\/\\\/www.anovapeneira.gal\\\/index.php\\\/2022\\\/06\\\/16\\\/as-consecuencias-da-guerra\\\/\"},\"wordCount\":895,\"commentCount\":0,\"publisher\":{\"@id\":\"https:\\\/\\\/www.anovapeneira.gal\\\/#organization\"},\"image\":{\"@id\":\"https:\\\/\\\/www.anovapeneira.gal\\\/index.php\\\/2022\\\/06\\\/16\\\/as-consecuencias-da-guerra\\\/#primaryimage\"},\"thumbnailUrl\":\"https:\\\/\\\/www.anovapeneira.gal\\\/wp-content\\\/uploads\\\/2019\\\/07\\\/ARTIGO_DE_OPINION_A_NOVA_PENEIRA.jpg\",\"keywords\":[\"Sanidade\"],\"articleSection\":[\"Artigos de opini\u00f3n\"],\"inLanguage\":\"gl-ES\",\"potentialAction\":[{\"@type\":\"CommentAction\",\"name\":\"Comment\",\"target\":[\"https:\\\/\\\/www.anovapeneira.gal\\\/index.php\\\/2022\\\/06\\\/16\\\/as-consecuencias-da-guerra\\\/#respond\"]}]},{\"@type\":\"WebPage\",\"@id\":\"https:\\\/\\\/www.anovapeneira.gal\\\/index.php\\\/2022\\\/06\\\/16\\\/as-consecuencias-da-guerra\\\/\",\"url\":\"https:\\\/\\\/www.anovapeneira.gal\\\/index.php\\\/2022\\\/06\\\/16\\\/as-consecuencias-da-guerra\\\/\",\"name\":\"As consecuencias da guerra -\",\"isPartOf\":{\"@id\":\"https:\\\/\\\/www.anovapeneira.gal\\\/#website\"},\"primaryImageOfPage\":{\"@id\":\"https:\\\/\\\/www.anovapeneira.gal\\\/index.php\\\/2022\\\/06\\\/16\\\/as-consecuencias-da-guerra\\\/#primaryimage\"},\"image\":{\"@id\":\"https:\\\/\\\/www.anovapeneira.gal\\\/index.php\\\/2022\\\/06\\\/16\\\/as-consecuencias-da-guerra\\\/#primaryimage\"},\"thumbnailUrl\":\"https:\\\/\\\/www.anovapeneira.gal\\\/wp-content\\\/uploads\\\/2019\\\/07\\\/ARTIGO_DE_OPINION_A_NOVA_PENEIRA.jpg\",\"datePublished\":\"2022-06-16T10:00:40+00:00\",\"description\":\"Cando xa van m\u00e1is de tres meses de guerra na Ucra\u00edna, e Rusia parece que est\u00e1 acadando os seus obxectivos militares, os medios de comunicaci\u00f3n comezan a prestar menos atenci\u00f3n ao que al\u00ed acontece\",\"breadcrumb\":{\"@id\":\"https:\\\/\\\/www.anovapeneira.gal\\\/index.php\\\/2022\\\/06\\\/16\\\/as-consecuencias-da-guerra\\\/#breadcrumb\"},\"inLanguage\":\"gl-ES\",\"potentialAction\":[{\"@type\":\"ReadAction\",\"target\":[\"https:\\\/\\\/www.anovapeneira.gal\\\/index.php\\\/2022\\\/06\\\/16\\\/as-consecuencias-da-guerra\\\/\"]}]},{\"@type\":\"ImageObject\",\"inLanguage\":\"gl-ES\",\"@id\":\"https:\\\/\\\/www.anovapeneira.gal\\\/index.php\\\/2022\\\/06\\\/16\\\/as-consecuencias-da-guerra\\\/#primaryimage\",\"url\":\"https:\\\/\\\/www.anovapeneira.gal\\\/wp-content\\\/uploads\\\/2019\\\/07\\\/ARTIGO_DE_OPINION_A_NOVA_PENEIRA.jpg\",\"contentUrl\":\"https:\\\/\\\/www.anovapeneira.gal\\\/wp-content\\\/uploads\\\/2019\\\/07\\\/ARTIGO_DE_OPINION_A_NOVA_PENEIRA.jpg\",\"width\":720,\"height\":473,\"caption\":\"Artigo de opini\u00f3n A Nova Peneira\"},{\"@type\":\"BreadcrumbList\",\"@id\":\"https:\\\/\\\/www.anovapeneira.gal\\\/index.php\\\/2022\\\/06\\\/16\\\/as-consecuencias-da-guerra\\\/#breadcrumb\",\"itemListElement\":[{\"@type\":\"ListItem\",\"position\":1,\"name\":\"Portada\",\"item\":\"https:\\\/\\\/www.anovapeneira.gal\\\/\"},{\"@type\":\"ListItem\",\"position\":2,\"name\":\"As consecuencias da guerra\"}]},{\"@type\":\"WebSite\",\"@id\":\"https:\\\/\\\/www.anovapeneira.gal\\\/#website\",\"url\":\"https:\\\/\\\/www.anovapeneira.gal\\\/\",\"name\":\"\",\"description\":\"Xornal galego de informaci\u00f3n xeral Publicaci\u00f3n mensual de novas de Galicia e en especial dos Concellos da sur da provincia de Pontevedra.\",\"publisher\":{\"@id\":\"https:\\\/\\\/www.anovapeneira.gal\\\/#organization\"},\"potentialAction\":[{\"@type\":\"SearchAction\",\"target\":{\"@type\":\"EntryPoint\",\"urlTemplate\":\"https:\\\/\\\/www.anovapeneira.gal\\\/?s={search_term_string}\"},\"query-input\":{\"@type\":\"PropertyValueSpecification\",\"valueRequired\":true,\"valueName\":\"search_term_string\"}}],\"inLanguage\":\"gl-ES\"},{\"@type\":\"Organization\",\"@id\":\"https:\\\/\\\/www.anovapeneira.gal\\\/#organization\",\"name\":\"A Nova Peneira\",\"url\":\"https:\\\/\\\/www.anovapeneira.gal\\\/\",\"logo\":{\"@type\":\"ImageObject\",\"inLanguage\":\"gl-ES\",\"@id\":\"https:\\\/\\\/www.anovapeneira.gal\\\/#\\\/schema\\\/logo\\\/image\\\/\",\"url\":\"http:\\\/\\\/www.anovapeneira.gal\\\/wp-content\\\/uploads\\\/2019\\\/06\\\/logo_a_nova_peneira_portal_web.png\",\"contentUrl\":\"http:\\\/\\\/www.anovapeneira.gal\\\/wp-content\\\/uploads\\\/2019\\\/06\\\/logo_a_nova_peneira_portal_web.png\",\"width\":300,\"height\":100,\"caption\":\"A Nova Peneira\"},\"image\":{\"@id\":\"https:\\\/\\\/www.anovapeneira.gal\\\/#\\\/schema\\\/logo\\\/image\\\/\"},\"sameAs\":[\"https:\\\/\\\/www.facebook.com\\\/anovapeneira\",\"https:\\\/\\\/x.com\\\/APeneira\"]},{\"@type\":\"Person\",\"@id\":\"https:\\\/\\\/www.anovapeneira.gal\\\/#\\\/schema\\\/person\\\/c04a9c9f722c9446e71ae434c0353337\",\"name\":\"Pedro M. Cortegoso Gago\",\"image\":{\"@type\":\"ImageObject\",\"inLanguage\":\"gl-ES\",\"@id\":\"https:\\\/\\\/secure.gravatar.com\\\/avatar\\\/1613b27278a972c04db5c2f04fb2cbfa9edb58d6c3e2547817ecb8240eb58381?s=96&d=mm&r=g\",\"url\":\"https:\\\/\\\/secure.gravatar.com\\\/avatar\\\/1613b27278a972c04db5c2f04fb2cbfa9edb58d6c3e2547817ecb8240eb58381?s=96&d=mm&r=g\",\"contentUrl\":\"https:\\\/\\\/secure.gravatar.com\\\/avatar\\\/1613b27278a972c04db5c2f04fb2cbfa9edb58d6c3e2547817ecb8240eb58381?s=96&d=mm&r=g\",\"caption\":\"Pedro M. Cortegoso Gago\"},\"sameAs\":[\"http:\\\/\\\/anovapeneira.gal\"],\"url\":\"https:\\\/\\\/www.anovapeneira.gal\\\/index.php\\\/author\\\/opinionpcortegoso\\\/\"}]}<\/script>\n<!-- \/ Yoast SEO plugin. -->","yoast_head_json":{"title":"As consecuencias da guerra -","description":"Cando xa van m\u00e1is de tres meses de guerra na Ucra\u00edna, e Rusia parece que est\u00e1 acadando os seus obxectivos militares, os medios de comunicaci\u00f3n comezan a prestar menos atenci\u00f3n ao que al\u00ed acontece","robots":{"index":"index","follow":"follow","max-snippet":"max-snippet:-1","max-image-preview":"max-image-preview:large","max-video-preview":"max-video-preview:-1"},"canonical":"https:\/\/www.anovapeneira.gal\/index.php\/2022\/06\/16\/as-consecuencias-da-guerra\/","og_locale":"gl_ES","og_type":"article","og_title":"As consecuencias da guerra -","og_description":"Cando xa van m\u00e1is de tres meses de guerra na Ucra\u00edna, e Rusia parece que est\u00e1 acadando os seus obxectivos militares, os medios de comunicaci\u00f3n comezan a prestar menos atenci\u00f3n ao que al\u00ed acontece","og_url":"https:\/\/www.anovapeneira.gal\/index.php\/2022\/06\/16\/as-consecuencias-da-guerra\/","article_publisher":"https:\/\/www.facebook.com\/anovapeneira","article_published_time":"2022-06-16T10:00:40+00:00","og_image":[{"width":720,"height":473,"url":"https:\/\/www.anovapeneira.gal\/wp-content\/uploads\/2019\/07\/ARTIGO_DE_OPINION_A_NOVA_PENEIRA.jpg","type":"image\/jpeg"}],"author":"Pedro M. Cortegoso Gago","twitter_card":"summary_large_image","twitter_image":"https:\/\/www.anovapeneira.gal\/wp-content\/uploads\/2019\/07\/ARTIGO_DE_OPINION_A_NOVA_PENEIRA.jpg","twitter_creator":"@APeneira","twitter_site":"@APeneira","twitter_misc":{"Escrito por":"Pedro M. Cortegoso Gago","Tempo de lectura":"5 minutos"},"schema":{"@context":"https:\/\/schema.org","@graph":[{"@type":"Article","@id":"https:\/\/www.anovapeneira.gal\/index.php\/2022\/06\/16\/as-consecuencias-da-guerra\/#article","isPartOf":{"@id":"https:\/\/www.anovapeneira.gal\/index.php\/2022\/06\/16\/as-consecuencias-da-guerra\/"},"author":{"name":"Pedro M. Cortegoso Gago","@id":"https:\/\/www.anovapeneira.gal\/#\/schema\/person\/c04a9c9f722c9446e71ae434c0353337"},"headline":"As consecuencias da guerra","datePublished":"2022-06-16T10:00:40+00:00","mainEntityOfPage":{"@id":"https:\/\/www.anovapeneira.gal\/index.php\/2022\/06\/16\/as-consecuencias-da-guerra\/"},"wordCount":895,"commentCount":0,"publisher":{"@id":"https:\/\/www.anovapeneira.gal\/#organization"},"image":{"@id":"https:\/\/www.anovapeneira.gal\/index.php\/2022\/06\/16\/as-consecuencias-da-guerra\/#primaryimage"},"thumbnailUrl":"https:\/\/www.anovapeneira.gal\/wp-content\/uploads\/2019\/07\/ARTIGO_DE_OPINION_A_NOVA_PENEIRA.jpg","keywords":["Sanidade"],"articleSection":["Artigos de opini\u00f3n"],"inLanguage":"gl-ES","potentialAction":[{"@type":"CommentAction","name":"Comment","target":["https:\/\/www.anovapeneira.gal\/index.php\/2022\/06\/16\/as-consecuencias-da-guerra\/#respond"]}]},{"@type":"WebPage","@id":"https:\/\/www.anovapeneira.gal\/index.php\/2022\/06\/16\/as-consecuencias-da-guerra\/","url":"https:\/\/www.anovapeneira.gal\/index.php\/2022\/06\/16\/as-consecuencias-da-guerra\/","name":"As consecuencias da guerra -","isPartOf":{"@id":"https:\/\/www.anovapeneira.gal\/#website"},"primaryImageOfPage":{"@id":"https:\/\/www.anovapeneira.gal\/index.php\/2022\/06\/16\/as-consecuencias-da-guerra\/#primaryimage"},"image":{"@id":"https:\/\/www.anovapeneira.gal\/index.php\/2022\/06\/16\/as-consecuencias-da-guerra\/#primaryimage"},"thumbnailUrl":"https:\/\/www.anovapeneira.gal\/wp-content\/uploads\/2019\/07\/ARTIGO_DE_OPINION_A_NOVA_PENEIRA.jpg","datePublished":"2022-06-16T10:00:40+00:00","description":"Cando xa van m\u00e1is de tres meses de guerra na Ucra\u00edna, e Rusia parece que est\u00e1 acadando os seus obxectivos militares, os medios de comunicaci\u00f3n comezan a prestar menos atenci\u00f3n ao que al\u00ed acontece","breadcrumb":{"@id":"https:\/\/www.anovapeneira.gal\/index.php\/2022\/06\/16\/as-consecuencias-da-guerra\/#breadcrumb"},"inLanguage":"gl-ES","potentialAction":[{"@type":"ReadAction","target":["https:\/\/www.anovapeneira.gal\/index.php\/2022\/06\/16\/as-consecuencias-da-guerra\/"]}]},{"@type":"ImageObject","inLanguage":"gl-ES","@id":"https:\/\/www.anovapeneira.gal\/index.php\/2022\/06\/16\/as-consecuencias-da-guerra\/#primaryimage","url":"https:\/\/www.anovapeneira.gal\/wp-content\/uploads\/2019\/07\/ARTIGO_DE_OPINION_A_NOVA_PENEIRA.jpg","contentUrl":"https:\/\/www.anovapeneira.gal\/wp-content\/uploads\/2019\/07\/ARTIGO_DE_OPINION_A_NOVA_PENEIRA.jpg","width":720,"height":473,"caption":"Artigo de opini\u00f3n A Nova Peneira"},{"@type":"BreadcrumbList","@id":"https:\/\/www.anovapeneira.gal\/index.php\/2022\/06\/16\/as-consecuencias-da-guerra\/#breadcrumb","itemListElement":[{"@type":"ListItem","position":1,"name":"Portada","item":"https:\/\/www.anovapeneira.gal\/"},{"@type":"ListItem","position":2,"name":"As consecuencias da guerra"}]},{"@type":"WebSite","@id":"https:\/\/www.anovapeneira.gal\/#website","url":"https:\/\/www.anovapeneira.gal\/","name":"","description":"Xornal galego de informaci\u00f3n xeral Publicaci\u00f3n mensual de novas de Galicia e en especial dos Concellos da sur da provincia de Pontevedra.","publisher":{"@id":"https:\/\/www.anovapeneira.gal\/#organization"},"potentialAction":[{"@type":"SearchAction","target":{"@type":"EntryPoint","urlTemplate":"https:\/\/www.anovapeneira.gal\/?s={search_term_string}"},"query-input":{"@type":"PropertyValueSpecification","valueRequired":true,"valueName":"search_term_string"}}],"inLanguage":"gl-ES"},{"@type":"Organization","@id":"https:\/\/www.anovapeneira.gal\/#organization","name":"A Nova Peneira","url":"https:\/\/www.anovapeneira.gal\/","logo":{"@type":"ImageObject","inLanguage":"gl-ES","@id":"https:\/\/www.anovapeneira.gal\/#\/schema\/logo\/image\/","url":"http:\/\/www.anovapeneira.gal\/wp-content\/uploads\/2019\/06\/logo_a_nova_peneira_portal_web.png","contentUrl":"http:\/\/www.anovapeneira.gal\/wp-content\/uploads\/2019\/06\/logo_a_nova_peneira_portal_web.png","width":300,"height":100,"caption":"A Nova Peneira"},"image":{"@id":"https:\/\/www.anovapeneira.gal\/#\/schema\/logo\/image\/"},"sameAs":["https:\/\/www.facebook.com\/anovapeneira","https:\/\/x.com\/APeneira"]},{"@type":"Person","@id":"https:\/\/www.anovapeneira.gal\/#\/schema\/person\/c04a9c9f722c9446e71ae434c0353337","name":"Pedro M. Cortegoso Gago","image":{"@type":"ImageObject","inLanguage":"gl-ES","@id":"https:\/\/secure.gravatar.com\/avatar\/1613b27278a972c04db5c2f04fb2cbfa9edb58d6c3e2547817ecb8240eb58381?s=96&d=mm&r=g","url":"https:\/\/secure.gravatar.com\/avatar\/1613b27278a972c04db5c2f04fb2cbfa9edb58d6c3e2547817ecb8240eb58381?s=96&d=mm&r=g","contentUrl":"https:\/\/secure.gravatar.com\/avatar\/1613b27278a972c04db5c2f04fb2cbfa9edb58d6c3e2547817ecb8240eb58381?s=96&d=mm&r=g","caption":"Pedro M. Cortegoso Gago"},"sameAs":["http:\/\/anovapeneira.gal"],"url":"https:\/\/www.anovapeneira.gal\/index.php\/author\/opinionpcortegoso\/"}]}},"jetpack_featured_media_url":"https:\/\/www.anovapeneira.gal\/wp-content\/uploads\/2019\/07\/ARTIGO_DE_OPINION_A_NOVA_PENEIRA.jpg","_links":{"self":[{"href":"https:\/\/www.anovapeneira.gal\/index.php\/wp-json\/wp\/v2\/posts\/7638","targetHints":{"allow":["GET"]}}],"collection":[{"href":"https:\/\/www.anovapeneira.gal\/index.php\/wp-json\/wp\/v2\/posts"}],"about":[{"href":"https:\/\/www.anovapeneira.gal\/index.php\/wp-json\/wp\/v2\/types\/post"}],"author":[{"embeddable":true,"href":"https:\/\/www.anovapeneira.gal\/index.php\/wp-json\/wp\/v2\/users\/4"}],"replies":[{"embeddable":true,"href":"https:\/\/www.anovapeneira.gal\/index.php\/wp-json\/wp\/v2\/comments?post=7638"}],"version-history":[{"count":1,"href":"https:\/\/www.anovapeneira.gal\/index.php\/wp-json\/wp\/v2\/posts\/7638\/revisions"}],"predecessor-version":[{"id":7639,"href":"https:\/\/www.anovapeneira.gal\/index.php\/wp-json\/wp\/v2\/posts\/7638\/revisions\/7639"}],"wp:featuredmedia":[{"embeddable":true,"href":"https:\/\/www.anovapeneira.gal\/index.php\/wp-json\/wp\/v2\/media\/584"}],"wp:attachment":[{"href":"https:\/\/www.anovapeneira.gal\/index.php\/wp-json\/wp\/v2\/media?parent=7638"}],"wp:term":[{"taxonomy":"category","embeddable":true,"href":"https:\/\/www.anovapeneira.gal\/index.php\/wp-json\/wp\/v2\/categories?post=7638"},{"taxonomy":"post_tag","embeddable":true,"href":"https:\/\/www.anovapeneira.gal\/index.php\/wp-json\/wp\/v2\/tags?post=7638"}],"curies":[{"name":"wp","href":"https:\/\/api.w.org\/{rel}","templated":true}]}}