{"id":7640,"date":"2022-06-17T10:00:40","date_gmt":"2022-06-17T08:00:40","guid":{"rendered":"https:\/\/www.anovapeneira.gal\/?p=7640"},"modified":"2022-06-16T09:59:43","modified_gmt":"2022-06-16T07:59:43","slug":"paulo-rios-responsable-do-bng-na-comarca-do-morrazo","status":"publish","type":"post","link":"https:\/\/www.anovapeneira.gal\/index.php\/2022\/06\/17\/paulo-rios-responsable-do-bng-na-comarca-do-morrazo\/","title":{"rendered":"Paulo R\u00edos responsable do BNG na comarca do Morrazo"},"content":{"rendered":"\n<p><strong>Despois da an\u00e1lise da situaci\u00f3n do BNG nas comarcas de Vigo, O Condado e o Baixo Mi\u00f1o ,que publicamos en edici\u00f3ns anteriores, hoxe toca achegarse polas terras do Morrazo a co\u00f1ecer ao responsable do BNG nesa comarca. El \u00e9 Paulo R\u00edos un mozo de Moa\u00f1a novo en idade, a\u00ednda non ten 30 anos, pero que xa ten unha ampla experiencia no mundo da pol\u00edtica. Na actualidade \u00e9 deputado no parlamento auton\u00f3mico.<\/strong><\/p>\n\n\n\n<p>\u201c <strong>A sa\u00fade do BNG na nosa comarca \u00e9 moi boa . A nosa ilusi\u00f3n, o noso amor por Galiza e a nosa vontade de sermos \u00fatiles \u00e1 nosa veci\u00f1anza non te\u00f1en l\u00edmites\u201d.<\/strong><\/p>\n\n\n\n<p>\u201c<strong>Os nosos obxectivos, ambiciosos pero realistas, son as maior\u00edas absolutas en Bueu e Moa\u00f1a, a alcald\u00eda de Cangas , un ascenso moi importante en Mar\u00edn e competir de igual a igual co PSOE en Vilaboa\u201d.<\/strong><\/p>\n\n\n\n<p><strong>Cando comezou a t\u00faa historia co nacionalismo?<\/strong><\/p>\n\n\n\n<blockquote class=\"wp-block-quote is-layout-flow wp-block-quote-is-layout-flow\"><p>Era eu un rapaz moi novo e estaba no instituto. Naquel momento todo o meu grupo de amigos e amigas ti\u00f1amos unha relaci\u00f3n moi intensa co mundo da m\u00fasica tradicional galega. E eu creo que foi a partir de a\u00ed, no momento que descubr\u00edn o amor pola nosa m\u00fasica e a nosa tradici\u00f3n cultural cando comecei un cami\u00f1o moi sinxelo cara a me situar na posici\u00f3n intelectual que defende que os recursos do pobo galego deben de ser xestionados polo propio pobo galego.<\/p><\/blockquote>\n\n\n\n<p><strong>Na actualidade es deputado no parlamento galego e sendo moi novo, como es, xa tes unha ampla experiencia tanto en cargos org\u00e1nicos do Bloque como en postos institucionais?<\/strong><\/p>\n\n\n\n<blockquote class=\"wp-block-quote is-layout-flow wp-block-quote-is-layout-flow\"><p>Si, fun responsable comarcal de Galiza Nova, o seu SX entre o 19 e o 21, concelleiro en Moa\u00f1a en dous mandatos diferentes e agora te\u00f1o a honra de defender as posici\u00f3ns do nacionalismo galego no parlamento en Santiago, e de representar aos afiliados e afiliadas do BNG da mi\u00f1a comarca.<\/p><\/blockquote>\n\n\n\n<p><strong>A secretar\u00eda xeral de Galiza Nova que supuxo para ti?<\/strong><\/p>\n\n\n\n<blockquote class=\"wp-block-quote is-layout-flow wp-block-quote-is-layout-flow\"><p>Unha enorme oportunidade para aprender. Fixen moitas viaxes polo pa\u00eds e puiden empaparme de m\u00faltiples problem\u00e1ticas que afectan a diferentes sectores do pobo galego.<\/p><\/blockquote>\n\n\n\n<p><strong>Fuches concelleiro en Moa\u00f1a entre o 17 o 20.Faime unha valoraci\u00f3n sint\u00e9tica dese per\u00edodo?<\/strong><\/p>\n\n\n\n<blockquote class=\"wp-block-quote is-layout-flow wp-block-quote-is-layout-flow\"><p>Se cadra o m\u00e1is relevante que che podo dicir \u00e9 que tiven a oportunidade de compartir goberno cun extraordinario equipo que se encontrou o concello na ru\u00edna econ\u00f3mica m\u00e1is absoluta, derivada da nefasta xesti\u00f3n do PP, e de decatarme como os se\u00f1ores do PP, cando est\u00e1n na oposici\u00f3n, non son capaces de facer pol\u00edtica construtiva. S\u00f3 saben destru\u00edr, xerar crispaci\u00f3n na sociedade e levalo todo \u00e1 lameira.<\/p><\/blockquote>\n\n\n\n<p><strong>Cando conseguiches entrar no parlamento galego ti \u00edas de n\u00famero 6 na lista de Pontevedra e naquel momento s\u00f3 ti\u00f1ades dous representantes por esa provincia . Con franqueza Paulo, agardabas entrar?<\/strong><\/p>\n\n\n\n<blockquote class=\"wp-block-quote is-layout-flow wp-block-quote-is-layout-flow\"><p>Sab\u00eda que ser\u00eda enormemente dif\u00edcil. Supor\u00eda multiplicar por tres o n\u00famero de actas acadadas e recibirmos un enorme caudal de confianza. Aseg\u00faroche que estamos a traballar moito para responder \u00e1 confianza que nos deron, e para tratar de conquistar moitos m\u00e1is coraz\u00f3ns de galegas e galegos.<\/p><\/blockquote>\n\n\n\n<p><strong>Levas arredor de medio ano como responsable comarcal do BNG, verdade?<\/strong><\/p>\n\n\n\n<blockquote class=\"wp-block-quote is-layout-flow wp-block-quote-is-layout-flow\"><p>Si, fun elixido a finais de decembro do ano pasado<\/p><\/blockquote>\n\n\n\n<p><strong>En li\u00f1as xerais cal \u00e9 o estado de sa\u00fade do BNG no Morrazo?<\/strong><\/p>\n\n\n\n<blockquote class=\"wp-block-quote is-layout-flow wp-block-quote-is-layout-flow\"><p>Moi bo. Temos moita implantaci\u00f3n na sociedade dos 5 concellos da comarca. Hai actividade pol\u00edtica regular e frecuente, estamos en todas as loitas sociais que existen no Morrazo e estamos a crecer en n\u00famero de afiliados e afiliadas incluso con xente moi moza.<\/p><\/blockquote>\n\n\n\n<p><strong>Ben, imos comezar a an\u00e1lise da situaci\u00f3n pol\u00edtica do nacionalismo nos 5 concellos da Comarca<\/strong><\/p>\n\n\n\n<p><strong>Mar\u00edn<\/strong><\/p>\n\n\n\n<p><strong>Se cadra este \u00e9 o concello no que o nacionalismo ten m\u00e1is dif\u00edcil penetrar na maior\u00eda social da s\u00faa veci\u00f1anza, por que?<\/strong><\/p>\n\n\n\n<blockquote class=\"wp-block-quote is-layout-flow wp-block-quote-is-layout-flow\"><p>Creo que a resposta a esta pregunta \u00e9 poli\u00e9drica. Penso que son varias raz\u00f3ns sumadas as que explican que na actualidade s\u00f3 te\u00f1amos unha concelleira. As\u00ed pois a influencia da escola naval militar, o extraordinariamente atomizada que estaba a esquerda pol\u00edtica nese concello nas municipais do 19, con 5 candidaturas supostamente de esquerdas, ou, tam\u00e9n hai que dicilo , erros que no pasado cometemos n\u00f3s, levaron a que o PP te\u00f1a unha sobre representaci\u00f3n no concello e que o BNG estea claramente infrarepresentado.<\/p><\/blockquote>\n\n\n\n<p><strong>O BNG en Mar\u00edn sufriu conflitos diversos que derivaron en varias escisi\u00f3ns dolorosas. Esas situaci\u00f3ns est\u00e1n totalmente superadas?<\/strong><\/p>\n\n\n\n<blockquote class=\"wp-block-quote is-layout-flow wp-block-quote-is-layout-flow\"><p>Eu estou convencido de que si. Agora mesmo a situaci\u00f3n \u00e9 moi c\u00f3moda e o conxunto da militancia est\u00e1 traballando moi ben, dando o mellor de cada un, nos conflitos m\u00e1is relevantes desa vila como por exemplo a sanidade ou a loita contra a pandemia e\u00f3lica. A s\u00faa militancia non para de crecer e hai moita xente nova que se achega \u00e1s nosas ringleiras. F\u00edxate se a situaci\u00f3n \u00e9 boa que Luc\u00eda, a nosa candidata, foi elixida de maneira un\u00e1nime<\/p><\/blockquote>\n\n\n\n<p><strong>Avalas o traballo da vosa voceira Luc\u00eda Santos?<\/strong><\/p>\n\n\n\n<blockquote class=\"wp-block-quote is-layout-flow wp-block-quote-is-layout-flow\"><p>Si, absolutamente. Ela tomou as rendas nunhas circunstancias moi dif\u00edciles e fai moi bo traballo para po\u00f1er as bases que permitan que o BNG chegue a poder ser unha alternativa s\u00f3lida de goberno. Ao respecto disto quixera dicir d\u00faas cousas:<\/p><\/blockquote>\n\n\n\n<blockquote class=\"wp-block-quote is-layout-flow wp-block-quote-is-layout-flow\"><p>&#8211; Na municipais do 19 foinos mal si, pero nas auton\u00f3micas do 2020 en Mar\u00edn tivemos un resultado extraordinario ,fomos segunda forza cun 20% dos votos. Te\u00f1o a certeza de que o bo traballo das e dos compa\u00f1eiros de Mar\u00edn, que encabeza Luc\u00eda, verase reflectido nas municipais do ano pr\u00f3ximo , como xa se veu nas auton\u00f3micas do 2020<\/p><\/blockquote>\n\n\n\n<blockquote class=\"wp-block-quote is-layout-flow wp-block-quote-is-layout-flow\"><p>-Por outra parte recentemente os tres partidos que temos representaci\u00f3n no Concello de Mar\u00edn debateron no club de opini\u00f3n Portocelo e creo que a nosa candidata ga\u00f1ouno de maneira meridiana a quil\u00f3metros de distancia dos seus dous contendentes.<\/p><\/blockquote>\n\n\n\n<p><strong>Estades falando con alg\u00fans dos grupos da atomizada esquerda marinense para que se poidan integrar no bloque?<\/strong><\/p>\n\n\n\n<blockquote class=\"wp-block-quote is-layout-flow wp-block-quote-is-layout-flow\"><p>N\u00f3s estamos facendo o noso traballo pol\u00edtico o mellor posible para tratar de obter a confianza de todas e de todos os que nalg\u00fan momento confiaron en outras alternativas pol\u00edticas.<\/p><\/blockquote>\n\n\n\n<p><strong>As expectativas realistas para o 2023?<\/strong><\/p>\n\n\n\n<blockquote class=\"wp-block-quote is-layout-flow wp-block-quote-is-layout-flow\"><p>Un crecemento significativo que se poida achegar o m\u00e1is posible ao resultado que obtivemos nas auton\u00f3micas<\/p><\/blockquote>\n\n\n\n<p><strong>Bueu<\/strong><\/p>\n\n\n\n<p><strong>Nesta vila F\u00e9lix levaba 3 mandatos con maior\u00edas absolutas, pero nas elecci\u00f3ns do 2019 perdeuna e baixou notablemente o n\u00famero de actas, pasou de 12 a 8. De feito precisou un pacto con Xulio Villanueva concelleiro de ACB para manter a maior\u00eda. O que naquel momento se pod\u00eda pulsar polas r\u00faas de Bueu \u00e9 que houbo certa relaxaci\u00f3n no seu equipo de goberno. Cal \u00e9 o teu criterio ao respecto?<\/strong><\/p>\n\n\n\n<blockquote class=\"wp-block-quote is-layout-flow wp-block-quote-is-layout-flow\"><p>Ben, a min tanto F\u00e9lix como resto de compa\u00f1eiros de Bueu n\u00e9ganme que existise esa suposta relaxaci\u00f3n pero eles son os primeiros en ser conscientes de que si exist\u00eda esa pulsi\u00f3n de opini\u00f3n en parte da sociedade da vila. Polo tanto fixeron o m\u00e1is intelixente que se pode facer nunha situaci\u00f3n como esa que \u00e9 traballar arreo para poderen reverter esa corrente de opini\u00f3n, porque cando unha parte do pobo transmite unha mensaxe negativa sobre o noso traballo c\u00f3mpre respectala, escoitala e actuar en consecuencia para que non existan elementos que lles leven a pensar as\u00ed.<\/p><\/blockquote>\n\n\n\n<p><strong>Ti percibes que esa pulsi\u00f3n sobre a suposta relaxaci\u00f3n segue existindo?<\/strong><\/p>\n\n\n\n<blockquote class=\"wp-block-quote is-layout-flow wp-block-quote-is-layout-flow\"><p>Eu creo que non. Entendo que a d\u00eda de hoxe, a un ano das municipais do 23, estamos en mellor posici\u00f3n que antes das municipais do 19. Hoxe Bueu \u00e9 unha referencia en toda a comarca polo seu dinamismo, polo coidado do seu patrimonio e polo seu modelo de vila<\/p><\/blockquote>\n\n\n\n<p><strong>ACB , con cuxo concelleiro compartides goberno, xorde dunha escisi\u00f3n do BNG dos tempos de Amio. Ides facer alg\u00fan intento para recuperar a unidade do nacionalismo de Bueu?<\/strong><\/p>\n\n\n\n<blockquote class=\"wp-block-quote is-layout-flow wp-block-quote-is-layout-flow\"><p>O Consello nacional do BNG decidiu que as candidaturas do BNG van ser BNG, non vai haber ning\u00fan outro tipo de experimento. N\u00f3s con Xulio Villanueva temos unha relaci\u00f3n excelente, a situaci\u00f3n do goberno pola nosa parte \u00e9 c\u00f3moda en grado superlativo e coido que pola s\u00faa tam\u00e9n. No futuro, sexa cal sexa a relaci\u00f3n que te\u00f1amos con el e coa xente de ACB, a mi\u00f1a idea \u00e9 que se siga movendo nos par\u00e1metros de comodidade absoluta que est\u00e1 agora.<\/p><\/blockquote>\n\n\n\n<p><strong>Que expectativas razoables temos para as municipais do ano pr\u00f3ximo?<\/strong><\/p>\n\n\n\n<blockquote class=\"wp-block-quote is-layout-flow wp-block-quote-is-layout-flow\"><p>Recuperar a maior\u00eda absoluta<\/p><\/blockquote>\n\n\n\n<p><strong>CANGAS<\/strong><\/p>\n\n\n\n<p><strong>Se en Mar\u00edn a situaci\u00f3n da esquerda \u00e9 de atomizaci\u00f3n en Cangas creo que chegamos case a unha situaci\u00f3n an\u00e1loga aos quarks ( part\u00edculas subat\u00f3micas)?<\/strong><\/p>\n\n\n\n<blockquote class=\"wp-block-quote is-layout-flow wp-block-quote-is-layout-flow\"><p>A verdade \u00e9 que a situaci\u00f3n \u00e9 moi complexa. Incluso formando parte activa da vida pol\u00edtica de Cangas cono formamos n\u00f3s resulta moi dif\u00edcil prognosticar como poden evolucionar os acontecementos pol\u00edticos nesa vila<\/p><\/blockquote>\n\n\n\n<p><strong>Repetir\u00e1 Sotelo como candidato do PP?<\/strong><\/p>\n\n\n\n<blockquote class=\"wp-block-quote is-layout-flow wp-block-quote-is-layout-flow\"><p>Eu non o sei pero, tendo en conta que non situaron a ningu\u00e9n para que se fose fogueando como futurible , penso que \u00e9 o m\u00e1is probable.<\/p><\/blockquote>\n\n\n\n<p><strong>O BNG est\u00e1 na oposici\u00f3n cal \u00e9 a vosa li\u00f1a de acci\u00f3n pol\u00edtica?<\/strong><\/p>\n\n\n\n<blockquote class=\"wp-block-quote is-layout-flow wp-block-quote-is-layout-flow\"><p>Colaborar en todo aquelo que consideramos positivo para Cangas e non facelo cando o que se prop\u00f3n non nos parece razoable.<\/p><\/blockquote>\n\n\n\n<p><strong>Como valoras a xesti\u00f3n do mini goberno de ACE que ten Cangas na actualidade?<\/strong><\/p>\n\n\n\n<blockquote class=\"wp-block-quote is-layout-flow wp-block-quote-is-layout-flow\"><p>Ca\u00f3tica, cun nivel de hostilidade entre eles mesmos autenticamente asombroso. Te\u00f1o a sensaci\u00f3n de que o defunto alcalde Pazos exerc\u00eda de pegamento entre as partes de ACE. E unha vez que Pazos falece todo se esvaece.<\/p><\/blockquote>\n\n\n\n<p><strong>Consideras que a vosa decisi\u00f3n de non entrar no goberno foi acertada?<\/strong><\/p>\n\n\n\n<blockquote class=\"wp-block-quote is-layout-flow wp-block-quote-is-layout-flow\"><p>Si.<\/p><\/blockquote>\n\n\n\n<p><strong>Como \u00e9 o estado de sa\u00fade do BNG local?<\/strong><\/p>\n\n\n\n<blockquote class=\"wp-block-quote is-layout-flow wp-block-quote-is-layout-flow\"><p>O mellor en moitos anos. Estamos en disposici\u00f3n de acadar a alcald\u00eda<\/p><\/blockquote>\n\n\n\n<p><strong>Vai ser Merchi Gir\u00e1ldez a candidata?<\/strong><\/p>\n\n\n\n<blockquote class=\"wp-block-quote is-layout-flow wp-block-quote-is-layout-flow\"><p>Est\u00e1 sen decidir<\/p><\/blockquote>\n\n\n\n<p><strong>Estades falando con Mariano Abalo para que se integre no BNG?<\/strong><\/p>\n\n\n\n<blockquote class=\"wp-block-quote is-layout-flow wp-block-quote-is-layout-flow\"><p>Con Mariano Abalo falamos de moitas cousas<\/p><\/blockquote>\n\n\n\n<p><strong>Supo\u00f1o que de f\u00fatbol non?<\/strong><\/p>\n\n\n\n<blockquote class=\"wp-block-quote is-layout-flow wp-block-quote-is-layout-flow\"><p>Ha , ha , ha. Non, falamos de como vai o Concello claro, de que como ve el as cousas e de como as vemos n\u00f3s<\/p><\/blockquote>\n\n\n\n<p><strong>Hai algunha posibilidade de que nas elecci\u00f3ns municipais do ano pr\u00f3ximo Mariano vaia nas vosas listas?<\/strong><\/p>\n\n\n\n<blockquote class=\"wp-block-quote is-layout-flow wp-block-quote-is-layout-flow\"><p>Non. Mariano non vai ir nas nosas listas<\/p><\/blockquote>\n\n\n\n<p><strong>MOA\u00d1A<\/strong><\/p>\n\n\n\n<p><strong>Como est\u00e1 a situaci\u00f3n do nacionalismo na t\u00faa vila?<\/strong><\/p>\n\n\n\n<blockquote class=\"wp-block-quote is-layout-flow wp-block-quote-is-layout-flow\"><p>N\u00f3s chegamos ao goberno , despois de telo perdido polo tr\u00e1nsfuga do PSOE, nunha situaci\u00f3n moi complicada co concello case na ru\u00edna<\/p><\/blockquote>\n\n\n\n<p><strong>Pero iso da mala herdanza recibida \u00e9 algo que soe dicir, do anterior, un goberno novo cando toma posesi\u00f3n. En realidade era unha situaci\u00f3n tan mala?<\/strong><\/p>\n\n\n\n<blockquote class=\"wp-block-quote is-layout-flow wp-block-quote-is-layout-flow\"><p>Era catastr\u00f3fica con m\u00e1is de 12.000.000\u20ac de d\u00e9beda co concello a piques de ser intervido e con moreas de facturas sen pagar, moitas delas a pequenas empresas da propia Moa\u00f1a.<\/p><\/blockquote>\n\n\n\n<p><strong>E agora?<\/strong><\/p>\n\n\n\n<blockquote class=\"wp-block-quote is-layout-flow wp-block-quote-is-layout-flow\"><p>Agora o pago medio a provedores do noso concello est\u00e1 en 3 d\u00edas e medio. Cando chegamos hab\u00eda empresas que estaban cobrando a un ou incluso a dous anos. Creo que estamos a facer unha moi boa xesti\u00f3n, non s\u00f3 econ\u00f3mica sen\u00f3n tam\u00e9n porque temos un proxecto de vila ecol\u00f3xica, solidaria, amable e sustentable para Moa\u00f1a e, respond\u00e9ndoche \u00e1 pregunta anterior, iso se reflicte nun aumento notable de apoio social e nunha situaci\u00f3n moi boa para o bng de Moa\u00f1a<\/p><\/blockquote>\n\n\n\n<p><strong>En Moa\u00f1a temos un problema moi serio coa sanidade?<\/strong><\/p>\n\n\n\n<blockquote class=\"wp-block-quote is-layout-flow wp-block-quote-is-layout-flow\"><p>Abof\u00e9 que \u00e9 as\u00ed. Ao d\u00eda seguinte de facermos esta entrevista( 11 de xu\u00f1o) imos cumprir 27 domingos consecutivos de protestas en Moa\u00f1a. A semana pasada fixemos unha marcha desde o Concello ata o PAC de Cangas con unha asistencia de arredor de 8.000 persoas. O deterioro da asistencia sanitaria no noso concello \u00e9 intolerable. Non temos urxencias, os domingos o centro de sa\u00fade est\u00e1 pechado&#8230;desde logo no BNG seguiremos combatendo con toda a intensidade esta agresi\u00f3n flagrante \u00e1 sa\u00fade da nosa veci\u00f1anza.<\/p><\/blockquote>\n\n\n\n<p><strong>Supo\u00f1o que Leticia repetir\u00e1 como candidata \u00e1 alcald\u00eda?<\/strong><\/p>\n\n\n\n<blockquote class=\"wp-block-quote is-layout-flow wp-block-quote-is-layout-flow\"><p>Non \u00e9 oficial a\u00ednda, pero desde logo Leticia ten o apoio un\u00e1nime de todo o bloque de Moa\u00f1a<\/p><\/blockquote>\n\n\n\n<p><strong>As relaci\u00f3ns cos vosos socios do PSOE como son?<\/strong><\/p>\n\n\n\n<blockquote class=\"wp-block-quote is-layout-flow wp-block-quote-is-layout-flow\"><p>Positivas e boas<\/p><\/blockquote>\n\n\n\n<p><strong>As expectativas realistas para o 2023?<\/strong><\/p>\n\n\n\n<blockquote class=\"wp-block-quote is-layout-flow wp-block-quote-is-layout-flow\"><p>Imos pola maior\u00eda absoluta. \u00c9 un obxectivo dif\u00edcil pero veros\u00edmil<\/p><\/blockquote>\n\n\n\n<p><strong>VILABOA<\/strong><\/p>\n\n\n\n<p><strong>Neste concello tomastes a decisi\u00f3n de abandonar o goberno que compartiades co PSOE. A d\u00eda de hoxe val\u00f3rala como unha decisi\u00f3n acertada?<\/strong><\/p>\n\n\n\n<blockquote class=\"wp-block-quote is-layout-flow wp-block-quote-is-layout-flow\"><p>A convivencia co PSOE non era adecuada. Non nos gustaban o que estaban a facer de chuchar o noso traballo no seu propio beneficio e inda por riba parece que todo o que nos formulaban eran problemas. Foi unha decisi\u00f3n atinada si.<\/p><\/blockquote>\n\n\n\n<p><strong>E sobre a decisi\u00f3n de Ornela Fern\u00e1ndez, a anterior voceira municipal, de deixar a vida pol\u00edtica que tes que dicir?<\/strong><\/p>\n\n\n\n<blockquote class=\"wp-block-quote is-layout-flow wp-block-quote-is-layout-flow\"><p>Ornela desenvolveu un traballo impagable nas s\u00faas diferentes responsabilidades pol\u00edticas e eu como responsable comarcal do bloque no Morrazo reco\u00f1\u00e9zoo porque \u00e9 de xustiza.<\/p><\/blockquote>\n\n\n\n<p><strong>Que perfil ten a nova voceira Tareixa Carro?<\/strong><\/p>\n\n\n\n<blockquote class=\"wp-block-quote is-layout-flow wp-block-quote-is-layout-flow\"><p>\u00c9 unha mestra cunha grande capacidade comunicativa, moita forza e moitas ga\u00f1as de mudar as cousas. Te\u00f1o unha ilusi\u00f3n enorme en que o seu perfil sexa o adecuado para que non moi lonxe poida ser unha extraordinaria alcaldesa. Agora mesmo existe unha grande simpat\u00eda polo BNG e a xente moza de Vilaboa que est\u00e1 interesada en facer pol\u00edtica faina no BNG<\/p><\/blockquote>\n\n\n\n<p><strong>Como valoras o goberno do alcalde C\u00e9sar Poza?<\/strong><\/p>\n\n\n\n<blockquote class=\"wp-block-quote is-layout-flow wp-block-quote-is-layout-flow\"><p>Temos unha valoraci\u00f3n negativa da s\u00faa praxe pol\u00edtica. Se cadra os adxectivos m\u00e1is adecuados para describila ser\u00edan ca\u00f3tica, desleixada e caciquil<\/p><\/blockquote>\n\n\n\n<p><strong>Cales son as vosas expectativas razoables para as municipais do ano que ven?<\/strong><\/p>\n\n\n\n<blockquote class=\"wp-block-quote is-layout-flow wp-block-quote-is-layout-flow\"><p>Eu creo que debemos de estar en disposici\u00f3n de competir co PSOE de igual a igual<\/p><\/blockquote>\n","protected":false},"excerpt":{"rendered":"<div class=\"mh-excerpt\"><p>Despois da an\u00e1lise da situaci\u00f3n do BNG nas comarcas de Vigo, O Condado e o Baixo Mi\u00f1o ,que publicamos en edici\u00f3ns anteriores, hoxe toca achegarse polas terras do Morrazo a co\u00f1ecer ao responsable do BNG nesa comarca <a class=\"mh-excerpt-more\" href=\"https:\/\/www.anovapeneira.gal\/index.php\/2022\/06\/17\/paulo-rios-responsable-do-bng-na-comarca-do-morrazo\/\" title=\"Paulo R\u00edos responsable do BNG na comarca do Morrazo\">[&#8230;]<\/a><\/p>\n<\/div>","protected":false},"author":3,"featured_media":7647,"comment_status":"open","ping_status":"open","sticky":false,"template":"","format":"standard","meta":{"_exactmetrics_skip_tracking":false,"_exactmetrics_sitenote_active":false,"_exactmetrics_sitenote_note":"","_exactmetrics_sitenote_category":0,"footnotes":""},"categories":[268],"tags":[],"class_list":{"0":"post-7640","1":"post","2":"type-post","3":"status-publish","4":"format-standard","5":"has-post-thumbnail","7":"category-morrazo-entrevistas"},"yoast_head":"<!-- This site is optimized with the Yoast SEO plugin v27.4 - https:\/\/yoast.com\/product\/yoast-seo-wordpress\/ -->\n<title>Paulo R\u00edos responsable do BNG na comarca do Morrazo -<\/title>\n<meta name=\"description\" content=\"Despois da an\u00e1lise da situaci\u00f3n do BNG nas comarcas de Vigo, O Condado e o Baixo Mi\u00f1o ,que publicamos en edici\u00f3ns anteriores, hoxe toca achegarse polas terras do Morrazo a co\u00f1ecer ao responsable do BNG nesa comarca\" \/>\n<meta name=\"robots\" content=\"index, follow, max-snippet:-1, max-image-preview:large, max-video-preview:-1\" \/>\n<link rel=\"canonical\" href=\"https:\/\/www.anovapeneira.gal\/index.php\/2022\/06\/17\/paulo-rios-responsable-do-bng-na-comarca-do-morrazo\/\" \/>\n<meta property=\"og:locale\" content=\"gl_ES\" \/>\n<meta property=\"og:type\" content=\"article\" \/>\n<meta property=\"og:title\" content=\"Paulo R\u00edos responsable do BNG na comarca do Morrazo -\" \/>\n<meta property=\"og:description\" content=\"Despois da an\u00e1lise da situaci\u00f3n do BNG nas comarcas de Vigo, O Condado e o Baixo Mi\u00f1o ,que publicamos en edici\u00f3ns anteriores, hoxe toca achegarse polas terras do Morrazo a co\u00f1ecer ao responsable do BNG nesa comarca\" \/>\n<meta property=\"og:url\" content=\"https:\/\/www.anovapeneira.gal\/index.php\/2022\/06\/17\/paulo-rios-responsable-do-bng-na-comarca-do-morrazo\/\" \/>\n<meta property=\"article:publisher\" content=\"https:\/\/www.facebook.com\/anovapeneira\" \/>\n<meta property=\"article:published_time\" content=\"2022-06-17T08:00:40+00:00\" \/>\n<meta property=\"og:image\" content=\"https:\/\/www.anovapeneira.gal\/wp-content\/uploads\/2022\/06\/Paulo_bng_2.jpg\" \/>\n\t<meta property=\"og:image:width\" content=\"720\" \/>\n\t<meta property=\"og:image:height\" content=\"432\" \/>\n\t<meta property=\"og:image:type\" content=\"image\/jpeg\" \/>\n<meta name=\"author\" content=\"Redacci\u00f3n A Nova Peneira\" \/>\n<meta name=\"twitter:card\" content=\"summary_large_image\" \/>\n<meta name=\"twitter:creator\" content=\"@APeneira\" \/>\n<meta name=\"twitter:site\" content=\"@APeneira\" \/>\n<meta name=\"twitter:label1\" content=\"Escrito por\" \/>\n\t<meta name=\"twitter:data1\" content=\"Redacci\u00f3n A Nova Peneira\" \/>\n\t<meta name=\"twitter:label2\" content=\"Tempo de lectura\" \/>\n\t<meta name=\"twitter:data2\" content=\"12 minutos\" \/>\n<script type=\"application\/ld+json\" class=\"yoast-schema-graph\">{\"@context\":\"https:\\\/\\\/schema.org\",\"@graph\":[{\"@type\":\"Article\",\"@id\":\"https:\\\/\\\/www.anovapeneira.gal\\\/index.php\\\/2022\\\/06\\\/17\\\/paulo-rios-responsable-do-bng-na-comarca-do-morrazo\\\/#article\",\"isPartOf\":{\"@id\":\"https:\\\/\\\/www.anovapeneira.gal\\\/index.php\\\/2022\\\/06\\\/17\\\/paulo-rios-responsable-do-bng-na-comarca-do-morrazo\\\/\"},\"author\":{\"name\":\"Redacci\u00f3n A Nova Peneira\",\"@id\":\"https:\\\/\\\/www.anovapeneira.gal\\\/#\\\/schema\\\/person\\\/b93e3f8932e3f8da96334607eb6ac6aa\"},\"headline\":\"Paulo R\u00edos responsable do BNG na comarca do Morrazo\",\"datePublished\":\"2022-06-17T08:00:40+00:00\",\"mainEntityOfPage\":{\"@id\":\"https:\\\/\\\/www.anovapeneira.gal\\\/index.php\\\/2022\\\/06\\\/17\\\/paulo-rios-responsable-do-bng-na-comarca-do-morrazo\\\/\"},\"wordCount\":2402,\"commentCount\":0,\"publisher\":{\"@id\":\"https:\\\/\\\/www.anovapeneira.gal\\\/#organization\"},\"image\":{\"@id\":\"https:\\\/\\\/www.anovapeneira.gal\\\/index.php\\\/2022\\\/06\\\/17\\\/paulo-rios-responsable-do-bng-na-comarca-do-morrazo\\\/#primaryimage\"},\"thumbnailUrl\":\"https:\\\/\\\/www.anovapeneira.gal\\\/wp-content\\\/uploads\\\/2022\\\/06\\\/Paulo_bng_2.jpg\",\"articleSection\":[\"Morrazo\"],\"inLanguage\":\"gl-ES\",\"potentialAction\":[{\"@type\":\"CommentAction\",\"name\":\"Comment\",\"target\":[\"https:\\\/\\\/www.anovapeneira.gal\\\/index.php\\\/2022\\\/06\\\/17\\\/paulo-rios-responsable-do-bng-na-comarca-do-morrazo\\\/#respond\"]}]},{\"@type\":\"WebPage\",\"@id\":\"https:\\\/\\\/www.anovapeneira.gal\\\/index.php\\\/2022\\\/06\\\/17\\\/paulo-rios-responsable-do-bng-na-comarca-do-morrazo\\\/\",\"url\":\"https:\\\/\\\/www.anovapeneira.gal\\\/index.php\\\/2022\\\/06\\\/17\\\/paulo-rios-responsable-do-bng-na-comarca-do-morrazo\\\/\",\"name\":\"Paulo R\u00edos responsable do BNG na comarca do Morrazo -\",\"isPartOf\":{\"@id\":\"https:\\\/\\\/www.anovapeneira.gal\\\/#website\"},\"primaryImageOfPage\":{\"@id\":\"https:\\\/\\\/www.anovapeneira.gal\\\/index.php\\\/2022\\\/06\\\/17\\\/paulo-rios-responsable-do-bng-na-comarca-do-morrazo\\\/#primaryimage\"},\"image\":{\"@id\":\"https:\\\/\\\/www.anovapeneira.gal\\\/index.php\\\/2022\\\/06\\\/17\\\/paulo-rios-responsable-do-bng-na-comarca-do-morrazo\\\/#primaryimage\"},\"thumbnailUrl\":\"https:\\\/\\\/www.anovapeneira.gal\\\/wp-content\\\/uploads\\\/2022\\\/06\\\/Paulo_bng_2.jpg\",\"datePublished\":\"2022-06-17T08:00:40+00:00\",\"description\":\"Despois da an\u00e1lise da situaci\u00f3n do BNG nas comarcas de Vigo, O Condado e o Baixo Mi\u00f1o ,que publicamos en edici\u00f3ns anteriores, hoxe toca achegarse polas terras do Morrazo a co\u00f1ecer ao responsable do BNG nesa comarca\",\"breadcrumb\":{\"@id\":\"https:\\\/\\\/www.anovapeneira.gal\\\/index.php\\\/2022\\\/06\\\/17\\\/paulo-rios-responsable-do-bng-na-comarca-do-morrazo\\\/#breadcrumb\"},\"inLanguage\":\"gl-ES\",\"potentialAction\":[{\"@type\":\"ReadAction\",\"target\":[\"https:\\\/\\\/www.anovapeneira.gal\\\/index.php\\\/2022\\\/06\\\/17\\\/paulo-rios-responsable-do-bng-na-comarca-do-morrazo\\\/\"]}]},{\"@type\":\"ImageObject\",\"inLanguage\":\"gl-ES\",\"@id\":\"https:\\\/\\\/www.anovapeneira.gal\\\/index.php\\\/2022\\\/06\\\/17\\\/paulo-rios-responsable-do-bng-na-comarca-do-morrazo\\\/#primaryimage\",\"url\":\"https:\\\/\\\/www.anovapeneira.gal\\\/wp-content\\\/uploads\\\/2022\\\/06\\\/Paulo_bng_2.jpg\",\"contentUrl\":\"https:\\\/\\\/www.anovapeneira.gal\\\/wp-content\\\/uploads\\\/2022\\\/06\\\/Paulo_bng_2.jpg\",\"width\":720,\"height\":432,\"caption\":\"Paulo BNG Morrazo\"},{\"@type\":\"BreadcrumbList\",\"@id\":\"https:\\\/\\\/www.anovapeneira.gal\\\/index.php\\\/2022\\\/06\\\/17\\\/paulo-rios-responsable-do-bng-na-comarca-do-morrazo\\\/#breadcrumb\",\"itemListElement\":[{\"@type\":\"ListItem\",\"position\":1,\"name\":\"Portada\",\"item\":\"https:\\\/\\\/www.anovapeneira.gal\\\/\"},{\"@type\":\"ListItem\",\"position\":2,\"name\":\"Paulo R\u00edos responsable do BNG na comarca do Morrazo\"}]},{\"@type\":\"WebSite\",\"@id\":\"https:\\\/\\\/www.anovapeneira.gal\\\/#website\",\"url\":\"https:\\\/\\\/www.anovapeneira.gal\\\/\",\"name\":\"\",\"description\":\"Xornal galego de informaci\u00f3n xeral Publicaci\u00f3n mensual de novas de Galicia e en especial dos Concellos da sur da provincia de Pontevedra.\",\"publisher\":{\"@id\":\"https:\\\/\\\/www.anovapeneira.gal\\\/#organization\"},\"potentialAction\":[{\"@type\":\"SearchAction\",\"target\":{\"@type\":\"EntryPoint\",\"urlTemplate\":\"https:\\\/\\\/www.anovapeneira.gal\\\/?s={search_term_string}\"},\"query-input\":{\"@type\":\"PropertyValueSpecification\",\"valueRequired\":true,\"valueName\":\"search_term_string\"}}],\"inLanguage\":\"gl-ES\"},{\"@type\":\"Organization\",\"@id\":\"https:\\\/\\\/www.anovapeneira.gal\\\/#organization\",\"name\":\"A Nova Peneira\",\"url\":\"https:\\\/\\\/www.anovapeneira.gal\\\/\",\"logo\":{\"@type\":\"ImageObject\",\"inLanguage\":\"gl-ES\",\"@id\":\"https:\\\/\\\/www.anovapeneira.gal\\\/#\\\/schema\\\/logo\\\/image\\\/\",\"url\":\"http:\\\/\\\/www.anovapeneira.gal\\\/wp-content\\\/uploads\\\/2019\\\/06\\\/logo_a_nova_peneira_portal_web.png\",\"contentUrl\":\"http:\\\/\\\/www.anovapeneira.gal\\\/wp-content\\\/uploads\\\/2019\\\/06\\\/logo_a_nova_peneira_portal_web.png\",\"width\":300,\"height\":100,\"caption\":\"A Nova Peneira\"},\"image\":{\"@id\":\"https:\\\/\\\/www.anovapeneira.gal\\\/#\\\/schema\\\/logo\\\/image\\\/\"},\"sameAs\":[\"https:\\\/\\\/www.facebook.com\\\/anovapeneira\",\"https:\\\/\\\/x.com\\\/APeneira\"]},{\"@type\":\"Person\",\"@id\":\"https:\\\/\\\/www.anovapeneira.gal\\\/#\\\/schema\\\/person\\\/b93e3f8932e3f8da96334607eb6ac6aa\",\"name\":\"Redacci\u00f3n A Nova Peneira\",\"image\":{\"@type\":\"ImageObject\",\"inLanguage\":\"gl-ES\",\"@id\":\"https:\\\/\\\/secure.gravatar.com\\\/avatar\\\/c052a2551a06e23fac63626232eaa90abd78dbcf1700fc46a2b2c89fd27b735f?s=96&d=mm&r=g\",\"url\":\"https:\\\/\\\/secure.gravatar.com\\\/avatar\\\/c052a2551a06e23fac63626232eaa90abd78dbcf1700fc46a2b2c89fd27b735f?s=96&d=mm&r=g\",\"contentUrl\":\"https:\\\/\\\/secure.gravatar.com\\\/avatar\\\/c052a2551a06e23fac63626232eaa90abd78dbcf1700fc46a2b2c89fd27b735f?s=96&d=mm&r=g\",\"caption\":\"Redacci\u00f3n A Nova Peneira\"},\"sameAs\":[\"http:\\\/\\\/www.anovapeneira.gal\\\/\"],\"url\":\"https:\\\/\\\/www.anovapeneira.gal\\\/index.php\\\/author\\\/redactor\\\/\"}]}<\/script>\n<!-- \/ Yoast SEO plugin. -->","yoast_head_json":{"title":"Paulo R\u00edos responsable do BNG na comarca do Morrazo -","description":"Despois da an\u00e1lise da situaci\u00f3n do BNG nas comarcas de Vigo, O Condado e o Baixo Mi\u00f1o ,que publicamos en edici\u00f3ns anteriores, hoxe toca achegarse polas terras do Morrazo a co\u00f1ecer ao responsable do BNG nesa comarca","robots":{"index":"index","follow":"follow","max-snippet":"max-snippet:-1","max-image-preview":"max-image-preview:large","max-video-preview":"max-video-preview:-1"},"canonical":"https:\/\/www.anovapeneira.gal\/index.php\/2022\/06\/17\/paulo-rios-responsable-do-bng-na-comarca-do-morrazo\/","og_locale":"gl_ES","og_type":"article","og_title":"Paulo R\u00edos responsable do BNG na comarca do Morrazo -","og_description":"Despois da an\u00e1lise da situaci\u00f3n do BNG nas comarcas de Vigo, O Condado e o Baixo Mi\u00f1o ,que publicamos en edici\u00f3ns anteriores, hoxe toca achegarse polas terras do Morrazo a co\u00f1ecer ao responsable do BNG nesa comarca","og_url":"https:\/\/www.anovapeneira.gal\/index.php\/2022\/06\/17\/paulo-rios-responsable-do-bng-na-comarca-do-morrazo\/","article_publisher":"https:\/\/www.facebook.com\/anovapeneira","article_published_time":"2022-06-17T08:00:40+00:00","og_image":[{"width":720,"height":432,"url":"https:\/\/www.anovapeneira.gal\/wp-content\/uploads\/2022\/06\/Paulo_bng_2.jpg","type":"image\/jpeg"}],"author":"Redacci\u00f3n A Nova Peneira","twitter_card":"summary_large_image","twitter_creator":"@APeneira","twitter_site":"@APeneira","twitter_misc":{"Escrito por":"Redacci\u00f3n A Nova Peneira","Tempo de lectura":"12 minutos"},"schema":{"@context":"https:\/\/schema.org","@graph":[{"@type":"Article","@id":"https:\/\/www.anovapeneira.gal\/index.php\/2022\/06\/17\/paulo-rios-responsable-do-bng-na-comarca-do-morrazo\/#article","isPartOf":{"@id":"https:\/\/www.anovapeneira.gal\/index.php\/2022\/06\/17\/paulo-rios-responsable-do-bng-na-comarca-do-morrazo\/"},"author":{"name":"Redacci\u00f3n A Nova Peneira","@id":"https:\/\/www.anovapeneira.gal\/#\/schema\/person\/b93e3f8932e3f8da96334607eb6ac6aa"},"headline":"Paulo R\u00edos responsable do BNG na comarca do Morrazo","datePublished":"2022-06-17T08:00:40+00:00","mainEntityOfPage":{"@id":"https:\/\/www.anovapeneira.gal\/index.php\/2022\/06\/17\/paulo-rios-responsable-do-bng-na-comarca-do-morrazo\/"},"wordCount":2402,"commentCount":0,"publisher":{"@id":"https:\/\/www.anovapeneira.gal\/#organization"},"image":{"@id":"https:\/\/www.anovapeneira.gal\/index.php\/2022\/06\/17\/paulo-rios-responsable-do-bng-na-comarca-do-morrazo\/#primaryimage"},"thumbnailUrl":"https:\/\/www.anovapeneira.gal\/wp-content\/uploads\/2022\/06\/Paulo_bng_2.jpg","articleSection":["Morrazo"],"inLanguage":"gl-ES","potentialAction":[{"@type":"CommentAction","name":"Comment","target":["https:\/\/www.anovapeneira.gal\/index.php\/2022\/06\/17\/paulo-rios-responsable-do-bng-na-comarca-do-morrazo\/#respond"]}]},{"@type":"WebPage","@id":"https:\/\/www.anovapeneira.gal\/index.php\/2022\/06\/17\/paulo-rios-responsable-do-bng-na-comarca-do-morrazo\/","url":"https:\/\/www.anovapeneira.gal\/index.php\/2022\/06\/17\/paulo-rios-responsable-do-bng-na-comarca-do-morrazo\/","name":"Paulo R\u00edos responsable do BNG na comarca do Morrazo -","isPartOf":{"@id":"https:\/\/www.anovapeneira.gal\/#website"},"primaryImageOfPage":{"@id":"https:\/\/www.anovapeneira.gal\/index.php\/2022\/06\/17\/paulo-rios-responsable-do-bng-na-comarca-do-morrazo\/#primaryimage"},"image":{"@id":"https:\/\/www.anovapeneira.gal\/index.php\/2022\/06\/17\/paulo-rios-responsable-do-bng-na-comarca-do-morrazo\/#primaryimage"},"thumbnailUrl":"https:\/\/www.anovapeneira.gal\/wp-content\/uploads\/2022\/06\/Paulo_bng_2.jpg","datePublished":"2022-06-17T08:00:40+00:00","description":"Despois da an\u00e1lise da situaci\u00f3n do BNG nas comarcas de Vigo, O Condado e o Baixo Mi\u00f1o ,que publicamos en edici\u00f3ns anteriores, hoxe toca achegarse polas terras do Morrazo a co\u00f1ecer ao responsable do BNG nesa comarca","breadcrumb":{"@id":"https:\/\/www.anovapeneira.gal\/index.php\/2022\/06\/17\/paulo-rios-responsable-do-bng-na-comarca-do-morrazo\/#breadcrumb"},"inLanguage":"gl-ES","potentialAction":[{"@type":"ReadAction","target":["https:\/\/www.anovapeneira.gal\/index.php\/2022\/06\/17\/paulo-rios-responsable-do-bng-na-comarca-do-morrazo\/"]}]},{"@type":"ImageObject","inLanguage":"gl-ES","@id":"https:\/\/www.anovapeneira.gal\/index.php\/2022\/06\/17\/paulo-rios-responsable-do-bng-na-comarca-do-morrazo\/#primaryimage","url":"https:\/\/www.anovapeneira.gal\/wp-content\/uploads\/2022\/06\/Paulo_bng_2.jpg","contentUrl":"https:\/\/www.anovapeneira.gal\/wp-content\/uploads\/2022\/06\/Paulo_bng_2.jpg","width":720,"height":432,"caption":"Paulo BNG Morrazo"},{"@type":"BreadcrumbList","@id":"https:\/\/www.anovapeneira.gal\/index.php\/2022\/06\/17\/paulo-rios-responsable-do-bng-na-comarca-do-morrazo\/#breadcrumb","itemListElement":[{"@type":"ListItem","position":1,"name":"Portada","item":"https:\/\/www.anovapeneira.gal\/"},{"@type":"ListItem","position":2,"name":"Paulo R\u00edos responsable do BNG na comarca do Morrazo"}]},{"@type":"WebSite","@id":"https:\/\/www.anovapeneira.gal\/#website","url":"https:\/\/www.anovapeneira.gal\/","name":"","description":"Xornal galego de informaci\u00f3n xeral Publicaci\u00f3n mensual de novas de Galicia e en especial dos Concellos da sur da provincia de Pontevedra.","publisher":{"@id":"https:\/\/www.anovapeneira.gal\/#organization"},"potentialAction":[{"@type":"SearchAction","target":{"@type":"EntryPoint","urlTemplate":"https:\/\/www.anovapeneira.gal\/?s={search_term_string}"},"query-input":{"@type":"PropertyValueSpecification","valueRequired":true,"valueName":"search_term_string"}}],"inLanguage":"gl-ES"},{"@type":"Organization","@id":"https:\/\/www.anovapeneira.gal\/#organization","name":"A Nova Peneira","url":"https:\/\/www.anovapeneira.gal\/","logo":{"@type":"ImageObject","inLanguage":"gl-ES","@id":"https:\/\/www.anovapeneira.gal\/#\/schema\/logo\/image\/","url":"http:\/\/www.anovapeneira.gal\/wp-content\/uploads\/2019\/06\/logo_a_nova_peneira_portal_web.png","contentUrl":"http:\/\/www.anovapeneira.gal\/wp-content\/uploads\/2019\/06\/logo_a_nova_peneira_portal_web.png","width":300,"height":100,"caption":"A Nova Peneira"},"image":{"@id":"https:\/\/www.anovapeneira.gal\/#\/schema\/logo\/image\/"},"sameAs":["https:\/\/www.facebook.com\/anovapeneira","https:\/\/x.com\/APeneira"]},{"@type":"Person","@id":"https:\/\/www.anovapeneira.gal\/#\/schema\/person\/b93e3f8932e3f8da96334607eb6ac6aa","name":"Redacci\u00f3n A Nova Peneira","image":{"@type":"ImageObject","inLanguage":"gl-ES","@id":"https:\/\/secure.gravatar.com\/avatar\/c052a2551a06e23fac63626232eaa90abd78dbcf1700fc46a2b2c89fd27b735f?s=96&d=mm&r=g","url":"https:\/\/secure.gravatar.com\/avatar\/c052a2551a06e23fac63626232eaa90abd78dbcf1700fc46a2b2c89fd27b735f?s=96&d=mm&r=g","contentUrl":"https:\/\/secure.gravatar.com\/avatar\/c052a2551a06e23fac63626232eaa90abd78dbcf1700fc46a2b2c89fd27b735f?s=96&d=mm&r=g","caption":"Redacci\u00f3n A Nova Peneira"},"sameAs":["http:\/\/www.anovapeneira.gal\/"],"url":"https:\/\/www.anovapeneira.gal\/index.php\/author\/redactor\/"}]}},"jetpack_featured_media_url":"https:\/\/www.anovapeneira.gal\/wp-content\/uploads\/2022\/06\/Paulo_bng_2.jpg","_links":{"self":[{"href":"https:\/\/www.anovapeneira.gal\/index.php\/wp-json\/wp\/v2\/posts\/7640","targetHints":{"allow":["GET"]}}],"collection":[{"href":"https:\/\/www.anovapeneira.gal\/index.php\/wp-json\/wp\/v2\/posts"}],"about":[{"href":"https:\/\/www.anovapeneira.gal\/index.php\/wp-json\/wp\/v2\/types\/post"}],"author":[{"embeddable":true,"href":"https:\/\/www.anovapeneira.gal\/index.php\/wp-json\/wp\/v2\/users\/3"}],"replies":[{"embeddable":true,"href":"https:\/\/www.anovapeneira.gal\/index.php\/wp-json\/wp\/v2\/comments?post=7640"}],"version-history":[{"count":1,"href":"https:\/\/www.anovapeneira.gal\/index.php\/wp-json\/wp\/v2\/posts\/7640\/revisions"}],"predecessor-version":[{"id":7642,"href":"https:\/\/www.anovapeneira.gal\/index.php\/wp-json\/wp\/v2\/posts\/7640\/revisions\/7642"}],"wp:featuredmedia":[{"embeddable":true,"href":"https:\/\/www.anovapeneira.gal\/index.php\/wp-json\/wp\/v2\/media\/7647"}],"wp:attachment":[{"href":"https:\/\/www.anovapeneira.gal\/index.php\/wp-json\/wp\/v2\/media?parent=7640"}],"wp:term":[{"taxonomy":"category","embeddable":true,"href":"https:\/\/www.anovapeneira.gal\/index.php\/wp-json\/wp\/v2\/categories?post=7640"},{"taxonomy":"post_tag","embeddable":true,"href":"https:\/\/www.anovapeneira.gal\/index.php\/wp-json\/wp\/v2\/tags?post=7640"}],"curies":[{"name":"wp","href":"https:\/\/api.w.org\/{rel}","templated":true}]}}