{"id":7643,"date":"2022-06-17T12:00:51","date_gmt":"2022-06-17T10:00:51","guid":{"rendered":"https:\/\/www.anovapeneira.gal\/?p=7643"},"modified":"2022-06-16T09:58:15","modified_gmt":"2022-06-16T07:58:15","slug":"carlos-taibo-analiza-a-guerra-de-ucraina","status":"publish","type":"post","link":"https:\/\/www.anovapeneira.gal\/index.php\/2022\/06\/17\/carlos-taibo-analiza-a-guerra-de-ucraina\/","title":{"rendered":"Carlos Taibo analiza a guerra de Ucra\u00edna"},"content":{"rendered":"\n<p><strong>Carlos \u00e9 un escritor de enorme prestixio con m\u00e1is de 30 libros publicados, en castel\u00e1n e galego, moitos deles referentes a cuesti\u00f3ns xeopol\u00edticas que atinxen a pa\u00edses de Europa central e oriental e cuxas consecuencias abranguen a boa parte do planeta. El \u00e9 un firme partidario da antiglobalizaci\u00f3n e do decrecemento afirmando que a globalizaci\u00f3n avanza cara a un caos que escapa de todo control.<\/strong><\/p>\n\n\n\n<p><strong>Neste medio de comunicaci\u00f3n temos defendido en numerosas ocasi\u00f3ns que o liberalismo econ\u00f3mico non ten m\u00e1is sa\u00edda que o colapso, pois formular a actividade econ\u00f3mica en base ao crecemento perpetuo, que resulta da fabricaci\u00f3n e venda de produtos para cuxa elaboraci\u00f3n son necesarias materias primas que son finitas , que te\u00f1en un l\u00edmite f\u00edsico, o noso planeta, non ten posibilidade algunha de non rematar m\u00e1is que no colapso e moito nos tememos que estea levando cara ao suicidio \u00e1 nosa especie. Para A nova Peneira foi un pracer conversar cun home do rigor e a solvencia intelectual de Carlos Taibo cunha visi\u00f3n da realidade para n\u00f3s enormemente l\u00facida, e ao que agradecemos profundamente que nos dera a s\u00faa opini\u00f3n ponderada, equilibrada e rigorosa sobre a guerra en Ucra\u00edna.<\/strong><\/p>\n\n\n\n<p>\u201c <strong>No conflito de Ucra\u00edna par\u00e9ceme necesario tanto subli\u00f1ar a responsabilidade occidental como non liberar a Rusia da s\u00faa\u201d<\/strong><\/p>\n\n\n\n<p><strong>Que che trae de novo polas terras de Redondela Carlos?<\/strong><\/p>\n\n\n\n<blockquote class=\"wp-block-quote is-layout-flow wp-block-quote-is-layout-flow\"><p>Ve\u00f1o con moita frecuencia. \u00c9 un lugar moi agradable para min no que te\u00f1o amigos e amigas<\/p><\/blockquote>\n\n\n\n<p><strong>Vi\u00f1eches presentar un libro sobre a guerra de Ucra\u00edna que se edita dous d\u00edas antes do comezo do conflito. Seica tes facultades para predicir o futuro?<\/strong><\/p>\n\n\n\n<blockquote class=\"wp-block-quote is-layout-flow wp-block-quote-is-layout-flow\"><p>As d\u00faas primeiras edici\u00f3ns do libro apareceron no ano 2014, logo esgotouse e o editor decidiu non publicalo de novo, pero desde antes do Nadal andaba detr\u00e1s de min para que publicase unha actualizaci\u00f3n<\/p><\/blockquote>\n\n\n\n<p><strong>E logo ti non quer\u00edas actualizar o libro?<\/strong><\/p>\n\n\n\n<blockquote class=\"wp-block-quote is-layout-flow wp-block-quote-is-layout-flow\"><p>Eu non o ti\u00f1a claro. Por\u00e9n al\u00f3 por xaneiro escoitei a Cristina Cifuentes \u201cexplicar\u201d nunha televisi\u00f3n as chaves para comprender o conflito de Ucra\u00edna. Isto foi superior a min e decid\u00edn traballar na actualizaci\u00f3n. As\u00ed pois a terceira edici\u00f3n apareceu un pouco antes da intervenci\u00f3n militar rusa, algo que, desde logo, eu non pod\u00eda prever.<\/p><\/blockquote>\n\n\n\n<p><strong>Despois do 2014 non chegaches a prever a intervenci\u00f3n rusa?<\/strong><\/p>\n\n\n\n<blockquote class=\"wp-block-quote is-layout-flow wp-block-quote-is-layout-flow\"><p>Alg\u00fan movemento de pezas na parte oriental poder\u00eda ter sido previsible si, pero unha intervenci\u00f3n militar deste calibre era inimaxinable entre outras cousas porque se \u00eda volver contra os intereses de Rusia. Eu pensaba que Putin era un pol\u00edtico prudente que med\u00eda as consecuencias dos seus actos, iso non quere dicir que non sexa un asasino, que parece que si o \u00e9.<\/p><\/blockquote>\n\n\n\n<p><strong>A OTAN tivo algo que ver nas raz\u00f3ns que motivaron a invasi\u00f3n?<\/strong><\/p>\n\n\n\n<blockquote class=\"wp-block-quote is-layout-flow wp-block-quote-is-layout-flow\"><p>Claro que si. A OTAN leva varias d\u00e9cadas desenvolvendo unha operaci\u00f3n de cerco sobre Rusia de forma visiblemente provocadora incorporando estados veci\u00f1os e establecendo bases militares \u00e1s s\u00faas portas.<\/p><\/blockquote>\n\n\n\n<p><strong>Esta \u00e9 a explicaci\u00f3n da intervenci\u00f3n rusa?<\/strong><\/p>\n\n\n\n<blockquote class=\"wp-block-quote is-layout-flow wp-block-quote-is-layout-flow\"><p>Esta \u00e9 unha das explicaci\u00f3ns. A outra \u00e9 que Rusia \u00e9 un imperio que considera que ten dereitos adquiridos sobre Ucra\u00edna, Belar\u00fas, O C\u00e1ucaso&#8230;.A mestura destes dous elementos senta os alicerces que permiten darlle unha explicaci\u00f3n a unha intervenci\u00f3n que, ao meu xu\u00edzo, non deixa de ser profundamente est\u00fapida. A min par\u00e9ceme absolutamente necesario subli\u00f1ar a responsabilidade occidental neste episodio, pero tampouco liberemos de responsabilidade a Rusia que si a ten.<\/p><\/blockquote>\n\n\n\n<p><strong>O ga\u00f1ador deste conflito \u00e9 EEUU?<\/strong><\/p>\n\n\n\n<blockquote class=\"wp-block-quote is-layout-flow wp-block-quote-is-layout-flow\"><p>Parece. Por\u00e9n este tipo de situaci\u00f3ns poden dar moitas voltas. S\u00e1bese como comeza pero non como remata, a\u00ednda que o que dis ten toda a l\u00f3xica. Se a UE responde de maneira unificada EEUU ga\u00f1a e se se debilita EEUU ga\u00f1a tam\u00e9n<\/p><\/blockquote>\n\n\n\n<p><strong>Se facemos unha lectura profunda teremos que buscar algunha relaci\u00f3n co conflito entre EEUU e China?<\/strong><\/p>\n\n\n\n<blockquote class=\"wp-block-quote is-layout-flow wp-block-quote-is-layout-flow\"><p>Si, desde logo. E isto obriga a ampliar moito o ollar con consecuencias dif\u00edciles de prever e que non necesariamente van ser favorables aos norteamericanos.<\/p><\/blockquote>\n\n\n\n<p><strong>Estados Unidos desexa que este conflito se prolongue no tempo?<\/strong><\/p>\n\n\n\n<blockquote class=\"wp-block-quote is-layout-flow wp-block-quote-is-layout-flow\"><p>Eu sospeito que si. Debilita a Rusia, debilita \u00e1 UE e promove un negocio interesante para eles no terreo enerx\u00e9tico, na venda de armas e no futuro na reconstruci\u00f3n de Ucra\u00edna. Neste \u00faltimo aspecto todas as grandes potencias est\u00e1n interesadas, tam\u00e9n China que \u00e9 unha experta na reconstruci\u00f3n de pa\u00edses<\/p><\/blockquote>\n\n\n\n<p><strong>Como valoras a pol\u00edtica que neste asunto est\u00e1 a desenvolver Espa\u00f1a?<\/strong><\/p>\n\n\n\n<blockquote class=\"wp-block-quote is-layout-flow wp-block-quote-is-layout-flow\"><p>Aqu\u00ed, nin sequera na esquerda, ningu\u00e9n fala da loita de clases. Tanto o presidente ruso como o ucra\u00edno son representantes org\u00e1nicos dos grandes poderes econ\u00f3micos. Eu estou coas v\u00edtimas deses poderes econ\u00f3micos que son as persoas das r\u00faas de Rusia e de Ucra\u00edna permanentemente esquecidas entre n\u00f3s. A min par\u00e9ceme moi ben que acollamos aos refuxiados ucra\u00ednos que foxen dunha guerra noxenta, pero por que non facemos o mesmo cos refuxiados de pel escura que foxen doutros conflitos?, por que ningu\u00e9n formulou a posibilidade de armar aos palestinos ou aos saharahu\u00eds como se arma aos ucra\u00ednos?<\/p><\/blockquote>\n\n\n\n<p><strong>\u00c9 a dupla moral de sempre?<\/strong><\/p>\n\n\n\n<blockquote class=\"wp-block-quote is-layout-flow wp-block-quote-is-layout-flow\"><p>Abof\u00e9. Tratamos de maneira diferente aos amigos ca aos que non o son , aos d\u00e9biles c\u00f3s poderosos. Foi as\u00ed sempre na historia do noso planeta<\/p><\/blockquote>\n\n\n\n<p><strong>Os medios de comunicaci\u00f3n transmiten s\u00f3 a versi\u00f3n occidental?<\/strong><\/p>\n\n\n\n<blockquote class=\"wp-block-quote is-layout-flow wp-block-quote-is-layout-flow\"><p>Os medios de comunicaci\u00f3n censuran, proscriben a todos aqueles que se atrevan a salientar que os pa\u00edses occidentais te\u00f1en responsabilidades, manipulan de maneira maniquea. En Ucra\u00edna hai un agresor e un agredido e \u00e9 lex\u00edtimo amosar solidariedade co agredido, claro que si, pero non ata o punto de deturpar a realidade. A realidade \u00e9 moito m\u00e1is complexa que reducilo todo a unha pelexa entre o ben e o mal. Por outra parte este tipo de pol\u00edtica informativa non fai outra cousa que crear unha rusofobia moi preocupante ou unha ucra\u00ednofobia igualmente perigosa. O resultado \u00e9 que desapareceron os expertos e que todo isto fica nas mans dos tertulianos, ata o punto de que te\u00f1o visto varias tertulias onde todas as persoas participantes pensaban o mesmo.<\/p><\/blockquote>\n\n\n\n<p><strong>Non ves acenos de resistencia en ning\u00fan tipo de xornalismo?<\/strong><\/p>\n\n\n\n<blockquote class=\"wp-block-quote is-layout-flow wp-block-quote-is-layout-flow\"><p>Nos grandes medios de comunicaci\u00f3n non, desde logo. E isto \u00e9 enormemente preocupante pois poderiamos estar \u00e1s portas dun escenario futuro no que a censura sexa a\u00ednda m\u00e1is forte. Hai 20 anos coa intervenci\u00f3n norteamericana en Irak o debate era m\u00e1is aberto. Agora non hai debate e ten toda a pinta de ir a peor<\/p><\/blockquote>\n","protected":false},"excerpt":{"rendered":"<div class=\"mh-excerpt\"><p>Carlos \u00e9 un escritor de enorme prestixio con m\u00e1is de 30 libros publicados, en castel\u00e1n e galego, moitos deles referentes a cuesti\u00f3ns xeopol\u00edticas que atinxen a pa\u00edses de Europa central e oriental e cuxas consecuencias abranguen a boa parte do planeta <a class=\"mh-excerpt-more\" href=\"https:\/\/www.anovapeneira.gal\/index.php\/2022\/06\/17\/carlos-taibo-analiza-a-guerra-de-ucraina\/\" title=\"Carlos Taibo analiza a guerra de Ucra\u00edna\">[&#8230;]<\/a><\/p>\n<\/div>","protected":false},"author":6,"featured_media":7645,"comment_status":"open","ping_status":"open","sticky":false,"template":"","format":"standard","meta":{"_exactmetrics_skip_tracking":false,"_exactmetrics_sitenote_active":false,"_exactmetrics_sitenote_note":"","_exactmetrics_sitenote_category":0,"footnotes":""},"categories":[264],"tags":[],"class_list":{"0":"post-7643","1":"post","2":"type-post","3":"status-publish","4":"format-standard","5":"has-post-thumbnail","7":"category-entrevistas-galicia"},"yoast_head":"<!-- This site is optimized with the Yoast SEO plugin v27.4 - https:\/\/yoast.com\/product\/yoast-seo-wordpress\/ -->\n<title>Carlos Taibo analiza a guerra de Ucra\u00edna -<\/title>\n<meta name=\"description\" content=\"Carlos \u00e9 un escritor de enorme prestixio con m\u00e1is de 30 libros publicados, en castel\u00e1n e galego, moitos deles referentes a cuesti\u00f3ns xeopol\u00edticas que atinxen a pa\u00edses de Europa central e oriental e cuxas consecuencias abranguen a boa parte do planeta\" \/>\n<meta name=\"robots\" content=\"index, follow, max-snippet:-1, max-image-preview:large, max-video-preview:-1\" \/>\n<link rel=\"canonical\" href=\"https:\/\/www.anovapeneira.gal\/index.php\/2022\/06\/17\/carlos-taibo-analiza-a-guerra-de-ucraina\/\" \/>\n<meta property=\"og:locale\" content=\"gl_ES\" \/>\n<meta property=\"og:type\" content=\"article\" \/>\n<meta property=\"og:title\" content=\"Carlos Taibo analiza a guerra de Ucra\u00edna -\" \/>\n<meta property=\"og:description\" content=\"Carlos \u00e9 un escritor de enorme prestixio con m\u00e1is de 30 libros publicados, en castel\u00e1n e galego, moitos deles referentes a cuesti\u00f3ns xeopol\u00edticas que atinxen a pa\u00edses de Europa central e oriental e cuxas consecuencias abranguen a boa parte do planeta\" \/>\n<meta property=\"og:url\" content=\"https:\/\/www.anovapeneira.gal\/index.php\/2022\/06\/17\/carlos-taibo-analiza-a-guerra-de-ucraina\/\" \/>\n<meta property=\"article:publisher\" content=\"https:\/\/www.facebook.com\/anovapeneira\" \/>\n<meta property=\"article:published_time\" content=\"2022-06-17T10:00:51+00:00\" \/>\n<meta property=\"og:image\" content=\"https:\/\/www.anovapeneira.gal\/wp-content\/uploads\/2022\/06\/carlo_taibo.jpg\" \/>\n\t<meta property=\"og:image:width\" content=\"720\" \/>\n\t<meta property=\"og:image:height\" content=\"432\" \/>\n\t<meta property=\"og:image:type\" content=\"image\/jpeg\" \/>\n<meta name=\"author\" content=\"Marcos Santos\" \/>\n<meta name=\"twitter:card\" content=\"summary_large_image\" \/>\n<meta name=\"twitter:creator\" content=\"@APeneira\" \/>\n<meta name=\"twitter:site\" content=\"@APeneira\" \/>\n<meta name=\"twitter:label1\" content=\"Escrito por\" \/>\n\t<meta name=\"twitter:data1\" content=\"Marcos Santos\" \/>\n\t<meta name=\"twitter:label2\" content=\"Tempo de lectura\" \/>\n\t<meta name=\"twitter:data2\" content=\"6 minutos\" \/>\n<script type=\"application\/ld+json\" class=\"yoast-schema-graph\">{\"@context\":\"https:\\\/\\\/schema.org\",\"@graph\":[{\"@type\":\"Article\",\"@id\":\"https:\\\/\\\/www.anovapeneira.gal\\\/index.php\\\/2022\\\/06\\\/17\\\/carlos-taibo-analiza-a-guerra-de-ucraina\\\/#article\",\"isPartOf\":{\"@id\":\"https:\\\/\\\/www.anovapeneira.gal\\\/index.php\\\/2022\\\/06\\\/17\\\/carlos-taibo-analiza-a-guerra-de-ucraina\\\/\"},\"author\":{\"name\":\"Marcos Santos\",\"@id\":\"https:\\\/\\\/www.anovapeneira.gal\\\/#\\\/schema\\\/person\\\/d9d84823564720e7593293bab054e52d\"},\"headline\":\"Carlos Taibo analiza a guerra de Ucra\u00edna\",\"datePublished\":\"2022-06-17T10:00:51+00:00\",\"mainEntityOfPage\":{\"@id\":\"https:\\\/\\\/www.anovapeneira.gal\\\/index.php\\\/2022\\\/06\\\/17\\\/carlos-taibo-analiza-a-guerra-de-ucraina\\\/\"},\"wordCount\":1150,\"commentCount\":0,\"publisher\":{\"@id\":\"https:\\\/\\\/www.anovapeneira.gal\\\/#organization\"},\"image\":{\"@id\":\"https:\\\/\\\/www.anovapeneira.gal\\\/index.php\\\/2022\\\/06\\\/17\\\/carlos-taibo-analiza-a-guerra-de-ucraina\\\/#primaryimage\"},\"thumbnailUrl\":\"https:\\\/\\\/www.anovapeneira.gal\\\/wp-content\\\/uploads\\\/2022\\\/06\\\/carlo_taibo.jpg\",\"articleSection\":[\"Entrevistas\"],\"inLanguage\":\"gl-ES\",\"potentialAction\":[{\"@type\":\"CommentAction\",\"name\":\"Comment\",\"target\":[\"https:\\\/\\\/www.anovapeneira.gal\\\/index.php\\\/2022\\\/06\\\/17\\\/carlos-taibo-analiza-a-guerra-de-ucraina\\\/#respond\"]}]},{\"@type\":\"WebPage\",\"@id\":\"https:\\\/\\\/www.anovapeneira.gal\\\/index.php\\\/2022\\\/06\\\/17\\\/carlos-taibo-analiza-a-guerra-de-ucraina\\\/\",\"url\":\"https:\\\/\\\/www.anovapeneira.gal\\\/index.php\\\/2022\\\/06\\\/17\\\/carlos-taibo-analiza-a-guerra-de-ucraina\\\/\",\"name\":\"Carlos Taibo analiza a guerra de Ucra\u00edna -\",\"isPartOf\":{\"@id\":\"https:\\\/\\\/www.anovapeneira.gal\\\/#website\"},\"primaryImageOfPage\":{\"@id\":\"https:\\\/\\\/www.anovapeneira.gal\\\/index.php\\\/2022\\\/06\\\/17\\\/carlos-taibo-analiza-a-guerra-de-ucraina\\\/#primaryimage\"},\"image\":{\"@id\":\"https:\\\/\\\/www.anovapeneira.gal\\\/index.php\\\/2022\\\/06\\\/17\\\/carlos-taibo-analiza-a-guerra-de-ucraina\\\/#primaryimage\"},\"thumbnailUrl\":\"https:\\\/\\\/www.anovapeneira.gal\\\/wp-content\\\/uploads\\\/2022\\\/06\\\/carlo_taibo.jpg\",\"datePublished\":\"2022-06-17T10:00:51+00:00\",\"description\":\"Carlos \u00e9 un escritor de enorme prestixio con m\u00e1is de 30 libros publicados, en castel\u00e1n e galego, moitos deles referentes a cuesti\u00f3ns xeopol\u00edticas que atinxen a pa\u00edses de Europa central e oriental e cuxas consecuencias abranguen a boa parte do planeta\",\"breadcrumb\":{\"@id\":\"https:\\\/\\\/www.anovapeneira.gal\\\/index.php\\\/2022\\\/06\\\/17\\\/carlos-taibo-analiza-a-guerra-de-ucraina\\\/#breadcrumb\"},\"inLanguage\":\"gl-ES\",\"potentialAction\":[{\"@type\":\"ReadAction\",\"target\":[\"https:\\\/\\\/www.anovapeneira.gal\\\/index.php\\\/2022\\\/06\\\/17\\\/carlos-taibo-analiza-a-guerra-de-ucraina\\\/\"]}]},{\"@type\":\"ImageObject\",\"inLanguage\":\"gl-ES\",\"@id\":\"https:\\\/\\\/www.anovapeneira.gal\\\/index.php\\\/2022\\\/06\\\/17\\\/carlos-taibo-analiza-a-guerra-de-ucraina\\\/#primaryimage\",\"url\":\"https:\\\/\\\/www.anovapeneira.gal\\\/wp-content\\\/uploads\\\/2022\\\/06\\\/carlo_taibo.jpg\",\"contentUrl\":\"https:\\\/\\\/www.anovapeneira.gal\\\/wp-content\\\/uploads\\\/2022\\\/06\\\/carlo_taibo.jpg\",\"width\":720,\"height\":432,\"caption\":\"Carlos Taibo\"},{\"@type\":\"BreadcrumbList\",\"@id\":\"https:\\\/\\\/www.anovapeneira.gal\\\/index.php\\\/2022\\\/06\\\/17\\\/carlos-taibo-analiza-a-guerra-de-ucraina\\\/#breadcrumb\",\"itemListElement\":[{\"@type\":\"ListItem\",\"position\":1,\"name\":\"Portada\",\"item\":\"https:\\\/\\\/www.anovapeneira.gal\\\/\"},{\"@type\":\"ListItem\",\"position\":2,\"name\":\"Carlos Taibo analiza a guerra de Ucra\u00edna\"}]},{\"@type\":\"WebSite\",\"@id\":\"https:\\\/\\\/www.anovapeneira.gal\\\/#website\",\"url\":\"https:\\\/\\\/www.anovapeneira.gal\\\/\",\"name\":\"\",\"description\":\"Xornal galego de informaci\u00f3n xeral Publicaci\u00f3n mensual de novas de Galicia e en especial dos Concellos da sur da provincia de Pontevedra.\",\"publisher\":{\"@id\":\"https:\\\/\\\/www.anovapeneira.gal\\\/#organization\"},\"potentialAction\":[{\"@type\":\"SearchAction\",\"target\":{\"@type\":\"EntryPoint\",\"urlTemplate\":\"https:\\\/\\\/www.anovapeneira.gal\\\/?s={search_term_string}\"},\"query-input\":{\"@type\":\"PropertyValueSpecification\",\"valueRequired\":true,\"valueName\":\"search_term_string\"}}],\"inLanguage\":\"gl-ES\"},{\"@type\":\"Organization\",\"@id\":\"https:\\\/\\\/www.anovapeneira.gal\\\/#organization\",\"name\":\"A Nova Peneira\",\"url\":\"https:\\\/\\\/www.anovapeneira.gal\\\/\",\"logo\":{\"@type\":\"ImageObject\",\"inLanguage\":\"gl-ES\",\"@id\":\"https:\\\/\\\/www.anovapeneira.gal\\\/#\\\/schema\\\/logo\\\/image\\\/\",\"url\":\"http:\\\/\\\/www.anovapeneira.gal\\\/wp-content\\\/uploads\\\/2019\\\/06\\\/logo_a_nova_peneira_portal_web.png\",\"contentUrl\":\"http:\\\/\\\/www.anovapeneira.gal\\\/wp-content\\\/uploads\\\/2019\\\/06\\\/logo_a_nova_peneira_portal_web.png\",\"width\":300,\"height\":100,\"caption\":\"A Nova Peneira\"},\"image\":{\"@id\":\"https:\\\/\\\/www.anovapeneira.gal\\\/#\\\/schema\\\/logo\\\/image\\\/\"},\"sameAs\":[\"https:\\\/\\\/www.facebook.com\\\/anovapeneira\",\"https:\\\/\\\/x.com\\\/APeneira\"]},{\"@type\":\"Person\",\"@id\":\"https:\\\/\\\/www.anovapeneira.gal\\\/#\\\/schema\\\/person\\\/d9d84823564720e7593293bab054e52d\",\"name\":\"Marcos Santos\",\"image\":{\"@type\":\"ImageObject\",\"inLanguage\":\"gl-ES\",\"@id\":\"https:\\\/\\\/secure.gravatar.com\\\/avatar\\\/0e8017099a7a47c0a9d2275e865fe326484561eb3d70649069e4b8e61a8d2e8c?s=96&d=mm&r=g\",\"url\":\"https:\\\/\\\/secure.gravatar.com\\\/avatar\\\/0e8017099a7a47c0a9d2275e865fe326484561eb3d70649069e4b8e61a8d2e8c?s=96&d=mm&r=g\",\"contentUrl\":\"https:\\\/\\\/secure.gravatar.com\\\/avatar\\\/0e8017099a7a47c0a9d2275e865fe326484561eb3d70649069e4b8e61a8d2e8c?s=96&d=mm&r=g\",\"caption\":\"Marcos Santos\"},\"sameAs\":[\"http:\\\/\\\/anovapeneira.gal\"],\"url\":\"https:\\\/\\\/www.anovapeneira.gal\\\/index.php\\\/author\\\/marcos-santos\\\/\"}]}<\/script>\n<!-- \/ Yoast SEO plugin. -->","yoast_head_json":{"title":"Carlos Taibo analiza a guerra de Ucra\u00edna -","description":"Carlos \u00e9 un escritor de enorme prestixio con m\u00e1is de 30 libros publicados, en castel\u00e1n e galego, moitos deles referentes a cuesti\u00f3ns xeopol\u00edticas que atinxen a pa\u00edses de Europa central e oriental e cuxas consecuencias abranguen a boa parte do planeta","robots":{"index":"index","follow":"follow","max-snippet":"max-snippet:-1","max-image-preview":"max-image-preview:large","max-video-preview":"max-video-preview:-1"},"canonical":"https:\/\/www.anovapeneira.gal\/index.php\/2022\/06\/17\/carlos-taibo-analiza-a-guerra-de-ucraina\/","og_locale":"gl_ES","og_type":"article","og_title":"Carlos Taibo analiza a guerra de Ucra\u00edna -","og_description":"Carlos \u00e9 un escritor de enorme prestixio con m\u00e1is de 30 libros publicados, en castel\u00e1n e galego, moitos deles referentes a cuesti\u00f3ns xeopol\u00edticas que atinxen a pa\u00edses de Europa central e oriental e cuxas consecuencias abranguen a boa parte do planeta","og_url":"https:\/\/www.anovapeneira.gal\/index.php\/2022\/06\/17\/carlos-taibo-analiza-a-guerra-de-ucraina\/","article_publisher":"https:\/\/www.facebook.com\/anovapeneira","article_published_time":"2022-06-17T10:00:51+00:00","og_image":[{"width":720,"height":432,"url":"https:\/\/www.anovapeneira.gal\/wp-content\/uploads\/2022\/06\/carlo_taibo.jpg","type":"image\/jpeg"}],"author":"Marcos Santos","twitter_card":"summary_large_image","twitter_creator":"@APeneira","twitter_site":"@APeneira","twitter_misc":{"Escrito por":"Marcos Santos","Tempo de lectura":"6 minutos"},"schema":{"@context":"https:\/\/schema.org","@graph":[{"@type":"Article","@id":"https:\/\/www.anovapeneira.gal\/index.php\/2022\/06\/17\/carlos-taibo-analiza-a-guerra-de-ucraina\/#article","isPartOf":{"@id":"https:\/\/www.anovapeneira.gal\/index.php\/2022\/06\/17\/carlos-taibo-analiza-a-guerra-de-ucraina\/"},"author":{"name":"Marcos Santos","@id":"https:\/\/www.anovapeneira.gal\/#\/schema\/person\/d9d84823564720e7593293bab054e52d"},"headline":"Carlos Taibo analiza a guerra de Ucra\u00edna","datePublished":"2022-06-17T10:00:51+00:00","mainEntityOfPage":{"@id":"https:\/\/www.anovapeneira.gal\/index.php\/2022\/06\/17\/carlos-taibo-analiza-a-guerra-de-ucraina\/"},"wordCount":1150,"commentCount":0,"publisher":{"@id":"https:\/\/www.anovapeneira.gal\/#organization"},"image":{"@id":"https:\/\/www.anovapeneira.gal\/index.php\/2022\/06\/17\/carlos-taibo-analiza-a-guerra-de-ucraina\/#primaryimage"},"thumbnailUrl":"https:\/\/www.anovapeneira.gal\/wp-content\/uploads\/2022\/06\/carlo_taibo.jpg","articleSection":["Entrevistas"],"inLanguage":"gl-ES","potentialAction":[{"@type":"CommentAction","name":"Comment","target":["https:\/\/www.anovapeneira.gal\/index.php\/2022\/06\/17\/carlos-taibo-analiza-a-guerra-de-ucraina\/#respond"]}]},{"@type":"WebPage","@id":"https:\/\/www.anovapeneira.gal\/index.php\/2022\/06\/17\/carlos-taibo-analiza-a-guerra-de-ucraina\/","url":"https:\/\/www.anovapeneira.gal\/index.php\/2022\/06\/17\/carlos-taibo-analiza-a-guerra-de-ucraina\/","name":"Carlos Taibo analiza a guerra de Ucra\u00edna -","isPartOf":{"@id":"https:\/\/www.anovapeneira.gal\/#website"},"primaryImageOfPage":{"@id":"https:\/\/www.anovapeneira.gal\/index.php\/2022\/06\/17\/carlos-taibo-analiza-a-guerra-de-ucraina\/#primaryimage"},"image":{"@id":"https:\/\/www.anovapeneira.gal\/index.php\/2022\/06\/17\/carlos-taibo-analiza-a-guerra-de-ucraina\/#primaryimage"},"thumbnailUrl":"https:\/\/www.anovapeneira.gal\/wp-content\/uploads\/2022\/06\/carlo_taibo.jpg","datePublished":"2022-06-17T10:00:51+00:00","description":"Carlos \u00e9 un escritor de enorme prestixio con m\u00e1is de 30 libros publicados, en castel\u00e1n e galego, moitos deles referentes a cuesti\u00f3ns xeopol\u00edticas que atinxen a pa\u00edses de Europa central e oriental e cuxas consecuencias abranguen a boa parte do planeta","breadcrumb":{"@id":"https:\/\/www.anovapeneira.gal\/index.php\/2022\/06\/17\/carlos-taibo-analiza-a-guerra-de-ucraina\/#breadcrumb"},"inLanguage":"gl-ES","potentialAction":[{"@type":"ReadAction","target":["https:\/\/www.anovapeneira.gal\/index.php\/2022\/06\/17\/carlos-taibo-analiza-a-guerra-de-ucraina\/"]}]},{"@type":"ImageObject","inLanguage":"gl-ES","@id":"https:\/\/www.anovapeneira.gal\/index.php\/2022\/06\/17\/carlos-taibo-analiza-a-guerra-de-ucraina\/#primaryimage","url":"https:\/\/www.anovapeneira.gal\/wp-content\/uploads\/2022\/06\/carlo_taibo.jpg","contentUrl":"https:\/\/www.anovapeneira.gal\/wp-content\/uploads\/2022\/06\/carlo_taibo.jpg","width":720,"height":432,"caption":"Carlos Taibo"},{"@type":"BreadcrumbList","@id":"https:\/\/www.anovapeneira.gal\/index.php\/2022\/06\/17\/carlos-taibo-analiza-a-guerra-de-ucraina\/#breadcrumb","itemListElement":[{"@type":"ListItem","position":1,"name":"Portada","item":"https:\/\/www.anovapeneira.gal\/"},{"@type":"ListItem","position":2,"name":"Carlos Taibo analiza a guerra de Ucra\u00edna"}]},{"@type":"WebSite","@id":"https:\/\/www.anovapeneira.gal\/#website","url":"https:\/\/www.anovapeneira.gal\/","name":"","description":"Xornal galego de informaci\u00f3n xeral Publicaci\u00f3n mensual de novas de Galicia e en especial dos Concellos da sur da provincia de Pontevedra.","publisher":{"@id":"https:\/\/www.anovapeneira.gal\/#organization"},"potentialAction":[{"@type":"SearchAction","target":{"@type":"EntryPoint","urlTemplate":"https:\/\/www.anovapeneira.gal\/?s={search_term_string}"},"query-input":{"@type":"PropertyValueSpecification","valueRequired":true,"valueName":"search_term_string"}}],"inLanguage":"gl-ES"},{"@type":"Organization","@id":"https:\/\/www.anovapeneira.gal\/#organization","name":"A Nova Peneira","url":"https:\/\/www.anovapeneira.gal\/","logo":{"@type":"ImageObject","inLanguage":"gl-ES","@id":"https:\/\/www.anovapeneira.gal\/#\/schema\/logo\/image\/","url":"http:\/\/www.anovapeneira.gal\/wp-content\/uploads\/2019\/06\/logo_a_nova_peneira_portal_web.png","contentUrl":"http:\/\/www.anovapeneira.gal\/wp-content\/uploads\/2019\/06\/logo_a_nova_peneira_portal_web.png","width":300,"height":100,"caption":"A Nova Peneira"},"image":{"@id":"https:\/\/www.anovapeneira.gal\/#\/schema\/logo\/image\/"},"sameAs":["https:\/\/www.facebook.com\/anovapeneira","https:\/\/x.com\/APeneira"]},{"@type":"Person","@id":"https:\/\/www.anovapeneira.gal\/#\/schema\/person\/d9d84823564720e7593293bab054e52d","name":"Marcos Santos","image":{"@type":"ImageObject","inLanguage":"gl-ES","@id":"https:\/\/secure.gravatar.com\/avatar\/0e8017099a7a47c0a9d2275e865fe326484561eb3d70649069e4b8e61a8d2e8c?s=96&d=mm&r=g","url":"https:\/\/secure.gravatar.com\/avatar\/0e8017099a7a47c0a9d2275e865fe326484561eb3d70649069e4b8e61a8d2e8c?s=96&d=mm&r=g","contentUrl":"https:\/\/secure.gravatar.com\/avatar\/0e8017099a7a47c0a9d2275e865fe326484561eb3d70649069e4b8e61a8d2e8c?s=96&d=mm&r=g","caption":"Marcos Santos"},"sameAs":["http:\/\/anovapeneira.gal"],"url":"https:\/\/www.anovapeneira.gal\/index.php\/author\/marcos-santos\/"}]}},"jetpack_featured_media_url":"https:\/\/www.anovapeneira.gal\/wp-content\/uploads\/2022\/06\/carlo_taibo.jpg","_links":{"self":[{"href":"https:\/\/www.anovapeneira.gal\/index.php\/wp-json\/wp\/v2\/posts\/7643","targetHints":{"allow":["GET"]}}],"collection":[{"href":"https:\/\/www.anovapeneira.gal\/index.php\/wp-json\/wp\/v2\/posts"}],"about":[{"href":"https:\/\/www.anovapeneira.gal\/index.php\/wp-json\/wp\/v2\/types\/post"}],"author":[{"embeddable":true,"href":"https:\/\/www.anovapeneira.gal\/index.php\/wp-json\/wp\/v2\/users\/6"}],"replies":[{"embeddable":true,"href":"https:\/\/www.anovapeneira.gal\/index.php\/wp-json\/wp\/v2\/comments?post=7643"}],"version-history":[{"count":2,"href":"https:\/\/www.anovapeneira.gal\/index.php\/wp-json\/wp\/v2\/posts\/7643\/revisions"}],"predecessor-version":[{"id":7646,"href":"https:\/\/www.anovapeneira.gal\/index.php\/wp-json\/wp\/v2\/posts\/7643\/revisions\/7646"}],"wp:featuredmedia":[{"embeddable":true,"href":"https:\/\/www.anovapeneira.gal\/index.php\/wp-json\/wp\/v2\/media\/7645"}],"wp:attachment":[{"href":"https:\/\/www.anovapeneira.gal\/index.php\/wp-json\/wp\/v2\/media?parent=7643"}],"wp:term":[{"taxonomy":"category","embeddable":true,"href":"https:\/\/www.anovapeneira.gal\/index.php\/wp-json\/wp\/v2\/categories?post=7643"},{"taxonomy":"post_tag","embeddable":true,"href":"https:\/\/www.anovapeneira.gal\/index.php\/wp-json\/wp\/v2\/tags?post=7643"}],"curies":[{"name":"wp","href":"https:\/\/api.w.org\/{rel}","templated":true}]}}