{"id":7654,"date":"2022-06-20T12:00:06","date_gmt":"2022-06-20T10:00:06","guid":{"rendered":"https:\/\/www.anovapeneira.gal\/?p=7654"},"modified":"2022-06-16T19:29:35","modified_gmt":"2022-06-16T17:29:35","slug":"cousas-de-salvaterra-anton-xaque-vecino-da-vila","status":"publish","type":"post","link":"https:\/\/www.anovapeneira.gal\/index.php\/2022\/06\/20\/cousas-de-salvaterra-anton-xaque-vecino-da-vila\/","title":{"rendered":"COUSAS DE SALVATERRA. Ant\u00f3n \u201cXaque\u201d, veci\u00f1o da Vila"},"content":{"rendered":"\n<figure class=\"wp-block-image size-large is-resized is-style-default\"><img loading=\"lazy\" decoding=\"async\" src=\"http:\/\/www.anovapeneira.gal\/wp-content\/uploads\/2020\/10\/anton_lorenzo_gonzalez_xaque.jpg\" alt=\"Ant\u00f3n Lorenzo Gonz\u00e1lez Saque\" class=\"wp-image-4073\" width=\"95\" height=\"115\"\/><figcaption><strong>Ant\u00f3n Lorenzo Gonz\u00e1lez \u201cXaque\u201d<\/strong><\/figcaption><\/figure>\n\n\n\n<p>Neste cap\u00edtulo imos ver como o ex\u00e9rcito galego entra por Ponte Barxas, ga\u00f1a os cuarteis da infanter\u00eda portuguesa e obriga a retirada destes at\u00e9 que son rexeitados. No entanto o Xeneral vaise da provincia chamado polo Rei.<\/p>\n\n\n\n<p>Vendo o enemigo ga\u00f1adas as s\u00faas fortificaci\u00f3ns, feitos cinza os lugares de Padrenda, onde estaba acuartelado, traballou en fortificarse de novo sobre o anterior. No dezaseis de setembro de 1641, fixeron entrada por Ponte Barxas, onde estaban situados os nosos capit\u00e1ns Mart\u00edm Teixeira Coelho, Francisco Azevedo Coutinho e Francisco de Gouvea Ferraz, que por m\u00e1is presa que se deron, despois dalg\u00fan descuido, acudiron a Ponte Barxas para impedirlle o paso, pero o enemigo aproveitando a vantaxe do descuido p\u00faxoos en fuxida, deixando prisioneiros a Jo\u00e3o de Barros natural de Braga e a Jorge de Lemos de Felgueiras. Queimados os nosos aloxamentos, onde estaban os capit\u00e1ns Rodrigo de Moura Coutinho, Mathias Osorio e Dom Jo\u00e3o de Sousa, que acudir\u00e1n con socorros dende Melga\u00e7o, tam\u00e9n o capit\u00e1n Mart\u00edm Coelho, os Alf\u00e9reces de Amador Rodolfo de Loaisa e Christov\u00e3o Mausinho de Vasconcelos, entr\u00e1ronlles tam\u00e9n nos seus aloxamentos, oblig\u00e1ndoos a retirarse o alto do monte, pola parte do mosteiro de Feaens.<br>Feita esta incursi\u00f3n, tornou o enemigo a retirada a Galiza con dous mil Infantes e douscentos cabalos que trouxera. Os nosos Infantes foron somentes uns trescentos.<br>Reforzou o Xeneral a campa\u00f1a cos capit\u00e1ns Sim\u00e3o de T\u00e1vora, Mart\u00edm Teixeira e Francisco de Azevedo, resultando que o enemigo detivo as operaci\u00f3ns, ( tam\u00e9n por chegar o inverno), porque se nos chegan ent\u00f3n a acometer, conseguir\u00edan penetrar no noso territorio. Os nosos capit\u00e1ns estaban aloxados en distintas partes. A virtude unida e mui forte e sendo os capit\u00e1ns Rodrigo de Moura Coutinho e Mathias Osorio Ranguel opostos a calquera invasi\u00f3n do enemigo, vendo como os capit\u00e1ns Francisco de Azevedo, Mart\u00edm Teixeira e Francisco de Gouvea Ferraz, que o Xeneral de novo mandava para aquel lugar, ficando aloxados por baixo do vale, lugar moi arriscado, lles mandaron advertir que aceitasen as s\u00faas barracas e aloxar a campa\u00f1a toda xunta, porque as\u00ed, sendo o seu poder tan pequeno, todos unidos poderian oporse a calquera intento do enemigo, o que non quixeron facer levados do br\u00edo e a temeridade do portugu\u00e9s. O verdadeiramente importante non \u00e9 tanto o br\u00edo, sen\u00f3n non perder os postos e para defendelos valerse de t\u00f3dolos medios, non imaxinar por biso\u00f1er\u00eda o enemigo floxo sen\u00f3n velo forte.<br>Recolleuse o Xeneral para Braga no mes de Decembro de 1641, para conducir soldados, que se ti\u00f1an ausentado das fronteiras, para no principio da primavera tornar a continuaci\u00f3n da guerra con desexo de invadir Tui, esperaba a consignaci\u00f3n de di\u00f1eiro xa que pretender dar guerra sen el e como querer voar sen asas. Para refacer o seu ex\u00e9rcito quer\u00eda renovar a memoria do seu proxenitor, o Mariscal Gan\u00e7alo Vaz Coutinho, nas tomas de Tui en tempo do Rei D\u00f3n Jo\u00e3o I. Para cuxa execuci\u00f3n ti\u00f1a cortada e serrada madeira, feita petici\u00f3n de barcos, o que non puido efetuar por canto a s\u00faa Maxestade o mandou chamar a Corte en Lisboa.<br>D\u00e9bese moito a Dom Gast\u00e3o Coutinho por defender a fronteira tan desmantelada naqueles principios, contra o valor e a prudencia militar do Marqu\u00e9s de Valparaiso, Xeneral no seu tempo do Reino da Galiza, tan prevenido que tra\u00eda entre catro e seis mil Infantes, oitocentos cabalos con capit\u00e1ns experimentados e oficiais de grande nome, Infanter\u00eda adestrada por trescentos soldados que vi\u00f1aran de Flandes e muitos outros tirados das prazas e guarnici\u00f3ns.<br>Cando o Xeneral se foi para Lisboa, deixou nomeados tres Gobernadores de armas: o Mestre de Campo Viole Datis, Manoel Telles de Meneses, Alcaide maior da fortaleza de Viana e Diogo de Mello Pereira, cavaleiro da Orden de S\u00e3o Loa\u00f5, Capit\u00e1n maior de Barcelos, eleci\u00f3n que s\u00faa Maxestade aprobou e despachou polo Capit\u00e1n maior de Valadares a Antonio de Queir\u00f3s Mascarenhas, que nese tempo coa xente de aquel termo fixo algunhas entradas na Galiza, con queima dalg\u00fans cinco ou seis lugares polo Porto dos Cabaleiros e Castro Laboreiro, en esa ocasi\u00f3n tal sorte tivo que se retirou con duas mil cabezas de gando. E tam\u00e9n os moradores de Castro Laboreiro, escandalizados da queima que o enemigo lles fixo o 20 de Agosto do ano 1641, un\u00edronse e cobraron tanto \u00e1nimo que desde aquel tempo para ac\u00e1 fixeron grandes entradas na Galiza at\u00e9 catro ou cinco leguas adentro, de xeito que se fixeron gananciosos da perda que o inimigo ent\u00f3n lles dera.<br>No seguinte cap\u00edtulo imos ver a entrada que fixeron no reino da Galiza os Gobernadores de armas Viole Datis, Manoel Telles de Meneses e Diogo de Mello Pereira.<br>Escribiu Ruy de Figueiredo de Alarc\u00e3o, veci\u00f1o da provincia de Tra Os Montes \u00f3 Xeneral de entre Douro e Minho, (que ao seu cargo tivese en 28 de Agosto de 1632), porque dec\u00eda que o Prior de Navarra, (o cal sucedera no Xeneralato das armas da Galiza \u00f3 Marqu\u00e9s de Valparaiso), ti\u00f1a reunido todo o seu poder para entrar por aquela fronteira, e que determinaba sair en campa\u00f1a para presentarlle batalla coa xente da provincia que para iso ti\u00f1a conducida. Como s\u00faa Maxestade lle escribira, avisaron \u00e1s forzas fronteirizas para na ocasi\u00f3n axud\u00e1rense, indicou como hab\u00edan de facer o 04 de Setembro de 1641, para que en manobra de diversi\u00f3n entraran na Galiza dende aquela fronteira.<br>Con esta carta, que foi dada o Mestre de Campo Viole Datis, escriviu logo \u00f3s Capit\u00e1ns maiores e Concellos de toda a provincia para que provisionaran xente e suministros, avisando xuntamente \u00f3s Gobernadores da s\u00faa eleci\u00f3n. Viu logo, Diogo de Mello Pereira e tras el Manoel Telles de Meneses a Mon\u00e7\u00e3o onde asentaron que sobre o sete do mes estivera Diogo de Mello en Castro Laboreiro para recoller a xente que foran recibindo, como fixo axudado de Lu\u00eds de Oliveiros, Sarxento maior do Terzo, at\u00e9 o trece de Setembro. No d\u00eda doce ti\u00f1an chegado os outros dous Gobernadores, todos os cales facendo reconto da xente e dando orde de dispor de todo o material necesario, decid\u00eduse que o Capit\u00e1n Antonio de Queir\u00f3s Mascarenhas fose na noite do d\u00eda doce descubrir a campa\u00f1a, indo con el Francisco Pereira Pinto, Antonio de Sousa Cirne, Sebasti\u00e3o Pita, Antonio Jacques, Jo\u00e3o de Queir\u00f3s, Jo\u00e3o de Barbeitos e outros.<br>Feita xunta de Sarxentos maiores e Capit\u00e1ns, sobre o modo de c\u00f3mo se hab\u00eda de facer a entrada, tomada a resoluci\u00f3n, chegou carta de Ruy de Figueiredo na que dec\u00eda que se entrara, se pelexara e se retiraran, que ainda que xa non fora necesario o movimento de diversi\u00f3n, non era impedimento facer dita entrada.<br>Comezando a marcha na mesma tarde do d\u00eda trece, asent\u00e1ronse os Gobernadores preto da raia coa vangarda, ficando o Mestre de campo na retagarda encami\u00f1ando munici\u00f3ns e suministros, chegando o amencer o lugar onde os dous Gobernadores o esperaban. Dirix\u00edronse a Galiza pola Cha\u00e3 de Crasto e sendo avisados por batidores de cabalo, que parec\u00eda nun outeiro por onde hab\u00eda de pasar xente de a p\u00e9 e de cabalo do enemigo, e por at\u00e9 al\u00ed viren os nosos escuadr\u00f3ns desfilados pola aspereza do terreo, tornou a compolos o Mestre de Campo Viole Datis. Deles levou a ala dereita da xente de cabalo Manoel Tellez de Meneses, a esquerda Diogo de Mello Pereira, o Mestre de Campo acud\u00eda a unha e outra parte. Marchando deste xeito foron buscar o enemigo, que envestido polas nosas tropas, por un e por outro lado e o Mestre de Campo polo medio, despois que o enemigo deu as s\u00faas cargas, p\u00faxose en retirada por non poder resistir o \u00edmpetu dos nosos.<br>Marchou na vangarda a xente de cabalo. Por aventureiros Francisco Pereira Pinto, Jer\u00f3nimo Pereira de S\u00e1a, Antonio Pereira de Lima, Fern\u00e3o Taveira, Chistov\u00e3o Correa se\u00f1or de Farel\u00e3ens, Francisco Rodr\u00edgues de Carbalho Abade de Anha, Francisco de Abreu Soares, Sarxento maior de Guimar\u00e3ens, Lu\u00eds Machado e outros. Na ala esquerda, Lopo Pereira de Lima, Rui Pereira de Souto Mayor, Antonio de Sousa Cirne, Antonio de Queir\u00f3s Mascarenhas, Sebasti\u00e3o Pita Soares, Felippe de Mello, Jo\u00e3o de Mello de Sampayo, seu hirm\u00e1n, Gaspar Pereira de Mazareses, Jo\u00e3o Machado de E\u00e7a e o adail (g\u00fa\u00eda), Francisco Soares de Castro , hoxe Gobernador das armas da vila de Mon\u00e7\u00e3o e outros.<br>Do terzo do Coronel? Viole Datis, que \u00eda as ordes do Sarxento maior Lu\u00eds de Oliveiros F\u00e0mel, lev\u00e1ban a vangarda os capit\u00e1ns Andre da Costa e Rodrigo de Moura Coutinho e na retagarda o capit\u00e1n Gaspar Casado Maciel e os Capit\u00e1ns Francisco de Gouvea, Joao de Faria, Constantino Moreira e Carlos Lu\u00eds de Ataide. Os Capit\u00e1ns Roque Mont e Jacinto de Magalh\u00e3es de Meneses gobernaban unha manga de aventureiros temerarios en que \u00eda a xente nobre de Mon\u00e7\u00e3o, indo sempre na vangarda, para reco\u00f1ecer a campa\u00f1a, que o recollerse vi\u00f1an na retagarda.<br>Na vangarda dos lanceiros piqueiros \u00edan os Alf\u00e9reces por non levar bandeiras. Na ala dereita o Mestre de Campo Francisco de Brito Freire, que sendo ainda xoven, nos encontros deu mostra de ser bo soldado, avistaron o enemigo, sairon a buscalo os aventureiros e as Capitan\u00edas de Andre da Costa e Rodrigo de Moura, onde \u00edan agregados o Capit\u00e1n Miguel Correa e os seus fillos da vila de Viana, porque a m\u00e1is xente desta vila voltouse de Crasto. Segu\u00eda logo outro escuadr\u00f3n de xente paga, gobernada polo Sarxento maior Sym\u00e3o Pita Porto Carreiro, que levaba a retagarda do ex\u00e9rcito, xunto co capit\u00e1n Martim Teixeira Coelho, formando as compa\u00f1\u00edas de Louren\u00e7o de Amorim, Thom\u00e9 de Pa\u00e7os e Bernardo Pereira. Na vangarda \u00eda o capit\u00e1n Pero Rodr\u00edgues de Abreu. O Alferez de Christov\u00e3o Mauzinho de Vasconcelos, ficou indisposto. Este contratempo fixo que tanto a vangarda como a retagarda ficaran contrariados.<br>Form\u00e1ronse cinco batall\u00f3ns m\u00e1is, que \u00edan no medio dos pagos, un da xente de Arcos de Vald\u00e9vez a orde de seu Sarxento maior Valent\u00edm Brand\u00e3o Coelho, outro de xente de Braga a orde do seu Capit\u00e1n mor Fern\u00e3o Pereira do Lago e os Capit\u00e1ns dos volantes Pero da Cunha Souto Mayor, Inacio Correa, Jo\u00e3o Pereira, Bras Pereira e outros daquela cidade. O outro de xente de Ponte de Lima a orden do Sarxento maior Belchior Pacheco e Fern\u00e3o de Amorim Salgado con outros.<br>Outro escuadr\u00f3n dos concellos de Cabeceiras e Cel\u00f3rico de Basto a orde do Capit\u00e1n Antonio de Lima, outro dos volantes daqueles concellos, do de Felgueiras e Bai\u00e3o a orde de Mart\u00edm Gon\u00e7alvez da C\u00e1mara e Paulo Pereira de Azevedo.<br>No medio destes batall\u00f3ns marchaban as munici\u00f3ns e dem\u00e1is \u00fatiles de guerra, a cargo do Tenente de artiller\u00eda Antonio Gon\u00e7alvez de Oliven\u00e7a, que padeceu gran traballo en conducilos pola aspereza da terra, \u00eda de guarnici\u00f3n s\u00faa a xente de Barcelos co seu Sarxento maior Sim\u00e3o Ferreira P\u00e1ez e constaba todo este ex\u00e9rcito de cinco mil homes, incluidos novecentos Infantes pagos.<br>Marcharon desta forma o 14 de Setembro de 1641. Recolleron todo o gando dos campos que se lle atopou o enemigo e alox\u00e1ronse no lugar de Corvelho?, de m\u00e1is de cen veci\u00f1os, que logo foi saqueado e queimado. Na segunda noite cometeuse un grave exceso, que ped\u00eda particular pesquisa e castigo. Correuse polo acuartelamento un rumor que dec\u00eda, \u201cret\u00edrate, ret\u00edrate, Portugal, Portugal\u201d, de modo que estaban as tropas inquietas e os de ordenanza dispostos a voltarse, pero non se puido saber quen foi o autor ou autores do rumor que merecer\u00edan grave castigo.<br>O d\u00eda seguinte, xa repostos, os Sarxentos maiores Valentim Brand\u00e3o e Antonio do Rego coas s\u00faas xentes, queimaron todos os lugares do Val de Grou e Vilarinho, onde moraba Dom Louren\u00e7o Feijo de Novoa, Capit\u00e1n maior e Cabo da vila de Lobeira e outros Concelhos. Seg\u00fan avanzaban, apareceu no alto dun monte, en n\u00famero de 400 soldados de Dom Louren\u00e7o, que logo desapareceron investidos polos nosos. Daqu\u00ed foron a Vila de Lobeira, cercada de muro con seu Castelo, que desmantelamos e saqueamos. No entanto viu o Mestre de Campo a un soldado, galego r\u00fastico, reparando que o Abade daquela igrexa lle dera a chave do Sagrario e levaba dal\u00ed o Sant\u00edsimo Sacramento nun vaso. O Mestre de Campo fixo que llo devolver\u00e1n a Joseph Vaaz Pinto, Abade de Barbeita, sendo o Sant\u00edsimo Sacramento restituido no Sagrario, venerado e acompa\u00f1ado de todo o ex\u00e9rcito. Nunca a veneraci\u00f3n do Sant\u00edsimo Sacramento ser\u00eda m\u00e1is segura que cando o ex\u00e9rcito portugu\u00e9s ande en campa\u00f1a. O soldado r\u00fastico foi posto en liberdade, pero a sua casa foille queimada por falterlle \u00f3 respeito que se debe o tesouro con que foi descuberto.<br>O d\u00eda dezaseis continuou o estrago, e recoll\u00e9ndose o ex\u00e9rcito para Lindoso, ti\u00f1a o enemigo quebrado a ponte dun r\u00edo e feito medias luas e trincheiras con estradas cubertas, dispostos a defender o paso con algunha mosqueter\u00eda, pero foron superados o tomar un atallo por uns outeiros. March\u00f3use por Galiza m\u00e1is de oito leguas en que se queimaron perto de 150 poboaci\u00f3ns e tr\u00f3uxose cinco mil cabezas de gando, tom\u00e1ronse moitos prisioneiros \u00f3s que logo se deu liberdade, matando \u00f3s que se resistiron, sen perda de ningunha persoa nosa.<br>No mesmo d\u00eda ti\u00f1an ordenado os Gobernadores a Vasco de Azevedo Coutinho entrase coa xente que se lle mandou agregar, pola Portela do Home contra o cencello de Lobios, e a Bento da Sylva de Meneses, Capit\u00e1n maior das vilas da Barca e dos Arcos con Lu\u00eds da Sylva de Meneses seu irm\u00e1n Capit\u00e1n maior de Regalados, que entrasen como fixeron polo concello de Lindoso. Os lugares que se queimaron e saquearon polos nosos foron Bande, Sta. Cristina e outra vez Entrimo, todos concellos mui poboados, os vales de Grou e Vilari\u00f1o con parte dos contornos de Celanova e no concello de Lobios. Moitos destes lugares, queimados e saquedos anteriormente polas nosas armas, foran de novo reedificados.<br>Proseguir\u00e1\u2026<br>Salvaterra a 12 de Xu\u00f1o do 2022<br>(Cr\u00f3nicas da guerra Duriminia, Dr. Jo\u00e3o Salgado de Araujo, Lisboa 1644)<\/p>\n","protected":false},"excerpt":{"rendered":"<div class=\"mh-excerpt\"><p>Neste cap\u00edtulo imos ver como o ex\u00e9rcito galego entra por Ponte Barxas, ga\u00f1a os cuarteis da infanter\u00eda portuguesa e obriga a retirada destes at\u00e9 que son rexeitados. No entanto o Xeneral vaise da provincia chamado polo Rei <a class=\"mh-excerpt-more\" href=\"https:\/\/www.anovapeneira.gal\/index.php\/2022\/06\/20\/cousas-de-salvaterra-anton-xaque-vecino-da-vila\/\" title=\"COUSAS DE SALVATERRA. Ant\u00f3n \u201cXaque\u201d, veci\u00f1o da Vila\">[&#8230;]<\/a><\/p>\n<\/div>","protected":false},"author":34,"featured_media":7658,"comment_status":"open","ping_status":"open","sticky":false,"template":"","format":"standard","meta":{"_exactmetrics_skip_tracking":false,"_exactmetrics_sitenote_active":false,"_exactmetrics_sitenote_note":"","_exactmetrics_sitenote_category":0,"footnotes":""},"categories":[25],"tags":[186],"class_list":{"0":"post-7654","1":"post","2":"type-post","3":"status-publish","4":"format-standard","5":"has-post-thumbnail","7":"category-condado","8":"tag-concello-de-salvaterra-do-mino"},"yoast_head":"<!-- This site is optimized with the Yoast SEO plugin v27.4 - https:\/\/yoast.com\/product\/yoast-seo-wordpress\/ -->\n<title>COUSAS DE SALVATERRA. Ant\u00f3n \u201cXaque\u201d, veci\u00f1o da Vila -<\/title>\n<meta name=\"description\" content=\"Neste cap\u00edtulo imos ver como o ex\u00e9rcito galego entra por Ponte Barxas, ga\u00f1a os cuarteis da infanter\u00eda portuguesa e obriga a retirada destes at\u00e9 que son rexeitados. No entanto o Xeneral vaise da provincia chamado polo Rei\" \/>\n<meta name=\"robots\" content=\"index, follow, max-snippet:-1, max-image-preview:large, max-video-preview:-1\" \/>\n<link rel=\"canonical\" href=\"https:\/\/www.anovapeneira.gal\/index.php\/2022\/06\/20\/cousas-de-salvaterra-anton-xaque-vecino-da-vila\/\" \/>\n<meta property=\"og:locale\" content=\"gl_ES\" \/>\n<meta property=\"og:type\" content=\"article\" \/>\n<meta property=\"og:title\" content=\"COUSAS DE SALVATERRA. Ant\u00f3n \u201cXaque\u201d, veci\u00f1o da Vila -\" \/>\n<meta property=\"og:description\" content=\"Neste cap\u00edtulo imos ver como o ex\u00e9rcito galego entra por Ponte Barxas, ga\u00f1a os cuarteis da infanter\u00eda portuguesa e obriga a retirada destes at\u00e9 que son rexeitados. No entanto o Xeneral vaise da provincia chamado polo Rei\" \/>\n<meta property=\"og:url\" content=\"https:\/\/www.anovapeneira.gal\/index.php\/2022\/06\/20\/cousas-de-salvaterra-anton-xaque-vecino-da-vila\/\" \/>\n<meta property=\"article:publisher\" content=\"https:\/\/www.facebook.com\/anovapeneira\" \/>\n<meta property=\"article:published_time\" content=\"2022-06-20T10:00:06+00:00\" \/>\n<meta property=\"og:image\" content=\"https:\/\/www.anovapeneira.gal\/wp-content\/uploads\/2022\/06\/fronteira_da_barxa.jpg\" \/>\n\t<meta property=\"og:image:width\" content=\"720\" \/>\n\t<meta property=\"og:image:height\" content=\"432\" \/>\n\t<meta property=\"og:image:type\" content=\"image\/jpeg\" \/>\n<meta name=\"author\" content=\"Ant\u00f3n Lorenzo Gonz\u00e1lez\" \/>\n<meta name=\"twitter:card\" content=\"summary_large_image\" \/>\n<meta name=\"twitter:image\" content=\"https:\/\/www.anovapeneira.gal\/wp-content\/uploads\/2022\/06\/fronteira_da_barxa.jpg\" \/>\n<meta name=\"twitter:creator\" content=\"@APeneira\" \/>\n<meta name=\"twitter:site\" content=\"@APeneira\" \/>\n<meta name=\"twitter:label1\" content=\"Escrito por\" \/>\n\t<meta name=\"twitter:data1\" content=\"Ant\u00f3n Lorenzo Gonz\u00e1lez\" \/>\n\t<meta name=\"twitter:label2\" content=\"Tempo de lectura\" \/>\n\t<meta name=\"twitter:data2\" content=\"13 minutos\" \/>\n<script type=\"application\/ld+json\" class=\"yoast-schema-graph\">{\"@context\":\"https:\\\/\\\/schema.org\",\"@graph\":[{\"@type\":\"Article\",\"@id\":\"https:\\\/\\\/www.anovapeneira.gal\\\/index.php\\\/2022\\\/06\\\/20\\\/cousas-de-salvaterra-anton-xaque-vecino-da-vila\\\/#article\",\"isPartOf\":{\"@id\":\"https:\\\/\\\/www.anovapeneira.gal\\\/index.php\\\/2022\\\/06\\\/20\\\/cousas-de-salvaterra-anton-xaque-vecino-da-vila\\\/\"},\"author\":{\"name\":\"Ant\u00f3n Lorenzo Gonz\u00e1lez\",\"@id\":\"https:\\\/\\\/www.anovapeneira.gal\\\/#\\\/schema\\\/person\\\/1bf91cd240796d05b6522e3d8a6e2d8e\"},\"headline\":\"COUSAS DE SALVATERRA. Ant\u00f3n \u201cXaque\u201d, veci\u00f1o da Vila\",\"datePublished\":\"2022-06-20T10:00:06+00:00\",\"mainEntityOfPage\":{\"@id\":\"https:\\\/\\\/www.anovapeneira.gal\\\/index.php\\\/2022\\\/06\\\/20\\\/cousas-de-salvaterra-anton-xaque-vecino-da-vila\\\/\"},\"wordCount\":2533,\"commentCount\":0,\"publisher\":{\"@id\":\"https:\\\/\\\/www.anovapeneira.gal\\\/#organization\"},\"image\":{\"@id\":\"https:\\\/\\\/www.anovapeneira.gal\\\/index.php\\\/2022\\\/06\\\/20\\\/cousas-de-salvaterra-anton-xaque-vecino-da-vila\\\/#primaryimage\"},\"thumbnailUrl\":\"https:\\\/\\\/www.anovapeneira.gal\\\/wp-content\\\/uploads\\\/2022\\\/06\\\/fronteira_da_barxa.jpg\",\"keywords\":[\"Concello de Salvaterra do Mi\u00f1o\"],\"articleSection\":[\"Condado\"],\"inLanguage\":\"gl-ES\",\"potentialAction\":[{\"@type\":\"CommentAction\",\"name\":\"Comment\",\"target\":[\"https:\\\/\\\/www.anovapeneira.gal\\\/index.php\\\/2022\\\/06\\\/20\\\/cousas-de-salvaterra-anton-xaque-vecino-da-vila\\\/#respond\"]}]},{\"@type\":\"WebPage\",\"@id\":\"https:\\\/\\\/www.anovapeneira.gal\\\/index.php\\\/2022\\\/06\\\/20\\\/cousas-de-salvaterra-anton-xaque-vecino-da-vila\\\/\",\"url\":\"https:\\\/\\\/www.anovapeneira.gal\\\/index.php\\\/2022\\\/06\\\/20\\\/cousas-de-salvaterra-anton-xaque-vecino-da-vila\\\/\",\"name\":\"COUSAS DE SALVATERRA. Ant\u00f3n \u201cXaque\u201d, veci\u00f1o da Vila -\",\"isPartOf\":{\"@id\":\"https:\\\/\\\/www.anovapeneira.gal\\\/#website\"},\"primaryImageOfPage\":{\"@id\":\"https:\\\/\\\/www.anovapeneira.gal\\\/index.php\\\/2022\\\/06\\\/20\\\/cousas-de-salvaterra-anton-xaque-vecino-da-vila\\\/#primaryimage\"},\"image\":{\"@id\":\"https:\\\/\\\/www.anovapeneira.gal\\\/index.php\\\/2022\\\/06\\\/20\\\/cousas-de-salvaterra-anton-xaque-vecino-da-vila\\\/#primaryimage\"},\"thumbnailUrl\":\"https:\\\/\\\/www.anovapeneira.gal\\\/wp-content\\\/uploads\\\/2022\\\/06\\\/fronteira_da_barxa.jpg\",\"datePublished\":\"2022-06-20T10:00:06+00:00\",\"description\":\"Neste cap\u00edtulo imos ver como o ex\u00e9rcito galego entra por Ponte Barxas, ga\u00f1a os cuarteis da infanter\u00eda portuguesa e obriga a retirada destes at\u00e9 que son rexeitados. No entanto o Xeneral vaise da provincia chamado polo Rei\",\"breadcrumb\":{\"@id\":\"https:\\\/\\\/www.anovapeneira.gal\\\/index.php\\\/2022\\\/06\\\/20\\\/cousas-de-salvaterra-anton-xaque-vecino-da-vila\\\/#breadcrumb\"},\"inLanguage\":\"gl-ES\",\"potentialAction\":[{\"@type\":\"ReadAction\",\"target\":[\"https:\\\/\\\/www.anovapeneira.gal\\\/index.php\\\/2022\\\/06\\\/20\\\/cousas-de-salvaterra-anton-xaque-vecino-da-vila\\\/\"]}]},{\"@type\":\"ImageObject\",\"inLanguage\":\"gl-ES\",\"@id\":\"https:\\\/\\\/www.anovapeneira.gal\\\/index.php\\\/2022\\\/06\\\/20\\\/cousas-de-salvaterra-anton-xaque-vecino-da-vila\\\/#primaryimage\",\"url\":\"https:\\\/\\\/www.anovapeneira.gal\\\/wp-content\\\/uploads\\\/2022\\\/06\\\/fronteira_da_barxa.jpg\",\"contentUrl\":\"https:\\\/\\\/www.anovapeneira.gal\\\/wp-content\\\/uploads\\\/2022\\\/06\\\/fronteira_da_barxa.jpg\",\"width\":720,\"height\":432,\"caption\":\"Neste cap\u00edtulo imos ver como o ex\u00e9rcito galego entra por Ponte Barxas, ga\u00f1a os cuarteis da infanter\u00eda portuguesa e obriga a retirada destes at\u00e9 que son rexeitados. No entanto o Xeneral vaise da provincia chamado polo Rei\"},{\"@type\":\"BreadcrumbList\",\"@id\":\"https:\\\/\\\/www.anovapeneira.gal\\\/index.php\\\/2022\\\/06\\\/20\\\/cousas-de-salvaterra-anton-xaque-vecino-da-vila\\\/#breadcrumb\",\"itemListElement\":[{\"@type\":\"ListItem\",\"position\":1,\"name\":\"Portada\",\"item\":\"https:\\\/\\\/www.anovapeneira.gal\\\/\"},{\"@type\":\"ListItem\",\"position\":2,\"name\":\"COUSAS DE SALVATERRA. Ant\u00f3n \u201cXaque\u201d, veci\u00f1o da Vila\"}]},{\"@type\":\"WebSite\",\"@id\":\"https:\\\/\\\/www.anovapeneira.gal\\\/#website\",\"url\":\"https:\\\/\\\/www.anovapeneira.gal\\\/\",\"name\":\"\",\"description\":\"Xornal galego de informaci\u00f3n xeral Publicaci\u00f3n mensual de novas de Galicia e en especial dos Concellos da sur da provincia de Pontevedra.\",\"publisher\":{\"@id\":\"https:\\\/\\\/www.anovapeneira.gal\\\/#organization\"},\"potentialAction\":[{\"@type\":\"SearchAction\",\"target\":{\"@type\":\"EntryPoint\",\"urlTemplate\":\"https:\\\/\\\/www.anovapeneira.gal\\\/?s={search_term_string}\"},\"query-input\":{\"@type\":\"PropertyValueSpecification\",\"valueRequired\":true,\"valueName\":\"search_term_string\"}}],\"inLanguage\":\"gl-ES\"},{\"@type\":\"Organization\",\"@id\":\"https:\\\/\\\/www.anovapeneira.gal\\\/#organization\",\"name\":\"A Nova Peneira\",\"url\":\"https:\\\/\\\/www.anovapeneira.gal\\\/\",\"logo\":{\"@type\":\"ImageObject\",\"inLanguage\":\"gl-ES\",\"@id\":\"https:\\\/\\\/www.anovapeneira.gal\\\/#\\\/schema\\\/logo\\\/image\\\/\",\"url\":\"http:\\\/\\\/www.anovapeneira.gal\\\/wp-content\\\/uploads\\\/2019\\\/06\\\/logo_a_nova_peneira_portal_web.png\",\"contentUrl\":\"http:\\\/\\\/www.anovapeneira.gal\\\/wp-content\\\/uploads\\\/2019\\\/06\\\/logo_a_nova_peneira_portal_web.png\",\"width\":300,\"height\":100,\"caption\":\"A Nova Peneira\"},\"image\":{\"@id\":\"https:\\\/\\\/www.anovapeneira.gal\\\/#\\\/schema\\\/logo\\\/image\\\/\"},\"sameAs\":[\"https:\\\/\\\/www.facebook.com\\\/anovapeneira\",\"https:\\\/\\\/x.com\\\/APeneira\"]},{\"@type\":\"Person\",\"@id\":\"https:\\\/\\\/www.anovapeneira.gal\\\/#\\\/schema\\\/person\\\/1bf91cd240796d05b6522e3d8a6e2d8e\",\"name\":\"Ant\u00f3n Lorenzo Gonz\u00e1lez\",\"image\":{\"@type\":\"ImageObject\",\"inLanguage\":\"gl-ES\",\"@id\":\"https:\\\/\\\/secure.gravatar.com\\\/avatar\\\/dcd882e8f4338e07610336943426400d525673506eb37ce59442ba704e5cc971?s=96&d=mm&r=g\",\"url\":\"https:\\\/\\\/secure.gravatar.com\\\/avatar\\\/dcd882e8f4338e07610336943426400d525673506eb37ce59442ba704e5cc971?s=96&d=mm&r=g\",\"contentUrl\":\"https:\\\/\\\/secure.gravatar.com\\\/avatar\\\/dcd882e8f4338e07610336943426400d525673506eb37ce59442ba704e5cc971?s=96&d=mm&r=g\",\"caption\":\"Ant\u00f3n Lorenzo Gonz\u00e1lez\"},\"url\":\"https:\\\/\\\/www.anovapeneira.gal\\\/index.php\\\/author\\\/xaque\\\/\"}]}<\/script>\n<!-- \/ Yoast SEO plugin. -->","yoast_head_json":{"title":"COUSAS DE SALVATERRA. Ant\u00f3n \u201cXaque\u201d, veci\u00f1o da Vila -","description":"Neste cap\u00edtulo imos ver como o ex\u00e9rcito galego entra por Ponte Barxas, ga\u00f1a os cuarteis da infanter\u00eda portuguesa e obriga a retirada destes at\u00e9 que son rexeitados. No entanto o Xeneral vaise da provincia chamado polo Rei","robots":{"index":"index","follow":"follow","max-snippet":"max-snippet:-1","max-image-preview":"max-image-preview:large","max-video-preview":"max-video-preview:-1"},"canonical":"https:\/\/www.anovapeneira.gal\/index.php\/2022\/06\/20\/cousas-de-salvaterra-anton-xaque-vecino-da-vila\/","og_locale":"gl_ES","og_type":"article","og_title":"COUSAS DE SALVATERRA. Ant\u00f3n \u201cXaque\u201d, veci\u00f1o da Vila -","og_description":"Neste cap\u00edtulo imos ver como o ex\u00e9rcito galego entra por Ponte Barxas, ga\u00f1a os cuarteis da infanter\u00eda portuguesa e obriga a retirada destes at\u00e9 que son rexeitados. No entanto o Xeneral vaise da provincia chamado polo Rei","og_url":"https:\/\/www.anovapeneira.gal\/index.php\/2022\/06\/20\/cousas-de-salvaterra-anton-xaque-vecino-da-vila\/","article_publisher":"https:\/\/www.facebook.com\/anovapeneira","article_published_time":"2022-06-20T10:00:06+00:00","og_image":[{"width":720,"height":432,"url":"https:\/\/www.anovapeneira.gal\/wp-content\/uploads\/2022\/06\/fronteira_da_barxa.jpg","type":"image\/jpeg"}],"author":"Ant\u00f3n Lorenzo Gonz\u00e1lez","twitter_card":"summary_large_image","twitter_image":"https:\/\/www.anovapeneira.gal\/wp-content\/uploads\/2022\/06\/fronteira_da_barxa.jpg","twitter_creator":"@APeneira","twitter_site":"@APeneira","twitter_misc":{"Escrito por":"Ant\u00f3n Lorenzo Gonz\u00e1lez","Tempo de lectura":"13 minutos"},"schema":{"@context":"https:\/\/schema.org","@graph":[{"@type":"Article","@id":"https:\/\/www.anovapeneira.gal\/index.php\/2022\/06\/20\/cousas-de-salvaterra-anton-xaque-vecino-da-vila\/#article","isPartOf":{"@id":"https:\/\/www.anovapeneira.gal\/index.php\/2022\/06\/20\/cousas-de-salvaterra-anton-xaque-vecino-da-vila\/"},"author":{"name":"Ant\u00f3n Lorenzo Gonz\u00e1lez","@id":"https:\/\/www.anovapeneira.gal\/#\/schema\/person\/1bf91cd240796d05b6522e3d8a6e2d8e"},"headline":"COUSAS DE SALVATERRA. Ant\u00f3n \u201cXaque\u201d, veci\u00f1o da Vila","datePublished":"2022-06-20T10:00:06+00:00","mainEntityOfPage":{"@id":"https:\/\/www.anovapeneira.gal\/index.php\/2022\/06\/20\/cousas-de-salvaterra-anton-xaque-vecino-da-vila\/"},"wordCount":2533,"commentCount":0,"publisher":{"@id":"https:\/\/www.anovapeneira.gal\/#organization"},"image":{"@id":"https:\/\/www.anovapeneira.gal\/index.php\/2022\/06\/20\/cousas-de-salvaterra-anton-xaque-vecino-da-vila\/#primaryimage"},"thumbnailUrl":"https:\/\/www.anovapeneira.gal\/wp-content\/uploads\/2022\/06\/fronteira_da_barxa.jpg","keywords":["Concello de Salvaterra do Mi\u00f1o"],"articleSection":["Condado"],"inLanguage":"gl-ES","potentialAction":[{"@type":"CommentAction","name":"Comment","target":["https:\/\/www.anovapeneira.gal\/index.php\/2022\/06\/20\/cousas-de-salvaterra-anton-xaque-vecino-da-vila\/#respond"]}]},{"@type":"WebPage","@id":"https:\/\/www.anovapeneira.gal\/index.php\/2022\/06\/20\/cousas-de-salvaterra-anton-xaque-vecino-da-vila\/","url":"https:\/\/www.anovapeneira.gal\/index.php\/2022\/06\/20\/cousas-de-salvaterra-anton-xaque-vecino-da-vila\/","name":"COUSAS DE SALVATERRA. Ant\u00f3n \u201cXaque\u201d, veci\u00f1o da Vila -","isPartOf":{"@id":"https:\/\/www.anovapeneira.gal\/#website"},"primaryImageOfPage":{"@id":"https:\/\/www.anovapeneira.gal\/index.php\/2022\/06\/20\/cousas-de-salvaterra-anton-xaque-vecino-da-vila\/#primaryimage"},"image":{"@id":"https:\/\/www.anovapeneira.gal\/index.php\/2022\/06\/20\/cousas-de-salvaterra-anton-xaque-vecino-da-vila\/#primaryimage"},"thumbnailUrl":"https:\/\/www.anovapeneira.gal\/wp-content\/uploads\/2022\/06\/fronteira_da_barxa.jpg","datePublished":"2022-06-20T10:00:06+00:00","description":"Neste cap\u00edtulo imos ver como o ex\u00e9rcito galego entra por Ponte Barxas, ga\u00f1a os cuarteis da infanter\u00eda portuguesa e obriga a retirada destes at\u00e9 que son rexeitados. No entanto o Xeneral vaise da provincia chamado polo Rei","breadcrumb":{"@id":"https:\/\/www.anovapeneira.gal\/index.php\/2022\/06\/20\/cousas-de-salvaterra-anton-xaque-vecino-da-vila\/#breadcrumb"},"inLanguage":"gl-ES","potentialAction":[{"@type":"ReadAction","target":["https:\/\/www.anovapeneira.gal\/index.php\/2022\/06\/20\/cousas-de-salvaterra-anton-xaque-vecino-da-vila\/"]}]},{"@type":"ImageObject","inLanguage":"gl-ES","@id":"https:\/\/www.anovapeneira.gal\/index.php\/2022\/06\/20\/cousas-de-salvaterra-anton-xaque-vecino-da-vila\/#primaryimage","url":"https:\/\/www.anovapeneira.gal\/wp-content\/uploads\/2022\/06\/fronteira_da_barxa.jpg","contentUrl":"https:\/\/www.anovapeneira.gal\/wp-content\/uploads\/2022\/06\/fronteira_da_barxa.jpg","width":720,"height":432,"caption":"Neste cap\u00edtulo imos ver como o ex\u00e9rcito galego entra por Ponte Barxas, ga\u00f1a os cuarteis da infanter\u00eda portuguesa e obriga a retirada destes at\u00e9 que son rexeitados. No entanto o Xeneral vaise da provincia chamado polo Rei"},{"@type":"BreadcrumbList","@id":"https:\/\/www.anovapeneira.gal\/index.php\/2022\/06\/20\/cousas-de-salvaterra-anton-xaque-vecino-da-vila\/#breadcrumb","itemListElement":[{"@type":"ListItem","position":1,"name":"Portada","item":"https:\/\/www.anovapeneira.gal\/"},{"@type":"ListItem","position":2,"name":"COUSAS DE SALVATERRA. Ant\u00f3n \u201cXaque\u201d, veci\u00f1o da Vila"}]},{"@type":"WebSite","@id":"https:\/\/www.anovapeneira.gal\/#website","url":"https:\/\/www.anovapeneira.gal\/","name":"","description":"Xornal galego de informaci\u00f3n xeral Publicaci\u00f3n mensual de novas de Galicia e en especial dos Concellos da sur da provincia de Pontevedra.","publisher":{"@id":"https:\/\/www.anovapeneira.gal\/#organization"},"potentialAction":[{"@type":"SearchAction","target":{"@type":"EntryPoint","urlTemplate":"https:\/\/www.anovapeneira.gal\/?s={search_term_string}"},"query-input":{"@type":"PropertyValueSpecification","valueRequired":true,"valueName":"search_term_string"}}],"inLanguage":"gl-ES"},{"@type":"Organization","@id":"https:\/\/www.anovapeneira.gal\/#organization","name":"A Nova Peneira","url":"https:\/\/www.anovapeneira.gal\/","logo":{"@type":"ImageObject","inLanguage":"gl-ES","@id":"https:\/\/www.anovapeneira.gal\/#\/schema\/logo\/image\/","url":"http:\/\/www.anovapeneira.gal\/wp-content\/uploads\/2019\/06\/logo_a_nova_peneira_portal_web.png","contentUrl":"http:\/\/www.anovapeneira.gal\/wp-content\/uploads\/2019\/06\/logo_a_nova_peneira_portal_web.png","width":300,"height":100,"caption":"A Nova Peneira"},"image":{"@id":"https:\/\/www.anovapeneira.gal\/#\/schema\/logo\/image\/"},"sameAs":["https:\/\/www.facebook.com\/anovapeneira","https:\/\/x.com\/APeneira"]},{"@type":"Person","@id":"https:\/\/www.anovapeneira.gal\/#\/schema\/person\/1bf91cd240796d05b6522e3d8a6e2d8e","name":"Ant\u00f3n Lorenzo Gonz\u00e1lez","image":{"@type":"ImageObject","inLanguage":"gl-ES","@id":"https:\/\/secure.gravatar.com\/avatar\/dcd882e8f4338e07610336943426400d525673506eb37ce59442ba704e5cc971?s=96&d=mm&r=g","url":"https:\/\/secure.gravatar.com\/avatar\/dcd882e8f4338e07610336943426400d525673506eb37ce59442ba704e5cc971?s=96&d=mm&r=g","contentUrl":"https:\/\/secure.gravatar.com\/avatar\/dcd882e8f4338e07610336943426400d525673506eb37ce59442ba704e5cc971?s=96&d=mm&r=g","caption":"Ant\u00f3n Lorenzo Gonz\u00e1lez"},"url":"https:\/\/www.anovapeneira.gal\/index.php\/author\/xaque\/"}]}},"jetpack_featured_media_url":"https:\/\/www.anovapeneira.gal\/wp-content\/uploads\/2022\/06\/fronteira_da_barxa.jpg","_links":{"self":[{"href":"https:\/\/www.anovapeneira.gal\/index.php\/wp-json\/wp\/v2\/posts\/7654","targetHints":{"allow":["GET"]}}],"collection":[{"href":"https:\/\/www.anovapeneira.gal\/index.php\/wp-json\/wp\/v2\/posts"}],"about":[{"href":"https:\/\/www.anovapeneira.gal\/index.php\/wp-json\/wp\/v2\/types\/post"}],"author":[{"embeddable":true,"href":"https:\/\/www.anovapeneira.gal\/index.php\/wp-json\/wp\/v2\/users\/34"}],"replies":[{"embeddable":true,"href":"https:\/\/www.anovapeneira.gal\/index.php\/wp-json\/wp\/v2\/comments?post=7654"}],"version-history":[{"count":4,"href":"https:\/\/www.anovapeneira.gal\/index.php\/wp-json\/wp\/v2\/posts\/7654\/revisions"}],"predecessor-version":[{"id":7660,"href":"https:\/\/www.anovapeneira.gal\/index.php\/wp-json\/wp\/v2\/posts\/7654\/revisions\/7660"}],"wp:featuredmedia":[{"embeddable":true,"href":"https:\/\/www.anovapeneira.gal\/index.php\/wp-json\/wp\/v2\/media\/7658"}],"wp:attachment":[{"href":"https:\/\/www.anovapeneira.gal\/index.php\/wp-json\/wp\/v2\/media?parent=7654"}],"wp:term":[{"taxonomy":"category","embeddable":true,"href":"https:\/\/www.anovapeneira.gal\/index.php\/wp-json\/wp\/v2\/categories?post=7654"},{"taxonomy":"post_tag","embeddable":true,"href":"https:\/\/www.anovapeneira.gal\/index.php\/wp-json\/wp\/v2\/tags?post=7654"}],"curies":[{"name":"wp","href":"https:\/\/api.w.org\/{rel}","templated":true}]}}