{"id":7661,"date":"2022-06-21T10:00:43","date_gmt":"2022-06-21T08:00:43","guid":{"rendered":"https:\/\/www.anovapeneira.gal\/?p=7661"},"modified":"2022-06-16T20:13:47","modified_gmt":"2022-06-16T18:13:47","slug":"a-razon-estragada","status":"publish","type":"post","link":"https:\/\/www.anovapeneira.gal\/index.php\/2022\/06\/21\/a-razon-estragada\/","title":{"rendered":"A raz\u00f3n estragada?"},"content":{"rendered":"\n<figure class=\"wp-block-image size-full is-resized\"><img loading=\"lazy\" decoding=\"async\" src=\"https:\/\/www.anovapeneira.gal\/wp-content\/uploads\/2020\/06\/carlos_meixome_a_nova_peneira.jpg\" alt=\"Carlos M\u00e9ixome Opini\u00f3n A Nova Peneira\" class=\"wp-image-3375\" width=\"95\" height=\"111\"\/><figcaption>Carlos M\u00e9ixome<\/figcaption><\/figure>\n\n\n\n<p>Confesa ese home pequerrecho, de estatura, que sentiu certa emoci\u00f3n ao telo na s\u00faa terra \u201cda que sa\u00edu como os vellos exiliados e emigrantes\u201d. Quen as\u00ed falou do em\u00e9rito, en Onda Cero, foi o xornalista de Mosteiro, en Pol. El pode opinar e opina. E fai ben. Coido que as\u00ed o podemos e debemos facer todas as persoas. A diferenza est\u00e1 en que a unhas esc\u00f3itaselles, porque lle po\u00f1en altofalantes, e a outras non, non porque non te\u00f1an doxa, que a te\u00f1en, sen\u00f3n por que lles furtan os amplificadores uns demi\u00f1os, trasnos perversos, que habitan tras os papeis impresos, disimulan entre ondas hertzianas ou oc\u00faltanse baixo sinais dixitais, ben sexan anal\u00f3xicos ou binarios, para filtrar ou apagar, segundo sexa o caso, mentres repasan balances bancarios.<br>Con todo xa lle chega. O da comparanza, ref\u00edrome. Pois atopar semellanzas entre o d\u00faas veces, cando menos, perxuro e, por exemplo, por citar a quen del se fala nestes d\u00edas, Florencio Delgado Gurriar\u00e1n, ou, tam\u00e9n, por exemplo, coa mi\u00f1a nai e a maior\u00eda dos seus veci\u00f1os e veci\u00f1as do barrio do Cornuval no Carballi\u00f1o que andaron tocando a zoca pola Francia, a Alema\u00f1a ou a Su\u00edza dos anos sesenta e setenta, a maior\u00eda deles xa non est\u00e1n connosco, \u00e9 unha indecencia moral.<br>Cando menos por d\u00faas veces faltou ao xuramento. Aquel no que, \u00e1s 11.16 minutos dos 24-VII-1969, aceptou cun \u201csi claro e rotundo\u201d, no seu nome e no dos seus sucesores, as obrigas e deberes que lle impo\u00f1\u00eda a designaci\u00f3n que lle propuxo o pleno das Cortes do 22-7-1969, convocado a tal efecto polo Xefe de Estado en virtude o artigo 6 da Lei de Sucesi\u00f3n, para ser a persoa chamada a sucederlle, no seu d\u00eda, a titulo de rei; e aquela outra vez, o 22-11-1975 \u00e1s 12.35 minutos na sesi\u00f3n conxunta das Cortes do Reino co Consello de Estado no que dixo: \u201cXuro por Deus, e sobre os Santos Evanxeos, cumprir e facer cumprir as Leis Fundamentais do Reino e gardar lealdade aos principios que informan o Movemento Nacional\u201d. Se daquela mentiu, o que non far\u00eda despois. Hai que ter papo para tratalo de exiliado ou de emigrante para glorificar un dos bi-reis; deben sentir a inestabilidade ao ter que xogar con d\u00faas cartas.<br>Un, que xa le de todo, pousou os ollos, non hai moito, nunha haxiograf\u00eda que o \u00d3nega de Pol lle dedicou ao Su\u00e1rez de Cebreros, aquel ao que o Guerra alcumara de tafur, e algo disto deb\u00eda ter, mesmo de ben novo, pois nesa especie de memorial de santidade do abulense, o de Lugo conta que, cando andaba a promover unha asociaci\u00f3n de mozos, al\u00f3 polo 1957, pegaba os carteis polo d\u00eda e arrinc\u00e1baos de noite, para despois queixarse ao Diario de \u00c1vila do boicot de mans an\u00f3nima e ateas. O xornal acolleu a denuncia, o acto foi un \u00e9xito e Su\u00e1rez deu o seu primeiro mitin.<br>No botafumeiro a xeito de libro, faise tam\u00e9n unha apolox\u00eda da ignorancia. Seica Su\u00e1rez non l\u00eda m\u00e1is que os papeis da pol\u00edtica, ao que lle dedicaba todo o tempo, actitude que mesmo glorifica o \u00d3nega, que foi durante alg\u00fan tempo o seu xefe de prensa, ao relatar unha lembranza de non hai moito, isto \u00e9, de actualidade, na que un empresario dos de mellor biograf\u00eda e maior patrimonio, segundo o relato do xornalista, lle confesou \u201cnun rapto de sinceridade\u201d: \u201cEu non lin un libro na mi\u00f1a vida\u201d; ao que o \u00d3nega, con toda franqueza, retrucoulle \u201cnin falta que che fixo\u201d. En fin\u2026, \u00e9 o que temos, unha casa constru\u00edda polo franquismo, reformada entre o 3 de xullo de 1976 e o 15 de xu\u00f1o de 1977, sen que deixase de funcionar a luz nin deixase de correr a auga, m\u00e1is ou menos esas son as palabras que o \u00d3nega pon en boca de Su\u00e1rez.<br>Pero o que me fixo soltar unha gargallada foi o que lle dixo ao em\u00e9rito o que fora o seu xefe de goberno. Cando este xa se achaba no m\u00e1is estreito do funil da enfermidade, a s\u00faa maxestade foino visitar. Os medios reproduciron ata a saciedade a imaxe entenrecedora e humana do Borb\u00f3n pousando a man no lombo do seu fiel servidor. Di o \u00d3nega que o ex presidente non o reco\u00f1eceu, ti\u00f1a a raz\u00f3n estragada, pero que lle preguntou: Ti tam\u00e9n ves pedir di\u00f1eiro?. Debeu ser un instante de lucidez.<\/p>\n","protected":false},"excerpt":{"rendered":"<div class=\"mh-excerpt\"><p>Confesa ese home pequerrecho, de estatura, que sentiu certa emoci\u00f3n ao telo na s\u00faa terra \u201cda que sa\u00edu como os vellos exiliados e emigrantes\u201d. Quen as\u00ed falou do em\u00e9rito, en Onda Cero, foi o xornalista de Mosteiro, en Pol <a class=\"mh-excerpt-more\" href=\"https:\/\/www.anovapeneira.gal\/index.php\/2022\/06\/21\/a-razon-estragada\/\" title=\"A raz\u00f3n estragada?\">[&#8230;]<\/a><\/p>\n<\/div>","protected":false},"author":28,"featured_media":584,"comment_status":"open","ping_status":"open","sticky":false,"template":"","format":"standard","meta":{"_exactmetrics_skip_tracking":false,"_exactmetrics_sitenote_active":false,"_exactmetrics_sitenote_note":"","_exactmetrics_sitenote_category":0,"footnotes":""},"categories":[7],"tags":[],"class_list":{"0":"post-7661","1":"post","2":"type-post","3":"status-publish","4":"format-standard","5":"has-post-thumbnail","7":"category-artigos-de-opinion"},"yoast_head":"<!-- This site is optimized with the Yoast SEO plugin v27.4 - https:\/\/yoast.com\/product\/yoast-seo-wordpress\/ -->\n<title>A raz\u00f3n estragada? -<\/title>\n<meta name=\"description\" content=\"Confesa ese home pequerrecho, de estatura, que sentiu certa emoci\u00f3n ao telo na s\u00faa terra \u201cda que sa\u00edu como os vellos exiliados e emigrantes\u201d.\" \/>\n<meta name=\"robots\" content=\"index, follow, max-snippet:-1, max-image-preview:large, max-video-preview:-1\" \/>\n<link rel=\"canonical\" href=\"https:\/\/www.anovapeneira.gal\/index.php\/2022\/06\/21\/a-razon-estragada\/\" \/>\n<meta property=\"og:locale\" content=\"gl_ES\" \/>\n<meta property=\"og:type\" content=\"article\" \/>\n<meta property=\"og:title\" content=\"A raz\u00f3n estragada? -\" \/>\n<meta property=\"og:description\" content=\"Confesa ese home pequerrecho, de estatura, que sentiu certa emoci\u00f3n ao telo na s\u00faa terra \u201cda que sa\u00edu como os vellos exiliados e emigrantes\u201d.\" \/>\n<meta property=\"og:url\" content=\"https:\/\/www.anovapeneira.gal\/index.php\/2022\/06\/21\/a-razon-estragada\/\" \/>\n<meta property=\"article:publisher\" content=\"https:\/\/www.facebook.com\/anovapeneira\" \/>\n<meta property=\"article:published_time\" content=\"2022-06-21T08:00:43+00:00\" \/>\n<meta property=\"og:image\" content=\"https:\/\/www.anovapeneira.gal\/wp-content\/uploads\/2021\/03\/carlos_meixome.jpg\" \/>\n\t<meta property=\"og:image:width\" content=\"720\" \/>\n\t<meta property=\"og:image:height\" content=\"432\" \/>\n\t<meta property=\"og:image:type\" content=\"image\/jpeg\" \/>\n<meta name=\"author\" content=\"Carlos M\u00e9ixome\" \/>\n<meta name=\"twitter:card\" content=\"summary_large_image\" \/>\n<meta name=\"twitter:image\" content=\"https:\/\/www.anovapeneira.gal\/wp-content\/uploads\/2021\/03\/carlos_meixome.jpg\" \/>\n<meta name=\"twitter:creator\" content=\"@APeneira\" \/>\n<meta name=\"twitter:site\" content=\"@APeneira\" \/>\n<meta name=\"twitter:label1\" content=\"Escrito por\" \/>\n\t<meta name=\"twitter:data1\" content=\"Carlos M\u00e9ixome\" \/>\n\t<meta name=\"twitter:label2\" content=\"Tempo de lectura\" \/>\n\t<meta name=\"twitter:data2\" content=\"5 minutos\" \/>\n<script type=\"application\/ld+json\" class=\"yoast-schema-graph\">{\"@context\":\"https:\\\/\\\/schema.org\",\"@graph\":[{\"@type\":\"Article\",\"@id\":\"https:\\\/\\\/www.anovapeneira.gal\\\/index.php\\\/2022\\\/06\\\/21\\\/a-razon-estragada\\\/#article\",\"isPartOf\":{\"@id\":\"https:\\\/\\\/www.anovapeneira.gal\\\/index.php\\\/2022\\\/06\\\/21\\\/a-razon-estragada\\\/\"},\"author\":{\"name\":\"Carlos M\u00e9ixome\",\"@id\":\"https:\\\/\\\/www.anovapeneira.gal\\\/#\\\/schema\\\/person\\\/2b153a5dc1eb464bd57627c809057031\"},\"headline\":\"A raz\u00f3n estragada?\",\"datePublished\":\"2022-06-21T08:00:43+00:00\",\"mainEntityOfPage\":{\"@id\":\"https:\\\/\\\/www.anovapeneira.gal\\\/index.php\\\/2022\\\/06\\\/21\\\/a-razon-estragada\\\/\"},\"wordCount\":786,\"commentCount\":0,\"publisher\":{\"@id\":\"https:\\\/\\\/www.anovapeneira.gal\\\/#organization\"},\"image\":{\"@id\":\"https:\\\/\\\/www.anovapeneira.gal\\\/index.php\\\/2022\\\/06\\\/21\\\/a-razon-estragada\\\/#primaryimage\"},\"thumbnailUrl\":\"https:\\\/\\\/www.anovapeneira.gal\\\/wp-content\\\/uploads\\\/2019\\\/07\\\/ARTIGO_DE_OPINION_A_NOVA_PENEIRA.jpg\",\"articleSection\":[\"Artigos de opini\u00f3n\"],\"inLanguage\":\"gl-ES\",\"potentialAction\":[{\"@type\":\"CommentAction\",\"name\":\"Comment\",\"target\":[\"https:\\\/\\\/www.anovapeneira.gal\\\/index.php\\\/2022\\\/06\\\/21\\\/a-razon-estragada\\\/#respond\"]}]},{\"@type\":\"WebPage\",\"@id\":\"https:\\\/\\\/www.anovapeneira.gal\\\/index.php\\\/2022\\\/06\\\/21\\\/a-razon-estragada\\\/\",\"url\":\"https:\\\/\\\/www.anovapeneira.gal\\\/index.php\\\/2022\\\/06\\\/21\\\/a-razon-estragada\\\/\",\"name\":\"A raz\u00f3n estragada? -\",\"isPartOf\":{\"@id\":\"https:\\\/\\\/www.anovapeneira.gal\\\/#website\"},\"primaryImageOfPage\":{\"@id\":\"https:\\\/\\\/www.anovapeneira.gal\\\/index.php\\\/2022\\\/06\\\/21\\\/a-razon-estragada\\\/#primaryimage\"},\"image\":{\"@id\":\"https:\\\/\\\/www.anovapeneira.gal\\\/index.php\\\/2022\\\/06\\\/21\\\/a-razon-estragada\\\/#primaryimage\"},\"thumbnailUrl\":\"https:\\\/\\\/www.anovapeneira.gal\\\/wp-content\\\/uploads\\\/2019\\\/07\\\/ARTIGO_DE_OPINION_A_NOVA_PENEIRA.jpg\",\"datePublished\":\"2022-06-21T08:00:43+00:00\",\"description\":\"Confesa ese home pequerrecho, de estatura, que sentiu certa emoci\u00f3n ao telo na s\u00faa terra \u201cda que sa\u00edu como os vellos exiliados e emigrantes\u201d.\",\"breadcrumb\":{\"@id\":\"https:\\\/\\\/www.anovapeneira.gal\\\/index.php\\\/2022\\\/06\\\/21\\\/a-razon-estragada\\\/#breadcrumb\"},\"inLanguage\":\"gl-ES\",\"potentialAction\":[{\"@type\":\"ReadAction\",\"target\":[\"https:\\\/\\\/www.anovapeneira.gal\\\/index.php\\\/2022\\\/06\\\/21\\\/a-razon-estragada\\\/\"]}]},{\"@type\":\"ImageObject\",\"inLanguage\":\"gl-ES\",\"@id\":\"https:\\\/\\\/www.anovapeneira.gal\\\/index.php\\\/2022\\\/06\\\/21\\\/a-razon-estragada\\\/#primaryimage\",\"url\":\"https:\\\/\\\/www.anovapeneira.gal\\\/wp-content\\\/uploads\\\/2019\\\/07\\\/ARTIGO_DE_OPINION_A_NOVA_PENEIRA.jpg\",\"contentUrl\":\"https:\\\/\\\/www.anovapeneira.gal\\\/wp-content\\\/uploads\\\/2019\\\/07\\\/ARTIGO_DE_OPINION_A_NOVA_PENEIRA.jpg\",\"width\":720,\"height\":473,\"caption\":\"Artigo de opini\u00f3n A Nova Peneira\"},{\"@type\":\"BreadcrumbList\",\"@id\":\"https:\\\/\\\/www.anovapeneira.gal\\\/index.php\\\/2022\\\/06\\\/21\\\/a-razon-estragada\\\/#breadcrumb\",\"itemListElement\":[{\"@type\":\"ListItem\",\"position\":1,\"name\":\"Portada\",\"item\":\"https:\\\/\\\/www.anovapeneira.gal\\\/\"},{\"@type\":\"ListItem\",\"position\":2,\"name\":\"A raz\u00f3n estragada?\"}]},{\"@type\":\"WebSite\",\"@id\":\"https:\\\/\\\/www.anovapeneira.gal\\\/#website\",\"url\":\"https:\\\/\\\/www.anovapeneira.gal\\\/\",\"name\":\"\",\"description\":\"Xornal galego de informaci\u00f3n xeral Publicaci\u00f3n mensual de novas de Galicia e en especial dos Concellos da sur da provincia de Pontevedra.\",\"publisher\":{\"@id\":\"https:\\\/\\\/www.anovapeneira.gal\\\/#organization\"},\"potentialAction\":[{\"@type\":\"SearchAction\",\"target\":{\"@type\":\"EntryPoint\",\"urlTemplate\":\"https:\\\/\\\/www.anovapeneira.gal\\\/?s={search_term_string}\"},\"query-input\":{\"@type\":\"PropertyValueSpecification\",\"valueRequired\":true,\"valueName\":\"search_term_string\"}}],\"inLanguage\":\"gl-ES\"},{\"@type\":\"Organization\",\"@id\":\"https:\\\/\\\/www.anovapeneira.gal\\\/#organization\",\"name\":\"A Nova Peneira\",\"url\":\"https:\\\/\\\/www.anovapeneira.gal\\\/\",\"logo\":{\"@type\":\"ImageObject\",\"inLanguage\":\"gl-ES\",\"@id\":\"https:\\\/\\\/www.anovapeneira.gal\\\/#\\\/schema\\\/logo\\\/image\\\/\",\"url\":\"http:\\\/\\\/www.anovapeneira.gal\\\/wp-content\\\/uploads\\\/2019\\\/06\\\/logo_a_nova_peneira_portal_web.png\",\"contentUrl\":\"http:\\\/\\\/www.anovapeneira.gal\\\/wp-content\\\/uploads\\\/2019\\\/06\\\/logo_a_nova_peneira_portal_web.png\",\"width\":300,\"height\":100,\"caption\":\"A Nova Peneira\"},\"image\":{\"@id\":\"https:\\\/\\\/www.anovapeneira.gal\\\/#\\\/schema\\\/logo\\\/image\\\/\"},\"sameAs\":[\"https:\\\/\\\/www.facebook.com\\\/anovapeneira\",\"https:\\\/\\\/x.com\\\/APeneira\"]},{\"@type\":\"Person\",\"@id\":\"https:\\\/\\\/www.anovapeneira.gal\\\/#\\\/schema\\\/person\\\/2b153a5dc1eb464bd57627c809057031\",\"name\":\"Carlos M\u00e9ixome\",\"image\":{\"@type\":\"ImageObject\",\"inLanguage\":\"gl-ES\",\"@id\":\"https:\\\/\\\/secure.gravatar.com\\\/avatar\\\/4a156c6183f8f634f0b5226ef6d55cfbb3b2fe17a025ab46bfb1c737c737f0cf?s=96&d=mm&r=g\",\"url\":\"https:\\\/\\\/secure.gravatar.com\\\/avatar\\\/4a156c6183f8f634f0b5226ef6d55cfbb3b2fe17a025ab46bfb1c737c737f0cf?s=96&d=mm&r=g\",\"contentUrl\":\"https:\\\/\\\/secure.gravatar.com\\\/avatar\\\/4a156c6183f8f634f0b5226ef6d55cfbb3b2fe17a025ab46bfb1c737c737f0cf?s=96&d=mm&r=g\",\"caption\":\"Carlos M\u00e9ixome\"},\"url\":\"https:\\\/\\\/www.anovapeneira.gal\\\/index.php\\\/author\\\/carlosmeixome\\\/\"}]}<\/script>\n<!-- \/ Yoast SEO plugin. -->","yoast_head_json":{"title":"A raz\u00f3n estragada? -","description":"Confesa ese home pequerrecho, de estatura, que sentiu certa emoci\u00f3n ao telo na s\u00faa terra \u201cda que sa\u00edu como os vellos exiliados e emigrantes\u201d.","robots":{"index":"index","follow":"follow","max-snippet":"max-snippet:-1","max-image-preview":"max-image-preview:large","max-video-preview":"max-video-preview:-1"},"canonical":"https:\/\/www.anovapeneira.gal\/index.php\/2022\/06\/21\/a-razon-estragada\/","og_locale":"gl_ES","og_type":"article","og_title":"A raz\u00f3n estragada? -","og_description":"Confesa ese home pequerrecho, de estatura, que sentiu certa emoci\u00f3n ao telo na s\u00faa terra \u201cda que sa\u00edu como os vellos exiliados e emigrantes\u201d.","og_url":"https:\/\/www.anovapeneira.gal\/index.php\/2022\/06\/21\/a-razon-estragada\/","article_publisher":"https:\/\/www.facebook.com\/anovapeneira","article_published_time":"2022-06-21T08:00:43+00:00","og_image":[{"width":720,"height":432,"url":"https:\/\/www.anovapeneira.gal\/wp-content\/uploads\/2021\/03\/carlos_meixome.jpg","type":"image\/jpeg"}],"author":"Carlos M\u00e9ixome","twitter_card":"summary_large_image","twitter_image":"https:\/\/www.anovapeneira.gal\/wp-content\/uploads\/2021\/03\/carlos_meixome.jpg","twitter_creator":"@APeneira","twitter_site":"@APeneira","twitter_misc":{"Escrito por":"Carlos M\u00e9ixome","Tempo de lectura":"5 minutos"},"schema":{"@context":"https:\/\/schema.org","@graph":[{"@type":"Article","@id":"https:\/\/www.anovapeneira.gal\/index.php\/2022\/06\/21\/a-razon-estragada\/#article","isPartOf":{"@id":"https:\/\/www.anovapeneira.gal\/index.php\/2022\/06\/21\/a-razon-estragada\/"},"author":{"name":"Carlos M\u00e9ixome","@id":"https:\/\/www.anovapeneira.gal\/#\/schema\/person\/2b153a5dc1eb464bd57627c809057031"},"headline":"A raz\u00f3n estragada?","datePublished":"2022-06-21T08:00:43+00:00","mainEntityOfPage":{"@id":"https:\/\/www.anovapeneira.gal\/index.php\/2022\/06\/21\/a-razon-estragada\/"},"wordCount":786,"commentCount":0,"publisher":{"@id":"https:\/\/www.anovapeneira.gal\/#organization"},"image":{"@id":"https:\/\/www.anovapeneira.gal\/index.php\/2022\/06\/21\/a-razon-estragada\/#primaryimage"},"thumbnailUrl":"https:\/\/www.anovapeneira.gal\/wp-content\/uploads\/2019\/07\/ARTIGO_DE_OPINION_A_NOVA_PENEIRA.jpg","articleSection":["Artigos de opini\u00f3n"],"inLanguage":"gl-ES","potentialAction":[{"@type":"CommentAction","name":"Comment","target":["https:\/\/www.anovapeneira.gal\/index.php\/2022\/06\/21\/a-razon-estragada\/#respond"]}]},{"@type":"WebPage","@id":"https:\/\/www.anovapeneira.gal\/index.php\/2022\/06\/21\/a-razon-estragada\/","url":"https:\/\/www.anovapeneira.gal\/index.php\/2022\/06\/21\/a-razon-estragada\/","name":"A raz\u00f3n estragada? -","isPartOf":{"@id":"https:\/\/www.anovapeneira.gal\/#website"},"primaryImageOfPage":{"@id":"https:\/\/www.anovapeneira.gal\/index.php\/2022\/06\/21\/a-razon-estragada\/#primaryimage"},"image":{"@id":"https:\/\/www.anovapeneira.gal\/index.php\/2022\/06\/21\/a-razon-estragada\/#primaryimage"},"thumbnailUrl":"https:\/\/www.anovapeneira.gal\/wp-content\/uploads\/2019\/07\/ARTIGO_DE_OPINION_A_NOVA_PENEIRA.jpg","datePublished":"2022-06-21T08:00:43+00:00","description":"Confesa ese home pequerrecho, de estatura, que sentiu certa emoci\u00f3n ao telo na s\u00faa terra \u201cda que sa\u00edu como os vellos exiliados e emigrantes\u201d.","breadcrumb":{"@id":"https:\/\/www.anovapeneira.gal\/index.php\/2022\/06\/21\/a-razon-estragada\/#breadcrumb"},"inLanguage":"gl-ES","potentialAction":[{"@type":"ReadAction","target":["https:\/\/www.anovapeneira.gal\/index.php\/2022\/06\/21\/a-razon-estragada\/"]}]},{"@type":"ImageObject","inLanguage":"gl-ES","@id":"https:\/\/www.anovapeneira.gal\/index.php\/2022\/06\/21\/a-razon-estragada\/#primaryimage","url":"https:\/\/www.anovapeneira.gal\/wp-content\/uploads\/2019\/07\/ARTIGO_DE_OPINION_A_NOVA_PENEIRA.jpg","contentUrl":"https:\/\/www.anovapeneira.gal\/wp-content\/uploads\/2019\/07\/ARTIGO_DE_OPINION_A_NOVA_PENEIRA.jpg","width":720,"height":473,"caption":"Artigo de opini\u00f3n A Nova Peneira"},{"@type":"BreadcrumbList","@id":"https:\/\/www.anovapeneira.gal\/index.php\/2022\/06\/21\/a-razon-estragada\/#breadcrumb","itemListElement":[{"@type":"ListItem","position":1,"name":"Portada","item":"https:\/\/www.anovapeneira.gal\/"},{"@type":"ListItem","position":2,"name":"A raz\u00f3n estragada?"}]},{"@type":"WebSite","@id":"https:\/\/www.anovapeneira.gal\/#website","url":"https:\/\/www.anovapeneira.gal\/","name":"","description":"Xornal galego de informaci\u00f3n xeral Publicaci\u00f3n mensual de novas de Galicia e en especial dos Concellos da sur da provincia de Pontevedra.","publisher":{"@id":"https:\/\/www.anovapeneira.gal\/#organization"},"potentialAction":[{"@type":"SearchAction","target":{"@type":"EntryPoint","urlTemplate":"https:\/\/www.anovapeneira.gal\/?s={search_term_string}"},"query-input":{"@type":"PropertyValueSpecification","valueRequired":true,"valueName":"search_term_string"}}],"inLanguage":"gl-ES"},{"@type":"Organization","@id":"https:\/\/www.anovapeneira.gal\/#organization","name":"A Nova Peneira","url":"https:\/\/www.anovapeneira.gal\/","logo":{"@type":"ImageObject","inLanguage":"gl-ES","@id":"https:\/\/www.anovapeneira.gal\/#\/schema\/logo\/image\/","url":"http:\/\/www.anovapeneira.gal\/wp-content\/uploads\/2019\/06\/logo_a_nova_peneira_portal_web.png","contentUrl":"http:\/\/www.anovapeneira.gal\/wp-content\/uploads\/2019\/06\/logo_a_nova_peneira_portal_web.png","width":300,"height":100,"caption":"A Nova Peneira"},"image":{"@id":"https:\/\/www.anovapeneira.gal\/#\/schema\/logo\/image\/"},"sameAs":["https:\/\/www.facebook.com\/anovapeneira","https:\/\/x.com\/APeneira"]},{"@type":"Person","@id":"https:\/\/www.anovapeneira.gal\/#\/schema\/person\/2b153a5dc1eb464bd57627c809057031","name":"Carlos M\u00e9ixome","image":{"@type":"ImageObject","inLanguage":"gl-ES","@id":"https:\/\/secure.gravatar.com\/avatar\/4a156c6183f8f634f0b5226ef6d55cfbb3b2fe17a025ab46bfb1c737c737f0cf?s=96&d=mm&r=g","url":"https:\/\/secure.gravatar.com\/avatar\/4a156c6183f8f634f0b5226ef6d55cfbb3b2fe17a025ab46bfb1c737c737f0cf?s=96&d=mm&r=g","contentUrl":"https:\/\/secure.gravatar.com\/avatar\/4a156c6183f8f634f0b5226ef6d55cfbb3b2fe17a025ab46bfb1c737c737f0cf?s=96&d=mm&r=g","caption":"Carlos M\u00e9ixome"},"url":"https:\/\/www.anovapeneira.gal\/index.php\/author\/carlosmeixome\/"}]}},"jetpack_featured_media_url":"https:\/\/www.anovapeneira.gal\/wp-content\/uploads\/2019\/07\/ARTIGO_DE_OPINION_A_NOVA_PENEIRA.jpg","_links":{"self":[{"href":"https:\/\/www.anovapeneira.gal\/index.php\/wp-json\/wp\/v2\/posts\/7661","targetHints":{"allow":["GET"]}}],"collection":[{"href":"https:\/\/www.anovapeneira.gal\/index.php\/wp-json\/wp\/v2\/posts"}],"about":[{"href":"https:\/\/www.anovapeneira.gal\/index.php\/wp-json\/wp\/v2\/types\/post"}],"author":[{"embeddable":true,"href":"https:\/\/www.anovapeneira.gal\/index.php\/wp-json\/wp\/v2\/users\/28"}],"replies":[{"embeddable":true,"href":"https:\/\/www.anovapeneira.gal\/index.php\/wp-json\/wp\/v2\/comments?post=7661"}],"version-history":[{"count":1,"href":"https:\/\/www.anovapeneira.gal\/index.php\/wp-json\/wp\/v2\/posts\/7661\/revisions"}],"predecessor-version":[{"id":7662,"href":"https:\/\/www.anovapeneira.gal\/index.php\/wp-json\/wp\/v2\/posts\/7661\/revisions\/7662"}],"wp:featuredmedia":[{"embeddable":true,"href":"https:\/\/www.anovapeneira.gal\/index.php\/wp-json\/wp\/v2\/media\/584"}],"wp:attachment":[{"href":"https:\/\/www.anovapeneira.gal\/index.php\/wp-json\/wp\/v2\/media?parent=7661"}],"wp:term":[{"taxonomy":"category","embeddable":true,"href":"https:\/\/www.anovapeneira.gal\/index.php\/wp-json\/wp\/v2\/categories?post=7661"},{"taxonomy":"post_tag","embeddable":true,"href":"https:\/\/www.anovapeneira.gal\/index.php\/wp-json\/wp\/v2\/tags?post=7661"}],"curies":[{"name":"wp","href":"https:\/\/api.w.org\/{rel}","templated":true}]}}