{"id":7670,"date":"2022-06-22T12:00:01","date_gmt":"2022-06-22T10:00:01","guid":{"rendered":"https:\/\/www.anovapeneira.gal\/?p=7670"},"modified":"2022-06-16T20:14:25","modified_gmt":"2022-06-16T18:14:25","slug":"a-administracion-concursal-de-barreras-acepta-finalmente-readmitir-o-delegado-da-cig-despedido-como-represalia","status":"publish","type":"post","link":"https:\/\/www.anovapeneira.gal\/index.php\/2022\/06\/22\/a-administracion-concursal-de-barreras-acepta-finalmente-readmitir-o-delegado-da-cig-despedido-como-represalia\/","title":{"rendered":"A administraci\u00f3n concursal de Barreras acepta finalmente readmitir o delegado da CIG despedido como represalia"},"content":{"rendered":"\n<h2 class=\"wp-block-heading\">Deste xeito poder\u00e1 abandonar a empresa nas mesmas condici\u00f3ns que o resto de compa\u00f1eiros\/as afectados\/as polo ERE<\/h2>\n\n\n\n<p>Vigo, 15 de xu\u00f1o de 2022.<\/p>\n\n\n\n<p>A administraci\u00f3n concursal do estaleiro vigu\u00e9s Barreras accedeu hoxe a readmitir o delegado da CIG no comit\u00e9 de empresa que fora despedido como represalia tras a ocupaci\u00f3n simb\u00f3lica das instalaci\u00f3ns da compa\u00f1\u00eda na avenida de Beiramar. As\u00ed o comunicou hoxe na xuntanza de negociaci\u00f3n do ERE para arredor dun cento de traballadores\/as, de xeito que o representante sindical poder\u00e1 abandonar a empresa nas mesmas condici\u00f3n que o resto de compa\u00f1eiros\/as no caso de que finalmente non se consiga frear os despedimentos.<\/p>\n\n\n\n<p>A readmisi\u00f3n de Rafa P\u00e9rez era unha esixencia da central sindical, que dende un primeiro momento denunciou o \u201cinxusto e arbitrario\u201d dunha decisi\u00f3n coa que se pretend\u00eda calar a CIG e amedrentar o cadro de persoal, tendo en conta que o delegado despedido nin sequera participou na acci\u00f3n de protesta para demandar unha soluci\u00f3n \u00e1 grave crise que atravesa o estaleiro.<\/p>\n\n\n\n<p>Na central sindical entend\u00edan que ante o proceso de liquidaci\u00f3n que enfronta a empresa todo o cadro de persoal deb\u00eda contar cos mesmos dereitos, \u201ce ao ser despedido Rafa quedaba nunha especie de limbo\u201d. Pero agora poder\u00e1 abandonar a empresa nas mesas condici\u00f3ns que o resto de compa\u00f1eiros\/as, no caso de que non se logre paralizar o ERE. Neste senso, a CIG anunciou recentemente que solicitar\u00e1 xuntanzas cos Gobernos espa\u00f1ol e galego para reclamarlles que interve\u00f1an para evitar os despedimentos.<\/p>\n\n\n\n<p>Unha vez se consume a readmisi\u00f3n, procederase \u00e1 suspensi\u00f3n do xu\u00edzo no que o afectado \u00eda reclamar a nulidade da rescisi\u00f3n do contrato. Precisamente co obxectivo de lograr a volta de P\u00e9rez \u00e1 empresa a CIG desenvolveu unha intensa campa\u00f1a de mobilizaci\u00f3ns que ao final fixo pos\u00edbel a s\u00faa reincorporaci\u00f3n.<\/p>\n","protected":false},"excerpt":{"rendered":"<div class=\"mh-excerpt\"><p>Deste xeito poder\u00e1 abandonar a empresa nas mesmas condici\u00f3ns que o resto de compa\u00f1eiros\/as afectados\/as polo ERE <a class=\"mh-excerpt-more\" href=\"https:\/\/www.anovapeneira.gal\/index.php\/2022\/06\/22\/a-administracion-concursal-de-barreras-acepta-finalmente-readmitir-o-delegado-da-cig-despedido-como-represalia\/\" title=\"A administraci\u00f3n concursal de Barreras acepta finalmente readmitir o delegado da CIG despedido como represalia\">[&#8230;]<\/a><\/p>\n<\/div>","protected":false},"author":3,"featured_media":632,"comment_status":"open","ping_status":"open","sticky":false,"template":"","format":"standard","meta":{"_exactmetrics_skip_tracking":false,"_exactmetrics_sitenote_active":false,"_exactmetrics_sitenote_note":"","_exactmetrics_sitenote_category":0,"footnotes":""},"categories":[263],"tags":[88],"class_list":{"0":"post-7670","1":"post","2":"type-post","3":"status-publish","4":"format-standard","5":"has-post-thumbnail","7":"category-novas","8":"tag-cig"},"yoast_head":"<!-- This site is optimized with the Yoast SEO plugin v27.4 - https:\/\/yoast.com\/product\/yoast-seo-wordpress\/ -->\n<title>A administraci\u00f3n concursal de Barreras acepta finalmente readmitir o delegado da CIG despedido como represalia -<\/title>\n<meta name=\"description\" content=\"Deste xeito poder\u00e1 abandonar a empresa nas mesmas condici\u00f3ns que o resto de compa\u00f1eiros\/as afectados\/as polo ERE\" \/>\n<meta name=\"robots\" content=\"index, follow, max-snippet:-1, max-image-preview:large, max-video-preview:-1\" \/>\n<link rel=\"canonical\" href=\"https:\/\/www.anovapeneira.gal\/index.php\/2022\/06\/22\/a-administracion-concursal-de-barreras-acepta-finalmente-readmitir-o-delegado-da-cig-despedido-como-represalia\/\" \/>\n<meta property=\"og:locale\" content=\"gl_ES\" \/>\n<meta property=\"og:type\" content=\"article\" \/>\n<meta property=\"og:title\" content=\"A administraci\u00f3n concursal de Barreras acepta finalmente readmitir o delegado da CIG despedido como represalia -\" \/>\n<meta property=\"og:description\" content=\"Deste xeito poder\u00e1 abandonar a empresa nas mesmas condici\u00f3ns que o resto de compa\u00f1eiros\/as afectados\/as polo ERE\" \/>\n<meta property=\"og:url\" content=\"https:\/\/www.anovapeneira.gal\/index.php\/2022\/06\/22\/a-administracion-concursal-de-barreras-acepta-finalmente-readmitir-o-delegado-da-cig-despedido-como-represalia\/\" \/>\n<meta property=\"article:publisher\" content=\"https:\/\/www.facebook.com\/anovapeneira\" \/>\n<meta property=\"article:published_time\" content=\"2022-06-22T10:00:01+00:00\" \/>\n<meta property=\"og:image\" content=\"https:\/\/www.anovapeneira.gal\/wp-content\/uploads\/2019\/07\/CIG_a_nova_peneira.png\" \/>\n\t<meta property=\"og:image:width\" content=\"720\" \/>\n\t<meta property=\"og:image:height\" content=\"473\" \/>\n\t<meta property=\"og:image:type\" content=\"image\/png\" \/>\n<meta name=\"author\" content=\"Redacci\u00f3n A Nova Peneira\" \/>\n<meta name=\"twitter:card\" content=\"summary_large_image\" \/>\n<meta name=\"twitter:creator\" content=\"@APeneira\" \/>\n<meta name=\"twitter:site\" content=\"@APeneira\" \/>\n<meta name=\"twitter:label1\" content=\"Escrito por\" \/>\n\t<meta name=\"twitter:data1\" content=\"Redacci\u00f3n A Nova Peneira\" \/>\n\t<meta name=\"twitter:label2\" content=\"Tempo de lectura\" \/>\n\t<meta name=\"twitter:data2\" content=\"2 minutos\" \/>\n<script type=\"application\/ld+json\" class=\"yoast-schema-graph\">{\"@context\":\"https:\\\/\\\/schema.org\",\"@graph\":[{\"@type\":\"Article\",\"@id\":\"https:\\\/\\\/www.anovapeneira.gal\\\/index.php\\\/2022\\\/06\\\/22\\\/a-administracion-concursal-de-barreras-acepta-finalmente-readmitir-o-delegado-da-cig-despedido-como-represalia\\\/#article\",\"isPartOf\":{\"@id\":\"https:\\\/\\\/www.anovapeneira.gal\\\/index.php\\\/2022\\\/06\\\/22\\\/a-administracion-concursal-de-barreras-acepta-finalmente-readmitir-o-delegado-da-cig-despedido-como-represalia\\\/\"},\"author\":{\"name\":\"Redacci\u00f3n A Nova Peneira\",\"@id\":\"https:\\\/\\\/www.anovapeneira.gal\\\/#\\\/schema\\\/person\\\/b93e3f8932e3f8da96334607eb6ac6aa\"},\"headline\":\"A administraci\u00f3n concursal de Barreras acepta finalmente readmitir o delegado da CIG despedido como represalia\",\"datePublished\":\"2022-06-22T10:00:01+00:00\",\"mainEntityOfPage\":{\"@id\":\"https:\\\/\\\/www.anovapeneira.gal\\\/index.php\\\/2022\\\/06\\\/22\\\/a-administracion-concursal-de-barreras-acepta-finalmente-readmitir-o-delegado-da-cig-despedido-como-represalia\\\/\"},\"wordCount\":346,\"commentCount\":0,\"publisher\":{\"@id\":\"https:\\\/\\\/www.anovapeneira.gal\\\/#organization\"},\"image\":{\"@id\":\"https:\\\/\\\/www.anovapeneira.gal\\\/index.php\\\/2022\\\/06\\\/22\\\/a-administracion-concursal-de-barreras-acepta-finalmente-readmitir-o-delegado-da-cig-despedido-como-represalia\\\/#primaryimage\"},\"thumbnailUrl\":\"https:\\\/\\\/www.anovapeneira.gal\\\/wp-content\\\/uploads\\\/2019\\\/07\\\/CIG_a_nova_peneira.png\",\"keywords\":[\"CIG\"],\"articleSection\":[\"Novas\"],\"inLanguage\":\"gl-ES\",\"potentialAction\":[{\"@type\":\"CommentAction\",\"name\":\"Comment\",\"target\":[\"https:\\\/\\\/www.anovapeneira.gal\\\/index.php\\\/2022\\\/06\\\/22\\\/a-administracion-concursal-de-barreras-acepta-finalmente-readmitir-o-delegado-da-cig-despedido-como-represalia\\\/#respond\"]}]},{\"@type\":\"WebPage\",\"@id\":\"https:\\\/\\\/www.anovapeneira.gal\\\/index.php\\\/2022\\\/06\\\/22\\\/a-administracion-concursal-de-barreras-acepta-finalmente-readmitir-o-delegado-da-cig-despedido-como-represalia\\\/\",\"url\":\"https:\\\/\\\/www.anovapeneira.gal\\\/index.php\\\/2022\\\/06\\\/22\\\/a-administracion-concursal-de-barreras-acepta-finalmente-readmitir-o-delegado-da-cig-despedido-como-represalia\\\/\",\"name\":\"A administraci\u00f3n concursal de Barreras acepta finalmente readmitir o delegado da CIG despedido como represalia -\",\"isPartOf\":{\"@id\":\"https:\\\/\\\/www.anovapeneira.gal\\\/#website\"},\"primaryImageOfPage\":{\"@id\":\"https:\\\/\\\/www.anovapeneira.gal\\\/index.php\\\/2022\\\/06\\\/22\\\/a-administracion-concursal-de-barreras-acepta-finalmente-readmitir-o-delegado-da-cig-despedido-como-represalia\\\/#primaryimage\"},\"image\":{\"@id\":\"https:\\\/\\\/www.anovapeneira.gal\\\/index.php\\\/2022\\\/06\\\/22\\\/a-administracion-concursal-de-barreras-acepta-finalmente-readmitir-o-delegado-da-cig-despedido-como-represalia\\\/#primaryimage\"},\"thumbnailUrl\":\"https:\\\/\\\/www.anovapeneira.gal\\\/wp-content\\\/uploads\\\/2019\\\/07\\\/CIG_a_nova_peneira.png\",\"datePublished\":\"2022-06-22T10:00:01+00:00\",\"description\":\"Deste xeito poder\u00e1 abandonar a empresa nas mesmas condici\u00f3ns que o resto de compa\u00f1eiros\\\/as afectados\\\/as polo ERE\",\"breadcrumb\":{\"@id\":\"https:\\\/\\\/www.anovapeneira.gal\\\/index.php\\\/2022\\\/06\\\/22\\\/a-administracion-concursal-de-barreras-acepta-finalmente-readmitir-o-delegado-da-cig-despedido-como-represalia\\\/#breadcrumb\"},\"inLanguage\":\"gl-ES\",\"potentialAction\":[{\"@type\":\"ReadAction\",\"target\":[\"https:\\\/\\\/www.anovapeneira.gal\\\/index.php\\\/2022\\\/06\\\/22\\\/a-administracion-concursal-de-barreras-acepta-finalmente-readmitir-o-delegado-da-cig-despedido-como-represalia\\\/\"]}]},{\"@type\":\"ImageObject\",\"inLanguage\":\"gl-ES\",\"@id\":\"https:\\\/\\\/www.anovapeneira.gal\\\/index.php\\\/2022\\\/06\\\/22\\\/a-administracion-concursal-de-barreras-acepta-finalmente-readmitir-o-delegado-da-cig-despedido-como-represalia\\\/#primaryimage\",\"url\":\"https:\\\/\\\/www.anovapeneira.gal\\\/wp-content\\\/uploads\\\/2019\\\/07\\\/CIG_a_nova_peneira.png\",\"contentUrl\":\"https:\\\/\\\/www.anovapeneira.gal\\\/wp-content\\\/uploads\\\/2019\\\/07\\\/CIG_a_nova_peneira.png\",\"width\":720,\"height\":473,\"caption\":\"Confederaci\u00f3n Intersindical Galega A Nova Peneira\"},{\"@type\":\"BreadcrumbList\",\"@id\":\"https:\\\/\\\/www.anovapeneira.gal\\\/index.php\\\/2022\\\/06\\\/22\\\/a-administracion-concursal-de-barreras-acepta-finalmente-readmitir-o-delegado-da-cig-despedido-como-represalia\\\/#breadcrumb\",\"itemListElement\":[{\"@type\":\"ListItem\",\"position\":1,\"name\":\"Portada\",\"item\":\"https:\\\/\\\/www.anovapeneira.gal\\\/\"},{\"@type\":\"ListItem\",\"position\":2,\"name\":\"A administraci\u00f3n concursal de Barreras acepta finalmente readmitir o delegado da CIG despedido como represalia\"}]},{\"@type\":\"WebSite\",\"@id\":\"https:\\\/\\\/www.anovapeneira.gal\\\/#website\",\"url\":\"https:\\\/\\\/www.anovapeneira.gal\\\/\",\"name\":\"\",\"description\":\"Xornal galego de informaci\u00f3n xeral Publicaci\u00f3n mensual de novas de Galicia e en especial dos Concellos da sur da provincia de Pontevedra.\",\"publisher\":{\"@id\":\"https:\\\/\\\/www.anovapeneira.gal\\\/#organization\"},\"potentialAction\":[{\"@type\":\"SearchAction\",\"target\":{\"@type\":\"EntryPoint\",\"urlTemplate\":\"https:\\\/\\\/www.anovapeneira.gal\\\/?s={search_term_string}\"},\"query-input\":{\"@type\":\"PropertyValueSpecification\",\"valueRequired\":true,\"valueName\":\"search_term_string\"}}],\"inLanguage\":\"gl-ES\"},{\"@type\":\"Organization\",\"@id\":\"https:\\\/\\\/www.anovapeneira.gal\\\/#organization\",\"name\":\"A Nova Peneira\",\"url\":\"https:\\\/\\\/www.anovapeneira.gal\\\/\",\"logo\":{\"@type\":\"ImageObject\",\"inLanguage\":\"gl-ES\",\"@id\":\"https:\\\/\\\/www.anovapeneira.gal\\\/#\\\/schema\\\/logo\\\/image\\\/\",\"url\":\"http:\\\/\\\/www.anovapeneira.gal\\\/wp-content\\\/uploads\\\/2019\\\/06\\\/logo_a_nova_peneira_portal_web.png\",\"contentUrl\":\"http:\\\/\\\/www.anovapeneira.gal\\\/wp-content\\\/uploads\\\/2019\\\/06\\\/logo_a_nova_peneira_portal_web.png\",\"width\":300,\"height\":100,\"caption\":\"A Nova Peneira\"},\"image\":{\"@id\":\"https:\\\/\\\/www.anovapeneira.gal\\\/#\\\/schema\\\/logo\\\/image\\\/\"},\"sameAs\":[\"https:\\\/\\\/www.facebook.com\\\/anovapeneira\",\"https:\\\/\\\/x.com\\\/APeneira\"]},{\"@type\":\"Person\",\"@id\":\"https:\\\/\\\/www.anovapeneira.gal\\\/#\\\/schema\\\/person\\\/b93e3f8932e3f8da96334607eb6ac6aa\",\"name\":\"Redacci\u00f3n A Nova Peneira\",\"image\":{\"@type\":\"ImageObject\",\"inLanguage\":\"gl-ES\",\"@id\":\"https:\\\/\\\/secure.gravatar.com\\\/avatar\\\/c052a2551a06e23fac63626232eaa90abd78dbcf1700fc46a2b2c89fd27b735f?s=96&d=mm&r=g\",\"url\":\"https:\\\/\\\/secure.gravatar.com\\\/avatar\\\/c052a2551a06e23fac63626232eaa90abd78dbcf1700fc46a2b2c89fd27b735f?s=96&d=mm&r=g\",\"contentUrl\":\"https:\\\/\\\/secure.gravatar.com\\\/avatar\\\/c052a2551a06e23fac63626232eaa90abd78dbcf1700fc46a2b2c89fd27b735f?s=96&d=mm&r=g\",\"caption\":\"Redacci\u00f3n A Nova Peneira\"},\"sameAs\":[\"http:\\\/\\\/www.anovapeneira.gal\\\/\"],\"url\":\"https:\\\/\\\/www.anovapeneira.gal\\\/index.php\\\/author\\\/redactor\\\/\"}]}<\/script>\n<!-- \/ Yoast SEO plugin. -->","yoast_head_json":{"title":"A administraci\u00f3n concursal de Barreras acepta finalmente readmitir o delegado da CIG despedido como represalia -","description":"Deste xeito poder\u00e1 abandonar a empresa nas mesmas condici\u00f3ns que o resto de compa\u00f1eiros\/as afectados\/as polo ERE","robots":{"index":"index","follow":"follow","max-snippet":"max-snippet:-1","max-image-preview":"max-image-preview:large","max-video-preview":"max-video-preview:-1"},"canonical":"https:\/\/www.anovapeneira.gal\/index.php\/2022\/06\/22\/a-administracion-concursal-de-barreras-acepta-finalmente-readmitir-o-delegado-da-cig-despedido-como-represalia\/","og_locale":"gl_ES","og_type":"article","og_title":"A administraci\u00f3n concursal de Barreras acepta finalmente readmitir o delegado da CIG despedido como represalia -","og_description":"Deste xeito poder\u00e1 abandonar a empresa nas mesmas condici\u00f3ns que o resto de compa\u00f1eiros\/as afectados\/as polo ERE","og_url":"https:\/\/www.anovapeneira.gal\/index.php\/2022\/06\/22\/a-administracion-concursal-de-barreras-acepta-finalmente-readmitir-o-delegado-da-cig-despedido-como-represalia\/","article_publisher":"https:\/\/www.facebook.com\/anovapeneira","article_published_time":"2022-06-22T10:00:01+00:00","og_image":[{"width":720,"height":473,"url":"https:\/\/www.anovapeneira.gal\/wp-content\/uploads\/2019\/07\/CIG_a_nova_peneira.png","type":"image\/png"}],"author":"Redacci\u00f3n A Nova Peneira","twitter_card":"summary_large_image","twitter_creator":"@APeneira","twitter_site":"@APeneira","twitter_misc":{"Escrito por":"Redacci\u00f3n A Nova Peneira","Tempo de lectura":"2 minutos"},"schema":{"@context":"https:\/\/schema.org","@graph":[{"@type":"Article","@id":"https:\/\/www.anovapeneira.gal\/index.php\/2022\/06\/22\/a-administracion-concursal-de-barreras-acepta-finalmente-readmitir-o-delegado-da-cig-despedido-como-represalia\/#article","isPartOf":{"@id":"https:\/\/www.anovapeneira.gal\/index.php\/2022\/06\/22\/a-administracion-concursal-de-barreras-acepta-finalmente-readmitir-o-delegado-da-cig-despedido-como-represalia\/"},"author":{"name":"Redacci\u00f3n A Nova Peneira","@id":"https:\/\/www.anovapeneira.gal\/#\/schema\/person\/b93e3f8932e3f8da96334607eb6ac6aa"},"headline":"A administraci\u00f3n concursal de Barreras acepta finalmente readmitir o delegado da CIG despedido como represalia","datePublished":"2022-06-22T10:00:01+00:00","mainEntityOfPage":{"@id":"https:\/\/www.anovapeneira.gal\/index.php\/2022\/06\/22\/a-administracion-concursal-de-barreras-acepta-finalmente-readmitir-o-delegado-da-cig-despedido-como-represalia\/"},"wordCount":346,"commentCount":0,"publisher":{"@id":"https:\/\/www.anovapeneira.gal\/#organization"},"image":{"@id":"https:\/\/www.anovapeneira.gal\/index.php\/2022\/06\/22\/a-administracion-concursal-de-barreras-acepta-finalmente-readmitir-o-delegado-da-cig-despedido-como-represalia\/#primaryimage"},"thumbnailUrl":"https:\/\/www.anovapeneira.gal\/wp-content\/uploads\/2019\/07\/CIG_a_nova_peneira.png","keywords":["CIG"],"articleSection":["Novas"],"inLanguage":"gl-ES","potentialAction":[{"@type":"CommentAction","name":"Comment","target":["https:\/\/www.anovapeneira.gal\/index.php\/2022\/06\/22\/a-administracion-concursal-de-barreras-acepta-finalmente-readmitir-o-delegado-da-cig-despedido-como-represalia\/#respond"]}]},{"@type":"WebPage","@id":"https:\/\/www.anovapeneira.gal\/index.php\/2022\/06\/22\/a-administracion-concursal-de-barreras-acepta-finalmente-readmitir-o-delegado-da-cig-despedido-como-represalia\/","url":"https:\/\/www.anovapeneira.gal\/index.php\/2022\/06\/22\/a-administracion-concursal-de-barreras-acepta-finalmente-readmitir-o-delegado-da-cig-despedido-como-represalia\/","name":"A administraci\u00f3n concursal de Barreras acepta finalmente readmitir o delegado da CIG despedido como represalia -","isPartOf":{"@id":"https:\/\/www.anovapeneira.gal\/#website"},"primaryImageOfPage":{"@id":"https:\/\/www.anovapeneira.gal\/index.php\/2022\/06\/22\/a-administracion-concursal-de-barreras-acepta-finalmente-readmitir-o-delegado-da-cig-despedido-como-represalia\/#primaryimage"},"image":{"@id":"https:\/\/www.anovapeneira.gal\/index.php\/2022\/06\/22\/a-administracion-concursal-de-barreras-acepta-finalmente-readmitir-o-delegado-da-cig-despedido-como-represalia\/#primaryimage"},"thumbnailUrl":"https:\/\/www.anovapeneira.gal\/wp-content\/uploads\/2019\/07\/CIG_a_nova_peneira.png","datePublished":"2022-06-22T10:00:01+00:00","description":"Deste xeito poder\u00e1 abandonar a empresa nas mesmas condici\u00f3ns que o resto de compa\u00f1eiros\/as afectados\/as polo ERE","breadcrumb":{"@id":"https:\/\/www.anovapeneira.gal\/index.php\/2022\/06\/22\/a-administracion-concursal-de-barreras-acepta-finalmente-readmitir-o-delegado-da-cig-despedido-como-represalia\/#breadcrumb"},"inLanguage":"gl-ES","potentialAction":[{"@type":"ReadAction","target":["https:\/\/www.anovapeneira.gal\/index.php\/2022\/06\/22\/a-administracion-concursal-de-barreras-acepta-finalmente-readmitir-o-delegado-da-cig-despedido-como-represalia\/"]}]},{"@type":"ImageObject","inLanguage":"gl-ES","@id":"https:\/\/www.anovapeneira.gal\/index.php\/2022\/06\/22\/a-administracion-concursal-de-barreras-acepta-finalmente-readmitir-o-delegado-da-cig-despedido-como-represalia\/#primaryimage","url":"https:\/\/www.anovapeneira.gal\/wp-content\/uploads\/2019\/07\/CIG_a_nova_peneira.png","contentUrl":"https:\/\/www.anovapeneira.gal\/wp-content\/uploads\/2019\/07\/CIG_a_nova_peneira.png","width":720,"height":473,"caption":"Confederaci\u00f3n Intersindical Galega A Nova Peneira"},{"@type":"BreadcrumbList","@id":"https:\/\/www.anovapeneira.gal\/index.php\/2022\/06\/22\/a-administracion-concursal-de-barreras-acepta-finalmente-readmitir-o-delegado-da-cig-despedido-como-represalia\/#breadcrumb","itemListElement":[{"@type":"ListItem","position":1,"name":"Portada","item":"https:\/\/www.anovapeneira.gal\/"},{"@type":"ListItem","position":2,"name":"A administraci\u00f3n concursal de Barreras acepta finalmente readmitir o delegado da CIG despedido como represalia"}]},{"@type":"WebSite","@id":"https:\/\/www.anovapeneira.gal\/#website","url":"https:\/\/www.anovapeneira.gal\/","name":"","description":"Xornal galego de informaci\u00f3n xeral Publicaci\u00f3n mensual de novas de Galicia e en especial dos Concellos da sur da provincia de Pontevedra.","publisher":{"@id":"https:\/\/www.anovapeneira.gal\/#organization"},"potentialAction":[{"@type":"SearchAction","target":{"@type":"EntryPoint","urlTemplate":"https:\/\/www.anovapeneira.gal\/?s={search_term_string}"},"query-input":{"@type":"PropertyValueSpecification","valueRequired":true,"valueName":"search_term_string"}}],"inLanguage":"gl-ES"},{"@type":"Organization","@id":"https:\/\/www.anovapeneira.gal\/#organization","name":"A Nova Peneira","url":"https:\/\/www.anovapeneira.gal\/","logo":{"@type":"ImageObject","inLanguage":"gl-ES","@id":"https:\/\/www.anovapeneira.gal\/#\/schema\/logo\/image\/","url":"http:\/\/www.anovapeneira.gal\/wp-content\/uploads\/2019\/06\/logo_a_nova_peneira_portal_web.png","contentUrl":"http:\/\/www.anovapeneira.gal\/wp-content\/uploads\/2019\/06\/logo_a_nova_peneira_portal_web.png","width":300,"height":100,"caption":"A Nova Peneira"},"image":{"@id":"https:\/\/www.anovapeneira.gal\/#\/schema\/logo\/image\/"},"sameAs":["https:\/\/www.facebook.com\/anovapeneira","https:\/\/x.com\/APeneira"]},{"@type":"Person","@id":"https:\/\/www.anovapeneira.gal\/#\/schema\/person\/b93e3f8932e3f8da96334607eb6ac6aa","name":"Redacci\u00f3n A Nova Peneira","image":{"@type":"ImageObject","inLanguage":"gl-ES","@id":"https:\/\/secure.gravatar.com\/avatar\/c052a2551a06e23fac63626232eaa90abd78dbcf1700fc46a2b2c89fd27b735f?s=96&d=mm&r=g","url":"https:\/\/secure.gravatar.com\/avatar\/c052a2551a06e23fac63626232eaa90abd78dbcf1700fc46a2b2c89fd27b735f?s=96&d=mm&r=g","contentUrl":"https:\/\/secure.gravatar.com\/avatar\/c052a2551a06e23fac63626232eaa90abd78dbcf1700fc46a2b2c89fd27b735f?s=96&d=mm&r=g","caption":"Redacci\u00f3n A Nova Peneira"},"sameAs":["http:\/\/www.anovapeneira.gal\/"],"url":"https:\/\/www.anovapeneira.gal\/index.php\/author\/redactor\/"}]}},"jetpack_featured_media_url":"https:\/\/www.anovapeneira.gal\/wp-content\/uploads\/2019\/07\/CIG_a_nova_peneira.png","_links":{"self":[{"href":"https:\/\/www.anovapeneira.gal\/index.php\/wp-json\/wp\/v2\/posts\/7670","targetHints":{"allow":["GET"]}}],"collection":[{"href":"https:\/\/www.anovapeneira.gal\/index.php\/wp-json\/wp\/v2\/posts"}],"about":[{"href":"https:\/\/www.anovapeneira.gal\/index.php\/wp-json\/wp\/v2\/types\/post"}],"author":[{"embeddable":true,"href":"https:\/\/www.anovapeneira.gal\/index.php\/wp-json\/wp\/v2\/users\/3"}],"replies":[{"embeddable":true,"href":"https:\/\/www.anovapeneira.gal\/index.php\/wp-json\/wp\/v2\/comments?post=7670"}],"version-history":[{"count":1,"href":"https:\/\/www.anovapeneira.gal\/index.php\/wp-json\/wp\/v2\/posts\/7670\/revisions"}],"predecessor-version":[{"id":7671,"href":"https:\/\/www.anovapeneira.gal\/index.php\/wp-json\/wp\/v2\/posts\/7670\/revisions\/7671"}],"wp:featuredmedia":[{"embeddable":true,"href":"https:\/\/www.anovapeneira.gal\/index.php\/wp-json\/wp\/v2\/media\/632"}],"wp:attachment":[{"href":"https:\/\/www.anovapeneira.gal\/index.php\/wp-json\/wp\/v2\/media?parent=7670"}],"wp:term":[{"taxonomy":"category","embeddable":true,"href":"https:\/\/www.anovapeneira.gal\/index.php\/wp-json\/wp\/v2\/categories?post=7670"},{"taxonomy":"post_tag","embeddable":true,"href":"https:\/\/www.anovapeneira.gal\/index.php\/wp-json\/wp\/v2\/tags?post=7670"}],"curies":[{"name":"wp","href":"https:\/\/api.w.org\/{rel}","templated":true}]}}