{"id":7672,"date":"2022-06-23T10:00:22","date_gmt":"2022-06-23T08:00:22","guid":{"rendered":"https:\/\/www.anovapeneira.gal\/?p=7672"},"modified":"2022-06-16T20:14:33","modified_gmt":"2022-06-16T18:14:33","slug":"a-festa-de-san-bieito-volve-alumear-as-ruas-de-gondomar","status":"publish","type":"post","link":"https:\/\/www.anovapeneira.gal\/index.php\/2022\/06\/23\/a-festa-de-san-bieito-volve-alumear-as-ruas-de-gondomar\/","title":{"rendered":"A Festa de San Bieito volve alumear as r\u00faas de Gondomar"},"content":{"rendered":"\n<p>Un ano m\u00e1is chega \u00e1s r\u00faas do noso concello a festa m\u00e1is relevante da no sa vila e seguramente unha das m\u00e1is significativas da comarca do Val Mi\u00f1or. Si, amigos e amigas estamos falando de San Bieito que, como \u00e9 habitual a principios do vindeiro mes de xullo, volver\u00e1 asolagar de luz e cor ao noso querido Gondomar. Por\u00e9n esta \u00e9 un festa que a\u00ednda conserva un importante sentido relixioso, iso no quita que o factor l\u00fadico estea tam\u00e9n presente , que si o est\u00e1, pero San Bieito \u00e9 tam\u00e9n un evento relixioso de primeira magnitude onde a fe de moitos veci\u00f1os e visitantes faise moi presente.N\u00f3s para co\u00f1ecer como se presenta este ano conversamos con Juan Jos\u00e9 p\u00e1rroco da localidade<\/p>\n\n\n\n<p><strong>Juan Jos\u00e9 Gonz\u00e1lez p\u00e1rroco de Gondomar<\/strong><\/p>\n\n\n\n<p>\u201c<strong>En San Bieito prima o relixioso sobre o l\u00fadico\u201d<\/strong><\/p>\n\n\n\n<p><strong>Como se presenta a festa de San Bieito deste ano?<\/strong><\/p>\n\n\n\n<blockquote class=\"wp-block-quote is-layout-flow wp-block-quote-is-layout-flow\"><p>Coas mesmas ganas que outros anos, pero coa perspectiva de non ter ning\u00fan tipo de restrici\u00f3n e, esperemos poder volver \u00e1 normalidade. A \u00fanica festa que non celebramos foi a de San Bieito de inverno, que cadrou en pleno confinamento da pandemia. Do resto puid\u00e9molas celebrar todas. Estas cumprindo as medidas de precauci\u00f3n e sanitarias do momento pola COVID.<\/p><\/blockquote>\n\n\n\n<p><strong>Vaia, puideches celebrar na pandemia a romar\u00eda como outros anos?<\/strong><\/p>\n\n\n\n<blockquote class=\"wp-block-quote is-layout-flow wp-block-quote-is-layout-flow\"><p>Si. Tivemos que po\u00f1er unha carpa f\u00f3ra para que houbese m\u00e1is espazo e estivese todo m\u00e1is aireado. Mantivemos a imaxe do Santo dentro da Igrexa para poder achegarse a vela mantendo unha distancia e unha orde para que non houbese aglomeraci\u00f3ns. Resultounos bastante ben e temos pensado, en principio, que para este ano que non haxa que facer ning\u00fan tipo de restrici\u00f3n e poder volver \u00e1 normalidade de antes do ano 20.<\/p><\/blockquote>\n\n\n\n<p><strong>O d\u00eda de San Bieito \u00e9 o 11 de xullo. Cal \u00e9 a caracter\u00edstica desta festa? Que \u00e9 o que facedes para celebrala?<\/strong><\/p>\n\n\n\n<blockquote class=\"wp-block-quote is-layout-flow wp-block-quote-is-layout-flow\"><p>O 11 de xullo \u00e9 a chamada romar\u00eda de San Bieito de ver\u00e1n e \u00e9 festivo local aqu\u00ed en Gondomar. A outra \u00e9 a chamada de inverno que se celebra o 21 de marzo.<\/p><\/blockquote>\n\n\n\n<blockquote class=\"wp-block-quote is-layout-flow wp-block-quote-is-layout-flow\"><p>Esta \u00e9 unha romar\u00eda onde prima o estilo cl\u00e1sico. Prima o aspecto relixioso por encima de calquera acto l\u00fadico.<\/p><\/blockquote>\n\n\n\n<blockquote class=\"wp-block-quote is-layout-flow wp-block-quote-is-layout-flow\"><p>Os devotos o que ve\u00f1en \u00e9 a escoitar misa. Hai misas desde as 7:00 H da ma\u00f1\u00e1 \u00e1 13:00 H da tarde, ininterrompidamente unha cada hora. Despois da misa maior, a das 12, hai procesi\u00f3n. Unha procesi\u00f3n moi sinxela ao redor do templo para que os devotos te\u00f1an a oportunidade de levar algunha das varas do Santo.<\/p><\/blockquote>\n\n\n\n<blockquote class=\"wp-block-quote is-layout-flow wp-block-quote-is-layout-flow\"><p>Xa pola tarde de 5:30 H a 9:30 H. Despois faise a tradicional ofrenda, que adoita ser dunha ducia de ovos de casa, pedidos normalmente e mesmo cada 1 nunha casa diferente para que supo\u00f1a m\u00e1is esforzo, aceite ou mesmo as figuras de cera de esbozos representando o mal concreto da zona do corpo que queremos curar.<\/p><\/blockquote>\n\n\n\n<p><strong>Durante cantos d\u00edas hai estas misas?<\/strong><\/p>\n\n\n\n<blockquote class=\"wp-block-quote is-layout-flow wp-block-quote-is-layout-flow\"><p>No propio s\u00f3 o propio d\u00eda de San Benito, si que hai a novena entre os d\u00edas dous e dez do propio mes de xullo.<\/p><\/blockquote>\n\n\n\n<blockquote class=\"wp-block-quote is-layout-flow wp-block-quote-is-layout-flow\"><p>Como San Bieito \u00e9 o patr\u00f3n de Gondomar, compl\u00e9tase esta romar\u00eda relixiosa con outras festas como a de San Crist\u00f3bal, que este ano cadra en domingo d\u00eda 10. Este \u00e9 o patr\u00f3n dos coches polo que facemos a misa no exterior e a bendici\u00f3n dos veh\u00edculos. Aqu\u00ed soe ser os protagonistas o colectivo de taxistas.<\/p><\/blockquote>\n\n\n\n<blockquote class=\"wp-block-quote is-layout-flow wp-block-quote-is-layout-flow\"><p>Despois do d\u00eda de San Bieito, o d\u00eda 12, v\u00e9n a festa de San Antonio. Aqu\u00ed fanse as poxas das ofrendas entregadas ao Santo. Estas adoitan ser plantas, galos, gali\u00f1as, coellos&#8230; E despois hai misa solemne e procesi\u00f3n.<\/p><\/blockquote>\n\n\n\n<blockquote class=\"wp-block-quote is-layout-flow wp-block-quote-is-layout-flow\"><p>Para terminar, temos unha \u00faltima celebraci\u00f3n ao seguinte domingo de San Bieito que este ano cadra en d\u00eda 17. Esta \u00e9 a chamada Festa da Gratitude. Festa na que se fai unha ofrenda de flores. Esta \u00e9 para a xente do pobo, a xente de aqu\u00ed, sobre todo para os comerciantes, en modo de agradecemento polos beneficios obtidos. Faise o domingo unha misa solemne, despois unha procesi\u00f3n, esta \u00e9 a \u00faltima xa, e logo a ofrenda de flores, tanto por parte de particulares, como dos comerciantes.<\/p><\/blockquote>\n\n\n\n<p><strong>E a festa l\u00fadica, quen a organiza? O concello, unha Comisi\u00f3n de Festas ou Participa Tam\u00e9n a Igrexa.<\/strong><\/p>\n\n\n\n<blockquote class=\"wp-block-quote is-layout-flow wp-block-quote-is-layout-flow\"><p>Esta \u00e9 unha festa que v\u00e9n rodada xa, como quen di, a parte relixiosa faise sempre e soa, independentemente de que se celebre ou non a parte l\u00fadica e organiz\u00e1mola aqu\u00ed. Da parte l\u00fadica si que hai unha comisi\u00f3n que \u00e9 a que se encarga da celebraci\u00f3n das verbenas e todo o tema musical e gastron\u00f3mico.<\/p><\/blockquote>\n\n\n\n<p><strong>E as relaci\u00f3ns co concello, que tal est\u00e1n? Achegan axuda econ\u00f3mica para esta festa?<\/strong><\/p>\n\n\n\n<blockquote class=\"wp-block-quote is-layout-flow wp-block-quote-is-layout-flow\"><p>Supo\u00f1o que o Concello far\u00e1 alg\u00fan tipo de achega coa Comisi\u00f3n de Festas organizadora da parte l\u00fadica. Na parte relixiosa non lle pedimos di\u00f1eiro ao Concello. Si que o ano pasado ped\u00edmoslle o estrado para a carpa e proporcion\u00e1ronnolo, pero este ano non temos previsto pedirlle nada en especial.<\/p><\/blockquote>\n","protected":false},"excerpt":{"rendered":"<div class=\"mh-excerpt\"><p>Un ano m\u00e1is chega \u00e1s r\u00faas do noso concello a festa m\u00e1is relevante da no sa vila e seguramente unha das m\u00e1is significativas da comarca do Val Mi\u00f1or. Si, amigos e amigas estamos falando de San Bieito que, como \u00e9 habitual a principios do vindeiro mes de xullo, volver\u00e1 asolagar de luz e cor ao noso querido Gondomar <a class=\"mh-excerpt-more\" href=\"https:\/\/www.anovapeneira.gal\/index.php\/2022\/06\/23\/a-festa-de-san-bieito-volve-alumear-as-ruas-de-gondomar\/\" title=\"A Festa de San Bieito volve alumear as r\u00faas de Gondomar\">[&#8230;]<\/a><\/p>\n<\/div>","protected":false},"author":3,"featured_media":7673,"comment_status":"open","ping_status":"open","sticky":false,"template":"","format":"standard","meta":{"_exactmetrics_skip_tracking":false,"_exactmetrics_sitenote_active":false,"_exactmetrics_sitenote_note":"","_exactmetrics_sitenote_category":0,"footnotes":""},"categories":[20],"tags":[149],"class_list":{"0":"post-7672","1":"post","2":"type-post","3":"status-publish","4":"format-standard","5":"has-post-thumbnail","7":"category-val-minor","8":"tag-concello-de-gondomar"},"yoast_head":"<!-- This site is optimized with the Yoast SEO plugin v27.5 - https:\/\/yoast.com\/product\/yoast-seo-wordpress\/ -->\n<title>A Festa de San Bieito volve alumear as r\u00faas de Gondomar -<\/title>\n<meta name=\"description\" content=\"Un ano m\u00e1is chega \u00e1s r\u00faas do noso concello a festa m\u00e1is relevante da no sa vila e seguramente unha das m\u00e1is significativas da comarca do Val Mi\u00f1or.\" \/>\n<meta name=\"robots\" content=\"index, follow, max-snippet:-1, max-image-preview:large, max-video-preview:-1\" \/>\n<link rel=\"canonical\" href=\"https:\/\/www.anovapeneira.gal\/index.php\/2022\/06\/23\/a-festa-de-san-bieito-volve-alumear-as-ruas-de-gondomar\/\" \/>\n<meta property=\"og:locale\" content=\"gl_ES\" \/>\n<meta property=\"og:type\" content=\"article\" \/>\n<meta property=\"og:title\" content=\"A Festa de San Bieito volve alumear as r\u00faas de Gondomar -\" \/>\n<meta property=\"og:description\" content=\"Un ano m\u00e1is chega \u00e1s r\u00faas do noso concello a festa m\u00e1is relevante da no sa vila e seguramente unha das m\u00e1is significativas da comarca do Val Mi\u00f1or.\" \/>\n<meta property=\"og:url\" content=\"https:\/\/www.anovapeneira.gal\/index.php\/2022\/06\/23\/a-festa-de-san-bieito-volve-alumear-as-ruas-de-gondomar\/\" \/>\n<meta property=\"article:publisher\" content=\"https:\/\/www.facebook.com\/anovapeneira\" \/>\n<meta property=\"article:published_time\" content=\"2022-06-23T08:00:22+00:00\" \/>\n<meta property=\"og:image\" content=\"https:\/\/www.anovapeneira.gal\/wp-content\/uploads\/2022\/06\/san_benito_gondomar.jpg\" \/>\n\t<meta property=\"og:image:width\" content=\"720\" \/>\n\t<meta property=\"og:image:height\" content=\"432\" \/>\n\t<meta property=\"og:image:type\" content=\"image\/jpeg\" \/>\n<meta name=\"author\" content=\"Redacci\u00f3n A Nova Peneira\" \/>\n<meta name=\"twitter:card\" content=\"summary_large_image\" \/>\n<meta name=\"twitter:creator\" content=\"@APeneira\" \/>\n<meta name=\"twitter:site\" content=\"@APeneira\" \/>\n<meta name=\"twitter:label1\" content=\"Escrito por\" \/>\n\t<meta name=\"twitter:data1\" content=\"Redacci\u00f3n A Nova Peneira\" \/>\n\t<meta name=\"twitter:label2\" content=\"Tempo de lectura\" \/>\n\t<meta name=\"twitter:data2\" content=\"5 minutos\" \/>\n<script type=\"application\/ld+json\" class=\"yoast-schema-graph\">{\"@context\":\"https:\\\/\\\/schema.org\",\"@graph\":[{\"@type\":\"Article\",\"@id\":\"https:\\\/\\\/www.anovapeneira.gal\\\/index.php\\\/2022\\\/06\\\/23\\\/a-festa-de-san-bieito-volve-alumear-as-ruas-de-gondomar\\\/#article\",\"isPartOf\":{\"@id\":\"https:\\\/\\\/www.anovapeneira.gal\\\/index.php\\\/2022\\\/06\\\/23\\\/a-festa-de-san-bieito-volve-alumear-as-ruas-de-gondomar\\\/\"},\"author\":{\"name\":\"Redacci\u00f3n A Nova Peneira\",\"@id\":\"https:\\\/\\\/www.anovapeneira.gal\\\/#\\\/schema\\\/person\\\/b93e3f8932e3f8da96334607eb6ac6aa\"},\"headline\":\"A Festa de San Bieito volve alumear as r\u00faas de Gondomar\",\"datePublished\":\"2022-06-23T08:00:22+00:00\",\"mainEntityOfPage\":{\"@id\":\"https:\\\/\\\/www.anovapeneira.gal\\\/index.php\\\/2022\\\/06\\\/23\\\/a-festa-de-san-bieito-volve-alumear-as-ruas-de-gondomar\\\/\"},\"wordCount\":883,\"commentCount\":0,\"publisher\":{\"@id\":\"https:\\\/\\\/www.anovapeneira.gal\\\/#organization\"},\"image\":{\"@id\":\"https:\\\/\\\/www.anovapeneira.gal\\\/index.php\\\/2022\\\/06\\\/23\\\/a-festa-de-san-bieito-volve-alumear-as-ruas-de-gondomar\\\/#primaryimage\"},\"thumbnailUrl\":\"https:\\\/\\\/www.anovapeneira.gal\\\/wp-content\\\/uploads\\\/2022\\\/06\\\/san_benito_gondomar.jpg\",\"keywords\":[\"Concello de Gondomar\"],\"articleSection\":[\"Val Mi\u00f1or\"],\"inLanguage\":\"gl-ES\",\"potentialAction\":[{\"@type\":\"CommentAction\",\"name\":\"Comment\",\"target\":[\"https:\\\/\\\/www.anovapeneira.gal\\\/index.php\\\/2022\\\/06\\\/23\\\/a-festa-de-san-bieito-volve-alumear-as-ruas-de-gondomar\\\/#respond\"]}]},{\"@type\":\"WebPage\",\"@id\":\"https:\\\/\\\/www.anovapeneira.gal\\\/index.php\\\/2022\\\/06\\\/23\\\/a-festa-de-san-bieito-volve-alumear-as-ruas-de-gondomar\\\/\",\"url\":\"https:\\\/\\\/www.anovapeneira.gal\\\/index.php\\\/2022\\\/06\\\/23\\\/a-festa-de-san-bieito-volve-alumear-as-ruas-de-gondomar\\\/\",\"name\":\"A Festa de San Bieito volve alumear as r\u00faas de Gondomar -\",\"isPartOf\":{\"@id\":\"https:\\\/\\\/www.anovapeneira.gal\\\/#website\"},\"primaryImageOfPage\":{\"@id\":\"https:\\\/\\\/www.anovapeneira.gal\\\/index.php\\\/2022\\\/06\\\/23\\\/a-festa-de-san-bieito-volve-alumear-as-ruas-de-gondomar\\\/#primaryimage\"},\"image\":{\"@id\":\"https:\\\/\\\/www.anovapeneira.gal\\\/index.php\\\/2022\\\/06\\\/23\\\/a-festa-de-san-bieito-volve-alumear-as-ruas-de-gondomar\\\/#primaryimage\"},\"thumbnailUrl\":\"https:\\\/\\\/www.anovapeneira.gal\\\/wp-content\\\/uploads\\\/2022\\\/06\\\/san_benito_gondomar.jpg\",\"datePublished\":\"2022-06-23T08:00:22+00:00\",\"description\":\"Un ano m\u00e1is chega \u00e1s r\u00faas do noso concello a festa m\u00e1is relevante da no sa vila e seguramente unha das m\u00e1is significativas da comarca do Val Mi\u00f1or.\",\"breadcrumb\":{\"@id\":\"https:\\\/\\\/www.anovapeneira.gal\\\/index.php\\\/2022\\\/06\\\/23\\\/a-festa-de-san-bieito-volve-alumear-as-ruas-de-gondomar\\\/#breadcrumb\"},\"inLanguage\":\"gl-ES\",\"potentialAction\":[{\"@type\":\"ReadAction\",\"target\":[\"https:\\\/\\\/www.anovapeneira.gal\\\/index.php\\\/2022\\\/06\\\/23\\\/a-festa-de-san-bieito-volve-alumear-as-ruas-de-gondomar\\\/\"]}]},{\"@type\":\"ImageObject\",\"inLanguage\":\"gl-ES\",\"@id\":\"https:\\\/\\\/www.anovapeneira.gal\\\/index.php\\\/2022\\\/06\\\/23\\\/a-festa-de-san-bieito-volve-alumear-as-ruas-de-gondomar\\\/#primaryimage\",\"url\":\"https:\\\/\\\/www.anovapeneira.gal\\\/wp-content\\\/uploads\\\/2022\\\/06\\\/san_benito_gondomar.jpg\",\"contentUrl\":\"https:\\\/\\\/www.anovapeneira.gal\\\/wp-content\\\/uploads\\\/2022\\\/06\\\/san_benito_gondomar.jpg\",\"width\":720,\"height\":432,\"caption\":\"San Benito Gondomar\"},{\"@type\":\"BreadcrumbList\",\"@id\":\"https:\\\/\\\/www.anovapeneira.gal\\\/index.php\\\/2022\\\/06\\\/23\\\/a-festa-de-san-bieito-volve-alumear-as-ruas-de-gondomar\\\/#breadcrumb\",\"itemListElement\":[{\"@type\":\"ListItem\",\"position\":1,\"name\":\"Portada\",\"item\":\"https:\\\/\\\/www.anovapeneira.gal\\\/\"},{\"@type\":\"ListItem\",\"position\":2,\"name\":\"A Festa de San Bieito volve alumear as r\u00faas de Gondomar\"}]},{\"@type\":\"WebSite\",\"@id\":\"https:\\\/\\\/www.anovapeneira.gal\\\/#website\",\"url\":\"https:\\\/\\\/www.anovapeneira.gal\\\/\",\"name\":\"\",\"description\":\"Xornal galego de informaci\u00f3n xeral Publicaci\u00f3n mensual de novas de Galicia e en especial dos Concellos da sur da provincia de Pontevedra.\",\"publisher\":{\"@id\":\"https:\\\/\\\/www.anovapeneira.gal\\\/#organization\"},\"potentialAction\":[{\"@type\":\"SearchAction\",\"target\":{\"@type\":\"EntryPoint\",\"urlTemplate\":\"https:\\\/\\\/www.anovapeneira.gal\\\/?s={search_term_string}\"},\"query-input\":{\"@type\":\"PropertyValueSpecification\",\"valueRequired\":true,\"valueName\":\"search_term_string\"}}],\"inLanguage\":\"gl-ES\"},{\"@type\":\"Organization\",\"@id\":\"https:\\\/\\\/www.anovapeneira.gal\\\/#organization\",\"name\":\"A Nova Peneira\",\"url\":\"https:\\\/\\\/www.anovapeneira.gal\\\/\",\"logo\":{\"@type\":\"ImageObject\",\"inLanguage\":\"gl-ES\",\"@id\":\"https:\\\/\\\/www.anovapeneira.gal\\\/#\\\/schema\\\/logo\\\/image\\\/\",\"url\":\"http:\\\/\\\/www.anovapeneira.gal\\\/wp-content\\\/uploads\\\/2019\\\/06\\\/logo_a_nova_peneira_portal_web.png\",\"contentUrl\":\"http:\\\/\\\/www.anovapeneira.gal\\\/wp-content\\\/uploads\\\/2019\\\/06\\\/logo_a_nova_peneira_portal_web.png\",\"width\":300,\"height\":100,\"caption\":\"A Nova Peneira\"},\"image\":{\"@id\":\"https:\\\/\\\/www.anovapeneira.gal\\\/#\\\/schema\\\/logo\\\/image\\\/\"},\"sameAs\":[\"https:\\\/\\\/www.facebook.com\\\/anovapeneira\",\"https:\\\/\\\/x.com\\\/APeneira\"]},{\"@type\":\"Person\",\"@id\":\"https:\\\/\\\/www.anovapeneira.gal\\\/#\\\/schema\\\/person\\\/b93e3f8932e3f8da96334607eb6ac6aa\",\"name\":\"Redacci\u00f3n A Nova Peneira\",\"image\":{\"@type\":\"ImageObject\",\"inLanguage\":\"gl-ES\",\"@id\":\"https:\\\/\\\/secure.gravatar.com\\\/avatar\\\/c052a2551a06e23fac63626232eaa90abd78dbcf1700fc46a2b2c89fd27b735f?s=96&d=mm&r=g\",\"url\":\"https:\\\/\\\/secure.gravatar.com\\\/avatar\\\/c052a2551a06e23fac63626232eaa90abd78dbcf1700fc46a2b2c89fd27b735f?s=96&d=mm&r=g\",\"contentUrl\":\"https:\\\/\\\/secure.gravatar.com\\\/avatar\\\/c052a2551a06e23fac63626232eaa90abd78dbcf1700fc46a2b2c89fd27b735f?s=96&d=mm&r=g\",\"caption\":\"Redacci\u00f3n A Nova Peneira\"},\"sameAs\":[\"http:\\\/\\\/www.anovapeneira.gal\\\/\"],\"url\":\"https:\\\/\\\/www.anovapeneira.gal\\\/index.php\\\/author\\\/redactor\\\/\"}]}<\/script>\n<!-- \/ Yoast SEO plugin. -->","yoast_head_json":{"title":"A Festa de San Bieito volve alumear as r\u00faas de Gondomar -","description":"Un ano m\u00e1is chega \u00e1s r\u00faas do noso concello a festa m\u00e1is relevante da no sa vila e seguramente unha das m\u00e1is significativas da comarca do Val Mi\u00f1or.","robots":{"index":"index","follow":"follow","max-snippet":"max-snippet:-1","max-image-preview":"max-image-preview:large","max-video-preview":"max-video-preview:-1"},"canonical":"https:\/\/www.anovapeneira.gal\/index.php\/2022\/06\/23\/a-festa-de-san-bieito-volve-alumear-as-ruas-de-gondomar\/","og_locale":"gl_ES","og_type":"article","og_title":"A Festa de San Bieito volve alumear as r\u00faas de Gondomar -","og_description":"Un ano m\u00e1is chega \u00e1s r\u00faas do noso concello a festa m\u00e1is relevante da no sa vila e seguramente unha das m\u00e1is significativas da comarca do Val Mi\u00f1or.","og_url":"https:\/\/www.anovapeneira.gal\/index.php\/2022\/06\/23\/a-festa-de-san-bieito-volve-alumear-as-ruas-de-gondomar\/","article_publisher":"https:\/\/www.facebook.com\/anovapeneira","article_published_time":"2022-06-23T08:00:22+00:00","og_image":[{"width":720,"height":432,"url":"https:\/\/www.anovapeneira.gal\/wp-content\/uploads\/2022\/06\/san_benito_gondomar.jpg","type":"image\/jpeg"}],"author":"Redacci\u00f3n A Nova Peneira","twitter_card":"summary_large_image","twitter_creator":"@APeneira","twitter_site":"@APeneira","twitter_misc":{"Escrito por":"Redacci\u00f3n A Nova Peneira","Tempo de lectura":"5 minutos"},"schema":{"@context":"https:\/\/schema.org","@graph":[{"@type":"Article","@id":"https:\/\/www.anovapeneira.gal\/index.php\/2022\/06\/23\/a-festa-de-san-bieito-volve-alumear-as-ruas-de-gondomar\/#article","isPartOf":{"@id":"https:\/\/www.anovapeneira.gal\/index.php\/2022\/06\/23\/a-festa-de-san-bieito-volve-alumear-as-ruas-de-gondomar\/"},"author":{"name":"Redacci\u00f3n A Nova Peneira","@id":"https:\/\/www.anovapeneira.gal\/#\/schema\/person\/b93e3f8932e3f8da96334607eb6ac6aa"},"headline":"A Festa de San Bieito volve alumear as r\u00faas de Gondomar","datePublished":"2022-06-23T08:00:22+00:00","mainEntityOfPage":{"@id":"https:\/\/www.anovapeneira.gal\/index.php\/2022\/06\/23\/a-festa-de-san-bieito-volve-alumear-as-ruas-de-gondomar\/"},"wordCount":883,"commentCount":0,"publisher":{"@id":"https:\/\/www.anovapeneira.gal\/#organization"},"image":{"@id":"https:\/\/www.anovapeneira.gal\/index.php\/2022\/06\/23\/a-festa-de-san-bieito-volve-alumear-as-ruas-de-gondomar\/#primaryimage"},"thumbnailUrl":"https:\/\/www.anovapeneira.gal\/wp-content\/uploads\/2022\/06\/san_benito_gondomar.jpg","keywords":["Concello de Gondomar"],"articleSection":["Val Mi\u00f1or"],"inLanguage":"gl-ES","potentialAction":[{"@type":"CommentAction","name":"Comment","target":["https:\/\/www.anovapeneira.gal\/index.php\/2022\/06\/23\/a-festa-de-san-bieito-volve-alumear-as-ruas-de-gondomar\/#respond"]}]},{"@type":"WebPage","@id":"https:\/\/www.anovapeneira.gal\/index.php\/2022\/06\/23\/a-festa-de-san-bieito-volve-alumear-as-ruas-de-gondomar\/","url":"https:\/\/www.anovapeneira.gal\/index.php\/2022\/06\/23\/a-festa-de-san-bieito-volve-alumear-as-ruas-de-gondomar\/","name":"A Festa de San Bieito volve alumear as r\u00faas de Gondomar -","isPartOf":{"@id":"https:\/\/www.anovapeneira.gal\/#website"},"primaryImageOfPage":{"@id":"https:\/\/www.anovapeneira.gal\/index.php\/2022\/06\/23\/a-festa-de-san-bieito-volve-alumear-as-ruas-de-gondomar\/#primaryimage"},"image":{"@id":"https:\/\/www.anovapeneira.gal\/index.php\/2022\/06\/23\/a-festa-de-san-bieito-volve-alumear-as-ruas-de-gondomar\/#primaryimage"},"thumbnailUrl":"https:\/\/www.anovapeneira.gal\/wp-content\/uploads\/2022\/06\/san_benito_gondomar.jpg","datePublished":"2022-06-23T08:00:22+00:00","description":"Un ano m\u00e1is chega \u00e1s r\u00faas do noso concello a festa m\u00e1is relevante da no sa vila e seguramente unha das m\u00e1is significativas da comarca do Val Mi\u00f1or.","breadcrumb":{"@id":"https:\/\/www.anovapeneira.gal\/index.php\/2022\/06\/23\/a-festa-de-san-bieito-volve-alumear-as-ruas-de-gondomar\/#breadcrumb"},"inLanguage":"gl-ES","potentialAction":[{"@type":"ReadAction","target":["https:\/\/www.anovapeneira.gal\/index.php\/2022\/06\/23\/a-festa-de-san-bieito-volve-alumear-as-ruas-de-gondomar\/"]}]},{"@type":"ImageObject","inLanguage":"gl-ES","@id":"https:\/\/www.anovapeneira.gal\/index.php\/2022\/06\/23\/a-festa-de-san-bieito-volve-alumear-as-ruas-de-gondomar\/#primaryimage","url":"https:\/\/www.anovapeneira.gal\/wp-content\/uploads\/2022\/06\/san_benito_gondomar.jpg","contentUrl":"https:\/\/www.anovapeneira.gal\/wp-content\/uploads\/2022\/06\/san_benito_gondomar.jpg","width":720,"height":432,"caption":"San Benito Gondomar"},{"@type":"BreadcrumbList","@id":"https:\/\/www.anovapeneira.gal\/index.php\/2022\/06\/23\/a-festa-de-san-bieito-volve-alumear-as-ruas-de-gondomar\/#breadcrumb","itemListElement":[{"@type":"ListItem","position":1,"name":"Portada","item":"https:\/\/www.anovapeneira.gal\/"},{"@type":"ListItem","position":2,"name":"A Festa de San Bieito volve alumear as r\u00faas de Gondomar"}]},{"@type":"WebSite","@id":"https:\/\/www.anovapeneira.gal\/#website","url":"https:\/\/www.anovapeneira.gal\/","name":"","description":"Xornal galego de informaci\u00f3n xeral Publicaci\u00f3n mensual de novas de Galicia e en especial dos Concellos da sur da provincia de Pontevedra.","publisher":{"@id":"https:\/\/www.anovapeneira.gal\/#organization"},"potentialAction":[{"@type":"SearchAction","target":{"@type":"EntryPoint","urlTemplate":"https:\/\/www.anovapeneira.gal\/?s={search_term_string}"},"query-input":{"@type":"PropertyValueSpecification","valueRequired":true,"valueName":"search_term_string"}}],"inLanguage":"gl-ES"},{"@type":"Organization","@id":"https:\/\/www.anovapeneira.gal\/#organization","name":"A Nova Peneira","url":"https:\/\/www.anovapeneira.gal\/","logo":{"@type":"ImageObject","inLanguage":"gl-ES","@id":"https:\/\/www.anovapeneira.gal\/#\/schema\/logo\/image\/","url":"http:\/\/www.anovapeneira.gal\/wp-content\/uploads\/2019\/06\/logo_a_nova_peneira_portal_web.png","contentUrl":"http:\/\/www.anovapeneira.gal\/wp-content\/uploads\/2019\/06\/logo_a_nova_peneira_portal_web.png","width":300,"height":100,"caption":"A Nova Peneira"},"image":{"@id":"https:\/\/www.anovapeneira.gal\/#\/schema\/logo\/image\/"},"sameAs":["https:\/\/www.facebook.com\/anovapeneira","https:\/\/x.com\/APeneira"]},{"@type":"Person","@id":"https:\/\/www.anovapeneira.gal\/#\/schema\/person\/b93e3f8932e3f8da96334607eb6ac6aa","name":"Redacci\u00f3n A Nova Peneira","image":{"@type":"ImageObject","inLanguage":"gl-ES","@id":"https:\/\/secure.gravatar.com\/avatar\/c052a2551a06e23fac63626232eaa90abd78dbcf1700fc46a2b2c89fd27b735f?s=96&d=mm&r=g","url":"https:\/\/secure.gravatar.com\/avatar\/c052a2551a06e23fac63626232eaa90abd78dbcf1700fc46a2b2c89fd27b735f?s=96&d=mm&r=g","contentUrl":"https:\/\/secure.gravatar.com\/avatar\/c052a2551a06e23fac63626232eaa90abd78dbcf1700fc46a2b2c89fd27b735f?s=96&d=mm&r=g","caption":"Redacci\u00f3n A Nova Peneira"},"sameAs":["http:\/\/www.anovapeneira.gal\/"],"url":"https:\/\/www.anovapeneira.gal\/index.php\/author\/redactor\/"}]}},"jetpack_featured_media_url":"https:\/\/www.anovapeneira.gal\/wp-content\/uploads\/2022\/06\/san_benito_gondomar.jpg","_links":{"self":[{"href":"https:\/\/www.anovapeneira.gal\/index.php\/wp-json\/wp\/v2\/posts\/7672","targetHints":{"allow":["GET"]}}],"collection":[{"href":"https:\/\/www.anovapeneira.gal\/index.php\/wp-json\/wp\/v2\/posts"}],"about":[{"href":"https:\/\/www.anovapeneira.gal\/index.php\/wp-json\/wp\/v2\/types\/post"}],"author":[{"embeddable":true,"href":"https:\/\/www.anovapeneira.gal\/index.php\/wp-json\/wp\/v2\/users\/3"}],"replies":[{"embeddable":true,"href":"https:\/\/www.anovapeneira.gal\/index.php\/wp-json\/wp\/v2\/comments?post=7672"}],"version-history":[{"count":1,"href":"https:\/\/www.anovapeneira.gal\/index.php\/wp-json\/wp\/v2\/posts\/7672\/revisions"}],"predecessor-version":[{"id":7674,"href":"https:\/\/www.anovapeneira.gal\/index.php\/wp-json\/wp\/v2\/posts\/7672\/revisions\/7674"}],"wp:featuredmedia":[{"embeddable":true,"href":"https:\/\/www.anovapeneira.gal\/index.php\/wp-json\/wp\/v2\/media\/7673"}],"wp:attachment":[{"href":"https:\/\/www.anovapeneira.gal\/index.php\/wp-json\/wp\/v2\/media?parent=7672"}],"wp:term":[{"taxonomy":"category","embeddable":true,"href":"https:\/\/www.anovapeneira.gal\/index.php\/wp-json\/wp\/v2\/categories?post=7672"},{"taxonomy":"post_tag","embeddable":true,"href":"https:\/\/www.anovapeneira.gal\/index.php\/wp-json\/wp\/v2\/tags?post=7672"}],"curies":[{"name":"wp","href":"https:\/\/api.w.org\/{rel}","templated":true}]}}