{"id":7675,"date":"2022-06-23T12:00:18","date_gmt":"2022-06-23T10:00:18","guid":{"rendered":"https:\/\/www.anovapeneira.gal\/?p=7675"},"modified":"2022-06-16T20:15:52","modified_gmt":"2022-06-16T18:15:52","slug":"a-xestion-e-a-transparencia-volveran-a-forcarei","status":"publish","type":"post","link":"https:\/\/www.anovapeneira.gal\/index.php\/2022\/06\/23\/a-xestion-e-a-transparencia-volveran-a-forcarei\/","title":{"rendered":"A xesti\u00f3n e a transparencia volver\u00e1n a Forcarei"},"content":{"rendered":"\n<p>Cando encaramos o \u00faltimo ano dos gobernos municipais, considero que \u00e9 un bo momento para facer unha an\u00e1lise do que est\u00e1 a acontecer dun xeito particular en Forcarei.<\/p>\n\n\n\n<p>Compre lembrar, que no ano 2019, unha alianza de perdedores, propiciou o cambio en Forcarei; foron escasamente 15 votos os que nos impediron, ao PP, revalidar a maior\u00eda absoluta, e como non pod\u00eda ser doutra maneira, o Psoe e o Bng, aproveitaron para acadar o que a veci\u00f1anza lles negou nas urnas: a Alcald\u00eda de Forcarei.<\/p>\n\n\n\n<p>Tres anos despois estamos en condici\u00f3ns de afirmar con rotundidade que o cambio foi para peor, que os veci\u00f1os de Forcarei, perderon con este cambio, e que cando ata o 2019, viv\u00edan nun Concello onde se respectaban escrupulosamente as normas de xesti\u00f3n, hoxe, viven nun Forcarei cunha pol\u00edtica e unha xesti\u00f3n totalmente degradadas.<\/p>\n\n\n\n<p>Vemos con preocupaci\u00f3n, como por terceiro ano consecutivo, o Goberno Local de Forcarei non foi quen de aprobar ning\u00fan orzamento , e segue a rexerse polos elaborados e aprobados polo PP no ano 2019, que ao estar prorrogados, impiden que se destinen a totalidade dos nosos recursos \u00e1 mellora do noso territorio; a maiores, no eido econ\u00f3mico, vemos como cando antes se aboaban as facturas aos provedores aos poucos d\u00edas de presentalas, hoxe o Concello tarda ata 50 d\u00edas en cumprir coas s\u00faas obrigas, o que sup\u00f3n un incumprimento grave da Lei de Estabilidade Orzamentaria e o que \u00e9 m\u00e1is importante, un grave prexu\u00edzo para os pequenos empresarios e aut\u00f3nomos que en moitos casos mesmo viven no noso concello. Este desastre de xesti\u00f3n leva por exemplo ao disparate de que cando xa encaramos o final do curso escolar, o Concello a\u00ednda non pagou as axudas ao estudio tan necesarias para as familias nuns tempos tan complicados como os actuais. E todo elo, nun Concello que en xu\u00f1o de 2019 ti\u00f1a xesti\u00f3n econ\u00f3mica impecable cun remanente de case 2 mill\u00f3ns de euros.<\/p>\n\n\n\n<p>As\u00ed mesmo, vemos como servizos tan fundamentais para n\u00f3s, como son os Servizos Sociais, est\u00e1n totalmente desatendidos, pois non se prioriza a contrataci\u00f3n dunha persoa para substitu\u00edr \u00e1 Traballadora Social que acumula xa, moitos meses de baixa.<\/p>\n\n\n\n<p><a><\/a> Pero como dic\u00eda, non s\u00f3 a xesti\u00f3n se resinte no noso Concello. O debate pol\u00edtico, que debe garantir o benestar dos veci\u00f1os, est\u00e1 a sufrir as consecuencias devastadoras dunha Alcaldesa que esquiva, repetidamente a Lei de Transparencia ao non convocar os Plenos, piar b\u00e1sico da democracia, ou ao impedir a fiscalizaci\u00f3n da oposici\u00f3n neg\u00e1ndolle o seu dereito ao acceso \u00e1 documentaci\u00f3n e tam\u00e9n \u00e1 veci\u00f1anza. Se ve que non lle gusta que se vexan os papeis do Concello. Todo elo, levouna xa a recibir varias advertencias da Valedora do Pobo, que parece que a esta Alcaldesa, que se cree por encima da Lei, lle vale de pouco. E todo elo, co absoluto respaldo do Concelleiro do BNG, que apoia sin fisuras este claro atentado aos dereitos dos veci\u00f1os de Forcarei. Os grupos da esquerda piden democracia e transparencia, pero para os demais, cando te\u00f1en que gobernar e xestionar eles, xa non \u00e9 tan importante . O realmente importante, custe o que custe \u00e9 manter o sill\u00f3n.<\/p>\n\n\n\n<p>Posiblemente, esta situaci\u00f3n foi a que levou a Ver\u00f3nica Pichel a atoparse practicamente soa, tal e como se extrae da non existencia de Tenentes de Alcalde. A falla de confianza entre eles mesmos, fixo que Pichel tam\u00e9n saltase a Lei neste caso e 3 anos despois, segue sin nomear esta figura, a pesares de que nas Redes Sociais do Concello, si que falan de un Tenente de Alcalde, a verdade, \u00e9 que non existe, pero ben, \u00e9 outra mentira ou manipulaci\u00f3n de informaci\u00f3n que se d\u00e1 nesta canle de comunicaci\u00f3n municipal, que logo de tres anos, se converteu nunha ferramenta m\u00e1is ao servizo do Psoe de Forcarei.<\/p>\n\n\n\n<p>Eles mesmos, son conscientes de que non deron a talla, de que non estiveron ao lado dos veci\u00f1os cando os necesitaron, de que Forcarei, foi o \u00fanico Concello da contorna que non axudou aos empresarios a paliar as consecuencias da pandemia, e \u00e9 por elo, que nesta recta final do mandato, vemos unha ansia desordenada de facer o que non se fixo nos tres anos anteriores. Estou segura, de que a econom\u00eda do Concello, se vai resentir, como tam\u00e9n estou segura de que logo do 28 de maio de 2023, a\u00ednda aparecer\u00e1n facturas nalg\u00fan caix\u00f3n, e a\u00ednda o Concello ter\u00e1 que responder polas ilegalidades nas que Ver\u00f3nica Pichel, est\u00e1 a incorrer; pero n\u00f3s deixamos un Concello moi forte, que volver\u00e1 \u00e1 senda da verdade. do rigor e da transparencia, e sairemos deste burato no que nos est\u00e1n a meter. E ese \u00e9 o meu compromiso: a volta \u00e1 xesti\u00f3n transparente e dirixida \u00fanica e exclusivamente ao benestar de todos e cada un dos nosos veci\u00f1os.<\/p>\n\n\n\n<p>Bel\u00e9n Cachafeiro Anta,<\/p>\n\n\n\n<p>Voceira do Grupo Municipal do Partido Popular de Forcarei<\/p>\n","protected":false},"excerpt":{"rendered":"<div class=\"mh-excerpt\"><p>Cando encaramos o \u00faltimo ano dos gobernos municipais, considero que \u00e9 un bo momento para facer unha an\u00e1lise do que est\u00e1 a acontecer dun xeito particular en Forcarei <a class=\"mh-excerpt-more\" href=\"https:\/\/www.anovapeneira.gal\/index.php\/2022\/06\/23\/a-xestion-e-a-transparencia-volveran-a-forcarei\/\" title=\"A xesti\u00f3n e a transparencia volver\u00e1n a Forcarei\">[&#8230;]<\/a><\/p>\n<\/div>","protected":false},"author":3,"featured_media":7676,"comment_status":"open","ping_status":"open","sticky":false,"template":"","format":"standard","meta":{"_exactmetrics_skip_tracking":false,"_exactmetrics_sitenote_active":false,"_exactmetrics_sitenote_note":"","_exactmetrics_sitenote_category":0,"footnotes":""},"categories":[7],"tags":[1315,1188],"class_list":{"0":"post-7675","1":"post","2":"type-post","3":"status-publish","4":"format-standard","5":"has-post-thumbnail","7":"category-artigos-de-opinion","8":"tag-belen-cachafeiro","9":"tag-concello-de-forcarei"},"yoast_head":"<!-- This site is optimized with the Yoast SEO plugin v27.4 - https:\/\/yoast.com\/product\/yoast-seo-wordpress\/ -->\n<title>A xesti\u00f3n e a transparencia volver\u00e1n a Forcarei -<\/title>\n<meta name=\"description\" content=\"Cando encaramos o \u00faltimo ano dos gobernos municipais, considero que \u00e9 un bo momento para facer unha an\u00e1lise do que est\u00e1 a acontecer dun xeito particular en Forcarei\" \/>\n<meta name=\"robots\" content=\"index, follow, max-snippet:-1, max-image-preview:large, max-video-preview:-1\" \/>\n<link rel=\"canonical\" href=\"https:\/\/www.anovapeneira.gal\/index.php\/2022\/06\/23\/a-xestion-e-a-transparencia-volveran-a-forcarei\/\" \/>\n<meta property=\"og:locale\" content=\"gl_ES\" \/>\n<meta property=\"og:type\" content=\"article\" \/>\n<meta property=\"og:title\" content=\"A xesti\u00f3n e a transparencia volver\u00e1n a Forcarei -\" \/>\n<meta property=\"og:description\" content=\"Cando encaramos o \u00faltimo ano dos gobernos municipais, considero que \u00e9 un bo momento para facer unha an\u00e1lise do que est\u00e1 a acontecer dun xeito particular en Forcarei\" \/>\n<meta property=\"og:url\" content=\"https:\/\/www.anovapeneira.gal\/index.php\/2022\/06\/23\/a-xestion-e-a-transparencia-volveran-a-forcarei\/\" \/>\n<meta property=\"article:publisher\" content=\"https:\/\/www.facebook.com\/anovapeneira\" \/>\n<meta property=\"article:published_time\" content=\"2022-06-23T10:00:18+00:00\" \/>\n<meta property=\"og:image\" content=\"https:\/\/www.anovapeneira.gal\/wp-content\/uploads\/2022\/06\/belen_PP_Forcarei.jpg\" \/>\n\t<meta property=\"og:image:width\" content=\"720\" \/>\n\t<meta property=\"og:image:height\" content=\"432\" \/>\n\t<meta property=\"og:image:type\" content=\"image\/jpeg\" \/>\n<meta name=\"author\" content=\"Redacci\u00f3n A Nova Peneira\" \/>\n<meta name=\"twitter:card\" content=\"summary_large_image\" \/>\n<meta name=\"twitter:creator\" content=\"@APeneira\" \/>\n<meta name=\"twitter:site\" content=\"@APeneira\" \/>\n<meta name=\"twitter:label1\" content=\"Escrito por\" \/>\n\t<meta name=\"twitter:data1\" content=\"Redacci\u00f3n A Nova Peneira\" \/>\n\t<meta name=\"twitter:label2\" content=\"Tempo de lectura\" \/>\n\t<meta name=\"twitter:data2\" content=\"5 minutos\" \/>\n<script type=\"application\/ld+json\" class=\"yoast-schema-graph\">{\"@context\":\"https:\\\/\\\/schema.org\",\"@graph\":[{\"@type\":\"Article\",\"@id\":\"https:\\\/\\\/www.anovapeneira.gal\\\/index.php\\\/2022\\\/06\\\/23\\\/a-xestion-e-a-transparencia-volveran-a-forcarei\\\/#article\",\"isPartOf\":{\"@id\":\"https:\\\/\\\/www.anovapeneira.gal\\\/index.php\\\/2022\\\/06\\\/23\\\/a-xestion-e-a-transparencia-volveran-a-forcarei\\\/\"},\"author\":{\"name\":\"Redacci\u00f3n A Nova Peneira\",\"@id\":\"https:\\\/\\\/www.anovapeneira.gal\\\/#\\\/schema\\\/person\\\/b93e3f8932e3f8da96334607eb6ac6aa\"},\"headline\":\"A xesti\u00f3n e a transparencia volver\u00e1n a Forcarei\",\"datePublished\":\"2022-06-23T10:00:18+00:00\",\"mainEntityOfPage\":{\"@id\":\"https:\\\/\\\/www.anovapeneira.gal\\\/index.php\\\/2022\\\/06\\\/23\\\/a-xestion-e-a-transparencia-volveran-a-forcarei\\\/\"},\"wordCount\":856,\"commentCount\":0,\"publisher\":{\"@id\":\"https:\\\/\\\/www.anovapeneira.gal\\\/#organization\"},\"image\":{\"@id\":\"https:\\\/\\\/www.anovapeneira.gal\\\/index.php\\\/2022\\\/06\\\/23\\\/a-xestion-e-a-transparencia-volveran-a-forcarei\\\/#primaryimage\"},\"thumbnailUrl\":\"https:\\\/\\\/www.anovapeneira.gal\\\/wp-content\\\/uploads\\\/2022\\\/06\\\/belen_PP_Forcarei.jpg\",\"keywords\":[\"Bel\u00e9n Cachafeiro\",\"Concello de Forcarei\"],\"articleSection\":[\"Artigos de opini\u00f3n\"],\"inLanguage\":\"gl-ES\",\"potentialAction\":[{\"@type\":\"CommentAction\",\"name\":\"Comment\",\"target\":[\"https:\\\/\\\/www.anovapeneira.gal\\\/index.php\\\/2022\\\/06\\\/23\\\/a-xestion-e-a-transparencia-volveran-a-forcarei\\\/#respond\"]}]},{\"@type\":\"WebPage\",\"@id\":\"https:\\\/\\\/www.anovapeneira.gal\\\/index.php\\\/2022\\\/06\\\/23\\\/a-xestion-e-a-transparencia-volveran-a-forcarei\\\/\",\"url\":\"https:\\\/\\\/www.anovapeneira.gal\\\/index.php\\\/2022\\\/06\\\/23\\\/a-xestion-e-a-transparencia-volveran-a-forcarei\\\/\",\"name\":\"A xesti\u00f3n e a transparencia volver\u00e1n a Forcarei -\",\"isPartOf\":{\"@id\":\"https:\\\/\\\/www.anovapeneira.gal\\\/#website\"},\"primaryImageOfPage\":{\"@id\":\"https:\\\/\\\/www.anovapeneira.gal\\\/index.php\\\/2022\\\/06\\\/23\\\/a-xestion-e-a-transparencia-volveran-a-forcarei\\\/#primaryimage\"},\"image\":{\"@id\":\"https:\\\/\\\/www.anovapeneira.gal\\\/index.php\\\/2022\\\/06\\\/23\\\/a-xestion-e-a-transparencia-volveran-a-forcarei\\\/#primaryimage\"},\"thumbnailUrl\":\"https:\\\/\\\/www.anovapeneira.gal\\\/wp-content\\\/uploads\\\/2022\\\/06\\\/belen_PP_Forcarei.jpg\",\"datePublished\":\"2022-06-23T10:00:18+00:00\",\"description\":\"Cando encaramos o \u00faltimo ano dos gobernos municipais, considero que \u00e9 un bo momento para facer unha an\u00e1lise do que est\u00e1 a acontecer dun xeito particular en Forcarei\",\"breadcrumb\":{\"@id\":\"https:\\\/\\\/www.anovapeneira.gal\\\/index.php\\\/2022\\\/06\\\/23\\\/a-xestion-e-a-transparencia-volveran-a-forcarei\\\/#breadcrumb\"},\"inLanguage\":\"gl-ES\",\"potentialAction\":[{\"@type\":\"ReadAction\",\"target\":[\"https:\\\/\\\/www.anovapeneira.gal\\\/index.php\\\/2022\\\/06\\\/23\\\/a-xestion-e-a-transparencia-volveran-a-forcarei\\\/\"]}]},{\"@type\":\"ImageObject\",\"inLanguage\":\"gl-ES\",\"@id\":\"https:\\\/\\\/www.anovapeneira.gal\\\/index.php\\\/2022\\\/06\\\/23\\\/a-xestion-e-a-transparencia-volveran-a-forcarei\\\/#primaryimage\",\"url\":\"https:\\\/\\\/www.anovapeneira.gal\\\/wp-content\\\/uploads\\\/2022\\\/06\\\/belen_PP_Forcarei.jpg\",\"contentUrl\":\"https:\\\/\\\/www.anovapeneira.gal\\\/wp-content\\\/uploads\\\/2022\\\/06\\\/belen_PP_Forcarei.jpg\",\"width\":720,\"height\":432,\"caption\":\"Bel\u00e9n PP Forcarei\"},{\"@type\":\"BreadcrumbList\",\"@id\":\"https:\\\/\\\/www.anovapeneira.gal\\\/index.php\\\/2022\\\/06\\\/23\\\/a-xestion-e-a-transparencia-volveran-a-forcarei\\\/#breadcrumb\",\"itemListElement\":[{\"@type\":\"ListItem\",\"position\":1,\"name\":\"Portada\",\"item\":\"https:\\\/\\\/www.anovapeneira.gal\\\/\"},{\"@type\":\"ListItem\",\"position\":2,\"name\":\"A xesti\u00f3n e a transparencia volver\u00e1n a Forcarei\"}]},{\"@type\":\"WebSite\",\"@id\":\"https:\\\/\\\/www.anovapeneira.gal\\\/#website\",\"url\":\"https:\\\/\\\/www.anovapeneira.gal\\\/\",\"name\":\"\",\"description\":\"Xornal galego de informaci\u00f3n xeral Publicaci\u00f3n mensual de novas de Galicia e en especial dos Concellos da sur da provincia de Pontevedra.\",\"publisher\":{\"@id\":\"https:\\\/\\\/www.anovapeneira.gal\\\/#organization\"},\"potentialAction\":[{\"@type\":\"SearchAction\",\"target\":{\"@type\":\"EntryPoint\",\"urlTemplate\":\"https:\\\/\\\/www.anovapeneira.gal\\\/?s={search_term_string}\"},\"query-input\":{\"@type\":\"PropertyValueSpecification\",\"valueRequired\":true,\"valueName\":\"search_term_string\"}}],\"inLanguage\":\"gl-ES\"},{\"@type\":\"Organization\",\"@id\":\"https:\\\/\\\/www.anovapeneira.gal\\\/#organization\",\"name\":\"A Nova Peneira\",\"url\":\"https:\\\/\\\/www.anovapeneira.gal\\\/\",\"logo\":{\"@type\":\"ImageObject\",\"inLanguage\":\"gl-ES\",\"@id\":\"https:\\\/\\\/www.anovapeneira.gal\\\/#\\\/schema\\\/logo\\\/image\\\/\",\"url\":\"http:\\\/\\\/www.anovapeneira.gal\\\/wp-content\\\/uploads\\\/2019\\\/06\\\/logo_a_nova_peneira_portal_web.png\",\"contentUrl\":\"http:\\\/\\\/www.anovapeneira.gal\\\/wp-content\\\/uploads\\\/2019\\\/06\\\/logo_a_nova_peneira_portal_web.png\",\"width\":300,\"height\":100,\"caption\":\"A Nova Peneira\"},\"image\":{\"@id\":\"https:\\\/\\\/www.anovapeneira.gal\\\/#\\\/schema\\\/logo\\\/image\\\/\"},\"sameAs\":[\"https:\\\/\\\/www.facebook.com\\\/anovapeneira\",\"https:\\\/\\\/x.com\\\/APeneira\"]},{\"@type\":\"Person\",\"@id\":\"https:\\\/\\\/www.anovapeneira.gal\\\/#\\\/schema\\\/person\\\/b93e3f8932e3f8da96334607eb6ac6aa\",\"name\":\"Redacci\u00f3n A Nova Peneira\",\"image\":{\"@type\":\"ImageObject\",\"inLanguage\":\"gl-ES\",\"@id\":\"https:\\\/\\\/secure.gravatar.com\\\/avatar\\\/c052a2551a06e23fac63626232eaa90abd78dbcf1700fc46a2b2c89fd27b735f?s=96&d=mm&r=g\",\"url\":\"https:\\\/\\\/secure.gravatar.com\\\/avatar\\\/c052a2551a06e23fac63626232eaa90abd78dbcf1700fc46a2b2c89fd27b735f?s=96&d=mm&r=g\",\"contentUrl\":\"https:\\\/\\\/secure.gravatar.com\\\/avatar\\\/c052a2551a06e23fac63626232eaa90abd78dbcf1700fc46a2b2c89fd27b735f?s=96&d=mm&r=g\",\"caption\":\"Redacci\u00f3n A Nova Peneira\"},\"sameAs\":[\"http:\\\/\\\/www.anovapeneira.gal\\\/\"],\"url\":\"https:\\\/\\\/www.anovapeneira.gal\\\/index.php\\\/author\\\/redactor\\\/\"}]}<\/script>\n<!-- \/ Yoast SEO plugin. -->","yoast_head_json":{"title":"A xesti\u00f3n e a transparencia volver\u00e1n a Forcarei -","description":"Cando encaramos o \u00faltimo ano dos gobernos municipais, considero que \u00e9 un bo momento para facer unha an\u00e1lise do que est\u00e1 a acontecer dun xeito particular en Forcarei","robots":{"index":"index","follow":"follow","max-snippet":"max-snippet:-1","max-image-preview":"max-image-preview:large","max-video-preview":"max-video-preview:-1"},"canonical":"https:\/\/www.anovapeneira.gal\/index.php\/2022\/06\/23\/a-xestion-e-a-transparencia-volveran-a-forcarei\/","og_locale":"gl_ES","og_type":"article","og_title":"A xesti\u00f3n e a transparencia volver\u00e1n a Forcarei -","og_description":"Cando encaramos o \u00faltimo ano dos gobernos municipais, considero que \u00e9 un bo momento para facer unha an\u00e1lise do que est\u00e1 a acontecer dun xeito particular en Forcarei","og_url":"https:\/\/www.anovapeneira.gal\/index.php\/2022\/06\/23\/a-xestion-e-a-transparencia-volveran-a-forcarei\/","article_publisher":"https:\/\/www.facebook.com\/anovapeneira","article_published_time":"2022-06-23T10:00:18+00:00","og_image":[{"width":720,"height":432,"url":"https:\/\/www.anovapeneira.gal\/wp-content\/uploads\/2022\/06\/belen_PP_Forcarei.jpg","type":"image\/jpeg"}],"author":"Redacci\u00f3n A Nova Peneira","twitter_card":"summary_large_image","twitter_creator":"@APeneira","twitter_site":"@APeneira","twitter_misc":{"Escrito por":"Redacci\u00f3n A Nova Peneira","Tempo de lectura":"5 minutos"},"schema":{"@context":"https:\/\/schema.org","@graph":[{"@type":"Article","@id":"https:\/\/www.anovapeneira.gal\/index.php\/2022\/06\/23\/a-xestion-e-a-transparencia-volveran-a-forcarei\/#article","isPartOf":{"@id":"https:\/\/www.anovapeneira.gal\/index.php\/2022\/06\/23\/a-xestion-e-a-transparencia-volveran-a-forcarei\/"},"author":{"name":"Redacci\u00f3n A Nova Peneira","@id":"https:\/\/www.anovapeneira.gal\/#\/schema\/person\/b93e3f8932e3f8da96334607eb6ac6aa"},"headline":"A xesti\u00f3n e a transparencia volver\u00e1n a Forcarei","datePublished":"2022-06-23T10:00:18+00:00","mainEntityOfPage":{"@id":"https:\/\/www.anovapeneira.gal\/index.php\/2022\/06\/23\/a-xestion-e-a-transparencia-volveran-a-forcarei\/"},"wordCount":856,"commentCount":0,"publisher":{"@id":"https:\/\/www.anovapeneira.gal\/#organization"},"image":{"@id":"https:\/\/www.anovapeneira.gal\/index.php\/2022\/06\/23\/a-xestion-e-a-transparencia-volveran-a-forcarei\/#primaryimage"},"thumbnailUrl":"https:\/\/www.anovapeneira.gal\/wp-content\/uploads\/2022\/06\/belen_PP_Forcarei.jpg","keywords":["Bel\u00e9n Cachafeiro","Concello de Forcarei"],"articleSection":["Artigos de opini\u00f3n"],"inLanguage":"gl-ES","potentialAction":[{"@type":"CommentAction","name":"Comment","target":["https:\/\/www.anovapeneira.gal\/index.php\/2022\/06\/23\/a-xestion-e-a-transparencia-volveran-a-forcarei\/#respond"]}]},{"@type":"WebPage","@id":"https:\/\/www.anovapeneira.gal\/index.php\/2022\/06\/23\/a-xestion-e-a-transparencia-volveran-a-forcarei\/","url":"https:\/\/www.anovapeneira.gal\/index.php\/2022\/06\/23\/a-xestion-e-a-transparencia-volveran-a-forcarei\/","name":"A xesti\u00f3n e a transparencia volver\u00e1n a Forcarei -","isPartOf":{"@id":"https:\/\/www.anovapeneira.gal\/#website"},"primaryImageOfPage":{"@id":"https:\/\/www.anovapeneira.gal\/index.php\/2022\/06\/23\/a-xestion-e-a-transparencia-volveran-a-forcarei\/#primaryimage"},"image":{"@id":"https:\/\/www.anovapeneira.gal\/index.php\/2022\/06\/23\/a-xestion-e-a-transparencia-volveran-a-forcarei\/#primaryimage"},"thumbnailUrl":"https:\/\/www.anovapeneira.gal\/wp-content\/uploads\/2022\/06\/belen_PP_Forcarei.jpg","datePublished":"2022-06-23T10:00:18+00:00","description":"Cando encaramos o \u00faltimo ano dos gobernos municipais, considero que \u00e9 un bo momento para facer unha an\u00e1lise do que est\u00e1 a acontecer dun xeito particular en Forcarei","breadcrumb":{"@id":"https:\/\/www.anovapeneira.gal\/index.php\/2022\/06\/23\/a-xestion-e-a-transparencia-volveran-a-forcarei\/#breadcrumb"},"inLanguage":"gl-ES","potentialAction":[{"@type":"ReadAction","target":["https:\/\/www.anovapeneira.gal\/index.php\/2022\/06\/23\/a-xestion-e-a-transparencia-volveran-a-forcarei\/"]}]},{"@type":"ImageObject","inLanguage":"gl-ES","@id":"https:\/\/www.anovapeneira.gal\/index.php\/2022\/06\/23\/a-xestion-e-a-transparencia-volveran-a-forcarei\/#primaryimage","url":"https:\/\/www.anovapeneira.gal\/wp-content\/uploads\/2022\/06\/belen_PP_Forcarei.jpg","contentUrl":"https:\/\/www.anovapeneira.gal\/wp-content\/uploads\/2022\/06\/belen_PP_Forcarei.jpg","width":720,"height":432,"caption":"Bel\u00e9n PP Forcarei"},{"@type":"BreadcrumbList","@id":"https:\/\/www.anovapeneira.gal\/index.php\/2022\/06\/23\/a-xestion-e-a-transparencia-volveran-a-forcarei\/#breadcrumb","itemListElement":[{"@type":"ListItem","position":1,"name":"Portada","item":"https:\/\/www.anovapeneira.gal\/"},{"@type":"ListItem","position":2,"name":"A xesti\u00f3n e a transparencia volver\u00e1n a Forcarei"}]},{"@type":"WebSite","@id":"https:\/\/www.anovapeneira.gal\/#website","url":"https:\/\/www.anovapeneira.gal\/","name":"","description":"Xornal galego de informaci\u00f3n xeral Publicaci\u00f3n mensual de novas de Galicia e en especial dos Concellos da sur da provincia de Pontevedra.","publisher":{"@id":"https:\/\/www.anovapeneira.gal\/#organization"},"potentialAction":[{"@type":"SearchAction","target":{"@type":"EntryPoint","urlTemplate":"https:\/\/www.anovapeneira.gal\/?s={search_term_string}"},"query-input":{"@type":"PropertyValueSpecification","valueRequired":true,"valueName":"search_term_string"}}],"inLanguage":"gl-ES"},{"@type":"Organization","@id":"https:\/\/www.anovapeneira.gal\/#organization","name":"A Nova Peneira","url":"https:\/\/www.anovapeneira.gal\/","logo":{"@type":"ImageObject","inLanguage":"gl-ES","@id":"https:\/\/www.anovapeneira.gal\/#\/schema\/logo\/image\/","url":"http:\/\/www.anovapeneira.gal\/wp-content\/uploads\/2019\/06\/logo_a_nova_peneira_portal_web.png","contentUrl":"http:\/\/www.anovapeneira.gal\/wp-content\/uploads\/2019\/06\/logo_a_nova_peneira_portal_web.png","width":300,"height":100,"caption":"A Nova Peneira"},"image":{"@id":"https:\/\/www.anovapeneira.gal\/#\/schema\/logo\/image\/"},"sameAs":["https:\/\/www.facebook.com\/anovapeneira","https:\/\/x.com\/APeneira"]},{"@type":"Person","@id":"https:\/\/www.anovapeneira.gal\/#\/schema\/person\/b93e3f8932e3f8da96334607eb6ac6aa","name":"Redacci\u00f3n A Nova Peneira","image":{"@type":"ImageObject","inLanguage":"gl-ES","@id":"https:\/\/secure.gravatar.com\/avatar\/c052a2551a06e23fac63626232eaa90abd78dbcf1700fc46a2b2c89fd27b735f?s=96&d=mm&r=g","url":"https:\/\/secure.gravatar.com\/avatar\/c052a2551a06e23fac63626232eaa90abd78dbcf1700fc46a2b2c89fd27b735f?s=96&d=mm&r=g","contentUrl":"https:\/\/secure.gravatar.com\/avatar\/c052a2551a06e23fac63626232eaa90abd78dbcf1700fc46a2b2c89fd27b735f?s=96&d=mm&r=g","caption":"Redacci\u00f3n A Nova Peneira"},"sameAs":["http:\/\/www.anovapeneira.gal\/"],"url":"https:\/\/www.anovapeneira.gal\/index.php\/author\/redactor\/"}]}},"jetpack_featured_media_url":"https:\/\/www.anovapeneira.gal\/wp-content\/uploads\/2022\/06\/belen_PP_Forcarei.jpg","_links":{"self":[{"href":"https:\/\/www.anovapeneira.gal\/index.php\/wp-json\/wp\/v2\/posts\/7675","targetHints":{"allow":["GET"]}}],"collection":[{"href":"https:\/\/www.anovapeneira.gal\/index.php\/wp-json\/wp\/v2\/posts"}],"about":[{"href":"https:\/\/www.anovapeneira.gal\/index.php\/wp-json\/wp\/v2\/types\/post"}],"author":[{"embeddable":true,"href":"https:\/\/www.anovapeneira.gal\/index.php\/wp-json\/wp\/v2\/users\/3"}],"replies":[{"embeddable":true,"href":"https:\/\/www.anovapeneira.gal\/index.php\/wp-json\/wp\/v2\/comments?post=7675"}],"version-history":[{"count":1,"href":"https:\/\/www.anovapeneira.gal\/index.php\/wp-json\/wp\/v2\/posts\/7675\/revisions"}],"predecessor-version":[{"id":7677,"href":"https:\/\/www.anovapeneira.gal\/index.php\/wp-json\/wp\/v2\/posts\/7675\/revisions\/7677"}],"wp:featuredmedia":[{"embeddable":true,"href":"https:\/\/www.anovapeneira.gal\/index.php\/wp-json\/wp\/v2\/media\/7676"}],"wp:attachment":[{"href":"https:\/\/www.anovapeneira.gal\/index.php\/wp-json\/wp\/v2\/media?parent=7675"}],"wp:term":[{"taxonomy":"category","embeddable":true,"href":"https:\/\/www.anovapeneira.gal\/index.php\/wp-json\/wp\/v2\/categories?post=7675"},{"taxonomy":"post_tag","embeddable":true,"href":"https:\/\/www.anovapeneira.gal\/index.php\/wp-json\/wp\/v2\/tags?post=7675"}],"curies":[{"name":"wp","href":"https:\/\/api.w.org\/{rel}","templated":true}]}}