{"id":7679,"date":"2022-06-24T10:00:36","date_gmt":"2022-06-24T08:00:36","guid":{"rendered":"https:\/\/www.anovapeneira.gal\/?p=7679"},"modified":"2022-06-20T19:55:07","modified_gmt":"2022-06-20T17:55:07","slug":"pola-mellora-das-condicions-de-vida-en-forcarei","status":"publish","type":"post","link":"https:\/\/www.anovapeneira.gal\/index.php\/2022\/06\/24\/pola-mellora-das-condicions-de-vida-en-forcarei\/","title":{"rendered":"Pola mellora das condici\u00f3ns de vida en Forcarei"},"content":{"rendered":"\n<pre class=\"wp-block-verse\"><strong>Roberto Jorge Correa voceiro do BNG en Forcarei<\/strong><\/pre>\n\n\n\n<p>Hoxe podemos aplicar \u00e1 situaci\u00f3n global o que dec\u00eda Zygmunt Bauman de que son \u201ctempos l\u00edquidos\u201d. Vivimos nunha gran incerteza que causa temor ante o futuro. A guerra \u00e1s portas de Europa, a situaci\u00f3n econ\u00f3mica que leva anos burbulleando e que co actual contexto de post pandemia e guerra se est\u00e1 a volver insostible xeran unha volatilidade que nos arrastra a un estado de ansiedade econ\u00f3mica perigosa.<\/p>\n\n\n\n<p>Todas as decisi\u00f3ns son apuradas, todas son forzadas por un mundo impredecible e cambiante que esixe medidas urxentes e ese non \u00e9 un bo cami\u00f1o, especialmente para os concellos rurais e m\u00e1is desfavorecidos, como pode ser Forcarei.<\/p>\n\n\n\n<p>Nunca as decisi\u00f3ns apuradas e sen previsi\u00f3n foron boas e neste caso dem\u00f3strase unha vez m\u00e1is. O aumento de gasto militar conleva a reduci\u00f3n de gasto social e civil inevitablemente e a\u00ed \u00e9 onde os concellos m\u00e1is desfavorecidos sa\u00edmos m\u00e1is prexudicados.<\/p>\n\n\n\n<p>Practicamente todo o interior de Pontevedra e sobre todo a comarca da Terra de Montes estamos vendo como o despoboamento aumenta e como a fenda salarial, onde as pensi\u00f3ns non contributivas e as agrarias que son as m\u00e1is baixas do estado, est\u00e1n a provocar que cada vez estes territorios te\u00f1amos menos competitividade, ao tempo que a perda de servizos b\u00e1sicos e o envellecemento da poboaci\u00f3n fai menos competitivos aos concellos.<\/p>\n\n\n\n<p>Pero ante tempos l\u00edquidos o que nos quedan son principios s\u00f3lidos.<\/p>\n\n\n\n<p>Desta situaci\u00f3n temos que facer unha oportunidade para que concellos como Forcarei medren. Pa\u00edses coma Francia, nada sospeitoso de intervencionista, est\u00e1 a falar de soberan\u00eda alimentaria e todo Europa se da conta hoxe en d\u00eda de que descoidamos a nosa despensa para vender sobre todo veh\u00edculos.<\/p>\n\n\n\n<p>\u00c9 unha situaci\u00f3n que hai que reverter e que ten que xerar oportunidades en Forcarei. O sector primario, cunha alt\u00edsima demanda de alimentos ou madeira debe ser apontalado a\u00ednda m\u00e1is ca nunca, estado e Xunta de Galicia deben garantir uns prezos dignos e competitividade ao noso sector agroforestal, somos potencia.<\/p>\n\n\n\n<p>Fan falla principios neste tempo e eses principios pasan por crer en n\u00f3s, crer en n\u00f3s co noso saber tradicional e desterrando falsas ideas de crecemento en base \u00e1s cidades que levan anos inculc\u00e1ndonos.<\/p>\n\n\n\n<p>Pero non vale s\u00f3 con ideas, as ideas ten que ir acompa\u00f1adas de inversi\u00f3ns, de apostas decididas polo rural.<\/p>\n\n\n\n<p>Unha vez conseguido o sustento en base a un prezo digno para os produtos agroforestais o rural necesita solo empresarial, necesita telecomunicaci\u00f3ns en igualdade coas cidades e necesitamos servizos.<\/p>\n\n\n\n<p>En Forcarei da man de estado e Xunta de Galicia, que tanto t\u00e9n coma tanto me da, vimos de perder nos \u00faltimos anos m\u00e9dico, horas de pediatr\u00eda e peches de oficinas bancarias, sen unha soa inversi\u00f3n en servizos.<\/p>\n\n\n\n<p>\u00c9 un erro estrat\u00e9xico por parte das administraci\u00f3ns. Cando cremos en n\u00f3s, cando respectamos os nosos principios, cando ofertamos en igualdade as distintas opci\u00f3ns, Forcarei e todo o interior ten tantas ou m\u00e1is oportunidades coma calquera outro territorio.<\/p>\n\n\n\n<p>Sirva coma exemplo os pisos da Sareb existentes no noso concello. Tras unha xuntanza a principios de mandato con representantes desta entidade conseguimos que estes accederan a facer unha promoci\u00f3n e posta \u00e1 venta dun edificio rematado. En poucos meses vendeuse completo e estase a rematar o edificio contiguo para a posta \u00e1 venta. Un mont\u00f3n de tempo perdido e de familias emigradas a outras aldeas por non dispor as administraci\u00f3ns desa vivenda.<\/p>\n\n\n\n<p>Dende o BNG de Forcarei apostamos fortemente polos principios nestes tempos de incertezas para potenciar o noso. \u00c9 o momento de que todos aqueles que desexen cambiar o seu mundo m\u00e1is inmediato se unan \u00e1 nosa idea e xuntos sigamos loitando por aumentar a vivenda dispo\u00f1ible en Forcarei, as oportunidades de emprego ou negocio e as melloras sociais e de servizos.<\/p>\n","protected":false},"excerpt":{"rendered":"<div class=\"mh-excerpt\"><p>Hoxe podemos aplicar \u00e1 situaci\u00f3n global o que dec\u00eda Zygmunt Bauman de que son \u201ctempos l\u00edquidos\u201d. Vivimos nunha gran incerteza que causa temor ante o futuro <a class=\"mh-excerpt-more\" href=\"https:\/\/www.anovapeneira.gal\/index.php\/2022\/06\/24\/pola-mellora-das-condicions-de-vida-en-forcarei\/\" title=\"Pola mellora das condici\u00f3ns de vida en Forcarei\">[&#8230;]<\/a><\/p>\n<\/div>","protected":false},"author":12,"featured_media":3867,"comment_status":"open","ping_status":"open","sticky":false,"template":"","format":"standard","meta":{"_exactmetrics_skip_tracking":false,"_exactmetrics_sitenote_active":false,"_exactmetrics_sitenote_note":"","_exactmetrics_sitenote_category":0,"footnotes":""},"categories":[7],"tags":[1188],"class_list":{"0":"post-7679","1":"post","2":"type-post","3":"status-publish","4":"format-standard","5":"has-post-thumbnail","7":"category-artigos-de-opinion","8":"tag-concello-de-forcarei"},"yoast_head":"<!-- This site is optimized with the Yoast SEO plugin v27.4 - https:\/\/yoast.com\/product\/yoast-seo-wordpress\/ -->\n<title>Pola mellora das condici\u00f3ns de vida en Forcarei -<\/title>\n<meta name=\"description\" content=\"Hoxe podemos aplicar \u00e1 situaci\u00f3n global o que dec\u00eda Zygmunt Bauman de que son \u201ctempos l\u00edquidos\u201d. Vivimos nunha gran incerteza que causa temor ante o futuro\" \/>\n<meta name=\"robots\" content=\"index, follow, max-snippet:-1, max-image-preview:large, max-video-preview:-1\" \/>\n<link rel=\"canonical\" href=\"https:\/\/www.anovapeneira.gal\/index.php\/2022\/06\/24\/pola-mellora-das-condicions-de-vida-en-forcarei\/\" \/>\n<meta property=\"og:locale\" content=\"gl_ES\" \/>\n<meta property=\"og:type\" content=\"article\" \/>\n<meta property=\"og:title\" content=\"Pola mellora das condici\u00f3ns de vida en Forcarei -\" \/>\n<meta property=\"og:description\" content=\"Hoxe podemos aplicar \u00e1 situaci\u00f3n global o que dec\u00eda Zygmunt Bauman de que son \u201ctempos l\u00edquidos\u201d. Vivimos nunha gran incerteza que causa temor ante o futuro\" \/>\n<meta property=\"og:url\" content=\"https:\/\/www.anovapeneira.gal\/index.php\/2022\/06\/24\/pola-mellora-das-condicions-de-vida-en-forcarei\/\" \/>\n<meta property=\"article:publisher\" content=\"https:\/\/www.facebook.com\/anovapeneira\" \/>\n<meta property=\"article:published_time\" content=\"2022-06-24T08:00:36+00:00\" \/>\n<meta property=\"og:image\" content=\"https:\/\/www.anovapeneira.gal\/wp-content\/uploads\/2020\/09\/bng_forcarei_a_nova_peneira.jpg\" \/>\n\t<meta property=\"og:image:width\" content=\"720\" \/>\n\t<meta property=\"og:image:height\" content=\"432\" \/>\n\t<meta property=\"og:image:type\" content=\"image\/jpeg\" \/>\n<meta name=\"author\" content=\"Artigos Opini\u00f3n\" \/>\n<meta name=\"twitter:card\" content=\"summary_large_image\" \/>\n<meta name=\"twitter:creator\" content=\"@APeneira\" \/>\n<meta name=\"twitter:site\" content=\"@APeneira\" \/>\n<meta name=\"twitter:label1\" content=\"Escrito por\" \/>\n\t<meta name=\"twitter:data1\" content=\"Artigos Opini\u00f3n\" \/>\n\t<meta name=\"twitter:label2\" content=\"Tempo de lectura\" \/>\n\t<meta name=\"twitter:data2\" content=\"4 minutos\" \/>\n<script type=\"application\/ld+json\" class=\"yoast-schema-graph\">{\"@context\":\"https:\\\/\\\/schema.org\",\"@graph\":[{\"@type\":\"Article\",\"@id\":\"https:\\\/\\\/www.anovapeneira.gal\\\/index.php\\\/2022\\\/06\\\/24\\\/pola-mellora-das-condicions-de-vida-en-forcarei\\\/#article\",\"isPartOf\":{\"@id\":\"https:\\\/\\\/www.anovapeneira.gal\\\/index.php\\\/2022\\\/06\\\/24\\\/pola-mellora-das-condicions-de-vida-en-forcarei\\\/\"},\"author\":{\"name\":\"Artigos Opini\u00f3n\",\"@id\":\"https:\\\/\\\/www.anovapeneira.gal\\\/#\\\/schema\\\/person\\\/f18a4feb302e8f20bcef4490b5b60bb3\"},\"headline\":\"Pola mellora das condici\u00f3ns de vida en Forcarei\",\"datePublished\":\"2022-06-24T08:00:36+00:00\",\"mainEntityOfPage\":{\"@id\":\"https:\\\/\\\/www.anovapeneira.gal\\\/index.php\\\/2022\\\/06\\\/24\\\/pola-mellora-das-condicions-de-vida-en-forcarei\\\/\"},\"wordCount\":668,\"commentCount\":0,\"publisher\":{\"@id\":\"https:\\\/\\\/www.anovapeneira.gal\\\/#organization\"},\"image\":{\"@id\":\"https:\\\/\\\/www.anovapeneira.gal\\\/index.php\\\/2022\\\/06\\\/24\\\/pola-mellora-das-condicions-de-vida-en-forcarei\\\/#primaryimage\"},\"thumbnailUrl\":\"https:\\\/\\\/www.anovapeneira.gal\\\/wp-content\\\/uploads\\\/2020\\\/09\\\/bng_forcarei_a_nova_peneira.jpg\",\"keywords\":[\"Concello de Forcarei\"],\"articleSection\":[\"Artigos de opini\u00f3n\"],\"inLanguage\":\"gl-ES\",\"potentialAction\":[{\"@type\":\"CommentAction\",\"name\":\"Comment\",\"target\":[\"https:\\\/\\\/www.anovapeneira.gal\\\/index.php\\\/2022\\\/06\\\/24\\\/pola-mellora-das-condicions-de-vida-en-forcarei\\\/#respond\"]}]},{\"@type\":\"WebPage\",\"@id\":\"https:\\\/\\\/www.anovapeneira.gal\\\/index.php\\\/2022\\\/06\\\/24\\\/pola-mellora-das-condicions-de-vida-en-forcarei\\\/\",\"url\":\"https:\\\/\\\/www.anovapeneira.gal\\\/index.php\\\/2022\\\/06\\\/24\\\/pola-mellora-das-condicions-de-vida-en-forcarei\\\/\",\"name\":\"Pola mellora das condici\u00f3ns de vida en Forcarei -\",\"isPartOf\":{\"@id\":\"https:\\\/\\\/www.anovapeneira.gal\\\/#website\"},\"primaryImageOfPage\":{\"@id\":\"https:\\\/\\\/www.anovapeneira.gal\\\/index.php\\\/2022\\\/06\\\/24\\\/pola-mellora-das-condicions-de-vida-en-forcarei\\\/#primaryimage\"},\"image\":{\"@id\":\"https:\\\/\\\/www.anovapeneira.gal\\\/index.php\\\/2022\\\/06\\\/24\\\/pola-mellora-das-condicions-de-vida-en-forcarei\\\/#primaryimage\"},\"thumbnailUrl\":\"https:\\\/\\\/www.anovapeneira.gal\\\/wp-content\\\/uploads\\\/2020\\\/09\\\/bng_forcarei_a_nova_peneira.jpg\",\"datePublished\":\"2022-06-24T08:00:36+00:00\",\"description\":\"Hoxe podemos aplicar \u00e1 situaci\u00f3n global o que dec\u00eda Zygmunt Bauman de que son \u201ctempos l\u00edquidos\u201d. Vivimos nunha gran incerteza que causa temor ante o futuro\",\"breadcrumb\":{\"@id\":\"https:\\\/\\\/www.anovapeneira.gal\\\/index.php\\\/2022\\\/06\\\/24\\\/pola-mellora-das-condicions-de-vida-en-forcarei\\\/#breadcrumb\"},\"inLanguage\":\"gl-ES\",\"potentialAction\":[{\"@type\":\"ReadAction\",\"target\":[\"https:\\\/\\\/www.anovapeneira.gal\\\/index.php\\\/2022\\\/06\\\/24\\\/pola-mellora-das-condicions-de-vida-en-forcarei\\\/\"]}]},{\"@type\":\"ImageObject\",\"inLanguage\":\"gl-ES\",\"@id\":\"https:\\\/\\\/www.anovapeneira.gal\\\/index.php\\\/2022\\\/06\\\/24\\\/pola-mellora-das-condicions-de-vida-en-forcarei\\\/#primaryimage\",\"url\":\"https:\\\/\\\/www.anovapeneira.gal\\\/wp-content\\\/uploads\\\/2020\\\/09\\\/bng_forcarei_a_nova_peneira.jpg\",\"contentUrl\":\"https:\\\/\\\/www.anovapeneira.gal\\\/wp-content\\\/uploads\\\/2020\\\/09\\\/bng_forcarei_a_nova_peneira.jpg\",\"width\":720,\"height\":432,\"caption\":\"Roberto Jorge Correa, concelleiro do BNG no Concello de Forcarei\"},{\"@type\":\"BreadcrumbList\",\"@id\":\"https:\\\/\\\/www.anovapeneira.gal\\\/index.php\\\/2022\\\/06\\\/24\\\/pola-mellora-das-condicions-de-vida-en-forcarei\\\/#breadcrumb\",\"itemListElement\":[{\"@type\":\"ListItem\",\"position\":1,\"name\":\"Portada\",\"item\":\"https:\\\/\\\/www.anovapeneira.gal\\\/\"},{\"@type\":\"ListItem\",\"position\":2,\"name\":\"Pola mellora das condici\u00f3ns de vida en Forcarei\"}]},{\"@type\":\"WebSite\",\"@id\":\"https:\\\/\\\/www.anovapeneira.gal\\\/#website\",\"url\":\"https:\\\/\\\/www.anovapeneira.gal\\\/\",\"name\":\"\",\"description\":\"Xornal galego de informaci\u00f3n xeral Publicaci\u00f3n mensual de novas de Galicia e en especial dos Concellos da sur da provincia de Pontevedra.\",\"publisher\":{\"@id\":\"https:\\\/\\\/www.anovapeneira.gal\\\/#organization\"},\"potentialAction\":[{\"@type\":\"SearchAction\",\"target\":{\"@type\":\"EntryPoint\",\"urlTemplate\":\"https:\\\/\\\/www.anovapeneira.gal\\\/?s={search_term_string}\"},\"query-input\":{\"@type\":\"PropertyValueSpecification\",\"valueRequired\":true,\"valueName\":\"search_term_string\"}}],\"inLanguage\":\"gl-ES\"},{\"@type\":\"Organization\",\"@id\":\"https:\\\/\\\/www.anovapeneira.gal\\\/#organization\",\"name\":\"A Nova Peneira\",\"url\":\"https:\\\/\\\/www.anovapeneira.gal\\\/\",\"logo\":{\"@type\":\"ImageObject\",\"inLanguage\":\"gl-ES\",\"@id\":\"https:\\\/\\\/www.anovapeneira.gal\\\/#\\\/schema\\\/logo\\\/image\\\/\",\"url\":\"http:\\\/\\\/www.anovapeneira.gal\\\/wp-content\\\/uploads\\\/2019\\\/06\\\/logo_a_nova_peneira_portal_web.png\",\"contentUrl\":\"http:\\\/\\\/www.anovapeneira.gal\\\/wp-content\\\/uploads\\\/2019\\\/06\\\/logo_a_nova_peneira_portal_web.png\",\"width\":300,\"height\":100,\"caption\":\"A Nova Peneira\"},\"image\":{\"@id\":\"https:\\\/\\\/www.anovapeneira.gal\\\/#\\\/schema\\\/logo\\\/image\\\/\"},\"sameAs\":[\"https:\\\/\\\/www.facebook.com\\\/anovapeneira\",\"https:\\\/\\\/x.com\\\/APeneira\"]},{\"@type\":\"Person\",\"@id\":\"https:\\\/\\\/www.anovapeneira.gal\\\/#\\\/schema\\\/person\\\/f18a4feb302e8f20bcef4490b5b60bb3\",\"name\":\"Artigos Opini\u00f3n\",\"image\":{\"@type\":\"ImageObject\",\"inLanguage\":\"gl-ES\",\"@id\":\"https:\\\/\\\/secure.gravatar.com\\\/avatar\\\/072844300f4881150aee2da4278f7a65d16eefdf8262eb67085f1e702de2b959?s=96&d=mm&r=g\",\"url\":\"https:\\\/\\\/secure.gravatar.com\\\/avatar\\\/072844300f4881150aee2da4278f7a65d16eefdf8262eb67085f1e702de2b959?s=96&d=mm&r=g\",\"contentUrl\":\"https:\\\/\\\/secure.gravatar.com\\\/avatar\\\/072844300f4881150aee2da4278f7a65d16eefdf8262eb67085f1e702de2b959?s=96&d=mm&r=g\",\"caption\":\"Artigos Opini\u00f3n\"},\"sameAs\":[\"http:\\\/\\\/anovapeneira.gal\"],\"url\":\"https:\\\/\\\/www.anovapeneira.gal\\\/index.php\\\/author\\\/artigosopinion\\\/\"}]}<\/script>\n<!-- \/ Yoast SEO plugin. -->","yoast_head_json":{"title":"Pola mellora das condici\u00f3ns de vida en Forcarei -","description":"Hoxe podemos aplicar \u00e1 situaci\u00f3n global o que dec\u00eda Zygmunt Bauman de que son \u201ctempos l\u00edquidos\u201d. Vivimos nunha gran incerteza que causa temor ante o futuro","robots":{"index":"index","follow":"follow","max-snippet":"max-snippet:-1","max-image-preview":"max-image-preview:large","max-video-preview":"max-video-preview:-1"},"canonical":"https:\/\/www.anovapeneira.gal\/index.php\/2022\/06\/24\/pola-mellora-das-condicions-de-vida-en-forcarei\/","og_locale":"gl_ES","og_type":"article","og_title":"Pola mellora das condici\u00f3ns de vida en Forcarei -","og_description":"Hoxe podemos aplicar \u00e1 situaci\u00f3n global o que dec\u00eda Zygmunt Bauman de que son \u201ctempos l\u00edquidos\u201d. Vivimos nunha gran incerteza que causa temor ante o futuro","og_url":"https:\/\/www.anovapeneira.gal\/index.php\/2022\/06\/24\/pola-mellora-das-condicions-de-vida-en-forcarei\/","article_publisher":"https:\/\/www.facebook.com\/anovapeneira","article_published_time":"2022-06-24T08:00:36+00:00","og_image":[{"width":720,"height":432,"url":"https:\/\/www.anovapeneira.gal\/wp-content\/uploads\/2020\/09\/bng_forcarei_a_nova_peneira.jpg","type":"image\/jpeg"}],"author":"Artigos Opini\u00f3n","twitter_card":"summary_large_image","twitter_creator":"@APeneira","twitter_site":"@APeneira","twitter_misc":{"Escrito por":"Artigos Opini\u00f3n","Tempo de lectura":"4 minutos"},"schema":{"@context":"https:\/\/schema.org","@graph":[{"@type":"Article","@id":"https:\/\/www.anovapeneira.gal\/index.php\/2022\/06\/24\/pola-mellora-das-condicions-de-vida-en-forcarei\/#article","isPartOf":{"@id":"https:\/\/www.anovapeneira.gal\/index.php\/2022\/06\/24\/pola-mellora-das-condicions-de-vida-en-forcarei\/"},"author":{"name":"Artigos Opini\u00f3n","@id":"https:\/\/www.anovapeneira.gal\/#\/schema\/person\/f18a4feb302e8f20bcef4490b5b60bb3"},"headline":"Pola mellora das condici\u00f3ns de vida en Forcarei","datePublished":"2022-06-24T08:00:36+00:00","mainEntityOfPage":{"@id":"https:\/\/www.anovapeneira.gal\/index.php\/2022\/06\/24\/pola-mellora-das-condicions-de-vida-en-forcarei\/"},"wordCount":668,"commentCount":0,"publisher":{"@id":"https:\/\/www.anovapeneira.gal\/#organization"},"image":{"@id":"https:\/\/www.anovapeneira.gal\/index.php\/2022\/06\/24\/pola-mellora-das-condicions-de-vida-en-forcarei\/#primaryimage"},"thumbnailUrl":"https:\/\/www.anovapeneira.gal\/wp-content\/uploads\/2020\/09\/bng_forcarei_a_nova_peneira.jpg","keywords":["Concello de Forcarei"],"articleSection":["Artigos de opini\u00f3n"],"inLanguage":"gl-ES","potentialAction":[{"@type":"CommentAction","name":"Comment","target":["https:\/\/www.anovapeneira.gal\/index.php\/2022\/06\/24\/pola-mellora-das-condicions-de-vida-en-forcarei\/#respond"]}]},{"@type":"WebPage","@id":"https:\/\/www.anovapeneira.gal\/index.php\/2022\/06\/24\/pola-mellora-das-condicions-de-vida-en-forcarei\/","url":"https:\/\/www.anovapeneira.gal\/index.php\/2022\/06\/24\/pola-mellora-das-condicions-de-vida-en-forcarei\/","name":"Pola mellora das condici\u00f3ns de vida en Forcarei -","isPartOf":{"@id":"https:\/\/www.anovapeneira.gal\/#website"},"primaryImageOfPage":{"@id":"https:\/\/www.anovapeneira.gal\/index.php\/2022\/06\/24\/pola-mellora-das-condicions-de-vida-en-forcarei\/#primaryimage"},"image":{"@id":"https:\/\/www.anovapeneira.gal\/index.php\/2022\/06\/24\/pola-mellora-das-condicions-de-vida-en-forcarei\/#primaryimage"},"thumbnailUrl":"https:\/\/www.anovapeneira.gal\/wp-content\/uploads\/2020\/09\/bng_forcarei_a_nova_peneira.jpg","datePublished":"2022-06-24T08:00:36+00:00","description":"Hoxe podemos aplicar \u00e1 situaci\u00f3n global o que dec\u00eda Zygmunt Bauman de que son \u201ctempos l\u00edquidos\u201d. Vivimos nunha gran incerteza que causa temor ante o futuro","breadcrumb":{"@id":"https:\/\/www.anovapeneira.gal\/index.php\/2022\/06\/24\/pola-mellora-das-condicions-de-vida-en-forcarei\/#breadcrumb"},"inLanguage":"gl-ES","potentialAction":[{"@type":"ReadAction","target":["https:\/\/www.anovapeneira.gal\/index.php\/2022\/06\/24\/pola-mellora-das-condicions-de-vida-en-forcarei\/"]}]},{"@type":"ImageObject","inLanguage":"gl-ES","@id":"https:\/\/www.anovapeneira.gal\/index.php\/2022\/06\/24\/pola-mellora-das-condicions-de-vida-en-forcarei\/#primaryimage","url":"https:\/\/www.anovapeneira.gal\/wp-content\/uploads\/2020\/09\/bng_forcarei_a_nova_peneira.jpg","contentUrl":"https:\/\/www.anovapeneira.gal\/wp-content\/uploads\/2020\/09\/bng_forcarei_a_nova_peneira.jpg","width":720,"height":432,"caption":"Roberto Jorge Correa, concelleiro do BNG no Concello de Forcarei"},{"@type":"BreadcrumbList","@id":"https:\/\/www.anovapeneira.gal\/index.php\/2022\/06\/24\/pola-mellora-das-condicions-de-vida-en-forcarei\/#breadcrumb","itemListElement":[{"@type":"ListItem","position":1,"name":"Portada","item":"https:\/\/www.anovapeneira.gal\/"},{"@type":"ListItem","position":2,"name":"Pola mellora das condici\u00f3ns de vida en Forcarei"}]},{"@type":"WebSite","@id":"https:\/\/www.anovapeneira.gal\/#website","url":"https:\/\/www.anovapeneira.gal\/","name":"","description":"Xornal galego de informaci\u00f3n xeral Publicaci\u00f3n mensual de novas de Galicia e en especial dos Concellos da sur da provincia de Pontevedra.","publisher":{"@id":"https:\/\/www.anovapeneira.gal\/#organization"},"potentialAction":[{"@type":"SearchAction","target":{"@type":"EntryPoint","urlTemplate":"https:\/\/www.anovapeneira.gal\/?s={search_term_string}"},"query-input":{"@type":"PropertyValueSpecification","valueRequired":true,"valueName":"search_term_string"}}],"inLanguage":"gl-ES"},{"@type":"Organization","@id":"https:\/\/www.anovapeneira.gal\/#organization","name":"A Nova Peneira","url":"https:\/\/www.anovapeneira.gal\/","logo":{"@type":"ImageObject","inLanguage":"gl-ES","@id":"https:\/\/www.anovapeneira.gal\/#\/schema\/logo\/image\/","url":"http:\/\/www.anovapeneira.gal\/wp-content\/uploads\/2019\/06\/logo_a_nova_peneira_portal_web.png","contentUrl":"http:\/\/www.anovapeneira.gal\/wp-content\/uploads\/2019\/06\/logo_a_nova_peneira_portal_web.png","width":300,"height":100,"caption":"A Nova Peneira"},"image":{"@id":"https:\/\/www.anovapeneira.gal\/#\/schema\/logo\/image\/"},"sameAs":["https:\/\/www.facebook.com\/anovapeneira","https:\/\/x.com\/APeneira"]},{"@type":"Person","@id":"https:\/\/www.anovapeneira.gal\/#\/schema\/person\/f18a4feb302e8f20bcef4490b5b60bb3","name":"Artigos Opini\u00f3n","image":{"@type":"ImageObject","inLanguage":"gl-ES","@id":"https:\/\/secure.gravatar.com\/avatar\/072844300f4881150aee2da4278f7a65d16eefdf8262eb67085f1e702de2b959?s=96&d=mm&r=g","url":"https:\/\/secure.gravatar.com\/avatar\/072844300f4881150aee2da4278f7a65d16eefdf8262eb67085f1e702de2b959?s=96&d=mm&r=g","contentUrl":"https:\/\/secure.gravatar.com\/avatar\/072844300f4881150aee2da4278f7a65d16eefdf8262eb67085f1e702de2b959?s=96&d=mm&r=g","caption":"Artigos Opini\u00f3n"},"sameAs":["http:\/\/anovapeneira.gal"],"url":"https:\/\/www.anovapeneira.gal\/index.php\/author\/artigosopinion\/"}]}},"jetpack_featured_media_url":"https:\/\/www.anovapeneira.gal\/wp-content\/uploads\/2020\/09\/bng_forcarei_a_nova_peneira.jpg","_links":{"self":[{"href":"https:\/\/www.anovapeneira.gal\/index.php\/wp-json\/wp\/v2\/posts\/7679","targetHints":{"allow":["GET"]}}],"collection":[{"href":"https:\/\/www.anovapeneira.gal\/index.php\/wp-json\/wp\/v2\/posts"}],"about":[{"href":"https:\/\/www.anovapeneira.gal\/index.php\/wp-json\/wp\/v2\/types\/post"}],"author":[{"embeddable":true,"href":"https:\/\/www.anovapeneira.gal\/index.php\/wp-json\/wp\/v2\/users\/12"}],"replies":[{"embeddable":true,"href":"https:\/\/www.anovapeneira.gal\/index.php\/wp-json\/wp\/v2\/comments?post=7679"}],"version-history":[{"count":1,"href":"https:\/\/www.anovapeneira.gal\/index.php\/wp-json\/wp\/v2\/posts\/7679\/revisions"}],"predecessor-version":[{"id":7680,"href":"https:\/\/www.anovapeneira.gal\/index.php\/wp-json\/wp\/v2\/posts\/7679\/revisions\/7680"}],"wp:featuredmedia":[{"embeddable":true,"href":"https:\/\/www.anovapeneira.gal\/index.php\/wp-json\/wp\/v2\/media\/3867"}],"wp:attachment":[{"href":"https:\/\/www.anovapeneira.gal\/index.php\/wp-json\/wp\/v2\/media?parent=7679"}],"wp:term":[{"taxonomy":"category","embeddable":true,"href":"https:\/\/www.anovapeneira.gal\/index.php\/wp-json\/wp\/v2\/categories?post=7679"},{"taxonomy":"post_tag","embeddable":true,"href":"https:\/\/www.anovapeneira.gal\/index.php\/wp-json\/wp\/v2\/tags?post=7679"}],"curies":[{"name":"wp","href":"https:\/\/api.w.org\/{rel}","templated":true}]}}