{"id":7681,"date":"2022-06-24T12:00:16","date_gmt":"2022-06-24T10:00:16","guid":{"rendered":"https:\/\/www.anovapeneira.gal\/?p=7681"},"modified":"2022-06-20T20:00:57","modified_gmt":"2022-06-20T18:00:57","slug":"ix-edicion-do-berete-rock-de-chapela","status":"publish","type":"post","link":"https:\/\/www.anovapeneira.gal\/index.php\/2022\/06\/24\/ix-edicion-do-berete-rock-de-chapela\/","title":{"rendered":"IX  edici\u00f3n do Berete Rock de Chapela"},"content":{"rendered":"\n<pre class=\"wp-block-verse\"><strong>Mar<\/strong><\/pre>\n\n\n\n<h2 class=\"wp-block-heading\">Despois de 8 anos ininterrompidos, e dous de obrigada parada pand\u00e9mica, o pr\u00f3ximo 6 de agosto volve o Berete Rock a encher de boa m\u00fasica a praia de Arealonga. A Nova Peneira conversou con dos dos seus organizadores:<\/h2>\n\n\n\n<pre class=\"wp-block-verse\"><strong>Cusi e Xocas<\/strong><\/pre>\n\n\n\n<h2 class=\"wp-block-heading\">\u201c <strong>Estamos moi ilusionados con que esta IX edici\u00f3n do Berete sexa todo un \u00e9xito\u201d<\/strong><\/h2>\n\n\n\n<p><strong>Despois de dous anos nos que as circunstancias pand\u00e9micas obrig\u00e1ronvos a parar, como afrontades a volta?<\/strong><\/p>\n\n\n\n<blockquote class=\"wp-block-quote is-layout-flow wp-block-quote-is-layout-flow\"><p>Cunhas ga\u00f1as enormes. De feito ti\u00f1amos d\u00fabidas de se retomar o festival ou non pero foi a propia veci\u00f1anza a que nos demandou que deramos un paso adiante para retomalo<\/p><\/blockquote>\n\n\n\n<p><strong>Cantas persoas estades na organizaci\u00f3n do festival?<\/strong><\/p>\n\n\n\n<blockquote class=\"wp-block-quote is-layout-flow wp-block-quote-is-layout-flow\"><p>Agora mesmo somos 13<\/p><\/blockquote>\n\n\n\n<p><strong>Como comezou a vosa historia?<\/strong><\/p>\n\n\n\n<blockquote class=\"wp-block-quote is-layout-flow wp-block-quote-is-layout-flow\"><p>Nacemos a ra\u00edz dun concerto que un dos organizadores fixo, coa banda que ti\u00f1a daquela, no Baixo Mi\u00f1o. Ap\u00f3s o concerto mentres tomabamos unhas cervexas comezamos un pouco de brincadeira a falar do tema e finalmente , un mes despois, a primeira edici\u00f3n do Berete xa era unha marabillosa realidade<\/p><\/blockquote>\n\n\n\n<p><strong>Acord\u00e1devos que tal foi a asistencia?<\/strong><\/p>\n\n\n\n<blockquote class=\"wp-block-quote is-layout-flow wp-block-quote-is-layout-flow\"><p>Para ser a primeira vez estivo moi ben, varios centos de persoas nos acompa\u00f1aron naquela aventura<\/p><\/blockquote>\n\n\n\n<p><strong>E desde aquela foron oito seguidas?<\/strong><\/p>\n\n\n\n<blockquote class=\"wp-block-quote is-layout-flow wp-block-quote-is-layout-flow\"><p>Pois si, e cando non quedou m\u00e1is remedio que parar xa ti\u00f1amos moi avanzada a organizaci\u00f3n da novena<\/p><\/blockquote>\n\n\n\n<p><strong>As camisetas do festival son solidarias verdade?<\/strong><\/p>\n\n\n\n<blockquote class=\"wp-block-quote is-layout-flow wp-block-quote-is-layout-flow\"><p>Si, 1\u20ac de cada camiseta que se venda vai a c\u00e1ritas Redondela. A venda de camisetas al\u00e9n de axudar, a trav\u00e9s de c\u00e1ritas Redondela, a quen m\u00e1is o necesite tam\u00e9n nos sirve para financiarnos a nos pois malia a achega econ\u00f3mica do concello organizar un festival como este \u00e9 moi caro<\/p><\/blockquote>\n\n\n\n<p><strong>Que tipo de grupos buscades?<\/strong><\/p>\n\n\n\n<blockquote class=\"wp-block-quote is-layout-flow wp-block-quote-is-layout-flow\"><p>Fundamentalmente grupos locais, tam\u00e9n alg\u00fan de f\u00f3ra pero ten que ter moita cualidade para poder darlle cach\u00e9 ao festival. Temos tra\u00eddo grupos do pa\u00eds vasco e de Madrid<\/p><\/blockquote>\n\n\n\n<p><strong>A fonte principal do voso financiamento cal \u00e9?<\/strong><\/p>\n\n\n\n<blockquote class=\"wp-block-quote is-layout-flow wp-block-quote-is-layout-flow\"><p>As m\u00e1is importantes son as achegas do comercio local, aproveitamos as vosas p\u00e1xinas para agradecerlles a s\u00faa xenerosidade, a venda de camisolas e o que se venda na barra. Iso non d\u00e1 para pagar cach\u00e9s moi elevados<\/p><\/blockquote>\n\n\n\n<p><strong>O p\u00fablico ten que pagar entrada?<\/strong><\/p>\n\n\n\n<blockquote class=\"wp-block-quote is-layout-flow wp-block-quote-is-layout-flow\"><p>Non. \u00c9 totalmente de balde. O noso fin non \u00e9 ga\u00f1ar cartos sen\u00f3n ofrecer un espect\u00e1culo de cualidade que poida facer felices tanto aos artistas como aos espectadores. C\u00f3ntoche a este respecto unha an\u00e9cdota para que che fagas unha idea: houbo un ano no que non nos acompa\u00f1ou o tempo, fixo moi mal tempo, e tivemos que p\u00f3r unha carpa .O seu custe fixo que os propios membros da organizaci\u00f3n tiveramos que abonar as nosas copas na barra , sen\u00f3n non daban os n\u00fameros<\/p><\/blockquote>\n\n\n\n<p><strong>Cono son as relaci\u00f3ns co Concello?<\/strong><\/p>\n\n\n\n<blockquote class=\"wp-block-quote is-layout-flow wp-block-quote-is-layout-flow\"><p>Son boas tanto con esta administraci\u00f3n como coa anterior sempre nos trataron ben. Eu creo que a calquera administraci\u00f3n municipal de Redondela, sexa da cor que sexa, inter\u00e9salle tratar ben a Chapela pois somos un dos n\u00facleos m\u00e1is importantes do noso Concello. Agardo que sexan conscientes diso e que cando fagamos a X edici\u00f3n contrib\u00faan a darnos o impulso que Chapela merece. Afortunadamente cada ano a dimensi\u00f3n que imos collendo \u00e9 cada vez m\u00e1is importante , sen d\u00fabida xa son m\u00e1is de mil persoas nas que nas \u00faltimas edici\u00f3ns gozaban coa m\u00fasica do Berete e entendemos que merecemos o apoio do noso Concello en xusta relaci\u00f3n coa importancia do festival<\/p><\/blockquote>\n\n\n\n<p><strong>O festival desenv\u00f3lvese en Arealonga verdade?<\/strong><\/p>\n\n\n\n<blockquote class=\"wp-block-quote is-layout-flow wp-block-quote-is-layout-flow\"><p>Si, xusto onde est\u00e1 a piscina. Todos os grupos quedan encantados co sitio pois al\u00e9n de ser moi bonito ten unhas condici\u00f3ns estupendas para o son<\/p><\/blockquote>\n\n\n\n<p><strong>Que d\u00eda o facemos este ano?<\/strong><\/p>\n\n\n\n<blockquote class=\"wp-block-quote is-layout-flow wp-block-quote-is-layout-flow\"><p>O 6 de agosto<\/p><\/blockquote>\n\n\n\n<p><strong>Temos pechado o cartel?<\/strong><\/p>\n\n\n\n<blockquote class=\"wp-block-quote is-layout-flow wp-block-quote-is-layout-flow\"><p>Si, ve\u00f1en grupos moi destacados como por exemplo:\u201d Motores\u201d, \u201cNostromo\u201d ou \u201c El Tren\u201d<\/p><\/blockquote>\n\n\n\n<p><strong>E as perspectivas?<\/strong><\/p>\n\n\n\n<blockquote class=\"wp-block-quote is-layout-flow wp-block-quote-is-layout-flow\"><p>Estamos moi ilusionados en obter un \u00e9xito superlativo. Como che dixemos ao principio foi a propia veci\u00f1anza a que nos demandou que retomaramos o Berete e desde aqu\u00ed animamos a todos os lectores e lectoras a que se acheguen pois nunha contorna privilexiada vano pasar xenial escoitando boa m\u00fasica completamente de balde.<\/p><\/blockquote>\n","protected":false},"excerpt":{"rendered":"<div class=\"mh-excerpt\"><p>Despois de 8 anos ininterrompidos, e dous de obrigada parada pand\u00e9mica, o pr\u00f3ximo 6 de agosto volve o Berete Rock a encher de boa m\u00fasica a praia de Arealonga.  <a class=\"mh-excerpt-more\" href=\"https:\/\/www.anovapeneira.gal\/index.php\/2022\/06\/24\/ix-edicion-do-berete-rock-de-chapela\/\" title=\"IX  edici\u00f3n do Berete Rock de Chapela\">[&#8230;]<\/a><\/p>\n<\/div>","protected":false},"author":3,"featured_media":7683,"comment_status":"open","ping_status":"open","sticky":false,"template":"","format":"standard","meta":{"_exactmetrics_skip_tracking":false,"_exactmetrics_sitenote_active":false,"_exactmetrics_sitenote_note":"","_exactmetrics_sitenote_category":0,"footnotes":""},"categories":[270],"tags":[171],"class_list":{"0":"post-7681","1":"post","2":"type-post","3":"status-publish","4":"format-standard","5":"has-post-thumbnail","7":"category-redondela-entrevistas","8":"tag-concello-de-redondela"},"yoast_head":"<!-- This site is optimized with the Yoast SEO plugin v27.4 - https:\/\/yoast.com\/product\/yoast-seo-wordpress\/ -->\n<title>IX edici\u00f3n do Berete Rock de Chapela -<\/title>\n<meta name=\"description\" content=\"Despois de 8 anos ininterrompidos, e dous de obrigada parada pand\u00e9mica, o pr\u00f3ximo 6 de agosto volve o Berete Rock a encher de boa m\u00fasica a praia de Arealonga\" \/>\n<meta name=\"robots\" content=\"index, follow, max-snippet:-1, max-image-preview:large, max-video-preview:-1\" \/>\n<link rel=\"canonical\" href=\"https:\/\/www.anovapeneira.gal\/index.php\/2022\/06\/24\/ix-edicion-do-berete-rock-de-chapela\/\" \/>\n<meta property=\"og:locale\" content=\"gl_ES\" \/>\n<meta property=\"og:type\" content=\"article\" \/>\n<meta property=\"og:title\" content=\"IX edici\u00f3n do Berete Rock de Chapela -\" \/>\n<meta property=\"og:description\" content=\"Despois de 8 anos ininterrompidos, e dous de obrigada parada pand\u00e9mica, o pr\u00f3ximo 6 de agosto volve o Berete Rock a encher de boa m\u00fasica a praia de Arealonga\" \/>\n<meta property=\"og:url\" content=\"https:\/\/www.anovapeneira.gal\/index.php\/2022\/06\/24\/ix-edicion-do-berete-rock-de-chapela\/\" \/>\n<meta property=\"article:publisher\" content=\"https:\/\/www.facebook.com\/anovapeneira\" \/>\n<meta property=\"article:published_time\" content=\"2022-06-24T10:00:16+00:00\" \/>\n<meta property=\"og:image\" content=\"https:\/\/www.anovapeneira.gal\/wp-content\/uploads\/2022\/06\/berete_rock.jpg\" \/>\n\t<meta property=\"og:image:width\" content=\"720\" \/>\n\t<meta property=\"og:image:height\" content=\"432\" \/>\n\t<meta property=\"og:image:type\" content=\"image\/jpeg\" \/>\n<meta name=\"author\" content=\"Redacci\u00f3n A Nova Peneira\" \/>\n<meta name=\"twitter:card\" content=\"summary_large_image\" \/>\n<meta name=\"twitter:creator\" content=\"@APeneira\" \/>\n<meta name=\"twitter:site\" content=\"@APeneira\" \/>\n<meta name=\"twitter:label1\" content=\"Escrito por\" \/>\n\t<meta name=\"twitter:data1\" content=\"Redacci\u00f3n A Nova Peneira\" \/>\n\t<meta name=\"twitter:label2\" content=\"Tempo de lectura\" \/>\n\t<meta name=\"twitter:data2\" content=\"4 minutos\" \/>\n<script type=\"application\/ld+json\" class=\"yoast-schema-graph\">{\"@context\":\"https:\\\/\\\/schema.org\",\"@graph\":[{\"@type\":\"Article\",\"@id\":\"https:\\\/\\\/www.anovapeneira.gal\\\/index.php\\\/2022\\\/06\\\/24\\\/ix-edicion-do-berete-rock-de-chapela\\\/#article\",\"isPartOf\":{\"@id\":\"https:\\\/\\\/www.anovapeneira.gal\\\/index.php\\\/2022\\\/06\\\/24\\\/ix-edicion-do-berete-rock-de-chapela\\\/\"},\"author\":{\"name\":\"Redacci\u00f3n A Nova Peneira\",\"@id\":\"https:\\\/\\\/www.anovapeneira.gal\\\/#\\\/schema\\\/person\\\/b93e3f8932e3f8da96334607eb6ac6aa\"},\"headline\":\"IX edici\u00f3n do Berete Rock de Chapela\",\"datePublished\":\"2022-06-24T10:00:16+00:00\",\"mainEntityOfPage\":{\"@id\":\"https:\\\/\\\/www.anovapeneira.gal\\\/index.php\\\/2022\\\/06\\\/24\\\/ix-edicion-do-berete-rock-de-chapela\\\/\"},\"wordCount\":731,\"commentCount\":0,\"publisher\":{\"@id\":\"https:\\\/\\\/www.anovapeneira.gal\\\/#organization\"},\"image\":{\"@id\":\"https:\\\/\\\/www.anovapeneira.gal\\\/index.php\\\/2022\\\/06\\\/24\\\/ix-edicion-do-berete-rock-de-chapela\\\/#primaryimage\"},\"thumbnailUrl\":\"https:\\\/\\\/www.anovapeneira.gal\\\/wp-content\\\/uploads\\\/2022\\\/06\\\/berete_rock.jpg\",\"keywords\":[\"Concello de Redondela\"],\"articleSection\":[\"Redondela\"],\"inLanguage\":\"gl-ES\",\"potentialAction\":[{\"@type\":\"CommentAction\",\"name\":\"Comment\",\"target\":[\"https:\\\/\\\/www.anovapeneira.gal\\\/index.php\\\/2022\\\/06\\\/24\\\/ix-edicion-do-berete-rock-de-chapela\\\/#respond\"]}]},{\"@type\":\"WebPage\",\"@id\":\"https:\\\/\\\/www.anovapeneira.gal\\\/index.php\\\/2022\\\/06\\\/24\\\/ix-edicion-do-berete-rock-de-chapela\\\/\",\"url\":\"https:\\\/\\\/www.anovapeneira.gal\\\/index.php\\\/2022\\\/06\\\/24\\\/ix-edicion-do-berete-rock-de-chapela\\\/\",\"name\":\"IX edici\u00f3n do Berete Rock de Chapela -\",\"isPartOf\":{\"@id\":\"https:\\\/\\\/www.anovapeneira.gal\\\/#website\"},\"primaryImageOfPage\":{\"@id\":\"https:\\\/\\\/www.anovapeneira.gal\\\/index.php\\\/2022\\\/06\\\/24\\\/ix-edicion-do-berete-rock-de-chapela\\\/#primaryimage\"},\"image\":{\"@id\":\"https:\\\/\\\/www.anovapeneira.gal\\\/index.php\\\/2022\\\/06\\\/24\\\/ix-edicion-do-berete-rock-de-chapela\\\/#primaryimage\"},\"thumbnailUrl\":\"https:\\\/\\\/www.anovapeneira.gal\\\/wp-content\\\/uploads\\\/2022\\\/06\\\/berete_rock.jpg\",\"datePublished\":\"2022-06-24T10:00:16+00:00\",\"description\":\"Despois de 8 anos ininterrompidos, e dous de obrigada parada pand\u00e9mica, o pr\u00f3ximo 6 de agosto volve o Berete Rock a encher de boa m\u00fasica a praia de Arealonga\",\"breadcrumb\":{\"@id\":\"https:\\\/\\\/www.anovapeneira.gal\\\/index.php\\\/2022\\\/06\\\/24\\\/ix-edicion-do-berete-rock-de-chapela\\\/#breadcrumb\"},\"inLanguage\":\"gl-ES\",\"potentialAction\":[{\"@type\":\"ReadAction\",\"target\":[\"https:\\\/\\\/www.anovapeneira.gal\\\/index.php\\\/2022\\\/06\\\/24\\\/ix-edicion-do-berete-rock-de-chapela\\\/\"]}]},{\"@type\":\"ImageObject\",\"inLanguage\":\"gl-ES\",\"@id\":\"https:\\\/\\\/www.anovapeneira.gal\\\/index.php\\\/2022\\\/06\\\/24\\\/ix-edicion-do-berete-rock-de-chapela\\\/#primaryimage\",\"url\":\"https:\\\/\\\/www.anovapeneira.gal\\\/wp-content\\\/uploads\\\/2022\\\/06\\\/berete_rock.jpg\",\"contentUrl\":\"https:\\\/\\\/www.anovapeneira.gal\\\/wp-content\\\/uploads\\\/2022\\\/06\\\/berete_rock.jpg\",\"width\":720,\"height\":432,\"caption\":\"Berete Rock Arealonga\"},{\"@type\":\"BreadcrumbList\",\"@id\":\"https:\\\/\\\/www.anovapeneira.gal\\\/index.php\\\/2022\\\/06\\\/24\\\/ix-edicion-do-berete-rock-de-chapela\\\/#breadcrumb\",\"itemListElement\":[{\"@type\":\"ListItem\",\"position\":1,\"name\":\"Portada\",\"item\":\"https:\\\/\\\/www.anovapeneira.gal\\\/\"},{\"@type\":\"ListItem\",\"position\":2,\"name\":\"IX edici\u00f3n do Berete Rock de Chapela\"}]},{\"@type\":\"WebSite\",\"@id\":\"https:\\\/\\\/www.anovapeneira.gal\\\/#website\",\"url\":\"https:\\\/\\\/www.anovapeneira.gal\\\/\",\"name\":\"\",\"description\":\"Xornal galego de informaci\u00f3n xeral Publicaci\u00f3n mensual de novas de Galicia e en especial dos Concellos da sur da provincia de Pontevedra.\",\"publisher\":{\"@id\":\"https:\\\/\\\/www.anovapeneira.gal\\\/#organization\"},\"potentialAction\":[{\"@type\":\"SearchAction\",\"target\":{\"@type\":\"EntryPoint\",\"urlTemplate\":\"https:\\\/\\\/www.anovapeneira.gal\\\/?s={search_term_string}\"},\"query-input\":{\"@type\":\"PropertyValueSpecification\",\"valueRequired\":true,\"valueName\":\"search_term_string\"}}],\"inLanguage\":\"gl-ES\"},{\"@type\":\"Organization\",\"@id\":\"https:\\\/\\\/www.anovapeneira.gal\\\/#organization\",\"name\":\"A Nova Peneira\",\"url\":\"https:\\\/\\\/www.anovapeneira.gal\\\/\",\"logo\":{\"@type\":\"ImageObject\",\"inLanguage\":\"gl-ES\",\"@id\":\"https:\\\/\\\/www.anovapeneira.gal\\\/#\\\/schema\\\/logo\\\/image\\\/\",\"url\":\"http:\\\/\\\/www.anovapeneira.gal\\\/wp-content\\\/uploads\\\/2019\\\/06\\\/logo_a_nova_peneira_portal_web.png\",\"contentUrl\":\"http:\\\/\\\/www.anovapeneira.gal\\\/wp-content\\\/uploads\\\/2019\\\/06\\\/logo_a_nova_peneira_portal_web.png\",\"width\":300,\"height\":100,\"caption\":\"A Nova Peneira\"},\"image\":{\"@id\":\"https:\\\/\\\/www.anovapeneira.gal\\\/#\\\/schema\\\/logo\\\/image\\\/\"},\"sameAs\":[\"https:\\\/\\\/www.facebook.com\\\/anovapeneira\",\"https:\\\/\\\/x.com\\\/APeneira\"]},{\"@type\":\"Person\",\"@id\":\"https:\\\/\\\/www.anovapeneira.gal\\\/#\\\/schema\\\/person\\\/b93e3f8932e3f8da96334607eb6ac6aa\",\"name\":\"Redacci\u00f3n A Nova Peneira\",\"image\":{\"@type\":\"ImageObject\",\"inLanguage\":\"gl-ES\",\"@id\":\"https:\\\/\\\/secure.gravatar.com\\\/avatar\\\/c052a2551a06e23fac63626232eaa90abd78dbcf1700fc46a2b2c89fd27b735f?s=96&d=mm&r=g\",\"url\":\"https:\\\/\\\/secure.gravatar.com\\\/avatar\\\/c052a2551a06e23fac63626232eaa90abd78dbcf1700fc46a2b2c89fd27b735f?s=96&d=mm&r=g\",\"contentUrl\":\"https:\\\/\\\/secure.gravatar.com\\\/avatar\\\/c052a2551a06e23fac63626232eaa90abd78dbcf1700fc46a2b2c89fd27b735f?s=96&d=mm&r=g\",\"caption\":\"Redacci\u00f3n A Nova Peneira\"},\"sameAs\":[\"http:\\\/\\\/www.anovapeneira.gal\\\/\"],\"url\":\"https:\\\/\\\/www.anovapeneira.gal\\\/index.php\\\/author\\\/redactor\\\/\"}]}<\/script>\n<!-- \/ Yoast SEO plugin. -->","yoast_head_json":{"title":"IX edici\u00f3n do Berete Rock de Chapela -","description":"Despois de 8 anos ininterrompidos, e dous de obrigada parada pand\u00e9mica, o pr\u00f3ximo 6 de agosto volve o Berete Rock a encher de boa m\u00fasica a praia de Arealonga","robots":{"index":"index","follow":"follow","max-snippet":"max-snippet:-1","max-image-preview":"max-image-preview:large","max-video-preview":"max-video-preview:-1"},"canonical":"https:\/\/www.anovapeneira.gal\/index.php\/2022\/06\/24\/ix-edicion-do-berete-rock-de-chapela\/","og_locale":"gl_ES","og_type":"article","og_title":"IX edici\u00f3n do Berete Rock de Chapela -","og_description":"Despois de 8 anos ininterrompidos, e dous de obrigada parada pand\u00e9mica, o pr\u00f3ximo 6 de agosto volve o Berete Rock a encher de boa m\u00fasica a praia de Arealonga","og_url":"https:\/\/www.anovapeneira.gal\/index.php\/2022\/06\/24\/ix-edicion-do-berete-rock-de-chapela\/","article_publisher":"https:\/\/www.facebook.com\/anovapeneira","article_published_time":"2022-06-24T10:00:16+00:00","og_image":[{"width":720,"height":432,"url":"https:\/\/www.anovapeneira.gal\/wp-content\/uploads\/2022\/06\/berete_rock.jpg","type":"image\/jpeg"}],"author":"Redacci\u00f3n A Nova Peneira","twitter_card":"summary_large_image","twitter_creator":"@APeneira","twitter_site":"@APeneira","twitter_misc":{"Escrito por":"Redacci\u00f3n A Nova Peneira","Tempo de lectura":"4 minutos"},"schema":{"@context":"https:\/\/schema.org","@graph":[{"@type":"Article","@id":"https:\/\/www.anovapeneira.gal\/index.php\/2022\/06\/24\/ix-edicion-do-berete-rock-de-chapela\/#article","isPartOf":{"@id":"https:\/\/www.anovapeneira.gal\/index.php\/2022\/06\/24\/ix-edicion-do-berete-rock-de-chapela\/"},"author":{"name":"Redacci\u00f3n A Nova Peneira","@id":"https:\/\/www.anovapeneira.gal\/#\/schema\/person\/b93e3f8932e3f8da96334607eb6ac6aa"},"headline":"IX edici\u00f3n do Berete Rock de Chapela","datePublished":"2022-06-24T10:00:16+00:00","mainEntityOfPage":{"@id":"https:\/\/www.anovapeneira.gal\/index.php\/2022\/06\/24\/ix-edicion-do-berete-rock-de-chapela\/"},"wordCount":731,"commentCount":0,"publisher":{"@id":"https:\/\/www.anovapeneira.gal\/#organization"},"image":{"@id":"https:\/\/www.anovapeneira.gal\/index.php\/2022\/06\/24\/ix-edicion-do-berete-rock-de-chapela\/#primaryimage"},"thumbnailUrl":"https:\/\/www.anovapeneira.gal\/wp-content\/uploads\/2022\/06\/berete_rock.jpg","keywords":["Concello de Redondela"],"articleSection":["Redondela"],"inLanguage":"gl-ES","potentialAction":[{"@type":"CommentAction","name":"Comment","target":["https:\/\/www.anovapeneira.gal\/index.php\/2022\/06\/24\/ix-edicion-do-berete-rock-de-chapela\/#respond"]}]},{"@type":"WebPage","@id":"https:\/\/www.anovapeneira.gal\/index.php\/2022\/06\/24\/ix-edicion-do-berete-rock-de-chapela\/","url":"https:\/\/www.anovapeneira.gal\/index.php\/2022\/06\/24\/ix-edicion-do-berete-rock-de-chapela\/","name":"IX edici\u00f3n do Berete Rock de Chapela -","isPartOf":{"@id":"https:\/\/www.anovapeneira.gal\/#website"},"primaryImageOfPage":{"@id":"https:\/\/www.anovapeneira.gal\/index.php\/2022\/06\/24\/ix-edicion-do-berete-rock-de-chapela\/#primaryimage"},"image":{"@id":"https:\/\/www.anovapeneira.gal\/index.php\/2022\/06\/24\/ix-edicion-do-berete-rock-de-chapela\/#primaryimage"},"thumbnailUrl":"https:\/\/www.anovapeneira.gal\/wp-content\/uploads\/2022\/06\/berete_rock.jpg","datePublished":"2022-06-24T10:00:16+00:00","description":"Despois de 8 anos ininterrompidos, e dous de obrigada parada pand\u00e9mica, o pr\u00f3ximo 6 de agosto volve o Berete Rock a encher de boa m\u00fasica a praia de Arealonga","breadcrumb":{"@id":"https:\/\/www.anovapeneira.gal\/index.php\/2022\/06\/24\/ix-edicion-do-berete-rock-de-chapela\/#breadcrumb"},"inLanguage":"gl-ES","potentialAction":[{"@type":"ReadAction","target":["https:\/\/www.anovapeneira.gal\/index.php\/2022\/06\/24\/ix-edicion-do-berete-rock-de-chapela\/"]}]},{"@type":"ImageObject","inLanguage":"gl-ES","@id":"https:\/\/www.anovapeneira.gal\/index.php\/2022\/06\/24\/ix-edicion-do-berete-rock-de-chapela\/#primaryimage","url":"https:\/\/www.anovapeneira.gal\/wp-content\/uploads\/2022\/06\/berete_rock.jpg","contentUrl":"https:\/\/www.anovapeneira.gal\/wp-content\/uploads\/2022\/06\/berete_rock.jpg","width":720,"height":432,"caption":"Berete Rock Arealonga"},{"@type":"BreadcrumbList","@id":"https:\/\/www.anovapeneira.gal\/index.php\/2022\/06\/24\/ix-edicion-do-berete-rock-de-chapela\/#breadcrumb","itemListElement":[{"@type":"ListItem","position":1,"name":"Portada","item":"https:\/\/www.anovapeneira.gal\/"},{"@type":"ListItem","position":2,"name":"IX edici\u00f3n do Berete Rock de Chapela"}]},{"@type":"WebSite","@id":"https:\/\/www.anovapeneira.gal\/#website","url":"https:\/\/www.anovapeneira.gal\/","name":"","description":"Xornal galego de informaci\u00f3n xeral Publicaci\u00f3n mensual de novas de Galicia e en especial dos Concellos da sur da provincia de Pontevedra.","publisher":{"@id":"https:\/\/www.anovapeneira.gal\/#organization"},"potentialAction":[{"@type":"SearchAction","target":{"@type":"EntryPoint","urlTemplate":"https:\/\/www.anovapeneira.gal\/?s={search_term_string}"},"query-input":{"@type":"PropertyValueSpecification","valueRequired":true,"valueName":"search_term_string"}}],"inLanguage":"gl-ES"},{"@type":"Organization","@id":"https:\/\/www.anovapeneira.gal\/#organization","name":"A Nova Peneira","url":"https:\/\/www.anovapeneira.gal\/","logo":{"@type":"ImageObject","inLanguage":"gl-ES","@id":"https:\/\/www.anovapeneira.gal\/#\/schema\/logo\/image\/","url":"http:\/\/www.anovapeneira.gal\/wp-content\/uploads\/2019\/06\/logo_a_nova_peneira_portal_web.png","contentUrl":"http:\/\/www.anovapeneira.gal\/wp-content\/uploads\/2019\/06\/logo_a_nova_peneira_portal_web.png","width":300,"height":100,"caption":"A Nova Peneira"},"image":{"@id":"https:\/\/www.anovapeneira.gal\/#\/schema\/logo\/image\/"},"sameAs":["https:\/\/www.facebook.com\/anovapeneira","https:\/\/x.com\/APeneira"]},{"@type":"Person","@id":"https:\/\/www.anovapeneira.gal\/#\/schema\/person\/b93e3f8932e3f8da96334607eb6ac6aa","name":"Redacci\u00f3n A Nova Peneira","image":{"@type":"ImageObject","inLanguage":"gl-ES","@id":"https:\/\/secure.gravatar.com\/avatar\/c052a2551a06e23fac63626232eaa90abd78dbcf1700fc46a2b2c89fd27b735f?s=96&d=mm&r=g","url":"https:\/\/secure.gravatar.com\/avatar\/c052a2551a06e23fac63626232eaa90abd78dbcf1700fc46a2b2c89fd27b735f?s=96&d=mm&r=g","contentUrl":"https:\/\/secure.gravatar.com\/avatar\/c052a2551a06e23fac63626232eaa90abd78dbcf1700fc46a2b2c89fd27b735f?s=96&d=mm&r=g","caption":"Redacci\u00f3n A Nova Peneira"},"sameAs":["http:\/\/www.anovapeneira.gal\/"],"url":"https:\/\/www.anovapeneira.gal\/index.php\/author\/redactor\/"}]}},"jetpack_featured_media_url":"https:\/\/www.anovapeneira.gal\/wp-content\/uploads\/2022\/06\/berete_rock.jpg","_links":{"self":[{"href":"https:\/\/www.anovapeneira.gal\/index.php\/wp-json\/wp\/v2\/posts\/7681","targetHints":{"allow":["GET"]}}],"collection":[{"href":"https:\/\/www.anovapeneira.gal\/index.php\/wp-json\/wp\/v2\/posts"}],"about":[{"href":"https:\/\/www.anovapeneira.gal\/index.php\/wp-json\/wp\/v2\/types\/post"}],"author":[{"embeddable":true,"href":"https:\/\/www.anovapeneira.gal\/index.php\/wp-json\/wp\/v2\/users\/3"}],"replies":[{"embeddable":true,"href":"https:\/\/www.anovapeneira.gal\/index.php\/wp-json\/wp\/v2\/comments?post=7681"}],"version-history":[{"count":1,"href":"https:\/\/www.anovapeneira.gal\/index.php\/wp-json\/wp\/v2\/posts\/7681\/revisions"}],"predecessor-version":[{"id":7682,"href":"https:\/\/www.anovapeneira.gal\/index.php\/wp-json\/wp\/v2\/posts\/7681\/revisions\/7682"}],"wp:featuredmedia":[{"embeddable":true,"href":"https:\/\/www.anovapeneira.gal\/index.php\/wp-json\/wp\/v2\/media\/7683"}],"wp:attachment":[{"href":"https:\/\/www.anovapeneira.gal\/index.php\/wp-json\/wp\/v2\/media?parent=7681"}],"wp:term":[{"taxonomy":"category","embeddable":true,"href":"https:\/\/www.anovapeneira.gal\/index.php\/wp-json\/wp\/v2\/categories?post=7681"},{"taxonomy":"post_tag","embeddable":true,"href":"https:\/\/www.anovapeneira.gal\/index.php\/wp-json\/wp\/v2\/tags?post=7681"}],"curies":[{"name":"wp","href":"https:\/\/api.w.org\/{rel}","templated":true}]}}