{"id":7684,"date":"2022-06-27T10:00:03","date_gmt":"2022-06-27T08:00:03","guid":{"rendered":"https:\/\/www.anovapeneira.gal\/?p=7684"},"modified":"2022-06-20T20:05:28","modified_gmt":"2022-06-20T18:05:28","slug":"danos-intelectuais","status":"publish","type":"post","link":"https:\/\/www.anovapeneira.gal\/index.php\/2022\/06\/27\/danos-intelectuais\/","title":{"rendered":"Danos intelectuais"},"content":{"rendered":"\n<figure class=\"wp-block-image size-large is-resized is-style-default\"><img loading=\"lazy\" decoding=\"async\" src=\"http:\/\/www.anovapeneira.gal\/wp-content\/uploads\/2019\/07\/angel_perez_a_nova_peneira.jpg\" alt=\"\u00c1ngel P\u00e9rez, profesor de filosof\u00eda A Nova Peneira\" class=\"wp-image-581\" width=\"95\" height=\"111\"\/><figcaption>\u00c1ngel P\u00e9rez, profesor de filosof\u00eda<\/figcaption><\/figure>\n\n\n\n<p>Ocorr\u00e9seme que do mesmo xeito que falamos de danos materiais poder\u00edamos falar dos danos que determinadas ideas, convicci\u00f3ns, empe\u00f1os ou prexu\u00edzos producen no sistema de ideas dunha sociedade. E as\u00ed como dicimos cat\u00e1strofe natural poidamos dicir cat\u00e1strofe intelectual.<\/p>\n\n\n\n<p>As cat\u00e1strofes son sucesos naturais inesperados que producen grandes perdas materias e humanas. Un terremoto, unha seca prolongada, etc. Agora ben, o car\u00e1cter de \u201cinesperado\u201d \u00e9, desde logo, cada vez menos definitorio pois remite a presenza humana. Unha seca ou unha explosi\u00f3n volc\u00e1nica nun territorio despoboado non son un desastre porque non producen ningunha desgraza humana. M\u00e1is, por outro lado, \u00e9 co\u00f1ecido que hai presenza humana en case todo o territorio do planeta. De modo que ao mesmo tempo teremos que admitir a cada vez maior frecuencia das cat\u00e1strofes e, con ese incremento, a s\u00faa natureza cada vez m\u00e1is humana e por iso a mi\u00f1a ocorrencia de chamalas intelectuais.<\/p>\n\n\n\n<p>Algo semellante ao que estou dicindo \u00e9 o que os cient\u00edficos te\u00f1en nomeado co termo \u201cAntropoceno\u201d. Cu\u00f1aron, non sen discusi\u00f3n, o termo para indicar que \u00e9 a actividade humana a forza que desde a revoluci\u00f3n industrial v\u00e9n modelando a superficie do planeta. Un exemplo claro deste fen\u00f3meno v\u00e9molo na pandemia en curso producida pola alteraci\u00f3n humana dos equilibrios naturais das especies.<\/p>\n\n\n\n<p>Outro exemplo desta acci\u00f3n antropoc\u00e9nica t\u00e9molo na guerra de Ucra\u00edna, mellor, a invasi\u00f3n imperialista do territorio da moderna rep\u00fablica de Ucra\u00edna polas tropas rusas. A estas alturas da pandemia queda claro que as previsi\u00f3ns de que a cat\u00e1strofe sanitaria, econ\u00f3mica e ecol\u00f3xica actuase de alerta de cara a unha maior racionalizaci\u00f3n das actividades humanas que, no posible, reducise o deterioro da cortiza terrestre eran previsi\u00f3ns puramente ilusorias. Pero non eran falsas.<\/p>\n\n\n\n<p>En efecto, sabemos tam\u00e9n hai tempo que a raz\u00f3n humana \u00e9 escrava das paix\u00f3ns, por dicilo ao xeito do gran fil\u00f3sofo escoc\u00e9s David Hume, un dos pais intelectuais desa ficci\u00f3n te\u00f3rica que chamamos \u201clibre mercado\u201d e coa que os intereses econ\u00f3micos deber\u00edan ocupar o lugar das crenzas culturais, o c\u00e1lculo obxectivo o lugar das paix\u00f3ns diferenciadoras. As\u00ed foi, o c\u00e1lculo econ\u00f3mico acabou coa sociedade feudal e a escravitude, pero hoxe sabemos que tam\u00e9n liberou as forzas que te\u00f1en o planeta nunha situaci\u00f3n de extrema vulnerabilidade.<\/p>\n\n\n\n<p>Esa liberaci\u00f3n, polo que se ve, ten producido danos intelectuais permanentes. Son danos na raz\u00f3n cient\u00edfica, precisamente en nome do c\u00e1lculo econ\u00f3mico. \u00c9 dicir o c\u00e1lculo econ\u00f3mico \u00e9 o que proporciona as forzas que inesperadamente destr\u00faen o planeta. E ao tempo negan a propia racionalidade cient\u00edfica. Unha forma simple de ver isto \u00e9 tomar nota de como a propaganda usa o ep\u00edteto de \u201ctolo\u201d contra Putin, cando non hai dubida de que o seu comportamento obedece aos mesmos principios de c\u00e1lculo que usan as forzas de EUA co fin de preservaren cadans\u00faa parte no pastel. Ning\u00fan deles admitir\u00eda cuestionar eses principios, como si far\u00eda un cient\u00edfico.<\/p>\n","protected":false},"excerpt":{"rendered":"<div class=\"mh-excerpt\"><p>Ocorr\u00e9seme que do mesmo xeito que falamos de danos materiais poder\u00edamos falar dos danos que determinadas ideas, convicci\u00f3ns, empe\u00f1os ou prexu\u00edzos producen no sistema de ideas dunha sociedade <a class=\"mh-excerpt-more\" href=\"https:\/\/www.anovapeneira.gal\/index.php\/2022\/06\/27\/danos-intelectuais\/\" title=\"Danos intelectuais\">[&#8230;]<\/a><\/p>\n<\/div>","protected":false},"author":8,"featured_media":584,"comment_status":"open","ping_status":"open","sticky":false,"template":"","format":"standard","meta":{"_exactmetrics_skip_tracking":false,"_exactmetrics_sitenote_active":false,"_exactmetrics_sitenote_note":"","_exactmetrics_sitenote_category":0,"footnotes":""},"categories":[7],"tags":[],"class_list":{"0":"post-7684","1":"post","2":"type-post","3":"status-publish","4":"format-standard","5":"has-post-thumbnail","7":"category-artigos-de-opinion"},"yoast_head":"<!-- This site is optimized with the Yoast SEO plugin v27.4 - https:\/\/yoast.com\/product\/yoast-seo-wordpress\/ -->\n<title>Danos intelectuais -<\/title>\n<meta name=\"description\" content=\"Ocorr\u00e9seme que do mesmo xeito que falamos de danos materiais poder\u00edamos falar dos danos que determinadas ideas, convicci\u00f3ns, empe\u00f1os ou prexu\u00edzos producen no sistema de ideas dunha sociedade\" \/>\n<meta name=\"robots\" content=\"index, follow, max-snippet:-1, max-image-preview:large, max-video-preview:-1\" \/>\n<link rel=\"canonical\" href=\"https:\/\/www.anovapeneira.gal\/index.php\/2022\/06\/27\/danos-intelectuais\/\" \/>\n<meta property=\"og:locale\" content=\"gl_ES\" \/>\n<meta property=\"og:type\" content=\"article\" \/>\n<meta property=\"og:title\" content=\"Danos intelectuais -\" \/>\n<meta property=\"og:description\" content=\"Ocorr\u00e9seme que do mesmo xeito que falamos de danos materiais poder\u00edamos falar dos danos que determinadas ideas, convicci\u00f3ns, empe\u00f1os ou prexu\u00edzos producen no sistema de ideas dunha sociedade\" \/>\n<meta property=\"og:url\" content=\"https:\/\/www.anovapeneira.gal\/index.php\/2022\/06\/27\/danos-intelectuais\/\" \/>\n<meta property=\"article:publisher\" content=\"https:\/\/www.facebook.com\/anovapeneira\" \/>\n<meta property=\"article:published_time\" content=\"2022-06-27T08:00:03+00:00\" \/>\n<meta property=\"og:image\" content=\"https:\/\/www.anovapeneira.gal\/wp-content\/uploads\/2019\/07\/ARTIGO_DE_OPINION_A_NOVA_PENEIRA.jpg\" \/>\n\t<meta property=\"og:image:width\" content=\"720\" \/>\n\t<meta property=\"og:image:height\" content=\"473\" \/>\n\t<meta property=\"og:image:type\" content=\"image\/jpeg\" \/>\n<meta name=\"author\" content=\"\u00c1ngel P\u00e9rez\" \/>\n<meta name=\"twitter:card\" content=\"summary_large_image\" \/>\n<meta name=\"twitter:image\" content=\"https:\/\/www.anovapeneira.gal\/wp-content\/uploads\/2019\/07\/ARTIGO_DE_OPINION_A_NOVA_PENEIRA.jpg\" \/>\n<meta name=\"twitter:creator\" content=\"@APeneira\" \/>\n<meta name=\"twitter:site\" content=\"@APeneira\" \/>\n<meta name=\"twitter:label1\" content=\"Escrito por\" \/>\n\t<meta name=\"twitter:data1\" content=\"\u00c1ngel P\u00e9rez\" \/>\n\t<meta name=\"twitter:label2\" content=\"Tempo de lectura\" \/>\n\t<meta name=\"twitter:data2\" content=\"3 minutos\" \/>\n<script type=\"application\/ld+json\" class=\"yoast-schema-graph\">{\"@context\":\"https:\\\/\\\/schema.org\",\"@graph\":[{\"@type\":\"Article\",\"@id\":\"https:\\\/\\\/www.anovapeneira.gal\\\/index.php\\\/2022\\\/06\\\/27\\\/danos-intelectuais\\\/#article\",\"isPartOf\":{\"@id\":\"https:\\\/\\\/www.anovapeneira.gal\\\/index.php\\\/2022\\\/06\\\/27\\\/danos-intelectuais\\\/\"},\"author\":{\"name\":\"\u00c1ngel P\u00e9rez\",\"@id\":\"https:\\\/\\\/www.anovapeneira.gal\\\/#\\\/schema\\\/person\\\/543553d7ccdfab890794083490053806\"},\"headline\":\"Danos intelectuais\",\"datePublished\":\"2022-06-27T08:00:03+00:00\",\"mainEntityOfPage\":{\"@id\":\"https:\\\/\\\/www.anovapeneira.gal\\\/index.php\\\/2022\\\/06\\\/27\\\/danos-intelectuais\\\/\"},\"wordCount\":535,\"commentCount\":0,\"publisher\":{\"@id\":\"https:\\\/\\\/www.anovapeneira.gal\\\/#organization\"},\"image\":{\"@id\":\"https:\\\/\\\/www.anovapeneira.gal\\\/index.php\\\/2022\\\/06\\\/27\\\/danos-intelectuais\\\/#primaryimage\"},\"thumbnailUrl\":\"https:\\\/\\\/www.anovapeneira.gal\\\/wp-content\\\/uploads\\\/2019\\\/07\\\/ARTIGO_DE_OPINION_A_NOVA_PENEIRA.jpg\",\"articleSection\":[\"Artigos de opini\u00f3n\"],\"inLanguage\":\"gl-ES\",\"potentialAction\":[{\"@type\":\"CommentAction\",\"name\":\"Comment\",\"target\":[\"https:\\\/\\\/www.anovapeneira.gal\\\/index.php\\\/2022\\\/06\\\/27\\\/danos-intelectuais\\\/#respond\"]}]},{\"@type\":\"WebPage\",\"@id\":\"https:\\\/\\\/www.anovapeneira.gal\\\/index.php\\\/2022\\\/06\\\/27\\\/danos-intelectuais\\\/\",\"url\":\"https:\\\/\\\/www.anovapeneira.gal\\\/index.php\\\/2022\\\/06\\\/27\\\/danos-intelectuais\\\/\",\"name\":\"Danos intelectuais -\",\"isPartOf\":{\"@id\":\"https:\\\/\\\/www.anovapeneira.gal\\\/#website\"},\"primaryImageOfPage\":{\"@id\":\"https:\\\/\\\/www.anovapeneira.gal\\\/index.php\\\/2022\\\/06\\\/27\\\/danos-intelectuais\\\/#primaryimage\"},\"image\":{\"@id\":\"https:\\\/\\\/www.anovapeneira.gal\\\/index.php\\\/2022\\\/06\\\/27\\\/danos-intelectuais\\\/#primaryimage\"},\"thumbnailUrl\":\"https:\\\/\\\/www.anovapeneira.gal\\\/wp-content\\\/uploads\\\/2019\\\/07\\\/ARTIGO_DE_OPINION_A_NOVA_PENEIRA.jpg\",\"datePublished\":\"2022-06-27T08:00:03+00:00\",\"description\":\"Ocorr\u00e9seme que do mesmo xeito que falamos de danos materiais poder\u00edamos falar dos danos que determinadas ideas, convicci\u00f3ns, empe\u00f1os ou prexu\u00edzos producen no sistema de ideas dunha sociedade\",\"breadcrumb\":{\"@id\":\"https:\\\/\\\/www.anovapeneira.gal\\\/index.php\\\/2022\\\/06\\\/27\\\/danos-intelectuais\\\/#breadcrumb\"},\"inLanguage\":\"gl-ES\",\"potentialAction\":[{\"@type\":\"ReadAction\",\"target\":[\"https:\\\/\\\/www.anovapeneira.gal\\\/index.php\\\/2022\\\/06\\\/27\\\/danos-intelectuais\\\/\"]}]},{\"@type\":\"ImageObject\",\"inLanguage\":\"gl-ES\",\"@id\":\"https:\\\/\\\/www.anovapeneira.gal\\\/index.php\\\/2022\\\/06\\\/27\\\/danos-intelectuais\\\/#primaryimage\",\"url\":\"https:\\\/\\\/www.anovapeneira.gal\\\/wp-content\\\/uploads\\\/2019\\\/07\\\/ARTIGO_DE_OPINION_A_NOVA_PENEIRA.jpg\",\"contentUrl\":\"https:\\\/\\\/www.anovapeneira.gal\\\/wp-content\\\/uploads\\\/2019\\\/07\\\/ARTIGO_DE_OPINION_A_NOVA_PENEIRA.jpg\",\"width\":720,\"height\":473,\"caption\":\"Artigo de opini\u00f3n A Nova Peneira\"},{\"@type\":\"BreadcrumbList\",\"@id\":\"https:\\\/\\\/www.anovapeneira.gal\\\/index.php\\\/2022\\\/06\\\/27\\\/danos-intelectuais\\\/#breadcrumb\",\"itemListElement\":[{\"@type\":\"ListItem\",\"position\":1,\"name\":\"Portada\",\"item\":\"https:\\\/\\\/www.anovapeneira.gal\\\/\"},{\"@type\":\"ListItem\",\"position\":2,\"name\":\"Danos intelectuais\"}]},{\"@type\":\"WebSite\",\"@id\":\"https:\\\/\\\/www.anovapeneira.gal\\\/#website\",\"url\":\"https:\\\/\\\/www.anovapeneira.gal\\\/\",\"name\":\"\",\"description\":\"Xornal galego de informaci\u00f3n xeral Publicaci\u00f3n mensual de novas de Galicia e en especial dos Concellos da sur da provincia de Pontevedra.\",\"publisher\":{\"@id\":\"https:\\\/\\\/www.anovapeneira.gal\\\/#organization\"},\"potentialAction\":[{\"@type\":\"SearchAction\",\"target\":{\"@type\":\"EntryPoint\",\"urlTemplate\":\"https:\\\/\\\/www.anovapeneira.gal\\\/?s={search_term_string}\"},\"query-input\":{\"@type\":\"PropertyValueSpecification\",\"valueRequired\":true,\"valueName\":\"search_term_string\"}}],\"inLanguage\":\"gl-ES\"},{\"@type\":\"Organization\",\"@id\":\"https:\\\/\\\/www.anovapeneira.gal\\\/#organization\",\"name\":\"A Nova Peneira\",\"url\":\"https:\\\/\\\/www.anovapeneira.gal\\\/\",\"logo\":{\"@type\":\"ImageObject\",\"inLanguage\":\"gl-ES\",\"@id\":\"https:\\\/\\\/www.anovapeneira.gal\\\/#\\\/schema\\\/logo\\\/image\\\/\",\"url\":\"http:\\\/\\\/www.anovapeneira.gal\\\/wp-content\\\/uploads\\\/2019\\\/06\\\/logo_a_nova_peneira_portal_web.png\",\"contentUrl\":\"http:\\\/\\\/www.anovapeneira.gal\\\/wp-content\\\/uploads\\\/2019\\\/06\\\/logo_a_nova_peneira_portal_web.png\",\"width\":300,\"height\":100,\"caption\":\"A Nova Peneira\"},\"image\":{\"@id\":\"https:\\\/\\\/www.anovapeneira.gal\\\/#\\\/schema\\\/logo\\\/image\\\/\"},\"sameAs\":[\"https:\\\/\\\/www.facebook.com\\\/anovapeneira\",\"https:\\\/\\\/x.com\\\/APeneira\"]},{\"@type\":\"Person\",\"@id\":\"https:\\\/\\\/www.anovapeneira.gal\\\/#\\\/schema\\\/person\\\/543553d7ccdfab890794083490053806\",\"name\":\"\u00c1ngel P\u00e9rez\",\"image\":{\"@type\":\"ImageObject\",\"inLanguage\":\"gl-ES\",\"@id\":\"https:\\\/\\\/secure.gravatar.com\\\/avatar\\\/580aa75bf5ea9261cd7e71b846c610fba6fc0c56ca0d17410b6602d0ce085267?s=96&d=mm&r=g\",\"url\":\"https:\\\/\\\/secure.gravatar.com\\\/avatar\\\/580aa75bf5ea9261cd7e71b846c610fba6fc0c56ca0d17410b6602d0ce085267?s=96&d=mm&r=g\",\"contentUrl\":\"https:\\\/\\\/secure.gravatar.com\\\/avatar\\\/580aa75bf5ea9261cd7e71b846c610fba6fc0c56ca0d17410b6602d0ce085267?s=96&d=mm&r=g\",\"caption\":\"\u00c1ngel P\u00e9rez\"},\"sameAs\":[\"http:\\\/\\\/www.anovapeneira.gal\\\/\"],\"url\":\"https:\\\/\\\/www.anovapeneira.gal\\\/index.php\\\/author\\\/opinionangelperez\\\/\"}]}<\/script>\n<!-- \/ Yoast SEO plugin. -->","yoast_head_json":{"title":"Danos intelectuais -","description":"Ocorr\u00e9seme que do mesmo xeito que falamos de danos materiais poder\u00edamos falar dos danos que determinadas ideas, convicci\u00f3ns, empe\u00f1os ou prexu\u00edzos producen no sistema de ideas dunha sociedade","robots":{"index":"index","follow":"follow","max-snippet":"max-snippet:-1","max-image-preview":"max-image-preview:large","max-video-preview":"max-video-preview:-1"},"canonical":"https:\/\/www.anovapeneira.gal\/index.php\/2022\/06\/27\/danos-intelectuais\/","og_locale":"gl_ES","og_type":"article","og_title":"Danos intelectuais -","og_description":"Ocorr\u00e9seme que do mesmo xeito que falamos de danos materiais poder\u00edamos falar dos danos que determinadas ideas, convicci\u00f3ns, empe\u00f1os ou prexu\u00edzos producen no sistema de ideas dunha sociedade","og_url":"https:\/\/www.anovapeneira.gal\/index.php\/2022\/06\/27\/danos-intelectuais\/","article_publisher":"https:\/\/www.facebook.com\/anovapeneira","article_published_time":"2022-06-27T08:00:03+00:00","og_image":[{"width":720,"height":473,"url":"https:\/\/www.anovapeneira.gal\/wp-content\/uploads\/2019\/07\/ARTIGO_DE_OPINION_A_NOVA_PENEIRA.jpg","type":"image\/jpeg"}],"author":"\u00c1ngel P\u00e9rez","twitter_card":"summary_large_image","twitter_image":"https:\/\/www.anovapeneira.gal\/wp-content\/uploads\/2019\/07\/ARTIGO_DE_OPINION_A_NOVA_PENEIRA.jpg","twitter_creator":"@APeneira","twitter_site":"@APeneira","twitter_misc":{"Escrito por":"\u00c1ngel P\u00e9rez","Tempo de lectura":"3 minutos"},"schema":{"@context":"https:\/\/schema.org","@graph":[{"@type":"Article","@id":"https:\/\/www.anovapeneira.gal\/index.php\/2022\/06\/27\/danos-intelectuais\/#article","isPartOf":{"@id":"https:\/\/www.anovapeneira.gal\/index.php\/2022\/06\/27\/danos-intelectuais\/"},"author":{"name":"\u00c1ngel P\u00e9rez","@id":"https:\/\/www.anovapeneira.gal\/#\/schema\/person\/543553d7ccdfab890794083490053806"},"headline":"Danos intelectuais","datePublished":"2022-06-27T08:00:03+00:00","mainEntityOfPage":{"@id":"https:\/\/www.anovapeneira.gal\/index.php\/2022\/06\/27\/danos-intelectuais\/"},"wordCount":535,"commentCount":0,"publisher":{"@id":"https:\/\/www.anovapeneira.gal\/#organization"},"image":{"@id":"https:\/\/www.anovapeneira.gal\/index.php\/2022\/06\/27\/danos-intelectuais\/#primaryimage"},"thumbnailUrl":"https:\/\/www.anovapeneira.gal\/wp-content\/uploads\/2019\/07\/ARTIGO_DE_OPINION_A_NOVA_PENEIRA.jpg","articleSection":["Artigos de opini\u00f3n"],"inLanguage":"gl-ES","potentialAction":[{"@type":"CommentAction","name":"Comment","target":["https:\/\/www.anovapeneira.gal\/index.php\/2022\/06\/27\/danos-intelectuais\/#respond"]}]},{"@type":"WebPage","@id":"https:\/\/www.anovapeneira.gal\/index.php\/2022\/06\/27\/danos-intelectuais\/","url":"https:\/\/www.anovapeneira.gal\/index.php\/2022\/06\/27\/danos-intelectuais\/","name":"Danos intelectuais -","isPartOf":{"@id":"https:\/\/www.anovapeneira.gal\/#website"},"primaryImageOfPage":{"@id":"https:\/\/www.anovapeneira.gal\/index.php\/2022\/06\/27\/danos-intelectuais\/#primaryimage"},"image":{"@id":"https:\/\/www.anovapeneira.gal\/index.php\/2022\/06\/27\/danos-intelectuais\/#primaryimage"},"thumbnailUrl":"https:\/\/www.anovapeneira.gal\/wp-content\/uploads\/2019\/07\/ARTIGO_DE_OPINION_A_NOVA_PENEIRA.jpg","datePublished":"2022-06-27T08:00:03+00:00","description":"Ocorr\u00e9seme que do mesmo xeito que falamos de danos materiais poder\u00edamos falar dos danos que determinadas ideas, convicci\u00f3ns, empe\u00f1os ou prexu\u00edzos producen no sistema de ideas dunha sociedade","breadcrumb":{"@id":"https:\/\/www.anovapeneira.gal\/index.php\/2022\/06\/27\/danos-intelectuais\/#breadcrumb"},"inLanguage":"gl-ES","potentialAction":[{"@type":"ReadAction","target":["https:\/\/www.anovapeneira.gal\/index.php\/2022\/06\/27\/danos-intelectuais\/"]}]},{"@type":"ImageObject","inLanguage":"gl-ES","@id":"https:\/\/www.anovapeneira.gal\/index.php\/2022\/06\/27\/danos-intelectuais\/#primaryimage","url":"https:\/\/www.anovapeneira.gal\/wp-content\/uploads\/2019\/07\/ARTIGO_DE_OPINION_A_NOVA_PENEIRA.jpg","contentUrl":"https:\/\/www.anovapeneira.gal\/wp-content\/uploads\/2019\/07\/ARTIGO_DE_OPINION_A_NOVA_PENEIRA.jpg","width":720,"height":473,"caption":"Artigo de opini\u00f3n A Nova Peneira"},{"@type":"BreadcrumbList","@id":"https:\/\/www.anovapeneira.gal\/index.php\/2022\/06\/27\/danos-intelectuais\/#breadcrumb","itemListElement":[{"@type":"ListItem","position":1,"name":"Portada","item":"https:\/\/www.anovapeneira.gal\/"},{"@type":"ListItem","position":2,"name":"Danos intelectuais"}]},{"@type":"WebSite","@id":"https:\/\/www.anovapeneira.gal\/#website","url":"https:\/\/www.anovapeneira.gal\/","name":"","description":"Xornal galego de informaci\u00f3n xeral Publicaci\u00f3n mensual de novas de Galicia e en especial dos Concellos da sur da provincia de Pontevedra.","publisher":{"@id":"https:\/\/www.anovapeneira.gal\/#organization"},"potentialAction":[{"@type":"SearchAction","target":{"@type":"EntryPoint","urlTemplate":"https:\/\/www.anovapeneira.gal\/?s={search_term_string}"},"query-input":{"@type":"PropertyValueSpecification","valueRequired":true,"valueName":"search_term_string"}}],"inLanguage":"gl-ES"},{"@type":"Organization","@id":"https:\/\/www.anovapeneira.gal\/#organization","name":"A Nova Peneira","url":"https:\/\/www.anovapeneira.gal\/","logo":{"@type":"ImageObject","inLanguage":"gl-ES","@id":"https:\/\/www.anovapeneira.gal\/#\/schema\/logo\/image\/","url":"http:\/\/www.anovapeneira.gal\/wp-content\/uploads\/2019\/06\/logo_a_nova_peneira_portal_web.png","contentUrl":"http:\/\/www.anovapeneira.gal\/wp-content\/uploads\/2019\/06\/logo_a_nova_peneira_portal_web.png","width":300,"height":100,"caption":"A Nova Peneira"},"image":{"@id":"https:\/\/www.anovapeneira.gal\/#\/schema\/logo\/image\/"},"sameAs":["https:\/\/www.facebook.com\/anovapeneira","https:\/\/x.com\/APeneira"]},{"@type":"Person","@id":"https:\/\/www.anovapeneira.gal\/#\/schema\/person\/543553d7ccdfab890794083490053806","name":"\u00c1ngel P\u00e9rez","image":{"@type":"ImageObject","inLanguage":"gl-ES","@id":"https:\/\/secure.gravatar.com\/avatar\/580aa75bf5ea9261cd7e71b846c610fba6fc0c56ca0d17410b6602d0ce085267?s=96&d=mm&r=g","url":"https:\/\/secure.gravatar.com\/avatar\/580aa75bf5ea9261cd7e71b846c610fba6fc0c56ca0d17410b6602d0ce085267?s=96&d=mm&r=g","contentUrl":"https:\/\/secure.gravatar.com\/avatar\/580aa75bf5ea9261cd7e71b846c610fba6fc0c56ca0d17410b6602d0ce085267?s=96&d=mm&r=g","caption":"\u00c1ngel P\u00e9rez"},"sameAs":["http:\/\/www.anovapeneira.gal\/"],"url":"https:\/\/www.anovapeneira.gal\/index.php\/author\/opinionangelperez\/"}]}},"jetpack_featured_media_url":"https:\/\/www.anovapeneira.gal\/wp-content\/uploads\/2019\/07\/ARTIGO_DE_OPINION_A_NOVA_PENEIRA.jpg","_links":{"self":[{"href":"https:\/\/www.anovapeneira.gal\/index.php\/wp-json\/wp\/v2\/posts\/7684","targetHints":{"allow":["GET"]}}],"collection":[{"href":"https:\/\/www.anovapeneira.gal\/index.php\/wp-json\/wp\/v2\/posts"}],"about":[{"href":"https:\/\/www.anovapeneira.gal\/index.php\/wp-json\/wp\/v2\/types\/post"}],"author":[{"embeddable":true,"href":"https:\/\/www.anovapeneira.gal\/index.php\/wp-json\/wp\/v2\/users\/8"}],"replies":[{"embeddable":true,"href":"https:\/\/www.anovapeneira.gal\/index.php\/wp-json\/wp\/v2\/comments?post=7684"}],"version-history":[{"count":1,"href":"https:\/\/www.anovapeneira.gal\/index.php\/wp-json\/wp\/v2\/posts\/7684\/revisions"}],"predecessor-version":[{"id":7685,"href":"https:\/\/www.anovapeneira.gal\/index.php\/wp-json\/wp\/v2\/posts\/7684\/revisions\/7685"}],"wp:featuredmedia":[{"embeddable":true,"href":"https:\/\/www.anovapeneira.gal\/index.php\/wp-json\/wp\/v2\/media\/584"}],"wp:attachment":[{"href":"https:\/\/www.anovapeneira.gal\/index.php\/wp-json\/wp\/v2\/media?parent=7684"}],"wp:term":[{"taxonomy":"category","embeddable":true,"href":"https:\/\/www.anovapeneira.gal\/index.php\/wp-json\/wp\/v2\/categories?post=7684"},{"taxonomy":"post_tag","embeddable":true,"href":"https:\/\/www.anovapeneira.gal\/index.php\/wp-json\/wp\/v2\/tags?post=7684"}],"curies":[{"name":"wp","href":"https:\/\/api.w.org\/{rel}","templated":true}]}}