{"id":7686,"date":"2022-06-27T12:00:40","date_gmt":"2022-06-27T10:00:40","guid":{"rendered":"https:\/\/www.anovapeneira.gal\/?p=7686"},"modified":"2022-06-20T20:10:07","modified_gmt":"2022-06-20T18:10:07","slug":"homenaxe-da-dep-aos-musicos-e-musicas-que-sufriron-o-terror-franquista","status":"publish","type":"post","link":"https:\/\/www.anovapeneira.gal\/index.php\/2022\/06\/27\/homenaxe-da-dep-aos-musicos-e-musicas-que-sufriron-o-terror-franquista\/","title":{"rendered":"Homenaxe da DEP aos m\u00fasicos e m\u00fasicas que sufriron  o terror franquista"},"content":{"rendered":"\n<p><strong>O pr\u00f3ximo dous de xullo o departamento de memoria hist\u00f3rica da Deputaci\u00f3n de Pontevedra organiza, na parroquia de Moneixas do Concello de Lal\u00edn, unha homenaxe aos m\u00fasicos e m\u00fasicas que sufriron o terror da negra escuridade do franquismo. O lugar escollido para a celebraci\u00f3n \u00e9 a parroquia natal de Xes\u00fas Froiz, un destacado militante do partido galeguista e promotor da agrupaci\u00f3n musical \u201cOs Dezas de Moneixas\u201d que seguen existindo na actualidade. Xes\u00fas era xornalista de profesi\u00f3n e ti\u00f1a a m\u00fasica como paix\u00f3n. El, home sensible e culto, foi, como tantas e tantos, asasinado pola barbarie do nacional catolicismo espa\u00f1ol. N\u00f3s falamos con Montse, t\u00e9cnica de memoria hist\u00f3rica da Deputaci\u00f3n e boa amiga desta casa<\/strong><\/p>\n\n\n\n<pre class=\"wp-block-verse\"><strong>Montse Fajardo<\/strong><\/pre>\n\n\n\n<p>\u201c<strong>A foliada da memoria vai homenaxear a todas as m\u00fasicas e m\u00fasicos represaliadas polo franquismo\u201d<\/strong><\/p>\n\n\n\n<p><strong>Cal \u00e9 o teu traballo en concreto Montse?<\/strong><\/p>\n\n\n\n<blockquote class=\"wp-block-quote is-layout-flow wp-block-quote-is-layout-flow\"><p>Son t\u00e9cnica do departamento de memoria hist\u00f3rica da Deputaci\u00f3n de Pontevedra. Programo actividades relacionadas coa memoria para tratar de espallala pola provincia con perspectiva de pa\u00eds , x\u00e9nero e clase<\/p><\/blockquote>\n\n\n\n<p><strong>Pronto vas andar polas terras do Deza non?<\/strong><\/p>\n\n\n\n<blockquote class=\"wp-block-quote is-layout-flow wp-block-quote-is-layout-flow\"><p>Pois si, as\u00ed \u00e9<\/p><\/blockquote>\n\n\n\n<p><strong>E logo c\u00f3ntanos que vas facer por esa comarca?<\/strong><\/p>\n\n\n\n<blockquote class=\"wp-block-quote is-layout-flow wp-block-quote-is-layout-flow\"><p>Imos a Moneixas para celebrar a Foliada da Memoria que \u00e9 unha homenaxe a todas as persoas relacionadas coa m\u00fasica tradicional que foron represaliadas polo franquismo: Gaiteiros asasinados, bailadoras que foron humilladas obrig\u00e1ndoas a bailar espidas&#8230;.O evento organ\u00edzao o departamento de memoria hist\u00f3rica da Deputaci\u00f3n de Pontevedra coa colaboraci\u00f3n do concello de Lal\u00edn e dos Dezas de Moneixas<\/p><\/blockquote>\n\n\n\n<p><strong>Por que en Moneixas?<\/strong><\/p>\n\n\n\n<blockquote class=\"wp-block-quote is-layout-flow wp-block-quote-is-layout-flow\"><p>Por Xes\u00fas Froiz<\/p><\/blockquote>\n\n\n\n<p><strong>Quen era?<\/strong><\/p>\n\n\n\n<blockquote class=\"wp-block-quote is-layout-flow wp-block-quote-is-layout-flow\"><p>Un dirixente destacado do partido galeguista natural de Lal\u00edn. El era un dos promotores de \u201c Os Dezas de Moneixas\u201d, unha agrupaci\u00f3n de gaiteiros de principios de s\u00e9culo. El era o seu promotor e lev\u00e1baos a cada mitin do partido galeguista. Incluso en actos tan importantes como o \u00faltimo mitin que houbo na Estrada con Castelao pedindo o si na votaci\u00f3n do estatuto<\/p><\/blockquote>\n\n\n\n<p><strong>Xes\u00fas Froiz foi represaliado?<\/strong><\/p>\n\n\n\n<blockquote class=\"wp-block-quote is-layout-flow wp-block-quote-is-layout-flow\"><p>Foi asasinado polo fascismo despois do golpe de estado na madrugada do nove de outubro de 1936 na ponte do Regueiro xunto con 5 persoas m\u00e1is relacionadas coa segunda Rep\u00fablica. Quixera destacar que \u201c Os Dezas de Moneixas\u201d seguiron existindo en varias fornadas ata a actualidade<\/p><\/blockquote>\n\n\n\n<p><strong>Ah, si, despois do 36?<\/strong><\/p>\n\n\n\n<blockquote class=\"wp-block-quote is-layout-flow wp-block-quote-is-layout-flow\"><p>Si, en d\u00faas etapas; unha nos anos 40 e outra nos anos 60. De feito alg\u00fan dos integrantes desta \u00faltima etapa vive e estar\u00e1 con n\u00f3s en Moneixas<\/p><\/blockquote>\n\n\n\n<p><strong>Na actualidade existen?<\/strong><\/p>\n\n\n\n<blockquote class=\"wp-block-quote is-layout-flow wp-block-quote-is-layout-flow\"><p>Si, noutro formato noutra dimensi\u00f3n pero si seguen existindo. Ese foi un dos motivos que nos fixo escoller Moneixas pois pareceunos que representaban moi ben esa semente da que falaba Castelao. Existiu unha sociedade so\u00f1ada pola s\u00faa xeraci\u00f3n que a\u00ednda est\u00e1 por vir<\/p><\/blockquote>\n\n\n\n<p><strong>A que se dedicaba Xes\u00fas Froiz?<\/strong><\/p>\n\n\n\n<blockquote class=\"wp-block-quote is-layout-flow wp-block-quote-is-layout-flow\"><p>El era xornalista, cando foi asasinada era moi novi\u00f1o, s\u00f3 ti\u00f1a 34 anos<\/p><\/blockquote>\n\n\n\n<p><strong>Sabes se deixou alg\u00fan fillo ou filla?<\/strong><\/p>\n\n\n\n<blockquote class=\"wp-block-quote is-layout-flow wp-block-quote-is-layout-flow\"><p>Si, ti\u00f1a tres nenas e un beb\u00e9, Fernando, que nacera s\u00f3 seis meses antes de que o seu pai fora asasinado<\/p><\/blockquote>\n\n\n\n<p><strong>Como se vai artellar o acto?<\/strong><\/p>\n\n\n\n<blockquote class=\"wp-block-quote is-layout-flow wp-block-quote-is-layout-flow\"><p>Vaino conducir Xurxo Souto e queremos que se converta nunha festa tradicional. De feito todo partiu dun taller de Xurxo Souto<\/p><\/blockquote>\n\n\n\n<p><strong>Que d\u00eda \u00e9?<\/strong><\/p>\n\n\n\n<blockquote class=\"wp-block-quote is-layout-flow wp-block-quote-is-layout-flow\"><p>O dous de Xullo, comezamos \u00e1s 12,00 da ma\u00f1\u00e1 cunha alborada que parte do campo da festa e vai ata o souto de chousa da porta, que \u00e9 o sitio onde se celebra a foliada<\/p><\/blockquote>\n\n\n\n<p><strong>E al\u00ed abrides non?<\/strong><\/p>\n\n\n\n<blockquote class=\"wp-block-quote is-layout-flow wp-block-quote-is-layout-flow\"><p>Si, as autoridades .En concreto a presidenta da DEP Carmela Siva, a deputada da memoria Mar\u00eda Ortega e alg\u00fan representante do Concello de Lal\u00edn<\/p><\/blockquote>\n\n\n\n<p><strong>Que representante do Concello de Lal\u00edn?<\/strong><\/p>\n\n\n\n<blockquote class=\"wp-block-quote is-layout-flow wp-block-quote-is-layout-flow\"><p>Non o confirmaron a\u00ednda pero te\u00f1o que dicir que pola s\u00faa banda houbo unha total colaboraci\u00f3n e tam\u00e9n me gustar\u00eda salientar xa non a colaboraci\u00f3n sen\u00f3n a profunda implicaci\u00f3n de Os Dezas actuais<\/p><\/blockquote>\n\n\n\n<p><strong>Despois da apertura ve\u00f1en as homenaxes?<\/strong><\/p>\n\n\n\n<blockquote class=\"wp-block-quote is-layout-flow wp-block-quote-is-layout-flow\"><p>Si, primeiro \u00e1s persoas que foron asasinadas non s\u00f3 desa zona sen\u00f3n a m\u00fasicos de todo o pa\u00eds como Constante Moreda, Xos\u00e9 G\u00f3mez Abelaida, Manuel R\u00edo ( a nai, a muller e a irm\u00e1n deste \u00faltimo foron rapadas).Tam\u00e9n imos homenaxear a Pastora e C\u00e1ndida Cordal , d\u00faas irm\u00e1s de Cambados que foron obrigadas a bailar espidas e a moitas outras persoas. Houbo moita xente relacionada coa m\u00fasica que sufriu represalias<\/p><\/blockquote>\n\n\n\n<p><strong>Cando rematen as homenaxes?<\/strong><\/p>\n\n\n\n<blockquote class=\"wp-block-quote is-layout-flow wp-block-quote-is-layout-flow\"><p>Hai unha sesi\u00f3n verm\u00fa coas pandereteiras bouba e logo un xantar de confraternidade a prezos populares. Durante todo o d\u00eda haber\u00e1 actividades paralelas como por exemplo unha mostra, organizada pola asociaci\u00f3n de gaiteiros e gaiteiras de Galicia, de como se constr\u00faen os instrumentos e traxes tradicionais<\/p><\/blockquote>\n\n\n\n<p><strong>E para os cativos e cativas temos algo?<\/strong><\/p>\n\n\n\n<blockquote class=\"wp-block-quote is-layout-flow wp-block-quote-is-layout-flow\"><p>Si, teremos un espazo infantil onde a rapazada poder\u00e1 facer xogos tradicionais: chave, comba. Pola tarde, despois da comida teremos un espect\u00e1culo de viravolta monicreques que por\u00e1 en escena unha obra de Lorca. Haber\u00e1 talleres de canto e de baile e xa a \u00faltima hora da tarde teremos unha homenaxe a esa xeraci\u00f3n que a pesar do tempo de terror recuperou a m\u00fasica tradicional. Al\u00ed estar\u00e1n os integrantes m\u00e1is antigos dos Dezas que hoxe xa andan polas oito d\u00e9cadas de vida. Esta \u00faltima homenaxe vana protagonizar os m\u00fasicos actuais que homenaxear\u00e1n aos seus antecesores. A fin de festa ser\u00e1 como unha verbena tradicional, como aquelas que lles furtaron no 36<\/p><\/blockquote>\n\n\n\n<p><strong>A asistencia \u00e9 libre?<\/strong><\/p>\n\n\n\n<blockquote class=\"wp-block-quote is-layout-flow wp-block-quote-is-layout-flow\"><p>Si, pode ir calquera persoa que o desexe. E a Deputaci\u00f3n pon a dispor dos grupos grandes que queiran buses de balde desde calquera localidade da provincia .O \u00fanico requisito \u00e9 anotarse no correo electr\u00f3nico <a href=\"mailto:memoriahisorica@depo.gal\">memoriahisorica@depo.gal<\/a><\/p><\/blockquote>\n\n\n\n<p><strong>Que receptividade encontras en li\u00f1as xerais na sociedade canto tratas de que se sensibilicen coa memoria hist\u00f3rica?<\/strong><\/p>\n\n\n\n<blockquote class=\"wp-block-quote is-layout-flow wp-block-quote-is-layout-flow\"><p>Moi boa. En moitas ocasi\u00f3ns cando pomos en marcha alg\u00fan acto as prazas que temos dispo\u00f1ibles esg\u00f3tanse en moi pouco tempo. Quero dicir que eu podo dedicarme a isto porque hai un compromiso do actual goberno da deputaci\u00f3n con este tema<\/p><\/blockquote>\n\n\n\n<p><strong>Cando remate a t\u00faa relaci\u00f3n laboral co DEP tes intenci\u00f3n de seguir polos cami\u00f1os da memoria Montse?<\/strong><\/p>\n\n\n\n<blockquote class=\"wp-block-quote is-layout-flow wp-block-quote-is-layout-flow\"><p>Sempre. Ese cami\u00f1o rematar\u00e1 cando acabe o meu cami\u00f1o<\/p><\/blockquote>\n","protected":false},"excerpt":{"rendered":"<div class=\"mh-excerpt\"><p>O pr\u00f3ximo dous de xullo o departamento de memoria hist\u00f3rica da Deputaci\u00f3n de Pontevedra organiza, na parroquia de Moneixas do Concello de Lal\u00edn, unha homenaxe aos m\u00fasicos e m\u00fasicas que sufriron o terror da negra escuridade do franquismo <a class=\"mh-excerpt-more\" href=\"https:\/\/www.anovapeneira.gal\/index.php\/2022\/06\/27\/homenaxe-da-dep-aos-musicos-e-musicas-que-sufriron-o-terror-franquista\/\" title=\"Homenaxe da DEP aos m\u00fasicos e m\u00fasicas que sufriron  o terror franquista\">[&#8230;]<\/a><\/p>\n<\/div>","protected":false},"author":3,"featured_media":1869,"comment_status":"open","ping_status":"open","sticky":false,"template":"","format":"standard","meta":{"_exactmetrics_skip_tracking":false,"_exactmetrics_sitenote_active":false,"_exactmetrics_sitenote_note":"","_exactmetrics_sitenote_category":0,"footnotes":""},"categories":[269],"tags":[111],"class_list":{"0":"post-7686","1":"post","2":"type-post","3":"status-publish","4":"format-standard","5":"has-post-thumbnail","7":"category-pontevedra-entrevistas","8":"tag-deputacion-pontevedra"},"yoast_head":"<!-- This site is optimized with the Yoast SEO plugin v27.4 - https:\/\/yoast.com\/product\/yoast-seo-wordpress\/ -->\n<title>Homenaxe da DEP aos m\u00fasicos e m\u00fasicas que sufriron o terror franquista -<\/title>\n<meta name=\"robots\" content=\"index, follow, max-snippet:-1, max-image-preview:large, max-video-preview:-1\" \/>\n<link rel=\"canonical\" href=\"https:\/\/www.anovapeneira.gal\/index.php\/2022\/06\/27\/homenaxe-da-dep-aos-musicos-e-musicas-que-sufriron-o-terror-franquista\/\" \/>\n<meta property=\"og:locale\" content=\"gl_ES\" \/>\n<meta property=\"og:type\" content=\"article\" \/>\n<meta property=\"og:title\" content=\"Homenaxe da DEP aos m\u00fasicos e m\u00fasicas que sufriron o terror franquista -\" \/>\n<meta property=\"og:description\" content=\"O pr\u00f3ximo dous de xullo o departamento de memoria hist\u00f3rica da Deputaci\u00f3n de Pontevedra organiza, na parroquia de Moneixas do Concello de Lal\u00edn, unha homenaxe aos m\u00fasicos e m\u00fasicas que sufriron o terror da negra escuridade do franquismo [...]\" \/>\n<meta property=\"og:url\" content=\"https:\/\/www.anovapeneira.gal\/index.php\/2022\/06\/27\/homenaxe-da-dep-aos-musicos-e-musicas-que-sufriron-o-terror-franquista\/\" \/>\n<meta property=\"article:publisher\" content=\"https:\/\/www.facebook.com\/anovapeneira\" \/>\n<meta property=\"article:published_time\" content=\"2022-06-27T10:00:40+00:00\" \/>\n<meta property=\"og:image\" content=\"https:\/\/www.anovapeneira.gal\/wp-content\/uploads\/2019\/11\/MONTSE_FAJARDO_a_nova_peneira.jpg\" \/>\n\t<meta property=\"og:image:width\" content=\"720\" \/>\n\t<meta property=\"og:image:height\" content=\"432\" \/>\n\t<meta property=\"og:image:type\" content=\"image\/jpeg\" \/>\n<meta name=\"author\" content=\"Redacci\u00f3n A Nova Peneira\" \/>\n<meta name=\"twitter:card\" content=\"summary_large_image\" \/>\n<meta name=\"twitter:creator\" content=\"@APeneira\" \/>\n<meta name=\"twitter:site\" content=\"@APeneira\" \/>\n<meta name=\"twitter:label1\" content=\"Escrito por\" \/>\n\t<meta name=\"twitter:data1\" content=\"Redacci\u00f3n A Nova Peneira\" \/>\n\t<meta name=\"twitter:label2\" content=\"Tempo de lectura\" \/>\n\t<meta name=\"twitter:data2\" content=\"6 minutos\" \/>\n<script type=\"application\/ld+json\" class=\"yoast-schema-graph\">{\"@context\":\"https:\\\/\\\/schema.org\",\"@graph\":[{\"@type\":\"Article\",\"@id\":\"https:\\\/\\\/www.anovapeneira.gal\\\/index.php\\\/2022\\\/06\\\/27\\\/homenaxe-da-dep-aos-musicos-e-musicas-que-sufriron-o-terror-franquista\\\/#article\",\"isPartOf\":{\"@id\":\"https:\\\/\\\/www.anovapeneira.gal\\\/index.php\\\/2022\\\/06\\\/27\\\/homenaxe-da-dep-aos-musicos-e-musicas-que-sufriron-o-terror-franquista\\\/\"},\"author\":{\"name\":\"Redacci\u00f3n A Nova Peneira\",\"@id\":\"https:\\\/\\\/www.anovapeneira.gal\\\/#\\\/schema\\\/person\\\/b93e3f8932e3f8da96334607eb6ac6aa\"},\"headline\":\"Homenaxe da DEP aos m\u00fasicos e m\u00fasicas que sufriron o terror franquista\",\"datePublished\":\"2022-06-27T10:00:40+00:00\",\"mainEntityOfPage\":{\"@id\":\"https:\\\/\\\/www.anovapeneira.gal\\\/index.php\\\/2022\\\/06\\\/27\\\/homenaxe-da-dep-aos-musicos-e-musicas-que-sufriron-o-terror-franquista\\\/\"},\"wordCount\":1100,\"commentCount\":0,\"publisher\":{\"@id\":\"https:\\\/\\\/www.anovapeneira.gal\\\/#organization\"},\"image\":{\"@id\":\"https:\\\/\\\/www.anovapeneira.gal\\\/index.php\\\/2022\\\/06\\\/27\\\/homenaxe-da-dep-aos-musicos-e-musicas-que-sufriron-o-terror-franquista\\\/#primaryimage\"},\"thumbnailUrl\":\"https:\\\/\\\/www.anovapeneira.gal\\\/wp-content\\\/uploads\\\/2019\\\/11\\\/MONTSE_FAJARDO_a_nova_peneira.jpg\",\"keywords\":[\"Deputaci\u00f3n Pontevedra\"],\"articleSection\":[\"Pontevedra\"],\"inLanguage\":\"gl-ES\",\"potentialAction\":[{\"@type\":\"CommentAction\",\"name\":\"Comment\",\"target\":[\"https:\\\/\\\/www.anovapeneira.gal\\\/index.php\\\/2022\\\/06\\\/27\\\/homenaxe-da-dep-aos-musicos-e-musicas-que-sufriron-o-terror-franquista\\\/#respond\"]}]},{\"@type\":\"WebPage\",\"@id\":\"https:\\\/\\\/www.anovapeneira.gal\\\/index.php\\\/2022\\\/06\\\/27\\\/homenaxe-da-dep-aos-musicos-e-musicas-que-sufriron-o-terror-franquista\\\/\",\"url\":\"https:\\\/\\\/www.anovapeneira.gal\\\/index.php\\\/2022\\\/06\\\/27\\\/homenaxe-da-dep-aos-musicos-e-musicas-que-sufriron-o-terror-franquista\\\/\",\"name\":\"Homenaxe da DEP aos m\u00fasicos e m\u00fasicas que sufriron o terror franquista -\",\"isPartOf\":{\"@id\":\"https:\\\/\\\/www.anovapeneira.gal\\\/#website\"},\"primaryImageOfPage\":{\"@id\":\"https:\\\/\\\/www.anovapeneira.gal\\\/index.php\\\/2022\\\/06\\\/27\\\/homenaxe-da-dep-aos-musicos-e-musicas-que-sufriron-o-terror-franquista\\\/#primaryimage\"},\"image\":{\"@id\":\"https:\\\/\\\/www.anovapeneira.gal\\\/index.php\\\/2022\\\/06\\\/27\\\/homenaxe-da-dep-aos-musicos-e-musicas-que-sufriron-o-terror-franquista\\\/#primaryimage\"},\"thumbnailUrl\":\"https:\\\/\\\/www.anovapeneira.gal\\\/wp-content\\\/uploads\\\/2019\\\/11\\\/MONTSE_FAJARDO_a_nova_peneira.jpg\",\"datePublished\":\"2022-06-27T10:00:40+00:00\",\"breadcrumb\":{\"@id\":\"https:\\\/\\\/www.anovapeneira.gal\\\/index.php\\\/2022\\\/06\\\/27\\\/homenaxe-da-dep-aos-musicos-e-musicas-que-sufriron-o-terror-franquista\\\/#breadcrumb\"},\"inLanguage\":\"gl-ES\",\"potentialAction\":[{\"@type\":\"ReadAction\",\"target\":[\"https:\\\/\\\/www.anovapeneira.gal\\\/index.php\\\/2022\\\/06\\\/27\\\/homenaxe-da-dep-aos-musicos-e-musicas-que-sufriron-o-terror-franquista\\\/\"]}]},{\"@type\":\"ImageObject\",\"inLanguage\":\"gl-ES\",\"@id\":\"https:\\\/\\\/www.anovapeneira.gal\\\/index.php\\\/2022\\\/06\\\/27\\\/homenaxe-da-dep-aos-musicos-e-musicas-que-sufriron-o-terror-franquista\\\/#primaryimage\",\"url\":\"https:\\\/\\\/www.anovapeneira.gal\\\/wp-content\\\/uploads\\\/2019\\\/11\\\/MONTSE_FAJARDO_a_nova_peneira.jpg\",\"contentUrl\":\"https:\\\/\\\/www.anovapeneira.gal\\\/wp-content\\\/uploads\\\/2019\\\/11\\\/MONTSE_FAJARDO_a_nova_peneira.jpg\",\"width\":720,\"height\":432,\"caption\":\"Montse Fajardo A Nova Peneira\"},{\"@type\":\"BreadcrumbList\",\"@id\":\"https:\\\/\\\/www.anovapeneira.gal\\\/index.php\\\/2022\\\/06\\\/27\\\/homenaxe-da-dep-aos-musicos-e-musicas-que-sufriron-o-terror-franquista\\\/#breadcrumb\",\"itemListElement\":[{\"@type\":\"ListItem\",\"position\":1,\"name\":\"Portada\",\"item\":\"https:\\\/\\\/www.anovapeneira.gal\\\/\"},{\"@type\":\"ListItem\",\"position\":2,\"name\":\"Homenaxe da DEP aos m\u00fasicos e m\u00fasicas que sufriron o terror franquista\"}]},{\"@type\":\"WebSite\",\"@id\":\"https:\\\/\\\/www.anovapeneira.gal\\\/#website\",\"url\":\"https:\\\/\\\/www.anovapeneira.gal\\\/\",\"name\":\"\",\"description\":\"Xornal galego de informaci\u00f3n xeral Publicaci\u00f3n mensual de novas de Galicia e en especial dos Concellos da sur da provincia de Pontevedra.\",\"publisher\":{\"@id\":\"https:\\\/\\\/www.anovapeneira.gal\\\/#organization\"},\"potentialAction\":[{\"@type\":\"SearchAction\",\"target\":{\"@type\":\"EntryPoint\",\"urlTemplate\":\"https:\\\/\\\/www.anovapeneira.gal\\\/?s={search_term_string}\"},\"query-input\":{\"@type\":\"PropertyValueSpecification\",\"valueRequired\":true,\"valueName\":\"search_term_string\"}}],\"inLanguage\":\"gl-ES\"},{\"@type\":\"Organization\",\"@id\":\"https:\\\/\\\/www.anovapeneira.gal\\\/#organization\",\"name\":\"A Nova Peneira\",\"url\":\"https:\\\/\\\/www.anovapeneira.gal\\\/\",\"logo\":{\"@type\":\"ImageObject\",\"inLanguage\":\"gl-ES\",\"@id\":\"https:\\\/\\\/www.anovapeneira.gal\\\/#\\\/schema\\\/logo\\\/image\\\/\",\"url\":\"http:\\\/\\\/www.anovapeneira.gal\\\/wp-content\\\/uploads\\\/2019\\\/06\\\/logo_a_nova_peneira_portal_web.png\",\"contentUrl\":\"http:\\\/\\\/www.anovapeneira.gal\\\/wp-content\\\/uploads\\\/2019\\\/06\\\/logo_a_nova_peneira_portal_web.png\",\"width\":300,\"height\":100,\"caption\":\"A Nova Peneira\"},\"image\":{\"@id\":\"https:\\\/\\\/www.anovapeneira.gal\\\/#\\\/schema\\\/logo\\\/image\\\/\"},\"sameAs\":[\"https:\\\/\\\/www.facebook.com\\\/anovapeneira\",\"https:\\\/\\\/x.com\\\/APeneira\"]},{\"@type\":\"Person\",\"@id\":\"https:\\\/\\\/www.anovapeneira.gal\\\/#\\\/schema\\\/person\\\/b93e3f8932e3f8da96334607eb6ac6aa\",\"name\":\"Redacci\u00f3n A Nova Peneira\",\"image\":{\"@type\":\"ImageObject\",\"inLanguage\":\"gl-ES\",\"@id\":\"https:\\\/\\\/secure.gravatar.com\\\/avatar\\\/c052a2551a06e23fac63626232eaa90abd78dbcf1700fc46a2b2c89fd27b735f?s=96&d=mm&r=g\",\"url\":\"https:\\\/\\\/secure.gravatar.com\\\/avatar\\\/c052a2551a06e23fac63626232eaa90abd78dbcf1700fc46a2b2c89fd27b735f?s=96&d=mm&r=g\",\"contentUrl\":\"https:\\\/\\\/secure.gravatar.com\\\/avatar\\\/c052a2551a06e23fac63626232eaa90abd78dbcf1700fc46a2b2c89fd27b735f?s=96&d=mm&r=g\",\"caption\":\"Redacci\u00f3n A Nova Peneira\"},\"sameAs\":[\"http:\\\/\\\/www.anovapeneira.gal\\\/\"],\"url\":\"https:\\\/\\\/www.anovapeneira.gal\\\/index.php\\\/author\\\/redactor\\\/\"}]}<\/script>\n<!-- \/ Yoast SEO plugin. -->","yoast_head_json":{"title":"Homenaxe da DEP aos m\u00fasicos e m\u00fasicas que sufriron o terror franquista -","robots":{"index":"index","follow":"follow","max-snippet":"max-snippet:-1","max-image-preview":"max-image-preview:large","max-video-preview":"max-video-preview:-1"},"canonical":"https:\/\/www.anovapeneira.gal\/index.php\/2022\/06\/27\/homenaxe-da-dep-aos-musicos-e-musicas-que-sufriron-o-terror-franquista\/","og_locale":"gl_ES","og_type":"article","og_title":"Homenaxe da DEP aos m\u00fasicos e m\u00fasicas que sufriron o terror franquista -","og_description":"O pr\u00f3ximo dous de xullo o departamento de memoria hist\u00f3rica da Deputaci\u00f3n de Pontevedra organiza, na parroquia de Moneixas do Concello de Lal\u00edn, unha homenaxe aos m\u00fasicos e m\u00fasicas que sufriron o terror da negra escuridade do franquismo [...]","og_url":"https:\/\/www.anovapeneira.gal\/index.php\/2022\/06\/27\/homenaxe-da-dep-aos-musicos-e-musicas-que-sufriron-o-terror-franquista\/","article_publisher":"https:\/\/www.facebook.com\/anovapeneira","article_published_time":"2022-06-27T10:00:40+00:00","og_image":[{"width":720,"height":432,"url":"https:\/\/www.anovapeneira.gal\/wp-content\/uploads\/2019\/11\/MONTSE_FAJARDO_a_nova_peneira.jpg","type":"image\/jpeg"}],"author":"Redacci\u00f3n A Nova Peneira","twitter_card":"summary_large_image","twitter_creator":"@APeneira","twitter_site":"@APeneira","twitter_misc":{"Escrito por":"Redacci\u00f3n A Nova Peneira","Tempo de lectura":"6 minutos"},"schema":{"@context":"https:\/\/schema.org","@graph":[{"@type":"Article","@id":"https:\/\/www.anovapeneira.gal\/index.php\/2022\/06\/27\/homenaxe-da-dep-aos-musicos-e-musicas-que-sufriron-o-terror-franquista\/#article","isPartOf":{"@id":"https:\/\/www.anovapeneira.gal\/index.php\/2022\/06\/27\/homenaxe-da-dep-aos-musicos-e-musicas-que-sufriron-o-terror-franquista\/"},"author":{"name":"Redacci\u00f3n A Nova Peneira","@id":"https:\/\/www.anovapeneira.gal\/#\/schema\/person\/b93e3f8932e3f8da96334607eb6ac6aa"},"headline":"Homenaxe da DEP aos m\u00fasicos e m\u00fasicas que sufriron o terror franquista","datePublished":"2022-06-27T10:00:40+00:00","mainEntityOfPage":{"@id":"https:\/\/www.anovapeneira.gal\/index.php\/2022\/06\/27\/homenaxe-da-dep-aos-musicos-e-musicas-que-sufriron-o-terror-franquista\/"},"wordCount":1100,"commentCount":0,"publisher":{"@id":"https:\/\/www.anovapeneira.gal\/#organization"},"image":{"@id":"https:\/\/www.anovapeneira.gal\/index.php\/2022\/06\/27\/homenaxe-da-dep-aos-musicos-e-musicas-que-sufriron-o-terror-franquista\/#primaryimage"},"thumbnailUrl":"https:\/\/www.anovapeneira.gal\/wp-content\/uploads\/2019\/11\/MONTSE_FAJARDO_a_nova_peneira.jpg","keywords":["Deputaci\u00f3n Pontevedra"],"articleSection":["Pontevedra"],"inLanguage":"gl-ES","potentialAction":[{"@type":"CommentAction","name":"Comment","target":["https:\/\/www.anovapeneira.gal\/index.php\/2022\/06\/27\/homenaxe-da-dep-aos-musicos-e-musicas-que-sufriron-o-terror-franquista\/#respond"]}]},{"@type":"WebPage","@id":"https:\/\/www.anovapeneira.gal\/index.php\/2022\/06\/27\/homenaxe-da-dep-aos-musicos-e-musicas-que-sufriron-o-terror-franquista\/","url":"https:\/\/www.anovapeneira.gal\/index.php\/2022\/06\/27\/homenaxe-da-dep-aos-musicos-e-musicas-que-sufriron-o-terror-franquista\/","name":"Homenaxe da DEP aos m\u00fasicos e m\u00fasicas que sufriron o terror franquista -","isPartOf":{"@id":"https:\/\/www.anovapeneira.gal\/#website"},"primaryImageOfPage":{"@id":"https:\/\/www.anovapeneira.gal\/index.php\/2022\/06\/27\/homenaxe-da-dep-aos-musicos-e-musicas-que-sufriron-o-terror-franquista\/#primaryimage"},"image":{"@id":"https:\/\/www.anovapeneira.gal\/index.php\/2022\/06\/27\/homenaxe-da-dep-aos-musicos-e-musicas-que-sufriron-o-terror-franquista\/#primaryimage"},"thumbnailUrl":"https:\/\/www.anovapeneira.gal\/wp-content\/uploads\/2019\/11\/MONTSE_FAJARDO_a_nova_peneira.jpg","datePublished":"2022-06-27T10:00:40+00:00","breadcrumb":{"@id":"https:\/\/www.anovapeneira.gal\/index.php\/2022\/06\/27\/homenaxe-da-dep-aos-musicos-e-musicas-que-sufriron-o-terror-franquista\/#breadcrumb"},"inLanguage":"gl-ES","potentialAction":[{"@type":"ReadAction","target":["https:\/\/www.anovapeneira.gal\/index.php\/2022\/06\/27\/homenaxe-da-dep-aos-musicos-e-musicas-que-sufriron-o-terror-franquista\/"]}]},{"@type":"ImageObject","inLanguage":"gl-ES","@id":"https:\/\/www.anovapeneira.gal\/index.php\/2022\/06\/27\/homenaxe-da-dep-aos-musicos-e-musicas-que-sufriron-o-terror-franquista\/#primaryimage","url":"https:\/\/www.anovapeneira.gal\/wp-content\/uploads\/2019\/11\/MONTSE_FAJARDO_a_nova_peneira.jpg","contentUrl":"https:\/\/www.anovapeneira.gal\/wp-content\/uploads\/2019\/11\/MONTSE_FAJARDO_a_nova_peneira.jpg","width":720,"height":432,"caption":"Montse Fajardo A Nova Peneira"},{"@type":"BreadcrumbList","@id":"https:\/\/www.anovapeneira.gal\/index.php\/2022\/06\/27\/homenaxe-da-dep-aos-musicos-e-musicas-que-sufriron-o-terror-franquista\/#breadcrumb","itemListElement":[{"@type":"ListItem","position":1,"name":"Portada","item":"https:\/\/www.anovapeneira.gal\/"},{"@type":"ListItem","position":2,"name":"Homenaxe da DEP aos m\u00fasicos e m\u00fasicas que sufriron o terror franquista"}]},{"@type":"WebSite","@id":"https:\/\/www.anovapeneira.gal\/#website","url":"https:\/\/www.anovapeneira.gal\/","name":"","description":"Xornal galego de informaci\u00f3n xeral Publicaci\u00f3n mensual de novas de Galicia e en especial dos Concellos da sur da provincia de Pontevedra.","publisher":{"@id":"https:\/\/www.anovapeneira.gal\/#organization"},"potentialAction":[{"@type":"SearchAction","target":{"@type":"EntryPoint","urlTemplate":"https:\/\/www.anovapeneira.gal\/?s={search_term_string}"},"query-input":{"@type":"PropertyValueSpecification","valueRequired":true,"valueName":"search_term_string"}}],"inLanguage":"gl-ES"},{"@type":"Organization","@id":"https:\/\/www.anovapeneira.gal\/#organization","name":"A Nova Peneira","url":"https:\/\/www.anovapeneira.gal\/","logo":{"@type":"ImageObject","inLanguage":"gl-ES","@id":"https:\/\/www.anovapeneira.gal\/#\/schema\/logo\/image\/","url":"http:\/\/www.anovapeneira.gal\/wp-content\/uploads\/2019\/06\/logo_a_nova_peneira_portal_web.png","contentUrl":"http:\/\/www.anovapeneira.gal\/wp-content\/uploads\/2019\/06\/logo_a_nova_peneira_portal_web.png","width":300,"height":100,"caption":"A Nova Peneira"},"image":{"@id":"https:\/\/www.anovapeneira.gal\/#\/schema\/logo\/image\/"},"sameAs":["https:\/\/www.facebook.com\/anovapeneira","https:\/\/x.com\/APeneira"]},{"@type":"Person","@id":"https:\/\/www.anovapeneira.gal\/#\/schema\/person\/b93e3f8932e3f8da96334607eb6ac6aa","name":"Redacci\u00f3n A Nova Peneira","image":{"@type":"ImageObject","inLanguage":"gl-ES","@id":"https:\/\/secure.gravatar.com\/avatar\/c052a2551a06e23fac63626232eaa90abd78dbcf1700fc46a2b2c89fd27b735f?s=96&d=mm&r=g","url":"https:\/\/secure.gravatar.com\/avatar\/c052a2551a06e23fac63626232eaa90abd78dbcf1700fc46a2b2c89fd27b735f?s=96&d=mm&r=g","contentUrl":"https:\/\/secure.gravatar.com\/avatar\/c052a2551a06e23fac63626232eaa90abd78dbcf1700fc46a2b2c89fd27b735f?s=96&d=mm&r=g","caption":"Redacci\u00f3n A Nova Peneira"},"sameAs":["http:\/\/www.anovapeneira.gal\/"],"url":"https:\/\/www.anovapeneira.gal\/index.php\/author\/redactor\/"}]}},"jetpack_featured_media_url":"https:\/\/www.anovapeneira.gal\/wp-content\/uploads\/2019\/11\/MONTSE_FAJARDO_a_nova_peneira.jpg","_links":{"self":[{"href":"https:\/\/www.anovapeneira.gal\/index.php\/wp-json\/wp\/v2\/posts\/7686","targetHints":{"allow":["GET"]}}],"collection":[{"href":"https:\/\/www.anovapeneira.gal\/index.php\/wp-json\/wp\/v2\/posts"}],"about":[{"href":"https:\/\/www.anovapeneira.gal\/index.php\/wp-json\/wp\/v2\/types\/post"}],"author":[{"embeddable":true,"href":"https:\/\/www.anovapeneira.gal\/index.php\/wp-json\/wp\/v2\/users\/3"}],"replies":[{"embeddable":true,"href":"https:\/\/www.anovapeneira.gal\/index.php\/wp-json\/wp\/v2\/comments?post=7686"}],"version-history":[{"count":1,"href":"https:\/\/www.anovapeneira.gal\/index.php\/wp-json\/wp\/v2\/posts\/7686\/revisions"}],"predecessor-version":[{"id":7687,"href":"https:\/\/www.anovapeneira.gal\/index.php\/wp-json\/wp\/v2\/posts\/7686\/revisions\/7687"}],"wp:featuredmedia":[{"embeddable":true,"href":"https:\/\/www.anovapeneira.gal\/index.php\/wp-json\/wp\/v2\/media\/1869"}],"wp:attachment":[{"href":"https:\/\/www.anovapeneira.gal\/index.php\/wp-json\/wp\/v2\/media?parent=7686"}],"wp:term":[{"taxonomy":"category","embeddable":true,"href":"https:\/\/www.anovapeneira.gal\/index.php\/wp-json\/wp\/v2\/categories?post=7686"},{"taxonomy":"post_tag","embeddable":true,"href":"https:\/\/www.anovapeneira.gal\/index.php\/wp-json\/wp\/v2\/tags?post=7686"}],"curies":[{"name":"wp","href":"https:\/\/api.w.org\/{rel}","templated":true}]}}