{"id":769,"date":"2019-07-29T12:00:35","date_gmt":"2019-07-29T10:00:35","guid":{"rendered":"http:\/\/www.anovapeneira.gal\/?p=769"},"modified":"2019-07-25T21:41:12","modified_gmt":"2019-07-25T19:41:12","slug":"mulleres-en-accion-violencia-zero-trae-a-guarda-a-peza-rosa-de-nuria-sotelo","status":"publish","type":"post","link":"https:\/\/www.anovapeneira.gal\/index.php\/2019\/07\/29\/mulleres-en-accion-violencia-zero-trae-a-guarda-a-peza-rosa-de-nuria-sotelo\/","title":{"rendered":"Mulleres en Acci\u00f3n \u2013 Violencia Zero trae \u00e1 Guarda a peza \u00abRosa\u00bb de Nuria Sotelo"},"content":{"rendered":"\n<p> <strong>A Guarda, 22 de xullo de 2019<\/strong><\/p>\n\n\n\n<p>O\nvindeiro xoves d\u00eda 1 de agosto a Praza do Rel\u00f3 da Guarda acolle\nunha nova acci\u00f3n da Campa\u00f1a Mulleres en Acci\u00f3n \u2013 Violencia Zero\npromovida dende a Deputaci\u00f3n de Pontevedra e na que colabora o\nCentro de Informaci\u00f3n \u00e1 Muller da Guarda(CIM).<\/p>\n\n\n\n<p>Esta\nactividade duns 20 minutos de duraci\u00f3n, que ter\u00e1 lugar \u00e1s 21:00h\nna Praza do Rel\u00f3, contar\u00e1 coa representaci\u00f3n da peza \u00abRosa\u00bb da\nartista Nuria Sotelo, unha acci\u00f3n de danza-teatro na que se aborda,\na trav\u00e9s do movemento da int\u00e9rprete e da mobilizaci\u00f3n espacial do\np\u00fablico, conceptos sexol\u00f3xicos como a intersexualidade, a\nconvivencia entre sexos e os rasgos e modos dos suxeitos, pondo en\ncuesti\u00f3n xerarqu\u00edas e preconceptos establecidos. \n<\/p>\n\n\n\n<p><strong>NURIA\nSOTELO <\/strong>\n<\/p>\n\n\n\n<p>Int\u00e9rprete\nde danza e teatro, buscadora de linguaxes esc\u00e9nicos e impulsora da\nC\u00eda. de danza-teatro Licenciada Sotelo. \n<\/p>\n\n\n\n<p>Ligada\n\u00e1 danza dende a s\u00faa infancia a trav\u00e9s do ballet , contin\u00faa coa\ns\u00faa formaci\u00f3n en danza contempor\u00e1nea nas Aulas de danza e Teatro\nde las Universidades de Santiago de Compostela e Ourense as\u00ed como en\nworkshops internacionais. \n<\/p>\n\n\n\n<p>Como\nint\u00e9rprete traballa en compa\u00f1\u00edas de danza e de teatro: \n<\/p>\n\n\n\n<p>Centro\nCoreogr\u00e1fico Galego, Femme Fatale, Experimentadanza, Teatro\nResoante, Elefante Elegante, Matarile Teatro. \n<\/p>\n\n\n\n<p>Premios:\n\n<\/p>\n\n\n\n<p>Certame\nCoreogr\u00e1fico de Madrid 2017: premiada como core\u00f3grafa pola peza\nEnsayo amor \n<\/p>\n\n\n\n<p>Premio\nde interpretaci\u00f3n Maruja Villanueva 2017 do Concello de Padr\u00f3n \n<\/p>\n\n\n\n<p>Combina\nactividade esc\u00e9nica coa docencia nos campos do corpo, danza e a\ncreaci\u00f3n esc\u00e9nica, traballando con adultas, adolescentes,\nprofesionais da escena, grupos de integraci\u00f3n e familias. \n<\/p>\n\n\n\n<p>Actualmente\ninmersa no proxecto &#8220;A Casa Vella&#8221;, espazo residencia\nart\u00edstica e infiltraci\u00f3n social a trav\u00e9s do corpo e o arte no\nrural alaricano. \n<\/p>\n\n\n\n<p><strong>Contacto:<\/strong>\tJorge\nAlonso (686 096 412)<\/p>\n\n\n\n<p>prensa@aguarda.es<\/p>\n\n\n\n<p>Para\nas redes sociais empregaremos os seguintes <em>hashtag<\/em><strong>\n#aguarda #ViolenciaZero #MulleresenAcci\u00f3n #igualdade #CIM #muller<\/strong><\/p>\n\n\n\n<p><br><\/p>\n","protected":false},"excerpt":{"rendered":"<div class=\"mh-excerpt\"><p>O vindeiro xoves d\u00eda 1 de agosto a Praza do Rel\u00f3 da Guarda acolle unha nova acci\u00f3n da Campa\u00f1a Mulleres en Acci\u00f3n \u2013 Violencia Zero promovida dende a Deputaci\u00f3n de Pontevedra e na que colabora o Centro de Informaci\u00f3n \u00e1 Muller da Guarda <a class=\"mh-excerpt-more\" href=\"https:\/\/www.anovapeneira.gal\/index.php\/2019\/07\/29\/mulleres-en-accion-violencia-zero-trae-a-guarda-a-peza-rosa-de-nuria-sotelo\/\" title=\"Mulleres en Acci\u00f3n \u2013 Violencia Zero trae \u00e1 Guarda a peza \u00abRosa\u00bb de Nuria Sotelo\">[&#8230;]<\/a><\/p>\n<\/div>","protected":false},"author":3,"featured_media":770,"comment_status":"open","ping_status":"open","sticky":false,"template":"","format":"standard","meta":{"_exactmetrics_skip_tracking":false,"_exactmetrics_sitenote_active":false,"_exactmetrics_sitenote_note":"","_exactmetrics_sitenote_category":0,"footnotes":""},"categories":[21],"tags":[238,113,343,342,213,341],"class_list":{"0":"post-769","1":"post","2":"type-post","3":"status-publish","4":"format-standard","5":"has-post-thumbnail","7":"category-baixo-mino","8":"tag-concello-da-guarda","9":"tag-igualdade","10":"tag-muller","11":"tag-mulleres-en-accion","12":"tag-violencia","13":"tag-violencia-cero"},"yoast_head":"<!-- This site is optimized with the Yoast SEO plugin v27.4 - https:\/\/yoast.com\/product\/yoast-seo-wordpress\/ -->\n<title>Mulleres en Acci\u00f3n \u2013 Violencia Zero trae \u00e1 Guarda a peza \u00abRosa\u00bb de Nuria Sotelo -<\/title>\n<meta name=\"robots\" content=\"index, follow, max-snippet:-1, max-image-preview:large, max-video-preview:-1\" \/>\n<link rel=\"canonical\" href=\"https:\/\/www.anovapeneira.gal\/index.php\/2019\/07\/29\/mulleres-en-accion-violencia-zero-trae-a-guarda-a-peza-rosa-de-nuria-sotelo\/\" \/>\n<meta property=\"og:locale\" content=\"gl_ES\" \/>\n<meta property=\"og:type\" content=\"article\" \/>\n<meta property=\"og:title\" content=\"Mulleres en Acci\u00f3n \u2013 Violencia Zero trae \u00e1 Guarda a peza \u00abRosa\u00bb de Nuria Sotelo -\" \/>\n<meta property=\"og:description\" content=\"O vindeiro xoves d\u00eda 1 de agosto a Praza do Rel\u00f3 da Guarda acolle unha nova acci\u00f3n da Campa\u00f1a Mulleres en Acci\u00f3n \u2013 Violencia Zero promovida dende a Deputaci\u00f3n de Pontevedra e na que colabora o Centro de Informaci\u00f3n \u00e1 Muller da Guarda [...]\" \/>\n<meta property=\"og:url\" content=\"https:\/\/www.anovapeneira.gal\/index.php\/2019\/07\/29\/mulleres-en-accion-violencia-zero-trae-a-guarda-a-peza-rosa-de-nuria-sotelo\/\" \/>\n<meta property=\"article:publisher\" content=\"https:\/\/www.facebook.com\/anovapeneira\" \/>\n<meta property=\"article:published_time\" content=\"2019-07-29T10:00:35+00:00\" \/>\n<meta property=\"og:image\" content=\"https:\/\/www.anovapeneira.gal\/wp-content\/uploads\/2019\/07\/mulleres_en_accion_a_nova_peneira_2.jpg\" \/>\n\t<meta property=\"og:image:width\" content=\"720\" \/>\n\t<meta property=\"og:image:height\" content=\"473\" \/>\n\t<meta property=\"og:image:type\" content=\"image\/jpeg\" \/>\n<meta name=\"author\" content=\"Redacci\u00f3n A Nova Peneira\" \/>\n<meta name=\"twitter:card\" content=\"summary_large_image\" \/>\n<meta name=\"twitter:creator\" content=\"@APeneira\" \/>\n<meta name=\"twitter:site\" content=\"@APeneira\" \/>\n<meta name=\"twitter:label1\" content=\"Escrito por\" \/>\n\t<meta name=\"twitter:data1\" content=\"Redacci\u00f3n A Nova Peneira\" \/>\n\t<meta name=\"twitter:label2\" content=\"Tempo de lectura\" \/>\n\t<meta name=\"twitter:data2\" content=\"2 minutos\" \/>\n<script type=\"application\/ld+json\" class=\"yoast-schema-graph\">{\"@context\":\"https:\\\/\\\/schema.org\",\"@graph\":[{\"@type\":\"Article\",\"@id\":\"https:\\\/\\\/www.anovapeneira.gal\\\/index.php\\\/2019\\\/07\\\/29\\\/mulleres-en-accion-violencia-zero-trae-a-guarda-a-peza-rosa-de-nuria-sotelo\\\/#article\",\"isPartOf\":{\"@id\":\"https:\\\/\\\/www.anovapeneira.gal\\\/index.php\\\/2019\\\/07\\\/29\\\/mulleres-en-accion-violencia-zero-trae-a-guarda-a-peza-rosa-de-nuria-sotelo\\\/\"},\"author\":{\"name\":\"Redacci\u00f3n A Nova Peneira\",\"@id\":\"https:\\\/\\\/www.anovapeneira.gal\\\/#\\\/schema\\\/person\\\/b93e3f8932e3f8da96334607eb6ac6aa\"},\"headline\":\"Mulleres en Acci\u00f3n \u2013 Violencia Zero trae \u00e1 Guarda a peza \u00abRosa\u00bb de Nuria Sotelo\",\"datePublished\":\"2019-07-29T10:00:35+00:00\",\"mainEntityOfPage\":{\"@id\":\"https:\\\/\\\/www.anovapeneira.gal\\\/index.php\\\/2019\\\/07\\\/29\\\/mulleres-en-accion-violencia-zero-trae-a-guarda-a-peza-rosa-de-nuria-sotelo\\\/\"},\"wordCount\":336,\"commentCount\":0,\"publisher\":{\"@id\":\"https:\\\/\\\/www.anovapeneira.gal\\\/#organization\"},\"image\":{\"@id\":\"https:\\\/\\\/www.anovapeneira.gal\\\/index.php\\\/2019\\\/07\\\/29\\\/mulleres-en-accion-violencia-zero-trae-a-guarda-a-peza-rosa-de-nuria-sotelo\\\/#primaryimage\"},\"thumbnailUrl\":\"https:\\\/\\\/www.anovapeneira.gal\\\/wp-content\\\/uploads\\\/2019\\\/07\\\/mulleres_en_accion_a_nova_peneira_2.jpg\",\"keywords\":[\"Concello da Guarda\",\"Igualdade\",\"Muller\",\"Mulleres en acci\u00f3n\",\"violencia\",\"Violencia cero\"],\"articleSection\":[\"Baixo Mi\u00f1o\"],\"inLanguage\":\"gl-ES\",\"potentialAction\":[{\"@type\":\"CommentAction\",\"name\":\"Comment\",\"target\":[\"https:\\\/\\\/www.anovapeneira.gal\\\/index.php\\\/2019\\\/07\\\/29\\\/mulleres-en-accion-violencia-zero-trae-a-guarda-a-peza-rosa-de-nuria-sotelo\\\/#respond\"]}]},{\"@type\":\"WebPage\",\"@id\":\"https:\\\/\\\/www.anovapeneira.gal\\\/index.php\\\/2019\\\/07\\\/29\\\/mulleres-en-accion-violencia-zero-trae-a-guarda-a-peza-rosa-de-nuria-sotelo\\\/\",\"url\":\"https:\\\/\\\/www.anovapeneira.gal\\\/index.php\\\/2019\\\/07\\\/29\\\/mulleres-en-accion-violencia-zero-trae-a-guarda-a-peza-rosa-de-nuria-sotelo\\\/\",\"name\":\"Mulleres en Acci\u00f3n \u2013 Violencia Zero trae \u00e1 Guarda a peza \u00abRosa\u00bb de Nuria Sotelo -\",\"isPartOf\":{\"@id\":\"https:\\\/\\\/www.anovapeneira.gal\\\/#website\"},\"primaryImageOfPage\":{\"@id\":\"https:\\\/\\\/www.anovapeneira.gal\\\/index.php\\\/2019\\\/07\\\/29\\\/mulleres-en-accion-violencia-zero-trae-a-guarda-a-peza-rosa-de-nuria-sotelo\\\/#primaryimage\"},\"image\":{\"@id\":\"https:\\\/\\\/www.anovapeneira.gal\\\/index.php\\\/2019\\\/07\\\/29\\\/mulleres-en-accion-violencia-zero-trae-a-guarda-a-peza-rosa-de-nuria-sotelo\\\/#primaryimage\"},\"thumbnailUrl\":\"https:\\\/\\\/www.anovapeneira.gal\\\/wp-content\\\/uploads\\\/2019\\\/07\\\/mulleres_en_accion_a_nova_peneira_2.jpg\",\"datePublished\":\"2019-07-29T10:00:35+00:00\",\"breadcrumb\":{\"@id\":\"https:\\\/\\\/www.anovapeneira.gal\\\/index.php\\\/2019\\\/07\\\/29\\\/mulleres-en-accion-violencia-zero-trae-a-guarda-a-peza-rosa-de-nuria-sotelo\\\/#breadcrumb\"},\"inLanguage\":\"gl-ES\",\"potentialAction\":[{\"@type\":\"ReadAction\",\"target\":[\"https:\\\/\\\/www.anovapeneira.gal\\\/index.php\\\/2019\\\/07\\\/29\\\/mulleres-en-accion-violencia-zero-trae-a-guarda-a-peza-rosa-de-nuria-sotelo\\\/\"]}]},{\"@type\":\"ImageObject\",\"inLanguage\":\"gl-ES\",\"@id\":\"https:\\\/\\\/www.anovapeneira.gal\\\/index.php\\\/2019\\\/07\\\/29\\\/mulleres-en-accion-violencia-zero-trae-a-guarda-a-peza-rosa-de-nuria-sotelo\\\/#primaryimage\",\"url\":\"https:\\\/\\\/www.anovapeneira.gal\\\/wp-content\\\/uploads\\\/2019\\\/07\\\/mulleres_en_accion_a_nova_peneira_2.jpg\",\"contentUrl\":\"https:\\\/\\\/www.anovapeneira.gal\\\/wp-content\\\/uploads\\\/2019\\\/07\\\/mulleres_en_accion_a_nova_peneira_2.jpg\",\"width\":720,\"height\":473,\"caption\":\"mulleres en acci\u00f3n a nova peneira\"},{\"@type\":\"BreadcrumbList\",\"@id\":\"https:\\\/\\\/www.anovapeneira.gal\\\/index.php\\\/2019\\\/07\\\/29\\\/mulleres-en-accion-violencia-zero-trae-a-guarda-a-peza-rosa-de-nuria-sotelo\\\/#breadcrumb\",\"itemListElement\":[{\"@type\":\"ListItem\",\"position\":1,\"name\":\"Portada\",\"item\":\"https:\\\/\\\/www.anovapeneira.gal\\\/\"},{\"@type\":\"ListItem\",\"position\":2,\"name\":\"Mulleres en Acci\u00f3n \u2013 Violencia Zero trae \u00e1 Guarda a peza \u00abRosa\u00bb de Nuria Sotelo\"}]},{\"@type\":\"WebSite\",\"@id\":\"https:\\\/\\\/www.anovapeneira.gal\\\/#website\",\"url\":\"https:\\\/\\\/www.anovapeneira.gal\\\/\",\"name\":\"\",\"description\":\"Xornal galego de informaci\u00f3n xeral Publicaci\u00f3n mensual de novas de Galicia e en especial dos Concellos da sur da provincia de Pontevedra.\",\"publisher\":{\"@id\":\"https:\\\/\\\/www.anovapeneira.gal\\\/#organization\"},\"potentialAction\":[{\"@type\":\"SearchAction\",\"target\":{\"@type\":\"EntryPoint\",\"urlTemplate\":\"https:\\\/\\\/www.anovapeneira.gal\\\/?s={search_term_string}\"},\"query-input\":{\"@type\":\"PropertyValueSpecification\",\"valueRequired\":true,\"valueName\":\"search_term_string\"}}],\"inLanguage\":\"gl-ES\"},{\"@type\":\"Organization\",\"@id\":\"https:\\\/\\\/www.anovapeneira.gal\\\/#organization\",\"name\":\"A Nova Peneira\",\"url\":\"https:\\\/\\\/www.anovapeneira.gal\\\/\",\"logo\":{\"@type\":\"ImageObject\",\"inLanguage\":\"gl-ES\",\"@id\":\"https:\\\/\\\/www.anovapeneira.gal\\\/#\\\/schema\\\/logo\\\/image\\\/\",\"url\":\"http:\\\/\\\/www.anovapeneira.gal\\\/wp-content\\\/uploads\\\/2019\\\/06\\\/logo_a_nova_peneira_portal_web.png\",\"contentUrl\":\"http:\\\/\\\/www.anovapeneira.gal\\\/wp-content\\\/uploads\\\/2019\\\/06\\\/logo_a_nova_peneira_portal_web.png\",\"width\":300,\"height\":100,\"caption\":\"A Nova Peneira\"},\"image\":{\"@id\":\"https:\\\/\\\/www.anovapeneira.gal\\\/#\\\/schema\\\/logo\\\/image\\\/\"},\"sameAs\":[\"https:\\\/\\\/www.facebook.com\\\/anovapeneira\",\"https:\\\/\\\/x.com\\\/APeneira\"]},{\"@type\":\"Person\",\"@id\":\"https:\\\/\\\/www.anovapeneira.gal\\\/#\\\/schema\\\/person\\\/b93e3f8932e3f8da96334607eb6ac6aa\",\"name\":\"Redacci\u00f3n A Nova Peneira\",\"image\":{\"@type\":\"ImageObject\",\"inLanguage\":\"gl-ES\",\"@id\":\"https:\\\/\\\/secure.gravatar.com\\\/avatar\\\/c052a2551a06e23fac63626232eaa90abd78dbcf1700fc46a2b2c89fd27b735f?s=96&d=mm&r=g\",\"url\":\"https:\\\/\\\/secure.gravatar.com\\\/avatar\\\/c052a2551a06e23fac63626232eaa90abd78dbcf1700fc46a2b2c89fd27b735f?s=96&d=mm&r=g\",\"contentUrl\":\"https:\\\/\\\/secure.gravatar.com\\\/avatar\\\/c052a2551a06e23fac63626232eaa90abd78dbcf1700fc46a2b2c89fd27b735f?s=96&d=mm&r=g\",\"caption\":\"Redacci\u00f3n A Nova Peneira\"},\"sameAs\":[\"http:\\\/\\\/www.anovapeneira.gal\\\/\"],\"url\":\"https:\\\/\\\/www.anovapeneira.gal\\\/index.php\\\/author\\\/redactor\\\/\"}]}<\/script>\n<!-- \/ Yoast SEO plugin. -->","yoast_head_json":{"title":"Mulleres en Acci\u00f3n \u2013 Violencia Zero trae \u00e1 Guarda a peza \u00abRosa\u00bb de Nuria Sotelo -","robots":{"index":"index","follow":"follow","max-snippet":"max-snippet:-1","max-image-preview":"max-image-preview:large","max-video-preview":"max-video-preview:-1"},"canonical":"https:\/\/www.anovapeneira.gal\/index.php\/2019\/07\/29\/mulleres-en-accion-violencia-zero-trae-a-guarda-a-peza-rosa-de-nuria-sotelo\/","og_locale":"gl_ES","og_type":"article","og_title":"Mulleres en Acci\u00f3n \u2013 Violencia Zero trae \u00e1 Guarda a peza \u00abRosa\u00bb de Nuria Sotelo -","og_description":"O vindeiro xoves d\u00eda 1 de agosto a Praza do Rel\u00f3 da Guarda acolle unha nova acci\u00f3n da Campa\u00f1a Mulleres en Acci\u00f3n \u2013 Violencia Zero promovida dende a Deputaci\u00f3n de Pontevedra e na que colabora o Centro de Informaci\u00f3n \u00e1 Muller da Guarda [...]","og_url":"https:\/\/www.anovapeneira.gal\/index.php\/2019\/07\/29\/mulleres-en-accion-violencia-zero-trae-a-guarda-a-peza-rosa-de-nuria-sotelo\/","article_publisher":"https:\/\/www.facebook.com\/anovapeneira","article_published_time":"2019-07-29T10:00:35+00:00","og_image":[{"width":720,"height":473,"url":"https:\/\/www.anovapeneira.gal\/wp-content\/uploads\/2019\/07\/mulleres_en_accion_a_nova_peneira_2.jpg","type":"image\/jpeg"}],"author":"Redacci\u00f3n A Nova Peneira","twitter_card":"summary_large_image","twitter_creator":"@APeneira","twitter_site":"@APeneira","twitter_misc":{"Escrito por":"Redacci\u00f3n A Nova Peneira","Tempo de lectura":"2 minutos"},"schema":{"@context":"https:\/\/schema.org","@graph":[{"@type":"Article","@id":"https:\/\/www.anovapeneira.gal\/index.php\/2019\/07\/29\/mulleres-en-accion-violencia-zero-trae-a-guarda-a-peza-rosa-de-nuria-sotelo\/#article","isPartOf":{"@id":"https:\/\/www.anovapeneira.gal\/index.php\/2019\/07\/29\/mulleres-en-accion-violencia-zero-trae-a-guarda-a-peza-rosa-de-nuria-sotelo\/"},"author":{"name":"Redacci\u00f3n A Nova Peneira","@id":"https:\/\/www.anovapeneira.gal\/#\/schema\/person\/b93e3f8932e3f8da96334607eb6ac6aa"},"headline":"Mulleres en Acci\u00f3n \u2013 Violencia Zero trae \u00e1 Guarda a peza \u00abRosa\u00bb de Nuria Sotelo","datePublished":"2019-07-29T10:00:35+00:00","mainEntityOfPage":{"@id":"https:\/\/www.anovapeneira.gal\/index.php\/2019\/07\/29\/mulleres-en-accion-violencia-zero-trae-a-guarda-a-peza-rosa-de-nuria-sotelo\/"},"wordCount":336,"commentCount":0,"publisher":{"@id":"https:\/\/www.anovapeneira.gal\/#organization"},"image":{"@id":"https:\/\/www.anovapeneira.gal\/index.php\/2019\/07\/29\/mulleres-en-accion-violencia-zero-trae-a-guarda-a-peza-rosa-de-nuria-sotelo\/#primaryimage"},"thumbnailUrl":"https:\/\/www.anovapeneira.gal\/wp-content\/uploads\/2019\/07\/mulleres_en_accion_a_nova_peneira_2.jpg","keywords":["Concello da Guarda","Igualdade","Muller","Mulleres en acci\u00f3n","violencia","Violencia cero"],"articleSection":["Baixo Mi\u00f1o"],"inLanguage":"gl-ES","potentialAction":[{"@type":"CommentAction","name":"Comment","target":["https:\/\/www.anovapeneira.gal\/index.php\/2019\/07\/29\/mulleres-en-accion-violencia-zero-trae-a-guarda-a-peza-rosa-de-nuria-sotelo\/#respond"]}]},{"@type":"WebPage","@id":"https:\/\/www.anovapeneira.gal\/index.php\/2019\/07\/29\/mulleres-en-accion-violencia-zero-trae-a-guarda-a-peza-rosa-de-nuria-sotelo\/","url":"https:\/\/www.anovapeneira.gal\/index.php\/2019\/07\/29\/mulleres-en-accion-violencia-zero-trae-a-guarda-a-peza-rosa-de-nuria-sotelo\/","name":"Mulleres en Acci\u00f3n \u2013 Violencia Zero trae \u00e1 Guarda a peza \u00abRosa\u00bb de Nuria Sotelo -","isPartOf":{"@id":"https:\/\/www.anovapeneira.gal\/#website"},"primaryImageOfPage":{"@id":"https:\/\/www.anovapeneira.gal\/index.php\/2019\/07\/29\/mulleres-en-accion-violencia-zero-trae-a-guarda-a-peza-rosa-de-nuria-sotelo\/#primaryimage"},"image":{"@id":"https:\/\/www.anovapeneira.gal\/index.php\/2019\/07\/29\/mulleres-en-accion-violencia-zero-trae-a-guarda-a-peza-rosa-de-nuria-sotelo\/#primaryimage"},"thumbnailUrl":"https:\/\/www.anovapeneira.gal\/wp-content\/uploads\/2019\/07\/mulleres_en_accion_a_nova_peneira_2.jpg","datePublished":"2019-07-29T10:00:35+00:00","breadcrumb":{"@id":"https:\/\/www.anovapeneira.gal\/index.php\/2019\/07\/29\/mulleres-en-accion-violencia-zero-trae-a-guarda-a-peza-rosa-de-nuria-sotelo\/#breadcrumb"},"inLanguage":"gl-ES","potentialAction":[{"@type":"ReadAction","target":["https:\/\/www.anovapeneira.gal\/index.php\/2019\/07\/29\/mulleres-en-accion-violencia-zero-trae-a-guarda-a-peza-rosa-de-nuria-sotelo\/"]}]},{"@type":"ImageObject","inLanguage":"gl-ES","@id":"https:\/\/www.anovapeneira.gal\/index.php\/2019\/07\/29\/mulleres-en-accion-violencia-zero-trae-a-guarda-a-peza-rosa-de-nuria-sotelo\/#primaryimage","url":"https:\/\/www.anovapeneira.gal\/wp-content\/uploads\/2019\/07\/mulleres_en_accion_a_nova_peneira_2.jpg","contentUrl":"https:\/\/www.anovapeneira.gal\/wp-content\/uploads\/2019\/07\/mulleres_en_accion_a_nova_peneira_2.jpg","width":720,"height":473,"caption":"mulleres en acci\u00f3n a nova peneira"},{"@type":"BreadcrumbList","@id":"https:\/\/www.anovapeneira.gal\/index.php\/2019\/07\/29\/mulleres-en-accion-violencia-zero-trae-a-guarda-a-peza-rosa-de-nuria-sotelo\/#breadcrumb","itemListElement":[{"@type":"ListItem","position":1,"name":"Portada","item":"https:\/\/www.anovapeneira.gal\/"},{"@type":"ListItem","position":2,"name":"Mulleres en Acci\u00f3n \u2013 Violencia Zero trae \u00e1 Guarda a peza \u00abRosa\u00bb de Nuria Sotelo"}]},{"@type":"WebSite","@id":"https:\/\/www.anovapeneira.gal\/#website","url":"https:\/\/www.anovapeneira.gal\/","name":"","description":"Xornal galego de informaci\u00f3n xeral Publicaci\u00f3n mensual de novas de Galicia e en especial dos Concellos da sur da provincia de Pontevedra.","publisher":{"@id":"https:\/\/www.anovapeneira.gal\/#organization"},"potentialAction":[{"@type":"SearchAction","target":{"@type":"EntryPoint","urlTemplate":"https:\/\/www.anovapeneira.gal\/?s={search_term_string}"},"query-input":{"@type":"PropertyValueSpecification","valueRequired":true,"valueName":"search_term_string"}}],"inLanguage":"gl-ES"},{"@type":"Organization","@id":"https:\/\/www.anovapeneira.gal\/#organization","name":"A Nova Peneira","url":"https:\/\/www.anovapeneira.gal\/","logo":{"@type":"ImageObject","inLanguage":"gl-ES","@id":"https:\/\/www.anovapeneira.gal\/#\/schema\/logo\/image\/","url":"http:\/\/www.anovapeneira.gal\/wp-content\/uploads\/2019\/06\/logo_a_nova_peneira_portal_web.png","contentUrl":"http:\/\/www.anovapeneira.gal\/wp-content\/uploads\/2019\/06\/logo_a_nova_peneira_portal_web.png","width":300,"height":100,"caption":"A Nova Peneira"},"image":{"@id":"https:\/\/www.anovapeneira.gal\/#\/schema\/logo\/image\/"},"sameAs":["https:\/\/www.facebook.com\/anovapeneira","https:\/\/x.com\/APeneira"]},{"@type":"Person","@id":"https:\/\/www.anovapeneira.gal\/#\/schema\/person\/b93e3f8932e3f8da96334607eb6ac6aa","name":"Redacci\u00f3n A Nova Peneira","image":{"@type":"ImageObject","inLanguage":"gl-ES","@id":"https:\/\/secure.gravatar.com\/avatar\/c052a2551a06e23fac63626232eaa90abd78dbcf1700fc46a2b2c89fd27b735f?s=96&d=mm&r=g","url":"https:\/\/secure.gravatar.com\/avatar\/c052a2551a06e23fac63626232eaa90abd78dbcf1700fc46a2b2c89fd27b735f?s=96&d=mm&r=g","contentUrl":"https:\/\/secure.gravatar.com\/avatar\/c052a2551a06e23fac63626232eaa90abd78dbcf1700fc46a2b2c89fd27b735f?s=96&d=mm&r=g","caption":"Redacci\u00f3n A Nova Peneira"},"sameAs":["http:\/\/www.anovapeneira.gal\/"],"url":"https:\/\/www.anovapeneira.gal\/index.php\/author\/redactor\/"}]}},"jetpack_featured_media_url":"https:\/\/www.anovapeneira.gal\/wp-content\/uploads\/2019\/07\/mulleres_en_accion_a_nova_peneira_2.jpg","_links":{"self":[{"href":"https:\/\/www.anovapeneira.gal\/index.php\/wp-json\/wp\/v2\/posts\/769","targetHints":{"allow":["GET"]}}],"collection":[{"href":"https:\/\/www.anovapeneira.gal\/index.php\/wp-json\/wp\/v2\/posts"}],"about":[{"href":"https:\/\/www.anovapeneira.gal\/index.php\/wp-json\/wp\/v2\/types\/post"}],"author":[{"embeddable":true,"href":"https:\/\/www.anovapeneira.gal\/index.php\/wp-json\/wp\/v2\/users\/3"}],"replies":[{"embeddable":true,"href":"https:\/\/www.anovapeneira.gal\/index.php\/wp-json\/wp\/v2\/comments?post=769"}],"version-history":[{"count":1,"href":"https:\/\/www.anovapeneira.gal\/index.php\/wp-json\/wp\/v2\/posts\/769\/revisions"}],"predecessor-version":[{"id":771,"href":"https:\/\/www.anovapeneira.gal\/index.php\/wp-json\/wp\/v2\/posts\/769\/revisions\/771"}],"wp:featuredmedia":[{"embeddable":true,"href":"https:\/\/www.anovapeneira.gal\/index.php\/wp-json\/wp\/v2\/media\/770"}],"wp:attachment":[{"href":"https:\/\/www.anovapeneira.gal\/index.php\/wp-json\/wp\/v2\/media?parent=769"}],"wp:term":[{"taxonomy":"category","embeddable":true,"href":"https:\/\/www.anovapeneira.gal\/index.php\/wp-json\/wp\/v2\/categories?post=769"},{"taxonomy":"post_tag","embeddable":true,"href":"https:\/\/www.anovapeneira.gal\/index.php\/wp-json\/wp\/v2\/tags?post=769"}],"curies":[{"name":"wp","href":"https:\/\/api.w.org\/{rel}","templated":true}]}}