{"id":7697,"date":"2022-06-29T12:00:59","date_gmt":"2022-06-29T10:00:59","guid":{"rendered":"https:\/\/www.anovapeneira.gal\/?p=7697"},"modified":"2022-06-22T18:39:25","modified_gmt":"2022-06-22T16:39:25","slug":"tomino-remata-o-seu-percorrido-polas-parroquias-cun-balance-positivo-e-novas-ideas","status":"publish","type":"post","link":"https:\/\/www.anovapeneira.gal\/index.php\/2022\/06\/29\/tomino-remata-o-seu-percorrido-polas-parroquias-cun-balance-positivo-e-novas-ideas\/","title":{"rendered":"Tomi\u00f1o remata o seu percorrido polas parroquias cun balance positivo e novas ideas"},"content":{"rendered":"\n<h2 class=\"wp-block-heading\"><strong>M\u00e1is de 450 persoas participaron nunha nova edici\u00f3n do programa \u2018O Concello escoita\u2019, que busca implicar \u00e1 poboaci\u00f3n na gobernanza do municipio<\/strong><\/h2>\n\n\n\n<p> <strong>Tomi\u00f1o, 21 de xu\u00f1o de 2022<\/strong><\/p>\n\n\n\n<p>Grande acollida da nova edici\u00f3n do programa \u2018O Concello escoita\u2019, unha iniciativa que regresou \u00e1s parroquias tomi\u00f1esas tras o par\u00f3n obrigado pola pandemia. O Concello de Tomi\u00f1o retomaba as\u00ed o seu percorrido polo municipio con 15 encontros celebrados nas \u00faltimas tres semanas nos que se xeraron espazos de conversa entre o goberno local e a poboaci\u00f3n nos que a veci\u00f1anza achegou as s\u00faas inquedanzas e ideas, propuxo melloras ou compartiu opini\u00f3ns en positivo que axuden a dese\u00f1ar un futuro mellor para Tomi\u00f1o.<\/p>\n\n\n\n<p>M\u00e1is de 450 persoas participaron nestas citas que comezaron o pasado 30 de xu\u00f1o en Santa Mar\u00eda de Tebra e Vilame\u00e1n para percorrer despois Taborda, San Salvador, Amor\u00edn, Curr\u00e1s, Figueir\u00f3, Est\u00e1s, Pi\u00f1eiro, Sobrada, Pinz\u00e1s, Barrantes, Forcadela e rematar a mediados de xullo en Tomi\u00f1o e Goi\u00e1n. \u201cO balance non pode ser m\u00e1is positivo. Gobernamos sempre cunha escoita activa e moi preto dos nosos veci\u00f1os e veci\u00f1as, pero todas e todos botabamos en falta esa interlocuci\u00f3n directa e aberta para po\u00f1er en com\u00fan os pasos que estamos dando cara o futuro e poder pensar xuntos e xuntas no Tomi\u00f1o que queremos\u201d, explica a alcaldesa, Sandra Gonz\u00e1lez.<\/p>\n\n\n\n<p>Durante estes encontros, rexedora e equipo de Goberno debullaron \u00e1 veci\u00f1anza os proxectos m\u00e1is importantes que se levaron a cabo ou que est\u00e1n en marcha no municipio nun ambiente distendido, c\u00f3modo e agradable, propicio para a conversa. \u201cDespois de dous anos sen poder celebrar un dos nosos programas m\u00e1is emblem\u00e1ticos, a xente ti\u00f1a moitas ga\u00f1as de participar\u201d, asegura Agust\u00edn Gonz\u00e1lez, concelleiro de Participaci\u00f3n Veci\u00f1al e Lecer.<\/p>\n\n\n\n<p>O concelleiro destaca \u201ca gran cantidade de ideas e de novas iniciativas propostas polas persoas participantes e que sen d\u00fabida permitirannos seguir cami\u00f1ando cara un futuro no que todas as nosas parroquias seguir\u00e1n mellorando\u201d. \u201cRematamos estas tres semanas de encontros moi contentos e orgullosos de todo o que levamos feito e convencidos de que \u00e9 a li\u00f1a a seguir\u201d, salienta.<\/p>\n\n\n\n<p>Dende o Concello qu\u00e9rese agradecer o seu tempo, o seu interese e as s\u00faas achegas a todas as persoas que participaron no \u2018Concello escoita\u2019, un programa que continuar\u00e1 celebr\u00e1ndose en vindeiras ocasi\u00f3ns para dese\u00f1ar entre todos e todas o Tomi\u00f1o do futuro.<\/p>\n","protected":false},"excerpt":{"rendered":"<div class=\"mh-excerpt\"><p>M\u00e1is de 450 persoas participaron nunha nova edici\u00f3n do programa \u2018O Concello escoita\u2019, que busca implicar \u00e1 poboaci\u00f3n na gobernanza do municipio <a class=\"mh-excerpt-more\" href=\"https:\/\/www.anovapeneira.gal\/index.php\/2022\/06\/29\/tomino-remata-o-seu-percorrido-polas-parroquias-cun-balance-positivo-e-novas-ideas\/\" title=\"Tomi\u00f1o remata o seu percorrido polas parroquias cun balance positivo e novas ideas\">[&#8230;]<\/a><\/p>\n<\/div>","protected":false},"author":3,"featured_media":7699,"comment_status":"open","ping_status":"open","sticky":false,"template":"","format":"standard","meta":{"_exactmetrics_skip_tracking":false,"_exactmetrics_sitenote_active":false,"_exactmetrics_sitenote_note":"","_exactmetrics_sitenote_category":0,"footnotes":""},"categories":[21],"tags":[81],"class_list":{"0":"post-7697","1":"post","2":"type-post","3":"status-publish","4":"format-standard","5":"has-post-thumbnail","7":"category-baixo-mino","8":"tag-concello-de-tomino"},"yoast_head":"<!-- This site is optimized with the Yoast SEO plugin v27.4 - https:\/\/yoast.com\/product\/yoast-seo-wordpress\/ -->\n<title>Tomi\u00f1o remata o seu percorrido polas parroquias cun balance positivo e novas ideas -<\/title>\n<meta name=\"robots\" content=\"index, follow, max-snippet:-1, max-image-preview:large, max-video-preview:-1\" \/>\n<link rel=\"canonical\" href=\"https:\/\/www.anovapeneira.gal\/index.php\/2022\/06\/29\/tomino-remata-o-seu-percorrido-polas-parroquias-cun-balance-positivo-e-novas-ideas\/\" \/>\n<meta property=\"og:locale\" content=\"gl_ES\" \/>\n<meta property=\"og:type\" content=\"article\" \/>\n<meta property=\"og:title\" content=\"Tomi\u00f1o remata o seu percorrido polas parroquias cun balance positivo e novas ideas -\" \/>\n<meta property=\"og:description\" content=\"M\u00e1is de 450 persoas participaron nunha nova edici\u00f3n do programa \u2018O Concello escoita\u2019, que busca implicar \u00e1 poboaci\u00f3n na gobernanza do municipio [...]\" \/>\n<meta property=\"og:url\" content=\"https:\/\/www.anovapeneira.gal\/index.php\/2022\/06\/29\/tomino-remata-o-seu-percorrido-polas-parroquias-cun-balance-positivo-e-novas-ideas\/\" \/>\n<meta property=\"article:publisher\" content=\"https:\/\/www.facebook.com\/anovapeneira\" \/>\n<meta property=\"article:published_time\" content=\"2022-06-29T10:00:59+00:00\" \/>\n<meta property=\"og:image\" content=\"https:\/\/www.anovapeneira.gal\/wp-content\/uploads\/2022\/06\/Tominho_remata_percorrido_parroquias.jpg\" \/>\n\t<meta property=\"og:image:width\" content=\"720\" \/>\n\t<meta property=\"og:image:height\" content=\"432\" \/>\n\t<meta property=\"og:image:type\" content=\"image\/jpeg\" \/>\n<meta name=\"author\" content=\"Redacci\u00f3n A Nova Peneira\" \/>\n<meta name=\"twitter:card\" content=\"summary_large_image\" \/>\n<meta name=\"twitter:creator\" content=\"@APeneira\" \/>\n<meta name=\"twitter:site\" content=\"@APeneira\" \/>\n<meta name=\"twitter:label1\" content=\"Escrito por\" \/>\n\t<meta name=\"twitter:data1\" content=\"Redacci\u00f3n A Nova Peneira\" \/>\n\t<meta name=\"twitter:label2\" content=\"Tempo de lectura\" \/>\n\t<meta name=\"twitter:data2\" content=\"3 minutos\" \/>\n<script type=\"application\/ld+json\" class=\"yoast-schema-graph\">{\"@context\":\"https:\\\/\\\/schema.org\",\"@graph\":[{\"@type\":\"Article\",\"@id\":\"https:\\\/\\\/www.anovapeneira.gal\\\/index.php\\\/2022\\\/06\\\/29\\\/tomino-remata-o-seu-percorrido-polas-parroquias-cun-balance-positivo-e-novas-ideas\\\/#article\",\"isPartOf\":{\"@id\":\"https:\\\/\\\/www.anovapeneira.gal\\\/index.php\\\/2022\\\/06\\\/29\\\/tomino-remata-o-seu-percorrido-polas-parroquias-cun-balance-positivo-e-novas-ideas\\\/\"},\"author\":{\"name\":\"Redacci\u00f3n A Nova Peneira\",\"@id\":\"https:\\\/\\\/www.anovapeneira.gal\\\/#\\\/schema\\\/person\\\/b93e3f8932e3f8da96334607eb6ac6aa\"},\"headline\":\"Tomi\u00f1o remata o seu percorrido polas parroquias cun balance positivo e novas ideas\",\"datePublished\":\"2022-06-29T10:00:59+00:00\",\"mainEntityOfPage\":{\"@id\":\"https:\\\/\\\/www.anovapeneira.gal\\\/index.php\\\/2022\\\/06\\\/29\\\/tomino-remata-o-seu-percorrido-polas-parroquias-cun-balance-positivo-e-novas-ideas\\\/\"},\"wordCount\":444,\"commentCount\":0,\"publisher\":{\"@id\":\"https:\\\/\\\/www.anovapeneira.gal\\\/#organization\"},\"image\":{\"@id\":\"https:\\\/\\\/www.anovapeneira.gal\\\/index.php\\\/2022\\\/06\\\/29\\\/tomino-remata-o-seu-percorrido-polas-parroquias-cun-balance-positivo-e-novas-ideas\\\/#primaryimage\"},\"thumbnailUrl\":\"https:\\\/\\\/www.anovapeneira.gal\\\/wp-content\\\/uploads\\\/2022\\\/06\\\/Tominho_remata_percorrido_parroquias.jpg\",\"keywords\":[\"Concello de Tomi\u00f1o\"],\"articleSection\":[\"Baixo Mi\u00f1o\"],\"inLanguage\":\"gl-ES\",\"potentialAction\":[{\"@type\":\"CommentAction\",\"name\":\"Comment\",\"target\":[\"https:\\\/\\\/www.anovapeneira.gal\\\/index.php\\\/2022\\\/06\\\/29\\\/tomino-remata-o-seu-percorrido-polas-parroquias-cun-balance-positivo-e-novas-ideas\\\/#respond\"]}]},{\"@type\":\"WebPage\",\"@id\":\"https:\\\/\\\/www.anovapeneira.gal\\\/index.php\\\/2022\\\/06\\\/29\\\/tomino-remata-o-seu-percorrido-polas-parroquias-cun-balance-positivo-e-novas-ideas\\\/\",\"url\":\"https:\\\/\\\/www.anovapeneira.gal\\\/index.php\\\/2022\\\/06\\\/29\\\/tomino-remata-o-seu-percorrido-polas-parroquias-cun-balance-positivo-e-novas-ideas\\\/\",\"name\":\"Tomi\u00f1o remata o seu percorrido polas parroquias cun balance positivo e novas ideas -\",\"isPartOf\":{\"@id\":\"https:\\\/\\\/www.anovapeneira.gal\\\/#website\"},\"primaryImageOfPage\":{\"@id\":\"https:\\\/\\\/www.anovapeneira.gal\\\/index.php\\\/2022\\\/06\\\/29\\\/tomino-remata-o-seu-percorrido-polas-parroquias-cun-balance-positivo-e-novas-ideas\\\/#primaryimage\"},\"image\":{\"@id\":\"https:\\\/\\\/www.anovapeneira.gal\\\/index.php\\\/2022\\\/06\\\/29\\\/tomino-remata-o-seu-percorrido-polas-parroquias-cun-balance-positivo-e-novas-ideas\\\/#primaryimage\"},\"thumbnailUrl\":\"https:\\\/\\\/www.anovapeneira.gal\\\/wp-content\\\/uploads\\\/2022\\\/06\\\/Tominho_remata_percorrido_parroquias.jpg\",\"datePublished\":\"2022-06-29T10:00:59+00:00\",\"breadcrumb\":{\"@id\":\"https:\\\/\\\/www.anovapeneira.gal\\\/index.php\\\/2022\\\/06\\\/29\\\/tomino-remata-o-seu-percorrido-polas-parroquias-cun-balance-positivo-e-novas-ideas\\\/#breadcrumb\"},\"inLanguage\":\"gl-ES\",\"potentialAction\":[{\"@type\":\"ReadAction\",\"target\":[\"https:\\\/\\\/www.anovapeneira.gal\\\/index.php\\\/2022\\\/06\\\/29\\\/tomino-remata-o-seu-percorrido-polas-parroquias-cun-balance-positivo-e-novas-ideas\\\/\"]}]},{\"@type\":\"ImageObject\",\"inLanguage\":\"gl-ES\",\"@id\":\"https:\\\/\\\/www.anovapeneira.gal\\\/index.php\\\/2022\\\/06\\\/29\\\/tomino-remata-o-seu-percorrido-polas-parroquias-cun-balance-positivo-e-novas-ideas\\\/#primaryimage\",\"url\":\"https:\\\/\\\/www.anovapeneira.gal\\\/wp-content\\\/uploads\\\/2022\\\/06\\\/Tominho_remata_percorrido_parroquias.jpg\",\"contentUrl\":\"https:\\\/\\\/www.anovapeneira.gal\\\/wp-content\\\/uploads\\\/2022\\\/06\\\/Tominho_remata_percorrido_parroquias.jpg\",\"width\":720,\"height\":432,\"caption\":\"Tomi\u00f1o remata percorrido polas parroquias\"},{\"@type\":\"BreadcrumbList\",\"@id\":\"https:\\\/\\\/www.anovapeneira.gal\\\/index.php\\\/2022\\\/06\\\/29\\\/tomino-remata-o-seu-percorrido-polas-parroquias-cun-balance-positivo-e-novas-ideas\\\/#breadcrumb\",\"itemListElement\":[{\"@type\":\"ListItem\",\"position\":1,\"name\":\"Portada\",\"item\":\"https:\\\/\\\/www.anovapeneira.gal\\\/\"},{\"@type\":\"ListItem\",\"position\":2,\"name\":\"Tomi\u00f1o remata o seu percorrido polas parroquias cun balance positivo e novas ideas\"}]},{\"@type\":\"WebSite\",\"@id\":\"https:\\\/\\\/www.anovapeneira.gal\\\/#website\",\"url\":\"https:\\\/\\\/www.anovapeneira.gal\\\/\",\"name\":\"\",\"description\":\"Xornal galego de informaci\u00f3n xeral Publicaci\u00f3n mensual de novas de Galicia e en especial dos Concellos da sur da provincia de Pontevedra.\",\"publisher\":{\"@id\":\"https:\\\/\\\/www.anovapeneira.gal\\\/#organization\"},\"potentialAction\":[{\"@type\":\"SearchAction\",\"target\":{\"@type\":\"EntryPoint\",\"urlTemplate\":\"https:\\\/\\\/www.anovapeneira.gal\\\/?s={search_term_string}\"},\"query-input\":{\"@type\":\"PropertyValueSpecification\",\"valueRequired\":true,\"valueName\":\"search_term_string\"}}],\"inLanguage\":\"gl-ES\"},{\"@type\":\"Organization\",\"@id\":\"https:\\\/\\\/www.anovapeneira.gal\\\/#organization\",\"name\":\"A Nova Peneira\",\"url\":\"https:\\\/\\\/www.anovapeneira.gal\\\/\",\"logo\":{\"@type\":\"ImageObject\",\"inLanguage\":\"gl-ES\",\"@id\":\"https:\\\/\\\/www.anovapeneira.gal\\\/#\\\/schema\\\/logo\\\/image\\\/\",\"url\":\"http:\\\/\\\/www.anovapeneira.gal\\\/wp-content\\\/uploads\\\/2019\\\/06\\\/logo_a_nova_peneira_portal_web.png\",\"contentUrl\":\"http:\\\/\\\/www.anovapeneira.gal\\\/wp-content\\\/uploads\\\/2019\\\/06\\\/logo_a_nova_peneira_portal_web.png\",\"width\":300,\"height\":100,\"caption\":\"A Nova Peneira\"},\"image\":{\"@id\":\"https:\\\/\\\/www.anovapeneira.gal\\\/#\\\/schema\\\/logo\\\/image\\\/\"},\"sameAs\":[\"https:\\\/\\\/www.facebook.com\\\/anovapeneira\",\"https:\\\/\\\/x.com\\\/APeneira\"]},{\"@type\":\"Person\",\"@id\":\"https:\\\/\\\/www.anovapeneira.gal\\\/#\\\/schema\\\/person\\\/b93e3f8932e3f8da96334607eb6ac6aa\",\"name\":\"Redacci\u00f3n A Nova Peneira\",\"image\":{\"@type\":\"ImageObject\",\"inLanguage\":\"gl-ES\",\"@id\":\"https:\\\/\\\/secure.gravatar.com\\\/avatar\\\/c052a2551a06e23fac63626232eaa90abd78dbcf1700fc46a2b2c89fd27b735f?s=96&d=mm&r=g\",\"url\":\"https:\\\/\\\/secure.gravatar.com\\\/avatar\\\/c052a2551a06e23fac63626232eaa90abd78dbcf1700fc46a2b2c89fd27b735f?s=96&d=mm&r=g\",\"contentUrl\":\"https:\\\/\\\/secure.gravatar.com\\\/avatar\\\/c052a2551a06e23fac63626232eaa90abd78dbcf1700fc46a2b2c89fd27b735f?s=96&d=mm&r=g\",\"caption\":\"Redacci\u00f3n A Nova Peneira\"},\"sameAs\":[\"http:\\\/\\\/www.anovapeneira.gal\\\/\"],\"url\":\"https:\\\/\\\/www.anovapeneira.gal\\\/index.php\\\/author\\\/redactor\\\/\"}]}<\/script>\n<!-- \/ Yoast SEO plugin. -->","yoast_head_json":{"title":"Tomi\u00f1o remata o seu percorrido polas parroquias cun balance positivo e novas ideas -","robots":{"index":"index","follow":"follow","max-snippet":"max-snippet:-1","max-image-preview":"max-image-preview:large","max-video-preview":"max-video-preview:-1"},"canonical":"https:\/\/www.anovapeneira.gal\/index.php\/2022\/06\/29\/tomino-remata-o-seu-percorrido-polas-parroquias-cun-balance-positivo-e-novas-ideas\/","og_locale":"gl_ES","og_type":"article","og_title":"Tomi\u00f1o remata o seu percorrido polas parroquias cun balance positivo e novas ideas -","og_description":"M\u00e1is de 450 persoas participaron nunha nova edici\u00f3n do programa \u2018O Concello escoita\u2019, que busca implicar \u00e1 poboaci\u00f3n na gobernanza do municipio [...]","og_url":"https:\/\/www.anovapeneira.gal\/index.php\/2022\/06\/29\/tomino-remata-o-seu-percorrido-polas-parroquias-cun-balance-positivo-e-novas-ideas\/","article_publisher":"https:\/\/www.facebook.com\/anovapeneira","article_published_time":"2022-06-29T10:00:59+00:00","og_image":[{"width":720,"height":432,"url":"https:\/\/www.anovapeneira.gal\/wp-content\/uploads\/2022\/06\/Tominho_remata_percorrido_parroquias.jpg","type":"image\/jpeg"}],"author":"Redacci\u00f3n A Nova Peneira","twitter_card":"summary_large_image","twitter_creator":"@APeneira","twitter_site":"@APeneira","twitter_misc":{"Escrito por":"Redacci\u00f3n A Nova Peneira","Tempo de lectura":"3 minutos"},"schema":{"@context":"https:\/\/schema.org","@graph":[{"@type":"Article","@id":"https:\/\/www.anovapeneira.gal\/index.php\/2022\/06\/29\/tomino-remata-o-seu-percorrido-polas-parroquias-cun-balance-positivo-e-novas-ideas\/#article","isPartOf":{"@id":"https:\/\/www.anovapeneira.gal\/index.php\/2022\/06\/29\/tomino-remata-o-seu-percorrido-polas-parroquias-cun-balance-positivo-e-novas-ideas\/"},"author":{"name":"Redacci\u00f3n A Nova Peneira","@id":"https:\/\/www.anovapeneira.gal\/#\/schema\/person\/b93e3f8932e3f8da96334607eb6ac6aa"},"headline":"Tomi\u00f1o remata o seu percorrido polas parroquias cun balance positivo e novas ideas","datePublished":"2022-06-29T10:00:59+00:00","mainEntityOfPage":{"@id":"https:\/\/www.anovapeneira.gal\/index.php\/2022\/06\/29\/tomino-remata-o-seu-percorrido-polas-parroquias-cun-balance-positivo-e-novas-ideas\/"},"wordCount":444,"commentCount":0,"publisher":{"@id":"https:\/\/www.anovapeneira.gal\/#organization"},"image":{"@id":"https:\/\/www.anovapeneira.gal\/index.php\/2022\/06\/29\/tomino-remata-o-seu-percorrido-polas-parroquias-cun-balance-positivo-e-novas-ideas\/#primaryimage"},"thumbnailUrl":"https:\/\/www.anovapeneira.gal\/wp-content\/uploads\/2022\/06\/Tominho_remata_percorrido_parroquias.jpg","keywords":["Concello de Tomi\u00f1o"],"articleSection":["Baixo Mi\u00f1o"],"inLanguage":"gl-ES","potentialAction":[{"@type":"CommentAction","name":"Comment","target":["https:\/\/www.anovapeneira.gal\/index.php\/2022\/06\/29\/tomino-remata-o-seu-percorrido-polas-parroquias-cun-balance-positivo-e-novas-ideas\/#respond"]}]},{"@type":"WebPage","@id":"https:\/\/www.anovapeneira.gal\/index.php\/2022\/06\/29\/tomino-remata-o-seu-percorrido-polas-parroquias-cun-balance-positivo-e-novas-ideas\/","url":"https:\/\/www.anovapeneira.gal\/index.php\/2022\/06\/29\/tomino-remata-o-seu-percorrido-polas-parroquias-cun-balance-positivo-e-novas-ideas\/","name":"Tomi\u00f1o remata o seu percorrido polas parroquias cun balance positivo e novas ideas -","isPartOf":{"@id":"https:\/\/www.anovapeneira.gal\/#website"},"primaryImageOfPage":{"@id":"https:\/\/www.anovapeneira.gal\/index.php\/2022\/06\/29\/tomino-remata-o-seu-percorrido-polas-parroquias-cun-balance-positivo-e-novas-ideas\/#primaryimage"},"image":{"@id":"https:\/\/www.anovapeneira.gal\/index.php\/2022\/06\/29\/tomino-remata-o-seu-percorrido-polas-parroquias-cun-balance-positivo-e-novas-ideas\/#primaryimage"},"thumbnailUrl":"https:\/\/www.anovapeneira.gal\/wp-content\/uploads\/2022\/06\/Tominho_remata_percorrido_parroquias.jpg","datePublished":"2022-06-29T10:00:59+00:00","breadcrumb":{"@id":"https:\/\/www.anovapeneira.gal\/index.php\/2022\/06\/29\/tomino-remata-o-seu-percorrido-polas-parroquias-cun-balance-positivo-e-novas-ideas\/#breadcrumb"},"inLanguage":"gl-ES","potentialAction":[{"@type":"ReadAction","target":["https:\/\/www.anovapeneira.gal\/index.php\/2022\/06\/29\/tomino-remata-o-seu-percorrido-polas-parroquias-cun-balance-positivo-e-novas-ideas\/"]}]},{"@type":"ImageObject","inLanguage":"gl-ES","@id":"https:\/\/www.anovapeneira.gal\/index.php\/2022\/06\/29\/tomino-remata-o-seu-percorrido-polas-parroquias-cun-balance-positivo-e-novas-ideas\/#primaryimage","url":"https:\/\/www.anovapeneira.gal\/wp-content\/uploads\/2022\/06\/Tominho_remata_percorrido_parroquias.jpg","contentUrl":"https:\/\/www.anovapeneira.gal\/wp-content\/uploads\/2022\/06\/Tominho_remata_percorrido_parroquias.jpg","width":720,"height":432,"caption":"Tomi\u00f1o remata percorrido polas parroquias"},{"@type":"BreadcrumbList","@id":"https:\/\/www.anovapeneira.gal\/index.php\/2022\/06\/29\/tomino-remata-o-seu-percorrido-polas-parroquias-cun-balance-positivo-e-novas-ideas\/#breadcrumb","itemListElement":[{"@type":"ListItem","position":1,"name":"Portada","item":"https:\/\/www.anovapeneira.gal\/"},{"@type":"ListItem","position":2,"name":"Tomi\u00f1o remata o seu percorrido polas parroquias cun balance positivo e novas ideas"}]},{"@type":"WebSite","@id":"https:\/\/www.anovapeneira.gal\/#website","url":"https:\/\/www.anovapeneira.gal\/","name":"","description":"Xornal galego de informaci\u00f3n xeral Publicaci\u00f3n mensual de novas de Galicia e en especial dos Concellos da sur da provincia de Pontevedra.","publisher":{"@id":"https:\/\/www.anovapeneira.gal\/#organization"},"potentialAction":[{"@type":"SearchAction","target":{"@type":"EntryPoint","urlTemplate":"https:\/\/www.anovapeneira.gal\/?s={search_term_string}"},"query-input":{"@type":"PropertyValueSpecification","valueRequired":true,"valueName":"search_term_string"}}],"inLanguage":"gl-ES"},{"@type":"Organization","@id":"https:\/\/www.anovapeneira.gal\/#organization","name":"A Nova Peneira","url":"https:\/\/www.anovapeneira.gal\/","logo":{"@type":"ImageObject","inLanguage":"gl-ES","@id":"https:\/\/www.anovapeneira.gal\/#\/schema\/logo\/image\/","url":"http:\/\/www.anovapeneira.gal\/wp-content\/uploads\/2019\/06\/logo_a_nova_peneira_portal_web.png","contentUrl":"http:\/\/www.anovapeneira.gal\/wp-content\/uploads\/2019\/06\/logo_a_nova_peneira_portal_web.png","width":300,"height":100,"caption":"A Nova Peneira"},"image":{"@id":"https:\/\/www.anovapeneira.gal\/#\/schema\/logo\/image\/"},"sameAs":["https:\/\/www.facebook.com\/anovapeneira","https:\/\/x.com\/APeneira"]},{"@type":"Person","@id":"https:\/\/www.anovapeneira.gal\/#\/schema\/person\/b93e3f8932e3f8da96334607eb6ac6aa","name":"Redacci\u00f3n A Nova Peneira","image":{"@type":"ImageObject","inLanguage":"gl-ES","@id":"https:\/\/secure.gravatar.com\/avatar\/c052a2551a06e23fac63626232eaa90abd78dbcf1700fc46a2b2c89fd27b735f?s=96&d=mm&r=g","url":"https:\/\/secure.gravatar.com\/avatar\/c052a2551a06e23fac63626232eaa90abd78dbcf1700fc46a2b2c89fd27b735f?s=96&d=mm&r=g","contentUrl":"https:\/\/secure.gravatar.com\/avatar\/c052a2551a06e23fac63626232eaa90abd78dbcf1700fc46a2b2c89fd27b735f?s=96&d=mm&r=g","caption":"Redacci\u00f3n A Nova Peneira"},"sameAs":["http:\/\/www.anovapeneira.gal\/"],"url":"https:\/\/www.anovapeneira.gal\/index.php\/author\/redactor\/"}]}},"jetpack_featured_media_url":"https:\/\/www.anovapeneira.gal\/wp-content\/uploads\/2022\/06\/Tominho_remata_percorrido_parroquias.jpg","_links":{"self":[{"href":"https:\/\/www.anovapeneira.gal\/index.php\/wp-json\/wp\/v2\/posts\/7697","targetHints":{"allow":["GET"]}}],"collection":[{"href":"https:\/\/www.anovapeneira.gal\/index.php\/wp-json\/wp\/v2\/posts"}],"about":[{"href":"https:\/\/www.anovapeneira.gal\/index.php\/wp-json\/wp\/v2\/types\/post"}],"author":[{"embeddable":true,"href":"https:\/\/www.anovapeneira.gal\/index.php\/wp-json\/wp\/v2\/users\/3"}],"replies":[{"embeddable":true,"href":"https:\/\/www.anovapeneira.gal\/index.php\/wp-json\/wp\/v2\/comments?post=7697"}],"version-history":[{"count":1,"href":"https:\/\/www.anovapeneira.gal\/index.php\/wp-json\/wp\/v2\/posts\/7697\/revisions"}],"predecessor-version":[{"id":7698,"href":"https:\/\/www.anovapeneira.gal\/index.php\/wp-json\/wp\/v2\/posts\/7697\/revisions\/7698"}],"wp:featuredmedia":[{"embeddable":true,"href":"https:\/\/www.anovapeneira.gal\/index.php\/wp-json\/wp\/v2\/media\/7699"}],"wp:attachment":[{"href":"https:\/\/www.anovapeneira.gal\/index.php\/wp-json\/wp\/v2\/media?parent=7697"}],"wp:term":[{"taxonomy":"category","embeddable":true,"href":"https:\/\/www.anovapeneira.gal\/index.php\/wp-json\/wp\/v2\/categories?post=7697"},{"taxonomy":"post_tag","embeddable":true,"href":"https:\/\/www.anovapeneira.gal\/index.php\/wp-json\/wp\/v2\/tags?post=7697"}],"curies":[{"name":"wp","href":"https:\/\/api.w.org\/{rel}","templated":true}]}}