{"id":7711,"date":"2022-07-04T10:00:26","date_gmt":"2022-07-04T08:00:26","guid":{"rendered":"https:\/\/www.anovapeneira.gal\/?p=7711"},"modified":"2022-06-30T22:58:54","modified_gmt":"2022-06-30T20:58:54","slug":"o-bng-absterase-para-facilitar-a-aprobacion-dos-orzamentos-municipais","status":"publish","type":"post","link":"https:\/\/www.anovapeneira.gal\/index.php\/2022\/07\/04\/o-bng-absterase-para-facilitar-a-aprobacion-dos-orzamentos-municipais\/","title":{"rendered":"O BNG  absterase para facilitar a aprobaci\u00f3n dos orzamentos municipais"},"content":{"rendered":"\n<h2 class=\"wp-block-heading\"><em><strong>Xo\u00e1n Carlos Gonz\u00e1lez saliente un acordo con iniciativas de car\u00e1cter social, perspectiva de x\u00e9nero, inversi\u00f3ns nas parroquias e impulso ao pequeno comercio<\/strong><\/em><\/h2>\n\n\n\n<p>O anuncio chega despois de que nos \u00faltimos d\u00edas se comprometera a necesaria abstenci\u00f3n nacionalista, tras a negociaci\u00f3n entre representantes nacionalistas e do goberno de Digna Rivas. Consideran que se trata dun acordo positivo para o conxunto da veci\u00f1anza, en base a unha serie de cuesti\u00f3ns que se puxeran sobre a mesa en anteriores encontros.<\/p>\n\n\n\n<p>O voceiro nacionalista, Xo\u00e1n Carlos Gonz\u00e1lez, realiza unha an\u00e1lise positiva do acordo. \u201cDesbloque\u00e1ronse cuesti\u00f3ns que afectan a ordeanzas e regulamentos que permitir\u00e1n que os orzamentos sexan \u00fatiles para os nosos veci\u00f1os e veci\u00f1as\u201d.<\/p>\n\n\n\n<p><em><strong>Ordeanza de Emerxencia Social<\/strong><\/em><\/p>\n\n\n\n<p>Unha das propostas considerada \u201cli\u00f1a vermella\u201d, polos nacionalista resid\u00eda na modificaci\u00f3n da ordeanza de Emerxencia Social. \u201cConseguimos que se materializara unha ordeanza m\u00e1is \u00e1xil, que permita aos servizos sociais municipais actuar con maior celeridade en graves situaci\u00f3ns de emerxencia social\u201d. Afirma que a partida de 80.000\u20ac, poder\u00eda chegar a executarse completamente, cando na actualidade non chegaba nin ao corenta por cen.<\/p>\n\n\n\n<p>Salienta igualmente que se alcanzou o compromiso de modificaci\u00f3n das subvenci\u00f3ns para material escolar de Educaci\u00f3n Infantil co obxectivo de que m\u00e1is familias tiveran acceso a elas.<\/p>\n\n\n\n<p><em><strong>Iniciativas con perspectiva de x\u00e9nero.<\/strong><\/em><\/p>\n\n\n\n<p>Outra das nosas demandas xa prantexadas polo BNG xa no 2021, consist\u00eda en axustar as bases de subvenci\u00f3ns a todo tipo de entidades con perspectiva de x\u00e9nero. \u201cPrantexamos que se lles dea puntuaci\u00f3n extra a aquelas directivas de colectivos onde a presenza das mulleres \u00e9 paritaria ou maioritaria, atendendo ao principo de discriminaci\u00f3n positiva\u201d, sinala o edil.<\/p>\n\n\n\n<p>Neste cap\u00edtulo, incid\u00eduse na necesidade de adaptar o Protocolo para a Prevenci\u00f3n do Acoso por Raz\u00f3n de Sexo Municipal, \u201creaxust\u00e1ndoo \u00e1 realidade, introducindo as modificaci\u00f3ns para que sexa m\u00e1is \u00fatil ante unha posible situaci\u00f3n neste eido\u201d.<\/p>\n\n\n\n<p><em><strong>Priorizar actuaci\u00f3ns nas parroquias.<\/strong><\/em><\/p>\n\n\n\n<p>Un dos aspectos que destaca o voceiro do BNG, Xo\u00e1n Carlos Gonz\u00e1lez ref\u00edrese a \u201cacordos que afectan directamente \u00e1s parroquias\u201d. Tr\u00e1tase dun paquete de iniciativas que van dende o aumento da autoxesti\u00f3n dos centros educativos en 10.000\u20ac, \u201cou convenio interparroquial ata os 41.000\u20ac, do que se beneficiar\u00e1n as agrupaci\u00f3ns e entidades que est\u00e1n impulsando en grande medida a vida cultural redondel\u00e1\u201d. Igualmente conseguiron que o goberno de Digna Rivas se comprometa a que alomenos, un cuarto da Programaci\u00f3n Cultural municipal se desenvolva nas parroquias, descentraliz\u00e1doa.<\/p>\n\n\n\n<p>Destaca a recuperaci\u00f3n das subvenci\u00f3ns \u00e1s Tra\u00eddas de Augas, eliminadas en tempos do PP, que neste orzamento se concretan en 30.000\u20ac para axudar a entidades que subministran auga a centos de familias de Redondela.<\/p>\n\n\n\n<p><em><strong>Apoio ao comercio de proximidade<\/strong><\/em><\/p>\n\n\n\n<p>Mais un dos acordos nos que o voceiro nacionalista salienta como ventaxoso da negociaci\u00f3n ref\u00edrese ao comercio de proximidade. \u201cModif\u00edcase ata un noventa e cinco por cen do imposto de construcci\u00f3n espec\u00edficamente para este sector, que en novas xuntanzas concretaremos\u201d. Salienta a necesidade de medidas estructurais, en apoio a pequenos negocios que dinamizan os centros urbanos, crean emprego, e servizos de calidade. Afirma que Redondela e Chapela, deben converterse en espazos para atraer a xentes doutros concellos. Considera que hostalar\u00eda, comercio t\u00e9xtil polo mi\u00fado, perrucar\u00edas, pequenas tendas, poder\u00e1n sa\u00edr beneficiadas.<\/p>\n\n\n\n<p>Finalmente desm\u00e1rcase Xo\u00e1n Carlos Gonz\u00e1lez da que considera \u201ccampa\u00f1a difamatoria contra a nosa organizaci\u00f3n por coincidir na votaci\u00f3n no mes de maio co PP. Mentras o partido que agora dirixe Javier Bas atrincheirouse no non, o BNG amosou en todo momento unha actitude de di\u00e1logo e poder chegar a acordos con iniciativas positivas para o conxunto dos e das redondel\u00e1s\u201d.<\/p>\n","protected":false},"excerpt":{"rendered":"<div class=\"mh-excerpt\"><p>Xo\u00e1n Carlos Gonz\u00e1lez saliente un acordo con iniciativas de car\u00e1cter social, perspectiva de x\u00e9nero, inversi\u00f3ns nas parroquias e impulso ao pequeno comercio <a class=\"mh-excerpt-more\" href=\"https:\/\/www.anovapeneira.gal\/index.php\/2022\/07\/04\/o-bng-absterase-para-facilitar-a-aprobacion-dos-orzamentos-municipais\/\" title=\"O BNG  absterase para facilitar a aprobaci\u00f3n dos orzamentos municipais\">[&#8230;]<\/a><\/p>\n<\/div>","protected":false},"author":3,"featured_media":1456,"comment_status":"open","ping_status":"open","sticky":false,"template":"","format":"standard","meta":{"_exactmetrics_skip_tracking":false,"_exactmetrics_sitenote_active":false,"_exactmetrics_sitenote_note":"","_exactmetrics_sitenote_category":0,"footnotes":""},"categories":[24],"tags":[171],"class_list":{"0":"post-7711","1":"post","2":"type-post","3":"status-publish","4":"format-standard","5":"has-post-thumbnail","7":"category-redondela","8":"tag-concello-de-redondela"},"yoast_head":"<!-- This site is optimized with the Yoast SEO plugin v27.4 - https:\/\/yoast.com\/product\/yoast-seo-wordpress\/ -->\n<title>O BNG absterase para facilitar a aprobaci\u00f3n dos orzamentos municipais -<\/title>\n<meta name=\"description\" content=\"Xo\u00e1n Carlos Gonz\u00e1lez saliente un acordo con iniciativas de car\u00e1cter social, perspectiva de x\u00e9nero, inversi\u00f3ns nas parroquias e impulso ao pequeno comercio\" \/>\n<meta name=\"robots\" content=\"index, follow, max-snippet:-1, max-image-preview:large, max-video-preview:-1\" \/>\n<link rel=\"canonical\" href=\"https:\/\/www.anovapeneira.gal\/index.php\/2022\/07\/04\/o-bng-absterase-para-facilitar-a-aprobacion-dos-orzamentos-municipais\/\" \/>\n<meta property=\"og:locale\" content=\"gl_ES\" \/>\n<meta property=\"og:type\" content=\"article\" \/>\n<meta property=\"og:title\" content=\"O BNG absterase para facilitar a aprobaci\u00f3n dos orzamentos municipais -\" \/>\n<meta property=\"og:description\" content=\"Xo\u00e1n Carlos Gonz\u00e1lez saliente un acordo con iniciativas de car\u00e1cter social, perspectiva de x\u00e9nero, inversi\u00f3ns nas parroquias e impulso ao pequeno comercio\" \/>\n<meta property=\"og:url\" content=\"https:\/\/www.anovapeneira.gal\/index.php\/2022\/07\/04\/o-bng-absterase-para-facilitar-a-aprobacion-dos-orzamentos-municipais\/\" \/>\n<meta property=\"article:publisher\" content=\"https:\/\/www.facebook.com\/anovapeneira\" \/>\n<meta property=\"article:published_time\" content=\"2022-07-04T08:00:26+00:00\" \/>\n<meta property=\"og:image\" content=\"https:\/\/www.anovapeneira.gal\/wp-content\/uploads\/2019\/10\/concelloredondela_a_nova_peneira.jpg\" \/>\n\t<meta property=\"og:image:width\" content=\"720\" \/>\n\t<meta property=\"og:image:height\" content=\"473\" \/>\n\t<meta property=\"og:image:type\" content=\"image\/jpeg\" \/>\n<meta name=\"author\" content=\"Redacci\u00f3n A Nova Peneira\" \/>\n<meta name=\"twitter:card\" content=\"summary_large_image\" \/>\n<meta name=\"twitter:creator\" content=\"@APeneira\" \/>\n<meta name=\"twitter:site\" content=\"@APeneira\" \/>\n<meta name=\"twitter:label1\" content=\"Escrito por\" \/>\n\t<meta name=\"twitter:data1\" content=\"Redacci\u00f3n A Nova Peneira\" \/>\n\t<meta name=\"twitter:label2\" content=\"Tempo de lectura\" \/>\n\t<meta name=\"twitter:data2\" content=\"4 minutos\" \/>\n<script type=\"application\/ld+json\" class=\"yoast-schema-graph\">{\"@context\":\"https:\\\/\\\/schema.org\",\"@graph\":[{\"@type\":\"Article\",\"@id\":\"https:\\\/\\\/www.anovapeneira.gal\\\/index.php\\\/2022\\\/07\\\/04\\\/o-bng-absterase-para-facilitar-a-aprobacion-dos-orzamentos-municipais\\\/#article\",\"isPartOf\":{\"@id\":\"https:\\\/\\\/www.anovapeneira.gal\\\/index.php\\\/2022\\\/07\\\/04\\\/o-bng-absterase-para-facilitar-a-aprobacion-dos-orzamentos-municipais\\\/\"},\"author\":{\"name\":\"Redacci\u00f3n A Nova Peneira\",\"@id\":\"https:\\\/\\\/www.anovapeneira.gal\\\/#\\\/schema\\\/person\\\/b93e3f8932e3f8da96334607eb6ac6aa\"},\"headline\":\"O BNG absterase para facilitar a aprobaci\u00f3n dos orzamentos municipais\",\"datePublished\":\"2022-07-04T08:00:26+00:00\",\"mainEntityOfPage\":{\"@id\":\"https:\\\/\\\/www.anovapeneira.gal\\\/index.php\\\/2022\\\/07\\\/04\\\/o-bng-absterase-para-facilitar-a-aprobacion-dos-orzamentos-municipais\\\/\"},\"wordCount\":657,\"commentCount\":0,\"publisher\":{\"@id\":\"https:\\\/\\\/www.anovapeneira.gal\\\/#organization\"},\"image\":{\"@id\":\"https:\\\/\\\/www.anovapeneira.gal\\\/index.php\\\/2022\\\/07\\\/04\\\/o-bng-absterase-para-facilitar-a-aprobacion-dos-orzamentos-municipais\\\/#primaryimage\"},\"thumbnailUrl\":\"https:\\\/\\\/www.anovapeneira.gal\\\/wp-content\\\/uploads\\\/2019\\\/10\\\/concelloredondela_a_nova_peneira.jpg\",\"keywords\":[\"Concello de Redondela\"],\"articleSection\":[\"Redondela\"],\"inLanguage\":\"gl-ES\",\"potentialAction\":[{\"@type\":\"CommentAction\",\"name\":\"Comment\",\"target\":[\"https:\\\/\\\/www.anovapeneira.gal\\\/index.php\\\/2022\\\/07\\\/04\\\/o-bng-absterase-para-facilitar-a-aprobacion-dos-orzamentos-municipais\\\/#respond\"]}]},{\"@type\":\"WebPage\",\"@id\":\"https:\\\/\\\/www.anovapeneira.gal\\\/index.php\\\/2022\\\/07\\\/04\\\/o-bng-absterase-para-facilitar-a-aprobacion-dos-orzamentos-municipais\\\/\",\"url\":\"https:\\\/\\\/www.anovapeneira.gal\\\/index.php\\\/2022\\\/07\\\/04\\\/o-bng-absterase-para-facilitar-a-aprobacion-dos-orzamentos-municipais\\\/\",\"name\":\"O BNG absterase para facilitar a aprobaci\u00f3n dos orzamentos municipais -\",\"isPartOf\":{\"@id\":\"https:\\\/\\\/www.anovapeneira.gal\\\/#website\"},\"primaryImageOfPage\":{\"@id\":\"https:\\\/\\\/www.anovapeneira.gal\\\/index.php\\\/2022\\\/07\\\/04\\\/o-bng-absterase-para-facilitar-a-aprobacion-dos-orzamentos-municipais\\\/#primaryimage\"},\"image\":{\"@id\":\"https:\\\/\\\/www.anovapeneira.gal\\\/index.php\\\/2022\\\/07\\\/04\\\/o-bng-absterase-para-facilitar-a-aprobacion-dos-orzamentos-municipais\\\/#primaryimage\"},\"thumbnailUrl\":\"https:\\\/\\\/www.anovapeneira.gal\\\/wp-content\\\/uploads\\\/2019\\\/10\\\/concelloredondela_a_nova_peneira.jpg\",\"datePublished\":\"2022-07-04T08:00:26+00:00\",\"description\":\"Xo\u00e1n Carlos Gonz\u00e1lez saliente un acordo con iniciativas de car\u00e1cter social, perspectiva de x\u00e9nero, inversi\u00f3ns nas parroquias e impulso ao pequeno comercio\",\"breadcrumb\":{\"@id\":\"https:\\\/\\\/www.anovapeneira.gal\\\/index.php\\\/2022\\\/07\\\/04\\\/o-bng-absterase-para-facilitar-a-aprobacion-dos-orzamentos-municipais\\\/#breadcrumb\"},\"inLanguage\":\"gl-ES\",\"potentialAction\":[{\"@type\":\"ReadAction\",\"target\":[\"https:\\\/\\\/www.anovapeneira.gal\\\/index.php\\\/2022\\\/07\\\/04\\\/o-bng-absterase-para-facilitar-a-aprobacion-dos-orzamentos-municipais\\\/\"]}]},{\"@type\":\"ImageObject\",\"inLanguage\":\"gl-ES\",\"@id\":\"https:\\\/\\\/www.anovapeneira.gal\\\/index.php\\\/2022\\\/07\\\/04\\\/o-bng-absterase-para-facilitar-a-aprobacion-dos-orzamentos-municipais\\\/#primaryimage\",\"url\":\"https:\\\/\\\/www.anovapeneira.gal\\\/wp-content\\\/uploads\\\/2019\\\/10\\\/concelloredondela_a_nova_peneira.jpg\",\"contentUrl\":\"https:\\\/\\\/www.anovapeneira.gal\\\/wp-content\\\/uploads\\\/2019\\\/10\\\/concelloredondela_a_nova_peneira.jpg\",\"width\":720,\"height\":473,\"caption\":\"Concello de Redondela A Nova Peneira\"},{\"@type\":\"BreadcrumbList\",\"@id\":\"https:\\\/\\\/www.anovapeneira.gal\\\/index.php\\\/2022\\\/07\\\/04\\\/o-bng-absterase-para-facilitar-a-aprobacion-dos-orzamentos-municipais\\\/#breadcrumb\",\"itemListElement\":[{\"@type\":\"ListItem\",\"position\":1,\"name\":\"Portada\",\"item\":\"https:\\\/\\\/www.anovapeneira.gal\\\/\"},{\"@type\":\"ListItem\",\"position\":2,\"name\":\"O BNG absterase para facilitar a aprobaci\u00f3n dos orzamentos municipais\"}]},{\"@type\":\"WebSite\",\"@id\":\"https:\\\/\\\/www.anovapeneira.gal\\\/#website\",\"url\":\"https:\\\/\\\/www.anovapeneira.gal\\\/\",\"name\":\"\",\"description\":\"Xornal galego de informaci\u00f3n xeral Publicaci\u00f3n mensual de novas de Galicia e en especial dos Concellos da sur da provincia de Pontevedra.\",\"publisher\":{\"@id\":\"https:\\\/\\\/www.anovapeneira.gal\\\/#organization\"},\"potentialAction\":[{\"@type\":\"SearchAction\",\"target\":{\"@type\":\"EntryPoint\",\"urlTemplate\":\"https:\\\/\\\/www.anovapeneira.gal\\\/?s={search_term_string}\"},\"query-input\":{\"@type\":\"PropertyValueSpecification\",\"valueRequired\":true,\"valueName\":\"search_term_string\"}}],\"inLanguage\":\"gl-ES\"},{\"@type\":\"Organization\",\"@id\":\"https:\\\/\\\/www.anovapeneira.gal\\\/#organization\",\"name\":\"A Nova Peneira\",\"url\":\"https:\\\/\\\/www.anovapeneira.gal\\\/\",\"logo\":{\"@type\":\"ImageObject\",\"inLanguage\":\"gl-ES\",\"@id\":\"https:\\\/\\\/www.anovapeneira.gal\\\/#\\\/schema\\\/logo\\\/image\\\/\",\"url\":\"http:\\\/\\\/www.anovapeneira.gal\\\/wp-content\\\/uploads\\\/2019\\\/06\\\/logo_a_nova_peneira_portal_web.png\",\"contentUrl\":\"http:\\\/\\\/www.anovapeneira.gal\\\/wp-content\\\/uploads\\\/2019\\\/06\\\/logo_a_nova_peneira_portal_web.png\",\"width\":300,\"height\":100,\"caption\":\"A Nova Peneira\"},\"image\":{\"@id\":\"https:\\\/\\\/www.anovapeneira.gal\\\/#\\\/schema\\\/logo\\\/image\\\/\"},\"sameAs\":[\"https:\\\/\\\/www.facebook.com\\\/anovapeneira\",\"https:\\\/\\\/x.com\\\/APeneira\"]},{\"@type\":\"Person\",\"@id\":\"https:\\\/\\\/www.anovapeneira.gal\\\/#\\\/schema\\\/person\\\/b93e3f8932e3f8da96334607eb6ac6aa\",\"name\":\"Redacci\u00f3n A Nova Peneira\",\"image\":{\"@type\":\"ImageObject\",\"inLanguage\":\"gl-ES\",\"@id\":\"https:\\\/\\\/secure.gravatar.com\\\/avatar\\\/c052a2551a06e23fac63626232eaa90abd78dbcf1700fc46a2b2c89fd27b735f?s=96&d=mm&r=g\",\"url\":\"https:\\\/\\\/secure.gravatar.com\\\/avatar\\\/c052a2551a06e23fac63626232eaa90abd78dbcf1700fc46a2b2c89fd27b735f?s=96&d=mm&r=g\",\"contentUrl\":\"https:\\\/\\\/secure.gravatar.com\\\/avatar\\\/c052a2551a06e23fac63626232eaa90abd78dbcf1700fc46a2b2c89fd27b735f?s=96&d=mm&r=g\",\"caption\":\"Redacci\u00f3n A Nova Peneira\"},\"sameAs\":[\"http:\\\/\\\/www.anovapeneira.gal\\\/\"],\"url\":\"https:\\\/\\\/www.anovapeneira.gal\\\/index.php\\\/author\\\/redactor\\\/\"}]}<\/script>\n<!-- \/ Yoast SEO plugin. -->","yoast_head_json":{"title":"O BNG absterase para facilitar a aprobaci\u00f3n dos orzamentos municipais -","description":"Xo\u00e1n Carlos Gonz\u00e1lez saliente un acordo con iniciativas de car\u00e1cter social, perspectiva de x\u00e9nero, inversi\u00f3ns nas parroquias e impulso ao pequeno comercio","robots":{"index":"index","follow":"follow","max-snippet":"max-snippet:-1","max-image-preview":"max-image-preview:large","max-video-preview":"max-video-preview:-1"},"canonical":"https:\/\/www.anovapeneira.gal\/index.php\/2022\/07\/04\/o-bng-absterase-para-facilitar-a-aprobacion-dos-orzamentos-municipais\/","og_locale":"gl_ES","og_type":"article","og_title":"O BNG absterase para facilitar a aprobaci\u00f3n dos orzamentos municipais -","og_description":"Xo\u00e1n Carlos Gonz\u00e1lez saliente un acordo con iniciativas de car\u00e1cter social, perspectiva de x\u00e9nero, inversi\u00f3ns nas parroquias e impulso ao pequeno comercio","og_url":"https:\/\/www.anovapeneira.gal\/index.php\/2022\/07\/04\/o-bng-absterase-para-facilitar-a-aprobacion-dos-orzamentos-municipais\/","article_publisher":"https:\/\/www.facebook.com\/anovapeneira","article_published_time":"2022-07-04T08:00:26+00:00","og_image":[{"width":720,"height":473,"url":"https:\/\/www.anovapeneira.gal\/wp-content\/uploads\/2019\/10\/concelloredondela_a_nova_peneira.jpg","type":"image\/jpeg"}],"author":"Redacci\u00f3n A Nova Peneira","twitter_card":"summary_large_image","twitter_creator":"@APeneira","twitter_site":"@APeneira","twitter_misc":{"Escrito por":"Redacci\u00f3n A Nova Peneira","Tempo de lectura":"4 minutos"},"schema":{"@context":"https:\/\/schema.org","@graph":[{"@type":"Article","@id":"https:\/\/www.anovapeneira.gal\/index.php\/2022\/07\/04\/o-bng-absterase-para-facilitar-a-aprobacion-dos-orzamentos-municipais\/#article","isPartOf":{"@id":"https:\/\/www.anovapeneira.gal\/index.php\/2022\/07\/04\/o-bng-absterase-para-facilitar-a-aprobacion-dos-orzamentos-municipais\/"},"author":{"name":"Redacci\u00f3n A Nova Peneira","@id":"https:\/\/www.anovapeneira.gal\/#\/schema\/person\/b93e3f8932e3f8da96334607eb6ac6aa"},"headline":"O BNG absterase para facilitar a aprobaci\u00f3n dos orzamentos municipais","datePublished":"2022-07-04T08:00:26+00:00","mainEntityOfPage":{"@id":"https:\/\/www.anovapeneira.gal\/index.php\/2022\/07\/04\/o-bng-absterase-para-facilitar-a-aprobacion-dos-orzamentos-municipais\/"},"wordCount":657,"commentCount":0,"publisher":{"@id":"https:\/\/www.anovapeneira.gal\/#organization"},"image":{"@id":"https:\/\/www.anovapeneira.gal\/index.php\/2022\/07\/04\/o-bng-absterase-para-facilitar-a-aprobacion-dos-orzamentos-municipais\/#primaryimage"},"thumbnailUrl":"https:\/\/www.anovapeneira.gal\/wp-content\/uploads\/2019\/10\/concelloredondela_a_nova_peneira.jpg","keywords":["Concello de Redondela"],"articleSection":["Redondela"],"inLanguage":"gl-ES","potentialAction":[{"@type":"CommentAction","name":"Comment","target":["https:\/\/www.anovapeneira.gal\/index.php\/2022\/07\/04\/o-bng-absterase-para-facilitar-a-aprobacion-dos-orzamentos-municipais\/#respond"]}]},{"@type":"WebPage","@id":"https:\/\/www.anovapeneira.gal\/index.php\/2022\/07\/04\/o-bng-absterase-para-facilitar-a-aprobacion-dos-orzamentos-municipais\/","url":"https:\/\/www.anovapeneira.gal\/index.php\/2022\/07\/04\/o-bng-absterase-para-facilitar-a-aprobacion-dos-orzamentos-municipais\/","name":"O BNG absterase para facilitar a aprobaci\u00f3n dos orzamentos municipais -","isPartOf":{"@id":"https:\/\/www.anovapeneira.gal\/#website"},"primaryImageOfPage":{"@id":"https:\/\/www.anovapeneira.gal\/index.php\/2022\/07\/04\/o-bng-absterase-para-facilitar-a-aprobacion-dos-orzamentos-municipais\/#primaryimage"},"image":{"@id":"https:\/\/www.anovapeneira.gal\/index.php\/2022\/07\/04\/o-bng-absterase-para-facilitar-a-aprobacion-dos-orzamentos-municipais\/#primaryimage"},"thumbnailUrl":"https:\/\/www.anovapeneira.gal\/wp-content\/uploads\/2019\/10\/concelloredondela_a_nova_peneira.jpg","datePublished":"2022-07-04T08:00:26+00:00","description":"Xo\u00e1n Carlos Gonz\u00e1lez saliente un acordo con iniciativas de car\u00e1cter social, perspectiva de x\u00e9nero, inversi\u00f3ns nas parroquias e impulso ao pequeno comercio","breadcrumb":{"@id":"https:\/\/www.anovapeneira.gal\/index.php\/2022\/07\/04\/o-bng-absterase-para-facilitar-a-aprobacion-dos-orzamentos-municipais\/#breadcrumb"},"inLanguage":"gl-ES","potentialAction":[{"@type":"ReadAction","target":["https:\/\/www.anovapeneira.gal\/index.php\/2022\/07\/04\/o-bng-absterase-para-facilitar-a-aprobacion-dos-orzamentos-municipais\/"]}]},{"@type":"ImageObject","inLanguage":"gl-ES","@id":"https:\/\/www.anovapeneira.gal\/index.php\/2022\/07\/04\/o-bng-absterase-para-facilitar-a-aprobacion-dos-orzamentos-municipais\/#primaryimage","url":"https:\/\/www.anovapeneira.gal\/wp-content\/uploads\/2019\/10\/concelloredondela_a_nova_peneira.jpg","contentUrl":"https:\/\/www.anovapeneira.gal\/wp-content\/uploads\/2019\/10\/concelloredondela_a_nova_peneira.jpg","width":720,"height":473,"caption":"Concello de Redondela A Nova Peneira"},{"@type":"BreadcrumbList","@id":"https:\/\/www.anovapeneira.gal\/index.php\/2022\/07\/04\/o-bng-absterase-para-facilitar-a-aprobacion-dos-orzamentos-municipais\/#breadcrumb","itemListElement":[{"@type":"ListItem","position":1,"name":"Portada","item":"https:\/\/www.anovapeneira.gal\/"},{"@type":"ListItem","position":2,"name":"O BNG absterase para facilitar a aprobaci\u00f3n dos orzamentos municipais"}]},{"@type":"WebSite","@id":"https:\/\/www.anovapeneira.gal\/#website","url":"https:\/\/www.anovapeneira.gal\/","name":"","description":"Xornal galego de informaci\u00f3n xeral Publicaci\u00f3n mensual de novas de Galicia e en especial dos Concellos da sur da provincia de Pontevedra.","publisher":{"@id":"https:\/\/www.anovapeneira.gal\/#organization"},"potentialAction":[{"@type":"SearchAction","target":{"@type":"EntryPoint","urlTemplate":"https:\/\/www.anovapeneira.gal\/?s={search_term_string}"},"query-input":{"@type":"PropertyValueSpecification","valueRequired":true,"valueName":"search_term_string"}}],"inLanguage":"gl-ES"},{"@type":"Organization","@id":"https:\/\/www.anovapeneira.gal\/#organization","name":"A Nova Peneira","url":"https:\/\/www.anovapeneira.gal\/","logo":{"@type":"ImageObject","inLanguage":"gl-ES","@id":"https:\/\/www.anovapeneira.gal\/#\/schema\/logo\/image\/","url":"http:\/\/www.anovapeneira.gal\/wp-content\/uploads\/2019\/06\/logo_a_nova_peneira_portal_web.png","contentUrl":"http:\/\/www.anovapeneira.gal\/wp-content\/uploads\/2019\/06\/logo_a_nova_peneira_portal_web.png","width":300,"height":100,"caption":"A Nova Peneira"},"image":{"@id":"https:\/\/www.anovapeneira.gal\/#\/schema\/logo\/image\/"},"sameAs":["https:\/\/www.facebook.com\/anovapeneira","https:\/\/x.com\/APeneira"]},{"@type":"Person","@id":"https:\/\/www.anovapeneira.gal\/#\/schema\/person\/b93e3f8932e3f8da96334607eb6ac6aa","name":"Redacci\u00f3n A Nova Peneira","image":{"@type":"ImageObject","inLanguage":"gl-ES","@id":"https:\/\/secure.gravatar.com\/avatar\/c052a2551a06e23fac63626232eaa90abd78dbcf1700fc46a2b2c89fd27b735f?s=96&d=mm&r=g","url":"https:\/\/secure.gravatar.com\/avatar\/c052a2551a06e23fac63626232eaa90abd78dbcf1700fc46a2b2c89fd27b735f?s=96&d=mm&r=g","contentUrl":"https:\/\/secure.gravatar.com\/avatar\/c052a2551a06e23fac63626232eaa90abd78dbcf1700fc46a2b2c89fd27b735f?s=96&d=mm&r=g","caption":"Redacci\u00f3n A Nova Peneira"},"sameAs":["http:\/\/www.anovapeneira.gal\/"],"url":"https:\/\/www.anovapeneira.gal\/index.php\/author\/redactor\/"}]}},"jetpack_featured_media_url":"https:\/\/www.anovapeneira.gal\/wp-content\/uploads\/2019\/10\/concelloredondela_a_nova_peneira.jpg","_links":{"self":[{"href":"https:\/\/www.anovapeneira.gal\/index.php\/wp-json\/wp\/v2\/posts\/7711","targetHints":{"allow":["GET"]}}],"collection":[{"href":"https:\/\/www.anovapeneira.gal\/index.php\/wp-json\/wp\/v2\/posts"}],"about":[{"href":"https:\/\/www.anovapeneira.gal\/index.php\/wp-json\/wp\/v2\/types\/post"}],"author":[{"embeddable":true,"href":"https:\/\/www.anovapeneira.gal\/index.php\/wp-json\/wp\/v2\/users\/3"}],"replies":[{"embeddable":true,"href":"https:\/\/www.anovapeneira.gal\/index.php\/wp-json\/wp\/v2\/comments?post=7711"}],"version-history":[{"count":1,"href":"https:\/\/www.anovapeneira.gal\/index.php\/wp-json\/wp\/v2\/posts\/7711\/revisions"}],"predecessor-version":[{"id":7712,"href":"https:\/\/www.anovapeneira.gal\/index.php\/wp-json\/wp\/v2\/posts\/7711\/revisions\/7712"}],"wp:featuredmedia":[{"embeddable":true,"href":"https:\/\/www.anovapeneira.gal\/index.php\/wp-json\/wp\/v2\/media\/1456"}],"wp:attachment":[{"href":"https:\/\/www.anovapeneira.gal\/index.php\/wp-json\/wp\/v2\/media?parent=7711"}],"wp:term":[{"taxonomy":"category","embeddable":true,"href":"https:\/\/www.anovapeneira.gal\/index.php\/wp-json\/wp\/v2\/categories?post=7711"},{"taxonomy":"post_tag","embeddable":true,"href":"https:\/\/www.anovapeneira.gal\/index.php\/wp-json\/wp\/v2\/tags?post=7711"}],"curies":[{"name":"wp","href":"https:\/\/api.w.org\/{rel}","templated":true}]}}