{"id":7731,"date":"2022-07-06T10:00:55","date_gmt":"2022-07-06T08:00:55","guid":{"rendered":"https:\/\/www.anovapeneira.gal\/?p=7731"},"modified":"2022-07-05T09:40:15","modified_gmt":"2022-07-05T07:40:15","slug":"a-xunta-remata-a-substitucion-de-carpintarias-no-ceip-pintor-antonio-fernandez-e-impulsa-a-mellora-da-eficiencia-enerxetica-no-ceip-pedro-caselles","status":"publish","type":"post","link":"https:\/\/www.anovapeneira.gal\/index.php\/2022\/07\/06\/a-xunta-remata-a-substitucion-de-carpintarias-no-ceip-pintor-antonio-fernandez-e-impulsa-a-mellora-da-eficiencia-enerxetica-no-ceip-pedro-caselles\/","title":{"rendered":"A Xunta remata a substituci\u00f3n de carpintar\u00edas no CEIP Pintor Antonio Fern\u00e1ndez e impulsa a mellora da eficiencia enerx\u00e9tica no CEIP Pedro Caselles"},"content":{"rendered":"\n<ul class=\"wp-block-list\"><li>O delegado territorial, Luis L\u00f3pez, acompa\u00f1ado pola alcaldesa de Tomi\u00f1o, Sandra Gonz\u00e1lez, anunciou a actuaci\u00f3n no colexio do barrio de Mosteiro durante a visita de supervisi\u00f3n \u00e1s obras que acaban de finalizar no centro educativo de Goi\u00e1n<\/li><li>A Conseller\u00eda de Educaci\u00f3n investiu 65.000\u20ac na renovaci\u00f3n de fiestras e portas no CEIP Pintor Antonio Fern\u00e1ndez para dotalo de maior confortabilidade t\u00e9rmica interior e xa supera os 225.000\u20ac en obras de mellora ao longo dos \u00faltimos anos<\/li><li>O Goberno galego vai comezar de inmediato co cambio de todas as carpintar\u00edas exteriores no colexio Pedro Caselles cun investimento de 484.000\u20ac e un prazo de execuci\u00f3n de dous meses<\/li><li>\u201cO noso compromiso cos centros p\u00fablicos de Tomi\u00f1o \u00e9 claro, posto que rematamos a obra no colexio de Goi\u00e1n e xa imos iniciar a do Pedro Caselles, ao que hai que engadir os proxectos para a modernizaci\u00f3n da iluminaci\u00f3n no CEIP Sobrada e para a ampliaci\u00f3n do IES Ant\u00f3n Alonso R\u00edos cun investimento de 2 M\u20ac m\u00e1is\u201d, explicou o representante auton\u00f3mico<\/li><\/ul>\n\n\n\n<p><strong>Tomi\u00f1o, 30 de xu\u00f1o de 2022<\/strong><\/p>\n\n\n\n<p>A Xunta de Galicia, a trav\u00e9s da Conseller\u00eda de Cultura, Educaci\u00f3n, Formaci\u00f3n Profesional e Universidades, v\u00e9n de rematar as obras de substituci\u00f3n de carpintar\u00edas exteriores no CEIP Pintor Antonio Fern\u00e1ndez de Goi\u00e1n, no Concello de Tomi\u00f1o, e xa est\u00e1 a impulsar unha obra similar, enmarcada nos proxectos educativos de eficiencia enerx\u00e9tica, no CEIP Pedro Caselles, emprazado no barrio de Mosteiro do mesmo municipio.<\/p>\n\n\n\n<p>O delegado territorial da Xunta en Pontevedra, Luis L\u00f3pez, anunciou esta nova actuaci\u00f3n nunha visita de supervisi\u00f3n \u00e1s obras realizadas no CEIP Pintor Antonio Fern\u00e1ndez xunto \u00e1 alcaldesa de Tomi\u00f1o, Sandra Gonz\u00e1lez, o xefe territorial de Educaci\u00f3n, C\u00e9sar P\u00e9rez, e outros representantes municipais e educativos.<\/p>\n\n\n\n<p>\u201cO noso compromiso cos centros p\u00fablicos de Tomi\u00f1o \u00e9 claro e visible, xa que acabamos de rematar unhas importantes obras de eficiencia enerx\u00e9tica no colexio de Goi\u00e1n e xa imos iniciar as do Pedro Caselles, ao que hai que engadir os proxectos en marcha para a modernizaci\u00f3n da iluminaci\u00f3n no CEIP Sobrada e para a ampliaci\u00f3n do IES Ant\u00f3n Alonso R\u00edos cun investimento de 2 mill\u00f3ns de euros m\u00e1is\u201d, explicou o representante auton\u00f3mico, que lembrou que estas catro actuaci\u00f3ns supo\u00f1en unha cont\u00eda total de 2.550.000 euros.<\/p>\n\n\n\n<p>A obra xa rematada no CEIP Pintor Antonio Fern\u00e1ndez consistiu na mellora da s\u00faa eficiencia enerx\u00e9tica e da confortabilidade t\u00e9rmica interior a trav\u00e9s do reemprazo das s\u00faas carpintar\u00edas exteriores e da dotaci\u00f3n de novos envolventes cun orzamento de 64.000 euros. C\u00f3mpre lembrar que a Xunta investiu m\u00e1is de 225.000 euros en obras de mellora neste colexio nos \u00faltimos anos.<\/p>\n\n\n\n<p>Paralelamente, o Goberno galego xa est\u00e1 a piques de iniciar o cambio de todas as fiestras e portas do CEIP Pedro Caselles cunha achega de 484.000 euros e un prazo de execuci\u00f3n de dous meses, que posiblemente se desenvolver\u00e1 durante os meses centrais do ver\u00e1n. Esta actuaci\u00f3n incluir\u00e1 todas as carpintar\u00edas exteriores do edificio central, de d\u00faas prantas e que acolle as aulas de educaci\u00f3n infantil e primaria, e as dos inmobles anexos, adicados a usos administrativos e ximnasio.<\/p>\n","protected":false},"excerpt":{"rendered":"<div class=\"mh-excerpt\"><p>O delegado territorial, Luis L\u00f3pez, acompa\u00f1ado pola alcaldesa de Tomi\u00f1o, Sandra Gonz\u00e1lez, anunciou a actuaci\u00f3n no colexio do barrio de Mosteiro durante a visita de supervisi\u00f3n \u00e1s obras que acaban de finalizar no centro educativo de Goi\u00e1n <a class=\"mh-excerpt-more\" href=\"https:\/\/www.anovapeneira.gal\/index.php\/2022\/07\/06\/a-xunta-remata-a-substitucion-de-carpintarias-no-ceip-pintor-antonio-fernandez-e-impulsa-a-mellora-da-eficiencia-enerxetica-no-ceip-pedro-caselles\/\" title=\"A Xunta remata a substituci\u00f3n de carpintar\u00edas no CEIP Pintor Antonio Fern\u00e1ndez e impulsa a mellora da eficiencia enerx\u00e9tica no CEIP Pedro Caselles\">[&#8230;]<\/a><\/p>\n<\/div>","protected":false},"author":3,"featured_media":7733,"comment_status":"open","ping_status":"open","sticky":false,"template":"","format":"standard","meta":{"_exactmetrics_skip_tracking":false,"_exactmetrics_sitenote_active":false,"_exactmetrics_sitenote_note":"","_exactmetrics_sitenote_category":0,"footnotes":""},"categories":[21],"tags":[81],"class_list":{"0":"post-7731","1":"post","2":"type-post","3":"status-publish","4":"format-standard","5":"has-post-thumbnail","7":"category-baixo-mino","8":"tag-concello-de-tomino"},"yoast_head":"<!-- This site is optimized with the Yoast SEO plugin v27.4 - https:\/\/yoast.com\/product\/yoast-seo-wordpress\/ -->\n<title>A Xunta remata a substituci\u00f3n de carpintar\u00edas no CEIP Pintor Antonio Fern\u00e1ndez e impulsa a mellora da eficiencia enerx\u00e9tica no CEIP Pedro Caselles -<\/title>\n<meta name=\"robots\" content=\"index, follow, max-snippet:-1, max-image-preview:large, max-video-preview:-1\" \/>\n<link rel=\"canonical\" href=\"https:\/\/www.anovapeneira.gal\/index.php\/2022\/07\/06\/a-xunta-remata-a-substitucion-de-carpintarias-no-ceip-pintor-antonio-fernandez-e-impulsa-a-mellora-da-eficiencia-enerxetica-no-ceip-pedro-caselles\/\" \/>\n<meta property=\"og:locale\" content=\"gl_ES\" \/>\n<meta property=\"og:type\" content=\"article\" \/>\n<meta property=\"og:title\" content=\"A Xunta remata a substituci\u00f3n de carpintar\u00edas no CEIP Pintor Antonio Fern\u00e1ndez e impulsa a mellora da eficiencia enerx\u00e9tica no CEIP Pedro Caselles -\" \/>\n<meta property=\"og:description\" content=\"O delegado territorial, Luis L\u00f3pez, acompa\u00f1ado pola alcaldesa de Tomi\u00f1o, Sandra Gonz\u00e1lez, anunciou a actuaci\u00f3n no colexio do barrio de Mosteiro durante a visita de supervisi\u00f3n \u00e1s obras que acaban de finalizar no centro educativo de Goi\u00e1n [...]\" \/>\n<meta property=\"og:url\" content=\"https:\/\/www.anovapeneira.gal\/index.php\/2022\/07\/06\/a-xunta-remata-a-substitucion-de-carpintarias-no-ceip-pintor-antonio-fernandez-e-impulsa-a-mellora-da-eficiencia-enerxetica-no-ceip-pedro-caselles\/\" \/>\n<meta property=\"article:publisher\" content=\"https:\/\/www.facebook.com\/anovapeneira\" \/>\n<meta property=\"article:published_time\" content=\"2022-07-06T08:00:55+00:00\" \/>\n<meta property=\"og:image\" content=\"https:\/\/www.anovapeneira.gal\/wp-content\/uploads\/2022\/07\/CEIP_Pintor_Antonio_Fernandez.jpg\" \/>\n\t<meta property=\"og:image:width\" content=\"720\" \/>\n\t<meta property=\"og:image:height\" content=\"432\" \/>\n\t<meta property=\"og:image:type\" content=\"image\/jpeg\" \/>\n<meta name=\"author\" content=\"Redacci\u00f3n A Nova Peneira\" \/>\n<meta name=\"twitter:card\" content=\"summary_large_image\" \/>\n<meta name=\"twitter:creator\" content=\"@APeneira\" \/>\n<meta name=\"twitter:site\" content=\"@APeneira\" \/>\n<meta name=\"twitter:label1\" content=\"Escrito por\" \/>\n\t<meta name=\"twitter:data1\" content=\"Redacci\u00f3n A Nova Peneira\" \/>\n\t<meta name=\"twitter:label2\" content=\"Tempo de lectura\" \/>\n\t<meta name=\"twitter:data2\" content=\"3 minutos\" \/>\n<script type=\"application\/ld+json\" class=\"yoast-schema-graph\">{\"@context\":\"https:\\\/\\\/schema.org\",\"@graph\":[{\"@type\":\"Article\",\"@id\":\"https:\\\/\\\/www.anovapeneira.gal\\\/index.php\\\/2022\\\/07\\\/06\\\/a-xunta-remata-a-substitucion-de-carpintarias-no-ceip-pintor-antonio-fernandez-e-impulsa-a-mellora-da-eficiencia-enerxetica-no-ceip-pedro-caselles\\\/#article\",\"isPartOf\":{\"@id\":\"https:\\\/\\\/www.anovapeneira.gal\\\/index.php\\\/2022\\\/07\\\/06\\\/a-xunta-remata-a-substitucion-de-carpintarias-no-ceip-pintor-antonio-fernandez-e-impulsa-a-mellora-da-eficiencia-enerxetica-no-ceip-pedro-caselles\\\/\"},\"author\":{\"name\":\"Redacci\u00f3n A Nova Peneira\",\"@id\":\"https:\\\/\\\/www.anovapeneira.gal\\\/#\\\/schema\\\/person\\\/b93e3f8932e3f8da96334607eb6ac6aa\"},\"headline\":\"A Xunta remata a substituci\u00f3n de carpintar\u00edas no CEIP Pintor Antonio Fern\u00e1ndez e impulsa a mellora da eficiencia enerx\u00e9tica no CEIP Pedro Caselles\",\"datePublished\":\"2022-07-06T08:00:55+00:00\",\"mainEntityOfPage\":{\"@id\":\"https:\\\/\\\/www.anovapeneira.gal\\\/index.php\\\/2022\\\/07\\\/06\\\/a-xunta-remata-a-substitucion-de-carpintarias-no-ceip-pintor-antonio-fernandez-e-impulsa-a-mellora-da-eficiencia-enerxetica-no-ceip-pedro-caselles\\\/\"},\"wordCount\":594,\"commentCount\":0,\"publisher\":{\"@id\":\"https:\\\/\\\/www.anovapeneira.gal\\\/#organization\"},\"image\":{\"@id\":\"https:\\\/\\\/www.anovapeneira.gal\\\/index.php\\\/2022\\\/07\\\/06\\\/a-xunta-remata-a-substitucion-de-carpintarias-no-ceip-pintor-antonio-fernandez-e-impulsa-a-mellora-da-eficiencia-enerxetica-no-ceip-pedro-caselles\\\/#primaryimage\"},\"thumbnailUrl\":\"https:\\\/\\\/www.anovapeneira.gal\\\/wp-content\\\/uploads\\\/2022\\\/07\\\/CEIP_Pintor_Antonio_Fernandez.jpg\",\"keywords\":[\"Concello de Tomi\u00f1o\"],\"articleSection\":[\"Baixo Mi\u00f1o\"],\"inLanguage\":\"gl-ES\",\"potentialAction\":[{\"@type\":\"CommentAction\",\"name\":\"Comment\",\"target\":[\"https:\\\/\\\/www.anovapeneira.gal\\\/index.php\\\/2022\\\/07\\\/06\\\/a-xunta-remata-a-substitucion-de-carpintarias-no-ceip-pintor-antonio-fernandez-e-impulsa-a-mellora-da-eficiencia-enerxetica-no-ceip-pedro-caselles\\\/#respond\"]}]},{\"@type\":\"WebPage\",\"@id\":\"https:\\\/\\\/www.anovapeneira.gal\\\/index.php\\\/2022\\\/07\\\/06\\\/a-xunta-remata-a-substitucion-de-carpintarias-no-ceip-pintor-antonio-fernandez-e-impulsa-a-mellora-da-eficiencia-enerxetica-no-ceip-pedro-caselles\\\/\",\"url\":\"https:\\\/\\\/www.anovapeneira.gal\\\/index.php\\\/2022\\\/07\\\/06\\\/a-xunta-remata-a-substitucion-de-carpintarias-no-ceip-pintor-antonio-fernandez-e-impulsa-a-mellora-da-eficiencia-enerxetica-no-ceip-pedro-caselles\\\/\",\"name\":\"A Xunta remata a substituci\u00f3n de carpintar\u00edas no CEIP Pintor Antonio Fern\u00e1ndez e impulsa a mellora da eficiencia enerx\u00e9tica no CEIP Pedro Caselles -\",\"isPartOf\":{\"@id\":\"https:\\\/\\\/www.anovapeneira.gal\\\/#website\"},\"primaryImageOfPage\":{\"@id\":\"https:\\\/\\\/www.anovapeneira.gal\\\/index.php\\\/2022\\\/07\\\/06\\\/a-xunta-remata-a-substitucion-de-carpintarias-no-ceip-pintor-antonio-fernandez-e-impulsa-a-mellora-da-eficiencia-enerxetica-no-ceip-pedro-caselles\\\/#primaryimage\"},\"image\":{\"@id\":\"https:\\\/\\\/www.anovapeneira.gal\\\/index.php\\\/2022\\\/07\\\/06\\\/a-xunta-remata-a-substitucion-de-carpintarias-no-ceip-pintor-antonio-fernandez-e-impulsa-a-mellora-da-eficiencia-enerxetica-no-ceip-pedro-caselles\\\/#primaryimage\"},\"thumbnailUrl\":\"https:\\\/\\\/www.anovapeneira.gal\\\/wp-content\\\/uploads\\\/2022\\\/07\\\/CEIP_Pintor_Antonio_Fernandez.jpg\",\"datePublished\":\"2022-07-06T08:00:55+00:00\",\"breadcrumb\":{\"@id\":\"https:\\\/\\\/www.anovapeneira.gal\\\/index.php\\\/2022\\\/07\\\/06\\\/a-xunta-remata-a-substitucion-de-carpintarias-no-ceip-pintor-antonio-fernandez-e-impulsa-a-mellora-da-eficiencia-enerxetica-no-ceip-pedro-caselles\\\/#breadcrumb\"},\"inLanguage\":\"gl-ES\",\"potentialAction\":[{\"@type\":\"ReadAction\",\"target\":[\"https:\\\/\\\/www.anovapeneira.gal\\\/index.php\\\/2022\\\/07\\\/06\\\/a-xunta-remata-a-substitucion-de-carpintarias-no-ceip-pintor-antonio-fernandez-e-impulsa-a-mellora-da-eficiencia-enerxetica-no-ceip-pedro-caselles\\\/\"]}]},{\"@type\":\"ImageObject\",\"inLanguage\":\"gl-ES\",\"@id\":\"https:\\\/\\\/www.anovapeneira.gal\\\/index.php\\\/2022\\\/07\\\/06\\\/a-xunta-remata-a-substitucion-de-carpintarias-no-ceip-pintor-antonio-fernandez-e-impulsa-a-mellora-da-eficiencia-enerxetica-no-ceip-pedro-caselles\\\/#primaryimage\",\"url\":\"https:\\\/\\\/www.anovapeneira.gal\\\/wp-content\\\/uploads\\\/2022\\\/07\\\/CEIP_Pintor_Antonio_Fernandez.jpg\",\"contentUrl\":\"https:\\\/\\\/www.anovapeneira.gal\\\/wp-content\\\/uploads\\\/2022\\\/07\\\/CEIP_Pintor_Antonio_Fernandez.jpg\",\"width\":720,\"height\":432,\"caption\":\"CEIP Pintor Antonio Fern\u00e1ndez\"},{\"@type\":\"BreadcrumbList\",\"@id\":\"https:\\\/\\\/www.anovapeneira.gal\\\/index.php\\\/2022\\\/07\\\/06\\\/a-xunta-remata-a-substitucion-de-carpintarias-no-ceip-pintor-antonio-fernandez-e-impulsa-a-mellora-da-eficiencia-enerxetica-no-ceip-pedro-caselles\\\/#breadcrumb\",\"itemListElement\":[{\"@type\":\"ListItem\",\"position\":1,\"name\":\"Portada\",\"item\":\"https:\\\/\\\/www.anovapeneira.gal\\\/\"},{\"@type\":\"ListItem\",\"position\":2,\"name\":\"A Xunta remata a substituci\u00f3n de carpintar\u00edas no CEIP Pintor Antonio Fern\u00e1ndez e impulsa a mellora da eficiencia enerx\u00e9tica no CEIP Pedro Caselles\"}]},{\"@type\":\"WebSite\",\"@id\":\"https:\\\/\\\/www.anovapeneira.gal\\\/#website\",\"url\":\"https:\\\/\\\/www.anovapeneira.gal\\\/\",\"name\":\"\",\"description\":\"Xornal galego de informaci\u00f3n xeral Publicaci\u00f3n mensual de novas de Galicia e en especial dos Concellos da sur da provincia de Pontevedra.\",\"publisher\":{\"@id\":\"https:\\\/\\\/www.anovapeneira.gal\\\/#organization\"},\"potentialAction\":[{\"@type\":\"SearchAction\",\"target\":{\"@type\":\"EntryPoint\",\"urlTemplate\":\"https:\\\/\\\/www.anovapeneira.gal\\\/?s={search_term_string}\"},\"query-input\":{\"@type\":\"PropertyValueSpecification\",\"valueRequired\":true,\"valueName\":\"search_term_string\"}}],\"inLanguage\":\"gl-ES\"},{\"@type\":\"Organization\",\"@id\":\"https:\\\/\\\/www.anovapeneira.gal\\\/#organization\",\"name\":\"A Nova Peneira\",\"url\":\"https:\\\/\\\/www.anovapeneira.gal\\\/\",\"logo\":{\"@type\":\"ImageObject\",\"inLanguage\":\"gl-ES\",\"@id\":\"https:\\\/\\\/www.anovapeneira.gal\\\/#\\\/schema\\\/logo\\\/image\\\/\",\"url\":\"http:\\\/\\\/www.anovapeneira.gal\\\/wp-content\\\/uploads\\\/2019\\\/06\\\/logo_a_nova_peneira_portal_web.png\",\"contentUrl\":\"http:\\\/\\\/www.anovapeneira.gal\\\/wp-content\\\/uploads\\\/2019\\\/06\\\/logo_a_nova_peneira_portal_web.png\",\"width\":300,\"height\":100,\"caption\":\"A Nova Peneira\"},\"image\":{\"@id\":\"https:\\\/\\\/www.anovapeneira.gal\\\/#\\\/schema\\\/logo\\\/image\\\/\"},\"sameAs\":[\"https:\\\/\\\/www.facebook.com\\\/anovapeneira\",\"https:\\\/\\\/x.com\\\/APeneira\"]},{\"@type\":\"Person\",\"@id\":\"https:\\\/\\\/www.anovapeneira.gal\\\/#\\\/schema\\\/person\\\/b93e3f8932e3f8da96334607eb6ac6aa\",\"name\":\"Redacci\u00f3n A Nova Peneira\",\"image\":{\"@type\":\"ImageObject\",\"inLanguage\":\"gl-ES\",\"@id\":\"https:\\\/\\\/secure.gravatar.com\\\/avatar\\\/c052a2551a06e23fac63626232eaa90abd78dbcf1700fc46a2b2c89fd27b735f?s=96&d=mm&r=g\",\"url\":\"https:\\\/\\\/secure.gravatar.com\\\/avatar\\\/c052a2551a06e23fac63626232eaa90abd78dbcf1700fc46a2b2c89fd27b735f?s=96&d=mm&r=g\",\"contentUrl\":\"https:\\\/\\\/secure.gravatar.com\\\/avatar\\\/c052a2551a06e23fac63626232eaa90abd78dbcf1700fc46a2b2c89fd27b735f?s=96&d=mm&r=g\",\"caption\":\"Redacci\u00f3n A Nova Peneira\"},\"sameAs\":[\"http:\\\/\\\/www.anovapeneira.gal\\\/\"],\"url\":\"https:\\\/\\\/www.anovapeneira.gal\\\/index.php\\\/author\\\/redactor\\\/\"}]}<\/script>\n<!-- \/ Yoast SEO plugin. -->","yoast_head_json":{"title":"A Xunta remata a substituci\u00f3n de carpintar\u00edas no CEIP Pintor Antonio Fern\u00e1ndez e impulsa a mellora da eficiencia enerx\u00e9tica no CEIP Pedro Caselles -","robots":{"index":"index","follow":"follow","max-snippet":"max-snippet:-1","max-image-preview":"max-image-preview:large","max-video-preview":"max-video-preview:-1"},"canonical":"https:\/\/www.anovapeneira.gal\/index.php\/2022\/07\/06\/a-xunta-remata-a-substitucion-de-carpintarias-no-ceip-pintor-antonio-fernandez-e-impulsa-a-mellora-da-eficiencia-enerxetica-no-ceip-pedro-caselles\/","og_locale":"gl_ES","og_type":"article","og_title":"A Xunta remata a substituci\u00f3n de carpintar\u00edas no CEIP Pintor Antonio Fern\u00e1ndez e impulsa a mellora da eficiencia enerx\u00e9tica no CEIP Pedro Caselles -","og_description":"O delegado territorial, Luis L\u00f3pez, acompa\u00f1ado pola alcaldesa de Tomi\u00f1o, Sandra Gonz\u00e1lez, anunciou a actuaci\u00f3n no colexio do barrio de Mosteiro durante a visita de supervisi\u00f3n \u00e1s obras que acaban de finalizar no centro educativo de Goi\u00e1n [...]","og_url":"https:\/\/www.anovapeneira.gal\/index.php\/2022\/07\/06\/a-xunta-remata-a-substitucion-de-carpintarias-no-ceip-pintor-antonio-fernandez-e-impulsa-a-mellora-da-eficiencia-enerxetica-no-ceip-pedro-caselles\/","article_publisher":"https:\/\/www.facebook.com\/anovapeneira","article_published_time":"2022-07-06T08:00:55+00:00","og_image":[{"width":720,"height":432,"url":"https:\/\/www.anovapeneira.gal\/wp-content\/uploads\/2022\/07\/CEIP_Pintor_Antonio_Fernandez.jpg","type":"image\/jpeg"}],"author":"Redacci\u00f3n A Nova Peneira","twitter_card":"summary_large_image","twitter_creator":"@APeneira","twitter_site":"@APeneira","twitter_misc":{"Escrito por":"Redacci\u00f3n A Nova Peneira","Tempo de lectura":"3 minutos"},"schema":{"@context":"https:\/\/schema.org","@graph":[{"@type":"Article","@id":"https:\/\/www.anovapeneira.gal\/index.php\/2022\/07\/06\/a-xunta-remata-a-substitucion-de-carpintarias-no-ceip-pintor-antonio-fernandez-e-impulsa-a-mellora-da-eficiencia-enerxetica-no-ceip-pedro-caselles\/#article","isPartOf":{"@id":"https:\/\/www.anovapeneira.gal\/index.php\/2022\/07\/06\/a-xunta-remata-a-substitucion-de-carpintarias-no-ceip-pintor-antonio-fernandez-e-impulsa-a-mellora-da-eficiencia-enerxetica-no-ceip-pedro-caselles\/"},"author":{"name":"Redacci\u00f3n A Nova Peneira","@id":"https:\/\/www.anovapeneira.gal\/#\/schema\/person\/b93e3f8932e3f8da96334607eb6ac6aa"},"headline":"A Xunta remata a substituci\u00f3n de carpintar\u00edas no CEIP Pintor Antonio Fern\u00e1ndez e impulsa a mellora da eficiencia enerx\u00e9tica no CEIP Pedro Caselles","datePublished":"2022-07-06T08:00:55+00:00","mainEntityOfPage":{"@id":"https:\/\/www.anovapeneira.gal\/index.php\/2022\/07\/06\/a-xunta-remata-a-substitucion-de-carpintarias-no-ceip-pintor-antonio-fernandez-e-impulsa-a-mellora-da-eficiencia-enerxetica-no-ceip-pedro-caselles\/"},"wordCount":594,"commentCount":0,"publisher":{"@id":"https:\/\/www.anovapeneira.gal\/#organization"},"image":{"@id":"https:\/\/www.anovapeneira.gal\/index.php\/2022\/07\/06\/a-xunta-remata-a-substitucion-de-carpintarias-no-ceip-pintor-antonio-fernandez-e-impulsa-a-mellora-da-eficiencia-enerxetica-no-ceip-pedro-caselles\/#primaryimage"},"thumbnailUrl":"https:\/\/www.anovapeneira.gal\/wp-content\/uploads\/2022\/07\/CEIP_Pintor_Antonio_Fernandez.jpg","keywords":["Concello de Tomi\u00f1o"],"articleSection":["Baixo Mi\u00f1o"],"inLanguage":"gl-ES","potentialAction":[{"@type":"CommentAction","name":"Comment","target":["https:\/\/www.anovapeneira.gal\/index.php\/2022\/07\/06\/a-xunta-remata-a-substitucion-de-carpintarias-no-ceip-pintor-antonio-fernandez-e-impulsa-a-mellora-da-eficiencia-enerxetica-no-ceip-pedro-caselles\/#respond"]}]},{"@type":"WebPage","@id":"https:\/\/www.anovapeneira.gal\/index.php\/2022\/07\/06\/a-xunta-remata-a-substitucion-de-carpintarias-no-ceip-pintor-antonio-fernandez-e-impulsa-a-mellora-da-eficiencia-enerxetica-no-ceip-pedro-caselles\/","url":"https:\/\/www.anovapeneira.gal\/index.php\/2022\/07\/06\/a-xunta-remata-a-substitucion-de-carpintarias-no-ceip-pintor-antonio-fernandez-e-impulsa-a-mellora-da-eficiencia-enerxetica-no-ceip-pedro-caselles\/","name":"A Xunta remata a substituci\u00f3n de carpintar\u00edas no CEIP Pintor Antonio Fern\u00e1ndez e impulsa a mellora da eficiencia enerx\u00e9tica no CEIP Pedro Caselles -","isPartOf":{"@id":"https:\/\/www.anovapeneira.gal\/#website"},"primaryImageOfPage":{"@id":"https:\/\/www.anovapeneira.gal\/index.php\/2022\/07\/06\/a-xunta-remata-a-substitucion-de-carpintarias-no-ceip-pintor-antonio-fernandez-e-impulsa-a-mellora-da-eficiencia-enerxetica-no-ceip-pedro-caselles\/#primaryimage"},"image":{"@id":"https:\/\/www.anovapeneira.gal\/index.php\/2022\/07\/06\/a-xunta-remata-a-substitucion-de-carpintarias-no-ceip-pintor-antonio-fernandez-e-impulsa-a-mellora-da-eficiencia-enerxetica-no-ceip-pedro-caselles\/#primaryimage"},"thumbnailUrl":"https:\/\/www.anovapeneira.gal\/wp-content\/uploads\/2022\/07\/CEIP_Pintor_Antonio_Fernandez.jpg","datePublished":"2022-07-06T08:00:55+00:00","breadcrumb":{"@id":"https:\/\/www.anovapeneira.gal\/index.php\/2022\/07\/06\/a-xunta-remata-a-substitucion-de-carpintarias-no-ceip-pintor-antonio-fernandez-e-impulsa-a-mellora-da-eficiencia-enerxetica-no-ceip-pedro-caselles\/#breadcrumb"},"inLanguage":"gl-ES","potentialAction":[{"@type":"ReadAction","target":["https:\/\/www.anovapeneira.gal\/index.php\/2022\/07\/06\/a-xunta-remata-a-substitucion-de-carpintarias-no-ceip-pintor-antonio-fernandez-e-impulsa-a-mellora-da-eficiencia-enerxetica-no-ceip-pedro-caselles\/"]}]},{"@type":"ImageObject","inLanguage":"gl-ES","@id":"https:\/\/www.anovapeneira.gal\/index.php\/2022\/07\/06\/a-xunta-remata-a-substitucion-de-carpintarias-no-ceip-pintor-antonio-fernandez-e-impulsa-a-mellora-da-eficiencia-enerxetica-no-ceip-pedro-caselles\/#primaryimage","url":"https:\/\/www.anovapeneira.gal\/wp-content\/uploads\/2022\/07\/CEIP_Pintor_Antonio_Fernandez.jpg","contentUrl":"https:\/\/www.anovapeneira.gal\/wp-content\/uploads\/2022\/07\/CEIP_Pintor_Antonio_Fernandez.jpg","width":720,"height":432,"caption":"CEIP Pintor Antonio Fern\u00e1ndez"},{"@type":"BreadcrumbList","@id":"https:\/\/www.anovapeneira.gal\/index.php\/2022\/07\/06\/a-xunta-remata-a-substitucion-de-carpintarias-no-ceip-pintor-antonio-fernandez-e-impulsa-a-mellora-da-eficiencia-enerxetica-no-ceip-pedro-caselles\/#breadcrumb","itemListElement":[{"@type":"ListItem","position":1,"name":"Portada","item":"https:\/\/www.anovapeneira.gal\/"},{"@type":"ListItem","position":2,"name":"A Xunta remata a substituci\u00f3n de carpintar\u00edas no CEIP Pintor Antonio Fern\u00e1ndez e impulsa a mellora da eficiencia enerx\u00e9tica no CEIP Pedro Caselles"}]},{"@type":"WebSite","@id":"https:\/\/www.anovapeneira.gal\/#website","url":"https:\/\/www.anovapeneira.gal\/","name":"","description":"Xornal galego de informaci\u00f3n xeral Publicaci\u00f3n mensual de novas de Galicia e en especial dos Concellos da sur da provincia de Pontevedra.","publisher":{"@id":"https:\/\/www.anovapeneira.gal\/#organization"},"potentialAction":[{"@type":"SearchAction","target":{"@type":"EntryPoint","urlTemplate":"https:\/\/www.anovapeneira.gal\/?s={search_term_string}"},"query-input":{"@type":"PropertyValueSpecification","valueRequired":true,"valueName":"search_term_string"}}],"inLanguage":"gl-ES"},{"@type":"Organization","@id":"https:\/\/www.anovapeneira.gal\/#organization","name":"A Nova Peneira","url":"https:\/\/www.anovapeneira.gal\/","logo":{"@type":"ImageObject","inLanguage":"gl-ES","@id":"https:\/\/www.anovapeneira.gal\/#\/schema\/logo\/image\/","url":"http:\/\/www.anovapeneira.gal\/wp-content\/uploads\/2019\/06\/logo_a_nova_peneira_portal_web.png","contentUrl":"http:\/\/www.anovapeneira.gal\/wp-content\/uploads\/2019\/06\/logo_a_nova_peneira_portal_web.png","width":300,"height":100,"caption":"A Nova Peneira"},"image":{"@id":"https:\/\/www.anovapeneira.gal\/#\/schema\/logo\/image\/"},"sameAs":["https:\/\/www.facebook.com\/anovapeneira","https:\/\/x.com\/APeneira"]},{"@type":"Person","@id":"https:\/\/www.anovapeneira.gal\/#\/schema\/person\/b93e3f8932e3f8da96334607eb6ac6aa","name":"Redacci\u00f3n A Nova Peneira","image":{"@type":"ImageObject","inLanguage":"gl-ES","@id":"https:\/\/secure.gravatar.com\/avatar\/c052a2551a06e23fac63626232eaa90abd78dbcf1700fc46a2b2c89fd27b735f?s=96&d=mm&r=g","url":"https:\/\/secure.gravatar.com\/avatar\/c052a2551a06e23fac63626232eaa90abd78dbcf1700fc46a2b2c89fd27b735f?s=96&d=mm&r=g","contentUrl":"https:\/\/secure.gravatar.com\/avatar\/c052a2551a06e23fac63626232eaa90abd78dbcf1700fc46a2b2c89fd27b735f?s=96&d=mm&r=g","caption":"Redacci\u00f3n A Nova Peneira"},"sameAs":["http:\/\/www.anovapeneira.gal\/"],"url":"https:\/\/www.anovapeneira.gal\/index.php\/author\/redactor\/"}]}},"jetpack_featured_media_url":"https:\/\/www.anovapeneira.gal\/wp-content\/uploads\/2022\/07\/CEIP_Pintor_Antonio_Fernandez.jpg","_links":{"self":[{"href":"https:\/\/www.anovapeneira.gal\/index.php\/wp-json\/wp\/v2\/posts\/7731","targetHints":{"allow":["GET"]}}],"collection":[{"href":"https:\/\/www.anovapeneira.gal\/index.php\/wp-json\/wp\/v2\/posts"}],"about":[{"href":"https:\/\/www.anovapeneira.gal\/index.php\/wp-json\/wp\/v2\/types\/post"}],"author":[{"embeddable":true,"href":"https:\/\/www.anovapeneira.gal\/index.php\/wp-json\/wp\/v2\/users\/3"}],"replies":[{"embeddable":true,"href":"https:\/\/www.anovapeneira.gal\/index.php\/wp-json\/wp\/v2\/comments?post=7731"}],"version-history":[{"count":2,"href":"https:\/\/www.anovapeneira.gal\/index.php\/wp-json\/wp\/v2\/posts\/7731\/revisions"}],"predecessor-version":[{"id":7734,"href":"https:\/\/www.anovapeneira.gal\/index.php\/wp-json\/wp\/v2\/posts\/7731\/revisions\/7734"}],"wp:featuredmedia":[{"embeddable":true,"href":"https:\/\/www.anovapeneira.gal\/index.php\/wp-json\/wp\/v2\/media\/7733"}],"wp:attachment":[{"href":"https:\/\/www.anovapeneira.gal\/index.php\/wp-json\/wp\/v2\/media?parent=7731"}],"wp:term":[{"taxonomy":"category","embeddable":true,"href":"https:\/\/www.anovapeneira.gal\/index.php\/wp-json\/wp\/v2\/categories?post=7731"},{"taxonomy":"post_tag","embeddable":true,"href":"https:\/\/www.anovapeneira.gal\/index.php\/wp-json\/wp\/v2\/tags?post=7731"}],"curies":[{"name":"wp","href":"https:\/\/api.w.org\/{rel}","templated":true}]}}