{"id":7735,"date":"2022-07-06T09:45:16","date_gmt":"2022-07-06T07:45:16","guid":{"rendered":"https:\/\/www.anovapeneira.gal\/?p=7735"},"modified":"2022-07-05T09:45:28","modified_gmt":"2022-07-05T07:45:28","slug":"o-bng-denuncia-que-a-xunta-bloquea-no-veran-o-10-das-camas-hospitalarias-con-mais-de-40-000-persoas-a-espera-de-operarse","status":"publish","type":"post","link":"https:\/\/www.anovapeneira.gal\/index.php\/2022\/07\/06\/o-bng-denuncia-que-a-xunta-bloquea-no-veran-o-10-das-camas-hospitalarias-con-mais-de-40-000-persoas-a-espera-de-operarse\/","title":{"rendered":"O BNG denuncia que a Xunta bloquea no ver\u00e1n o 10% das camas hospitalarias con m\u00e1is de 40.000 persoas \u00e1 espera de operarse"},"content":{"rendered":"\n<h2 class=\"wp-block-heading\"><strong>Iria Carreira advirte que hai camas bloqueadas dende maio mentres o tempo media de espera cir\u00farxica pasou de 53,9 d\u00edas en 2019 a 78,2 d\u00edas en 2021<\/strong><\/h2>\n\n\n\n<p><strong>Santiago de Compostela, 30 xu\u00f1o 2022<\/strong><\/p>\n\n\n\n<p>A portavoz nacionalista de Sanidade Hospitalaria, Iria Carreira, denunciou no Parlamento galego que a Xunta bloquear\u00e1 o 10% das camas hospitalarias este ver\u00e1n, pese aos \u201calarmantes datos das listas de espera\u201d que cifrou, segundo datos do propio Sergas a 31 de decembro de 2021, en 40.401 pacientes para intervenci\u00f3n cir\u00farxica, fronte \u00e1s 32.906 que hab\u00eda na mesma data de 2020 ou as 32.874 de 2019, previamente \u00e1 irrupci\u00f3n da pandemia.<\/p>\n\n\n\n<p>Nunha pregunta na comisi\u00f3n parlamentaria de Sanidade, Carreira recalcou que o tempo medio de espera cir\u00farxica pasou de 53,9 d\u00edas en 2019 a 78,2 d\u00edas en 2021, ao que sumou o empeoramento tam\u00e9n nos tempos de espera para consulta hospitalaria e que se incrementou en 15 d\u00edas no conxunto do Pa\u00eds respecto do per\u00edodo prepandemia ou de 25 d\u00edas no caso da espera para probas complementarias e diagn\u00f3sticas.<\/p>\n\n\n\n<p>\u201cE tendo claro que estes datos se refiren \u00e1s listas de espera estruturais, porque das non estruturais, nada se sabe: nin cantos pacientes hai, nin canto esperan\u201d, recriminou ao director xeral de Asistencia do Sergas, ao que reclamou unha vez m\u00e1is en sede parlamentaria a publicaci\u00f3n das listas de espera non estruturais e ao que cuestionou polas repercusi\u00f3ns do bloque de camas que, no caso das 33 do servizo de Medicina Interna do hospital provincial de Pontevedra xa est\u00e1n sen utilizarse dende finais de maio.<\/p>\n\n\n\n<p>\u201cImaxinamos que antes de tomar a decisi\u00f3n de bloquear camas, de paralizar quir\u00f3fanos, de diminu\u00edr a actividade, far\u00edan unha avaliaci\u00f3n do que isto vai supo\u00f1er ou tr\u00e1tase simplemente de ir apa\u00f1ando a salto de mata?\u201d, preguntou con severidade para cuestionar a continuaci\u00f3n polas previsi\u00f3ns de Sanidade para cubrir as vacaci\u00f3ns do persoal, cando en moitos casos \u201cnon hai persoal para contratar, non porque se esfume ou desapareza por arte de maxia, sen\u00f3n porque o fai noutras partes porque non est\u00e1 disposto a asumir as condici\u00f3ns laborais do Sergas\u201d&#8221;.<\/p>\n\n\n\n<p>A deputada nacionalista criticou que, mentres se d\u00e1 esta situaci\u00f3n, \u201ccontin\u00faa funcionando a bo ritmo a sanidade privada\u201d e cuestionou \u201ccomo se explica que se deriven pacientes \u00e1 sanidade privada mentres hai camas baleiras nos hospitais p\u00fablicos, mentres hai quir\u00f3fanos parados?\u201d. \u201cResulta obsceno que mentres que hai posibilidade de prestar asistencia na sanidade p\u00fablica, non se faga por manter unha pol\u00edtica de contrataci\u00f3n e unhas condici\u00f3ns laborais p\u00e9simas\u201d, reprobou, para conclu\u00edr: \u201cpor riba, destinando recursos para os centros concertados, para que fagan as mesmas operaci\u00f3ns, as mesmas ecograf\u00edas que se poder\u00edan facer na sanidade p\u00fablica, polas mesmas profesionais que se formaron nela durante anos\u201d.<\/p>\n","protected":false},"excerpt":{"rendered":"<div class=\"mh-excerpt\"><p>Iria Carreira advirte que hai camas bloqueadas dende maio mentres o tempo media de espera cir\u00farxica pasou de 53,9 d\u00edas en 2019 a 78,2 d\u00edas en 2021 <a class=\"mh-excerpt-more\" href=\"https:\/\/www.anovapeneira.gal\/index.php\/2022\/07\/06\/o-bng-denuncia-que-a-xunta-bloquea-no-veran-o-10-das-camas-hospitalarias-con-mais-de-40-000-persoas-a-espera-de-operarse\/\" title=\"O BNG denuncia que a Xunta bloquea no ver\u00e1n o 10% das camas hospitalarias con m\u00e1is de 40.000 persoas \u00e1 espera de operarse\">[&#8230;]<\/a><\/p>\n<\/div>","protected":false},"author":3,"featured_media":7736,"comment_status":"open","ping_status":"open","sticky":false,"template":"","format":"standard","meta":{"_exactmetrics_skip_tracking":false,"_exactmetrics_sitenote_active":false,"_exactmetrics_sitenote_note":"","_exactmetrics_sitenote_category":0,"footnotes":""},"categories":[263],"tags":[10],"class_list":{"0":"post-7735","1":"post","2":"type-post","3":"status-publish","4":"format-standard","5":"has-post-thumbnail","7":"category-novas","8":"tag-bng"},"yoast_head":"<!-- This site is optimized with the Yoast SEO plugin v27.4 - https:\/\/yoast.com\/product\/yoast-seo-wordpress\/ -->\n<title>O BNG denuncia que a Xunta bloquea no ver\u00e1n o 10% das camas hospitalarias con m\u00e1is de 40.000 persoas \u00e1 espera de operarse -<\/title>\n<meta name=\"robots\" content=\"index, follow, max-snippet:-1, max-image-preview:large, max-video-preview:-1\" \/>\n<link rel=\"canonical\" href=\"https:\/\/www.anovapeneira.gal\/index.php\/2022\/07\/06\/o-bng-denuncia-que-a-xunta-bloquea-no-veran-o-10-das-camas-hospitalarias-con-mais-de-40-000-persoas-a-espera-de-operarse\/\" \/>\n<meta property=\"og:locale\" content=\"gl_ES\" \/>\n<meta property=\"og:type\" content=\"article\" \/>\n<meta property=\"og:title\" content=\"O BNG denuncia que a Xunta bloquea no ver\u00e1n o 10% das camas hospitalarias con m\u00e1is de 40.000 persoas \u00e1 espera de operarse -\" \/>\n<meta property=\"og:description\" content=\"Iria Carreira advirte que hai camas bloqueadas dende maio mentres o tempo media de espera cir\u00farxica pasou de 53,9 d\u00edas en 2019 a 78,2 d\u00edas en 2021 [...]\" \/>\n<meta property=\"og:url\" content=\"https:\/\/www.anovapeneira.gal\/index.php\/2022\/07\/06\/o-bng-denuncia-que-a-xunta-bloquea-no-veran-o-10-das-camas-hospitalarias-con-mais-de-40-000-persoas-a-espera-de-operarse\/\" \/>\n<meta property=\"article:publisher\" content=\"https:\/\/www.facebook.com\/anovapeneira\" \/>\n<meta property=\"article:published_time\" content=\"2022-07-06T07:45:16+00:00\" \/>\n<meta property=\"og:image\" content=\"https:\/\/www.anovapeneira.gal\/wp-content\/uploads\/2022\/07\/Iria_Carreira.jpg\" \/>\n\t<meta property=\"og:image:width\" content=\"720\" \/>\n\t<meta property=\"og:image:height\" content=\"432\" \/>\n\t<meta property=\"og:image:type\" content=\"image\/jpeg\" \/>\n<meta name=\"author\" content=\"Redacci\u00f3n A Nova Peneira\" \/>\n<meta name=\"twitter:card\" content=\"summary_large_image\" \/>\n<meta name=\"twitter:creator\" content=\"@APeneira\" \/>\n<meta name=\"twitter:site\" content=\"@APeneira\" \/>\n<meta name=\"twitter:label1\" content=\"Escrito por\" \/>\n\t<meta name=\"twitter:data1\" content=\"Redacci\u00f3n A Nova Peneira\" \/>\n\t<meta name=\"twitter:label2\" content=\"Tempo de lectura\" \/>\n\t<meta name=\"twitter:data2\" content=\"3 minutos\" \/>\n<script type=\"application\/ld+json\" class=\"yoast-schema-graph\">{\"@context\":\"https:\\\/\\\/schema.org\",\"@graph\":[{\"@type\":\"Article\",\"@id\":\"https:\\\/\\\/www.anovapeneira.gal\\\/index.php\\\/2022\\\/07\\\/06\\\/o-bng-denuncia-que-a-xunta-bloquea-no-veran-o-10-das-camas-hospitalarias-con-mais-de-40-000-persoas-a-espera-de-operarse\\\/#article\",\"isPartOf\":{\"@id\":\"https:\\\/\\\/www.anovapeneira.gal\\\/index.php\\\/2022\\\/07\\\/06\\\/o-bng-denuncia-que-a-xunta-bloquea-no-veran-o-10-das-camas-hospitalarias-con-mais-de-40-000-persoas-a-espera-de-operarse\\\/\"},\"author\":{\"name\":\"Redacci\u00f3n A Nova Peneira\",\"@id\":\"https:\\\/\\\/www.anovapeneira.gal\\\/#\\\/schema\\\/person\\\/b93e3f8932e3f8da96334607eb6ac6aa\"},\"headline\":\"O BNG denuncia que a Xunta bloquea no ver\u00e1n o 10% das camas hospitalarias con m\u00e1is de 40.000 persoas \u00e1 espera de operarse\",\"datePublished\":\"2022-07-06T07:45:16+00:00\",\"mainEntityOfPage\":{\"@id\":\"https:\\\/\\\/www.anovapeneira.gal\\\/index.php\\\/2022\\\/07\\\/06\\\/o-bng-denuncia-que-a-xunta-bloquea-no-veran-o-10-das-camas-hospitalarias-con-mais-de-40-000-persoas-a-espera-de-operarse\\\/\"},\"wordCount\":497,\"commentCount\":0,\"publisher\":{\"@id\":\"https:\\\/\\\/www.anovapeneira.gal\\\/#organization\"},\"image\":{\"@id\":\"https:\\\/\\\/www.anovapeneira.gal\\\/index.php\\\/2022\\\/07\\\/06\\\/o-bng-denuncia-que-a-xunta-bloquea-no-veran-o-10-das-camas-hospitalarias-con-mais-de-40-000-persoas-a-espera-de-operarse\\\/#primaryimage\"},\"thumbnailUrl\":\"https:\\\/\\\/www.anovapeneira.gal\\\/wp-content\\\/uploads\\\/2022\\\/07\\\/Iria_Carreira.jpg\",\"keywords\":[\"BNG\"],\"articleSection\":[\"Novas\"],\"inLanguage\":\"gl-ES\",\"potentialAction\":[{\"@type\":\"CommentAction\",\"name\":\"Comment\",\"target\":[\"https:\\\/\\\/www.anovapeneira.gal\\\/index.php\\\/2022\\\/07\\\/06\\\/o-bng-denuncia-que-a-xunta-bloquea-no-veran-o-10-das-camas-hospitalarias-con-mais-de-40-000-persoas-a-espera-de-operarse\\\/#respond\"]}]},{\"@type\":\"WebPage\",\"@id\":\"https:\\\/\\\/www.anovapeneira.gal\\\/index.php\\\/2022\\\/07\\\/06\\\/o-bng-denuncia-que-a-xunta-bloquea-no-veran-o-10-das-camas-hospitalarias-con-mais-de-40-000-persoas-a-espera-de-operarse\\\/\",\"url\":\"https:\\\/\\\/www.anovapeneira.gal\\\/index.php\\\/2022\\\/07\\\/06\\\/o-bng-denuncia-que-a-xunta-bloquea-no-veran-o-10-das-camas-hospitalarias-con-mais-de-40-000-persoas-a-espera-de-operarse\\\/\",\"name\":\"O BNG denuncia que a Xunta bloquea no ver\u00e1n o 10% das camas hospitalarias con m\u00e1is de 40.000 persoas \u00e1 espera de operarse -\",\"isPartOf\":{\"@id\":\"https:\\\/\\\/www.anovapeneira.gal\\\/#website\"},\"primaryImageOfPage\":{\"@id\":\"https:\\\/\\\/www.anovapeneira.gal\\\/index.php\\\/2022\\\/07\\\/06\\\/o-bng-denuncia-que-a-xunta-bloquea-no-veran-o-10-das-camas-hospitalarias-con-mais-de-40-000-persoas-a-espera-de-operarse\\\/#primaryimage\"},\"image\":{\"@id\":\"https:\\\/\\\/www.anovapeneira.gal\\\/index.php\\\/2022\\\/07\\\/06\\\/o-bng-denuncia-que-a-xunta-bloquea-no-veran-o-10-das-camas-hospitalarias-con-mais-de-40-000-persoas-a-espera-de-operarse\\\/#primaryimage\"},\"thumbnailUrl\":\"https:\\\/\\\/www.anovapeneira.gal\\\/wp-content\\\/uploads\\\/2022\\\/07\\\/Iria_Carreira.jpg\",\"datePublished\":\"2022-07-06T07:45:16+00:00\",\"breadcrumb\":{\"@id\":\"https:\\\/\\\/www.anovapeneira.gal\\\/index.php\\\/2022\\\/07\\\/06\\\/o-bng-denuncia-que-a-xunta-bloquea-no-veran-o-10-das-camas-hospitalarias-con-mais-de-40-000-persoas-a-espera-de-operarse\\\/#breadcrumb\"},\"inLanguage\":\"gl-ES\",\"potentialAction\":[{\"@type\":\"ReadAction\",\"target\":[\"https:\\\/\\\/www.anovapeneira.gal\\\/index.php\\\/2022\\\/07\\\/06\\\/o-bng-denuncia-que-a-xunta-bloquea-no-veran-o-10-das-camas-hospitalarias-con-mais-de-40-000-persoas-a-espera-de-operarse\\\/\"]}]},{\"@type\":\"ImageObject\",\"inLanguage\":\"gl-ES\",\"@id\":\"https:\\\/\\\/www.anovapeneira.gal\\\/index.php\\\/2022\\\/07\\\/06\\\/o-bng-denuncia-que-a-xunta-bloquea-no-veran-o-10-das-camas-hospitalarias-con-mais-de-40-000-persoas-a-espera-de-operarse\\\/#primaryimage\",\"url\":\"https:\\\/\\\/www.anovapeneira.gal\\\/wp-content\\\/uploads\\\/2022\\\/07\\\/Iria_Carreira.jpg\",\"contentUrl\":\"https:\\\/\\\/www.anovapeneira.gal\\\/wp-content\\\/uploads\\\/2022\\\/07\\\/Iria_Carreira.jpg\",\"width\":720,\"height\":432,\"caption\":\"Iria Carreira\"},{\"@type\":\"BreadcrumbList\",\"@id\":\"https:\\\/\\\/www.anovapeneira.gal\\\/index.php\\\/2022\\\/07\\\/06\\\/o-bng-denuncia-que-a-xunta-bloquea-no-veran-o-10-das-camas-hospitalarias-con-mais-de-40-000-persoas-a-espera-de-operarse\\\/#breadcrumb\",\"itemListElement\":[{\"@type\":\"ListItem\",\"position\":1,\"name\":\"Portada\",\"item\":\"https:\\\/\\\/www.anovapeneira.gal\\\/\"},{\"@type\":\"ListItem\",\"position\":2,\"name\":\"O BNG denuncia que a Xunta bloquea no ver\u00e1n o 10% das camas hospitalarias con m\u00e1is de 40.000 persoas \u00e1 espera de operarse\"}]},{\"@type\":\"WebSite\",\"@id\":\"https:\\\/\\\/www.anovapeneira.gal\\\/#website\",\"url\":\"https:\\\/\\\/www.anovapeneira.gal\\\/\",\"name\":\"\",\"description\":\"Xornal galego de informaci\u00f3n xeral Publicaci\u00f3n mensual de novas de Galicia e en especial dos Concellos da sur da provincia de Pontevedra.\",\"publisher\":{\"@id\":\"https:\\\/\\\/www.anovapeneira.gal\\\/#organization\"},\"potentialAction\":[{\"@type\":\"SearchAction\",\"target\":{\"@type\":\"EntryPoint\",\"urlTemplate\":\"https:\\\/\\\/www.anovapeneira.gal\\\/?s={search_term_string}\"},\"query-input\":{\"@type\":\"PropertyValueSpecification\",\"valueRequired\":true,\"valueName\":\"search_term_string\"}}],\"inLanguage\":\"gl-ES\"},{\"@type\":\"Organization\",\"@id\":\"https:\\\/\\\/www.anovapeneira.gal\\\/#organization\",\"name\":\"A Nova Peneira\",\"url\":\"https:\\\/\\\/www.anovapeneira.gal\\\/\",\"logo\":{\"@type\":\"ImageObject\",\"inLanguage\":\"gl-ES\",\"@id\":\"https:\\\/\\\/www.anovapeneira.gal\\\/#\\\/schema\\\/logo\\\/image\\\/\",\"url\":\"http:\\\/\\\/www.anovapeneira.gal\\\/wp-content\\\/uploads\\\/2019\\\/06\\\/logo_a_nova_peneira_portal_web.png\",\"contentUrl\":\"http:\\\/\\\/www.anovapeneira.gal\\\/wp-content\\\/uploads\\\/2019\\\/06\\\/logo_a_nova_peneira_portal_web.png\",\"width\":300,\"height\":100,\"caption\":\"A Nova Peneira\"},\"image\":{\"@id\":\"https:\\\/\\\/www.anovapeneira.gal\\\/#\\\/schema\\\/logo\\\/image\\\/\"},\"sameAs\":[\"https:\\\/\\\/www.facebook.com\\\/anovapeneira\",\"https:\\\/\\\/x.com\\\/APeneira\"]},{\"@type\":\"Person\",\"@id\":\"https:\\\/\\\/www.anovapeneira.gal\\\/#\\\/schema\\\/person\\\/b93e3f8932e3f8da96334607eb6ac6aa\",\"name\":\"Redacci\u00f3n A Nova Peneira\",\"image\":{\"@type\":\"ImageObject\",\"inLanguage\":\"gl-ES\",\"@id\":\"https:\\\/\\\/secure.gravatar.com\\\/avatar\\\/c052a2551a06e23fac63626232eaa90abd78dbcf1700fc46a2b2c89fd27b735f?s=96&d=mm&r=g\",\"url\":\"https:\\\/\\\/secure.gravatar.com\\\/avatar\\\/c052a2551a06e23fac63626232eaa90abd78dbcf1700fc46a2b2c89fd27b735f?s=96&d=mm&r=g\",\"contentUrl\":\"https:\\\/\\\/secure.gravatar.com\\\/avatar\\\/c052a2551a06e23fac63626232eaa90abd78dbcf1700fc46a2b2c89fd27b735f?s=96&d=mm&r=g\",\"caption\":\"Redacci\u00f3n A Nova Peneira\"},\"sameAs\":[\"http:\\\/\\\/www.anovapeneira.gal\\\/\"],\"url\":\"https:\\\/\\\/www.anovapeneira.gal\\\/index.php\\\/author\\\/redactor\\\/\"}]}<\/script>\n<!-- \/ Yoast SEO plugin. -->","yoast_head_json":{"title":"O BNG denuncia que a Xunta bloquea no ver\u00e1n o 10% das camas hospitalarias con m\u00e1is de 40.000 persoas \u00e1 espera de operarse -","robots":{"index":"index","follow":"follow","max-snippet":"max-snippet:-1","max-image-preview":"max-image-preview:large","max-video-preview":"max-video-preview:-1"},"canonical":"https:\/\/www.anovapeneira.gal\/index.php\/2022\/07\/06\/o-bng-denuncia-que-a-xunta-bloquea-no-veran-o-10-das-camas-hospitalarias-con-mais-de-40-000-persoas-a-espera-de-operarse\/","og_locale":"gl_ES","og_type":"article","og_title":"O BNG denuncia que a Xunta bloquea no ver\u00e1n o 10% das camas hospitalarias con m\u00e1is de 40.000 persoas \u00e1 espera de operarse -","og_description":"Iria Carreira advirte que hai camas bloqueadas dende maio mentres o tempo media de espera cir\u00farxica pasou de 53,9 d\u00edas en 2019 a 78,2 d\u00edas en 2021 [...]","og_url":"https:\/\/www.anovapeneira.gal\/index.php\/2022\/07\/06\/o-bng-denuncia-que-a-xunta-bloquea-no-veran-o-10-das-camas-hospitalarias-con-mais-de-40-000-persoas-a-espera-de-operarse\/","article_publisher":"https:\/\/www.facebook.com\/anovapeneira","article_published_time":"2022-07-06T07:45:16+00:00","og_image":[{"width":720,"height":432,"url":"https:\/\/www.anovapeneira.gal\/wp-content\/uploads\/2022\/07\/Iria_Carreira.jpg","type":"image\/jpeg"}],"author":"Redacci\u00f3n A Nova Peneira","twitter_card":"summary_large_image","twitter_creator":"@APeneira","twitter_site":"@APeneira","twitter_misc":{"Escrito por":"Redacci\u00f3n A Nova Peneira","Tempo de lectura":"3 minutos"},"schema":{"@context":"https:\/\/schema.org","@graph":[{"@type":"Article","@id":"https:\/\/www.anovapeneira.gal\/index.php\/2022\/07\/06\/o-bng-denuncia-que-a-xunta-bloquea-no-veran-o-10-das-camas-hospitalarias-con-mais-de-40-000-persoas-a-espera-de-operarse\/#article","isPartOf":{"@id":"https:\/\/www.anovapeneira.gal\/index.php\/2022\/07\/06\/o-bng-denuncia-que-a-xunta-bloquea-no-veran-o-10-das-camas-hospitalarias-con-mais-de-40-000-persoas-a-espera-de-operarse\/"},"author":{"name":"Redacci\u00f3n A Nova Peneira","@id":"https:\/\/www.anovapeneira.gal\/#\/schema\/person\/b93e3f8932e3f8da96334607eb6ac6aa"},"headline":"O BNG denuncia que a Xunta bloquea no ver\u00e1n o 10% das camas hospitalarias con m\u00e1is de 40.000 persoas \u00e1 espera de operarse","datePublished":"2022-07-06T07:45:16+00:00","mainEntityOfPage":{"@id":"https:\/\/www.anovapeneira.gal\/index.php\/2022\/07\/06\/o-bng-denuncia-que-a-xunta-bloquea-no-veran-o-10-das-camas-hospitalarias-con-mais-de-40-000-persoas-a-espera-de-operarse\/"},"wordCount":497,"commentCount":0,"publisher":{"@id":"https:\/\/www.anovapeneira.gal\/#organization"},"image":{"@id":"https:\/\/www.anovapeneira.gal\/index.php\/2022\/07\/06\/o-bng-denuncia-que-a-xunta-bloquea-no-veran-o-10-das-camas-hospitalarias-con-mais-de-40-000-persoas-a-espera-de-operarse\/#primaryimage"},"thumbnailUrl":"https:\/\/www.anovapeneira.gal\/wp-content\/uploads\/2022\/07\/Iria_Carreira.jpg","keywords":["BNG"],"articleSection":["Novas"],"inLanguage":"gl-ES","potentialAction":[{"@type":"CommentAction","name":"Comment","target":["https:\/\/www.anovapeneira.gal\/index.php\/2022\/07\/06\/o-bng-denuncia-que-a-xunta-bloquea-no-veran-o-10-das-camas-hospitalarias-con-mais-de-40-000-persoas-a-espera-de-operarse\/#respond"]}]},{"@type":"WebPage","@id":"https:\/\/www.anovapeneira.gal\/index.php\/2022\/07\/06\/o-bng-denuncia-que-a-xunta-bloquea-no-veran-o-10-das-camas-hospitalarias-con-mais-de-40-000-persoas-a-espera-de-operarse\/","url":"https:\/\/www.anovapeneira.gal\/index.php\/2022\/07\/06\/o-bng-denuncia-que-a-xunta-bloquea-no-veran-o-10-das-camas-hospitalarias-con-mais-de-40-000-persoas-a-espera-de-operarse\/","name":"O BNG denuncia que a Xunta bloquea no ver\u00e1n o 10% das camas hospitalarias con m\u00e1is de 40.000 persoas \u00e1 espera de operarse -","isPartOf":{"@id":"https:\/\/www.anovapeneira.gal\/#website"},"primaryImageOfPage":{"@id":"https:\/\/www.anovapeneira.gal\/index.php\/2022\/07\/06\/o-bng-denuncia-que-a-xunta-bloquea-no-veran-o-10-das-camas-hospitalarias-con-mais-de-40-000-persoas-a-espera-de-operarse\/#primaryimage"},"image":{"@id":"https:\/\/www.anovapeneira.gal\/index.php\/2022\/07\/06\/o-bng-denuncia-que-a-xunta-bloquea-no-veran-o-10-das-camas-hospitalarias-con-mais-de-40-000-persoas-a-espera-de-operarse\/#primaryimage"},"thumbnailUrl":"https:\/\/www.anovapeneira.gal\/wp-content\/uploads\/2022\/07\/Iria_Carreira.jpg","datePublished":"2022-07-06T07:45:16+00:00","breadcrumb":{"@id":"https:\/\/www.anovapeneira.gal\/index.php\/2022\/07\/06\/o-bng-denuncia-que-a-xunta-bloquea-no-veran-o-10-das-camas-hospitalarias-con-mais-de-40-000-persoas-a-espera-de-operarse\/#breadcrumb"},"inLanguage":"gl-ES","potentialAction":[{"@type":"ReadAction","target":["https:\/\/www.anovapeneira.gal\/index.php\/2022\/07\/06\/o-bng-denuncia-que-a-xunta-bloquea-no-veran-o-10-das-camas-hospitalarias-con-mais-de-40-000-persoas-a-espera-de-operarse\/"]}]},{"@type":"ImageObject","inLanguage":"gl-ES","@id":"https:\/\/www.anovapeneira.gal\/index.php\/2022\/07\/06\/o-bng-denuncia-que-a-xunta-bloquea-no-veran-o-10-das-camas-hospitalarias-con-mais-de-40-000-persoas-a-espera-de-operarse\/#primaryimage","url":"https:\/\/www.anovapeneira.gal\/wp-content\/uploads\/2022\/07\/Iria_Carreira.jpg","contentUrl":"https:\/\/www.anovapeneira.gal\/wp-content\/uploads\/2022\/07\/Iria_Carreira.jpg","width":720,"height":432,"caption":"Iria Carreira"},{"@type":"BreadcrumbList","@id":"https:\/\/www.anovapeneira.gal\/index.php\/2022\/07\/06\/o-bng-denuncia-que-a-xunta-bloquea-no-veran-o-10-das-camas-hospitalarias-con-mais-de-40-000-persoas-a-espera-de-operarse\/#breadcrumb","itemListElement":[{"@type":"ListItem","position":1,"name":"Portada","item":"https:\/\/www.anovapeneira.gal\/"},{"@type":"ListItem","position":2,"name":"O BNG denuncia que a Xunta bloquea no ver\u00e1n o 10% das camas hospitalarias con m\u00e1is de 40.000 persoas \u00e1 espera de operarse"}]},{"@type":"WebSite","@id":"https:\/\/www.anovapeneira.gal\/#website","url":"https:\/\/www.anovapeneira.gal\/","name":"","description":"Xornal galego de informaci\u00f3n xeral Publicaci\u00f3n mensual de novas de Galicia e en especial dos Concellos da sur da provincia de Pontevedra.","publisher":{"@id":"https:\/\/www.anovapeneira.gal\/#organization"},"potentialAction":[{"@type":"SearchAction","target":{"@type":"EntryPoint","urlTemplate":"https:\/\/www.anovapeneira.gal\/?s={search_term_string}"},"query-input":{"@type":"PropertyValueSpecification","valueRequired":true,"valueName":"search_term_string"}}],"inLanguage":"gl-ES"},{"@type":"Organization","@id":"https:\/\/www.anovapeneira.gal\/#organization","name":"A Nova Peneira","url":"https:\/\/www.anovapeneira.gal\/","logo":{"@type":"ImageObject","inLanguage":"gl-ES","@id":"https:\/\/www.anovapeneira.gal\/#\/schema\/logo\/image\/","url":"http:\/\/www.anovapeneira.gal\/wp-content\/uploads\/2019\/06\/logo_a_nova_peneira_portal_web.png","contentUrl":"http:\/\/www.anovapeneira.gal\/wp-content\/uploads\/2019\/06\/logo_a_nova_peneira_portal_web.png","width":300,"height":100,"caption":"A Nova Peneira"},"image":{"@id":"https:\/\/www.anovapeneira.gal\/#\/schema\/logo\/image\/"},"sameAs":["https:\/\/www.facebook.com\/anovapeneira","https:\/\/x.com\/APeneira"]},{"@type":"Person","@id":"https:\/\/www.anovapeneira.gal\/#\/schema\/person\/b93e3f8932e3f8da96334607eb6ac6aa","name":"Redacci\u00f3n A Nova Peneira","image":{"@type":"ImageObject","inLanguage":"gl-ES","@id":"https:\/\/secure.gravatar.com\/avatar\/c052a2551a06e23fac63626232eaa90abd78dbcf1700fc46a2b2c89fd27b735f?s=96&d=mm&r=g","url":"https:\/\/secure.gravatar.com\/avatar\/c052a2551a06e23fac63626232eaa90abd78dbcf1700fc46a2b2c89fd27b735f?s=96&d=mm&r=g","contentUrl":"https:\/\/secure.gravatar.com\/avatar\/c052a2551a06e23fac63626232eaa90abd78dbcf1700fc46a2b2c89fd27b735f?s=96&d=mm&r=g","caption":"Redacci\u00f3n A Nova Peneira"},"sameAs":["http:\/\/www.anovapeneira.gal\/"],"url":"https:\/\/www.anovapeneira.gal\/index.php\/author\/redactor\/"}]}},"jetpack_featured_media_url":"https:\/\/www.anovapeneira.gal\/wp-content\/uploads\/2022\/07\/Iria_Carreira.jpg","_links":{"self":[{"href":"https:\/\/www.anovapeneira.gal\/index.php\/wp-json\/wp\/v2\/posts\/7735","targetHints":{"allow":["GET"]}}],"collection":[{"href":"https:\/\/www.anovapeneira.gal\/index.php\/wp-json\/wp\/v2\/posts"}],"about":[{"href":"https:\/\/www.anovapeneira.gal\/index.php\/wp-json\/wp\/v2\/types\/post"}],"author":[{"embeddable":true,"href":"https:\/\/www.anovapeneira.gal\/index.php\/wp-json\/wp\/v2\/users\/3"}],"replies":[{"embeddable":true,"href":"https:\/\/www.anovapeneira.gal\/index.php\/wp-json\/wp\/v2\/comments?post=7735"}],"version-history":[{"count":1,"href":"https:\/\/www.anovapeneira.gal\/index.php\/wp-json\/wp\/v2\/posts\/7735\/revisions"}],"predecessor-version":[{"id":7737,"href":"https:\/\/www.anovapeneira.gal\/index.php\/wp-json\/wp\/v2\/posts\/7735\/revisions\/7737"}],"wp:featuredmedia":[{"embeddable":true,"href":"https:\/\/www.anovapeneira.gal\/index.php\/wp-json\/wp\/v2\/media\/7736"}],"wp:attachment":[{"href":"https:\/\/www.anovapeneira.gal\/index.php\/wp-json\/wp\/v2\/media?parent=7735"}],"wp:term":[{"taxonomy":"category","embeddable":true,"href":"https:\/\/www.anovapeneira.gal\/index.php\/wp-json\/wp\/v2\/categories?post=7735"},{"taxonomy":"post_tag","embeddable":true,"href":"https:\/\/www.anovapeneira.gal\/index.php\/wp-json\/wp\/v2\/tags?post=7735"}],"curies":[{"name":"wp","href":"https:\/\/api.w.org\/{rel}","templated":true}]}}