{"id":7738,"date":"2022-07-07T10:00:39","date_gmt":"2022-07-07T08:00:39","guid":{"rendered":"https:\/\/www.anovapeneira.gal\/?p=7738"},"modified":"2022-07-05T12:33:03","modified_gmt":"2022-07-05T10:33:03","slug":"unha-vida-en-cinco-minutos","status":"publish","type":"post","link":"https:\/\/www.anovapeneira.gal\/index.php\/2022\/07\/07\/unha-vida-en-cinco-minutos\/","title":{"rendered":"Unha vida en cinco minutos"},"content":{"rendered":"\n<pre class=\"wp-block-verse\">Carlos M\u00e9ixome<\/pre>\n\n\n\n<p>Hai novelas constru\u00eddas sobre unha inmensa fartura de personaxes. Estou a pensar, por po\u00f1er alg\u00fan caso, en <em>Manhattan Transfer<\/em> (1925) de John Dos Passos, por certo que de pai portugu\u00e9s, polo que ser\u00eda, en orixe, Pa\u00e7os; no <em>Berl\u00edn Alexander Platz<\/em> (1929) de Alfred D\u00f6blin ou en <em>La Colmena <\/em>(1951) de Cela. Toda esta enxurrada de personaxes, a\u00ednda que non sexan m\u00e1is que vagarosas descrici\u00f3ns, te\u00f1en que ser froito de moitas escoitas indiscretas, de moitas orellas postas con m\u00e1is ou menos disimulo e non s\u00f3 da copiosa imaxinaci\u00f3n de grandezas literarias como as citadas. F\u00f3ronme por a\u00ed os matinares por un caso que me aconteceu ese outro d\u00eda, cando fun xantar en soidade de persoa e abundancia de viandas.<\/p>\n\n\n\n<p>Na mesa veci\u00f1a, un home de 71 anos, ante un caf\u00e9 con leite de compromiso, cun ton sonoro suficiente como para que escoit\u00e1semos con nitidez, cont\u00e1balle, ledo e fachendoso, \u00e1 s\u00faa o\u00eddora, unha muller parapetada tras a s\u00faa ca\u00f1a de \u201cmilnove\u201d, a s\u00faa \u00faltima aventura vital.<\/p>\n\n\n\n<p>\u201cTra\u00e9deme unha manta que morro\u201d, dic\u00edalle que lles dixo: \u201cmorro de fr\u00edo\u2026, morro de fr\u00edo\u201d. Acoch\u00e1rono ben, pero segu\u00eda a tremer. Ao pouco, non moito, chegaron os da ambulancia. Bot\u00e1ronme un ollo e dix\u00e9ronme \u201cle vamos a poner un pinchacito\u201d; \u201cbueno, pois po\u00f1an\u201d. Un bocadi\u00f1o despois, volv\u00e9ronme dicir \u201cle vamos a poner otro pinchacito\u201d; po\u00f1an logo! Agardaron outro anaco e pregunt\u00e1ronme cantos anos ti\u00f1a, d\u00edxenllo; se sab\u00eda que d\u00eda era, contesteille; se me acordaba do n\u00famero do carn\u00e9, deille os n\u00fameros todos de seguido. Mand\u00e1ronme ficar deitado e que non me erguese en tres horas. E aqu\u00ed estou, coma novo, afirmou fachendoso,ante a admiraci\u00f3n da compa\u00f1eira de mesa. \u00c9 que, muller, baixoume a tensi\u00f3n a cero!<\/p>\n\n\n\n<p>Aproveitando a especial experiencia acordou contarlle o resto da s\u00faa vida, en cr\u00f3nica sint\u00e9tica,\u00e1 compa\u00f1eira degustadora de cervexa. Como s\u00faa nai nunca estivera moi ben, mentres viviu, coidouna. Botara 36 anos na coci\u00f1a dun restaurante de certa sona, ata que un d\u00eda o Pepe xubilouse e ao d\u00eda seguinte pechou a porta. Quedei sen choio. Pero ti\u00f1a que traballar, que ti\u00f1a 57 anos. Mais nunca fun de andar a pedir traballo. A verdade \u00e9 que sempre tiven sorte; vi\u00f1\u00e9ronme buscar. As\u00ed ata que me xubilei, mentres segu\u00eda coidando da nai, porque o meu pai, cando eu ti\u00f1a tres ou catro anos, marchou para o Brasil e nunca m\u00e1is se soubo. Ben, si, nunha ocasi\u00f3n, sendo xa eu un mozote, veu dar unha volta, ver que pasaba, como andaban as cousas e por se acaso mi\u00f1a nai o quer\u00eda de novo. Pero un meu t\u00edo agarrouno polos colares e ao d\u00eda seguinte desapareceu. Nunca m\u00e1is se soubo. E a\u00ed fiquei, traballando e coidando da nai; pobri\u00f1a, moito padeceu coa enfermidade.<\/p>\n\n\n\n<p>Eu disimulaba como pod\u00eda o meu papel de espreitador furtivo, evitando as olladas directas do relator, facendo que me entreti\u00f1a no m\u00f3bil,absorto no ir e vir das talladas de polbo ou engulindo un biqui\u00f1o dun glorioso branco do Ribeiro. Cando comezaba a dar conta dunha dourada posta de churrasco de porco ib\u00e9rico, os meus compa\u00f1eiros de faladoiro, ao mellor \u00e9 moito chamarlles as\u00ed, pero case, decidiron dar por rematada a confesi\u00f3n. O relator pasou por onda min, fitoume con familiaridade e desexoume unha boa tarde e un bo proveito. Agradecinllo.<\/p>\n\n\n\n<p>Fiquei s\u00f3. Os matinares voaron a Amanda e aqueles cinco minutos que ti\u00f1a na sa\u00edda da fabrica para estar co Manuel. Ben recordan a Victor Jara, non si? Pareceume que a vida daquel home foran cinco minutos. O tempo que empregou en contala.<\/p>\n","protected":false},"excerpt":{"rendered":"<div class=\"mh-excerpt\"><p>Hai novelas constru\u00eddas sobre unha inmensa fartura de personaxes. Estou a pensar, por po\u00f1er alg\u00fan caso, en Manhattan Transfer (1925) de John Dos Passos, por certo que de pai portugu\u00e9s, polo que ser\u00eda, en orixe, Pa\u00e7os <a class=\"mh-excerpt-more\" href=\"https:\/\/www.anovapeneira.gal\/index.php\/2022\/07\/07\/unha-vida-en-cinco-minutos\/\" title=\"Unha vida en cinco minutos\">[&#8230;]<\/a><\/p>\n<\/div>","protected":false},"author":28,"featured_media":5039,"comment_status":"open","ping_status":"open","sticky":false,"template":"","format":"standard","meta":{"_exactmetrics_skip_tracking":false,"_exactmetrics_sitenote_active":false,"_exactmetrics_sitenote_note":"","_exactmetrics_sitenote_category":0,"footnotes":""},"categories":[7],"tags":[],"class_list":{"0":"post-7738","1":"post","2":"type-post","3":"status-publish","4":"format-standard","5":"has-post-thumbnail","7":"category-artigos-de-opinion"},"yoast_head":"<!-- This site is optimized with the Yoast SEO plugin v27.5 - https:\/\/yoast.com\/product\/yoast-seo-wordpress\/ -->\n<title>Unha vida en cinco minutos -<\/title>\n<meta name=\"description\" content=\"Hai novelas constru\u00eddas sobre unha inmensa fartura de personaxes.\" \/>\n<meta name=\"robots\" content=\"index, follow, max-snippet:-1, max-image-preview:large, max-video-preview:-1\" \/>\n<link rel=\"canonical\" href=\"https:\/\/www.anovapeneira.gal\/index.php\/2022\/07\/07\/unha-vida-en-cinco-minutos\/\" \/>\n<meta property=\"og:locale\" content=\"gl_ES\" \/>\n<meta property=\"og:type\" content=\"article\" \/>\n<meta property=\"og:title\" content=\"Unha vida en cinco minutos -\" \/>\n<meta property=\"og:description\" content=\"Hai novelas constru\u00eddas sobre unha inmensa fartura de personaxes.\" \/>\n<meta property=\"og:url\" content=\"https:\/\/www.anovapeneira.gal\/index.php\/2022\/07\/07\/unha-vida-en-cinco-minutos\/\" \/>\n<meta property=\"article:publisher\" content=\"https:\/\/www.facebook.com\/anovapeneira\" \/>\n<meta property=\"article:published_time\" content=\"2022-07-07T08:00:39+00:00\" \/>\n<meta property=\"og:image\" content=\"https:\/\/www.anovapeneira.gal\/wp-content\/uploads\/2021\/03\/carlos_meixome.jpg\" \/>\n\t<meta property=\"og:image:width\" content=\"720\" \/>\n\t<meta property=\"og:image:height\" content=\"432\" \/>\n\t<meta property=\"og:image:type\" content=\"image\/jpeg\" \/>\n<meta name=\"author\" content=\"Carlos M\u00e9ixome\" \/>\n<meta name=\"twitter:card\" content=\"summary_large_image\" \/>\n<meta name=\"twitter:creator\" content=\"@APeneira\" \/>\n<meta name=\"twitter:site\" content=\"@APeneira\" \/>\n<meta name=\"twitter:label1\" content=\"Escrito por\" \/>\n\t<meta name=\"twitter:data1\" content=\"Carlos M\u00e9ixome\" \/>\n\t<meta name=\"twitter:label2\" content=\"Tempo de lectura\" \/>\n\t<meta name=\"twitter:data2\" content=\"4 minutos\" \/>\n<script type=\"application\/ld+json\" class=\"yoast-schema-graph\">{\"@context\":\"https:\\\/\\\/schema.org\",\"@graph\":[{\"@type\":\"Article\",\"@id\":\"https:\\\/\\\/www.anovapeneira.gal\\\/index.php\\\/2022\\\/07\\\/07\\\/unha-vida-en-cinco-minutos\\\/#article\",\"isPartOf\":{\"@id\":\"https:\\\/\\\/www.anovapeneira.gal\\\/index.php\\\/2022\\\/07\\\/07\\\/unha-vida-en-cinco-minutos\\\/\"},\"author\":{\"name\":\"Carlos M\u00e9ixome\",\"@id\":\"https:\\\/\\\/www.anovapeneira.gal\\\/#\\\/schema\\\/person\\\/2b153a5dc1eb464bd57627c809057031\"},\"headline\":\"Unha vida en cinco minutos\",\"datePublished\":\"2022-07-07T08:00:39+00:00\",\"mainEntityOfPage\":{\"@id\":\"https:\\\/\\\/www.anovapeneira.gal\\\/index.php\\\/2022\\\/07\\\/07\\\/unha-vida-en-cinco-minutos\\\/\"},\"wordCount\":656,\"commentCount\":0,\"publisher\":{\"@id\":\"https:\\\/\\\/www.anovapeneira.gal\\\/#organization\"},\"image\":{\"@id\":\"https:\\\/\\\/www.anovapeneira.gal\\\/index.php\\\/2022\\\/07\\\/07\\\/unha-vida-en-cinco-minutos\\\/#primaryimage\"},\"thumbnailUrl\":\"https:\\\/\\\/www.anovapeneira.gal\\\/wp-content\\\/uploads\\\/2021\\\/03\\\/carlos_meixome.jpg\",\"articleSection\":[\"Artigos de opini\u00f3n\"],\"inLanguage\":\"gl-ES\",\"potentialAction\":[{\"@type\":\"CommentAction\",\"name\":\"Comment\",\"target\":[\"https:\\\/\\\/www.anovapeneira.gal\\\/index.php\\\/2022\\\/07\\\/07\\\/unha-vida-en-cinco-minutos\\\/#respond\"]}]},{\"@type\":\"WebPage\",\"@id\":\"https:\\\/\\\/www.anovapeneira.gal\\\/index.php\\\/2022\\\/07\\\/07\\\/unha-vida-en-cinco-minutos\\\/\",\"url\":\"https:\\\/\\\/www.anovapeneira.gal\\\/index.php\\\/2022\\\/07\\\/07\\\/unha-vida-en-cinco-minutos\\\/\",\"name\":\"Unha vida en cinco minutos -\",\"isPartOf\":{\"@id\":\"https:\\\/\\\/www.anovapeneira.gal\\\/#website\"},\"primaryImageOfPage\":{\"@id\":\"https:\\\/\\\/www.anovapeneira.gal\\\/index.php\\\/2022\\\/07\\\/07\\\/unha-vida-en-cinco-minutos\\\/#primaryimage\"},\"image\":{\"@id\":\"https:\\\/\\\/www.anovapeneira.gal\\\/index.php\\\/2022\\\/07\\\/07\\\/unha-vida-en-cinco-minutos\\\/#primaryimage\"},\"thumbnailUrl\":\"https:\\\/\\\/www.anovapeneira.gal\\\/wp-content\\\/uploads\\\/2021\\\/03\\\/carlos_meixome.jpg\",\"datePublished\":\"2022-07-07T08:00:39+00:00\",\"description\":\"Hai novelas constru\u00eddas sobre unha inmensa fartura de personaxes.\",\"breadcrumb\":{\"@id\":\"https:\\\/\\\/www.anovapeneira.gal\\\/index.php\\\/2022\\\/07\\\/07\\\/unha-vida-en-cinco-minutos\\\/#breadcrumb\"},\"inLanguage\":\"gl-ES\",\"potentialAction\":[{\"@type\":\"ReadAction\",\"target\":[\"https:\\\/\\\/www.anovapeneira.gal\\\/index.php\\\/2022\\\/07\\\/07\\\/unha-vida-en-cinco-minutos\\\/\"]}]},{\"@type\":\"ImageObject\",\"inLanguage\":\"gl-ES\",\"@id\":\"https:\\\/\\\/www.anovapeneira.gal\\\/index.php\\\/2022\\\/07\\\/07\\\/unha-vida-en-cinco-minutos\\\/#primaryimage\",\"url\":\"https:\\\/\\\/www.anovapeneira.gal\\\/wp-content\\\/uploads\\\/2021\\\/03\\\/carlos_meixome.jpg\",\"contentUrl\":\"https:\\\/\\\/www.anovapeneira.gal\\\/wp-content\\\/uploads\\\/2021\\\/03\\\/carlos_meixome.jpg\",\"width\":720,\"height\":432,\"caption\":\"Carlos M\u00e9ixome, historiador e escritor\"},{\"@type\":\"BreadcrumbList\",\"@id\":\"https:\\\/\\\/www.anovapeneira.gal\\\/index.php\\\/2022\\\/07\\\/07\\\/unha-vida-en-cinco-minutos\\\/#breadcrumb\",\"itemListElement\":[{\"@type\":\"ListItem\",\"position\":1,\"name\":\"Portada\",\"item\":\"https:\\\/\\\/www.anovapeneira.gal\\\/\"},{\"@type\":\"ListItem\",\"position\":2,\"name\":\"Unha vida en cinco minutos\"}]},{\"@type\":\"WebSite\",\"@id\":\"https:\\\/\\\/www.anovapeneira.gal\\\/#website\",\"url\":\"https:\\\/\\\/www.anovapeneira.gal\\\/\",\"name\":\"\",\"description\":\"Xornal galego de informaci\u00f3n xeral Publicaci\u00f3n mensual de novas de Galicia e en especial dos Concellos da sur da provincia de Pontevedra.\",\"publisher\":{\"@id\":\"https:\\\/\\\/www.anovapeneira.gal\\\/#organization\"},\"potentialAction\":[{\"@type\":\"SearchAction\",\"target\":{\"@type\":\"EntryPoint\",\"urlTemplate\":\"https:\\\/\\\/www.anovapeneira.gal\\\/?s={search_term_string}\"},\"query-input\":{\"@type\":\"PropertyValueSpecification\",\"valueRequired\":true,\"valueName\":\"search_term_string\"}}],\"inLanguage\":\"gl-ES\"},{\"@type\":\"Organization\",\"@id\":\"https:\\\/\\\/www.anovapeneira.gal\\\/#organization\",\"name\":\"A Nova Peneira\",\"url\":\"https:\\\/\\\/www.anovapeneira.gal\\\/\",\"logo\":{\"@type\":\"ImageObject\",\"inLanguage\":\"gl-ES\",\"@id\":\"https:\\\/\\\/www.anovapeneira.gal\\\/#\\\/schema\\\/logo\\\/image\\\/\",\"url\":\"http:\\\/\\\/www.anovapeneira.gal\\\/wp-content\\\/uploads\\\/2019\\\/06\\\/logo_a_nova_peneira_portal_web.png\",\"contentUrl\":\"http:\\\/\\\/www.anovapeneira.gal\\\/wp-content\\\/uploads\\\/2019\\\/06\\\/logo_a_nova_peneira_portal_web.png\",\"width\":300,\"height\":100,\"caption\":\"A Nova Peneira\"},\"image\":{\"@id\":\"https:\\\/\\\/www.anovapeneira.gal\\\/#\\\/schema\\\/logo\\\/image\\\/\"},\"sameAs\":[\"https:\\\/\\\/www.facebook.com\\\/anovapeneira\",\"https:\\\/\\\/x.com\\\/APeneira\"]},{\"@type\":\"Person\",\"@id\":\"https:\\\/\\\/www.anovapeneira.gal\\\/#\\\/schema\\\/person\\\/2b153a5dc1eb464bd57627c809057031\",\"name\":\"Carlos M\u00e9ixome\",\"image\":{\"@type\":\"ImageObject\",\"inLanguage\":\"gl-ES\",\"@id\":\"https:\\\/\\\/secure.gravatar.com\\\/avatar\\\/4a156c6183f8f634f0b5226ef6d55cfbb3b2fe17a025ab46bfb1c737c737f0cf?s=96&d=mm&r=g\",\"url\":\"https:\\\/\\\/secure.gravatar.com\\\/avatar\\\/4a156c6183f8f634f0b5226ef6d55cfbb3b2fe17a025ab46bfb1c737c737f0cf?s=96&d=mm&r=g\",\"contentUrl\":\"https:\\\/\\\/secure.gravatar.com\\\/avatar\\\/4a156c6183f8f634f0b5226ef6d55cfbb3b2fe17a025ab46bfb1c737c737f0cf?s=96&d=mm&r=g\",\"caption\":\"Carlos M\u00e9ixome\"},\"url\":\"https:\\\/\\\/www.anovapeneira.gal\\\/index.php\\\/author\\\/carlosmeixome\\\/\"}]}<\/script>\n<!-- \/ Yoast SEO plugin. -->","yoast_head_json":{"title":"Unha vida en cinco minutos -","description":"Hai novelas constru\u00eddas sobre unha inmensa fartura de personaxes.","robots":{"index":"index","follow":"follow","max-snippet":"max-snippet:-1","max-image-preview":"max-image-preview:large","max-video-preview":"max-video-preview:-1"},"canonical":"https:\/\/www.anovapeneira.gal\/index.php\/2022\/07\/07\/unha-vida-en-cinco-minutos\/","og_locale":"gl_ES","og_type":"article","og_title":"Unha vida en cinco minutos -","og_description":"Hai novelas constru\u00eddas sobre unha inmensa fartura de personaxes.","og_url":"https:\/\/www.anovapeneira.gal\/index.php\/2022\/07\/07\/unha-vida-en-cinco-minutos\/","article_publisher":"https:\/\/www.facebook.com\/anovapeneira","article_published_time":"2022-07-07T08:00:39+00:00","og_image":[{"width":720,"height":432,"url":"https:\/\/www.anovapeneira.gal\/wp-content\/uploads\/2021\/03\/carlos_meixome.jpg","type":"image\/jpeg"}],"author":"Carlos M\u00e9ixome","twitter_card":"summary_large_image","twitter_creator":"@APeneira","twitter_site":"@APeneira","twitter_misc":{"Escrito por":"Carlos M\u00e9ixome","Tempo de lectura":"4 minutos"},"schema":{"@context":"https:\/\/schema.org","@graph":[{"@type":"Article","@id":"https:\/\/www.anovapeneira.gal\/index.php\/2022\/07\/07\/unha-vida-en-cinco-minutos\/#article","isPartOf":{"@id":"https:\/\/www.anovapeneira.gal\/index.php\/2022\/07\/07\/unha-vida-en-cinco-minutos\/"},"author":{"name":"Carlos M\u00e9ixome","@id":"https:\/\/www.anovapeneira.gal\/#\/schema\/person\/2b153a5dc1eb464bd57627c809057031"},"headline":"Unha vida en cinco minutos","datePublished":"2022-07-07T08:00:39+00:00","mainEntityOfPage":{"@id":"https:\/\/www.anovapeneira.gal\/index.php\/2022\/07\/07\/unha-vida-en-cinco-minutos\/"},"wordCount":656,"commentCount":0,"publisher":{"@id":"https:\/\/www.anovapeneira.gal\/#organization"},"image":{"@id":"https:\/\/www.anovapeneira.gal\/index.php\/2022\/07\/07\/unha-vida-en-cinco-minutos\/#primaryimage"},"thumbnailUrl":"https:\/\/www.anovapeneira.gal\/wp-content\/uploads\/2021\/03\/carlos_meixome.jpg","articleSection":["Artigos de opini\u00f3n"],"inLanguage":"gl-ES","potentialAction":[{"@type":"CommentAction","name":"Comment","target":["https:\/\/www.anovapeneira.gal\/index.php\/2022\/07\/07\/unha-vida-en-cinco-minutos\/#respond"]}]},{"@type":"WebPage","@id":"https:\/\/www.anovapeneira.gal\/index.php\/2022\/07\/07\/unha-vida-en-cinco-minutos\/","url":"https:\/\/www.anovapeneira.gal\/index.php\/2022\/07\/07\/unha-vida-en-cinco-minutos\/","name":"Unha vida en cinco minutos -","isPartOf":{"@id":"https:\/\/www.anovapeneira.gal\/#website"},"primaryImageOfPage":{"@id":"https:\/\/www.anovapeneira.gal\/index.php\/2022\/07\/07\/unha-vida-en-cinco-minutos\/#primaryimage"},"image":{"@id":"https:\/\/www.anovapeneira.gal\/index.php\/2022\/07\/07\/unha-vida-en-cinco-minutos\/#primaryimage"},"thumbnailUrl":"https:\/\/www.anovapeneira.gal\/wp-content\/uploads\/2021\/03\/carlos_meixome.jpg","datePublished":"2022-07-07T08:00:39+00:00","description":"Hai novelas constru\u00eddas sobre unha inmensa fartura de personaxes.","breadcrumb":{"@id":"https:\/\/www.anovapeneira.gal\/index.php\/2022\/07\/07\/unha-vida-en-cinco-minutos\/#breadcrumb"},"inLanguage":"gl-ES","potentialAction":[{"@type":"ReadAction","target":["https:\/\/www.anovapeneira.gal\/index.php\/2022\/07\/07\/unha-vida-en-cinco-minutos\/"]}]},{"@type":"ImageObject","inLanguage":"gl-ES","@id":"https:\/\/www.anovapeneira.gal\/index.php\/2022\/07\/07\/unha-vida-en-cinco-minutos\/#primaryimage","url":"https:\/\/www.anovapeneira.gal\/wp-content\/uploads\/2021\/03\/carlos_meixome.jpg","contentUrl":"https:\/\/www.anovapeneira.gal\/wp-content\/uploads\/2021\/03\/carlos_meixome.jpg","width":720,"height":432,"caption":"Carlos M\u00e9ixome, historiador e escritor"},{"@type":"BreadcrumbList","@id":"https:\/\/www.anovapeneira.gal\/index.php\/2022\/07\/07\/unha-vida-en-cinco-minutos\/#breadcrumb","itemListElement":[{"@type":"ListItem","position":1,"name":"Portada","item":"https:\/\/www.anovapeneira.gal\/"},{"@type":"ListItem","position":2,"name":"Unha vida en cinco minutos"}]},{"@type":"WebSite","@id":"https:\/\/www.anovapeneira.gal\/#website","url":"https:\/\/www.anovapeneira.gal\/","name":"","description":"Xornal galego de informaci\u00f3n xeral Publicaci\u00f3n mensual de novas de Galicia e en especial dos Concellos da sur da provincia de Pontevedra.","publisher":{"@id":"https:\/\/www.anovapeneira.gal\/#organization"},"potentialAction":[{"@type":"SearchAction","target":{"@type":"EntryPoint","urlTemplate":"https:\/\/www.anovapeneira.gal\/?s={search_term_string}"},"query-input":{"@type":"PropertyValueSpecification","valueRequired":true,"valueName":"search_term_string"}}],"inLanguage":"gl-ES"},{"@type":"Organization","@id":"https:\/\/www.anovapeneira.gal\/#organization","name":"A Nova Peneira","url":"https:\/\/www.anovapeneira.gal\/","logo":{"@type":"ImageObject","inLanguage":"gl-ES","@id":"https:\/\/www.anovapeneira.gal\/#\/schema\/logo\/image\/","url":"http:\/\/www.anovapeneira.gal\/wp-content\/uploads\/2019\/06\/logo_a_nova_peneira_portal_web.png","contentUrl":"http:\/\/www.anovapeneira.gal\/wp-content\/uploads\/2019\/06\/logo_a_nova_peneira_portal_web.png","width":300,"height":100,"caption":"A Nova Peneira"},"image":{"@id":"https:\/\/www.anovapeneira.gal\/#\/schema\/logo\/image\/"},"sameAs":["https:\/\/www.facebook.com\/anovapeneira","https:\/\/x.com\/APeneira"]},{"@type":"Person","@id":"https:\/\/www.anovapeneira.gal\/#\/schema\/person\/2b153a5dc1eb464bd57627c809057031","name":"Carlos M\u00e9ixome","image":{"@type":"ImageObject","inLanguage":"gl-ES","@id":"https:\/\/secure.gravatar.com\/avatar\/4a156c6183f8f634f0b5226ef6d55cfbb3b2fe17a025ab46bfb1c737c737f0cf?s=96&d=mm&r=g","url":"https:\/\/secure.gravatar.com\/avatar\/4a156c6183f8f634f0b5226ef6d55cfbb3b2fe17a025ab46bfb1c737c737f0cf?s=96&d=mm&r=g","contentUrl":"https:\/\/secure.gravatar.com\/avatar\/4a156c6183f8f634f0b5226ef6d55cfbb3b2fe17a025ab46bfb1c737c737f0cf?s=96&d=mm&r=g","caption":"Carlos M\u00e9ixome"},"url":"https:\/\/www.anovapeneira.gal\/index.php\/author\/carlosmeixome\/"}]}},"jetpack_featured_media_url":"https:\/\/www.anovapeneira.gal\/wp-content\/uploads\/2021\/03\/carlos_meixome.jpg","_links":{"self":[{"href":"https:\/\/www.anovapeneira.gal\/index.php\/wp-json\/wp\/v2\/posts\/7738","targetHints":{"allow":["GET"]}}],"collection":[{"href":"https:\/\/www.anovapeneira.gal\/index.php\/wp-json\/wp\/v2\/posts"}],"about":[{"href":"https:\/\/www.anovapeneira.gal\/index.php\/wp-json\/wp\/v2\/types\/post"}],"author":[{"embeddable":true,"href":"https:\/\/www.anovapeneira.gal\/index.php\/wp-json\/wp\/v2\/users\/28"}],"replies":[{"embeddable":true,"href":"https:\/\/www.anovapeneira.gal\/index.php\/wp-json\/wp\/v2\/comments?post=7738"}],"version-history":[{"count":1,"href":"https:\/\/www.anovapeneira.gal\/index.php\/wp-json\/wp\/v2\/posts\/7738\/revisions"}],"predecessor-version":[{"id":7739,"href":"https:\/\/www.anovapeneira.gal\/index.php\/wp-json\/wp\/v2\/posts\/7738\/revisions\/7739"}],"wp:featuredmedia":[{"embeddable":true,"href":"https:\/\/www.anovapeneira.gal\/index.php\/wp-json\/wp\/v2\/media\/5039"}],"wp:attachment":[{"href":"https:\/\/www.anovapeneira.gal\/index.php\/wp-json\/wp\/v2\/media?parent=7738"}],"wp:term":[{"taxonomy":"category","embeddable":true,"href":"https:\/\/www.anovapeneira.gal\/index.php\/wp-json\/wp\/v2\/categories?post=7738"},{"taxonomy":"post_tag","embeddable":true,"href":"https:\/\/www.anovapeneira.gal\/index.php\/wp-json\/wp\/v2\/tags?post=7738"}],"curies":[{"name":"wp","href":"https:\/\/api.w.org\/{rel}","templated":true}]}}