{"id":775,"date":"2019-07-30T14:00:15","date_gmt":"2019-07-30T12:00:15","guid":{"rendered":"http:\/\/www.anovapeneira.gal\/?p=775"},"modified":"2020-06-18T13:05:47","modified_gmt":"2020-06-18T11:05:47","slug":"a-s-dificultade-dos-necesarios-acordos","status":"publish","type":"post","link":"https:\/\/www.anovapeneira.gal\/index.php\/2019\/07\/30\/a-s-dificultade-dos-necesarios-acordos\/","title":{"rendered":"A s dificultade dos necesarios acordos"},"content":{"rendered":"\n<figure class=\"wp-block-image is-resized\"><img loading=\"lazy\" decoding=\"async\" src=\"http:\/\/www.anovapeneira.gal\/wp-content\/uploads\/2019\/07\/Xabier_Toba_a_nova_peneira_bn.jpg\" alt=\"Xabier Toba Artigo de opini\u00f3n A nova Peneira\" class=\"wp-image-776\" width=\"95\" height=\"111\"\/><figcaption>Xabier Toba Gir\u00f3n. Profesor de f\u00edsica<\/figcaption><\/figure>\n\n\n\n<p>Seguramente  estes  d\u00edas  todos  e  todas  andamos  dun  xeito  ou  outro,  preocupados  pola formaci\u00f3n ou non do novo governo. E as\u00ed debe ser. Nestes \u00faltimos meses asistimos a unha forte acumulaci\u00f3n de procesos eleitorais que comezou al\u00f3  por  abril  coas  eleci\u00f3ns  lexislativas  e,  deseguido,  continuou  coa  celebraci\u00f3n  de  eleci\u00f3ns municipais,  europeias    e  auton\u00f3micas  en  moitas  comunidades.  Estes  procesos  estiveron fortemente determinados por dous vetores que agora parecen permanecer.Por  unha  banda  ten-se  producido  un  fracionamento  do  voto,  considerado  a  nivel  do  estado, que  afeita  tanto  ao  bloco  da  dereita  como  ao  da  esquerda.  Este  fracionamento  e  unha porcentaxe  moi  alta    de  participaci\u00f3n,  trouxo  como  resultado  o  que  de  todas  \u00e9  co\u00f1ecido  :  o PSOE  situase    como  forza  m\u00e1is  votada  e  polo  tanto    encargada  de  formar  governo.  Este governo  semellaba  basicamente  ter  que  constru\u00edrse  arredor  do  eixe  PSOE-Unidas  Podemos que suman 165 deputadas, precisando de certo grado de colaboraci\u00f3n de forzas catalanistas e bascas.Por outra banda, o fracionamento de voto no bloco da dereita en tres agrupaci\u00f3ns, ten tra\u00eddo consigo  a  presenza  nas  instituci\u00f3ns  dun  partido  de  ultradereita,  VOX,  que  acada  un  papel doblemente  importante. En primeiro lugar constit\u00faese  no terceiro socio necesario  \u00e1s alianzas PP-Ciudadanos,  determinando  parcialmente  o  discurso  de  Pablo  Casado  e  de  Albert  Rivera. Por\u00e9n compre considerar unha consecuencia derivada da presenza de VOX e da consolidaci\u00f3ns das alianzas a tres: a imposici\u00f3n dun programa de extrema dereita en aspetos que te\u00f1en que ver  cos  dereitos  humanos  e  coas  liberdades.  En  segundo  lugar,  e  como  consecuencia  do anterior,   medra   o   sentimento   de   inquietude   entre   as   filas   dos   votantes   e   militantes  comprometidos   coas   politicas de   liberdade   e   progreso.   A   sombra   do   perfil   autoritario permanente da dereita espa\u00f1ola, toma corpo, fai-se m\u00e1is real e evidente.Esta evidente ameaza que nace dende as filas da dereita, a s\u00faa real existencia, parec\u00eda facilitar o  cami\u00f1o  do  entendemento  entre  PSOE  e  Unidas  Podemos,  cami\u00f1o  que  aparec\u00eda  ainda  m\u00e1is doado  logo  das  declaraci\u00f3ns  de  responsabeis  pol\u00edticos  bascos  e  catalans  ofrecendo,  sen contrapartida algunha, a facilitaci\u00f3n da investidura, sempre que existira o acordo elemental:o acordo entrePSOEe Unidas Podemos, as forzas que ostentar\u00edan m\u00e1ximo protagonismo.Pero  non.  Vai-se  p\u00f3r  de  manifesto  o  dificil  que  resulta  chegar  a  un  acordo  entre  os  dous partidos que agrupan a maior representatividade do eleitorado de esquerdas.Non \u00e9 ademais a primeira vez que acontece o que praticamente certifica unha real incapacidade pol\u00edtica.Cando escrebo este artigo, mentres agardo polo eclipse parcial da L\u00faa, todos os datos indican que , sen desbotar a investidura, parece que fica descartado o governo de coalici\u00f3n.Dous datos certifican esta sensaci\u00f3n. O primeiro dato aportouno a executiva do PSOE decantandose por un governo \u201cmonocolor\u201d do propio PSOE ainda que abrindo a porta \u00e1 entrada de ministros \u201cindependentes\u201d achegados a  Podemos.  Compre  traer  a  colaci\u00f3n  queesta  era  a  posici\u00f3n  que  dende  a  celebaci\u00f3n  das eleci\u00f3ns,  v\u00ed\u00f1a-se  abrindo  paso  nos  circulos    de  influencia  que  inciden  nas  decisi\u00f3ns  da executiva   socialista.   As   persoas   que   seguimos   con   certa   atenci\u00f3n   a   evoluci\u00f3n   dos acontecementos   estivemos   moi   atentos   \u00e1sinformaci\u00f3ns   e   editoriais   de   medios   de comunicaci\u00f3n que, sen disimulos, apostaban por un governo monocolor.En  todo  caso  a  decisi\u00f3n adoitada  pola  executiva  pu\u00f1a  ponto  e  finalao  discurso  de  Pablo Iglesias reclamando un \u201cgoverno de coalici\u00f3n\u201d.O segundo dato procede das filas de Podemos. Poucos d\u00edas despois do acordo da executiva do PSOE e logo dunha reuni\u00f3n, saldada outra volta polo fracaso, con Pedro Sanchez, Pablo Iglesias convoca  unha  consulta  \u00e1s  s\u00faas  bases  para  que  se  pronuncien  sobre  a  forma  do  acordode governo. Ao meu modo de ver a forma da pregunta \u00e9 irrelevante porque calquera observador atento percebe a intencionalidade da decisi\u00f3n. Agora  mesmo  calquera  escenario  \u00e9  posibel  en  canto  \u00e1  investidura  mais  ficaaparentemente descartada  a  coalici\u00f3ndo PSOEcon  Unidas  Podemos.  Pode    a\u00ednda  as\u00ed  o  PSOElograr  a investidura  fiando  a  unha  abstenci\u00f3n  do  Partido  Popularou  de  Ciudadanosou  mesmo  de Unidas  Podemos, mais  enton  fica constitu\u00eddo  un  governo  refensen  base  parlamentar  real. Unha  situaci\u00f3n  moito  inestabel  que  case  convida  a  unha  nova  convocatoria  eleitoral para novembrocomo xa te\u00f1en reclamado dende a c\u00fapula da patronal.Veremos. Mais fican preguntaenriba da mesa:\u00e9 tan dificil chegar a un acordo? \u00c9 realmente imposibel o acordo? Ou non interesa?Ser\u00eda distinto se as forzas relativas estiveran m\u00e1is igualadas?Distinta  \u00e9  a  situaci\u00f3n  do  noso  pa\u00eds.  Galiza,  un  pa\u00eds  sometido  \u00e1  permanente  e  opresiva governanza  do  Partido  Popular,  parece  fora  de  toda  esta  perspetiva  de  cambios.  A  ausencia dunha  representaci\u00f3n  de  esquerdas  e  galega  propiamente  deixa-se  notar  mais  que  nunca debido ao importante rol que xogan na atual situaci\u00f3n, as forzas pol\u00edticas catalanas e bascas.Agora  ben,  as  eleci\u00f3ns  municipais  e  europeias  fixeron  manifesto  o  deterioro  do  governo  de Feijoo e o deterioro da s\u00faa base partidaria. Par\u00e9cense abrir as portas a un cambio de maior\u00edas e  parece que  pode  tomar forma unha alternativa liderada polo PSOE acompa\u00f1ada por outras forzas.Pero neste per\u00edodoprod\u00face-se a descomposici\u00f3n de En Marea que deixa como resultado unha agrupaci\u00f3n   liderada   por   Luis   Villares,   de   perfil   a\u00ednda   pouco   definido,   e   pola   outra   o conglomerado  formado  por  Esquerda  Unida  e  Podemos,  a\u00ednda  en  busca  de  nome  ,  e  as  duas en   busca   de   identidades   reco\u00f1ecibeis.   Non   hai   moito   tempo   ate   as auton\u00f3micas; probablemente entre  10 e 12 meses segundo se comenta nos circulos m\u00e1is  co\u00f1ecedores  das din\u00e1micas internas do PP.Mentres,  o  BNG,  a  \u00fanica  alternativa  declaradamente  nacionalista  e  de  esquerdas,parece seguir  unha  curva  de  resultados  crecentes,seguramente  satisfatorios  mais  tam\u00e9n  con  plena certeza  e  lamentablemente,a\u00ednda    insuficientes.  As  feridas  sofridas  ao  longo  dos  ultimos  10 anos  non  estan  fechadas  nin  restitu\u00eddo  o  prestixio  e  a  capacidade  pol\u00edtica  da  esquerda nacionalista que representa maioritariamente o BNG.O  caso \u00e9  que,  seguramente  o resultado das pr\u00f3ximas eleci\u00f3sn auton\u00f3micas vai depender dos movementos que nos pr\u00f3ximos meses fagan uns e outros. O PP tentar\u00e1, coma sempre, de esgotar a lexislatura lanzando unha mensaxe de estabilidade e seguridade \u00e1 que \u00e9 moi sens\u00edbel unha parte ben importante do eleitorado galego. O PSOE vai ter  que  agardar  (\u00a1coma  sempre\u00a1)  ao  que  aconteza  en  Madrid  si  ben  Gonzalo  Caballero  non ficar\u00e1  quedo  pois  en  breve    ocupar\u00e1  escano  no  Parlamento  Galego  ,  aumentando  logo  a  s\u00faa proxeci\u00f3n p\u00fablica.Un asunto que a direci\u00f3n do BNG debe considerar.E que acontecer\u00e1 no abano do nacionalismo? Hai voces reclamando acordos dun ou outro tipo, experimentos en forma de coalici\u00f3n, ou propostas moi aventureiras e nada fiabeis.Enembargantes o cami\u00f1o ten pegadas no imediato pasado. Durante unha etapa, entre o ano 1990  e  o  2012,  o  BNG  foi  quen  de  topar  un  modelo  organizativo  e  pol\u00edtico  que  favoreceu  a confluencia de distintos setores arredor dun proxeto com\u00fan. A formula non \u00e9 nova, \u00e9 co\u00f1ecida e resultou exitosa, s\u00f3 precisa da vontade de integraci\u00f3n e deacordo.A que agardamos?En  todo  caso  agora,  nas  vesperas  do  25  de  Xullo,  esa  data  que  une  os  anseios  dos  que acreditamos  nunha  Galiza  livre,  convoca-nos  a  todos  e  todas  en  Santiagopara  convivir  e partillar  ilusi\u00f3ns  para  un  futuro  moi  cercano  que  pode  significar  o  declive  da  dereita  e  a construci\u00f3n dun governo de coalici\u00f3n alternativo. Mais  atenci\u00f3n.  O  que  est\u00e1  acontecendo  en  Madrid  indica  a  vontade  \u00faltima,  por  outra  banda ben co\u00f1ecida e nada oculta, do PSOE. Os nacionalistasgalegostemos a oportunidade agora de comprobar  a  evidente  intenci\u00f3n  do    PSOE  de  dirixir  e  liderar  en  solitario  a  alternativa  ao Partido  Popular.  De  nos  depender\u00e1,  en  boa  medida,  que  o  peso  do  BNG  se  deixe  sentir.  Os acordos  necesarios,  tras  as  eleici\u00f3ns  auton\u00f3micas, precisan  dunha representaci\u00f3n  forte  e numerosa do BNG, pois do contrario o PSOE sentir\u00e1 a atraci\u00f3n do governo monocolor.Queda  tempo  para  anovar  esforzos  e  compromisos,  para  deixar  atr\u00e1s  episodios pasados pensando  nas  oportunidades  do  imediato  futuro,e  para  facer  moi  presente  a  presenza  da esquerda  nacionalista  e  nominalmente  de  quen  hoxe  ten  a  s\u00faa  \u00fanica  representaci\u00f3n,  o  BNG.Desta representaci\u00f3n, do seu n\u00famero e da s\u00faa forza, vaidepender que se produzan os acordos necesarios  para  constituci\u00f3ndun  governo  alternativo  ao  Partido  Popularno  que  a  esquerda nacionalista te\u00f1a o peso que desexamos.<\/p>\n","protected":false},"excerpt":{"rendered":"<div class=\"mh-excerpt\"><p>Seguramente estes d\u00edas todos e todas andamos dun xeito ou outro, preocupados pola formaci\u00f3n ou non do novo governo. E as\u00ed debe ser. Nestes \u00faltimos meses asistimos a unha forte acumulaci\u00f3n de procesos eleitorais que comezou al\u00f3 por abril coas eleci\u00f3ns lexislativas e, deseguido, continuou coa celebraci\u00f3n de eleci\u00f3ns municipais, europeias e auton\u00f3micas en moitas comunidades <a class=\"mh-excerpt-more\" href=\"https:\/\/www.anovapeneira.gal\/index.php\/2019\/07\/30\/a-s-dificultade-dos-necesarios-acordos\/\" title=\"A s dificultade dos necesarios acordos\">[&#8230;]<\/a><\/p>\n<\/div>","protected":false},"author":27,"featured_media":584,"comment_status":"open","ping_status":"open","sticky":false,"template":"","format":"standard","meta":{"_exactmetrics_skip_tracking":false,"_exactmetrics_sitenote_active":false,"_exactmetrics_sitenote_note":"","_exactmetrics_sitenote_category":0,"footnotes":""},"categories":[7],"tags":[350,12,353,349,17,348,351],"class_list":{"0":"post-775","1":"post","2":"type-post","3":"status-publish","4":"format-standard","5":"has-post-thumbnail","7":"category-artigos-de-opinion","8":"tag-ciudadanos","9":"tag-politica","10":"tag-politica-nacional","11":"tag-pp","12":"tag-psoe","13":"tag-unidas-podemos","14":"tag-vox"},"yoast_head":"<!-- This site is optimized with the Yoast SEO plugin v27.4 - https:\/\/yoast.com\/product\/yoast-seo-wordpress\/ -->\n<title>A s dificultade dos necesarios acordos -<\/title>\n<meta name=\"robots\" content=\"index, follow, max-snippet:-1, max-image-preview:large, max-video-preview:-1\" \/>\n<link rel=\"canonical\" href=\"https:\/\/www.anovapeneira.gal\/index.php\/2019\/07\/30\/a-s-dificultade-dos-necesarios-acordos\/\" \/>\n<meta property=\"og:locale\" content=\"gl_ES\" \/>\n<meta property=\"og:type\" content=\"article\" \/>\n<meta property=\"og:title\" content=\"A s dificultade dos necesarios acordos -\" \/>\n<meta property=\"og:description\" content=\"Seguramente estes d\u00edas todos e todas andamos dun xeito ou outro, preocupados pola formaci\u00f3n ou non do novo governo. E as\u00ed debe ser. Nestes \u00faltimos meses asistimos a unha forte acumulaci\u00f3n de procesos eleitorais que comezou al\u00f3 por abril coas eleci\u00f3ns lexislativas e, deseguido, continuou coa celebraci\u00f3n de eleci\u00f3ns municipais, europeias e auton\u00f3micas en moitas comunidades [...]\" \/>\n<meta property=\"og:url\" content=\"https:\/\/www.anovapeneira.gal\/index.php\/2019\/07\/30\/a-s-dificultade-dos-necesarios-acordos\/\" \/>\n<meta property=\"article:publisher\" content=\"https:\/\/www.facebook.com\/anovapeneira\" \/>\n<meta property=\"article:published_time\" content=\"2019-07-30T12:00:15+00:00\" \/>\n<meta property=\"article:modified_time\" content=\"2020-06-18T11:05:47+00:00\" \/>\n<meta property=\"og:image\" content=\"https:\/\/www.anovapeneira.gal\/wp-content\/uploads\/2019\/07\/ARTIGO_DE_OPINION_A_NOVA_PENEIRA.jpg\" \/>\n\t<meta property=\"og:image:width\" content=\"720\" \/>\n\t<meta property=\"og:image:height\" content=\"473\" \/>\n\t<meta property=\"og:image:type\" content=\"image\/jpeg\" \/>\n<meta name=\"author\" content=\"Xabier Toba\" \/>\n<meta name=\"twitter:card\" content=\"summary_large_image\" \/>\n<meta name=\"twitter:creator\" content=\"@APeneira\" \/>\n<meta name=\"twitter:site\" content=\"@APeneira\" \/>\n<meta name=\"twitter:label1\" content=\"Escrito por\" \/>\n\t<meta name=\"twitter:data1\" content=\"Xabier Toba\" \/>\n\t<meta name=\"twitter:label2\" content=\"Tempo de lectura\" \/>\n\t<meta name=\"twitter:data2\" content=\"7 minutos\" \/>\n<script type=\"application\/ld+json\" class=\"yoast-schema-graph\">{\"@context\":\"https:\\\/\\\/schema.org\",\"@graph\":[{\"@type\":\"Article\",\"@id\":\"https:\\\/\\\/www.anovapeneira.gal\\\/index.php\\\/2019\\\/07\\\/30\\\/a-s-dificultade-dos-necesarios-acordos\\\/#article\",\"isPartOf\":{\"@id\":\"https:\\\/\\\/www.anovapeneira.gal\\\/index.php\\\/2019\\\/07\\\/30\\\/a-s-dificultade-dos-necesarios-acordos\\\/\"},\"author\":{\"name\":\"Xabier Toba\",\"@id\":\"https:\\\/\\\/www.anovapeneira.gal\\\/#\\\/schema\\\/person\\\/7be457f9e52a375e5103ee81d3ae0393\"},\"headline\":\"A s dificultade dos necesarios acordos\",\"datePublished\":\"2019-07-30T12:00:15+00:00\",\"dateModified\":\"2020-06-18T11:05:47+00:00\",\"mainEntityOfPage\":{\"@id\":\"https:\\\/\\\/www.anovapeneira.gal\\\/index.php\\\/2019\\\/07\\\/30\\\/a-s-dificultade-dos-necesarios-acordos\\\/\"},\"wordCount\":1438,\"commentCount\":0,\"publisher\":{\"@id\":\"https:\\\/\\\/www.anovapeneira.gal\\\/#organization\"},\"image\":{\"@id\":\"https:\\\/\\\/www.anovapeneira.gal\\\/index.php\\\/2019\\\/07\\\/30\\\/a-s-dificultade-dos-necesarios-acordos\\\/#primaryimage\"},\"thumbnailUrl\":\"https:\\\/\\\/www.anovapeneira.gal\\\/wp-content\\\/uploads\\\/2019\\\/07\\\/ARTIGO_DE_OPINION_A_NOVA_PENEIRA.jpg\",\"keywords\":[\"Ciudadanos\",\"Pol\u00edtica\",\"Pol\u00edtica Nacional\",\"PP\",\"PSOE\",\"Unidas Podemos\",\"VOX\"],\"articleSection\":[\"Artigos de opini\u00f3n\"],\"inLanguage\":\"gl-ES\",\"potentialAction\":[{\"@type\":\"CommentAction\",\"name\":\"Comment\",\"target\":[\"https:\\\/\\\/www.anovapeneira.gal\\\/index.php\\\/2019\\\/07\\\/30\\\/a-s-dificultade-dos-necesarios-acordos\\\/#respond\"]}]},{\"@type\":\"WebPage\",\"@id\":\"https:\\\/\\\/www.anovapeneira.gal\\\/index.php\\\/2019\\\/07\\\/30\\\/a-s-dificultade-dos-necesarios-acordos\\\/\",\"url\":\"https:\\\/\\\/www.anovapeneira.gal\\\/index.php\\\/2019\\\/07\\\/30\\\/a-s-dificultade-dos-necesarios-acordos\\\/\",\"name\":\"A s dificultade dos necesarios acordos -\",\"isPartOf\":{\"@id\":\"https:\\\/\\\/www.anovapeneira.gal\\\/#website\"},\"primaryImageOfPage\":{\"@id\":\"https:\\\/\\\/www.anovapeneira.gal\\\/index.php\\\/2019\\\/07\\\/30\\\/a-s-dificultade-dos-necesarios-acordos\\\/#primaryimage\"},\"image\":{\"@id\":\"https:\\\/\\\/www.anovapeneira.gal\\\/index.php\\\/2019\\\/07\\\/30\\\/a-s-dificultade-dos-necesarios-acordos\\\/#primaryimage\"},\"thumbnailUrl\":\"https:\\\/\\\/www.anovapeneira.gal\\\/wp-content\\\/uploads\\\/2019\\\/07\\\/ARTIGO_DE_OPINION_A_NOVA_PENEIRA.jpg\",\"datePublished\":\"2019-07-30T12:00:15+00:00\",\"dateModified\":\"2020-06-18T11:05:47+00:00\",\"breadcrumb\":{\"@id\":\"https:\\\/\\\/www.anovapeneira.gal\\\/index.php\\\/2019\\\/07\\\/30\\\/a-s-dificultade-dos-necesarios-acordos\\\/#breadcrumb\"},\"inLanguage\":\"gl-ES\",\"potentialAction\":[{\"@type\":\"ReadAction\",\"target\":[\"https:\\\/\\\/www.anovapeneira.gal\\\/index.php\\\/2019\\\/07\\\/30\\\/a-s-dificultade-dos-necesarios-acordos\\\/\"]}]},{\"@type\":\"ImageObject\",\"inLanguage\":\"gl-ES\",\"@id\":\"https:\\\/\\\/www.anovapeneira.gal\\\/index.php\\\/2019\\\/07\\\/30\\\/a-s-dificultade-dos-necesarios-acordos\\\/#primaryimage\",\"url\":\"https:\\\/\\\/www.anovapeneira.gal\\\/wp-content\\\/uploads\\\/2019\\\/07\\\/ARTIGO_DE_OPINION_A_NOVA_PENEIRA.jpg\",\"contentUrl\":\"https:\\\/\\\/www.anovapeneira.gal\\\/wp-content\\\/uploads\\\/2019\\\/07\\\/ARTIGO_DE_OPINION_A_NOVA_PENEIRA.jpg\",\"width\":720,\"height\":473,\"caption\":\"Artigo de opini\u00f3n A Nova Peneira\"},{\"@type\":\"BreadcrumbList\",\"@id\":\"https:\\\/\\\/www.anovapeneira.gal\\\/index.php\\\/2019\\\/07\\\/30\\\/a-s-dificultade-dos-necesarios-acordos\\\/#breadcrumb\",\"itemListElement\":[{\"@type\":\"ListItem\",\"position\":1,\"name\":\"Portada\",\"item\":\"https:\\\/\\\/www.anovapeneira.gal\\\/\"},{\"@type\":\"ListItem\",\"position\":2,\"name\":\"A s dificultade dos necesarios acordos\"}]},{\"@type\":\"WebSite\",\"@id\":\"https:\\\/\\\/www.anovapeneira.gal\\\/#website\",\"url\":\"https:\\\/\\\/www.anovapeneira.gal\\\/\",\"name\":\"\",\"description\":\"Xornal galego de informaci\u00f3n xeral Publicaci\u00f3n mensual de novas de Galicia e en especial dos Concellos da sur da provincia de Pontevedra.\",\"publisher\":{\"@id\":\"https:\\\/\\\/www.anovapeneira.gal\\\/#organization\"},\"potentialAction\":[{\"@type\":\"SearchAction\",\"target\":{\"@type\":\"EntryPoint\",\"urlTemplate\":\"https:\\\/\\\/www.anovapeneira.gal\\\/?s={search_term_string}\"},\"query-input\":{\"@type\":\"PropertyValueSpecification\",\"valueRequired\":true,\"valueName\":\"search_term_string\"}}],\"inLanguage\":\"gl-ES\"},{\"@type\":\"Organization\",\"@id\":\"https:\\\/\\\/www.anovapeneira.gal\\\/#organization\",\"name\":\"A Nova Peneira\",\"url\":\"https:\\\/\\\/www.anovapeneira.gal\\\/\",\"logo\":{\"@type\":\"ImageObject\",\"inLanguage\":\"gl-ES\",\"@id\":\"https:\\\/\\\/www.anovapeneira.gal\\\/#\\\/schema\\\/logo\\\/image\\\/\",\"url\":\"http:\\\/\\\/www.anovapeneira.gal\\\/wp-content\\\/uploads\\\/2019\\\/06\\\/logo_a_nova_peneira_portal_web.png\",\"contentUrl\":\"http:\\\/\\\/www.anovapeneira.gal\\\/wp-content\\\/uploads\\\/2019\\\/06\\\/logo_a_nova_peneira_portal_web.png\",\"width\":300,\"height\":100,\"caption\":\"A Nova Peneira\"},\"image\":{\"@id\":\"https:\\\/\\\/www.anovapeneira.gal\\\/#\\\/schema\\\/logo\\\/image\\\/\"},\"sameAs\":[\"https:\\\/\\\/www.facebook.com\\\/anovapeneira\",\"https:\\\/\\\/x.com\\\/APeneira\"]},{\"@type\":\"Person\",\"@id\":\"https:\\\/\\\/www.anovapeneira.gal\\\/#\\\/schema\\\/person\\\/7be457f9e52a375e5103ee81d3ae0393\",\"name\":\"Xabier Toba\",\"image\":{\"@type\":\"ImageObject\",\"inLanguage\":\"gl-ES\",\"@id\":\"https:\\\/\\\/secure.gravatar.com\\\/avatar\\\/4e465fb3bb080c37e2935a1e5929151335e1dffed5e0d17cf582825522df454d?s=96&d=mm&r=g\",\"url\":\"https:\\\/\\\/secure.gravatar.com\\\/avatar\\\/4e465fb3bb080c37e2935a1e5929151335e1dffed5e0d17cf582825522df454d?s=96&d=mm&r=g\",\"contentUrl\":\"https:\\\/\\\/secure.gravatar.com\\\/avatar\\\/4e465fb3bb080c37e2935a1e5929151335e1dffed5e0d17cf582825522df454d?s=96&d=mm&r=g\",\"caption\":\"Xabier Toba\"},\"url\":\"https:\\\/\\\/www.anovapeneira.gal\\\/index.php\\\/author\\\/xabiertoba\\\/\"}]}<\/script>\n<!-- \/ Yoast SEO plugin. -->","yoast_head_json":{"title":"A s dificultade dos necesarios acordos -","robots":{"index":"index","follow":"follow","max-snippet":"max-snippet:-1","max-image-preview":"max-image-preview:large","max-video-preview":"max-video-preview:-1"},"canonical":"https:\/\/www.anovapeneira.gal\/index.php\/2019\/07\/30\/a-s-dificultade-dos-necesarios-acordos\/","og_locale":"gl_ES","og_type":"article","og_title":"A s dificultade dos necesarios acordos -","og_description":"Seguramente estes d\u00edas todos e todas andamos dun xeito ou outro, preocupados pola formaci\u00f3n ou non do novo governo. E as\u00ed debe ser. Nestes \u00faltimos meses asistimos a unha forte acumulaci\u00f3n de procesos eleitorais que comezou al\u00f3 por abril coas eleci\u00f3ns lexislativas e, deseguido, continuou coa celebraci\u00f3n de eleci\u00f3ns municipais, europeias e auton\u00f3micas en moitas comunidades [...]","og_url":"https:\/\/www.anovapeneira.gal\/index.php\/2019\/07\/30\/a-s-dificultade-dos-necesarios-acordos\/","article_publisher":"https:\/\/www.facebook.com\/anovapeneira","article_published_time":"2019-07-30T12:00:15+00:00","article_modified_time":"2020-06-18T11:05:47+00:00","og_image":[{"width":720,"height":473,"url":"https:\/\/www.anovapeneira.gal\/wp-content\/uploads\/2019\/07\/ARTIGO_DE_OPINION_A_NOVA_PENEIRA.jpg","type":"image\/jpeg"}],"author":"Xabier Toba","twitter_card":"summary_large_image","twitter_creator":"@APeneira","twitter_site":"@APeneira","twitter_misc":{"Escrito por":"Xabier Toba","Tempo de lectura":"7 minutos"},"schema":{"@context":"https:\/\/schema.org","@graph":[{"@type":"Article","@id":"https:\/\/www.anovapeneira.gal\/index.php\/2019\/07\/30\/a-s-dificultade-dos-necesarios-acordos\/#article","isPartOf":{"@id":"https:\/\/www.anovapeneira.gal\/index.php\/2019\/07\/30\/a-s-dificultade-dos-necesarios-acordos\/"},"author":{"name":"Xabier Toba","@id":"https:\/\/www.anovapeneira.gal\/#\/schema\/person\/7be457f9e52a375e5103ee81d3ae0393"},"headline":"A s dificultade dos necesarios acordos","datePublished":"2019-07-30T12:00:15+00:00","dateModified":"2020-06-18T11:05:47+00:00","mainEntityOfPage":{"@id":"https:\/\/www.anovapeneira.gal\/index.php\/2019\/07\/30\/a-s-dificultade-dos-necesarios-acordos\/"},"wordCount":1438,"commentCount":0,"publisher":{"@id":"https:\/\/www.anovapeneira.gal\/#organization"},"image":{"@id":"https:\/\/www.anovapeneira.gal\/index.php\/2019\/07\/30\/a-s-dificultade-dos-necesarios-acordos\/#primaryimage"},"thumbnailUrl":"https:\/\/www.anovapeneira.gal\/wp-content\/uploads\/2019\/07\/ARTIGO_DE_OPINION_A_NOVA_PENEIRA.jpg","keywords":["Ciudadanos","Pol\u00edtica","Pol\u00edtica Nacional","PP","PSOE","Unidas Podemos","VOX"],"articleSection":["Artigos de opini\u00f3n"],"inLanguage":"gl-ES","potentialAction":[{"@type":"CommentAction","name":"Comment","target":["https:\/\/www.anovapeneira.gal\/index.php\/2019\/07\/30\/a-s-dificultade-dos-necesarios-acordos\/#respond"]}]},{"@type":"WebPage","@id":"https:\/\/www.anovapeneira.gal\/index.php\/2019\/07\/30\/a-s-dificultade-dos-necesarios-acordos\/","url":"https:\/\/www.anovapeneira.gal\/index.php\/2019\/07\/30\/a-s-dificultade-dos-necesarios-acordos\/","name":"A s dificultade dos necesarios acordos -","isPartOf":{"@id":"https:\/\/www.anovapeneira.gal\/#website"},"primaryImageOfPage":{"@id":"https:\/\/www.anovapeneira.gal\/index.php\/2019\/07\/30\/a-s-dificultade-dos-necesarios-acordos\/#primaryimage"},"image":{"@id":"https:\/\/www.anovapeneira.gal\/index.php\/2019\/07\/30\/a-s-dificultade-dos-necesarios-acordos\/#primaryimage"},"thumbnailUrl":"https:\/\/www.anovapeneira.gal\/wp-content\/uploads\/2019\/07\/ARTIGO_DE_OPINION_A_NOVA_PENEIRA.jpg","datePublished":"2019-07-30T12:00:15+00:00","dateModified":"2020-06-18T11:05:47+00:00","breadcrumb":{"@id":"https:\/\/www.anovapeneira.gal\/index.php\/2019\/07\/30\/a-s-dificultade-dos-necesarios-acordos\/#breadcrumb"},"inLanguage":"gl-ES","potentialAction":[{"@type":"ReadAction","target":["https:\/\/www.anovapeneira.gal\/index.php\/2019\/07\/30\/a-s-dificultade-dos-necesarios-acordos\/"]}]},{"@type":"ImageObject","inLanguage":"gl-ES","@id":"https:\/\/www.anovapeneira.gal\/index.php\/2019\/07\/30\/a-s-dificultade-dos-necesarios-acordos\/#primaryimage","url":"https:\/\/www.anovapeneira.gal\/wp-content\/uploads\/2019\/07\/ARTIGO_DE_OPINION_A_NOVA_PENEIRA.jpg","contentUrl":"https:\/\/www.anovapeneira.gal\/wp-content\/uploads\/2019\/07\/ARTIGO_DE_OPINION_A_NOVA_PENEIRA.jpg","width":720,"height":473,"caption":"Artigo de opini\u00f3n A Nova Peneira"},{"@type":"BreadcrumbList","@id":"https:\/\/www.anovapeneira.gal\/index.php\/2019\/07\/30\/a-s-dificultade-dos-necesarios-acordos\/#breadcrumb","itemListElement":[{"@type":"ListItem","position":1,"name":"Portada","item":"https:\/\/www.anovapeneira.gal\/"},{"@type":"ListItem","position":2,"name":"A s dificultade dos necesarios acordos"}]},{"@type":"WebSite","@id":"https:\/\/www.anovapeneira.gal\/#website","url":"https:\/\/www.anovapeneira.gal\/","name":"","description":"Xornal galego de informaci\u00f3n xeral Publicaci\u00f3n mensual de novas de Galicia e en especial dos Concellos da sur da provincia de Pontevedra.","publisher":{"@id":"https:\/\/www.anovapeneira.gal\/#organization"},"potentialAction":[{"@type":"SearchAction","target":{"@type":"EntryPoint","urlTemplate":"https:\/\/www.anovapeneira.gal\/?s={search_term_string}"},"query-input":{"@type":"PropertyValueSpecification","valueRequired":true,"valueName":"search_term_string"}}],"inLanguage":"gl-ES"},{"@type":"Organization","@id":"https:\/\/www.anovapeneira.gal\/#organization","name":"A Nova Peneira","url":"https:\/\/www.anovapeneira.gal\/","logo":{"@type":"ImageObject","inLanguage":"gl-ES","@id":"https:\/\/www.anovapeneira.gal\/#\/schema\/logo\/image\/","url":"http:\/\/www.anovapeneira.gal\/wp-content\/uploads\/2019\/06\/logo_a_nova_peneira_portal_web.png","contentUrl":"http:\/\/www.anovapeneira.gal\/wp-content\/uploads\/2019\/06\/logo_a_nova_peneira_portal_web.png","width":300,"height":100,"caption":"A Nova Peneira"},"image":{"@id":"https:\/\/www.anovapeneira.gal\/#\/schema\/logo\/image\/"},"sameAs":["https:\/\/www.facebook.com\/anovapeneira","https:\/\/x.com\/APeneira"]},{"@type":"Person","@id":"https:\/\/www.anovapeneira.gal\/#\/schema\/person\/7be457f9e52a375e5103ee81d3ae0393","name":"Xabier Toba","image":{"@type":"ImageObject","inLanguage":"gl-ES","@id":"https:\/\/secure.gravatar.com\/avatar\/4e465fb3bb080c37e2935a1e5929151335e1dffed5e0d17cf582825522df454d?s=96&d=mm&r=g","url":"https:\/\/secure.gravatar.com\/avatar\/4e465fb3bb080c37e2935a1e5929151335e1dffed5e0d17cf582825522df454d?s=96&d=mm&r=g","contentUrl":"https:\/\/secure.gravatar.com\/avatar\/4e465fb3bb080c37e2935a1e5929151335e1dffed5e0d17cf582825522df454d?s=96&d=mm&r=g","caption":"Xabier Toba"},"url":"https:\/\/www.anovapeneira.gal\/index.php\/author\/xabiertoba\/"}]}},"jetpack_featured_media_url":"https:\/\/www.anovapeneira.gal\/wp-content\/uploads\/2019\/07\/ARTIGO_DE_OPINION_A_NOVA_PENEIRA.jpg","_links":{"self":[{"href":"https:\/\/www.anovapeneira.gal\/index.php\/wp-json\/wp\/v2\/posts\/775","targetHints":{"allow":["GET"]}}],"collection":[{"href":"https:\/\/www.anovapeneira.gal\/index.php\/wp-json\/wp\/v2\/posts"}],"about":[{"href":"https:\/\/www.anovapeneira.gal\/index.php\/wp-json\/wp\/v2\/types\/post"}],"author":[{"embeddable":true,"href":"https:\/\/www.anovapeneira.gal\/index.php\/wp-json\/wp\/v2\/users\/27"}],"replies":[{"embeddable":true,"href":"https:\/\/www.anovapeneira.gal\/index.php\/wp-json\/wp\/v2\/comments?post=775"}],"version-history":[{"count":1,"href":"https:\/\/www.anovapeneira.gal\/index.php\/wp-json\/wp\/v2\/posts\/775\/revisions"}],"predecessor-version":[{"id":777,"href":"https:\/\/www.anovapeneira.gal\/index.php\/wp-json\/wp\/v2\/posts\/775\/revisions\/777"}],"wp:featuredmedia":[{"embeddable":true,"href":"https:\/\/www.anovapeneira.gal\/index.php\/wp-json\/wp\/v2\/media\/584"}],"wp:attachment":[{"href":"https:\/\/www.anovapeneira.gal\/index.php\/wp-json\/wp\/v2\/media?parent=775"}],"wp:term":[{"taxonomy":"category","embeddable":true,"href":"https:\/\/www.anovapeneira.gal\/index.php\/wp-json\/wp\/v2\/categories?post=775"},{"taxonomy":"post_tag","embeddable":true,"href":"https:\/\/www.anovapeneira.gal\/index.php\/wp-json\/wp\/v2\/tags?post=775"}],"curies":[{"name":"wp","href":"https:\/\/api.w.org\/{rel}","templated":true}]}}