{"id":7751,"date":"2022-07-11T10:00:17","date_gmt":"2022-07-11T08:00:17","guid":{"rendered":"https:\/\/www.anovapeneira.gal\/?p=7751"},"modified":"2022-07-07T13:41:25","modified_gmt":"2022-07-07T11:41:25","slug":"a-mesa-denuncia-que-a-xunta-emprega-fondos-europeos-para-promover-ocastelan-en-detrimento-do-galego","status":"publish","type":"post","link":"https:\/\/www.anovapeneira.gal\/index.php\/2022\/07\/11\/a-mesa-denuncia-que-a-xunta-emprega-fondos-europeos-para-promover-ocastelan-en-detrimento-do-galego\/","title":{"rendered":"A\u00a0Mesa\u00a0denuncia\u00a0que\u00a0a\u00a0Xunta\u00a0emprega\u00a0fondos\u00a0europeos\u00a0para\u00a0promover\u00a0ocastel\u00e1n\u00a0en\u00a0detrimento\u00a0do\u00a0galego"},"content":{"rendered":"\n<p>A\u00a0convocatoria\u00a0para\u00a0a\u00a0compra\u00a0de\u00a0libros\u00a0por\u00a0parte\u00a0das\u00a0bibliotecas\u00a0de entidades\u00a0locais\u00a0recolle\u00a0que\u00a0&#8220;como\u00a0m\u00ednimo&#8221;\u00a0o\u00a050%\u00a0do\u00a0importe\u00a0dos\u00a0fondos<br>NextGenerationEU\u00a0&#8220;debe\u00a0destinarse\u00a0a\u00a0fondo\u00a0bibliogr\u00e1fico\u00a0editado\u00a0en<br>castel\u00e1n&#8221;\u00a0e\u00a0non\u00a0establece\u00a0ning\u00fan\u00a0m\u00ednimo\u00a0para\u00a0os\u00a0libros\u00a0editados\u00a0en<br>galego\u00a0Compostela,\u00a04\u00a0de\u00a0xullo\u00a0de\u00a02022.-\u00a0A\u00a0Mesa\u00a0denuncia\u00a0que\u00a0as\u00a0axudas<br>que\u00a0as\u00a0subvenci\u00f3ns\u00a0para\u00a0a\u00a0adquisici\u00f3n\u00a0de\u00a0novidades\u00a0editoriais\u00a0e\u00a0para\u00a0a<br>mellora\u00a0das\u00a0colecci\u00f3ns\u00a0das\u00a0bibliotecas\u00a0das\u00a0entidades\u00a0locais\u00a0convocadas<br>este\u00a02022\u00a0pola\u00a0Xunta\u00a0de\u00a0Galicia\u00a0prexudican\u00a0gravemente\u00a0a\u00a0lingua\u00a0galega,<br>en\u00a0favor\u00a0da\u00a0espa\u00f1ola.<\/p>\n\n\n\n<p>A\u00a0entidade\u00a0de\u00a0defensa\u00a0da\u00a0lingua\u00a0indica\u00a0que\u00a0at\u00e9\u00a0o\u00a02021\u00a0polo\u00a0menos\u00a0un\u00a025%<br>dos\u00a0libros\u00a0comprados\u00a0con\u00a0cargo\u00a0a\u00a0estas\u00a0axudas\u00a0deb\u00edan\u00a0ser\u00a0en\u00a0galego,<br>mentres\u00a0que\u00a0ese\u00a0ano\u00a0se\u00a0establece\u00a0que\u00a0&#8220;como\u00a0m\u00ednimo,\u00a0un\u00a050\u00a0%\u00a0do\u00a0importe<br>da\u00a0subvenci\u00f3n\u00a0concedida\u00a0debe\u00a0destinarse\u00a0\u00e1\u00a0adquisici\u00f3n\u00a0de\u00a0fondo<br>bibliogr\u00e1fico\u00a0editado\u00a0en\u00a0castel\u00e1n&#8221;.\u00a0&#8220;O\u00a050\u00a0%\u00a0restante\u00a0pode\u00a0destinarse<br>\u00e1\u00a0adquisici\u00f3n\u00a0de\u00a0fondo\u00a0bibliogr\u00e1fico\u00a0tanto\u00a0en\u00a0galego\u00a0como\u00a0en<br>castel\u00e1n&#8221;,\u00a0se\u00a0ben\u00a0&#8220;desta\u00a0parte\u00a0pode\u00a0adicarse\u00a0ata\u00a0un\u00a010\u00a0%\u00a0a\u00a0adquirir<br>fondos\u00a0editados\u00a0en\u00a0linguas\u00a0estranxeiras\u00a0ou\u00a0noutras\u00a0linguas\u00a0oficiais\u00a0do<br>Estado.\u00a0Non\u00a0existe,\u00a0polo\u00a0tanto,\u00a0un\u00a0m\u00ednimo\u00a0obrigatorio\u00a0en\u00a0galego.\u00a0Ao<br>contrario,\u00a0obr\u00edgase\u00a0as\u00a0entidades\u00a0locais\u00a0galegas\u00a0a\u00a0adquirir\u00a0como\u00a0m\u00ednimo<br>un\u00a050%\u00a0en\u00a0castel\u00e1n\u00a0e\u00a0se\u00a0queren\u00a0comprar\u00a0o\u00a0100%\u00a0poden\u00a0facelo.<\/p>\n\n\n\n<p>O\u00a0presidente\u00a0da\u00a0Mesa,\u00a0Marcos\u00a0Maceira,\u00a0recorda\u00a0que\u00a0a\u00a0propia\u00a0convocatoria<br>da\u00a0axuda\u00a0recolle\u00a0expresamente\u00a0que\u00a0lle\u00a0corresponde\u00a0ao\u00a0Goberno\u00a0da\u00a0Xunta\u00a0a<br>defensa\u00a0e\u00a0promoci\u00f3n\u00a0dos\u00a0valores\u00a0culturais\u00a0do\u00a0pobo\u00a0galego,\u00a0as\u00ed\u00a0como\u00a0a<br>promoci\u00f3n\u00a0do\u00a0libro\u00a0galego,\u00a0&#8220;con\u00a0medidas\u00a0que\u00a0potencien\u00a0a\u00a0produci\u00f3n<br>editorial\u00a0e\u00a0a\u00a0s\u00faa\u00a0disposici\u00f3n&#8221;.\u00a0No\u00a0mesmo\u00a0texto\u00a0no\u00a0que\u00a0m\u00e1is\u00a0adiante\u00a0se<br>produce\u00a0un\u00a0evidente\u00a0prexu\u00edzo\u00a0\u00e1\u00a0lingua\u00a0galega,\u00a0reco\u00f1\u00e9cese\u00a0que\u00a0&#8220;a\u00a0Lei<br>17\/2006,\u00a0do\u00a027\u00a0de\u00a0decembro,\u00a0do\u00a0libro\u00a0e\u00a0da\u00a0lectura\u00a0de\u00a0Galicia,\u00a0no\u00a0seu<br>artigo\u00a016.3,\u00a0establece\u00a0que\u00a0a\u00a0Xunta\u00a0de\u00a0Galicia\u00a0se\u00a0compromete\u00a0a\u00a0adquirir,<br>con\u00a0periodicidade\u00a0estable,\u00a0para\u00a0a\u00a0s\u00faa\u00a0difusi\u00f3n\u00a0en\u00a0todas\u00a0as\u00a0bibliotecas<br>p\u00fablicas,\u00a0escolares\u00a0e\u00a0de\u00a0centros\u00a0universitarios,\u00a0os\u00a0produtos\u00a0editoriais<br>galegos\u00a0segundo\u00a0os\u00a0criterios\u00a0de\u00a0selecci\u00f3n\u00a0e\u00a0idoneidade\u00a0das\u00a0persoas\u00a0con<br>responsabilidades\u00a0profesionais\u00a0destes\u00a0centros\u00a0de\u00a0lectura\u00a0p\u00fablicos&#8221;.<\/p>\n\n\n\n<p>Por\u00e9n,\u00a0a\u00a0Xunta\u00a0de\u00a0Galicia\u00a0establece\u00a0un\u00a0Programa\u00a0A\u00a0&#8220;de\u00a0novidades<br>editoriais\u00a0en\u00a0galego&#8221;\u00a0dotado\u00a0con\u00a0200.000\u00a0euros\u00a0e\u00a0un\u00a0Programa\u00a0B\u00a0&#8220;para\u00a0a<br>mellora\u00a0das\u00a0colecci\u00f3ns\u00a0bibliogr\u00e1ficas&#8221;,\u00a0dotado\u00a0con\u00a0550.000,\u00a0no\u00a0que<br>prexudica\u00a0gravemente\u00a0a\u00a0nosa\u00a0lingua\u00a0a\u00a0favor\u00a0do\u00a0castel\u00e1n.\u00a0As\u00ed,<br>establ\u00e9cese\u00a0que\u00a0&#8220;como\u00a0m\u00ednimo,\u00a0un\u00a050\u00a0%\u00a0do\u00a0importe\u00a0da\u00a0subvenci\u00f3n<br>concedida\u00a0destinarase\u00a0\u00e1\u00a0adquisici\u00f3n\u00a0de\u00a0fondo\u00a0bibliogr\u00e1fico\u00a0editado\u00a0en<br>castel\u00e1n.\u00a0O\u00a050\u00a0%\u00a0restante\u00a0pode\u00a0destinarse\u00a0a\u00a0adquisici\u00f3n\u00a0de\u00a0fondo<br>bibliogr\u00e1fico\u00a0tanto\u00a0en\u00a0galego\u00a0como\u00a0en\u00a0castel\u00e1n.\u00a0Non\u00a0obstante,\u00a0dentro<br>deste\u00a0\u00faltimo,\u00a0ata\u00a0un\u00a010\u00a0%\u00a0poder\u00e1\u00a0dedicarse\u00a0a\u00a0adquirir\u00a0fondos\u00a0editados<br>en\u00a0linguas\u00a0estranxeiras\u00a0ou\u00a0en\u00a0linguas\u00a0oficiais\u00a0ou\u00a0con\u00a0reco\u00f1ecemento<br>expreso\u00a0no\u00a0estatuto\u00a0de\u00a0autonom\u00eda\u00a0doutras\u00a0comunidades\u00a0aut\u00f3nomas&#8221;.\u00a0Ata\u00a0o<br>de\u00a0agora,\u00a0este\u00a0Programa\u00a0B\u00a0recoll\u00eda\u00a0que\u00a0&#8220;un\u00a025\u00a0%,\u00a0como\u00a0m\u00ednimo,\u00a0da<br>subvenci\u00f3n\u00a0concedida\u00a0destinarase\u00a0\u00e1\u00a0adquisici\u00f3n\u00a0de\u00a0fondo<br>bibliogr\u00e1fico\u00a0editado\u00a0en\u00a0lingua\u00a0galega&#8221;\u00a0e\u00a0ningunha\u00a0porcentaxe\u00a0m\u00ednima<br>para\u00a0a\u00a0lingua\u00a0espa\u00f1ola.<\/p>\n\n\n\n<p>A\u00a0Xunta\u00a0de\u00a0Galicia\u00a0xustifica\u00a0este\u00a0ataque\u00a0ao\u00a0galego\u00a0no\u00a0feito\u00a0de\u00a0que\u00a0esta<br>axuda\u00a0conta\u00a0con\u00a0fondos\u00a0NextGenerationEU,\u00a0indicando\u00a0que\u00a0as\u00a0porcentaxes<br>m\u00ednimas\u00a0ou\u00a0m\u00e1ximas\u00a0que\u00a0corresponden\u00a0\u00e1s\u00a0distintas\u00a0linguas\u00a0se<br>estableceron\u00a0nunha\u00a0Conferencia\u00a0Sectorial\u00a0de\u00a0Cultura\u00a0celebrada\u00a0o\u00a023\u00a0de<br>xullo\u00a0de\u00a02021.\u00a0&#8220;Isto\u00a0resulta\u00a0a\u00ednda\u00a0m\u00e1is\u00a0preocupante&#8221;,\u00a0asegura\u00a0Marcos<br>Maceira,\u00a0&#8220;porque\u00a0parece\u00a0que\u00a0non\u00a0vai\u00a0ser\u00a0o\u00a0\u00fanico\u00a0campo\u00a0que\u00a0no\u00a0a\u00a0nosa<br>lingua\u00a0se\u00a0vexa\u00a0gravemente\u00a0prexudicada\u00a0perante\u00a0a\u00a0espa\u00f1ola\u00a0no\u00a0reparto\u00a0dos<br>fondos\u00a0europeos,\u00a0xa\u00a0que\u00a0a\u00a0Xunta\u00a0de\u00a0Galicia\u00a0se\u00a0reco\u00f1ece\u00a0incapaz\u00a0de<br>defender\u00a0os\u00a0intereses\u00a0da\u00a0s\u00faa\u00a0cidadan\u00eda\u00a0dentro\u00a0e\u00a0f\u00f3ra\u00a0do\u00a0noso<br>territorio&#8221;.<\/p>\n\n\n\n<p>En\u00a0anos\u00a0anteriores,\u00a0en\u00a0efecto,\u00a0o\u00a0Programa\u00a0A\u00a0ofrec\u00eda\u00a0100.000\u00a0euros\u00a0para<br>compra\u00a0de\u00a0libros\u00a0en\u00a0galego\u00a0e\u00a0o\u00a0Programa\u00a0B\u00a0ata\u00a0200.000\u00a0para\u00a0mellora\u00a0das<br>colecci\u00f3ns\u00a0bibliogr\u00e1ficas\u00a0(dos\u00a0que\u00a0polo\u00a0menos\u00a0o\u00a025%\u00a0ti\u00f1an\u00a0que\u00a0ser<br>tam\u00e9n\u00a0en\u00a0galego).\u00a0Este\u00a0ano,\u00a0as\u00a0cifras\u00a0aumentan\u00a0ata\u00a0os\u00a0200.000\u00a0no\u00a0caso<br>do\u00a0Programa\u00a0A\u00a0e\u00a0550.000\u00a0no\u00a0caso\u00a0do\u00a0Programa\u00a0B,\u00a0pero\u00a0&#8220;polo\u00a0visto&#8221;,\u00a0remata<br>Maceira,\u00a0&#8220;a\u00a0peaxe\u00a0que\u00a0ten\u00a0que\u00a0pagar\u00a0a\u00a0sociedade\u00a0galega\u00a0pola\u00a0chegada\u00a0dos<br>fondos\u00a0europeos\u00a0\u00e9\u00a0a\u00a0cesi\u00f3n\u00a0ao\u00a0castel\u00e1n\u00a0dos\u00a0escasos\u00a0espazos\u00a0de<br>protecci\u00f3n\u00a0que\u00a0ti\u00f1a&#8221;.<\/p>\n","protected":false},"excerpt":{"rendered":"<div class=\"mh-excerpt\"><p>A\u00a0convocatoria\u00a0para\u00a0a\u00a0compra\u00a0de\u00a0libros\u00a0por\u00a0parte\u00a0das\u00a0bibliotecas\u00a0de entidades\u00a0locais\u00a0recolle\u00a0que\u00a0&#8220;como\u00a0m\u00ednimo&#8221;\u00a0o\u00a050%\u00a0do\u00a0importe\u00a0dos\u00a0fondos<br \/>\nNextGenerationEU\u00a0&#8220;debe\u00a0destinarse\u00a0a\u00a0fondo\u00a0bibliogr\u00e1fico\u00a0editado\u00a0en<br \/>\ncastel\u00e1n&#8221;\u00a0e\u00a0non\u00a0establece\u00a0ning\u00fan\u00a0m\u00ednimo\u00a0para\u00a0os\u00a0libros\u00a0editados\u00a0en<br \/>\ngalego\u00a0Compostela,\u00a04\u00a0de\u00a0xullo\u00a0de\u00a02022 <a class=\"mh-excerpt-more\" href=\"https:\/\/www.anovapeneira.gal\/index.php\/2022\/07\/11\/a-mesa-denuncia-que-a-xunta-emprega-fondos-europeos-para-promover-ocastelan-en-detrimento-do-galego\/\" title=\"A\u00a0Mesa\u00a0denuncia\u00a0que\u00a0a\u00a0Xunta\u00a0emprega\u00a0fondos\u00a0europeos\u00a0para\u00a0promover\u00a0ocastel\u00e1n\u00a0en\u00a0detrimento\u00a0do\u00a0galego\">[&#8230;]<\/a><\/p>\n<\/div>","protected":false},"author":3,"featured_media":1422,"comment_status":"open","ping_status":"open","sticky":false,"template":"","format":"standard","meta":{"_exactmetrics_skip_tracking":false,"_exactmetrics_sitenote_active":false,"_exactmetrics_sitenote_note":"","_exactmetrics_sitenote_category":0,"footnotes":""},"categories":[263,1],"tags":[684],"class_list":{"0":"post-7751","1":"post","2":"type-post","3":"status-publish","4":"format-standard","5":"has-post-thumbnail","7":"category-novas","8":"category-sin-categoria","9":"tag-mesa-pola-normalizacion-linguistica-para-galicia"},"yoast_head":"<!-- This site is optimized with the Yoast SEO plugin v27.4 - https:\/\/yoast.com\/product\/yoast-seo-wordpress\/ -->\n<title>A\u00a0Mesa\u00a0denuncia\u00a0que\u00a0a\u00a0Xunta\u00a0emprega\u00a0fondos\u00a0europeos\u00a0para\u00a0promover\u00a0ocastel\u00e1n\u00a0en\u00a0detrimento\u00a0do\u00a0galego -<\/title>\n<meta name=\"robots\" content=\"index, follow, max-snippet:-1, max-image-preview:large, max-video-preview:-1\" \/>\n<link rel=\"canonical\" href=\"https:\/\/www.anovapeneira.gal\/index.php\/2022\/07\/11\/a-mesa-denuncia-que-a-xunta-emprega-fondos-europeos-para-promover-ocastelan-en-detrimento-do-galego\/\" \/>\n<meta property=\"og:locale\" content=\"gl_ES\" \/>\n<meta property=\"og:type\" content=\"article\" \/>\n<meta property=\"og:title\" content=\"A\u00a0Mesa\u00a0denuncia\u00a0que\u00a0a\u00a0Xunta\u00a0emprega\u00a0fondos\u00a0europeos\u00a0para\u00a0promover\u00a0ocastel\u00e1n\u00a0en\u00a0detrimento\u00a0do\u00a0galego -\" \/>\n<meta property=\"og:description\" content=\"A\u00a0convocatoria\u00a0para\u00a0a\u00a0compra\u00a0de\u00a0libros\u00a0por\u00a0parte\u00a0das\u00a0bibliotecas\u00a0de entidades\u00a0locais\u00a0recolle\u00a0que\u00a0&quot;como\u00a0m\u00ednimo&quot;\u00a0o\u00a050%\u00a0do\u00a0importe\u00a0dos\u00a0fondos NextGenerationEU\u00a0&quot;debe\u00a0destinarse\u00a0a\u00a0fondo\u00a0bibliogr\u00e1fico\u00a0editado\u00a0en castel\u00e1n&quot;\u00a0e\u00a0non\u00a0establece\u00a0ning\u00fan\u00a0m\u00ednimo\u00a0para\u00a0os\u00a0libros\u00a0editados\u00a0en galego\u00a0Compostela,\u00a04\u00a0de\u00a0xullo\u00a0de\u00a02022 [...]\" \/>\n<meta property=\"og:url\" content=\"https:\/\/www.anovapeneira.gal\/index.php\/2022\/07\/11\/a-mesa-denuncia-que-a-xunta-emprega-fondos-europeos-para-promover-ocastelan-en-detrimento-do-galego\/\" \/>\n<meta property=\"article:publisher\" content=\"https:\/\/www.facebook.com\/anovapeneira\" \/>\n<meta property=\"article:published_time\" content=\"2022-07-11T08:00:17+00:00\" \/>\n<meta property=\"og:image\" content=\"https:\/\/www.anovapeneira.gal\/wp-content\/uploads\/2019\/09\/a_mesa_normalizacion_linguisticas_a_nova_peneira.jpg\" \/>\n\t<meta property=\"og:image:width\" content=\"720\" \/>\n\t<meta property=\"og:image:height\" content=\"473\" \/>\n\t<meta property=\"og:image:type\" content=\"image\/jpeg\" \/>\n<meta name=\"author\" content=\"Redacci\u00f3n A Nova Peneira\" \/>\n<meta name=\"twitter:card\" content=\"summary_large_image\" \/>\n<meta name=\"twitter:creator\" content=\"@APeneira\" \/>\n<meta name=\"twitter:site\" content=\"@APeneira\" \/>\n<meta name=\"twitter:label1\" content=\"Escrito por\" \/>\n\t<meta name=\"twitter:data1\" content=\"Redacci\u00f3n A Nova Peneira\" \/>\n\t<meta name=\"twitter:label2\" content=\"Tempo de lectura\" \/>\n\t<meta name=\"twitter:data2\" content=\"4 minutos\" \/>\n<script type=\"application\/ld+json\" class=\"yoast-schema-graph\">{\"@context\":\"https:\\\/\\\/schema.org\",\"@graph\":[{\"@type\":\"Article\",\"@id\":\"https:\\\/\\\/www.anovapeneira.gal\\\/index.php\\\/2022\\\/07\\\/11\\\/a-mesa-denuncia-que-a-xunta-emprega-fondos-europeos-para-promover-ocastelan-en-detrimento-do-galego\\\/#article\",\"isPartOf\":{\"@id\":\"https:\\\/\\\/www.anovapeneira.gal\\\/index.php\\\/2022\\\/07\\\/11\\\/a-mesa-denuncia-que-a-xunta-emprega-fondos-europeos-para-promover-ocastelan-en-detrimento-do-galego\\\/\"},\"author\":{\"name\":\"Redacci\u00f3n A Nova Peneira\",\"@id\":\"https:\\\/\\\/www.anovapeneira.gal\\\/#\\\/schema\\\/person\\\/b93e3f8932e3f8da96334607eb6ac6aa\"},\"headline\":\"A\u00a0Mesa\u00a0denuncia\u00a0que\u00a0a\u00a0Xunta\u00a0emprega\u00a0fondos\u00a0europeos\u00a0para\u00a0promover\u00a0ocastel\u00e1n\u00a0en\u00a0detrimento\u00a0do\u00a0galego\",\"datePublished\":\"2022-07-11T08:00:17+00:00\",\"mainEntityOfPage\":{\"@id\":\"https:\\\/\\\/www.anovapeneira.gal\\\/index.php\\\/2022\\\/07\\\/11\\\/a-mesa-denuncia-que-a-xunta-emprega-fondos-europeos-para-promover-ocastelan-en-detrimento-do-galego\\\/\"},\"wordCount\":695,\"commentCount\":0,\"publisher\":{\"@id\":\"https:\\\/\\\/www.anovapeneira.gal\\\/#organization\"},\"image\":{\"@id\":\"https:\\\/\\\/www.anovapeneira.gal\\\/index.php\\\/2022\\\/07\\\/11\\\/a-mesa-denuncia-que-a-xunta-emprega-fondos-europeos-para-promover-ocastelan-en-detrimento-do-galego\\\/#primaryimage\"},\"thumbnailUrl\":\"https:\\\/\\\/www.anovapeneira.gal\\\/wp-content\\\/uploads\\\/2019\\\/09\\\/a_mesa_normalizacion_linguisticas_a_nova_peneira.jpg\",\"keywords\":[\"Mesa pola normalizaci\u00f3n ling\u00fc\u00edstica para Galicia\"],\"articleSection\":[\"Novas\",\"Sin categor\u00eda\"],\"inLanguage\":\"gl-ES\",\"potentialAction\":[{\"@type\":\"CommentAction\",\"name\":\"Comment\",\"target\":[\"https:\\\/\\\/www.anovapeneira.gal\\\/index.php\\\/2022\\\/07\\\/11\\\/a-mesa-denuncia-que-a-xunta-emprega-fondos-europeos-para-promover-ocastelan-en-detrimento-do-galego\\\/#respond\"]}]},{\"@type\":\"WebPage\",\"@id\":\"https:\\\/\\\/www.anovapeneira.gal\\\/index.php\\\/2022\\\/07\\\/11\\\/a-mesa-denuncia-que-a-xunta-emprega-fondos-europeos-para-promover-ocastelan-en-detrimento-do-galego\\\/\",\"url\":\"https:\\\/\\\/www.anovapeneira.gal\\\/index.php\\\/2022\\\/07\\\/11\\\/a-mesa-denuncia-que-a-xunta-emprega-fondos-europeos-para-promover-ocastelan-en-detrimento-do-galego\\\/\",\"name\":\"A\u00a0Mesa\u00a0denuncia\u00a0que\u00a0a\u00a0Xunta\u00a0emprega\u00a0fondos\u00a0europeos\u00a0para\u00a0promover\u00a0ocastel\u00e1n\u00a0en\u00a0detrimento\u00a0do\u00a0galego -\",\"isPartOf\":{\"@id\":\"https:\\\/\\\/www.anovapeneira.gal\\\/#website\"},\"primaryImageOfPage\":{\"@id\":\"https:\\\/\\\/www.anovapeneira.gal\\\/index.php\\\/2022\\\/07\\\/11\\\/a-mesa-denuncia-que-a-xunta-emprega-fondos-europeos-para-promover-ocastelan-en-detrimento-do-galego\\\/#primaryimage\"},\"image\":{\"@id\":\"https:\\\/\\\/www.anovapeneira.gal\\\/index.php\\\/2022\\\/07\\\/11\\\/a-mesa-denuncia-que-a-xunta-emprega-fondos-europeos-para-promover-ocastelan-en-detrimento-do-galego\\\/#primaryimage\"},\"thumbnailUrl\":\"https:\\\/\\\/www.anovapeneira.gal\\\/wp-content\\\/uploads\\\/2019\\\/09\\\/a_mesa_normalizacion_linguisticas_a_nova_peneira.jpg\",\"datePublished\":\"2022-07-11T08:00:17+00:00\",\"breadcrumb\":{\"@id\":\"https:\\\/\\\/www.anovapeneira.gal\\\/index.php\\\/2022\\\/07\\\/11\\\/a-mesa-denuncia-que-a-xunta-emprega-fondos-europeos-para-promover-ocastelan-en-detrimento-do-galego\\\/#breadcrumb\"},\"inLanguage\":\"gl-ES\",\"potentialAction\":[{\"@type\":\"ReadAction\",\"target\":[\"https:\\\/\\\/www.anovapeneira.gal\\\/index.php\\\/2022\\\/07\\\/11\\\/a-mesa-denuncia-que-a-xunta-emprega-fondos-europeos-para-promover-ocastelan-en-detrimento-do-galego\\\/\"]}]},{\"@type\":\"ImageObject\",\"inLanguage\":\"gl-ES\",\"@id\":\"https:\\\/\\\/www.anovapeneira.gal\\\/index.php\\\/2022\\\/07\\\/11\\\/a-mesa-denuncia-que-a-xunta-emprega-fondos-europeos-para-promover-ocastelan-en-detrimento-do-galego\\\/#primaryimage\",\"url\":\"https:\\\/\\\/www.anovapeneira.gal\\\/wp-content\\\/uploads\\\/2019\\\/09\\\/a_mesa_normalizacion_linguisticas_a_nova_peneira.jpg\",\"contentUrl\":\"https:\\\/\\\/www.anovapeneira.gal\\\/wp-content\\\/uploads\\\/2019\\\/09\\\/a_mesa_normalizacion_linguisticas_a_nova_peneira.jpg\",\"width\":720,\"height\":473,\"caption\":\"A Mesa de normalizaci\u00f3n A Nova Peneira\"},{\"@type\":\"BreadcrumbList\",\"@id\":\"https:\\\/\\\/www.anovapeneira.gal\\\/index.php\\\/2022\\\/07\\\/11\\\/a-mesa-denuncia-que-a-xunta-emprega-fondos-europeos-para-promover-ocastelan-en-detrimento-do-galego\\\/#breadcrumb\",\"itemListElement\":[{\"@type\":\"ListItem\",\"position\":1,\"name\":\"Portada\",\"item\":\"https:\\\/\\\/www.anovapeneira.gal\\\/\"},{\"@type\":\"ListItem\",\"position\":2,\"name\":\"A\u00a0Mesa\u00a0denuncia\u00a0que\u00a0a\u00a0Xunta\u00a0emprega\u00a0fondos\u00a0europeos\u00a0para\u00a0promover\u00a0ocastel\u00e1n\u00a0en\u00a0detrimento\u00a0do\u00a0galego\"}]},{\"@type\":\"WebSite\",\"@id\":\"https:\\\/\\\/www.anovapeneira.gal\\\/#website\",\"url\":\"https:\\\/\\\/www.anovapeneira.gal\\\/\",\"name\":\"\",\"description\":\"Xornal galego de informaci\u00f3n xeral Publicaci\u00f3n mensual de novas de Galicia e en especial dos Concellos da sur da provincia de Pontevedra.\",\"publisher\":{\"@id\":\"https:\\\/\\\/www.anovapeneira.gal\\\/#organization\"},\"potentialAction\":[{\"@type\":\"SearchAction\",\"target\":{\"@type\":\"EntryPoint\",\"urlTemplate\":\"https:\\\/\\\/www.anovapeneira.gal\\\/?s={search_term_string}\"},\"query-input\":{\"@type\":\"PropertyValueSpecification\",\"valueRequired\":true,\"valueName\":\"search_term_string\"}}],\"inLanguage\":\"gl-ES\"},{\"@type\":\"Organization\",\"@id\":\"https:\\\/\\\/www.anovapeneira.gal\\\/#organization\",\"name\":\"A Nova Peneira\",\"url\":\"https:\\\/\\\/www.anovapeneira.gal\\\/\",\"logo\":{\"@type\":\"ImageObject\",\"inLanguage\":\"gl-ES\",\"@id\":\"https:\\\/\\\/www.anovapeneira.gal\\\/#\\\/schema\\\/logo\\\/image\\\/\",\"url\":\"http:\\\/\\\/www.anovapeneira.gal\\\/wp-content\\\/uploads\\\/2019\\\/06\\\/logo_a_nova_peneira_portal_web.png\",\"contentUrl\":\"http:\\\/\\\/www.anovapeneira.gal\\\/wp-content\\\/uploads\\\/2019\\\/06\\\/logo_a_nova_peneira_portal_web.png\",\"width\":300,\"height\":100,\"caption\":\"A Nova Peneira\"},\"image\":{\"@id\":\"https:\\\/\\\/www.anovapeneira.gal\\\/#\\\/schema\\\/logo\\\/image\\\/\"},\"sameAs\":[\"https:\\\/\\\/www.facebook.com\\\/anovapeneira\",\"https:\\\/\\\/x.com\\\/APeneira\"]},{\"@type\":\"Person\",\"@id\":\"https:\\\/\\\/www.anovapeneira.gal\\\/#\\\/schema\\\/person\\\/b93e3f8932e3f8da96334607eb6ac6aa\",\"name\":\"Redacci\u00f3n A Nova Peneira\",\"image\":{\"@type\":\"ImageObject\",\"inLanguage\":\"gl-ES\",\"@id\":\"https:\\\/\\\/secure.gravatar.com\\\/avatar\\\/c052a2551a06e23fac63626232eaa90abd78dbcf1700fc46a2b2c89fd27b735f?s=96&d=mm&r=g\",\"url\":\"https:\\\/\\\/secure.gravatar.com\\\/avatar\\\/c052a2551a06e23fac63626232eaa90abd78dbcf1700fc46a2b2c89fd27b735f?s=96&d=mm&r=g\",\"contentUrl\":\"https:\\\/\\\/secure.gravatar.com\\\/avatar\\\/c052a2551a06e23fac63626232eaa90abd78dbcf1700fc46a2b2c89fd27b735f?s=96&d=mm&r=g\",\"caption\":\"Redacci\u00f3n A Nova Peneira\"},\"sameAs\":[\"http:\\\/\\\/www.anovapeneira.gal\\\/\"],\"url\":\"https:\\\/\\\/www.anovapeneira.gal\\\/index.php\\\/author\\\/redactor\\\/\"}]}<\/script>\n<!-- \/ Yoast SEO plugin. -->","yoast_head_json":{"title":"A\u00a0Mesa\u00a0denuncia\u00a0que\u00a0a\u00a0Xunta\u00a0emprega\u00a0fondos\u00a0europeos\u00a0para\u00a0promover\u00a0ocastel\u00e1n\u00a0en\u00a0detrimento\u00a0do\u00a0galego -","robots":{"index":"index","follow":"follow","max-snippet":"max-snippet:-1","max-image-preview":"max-image-preview:large","max-video-preview":"max-video-preview:-1"},"canonical":"https:\/\/www.anovapeneira.gal\/index.php\/2022\/07\/11\/a-mesa-denuncia-que-a-xunta-emprega-fondos-europeos-para-promover-ocastelan-en-detrimento-do-galego\/","og_locale":"gl_ES","og_type":"article","og_title":"A\u00a0Mesa\u00a0denuncia\u00a0que\u00a0a\u00a0Xunta\u00a0emprega\u00a0fondos\u00a0europeos\u00a0para\u00a0promover\u00a0ocastel\u00e1n\u00a0en\u00a0detrimento\u00a0do\u00a0galego -","og_description":"A\u00a0convocatoria\u00a0para\u00a0a\u00a0compra\u00a0de\u00a0libros\u00a0por\u00a0parte\u00a0das\u00a0bibliotecas\u00a0de entidades\u00a0locais\u00a0recolle\u00a0que\u00a0\"como\u00a0m\u00ednimo\"\u00a0o\u00a050%\u00a0do\u00a0importe\u00a0dos\u00a0fondos NextGenerationEU\u00a0\"debe\u00a0destinarse\u00a0a\u00a0fondo\u00a0bibliogr\u00e1fico\u00a0editado\u00a0en castel\u00e1n\"\u00a0e\u00a0non\u00a0establece\u00a0ning\u00fan\u00a0m\u00ednimo\u00a0para\u00a0os\u00a0libros\u00a0editados\u00a0en galego\u00a0Compostela,\u00a04\u00a0de\u00a0xullo\u00a0de\u00a02022 [...]","og_url":"https:\/\/www.anovapeneira.gal\/index.php\/2022\/07\/11\/a-mesa-denuncia-que-a-xunta-emprega-fondos-europeos-para-promover-ocastelan-en-detrimento-do-galego\/","article_publisher":"https:\/\/www.facebook.com\/anovapeneira","article_published_time":"2022-07-11T08:00:17+00:00","og_image":[{"width":720,"height":473,"url":"https:\/\/www.anovapeneira.gal\/wp-content\/uploads\/2019\/09\/a_mesa_normalizacion_linguisticas_a_nova_peneira.jpg","type":"image\/jpeg"}],"author":"Redacci\u00f3n A Nova Peneira","twitter_card":"summary_large_image","twitter_creator":"@APeneira","twitter_site":"@APeneira","twitter_misc":{"Escrito por":"Redacci\u00f3n A Nova Peneira","Tempo de lectura":"4 minutos"},"schema":{"@context":"https:\/\/schema.org","@graph":[{"@type":"Article","@id":"https:\/\/www.anovapeneira.gal\/index.php\/2022\/07\/11\/a-mesa-denuncia-que-a-xunta-emprega-fondos-europeos-para-promover-ocastelan-en-detrimento-do-galego\/#article","isPartOf":{"@id":"https:\/\/www.anovapeneira.gal\/index.php\/2022\/07\/11\/a-mesa-denuncia-que-a-xunta-emprega-fondos-europeos-para-promover-ocastelan-en-detrimento-do-galego\/"},"author":{"name":"Redacci\u00f3n A Nova Peneira","@id":"https:\/\/www.anovapeneira.gal\/#\/schema\/person\/b93e3f8932e3f8da96334607eb6ac6aa"},"headline":"A\u00a0Mesa\u00a0denuncia\u00a0que\u00a0a\u00a0Xunta\u00a0emprega\u00a0fondos\u00a0europeos\u00a0para\u00a0promover\u00a0ocastel\u00e1n\u00a0en\u00a0detrimento\u00a0do\u00a0galego","datePublished":"2022-07-11T08:00:17+00:00","mainEntityOfPage":{"@id":"https:\/\/www.anovapeneira.gal\/index.php\/2022\/07\/11\/a-mesa-denuncia-que-a-xunta-emprega-fondos-europeos-para-promover-ocastelan-en-detrimento-do-galego\/"},"wordCount":695,"commentCount":0,"publisher":{"@id":"https:\/\/www.anovapeneira.gal\/#organization"},"image":{"@id":"https:\/\/www.anovapeneira.gal\/index.php\/2022\/07\/11\/a-mesa-denuncia-que-a-xunta-emprega-fondos-europeos-para-promover-ocastelan-en-detrimento-do-galego\/#primaryimage"},"thumbnailUrl":"https:\/\/www.anovapeneira.gal\/wp-content\/uploads\/2019\/09\/a_mesa_normalizacion_linguisticas_a_nova_peneira.jpg","keywords":["Mesa pola normalizaci\u00f3n ling\u00fc\u00edstica para Galicia"],"articleSection":["Novas","Sin categor\u00eda"],"inLanguage":"gl-ES","potentialAction":[{"@type":"CommentAction","name":"Comment","target":["https:\/\/www.anovapeneira.gal\/index.php\/2022\/07\/11\/a-mesa-denuncia-que-a-xunta-emprega-fondos-europeos-para-promover-ocastelan-en-detrimento-do-galego\/#respond"]}]},{"@type":"WebPage","@id":"https:\/\/www.anovapeneira.gal\/index.php\/2022\/07\/11\/a-mesa-denuncia-que-a-xunta-emprega-fondos-europeos-para-promover-ocastelan-en-detrimento-do-galego\/","url":"https:\/\/www.anovapeneira.gal\/index.php\/2022\/07\/11\/a-mesa-denuncia-que-a-xunta-emprega-fondos-europeos-para-promover-ocastelan-en-detrimento-do-galego\/","name":"A\u00a0Mesa\u00a0denuncia\u00a0que\u00a0a\u00a0Xunta\u00a0emprega\u00a0fondos\u00a0europeos\u00a0para\u00a0promover\u00a0ocastel\u00e1n\u00a0en\u00a0detrimento\u00a0do\u00a0galego -","isPartOf":{"@id":"https:\/\/www.anovapeneira.gal\/#website"},"primaryImageOfPage":{"@id":"https:\/\/www.anovapeneira.gal\/index.php\/2022\/07\/11\/a-mesa-denuncia-que-a-xunta-emprega-fondos-europeos-para-promover-ocastelan-en-detrimento-do-galego\/#primaryimage"},"image":{"@id":"https:\/\/www.anovapeneira.gal\/index.php\/2022\/07\/11\/a-mesa-denuncia-que-a-xunta-emprega-fondos-europeos-para-promover-ocastelan-en-detrimento-do-galego\/#primaryimage"},"thumbnailUrl":"https:\/\/www.anovapeneira.gal\/wp-content\/uploads\/2019\/09\/a_mesa_normalizacion_linguisticas_a_nova_peneira.jpg","datePublished":"2022-07-11T08:00:17+00:00","breadcrumb":{"@id":"https:\/\/www.anovapeneira.gal\/index.php\/2022\/07\/11\/a-mesa-denuncia-que-a-xunta-emprega-fondos-europeos-para-promover-ocastelan-en-detrimento-do-galego\/#breadcrumb"},"inLanguage":"gl-ES","potentialAction":[{"@type":"ReadAction","target":["https:\/\/www.anovapeneira.gal\/index.php\/2022\/07\/11\/a-mesa-denuncia-que-a-xunta-emprega-fondos-europeos-para-promover-ocastelan-en-detrimento-do-galego\/"]}]},{"@type":"ImageObject","inLanguage":"gl-ES","@id":"https:\/\/www.anovapeneira.gal\/index.php\/2022\/07\/11\/a-mesa-denuncia-que-a-xunta-emprega-fondos-europeos-para-promover-ocastelan-en-detrimento-do-galego\/#primaryimage","url":"https:\/\/www.anovapeneira.gal\/wp-content\/uploads\/2019\/09\/a_mesa_normalizacion_linguisticas_a_nova_peneira.jpg","contentUrl":"https:\/\/www.anovapeneira.gal\/wp-content\/uploads\/2019\/09\/a_mesa_normalizacion_linguisticas_a_nova_peneira.jpg","width":720,"height":473,"caption":"A Mesa de normalizaci\u00f3n A Nova Peneira"},{"@type":"BreadcrumbList","@id":"https:\/\/www.anovapeneira.gal\/index.php\/2022\/07\/11\/a-mesa-denuncia-que-a-xunta-emprega-fondos-europeos-para-promover-ocastelan-en-detrimento-do-galego\/#breadcrumb","itemListElement":[{"@type":"ListItem","position":1,"name":"Portada","item":"https:\/\/www.anovapeneira.gal\/"},{"@type":"ListItem","position":2,"name":"A\u00a0Mesa\u00a0denuncia\u00a0que\u00a0a\u00a0Xunta\u00a0emprega\u00a0fondos\u00a0europeos\u00a0para\u00a0promover\u00a0ocastel\u00e1n\u00a0en\u00a0detrimento\u00a0do\u00a0galego"}]},{"@type":"WebSite","@id":"https:\/\/www.anovapeneira.gal\/#website","url":"https:\/\/www.anovapeneira.gal\/","name":"","description":"Xornal galego de informaci\u00f3n xeral Publicaci\u00f3n mensual de novas de Galicia e en especial dos Concellos da sur da provincia de Pontevedra.","publisher":{"@id":"https:\/\/www.anovapeneira.gal\/#organization"},"potentialAction":[{"@type":"SearchAction","target":{"@type":"EntryPoint","urlTemplate":"https:\/\/www.anovapeneira.gal\/?s={search_term_string}"},"query-input":{"@type":"PropertyValueSpecification","valueRequired":true,"valueName":"search_term_string"}}],"inLanguage":"gl-ES"},{"@type":"Organization","@id":"https:\/\/www.anovapeneira.gal\/#organization","name":"A Nova Peneira","url":"https:\/\/www.anovapeneira.gal\/","logo":{"@type":"ImageObject","inLanguage":"gl-ES","@id":"https:\/\/www.anovapeneira.gal\/#\/schema\/logo\/image\/","url":"http:\/\/www.anovapeneira.gal\/wp-content\/uploads\/2019\/06\/logo_a_nova_peneira_portal_web.png","contentUrl":"http:\/\/www.anovapeneira.gal\/wp-content\/uploads\/2019\/06\/logo_a_nova_peneira_portal_web.png","width":300,"height":100,"caption":"A Nova Peneira"},"image":{"@id":"https:\/\/www.anovapeneira.gal\/#\/schema\/logo\/image\/"},"sameAs":["https:\/\/www.facebook.com\/anovapeneira","https:\/\/x.com\/APeneira"]},{"@type":"Person","@id":"https:\/\/www.anovapeneira.gal\/#\/schema\/person\/b93e3f8932e3f8da96334607eb6ac6aa","name":"Redacci\u00f3n A Nova Peneira","image":{"@type":"ImageObject","inLanguage":"gl-ES","@id":"https:\/\/secure.gravatar.com\/avatar\/c052a2551a06e23fac63626232eaa90abd78dbcf1700fc46a2b2c89fd27b735f?s=96&d=mm&r=g","url":"https:\/\/secure.gravatar.com\/avatar\/c052a2551a06e23fac63626232eaa90abd78dbcf1700fc46a2b2c89fd27b735f?s=96&d=mm&r=g","contentUrl":"https:\/\/secure.gravatar.com\/avatar\/c052a2551a06e23fac63626232eaa90abd78dbcf1700fc46a2b2c89fd27b735f?s=96&d=mm&r=g","caption":"Redacci\u00f3n A Nova Peneira"},"sameAs":["http:\/\/www.anovapeneira.gal\/"],"url":"https:\/\/www.anovapeneira.gal\/index.php\/author\/redactor\/"}]}},"jetpack_featured_media_url":"https:\/\/www.anovapeneira.gal\/wp-content\/uploads\/2019\/09\/a_mesa_normalizacion_linguisticas_a_nova_peneira.jpg","_links":{"self":[{"href":"https:\/\/www.anovapeneira.gal\/index.php\/wp-json\/wp\/v2\/posts\/7751","targetHints":{"allow":["GET"]}}],"collection":[{"href":"https:\/\/www.anovapeneira.gal\/index.php\/wp-json\/wp\/v2\/posts"}],"about":[{"href":"https:\/\/www.anovapeneira.gal\/index.php\/wp-json\/wp\/v2\/types\/post"}],"author":[{"embeddable":true,"href":"https:\/\/www.anovapeneira.gal\/index.php\/wp-json\/wp\/v2\/users\/3"}],"replies":[{"embeddable":true,"href":"https:\/\/www.anovapeneira.gal\/index.php\/wp-json\/wp\/v2\/comments?post=7751"}],"version-history":[{"count":2,"href":"https:\/\/www.anovapeneira.gal\/index.php\/wp-json\/wp\/v2\/posts\/7751\/revisions"}],"predecessor-version":[{"id":7753,"href":"https:\/\/www.anovapeneira.gal\/index.php\/wp-json\/wp\/v2\/posts\/7751\/revisions\/7753"}],"wp:featuredmedia":[{"embeddable":true,"href":"https:\/\/www.anovapeneira.gal\/index.php\/wp-json\/wp\/v2\/media\/1422"}],"wp:attachment":[{"href":"https:\/\/www.anovapeneira.gal\/index.php\/wp-json\/wp\/v2\/media?parent=7751"}],"wp:term":[{"taxonomy":"category","embeddable":true,"href":"https:\/\/www.anovapeneira.gal\/index.php\/wp-json\/wp\/v2\/categories?post=7751"},{"taxonomy":"post_tag","embeddable":true,"href":"https:\/\/www.anovapeneira.gal\/index.php\/wp-json\/wp\/v2\/tags?post=7751"}],"curies":[{"name":"wp","href":"https:\/\/api.w.org\/{rel}","templated":true}]}}