{"id":7767,"date":"2022-07-13T10:00:27","date_gmt":"2022-07-13T08:00:27","guid":{"rendered":"https:\/\/www.anovapeneira.gal\/?p=7767"},"modified":"2022-07-08T13:25:03","modified_gmt":"2022-07-08T11:25:03","slug":"emiliano-lage-alcalde-de-fornelos-de-montes-5","status":"publish","type":"post","link":"https:\/\/www.anovapeneira.gal\/index.php\/2022\/07\/13\/emiliano-lage-alcalde-de-fornelos-de-montes-5\/","title":{"rendered":"Emiliano Lage. Alcalde de Fornelos de Montes"},"content":{"rendered":"\n<p><strong>A piques de entrarmos na \u00e9poca grande das festas de Fornelos acheg\u00e1monos, de novo, a esta escolma de todas as belezas de todos os para\u00edsos do mundo que \u00e9 este concello. E,un ano m\u00e1is conversamos co seu alcalde , o noso amigo Emiliano, para co\u00f1ecer como van as cousas pola s\u00faa localidade.<\/strong><\/p>\n\n\n\n<p>\u201c<strong>Se os meus compa\u00f1eiros e o meu partido est\u00e1n de acordo eu estou con moitas forzas e ilusi\u00f3n para repetir como candidato \u00e1 alcald\u00eda do meu pobo, nas elecci\u00f3ns do ano pr\u00f3ximo\u201d<\/strong><\/p>\n\n\n\n<p><strong>Como estades vivindo esta brutal espiral inflacionista no voso concello?<\/strong><\/p>\n\n\n\n<blockquote class=\"wp-block-quote is-layout-flow wp-block-quote-is-layout-flow\"><p>As cousas est\u00e1n m\u00e1is ou menos como sempre. Pero esta subida de prezos que estamos a sufrir tanto de luz como de carburantes afecta moito \u00e1 econom\u00eda do concello e cadrar orzamentos \u00e9 cada vez m\u00e1is dif\u00edcil<\/p><\/blockquote>\n\n\n\n<blockquote class=\"wp-block-quote is-layout-flow wp-block-quote-is-layout-flow\"><p>Se antes pagabamos de luz entre 20 e 22000\u20ac, dependendo da estaci\u00f3n do ano, agora estamos a pagar uns 33000.<\/p><\/blockquote>\n\n\n\n<p><strong>O estoupido da pandemia aumentara notablemente o n\u00famero de familias que precisaban da axuda dos servizos sociais. Como est\u00e1 ese tema agora?<\/strong><\/p>\n\n\n\n<blockquote class=\"wp-block-quote is-layout-flow wp-block-quote-is-layout-flow\"><p>Con esta enorme suba de prezos, incluso dos produtos m\u00e1is b\u00e1sicos, a situaci\u00f3n das familias m\u00e1is vulnerables est\u00e1 peor que nunca. N\u00f3s, se fai falta, deixaremos de facer outras cousas para o Concello que non son tan necesarias, pero o compromiso deste alcalde e deste goberno coa nosa veci\u00f1anza que peor o pasa \u00e9, e seguir\u00e1 a ser, inequ\u00edvoco.<\/p><\/blockquote>\n\n\n\n<p><strong>Est\u00e1 satisfeito de como funcionan os servizos sociais do Concello?<\/strong><\/p>\n\n\n\n<blockquote class=\"wp-block-quote is-layout-flow wp-block-quote-is-layout-flow\"><p>Si, estamos satisfeitos, pero o di\u00f1eiro hai o que hai. Isto \u00e9 unha competencia de Xunta pero miran a outro lado e p\u00e1sannolo aos concellos<\/p><\/blockquote>\n\n\n\n<p><strong>Como est\u00e1n as relaci\u00f3ns coa DEPO e coa Xunta?<\/strong><\/p>\n\n\n\n<blockquote class=\"wp-block-quote is-layout-flow wp-block-quote-is-layout-flow\"><p>Coa deputaci\u00f3n ben, tam\u00e9n te\u00f1o que dicir que poder\u00edan axudar m\u00e1is coa atenci\u00f3n primaria aos colectivos m\u00e1is desfavorecidos.<\/p><\/blockquote>\n\n\n\n<blockquote class=\"wp-block-quote is-layout-flow wp-block-quote-is-layout-flow\"><p>Coa Xunta de Galicia non lle vexo ningunha mellor\u00eda respecto ao noso concello<\/p><\/blockquote>\n\n\n\n<p><strong>Cal \u00e9 a t\u00faa posici\u00f3n respecto aos e\u00f3licos na Serra do Su\u00eddo?<\/strong><\/p>\n\n\n\n<blockquote class=\"wp-block-quote is-layout-flow wp-block-quote-is-layout-flow\"><p>Parques e\u00f3licos si, pero dunha maneira racional cumprindo os proxectos e respectando as zonas de especial valor natural e ou patrimonial.<\/p><\/blockquote>\n\n\n\n<p><strong>E en relaci\u00f3n \u00e1 posibilidade de facer outro encoro cal \u00e9 a t\u00faa opini\u00f3n?<\/strong><\/p>\n\n\n\n<blockquote class=\"wp-block-quote is-layout-flow wp-block-quote-is-layout-flow\"><p>Estou totalmente en contra<\/p><\/blockquote>\n\n\n\n<p><strong>Por que?<\/strong><\/p>\n\n\n\n<blockquote class=\"wp-block-quote is-layout-flow wp-block-quote-is-layout-flow\"><p>Porque Vigo xa ten auga suficiente para moitos anos co encoro que hai agora de case 22 mill\u00f3ns de metros c\u00fabicos. O que te\u00f1en \u00e9 que solucionar o problema das perdas .Son de case un 30 por 100.<\/p><\/blockquote>\n\n\n\n<p><strong>Os tres concellos afectados: Ponte Caldelas, A Lama e v\u00f3s tedes unha posici\u00f3n contraria ao respecto do encoro, non?<\/strong><\/p>\n\n\n\n<blockquote class=\"wp-block-quote is-layout-flow wp-block-quote-is-layout-flow\"><p>Si, os tres estamos en contra.<\/p><\/blockquote>\n\n\n\n<p><strong>Tes boa relaci\u00f3n con eses dous alcaldes?<\/strong><\/p>\n\n\n\n<blockquote class=\"wp-block-quote is-layout-flow wp-block-quote-is-layout-flow\"><p>Si si que a te\u00f1o. \u00c9 verdade que te\u00f1o m\u00e1is confianza, supo\u00f1o que por cuesti\u00f3n xeracional, co alcalde de A Lama<\/p><\/blockquote>\n\n\n\n<p><strong>Entramos de cheo na \u00e9poca grande das marabillosas festas de Fornelos. C\u00f3ntanos , para quen non as co\u00f1eza?<\/strong><\/p>\n\n\n\n<blockquote class=\"wp-block-quote is-layout-flow wp-block-quote-is-layout-flow\"><p>Pois si, esta \u00e9 unha \u00e9poca moi importante para n\u00f3s. Pomos toda a nosa ilusi\u00f3n en proporcionar \u00e1 nosa veci\u00f1anza e \u00e1s persoas que ve\u00f1an visitarnos unha programaci\u00f3n de calidade que estea \u00e1 altura do noso fermoso pobo.<\/p><\/blockquote>\n\n\n\n<blockquote class=\"wp-block-quote is-layout-flow wp-block-quote-is-layout-flow\"><p>O 17 de xullo temos a <em>\u201cFesta de carne do Su\u00eddo e da Chanfaina\u201d.<\/em> Esta \u00e9 unha festa gastron\u00f3mica onde o gando se cr\u00eda aqu\u00ed, na parroquia da Laxe, que limita con Avi\u00f3n, A Lama e Covelo. Son de libre pastoreo e para a festa sacrificamos un becerro e, \u00e1s veces, medio m\u00e1is. Despois est\u00e1 a Chanfaina, que \u00e9 un chourizo con ovo e patacas. Tam\u00e9n hai vi\u00f1o e sobremesas caseiros que fan e doan os veci\u00f1os de Fornelos. Fac\u00e9mola onde est\u00e1 o multiusos e po\u00f1emos unha carpa por se chove ou fai demasiada calor<\/p><\/blockquote>\n\n\n\n<blockquote class=\"wp-block-quote is-layout-flow wp-block-quote-is-layout-flow\"><p>Neste evento tam\u00e9n temos actuaci\u00f3ns musicais como a banda de gaitas e pandereteiras de Fornelos, as\u00ed como teatro a \u00faltima hora para clausurar a festa.<\/p><\/blockquote>\n\n\n\n<p><strong>E en agosto?<\/strong><\/p>\n\n\n\n<blockquote class=\"wp-block-quote is-layout-flow wp-block-quote-is-layout-flow\"><p>Temos o 6 de agosto, o festival de <em>\u201cFolk do R\u00edo\u201d,<\/em> na Praia Fluvial de Porto Vil\u00e1n. Imos pola 21 edici\u00f3n, durante a pandemia non se puido facer. Aqu\u00ed act\u00faa a nosa banda de gaitas e grupos folcl\u00f3ricos locais.<\/p><\/blockquote>\n\n\n\n<blockquote class=\"wp-block-quote is-layout-flow wp-block-quote-is-layout-flow\"><p>Despois entramos na <em>\u201cSemana Cultural\u201d<\/em> temos festa da escuma, actuaci\u00f3ns para os pequenos e pequenas, unha obra de teatro e ilusionista.<\/p><\/blockquote>\n\n\n\n<blockquote class=\"wp-block-quote is-layout-flow wp-block-quote-is-layout-flow\"><p>Para o 9, 10 e 11 de agosto xa temos as nosas festas patronais. As \u201c<em>Festas de San Lorenzo\u201d. <\/em>A verdade \u00e9 que sempre son un \u00e9xito e v\u00e9n moita xente.<\/p><\/blockquote>\n\n\n\n<p><strong>E todas estas festas esperamos facelas con plena normalidade este ver\u00e1n?<\/strong><\/p>\n\n\n\n<blockquote class=\"wp-block-quote is-layout-flow wp-block-quote-is-layout-flow\"><p>Si, para este ano por fin debera ser todo con plena normalidade<\/p><\/blockquote>\n\n\n\n<p><strong>Co premio de xornalismo Lueiro Rey, seguimos a lume de biqueira?<\/strong><\/p>\n\n\n\n<blockquote class=\"wp-block-quote is-layout-flow wp-block-quote-is-layout-flow\"><p>Si, este ano f\u00edxose a quinta edici\u00f3n.<\/p><\/blockquote>\n\n\n\n<blockquote class=\"wp-block-quote is-layout-flow wp-block-quote-is-layout-flow\"><p>A finais de ver\u00e1n, entre setembro e outubro teremos o de poes\u00eda. Seguimos totalmente implicados en que sexa un aceno de identidade deste Concello.<\/p><\/blockquote>\n\n\n\n<blockquote class=\"wp-block-quote is-layout-flow wp-block-quote-is-layout-flow\"><p>Tam\u00e9n hai un acordo do pleno do Concello para enviar un escrito \u00e1 Real Academia Galega e que te\u00f1an en conta en dedicarlle un ano o d\u00eda das letras galegas a Manuel Lureiro Rey. Tam\u00e9n llo imos a enviar ao Concello do Grove porque tam\u00e9n te\u00f1en un premio de poes\u00eda no seu nome. A\u00ednda que era nacido en Fornelos, viviu moitos anos al\u00ed.<\/p><\/blockquote>\n\n\n\n<p><strong>No 2023 hai elecci\u00f3ns municipais. Est\u00e1s animado a presentarte de novo \u00e1 alcald\u00eda?<\/strong><\/p>\n\n\n\n<blockquote class=\"wp-block-quote is-layout-flow wp-block-quote-is-layout-flow\"><p>A\u00ednda falta un ano, pero se hai sa\u00fade, os compa\u00f1eiros queren e o partido tam\u00e9n, seguiremos adiante.<\/p><\/blockquote>\n\n\n\n<p><strong>Para acabar Emiliano, res\u00fameme as principais actuaci\u00f3ns que tedes previstas para o futuro inmediato<\/strong><\/p>\n\n\n\n<blockquote class=\"wp-block-quote is-layout-flow wp-block-quote-is-layout-flow\"><p>Imos levar adiante a reforma do Pavill\u00f3n de Deportes e isto xa est\u00e1 adxudicado a unha empresa cun importe duns 300.000\u20ac, que financiamos entre a DEPO e o Concello<\/p><\/blockquote>\n\n\n\n<blockquote class=\"wp-block-quote is-layout-flow wp-block-quote-is-layout-flow\"><p>Tam\u00e9n vai sa\u00edr agora a licitaci\u00f3n para o cambio de iluminaci\u00f3n p\u00fablica e poder po\u00f1er luces LED para abaratar o recibo da luz. O investimento para isto case \u00e9 de 700000\u20ac e quedar\u00e1 todo o Concello con luces LED. Contamos poder reducir o recibo da luz entre un 30 ou un 35%.<\/p><\/blockquote>\n\n\n\n<blockquote class=\"wp-block-quote is-layout-flow wp-block-quote-is-layout-flow\"><p>Puxemos tam\u00e9n placas solares para abastecer o pavill\u00f3n, o ximnasio e a pista de p\u00e1del. Estas placas mont\u00e1molas encima do garaxe do Concello, xa est\u00e1n a funcionar e fixemos un investimento de 55.000\u20ac. Por outra parte estamos pelxando con intensidade para conseguirmos fondos Next Generation.<\/p><\/blockquote>\n","protected":false},"excerpt":{"rendered":"<div class=\"mh-excerpt\"><p>A piques de entrarmos na \u00e9poca grande das festas de Fornelos acheg\u00e1monos, de novo, a esta escolma de todas as belezas de todos os para\u00edsos do mundo que \u00e9 este concello. E,un ano m\u00e1is conversamos co seu alcalde , o noso amigo Emiliano, para co\u00f1ecer como van as cousas pola s\u00faa localidade <a class=\"mh-excerpt-more\" href=\"https:\/\/www.anovapeneira.gal\/index.php\/2022\/07\/13\/emiliano-lage-alcalde-de-fornelos-de-montes-5\/\" title=\"Emiliano Lage. Alcalde de Fornelos de Montes\">[&#8230;]<\/a><\/p>\n<\/div>","protected":false},"author":3,"featured_media":5774,"comment_status":"open","ping_status":"open","sticky":false,"template":"","format":"standard","meta":{"_exactmetrics_skip_tracking":false,"_exactmetrics_sitenote_active":false,"_exactmetrics_sitenote_note":"","_exactmetrics_sitenote_category":0,"footnotes":""},"categories":[495],"tags":[171],"class_list":{"0":"post-7767","1":"post","2":"type-post","3":"status-publish","4":"format-standard","5":"has-post-thumbnail","7":"category-redondela-reportaxes","8":"tag-concello-de-redondela"},"yoast_head":"<!-- This site is optimized with the Yoast SEO plugin v27.4 - https:\/\/yoast.com\/product\/yoast-seo-wordpress\/ -->\n<title>Emiliano Lage. Alcalde de Fornelos de Montes -<\/title>\n<meta name=\"description\" content=\"A piques de entrarmos na \u00e9poca grande das festas de Fornelos acheg\u00e1monos, de novo, a esta escolma de todas as belezas de todos os para\u00edsos do mundo que \u00e9 este concello.\" \/>\n<meta name=\"robots\" content=\"index, follow, max-snippet:-1, max-image-preview:large, max-video-preview:-1\" \/>\n<link rel=\"canonical\" href=\"https:\/\/www.anovapeneira.gal\/index.php\/2022\/07\/13\/emiliano-lage-alcalde-de-fornelos-de-montes-5\/\" \/>\n<meta property=\"og:locale\" content=\"gl_ES\" \/>\n<meta property=\"og:type\" content=\"article\" \/>\n<meta property=\"og:title\" content=\"Emiliano Lage. Alcalde de Fornelos de Montes -\" \/>\n<meta property=\"og:description\" content=\"A piques de entrarmos na \u00e9poca grande das festas de Fornelos acheg\u00e1monos, de novo, a esta escolma de todas as belezas de todos os para\u00edsos do mundo que \u00e9 este concello.\" \/>\n<meta property=\"og:url\" content=\"https:\/\/www.anovapeneira.gal\/index.php\/2022\/07\/13\/emiliano-lage-alcalde-de-fornelos-de-montes-5\/\" \/>\n<meta property=\"article:publisher\" content=\"https:\/\/www.facebook.com\/anovapeneira\" \/>\n<meta property=\"article:published_time\" content=\"2022-07-13T08:00:27+00:00\" \/>\n<meta property=\"og:image\" content=\"https:\/\/www.anovapeneira.gal\/wp-content\/uploads\/2021\/07\/emiliano_fornelos.jpg\" \/>\n\t<meta property=\"og:image:width\" content=\"720\" \/>\n\t<meta property=\"og:image:height\" content=\"432\" \/>\n\t<meta property=\"og:image:type\" content=\"image\/jpeg\" \/>\n<meta name=\"author\" content=\"Redacci\u00f3n A Nova Peneira\" \/>\n<meta name=\"twitter:card\" content=\"summary_large_image\" \/>\n<meta name=\"twitter:creator\" content=\"@APeneira\" \/>\n<meta name=\"twitter:site\" content=\"@APeneira\" \/>\n<meta name=\"twitter:label1\" content=\"Escrito por\" \/>\n\t<meta name=\"twitter:data1\" content=\"Redacci\u00f3n A Nova Peneira\" \/>\n\t<meta name=\"twitter:label2\" content=\"Tempo de lectura\" \/>\n\t<meta name=\"twitter:data2\" content=\"6 minutos\" \/>\n<script type=\"application\/ld+json\" class=\"yoast-schema-graph\">{\"@context\":\"https:\\\/\\\/schema.org\",\"@graph\":[{\"@type\":\"Article\",\"@id\":\"https:\\\/\\\/www.anovapeneira.gal\\\/index.php\\\/2022\\\/07\\\/13\\\/emiliano-lage-alcalde-de-fornelos-de-montes-5\\\/#article\",\"isPartOf\":{\"@id\":\"https:\\\/\\\/www.anovapeneira.gal\\\/index.php\\\/2022\\\/07\\\/13\\\/emiliano-lage-alcalde-de-fornelos-de-montes-5\\\/\"},\"author\":{\"name\":\"Redacci\u00f3n A Nova Peneira\",\"@id\":\"https:\\\/\\\/www.anovapeneira.gal\\\/#\\\/schema\\\/person\\\/b93e3f8932e3f8da96334607eb6ac6aa\"},\"headline\":\"Emiliano Lage. Alcalde de Fornelos de Montes\",\"datePublished\":\"2022-07-13T08:00:27+00:00\",\"mainEntityOfPage\":{\"@id\":\"https:\\\/\\\/www.anovapeneira.gal\\\/index.php\\\/2022\\\/07\\\/13\\\/emiliano-lage-alcalde-de-fornelos-de-montes-5\\\/\"},\"wordCount\":1103,\"commentCount\":0,\"publisher\":{\"@id\":\"https:\\\/\\\/www.anovapeneira.gal\\\/#organization\"},\"image\":{\"@id\":\"https:\\\/\\\/www.anovapeneira.gal\\\/index.php\\\/2022\\\/07\\\/13\\\/emiliano-lage-alcalde-de-fornelos-de-montes-5\\\/#primaryimage\"},\"thumbnailUrl\":\"https:\\\/\\\/www.anovapeneira.gal\\\/wp-content\\\/uploads\\\/2021\\\/07\\\/emiliano_fornelos.jpg\",\"keywords\":[\"Concello de Redondela\"],\"articleSection\":[\"Redondela\"],\"inLanguage\":\"gl-ES\",\"potentialAction\":[{\"@type\":\"CommentAction\",\"name\":\"Comment\",\"target\":[\"https:\\\/\\\/www.anovapeneira.gal\\\/index.php\\\/2022\\\/07\\\/13\\\/emiliano-lage-alcalde-de-fornelos-de-montes-5\\\/#respond\"]}]},{\"@type\":\"WebPage\",\"@id\":\"https:\\\/\\\/www.anovapeneira.gal\\\/index.php\\\/2022\\\/07\\\/13\\\/emiliano-lage-alcalde-de-fornelos-de-montes-5\\\/\",\"url\":\"https:\\\/\\\/www.anovapeneira.gal\\\/index.php\\\/2022\\\/07\\\/13\\\/emiliano-lage-alcalde-de-fornelos-de-montes-5\\\/\",\"name\":\"Emiliano Lage. Alcalde de Fornelos de Montes -\",\"isPartOf\":{\"@id\":\"https:\\\/\\\/www.anovapeneira.gal\\\/#website\"},\"primaryImageOfPage\":{\"@id\":\"https:\\\/\\\/www.anovapeneira.gal\\\/index.php\\\/2022\\\/07\\\/13\\\/emiliano-lage-alcalde-de-fornelos-de-montes-5\\\/#primaryimage\"},\"image\":{\"@id\":\"https:\\\/\\\/www.anovapeneira.gal\\\/index.php\\\/2022\\\/07\\\/13\\\/emiliano-lage-alcalde-de-fornelos-de-montes-5\\\/#primaryimage\"},\"thumbnailUrl\":\"https:\\\/\\\/www.anovapeneira.gal\\\/wp-content\\\/uploads\\\/2021\\\/07\\\/emiliano_fornelos.jpg\",\"datePublished\":\"2022-07-13T08:00:27+00:00\",\"description\":\"A piques de entrarmos na \u00e9poca grande das festas de Fornelos acheg\u00e1monos, de novo, a esta escolma de todas as belezas de todos os para\u00edsos do mundo que \u00e9 este concello.\",\"breadcrumb\":{\"@id\":\"https:\\\/\\\/www.anovapeneira.gal\\\/index.php\\\/2022\\\/07\\\/13\\\/emiliano-lage-alcalde-de-fornelos-de-montes-5\\\/#breadcrumb\"},\"inLanguage\":\"gl-ES\",\"potentialAction\":[{\"@type\":\"ReadAction\",\"target\":[\"https:\\\/\\\/www.anovapeneira.gal\\\/index.php\\\/2022\\\/07\\\/13\\\/emiliano-lage-alcalde-de-fornelos-de-montes-5\\\/\"]}]},{\"@type\":\"ImageObject\",\"inLanguage\":\"gl-ES\",\"@id\":\"https:\\\/\\\/www.anovapeneira.gal\\\/index.php\\\/2022\\\/07\\\/13\\\/emiliano-lage-alcalde-de-fornelos-de-montes-5\\\/#primaryimage\",\"url\":\"https:\\\/\\\/www.anovapeneira.gal\\\/wp-content\\\/uploads\\\/2021\\\/07\\\/emiliano_fornelos.jpg\",\"contentUrl\":\"https:\\\/\\\/www.anovapeneira.gal\\\/wp-content\\\/uploads\\\/2021\\\/07\\\/emiliano_fornelos.jpg\",\"width\":720,\"height\":432,\"caption\":\"Emiliano Concello de Fornelos\"},{\"@type\":\"BreadcrumbList\",\"@id\":\"https:\\\/\\\/www.anovapeneira.gal\\\/index.php\\\/2022\\\/07\\\/13\\\/emiliano-lage-alcalde-de-fornelos-de-montes-5\\\/#breadcrumb\",\"itemListElement\":[{\"@type\":\"ListItem\",\"position\":1,\"name\":\"Portada\",\"item\":\"https:\\\/\\\/www.anovapeneira.gal\\\/\"},{\"@type\":\"ListItem\",\"position\":2,\"name\":\"Emiliano Lage. Alcalde de Fornelos de Montes\"}]},{\"@type\":\"WebSite\",\"@id\":\"https:\\\/\\\/www.anovapeneira.gal\\\/#website\",\"url\":\"https:\\\/\\\/www.anovapeneira.gal\\\/\",\"name\":\"\",\"description\":\"Xornal galego de informaci\u00f3n xeral Publicaci\u00f3n mensual de novas de Galicia e en especial dos Concellos da sur da provincia de Pontevedra.\",\"publisher\":{\"@id\":\"https:\\\/\\\/www.anovapeneira.gal\\\/#organization\"},\"potentialAction\":[{\"@type\":\"SearchAction\",\"target\":{\"@type\":\"EntryPoint\",\"urlTemplate\":\"https:\\\/\\\/www.anovapeneira.gal\\\/?s={search_term_string}\"},\"query-input\":{\"@type\":\"PropertyValueSpecification\",\"valueRequired\":true,\"valueName\":\"search_term_string\"}}],\"inLanguage\":\"gl-ES\"},{\"@type\":\"Organization\",\"@id\":\"https:\\\/\\\/www.anovapeneira.gal\\\/#organization\",\"name\":\"A Nova Peneira\",\"url\":\"https:\\\/\\\/www.anovapeneira.gal\\\/\",\"logo\":{\"@type\":\"ImageObject\",\"inLanguage\":\"gl-ES\",\"@id\":\"https:\\\/\\\/www.anovapeneira.gal\\\/#\\\/schema\\\/logo\\\/image\\\/\",\"url\":\"http:\\\/\\\/www.anovapeneira.gal\\\/wp-content\\\/uploads\\\/2019\\\/06\\\/logo_a_nova_peneira_portal_web.png\",\"contentUrl\":\"http:\\\/\\\/www.anovapeneira.gal\\\/wp-content\\\/uploads\\\/2019\\\/06\\\/logo_a_nova_peneira_portal_web.png\",\"width\":300,\"height\":100,\"caption\":\"A Nova Peneira\"},\"image\":{\"@id\":\"https:\\\/\\\/www.anovapeneira.gal\\\/#\\\/schema\\\/logo\\\/image\\\/\"},\"sameAs\":[\"https:\\\/\\\/www.facebook.com\\\/anovapeneira\",\"https:\\\/\\\/x.com\\\/APeneira\"]},{\"@type\":\"Person\",\"@id\":\"https:\\\/\\\/www.anovapeneira.gal\\\/#\\\/schema\\\/person\\\/b93e3f8932e3f8da96334607eb6ac6aa\",\"name\":\"Redacci\u00f3n A Nova Peneira\",\"image\":{\"@type\":\"ImageObject\",\"inLanguage\":\"gl-ES\",\"@id\":\"https:\\\/\\\/secure.gravatar.com\\\/avatar\\\/c052a2551a06e23fac63626232eaa90abd78dbcf1700fc46a2b2c89fd27b735f?s=96&d=mm&r=g\",\"url\":\"https:\\\/\\\/secure.gravatar.com\\\/avatar\\\/c052a2551a06e23fac63626232eaa90abd78dbcf1700fc46a2b2c89fd27b735f?s=96&d=mm&r=g\",\"contentUrl\":\"https:\\\/\\\/secure.gravatar.com\\\/avatar\\\/c052a2551a06e23fac63626232eaa90abd78dbcf1700fc46a2b2c89fd27b735f?s=96&d=mm&r=g\",\"caption\":\"Redacci\u00f3n A Nova Peneira\"},\"sameAs\":[\"http:\\\/\\\/www.anovapeneira.gal\\\/\"],\"url\":\"https:\\\/\\\/www.anovapeneira.gal\\\/index.php\\\/author\\\/redactor\\\/\"}]}<\/script>\n<!-- \/ Yoast SEO plugin. -->","yoast_head_json":{"title":"Emiliano Lage. Alcalde de Fornelos de Montes -","description":"A piques de entrarmos na \u00e9poca grande das festas de Fornelos acheg\u00e1monos, de novo, a esta escolma de todas as belezas de todos os para\u00edsos do mundo que \u00e9 este concello.","robots":{"index":"index","follow":"follow","max-snippet":"max-snippet:-1","max-image-preview":"max-image-preview:large","max-video-preview":"max-video-preview:-1"},"canonical":"https:\/\/www.anovapeneira.gal\/index.php\/2022\/07\/13\/emiliano-lage-alcalde-de-fornelos-de-montes-5\/","og_locale":"gl_ES","og_type":"article","og_title":"Emiliano Lage. Alcalde de Fornelos de Montes -","og_description":"A piques de entrarmos na \u00e9poca grande das festas de Fornelos acheg\u00e1monos, de novo, a esta escolma de todas as belezas de todos os para\u00edsos do mundo que \u00e9 este concello.","og_url":"https:\/\/www.anovapeneira.gal\/index.php\/2022\/07\/13\/emiliano-lage-alcalde-de-fornelos-de-montes-5\/","article_publisher":"https:\/\/www.facebook.com\/anovapeneira","article_published_time":"2022-07-13T08:00:27+00:00","og_image":[{"width":720,"height":432,"url":"https:\/\/www.anovapeneira.gal\/wp-content\/uploads\/2021\/07\/emiliano_fornelos.jpg","type":"image\/jpeg"}],"author":"Redacci\u00f3n A Nova Peneira","twitter_card":"summary_large_image","twitter_creator":"@APeneira","twitter_site":"@APeneira","twitter_misc":{"Escrito por":"Redacci\u00f3n A Nova Peneira","Tempo de lectura":"6 minutos"},"schema":{"@context":"https:\/\/schema.org","@graph":[{"@type":"Article","@id":"https:\/\/www.anovapeneira.gal\/index.php\/2022\/07\/13\/emiliano-lage-alcalde-de-fornelos-de-montes-5\/#article","isPartOf":{"@id":"https:\/\/www.anovapeneira.gal\/index.php\/2022\/07\/13\/emiliano-lage-alcalde-de-fornelos-de-montes-5\/"},"author":{"name":"Redacci\u00f3n A Nova Peneira","@id":"https:\/\/www.anovapeneira.gal\/#\/schema\/person\/b93e3f8932e3f8da96334607eb6ac6aa"},"headline":"Emiliano Lage. Alcalde de Fornelos de Montes","datePublished":"2022-07-13T08:00:27+00:00","mainEntityOfPage":{"@id":"https:\/\/www.anovapeneira.gal\/index.php\/2022\/07\/13\/emiliano-lage-alcalde-de-fornelos-de-montes-5\/"},"wordCount":1103,"commentCount":0,"publisher":{"@id":"https:\/\/www.anovapeneira.gal\/#organization"},"image":{"@id":"https:\/\/www.anovapeneira.gal\/index.php\/2022\/07\/13\/emiliano-lage-alcalde-de-fornelos-de-montes-5\/#primaryimage"},"thumbnailUrl":"https:\/\/www.anovapeneira.gal\/wp-content\/uploads\/2021\/07\/emiliano_fornelos.jpg","keywords":["Concello de Redondela"],"articleSection":["Redondela"],"inLanguage":"gl-ES","potentialAction":[{"@type":"CommentAction","name":"Comment","target":["https:\/\/www.anovapeneira.gal\/index.php\/2022\/07\/13\/emiliano-lage-alcalde-de-fornelos-de-montes-5\/#respond"]}]},{"@type":"WebPage","@id":"https:\/\/www.anovapeneira.gal\/index.php\/2022\/07\/13\/emiliano-lage-alcalde-de-fornelos-de-montes-5\/","url":"https:\/\/www.anovapeneira.gal\/index.php\/2022\/07\/13\/emiliano-lage-alcalde-de-fornelos-de-montes-5\/","name":"Emiliano Lage. Alcalde de Fornelos de Montes -","isPartOf":{"@id":"https:\/\/www.anovapeneira.gal\/#website"},"primaryImageOfPage":{"@id":"https:\/\/www.anovapeneira.gal\/index.php\/2022\/07\/13\/emiliano-lage-alcalde-de-fornelos-de-montes-5\/#primaryimage"},"image":{"@id":"https:\/\/www.anovapeneira.gal\/index.php\/2022\/07\/13\/emiliano-lage-alcalde-de-fornelos-de-montes-5\/#primaryimage"},"thumbnailUrl":"https:\/\/www.anovapeneira.gal\/wp-content\/uploads\/2021\/07\/emiliano_fornelos.jpg","datePublished":"2022-07-13T08:00:27+00:00","description":"A piques de entrarmos na \u00e9poca grande das festas de Fornelos acheg\u00e1monos, de novo, a esta escolma de todas as belezas de todos os para\u00edsos do mundo que \u00e9 este concello.","breadcrumb":{"@id":"https:\/\/www.anovapeneira.gal\/index.php\/2022\/07\/13\/emiliano-lage-alcalde-de-fornelos-de-montes-5\/#breadcrumb"},"inLanguage":"gl-ES","potentialAction":[{"@type":"ReadAction","target":["https:\/\/www.anovapeneira.gal\/index.php\/2022\/07\/13\/emiliano-lage-alcalde-de-fornelos-de-montes-5\/"]}]},{"@type":"ImageObject","inLanguage":"gl-ES","@id":"https:\/\/www.anovapeneira.gal\/index.php\/2022\/07\/13\/emiliano-lage-alcalde-de-fornelos-de-montes-5\/#primaryimage","url":"https:\/\/www.anovapeneira.gal\/wp-content\/uploads\/2021\/07\/emiliano_fornelos.jpg","contentUrl":"https:\/\/www.anovapeneira.gal\/wp-content\/uploads\/2021\/07\/emiliano_fornelos.jpg","width":720,"height":432,"caption":"Emiliano Concello de Fornelos"},{"@type":"BreadcrumbList","@id":"https:\/\/www.anovapeneira.gal\/index.php\/2022\/07\/13\/emiliano-lage-alcalde-de-fornelos-de-montes-5\/#breadcrumb","itemListElement":[{"@type":"ListItem","position":1,"name":"Portada","item":"https:\/\/www.anovapeneira.gal\/"},{"@type":"ListItem","position":2,"name":"Emiliano Lage. Alcalde de Fornelos de Montes"}]},{"@type":"WebSite","@id":"https:\/\/www.anovapeneira.gal\/#website","url":"https:\/\/www.anovapeneira.gal\/","name":"","description":"Xornal galego de informaci\u00f3n xeral Publicaci\u00f3n mensual de novas de Galicia e en especial dos Concellos da sur da provincia de Pontevedra.","publisher":{"@id":"https:\/\/www.anovapeneira.gal\/#organization"},"potentialAction":[{"@type":"SearchAction","target":{"@type":"EntryPoint","urlTemplate":"https:\/\/www.anovapeneira.gal\/?s={search_term_string}"},"query-input":{"@type":"PropertyValueSpecification","valueRequired":true,"valueName":"search_term_string"}}],"inLanguage":"gl-ES"},{"@type":"Organization","@id":"https:\/\/www.anovapeneira.gal\/#organization","name":"A Nova Peneira","url":"https:\/\/www.anovapeneira.gal\/","logo":{"@type":"ImageObject","inLanguage":"gl-ES","@id":"https:\/\/www.anovapeneira.gal\/#\/schema\/logo\/image\/","url":"http:\/\/www.anovapeneira.gal\/wp-content\/uploads\/2019\/06\/logo_a_nova_peneira_portal_web.png","contentUrl":"http:\/\/www.anovapeneira.gal\/wp-content\/uploads\/2019\/06\/logo_a_nova_peneira_portal_web.png","width":300,"height":100,"caption":"A Nova Peneira"},"image":{"@id":"https:\/\/www.anovapeneira.gal\/#\/schema\/logo\/image\/"},"sameAs":["https:\/\/www.facebook.com\/anovapeneira","https:\/\/x.com\/APeneira"]},{"@type":"Person","@id":"https:\/\/www.anovapeneira.gal\/#\/schema\/person\/b93e3f8932e3f8da96334607eb6ac6aa","name":"Redacci\u00f3n A Nova Peneira","image":{"@type":"ImageObject","inLanguage":"gl-ES","@id":"https:\/\/secure.gravatar.com\/avatar\/c052a2551a06e23fac63626232eaa90abd78dbcf1700fc46a2b2c89fd27b735f?s=96&d=mm&r=g","url":"https:\/\/secure.gravatar.com\/avatar\/c052a2551a06e23fac63626232eaa90abd78dbcf1700fc46a2b2c89fd27b735f?s=96&d=mm&r=g","contentUrl":"https:\/\/secure.gravatar.com\/avatar\/c052a2551a06e23fac63626232eaa90abd78dbcf1700fc46a2b2c89fd27b735f?s=96&d=mm&r=g","caption":"Redacci\u00f3n A Nova Peneira"},"sameAs":["http:\/\/www.anovapeneira.gal\/"],"url":"https:\/\/www.anovapeneira.gal\/index.php\/author\/redactor\/"}]}},"jetpack_featured_media_url":"https:\/\/www.anovapeneira.gal\/wp-content\/uploads\/2021\/07\/emiliano_fornelos.jpg","_links":{"self":[{"href":"https:\/\/www.anovapeneira.gal\/index.php\/wp-json\/wp\/v2\/posts\/7767","targetHints":{"allow":["GET"]}}],"collection":[{"href":"https:\/\/www.anovapeneira.gal\/index.php\/wp-json\/wp\/v2\/posts"}],"about":[{"href":"https:\/\/www.anovapeneira.gal\/index.php\/wp-json\/wp\/v2\/types\/post"}],"author":[{"embeddable":true,"href":"https:\/\/www.anovapeneira.gal\/index.php\/wp-json\/wp\/v2\/users\/3"}],"replies":[{"embeddable":true,"href":"https:\/\/www.anovapeneira.gal\/index.php\/wp-json\/wp\/v2\/comments?post=7767"}],"version-history":[{"count":2,"href":"https:\/\/www.anovapeneira.gal\/index.php\/wp-json\/wp\/v2\/posts\/7767\/revisions"}],"predecessor-version":[{"id":7769,"href":"https:\/\/www.anovapeneira.gal\/index.php\/wp-json\/wp\/v2\/posts\/7767\/revisions\/7769"}],"wp:featuredmedia":[{"embeddable":true,"href":"https:\/\/www.anovapeneira.gal\/index.php\/wp-json\/wp\/v2\/media\/5774"}],"wp:attachment":[{"href":"https:\/\/www.anovapeneira.gal\/index.php\/wp-json\/wp\/v2\/media?parent=7767"}],"wp:term":[{"taxonomy":"category","embeddable":true,"href":"https:\/\/www.anovapeneira.gal\/index.php\/wp-json\/wp\/v2\/categories?post=7767"},{"taxonomy":"post_tag","embeddable":true,"href":"https:\/\/www.anovapeneira.gal\/index.php\/wp-json\/wp\/v2\/tags?post=7767"}],"curies":[{"name":"wp","href":"https:\/\/api.w.org\/{rel}","templated":true}]}}