{"id":7777,"date":"2022-07-14T12:00:13","date_gmt":"2022-07-14T10:00:13","guid":{"rendered":"https:\/\/www.anovapeneira.gal\/?p=7777"},"modified":"2022-07-13T08:09:48","modified_gmt":"2022-07-13T06:09:48","slug":"luis-bara-deputado-do-bng-3","status":"publish","type":"post","link":"https:\/\/www.anovapeneira.gal\/index.php\/2022\/07\/14\/luis-bara-deputado-do-bng-3\/","title":{"rendered":"Lu\u00eds Bar\u00e1 deputado do BNG"},"content":{"rendered":"\n<p><strong>No mes que celebramos o d\u00eda da naci\u00f3n galega acheg\u00e1monos ata Pontevedra a analizarmos a situaci\u00f3n do nacionalismo e o estado social e pol\u00edtico de Galicia con Lu\u00eds Bar\u00e1, vello amigo das nosas p\u00e1xinas. Lu\u00eds am\u00f3sase preocupado polo contexto econ\u00f3mico tan complexo no que estamos a vivir pero tam\u00e9n ambicioso e optimista en que o BNG sexa quen de dar o salto necesario para ga\u00f1ar a confianza da maior\u00eda da sociedade galega, e que por primeira vez na nosa historia o interese xeral do pobo galego sexa o \u00fanico criterio que determine a acci\u00f3n pol\u00edtica do pr\u00f3ximo goberno galego.<\/strong><\/p>\n\n\n\n<p><strong>A conversa acougada e tranquila con Lu\u00eds Bar\u00e1 f\u00edxome lembrar a aquela canci\u00f3n, ao meu xu\u00edzo unha das mellores da historia do rock, que dic\u00eda algo as\u00ed como:<\/strong><\/p>\n\n\n\n<p>\u201c<strong>Tes un arrep\u00edo na escuridade, chove, pero de s\u00fapeto deteste e telo todo&#8230;..escoitas \u00e1 nosa banda e faite sentir ben&#8230;..somos os sult\u00e1ns, somos os sult\u00e1ns do Swing\u201d, pois o seu optimismo ,ambici\u00f3n, que non frivolidade, e lucidez son das que permiten manter aceso o facho da esperanza en que alg\u00fan d\u00eda este pa\u00eds poida xestionar o seu presente e o seu futuro como mellor lle pareza .<\/strong><\/p>\n\n\n\n<p>\u201c <strong>Para a defensa dos intereses deste pa\u00eds \u00e9 fundamental que o BNG dirixa un goberno con maior\u00eda nacionalista, e coa valent\u00eda necesaria para disputarlle a maior\u00eda social de Galiza ao PP\u201d<\/strong><\/p>\n\n\n\n<p><strong>A piques de chegarmos a un novo 25 de xullo, c\u00f3ntanos que ten pensado facer o BNG para celebralo?<\/strong><\/p>\n\n\n\n<blockquote class=\"wp-block-quote is-layout-flow wp-block-quote-is-layout-flow\"><p>Organizamos unha campa\u00f1a con actos ao longo de todo o pa\u00eds a modo de previa da gran celebraci\u00f3n do propio d\u00eda 25 que \u00e9 o acto m\u00e1is importante para o nacionalismo<\/p><\/blockquote>\n\n\n\n<p><strong>E, polo volume e dimensi\u00f3ns que tradicionalmente ten esa convocatoria, eu dir\u00eda que o acto m\u00e1is importante de todo o pa\u00eds, non cres?<\/strong><\/p>\n\n\n\n<blockquote class=\"wp-block-quote is-layout-flow wp-block-quote-is-layout-flow\"><p>Abof\u00e9 que \u00e9 as\u00ed .Non hai ningunha outra forza pol\u00edtica que sexa capaz de reunir a ese n\u00famero de persoas .Recentemente o PP fixo un acto pol\u00edtico coa presenza de Feixoo no que reuniron a 4.000 persoas e vend\u00e9rono como se fose o non vai m\u00e1is. A nosa capacidade de mobilizaci\u00f3n \u00e9 un valor enorme que ten o BNG e en relaci\u00f3n a convocatoria concreta do d\u00eda da patria o que significa, que hai un moi importante sentimento de Galiza como naci\u00f3n, \u00e9 m\u00e1is relevante a\u00ednda.<\/p><\/blockquote>\n\n\n\n<p><strong>En que van consistir os actos previos?<\/strong><\/p>\n\n\n\n<blockquote class=\"wp-block-quote is-layout-flow wp-block-quote-is-layout-flow\"><p>Son actos que mesturan o contido pol\u00edtico co l\u00fadico e festivo. Por exemplo este domingo teremos un moi bonito no Concello de Mondariz Balneario coa presenza de Ana Pont\u00f3n<\/p><\/blockquote>\n\n\n\n<p><strong>Nese concello nas municipais do 19 quedastes a 3 votos de ga\u00f1ar a alcald\u00eda. Desta volta ir\u00e1?<\/strong><\/p>\n\n\n\n<blockquote class=\"wp-block-quote is-layout-flow wp-block-quote-is-layout-flow\"><p>Prefiro non facer progn\u00f3sticos pero \u00e9 unha realidade que na provincia hai varios concellos, entre os que est\u00e1 Balneario, nos que estamos nas mellores condici\u00f3ns para acadar a alcald\u00eda. Estamos facendo moi bo traballo \u00e9 agardo que a maior\u00eda da sociedade saiba aprecialo prest\u00e1ndonos a s\u00faa confianza<\/p><\/blockquote>\n\n\n\n<p><strong>Nos \u00faltimos meses A Nova Peneira fixo distintas reportaxes sobre a sa\u00fade do nacionalismo nas diversas comarcas nas que est\u00e1 presente e todos os responsables comarcais cos que falamos coincidiron en que a sa\u00fade, nas s\u00faas \u00e1reas de influencia, \u00e9 excelente. Ti que est\u00e1s na executiva nacional e tes unha visi\u00f3n m\u00e1is global coincides en que a situaci\u00f3n xeral do BNG en todo o pa\u00eds \u00e9 tan boa?<\/strong><\/p>\n\n\n\n<blockquote class=\"wp-block-quote is-layout-flow wp-block-quote-is-layout-flow\"><p>A nivel nacional posiblemente esteamos na mellor fase de toda a historia do nacionalismo. Estamos nun momento expansivo, xerando ilusi\u00f3n e cun liderado que \u00e9 capaz de aglutinar a sensibilidades moi diversas. A situaci\u00f3n xeral \u00e9 moi boa, pero non \u00e9 igual en todas as comarcas. Hainas moi boas e tam\u00e9n as hai nas que por raz\u00f3ns diversas estamos un pouco m\u00e1is frouxos<\/p><\/blockquote>\n\n\n\n<p><strong>Estamos nun contexto econ\u00f3mico de extraordinaria dificultade cunha inflaci\u00f3n desbocada que ameaza con empobrecernos a todos. Cal \u00e9 a valoraci\u00f3n pol\u00edtica que fai o BNG sobre as s\u00faas causas, e as vosas receitas para combatelo?<\/strong><\/p>\n\n\n\n<blockquote class=\"wp-block-quote is-layout-flow wp-block-quote-is-layout-flow\"><p>O contexto \u00e9 moi complexo, si, e as s\u00faas causas son moi diversas. X\u00fantanse a crise anterior, o cataclismo da COVID e as consecuencias da guerra de Ucra\u00edna. Semella que tam\u00e9n hai parte de voluntariedade, \u00e9 dicir, de fabricar crise co gallo de aumentar os niveis de beneficios das oligarqu\u00edas econ\u00f3micas e concentrar recursos e poder en cada vez menos mans.<\/p><\/blockquote>\n\n\n\n<blockquote class=\"wp-block-quote is-layout-flow wp-block-quote-is-layout-flow\"><p>As\u00ed pois a suba brutal de prezos da enerx\u00eda \u00e9 un proceso puramente especulativo, non est\u00e1 xustificado por raz\u00f3ns obxectivas. A propia axencia internacional da enerx\u00eda afirmaba que neste ano as empresas van ga\u00f1ar 200.000 mill\u00f3ns de \u20ac m\u00e1is do que ti\u00f1an previsto.<\/p><\/blockquote>\n\n\n\n<blockquote class=\"wp-block-quote is-layout-flow wp-block-quote-is-layout-flow\"><p>Por outra parte a suba dos tipos de interese e a pol\u00edtica de contracci\u00f3n do gasto p\u00fablico, decisi\u00f3n tomada polas instituci\u00f3ns econ\u00f3micas europeas, vai afectar especialmente a estados como Italia ou Espa\u00f1a que te\u00f1en un nivel de d\u00e9beda moi elevado. E quen o vai notar especialmente?, como sempre as clases populares.<\/p><\/blockquote>\n\n\n\n<p><strong>O escenario ten moi mala pinta. Quen se beneficia disto?<\/strong><\/p>\n\n\n\n<blockquote class=\"wp-block-quote is-layout-flow wp-block-quote-is-layout-flow\"><p>Os grandes poderes econ\u00f3micos e a dereita pol\u00edtica que est\u00e1 a constru\u00edr un discurso que responsabiliza da situaci\u00f3n \u00e1 suposta esquerda que goberna no estado.<\/p><\/blockquote>\n\n\n\n<blockquote class=\"wp-block-quote is-layout-flow wp-block-quote-is-layout-flow\"><p>No que se refire \u00e1 t\u00faa pregunta sobre as propostas que fai o BNG; n\u00f3s formulamos a necesidade de medidas de choque por parte da Xunta, que tam\u00e9n ter que tomar decisi\u00f3ns. N\u00f3s propomos unha inxecci\u00f3n de 700 mill\u00f3ns de \u20ac en axudas auton\u00f3micas para os sectores m\u00e1is afectados, axudas \u00e1 vivenda, incremento da cont\u00eda das pensi\u00f3ns non contributivas .Iso ser\u00eda para tratar de aguantar a treboada que ven, pero logo tam\u00e9n propomos medidas estruturais para tratar de evitar, na medida do posible, as tormentas futuras que ser\u00edan o cambio do modelo econ\u00f3mico e o reforzo do autogoberno.<\/p><\/blockquote>\n\n\n\n<p><strong>Se Galicia fose un pa\u00eds que puidese dispor libremente dos seus propios recursos est\u00e1s firmemente convencido de que pagariamos menos pola electricidade?<\/strong><\/p>\n\n\n\n<blockquote class=\"wp-block-quote is-layout-flow wp-block-quote-is-layout-flow\"><p>Sen ningunha d\u00fabida. N\u00f3s exportamos case un 30% da enerx\u00eda que producimos e se tiveramos instrumentos pol\u00edticos para decidir como manexar iso obviamente pagariamos un recibo m\u00e1is econ\u00f3mico<\/p><\/blockquote>\n\n\n\n<p><strong>A onde a exportamos?<\/strong><\/p>\n\n\n\n<blockquote class=\"wp-block-quote is-layout-flow wp-block-quote-is-layout-flow\"><p>Ao resto do estado. Madrid produce menos do 5% da enerx\u00eda el\u00e9ctrica que consume. E n\u00f3s estamos en arredor do 130%<\/p><\/blockquote>\n\n\n\n<p><strong>Tam\u00e9n vai subir o prezo da auga?<\/strong><\/p>\n\n\n\n<blockquote class=\"wp-block-quote is-layout-flow wp-block-quote-is-layout-flow\"><p>O PP cando gobernan outros ten un discurso que defende a baixada de impostos, pero cando goberna, como \u00e9 o caso da Xunta, o que fai \u00e9 subilos como \u00e9 o caso desta lei que ve\u00f1en de aprobar, chamada do ciclo da auga, que vai supor unha importante suba de impostos<\/p><\/blockquote>\n\n\n\n<p><strong>\u00cdmolo notar no recibo?<\/strong><\/p>\n\n\n\n<blockquote class=\"wp-block-quote is-layout-flow wp-block-quote-is-layout-flow\"><p>Especialmente nas zonas cuxas depuradoras estean xestionadas por augas de Galicia<\/p><\/blockquote>\n\n\n\n<p><strong>Sobre a retirada da tarxeta b\u00e1sica que opina o BNG?<\/strong><\/p>\n\n\n\n<blockquote class=\"wp-block-quote is-layout-flow wp-block-quote-is-layout-flow\"><p>Nun contexto ten grave como este a retirada deste instrumento de protecci\u00f3n social par\u00e9cenos intolerable.<\/p><\/blockquote>\n\n\n\n<p><strong>Cantas persoas eran beneficiarias da tarxeta b\u00e1sica?<\/strong><\/p>\n\n\n\n<blockquote class=\"wp-block-quote is-layout-flow wp-block-quote-is-layout-flow\"><p>Arredor de 60.000<\/p><\/blockquote>\n\n\n\n<p><strong>Onte asist\u00edn \u00e1 presentaci\u00f3n en Vigo da obra de Carlos Call\u00f3n:\u201d O libro negro da lingua galega\u201d e ese evento, por desgraza, non fixo m\u00e1is que reafirmarme na mi\u00f1a convicci\u00f3n de que , para calquera persoa que te\u00f1a ollos para ver e o\u00eddos para o\u00edr, a situaci\u00f3n da lingua galega \u00e9 enormemente preocupante. Cal \u00e9 a t\u00faa opini\u00f3n?<\/strong><\/p>\n\n\n\n<blockquote class=\"wp-block-quote is-layout-flow wp-block-quote-is-layout-flow\"><p>Se o vemos desde un punto de vista obxectivo, puramente cient\u00edfico, o panorama \u00e9 desolador incluso poder\u00eda parecer que non hai soluci\u00f3n. Por\u00e9n \u00e9 tam\u00e9n unha realidade a existencia de m\u00faltiples colectivos e milleiros de persoas que queremos e sentimos ao galego e non imos permitir a morte do noso idioma. Se tiveramos un goberno comprometido de verdade coa lingua galega que tivese a vontade pol\u00edtica de facer efectivas medidas que puidesen axudar a protexer ao galego, como lingua de uso na vida coti\u00e1 non como a un instrumento est\u00e9tico para eventos concretos, a situaci\u00f3n desoladora p\u00f3dese reverter.<\/p><\/blockquote>\n\n\n\n<p><strong>Pero o se fai xa ou en d\u00faas xeraci\u00f3ns isto desaparece Lu\u00eds, porque se nas persoas que agora te\u00f1en entre 5 e 14 anos s\u00f3 hai un 25% que usan o galego como idioma habitual \u00e9 que a transmisi\u00f3n xeracional est\u00e1 rota e cando esa xeraci\u00f3n sexan av\u00f3s e avoas o idioma non existe como lingua de uso na vida diaria. E non fago ningunha consideraci\u00f3n pol\u00edtica \u00e9 unha cuesti\u00f3n puramente matem\u00e1tica?<\/strong><\/p>\n\n\n\n<blockquote class=\"wp-block-quote is-layout-flow wp-block-quote-is-layout-flow\"><p>Para este asunto, e para outros que te\u00f1an que ver cos intereses do noso pa\u00eds, \u00e9 fundamental dirixir un goberno que te\u00f1a maior\u00eda nacionalista e a valent\u00eda necesaria para disputarlle a maior\u00eda social do pa\u00eds ao PP<\/p><\/blockquote>\n\n\n\n<p><strong>Con que \u00e1nimos e expectativas afrontades o pr\u00f3ximo proceso electoral , as municipais do ano 2023?<\/strong><\/p>\n\n\n\n<blockquote class=\"wp-block-quote is-layout-flow wp-block-quote-is-layout-flow\"><p>A nosa situaci\u00f3n \u00e9 moito mellor que a que ti\u00f1amos antes das municipais do 2019.Somos claramente a alternativa ao PP e , xa que logo, o noso \u00e1nimo non ten l\u00edmites e as nosas expectativas realistas est\u00e1n dirixidas a conservar todas as alcald\u00edas que temos, a ga\u00f1ar outras nas que no 19 estivemos cerca de facelo e a medrar socialmente, de maneira significativa, en todo o pa\u00eds galego.<\/p><\/blockquote>\n\n\n\n<p><strong>E para rematar, ser\u00e1 posible que nas auton\u00f3micas do 2024 por primeira vez haxa unha presidenta nacionalista no noso pa\u00eds?<\/strong><\/p>\n\n\n\n<blockquote class=\"wp-block-quote is-layout-flow wp-block-quote-is-layout-flow\"><p>Eu creo que estamos no mellor momento para poder conseguilo e no que dependa do BNG desde logo imos dar o mellor de n\u00f3s mesmos para que sexa as\u00ed. Temos raz\u00f3ns para sermos optimistas, somos moi ambiciosos e a nosa idea \u00e9 disputar e ga\u00f1ar a hexemon\u00eda social de Galiza ao PP<\/p><\/blockquote>\n","protected":false},"excerpt":{"rendered":"<div class=\"mh-excerpt\"><p>No mes que celebramos o d\u00eda da naci\u00f3n galega acheg\u00e1monos ata Pontevedra a analizarmos a situaci\u00f3n do nacionalismo e o estado social e pol\u00edtico de Galicia con Lu\u00eds Bar\u00e1, vello amigo das nosas p\u00e1xinas <a class=\"mh-excerpt-more\" href=\"https:\/\/www.anovapeneira.gal\/index.php\/2022\/07\/14\/luis-bara-deputado-do-bng-3\/\" title=\"Lu\u00eds Bar\u00e1 deputado do BNG\">[&#8230;]<\/a><\/p>\n<\/div>","protected":false},"author":2,"featured_media":7779,"comment_status":"open","ping_status":"open","sticky":false,"template":"","format":"standard","meta":{"_exactmetrics_skip_tracking":false,"_exactmetrics_sitenote_active":false,"_exactmetrics_sitenote_note":"","_exactmetrics_sitenote_category":0,"footnotes":""},"categories":[269],"tags":[372],"class_list":{"0":"post-7777","1":"post","2":"type-post","3":"status-publish","4":"format-standard","5":"has-post-thumbnail","7":"category-pontevedra-entrevistas","8":"tag-luis-bara"},"yoast_head":"<!-- This site is optimized with the Yoast SEO plugin v27.4 - https:\/\/yoast.com\/product\/yoast-seo-wordpress\/ -->\n<title>Lu\u00eds Bar\u00e1 deputado do BNG -<\/title>\n<meta name=\"description\" content=\"No mes que celebramos o d\u00eda da naci\u00f3n galega acheg\u00e1monos ata Pontevedra a analizarmos a situaci\u00f3n do nacionalismo e o estado social e pol\u00edtico de Galicia con Lu\u00eds Bar\u00e1, vello amigo das nosas p\u00e1xinas\" \/>\n<meta name=\"robots\" content=\"index, follow, max-snippet:-1, max-image-preview:large, max-video-preview:-1\" \/>\n<link rel=\"canonical\" href=\"https:\/\/www.anovapeneira.gal\/index.php\/2022\/07\/14\/luis-bara-deputado-do-bng-3\/\" \/>\n<meta property=\"og:locale\" content=\"gl_ES\" \/>\n<meta property=\"og:type\" content=\"article\" \/>\n<meta property=\"og:title\" content=\"Lu\u00eds Bar\u00e1 deputado do BNG -\" \/>\n<meta property=\"og:description\" content=\"No mes que celebramos o d\u00eda da naci\u00f3n galega acheg\u00e1monos ata Pontevedra a analizarmos a situaci\u00f3n do nacionalismo e o estado social e pol\u00edtico de Galicia con Lu\u00eds Bar\u00e1, vello amigo das nosas p\u00e1xinas\" \/>\n<meta property=\"og:url\" content=\"https:\/\/www.anovapeneira.gal\/index.php\/2022\/07\/14\/luis-bara-deputado-do-bng-3\/\" \/>\n<meta property=\"article:publisher\" content=\"https:\/\/www.facebook.com\/anovapeneira\" \/>\n<meta property=\"article:published_time\" content=\"2022-07-14T10:00:13+00:00\" \/>\n<meta property=\"og:image\" content=\"https:\/\/www.anovapeneira.gal\/wp-content\/uploads\/2022\/07\/luis_bara_2022.jpg\" \/>\n\t<meta property=\"og:image:width\" content=\"720\" \/>\n\t<meta property=\"og:image:height\" content=\"432\" \/>\n\t<meta property=\"og:image:type\" content=\"image\/jpeg\" \/>\n<meta name=\"author\" content=\"Tino Lago\" \/>\n<meta name=\"twitter:card\" content=\"summary_large_image\" \/>\n<meta name=\"twitter:creator\" content=\"@APeneira\" \/>\n<meta name=\"twitter:site\" content=\"@APeneira\" \/>\n<meta name=\"twitter:label1\" content=\"Escrito por\" \/>\n\t<meta name=\"twitter:data1\" content=\"Tino Lago\" \/>\n\t<meta name=\"twitter:label2\" content=\"Tempo de lectura\" \/>\n\t<meta name=\"twitter:data2\" content=\"9 minutos\" \/>\n<script type=\"application\/ld+json\" class=\"yoast-schema-graph\">{\"@context\":\"https:\\\/\\\/schema.org\",\"@graph\":[{\"@type\":\"Article\",\"@id\":\"https:\\\/\\\/www.anovapeneira.gal\\\/index.php\\\/2022\\\/07\\\/14\\\/luis-bara-deputado-do-bng-3\\\/#article\",\"isPartOf\":{\"@id\":\"https:\\\/\\\/www.anovapeneira.gal\\\/index.php\\\/2022\\\/07\\\/14\\\/luis-bara-deputado-do-bng-3\\\/\"},\"author\":{\"name\":\"Tino Lago\",\"@id\":\"https:\\\/\\\/www.anovapeneira.gal\\\/#\\\/schema\\\/person\\\/424dfe65e3070fd8a44d22d2c088762a\"},\"headline\":\"Lu\u00eds Bar\u00e1 deputado do BNG\",\"datePublished\":\"2022-07-14T10:00:13+00:00\",\"mainEntityOfPage\":{\"@id\":\"https:\\\/\\\/www.anovapeneira.gal\\\/index.php\\\/2022\\\/07\\\/14\\\/luis-bara-deputado-do-bng-3\\\/\"},\"wordCount\":1689,\"commentCount\":0,\"publisher\":{\"@id\":\"https:\\\/\\\/www.anovapeneira.gal\\\/#organization\"},\"image\":{\"@id\":\"https:\\\/\\\/www.anovapeneira.gal\\\/index.php\\\/2022\\\/07\\\/14\\\/luis-bara-deputado-do-bng-3\\\/#primaryimage\"},\"thumbnailUrl\":\"https:\\\/\\\/www.anovapeneira.gal\\\/wp-content\\\/uploads\\\/2022\\\/07\\\/luis_bara_2022.jpg\",\"keywords\":[\"Lu\u00eds Bar\u00e1\"],\"articleSection\":[\"Pontevedra\"],\"inLanguage\":\"gl-ES\",\"potentialAction\":[{\"@type\":\"CommentAction\",\"name\":\"Comment\",\"target\":[\"https:\\\/\\\/www.anovapeneira.gal\\\/index.php\\\/2022\\\/07\\\/14\\\/luis-bara-deputado-do-bng-3\\\/#respond\"]}]},{\"@type\":\"WebPage\",\"@id\":\"https:\\\/\\\/www.anovapeneira.gal\\\/index.php\\\/2022\\\/07\\\/14\\\/luis-bara-deputado-do-bng-3\\\/\",\"url\":\"https:\\\/\\\/www.anovapeneira.gal\\\/index.php\\\/2022\\\/07\\\/14\\\/luis-bara-deputado-do-bng-3\\\/\",\"name\":\"Lu\u00eds Bar\u00e1 deputado do BNG -\",\"isPartOf\":{\"@id\":\"https:\\\/\\\/www.anovapeneira.gal\\\/#website\"},\"primaryImageOfPage\":{\"@id\":\"https:\\\/\\\/www.anovapeneira.gal\\\/index.php\\\/2022\\\/07\\\/14\\\/luis-bara-deputado-do-bng-3\\\/#primaryimage\"},\"image\":{\"@id\":\"https:\\\/\\\/www.anovapeneira.gal\\\/index.php\\\/2022\\\/07\\\/14\\\/luis-bara-deputado-do-bng-3\\\/#primaryimage\"},\"thumbnailUrl\":\"https:\\\/\\\/www.anovapeneira.gal\\\/wp-content\\\/uploads\\\/2022\\\/07\\\/luis_bara_2022.jpg\",\"datePublished\":\"2022-07-14T10:00:13+00:00\",\"description\":\"No mes que celebramos o d\u00eda da naci\u00f3n galega acheg\u00e1monos ata Pontevedra a analizarmos a situaci\u00f3n do nacionalismo e o estado social e pol\u00edtico de Galicia con Lu\u00eds Bar\u00e1, vello amigo das nosas p\u00e1xinas\",\"breadcrumb\":{\"@id\":\"https:\\\/\\\/www.anovapeneira.gal\\\/index.php\\\/2022\\\/07\\\/14\\\/luis-bara-deputado-do-bng-3\\\/#breadcrumb\"},\"inLanguage\":\"gl-ES\",\"potentialAction\":[{\"@type\":\"ReadAction\",\"target\":[\"https:\\\/\\\/www.anovapeneira.gal\\\/index.php\\\/2022\\\/07\\\/14\\\/luis-bara-deputado-do-bng-3\\\/\"]}]},{\"@type\":\"ImageObject\",\"inLanguage\":\"gl-ES\",\"@id\":\"https:\\\/\\\/www.anovapeneira.gal\\\/index.php\\\/2022\\\/07\\\/14\\\/luis-bara-deputado-do-bng-3\\\/#primaryimage\",\"url\":\"https:\\\/\\\/www.anovapeneira.gal\\\/wp-content\\\/uploads\\\/2022\\\/07\\\/luis_bara_2022.jpg\",\"contentUrl\":\"https:\\\/\\\/www.anovapeneira.gal\\\/wp-content\\\/uploads\\\/2022\\\/07\\\/luis_bara_2022.jpg\",\"width\":720,\"height\":432,\"caption\":\"Lu\u00eds Bar\u00e1\"},{\"@type\":\"BreadcrumbList\",\"@id\":\"https:\\\/\\\/www.anovapeneira.gal\\\/index.php\\\/2022\\\/07\\\/14\\\/luis-bara-deputado-do-bng-3\\\/#breadcrumb\",\"itemListElement\":[{\"@type\":\"ListItem\",\"position\":1,\"name\":\"Portada\",\"item\":\"https:\\\/\\\/www.anovapeneira.gal\\\/\"},{\"@type\":\"ListItem\",\"position\":2,\"name\":\"Lu\u00eds Bar\u00e1 deputado do BNG\"}]},{\"@type\":\"WebSite\",\"@id\":\"https:\\\/\\\/www.anovapeneira.gal\\\/#website\",\"url\":\"https:\\\/\\\/www.anovapeneira.gal\\\/\",\"name\":\"\",\"description\":\"Xornal galego de informaci\u00f3n xeral Publicaci\u00f3n mensual de novas de Galicia e en especial dos Concellos da sur da provincia de Pontevedra.\",\"publisher\":{\"@id\":\"https:\\\/\\\/www.anovapeneira.gal\\\/#organization\"},\"potentialAction\":[{\"@type\":\"SearchAction\",\"target\":{\"@type\":\"EntryPoint\",\"urlTemplate\":\"https:\\\/\\\/www.anovapeneira.gal\\\/?s={search_term_string}\"},\"query-input\":{\"@type\":\"PropertyValueSpecification\",\"valueRequired\":true,\"valueName\":\"search_term_string\"}}],\"inLanguage\":\"gl-ES\"},{\"@type\":\"Organization\",\"@id\":\"https:\\\/\\\/www.anovapeneira.gal\\\/#organization\",\"name\":\"A Nova Peneira\",\"url\":\"https:\\\/\\\/www.anovapeneira.gal\\\/\",\"logo\":{\"@type\":\"ImageObject\",\"inLanguage\":\"gl-ES\",\"@id\":\"https:\\\/\\\/www.anovapeneira.gal\\\/#\\\/schema\\\/logo\\\/image\\\/\",\"url\":\"http:\\\/\\\/www.anovapeneira.gal\\\/wp-content\\\/uploads\\\/2019\\\/06\\\/logo_a_nova_peneira_portal_web.png\",\"contentUrl\":\"http:\\\/\\\/www.anovapeneira.gal\\\/wp-content\\\/uploads\\\/2019\\\/06\\\/logo_a_nova_peneira_portal_web.png\",\"width\":300,\"height\":100,\"caption\":\"A Nova Peneira\"},\"image\":{\"@id\":\"https:\\\/\\\/www.anovapeneira.gal\\\/#\\\/schema\\\/logo\\\/image\\\/\"},\"sameAs\":[\"https:\\\/\\\/www.facebook.com\\\/anovapeneira\",\"https:\\\/\\\/x.com\\\/APeneira\"]},{\"@type\":\"Person\",\"@id\":\"https:\\\/\\\/www.anovapeneira.gal\\\/#\\\/schema\\\/person\\\/424dfe65e3070fd8a44d22d2c088762a\",\"name\":\"Tino Lago\",\"image\":{\"@type\":\"ImageObject\",\"inLanguage\":\"gl-ES\",\"@id\":\"https:\\\/\\\/secure.gravatar.com\\\/avatar\\\/b3df6a06e44bab3111583b90f0f33a0379ee5e3d22cbadd232d39f21c30c62be?s=96&d=mm&r=g\",\"url\":\"https:\\\/\\\/secure.gravatar.com\\\/avatar\\\/b3df6a06e44bab3111583b90f0f33a0379ee5e3d22cbadd232d39f21c30c62be?s=96&d=mm&r=g\",\"contentUrl\":\"https:\\\/\\\/secure.gravatar.com\\\/avatar\\\/b3df6a06e44bab3111583b90f0f33a0379ee5e3d22cbadd232d39f21c30c62be?s=96&d=mm&r=g\",\"caption\":\"Tino Lago\"},\"sameAs\":[\"http:\\\/\\\/www.anovapeneira.gal\"],\"url\":\"https:\\\/\\\/www.anovapeneira.gal\\\/index.php\\\/author\\\/director\\\/\"}]}<\/script>\n<!-- \/ Yoast SEO plugin. -->","yoast_head_json":{"title":"Lu\u00eds Bar\u00e1 deputado do BNG -","description":"No mes que celebramos o d\u00eda da naci\u00f3n galega acheg\u00e1monos ata Pontevedra a analizarmos a situaci\u00f3n do nacionalismo e o estado social e pol\u00edtico de Galicia con Lu\u00eds Bar\u00e1, vello amigo das nosas p\u00e1xinas","robots":{"index":"index","follow":"follow","max-snippet":"max-snippet:-1","max-image-preview":"max-image-preview:large","max-video-preview":"max-video-preview:-1"},"canonical":"https:\/\/www.anovapeneira.gal\/index.php\/2022\/07\/14\/luis-bara-deputado-do-bng-3\/","og_locale":"gl_ES","og_type":"article","og_title":"Lu\u00eds Bar\u00e1 deputado do BNG -","og_description":"No mes que celebramos o d\u00eda da naci\u00f3n galega acheg\u00e1monos ata Pontevedra a analizarmos a situaci\u00f3n do nacionalismo e o estado social e pol\u00edtico de Galicia con Lu\u00eds Bar\u00e1, vello amigo das nosas p\u00e1xinas","og_url":"https:\/\/www.anovapeneira.gal\/index.php\/2022\/07\/14\/luis-bara-deputado-do-bng-3\/","article_publisher":"https:\/\/www.facebook.com\/anovapeneira","article_published_time":"2022-07-14T10:00:13+00:00","og_image":[{"width":720,"height":432,"url":"https:\/\/www.anovapeneira.gal\/wp-content\/uploads\/2022\/07\/luis_bara_2022.jpg","type":"image\/jpeg"}],"author":"Tino Lago","twitter_card":"summary_large_image","twitter_creator":"@APeneira","twitter_site":"@APeneira","twitter_misc":{"Escrito por":"Tino Lago","Tempo de lectura":"9 minutos"},"schema":{"@context":"https:\/\/schema.org","@graph":[{"@type":"Article","@id":"https:\/\/www.anovapeneira.gal\/index.php\/2022\/07\/14\/luis-bara-deputado-do-bng-3\/#article","isPartOf":{"@id":"https:\/\/www.anovapeneira.gal\/index.php\/2022\/07\/14\/luis-bara-deputado-do-bng-3\/"},"author":{"name":"Tino Lago","@id":"https:\/\/www.anovapeneira.gal\/#\/schema\/person\/424dfe65e3070fd8a44d22d2c088762a"},"headline":"Lu\u00eds Bar\u00e1 deputado do BNG","datePublished":"2022-07-14T10:00:13+00:00","mainEntityOfPage":{"@id":"https:\/\/www.anovapeneira.gal\/index.php\/2022\/07\/14\/luis-bara-deputado-do-bng-3\/"},"wordCount":1689,"commentCount":0,"publisher":{"@id":"https:\/\/www.anovapeneira.gal\/#organization"},"image":{"@id":"https:\/\/www.anovapeneira.gal\/index.php\/2022\/07\/14\/luis-bara-deputado-do-bng-3\/#primaryimage"},"thumbnailUrl":"https:\/\/www.anovapeneira.gal\/wp-content\/uploads\/2022\/07\/luis_bara_2022.jpg","keywords":["Lu\u00eds Bar\u00e1"],"articleSection":["Pontevedra"],"inLanguage":"gl-ES","potentialAction":[{"@type":"CommentAction","name":"Comment","target":["https:\/\/www.anovapeneira.gal\/index.php\/2022\/07\/14\/luis-bara-deputado-do-bng-3\/#respond"]}]},{"@type":"WebPage","@id":"https:\/\/www.anovapeneira.gal\/index.php\/2022\/07\/14\/luis-bara-deputado-do-bng-3\/","url":"https:\/\/www.anovapeneira.gal\/index.php\/2022\/07\/14\/luis-bara-deputado-do-bng-3\/","name":"Lu\u00eds Bar\u00e1 deputado do BNG -","isPartOf":{"@id":"https:\/\/www.anovapeneira.gal\/#website"},"primaryImageOfPage":{"@id":"https:\/\/www.anovapeneira.gal\/index.php\/2022\/07\/14\/luis-bara-deputado-do-bng-3\/#primaryimage"},"image":{"@id":"https:\/\/www.anovapeneira.gal\/index.php\/2022\/07\/14\/luis-bara-deputado-do-bng-3\/#primaryimage"},"thumbnailUrl":"https:\/\/www.anovapeneira.gal\/wp-content\/uploads\/2022\/07\/luis_bara_2022.jpg","datePublished":"2022-07-14T10:00:13+00:00","description":"No mes que celebramos o d\u00eda da naci\u00f3n galega acheg\u00e1monos ata Pontevedra a analizarmos a situaci\u00f3n do nacionalismo e o estado social e pol\u00edtico de Galicia con Lu\u00eds Bar\u00e1, vello amigo das nosas p\u00e1xinas","breadcrumb":{"@id":"https:\/\/www.anovapeneira.gal\/index.php\/2022\/07\/14\/luis-bara-deputado-do-bng-3\/#breadcrumb"},"inLanguage":"gl-ES","potentialAction":[{"@type":"ReadAction","target":["https:\/\/www.anovapeneira.gal\/index.php\/2022\/07\/14\/luis-bara-deputado-do-bng-3\/"]}]},{"@type":"ImageObject","inLanguage":"gl-ES","@id":"https:\/\/www.anovapeneira.gal\/index.php\/2022\/07\/14\/luis-bara-deputado-do-bng-3\/#primaryimage","url":"https:\/\/www.anovapeneira.gal\/wp-content\/uploads\/2022\/07\/luis_bara_2022.jpg","contentUrl":"https:\/\/www.anovapeneira.gal\/wp-content\/uploads\/2022\/07\/luis_bara_2022.jpg","width":720,"height":432,"caption":"Lu\u00eds Bar\u00e1"},{"@type":"BreadcrumbList","@id":"https:\/\/www.anovapeneira.gal\/index.php\/2022\/07\/14\/luis-bara-deputado-do-bng-3\/#breadcrumb","itemListElement":[{"@type":"ListItem","position":1,"name":"Portada","item":"https:\/\/www.anovapeneira.gal\/"},{"@type":"ListItem","position":2,"name":"Lu\u00eds Bar\u00e1 deputado do BNG"}]},{"@type":"WebSite","@id":"https:\/\/www.anovapeneira.gal\/#website","url":"https:\/\/www.anovapeneira.gal\/","name":"","description":"Xornal galego de informaci\u00f3n xeral Publicaci\u00f3n mensual de novas de Galicia e en especial dos Concellos da sur da provincia de Pontevedra.","publisher":{"@id":"https:\/\/www.anovapeneira.gal\/#organization"},"potentialAction":[{"@type":"SearchAction","target":{"@type":"EntryPoint","urlTemplate":"https:\/\/www.anovapeneira.gal\/?s={search_term_string}"},"query-input":{"@type":"PropertyValueSpecification","valueRequired":true,"valueName":"search_term_string"}}],"inLanguage":"gl-ES"},{"@type":"Organization","@id":"https:\/\/www.anovapeneira.gal\/#organization","name":"A Nova Peneira","url":"https:\/\/www.anovapeneira.gal\/","logo":{"@type":"ImageObject","inLanguage":"gl-ES","@id":"https:\/\/www.anovapeneira.gal\/#\/schema\/logo\/image\/","url":"http:\/\/www.anovapeneira.gal\/wp-content\/uploads\/2019\/06\/logo_a_nova_peneira_portal_web.png","contentUrl":"http:\/\/www.anovapeneira.gal\/wp-content\/uploads\/2019\/06\/logo_a_nova_peneira_portal_web.png","width":300,"height":100,"caption":"A Nova Peneira"},"image":{"@id":"https:\/\/www.anovapeneira.gal\/#\/schema\/logo\/image\/"},"sameAs":["https:\/\/www.facebook.com\/anovapeneira","https:\/\/x.com\/APeneira"]},{"@type":"Person","@id":"https:\/\/www.anovapeneira.gal\/#\/schema\/person\/424dfe65e3070fd8a44d22d2c088762a","name":"Tino Lago","image":{"@type":"ImageObject","inLanguage":"gl-ES","@id":"https:\/\/secure.gravatar.com\/avatar\/b3df6a06e44bab3111583b90f0f33a0379ee5e3d22cbadd232d39f21c30c62be?s=96&d=mm&r=g","url":"https:\/\/secure.gravatar.com\/avatar\/b3df6a06e44bab3111583b90f0f33a0379ee5e3d22cbadd232d39f21c30c62be?s=96&d=mm&r=g","contentUrl":"https:\/\/secure.gravatar.com\/avatar\/b3df6a06e44bab3111583b90f0f33a0379ee5e3d22cbadd232d39f21c30c62be?s=96&d=mm&r=g","caption":"Tino Lago"},"sameAs":["http:\/\/www.anovapeneira.gal"],"url":"https:\/\/www.anovapeneira.gal\/index.php\/author\/director\/"}]}},"jetpack_featured_media_url":"https:\/\/www.anovapeneira.gal\/wp-content\/uploads\/2022\/07\/luis_bara_2022.jpg","_links":{"self":[{"href":"https:\/\/www.anovapeneira.gal\/index.php\/wp-json\/wp\/v2\/posts\/7777","targetHints":{"allow":["GET"]}}],"collection":[{"href":"https:\/\/www.anovapeneira.gal\/index.php\/wp-json\/wp\/v2\/posts"}],"about":[{"href":"https:\/\/www.anovapeneira.gal\/index.php\/wp-json\/wp\/v2\/types\/post"}],"author":[{"embeddable":true,"href":"https:\/\/www.anovapeneira.gal\/index.php\/wp-json\/wp\/v2\/users\/2"}],"replies":[{"embeddable":true,"href":"https:\/\/www.anovapeneira.gal\/index.php\/wp-json\/wp\/v2\/comments?post=7777"}],"version-history":[{"count":1,"href":"https:\/\/www.anovapeneira.gal\/index.php\/wp-json\/wp\/v2\/posts\/7777\/revisions"}],"predecessor-version":[{"id":7778,"href":"https:\/\/www.anovapeneira.gal\/index.php\/wp-json\/wp\/v2\/posts\/7777\/revisions\/7778"}],"wp:featuredmedia":[{"embeddable":true,"href":"https:\/\/www.anovapeneira.gal\/index.php\/wp-json\/wp\/v2\/media\/7779"}],"wp:attachment":[{"href":"https:\/\/www.anovapeneira.gal\/index.php\/wp-json\/wp\/v2\/media?parent=7777"}],"wp:term":[{"taxonomy":"category","embeddable":true,"href":"https:\/\/www.anovapeneira.gal\/index.php\/wp-json\/wp\/v2\/categories?post=7777"},{"taxonomy":"post_tag","embeddable":true,"href":"https:\/\/www.anovapeneira.gal\/index.php\/wp-json\/wp\/v2\/tags?post=7777"}],"curies":[{"name":"wp","href":"https:\/\/api.w.org\/{rel}","templated":true}]}}