{"id":7786,"date":"2022-07-18T10:00:39","date_gmt":"2022-07-18T08:00:39","guid":{"rendered":"https:\/\/www.anovapeneira.gal\/?p=7786"},"modified":"2022-07-13T19:18:39","modified_gmt":"2022-07-13T17:18:39","slug":"o-monte-santa-trega-conta-con-catro-visitas-guiadas-diarias-de-martes-a-domingo","status":"publish","type":"post","link":"https:\/\/www.anovapeneira.gal\/index.php\/2022\/07\/18\/o-monte-santa-trega-conta-con-catro-visitas-guiadas-diarias-de-martes-a-domingo\/","title":{"rendered":"O monte Santa Trega conta con catro visitas guiadas diarias de martes a domingo"},"content":{"rendered":"\n<p><strong>\u2022 <\/strong><strong>Ao longo dos meses de xullo e agosto haber\u00e1 catro visitas guiadas ao d\u00eda de martes a domingo.<\/strong><br><strong>\u2022 <\/strong><strong>Prazas limitadas e inscrici\u00f3n previa no Museo Arqueol\u00f3xico no tel. 690.01.70.38 (tam\u00e9n WhapsApp) ou un mail a masat@aguarda.es<\/strong><\/p>\n\n\n\n<p>As visitas guiadas ao Monte Santa Trega que se ofrecen dende o Padroado Municipal de Santa Trega para que os visitantes e veci\u00f1os podan co\u00f1ecer mellor o valor arqueol\u00f3xico deste monte, dispor\u00e1n nos meses de xullo e agosto de ata catro visitas diarias de martes a domingo.<\/p>\n\n\n\n<p>Neste ano 2022 recuperase a ampla oferta de visitas guiadas, que xa comezou no mes de xu\u00f1o e que rematar\u00e1 no mes setembro.<\/p>\n\n\n\n<p>Para Rafa \u00c1lvarez, Concelleiro de Turismo, \u00e9 importante promocionar e por en valor o Monte Santa Trega e os seus xacementos arqueol\u00f3xicos, as\u00ed coma o MASAT(Museo Arqueol\u00f3xico de Santa Trega), para que os nosos visitantes co\u00f1ezan todo o patrimonio e a historia dos noso antepasados.<\/p>\n\n\n\n<p>Indicou Rafa \u00c1lvarez, que as visitas guiadas deste ver\u00e1n ao Monte Santa Trega, contan cun gu\u00eda local, experto en historia que traslada os seus co\u00f1ecementos en cada visita dun xeito sinxelo e animado para que os participantes se \u201cembriaguen\u201d da cultura castrexa e o patrimonio do noso municipio.<\/p>\n\n\n\n<p>A oferta das visitas ampl\u00edase nos meses de maior afluencia, xullo e agosto, con visitas de martes a domingo e 4 visitas ao d\u00eda (12:00h, 13:00h, 18:00h e 19:00h), polo que a oferta de visitas guiadas ampl\u00edase para que todos os visitantes interesados te\u00f1an a oportunidade de co\u00f1ecer a cultura castrexa e a nosa paisaxe.<\/p>\n\n\n\n<p>Este ano as visitas guiadas estar\u00e1n centradas no Castro de Santa Trega, nas \u00e1reas escavadas dende o norte ao sur, pero sempre \u00e9 interesante completar esta actividade coa visita ao MASAT, Museo Arqueol\u00f3xico de Santa Trega.<\/p>\n\n\n\n<p>Para ofrecer unha visi\u00f3n m\u00e1is ampla da zona escavada vaise realizar un percorrido completo dende porta norte ata a porta sur, recorrendo as diferentes \u00e1reas escavadas ao longo dos \u00faltimos cen anos como as vivendas reconstru\u00eddas, a zona de Mergelina, o concheiro,\u2026<\/p>\n\n\n\n<p>As prazas seguen a estar limitadas polo que se precisa de inscrici\u00f3n previa no Museo Arqueol\u00f3xico no tel. 690.01.70.38 (tam\u00e9n WhapsApp) ou un mail a masat@aguarda.es. A visita guiada \u00e9 gratu\u00edta pero aqueles que accedan ao Monte Santa Trega en veh\u00edculo deber\u00e1n abonar o prezo p\u00fablico.<\/p>\n\n\n\n<p>A duraci\u00f3n aproximada \u00e9 45 minutos e o punto de encontro \u00e9 o aparcadoiro da Casa Forestal desde onde se partir\u00e1 para comezar esta fermosa ruta polo interior do castro escavado.<\/p>\n","protected":false},"excerpt":{"rendered":"<div class=\"mh-excerpt\"><p>As visitas guiadas ao Monte Santa Trega que se ofrecen dende o Padroado Municipal de Santa Trega para que os visitantes e veci\u00f1os podan co\u00f1ecer mellor o valor arqueol\u00f3xico deste monte, dispor\u00e1n nos meses de xullo e agosto de ata catro visitas diarias de martes a domingo <a class=\"mh-excerpt-more\" href=\"https:\/\/www.anovapeneira.gal\/index.php\/2022\/07\/18\/o-monte-santa-trega-conta-con-catro-visitas-guiadas-diarias-de-martes-a-domingo\/\" title=\"O monte Santa Trega conta con catro visitas guiadas diarias de martes a domingo\">[&#8230;]<\/a><\/p>\n<\/div>","protected":false},"author":3,"featured_media":7787,"comment_status":"open","ping_status":"open","sticky":false,"template":"","format":"standard","meta":{"_exactmetrics_skip_tracking":false,"_exactmetrics_sitenote_active":false,"_exactmetrics_sitenote_note":"","_exactmetrics_sitenote_category":0,"footnotes":""},"categories":[21],"tags":[238],"class_list":{"0":"post-7786","1":"post","2":"type-post","3":"status-publish","4":"format-standard","5":"has-post-thumbnail","7":"category-baixo-mino","8":"tag-concello-da-guarda"},"yoast_head":"<!-- This site is optimized with the Yoast SEO plugin v27.4 - https:\/\/yoast.com\/product\/yoast-seo-wordpress\/ -->\n<title>O monte Santa Trega conta con catro visitas guiadas diarias de martes a domingo -<\/title>\n<meta name=\"description\" content=\"As visitas guiadas ao Monte Santa Trega que se ofrecen dende o Padroado Municipal de Santa Trega para que os visitantes e veci\u00f1os podan co\u00f1ecer mellor o valor arqueol\u00f3xico deste monte, dispor\u00e1n nos meses de xullo e agosto de ata catro visitas diarias de martes a domingo\" \/>\n<meta name=\"robots\" content=\"index, follow, max-snippet:-1, max-image-preview:large, max-video-preview:-1\" \/>\n<link rel=\"canonical\" href=\"https:\/\/www.anovapeneira.gal\/index.php\/2022\/07\/18\/o-monte-santa-trega-conta-con-catro-visitas-guiadas-diarias-de-martes-a-domingo\/\" \/>\n<meta property=\"og:locale\" content=\"gl_ES\" \/>\n<meta property=\"og:type\" content=\"article\" \/>\n<meta property=\"og:title\" content=\"O monte Santa Trega conta con catro visitas guiadas diarias de martes a domingo -\" \/>\n<meta property=\"og:description\" content=\"As visitas guiadas ao Monte Santa Trega que se ofrecen dende o Padroado Municipal de Santa Trega para que os visitantes e veci\u00f1os podan co\u00f1ecer mellor o valor arqueol\u00f3xico deste monte, dispor\u00e1n nos meses de xullo e agosto de ata catro visitas diarias de martes a domingo\" \/>\n<meta property=\"og:url\" content=\"https:\/\/www.anovapeneira.gal\/index.php\/2022\/07\/18\/o-monte-santa-trega-conta-con-catro-visitas-guiadas-diarias-de-martes-a-domingo\/\" \/>\n<meta property=\"article:publisher\" content=\"https:\/\/www.facebook.com\/anovapeneira\" \/>\n<meta property=\"article:published_time\" content=\"2022-07-18T08:00:39+00:00\" \/>\n<meta property=\"og:image\" content=\"https:\/\/www.anovapeneira.gal\/wp-content\/uploads\/2022\/07\/visitas_tegra.jpg\" \/>\n\t<meta property=\"og:image:width\" content=\"720\" \/>\n\t<meta property=\"og:image:height\" content=\"432\" \/>\n\t<meta property=\"og:image:type\" content=\"image\/jpeg\" \/>\n<meta name=\"author\" content=\"Redacci\u00f3n A Nova Peneira\" \/>\n<meta name=\"twitter:card\" content=\"summary_large_image\" \/>\n<meta name=\"twitter:creator\" content=\"@APeneira\" \/>\n<meta name=\"twitter:site\" content=\"@APeneira\" \/>\n<meta name=\"twitter:label1\" content=\"Escrito por\" \/>\n\t<meta name=\"twitter:data1\" content=\"Redacci\u00f3n A Nova Peneira\" \/>\n\t<meta name=\"twitter:label2\" content=\"Tempo de lectura\" \/>\n\t<meta name=\"twitter:data2\" content=\"3 minutos\" \/>\n<script type=\"application\/ld+json\" class=\"yoast-schema-graph\">{\"@context\":\"https:\\\/\\\/schema.org\",\"@graph\":[{\"@type\":\"Article\",\"@id\":\"https:\\\/\\\/www.anovapeneira.gal\\\/index.php\\\/2022\\\/07\\\/18\\\/o-monte-santa-trega-conta-con-catro-visitas-guiadas-diarias-de-martes-a-domingo\\\/#article\",\"isPartOf\":{\"@id\":\"https:\\\/\\\/www.anovapeneira.gal\\\/index.php\\\/2022\\\/07\\\/18\\\/o-monte-santa-trega-conta-con-catro-visitas-guiadas-diarias-de-martes-a-domingo\\\/\"},\"author\":{\"name\":\"Redacci\u00f3n A Nova Peneira\",\"@id\":\"https:\\\/\\\/www.anovapeneira.gal\\\/#\\\/schema\\\/person\\\/b93e3f8932e3f8da96334607eb6ac6aa\"},\"headline\":\"O monte Santa Trega conta con catro visitas guiadas diarias de martes a domingo\",\"datePublished\":\"2022-07-18T08:00:39+00:00\",\"mainEntityOfPage\":{\"@id\":\"https:\\\/\\\/www.anovapeneira.gal\\\/index.php\\\/2022\\\/07\\\/18\\\/o-monte-santa-trega-conta-con-catro-visitas-guiadas-diarias-de-martes-a-domingo\\\/\"},\"wordCount\":451,\"commentCount\":0,\"publisher\":{\"@id\":\"https:\\\/\\\/www.anovapeneira.gal\\\/#organization\"},\"image\":{\"@id\":\"https:\\\/\\\/www.anovapeneira.gal\\\/index.php\\\/2022\\\/07\\\/18\\\/o-monte-santa-trega-conta-con-catro-visitas-guiadas-diarias-de-martes-a-domingo\\\/#primaryimage\"},\"thumbnailUrl\":\"https:\\\/\\\/www.anovapeneira.gal\\\/wp-content\\\/uploads\\\/2022\\\/07\\\/visitas_tegra.jpg\",\"keywords\":[\"Concello da Guarda\"],\"articleSection\":[\"Baixo Mi\u00f1o\"],\"inLanguage\":\"gl-ES\",\"potentialAction\":[{\"@type\":\"CommentAction\",\"name\":\"Comment\",\"target\":[\"https:\\\/\\\/www.anovapeneira.gal\\\/index.php\\\/2022\\\/07\\\/18\\\/o-monte-santa-trega-conta-con-catro-visitas-guiadas-diarias-de-martes-a-domingo\\\/#respond\"]}]},{\"@type\":\"WebPage\",\"@id\":\"https:\\\/\\\/www.anovapeneira.gal\\\/index.php\\\/2022\\\/07\\\/18\\\/o-monte-santa-trega-conta-con-catro-visitas-guiadas-diarias-de-martes-a-domingo\\\/\",\"url\":\"https:\\\/\\\/www.anovapeneira.gal\\\/index.php\\\/2022\\\/07\\\/18\\\/o-monte-santa-trega-conta-con-catro-visitas-guiadas-diarias-de-martes-a-domingo\\\/\",\"name\":\"O monte Santa Trega conta con catro visitas guiadas diarias de martes a domingo -\",\"isPartOf\":{\"@id\":\"https:\\\/\\\/www.anovapeneira.gal\\\/#website\"},\"primaryImageOfPage\":{\"@id\":\"https:\\\/\\\/www.anovapeneira.gal\\\/index.php\\\/2022\\\/07\\\/18\\\/o-monte-santa-trega-conta-con-catro-visitas-guiadas-diarias-de-martes-a-domingo\\\/#primaryimage\"},\"image\":{\"@id\":\"https:\\\/\\\/www.anovapeneira.gal\\\/index.php\\\/2022\\\/07\\\/18\\\/o-monte-santa-trega-conta-con-catro-visitas-guiadas-diarias-de-martes-a-domingo\\\/#primaryimage\"},\"thumbnailUrl\":\"https:\\\/\\\/www.anovapeneira.gal\\\/wp-content\\\/uploads\\\/2022\\\/07\\\/visitas_tegra.jpg\",\"datePublished\":\"2022-07-18T08:00:39+00:00\",\"description\":\"As visitas guiadas ao Monte Santa Trega que se ofrecen dende o Padroado Municipal de Santa Trega para que os visitantes e veci\u00f1os podan co\u00f1ecer mellor o valor arqueol\u00f3xico deste monte, dispor\u00e1n nos meses de xullo e agosto de ata catro visitas diarias de martes a domingo\",\"breadcrumb\":{\"@id\":\"https:\\\/\\\/www.anovapeneira.gal\\\/index.php\\\/2022\\\/07\\\/18\\\/o-monte-santa-trega-conta-con-catro-visitas-guiadas-diarias-de-martes-a-domingo\\\/#breadcrumb\"},\"inLanguage\":\"gl-ES\",\"potentialAction\":[{\"@type\":\"ReadAction\",\"target\":[\"https:\\\/\\\/www.anovapeneira.gal\\\/index.php\\\/2022\\\/07\\\/18\\\/o-monte-santa-trega-conta-con-catro-visitas-guiadas-diarias-de-martes-a-domingo\\\/\"]}]},{\"@type\":\"ImageObject\",\"inLanguage\":\"gl-ES\",\"@id\":\"https:\\\/\\\/www.anovapeneira.gal\\\/index.php\\\/2022\\\/07\\\/18\\\/o-monte-santa-trega-conta-con-catro-visitas-guiadas-diarias-de-martes-a-domingo\\\/#primaryimage\",\"url\":\"https:\\\/\\\/www.anovapeneira.gal\\\/wp-content\\\/uploads\\\/2022\\\/07\\\/visitas_tegra.jpg\",\"contentUrl\":\"https:\\\/\\\/www.anovapeneira.gal\\\/wp-content\\\/uploads\\\/2022\\\/07\\\/visitas_tegra.jpg\",\"width\":720,\"height\":432,\"caption\":\"Visitas Tegra\"},{\"@type\":\"BreadcrumbList\",\"@id\":\"https:\\\/\\\/www.anovapeneira.gal\\\/index.php\\\/2022\\\/07\\\/18\\\/o-monte-santa-trega-conta-con-catro-visitas-guiadas-diarias-de-martes-a-domingo\\\/#breadcrumb\",\"itemListElement\":[{\"@type\":\"ListItem\",\"position\":1,\"name\":\"Portada\",\"item\":\"https:\\\/\\\/www.anovapeneira.gal\\\/\"},{\"@type\":\"ListItem\",\"position\":2,\"name\":\"O monte Santa Trega conta con catro visitas guiadas diarias de martes a domingo\"}]},{\"@type\":\"WebSite\",\"@id\":\"https:\\\/\\\/www.anovapeneira.gal\\\/#website\",\"url\":\"https:\\\/\\\/www.anovapeneira.gal\\\/\",\"name\":\"\",\"description\":\"Xornal galego de informaci\u00f3n xeral Publicaci\u00f3n mensual de novas de Galicia e en especial dos Concellos da sur da provincia de Pontevedra.\",\"publisher\":{\"@id\":\"https:\\\/\\\/www.anovapeneira.gal\\\/#organization\"},\"potentialAction\":[{\"@type\":\"SearchAction\",\"target\":{\"@type\":\"EntryPoint\",\"urlTemplate\":\"https:\\\/\\\/www.anovapeneira.gal\\\/?s={search_term_string}\"},\"query-input\":{\"@type\":\"PropertyValueSpecification\",\"valueRequired\":true,\"valueName\":\"search_term_string\"}}],\"inLanguage\":\"gl-ES\"},{\"@type\":\"Organization\",\"@id\":\"https:\\\/\\\/www.anovapeneira.gal\\\/#organization\",\"name\":\"A Nova Peneira\",\"url\":\"https:\\\/\\\/www.anovapeneira.gal\\\/\",\"logo\":{\"@type\":\"ImageObject\",\"inLanguage\":\"gl-ES\",\"@id\":\"https:\\\/\\\/www.anovapeneira.gal\\\/#\\\/schema\\\/logo\\\/image\\\/\",\"url\":\"http:\\\/\\\/www.anovapeneira.gal\\\/wp-content\\\/uploads\\\/2019\\\/06\\\/logo_a_nova_peneira_portal_web.png\",\"contentUrl\":\"http:\\\/\\\/www.anovapeneira.gal\\\/wp-content\\\/uploads\\\/2019\\\/06\\\/logo_a_nova_peneira_portal_web.png\",\"width\":300,\"height\":100,\"caption\":\"A Nova Peneira\"},\"image\":{\"@id\":\"https:\\\/\\\/www.anovapeneira.gal\\\/#\\\/schema\\\/logo\\\/image\\\/\"},\"sameAs\":[\"https:\\\/\\\/www.facebook.com\\\/anovapeneira\",\"https:\\\/\\\/x.com\\\/APeneira\"]},{\"@type\":\"Person\",\"@id\":\"https:\\\/\\\/www.anovapeneira.gal\\\/#\\\/schema\\\/person\\\/b93e3f8932e3f8da96334607eb6ac6aa\",\"name\":\"Redacci\u00f3n A Nova Peneira\",\"image\":{\"@type\":\"ImageObject\",\"inLanguage\":\"gl-ES\",\"@id\":\"https:\\\/\\\/secure.gravatar.com\\\/avatar\\\/c052a2551a06e23fac63626232eaa90abd78dbcf1700fc46a2b2c89fd27b735f?s=96&d=mm&r=g\",\"url\":\"https:\\\/\\\/secure.gravatar.com\\\/avatar\\\/c052a2551a06e23fac63626232eaa90abd78dbcf1700fc46a2b2c89fd27b735f?s=96&d=mm&r=g\",\"contentUrl\":\"https:\\\/\\\/secure.gravatar.com\\\/avatar\\\/c052a2551a06e23fac63626232eaa90abd78dbcf1700fc46a2b2c89fd27b735f?s=96&d=mm&r=g\",\"caption\":\"Redacci\u00f3n A Nova Peneira\"},\"sameAs\":[\"http:\\\/\\\/www.anovapeneira.gal\\\/\"],\"url\":\"https:\\\/\\\/www.anovapeneira.gal\\\/index.php\\\/author\\\/redactor\\\/\"}]}<\/script>\n<!-- \/ Yoast SEO plugin. -->","yoast_head_json":{"title":"O monte Santa Trega conta con catro visitas guiadas diarias de martes a domingo -","description":"As visitas guiadas ao Monte Santa Trega que se ofrecen dende o Padroado Municipal de Santa Trega para que os visitantes e veci\u00f1os podan co\u00f1ecer mellor o valor arqueol\u00f3xico deste monte, dispor\u00e1n nos meses de xullo e agosto de ata catro visitas diarias de martes a domingo","robots":{"index":"index","follow":"follow","max-snippet":"max-snippet:-1","max-image-preview":"max-image-preview:large","max-video-preview":"max-video-preview:-1"},"canonical":"https:\/\/www.anovapeneira.gal\/index.php\/2022\/07\/18\/o-monte-santa-trega-conta-con-catro-visitas-guiadas-diarias-de-martes-a-domingo\/","og_locale":"gl_ES","og_type":"article","og_title":"O monte Santa Trega conta con catro visitas guiadas diarias de martes a domingo -","og_description":"As visitas guiadas ao Monte Santa Trega que se ofrecen dende o Padroado Municipal de Santa Trega para que os visitantes e veci\u00f1os podan co\u00f1ecer mellor o valor arqueol\u00f3xico deste monte, dispor\u00e1n nos meses de xullo e agosto de ata catro visitas diarias de martes a domingo","og_url":"https:\/\/www.anovapeneira.gal\/index.php\/2022\/07\/18\/o-monte-santa-trega-conta-con-catro-visitas-guiadas-diarias-de-martes-a-domingo\/","article_publisher":"https:\/\/www.facebook.com\/anovapeneira","article_published_time":"2022-07-18T08:00:39+00:00","og_image":[{"width":720,"height":432,"url":"https:\/\/www.anovapeneira.gal\/wp-content\/uploads\/2022\/07\/visitas_tegra.jpg","type":"image\/jpeg"}],"author":"Redacci\u00f3n A Nova Peneira","twitter_card":"summary_large_image","twitter_creator":"@APeneira","twitter_site":"@APeneira","twitter_misc":{"Escrito por":"Redacci\u00f3n A Nova Peneira","Tempo de lectura":"3 minutos"},"schema":{"@context":"https:\/\/schema.org","@graph":[{"@type":"Article","@id":"https:\/\/www.anovapeneira.gal\/index.php\/2022\/07\/18\/o-monte-santa-trega-conta-con-catro-visitas-guiadas-diarias-de-martes-a-domingo\/#article","isPartOf":{"@id":"https:\/\/www.anovapeneira.gal\/index.php\/2022\/07\/18\/o-monte-santa-trega-conta-con-catro-visitas-guiadas-diarias-de-martes-a-domingo\/"},"author":{"name":"Redacci\u00f3n A Nova Peneira","@id":"https:\/\/www.anovapeneira.gal\/#\/schema\/person\/b93e3f8932e3f8da96334607eb6ac6aa"},"headline":"O monte Santa Trega conta con catro visitas guiadas diarias de martes a domingo","datePublished":"2022-07-18T08:00:39+00:00","mainEntityOfPage":{"@id":"https:\/\/www.anovapeneira.gal\/index.php\/2022\/07\/18\/o-monte-santa-trega-conta-con-catro-visitas-guiadas-diarias-de-martes-a-domingo\/"},"wordCount":451,"commentCount":0,"publisher":{"@id":"https:\/\/www.anovapeneira.gal\/#organization"},"image":{"@id":"https:\/\/www.anovapeneira.gal\/index.php\/2022\/07\/18\/o-monte-santa-trega-conta-con-catro-visitas-guiadas-diarias-de-martes-a-domingo\/#primaryimage"},"thumbnailUrl":"https:\/\/www.anovapeneira.gal\/wp-content\/uploads\/2022\/07\/visitas_tegra.jpg","keywords":["Concello da Guarda"],"articleSection":["Baixo Mi\u00f1o"],"inLanguage":"gl-ES","potentialAction":[{"@type":"CommentAction","name":"Comment","target":["https:\/\/www.anovapeneira.gal\/index.php\/2022\/07\/18\/o-monte-santa-trega-conta-con-catro-visitas-guiadas-diarias-de-martes-a-domingo\/#respond"]}]},{"@type":"WebPage","@id":"https:\/\/www.anovapeneira.gal\/index.php\/2022\/07\/18\/o-monte-santa-trega-conta-con-catro-visitas-guiadas-diarias-de-martes-a-domingo\/","url":"https:\/\/www.anovapeneira.gal\/index.php\/2022\/07\/18\/o-monte-santa-trega-conta-con-catro-visitas-guiadas-diarias-de-martes-a-domingo\/","name":"O monte Santa Trega conta con catro visitas guiadas diarias de martes a domingo -","isPartOf":{"@id":"https:\/\/www.anovapeneira.gal\/#website"},"primaryImageOfPage":{"@id":"https:\/\/www.anovapeneira.gal\/index.php\/2022\/07\/18\/o-monte-santa-trega-conta-con-catro-visitas-guiadas-diarias-de-martes-a-domingo\/#primaryimage"},"image":{"@id":"https:\/\/www.anovapeneira.gal\/index.php\/2022\/07\/18\/o-monte-santa-trega-conta-con-catro-visitas-guiadas-diarias-de-martes-a-domingo\/#primaryimage"},"thumbnailUrl":"https:\/\/www.anovapeneira.gal\/wp-content\/uploads\/2022\/07\/visitas_tegra.jpg","datePublished":"2022-07-18T08:00:39+00:00","description":"As visitas guiadas ao Monte Santa Trega que se ofrecen dende o Padroado Municipal de Santa Trega para que os visitantes e veci\u00f1os podan co\u00f1ecer mellor o valor arqueol\u00f3xico deste monte, dispor\u00e1n nos meses de xullo e agosto de ata catro visitas diarias de martes a domingo","breadcrumb":{"@id":"https:\/\/www.anovapeneira.gal\/index.php\/2022\/07\/18\/o-monte-santa-trega-conta-con-catro-visitas-guiadas-diarias-de-martes-a-domingo\/#breadcrumb"},"inLanguage":"gl-ES","potentialAction":[{"@type":"ReadAction","target":["https:\/\/www.anovapeneira.gal\/index.php\/2022\/07\/18\/o-monte-santa-trega-conta-con-catro-visitas-guiadas-diarias-de-martes-a-domingo\/"]}]},{"@type":"ImageObject","inLanguage":"gl-ES","@id":"https:\/\/www.anovapeneira.gal\/index.php\/2022\/07\/18\/o-monte-santa-trega-conta-con-catro-visitas-guiadas-diarias-de-martes-a-domingo\/#primaryimage","url":"https:\/\/www.anovapeneira.gal\/wp-content\/uploads\/2022\/07\/visitas_tegra.jpg","contentUrl":"https:\/\/www.anovapeneira.gal\/wp-content\/uploads\/2022\/07\/visitas_tegra.jpg","width":720,"height":432,"caption":"Visitas Tegra"},{"@type":"BreadcrumbList","@id":"https:\/\/www.anovapeneira.gal\/index.php\/2022\/07\/18\/o-monte-santa-trega-conta-con-catro-visitas-guiadas-diarias-de-martes-a-domingo\/#breadcrumb","itemListElement":[{"@type":"ListItem","position":1,"name":"Portada","item":"https:\/\/www.anovapeneira.gal\/"},{"@type":"ListItem","position":2,"name":"O monte Santa Trega conta con catro visitas guiadas diarias de martes a domingo"}]},{"@type":"WebSite","@id":"https:\/\/www.anovapeneira.gal\/#website","url":"https:\/\/www.anovapeneira.gal\/","name":"","description":"Xornal galego de informaci\u00f3n xeral Publicaci\u00f3n mensual de novas de Galicia e en especial dos Concellos da sur da provincia de Pontevedra.","publisher":{"@id":"https:\/\/www.anovapeneira.gal\/#organization"},"potentialAction":[{"@type":"SearchAction","target":{"@type":"EntryPoint","urlTemplate":"https:\/\/www.anovapeneira.gal\/?s={search_term_string}"},"query-input":{"@type":"PropertyValueSpecification","valueRequired":true,"valueName":"search_term_string"}}],"inLanguage":"gl-ES"},{"@type":"Organization","@id":"https:\/\/www.anovapeneira.gal\/#organization","name":"A Nova Peneira","url":"https:\/\/www.anovapeneira.gal\/","logo":{"@type":"ImageObject","inLanguage":"gl-ES","@id":"https:\/\/www.anovapeneira.gal\/#\/schema\/logo\/image\/","url":"http:\/\/www.anovapeneira.gal\/wp-content\/uploads\/2019\/06\/logo_a_nova_peneira_portal_web.png","contentUrl":"http:\/\/www.anovapeneira.gal\/wp-content\/uploads\/2019\/06\/logo_a_nova_peneira_portal_web.png","width":300,"height":100,"caption":"A Nova Peneira"},"image":{"@id":"https:\/\/www.anovapeneira.gal\/#\/schema\/logo\/image\/"},"sameAs":["https:\/\/www.facebook.com\/anovapeneira","https:\/\/x.com\/APeneira"]},{"@type":"Person","@id":"https:\/\/www.anovapeneira.gal\/#\/schema\/person\/b93e3f8932e3f8da96334607eb6ac6aa","name":"Redacci\u00f3n A Nova Peneira","image":{"@type":"ImageObject","inLanguage":"gl-ES","@id":"https:\/\/secure.gravatar.com\/avatar\/c052a2551a06e23fac63626232eaa90abd78dbcf1700fc46a2b2c89fd27b735f?s=96&d=mm&r=g","url":"https:\/\/secure.gravatar.com\/avatar\/c052a2551a06e23fac63626232eaa90abd78dbcf1700fc46a2b2c89fd27b735f?s=96&d=mm&r=g","contentUrl":"https:\/\/secure.gravatar.com\/avatar\/c052a2551a06e23fac63626232eaa90abd78dbcf1700fc46a2b2c89fd27b735f?s=96&d=mm&r=g","caption":"Redacci\u00f3n A Nova Peneira"},"sameAs":["http:\/\/www.anovapeneira.gal\/"],"url":"https:\/\/www.anovapeneira.gal\/index.php\/author\/redactor\/"}]}},"jetpack_featured_media_url":"https:\/\/www.anovapeneira.gal\/wp-content\/uploads\/2022\/07\/visitas_tegra.jpg","_links":{"self":[{"href":"https:\/\/www.anovapeneira.gal\/index.php\/wp-json\/wp\/v2\/posts\/7786","targetHints":{"allow":["GET"]}}],"collection":[{"href":"https:\/\/www.anovapeneira.gal\/index.php\/wp-json\/wp\/v2\/posts"}],"about":[{"href":"https:\/\/www.anovapeneira.gal\/index.php\/wp-json\/wp\/v2\/types\/post"}],"author":[{"embeddable":true,"href":"https:\/\/www.anovapeneira.gal\/index.php\/wp-json\/wp\/v2\/users\/3"}],"replies":[{"embeddable":true,"href":"https:\/\/www.anovapeneira.gal\/index.php\/wp-json\/wp\/v2\/comments?post=7786"}],"version-history":[{"count":1,"href":"https:\/\/www.anovapeneira.gal\/index.php\/wp-json\/wp\/v2\/posts\/7786\/revisions"}],"predecessor-version":[{"id":7788,"href":"https:\/\/www.anovapeneira.gal\/index.php\/wp-json\/wp\/v2\/posts\/7786\/revisions\/7788"}],"wp:featuredmedia":[{"embeddable":true,"href":"https:\/\/www.anovapeneira.gal\/index.php\/wp-json\/wp\/v2\/media\/7787"}],"wp:attachment":[{"href":"https:\/\/www.anovapeneira.gal\/index.php\/wp-json\/wp\/v2\/media?parent=7786"}],"wp:term":[{"taxonomy":"category","embeddable":true,"href":"https:\/\/www.anovapeneira.gal\/index.php\/wp-json\/wp\/v2\/categories?post=7786"},{"taxonomy":"post_tag","embeddable":true,"href":"https:\/\/www.anovapeneira.gal\/index.php\/wp-json\/wp\/v2\/tags?post=7786"}],"curies":[{"name":"wp","href":"https:\/\/api.w.org\/{rel}","templated":true}]}}